{"id":57572,"date":"2022-05-13T11:26:44","date_gmt":"2022-05-13T09:26:44","guid":{"rendered":"https:\/\/conversesacatalunya.cat\/la-transicio-ecologica-castigara-les-families-amb-fills-i-els-economicament-mes-febles\/"},"modified":"2022-05-13T11:33:30","modified_gmt":"2022-05-13T09:33:30","slug":"la-transicion-ecologica-castigara-a-las-familias-con-hijos-ya-los-economicamente-mas-debiles","status":"publish","type":"post","link":"https:\/\/conversesacatalunya.cat\/es\/la-transicion-ecologica-castigara-a-las-familias-con-hijos-ya-los-economicamente-mas-debiles\/","title":{"rendered":"La transici\u00f3n ecol\u00f3gica castigar\u00e1 a las familias con hijos y a los econ\u00f3micamente m\u00e1s d\u00e9biles"},"content":{"rendered":"<p><span>El Banco de Espa\u00f1a ha hecho p\u00fablico un estudio de obligada lectura, <\/span><em><a href=\"https:\/\/www.bde.es\/f\/webbde\/SES\/Secciones\/Publicaciones\/PublicacionesAnuales\/InformesAnuales\/21\/Fich\/InfAnual_2021_Cap4.pdf\" target=\"_blank\" rel=\"noopener\"><span>La econom\u00eda espa\u00f1ola ante el reto clim\u00e1tico<\/span><\/a><\/em><span>, que ofrece una panor\u00e1mica muy concreta de las repercusiones que este fen\u00f3meno decisivo tendr\u00e1 sobre la econom\u00eda y la vida de las personas.\u00a0Coincide pr\u00e1cticamente en el tiempo con el informe que ha presentado la AIReF sobre el Programa de Estabilidad que el gobierno ha presentado en la Comisi\u00f3n Europea.<\/span><\/p>\n<p><span>Se trata de un documento\u00a0<\/span><strong><span>muy cr\u00edtico con las previsiones que hace el gobierno S\u00e1nchez<\/span><\/strong><span>. Pero m\u00e1s all\u00e1 de este hecho lo que vale la pena se\u00f1alar es que son instancias como el Banco de Espa\u00f1a y el AIReF, es decir, independientes de la pol\u00edtica, las que est\u00e1n ofreciendo a la sociedad informaci\u00f3n sobre nuestro presente y nuestro futuro, de modo que podamos forjarnos criterios bien fundamentados. Estamos viviendo una profunda\u00a0<\/span><strong><span>perversi\u00f3n de la pol\u00edtica,<\/span><\/strong><span> donde mientras estas instancias independientes ponen en conocimiento de la sociedad lo que el gobierno deber\u00eda hacer, este se dedica solo a hacer lo que cree que le da votos, con independencia de que corresponda o no a las urgencias o necesidades reales.<\/span><\/p>\n<p><span>Pero, vayamos a lo que plantea el\u00a0<\/span><strong><span>informe del Banco de Espa\u00f1a<\/span><\/strong><span>.\u00a0Nos ofrece una visi\u00f3n del impacto que tendr\u00e1 el cambio clim\u00e1tico y sus consecuencias sobre el territorio en funci\u00f3n de si el aumento de temperatura que se producir\u00e1 en relaci\u00f3n con las medias del per\u00edodo 1981-2010 es de 1&#8217;5\u00b0C , 2\u00baC o 3\u00baC. En los dos \u00faltimos casos es evidente que Rusia y los pa\u00edses n\u00f3rdicos registrar\u00edan un cambio radical de sus condiciones ambientales, porque ser\u00eda el territorio donde la temperatura registrar\u00eda un mayor aumento.\u00a0Este hecho puede tener para ellos consecuencias positivas, pero tambi\u00e9n puede acentuar el problema si se\u00a0<\/span><strong><span>descongela el permafrost siberiano<\/span><\/strong><span> que liberar\u00eda grandes cantidades de metano a la atm\u00f3sfera y acelerar\u00eda el cambio clim\u00e1tico.<\/span><\/p>\n<p><span>En cuanto a la\u00a0<\/span><strong><span>pen\u00ednsula<\/span><\/strong><span>, los impactos m\u00e1s importantes se producir\u00edan en el centro, sur y Pirineo en cuanto a las temperaturas.\u00a0Tambi\u00e9n es muy remarcable la evoluci\u00f3n de las precipitaciones, que mientras que aumentar\u00edan sustancialmente en Europa, caer\u00edan y mucho en la pen\u00ednsula sobre todo desde el centro hacia el sur, lo que crear\u00eda un serio problema y con consecuencias sobre los d\u00edas con escasez de agua.<\/span><\/p>\n<p><span>En este contexto\u00a0<\/span><strong><span>Catalu\u00f1a se ver\u00eda b\u00e1sicamente afectada por la sequ\u00eda<\/span><\/strong><span>, excepto el valle del Ebro que seguir\u00eda disponiendo de recursos sin especiales problemas.<\/span><\/p>\n<p><span>Por tanto,\u00a0<\/span><strong><span>primera conclusi\u00f3n<\/span><\/strong><span>: necesitamos una gesti\u00f3n y unas infraestructuras que prevean la escasez de recursos h\u00eddricos, el aumento de la evapotranspiraci\u00f3n en el campo y la acentuaci\u00f3n de la burbuja de calor en las ciudades. El impacto variar\u00e1 mucho seg\u00fan los\u00a0<\/span><strong><span>sectores<\/span><\/strong><span>.\u00a0Los m\u00e1s afectados ser\u00e1n, en primer lugar, el transporte, seguido de la agricultura, manufacturas y hosteler\u00eda, es decir, b\u00e1sicamente el turismo.\u00a0Los dem\u00e1s tambi\u00e9n registrar\u00edan cambios significativos, pero en menor medida.\u00a0Por lo general cuanto m\u00e1s peque\u00f1a sea la empresa, m\u00e1s impacto negativo registrar\u00e1, si bien esta caracter\u00edstica debe cruzarse con la relacionada con el sector.<\/span><\/p>\n<p><span>En este momento\u00a0<\/span><strong><span>no existen pol\u00edticas adecuadas<\/span><\/strong><span>\u00a0ni desde el gobierno espa\u00f1ol ni desde la Generalitat que contemplen e intenten atenuar ese impacto.<\/span><\/p>\n<p><span>Como puede constatarse, el efecto de la transici\u00f3n ecol\u00f3gica es asim\u00e9trico y esta caracter\u00edstica se da tambi\u00e9n en los diferentes grupos sociales.\u00a0<span class=\"goog-text-highlight\">Seg\u00fan el estudio\u00a0<\/span><\/span><em><span><span class=\"goog-text-highlight\">\u201cexisten claros indicios de que los diferentes tipos de hogares puedan verse afectados de forma muy distinta por el proceso de transici\u00f3n ecol\u00f3gica\u2026 el previsible incremento en los precios de los bienes y servicios m\u00e1s contaminantes\u2026 probablemente incidir\u00e1 de forma m\u00e1s acusada sobre los hogares con menos nivel de renta y aqu\u00e9llas en las que el cabeza de familia tenga entre 35 y 45 a\u00f1os, los que residen en zonas rurales, los que tienen un menor nivel educativo o los que presentan un mayor n\u00famero de miembros\u201d<\/span><\/span><\/em><span>.\u00a0Por tanto, las familias de bajo nivel de renta, si, adem\u00e1s, viven en zonas rurales, tendr\u00e1n un impacto negativo mucho mayor.\u00a0El problema se acent\u00faa porque en el caso de Espa\u00f1a no existe ni pol\u00edtica familiar ni pol\u00edticas de desarrollo rural dignas de ese nombre por parte del estado.<\/span><\/p>\n<div id=\"polls-151\" class=\"wp-polls\">\n\t<form id=\"polls_form_151\" class=\"wp-polls-form\" action=\"\/index.php\" method=\"post\">\n\t\t<p style=\"display: none;\"><input type=\"hidden\" id=\"poll_151_nonce\" name=\"wp-polls-nonce\" value=\"3305ab85c0\" \/><\/p>\n\t\t<p style=\"display: none;\"><input type=\"hidden\" name=\"poll_id\" value=\"151\" \/><\/p>\n\t\t<p style=\"text-align: center\"><strong>Aguantar\u00e0 el govern de S\u00e1nchez fins al final del seu mandat?<\/strong><\/p><div id=\"polls-151-ans\" class=\"wp-polls-ans\"><ul class=\"wp-polls-ul\">\n\t\t<li><input type=\"radio\" id=\"poll-answer-392\" name=\"poll_151\" value=\"392\" \/> <label for=\"poll-answer-392\">S\u00ed<\/label><\/li>\n\t\t<li><input type=\"radio\" id=\"poll-answer-393\" name=\"poll_151\" value=\"393\" \/> <label for=\"poll-answer-393\">No<\/label><\/li>\n\t\t<li><input type=\"radio\" id=\"poll-answer-394\" name=\"poll_151\" value=\"394\" \/> <label for=\"poll-answer-394\">No ho s\u00e9<\/label><\/li>\n\t\t<\/ul><p style=\"text-align: center\"><input type=\"button\" name=\"vote\" value=\"   Vota   \" class=\"Buttons\" onclick=\"poll_vote(151);\" \/><\/p><p style=\"text-align: center\"><a href=\"#ViewPollResults\" onclick=\"poll_result(151); return false;\" title=\"View Results Of This Poll\">Mira els resultats<\/a><\/p><\/div>\n\t<\/form>\n<\/div>\n<div id=\"polls-151-loading\" class=\"wp-polls-loading\"><img decoding=\"async\" data-src=\"https:\/\/conversesacatalunya.cat\/wp-content\/plugins\/wp-polls\/images\/loading.gif\" width=\"16\" height=\"16\" alt=\"Cargando ...\" title=\"Cargando ...\" class=\"wp-polls-image lazyload\" src=\"data:image\/svg+xml;base64,PHN2ZyB3aWR0aD0iMSIgaGVpZ2h0PSIxIiB4bWxucz0iaHR0cDovL3d3dy53My5vcmcvMjAwMC9zdmciPjwvc3ZnPg==\" style=\"--smush-placeholder-width: 16px; --smush-placeholder-aspect-ratio: 16\/16;\" \/>&nbsp;Cargando ...<\/div>\n\n<p>&nbsp;<\/p>\n","protected":false},"excerpt":{"rendered":"<p>El Banco de Espa\u00f1a ha hecho p\u00fablico un estudio de obligada lectura, La econom\u00eda espa\u00f1ola ante el reto clim\u00e1tico, que ofrece una panor\u00e1mica muy concreta de las repercusiones que este fen\u00f3meno decisivo tendr\u00e1 sobre la econom\u00eda y la vida de las personas.\u00a0Coincide pr\u00e1cticamente en el tiempo con el informe que ha presentado la AIReF sobre el Programa de Estabilidad que el gobierno ha presentado en la Comisi\u00f3n Europea. Se trata de un documento\u00a0muy cr\u00edtico con las previsiones que hace el gobierno S\u00e1nchez. Pero m\u00e1s all\u00e1 de este hecho lo que vale la pena se\u00f1alar es que son instancias como el Banco de Espa\u00f1a y el AIReF, es decir, independientes de la pol\u00edtica, las que est\u00e1n ofreciendo a la sociedad informaci\u00f3n sobre nuestro presente y nuestro futuro, de modo que podamos forjarnos criterios bien fundamentados. Estamos viviendo una profunda\u00a0perversi\u00f3n de la pol\u00edtica, donde mientras estas instancias independientes ponen en conocimiento de la sociedad lo que el gobierno deber\u00eda hacer, este se dedica solo a hacer lo que cree que le da votos, con independencia de que corresponda o no a las urgencias o necesidades reales. Pero, vayamos a lo que plantea el\u00a0informe del Banco de Espa\u00f1a.\u00a0Nos ofrece una visi\u00f3n del impacto que tendr\u00e1 el cambio clim\u00e1tico y sus consecuencias sobre el territorio en funci\u00f3n de si el aumento de temperatura que se producir\u00e1 en relaci\u00f3n con las medias del per\u00edodo 1981-2010 es de 1&#8217;5\u00b0C , 2\u00baC o 3\u00baC. En los dos \u00faltimos casos es evidente que Rusia y los pa\u00edses n\u00f3rdicos registrar\u00edan un cambio radical de sus condiciones ambientales, porque ser\u00eda el territorio donde la temperatura registrar\u00eda un mayor aumento.\u00a0Este hecho puede tener para ellos consecuencias positivas, pero tambi\u00e9n puede acentuar el problema si se\u00a0descongela el permafrost siberiano que liberar\u00eda grandes cantidades de metano a la atm\u00f3sfera y acelerar\u00eda el cambio clim\u00e1tico. En cuanto a la\u00a0pen\u00ednsula, los impactos m\u00e1s importantes se producir\u00edan en el centro, sur y Pirineo en cuanto a las temperaturas.\u00a0Tambi\u00e9n es muy remarcable la evoluci\u00f3n de las precipitaciones, que mientras que aumentar\u00edan sustancialmente en Europa, caer\u00edan y mucho en la pen\u00ednsula sobre todo desde el centro hacia el sur, lo que crear\u00eda un serio problema y con consecuencias sobre los d\u00edas con escasez de agua. En este contexto\u00a0Catalu\u00f1a se ver\u00eda b\u00e1sicamente afectada por la sequ\u00eda, excepto el valle del Ebro que seguir\u00eda disponiendo de recursos sin especiales problemas. Por tanto,\u00a0primera conclusi\u00f3n: necesitamos una gesti\u00f3n y unas infraestructuras que prevean la escasez de recursos h\u00eddricos, el aumento de la evapotranspiraci\u00f3n en el campo y la acentuaci\u00f3n de la burbuja de calor en las ciudades. El impacto variar\u00e1 mucho seg\u00fan los\u00a0sectores.\u00a0Los m\u00e1s afectados ser\u00e1n, en primer lugar, el transporte, seguido de la agricultura, manufacturas y hosteler\u00eda, es decir, b\u00e1sicamente el turismo.\u00a0Los dem\u00e1s tambi\u00e9n registrar\u00edan cambios significativos, pero en menor medida.\u00a0Por lo general cuanto m\u00e1s peque\u00f1a sea la empresa, m\u00e1s impacto negativo registrar\u00e1, si bien esta caracter\u00edstica debe cruzarse con la relacionada con el sector. En este momento\u00a0no existen pol\u00edticas adecuadas\u00a0ni desde el gobierno espa\u00f1ol ni desde la Generalitat que contemplen e intenten atenuar ese impacto. Como puede constatarse, el efecto de la transici\u00f3n ecol\u00f3gica es asim\u00e9trico y esta caracter\u00edstica se da tambi\u00e9n en los diferentes grupos sociales.\u00a0Seg\u00fan el estudio\u00a0\u201cexisten claros indicios de que los diferentes tipos de hogares puedan verse afectados de forma muy distinta por el proceso de transici\u00f3n ecol\u00f3gica\u2026 el previsible incremento en los precios de los bienes y servicios m\u00e1s contaminantes\u2026 probablemente incidir\u00e1 de forma m\u00e1s acusada sobre los hogares con menos nivel de renta y aqu\u00e9llas en las que el cabeza de familia tenga entre 35 y 45 a\u00f1os, los que residen en zonas rurales, los que tienen un menor nivel educativo o los que presentan un mayor n\u00famero de miembros\u201d.\u00a0Por tanto, las familias de bajo nivel de renta, si, adem\u00e1s, viven en zonas rurales, tendr\u00e1n un impacto negativo mucho mayor.\u00a0El problema se acent\u00faa porque en el caso de Espa\u00f1a no existe ni pol\u00edtica familiar ni pol\u00edticas de desarrollo rural dignas de ese nombre por parte del estado. &nbsp;<\/p>\n","protected":false},"author":2,"featured_media":57569,"comment_status":"open","ping_status":"open","sticky":false,"template":"","format":"standard","meta":{"_FSMCFIC_featured_image_caption":"","_FSMCFIC_featured_image_nocaption":"","_FSMCFIC_featured_image_hide":"","footnotes":""},"categories":[806],"tags":[1267,1009],"class_list":["post-57572","post","type-post","status-publish","format-standard","has-post-thumbnail","hentry","category-punts-claus-del-dia-es","tag-cambio-climatico","tag-canvi-climatic-es"],"yoast_head":"<!-- This site is optimized with the Yoast SEO plugin v26.8 - https:\/\/yoast.com\/product\/yoast-seo-wordpress\/ -->\n<title>La transici\u00f3n ecol\u00f3gica castigar\u00e1 a las familias con hijos y a los econ\u00f3micamente m\u00e1s d\u00e9biles - Converses a Catalunya<\/title>\n<meta name=\"robots\" content=\"index, follow, max-snippet:-1, max-image-preview:large, max-video-preview:-1\" \/>\n<link rel=\"canonical\" href=\"https:\/\/conversesacatalunya.cat\/es\/la-transicion-ecologica-castigara-a-las-familias-con-hijos-ya-los-economicamente-mas-debiles\/\" \/>\n<meta property=\"og:locale\" content=\"es_ES\" \/>\n<meta property=\"og:type\" content=\"article\" \/>\n<meta property=\"og:title\" content=\"La transici\u00f3n ecol\u00f3gica castigar\u00e1 a las familias con hijos y a los econ\u00f3micamente m\u00e1s d\u00e9biles - Converses a Catalunya\" \/>\n<meta property=\"og:description\" content=\"El Banco de Espa\u00f1a ha hecho p\u00fablico un estudio de obligada lectura, La econom\u00eda espa\u00f1ola ante el reto clim\u00e1tico, que ofrece una panor\u00e1mica muy concreta de las repercusiones que este fen\u00f3meno decisivo tendr\u00e1 sobre la econom\u00eda y la vida de las personas.\u00a0Coincide pr\u00e1cticamente en el tiempo con el informe que ha presentado la AIReF sobre el Programa de Estabilidad que el gobierno ha presentado en la Comisi\u00f3n Europea. Se trata de un documento\u00a0muy cr\u00edtico con las previsiones que hace el gobierno S\u00e1nchez. Pero m\u00e1s all\u00e1 de este hecho lo que vale la pena se\u00f1alar es que son instancias como el Banco de Espa\u00f1a y el AIReF, es decir, independientes de la pol\u00edtica, las que est\u00e1n ofreciendo a la sociedad informaci\u00f3n sobre nuestro presente y nuestro futuro, de modo que podamos forjarnos criterios bien fundamentados. Estamos viviendo una profunda\u00a0perversi\u00f3n de la pol\u00edtica, donde mientras estas instancias independientes ponen en conocimiento de la sociedad lo que el gobierno deber\u00eda hacer, este se dedica solo a hacer lo que cree que le da votos, con independencia de que corresponda o no a las urgencias o necesidades reales. Pero, vayamos a lo que plantea el\u00a0informe del Banco de Espa\u00f1a.\u00a0Nos ofrece una visi\u00f3n del impacto que tendr\u00e1 el cambio clim\u00e1tico y sus consecuencias sobre el territorio en funci\u00f3n de si el aumento de temperatura que se producir\u00e1 en relaci\u00f3n con las medias del per\u00edodo 1981-2010 es de 1&#8217;5\u00b0C , 2\u00baC o 3\u00baC. En los dos \u00faltimos casos es evidente que Rusia y los pa\u00edses n\u00f3rdicos registrar\u00edan un cambio radical de sus condiciones ambientales, porque ser\u00eda el territorio donde la temperatura registrar\u00eda un mayor aumento.\u00a0Este hecho puede tener para ellos consecuencias positivas, pero tambi\u00e9n puede acentuar el problema si se\u00a0descongela el permafrost siberiano que liberar\u00eda grandes cantidades de metano a la atm\u00f3sfera y acelerar\u00eda el cambio clim\u00e1tico. En cuanto a la\u00a0pen\u00ednsula, los impactos m\u00e1s importantes se producir\u00edan en el centro, sur y Pirineo en cuanto a las temperaturas.\u00a0Tambi\u00e9n es muy remarcable la evoluci\u00f3n de las precipitaciones, que mientras que aumentar\u00edan sustancialmente en Europa, caer\u00edan y mucho en la pen\u00ednsula sobre todo desde el centro hacia el sur, lo que crear\u00eda un serio problema y con consecuencias sobre los d\u00edas con escasez de agua. En este contexto\u00a0Catalu\u00f1a se ver\u00eda b\u00e1sicamente afectada por la sequ\u00eda, excepto el valle del Ebro que seguir\u00eda disponiendo de recursos sin especiales problemas. Por tanto,\u00a0primera conclusi\u00f3n: necesitamos una gesti\u00f3n y unas infraestructuras que prevean la escasez de recursos h\u00eddricos, el aumento de la evapotranspiraci\u00f3n en el campo y la acentuaci\u00f3n de la burbuja de calor en las ciudades. El impacto variar\u00e1 mucho seg\u00fan los\u00a0sectores.\u00a0Los m\u00e1s afectados ser\u00e1n, en primer lugar, el transporte, seguido de la agricultura, manufacturas y hosteler\u00eda, es decir, b\u00e1sicamente el turismo.\u00a0Los dem\u00e1s tambi\u00e9n registrar\u00edan cambios significativos, pero en menor medida.\u00a0Por lo general cuanto m\u00e1s peque\u00f1a sea la empresa, m\u00e1s impacto negativo registrar\u00e1, si bien esta caracter\u00edstica debe cruzarse con la relacionada con el sector. En este momento\u00a0no existen pol\u00edticas adecuadas\u00a0ni desde el gobierno espa\u00f1ol ni desde la Generalitat que contemplen e intenten atenuar ese impacto. Como puede constatarse, el efecto de la transici\u00f3n ecol\u00f3gica es asim\u00e9trico y esta caracter\u00edstica se da tambi\u00e9n en los diferentes grupos sociales.\u00a0Seg\u00fan el estudio\u00a0\u201cexisten claros indicios de que los diferentes tipos de hogares puedan verse afectados de forma muy distinta por el proceso de transici\u00f3n ecol\u00f3gica\u2026 el previsible incremento en los precios de los bienes y servicios m\u00e1s contaminantes\u2026 probablemente incidir\u00e1 de forma m\u00e1s acusada sobre los hogares con menos nivel de renta y aqu\u00e9llas en las que el cabeza de familia tenga entre 35 y 45 a\u00f1os, los que residen en zonas rurales, los que tienen un menor nivel educativo o los que presentan un mayor n\u00famero de miembros\u201d.\u00a0Por tanto, las familias de bajo nivel de renta, si, adem\u00e1s, viven en zonas rurales, tendr\u00e1n un impacto negativo mucho mayor.\u00a0El problema se acent\u00faa porque en el caso de Espa\u00f1a no existe ni pol\u00edtica familiar ni pol\u00edticas de desarrollo rural dignas de ese nombre por parte del estado. &nbsp;\" \/>\n<meta property=\"og:url\" content=\"https:\/\/conversesacatalunya.cat\/es\/la-transicion-ecologica-castigara-a-las-familias-con-hijos-ya-los-economicamente-mas-debiles\/\" \/>\n<meta property=\"og:site_name\" content=\"Converses a Catalunya\" \/>\n<meta property=\"article:published_time\" content=\"2022-05-13T09:26:44+00:00\" \/>\n<meta property=\"article:modified_time\" content=\"2022-05-13T09:33:30+00:00\" \/>\n<meta property=\"og:image\" content=\"https:\/\/conversesacatalunya.cat\/wp-content\/uploads\/2022\/05\/transicion-ecologica-incotec-1280x720-1.jpg\" \/>\n\t<meta property=\"og:image:width\" content=\"1280\" \/>\n\t<meta property=\"og:image:height\" content=\"720\" \/>\n\t<meta property=\"og:image:type\" content=\"image\/jpeg\" \/>\n<meta name=\"author\" content=\"conversesacatalunya\" \/>\n<meta name=\"twitter:card\" content=\"summary_large_image\" \/>\n<meta name=\"twitter:label1\" content=\"Escrito por\" \/>\n\t<meta name=\"twitter:data1\" content=\"conversesacatalunya\" \/>\n\t<meta name=\"twitter:label2\" content=\"Tiempo de lectura\" \/>\n\t<meta name=\"twitter:data2\" content=\"4 minutos\" \/>\n<script type=\"application\/ld+json\" class=\"yoast-schema-graph\">{\"@context\":\"https:\/\/schema.org\",\"@graph\":[{\"@type\":\"Article\",\"@id\":\"https:\/\/conversesacatalunya.cat\/es\/la-transicion-ecologica-castigara-a-las-familias-con-hijos-ya-los-economicamente-mas-debiles\/#article\",\"isPartOf\":{\"@id\":\"https:\/\/conversesacatalunya.cat\/es\/la-transicion-ecologica-castigara-a-las-familias-con-hijos-ya-los-economicamente-mas-debiles\/\"},\"author\":{\"name\":\"conversesacatalunya\",\"@id\":\"https:\/\/conversesacatalunya.cat\/#\/schema\/person\/7e24d1e54a2785373ddcb275eae5ed99\"},\"headline\":\"La transici\u00f3n ecol\u00f3gica castigar\u00e1 a las familias con hijos y a los econ\u00f3micamente m\u00e1s d\u00e9biles\",\"datePublished\":\"2022-05-13T09:26:44+00:00\",\"dateModified\":\"2022-05-13T09:33:30+00:00\",\"mainEntityOfPage\":{\"@id\":\"https:\/\/conversesacatalunya.cat\/es\/la-transicion-ecologica-castigara-a-las-familias-con-hijos-ya-los-economicamente-mas-debiles\/\"},\"wordCount\":793,\"commentCount\":0,\"image\":{\"@id\":\"https:\/\/conversesacatalunya.cat\/es\/la-transicion-ecologica-castigara-a-las-familias-con-hijos-ya-los-economicamente-mas-debiles\/#primaryimage\"},\"thumbnailUrl\":\"https:\/\/conversesacatalunya.cat\/wp-content\/uploads\/2022\/05\/transicion-ecologica-incotec-1280x720-1.jpg\",\"keywords\":[\"cambio clim\u00e1tico\",\"canvi clim\u00e0tic\"],\"articleSection\":[\"Punts clau del dia (ES)\"],\"inLanguage\":\"es\",\"potentialAction\":[{\"@type\":\"CommentAction\",\"name\":\"Comment\",\"target\":[\"https:\/\/conversesacatalunya.cat\/es\/la-transicion-ecologica-castigara-a-las-familias-con-hijos-ya-los-economicamente-mas-debiles\/#respond\"]}]},{\"@type\":\"WebPage\",\"@id\":\"https:\/\/conversesacatalunya.cat\/es\/la-transicion-ecologica-castigara-a-las-familias-con-hijos-ya-los-economicamente-mas-debiles\/\",\"url\":\"https:\/\/conversesacatalunya.cat\/es\/la-transicion-ecologica-castigara-a-las-familias-con-hijos-ya-los-economicamente-mas-debiles\/\",\"name\":\"La transici\u00f3n ecol\u00f3gica castigar\u00e1 a las familias con hijos y a los econ\u00f3micamente m\u00e1s d\u00e9biles - Converses a Catalunya\",\"isPartOf\":{\"@id\":\"https:\/\/conversesacatalunya.cat\/#website\"},\"primaryImageOfPage\":{\"@id\":\"https:\/\/conversesacatalunya.cat\/es\/la-transicion-ecologica-castigara-a-las-familias-con-hijos-ya-los-economicamente-mas-debiles\/#primaryimage\"},\"image\":{\"@id\":\"https:\/\/conversesacatalunya.cat\/es\/la-transicion-ecologica-castigara-a-las-familias-con-hijos-ya-los-economicamente-mas-debiles\/#primaryimage\"},\"thumbnailUrl\":\"https:\/\/conversesacatalunya.cat\/wp-content\/uploads\/2022\/05\/transicion-ecologica-incotec-1280x720-1.jpg\",\"datePublished\":\"2022-05-13T09:26:44+00:00\",\"dateModified\":\"2022-05-13T09:33:30+00:00\",\"author\":{\"@id\":\"https:\/\/conversesacatalunya.cat\/#\/schema\/person\/7e24d1e54a2785373ddcb275eae5ed99\"},\"breadcrumb\":{\"@id\":\"https:\/\/conversesacatalunya.cat\/es\/la-transicion-ecologica-castigara-a-las-familias-con-hijos-ya-los-economicamente-mas-debiles\/#breadcrumb\"},\"inLanguage\":\"es\",\"potentialAction\":[{\"@type\":\"ReadAction\",\"target\":[\"https:\/\/conversesacatalunya.cat\/es\/la-transicion-ecologica-castigara-a-las-familias-con-hijos-ya-los-economicamente-mas-debiles\/\"]}]},{\"@type\":\"ImageObject\",\"inLanguage\":\"es\",\"@id\":\"https:\/\/conversesacatalunya.cat\/es\/la-transicion-ecologica-castigara-a-las-familias-con-hijos-ya-los-economicamente-mas-debiles\/#primaryimage\",\"url\":\"https:\/\/conversesacatalunya.cat\/wp-content\/uploads\/2022\/05\/transicion-ecologica-incotec-1280x720-1.jpg\",\"contentUrl\":\"https:\/\/conversesacatalunya.cat\/wp-content\/uploads\/2022\/05\/transicion-ecologica-incotec-1280x720-1.jpg\",\"width\":1280,\"height\":720},{\"@type\":\"BreadcrumbList\",\"@id\":\"https:\/\/conversesacatalunya.cat\/es\/la-transicion-ecologica-castigara-a-las-familias-con-hijos-ya-los-economicamente-mas-debiles\/#breadcrumb\",\"itemListElement\":[{\"@type\":\"ListItem\",\"position\":1,\"name\":\"Inici\",\"item\":\"https:\/\/conversesacatalunya.cat\/es\/\"},{\"@type\":\"ListItem\",\"position\":2,\"name\":\"La transici\u00f3n ecol\u00f3gica castigar\u00e1 a las familias con hijos y a los econ\u00f3micamente m\u00e1s d\u00e9biles\"}]},{\"@type\":\"WebSite\",\"@id\":\"https:\/\/conversesacatalunya.cat\/#website\",\"url\":\"https:\/\/conversesacatalunya.cat\/\",\"name\":\"Converses a Catalunya\",\"description\":\"\",\"potentialAction\":[{\"@type\":\"SearchAction\",\"target\":{\"@type\":\"EntryPoint\",\"urlTemplate\":\"https:\/\/conversesacatalunya.cat\/?s={search_term_string}\"},\"query-input\":{\"@type\":\"PropertyValueSpecification\",\"valueRequired\":true,\"valueName\":\"search_term_string\"}}],\"inLanguage\":\"es\"},{\"@type\":\"Person\",\"@id\":\"https:\/\/conversesacatalunya.cat\/#\/schema\/person\/7e24d1e54a2785373ddcb275eae5ed99\",\"name\":\"conversesacatalunya\",\"image\":{\"@type\":\"ImageObject\",\"inLanguage\":\"es\",\"@id\":\"https:\/\/conversesacatalunya.cat\/#\/schema\/person\/image\/\",\"url\":\"https:\/\/conversesacatalunya.cat\/wp-content\/litespeed\/avatar\/febdfeeec89d950f01c748045a981dd2.jpg?ver=1777314535\",\"contentUrl\":\"https:\/\/conversesacatalunya.cat\/wp-content\/litespeed\/avatar\/febdfeeec89d950f01c748045a981dd2.jpg?ver=1777314535\",\"caption\":\"conversesacatalunya\"},\"url\":\"https:\/\/conversesacatalunya.cat\/es\/author\/carme_catala\/\"}]}<\/script>\n<!-- \/ Yoast SEO plugin. -->","yoast_head_json":{"title":"La transici\u00f3n ecol\u00f3gica castigar\u00e1 a las familias con hijos y a los econ\u00f3micamente m\u00e1s d\u00e9biles - Converses a Catalunya","robots":{"index":"index","follow":"follow","max-snippet":"max-snippet:-1","max-image-preview":"max-image-preview:large","max-video-preview":"max-video-preview:-1"},"canonical":"https:\/\/conversesacatalunya.cat\/es\/la-transicion-ecologica-castigara-a-las-familias-con-hijos-ya-los-economicamente-mas-debiles\/","og_locale":"es_ES","og_type":"article","og_title":"La transici\u00f3n ecol\u00f3gica castigar\u00e1 a las familias con hijos y a los econ\u00f3micamente m\u00e1s d\u00e9biles - Converses a Catalunya","og_description":"El Banco de Espa\u00f1a ha hecho p\u00fablico un estudio de obligada lectura, La econom\u00eda espa\u00f1ola ante el reto clim\u00e1tico, que ofrece una panor\u00e1mica muy concreta de las repercusiones que este fen\u00f3meno decisivo tendr\u00e1 sobre la econom\u00eda y la vida de las personas.\u00a0Coincide pr\u00e1cticamente en el tiempo con el informe que ha presentado la AIReF sobre el Programa de Estabilidad que el gobierno ha presentado en la Comisi\u00f3n Europea. Se trata de un documento\u00a0muy cr\u00edtico con las previsiones que hace el gobierno S\u00e1nchez. Pero m\u00e1s all\u00e1 de este hecho lo que vale la pena se\u00f1alar es que son instancias como el Banco de Espa\u00f1a y el AIReF, es decir, independientes de la pol\u00edtica, las que est\u00e1n ofreciendo a la sociedad informaci\u00f3n sobre nuestro presente y nuestro futuro, de modo que podamos forjarnos criterios bien fundamentados. Estamos viviendo una profunda\u00a0perversi\u00f3n de la pol\u00edtica, donde mientras estas instancias independientes ponen en conocimiento de la sociedad lo que el gobierno deber\u00eda hacer, este se dedica solo a hacer lo que cree que le da votos, con independencia de que corresponda o no a las urgencias o necesidades reales. Pero, vayamos a lo que plantea el\u00a0informe del Banco de Espa\u00f1a.\u00a0Nos ofrece una visi\u00f3n del impacto que tendr\u00e1 el cambio clim\u00e1tico y sus consecuencias sobre el territorio en funci\u00f3n de si el aumento de temperatura que se producir\u00e1 en relaci\u00f3n con las medias del per\u00edodo 1981-2010 es de 1&#8217;5\u00b0C , 2\u00baC o 3\u00baC. En los dos \u00faltimos casos es evidente que Rusia y los pa\u00edses n\u00f3rdicos registrar\u00edan un cambio radical de sus condiciones ambientales, porque ser\u00eda el territorio donde la temperatura registrar\u00eda un mayor aumento.\u00a0Este hecho puede tener para ellos consecuencias positivas, pero tambi\u00e9n puede acentuar el problema si se\u00a0descongela el permafrost siberiano que liberar\u00eda grandes cantidades de metano a la atm\u00f3sfera y acelerar\u00eda el cambio clim\u00e1tico. En cuanto a la\u00a0pen\u00ednsula, los impactos m\u00e1s importantes se producir\u00edan en el centro, sur y Pirineo en cuanto a las temperaturas.\u00a0Tambi\u00e9n es muy remarcable la evoluci\u00f3n de las precipitaciones, que mientras que aumentar\u00edan sustancialmente en Europa, caer\u00edan y mucho en la pen\u00ednsula sobre todo desde el centro hacia el sur, lo que crear\u00eda un serio problema y con consecuencias sobre los d\u00edas con escasez de agua. En este contexto\u00a0Catalu\u00f1a se ver\u00eda b\u00e1sicamente afectada por la sequ\u00eda, excepto el valle del Ebro que seguir\u00eda disponiendo de recursos sin especiales problemas. Por tanto,\u00a0primera conclusi\u00f3n: necesitamos una gesti\u00f3n y unas infraestructuras que prevean la escasez de recursos h\u00eddricos, el aumento de la evapotranspiraci\u00f3n en el campo y la acentuaci\u00f3n de la burbuja de calor en las ciudades. El impacto variar\u00e1 mucho seg\u00fan los\u00a0sectores.\u00a0Los m\u00e1s afectados ser\u00e1n, en primer lugar, el transporte, seguido de la agricultura, manufacturas y hosteler\u00eda, es decir, b\u00e1sicamente el turismo.\u00a0Los dem\u00e1s tambi\u00e9n registrar\u00edan cambios significativos, pero en menor medida.\u00a0Por lo general cuanto m\u00e1s peque\u00f1a sea la empresa, m\u00e1s impacto negativo registrar\u00e1, si bien esta caracter\u00edstica debe cruzarse con la relacionada con el sector. En este momento\u00a0no existen pol\u00edticas adecuadas\u00a0ni desde el gobierno espa\u00f1ol ni desde la Generalitat que contemplen e intenten atenuar ese impacto. Como puede constatarse, el efecto de la transici\u00f3n ecol\u00f3gica es asim\u00e9trico y esta caracter\u00edstica se da tambi\u00e9n en los diferentes grupos sociales.\u00a0Seg\u00fan el estudio\u00a0\u201cexisten claros indicios de que los diferentes tipos de hogares puedan verse afectados de forma muy distinta por el proceso de transici\u00f3n ecol\u00f3gica\u2026 el previsible incremento en los precios de los bienes y servicios m\u00e1s contaminantes\u2026 probablemente incidir\u00e1 de forma m\u00e1s acusada sobre los hogares con menos nivel de renta y aqu\u00e9llas en las que el cabeza de familia tenga entre 35 y 45 a\u00f1os, los que residen en zonas rurales, los que tienen un menor nivel educativo o los que presentan un mayor n\u00famero de miembros\u201d.\u00a0Por tanto, las familias de bajo nivel de renta, si, adem\u00e1s, viven en zonas rurales, tendr\u00e1n un impacto negativo mucho mayor.\u00a0El problema se acent\u00faa porque en el caso de Espa\u00f1a no existe ni pol\u00edtica familiar ni pol\u00edticas de desarrollo rural dignas de ese nombre por parte del estado. &nbsp;","og_url":"https:\/\/conversesacatalunya.cat\/es\/la-transicion-ecologica-castigara-a-las-familias-con-hijos-ya-los-economicamente-mas-debiles\/","og_site_name":"Converses a Catalunya","article_published_time":"2022-05-13T09:26:44+00:00","article_modified_time":"2022-05-13T09:33:30+00:00","og_image":[{"width":1280,"height":720,"url":"https:\/\/conversesacatalunya.cat\/wp-content\/uploads\/2022\/05\/transicion-ecologica-incotec-1280x720-1.jpg","type":"image\/jpeg"}],"author":"conversesacatalunya","twitter_card":"summary_large_image","twitter_misc":{"Escrito por":"conversesacatalunya","Tiempo de lectura":"4 minutos"},"schema":{"@context":"https:\/\/schema.org","@graph":[{"@type":"Article","@id":"https:\/\/conversesacatalunya.cat\/es\/la-transicion-ecologica-castigara-a-las-familias-con-hijos-ya-los-economicamente-mas-debiles\/#article","isPartOf":{"@id":"https:\/\/conversesacatalunya.cat\/es\/la-transicion-ecologica-castigara-a-las-familias-con-hijos-ya-los-economicamente-mas-debiles\/"},"author":{"name":"conversesacatalunya","@id":"https:\/\/conversesacatalunya.cat\/#\/schema\/person\/7e24d1e54a2785373ddcb275eae5ed99"},"headline":"La transici\u00f3n ecol\u00f3gica castigar\u00e1 a las familias con hijos y a los econ\u00f3micamente m\u00e1s d\u00e9biles","datePublished":"2022-05-13T09:26:44+00:00","dateModified":"2022-05-13T09:33:30+00:00","mainEntityOfPage":{"@id":"https:\/\/conversesacatalunya.cat\/es\/la-transicion-ecologica-castigara-a-las-familias-con-hijos-ya-los-economicamente-mas-debiles\/"},"wordCount":793,"commentCount":0,"image":{"@id":"https:\/\/conversesacatalunya.cat\/es\/la-transicion-ecologica-castigara-a-las-familias-con-hijos-ya-los-economicamente-mas-debiles\/#primaryimage"},"thumbnailUrl":"https:\/\/conversesacatalunya.cat\/wp-content\/uploads\/2022\/05\/transicion-ecologica-incotec-1280x720-1.jpg","keywords":["cambio clim\u00e1tico","canvi clim\u00e0tic"],"articleSection":["Punts clau del dia (ES)"],"inLanguage":"es","potentialAction":[{"@type":"CommentAction","name":"Comment","target":["https:\/\/conversesacatalunya.cat\/es\/la-transicion-ecologica-castigara-a-las-familias-con-hijos-ya-los-economicamente-mas-debiles\/#respond"]}]},{"@type":"WebPage","@id":"https:\/\/conversesacatalunya.cat\/es\/la-transicion-ecologica-castigara-a-las-familias-con-hijos-ya-los-economicamente-mas-debiles\/","url":"https:\/\/conversesacatalunya.cat\/es\/la-transicion-ecologica-castigara-a-las-familias-con-hijos-ya-los-economicamente-mas-debiles\/","name":"La transici\u00f3n ecol\u00f3gica castigar\u00e1 a las familias con hijos y a los econ\u00f3micamente m\u00e1s d\u00e9biles - Converses a Catalunya","isPartOf":{"@id":"https:\/\/conversesacatalunya.cat\/#website"},"primaryImageOfPage":{"@id":"https:\/\/conversesacatalunya.cat\/es\/la-transicion-ecologica-castigara-a-las-familias-con-hijos-ya-los-economicamente-mas-debiles\/#primaryimage"},"image":{"@id":"https:\/\/conversesacatalunya.cat\/es\/la-transicion-ecologica-castigara-a-las-familias-con-hijos-ya-los-economicamente-mas-debiles\/#primaryimage"},"thumbnailUrl":"https:\/\/conversesacatalunya.cat\/wp-content\/uploads\/2022\/05\/transicion-ecologica-incotec-1280x720-1.jpg","datePublished":"2022-05-13T09:26:44+00:00","dateModified":"2022-05-13T09:33:30+00:00","author":{"@id":"https:\/\/conversesacatalunya.cat\/#\/schema\/person\/7e24d1e54a2785373ddcb275eae5ed99"},"breadcrumb":{"@id":"https:\/\/conversesacatalunya.cat\/es\/la-transicion-ecologica-castigara-a-las-familias-con-hijos-ya-los-economicamente-mas-debiles\/#breadcrumb"},"inLanguage":"es","potentialAction":[{"@type":"ReadAction","target":["https:\/\/conversesacatalunya.cat\/es\/la-transicion-ecologica-castigara-a-las-familias-con-hijos-ya-los-economicamente-mas-debiles\/"]}]},{"@type":"ImageObject","inLanguage":"es","@id":"https:\/\/conversesacatalunya.cat\/es\/la-transicion-ecologica-castigara-a-las-familias-con-hijos-ya-los-economicamente-mas-debiles\/#primaryimage","url":"https:\/\/conversesacatalunya.cat\/wp-content\/uploads\/2022\/05\/transicion-ecologica-incotec-1280x720-1.jpg","contentUrl":"https:\/\/conversesacatalunya.cat\/wp-content\/uploads\/2022\/05\/transicion-ecologica-incotec-1280x720-1.jpg","width":1280,"height":720},{"@type":"BreadcrumbList","@id":"https:\/\/conversesacatalunya.cat\/es\/la-transicion-ecologica-castigara-a-las-familias-con-hijos-ya-los-economicamente-mas-debiles\/#breadcrumb","itemListElement":[{"@type":"ListItem","position":1,"name":"Inici","item":"https:\/\/conversesacatalunya.cat\/es\/"},{"@type":"ListItem","position":2,"name":"La transici\u00f3n ecol\u00f3gica castigar\u00e1 a las familias con hijos y a los econ\u00f3micamente m\u00e1s d\u00e9biles"}]},{"@type":"WebSite","@id":"https:\/\/conversesacatalunya.cat\/#website","url":"https:\/\/conversesacatalunya.cat\/","name":"Converses a Catalunya","description":"","potentialAction":[{"@type":"SearchAction","target":{"@type":"EntryPoint","urlTemplate":"https:\/\/conversesacatalunya.cat\/?s={search_term_string}"},"query-input":{"@type":"PropertyValueSpecification","valueRequired":true,"valueName":"search_term_string"}}],"inLanguage":"es"},{"@type":"Person","@id":"https:\/\/conversesacatalunya.cat\/#\/schema\/person\/7e24d1e54a2785373ddcb275eae5ed99","name":"conversesacatalunya","image":{"@type":"ImageObject","inLanguage":"es","@id":"https:\/\/conversesacatalunya.cat\/#\/schema\/person\/image\/","url":"https:\/\/conversesacatalunya.cat\/wp-content\/litespeed\/avatar\/febdfeeec89d950f01c748045a981dd2.jpg?ver=1777314535","contentUrl":"https:\/\/conversesacatalunya.cat\/wp-content\/litespeed\/avatar\/febdfeeec89d950f01c748045a981dd2.jpg?ver=1777314535","caption":"conversesacatalunya"},"url":"https:\/\/conversesacatalunya.cat\/es\/author\/carme_catala\/"}]}},"wps_subtitle":"","_links":{"self":[{"href":"https:\/\/conversesacatalunya.cat\/es\/wp-json\/wp\/v2\/posts\/57572","targetHints":{"allow":["GET"]}}],"collection":[{"href":"https:\/\/conversesacatalunya.cat\/es\/wp-json\/wp\/v2\/posts"}],"about":[{"href":"https:\/\/conversesacatalunya.cat\/es\/wp-json\/wp\/v2\/types\/post"}],"author":[{"embeddable":true,"href":"https:\/\/conversesacatalunya.cat\/es\/wp-json\/wp\/v2\/users\/2"}],"replies":[{"embeddable":true,"href":"https:\/\/conversesacatalunya.cat\/es\/wp-json\/wp\/v2\/comments?post=57572"}],"version-history":[{"count":2,"href":"https:\/\/conversesacatalunya.cat\/es\/wp-json\/wp\/v2\/posts\/57572\/revisions"}],"predecessor-version":[{"id":57574,"href":"https:\/\/conversesacatalunya.cat\/es\/wp-json\/wp\/v2\/posts\/57572\/revisions\/57574"}],"wp:featuredmedia":[{"embeddable":true,"href":"https:\/\/conversesacatalunya.cat\/es\/wp-json\/wp\/v2\/media\/57569"}],"wp:attachment":[{"href":"https:\/\/conversesacatalunya.cat\/es\/wp-json\/wp\/v2\/media?parent=57572"}],"wp:term":[{"taxonomy":"category","embeddable":true,"href":"https:\/\/conversesacatalunya.cat\/es\/wp-json\/wp\/v2\/categories?post=57572"},{"taxonomy":"post_tag","embeddable":true,"href":"https:\/\/conversesacatalunya.cat\/es\/wp-json\/wp\/v2\/tags?post=57572"}],"curies":[{"name":"wp","href":"https:\/\/api.w.org\/{rel}","templated":true}]}}