{"id":57546,"date":"2022-05-12T10:22:18","date_gmt":"2022-05-12T08:22:18","guid":{"rendered":"https:\/\/conversesacatalunya.cat\/el-boc-expiatori-pederastia\/"},"modified":"2022-05-12T10:55:14","modified_gmt":"2022-05-12T08:55:14","slug":"el-chivo-expiatorio-pederastia","status":"publish","type":"post","link":"https:\/\/conversesacatalunya.cat\/es\/el-chivo-expiatorio-pederastia\/","title":{"rendered":"El chivo expiatorio"},"content":{"rendered":"<p><em>Publicado en La Vanguardia el 9-5-22<\/em><\/p>\n<p>En el 2020 se presentaron 5.685 denuncias por delitos contra la libertad sexual que ten\u00edan como v\u00edctimas a menores. El a\u00f1o anterior fueron 6.153: casi 12.000 denuncias en dos a\u00f1os.<\/p>\n<p>La fiscal del Estado orden\u00f3 a las fiscal\u00edas de las comunidades que remitieran informaci\u00f3n sobre todos los \u201cprocedimientos penales en tramitaci\u00f3n\u2026 por la supuesta comisi\u00f3n de agresiones y abusos sexuales a menores de edad en el seno de congregaciones, colegios o cualquier otra instituci\u00f3n religiosa\u201d. Resultado: solo 68 denuncias o querellas. El 0,57% del total de las presentadas en esos dos \u00faltimos a\u00f1os.<\/p>\n<p>La pregunta necesaria es por qu\u00e9 la Fiscal\u00eda limita la indagaci\u00f3n a personas vinculadas a las confesiones religiosas si su participaci\u00f3n es marginal, insignificante. \u00bfPor qu\u00e9 se olvida del 99,5% de los casos? \u00bfCu\u00e1l es la l\u00f3gica de este proceder? Son preguntas sin respuesta: ning\u00fan partido se ha interesado por tama\u00f1a anomal\u00eda.<\/p>\n<p>Peor todav\u00eda. Una mayor\u00eda del Congreso acord\u00f3 encomendar al Defensor del Pueblo un informe sobre las denuncias por abusos sexuales en el \u00e1mbito de la Iglesia cat\u00f3lica. PSOE, Unidas Podemos, ERC, PNB, Bildu, etc\u00e9tera, consideran que los poderes p\u00fablicos deben abordar el 0,5% de los casos y omitir el 99,5% restante. \u00bfNo es asombroso?<\/p>\n<p>En el Parlament, los comunes, ERC y la CUP pretend\u00edan algo semejante, pero sin externalizar la tarea, acometi\u00e9ndola directamente. Solo se opusieron Vox y PP. Con buen criterio, JxCat enmend\u00f3 el texto para extender el informe al conjunto; familiar, deportivo, escolar y de ocio, aunque, como la fobia anticat\u00f3lica de los promotores no conoce de razones, enmend\u00f3 a su vez la cuesti\u00f3n para que compareciera primero el \u00e1mbito religioso y se hicieran dos informes, el de los confesionales y el del resto, cuando lo necesario es conocer primero el conjunto de los casos.<\/p>\n<p>En realidad, ni a S\u00e1nchez, PSOE, UP ni a los seguidores de Colau, ERC y la CUP les importa lo m\u00e1s m\u00ednimo el delito de pederastia, lo que quieren es utilizar a la Iglesia y a los cat\u00f3licos como chivo expiatorio. De paso esquivan el abordaje de esta terrible violencia contra los menores. Es una arbitrariedad en el sentido penal del t\u00e9rmino, que arrastra a la instituci\u00f3n parlamentaria por el fango de las obsesiones ideol\u00f3gicas y del descr\u00e9dito ante los ciudadanos.<\/p>\n<div id=\"polls-151\" class=\"wp-polls\">\n\t<form id=\"polls_form_151\" class=\"wp-polls-form\" action=\"\/index.php\" method=\"post\">\n\t\t<p style=\"display: none;\"><input type=\"hidden\" id=\"poll_151_nonce\" name=\"wp-polls-nonce\" value=\"c340468c8f\" \/><\/p>\n\t\t<p style=\"display: none;\"><input type=\"hidden\" name=\"poll_id\" value=\"151\" \/><\/p>\n\t\t<p style=\"text-align: center\"><strong>Aguantar\u00e0 el govern de S\u00e1nchez fins al final del seu mandat?<\/strong><\/p><div id=\"polls-151-ans\" class=\"wp-polls-ans\"><ul class=\"wp-polls-ul\">\n\t\t<li><input type=\"radio\" id=\"poll-answer-392\" name=\"poll_151\" value=\"392\" \/> <label for=\"poll-answer-392\">S\u00ed<\/label><\/li>\n\t\t<li><input type=\"radio\" id=\"poll-answer-393\" name=\"poll_151\" value=\"393\" \/> <label for=\"poll-answer-393\">No<\/label><\/li>\n\t\t<li><input type=\"radio\" id=\"poll-answer-394\" name=\"poll_151\" value=\"394\" \/> <label for=\"poll-answer-394\">No ho s\u00e9<\/label><\/li>\n\t\t<\/ul><p style=\"text-align: center\"><input type=\"button\" name=\"vote\" value=\"   Vota   \" class=\"Buttons\" onclick=\"poll_vote(151);\" \/><\/p><p style=\"text-align: center\"><a href=\"#ViewPollResults\" onclick=\"poll_result(151); return false;\" title=\"View Results Of This Poll\">Mira els resultats<\/a><\/p><\/div>\n\t<\/form>\n<\/div>\n<div id=\"polls-151-loading\" class=\"wp-polls-loading\"><img decoding=\"async\" data-src=\"https:\/\/conversesacatalunya.cat\/wp-content\/plugins\/wp-polls\/images\/loading.gif\" width=\"16\" height=\"16\" alt=\"Cargando ...\" title=\"Cargando ...\" class=\"wp-polls-image lazyload\" src=\"data:image\/svg+xml;base64,PHN2ZyB3aWR0aD0iMSIgaGVpZ2h0PSIxIiB4bWxucz0iaHR0cDovL3d3dy53My5vcmcvMjAwMC9zdmciPjwvc3ZnPg==\" style=\"--smush-placeholder-width: 16px; --smush-placeholder-aspect-ratio: 16\/16;\" \/>&nbsp;Cargando ...<\/div>\n\n","protected":false},"excerpt":{"rendered":"<p>Publicado en La Vanguardia el 9-5-22 En el 2020 se presentaron 5.685 denuncias por delitos contra la libertad sexual que ten\u00edan como v\u00edctimas a menores. El a\u00f1o anterior fueron 6.153: casi 12.000 denuncias en dos a\u00f1os. La fiscal del Estado orden\u00f3 a las fiscal\u00edas de las comunidades que remitieran informaci\u00f3n sobre todos los \u201cprocedimientos penales en tramitaci\u00f3n\u2026 por la supuesta comisi\u00f3n de agresiones y abusos sexuales a menores de edad en el seno de congregaciones, colegios o cualquier otra instituci\u00f3n religiosa\u201d. Resultado: solo 68 denuncias o querellas. El 0,57% del total de las presentadas en esos dos \u00faltimos a\u00f1os. La pregunta necesaria es por qu\u00e9 la Fiscal\u00eda limita la indagaci\u00f3n a personas vinculadas a las confesiones religiosas si su participaci\u00f3n es marginal, insignificante. \u00bfPor qu\u00e9 se olvida del 99,5% de los casos? \u00bfCu\u00e1l es la l\u00f3gica de este proceder? Son preguntas sin respuesta: ning\u00fan partido se ha interesado por tama\u00f1a anomal\u00eda. Peor todav\u00eda. Una mayor\u00eda del Congreso acord\u00f3 encomendar al Defensor del Pueblo un informe sobre las denuncias por abusos sexuales en el \u00e1mbito de la Iglesia cat\u00f3lica. PSOE, Unidas Podemos, ERC, PNB, Bildu, etc\u00e9tera, consideran que los poderes p\u00fablicos deben abordar el 0,5% de los casos y omitir el 99,5% restante. \u00bfNo es asombroso? En el Parlament, los comunes, ERC y la CUP pretend\u00edan algo semejante, pero sin externalizar la tarea, acometi\u00e9ndola directamente. Solo se opusieron Vox y PP. Con buen criterio, JxCat enmend\u00f3 el texto para extender el informe al conjunto; familiar, deportivo, escolar y de ocio, aunque, como la fobia anticat\u00f3lica de los promotores no conoce de razones, enmend\u00f3 a su vez la cuesti\u00f3n para que compareciera primero el \u00e1mbito religioso y se hicieran dos informes, el de los confesionales y el del resto, cuando lo necesario es conocer primero el conjunto de los casos. En realidad, ni a S\u00e1nchez, PSOE, UP ni a los seguidores de Colau, ERC y la CUP les importa lo m\u00e1s m\u00ednimo el delito de pederastia, lo que quieren es utilizar a la Iglesia y a los cat\u00f3licos como chivo expiatorio. De paso esquivan el abordaje de esta terrible violencia contra los menores. Es una arbitrariedad en el sentido penal del t\u00e9rmino, que arrastra a la instituci\u00f3n parlamentaria por el fango de las obsesiones ideol\u00f3gicas y del descr\u00e9dito ante los ciudadanos.<\/p>\n","protected":false},"author":19,"featured_media":57543,"comment_status":"open","ping_status":"open","sticky":false,"template":"","format":"standard","meta":{"_FSMCFIC_featured_image_caption":"","_FSMCFIC_featured_image_nocaption":"","_FSMCFIC_featured_image_hide":"","footnotes":""},"categories":[796],"tags":[4464,4459],"class_list":["post-57546","post","type-post","status-publish","format-standard","has-post-thumbnail","hentry","category-el-blog-de-josep-miro-i-ardevol-es","tag-abusos-sexuales-iglesia","tag-pederastia-es"],"yoast_head":"<!-- This site is optimized with the Yoast SEO plugin v26.8 - https:\/\/yoast.com\/product\/yoast-seo-wordpress\/ -->\n<title>El chivo expiatorio - Converses a Catalunya<\/title>\n<meta name=\"description\" content=\"\u00bfPer qu\u00e9 la Fiscal\u00eda limita la indagaci\u00f3n de la pederastia a personas vinculadas a les confesiones religiosas si su participaci\u00f3n es marginal?\" \/>\n<meta name=\"robots\" content=\"index, follow, max-snippet:-1, max-image-preview:large, max-video-preview:-1\" \/>\n<link rel=\"canonical\" href=\"https:\/\/conversesacatalunya.cat\/es\/el-chivo-expiatorio-pederastia\/\" \/>\n<meta property=\"og:locale\" content=\"es_ES\" \/>\n<meta property=\"og:type\" content=\"article\" \/>\n<meta property=\"og:title\" content=\"El chivo expiatorio - Converses a Catalunya\" \/>\n<meta property=\"og:description\" content=\"\u00bfPer qu\u00e9 la Fiscal\u00eda limita la indagaci\u00f3n de la pederastia a personas vinculadas a les confesiones religiosas si su participaci\u00f3n es marginal?\" \/>\n<meta property=\"og:url\" content=\"https:\/\/conversesacatalunya.cat\/es\/el-chivo-expiatorio-pederastia\/\" \/>\n<meta property=\"og:site_name\" content=\"Converses a Catalunya\" \/>\n<meta property=\"article:published_time\" content=\"2022-05-12T08:22:18+00:00\" \/>\n<meta property=\"article:modified_time\" content=\"2022-05-12T08:55:14+00:00\" \/>\n<meta property=\"og:image\" content=\"https:\/\/conversesacatalunya.cat\/wp-content\/uploads\/2022\/05\/chivo-expiatorio.jpg\" \/>\n\t<meta property=\"og:image:width\" content=\"721\" \/>\n\t<meta property=\"og:image:height\" content=\"310\" \/>\n\t<meta property=\"og:image:type\" content=\"image\/jpeg\" \/>\n<meta name=\"author\" content=\"Josep Mir\u00f3 i Ard\u00e8vol\" \/>\n<meta name=\"twitter:card\" content=\"summary_large_image\" \/>\n<meta name=\"twitter:label1\" content=\"Escrito por\" \/>\n\t<meta name=\"twitter:data1\" content=\"Josep Mir\u00f3 i Ard\u00e8vol\" \/>\n\t<meta name=\"twitter:label2\" content=\"Tiempo de lectura\" \/>\n\t<meta name=\"twitter:data2\" content=\"3 minutos\" \/>\n<script type=\"application\/ld+json\" class=\"yoast-schema-graph\">{\"@context\":\"https:\/\/schema.org\",\"@graph\":[{\"@type\":\"Article\",\"@id\":\"https:\/\/conversesacatalunya.cat\/es\/el-chivo-expiatorio-pederastia\/#article\",\"isPartOf\":{\"@id\":\"https:\/\/conversesacatalunya.cat\/es\/el-chivo-expiatorio-pederastia\/\"},\"author\":{\"name\":\"Josep Mir\u00f3 i Ard\u00e8vol\",\"@id\":\"https:\/\/conversesacatalunya.cat\/#\/schema\/person\/a9598a6786ba7d3d1c5e0de477b79370\"},\"headline\":\"El chivo expiatorio\",\"datePublished\":\"2022-05-12T08:22:18+00:00\",\"dateModified\":\"2022-05-12T08:55:14+00:00\",\"mainEntityOfPage\":{\"@id\":\"https:\/\/conversesacatalunya.cat\/es\/el-chivo-expiatorio-pederastia\/\"},\"wordCount\":411,\"commentCount\":0,\"image\":{\"@id\":\"https:\/\/conversesacatalunya.cat\/es\/el-chivo-expiatorio-pederastia\/#primaryimage\"},\"thumbnailUrl\":\"https:\/\/conversesacatalunya.cat\/wp-content\/uploads\/2022\/05\/chivo-expiatorio.jpg\",\"keywords\":[\"Abusos sexuales Iglesia\",\"Peder\u00e0stia\"],\"articleSection\":[\"El Blog de Josep Mir\u00f3 i Ard\u00e8vol (ES)\"],\"inLanguage\":\"es\",\"potentialAction\":[{\"@type\":\"CommentAction\",\"name\":\"Comment\",\"target\":[\"https:\/\/conversesacatalunya.cat\/es\/el-chivo-expiatorio-pederastia\/#respond\"]}]},{\"@type\":\"WebPage\",\"@id\":\"https:\/\/conversesacatalunya.cat\/es\/el-chivo-expiatorio-pederastia\/\",\"url\":\"https:\/\/conversesacatalunya.cat\/es\/el-chivo-expiatorio-pederastia\/\",\"name\":\"El chivo expiatorio - Converses a Catalunya\",\"isPartOf\":{\"@id\":\"https:\/\/conversesacatalunya.cat\/#website\"},\"primaryImageOfPage\":{\"@id\":\"https:\/\/conversesacatalunya.cat\/es\/el-chivo-expiatorio-pederastia\/#primaryimage\"},\"image\":{\"@id\":\"https:\/\/conversesacatalunya.cat\/es\/el-chivo-expiatorio-pederastia\/#primaryimage\"},\"thumbnailUrl\":\"https:\/\/conversesacatalunya.cat\/wp-content\/uploads\/2022\/05\/chivo-expiatorio.jpg\",\"datePublished\":\"2022-05-12T08:22:18+00:00\",\"dateModified\":\"2022-05-12T08:55:14+00:00\",\"author\":{\"@id\":\"https:\/\/conversesacatalunya.cat\/#\/schema\/person\/a9598a6786ba7d3d1c5e0de477b79370\"},\"description\":\"\u00bfPer qu\u00e9 la Fiscal\u00eda limita la indagaci\u00f3n de la pederastia a personas vinculadas a les confesiones religiosas si su participaci\u00f3n es marginal?\",\"breadcrumb\":{\"@id\":\"https:\/\/conversesacatalunya.cat\/es\/el-chivo-expiatorio-pederastia\/#breadcrumb\"},\"inLanguage\":\"es\",\"potentialAction\":[{\"@type\":\"ReadAction\",\"target\":[\"https:\/\/conversesacatalunya.cat\/es\/el-chivo-expiatorio-pederastia\/\"]}]},{\"@type\":\"ImageObject\",\"inLanguage\":\"es\",\"@id\":\"https:\/\/conversesacatalunya.cat\/es\/el-chivo-expiatorio-pederastia\/#primaryimage\",\"url\":\"https:\/\/conversesacatalunya.cat\/wp-content\/uploads\/2022\/05\/chivo-expiatorio.jpg\",\"contentUrl\":\"https:\/\/conversesacatalunya.cat\/wp-content\/uploads\/2022\/05\/chivo-expiatorio.jpg\",\"width\":721,\"height\":310},{\"@type\":\"BreadcrumbList\",\"@id\":\"https:\/\/conversesacatalunya.cat\/es\/el-chivo-expiatorio-pederastia\/#breadcrumb\",\"itemListElement\":[{\"@type\":\"ListItem\",\"position\":1,\"name\":\"Inici\",\"item\":\"https:\/\/conversesacatalunya.cat\/es\/\"},{\"@type\":\"ListItem\",\"position\":2,\"name\":\"El chivo expiatorio\"}]},{\"@type\":\"WebSite\",\"@id\":\"https:\/\/conversesacatalunya.cat\/#website\",\"url\":\"https:\/\/conversesacatalunya.cat\/\",\"name\":\"Converses a Catalunya\",\"description\":\"\",\"potentialAction\":[{\"@type\":\"SearchAction\",\"target\":{\"@type\":\"EntryPoint\",\"urlTemplate\":\"https:\/\/conversesacatalunya.cat\/?s={search_term_string}\"},\"query-input\":{\"@type\":\"PropertyValueSpecification\",\"valueRequired\":true,\"valueName\":\"search_term_string\"}}],\"inLanguage\":\"es\"},{\"@type\":\"Person\",\"@id\":\"https:\/\/conversesacatalunya.cat\/#\/schema\/person\/a9598a6786ba7d3d1c5e0de477b79370\",\"name\":\"Josep Mir\u00f3 i Ard\u00e8vol\",\"image\":{\"@type\":\"ImageObject\",\"inLanguage\":\"es\",\"@id\":\"https:\/\/conversesacatalunya.cat\/#\/schema\/person\/image\/\",\"url\":\"https:\/\/conversesacatalunya.cat\/wp-content\/litespeed\/avatar\/c37e3dc881857483d6694cdf98fdedea.jpg?ver=1777270381\",\"contentUrl\":\"https:\/\/conversesacatalunya.cat\/wp-content\/litespeed\/avatar\/c37e3dc881857483d6694cdf98fdedea.jpg?ver=1777270381\",\"caption\":\"Josep Mir\u00f3 i Ard\u00e8vol\"},\"url\":\"https:\/\/conversesacatalunya.cat\/es\/author\/josep-miro-i-ardevol\/\"}]}<\/script>\n<!-- \/ Yoast SEO plugin. -->","yoast_head_json":{"title":"El chivo expiatorio - Converses a Catalunya","description":"\u00bfPer qu\u00e9 la Fiscal\u00eda limita la indagaci\u00f3n de la pederastia a personas vinculadas a les confesiones religiosas si su participaci\u00f3n es marginal?","robots":{"index":"index","follow":"follow","max-snippet":"max-snippet:-1","max-image-preview":"max-image-preview:large","max-video-preview":"max-video-preview:-1"},"canonical":"https:\/\/conversesacatalunya.cat\/es\/el-chivo-expiatorio-pederastia\/","og_locale":"es_ES","og_type":"article","og_title":"El chivo expiatorio - Converses a Catalunya","og_description":"\u00bfPer qu\u00e9 la Fiscal\u00eda limita la indagaci\u00f3n de la pederastia a personas vinculadas a les confesiones religiosas si su participaci\u00f3n es marginal?","og_url":"https:\/\/conversesacatalunya.cat\/es\/el-chivo-expiatorio-pederastia\/","og_site_name":"Converses a Catalunya","article_published_time":"2022-05-12T08:22:18+00:00","article_modified_time":"2022-05-12T08:55:14+00:00","og_image":[{"width":721,"height":310,"url":"https:\/\/conversesacatalunya.cat\/wp-content\/uploads\/2022\/05\/chivo-expiatorio.jpg","type":"image\/jpeg"}],"author":"Josep Mir\u00f3 i Ard\u00e8vol","twitter_card":"summary_large_image","twitter_misc":{"Escrito por":"Josep Mir\u00f3 i Ard\u00e8vol","Tiempo de lectura":"3 minutos"},"schema":{"@context":"https:\/\/schema.org","@graph":[{"@type":"Article","@id":"https:\/\/conversesacatalunya.cat\/es\/el-chivo-expiatorio-pederastia\/#article","isPartOf":{"@id":"https:\/\/conversesacatalunya.cat\/es\/el-chivo-expiatorio-pederastia\/"},"author":{"name":"Josep Mir\u00f3 i Ard\u00e8vol","@id":"https:\/\/conversesacatalunya.cat\/#\/schema\/person\/a9598a6786ba7d3d1c5e0de477b79370"},"headline":"El chivo expiatorio","datePublished":"2022-05-12T08:22:18+00:00","dateModified":"2022-05-12T08:55:14+00:00","mainEntityOfPage":{"@id":"https:\/\/conversesacatalunya.cat\/es\/el-chivo-expiatorio-pederastia\/"},"wordCount":411,"commentCount":0,"image":{"@id":"https:\/\/conversesacatalunya.cat\/es\/el-chivo-expiatorio-pederastia\/#primaryimage"},"thumbnailUrl":"https:\/\/conversesacatalunya.cat\/wp-content\/uploads\/2022\/05\/chivo-expiatorio.jpg","keywords":["Abusos sexuales Iglesia","Peder\u00e0stia"],"articleSection":["El Blog de Josep Mir\u00f3 i Ard\u00e8vol (ES)"],"inLanguage":"es","potentialAction":[{"@type":"CommentAction","name":"Comment","target":["https:\/\/conversesacatalunya.cat\/es\/el-chivo-expiatorio-pederastia\/#respond"]}]},{"@type":"WebPage","@id":"https:\/\/conversesacatalunya.cat\/es\/el-chivo-expiatorio-pederastia\/","url":"https:\/\/conversesacatalunya.cat\/es\/el-chivo-expiatorio-pederastia\/","name":"El chivo expiatorio - Converses a Catalunya","isPartOf":{"@id":"https:\/\/conversesacatalunya.cat\/#website"},"primaryImageOfPage":{"@id":"https:\/\/conversesacatalunya.cat\/es\/el-chivo-expiatorio-pederastia\/#primaryimage"},"image":{"@id":"https:\/\/conversesacatalunya.cat\/es\/el-chivo-expiatorio-pederastia\/#primaryimage"},"thumbnailUrl":"https:\/\/conversesacatalunya.cat\/wp-content\/uploads\/2022\/05\/chivo-expiatorio.jpg","datePublished":"2022-05-12T08:22:18+00:00","dateModified":"2022-05-12T08:55:14+00:00","author":{"@id":"https:\/\/conversesacatalunya.cat\/#\/schema\/person\/a9598a6786ba7d3d1c5e0de477b79370"},"description":"\u00bfPer qu\u00e9 la Fiscal\u00eda limita la indagaci\u00f3n de la pederastia a personas vinculadas a les confesiones religiosas si su participaci\u00f3n es marginal?","breadcrumb":{"@id":"https:\/\/conversesacatalunya.cat\/es\/el-chivo-expiatorio-pederastia\/#breadcrumb"},"inLanguage":"es","potentialAction":[{"@type":"ReadAction","target":["https:\/\/conversesacatalunya.cat\/es\/el-chivo-expiatorio-pederastia\/"]}]},{"@type":"ImageObject","inLanguage":"es","@id":"https:\/\/conversesacatalunya.cat\/es\/el-chivo-expiatorio-pederastia\/#primaryimage","url":"https:\/\/conversesacatalunya.cat\/wp-content\/uploads\/2022\/05\/chivo-expiatorio.jpg","contentUrl":"https:\/\/conversesacatalunya.cat\/wp-content\/uploads\/2022\/05\/chivo-expiatorio.jpg","width":721,"height":310},{"@type":"BreadcrumbList","@id":"https:\/\/conversesacatalunya.cat\/es\/el-chivo-expiatorio-pederastia\/#breadcrumb","itemListElement":[{"@type":"ListItem","position":1,"name":"Inici","item":"https:\/\/conversesacatalunya.cat\/es\/"},{"@type":"ListItem","position":2,"name":"El chivo expiatorio"}]},{"@type":"WebSite","@id":"https:\/\/conversesacatalunya.cat\/#website","url":"https:\/\/conversesacatalunya.cat\/","name":"Converses a Catalunya","description":"","potentialAction":[{"@type":"SearchAction","target":{"@type":"EntryPoint","urlTemplate":"https:\/\/conversesacatalunya.cat\/?s={search_term_string}"},"query-input":{"@type":"PropertyValueSpecification","valueRequired":true,"valueName":"search_term_string"}}],"inLanguage":"es"},{"@type":"Person","@id":"https:\/\/conversesacatalunya.cat\/#\/schema\/person\/a9598a6786ba7d3d1c5e0de477b79370","name":"Josep Mir\u00f3 i Ard\u00e8vol","image":{"@type":"ImageObject","inLanguage":"es","@id":"https:\/\/conversesacatalunya.cat\/#\/schema\/person\/image\/","url":"https:\/\/conversesacatalunya.cat\/wp-content\/litespeed\/avatar\/c37e3dc881857483d6694cdf98fdedea.jpg?ver=1777270381","contentUrl":"https:\/\/conversesacatalunya.cat\/wp-content\/litespeed\/avatar\/c37e3dc881857483d6694cdf98fdedea.jpg?ver=1777270381","caption":"Josep Mir\u00f3 i Ard\u00e8vol"},"url":"https:\/\/conversesacatalunya.cat\/es\/author\/josep-miro-i-ardevol\/"}]}},"wps_subtitle":"\u00bfPer qu\u00e9 la Fiscal\u00eda limita la indagaci\u00f3n de la pederastia a personas vinculadas a les confesiones religiosas si su participaci\u00f3n es marginal?","_links":{"self":[{"href":"https:\/\/conversesacatalunya.cat\/es\/wp-json\/wp\/v2\/posts\/57546","targetHints":{"allow":["GET"]}}],"collection":[{"href":"https:\/\/conversesacatalunya.cat\/es\/wp-json\/wp\/v2\/posts"}],"about":[{"href":"https:\/\/conversesacatalunya.cat\/es\/wp-json\/wp\/v2\/types\/post"}],"author":[{"embeddable":true,"href":"https:\/\/conversesacatalunya.cat\/es\/wp-json\/wp\/v2\/users\/19"}],"replies":[{"embeddable":true,"href":"https:\/\/conversesacatalunya.cat\/es\/wp-json\/wp\/v2\/comments?post=57546"}],"version-history":[{"count":2,"href":"https:\/\/conversesacatalunya.cat\/es\/wp-json\/wp\/v2\/posts\/57546\/revisions"}],"predecessor-version":[{"id":57548,"href":"https:\/\/conversesacatalunya.cat\/es\/wp-json\/wp\/v2\/posts\/57546\/revisions\/57548"}],"wp:featuredmedia":[{"embeddable":true,"href":"https:\/\/conversesacatalunya.cat\/es\/wp-json\/wp\/v2\/media\/57543"}],"wp:attachment":[{"href":"https:\/\/conversesacatalunya.cat\/es\/wp-json\/wp\/v2\/media?parent=57546"}],"wp:term":[{"taxonomy":"category","embeddable":true,"href":"https:\/\/conversesacatalunya.cat\/es\/wp-json\/wp\/v2\/categories?post=57546"},{"taxonomy":"post_tag","embeddable":true,"href":"https:\/\/conversesacatalunya.cat\/es\/wp-json\/wp\/v2\/tags?post=57546"}],"curies":[{"name":"wp","href":"https:\/\/api.w.org\/{rel}","templated":true}]}}