{"id":57483,"date":"2022-05-10T12:43:04","date_gmt":"2022-05-10T10:43:04","guid":{"rendered":"https:\/\/conversesacatalunya.cat\/unio-europea-ens-estan-duent-a-una-economia-de-guerra\/"},"modified":"2022-05-10T15:27:43","modified_gmt":"2022-05-10T13:27:43","slug":"union-europea-nos-estan-llevando-a-una-economia-de-guerra","status":"publish","type":"post","link":"https:\/\/conversesacatalunya.cat\/es\/union-europea-nos-estan-llevando-a-una-economia-de-guerra\/","title":{"rendered":"Uni\u00f3n Europea. Nos est\u00e1n llevando a una econom\u00eda de guerra"},"content":{"rendered":"<p><span>La presidenta de la Comisi\u00f3n, Ursula von der Leyen, que estuvo por primera vez en Barcelona con motivo de las jornadas del C\u00edrculo de Econom\u00eda, es la principal responsable pol\u00edtica de la din\u00e1mica que est\u00e1 conduciendo a Europa a una\u00a0<\/span><strong><span>econom\u00eda de guerra<\/span><\/strong><span>.<\/span><\/p>\n<p><span>Todo empez\u00f3 con la l\u00f3gica ayuda humanitaria a Ucrania, prosigui\u00f3 con la moralmente obligada asistencia al gran flujo de refugiados, dio un paso m\u00e1s alimentando el armamento, sobre todo defensivo y ligero, al ej\u00e9rcito ucraniano y ha dado un salto de gigante entregando cada vez con mayor abundancia material pesado y ofensivo.<\/span><\/p>\n<p><span><span class=\"\">El resultado de todo es una din\u00e1mica que no tiene fin visible y que va engrosando la bola de nieve, y el problema es que podemos quedar sepultados por ella.\u00a0<\/span>Ya no se trata de una hipot\u00e9tica\u00a0<\/span><strong><span>reacci\u00f3n militar rusa<\/span><\/strong><span>, sino de que se produzca un corte de <\/span><strong><span>suministro energ\u00e9tico<\/span><\/strong><span>\u00a0que alimenta a Europa, lo que conllevar\u00eda un destrozo econ\u00f3mico de primer nivel.<\/span><\/p>\n<p><span><span class=\"\">Cabe decir que no es necesario llegar a este extremo para que los da\u00f1os econ\u00f3micos sean visibles, porque la presi\u00f3n para reducir la dependencia, sobre todo en petr\u00f3leo, pero tambi\u00e9n de gas, de Mosc\u00fa, tiene consecuencias acumulativas sobre la econom\u00eda, sobre todo en centro Europa y en primer t\u00e9rmino sobre Alemania. <\/span>Cabe se\u00f1alar que este pa\u00eds depende, en cuanto a sus necesidades gas\u00edsticas, de un 54% del gas ruso y al mismo tiempo hay que considerar que el gas en su conjunto representa el 27% de las necesidades energ\u00e9ticas alemanas, es decir, una cuarta parte de ellas est\u00e1n en manos de la energ\u00eda rusa.<\/span><\/p>\n<p><span>Austria depende del gas ruso en un 80%, Hungr\u00eda en un 78%, pero es que adem\u00e1s una tercera parte de la energ\u00eda total tiene ese origen.\u00a0El gas de Mosc\u00fa significa el 86% de los recursos gas\u00edsticos de Eslovaquia y el 53,5% de la rep\u00fablica Checa.\u00a0Estos hechos explican el porqu\u00e9 Hungr\u00eda, Chequia y Eslovaquia han impedido el acuerdo de la Comisi\u00f3n para restringir la importaci\u00f3n de energ\u00eda de Rusia en forma de petr\u00f3leo y gas.\u00a0Italia por su parte tambi\u00e9n depende de una forma importante, un 33%.\u00a0Polonia y Bulgaria han visto cortar ya su suministro procedente de Rusia al negarse a efectuar los pagos en rublos como exig\u00eda Putin.\u00a0A pesar de su alta dependencia del gas ruso, pueden superar con relativa facilidad el problema por ser pa\u00edses poco gasificados, por lo que este recurso s\u00f3lo representa entre el 12 y el 13% del total de su falta de energ\u00eda.<\/span><\/p>\n<p><span><span class=\"goog-text-highlight\">Europa ya prepara una serie de medidas para\u00a0<\/span><\/span><strong><span><span class=\"goog-text-highlight\">reducir el consumo energ\u00e9tico<\/span><\/span><\/strong><span><span class=\"goog-text-highlight\">, que son las que caracterizar\u00edan la econom\u00eda de guerra, pensando s\u00f3lo en la supresi\u00f3n del petr\u00f3leo, es decir, sin entrar en juego el problema que se redujera o se cerrara el aprovisionamiento de gas.<\/span><\/span><\/p>\n<p><span>Las\u00a0<\/span><strong><span>medidas que contempla la Comisi\u00f3n<\/span><\/strong><span>\u00a0son el teletrabajo hasta 3 d\u00edas a la semana, reducir los l\u00edmites de velocidad en las autopistas, establecer el domingo sin coches en las ciudades, promover la conducci\u00f3n eficiente de los camiones, que nadie sabe bien lo que significa en las circunstancias actuales, reducir los vuelos de negocios, incentivar el transporte p\u00fablico, la bicicleta y andar, fomentar el veh\u00edculo el\u00e9ctrico, etc.<\/span><\/p>\n<p><span>Muchas de estas medidas son\u00a0<\/span><strong><span>ut\u00f3picas<\/span><\/strong><span>\u00a0porque carecen de repercusi\u00f3n a corto plazo.\u00a0Es m\u00e1s, son de dif\u00edcil implementaci\u00f3n en una sociedad carente de consumir y viajar, como se constata esta primavera. A pesar de la guerra de Ucrania, el turismo ha estallado con fuerza, por lo que al mismo tiempo que se pide moderaci\u00f3n en el consumo energ\u00e9tico, las aerol\u00edneas reavivan con una demanda explosiva que deja desbordados a los aeropuertos europeos y que tiene como consecuencia un aumento exponencial del consumo de energ\u00eda.<\/span><\/p>\n<p><span>No est\u00e1 claro que Ursula von der Leyen, la Comisi\u00f3n y los bur\u00f3cratas est\u00e9n articulando bien ese complejo formado para la ayuda armament\u00edstica en Ucrania, la prolongaci\u00f3n indefinida de la guerra, el abandono de la energ\u00eda procedente de la Uni\u00f3n Sovi\u00e9tica, la necesaria transici\u00f3n energ\u00e9tica que se hab\u00eda empezado, las expectativas de una sociedad que quiere dejar atr\u00e1s las restricciones de la covid y la necesidad de superar la inflaci\u00f3n y el riesgo de una par\u00e1lisis econ\u00f3mica. Todo es muy complicado y es evidente que sin un paro y una profunda reflexi\u00f3n podemos acabar con un escenario muy desafortunado para la UE.\u00a0En cualquier caso, parece evidente que la prolongaci\u00f3n de la guerra en Ucrania es como dispararse a ambos pies de la UE.<\/span><\/p>\n<div id=\"polls-151\" class=\"wp-polls\">\n\t<form id=\"polls_form_151\" class=\"wp-polls-form\" action=\"\/index.php\" method=\"post\">\n\t\t<p style=\"display: none;\"><input type=\"hidden\" id=\"poll_151_nonce\" name=\"wp-polls-nonce\" value=\"3305ab85c0\" \/><\/p>\n\t\t<p style=\"display: none;\"><input type=\"hidden\" name=\"poll_id\" value=\"151\" \/><\/p>\n\t\t<p style=\"text-align: center\"><strong>Aguantar\u00e0 el govern de S\u00e1nchez fins al final del seu mandat?<\/strong><\/p><div id=\"polls-151-ans\" class=\"wp-polls-ans\"><ul class=\"wp-polls-ul\">\n\t\t<li><input type=\"radio\" id=\"poll-answer-392\" name=\"poll_151\" value=\"392\" \/> <label for=\"poll-answer-392\">S\u00ed<\/label><\/li>\n\t\t<li><input type=\"radio\" id=\"poll-answer-393\" name=\"poll_151\" value=\"393\" \/> <label for=\"poll-answer-393\">No<\/label><\/li>\n\t\t<li><input type=\"radio\" id=\"poll-answer-394\" name=\"poll_151\" value=\"394\" \/> <label for=\"poll-answer-394\">No ho s\u00e9<\/label><\/li>\n\t\t<\/ul><p style=\"text-align: center\"><input type=\"button\" name=\"vote\" value=\"   Vota   \" class=\"Buttons\" onclick=\"poll_vote(151);\" \/><\/p><p style=\"text-align: center\"><a href=\"#ViewPollResults\" onclick=\"poll_result(151); return false;\" title=\"View Results Of This Poll\">Mira els resultats<\/a><\/p><\/div>\n\t<\/form>\n<\/div>\n<div id=\"polls-151-loading\" class=\"wp-polls-loading\"><img decoding=\"async\" data-src=\"https:\/\/conversesacatalunya.cat\/wp-content\/plugins\/wp-polls\/images\/loading.gif\" width=\"16\" height=\"16\" alt=\"Cargando ...\" title=\"Cargando ...\" class=\"wp-polls-image lazyload\" src=\"data:image\/svg+xml;base64,PHN2ZyB3aWR0aD0iMSIgaGVpZ2h0PSIxIiB4bWxucz0iaHR0cDovL3d3dy53My5vcmcvMjAwMC9zdmciPjwvc3ZnPg==\" style=\"--smush-placeholder-width: 16px; --smush-placeholder-aspect-ratio: 16\/16;\" \/>&nbsp;Cargando ...<\/div>\n\n","protected":false},"excerpt":{"rendered":"<p>La presidenta de la Comisi\u00f3n, Ursula von der Leyen, que estuvo por primera vez en Barcelona con motivo de las jornadas del C\u00edrculo de Econom\u00eda, es la principal responsable pol\u00edtica de la din\u00e1mica que est\u00e1 conduciendo a Europa a una\u00a0econom\u00eda de guerra. Todo empez\u00f3 con la l\u00f3gica ayuda humanitaria a Ucrania, prosigui\u00f3 con la moralmente obligada asistencia al gran flujo de refugiados, dio un paso m\u00e1s alimentando el armamento, sobre todo defensivo y ligero, al ej\u00e9rcito ucraniano y ha dado un salto de gigante entregando cada vez con mayor abundancia material pesado y ofensivo. El resultado de todo es una din\u00e1mica que no tiene fin visible y que va engrosando la bola de nieve, y el problema es que podemos quedar sepultados por ella.\u00a0Ya no se trata de una hipot\u00e9tica\u00a0reacci\u00f3n militar rusa, sino de que se produzca un corte de suministro energ\u00e9tico\u00a0que alimenta a Europa, lo que conllevar\u00eda un destrozo econ\u00f3mico de primer nivel. Cabe decir que no es necesario llegar a este extremo para que los da\u00f1os econ\u00f3micos sean visibles, porque la presi\u00f3n para reducir la dependencia, sobre todo en petr\u00f3leo, pero tambi\u00e9n de gas, de Mosc\u00fa, tiene consecuencias acumulativas sobre la econom\u00eda, sobre todo en centro Europa y en primer t\u00e9rmino sobre Alemania. Cabe se\u00f1alar que este pa\u00eds depende, en cuanto a sus necesidades gas\u00edsticas, de un 54% del gas ruso y al mismo tiempo hay que considerar que el gas en su conjunto representa el 27% de las necesidades energ\u00e9ticas alemanas, es decir, una cuarta parte de ellas est\u00e1n en manos de la energ\u00eda rusa. Austria depende del gas ruso en un 80%, Hungr\u00eda en un 78%, pero es que adem\u00e1s una tercera parte de la energ\u00eda total tiene ese origen.\u00a0El gas de Mosc\u00fa significa el 86% de los recursos gas\u00edsticos de Eslovaquia y el 53,5% de la rep\u00fablica Checa.\u00a0Estos hechos explican el porqu\u00e9 Hungr\u00eda, Chequia y Eslovaquia han impedido el acuerdo de la Comisi\u00f3n para restringir la importaci\u00f3n de energ\u00eda de Rusia en forma de petr\u00f3leo y gas.\u00a0Italia por su parte tambi\u00e9n depende de una forma importante, un 33%.\u00a0Polonia y Bulgaria han visto cortar ya su suministro procedente de Rusia al negarse a efectuar los pagos en rublos como exig\u00eda Putin.\u00a0A pesar de su alta dependencia del gas ruso, pueden superar con relativa facilidad el problema por ser pa\u00edses poco gasificados, por lo que este recurso s\u00f3lo representa entre el 12 y el 13% del total de su falta de energ\u00eda. Europa ya prepara una serie de medidas para\u00a0reducir el consumo energ\u00e9tico, que son las que caracterizar\u00edan la econom\u00eda de guerra, pensando s\u00f3lo en la supresi\u00f3n del petr\u00f3leo, es decir, sin entrar en juego el problema que se redujera o se cerrara el aprovisionamiento de gas. Las\u00a0medidas que contempla la Comisi\u00f3n\u00a0son el teletrabajo hasta 3 d\u00edas a la semana, reducir los l\u00edmites de velocidad en las autopistas, establecer el domingo sin coches en las ciudades, promover la conducci\u00f3n eficiente de los camiones, que nadie sabe bien lo que significa en las circunstancias actuales, reducir los vuelos de negocios, incentivar el transporte p\u00fablico, la bicicleta y andar, fomentar el veh\u00edculo el\u00e9ctrico, etc. Muchas de estas medidas son\u00a0ut\u00f3picas\u00a0porque carecen de repercusi\u00f3n a corto plazo.\u00a0Es m\u00e1s, son de dif\u00edcil implementaci\u00f3n en una sociedad carente de consumir y viajar, como se constata esta primavera. A pesar de la guerra de Ucrania, el turismo ha estallado con fuerza, por lo que al mismo tiempo que se pide moderaci\u00f3n en el consumo energ\u00e9tico, las aerol\u00edneas reavivan con una demanda explosiva que deja desbordados a los aeropuertos europeos y que tiene como consecuencia un aumento exponencial del consumo de energ\u00eda. No est\u00e1 claro que Ursula von der Leyen, la Comisi\u00f3n y los bur\u00f3cratas est\u00e9n articulando bien ese complejo formado para la ayuda armament\u00edstica en Ucrania, la prolongaci\u00f3n indefinida de la guerra, el abandono de la energ\u00eda procedente de la Uni\u00f3n Sovi\u00e9tica, la necesaria transici\u00f3n energ\u00e9tica que se hab\u00eda empezado, las expectativas de una sociedad que quiere dejar atr\u00e1s las restricciones de la covid y la necesidad de superar la inflaci\u00f3n y el riesgo de una par\u00e1lisis econ\u00f3mica. Todo es muy complicado y es evidente que sin un paro y una profunda reflexi\u00f3n podemos acabar con un escenario muy desafortunado para la UE.\u00a0En cualquier caso, parece evidente que la prolongaci\u00f3n de la guerra en Ucrania es como dispararse a ambos pies de la UE.<\/p>\n","protected":false},"author":2,"featured_media":57468,"comment_status":"open","ping_status":"open","sticky":false,"template":"","format":"standard","meta":{"_FSMCFIC_featured_image_caption":"","_FSMCFIC_featured_image_nocaption":"","_FSMCFIC_featured_image_hide":"","footnotes":""},"categories":[806],"tags":[4593,4594],"class_list":["post-57483","post","type-post","status-publish","format-standard","has-post-thumbnail","hentry","category-punts-claus-del-dia-es","tag-crisi-economica-guerra-ucraina-es","tag-crisis-economica-guerra-ucrania"],"yoast_head":"<!-- This site is optimized with the Yoast SEO plugin v26.8 - https:\/\/yoast.com\/product\/yoast-seo-wordpress\/ -->\n<title>Uni\u00f3n Europea. Nos est\u00e1n llevando a una econom\u00eda de guerra - Converses a Catalunya<\/title>\n<meta name=\"robots\" content=\"index, follow, max-snippet:-1, max-image-preview:large, max-video-preview:-1\" \/>\n<link rel=\"canonical\" href=\"https:\/\/conversesacatalunya.cat\/es\/union-europea-nos-estan-llevando-a-una-economia-de-guerra\/\" \/>\n<meta property=\"og:locale\" content=\"es_ES\" \/>\n<meta property=\"og:type\" content=\"article\" \/>\n<meta property=\"og:title\" content=\"Uni\u00f3n Europea. Nos est\u00e1n llevando a una econom\u00eda de guerra - Converses a Catalunya\" \/>\n<meta property=\"og:description\" content=\"La presidenta de la Comisi\u00f3n, Ursula von der Leyen, que estuvo por primera vez en Barcelona con motivo de las jornadas del C\u00edrculo de Econom\u00eda, es la principal responsable pol\u00edtica de la din\u00e1mica que est\u00e1 conduciendo a Europa a una\u00a0econom\u00eda de guerra. Todo empez\u00f3 con la l\u00f3gica ayuda humanitaria a Ucrania, prosigui\u00f3 con la moralmente obligada asistencia al gran flujo de refugiados, dio un paso m\u00e1s alimentando el armamento, sobre todo defensivo y ligero, al ej\u00e9rcito ucraniano y ha dado un salto de gigante entregando cada vez con mayor abundancia material pesado y ofensivo. El resultado de todo es una din\u00e1mica que no tiene fin visible y que va engrosando la bola de nieve, y el problema es que podemos quedar sepultados por ella.\u00a0Ya no se trata de una hipot\u00e9tica\u00a0reacci\u00f3n militar rusa, sino de que se produzca un corte de suministro energ\u00e9tico\u00a0que alimenta a Europa, lo que conllevar\u00eda un destrozo econ\u00f3mico de primer nivel. Cabe decir que no es necesario llegar a este extremo para que los da\u00f1os econ\u00f3micos sean visibles, porque la presi\u00f3n para reducir la dependencia, sobre todo en petr\u00f3leo, pero tambi\u00e9n de gas, de Mosc\u00fa, tiene consecuencias acumulativas sobre la econom\u00eda, sobre todo en centro Europa y en primer t\u00e9rmino sobre Alemania. Cabe se\u00f1alar que este pa\u00eds depende, en cuanto a sus necesidades gas\u00edsticas, de un 54% del gas ruso y al mismo tiempo hay que considerar que el gas en su conjunto representa el 27% de las necesidades energ\u00e9ticas alemanas, es decir, una cuarta parte de ellas est\u00e1n en manos de la energ\u00eda rusa. Austria depende del gas ruso en un 80%, Hungr\u00eda en un 78%, pero es que adem\u00e1s una tercera parte de la energ\u00eda total tiene ese origen.\u00a0El gas de Mosc\u00fa significa el 86% de los recursos gas\u00edsticos de Eslovaquia y el 53,5% de la rep\u00fablica Checa.\u00a0Estos hechos explican el porqu\u00e9 Hungr\u00eda, Chequia y Eslovaquia han impedido el acuerdo de la Comisi\u00f3n para restringir la importaci\u00f3n de energ\u00eda de Rusia en forma de petr\u00f3leo y gas.\u00a0Italia por su parte tambi\u00e9n depende de una forma importante, un 33%.\u00a0Polonia y Bulgaria han visto cortar ya su suministro procedente de Rusia al negarse a efectuar los pagos en rublos como exig\u00eda Putin.\u00a0A pesar de su alta dependencia del gas ruso, pueden superar con relativa facilidad el problema por ser pa\u00edses poco gasificados, por lo que este recurso s\u00f3lo representa entre el 12 y el 13% del total de su falta de energ\u00eda. Europa ya prepara una serie de medidas para\u00a0reducir el consumo energ\u00e9tico, que son las que caracterizar\u00edan la econom\u00eda de guerra, pensando s\u00f3lo en la supresi\u00f3n del petr\u00f3leo, es decir, sin entrar en juego el problema que se redujera o se cerrara el aprovisionamiento de gas. Las\u00a0medidas que contempla la Comisi\u00f3n\u00a0son el teletrabajo hasta 3 d\u00edas a la semana, reducir los l\u00edmites de velocidad en las autopistas, establecer el domingo sin coches en las ciudades, promover la conducci\u00f3n eficiente de los camiones, que nadie sabe bien lo que significa en las circunstancias actuales, reducir los vuelos de negocios, incentivar el transporte p\u00fablico, la bicicleta y andar, fomentar el veh\u00edculo el\u00e9ctrico, etc. Muchas de estas medidas son\u00a0ut\u00f3picas\u00a0porque carecen de repercusi\u00f3n a corto plazo.\u00a0Es m\u00e1s, son de dif\u00edcil implementaci\u00f3n en una sociedad carente de consumir y viajar, como se constata esta primavera. A pesar de la guerra de Ucrania, el turismo ha estallado con fuerza, por lo que al mismo tiempo que se pide moderaci\u00f3n en el consumo energ\u00e9tico, las aerol\u00edneas reavivan con una demanda explosiva que deja desbordados a los aeropuertos europeos y que tiene como consecuencia un aumento exponencial del consumo de energ\u00eda. No est\u00e1 claro que Ursula von der Leyen, la Comisi\u00f3n y los bur\u00f3cratas est\u00e9n articulando bien ese complejo formado para la ayuda armament\u00edstica en Ucrania, la prolongaci\u00f3n indefinida de la guerra, el abandono de la energ\u00eda procedente de la Uni\u00f3n Sovi\u00e9tica, la necesaria transici\u00f3n energ\u00e9tica que se hab\u00eda empezado, las expectativas de una sociedad que quiere dejar atr\u00e1s las restricciones de la covid y la necesidad de superar la inflaci\u00f3n y el riesgo de una par\u00e1lisis econ\u00f3mica. Todo es muy complicado y es evidente que sin un paro y una profunda reflexi\u00f3n podemos acabar con un escenario muy desafortunado para la UE.\u00a0En cualquier caso, parece evidente que la prolongaci\u00f3n de la guerra en Ucrania es como dispararse a ambos pies de la UE.\" \/>\n<meta property=\"og:url\" content=\"https:\/\/conversesacatalunya.cat\/es\/union-europea-nos-estan-llevando-a-una-economia-de-guerra\/\" \/>\n<meta property=\"og:site_name\" content=\"Converses a Catalunya\" \/>\n<meta property=\"article:published_time\" content=\"2022-05-10T10:43:04+00:00\" \/>\n<meta property=\"article:modified_time\" content=\"2022-05-10T13:27:43+00:00\" \/>\n<meta property=\"og:image\" content=\"https:\/\/conversesacatalunya.cat\/wp-content\/uploads\/2022\/05\/Ursula-von-der-Leyen-EU-Parlament.jpg\" \/>\n\t<meta property=\"og:image:width\" content=\"750\" \/>\n\t<meta property=\"og:image:height\" content=\"450\" \/>\n\t<meta property=\"og:image:type\" content=\"image\/jpeg\" \/>\n<meta name=\"author\" content=\"conversesacatalunya\" \/>\n<meta name=\"twitter:card\" content=\"summary_large_image\" \/>\n<meta name=\"twitter:label1\" content=\"Escrito por\" \/>\n\t<meta name=\"twitter:data1\" content=\"conversesacatalunya\" \/>\n\t<meta name=\"twitter:label2\" content=\"Tiempo de lectura\" \/>\n\t<meta name=\"twitter:data2\" content=\"5 minutos\" \/>\n<script type=\"application\/ld+json\" class=\"yoast-schema-graph\">{\"@context\":\"https:\/\/schema.org\",\"@graph\":[{\"@type\":\"Article\",\"@id\":\"https:\/\/conversesacatalunya.cat\/es\/union-europea-nos-estan-llevando-a-una-economia-de-guerra\/#article\",\"isPartOf\":{\"@id\":\"https:\/\/conversesacatalunya.cat\/es\/union-europea-nos-estan-llevando-a-una-economia-de-guerra\/\"},\"author\":{\"name\":\"conversesacatalunya\",\"@id\":\"https:\/\/conversesacatalunya.cat\/#\/schema\/person\/7e24d1e54a2785373ddcb275eae5ed99\"},\"headline\":\"Uni\u00f3n Europea. Nos est\u00e1n llevando a una econom\u00eda de guerra\",\"datePublished\":\"2022-05-10T10:43:04+00:00\",\"dateModified\":\"2022-05-10T13:27:43+00:00\",\"mainEntityOfPage\":{\"@id\":\"https:\/\/conversesacatalunya.cat\/es\/union-europea-nos-estan-llevando-a-una-economia-de-guerra\/\"},\"wordCount\":823,\"commentCount\":0,\"image\":{\"@id\":\"https:\/\/conversesacatalunya.cat\/es\/union-europea-nos-estan-llevando-a-una-economia-de-guerra\/#primaryimage\"},\"thumbnailUrl\":\"https:\/\/conversesacatalunya.cat\/wp-content\/uploads\/2022\/05\/Ursula-von-der-Leyen-EU-Parlament.jpg\",\"keywords\":[\"Crisi econ\u00f2mica guerra ucra\u00efna\",\"crisis econ\u00f3mica guerra Ucrania\"],\"articleSection\":[\"Punts clau del dia (ES)\"],\"inLanguage\":\"es\",\"potentialAction\":[{\"@type\":\"CommentAction\",\"name\":\"Comment\",\"target\":[\"https:\/\/conversesacatalunya.cat\/es\/union-europea-nos-estan-llevando-a-una-economia-de-guerra\/#respond\"]}]},{\"@type\":\"WebPage\",\"@id\":\"https:\/\/conversesacatalunya.cat\/es\/union-europea-nos-estan-llevando-a-una-economia-de-guerra\/\",\"url\":\"https:\/\/conversesacatalunya.cat\/es\/union-europea-nos-estan-llevando-a-una-economia-de-guerra\/\",\"name\":\"Uni\u00f3n Europea. Nos est\u00e1n llevando a una econom\u00eda de guerra - Converses a Catalunya\",\"isPartOf\":{\"@id\":\"https:\/\/conversesacatalunya.cat\/#website\"},\"primaryImageOfPage\":{\"@id\":\"https:\/\/conversesacatalunya.cat\/es\/union-europea-nos-estan-llevando-a-una-economia-de-guerra\/#primaryimage\"},\"image\":{\"@id\":\"https:\/\/conversesacatalunya.cat\/es\/union-europea-nos-estan-llevando-a-una-economia-de-guerra\/#primaryimage\"},\"thumbnailUrl\":\"https:\/\/conversesacatalunya.cat\/wp-content\/uploads\/2022\/05\/Ursula-von-der-Leyen-EU-Parlament.jpg\",\"datePublished\":\"2022-05-10T10:43:04+00:00\",\"dateModified\":\"2022-05-10T13:27:43+00:00\",\"author\":{\"@id\":\"https:\/\/conversesacatalunya.cat\/#\/schema\/person\/7e24d1e54a2785373ddcb275eae5ed99\"},\"breadcrumb\":{\"@id\":\"https:\/\/conversesacatalunya.cat\/es\/union-europea-nos-estan-llevando-a-una-economia-de-guerra\/#breadcrumb\"},\"inLanguage\":\"es\",\"potentialAction\":[{\"@type\":\"ReadAction\",\"target\":[\"https:\/\/conversesacatalunya.cat\/es\/union-europea-nos-estan-llevando-a-una-economia-de-guerra\/\"]}]},{\"@type\":\"ImageObject\",\"inLanguage\":\"es\",\"@id\":\"https:\/\/conversesacatalunya.cat\/es\/union-europea-nos-estan-llevando-a-una-economia-de-guerra\/#primaryimage\",\"url\":\"https:\/\/conversesacatalunya.cat\/wp-content\/uploads\/2022\/05\/Ursula-von-der-Leyen-EU-Parlament.jpg\",\"contentUrl\":\"https:\/\/conversesacatalunya.cat\/wp-content\/uploads\/2022\/05\/Ursula-von-der-Leyen-EU-Parlament.jpg\",\"width\":750,\"height\":450},{\"@type\":\"BreadcrumbList\",\"@id\":\"https:\/\/conversesacatalunya.cat\/es\/union-europea-nos-estan-llevando-a-una-economia-de-guerra\/#breadcrumb\",\"itemListElement\":[{\"@type\":\"ListItem\",\"position\":1,\"name\":\"Inici\",\"item\":\"https:\/\/conversesacatalunya.cat\/es\/\"},{\"@type\":\"ListItem\",\"position\":2,\"name\":\"Uni\u00f3n Europea. Nos est\u00e1n llevando a una econom\u00eda de guerra\"}]},{\"@type\":\"WebSite\",\"@id\":\"https:\/\/conversesacatalunya.cat\/#website\",\"url\":\"https:\/\/conversesacatalunya.cat\/\",\"name\":\"Converses a Catalunya\",\"description\":\"\",\"potentialAction\":[{\"@type\":\"SearchAction\",\"target\":{\"@type\":\"EntryPoint\",\"urlTemplate\":\"https:\/\/conversesacatalunya.cat\/?s={search_term_string}\"},\"query-input\":{\"@type\":\"PropertyValueSpecification\",\"valueRequired\":true,\"valueName\":\"search_term_string\"}}],\"inLanguage\":\"es\"},{\"@type\":\"Person\",\"@id\":\"https:\/\/conversesacatalunya.cat\/#\/schema\/person\/7e24d1e54a2785373ddcb275eae5ed99\",\"name\":\"conversesacatalunya\",\"image\":{\"@type\":\"ImageObject\",\"inLanguage\":\"es\",\"@id\":\"https:\/\/conversesacatalunya.cat\/#\/schema\/person\/image\/\",\"url\":\"https:\/\/conversesacatalunya.cat\/wp-content\/litespeed\/avatar\/febdfeeec89d950f01c748045a981dd2.jpg?ver=1777314535\",\"contentUrl\":\"https:\/\/conversesacatalunya.cat\/wp-content\/litespeed\/avatar\/febdfeeec89d950f01c748045a981dd2.jpg?ver=1777314535\",\"caption\":\"conversesacatalunya\"},\"url\":\"https:\/\/conversesacatalunya.cat\/es\/author\/carme_catala\/\"}]}<\/script>\n<!-- \/ Yoast SEO plugin. -->","yoast_head_json":{"title":"Uni\u00f3n Europea. Nos est\u00e1n llevando a una econom\u00eda de guerra - Converses a Catalunya","robots":{"index":"index","follow":"follow","max-snippet":"max-snippet:-1","max-image-preview":"max-image-preview:large","max-video-preview":"max-video-preview:-1"},"canonical":"https:\/\/conversesacatalunya.cat\/es\/union-europea-nos-estan-llevando-a-una-economia-de-guerra\/","og_locale":"es_ES","og_type":"article","og_title":"Uni\u00f3n Europea. Nos est\u00e1n llevando a una econom\u00eda de guerra - Converses a Catalunya","og_description":"La presidenta de la Comisi\u00f3n, Ursula von der Leyen, que estuvo por primera vez en Barcelona con motivo de las jornadas del C\u00edrculo de Econom\u00eda, es la principal responsable pol\u00edtica de la din\u00e1mica que est\u00e1 conduciendo a Europa a una\u00a0econom\u00eda de guerra. Todo empez\u00f3 con la l\u00f3gica ayuda humanitaria a Ucrania, prosigui\u00f3 con la moralmente obligada asistencia al gran flujo de refugiados, dio un paso m\u00e1s alimentando el armamento, sobre todo defensivo y ligero, al ej\u00e9rcito ucraniano y ha dado un salto de gigante entregando cada vez con mayor abundancia material pesado y ofensivo. El resultado de todo es una din\u00e1mica que no tiene fin visible y que va engrosando la bola de nieve, y el problema es que podemos quedar sepultados por ella.\u00a0Ya no se trata de una hipot\u00e9tica\u00a0reacci\u00f3n militar rusa, sino de que se produzca un corte de suministro energ\u00e9tico\u00a0que alimenta a Europa, lo que conllevar\u00eda un destrozo econ\u00f3mico de primer nivel. Cabe decir que no es necesario llegar a este extremo para que los da\u00f1os econ\u00f3micos sean visibles, porque la presi\u00f3n para reducir la dependencia, sobre todo en petr\u00f3leo, pero tambi\u00e9n de gas, de Mosc\u00fa, tiene consecuencias acumulativas sobre la econom\u00eda, sobre todo en centro Europa y en primer t\u00e9rmino sobre Alemania. Cabe se\u00f1alar que este pa\u00eds depende, en cuanto a sus necesidades gas\u00edsticas, de un 54% del gas ruso y al mismo tiempo hay que considerar que el gas en su conjunto representa el 27% de las necesidades energ\u00e9ticas alemanas, es decir, una cuarta parte de ellas est\u00e1n en manos de la energ\u00eda rusa. Austria depende del gas ruso en un 80%, Hungr\u00eda en un 78%, pero es que adem\u00e1s una tercera parte de la energ\u00eda total tiene ese origen.\u00a0El gas de Mosc\u00fa significa el 86% de los recursos gas\u00edsticos de Eslovaquia y el 53,5% de la rep\u00fablica Checa.\u00a0Estos hechos explican el porqu\u00e9 Hungr\u00eda, Chequia y Eslovaquia han impedido el acuerdo de la Comisi\u00f3n para restringir la importaci\u00f3n de energ\u00eda de Rusia en forma de petr\u00f3leo y gas.\u00a0Italia por su parte tambi\u00e9n depende de una forma importante, un 33%.\u00a0Polonia y Bulgaria han visto cortar ya su suministro procedente de Rusia al negarse a efectuar los pagos en rublos como exig\u00eda Putin.\u00a0A pesar de su alta dependencia del gas ruso, pueden superar con relativa facilidad el problema por ser pa\u00edses poco gasificados, por lo que este recurso s\u00f3lo representa entre el 12 y el 13% del total de su falta de energ\u00eda. Europa ya prepara una serie de medidas para\u00a0reducir el consumo energ\u00e9tico, que son las que caracterizar\u00edan la econom\u00eda de guerra, pensando s\u00f3lo en la supresi\u00f3n del petr\u00f3leo, es decir, sin entrar en juego el problema que se redujera o se cerrara el aprovisionamiento de gas. Las\u00a0medidas que contempla la Comisi\u00f3n\u00a0son el teletrabajo hasta 3 d\u00edas a la semana, reducir los l\u00edmites de velocidad en las autopistas, establecer el domingo sin coches en las ciudades, promover la conducci\u00f3n eficiente de los camiones, que nadie sabe bien lo que significa en las circunstancias actuales, reducir los vuelos de negocios, incentivar el transporte p\u00fablico, la bicicleta y andar, fomentar el veh\u00edculo el\u00e9ctrico, etc. Muchas de estas medidas son\u00a0ut\u00f3picas\u00a0porque carecen de repercusi\u00f3n a corto plazo.\u00a0Es m\u00e1s, son de dif\u00edcil implementaci\u00f3n en una sociedad carente de consumir y viajar, como se constata esta primavera. A pesar de la guerra de Ucrania, el turismo ha estallado con fuerza, por lo que al mismo tiempo que se pide moderaci\u00f3n en el consumo energ\u00e9tico, las aerol\u00edneas reavivan con una demanda explosiva que deja desbordados a los aeropuertos europeos y que tiene como consecuencia un aumento exponencial del consumo de energ\u00eda. No est\u00e1 claro que Ursula von der Leyen, la Comisi\u00f3n y los bur\u00f3cratas est\u00e9n articulando bien ese complejo formado para la ayuda armament\u00edstica en Ucrania, la prolongaci\u00f3n indefinida de la guerra, el abandono de la energ\u00eda procedente de la Uni\u00f3n Sovi\u00e9tica, la necesaria transici\u00f3n energ\u00e9tica que se hab\u00eda empezado, las expectativas de una sociedad que quiere dejar atr\u00e1s las restricciones de la covid y la necesidad de superar la inflaci\u00f3n y el riesgo de una par\u00e1lisis econ\u00f3mica. Todo es muy complicado y es evidente que sin un paro y una profunda reflexi\u00f3n podemos acabar con un escenario muy desafortunado para la UE.\u00a0En cualquier caso, parece evidente que la prolongaci\u00f3n de la guerra en Ucrania es como dispararse a ambos pies de la UE.","og_url":"https:\/\/conversesacatalunya.cat\/es\/union-europea-nos-estan-llevando-a-una-economia-de-guerra\/","og_site_name":"Converses a Catalunya","article_published_time":"2022-05-10T10:43:04+00:00","article_modified_time":"2022-05-10T13:27:43+00:00","og_image":[{"width":750,"height":450,"url":"https:\/\/conversesacatalunya.cat\/wp-content\/uploads\/2022\/05\/Ursula-von-der-Leyen-EU-Parlament.jpg","type":"image\/jpeg"}],"author":"conversesacatalunya","twitter_card":"summary_large_image","twitter_misc":{"Escrito por":"conversesacatalunya","Tiempo de lectura":"5 minutos"},"schema":{"@context":"https:\/\/schema.org","@graph":[{"@type":"Article","@id":"https:\/\/conversesacatalunya.cat\/es\/union-europea-nos-estan-llevando-a-una-economia-de-guerra\/#article","isPartOf":{"@id":"https:\/\/conversesacatalunya.cat\/es\/union-europea-nos-estan-llevando-a-una-economia-de-guerra\/"},"author":{"name":"conversesacatalunya","@id":"https:\/\/conversesacatalunya.cat\/#\/schema\/person\/7e24d1e54a2785373ddcb275eae5ed99"},"headline":"Uni\u00f3n Europea. Nos est\u00e1n llevando a una econom\u00eda de guerra","datePublished":"2022-05-10T10:43:04+00:00","dateModified":"2022-05-10T13:27:43+00:00","mainEntityOfPage":{"@id":"https:\/\/conversesacatalunya.cat\/es\/union-europea-nos-estan-llevando-a-una-economia-de-guerra\/"},"wordCount":823,"commentCount":0,"image":{"@id":"https:\/\/conversesacatalunya.cat\/es\/union-europea-nos-estan-llevando-a-una-economia-de-guerra\/#primaryimage"},"thumbnailUrl":"https:\/\/conversesacatalunya.cat\/wp-content\/uploads\/2022\/05\/Ursula-von-der-Leyen-EU-Parlament.jpg","keywords":["Crisi econ\u00f2mica guerra ucra\u00efna","crisis econ\u00f3mica guerra Ucrania"],"articleSection":["Punts clau del dia (ES)"],"inLanguage":"es","potentialAction":[{"@type":"CommentAction","name":"Comment","target":["https:\/\/conversesacatalunya.cat\/es\/union-europea-nos-estan-llevando-a-una-economia-de-guerra\/#respond"]}]},{"@type":"WebPage","@id":"https:\/\/conversesacatalunya.cat\/es\/union-europea-nos-estan-llevando-a-una-economia-de-guerra\/","url":"https:\/\/conversesacatalunya.cat\/es\/union-europea-nos-estan-llevando-a-una-economia-de-guerra\/","name":"Uni\u00f3n Europea. Nos est\u00e1n llevando a una econom\u00eda de guerra - Converses a Catalunya","isPartOf":{"@id":"https:\/\/conversesacatalunya.cat\/#website"},"primaryImageOfPage":{"@id":"https:\/\/conversesacatalunya.cat\/es\/union-europea-nos-estan-llevando-a-una-economia-de-guerra\/#primaryimage"},"image":{"@id":"https:\/\/conversesacatalunya.cat\/es\/union-europea-nos-estan-llevando-a-una-economia-de-guerra\/#primaryimage"},"thumbnailUrl":"https:\/\/conversesacatalunya.cat\/wp-content\/uploads\/2022\/05\/Ursula-von-der-Leyen-EU-Parlament.jpg","datePublished":"2022-05-10T10:43:04+00:00","dateModified":"2022-05-10T13:27:43+00:00","author":{"@id":"https:\/\/conversesacatalunya.cat\/#\/schema\/person\/7e24d1e54a2785373ddcb275eae5ed99"},"breadcrumb":{"@id":"https:\/\/conversesacatalunya.cat\/es\/union-europea-nos-estan-llevando-a-una-economia-de-guerra\/#breadcrumb"},"inLanguage":"es","potentialAction":[{"@type":"ReadAction","target":["https:\/\/conversesacatalunya.cat\/es\/union-europea-nos-estan-llevando-a-una-economia-de-guerra\/"]}]},{"@type":"ImageObject","inLanguage":"es","@id":"https:\/\/conversesacatalunya.cat\/es\/union-europea-nos-estan-llevando-a-una-economia-de-guerra\/#primaryimage","url":"https:\/\/conversesacatalunya.cat\/wp-content\/uploads\/2022\/05\/Ursula-von-der-Leyen-EU-Parlament.jpg","contentUrl":"https:\/\/conversesacatalunya.cat\/wp-content\/uploads\/2022\/05\/Ursula-von-der-Leyen-EU-Parlament.jpg","width":750,"height":450},{"@type":"BreadcrumbList","@id":"https:\/\/conversesacatalunya.cat\/es\/union-europea-nos-estan-llevando-a-una-economia-de-guerra\/#breadcrumb","itemListElement":[{"@type":"ListItem","position":1,"name":"Inici","item":"https:\/\/conversesacatalunya.cat\/es\/"},{"@type":"ListItem","position":2,"name":"Uni\u00f3n Europea. Nos est\u00e1n llevando a una econom\u00eda de guerra"}]},{"@type":"WebSite","@id":"https:\/\/conversesacatalunya.cat\/#website","url":"https:\/\/conversesacatalunya.cat\/","name":"Converses a Catalunya","description":"","potentialAction":[{"@type":"SearchAction","target":{"@type":"EntryPoint","urlTemplate":"https:\/\/conversesacatalunya.cat\/?s={search_term_string}"},"query-input":{"@type":"PropertyValueSpecification","valueRequired":true,"valueName":"search_term_string"}}],"inLanguage":"es"},{"@type":"Person","@id":"https:\/\/conversesacatalunya.cat\/#\/schema\/person\/7e24d1e54a2785373ddcb275eae5ed99","name":"conversesacatalunya","image":{"@type":"ImageObject","inLanguage":"es","@id":"https:\/\/conversesacatalunya.cat\/#\/schema\/person\/image\/","url":"https:\/\/conversesacatalunya.cat\/wp-content\/litespeed\/avatar\/febdfeeec89d950f01c748045a981dd2.jpg?ver=1777314535","contentUrl":"https:\/\/conversesacatalunya.cat\/wp-content\/litespeed\/avatar\/febdfeeec89d950f01c748045a981dd2.jpg?ver=1777314535","caption":"conversesacatalunya"},"url":"https:\/\/conversesacatalunya.cat\/es\/author\/carme_catala\/"}]}},"wps_subtitle":"","_links":{"self":[{"href":"https:\/\/conversesacatalunya.cat\/es\/wp-json\/wp\/v2\/posts\/57483","targetHints":{"allow":["GET"]}}],"collection":[{"href":"https:\/\/conversesacatalunya.cat\/es\/wp-json\/wp\/v2\/posts"}],"about":[{"href":"https:\/\/conversesacatalunya.cat\/es\/wp-json\/wp\/v2\/types\/post"}],"author":[{"embeddable":true,"href":"https:\/\/conversesacatalunya.cat\/es\/wp-json\/wp\/v2\/users\/2"}],"replies":[{"embeddable":true,"href":"https:\/\/conversesacatalunya.cat\/es\/wp-json\/wp\/v2\/comments?post=57483"}],"version-history":[{"count":2,"href":"https:\/\/conversesacatalunya.cat\/es\/wp-json\/wp\/v2\/posts\/57483\/revisions"}],"predecessor-version":[{"id":57485,"href":"https:\/\/conversesacatalunya.cat\/es\/wp-json\/wp\/v2\/posts\/57483\/revisions\/57485"}],"wp:featuredmedia":[{"embeddable":true,"href":"https:\/\/conversesacatalunya.cat\/es\/wp-json\/wp\/v2\/media\/57468"}],"wp:attachment":[{"href":"https:\/\/conversesacatalunya.cat\/es\/wp-json\/wp\/v2\/media?parent=57483"}],"wp:term":[{"taxonomy":"category","embeddable":true,"href":"https:\/\/conversesacatalunya.cat\/es\/wp-json\/wp\/v2\/categories?post=57483"},{"taxonomy":"post_tag","embeddable":true,"href":"https:\/\/conversesacatalunya.cat\/es\/wp-json\/wp\/v2\/tags?post=57483"}],"curies":[{"name":"wp","href":"https:\/\/api.w.org\/{rel}","templated":true}]}}