{"id":57448,"date":"2022-05-09T12:52:05","date_gmt":"2022-05-09T10:52:05","guid":{"rendered":"https:\/\/conversesacatalunya.cat\/politica-catalana-centrem-i-junts-alternativa-o-continuitat\/"},"modified":"2022-05-09T15:06:38","modified_gmt":"2022-05-09T13:06:38","slug":"politica-catalana-centrem-i-junts-alternativa-o-continuitat","status":"publish","type":"post","link":"https:\/\/conversesacatalunya.cat\/es\/politica-catalana-centrem-i-junts-alternativa-o-continuitat\/","title":{"rendered":"Pol\u00edtica catalana: Centrem y Junts. Alternativa o continuidad?"},"content":{"rendered":"<p><span>Se ha celebrado el congreso constituyente de Centrem y en el mes de junio se celebrar\u00e1 el de JxCat.\u00a0Estas dos iniciativas enmarcan lo que en teor\u00eda es un\u00a0<\/span><strong><span>gran espacio pol\u00edtico en Catalu\u00f1a<\/span><\/strong><span>, pero que en la pr\u00e1ctica est\u00e1 pol\u00edticamente subdimensionado.\u00a0Ambos congresos y su desarrollo posterior dir\u00e1n si nos encontramos ante una transformaci\u00f3n o la simple continuidad del escenario actual.<\/span><\/p>\n<p><span>El congreso de\u00a0<\/span><strong><span>Centrem<\/span><\/strong><span> ha tenido un relieve medi\u00e1tico modesto, aunque las expectativas de su realizaci\u00f3n ven\u00edan de lejos y su celebraci\u00f3n, despu\u00e9s de meses y meses de frustraciones, pod\u00eda considerarse ya todo un \u00e9xito. Las ponencias que defin\u00edan la organizaci\u00f3n y el proyecto pol\u00edtico fueron aprobadas despu\u00e9s de un largo debate y sit\u00faan las\u00a0<\/span><strong><span>bases de la cohesi\u00f3n<\/span><\/strong><span>\u00a0de esa formaci\u00f3n.\u00a0El partido se define como de\u00a0<\/span><strong><span>centro, liberal y progresista<\/span><\/strong><span>, es decir, utiliza tres adjetivos a la moda y se\u00f1ala, al menos culturalmente, que en Catalu\u00f1a todo el mundo es progresista, nadie es de derechas, ni conservador, ni tradicional.\u00a0Es un caso extra\u00f1o en el contexto europeo.<\/span><\/p>\n<p><strong><span>\u00c0ngels Chac\u00f3n<\/span><\/strong><span>\u00a0fue elegida secretaria general, pero no por unanimidad porque al final se present\u00f3 una candidatura alternativa, la de Teresa Pitard, procedente de uno de los grupos que conflu\u00edan en el proyecto, el de Convergents de Germ\u00e0 Gord\u00f3.\u00a0<span class=\"goog-text-highlight\">Chac\u00f3n logr\u00f3 el 77,7% de los votos y Pitard el 22,3%, la mayor\u00eda fue clara.\u00a0<\/span>En cifras absolutas, que ayudan a dimensionar el congreso, votaron un total de 197 personas, 153 por Chac\u00f3n, 35 por Pitard, 8 en blanco y 1 nulo.<\/span><\/p>\n<p><span>Donde s\u00ed hubo clara unanimidad fue en la\u00a0<\/span><strong><span>elecci\u00f3n del presidente en la persona de Llu\u00eds Font<\/span><\/strong><span>, que obtuvo el 94% de los votos.\u00a0La nueva ejecutiva est\u00e1 integrada por personas procedentes de los diversos grupos originarios,\u00a0<\/span><strong><span>La Lliga, Lliures, Convergents y el PDeCAT<\/span><\/strong><span>.\u00a0Y destacan entre otros nombres el de Astrid Barrio, que ser\u00e1 la secretaria de acci\u00f3n pol\u00edtica, S\u00edlvia Requena, Remei G\u00f3mez, Juan Jos\u00e9 Folchi, entre otros.<\/span><\/p>\n<p><span><span class=\"goog-text-highlight\">El gran interrogante es qu\u00e9 har\u00e1 realmente el PDeCAT, que es con diferencia el mayor partido de los que se mueven en torno a esta nueva iniciativa de Centrem, porque su caracter\u00edstica de integrar personas y no partidos deja las manos libres a \u00e9stos para continuar operando donde consideren conveniente.\u00a0<\/span>La prueba del nueve se verificar\u00e1 a partir de ahora y de cara a las <\/span><strong><span>municipales<\/span><\/strong><span>.\u00a0\u00bfCu\u00e1les y cu\u00e1ntas candidaturas de Centrem se forjar\u00e1n?<\/span><\/p>\n<p><span>El otro congreso es el de\u00a0<\/span><strong><span>Junts<\/span><\/strong><span>.\u00a0Un partido que claramente re\u00fane a dos almas muy diferenciadas.\u00a0La m\u00e1s directamente procedente de Converg\u00e8ncia y que de cerca o m\u00e1s de lejos sigue siendo tutelada por\u00a0<\/span><strong><span>convergentes<\/span><\/strong><span> importantes, como Artur Mas e incluso a m\u00e1s distancia el propio Jordi Pujol, y el alma te\u00f3ricamente insurreccional de los independientes que se han ido a\u00f1adiendo, aunque no todos ellos responden a esta caracter\u00edstica, y que expresa en su grado m\u00e1ximo\u00a0<\/span><strong><span>Laura Borr\u00e0s<\/span><\/strong><span>.<\/span><\/p>\n<p><span>La dimisi\u00f3n de Jordi S\u00e1nchez y la decisi\u00f3n de no presentarse de Puigdemont deja abierta y muy poco construida la nueva direcci\u00f3n pol\u00edtica por la que pugnan precisamente esas dos almas.\u00a0Una, representada por\u00a0<\/span><strong><span>Jordi Turull<\/span><\/strong><span>, que encarna la continuidad convergente hasta donde \u00e9sta es posible.\u00a0La otra, la de\u00a0<\/span><strong><span>Laura Borr\u00e0s<\/span><\/strong><span>.<\/span><\/p>\n<p><span>En teor\u00eda, el hecho de que haya dos grandes cargos de liderazgo que est\u00e9n libres abre la puerta a un acuerdo, uno en la secretar\u00eda, otro en la presidencia.\u00a0El problema es que la presidencia en la configuraci\u00f3n actual tiene escasas capacidades ejecutivas que se concentran en el secretariado general.\u00a0<span class=\"\">Si Borr\u00e0s, sobre la que sobrevuela una\u00a0<\/span><\/span><strong><span><span class=\"\">inhabilitaci\u00f3n pol\u00edtica<\/span><\/span><\/strong><span><span class=\"\">, no asume la presidencia y persigue ganar la secretar\u00eda, cabe decir que tiene todos los n\u00fameros a favor, porque si buena parte de la m\u00e1quina del partido es convergente, el militante mayoritariamente se ha creado en el clima del\u00a0<\/span><\/span><strong><span><span class=\"\">independentismo m\u00e1gico<\/span><\/span><\/strong><span><span class=\"\">\u00a0que permite vivir en una realidad virtual de todo o nada y se concreta, en un apoyo fervoroso en Borr\u00e0s.<\/span><\/span><\/p>\n<p><span>En funci\u00f3n de c\u00f3mo se resuelva este congreso y gane en cohesi\u00f3n o la pierda, y deje muchos muertos y heridos pol\u00edticos a sus espaldas, se determinar\u00e1n buena parte de las expectativas de Centrem. Si el alma convergente queda muy menospreciada y tocada, el nuevo partido de Chac\u00f3n tiene algunas posibilidades de cuajar.<\/span><\/p>\n<div id=\"polls-150\" class=\"wp-polls\">\n\t<form id=\"polls_form_150\" class=\"wp-polls-form\" action=\"\/index.php\" method=\"post\">\n\t\t<p style=\"display: none;\"><input type=\"hidden\" id=\"poll_150_nonce\" name=\"wp-polls-nonce\" value=\"551886146a\" \/><\/p>\n\t\t<p style=\"display: none;\"><input type=\"hidden\" name=\"poll_id\" value=\"150\" \/><\/p>\n\t\t<p style=\"text-align: center\"><strong>En el cas Pegasus, S\u00e1nchez t\u00e9 credibilitat?<\/strong><\/p><div id=\"polls-150-ans\" class=\"wp-polls-ans\"><ul class=\"wp-polls-ul\">\n\t\t<li><input type=\"radio\" id=\"poll-answer-389\" name=\"poll_150\" value=\"389\" \/> <label for=\"poll-answer-389\">S\u00ed<\/label><\/li>\n\t\t<li><input type=\"radio\" id=\"poll-answer-390\" name=\"poll_150\" value=\"390\" \/> <label for=\"poll-answer-390\">No<\/label><\/li>\n\t\t<li><input type=\"radio\" id=\"poll-answer-391\" name=\"poll_150\" value=\"391\" \/> <label for=\"poll-answer-391\">No ho s\u00e9<\/label><\/li>\n\t\t<\/ul><p style=\"text-align: center\"><input type=\"button\" name=\"vote\" value=\"   Vota   \" class=\"Buttons\" onclick=\"poll_vote(150);\" \/><\/p><p style=\"text-align: center\"><a href=\"#ViewPollResults\" onclick=\"poll_result(150); return false;\" title=\"View Results Of This Poll\">Mira els resultats<\/a><\/p><\/div>\n\t<\/form>\n<\/div>\n<div id=\"polls-150-loading\" class=\"wp-polls-loading\"><img decoding=\"async\" data-src=\"https:\/\/conversesacatalunya.cat\/wp-content\/plugins\/wp-polls\/images\/loading.gif\" width=\"16\" height=\"16\" alt=\"Cargando ...\" title=\"Cargando ...\" class=\"wp-polls-image lazyload\" src=\"data:image\/svg+xml;base64,PHN2ZyB3aWR0aD0iMSIgaGVpZ2h0PSIxIiB4bWxucz0iaHR0cDovL3d3dy53My5vcmcvMjAwMC9zdmciPjwvc3ZnPg==\" style=\"--smush-placeholder-width: 16px; --smush-placeholder-aspect-ratio: 16\/16;\" \/>&nbsp;Cargando ...<\/div>\n\n","protected":false},"excerpt":{"rendered":"<p>Se ha celebrado el congreso constituyente de Centrem y en el mes de junio se celebrar\u00e1 el de JxCat.\u00a0Estas dos iniciativas enmarcan lo que en teor\u00eda es un\u00a0gran espacio pol\u00edtico en Catalu\u00f1a, pero que en la pr\u00e1ctica est\u00e1 pol\u00edticamente subdimensionado.\u00a0Ambos congresos y su desarrollo posterior dir\u00e1n si nos encontramos ante una transformaci\u00f3n o la simple continuidad del escenario actual. El congreso de\u00a0Centrem ha tenido un relieve medi\u00e1tico modesto, aunque las expectativas de su realizaci\u00f3n ven\u00edan de lejos y su celebraci\u00f3n, despu\u00e9s de meses y meses de frustraciones, pod\u00eda considerarse ya todo un \u00e9xito. Las ponencias que defin\u00edan la organizaci\u00f3n y el proyecto pol\u00edtico fueron aprobadas despu\u00e9s de un largo debate y sit\u00faan las\u00a0bases de la cohesi\u00f3n\u00a0de esa formaci\u00f3n.\u00a0El partido se define como de\u00a0centro, liberal y progresista, es decir, utiliza tres adjetivos a la moda y se\u00f1ala, al menos culturalmente, que en Catalu\u00f1a todo el mundo es progresista, nadie es de derechas, ni conservador, ni tradicional.\u00a0Es un caso extra\u00f1o en el contexto europeo. \u00c0ngels Chac\u00f3n\u00a0fue elegida secretaria general, pero no por unanimidad porque al final se present\u00f3 una candidatura alternativa, la de Teresa Pitard, procedente de uno de los grupos que conflu\u00edan en el proyecto, el de Convergents de Germ\u00e0 Gord\u00f3.\u00a0Chac\u00f3n logr\u00f3 el 77,7% de los votos y Pitard el 22,3%, la mayor\u00eda fue clara.\u00a0En cifras absolutas, que ayudan a dimensionar el congreso, votaron un total de 197 personas, 153 por Chac\u00f3n, 35 por Pitard, 8 en blanco y 1 nulo. Donde s\u00ed hubo clara unanimidad fue en la\u00a0elecci\u00f3n del presidente en la persona de Llu\u00eds Font, que obtuvo el 94% de los votos.\u00a0La nueva ejecutiva est\u00e1 integrada por personas procedentes de los diversos grupos originarios,\u00a0La Lliga, Lliures, Convergents y el PDeCAT.\u00a0Y destacan entre otros nombres el de Astrid Barrio, que ser\u00e1 la secretaria de acci\u00f3n pol\u00edtica, S\u00edlvia Requena, Remei G\u00f3mez, Juan Jos\u00e9 Folchi, entre otros. El gran interrogante es qu\u00e9 har\u00e1 realmente el PDeCAT, que es con diferencia el mayor partido de los que se mueven en torno a esta nueva iniciativa de Centrem, porque su caracter\u00edstica de integrar personas y no partidos deja las manos libres a \u00e9stos para continuar operando donde consideren conveniente.\u00a0La prueba del nueve se verificar\u00e1 a partir de ahora y de cara a las municipales.\u00a0\u00bfCu\u00e1les y cu\u00e1ntas candidaturas de Centrem se forjar\u00e1n? El otro congreso es el de\u00a0Junts.\u00a0Un partido que claramente re\u00fane a dos almas muy diferenciadas.\u00a0La m\u00e1s directamente procedente de Converg\u00e8ncia y que de cerca o m\u00e1s de lejos sigue siendo tutelada por\u00a0convergentes importantes, como Artur Mas e incluso a m\u00e1s distancia el propio Jordi Pujol, y el alma te\u00f3ricamente insurreccional de los independientes que se han ido a\u00f1adiendo, aunque no todos ellos responden a esta caracter\u00edstica, y que expresa en su grado m\u00e1ximo\u00a0Laura Borr\u00e0s. La dimisi\u00f3n de Jordi S\u00e1nchez y la decisi\u00f3n de no presentarse de Puigdemont deja abierta y muy poco construida la nueva direcci\u00f3n pol\u00edtica por la que pugnan precisamente esas dos almas.\u00a0Una, representada por\u00a0Jordi Turull, que encarna la continuidad convergente hasta donde \u00e9sta es posible.\u00a0La otra, la de\u00a0Laura Borr\u00e0s. En teor\u00eda, el hecho de que haya dos grandes cargos de liderazgo que est\u00e9n libres abre la puerta a un acuerdo, uno en la secretar\u00eda, otro en la presidencia.\u00a0El problema es que la presidencia en la configuraci\u00f3n actual tiene escasas capacidades ejecutivas que se concentran en el secretariado general.\u00a0Si Borr\u00e0s, sobre la que sobrevuela una\u00a0inhabilitaci\u00f3n pol\u00edtica, no asume la presidencia y persigue ganar la secretar\u00eda, cabe decir que tiene todos los n\u00fameros a favor, porque si buena parte de la m\u00e1quina del partido es convergente, el militante mayoritariamente se ha creado en el clima del\u00a0independentismo m\u00e1gico\u00a0que permite vivir en una realidad virtual de todo o nada y se concreta, en un apoyo fervoroso en Borr\u00e0s. En funci\u00f3n de c\u00f3mo se resuelva este congreso y gane en cohesi\u00f3n o la pierda, y deje muchos muertos y heridos pol\u00edticos a sus espaldas, se determinar\u00e1n buena parte de las expectativas de Centrem. Si el alma convergente queda muy menospreciada y tocada, el nuevo partido de Chac\u00f3n tiene algunas posibilidades de cuajar.<\/p>\n","protected":false},"author":2,"featured_media":57436,"comment_status":"open","ping_status":"open","sticky":false,"template":"","format":"standard","meta":{"_FSMCFIC_featured_image_caption":"","_FSMCFIC_featured_image_nocaption":"","_FSMCFIC_featured_image_hide":"","footnotes":""},"categories":[806],"tags":[4465,4677],"class_list":["post-57448","post","type-post","status-publish","format-standard","has-post-thumbnail","hentry","category-punts-claus-del-dia-es","tag-centrem-es","tag-juntsxcat-es"],"yoast_head":"<!-- This site is optimized with the Yoast SEO plugin v26.8 - https:\/\/yoast.com\/product\/yoast-seo-wordpress\/ -->\n<title>Pol\u00edtica catalana: Centrem y Junts. Alternativa o continuidad? - Converses a Catalunya<\/title>\n<meta name=\"description\" content=\"En funci\u00f3n de c\u00f3mo se resuelva el congreso de Junts, se determinar\u00e1n buena parte de las expectativas de Centrem\" \/>\n<meta name=\"robots\" content=\"index, follow, max-snippet:-1, max-image-preview:large, max-video-preview:-1\" \/>\n<link rel=\"canonical\" href=\"https:\/\/conversesacatalunya.cat\/es\/politica-catalana-centrem-i-junts-alternativa-o-continuitat\/\" \/>\n<meta property=\"og:locale\" content=\"es_ES\" \/>\n<meta property=\"og:type\" content=\"article\" \/>\n<meta property=\"og:title\" content=\"Pol\u00edtica catalana: Centrem y Junts. Alternativa o continuidad? - Converses a Catalunya\" \/>\n<meta property=\"og:description\" content=\"En funci\u00f3n de c\u00f3mo se resuelva el congreso de Junts, se determinar\u00e1n buena parte de las expectativas de Centrem\" \/>\n<meta property=\"og:url\" content=\"https:\/\/conversesacatalunya.cat\/es\/politica-catalana-centrem-i-junts-alternativa-o-continuitat\/\" \/>\n<meta property=\"og:site_name\" content=\"Converses a Catalunya\" \/>\n<meta property=\"article:published_time\" content=\"2022-05-09T10:52:05+00:00\" \/>\n<meta property=\"article:modified_time\" content=\"2022-05-09T13:06:38+00:00\" \/>\n<meta property=\"og:image\" content=\"https:\/\/conversesacatalunya.cat\/wp-content\/uploads\/2022\/05\/CENTREM.jpeg\" \/>\n\t<meta property=\"og:image:width\" content=\"2048\" \/>\n\t<meta property=\"og:image:height\" content=\"1002\" \/>\n\t<meta property=\"og:image:type\" content=\"image\/jpeg\" \/>\n<meta name=\"author\" content=\"conversesacatalunya\" \/>\n<meta name=\"twitter:card\" content=\"summary_large_image\" \/>\n<meta name=\"twitter:label1\" content=\"Escrito por\" \/>\n\t<meta name=\"twitter:data1\" content=\"conversesacatalunya\" \/>\n\t<meta name=\"twitter:label2\" content=\"Tiempo de lectura\" \/>\n\t<meta name=\"twitter:data2\" content=\"4 minutos\" \/>\n<script type=\"application\/ld+json\" class=\"yoast-schema-graph\">{\"@context\":\"https:\/\/schema.org\",\"@graph\":[{\"@type\":\"Article\",\"@id\":\"https:\/\/conversesacatalunya.cat\/es\/politica-catalana-centrem-i-junts-alternativa-o-continuitat\/#article\",\"isPartOf\":{\"@id\":\"https:\/\/conversesacatalunya.cat\/es\/politica-catalana-centrem-i-junts-alternativa-o-continuitat\/\"},\"author\":{\"name\":\"conversesacatalunya\",\"@id\":\"https:\/\/conversesacatalunya.cat\/#\/schema\/person\/7e24d1e54a2785373ddcb275eae5ed99\"},\"headline\":\"Pol\u00edtica catalana: Centrem y Junts. Alternativa o continuidad?\",\"datePublished\":\"2022-05-09T10:52:05+00:00\",\"dateModified\":\"2022-05-09T13:06:38+00:00\",\"mainEntityOfPage\":{\"@id\":\"https:\/\/conversesacatalunya.cat\/es\/politica-catalana-centrem-i-junts-alternativa-o-continuitat\/\"},\"wordCount\":774,\"commentCount\":0,\"image\":{\"@id\":\"https:\/\/conversesacatalunya.cat\/es\/politica-catalana-centrem-i-junts-alternativa-o-continuitat\/#primaryimage\"},\"thumbnailUrl\":\"https:\/\/conversesacatalunya.cat\/wp-content\/uploads\/2022\/05\/CENTREM.jpeg\",\"keywords\":[\"Centrem\",\"JuntsxCat\"],\"articleSection\":[\"Punts clau del dia (ES)\"],\"inLanguage\":\"es\",\"potentialAction\":[{\"@type\":\"CommentAction\",\"name\":\"Comment\",\"target\":[\"https:\/\/conversesacatalunya.cat\/es\/politica-catalana-centrem-i-junts-alternativa-o-continuitat\/#respond\"]}]},{\"@type\":\"WebPage\",\"@id\":\"https:\/\/conversesacatalunya.cat\/es\/politica-catalana-centrem-i-junts-alternativa-o-continuitat\/\",\"url\":\"https:\/\/conversesacatalunya.cat\/es\/politica-catalana-centrem-i-junts-alternativa-o-continuitat\/\",\"name\":\"Pol\u00edtica catalana: Centrem y Junts. Alternativa o continuidad? - Converses a Catalunya\",\"isPartOf\":{\"@id\":\"https:\/\/conversesacatalunya.cat\/#website\"},\"primaryImageOfPage\":{\"@id\":\"https:\/\/conversesacatalunya.cat\/es\/politica-catalana-centrem-i-junts-alternativa-o-continuitat\/#primaryimage\"},\"image\":{\"@id\":\"https:\/\/conversesacatalunya.cat\/es\/politica-catalana-centrem-i-junts-alternativa-o-continuitat\/#primaryimage\"},\"thumbnailUrl\":\"https:\/\/conversesacatalunya.cat\/wp-content\/uploads\/2022\/05\/CENTREM.jpeg\",\"datePublished\":\"2022-05-09T10:52:05+00:00\",\"dateModified\":\"2022-05-09T13:06:38+00:00\",\"author\":{\"@id\":\"https:\/\/conversesacatalunya.cat\/#\/schema\/person\/7e24d1e54a2785373ddcb275eae5ed99\"},\"description\":\"En funci\u00f3n de c\u00f3mo se resuelva el congreso de Junts, se determinar\u00e1n buena parte de las expectativas de Centrem\",\"breadcrumb\":{\"@id\":\"https:\/\/conversesacatalunya.cat\/es\/politica-catalana-centrem-i-junts-alternativa-o-continuitat\/#breadcrumb\"},\"inLanguage\":\"es\",\"potentialAction\":[{\"@type\":\"ReadAction\",\"target\":[\"https:\/\/conversesacatalunya.cat\/es\/politica-catalana-centrem-i-junts-alternativa-o-continuitat\/\"]}]},{\"@type\":\"ImageObject\",\"inLanguage\":\"es\",\"@id\":\"https:\/\/conversesacatalunya.cat\/es\/politica-catalana-centrem-i-junts-alternativa-o-continuitat\/#primaryimage\",\"url\":\"https:\/\/conversesacatalunya.cat\/wp-content\/uploads\/2022\/05\/CENTREM.jpeg\",\"contentUrl\":\"https:\/\/conversesacatalunya.cat\/wp-content\/uploads\/2022\/05\/CENTREM.jpeg\",\"width\":2048,\"height\":1002,\"caption\":\"CENTREM\"},{\"@type\":\"BreadcrumbList\",\"@id\":\"https:\/\/conversesacatalunya.cat\/es\/politica-catalana-centrem-i-junts-alternativa-o-continuitat\/#breadcrumb\",\"itemListElement\":[{\"@type\":\"ListItem\",\"position\":1,\"name\":\"Inici\",\"item\":\"https:\/\/conversesacatalunya.cat\/es\/\"},{\"@type\":\"ListItem\",\"position\":2,\"name\":\"Pol\u00edtica catalana: Centrem y Junts. Alternativa o continuidad?\"}]},{\"@type\":\"WebSite\",\"@id\":\"https:\/\/conversesacatalunya.cat\/#website\",\"url\":\"https:\/\/conversesacatalunya.cat\/\",\"name\":\"Converses a Catalunya\",\"description\":\"\",\"potentialAction\":[{\"@type\":\"SearchAction\",\"target\":{\"@type\":\"EntryPoint\",\"urlTemplate\":\"https:\/\/conversesacatalunya.cat\/?s={search_term_string}\"},\"query-input\":{\"@type\":\"PropertyValueSpecification\",\"valueRequired\":true,\"valueName\":\"search_term_string\"}}],\"inLanguage\":\"es\"},{\"@type\":\"Person\",\"@id\":\"https:\/\/conversesacatalunya.cat\/#\/schema\/person\/7e24d1e54a2785373ddcb275eae5ed99\",\"name\":\"conversesacatalunya\",\"image\":{\"@type\":\"ImageObject\",\"inLanguage\":\"es\",\"@id\":\"https:\/\/conversesacatalunya.cat\/#\/schema\/person\/image\/\",\"url\":\"https:\/\/conversesacatalunya.cat\/wp-content\/litespeed\/avatar\/febdfeeec89d950f01c748045a981dd2.jpg?ver=1777314535\",\"contentUrl\":\"https:\/\/conversesacatalunya.cat\/wp-content\/litespeed\/avatar\/febdfeeec89d950f01c748045a981dd2.jpg?ver=1777314535\",\"caption\":\"conversesacatalunya\"},\"url\":\"https:\/\/conversesacatalunya.cat\/es\/author\/carme_catala\/\"}]}<\/script>\n<!-- \/ Yoast SEO plugin. -->","yoast_head_json":{"title":"Pol\u00edtica catalana: Centrem y Junts. Alternativa o continuidad? - Converses a Catalunya","description":"En funci\u00f3n de c\u00f3mo se resuelva el congreso de Junts, se determinar\u00e1n buena parte de las expectativas de Centrem","robots":{"index":"index","follow":"follow","max-snippet":"max-snippet:-1","max-image-preview":"max-image-preview:large","max-video-preview":"max-video-preview:-1"},"canonical":"https:\/\/conversesacatalunya.cat\/es\/politica-catalana-centrem-i-junts-alternativa-o-continuitat\/","og_locale":"es_ES","og_type":"article","og_title":"Pol\u00edtica catalana: Centrem y Junts. Alternativa o continuidad? - Converses a Catalunya","og_description":"En funci\u00f3n de c\u00f3mo se resuelva el congreso de Junts, se determinar\u00e1n buena parte de las expectativas de Centrem","og_url":"https:\/\/conversesacatalunya.cat\/es\/politica-catalana-centrem-i-junts-alternativa-o-continuitat\/","og_site_name":"Converses a Catalunya","article_published_time":"2022-05-09T10:52:05+00:00","article_modified_time":"2022-05-09T13:06:38+00:00","og_image":[{"width":2048,"height":1002,"url":"https:\/\/conversesacatalunya.cat\/wp-content\/uploads\/2022\/05\/CENTREM.jpeg","type":"image\/jpeg"}],"author":"conversesacatalunya","twitter_card":"summary_large_image","twitter_misc":{"Escrito por":"conversesacatalunya","Tiempo de lectura":"4 minutos"},"schema":{"@context":"https:\/\/schema.org","@graph":[{"@type":"Article","@id":"https:\/\/conversesacatalunya.cat\/es\/politica-catalana-centrem-i-junts-alternativa-o-continuitat\/#article","isPartOf":{"@id":"https:\/\/conversesacatalunya.cat\/es\/politica-catalana-centrem-i-junts-alternativa-o-continuitat\/"},"author":{"name":"conversesacatalunya","@id":"https:\/\/conversesacatalunya.cat\/#\/schema\/person\/7e24d1e54a2785373ddcb275eae5ed99"},"headline":"Pol\u00edtica catalana: Centrem y Junts. Alternativa o continuidad?","datePublished":"2022-05-09T10:52:05+00:00","dateModified":"2022-05-09T13:06:38+00:00","mainEntityOfPage":{"@id":"https:\/\/conversesacatalunya.cat\/es\/politica-catalana-centrem-i-junts-alternativa-o-continuitat\/"},"wordCount":774,"commentCount":0,"image":{"@id":"https:\/\/conversesacatalunya.cat\/es\/politica-catalana-centrem-i-junts-alternativa-o-continuitat\/#primaryimage"},"thumbnailUrl":"https:\/\/conversesacatalunya.cat\/wp-content\/uploads\/2022\/05\/CENTREM.jpeg","keywords":["Centrem","JuntsxCat"],"articleSection":["Punts clau del dia (ES)"],"inLanguage":"es","potentialAction":[{"@type":"CommentAction","name":"Comment","target":["https:\/\/conversesacatalunya.cat\/es\/politica-catalana-centrem-i-junts-alternativa-o-continuitat\/#respond"]}]},{"@type":"WebPage","@id":"https:\/\/conversesacatalunya.cat\/es\/politica-catalana-centrem-i-junts-alternativa-o-continuitat\/","url":"https:\/\/conversesacatalunya.cat\/es\/politica-catalana-centrem-i-junts-alternativa-o-continuitat\/","name":"Pol\u00edtica catalana: Centrem y Junts. Alternativa o continuidad? - Converses a Catalunya","isPartOf":{"@id":"https:\/\/conversesacatalunya.cat\/#website"},"primaryImageOfPage":{"@id":"https:\/\/conversesacatalunya.cat\/es\/politica-catalana-centrem-i-junts-alternativa-o-continuitat\/#primaryimage"},"image":{"@id":"https:\/\/conversesacatalunya.cat\/es\/politica-catalana-centrem-i-junts-alternativa-o-continuitat\/#primaryimage"},"thumbnailUrl":"https:\/\/conversesacatalunya.cat\/wp-content\/uploads\/2022\/05\/CENTREM.jpeg","datePublished":"2022-05-09T10:52:05+00:00","dateModified":"2022-05-09T13:06:38+00:00","author":{"@id":"https:\/\/conversesacatalunya.cat\/#\/schema\/person\/7e24d1e54a2785373ddcb275eae5ed99"},"description":"En funci\u00f3n de c\u00f3mo se resuelva el congreso de Junts, se determinar\u00e1n buena parte de las expectativas de Centrem","breadcrumb":{"@id":"https:\/\/conversesacatalunya.cat\/es\/politica-catalana-centrem-i-junts-alternativa-o-continuitat\/#breadcrumb"},"inLanguage":"es","potentialAction":[{"@type":"ReadAction","target":["https:\/\/conversesacatalunya.cat\/es\/politica-catalana-centrem-i-junts-alternativa-o-continuitat\/"]}]},{"@type":"ImageObject","inLanguage":"es","@id":"https:\/\/conversesacatalunya.cat\/es\/politica-catalana-centrem-i-junts-alternativa-o-continuitat\/#primaryimage","url":"https:\/\/conversesacatalunya.cat\/wp-content\/uploads\/2022\/05\/CENTREM.jpeg","contentUrl":"https:\/\/conversesacatalunya.cat\/wp-content\/uploads\/2022\/05\/CENTREM.jpeg","width":2048,"height":1002,"caption":"CENTREM"},{"@type":"BreadcrumbList","@id":"https:\/\/conversesacatalunya.cat\/es\/politica-catalana-centrem-i-junts-alternativa-o-continuitat\/#breadcrumb","itemListElement":[{"@type":"ListItem","position":1,"name":"Inici","item":"https:\/\/conversesacatalunya.cat\/es\/"},{"@type":"ListItem","position":2,"name":"Pol\u00edtica catalana: Centrem y Junts. Alternativa o continuidad?"}]},{"@type":"WebSite","@id":"https:\/\/conversesacatalunya.cat\/#website","url":"https:\/\/conversesacatalunya.cat\/","name":"Converses a Catalunya","description":"","potentialAction":[{"@type":"SearchAction","target":{"@type":"EntryPoint","urlTemplate":"https:\/\/conversesacatalunya.cat\/?s={search_term_string}"},"query-input":{"@type":"PropertyValueSpecification","valueRequired":true,"valueName":"search_term_string"}}],"inLanguage":"es"},{"@type":"Person","@id":"https:\/\/conversesacatalunya.cat\/#\/schema\/person\/7e24d1e54a2785373ddcb275eae5ed99","name":"conversesacatalunya","image":{"@type":"ImageObject","inLanguage":"es","@id":"https:\/\/conversesacatalunya.cat\/#\/schema\/person\/image\/","url":"https:\/\/conversesacatalunya.cat\/wp-content\/litespeed\/avatar\/febdfeeec89d950f01c748045a981dd2.jpg?ver=1777314535","contentUrl":"https:\/\/conversesacatalunya.cat\/wp-content\/litespeed\/avatar\/febdfeeec89d950f01c748045a981dd2.jpg?ver=1777314535","caption":"conversesacatalunya"},"url":"https:\/\/conversesacatalunya.cat\/es\/author\/carme_catala\/"}]}},"wps_subtitle":"En funci\u00f3n de c\u00f3mo se resuelva el congreso de Junts, se determinar\u00e1n buena parte de las expectativas de Centrem","_links":{"self":[{"href":"https:\/\/conversesacatalunya.cat\/es\/wp-json\/wp\/v2\/posts\/57448","targetHints":{"allow":["GET"]}}],"collection":[{"href":"https:\/\/conversesacatalunya.cat\/es\/wp-json\/wp\/v2\/posts"}],"about":[{"href":"https:\/\/conversesacatalunya.cat\/es\/wp-json\/wp\/v2\/types\/post"}],"author":[{"embeddable":true,"href":"https:\/\/conversesacatalunya.cat\/es\/wp-json\/wp\/v2\/users\/2"}],"replies":[{"embeddable":true,"href":"https:\/\/conversesacatalunya.cat\/es\/wp-json\/wp\/v2\/comments?post=57448"}],"version-history":[{"count":2,"href":"https:\/\/conversesacatalunya.cat\/es\/wp-json\/wp\/v2\/posts\/57448\/revisions"}],"predecessor-version":[{"id":57450,"href":"https:\/\/conversesacatalunya.cat\/es\/wp-json\/wp\/v2\/posts\/57448\/revisions\/57450"}],"wp:featuredmedia":[{"embeddable":true,"href":"https:\/\/conversesacatalunya.cat\/es\/wp-json\/wp\/v2\/media\/57436"}],"wp:attachment":[{"href":"https:\/\/conversesacatalunya.cat\/es\/wp-json\/wp\/v2\/media?parent=57448"}],"wp:term":[{"taxonomy":"category","embeddable":true,"href":"https:\/\/conversesacatalunya.cat\/es\/wp-json\/wp\/v2\/categories?post=57448"},{"taxonomy":"post_tag","embeddable":true,"href":"https:\/\/conversesacatalunya.cat\/es\/wp-json\/wp\/v2\/tags?post=57448"}],"curies":[{"name":"wp","href":"https:\/\/api.w.org\/{rel}","templated":true}]}}