{"id":57387,"date":"2022-05-06T11:53:12","date_gmt":"2022-05-06T09:53:12","guid":{"rendered":"https:\/\/conversesacatalunya.cat\/?p=57387"},"modified":"2022-05-06T11:53:12","modified_gmt":"2022-05-06T09:53:12","slug":"aborto-y-autogobierno-punt-avui","status":"publish","type":"post","link":"https:\/\/conversesacatalunya.cat\/es\/aborto-y-autogobierno-punt-avui\/","title":{"rendered":"Aborto y autogobierno la extra\u00f1a visi\u00f3n de los medios independentistas. El caso del Punt Avui"},"content":{"rendered":"<p>Se presupone, y adem\u00e1s lo muestran hasta la saciedad todos los d\u00edas, que los medios de comunicaci\u00f3n favorables a la independencia de Catalunya, sit\u00faan antes que nada la prioridad del autogobierno en relaci\u00f3n a las capacidades del Estado. Pero esta doctrina general tiene, por lo visto, una poderosa excepci\u00f3n en muchos comentaristas de este \u00e1mbito pol\u00edtico, y de manera <a href=\"http:\/\/admin2014.elpuntavui.cat\/opinio\/article\/7-editorials\/2135076-llibertat-en-retroces-per-a-la-dona-als-eua.html\" target=\"_blank\" rel=\"noopener\"><strong>particular el Punt Avui<\/strong><\/a>, la publicaci\u00f3n resultante de la fusi\u00f3n del hist\u00f3rico Avui y el Punt de Girona. El expresidente Puigdemont se forj\u00f3 period\u00edsticamente en su redacci\u00f3n.<\/p>\n<p>Ahora la filtraci\u00f3n de la posible sentencia del Tribunal Supremo de Estados Unidos que implicar\u00eda una revisi\u00f3n constitucional de <em>Roe contra Wade<\/em>, que se aprob\u00f3 en 1973,\u00a0 y permiti\u00f3 la legalizaci\u00f3n del aborto por una fr\u00e1gil mayor\u00eda de 5 a 4, ha conmovido la pol\u00edtica de Estados Unidos, y como no, ha encendido los \u00e1nimos de la <strong>progres\u00eda<\/strong> de este pa\u00eds. Hay que decir que aquella sentencia se ha considerado siempre como jur\u00eddicamente <strong>muy d\u00e9bil<\/strong>, pero la mayor\u00eda de los miembros del Tribunal elegidos por presidentes dem\u00f3cratas nunca han impulsado a su revisi\u00f3n.<\/p>\n<p>Ahora, si finalmente el texto que surgiera como sentencia de la m\u00e1s alta instancia, fuera semejante al borrador filtrado, significar\u00eda que el <strong>Estado no es quien para legalizar esta cuesti\u00f3n<\/strong>, sino que corresponde a los estados federales hacerlo. No hay para nada una prohibici\u00f3n taxativa del aborto, sino una devoluci\u00f3n a las bases de la capacidad de legislar.<\/p>\n<p>Si los Estados pueden establecer medidas penales con relaci\u00f3n a un tema tan extremo como la pena de muerte, y el Estado federal no debe legislar sobre ello, parece l\u00f3gico que algo parecido suceda con el <strong>aborto<\/strong>, que dar\u00e1 lugar en Estados con legislaciones muy restrictivas, y otros, como el de Nueva York, que permite el aborto hasta pr\u00e1cticamente el nacimiento. Esta es la l\u00ednea de la actual mayor\u00eda constitucional en el Tribunal Supremo, y no parece para nada desacertada. Es, en definitiva, afirmar que en un estado federal real, todo lo que no est\u00e9 expl\u00edcitamente reservado a la federaci\u00f3n, es competencia de los estados federales. Es el tipo de federalismo que sin duda desde Catalunya preferir\u00edamos, y el que m\u00e1s podr\u00eda satisfacer por aproximaci\u00f3n a una vocaci\u00f3n independentista.<\/p>\n<p>Pero a pesar de ello, el Punt Avui <strong>carga duramente contra el borrador y lo presenta falsamente<\/strong>. Estamos ante un prototipo de titular y contenido <em>fake<\/em>, <strong>digno de la caverna centralista. <\/strong><\/p>\n<p>El diario titula su editorial \u00ab<a href=\"http:\/\/admin2014.elpuntavui.cat\/opinio\/article\/7-editorials\/2135076-llibertat-en-retroces-per-a-la-dona-als-eua.html\" target=\"_blank\" rel=\"noopener\">Libertad en retroceso para la mujer en EEUU<\/a>\u00ab, y prescindiendo de los hechos, permite demostrar que el borrador tendr\u00e1 estas consecuencias. Ya hemos visto que lo que hace el texto filtrado es <strong>otorgar la capacidad de legislar libremente a los estados federados<\/strong> y, por tanto, lo que hay es todo lo contrario ae lo que anuncia el medio: un aumento de la libertad.<\/p>\n<p>Otra cosa es que, como rezuma el Punt Avui, la libertad solo pueda servir para ir en un determinado sentido, el que a ellos les gusta, el de maximizar el aborto, pero si las personas libremente deciden ir en sentido opuesto, esto ya no es libertad. Es evidente que en esta mentalidad, que se puede leer de forma directa o en el trasfondo de muchos de los argumentos que se formulan en estos d\u00edas sobre esta cuesti\u00f3n, existe una visi\u00f3n antidemocr\u00e1tica. Porque la democracia consiste en crear las condiciones que faciliten la libertad de decidir por parte de los ciudadanos; este y no otro es el argumento del independentismo para pedir un refer\u00e9ndum. Pero, al parecer, cuando se debe aplicar esta misma l\u00f3gica a otras cuestiones, como es la del derecho a la vida, el camino queda absolutamente vetado y quienes quieren seguirlo son \u201cconservadores y ultrareligiosos\u201d.<\/p>\n<p>En realidad quienes presentan esta caracter\u00edstica son los que defienden a ultranza la sentencia <em>Roe contra Wade<\/em> porque quieren conservar una jurisprudencia obsoleta y son ultrareligiosos porque han levantado a nivel de dogma determinadas afirmaciones, como que la muerte del que debe nacer forma parte de los <strong>derechos de la mujer<\/strong>, como si el cuidador tuviera derecho a causa de su misi\u00f3n de decidir sobre la vida y la muerte del cuidado.<\/p>\n<div id=\"polls-150\" class=\"wp-polls\">\n\t<form id=\"polls_form_150\" class=\"wp-polls-form\" action=\"\/index.php\" method=\"post\">\n\t\t<p style=\"display: none;\"><input type=\"hidden\" id=\"poll_150_nonce\" name=\"wp-polls-nonce\" value=\"551886146a\" \/><\/p>\n\t\t<p style=\"display: none;\"><input type=\"hidden\" name=\"poll_id\" value=\"150\" \/><\/p>\n\t\t<p style=\"text-align: center\"><strong>En el cas Pegasus, S\u00e1nchez t\u00e9 credibilitat?<\/strong><\/p><div id=\"polls-150-ans\" class=\"wp-polls-ans\"><ul class=\"wp-polls-ul\">\n\t\t<li><input type=\"radio\" id=\"poll-answer-389\" name=\"poll_150\" value=\"389\" \/> <label for=\"poll-answer-389\">S\u00ed<\/label><\/li>\n\t\t<li><input type=\"radio\" id=\"poll-answer-390\" name=\"poll_150\" value=\"390\" \/> <label for=\"poll-answer-390\">No<\/label><\/li>\n\t\t<li><input type=\"radio\" id=\"poll-answer-391\" name=\"poll_150\" value=\"391\" \/> <label for=\"poll-answer-391\">No ho s\u00e9<\/label><\/li>\n\t\t<\/ul><p style=\"text-align: center\"><input type=\"button\" name=\"vote\" value=\"   Vota   \" class=\"Buttons\" onclick=\"poll_vote(150);\" \/><\/p><p style=\"text-align: center\"><a href=\"#ViewPollResults\" onclick=\"poll_result(150); return false;\" title=\"View Results Of This Poll\">Mira els resultats<\/a><\/p><\/div>\n\t<\/form>\n<\/div>\n<div id=\"polls-150-loading\" class=\"wp-polls-loading\"><img decoding=\"async\" data-src=\"https:\/\/conversesacatalunya.cat\/wp-content\/plugins\/wp-polls\/images\/loading.gif\" width=\"16\" height=\"16\" alt=\"Cargando ...\" title=\"Cargando ...\" class=\"wp-polls-image lazyload\" src=\"data:image\/svg+xml;base64,PHN2ZyB3aWR0aD0iMSIgaGVpZ2h0PSIxIiB4bWxucz0iaHR0cDovL3d3dy53My5vcmcvMjAwMC9zdmciPjwvc3ZnPg==\" style=\"--smush-placeholder-width: 16px; --smush-placeholder-aspect-ratio: 16\/16;\" \/>&nbsp;Cargando ...<\/div>\n\n","protected":false},"excerpt":{"rendered":"<p>Se presupone, y adem\u00e1s lo muestran hasta la saciedad todos los d\u00edas, que los medios de comunicaci\u00f3n favorables a la independencia de Catalunya, sit\u00faan antes que nada la prioridad del autogobierno en relaci\u00f3n a las capacidades del Estado. Pero esta doctrina general tiene, por lo visto, una poderosa excepci\u00f3n en muchos comentaristas de este \u00e1mbito pol\u00edtico, y de manera particular el Punt Avui, la publicaci\u00f3n resultante de la fusi\u00f3n del hist\u00f3rico Avui y el Punt de Girona. El expresidente Puigdemont se forj\u00f3 period\u00edsticamente en su redacci\u00f3n. Ahora la filtraci\u00f3n de la posible sentencia del Tribunal Supremo de Estados Unidos que implicar\u00eda una revisi\u00f3n constitucional de Roe contra Wade, que se aprob\u00f3 en 1973,\u00a0 y permiti\u00f3 la legalizaci\u00f3n del aborto por una fr\u00e1gil mayor\u00eda de 5 a 4, ha conmovido la pol\u00edtica de Estados Unidos, y como no, ha encendido los \u00e1nimos de la progres\u00eda de este pa\u00eds. Hay que decir que aquella sentencia se ha considerado siempre como jur\u00eddicamente muy d\u00e9bil, pero la mayor\u00eda de los miembros del Tribunal elegidos por presidentes dem\u00f3cratas nunca han impulsado a su revisi\u00f3n. Ahora, si finalmente el texto que surgiera como sentencia de la m\u00e1s alta instancia, fuera semejante al borrador filtrado, significar\u00eda que el Estado no es quien para legalizar esta cuesti\u00f3n, sino que corresponde a los estados federales hacerlo. No hay para nada una prohibici\u00f3n taxativa del aborto, sino una devoluci\u00f3n a las bases de la capacidad de legislar. Si los Estados pueden establecer medidas penales con relaci\u00f3n a un tema tan extremo como la pena de muerte, y el Estado federal no debe legislar sobre ello, parece l\u00f3gico que algo parecido suceda con el aborto, que dar\u00e1 lugar en Estados con legislaciones muy restrictivas, y otros, como el de Nueva York, que permite el aborto hasta pr\u00e1cticamente el nacimiento. Esta es la l\u00ednea de la actual mayor\u00eda constitucional en el Tribunal Supremo, y no parece para nada desacertada. Es, en definitiva, afirmar que en un estado federal real, todo lo que no est\u00e9 expl\u00edcitamente reservado a la federaci\u00f3n, es competencia de los estados federales. Es el tipo de federalismo que sin duda desde Catalunya preferir\u00edamos, y el que m\u00e1s podr\u00eda satisfacer por aproximaci\u00f3n a una vocaci\u00f3n independentista. Pero a pesar de ello, el Punt Avui carga duramente contra el borrador y lo presenta falsamente. Estamos ante un prototipo de titular y contenido fake, digno de la caverna centralista. El diario titula su editorial \u00abLibertad en retroceso para la mujer en EEUU\u00ab, y prescindiendo de los hechos, permite demostrar que el borrador tendr\u00e1 estas consecuencias. Ya hemos visto que lo que hace el texto filtrado es otorgar la capacidad de legislar libremente a los estados federados y, por tanto, lo que hay es todo lo contrario ae lo que anuncia el medio: un aumento de la libertad. Otra cosa es que, como rezuma el Punt Avui, la libertad solo pueda servir para ir en un determinado sentido, el que a ellos les gusta, el de maximizar el aborto, pero si las personas libremente deciden ir en sentido opuesto, esto ya no es libertad. Es evidente que en esta mentalidad, que se puede leer de forma directa o en el trasfondo de muchos de los argumentos que se formulan en estos d\u00edas sobre esta cuesti\u00f3n, existe una visi\u00f3n antidemocr\u00e1tica. Porque la democracia consiste en crear las condiciones que faciliten la libertad de decidir por parte de los ciudadanos; este y no otro es el argumento del independentismo para pedir un refer\u00e9ndum. Pero, al parecer, cuando se debe aplicar esta misma l\u00f3gica a otras cuestiones, como es la del derecho a la vida, el camino queda absolutamente vetado y quienes quieren seguirlo son \u201cconservadores y ultrareligiosos\u201d. En realidad quienes presentan esta caracter\u00edstica son los que defienden a ultranza la sentencia Roe contra Wade porque quieren conservar una jurisprudencia obsoleta y son ultrareligiosos porque han levantado a nivel de dogma determinadas afirmaciones, como que la muerte del que debe nacer forma parte de los derechos de la mujer, como si el cuidador tuviera derecho a causa de su misi\u00f3n de decidir sobre la vida y la muerte del cuidado.<\/p>\n","protected":false},"author":2,"featured_media":57388,"comment_status":"open","ping_status":"open","sticky":false,"template":"","format":"standard","meta":{"_FSMCFIC_featured_image_caption":"","_FSMCFIC_featured_image_nocaption":"","_FSMCFIC_featured_image_hide":"","footnotes":""},"categories":[806],"tags":[2573,4664],"class_list":["post-57387","post","type-post","status-publish","format-standard","has-post-thumbnail","hentry","category-punts-claus-del-dia-es","tag-aborto","tag-aborto-eeuu"],"yoast_head":"<!-- This site is optimized with the Yoast SEO plugin v26.8 - https:\/\/yoast.com\/product\/yoast-seo-wordpress\/ -->\n<title>Aborto y autogobierno la extra\u00f1a visi\u00f3n de los medios independentistas. El caso del Punt Avui - Converses a Catalunya<\/title>\n<meta name=\"description\" content=\"El Punt Avui carga duramente contra el borrador y lo presenta falsamente. Estamos ante un prototipo de titular y contenido fake, digno de la caverna centralista\" \/>\n<meta name=\"robots\" content=\"index, follow, max-snippet:-1, max-image-preview:large, max-video-preview:-1\" \/>\n<link rel=\"canonical\" href=\"https:\/\/conversesacatalunya.cat\/es\/aborto-y-autogobierno-punt-avui\/\" \/>\n<meta property=\"og:locale\" content=\"es_ES\" \/>\n<meta property=\"og:type\" content=\"article\" \/>\n<meta property=\"og:title\" content=\"Aborto y autogobierno la extra\u00f1a visi\u00f3n de los medios independentistas. El caso del Punt Avui - Converses a Catalunya\" \/>\n<meta property=\"og:description\" content=\"El Punt Avui carga duramente contra el borrador y lo presenta falsamente. Estamos ante un prototipo de titular y contenido fake, digno de la caverna centralista\" \/>\n<meta property=\"og:url\" content=\"https:\/\/conversesacatalunya.cat\/es\/aborto-y-autogobierno-punt-avui\/\" \/>\n<meta property=\"og:site_name\" content=\"Converses a Catalunya\" \/>\n<meta property=\"article:published_time\" content=\"2022-05-06T09:53:12+00:00\" \/>\n<meta property=\"og:image\" content=\"https:\/\/conversesacatalunya.cat\/wp-content\/uploads\/2022\/05\/55497140_101.jpg\" \/>\n\t<meta property=\"og:image:width\" content=\"1024\" \/>\n\t<meta property=\"og:image:height\" content=\"576\" \/>\n\t<meta property=\"og:image:type\" content=\"image\/jpeg\" \/>\n<meta name=\"author\" content=\"conversesacatalunya\" \/>\n<meta name=\"twitter:card\" content=\"summary_large_image\" \/>\n<meta name=\"twitter:label1\" content=\"Escrito por\" \/>\n\t<meta name=\"twitter:data1\" content=\"conversesacatalunya\" \/>\n\t<meta name=\"twitter:label2\" content=\"Tiempo de lectura\" \/>\n\t<meta name=\"twitter:data2\" content=\"4 minutos\" \/>\n<script type=\"application\/ld+json\" class=\"yoast-schema-graph\">{\"@context\":\"https:\/\/schema.org\",\"@graph\":[{\"@type\":\"Article\",\"@id\":\"https:\/\/conversesacatalunya.cat\/es\/aborto-y-autogobierno-punt-avui\/#article\",\"isPartOf\":{\"@id\":\"https:\/\/conversesacatalunya.cat\/es\/aborto-y-autogobierno-punt-avui\/\"},\"author\":{\"name\":\"conversesacatalunya\",\"@id\":\"https:\/\/conversesacatalunya.cat\/#\/schema\/person\/7e24d1e54a2785373ddcb275eae5ed99\"},\"headline\":\"Aborto y autogobierno la extra\u00f1a visi\u00f3n de los medios independentistas. El caso del Punt Avui\",\"datePublished\":\"2022-05-06T09:53:12+00:00\",\"mainEntityOfPage\":{\"@id\":\"https:\/\/conversesacatalunya.cat\/es\/aborto-y-autogobierno-punt-avui\/\"},\"wordCount\":751,\"commentCount\":0,\"image\":{\"@id\":\"https:\/\/conversesacatalunya.cat\/es\/aborto-y-autogobierno-punt-avui\/#primaryimage\"},\"thumbnailUrl\":\"https:\/\/conversesacatalunya.cat\/wp-content\/uploads\/2022\/05\/55497140_101.jpg\",\"keywords\":[\"aborto\",\"aborto EEUU\"],\"articleSection\":[\"Punts clau del dia (ES)\"],\"inLanguage\":\"es\",\"potentialAction\":[{\"@type\":\"CommentAction\",\"name\":\"Comment\",\"target\":[\"https:\/\/conversesacatalunya.cat\/es\/aborto-y-autogobierno-punt-avui\/#respond\"]}]},{\"@type\":\"WebPage\",\"@id\":\"https:\/\/conversesacatalunya.cat\/es\/aborto-y-autogobierno-punt-avui\/\",\"url\":\"https:\/\/conversesacatalunya.cat\/es\/aborto-y-autogobierno-punt-avui\/\",\"name\":\"Aborto y autogobierno la extra\u00f1a visi\u00f3n de los medios independentistas. El caso del Punt Avui - Converses a Catalunya\",\"isPartOf\":{\"@id\":\"https:\/\/conversesacatalunya.cat\/#website\"},\"primaryImageOfPage\":{\"@id\":\"https:\/\/conversesacatalunya.cat\/es\/aborto-y-autogobierno-punt-avui\/#primaryimage\"},\"image\":{\"@id\":\"https:\/\/conversesacatalunya.cat\/es\/aborto-y-autogobierno-punt-avui\/#primaryimage\"},\"thumbnailUrl\":\"https:\/\/conversesacatalunya.cat\/wp-content\/uploads\/2022\/05\/55497140_101.jpg\",\"datePublished\":\"2022-05-06T09:53:12+00:00\",\"author\":{\"@id\":\"https:\/\/conversesacatalunya.cat\/#\/schema\/person\/7e24d1e54a2785373ddcb275eae5ed99\"},\"description\":\"El Punt Avui carga duramente contra el borrador y lo presenta falsamente. Estamos ante un prototipo de titular y contenido fake, digno de la caverna centralista\",\"breadcrumb\":{\"@id\":\"https:\/\/conversesacatalunya.cat\/es\/aborto-y-autogobierno-punt-avui\/#breadcrumb\"},\"inLanguage\":\"es\",\"potentialAction\":[{\"@type\":\"ReadAction\",\"target\":[\"https:\/\/conversesacatalunya.cat\/es\/aborto-y-autogobierno-punt-avui\/\"]}]},{\"@type\":\"ImageObject\",\"inLanguage\":\"es\",\"@id\":\"https:\/\/conversesacatalunya.cat\/es\/aborto-y-autogobierno-punt-avui\/#primaryimage\",\"url\":\"https:\/\/conversesacatalunya.cat\/wp-content\/uploads\/2022\/05\/55497140_101.jpg\",\"contentUrl\":\"https:\/\/conversesacatalunya.cat\/wp-content\/uploads\/2022\/05\/55497140_101.jpg\",\"width\":1024,\"height\":576},{\"@type\":\"BreadcrumbList\",\"@id\":\"https:\/\/conversesacatalunya.cat\/es\/aborto-y-autogobierno-punt-avui\/#breadcrumb\",\"itemListElement\":[{\"@type\":\"ListItem\",\"position\":1,\"name\":\"Inici\",\"item\":\"https:\/\/conversesacatalunya.cat\/es\/\"},{\"@type\":\"ListItem\",\"position\":2,\"name\":\"Aborto y autogobierno la extra\u00f1a visi\u00f3n de los medios independentistas. El caso del Punt Avui\"}]},{\"@type\":\"WebSite\",\"@id\":\"https:\/\/conversesacatalunya.cat\/#website\",\"url\":\"https:\/\/conversesacatalunya.cat\/\",\"name\":\"Converses a Catalunya\",\"description\":\"\",\"potentialAction\":[{\"@type\":\"SearchAction\",\"target\":{\"@type\":\"EntryPoint\",\"urlTemplate\":\"https:\/\/conversesacatalunya.cat\/?s={search_term_string}\"},\"query-input\":{\"@type\":\"PropertyValueSpecification\",\"valueRequired\":true,\"valueName\":\"search_term_string\"}}],\"inLanguage\":\"es\"},{\"@type\":\"Person\",\"@id\":\"https:\/\/conversesacatalunya.cat\/#\/schema\/person\/7e24d1e54a2785373ddcb275eae5ed99\",\"name\":\"conversesacatalunya\",\"image\":{\"@type\":\"ImageObject\",\"inLanguage\":\"es\",\"@id\":\"https:\/\/conversesacatalunya.cat\/#\/schema\/person\/image\/\",\"url\":\"https:\/\/conversesacatalunya.cat\/wp-content\/litespeed\/avatar\/febdfeeec89d950f01c748045a981dd2.jpg?ver=1777314535\",\"contentUrl\":\"https:\/\/conversesacatalunya.cat\/wp-content\/litespeed\/avatar\/febdfeeec89d950f01c748045a981dd2.jpg?ver=1777314535\",\"caption\":\"conversesacatalunya\"},\"url\":\"https:\/\/conversesacatalunya.cat\/es\/author\/carme_catala\/\"}]}<\/script>\n<!-- \/ Yoast SEO plugin. -->","yoast_head_json":{"title":"Aborto y autogobierno la extra\u00f1a visi\u00f3n de los medios independentistas. El caso del Punt Avui - Converses a Catalunya","description":"El Punt Avui carga duramente contra el borrador y lo presenta falsamente. Estamos ante un prototipo de titular y contenido fake, digno de la caverna centralista","robots":{"index":"index","follow":"follow","max-snippet":"max-snippet:-1","max-image-preview":"max-image-preview:large","max-video-preview":"max-video-preview:-1"},"canonical":"https:\/\/conversesacatalunya.cat\/es\/aborto-y-autogobierno-punt-avui\/","og_locale":"es_ES","og_type":"article","og_title":"Aborto y autogobierno la extra\u00f1a visi\u00f3n de los medios independentistas. El caso del Punt Avui - Converses a Catalunya","og_description":"El Punt Avui carga duramente contra el borrador y lo presenta falsamente. Estamos ante un prototipo de titular y contenido fake, digno de la caverna centralista","og_url":"https:\/\/conversesacatalunya.cat\/es\/aborto-y-autogobierno-punt-avui\/","og_site_name":"Converses a Catalunya","article_published_time":"2022-05-06T09:53:12+00:00","og_image":[{"width":1024,"height":576,"url":"https:\/\/conversesacatalunya.cat\/wp-content\/uploads\/2022\/05\/55497140_101.jpg","type":"image\/jpeg"}],"author":"conversesacatalunya","twitter_card":"summary_large_image","twitter_misc":{"Escrito por":"conversesacatalunya","Tiempo de lectura":"4 minutos"},"schema":{"@context":"https:\/\/schema.org","@graph":[{"@type":"Article","@id":"https:\/\/conversesacatalunya.cat\/es\/aborto-y-autogobierno-punt-avui\/#article","isPartOf":{"@id":"https:\/\/conversesacatalunya.cat\/es\/aborto-y-autogobierno-punt-avui\/"},"author":{"name":"conversesacatalunya","@id":"https:\/\/conversesacatalunya.cat\/#\/schema\/person\/7e24d1e54a2785373ddcb275eae5ed99"},"headline":"Aborto y autogobierno la extra\u00f1a visi\u00f3n de los medios independentistas. El caso del Punt Avui","datePublished":"2022-05-06T09:53:12+00:00","mainEntityOfPage":{"@id":"https:\/\/conversesacatalunya.cat\/es\/aborto-y-autogobierno-punt-avui\/"},"wordCount":751,"commentCount":0,"image":{"@id":"https:\/\/conversesacatalunya.cat\/es\/aborto-y-autogobierno-punt-avui\/#primaryimage"},"thumbnailUrl":"https:\/\/conversesacatalunya.cat\/wp-content\/uploads\/2022\/05\/55497140_101.jpg","keywords":["aborto","aborto EEUU"],"articleSection":["Punts clau del dia (ES)"],"inLanguage":"es","potentialAction":[{"@type":"CommentAction","name":"Comment","target":["https:\/\/conversesacatalunya.cat\/es\/aborto-y-autogobierno-punt-avui\/#respond"]}]},{"@type":"WebPage","@id":"https:\/\/conversesacatalunya.cat\/es\/aborto-y-autogobierno-punt-avui\/","url":"https:\/\/conversesacatalunya.cat\/es\/aborto-y-autogobierno-punt-avui\/","name":"Aborto y autogobierno la extra\u00f1a visi\u00f3n de los medios independentistas. El caso del Punt Avui - Converses a Catalunya","isPartOf":{"@id":"https:\/\/conversesacatalunya.cat\/#website"},"primaryImageOfPage":{"@id":"https:\/\/conversesacatalunya.cat\/es\/aborto-y-autogobierno-punt-avui\/#primaryimage"},"image":{"@id":"https:\/\/conversesacatalunya.cat\/es\/aborto-y-autogobierno-punt-avui\/#primaryimage"},"thumbnailUrl":"https:\/\/conversesacatalunya.cat\/wp-content\/uploads\/2022\/05\/55497140_101.jpg","datePublished":"2022-05-06T09:53:12+00:00","author":{"@id":"https:\/\/conversesacatalunya.cat\/#\/schema\/person\/7e24d1e54a2785373ddcb275eae5ed99"},"description":"El Punt Avui carga duramente contra el borrador y lo presenta falsamente. Estamos ante un prototipo de titular y contenido fake, digno de la caverna centralista","breadcrumb":{"@id":"https:\/\/conversesacatalunya.cat\/es\/aborto-y-autogobierno-punt-avui\/#breadcrumb"},"inLanguage":"es","potentialAction":[{"@type":"ReadAction","target":["https:\/\/conversesacatalunya.cat\/es\/aborto-y-autogobierno-punt-avui\/"]}]},{"@type":"ImageObject","inLanguage":"es","@id":"https:\/\/conversesacatalunya.cat\/es\/aborto-y-autogobierno-punt-avui\/#primaryimage","url":"https:\/\/conversesacatalunya.cat\/wp-content\/uploads\/2022\/05\/55497140_101.jpg","contentUrl":"https:\/\/conversesacatalunya.cat\/wp-content\/uploads\/2022\/05\/55497140_101.jpg","width":1024,"height":576},{"@type":"BreadcrumbList","@id":"https:\/\/conversesacatalunya.cat\/es\/aborto-y-autogobierno-punt-avui\/#breadcrumb","itemListElement":[{"@type":"ListItem","position":1,"name":"Inici","item":"https:\/\/conversesacatalunya.cat\/es\/"},{"@type":"ListItem","position":2,"name":"Aborto y autogobierno la extra\u00f1a visi\u00f3n de los medios independentistas. El caso del Punt Avui"}]},{"@type":"WebSite","@id":"https:\/\/conversesacatalunya.cat\/#website","url":"https:\/\/conversesacatalunya.cat\/","name":"Converses a Catalunya","description":"","potentialAction":[{"@type":"SearchAction","target":{"@type":"EntryPoint","urlTemplate":"https:\/\/conversesacatalunya.cat\/?s={search_term_string}"},"query-input":{"@type":"PropertyValueSpecification","valueRequired":true,"valueName":"search_term_string"}}],"inLanguage":"es"},{"@type":"Person","@id":"https:\/\/conversesacatalunya.cat\/#\/schema\/person\/7e24d1e54a2785373ddcb275eae5ed99","name":"conversesacatalunya","image":{"@type":"ImageObject","inLanguage":"es","@id":"https:\/\/conversesacatalunya.cat\/#\/schema\/person\/image\/","url":"https:\/\/conversesacatalunya.cat\/wp-content\/litespeed\/avatar\/febdfeeec89d950f01c748045a981dd2.jpg?ver=1777314535","contentUrl":"https:\/\/conversesacatalunya.cat\/wp-content\/litespeed\/avatar\/febdfeeec89d950f01c748045a981dd2.jpg?ver=1777314535","caption":"conversesacatalunya"},"url":"https:\/\/conversesacatalunya.cat\/es\/author\/carme_catala\/"}]}},"wps_subtitle":"El Punt Avui carga duramente contra el borrador y lo presenta falsamente. Estamos ante un prototipo de titular y contenido fake, digno de la caverna centralista","_links":{"self":[{"href":"https:\/\/conversesacatalunya.cat\/es\/wp-json\/wp\/v2\/posts\/57387","targetHints":{"allow":["GET"]}}],"collection":[{"href":"https:\/\/conversesacatalunya.cat\/es\/wp-json\/wp\/v2\/posts"}],"about":[{"href":"https:\/\/conversesacatalunya.cat\/es\/wp-json\/wp\/v2\/types\/post"}],"author":[{"embeddable":true,"href":"https:\/\/conversesacatalunya.cat\/es\/wp-json\/wp\/v2\/users\/2"}],"replies":[{"embeddable":true,"href":"https:\/\/conversesacatalunya.cat\/es\/wp-json\/wp\/v2\/comments?post=57387"}],"version-history":[{"count":1,"href":"https:\/\/conversesacatalunya.cat\/es\/wp-json\/wp\/v2\/posts\/57387\/revisions"}],"predecessor-version":[{"id":57390,"href":"https:\/\/conversesacatalunya.cat\/es\/wp-json\/wp\/v2\/posts\/57387\/revisions\/57390"}],"wp:featuredmedia":[{"embeddable":true,"href":"https:\/\/conversesacatalunya.cat\/es\/wp-json\/wp\/v2\/media\/57388"}],"wp:attachment":[{"href":"https:\/\/conversesacatalunya.cat\/es\/wp-json\/wp\/v2\/media?parent=57387"}],"wp:term":[{"taxonomy":"category","embeddable":true,"href":"https:\/\/conversesacatalunya.cat\/es\/wp-json\/wp\/v2\/categories?post=57387"},{"taxonomy":"post_tag","embeddable":true,"href":"https:\/\/conversesacatalunya.cat\/es\/wp-json\/wp\/v2\/tags?post=57387"}],"curies":[{"name":"wp","href":"https:\/\/api.w.org\/{rel}","templated":true}]}}