{"id":57297,"date":"2022-05-03T12:13:58","date_gmt":"2022-05-03T10:13:58","guid":{"rendered":"https:\/\/conversesacatalunya.cat\/lescandalos-comportament-del-tribunal-constitucional\/"},"modified":"2022-05-03T15:28:12","modified_gmt":"2022-05-03T13:28:12","slug":"el-escandaloso-comportamiento-del-tribunal-constitucional","status":"publish","type":"post","link":"https:\/\/conversesacatalunya.cat\/es\/el-escandaloso-comportamiento-del-tribunal-constitucional\/","title":{"rendered":"El escandaloso comportamiento del Tribunal Constitucional"},"content":{"rendered":"<p><span>Se representa a la justicia como la imagen de una mujer que en su mano lleva una balanza y que tiene los ojos cegados por una cinta. Es el s\u00edmbolo de que la justicia no se deja guiar por razones de oportunidad del momento, de ah\u00ed que su mirada est\u00e9 velada y que s\u00f3lo sopesa los hechos, tal y como hace el s\u00edmbolo de la balanza.<\/span><\/p>\n<p><span>Nada m\u00e1s alejado de este planteamiento el actual comportamiento del Tribunal Constitucional, que asume p\u00fablicamente que <\/span><strong><span>valora volver a aplazar el eterno debate sobre el recurso del aborto<\/span><\/strong><span>\u00a0para efectuarlo tras las elecciones andaluzas, al considerar que es un asunto que tiene una importante carga ideol\u00f3gica y puede interferir en el resultado de esas elecciones.<\/span><\/p>\n<p><span><span class=\"goog-text-highlight\">Hay que a\u00f1adir, para que se vea hasta d\u00f3nde llega el esc\u00e1ndalo, que\u00a0<\/span><\/span><strong><span><span class=\"goog-text-highlight\">hace 12 a\u00f1os<\/span><\/span><\/strong><span><span class=\"goog-text-highlight\">, 12, que el TC no encuentra el momento para debatir este recurso presentado contra la ley org\u00e1nica del gobierno de Rodr\u00edguez Zapatero del a\u00f1o 2010. Ya nos contar\u00e1 qu\u00e9 garant\u00edas constitucionales podemos tener cuando la m\u00e1s alta instancia que debe velar por ellas tiene estas actitudes.\u00a0<\/span>El retraso es injustificable y si la Comisi\u00f3n Europea no sufriera de estrabismo y mirara hacia otro lado que no fuera Polonia y Hungr\u00eda, constatar\u00eda que es absolutamente contrario a los principios de la UE que un Tribunal Constitucional congele un procedimiento porque no encuentra la forma de\u00a0<\/span><strong><span>acomodar el resultado al poder<\/span><\/strong><span>.<\/span><\/p>\n<p><span>Y el hecho es a\u00fan m\u00e1s grueso porque el precedente constitucional en este sentido existe y se refiere a la anterior ley sobre el aborto.\u00a0En aquella sentencia el Tribunal Constitucional buscaba establecer un\u00a0<\/span><strong><span>equilibrio de derechos<\/span><\/strong><span>\u00a0entre los propios de la mujer y del ser humano no nacido, el\u00a0<\/span><em><span>nasciturus<\/span><\/em><span>, porque es evidente que ese ser humano que debe nacer debe ser portador de alg\u00fan tipo de derecho.\u00a0La ley de Zapatero sencillamente lo ignoraba y aqu\u00ed hay una cuesti\u00f3n importante desde la perspectiva del propio Tribunal Constitucional que explica que le cueste tanto entrar para ejercer lo que es su funci\u00f3n: <\/span><strong><span>restituir la constitucionalidad de las leyes que se promulgan<\/span><\/strong><span>.<\/span><\/p>\n<p><span>Esta circunstancia, que es a\u00fan m\u00e1s espectacular si se considera que la cuna de la ola de leyes a favor del aborto producida a partir de los a\u00f1os 70 en EEUU, ha estado al borde de modificar por parte de su TS la\u00a0<\/span><a href=\"https:\/\/conversesacatalunya.cat\/es\/el-aborto-en-ee-uu-sera-un-tema-central-en-las-proximas-elecciones\/\"><span>sentencia Roe contra Wade<\/span><\/a><span>, que signific\u00f3 la legalizaci\u00f3n del aborto en aquel pa\u00eds sin, sin embargo, entrar en el seno de la cuesti\u00f3n y resolvi\u00e9ndolo a base de decir que la decisi\u00f3n formaba parte del\u00a0<\/span><strong><span>derecho a la intimidad<\/span><\/strong><span>\u00a0de la mujer.\u00a0A estas alturas de la pel\u00edcula m\u00e1s de 25 estados federales han legislado y restringiendo el aborto, en algunos casos en t\u00e9rminos m\u00e1s estrictos aun que los que rigen en el caso de Polonia. Si el TS, como parece que ocurrir\u00e1, deroga esa sentencia, la ola de restricciones estatales se multiplicar\u00e1n y profundizar\u00e1n.<\/span><\/p>\n<p><span><span class=\"goog-text-highlight\">La idea de que el Tribunal Constitucional no emite sentencias antes de unas elecciones, pese a ser discutible porque significa que ha supeditado el ritmo pol\u00edtico, tampoco es de aplicaci\u00f3n en este caso.\u00a0<\/span>Porque no se trata de que no se haga p\u00fablica la sentencia, que no existe, sino de que se produzca el debate en el seno del Tribunal que la haga posible.\u00a0Por tanto, podr\u00eda iniciar este procedimiento y tranquilamente hacer p\u00fablico el resultado justo despu\u00e9s de las elecciones andaluzas de junio.<\/span><\/p>\n<div id=\"polls-150\" class=\"wp-polls\">\n\t<form id=\"polls_form_150\" class=\"wp-polls-form\" action=\"\/index.php\" method=\"post\">\n\t\t<p style=\"display: none;\"><input type=\"hidden\" id=\"poll_150_nonce\" name=\"wp-polls-nonce\" value=\"551886146a\" \/><\/p>\n\t\t<p style=\"display: none;\"><input type=\"hidden\" name=\"poll_id\" value=\"150\" \/><\/p>\n\t\t<p style=\"text-align: center\"><strong>En el cas Pegasus, S\u00e1nchez t\u00e9 credibilitat?<\/strong><\/p><div id=\"polls-150-ans\" class=\"wp-polls-ans\"><ul class=\"wp-polls-ul\">\n\t\t<li><input type=\"radio\" id=\"poll-answer-389\" name=\"poll_150\" value=\"389\" \/> <label for=\"poll-answer-389\">S\u00ed<\/label><\/li>\n\t\t<li><input type=\"radio\" id=\"poll-answer-390\" name=\"poll_150\" value=\"390\" \/> <label for=\"poll-answer-390\">No<\/label><\/li>\n\t\t<li><input type=\"radio\" id=\"poll-answer-391\" name=\"poll_150\" value=\"391\" \/> <label for=\"poll-answer-391\">No ho s\u00e9<\/label><\/li>\n\t\t<\/ul><p style=\"text-align: center\"><input type=\"button\" name=\"vote\" value=\"   Vota   \" class=\"Buttons\" onclick=\"poll_vote(150);\" \/><\/p><p style=\"text-align: center\"><a href=\"#ViewPollResults\" onclick=\"poll_result(150); return false;\" title=\"View Results Of This Poll\">Mira els resultats<\/a><\/p><\/div>\n\t<\/form>\n<\/div>\n<div id=\"polls-150-loading\" class=\"wp-polls-loading\"><img decoding=\"async\" data-src=\"https:\/\/conversesacatalunya.cat\/wp-content\/plugins\/wp-polls\/images\/loading.gif\" width=\"16\" height=\"16\" alt=\"Cargando ...\" title=\"Cargando ...\" class=\"wp-polls-image lazyload\" src=\"data:image\/svg+xml;base64,PHN2ZyB3aWR0aD0iMSIgaGVpZ2h0PSIxIiB4bWxucz0iaHR0cDovL3d3dy53My5vcmcvMjAwMC9zdmciPjwvc3ZnPg==\" style=\"--smush-placeholder-width: 16px; --smush-placeholder-aspect-ratio: 16\/16;\" \/>&nbsp;Cargando ...<\/div>\n\n","protected":false},"excerpt":{"rendered":"<p>Se representa a la justicia como la imagen de una mujer que en su mano lleva una balanza y que tiene los ojos cegados por una cinta. Es el s\u00edmbolo de que la justicia no se deja guiar por razones de oportunidad del momento, de ah\u00ed que su mirada est\u00e9 velada y que s\u00f3lo sopesa los hechos, tal y como hace el s\u00edmbolo de la balanza. Nada m\u00e1s alejado de este planteamiento el actual comportamiento del Tribunal Constitucional, que asume p\u00fablicamente que valora volver a aplazar el eterno debate sobre el recurso del aborto\u00a0para efectuarlo tras las elecciones andaluzas, al considerar que es un asunto que tiene una importante carga ideol\u00f3gica y puede interferir en el resultado de esas elecciones. Hay que a\u00f1adir, para que se vea hasta d\u00f3nde llega el esc\u00e1ndalo, que\u00a0hace 12 a\u00f1os, 12, que el TC no encuentra el momento para debatir este recurso presentado contra la ley org\u00e1nica del gobierno de Rodr\u00edguez Zapatero del a\u00f1o 2010. Ya nos contar\u00e1 qu\u00e9 garant\u00edas constitucionales podemos tener cuando la m\u00e1s alta instancia que debe velar por ellas tiene estas actitudes.\u00a0El retraso es injustificable y si la Comisi\u00f3n Europea no sufriera de estrabismo y mirara hacia otro lado que no fuera Polonia y Hungr\u00eda, constatar\u00eda que es absolutamente contrario a los principios de la UE que un Tribunal Constitucional congele un procedimiento porque no encuentra la forma de\u00a0acomodar el resultado al poder. Y el hecho es a\u00fan m\u00e1s grueso porque el precedente constitucional en este sentido existe y se refiere a la anterior ley sobre el aborto.\u00a0En aquella sentencia el Tribunal Constitucional buscaba establecer un\u00a0equilibrio de derechos\u00a0entre los propios de la mujer y del ser humano no nacido, el\u00a0nasciturus, porque es evidente que ese ser humano que debe nacer debe ser portador de alg\u00fan tipo de derecho.\u00a0La ley de Zapatero sencillamente lo ignoraba y aqu\u00ed hay una cuesti\u00f3n importante desde la perspectiva del propio Tribunal Constitucional que explica que le cueste tanto entrar para ejercer lo que es su funci\u00f3n: restituir la constitucionalidad de las leyes que se promulgan. Esta circunstancia, que es a\u00fan m\u00e1s espectacular si se considera que la cuna de la ola de leyes a favor del aborto producida a partir de los a\u00f1os 70 en EEUU, ha estado al borde de modificar por parte de su TS la\u00a0sentencia Roe contra Wade, que signific\u00f3 la legalizaci\u00f3n del aborto en aquel pa\u00eds sin, sin embargo, entrar en el seno de la cuesti\u00f3n y resolvi\u00e9ndolo a base de decir que la decisi\u00f3n formaba parte del\u00a0derecho a la intimidad\u00a0de la mujer.\u00a0A estas alturas de la pel\u00edcula m\u00e1s de 25 estados federales han legislado y restringiendo el aborto, en algunos casos en t\u00e9rminos m\u00e1s estrictos aun que los que rigen en el caso de Polonia. Si el TS, como parece que ocurrir\u00e1, deroga esa sentencia, la ola de restricciones estatales se multiplicar\u00e1n y profundizar\u00e1n. La idea de que el Tribunal Constitucional no emite sentencias antes de unas elecciones, pese a ser discutible porque significa que ha supeditado el ritmo pol\u00edtico, tampoco es de aplicaci\u00f3n en este caso.\u00a0Porque no se trata de que no se haga p\u00fablica la sentencia, que no existe, sino de que se produzca el debate en el seno del Tribunal que la haga posible.\u00a0Por tanto, podr\u00eda iniciar este procedimiento y tranquilamente hacer p\u00fablico el resultado justo despu\u00e9s de las elecciones andaluzas de junio.<\/p>\n","protected":false},"author":2,"featured_media":57285,"comment_status":"open","ping_status":"open","sticky":false,"template":"","format":"standard","meta":{"_FSMCFIC_featured_image_caption":"","_FSMCFIC_featured_image_nocaption":"","_FSMCFIC_featured_image_hide":"","footnotes":""},"categories":[806],"tags":[2573,371,3040],"class_list":["post-57297","post","type-post","status-publish","format-standard","has-post-thumbnail","hentry","category-punts-claus-del-dia-es","tag-aborto","tag-avortament","tag-tc"],"yoast_head":"<!-- This site is optimized with the Yoast SEO plugin v26.8 - https:\/\/yoast.com\/product\/yoast-seo-wordpress\/ -->\n<title>El escandaloso comportamiento del Tribunal Constitucional - Converses a Catalunya<\/title>\n<meta name=\"robots\" content=\"index, follow, max-snippet:-1, max-image-preview:large, max-video-preview:-1\" \/>\n<link rel=\"canonical\" href=\"https:\/\/conversesacatalunya.cat\/es\/el-escandaloso-comportamiento-del-tribunal-constitucional\/\" \/>\n<meta property=\"og:locale\" content=\"es_ES\" \/>\n<meta property=\"og:type\" content=\"article\" \/>\n<meta property=\"og:title\" content=\"El escandaloso comportamiento del Tribunal Constitucional - Converses a Catalunya\" \/>\n<meta property=\"og:description\" content=\"Se representa a la justicia como la imagen de una mujer que en su mano lleva una balanza y que tiene los ojos cegados por una cinta. Es el s\u00edmbolo de que la justicia no se deja guiar por razones de oportunidad del momento, de ah\u00ed que su mirada est\u00e9 velada y que s\u00f3lo sopesa los hechos, tal y como hace el s\u00edmbolo de la balanza. Nada m\u00e1s alejado de este planteamiento el actual comportamiento del Tribunal Constitucional, que asume p\u00fablicamente que valora volver a aplazar el eterno debate sobre el recurso del aborto\u00a0para efectuarlo tras las elecciones andaluzas, al considerar que es un asunto que tiene una importante carga ideol\u00f3gica y puede interferir en el resultado de esas elecciones. Hay que a\u00f1adir, para que se vea hasta d\u00f3nde llega el esc\u00e1ndalo, que\u00a0hace 12 a\u00f1os, 12, que el TC no encuentra el momento para debatir este recurso presentado contra la ley org\u00e1nica del gobierno de Rodr\u00edguez Zapatero del a\u00f1o 2010. Ya nos contar\u00e1 qu\u00e9 garant\u00edas constitucionales podemos tener cuando la m\u00e1s alta instancia que debe velar por ellas tiene estas actitudes.\u00a0El retraso es injustificable y si la Comisi\u00f3n Europea no sufriera de estrabismo y mirara hacia otro lado que no fuera Polonia y Hungr\u00eda, constatar\u00eda que es absolutamente contrario a los principios de la UE que un Tribunal Constitucional congele un procedimiento porque no encuentra la forma de\u00a0acomodar el resultado al poder. Y el hecho es a\u00fan m\u00e1s grueso porque el precedente constitucional en este sentido existe y se refiere a la anterior ley sobre el aborto.\u00a0En aquella sentencia el Tribunal Constitucional buscaba establecer un\u00a0equilibrio de derechos\u00a0entre los propios de la mujer y del ser humano no nacido, el\u00a0nasciturus, porque es evidente que ese ser humano que debe nacer debe ser portador de alg\u00fan tipo de derecho.\u00a0La ley de Zapatero sencillamente lo ignoraba y aqu\u00ed hay una cuesti\u00f3n importante desde la perspectiva del propio Tribunal Constitucional que explica que le cueste tanto entrar para ejercer lo que es su funci\u00f3n: restituir la constitucionalidad de las leyes que se promulgan. Esta circunstancia, que es a\u00fan m\u00e1s espectacular si se considera que la cuna de la ola de leyes a favor del aborto producida a partir de los a\u00f1os 70 en EEUU, ha estado al borde de modificar por parte de su TS la\u00a0sentencia Roe contra Wade, que signific\u00f3 la legalizaci\u00f3n del aborto en aquel pa\u00eds sin, sin embargo, entrar en el seno de la cuesti\u00f3n y resolvi\u00e9ndolo a base de decir que la decisi\u00f3n formaba parte del\u00a0derecho a la intimidad\u00a0de la mujer.\u00a0A estas alturas de la pel\u00edcula m\u00e1s de 25 estados federales han legislado y restringiendo el aborto, en algunos casos en t\u00e9rminos m\u00e1s estrictos aun que los que rigen en el caso de Polonia. Si el TS, como parece que ocurrir\u00e1, deroga esa sentencia, la ola de restricciones estatales se multiplicar\u00e1n y profundizar\u00e1n. La idea de que el Tribunal Constitucional no emite sentencias antes de unas elecciones, pese a ser discutible porque significa que ha supeditado el ritmo pol\u00edtico, tampoco es de aplicaci\u00f3n en este caso.\u00a0Porque no se trata de que no se haga p\u00fablica la sentencia, que no existe, sino de que se produzca el debate en el seno del Tribunal que la haga posible.\u00a0Por tanto, podr\u00eda iniciar este procedimiento y tranquilamente hacer p\u00fablico el resultado justo despu\u00e9s de las elecciones andaluzas de junio.\" \/>\n<meta property=\"og:url\" content=\"https:\/\/conversesacatalunya.cat\/es\/el-escandaloso-comportamiento-del-tribunal-constitucional\/\" \/>\n<meta property=\"og:site_name\" content=\"Converses a Catalunya\" \/>\n<meta property=\"article:published_time\" content=\"2022-05-03T10:13:58+00:00\" \/>\n<meta property=\"article:modified_time\" content=\"2022-05-03T13:28:12+00:00\" \/>\n<meta property=\"og:image\" content=\"https:\/\/conversesacatalunya.cat\/wp-content\/uploads\/2022\/05\/JUSTICIA-TROPICO-e1584317937748.jpg\" \/>\n\t<meta property=\"og:image:width\" content=\"500\" \/>\n\t<meta property=\"og:image:height\" content=\"333\" \/>\n\t<meta property=\"og:image:type\" content=\"image\/jpeg\" \/>\n<meta name=\"author\" content=\"conversesacatalunya\" \/>\n<meta name=\"twitter:card\" content=\"summary_large_image\" \/>\n<meta name=\"twitter:label1\" content=\"Escrito por\" \/>\n\t<meta name=\"twitter:data1\" content=\"conversesacatalunya\" \/>\n\t<meta name=\"twitter:label2\" content=\"Tiempo de lectura\" \/>\n\t<meta name=\"twitter:data2\" content=\"4 minutos\" \/>\n<script type=\"application\/ld+json\" class=\"yoast-schema-graph\">{\"@context\":\"https:\/\/schema.org\",\"@graph\":[{\"@type\":\"Article\",\"@id\":\"https:\/\/conversesacatalunya.cat\/es\/el-escandaloso-comportamiento-del-tribunal-constitucional\/#article\",\"isPartOf\":{\"@id\":\"https:\/\/conversesacatalunya.cat\/es\/el-escandaloso-comportamiento-del-tribunal-constitucional\/\"},\"author\":{\"name\":\"conversesacatalunya\",\"@id\":\"https:\/\/conversesacatalunya.cat\/#\/schema\/person\/7e24d1e54a2785373ddcb275eae5ed99\"},\"headline\":\"El escandaloso comportamiento del Tribunal Constitucional\",\"datePublished\":\"2022-05-03T10:13:58+00:00\",\"dateModified\":\"2022-05-03T13:28:12+00:00\",\"mainEntityOfPage\":{\"@id\":\"https:\/\/conversesacatalunya.cat\/es\/el-escandaloso-comportamiento-del-tribunal-constitucional\/\"},\"wordCount\":616,\"commentCount\":0,\"image\":{\"@id\":\"https:\/\/conversesacatalunya.cat\/es\/el-escandaloso-comportamiento-del-tribunal-constitucional\/#primaryimage\"},\"thumbnailUrl\":\"https:\/\/conversesacatalunya.cat\/wp-content\/uploads\/2022\/05\/JUSTICIA-TROPICO-e1584317937748.jpg\",\"keywords\":[\"aborto\",\"avortament\",\"TC\"],\"articleSection\":[\"Punts clau del dia (ES)\"],\"inLanguage\":\"es\",\"potentialAction\":[{\"@type\":\"CommentAction\",\"name\":\"Comment\",\"target\":[\"https:\/\/conversesacatalunya.cat\/es\/el-escandaloso-comportamiento-del-tribunal-constitucional\/#respond\"]}]},{\"@type\":\"WebPage\",\"@id\":\"https:\/\/conversesacatalunya.cat\/es\/el-escandaloso-comportamiento-del-tribunal-constitucional\/\",\"url\":\"https:\/\/conversesacatalunya.cat\/es\/el-escandaloso-comportamiento-del-tribunal-constitucional\/\",\"name\":\"El escandaloso comportamiento del Tribunal Constitucional - Converses a Catalunya\",\"isPartOf\":{\"@id\":\"https:\/\/conversesacatalunya.cat\/#website\"},\"primaryImageOfPage\":{\"@id\":\"https:\/\/conversesacatalunya.cat\/es\/el-escandaloso-comportamiento-del-tribunal-constitucional\/#primaryimage\"},\"image\":{\"@id\":\"https:\/\/conversesacatalunya.cat\/es\/el-escandaloso-comportamiento-del-tribunal-constitucional\/#primaryimage\"},\"thumbnailUrl\":\"https:\/\/conversesacatalunya.cat\/wp-content\/uploads\/2022\/05\/JUSTICIA-TROPICO-e1584317937748.jpg\",\"datePublished\":\"2022-05-03T10:13:58+00:00\",\"dateModified\":\"2022-05-03T13:28:12+00:00\",\"author\":{\"@id\":\"https:\/\/conversesacatalunya.cat\/#\/schema\/person\/7e24d1e54a2785373ddcb275eae5ed99\"},\"breadcrumb\":{\"@id\":\"https:\/\/conversesacatalunya.cat\/es\/el-escandaloso-comportamiento-del-tribunal-constitucional\/#breadcrumb\"},\"inLanguage\":\"es\",\"potentialAction\":[{\"@type\":\"ReadAction\",\"target\":[\"https:\/\/conversesacatalunya.cat\/es\/el-escandaloso-comportamiento-del-tribunal-constitucional\/\"]}]},{\"@type\":\"ImageObject\",\"inLanguage\":\"es\",\"@id\":\"https:\/\/conversesacatalunya.cat\/es\/el-escandaloso-comportamiento-del-tribunal-constitucional\/#primaryimage\",\"url\":\"https:\/\/conversesacatalunya.cat\/wp-content\/uploads\/2022\/05\/JUSTICIA-TROPICO-e1584317937748.jpg\",\"contentUrl\":\"https:\/\/conversesacatalunya.cat\/wp-content\/uploads\/2022\/05\/JUSTICIA-TROPICO-e1584317937748.jpg\",\"width\":500,\"height\":333},{\"@type\":\"BreadcrumbList\",\"@id\":\"https:\/\/conversesacatalunya.cat\/es\/el-escandaloso-comportamiento-del-tribunal-constitucional\/#breadcrumb\",\"itemListElement\":[{\"@type\":\"ListItem\",\"position\":1,\"name\":\"Inici\",\"item\":\"https:\/\/conversesacatalunya.cat\/es\/\"},{\"@type\":\"ListItem\",\"position\":2,\"name\":\"El escandaloso comportamiento del Tribunal Constitucional\"}]},{\"@type\":\"WebSite\",\"@id\":\"https:\/\/conversesacatalunya.cat\/#website\",\"url\":\"https:\/\/conversesacatalunya.cat\/\",\"name\":\"Converses a Catalunya\",\"description\":\"\",\"potentialAction\":[{\"@type\":\"SearchAction\",\"target\":{\"@type\":\"EntryPoint\",\"urlTemplate\":\"https:\/\/conversesacatalunya.cat\/?s={search_term_string}\"},\"query-input\":{\"@type\":\"PropertyValueSpecification\",\"valueRequired\":true,\"valueName\":\"search_term_string\"}}],\"inLanguage\":\"es\"},{\"@type\":\"Person\",\"@id\":\"https:\/\/conversesacatalunya.cat\/#\/schema\/person\/7e24d1e54a2785373ddcb275eae5ed99\",\"name\":\"conversesacatalunya\",\"image\":{\"@type\":\"ImageObject\",\"inLanguage\":\"es\",\"@id\":\"https:\/\/conversesacatalunya.cat\/#\/schema\/person\/image\/\",\"url\":\"https:\/\/conversesacatalunya.cat\/wp-content\/litespeed\/avatar\/febdfeeec89d950f01c748045a981dd2.jpg?ver=1777314535\",\"contentUrl\":\"https:\/\/conversesacatalunya.cat\/wp-content\/litespeed\/avatar\/febdfeeec89d950f01c748045a981dd2.jpg?ver=1777314535\",\"caption\":\"conversesacatalunya\"},\"url\":\"https:\/\/conversesacatalunya.cat\/es\/author\/carme_catala\/\"}]}<\/script>\n<!-- \/ Yoast SEO plugin. -->","yoast_head_json":{"title":"El escandaloso comportamiento del Tribunal Constitucional - Converses a Catalunya","robots":{"index":"index","follow":"follow","max-snippet":"max-snippet:-1","max-image-preview":"max-image-preview:large","max-video-preview":"max-video-preview:-1"},"canonical":"https:\/\/conversesacatalunya.cat\/es\/el-escandaloso-comportamiento-del-tribunal-constitucional\/","og_locale":"es_ES","og_type":"article","og_title":"El escandaloso comportamiento del Tribunal Constitucional - Converses a Catalunya","og_description":"Se representa a la justicia como la imagen de una mujer que en su mano lleva una balanza y que tiene los ojos cegados por una cinta. Es el s\u00edmbolo de que la justicia no se deja guiar por razones de oportunidad del momento, de ah\u00ed que su mirada est\u00e9 velada y que s\u00f3lo sopesa los hechos, tal y como hace el s\u00edmbolo de la balanza. Nada m\u00e1s alejado de este planteamiento el actual comportamiento del Tribunal Constitucional, que asume p\u00fablicamente que valora volver a aplazar el eterno debate sobre el recurso del aborto\u00a0para efectuarlo tras las elecciones andaluzas, al considerar que es un asunto que tiene una importante carga ideol\u00f3gica y puede interferir en el resultado de esas elecciones. Hay que a\u00f1adir, para que se vea hasta d\u00f3nde llega el esc\u00e1ndalo, que\u00a0hace 12 a\u00f1os, 12, que el TC no encuentra el momento para debatir este recurso presentado contra la ley org\u00e1nica del gobierno de Rodr\u00edguez Zapatero del a\u00f1o 2010. Ya nos contar\u00e1 qu\u00e9 garant\u00edas constitucionales podemos tener cuando la m\u00e1s alta instancia que debe velar por ellas tiene estas actitudes.\u00a0El retraso es injustificable y si la Comisi\u00f3n Europea no sufriera de estrabismo y mirara hacia otro lado que no fuera Polonia y Hungr\u00eda, constatar\u00eda que es absolutamente contrario a los principios de la UE que un Tribunal Constitucional congele un procedimiento porque no encuentra la forma de\u00a0acomodar el resultado al poder. Y el hecho es a\u00fan m\u00e1s grueso porque el precedente constitucional en este sentido existe y se refiere a la anterior ley sobre el aborto.\u00a0En aquella sentencia el Tribunal Constitucional buscaba establecer un\u00a0equilibrio de derechos\u00a0entre los propios de la mujer y del ser humano no nacido, el\u00a0nasciturus, porque es evidente que ese ser humano que debe nacer debe ser portador de alg\u00fan tipo de derecho.\u00a0La ley de Zapatero sencillamente lo ignoraba y aqu\u00ed hay una cuesti\u00f3n importante desde la perspectiva del propio Tribunal Constitucional que explica que le cueste tanto entrar para ejercer lo que es su funci\u00f3n: restituir la constitucionalidad de las leyes que se promulgan. Esta circunstancia, que es a\u00fan m\u00e1s espectacular si se considera que la cuna de la ola de leyes a favor del aborto producida a partir de los a\u00f1os 70 en EEUU, ha estado al borde de modificar por parte de su TS la\u00a0sentencia Roe contra Wade, que signific\u00f3 la legalizaci\u00f3n del aborto en aquel pa\u00eds sin, sin embargo, entrar en el seno de la cuesti\u00f3n y resolvi\u00e9ndolo a base de decir que la decisi\u00f3n formaba parte del\u00a0derecho a la intimidad\u00a0de la mujer.\u00a0A estas alturas de la pel\u00edcula m\u00e1s de 25 estados federales han legislado y restringiendo el aborto, en algunos casos en t\u00e9rminos m\u00e1s estrictos aun que los que rigen en el caso de Polonia. Si el TS, como parece que ocurrir\u00e1, deroga esa sentencia, la ola de restricciones estatales se multiplicar\u00e1n y profundizar\u00e1n. La idea de que el Tribunal Constitucional no emite sentencias antes de unas elecciones, pese a ser discutible porque significa que ha supeditado el ritmo pol\u00edtico, tampoco es de aplicaci\u00f3n en este caso.\u00a0Porque no se trata de que no se haga p\u00fablica la sentencia, que no existe, sino de que se produzca el debate en el seno del Tribunal que la haga posible.\u00a0Por tanto, podr\u00eda iniciar este procedimiento y tranquilamente hacer p\u00fablico el resultado justo despu\u00e9s de las elecciones andaluzas de junio.","og_url":"https:\/\/conversesacatalunya.cat\/es\/el-escandaloso-comportamiento-del-tribunal-constitucional\/","og_site_name":"Converses a Catalunya","article_published_time":"2022-05-03T10:13:58+00:00","article_modified_time":"2022-05-03T13:28:12+00:00","og_image":[{"width":500,"height":333,"url":"https:\/\/conversesacatalunya.cat\/wp-content\/uploads\/2022\/05\/JUSTICIA-TROPICO-e1584317937748.jpg","type":"image\/jpeg"}],"author":"conversesacatalunya","twitter_card":"summary_large_image","twitter_misc":{"Escrito por":"conversesacatalunya","Tiempo de lectura":"4 minutos"},"schema":{"@context":"https:\/\/schema.org","@graph":[{"@type":"Article","@id":"https:\/\/conversesacatalunya.cat\/es\/el-escandaloso-comportamiento-del-tribunal-constitucional\/#article","isPartOf":{"@id":"https:\/\/conversesacatalunya.cat\/es\/el-escandaloso-comportamiento-del-tribunal-constitucional\/"},"author":{"name":"conversesacatalunya","@id":"https:\/\/conversesacatalunya.cat\/#\/schema\/person\/7e24d1e54a2785373ddcb275eae5ed99"},"headline":"El escandaloso comportamiento del Tribunal Constitucional","datePublished":"2022-05-03T10:13:58+00:00","dateModified":"2022-05-03T13:28:12+00:00","mainEntityOfPage":{"@id":"https:\/\/conversesacatalunya.cat\/es\/el-escandaloso-comportamiento-del-tribunal-constitucional\/"},"wordCount":616,"commentCount":0,"image":{"@id":"https:\/\/conversesacatalunya.cat\/es\/el-escandaloso-comportamiento-del-tribunal-constitucional\/#primaryimage"},"thumbnailUrl":"https:\/\/conversesacatalunya.cat\/wp-content\/uploads\/2022\/05\/JUSTICIA-TROPICO-e1584317937748.jpg","keywords":["aborto","avortament","TC"],"articleSection":["Punts clau del dia (ES)"],"inLanguage":"es","potentialAction":[{"@type":"CommentAction","name":"Comment","target":["https:\/\/conversesacatalunya.cat\/es\/el-escandaloso-comportamiento-del-tribunal-constitucional\/#respond"]}]},{"@type":"WebPage","@id":"https:\/\/conversesacatalunya.cat\/es\/el-escandaloso-comportamiento-del-tribunal-constitucional\/","url":"https:\/\/conversesacatalunya.cat\/es\/el-escandaloso-comportamiento-del-tribunal-constitucional\/","name":"El escandaloso comportamiento del Tribunal Constitucional - Converses a Catalunya","isPartOf":{"@id":"https:\/\/conversesacatalunya.cat\/#website"},"primaryImageOfPage":{"@id":"https:\/\/conversesacatalunya.cat\/es\/el-escandaloso-comportamiento-del-tribunal-constitucional\/#primaryimage"},"image":{"@id":"https:\/\/conversesacatalunya.cat\/es\/el-escandaloso-comportamiento-del-tribunal-constitucional\/#primaryimage"},"thumbnailUrl":"https:\/\/conversesacatalunya.cat\/wp-content\/uploads\/2022\/05\/JUSTICIA-TROPICO-e1584317937748.jpg","datePublished":"2022-05-03T10:13:58+00:00","dateModified":"2022-05-03T13:28:12+00:00","author":{"@id":"https:\/\/conversesacatalunya.cat\/#\/schema\/person\/7e24d1e54a2785373ddcb275eae5ed99"},"breadcrumb":{"@id":"https:\/\/conversesacatalunya.cat\/es\/el-escandaloso-comportamiento-del-tribunal-constitucional\/#breadcrumb"},"inLanguage":"es","potentialAction":[{"@type":"ReadAction","target":["https:\/\/conversesacatalunya.cat\/es\/el-escandaloso-comportamiento-del-tribunal-constitucional\/"]}]},{"@type":"ImageObject","inLanguage":"es","@id":"https:\/\/conversesacatalunya.cat\/es\/el-escandaloso-comportamiento-del-tribunal-constitucional\/#primaryimage","url":"https:\/\/conversesacatalunya.cat\/wp-content\/uploads\/2022\/05\/JUSTICIA-TROPICO-e1584317937748.jpg","contentUrl":"https:\/\/conversesacatalunya.cat\/wp-content\/uploads\/2022\/05\/JUSTICIA-TROPICO-e1584317937748.jpg","width":500,"height":333},{"@type":"BreadcrumbList","@id":"https:\/\/conversesacatalunya.cat\/es\/el-escandaloso-comportamiento-del-tribunal-constitucional\/#breadcrumb","itemListElement":[{"@type":"ListItem","position":1,"name":"Inici","item":"https:\/\/conversesacatalunya.cat\/es\/"},{"@type":"ListItem","position":2,"name":"El escandaloso comportamiento del Tribunal Constitucional"}]},{"@type":"WebSite","@id":"https:\/\/conversesacatalunya.cat\/#website","url":"https:\/\/conversesacatalunya.cat\/","name":"Converses a Catalunya","description":"","potentialAction":[{"@type":"SearchAction","target":{"@type":"EntryPoint","urlTemplate":"https:\/\/conversesacatalunya.cat\/?s={search_term_string}"},"query-input":{"@type":"PropertyValueSpecification","valueRequired":true,"valueName":"search_term_string"}}],"inLanguage":"es"},{"@type":"Person","@id":"https:\/\/conversesacatalunya.cat\/#\/schema\/person\/7e24d1e54a2785373ddcb275eae5ed99","name":"conversesacatalunya","image":{"@type":"ImageObject","inLanguage":"es","@id":"https:\/\/conversesacatalunya.cat\/#\/schema\/person\/image\/","url":"https:\/\/conversesacatalunya.cat\/wp-content\/litespeed\/avatar\/febdfeeec89d950f01c748045a981dd2.jpg?ver=1777314535","contentUrl":"https:\/\/conversesacatalunya.cat\/wp-content\/litespeed\/avatar\/febdfeeec89d950f01c748045a981dd2.jpg?ver=1777314535","caption":"conversesacatalunya"},"url":"https:\/\/conversesacatalunya.cat\/es\/author\/carme_catala\/"}]}},"wps_subtitle":"","_links":{"self":[{"href":"https:\/\/conversesacatalunya.cat\/es\/wp-json\/wp\/v2\/posts\/57297","targetHints":{"allow":["GET"]}}],"collection":[{"href":"https:\/\/conversesacatalunya.cat\/es\/wp-json\/wp\/v2\/posts"}],"about":[{"href":"https:\/\/conversesacatalunya.cat\/es\/wp-json\/wp\/v2\/types\/post"}],"author":[{"embeddable":true,"href":"https:\/\/conversesacatalunya.cat\/es\/wp-json\/wp\/v2\/users\/2"}],"replies":[{"embeddable":true,"href":"https:\/\/conversesacatalunya.cat\/es\/wp-json\/wp\/v2\/comments?post=57297"}],"version-history":[{"count":2,"href":"https:\/\/conversesacatalunya.cat\/es\/wp-json\/wp\/v2\/posts\/57297\/revisions"}],"predecessor-version":[{"id":57299,"href":"https:\/\/conversesacatalunya.cat\/es\/wp-json\/wp\/v2\/posts\/57297\/revisions\/57299"}],"wp:featuredmedia":[{"embeddable":true,"href":"https:\/\/conversesacatalunya.cat\/es\/wp-json\/wp\/v2\/media\/57285"}],"wp:attachment":[{"href":"https:\/\/conversesacatalunya.cat\/es\/wp-json\/wp\/v2\/media?parent=57297"}],"wp:term":[{"taxonomy":"category","embeddable":true,"href":"https:\/\/conversesacatalunya.cat\/es\/wp-json\/wp\/v2\/categories?post=57297"},{"taxonomy":"post_tag","embeddable":true,"href":"https:\/\/conversesacatalunya.cat\/es\/wp-json\/wp\/v2\/tags?post=57297"}],"curies":[{"name":"wp","href":"https:\/\/api.w.org\/{rel}","templated":true}]}}