{"id":57192,"date":"2022-04-28T12:15:44","date_gmt":"2022-04-28T10:15:44","guid":{"rendered":"https:\/\/conversesacatalunya.cat\/es-espanya-una-democracia-fake\/"},"modified":"2022-04-28T15:15:12","modified_gmt":"2022-04-28T13:15:12","slug":"es-espana-una-democracia-fake","status":"publish","type":"post","link":"https:\/\/conversesacatalunya.cat\/es\/es-espana-una-democracia-fake\/","title":{"rendered":"\u00bfEs Espa\u00f1a una democracia fake?"},"content":{"rendered":"<p><span>Bajo el gobierno S\u00e1nchez, aunque el problema viene de m\u00e1s atr\u00e1s, se multiplican los hechos que as\u00ed lo indican.\u00a0En estos momentos con el problema del presunto caso de\u00a0<\/span><strong><span>espionaje a independentistas<\/span><\/strong><span>\u00a0se ponen de manifiesto las enormes contradicciones de la democracia espa\u00f1ola y la incapacidad de todos los partidos de darles una respuesta positiva.<\/span><\/p>\n<p><span>El problema, que puede llegar a afectar a la estabilidad del gobierno S\u00e1nchez, arranca de un punto muy concreto: la\u00a0<\/span><strong><span>ley de secretos oficiales <\/span><\/strong><span>que regula aspectos como lo que ahora est\u00e1 sobre el escenario.\u00a0Pues bien, \u00e9sta es una ley firmada por Franco.\u00a0Es producto de la m\u00e1s estricta legislaci\u00f3n franquista y fue promulgada el 5 de abril de 1968 con el fin de regular qu\u00e9 informaci\u00f3n sensible puede tener conocimiento p\u00fablico y en qu\u00e9 condiciones.\u00a0El reglamento que desarrolla la ley es un decreto tambi\u00e9n del per\u00edodo franquista, el 242\/1969.\u00a0La pregunta es de qu\u00e9 sirve tanta ley de la memoria hist\u00f3rica y democr\u00e1tica, que se dedica a trasladar cad\u00e1veres de sitio, a sacar plaquetas conmemorativas de edificios y monumentos, pero que al mismo tiempo acepta que despu\u00e9s de tantos a\u00f1os nos sigamos regulando por leyes franquistas y que este hecho sea asumido tranquilamente por el propio PSOE. Y, lo que es a\u00fan m\u00e1s escandaloso, para ERC que ha levantado la bandera de la dureza, porque en ning\u00fan momento <\/span><strong><span>nadie ha pedido que esta ley se modifique<\/span><\/strong><span>.\u00a0Es decir, acabe como acabe el actual catalangate, la ley que lleva la firma de Franco quedar\u00e1 vigente. \u00bfC\u00f3mo puede pretenderse un estado democr\u00e1tico y de derecho si mantiene legislaciones de una \u00e9poca que el propio gobierno intenta borrar de la memoria?\u00a0\u00bf No ser\u00e1 que\u00a0<\/span><strong><span>se utiliza el franquismo en funci\u00f3n de los intereses partidistas de cada momento<\/span><\/strong><span>?<\/span><\/p>\n<p><span>La presidenta del Congreso de los Diputados, Meritxell Batet, seguramente la peor presidencia desde que el congreso fue restablecido, ha demostrado con una decisi\u00f3n, una m\u00e1s, ese\u00a0<\/span><strong><span>car\u00e1cter\u00a0<\/span><em><span>fake<\/span><\/em><span> de nuestra democracia<\/span><\/strong><span>, porque en medio de la partida ha modificado las normas del juego. Dado que la comisi\u00f3n de secretos oficiales regulada por la ley franquista de 1968 y cuya composici\u00f3n es reglamentada por el Congreso, exige una mayor\u00eda cualificada de 3\/5 partes para ser elegido como miembro de \u00e9sta, y como el PP, Cs y Vox se opon\u00edan a la presencia de Bildu, <\/span><strong><span>Batet ha modificado las condiciones<\/span><\/strong><span>\u00a0y ha decidido que es suficiente con la mayor\u00eda simple.<\/span><\/p>\n<p><span><span class=\"\">Es una modificaci\u00f3n muy desafortunada porque cuando se trataba de las 3\/5 partes, lo que se estaba diciendo es que su formaci\u00f3n deb\u00eda partir de un consenso de la c\u00e1mara y hacerlo por mayor\u00eda es dejar su composici\u00f3n en manos del poder ejecutivo, que es una forma como otra de laminar la capacidad legislativa de controlarlo, m\u00e1s en un aspecto tan importante como son los secretos oficiales.<\/span><\/span><\/p>\n<p><span>Es totalmente inaceptable, y no es la primera vez que ocurre.\u00a0Recordemos que gracias a Batet el Congreso de los Diputados estuvo meses y meses de\u00a0<\/span><strong><span>inactividad<\/span><\/strong><span>, sin capacidad de control del gobierno durante la covid, precisamente cuando el pa\u00eds viv\u00eda una situaci\u00f3n de emergencia, exig\u00eda una atenta vigilancia del segundo poder sobre el gobierno.<\/span><\/p>\n<p><span>Tambi\u00e9n hay que recordar que hace a\u00f1os que S\u00e1nchez no lleva a cabo el\u00a0<\/span><strong><span>obligatorio mandato sobre el estado del pa\u00eds<\/span><\/strong><span>\u00a0sin que la presidenta del Parlamento haya reclamado nunca ese deber que el jefe del gobierno tiene en relaci\u00f3n al ejecutivo.<\/span><\/p>\n<p><span><span class=\"\">Y por si fuera poco, ahora mismo el gobierno acepta llevar como ley el importante conjunto de\u00a0<\/span><\/span><strong><span><span class=\"\">medidas anticrisis<\/span><\/span><\/strong><span>.\u00a0Hasta hace unas horas su pretensi\u00f3n era aprobarlas como decreto ley.\u00a0La diferencia no es menor.\u00a0<span class=\"\">Este instrumento no permite desplegar enmiendas y todo va a blanco o negro, se aprueba o no se aprueba. <\/span>Mientras que en la tramitaci\u00f3n como ley, al menos existe el debate para que los diversos partidos pol\u00edticos puedan decir la suya y someterla a votaci\u00f3n.\u00a0Parecer\u00eda l\u00f3gico que en un tema tan importante como la crisis y las medidas a adoptar para paliarla, el gobierno pactara el m\u00e1ximo consenso y concierto de todas las fuerzas pol\u00edticas.\u00a0Pero no era as\u00ed.\u00a0El decreto ley era un \u201ctr\u00e1gala\u201d, lo aceptas sin tocar una coma o votas en contra.\u00a0Ahora, como S\u00e1nchez ha visto que posiblemente no tendr\u00e1 mayor\u00eda para sacarlo adelante, ha modificado por necesidad, y de un d\u00eda para otro, el proceso de aprobaci\u00f3n.<\/span><\/p>\n<p><span>La forma de gobernar en Espa\u00f1a, m\u00e1s los vicios ya adquiridos fruto de la partitocr\u00e1tica, han llevado al deterioro de la democracia hasta convertirla en un asunto <\/span><em><span>fake<\/span><\/em><span>.<\/span><\/p>\n<div id=\"polls-149\" class=\"wp-polls\">\n\t<form id=\"polls_form_149\" class=\"wp-polls-form\" action=\"\/index.php\" method=\"post\">\n\t\t<p style=\"display: none;\"><input type=\"hidden\" id=\"poll_149_nonce\" name=\"wp-polls-nonce\" value=\"42bbe64f15\" \/><\/p>\n\t\t<p style=\"display: none;\"><input type=\"hidden\" name=\"poll_id\" value=\"149\" \/><\/p>\n\t\t<p style=\"text-align: center\"><strong>Mantindr\u00e0 Aragon\u00e8s el seu ultim\u00e0tum a S\u00e1nchez o b\u00e9 votar\u00e0 a favor seu a la primera ocasi\u00f3 que tingui?<\/strong><\/p><div id=\"polls-149-ans\" class=\"wp-polls-ans\"><ul class=\"wp-polls-ul\">\n\t\t<li><input type=\"radio\" id=\"poll-answer-386\" name=\"poll_149\" value=\"386\" \/> <label for=\"poll-answer-386\">Mantindr\u00e0 l'ultim\u00e0tum<\/label><\/li>\n\t\t<li><input type=\"radio\" id=\"poll-answer-387\" name=\"poll_149\" value=\"387\" \/> <label for=\"poll-answer-387\">Votar\u00e0 a favor seu a la primera ocasi\u00f3 que tingui<\/label><\/li>\n\t\t<li><input type=\"radio\" id=\"poll-answer-388\" name=\"poll_149\" value=\"388\" \/> <label for=\"poll-answer-388\">No ho s\u00e9<\/label><\/li>\n\t\t<\/ul><p style=\"text-align: center\"><input type=\"button\" name=\"vote\" value=\"   Vota   \" class=\"Buttons\" onclick=\"poll_vote(149);\" \/><\/p><p style=\"text-align: center\"><a href=\"#ViewPollResults\" onclick=\"poll_result(149); return false;\" title=\"View Results Of This Poll\">Mira els resultats<\/a><\/p><\/div>\n\t<\/form>\n<\/div>\n<div id=\"polls-149-loading\" class=\"wp-polls-loading\"><img decoding=\"async\" data-src=\"https:\/\/conversesacatalunya.cat\/wp-content\/plugins\/wp-polls\/images\/loading.gif\" width=\"16\" height=\"16\" alt=\"Cargando ...\" title=\"Cargando ...\" class=\"wp-polls-image lazyload\" src=\"data:image\/svg+xml;base64,PHN2ZyB3aWR0aD0iMSIgaGVpZ2h0PSIxIiB4bWxucz0iaHR0cDovL3d3dy53My5vcmcvMjAwMC9zdmciPjwvc3ZnPg==\" style=\"--smush-placeholder-width: 16px; --smush-placeholder-aspect-ratio: 16\/16;\" \/>&nbsp;Cargando ...<\/div>\n\n","protected":false},"excerpt":{"rendered":"<p>Bajo el gobierno S\u00e1nchez, aunque el problema viene de m\u00e1s atr\u00e1s, se multiplican los hechos que as\u00ed lo indican.\u00a0En estos momentos con el problema del presunto caso de\u00a0espionaje a independentistas\u00a0se ponen de manifiesto las enormes contradicciones de la democracia espa\u00f1ola y la incapacidad de todos los partidos de darles una respuesta positiva. El problema, que puede llegar a afectar a la estabilidad del gobierno S\u00e1nchez, arranca de un punto muy concreto: la\u00a0ley de secretos oficiales que regula aspectos como lo que ahora est\u00e1 sobre el escenario.\u00a0Pues bien, \u00e9sta es una ley firmada por Franco.\u00a0Es producto de la m\u00e1s estricta legislaci\u00f3n franquista y fue promulgada el 5 de abril de 1968 con el fin de regular qu\u00e9 informaci\u00f3n sensible puede tener conocimiento p\u00fablico y en qu\u00e9 condiciones.\u00a0El reglamento que desarrolla la ley es un decreto tambi\u00e9n del per\u00edodo franquista, el 242\/1969.\u00a0La pregunta es de qu\u00e9 sirve tanta ley de la memoria hist\u00f3rica y democr\u00e1tica, que se dedica a trasladar cad\u00e1veres de sitio, a sacar plaquetas conmemorativas de edificios y monumentos, pero que al mismo tiempo acepta que despu\u00e9s de tantos a\u00f1os nos sigamos regulando por leyes franquistas y que este hecho sea asumido tranquilamente por el propio PSOE. Y, lo que es a\u00fan m\u00e1s escandaloso, para ERC que ha levantado la bandera de la dureza, porque en ning\u00fan momento nadie ha pedido que esta ley se modifique.\u00a0Es decir, acabe como acabe el actual catalangate, la ley que lleva la firma de Franco quedar\u00e1 vigente. \u00bfC\u00f3mo puede pretenderse un estado democr\u00e1tico y de derecho si mantiene legislaciones de una \u00e9poca que el propio gobierno intenta borrar de la memoria?\u00a0\u00bf No ser\u00e1 que\u00a0se utiliza el franquismo en funci\u00f3n de los intereses partidistas de cada momento? La presidenta del Congreso de los Diputados, Meritxell Batet, seguramente la peor presidencia desde que el congreso fue restablecido, ha demostrado con una decisi\u00f3n, una m\u00e1s, ese\u00a0car\u00e1cter\u00a0fake de nuestra democracia, porque en medio de la partida ha modificado las normas del juego. Dado que la comisi\u00f3n de secretos oficiales regulada por la ley franquista de 1968 y cuya composici\u00f3n es reglamentada por el Congreso, exige una mayor\u00eda cualificada de 3\/5 partes para ser elegido como miembro de \u00e9sta, y como el PP, Cs y Vox se opon\u00edan a la presencia de Bildu, Batet ha modificado las condiciones\u00a0y ha decidido que es suficiente con la mayor\u00eda simple. Es una modificaci\u00f3n muy desafortunada porque cuando se trataba de las 3\/5 partes, lo que se estaba diciendo es que su formaci\u00f3n deb\u00eda partir de un consenso de la c\u00e1mara y hacerlo por mayor\u00eda es dejar su composici\u00f3n en manos del poder ejecutivo, que es una forma como otra de laminar la capacidad legislativa de controlarlo, m\u00e1s en un aspecto tan importante como son los secretos oficiales. Es totalmente inaceptable, y no es la primera vez que ocurre.\u00a0Recordemos que gracias a Batet el Congreso de los Diputados estuvo meses y meses de\u00a0inactividad, sin capacidad de control del gobierno durante la covid, precisamente cuando el pa\u00eds viv\u00eda una situaci\u00f3n de emergencia, exig\u00eda una atenta vigilancia del segundo poder sobre el gobierno. Tambi\u00e9n hay que recordar que hace a\u00f1os que S\u00e1nchez no lleva a cabo el\u00a0obligatorio mandato sobre el estado del pa\u00eds\u00a0sin que la presidenta del Parlamento haya reclamado nunca ese deber que el jefe del gobierno tiene en relaci\u00f3n al ejecutivo. Y por si fuera poco, ahora mismo el gobierno acepta llevar como ley el importante conjunto de\u00a0medidas anticrisis.\u00a0Hasta hace unas horas su pretensi\u00f3n era aprobarlas como decreto ley.\u00a0La diferencia no es menor.\u00a0Este instrumento no permite desplegar enmiendas y todo va a blanco o negro, se aprueba o no se aprueba. Mientras que en la tramitaci\u00f3n como ley, al menos existe el debate para que los diversos partidos pol\u00edticos puedan decir la suya y someterla a votaci\u00f3n.\u00a0Parecer\u00eda l\u00f3gico que en un tema tan importante como la crisis y las medidas a adoptar para paliarla, el gobierno pactara el m\u00e1ximo consenso y concierto de todas las fuerzas pol\u00edticas.\u00a0Pero no era as\u00ed.\u00a0El decreto ley era un \u201ctr\u00e1gala\u201d, lo aceptas sin tocar una coma o votas en contra.\u00a0Ahora, como S\u00e1nchez ha visto que posiblemente no tendr\u00e1 mayor\u00eda para sacarlo adelante, ha modificado por necesidad, y de un d\u00eda para otro, el proceso de aprobaci\u00f3n. La forma de gobernar en Espa\u00f1a, m\u00e1s los vicios ya adquiridos fruto de la partitocr\u00e1tica, han llevado al deterioro de la democracia hasta convertirla en un asunto fake.<\/p>\n","protected":false},"author":2,"featured_media":57173,"comment_status":"open","ping_status":"open","sticky":false,"template":"","format":"standard","meta":{"_FSMCFIC_featured_image_caption":"","_FSMCFIC_featured_image_nocaption":"","_FSMCFIC_featured_image_hide":"","footnotes":""},"categories":[806],"tags":[4641,898,1375],"class_list":["post-57192","post","type-post","status-publish","format-standard","has-post-thumbnail","hentry","category-punts-claus-del-dia-es","tag-catalangate-es","tag-democracia-es","tag-gobierno-sanchez"],"yoast_head":"<!-- This site is optimized with the Yoast SEO plugin v26.8 - https:\/\/yoast.com\/product\/yoast-seo-wordpress\/ -->\n<title>\u00bfEs Espa\u00f1a una democracia fake? - Converses a Catalunya<\/title>\n<meta name=\"description\" content=\"La forma de gobernar en Espa\u00f1a han llevado al deterioro de la democracia hasta convertirla en un asunto fake.\" \/>\n<meta name=\"robots\" content=\"index, follow, max-snippet:-1, max-image-preview:large, max-video-preview:-1\" \/>\n<link rel=\"canonical\" href=\"https:\/\/conversesacatalunya.cat\/es\/es-espana-una-democracia-fake\/\" \/>\n<meta property=\"og:locale\" content=\"es_ES\" \/>\n<meta property=\"og:type\" content=\"article\" \/>\n<meta property=\"og:title\" content=\"\u00bfEs Espa\u00f1a una democracia fake? - Converses a Catalunya\" \/>\n<meta property=\"og:description\" content=\"La forma de gobernar en Espa\u00f1a han llevado al deterioro de la democracia hasta convertirla en un asunto fake.\" \/>\n<meta property=\"og:url\" content=\"https:\/\/conversesacatalunya.cat\/es\/es-espana-una-democracia-fake\/\" \/>\n<meta property=\"og:site_name\" content=\"Converses a Catalunya\" \/>\n<meta property=\"article:published_time\" content=\"2022-04-28T10:15:44+00:00\" \/>\n<meta property=\"article:modified_time\" content=\"2022-04-28T13:15:12+00:00\" \/>\n<meta property=\"og:image\" content=\"https:\/\/conversesacatalunya.cat\/wp-content\/uploads\/2022\/04\/foto-3592415-scaled-1.jpeg\" \/>\n\t<meta property=\"og:image:width\" content=\"2560\" \/>\n\t<meta property=\"og:image:height\" content=\"1707\" \/>\n\t<meta property=\"og:image:type\" content=\"image\/jpeg\" \/>\n<meta name=\"author\" content=\"conversesacatalunya\" \/>\n<meta name=\"twitter:card\" content=\"summary_large_image\" \/>\n<meta name=\"twitter:label1\" content=\"Escrito por\" \/>\n\t<meta name=\"twitter:data1\" content=\"conversesacatalunya\" \/>\n\t<meta name=\"twitter:label2\" content=\"Tiempo de lectura\" \/>\n\t<meta name=\"twitter:data2\" content=\"5 minutos\" \/>\n<script type=\"application\/ld+json\" class=\"yoast-schema-graph\">{\"@context\":\"https:\/\/schema.org\",\"@graph\":[{\"@type\":\"Article\",\"@id\":\"https:\/\/conversesacatalunya.cat\/es\/es-espana-una-democracia-fake\/#article\",\"isPartOf\":{\"@id\":\"https:\/\/conversesacatalunya.cat\/es\/es-espana-una-democracia-fake\/\"},\"author\":{\"name\":\"conversesacatalunya\",\"@id\":\"https:\/\/conversesacatalunya.cat\/#\/schema\/person\/7e24d1e54a2785373ddcb275eae5ed99\"},\"headline\":\"\u00bfEs Espa\u00f1a una democracia fake?\",\"datePublished\":\"2022-04-28T10:15:44+00:00\",\"dateModified\":\"2022-04-28T13:15:12+00:00\",\"mainEntityOfPage\":{\"@id\":\"https:\/\/conversesacatalunya.cat\/es\/es-espana-una-democracia-fake\/\"},\"wordCount\":815,\"commentCount\":0,\"image\":{\"@id\":\"https:\/\/conversesacatalunya.cat\/es\/es-espana-una-democracia-fake\/#primaryimage\"},\"thumbnailUrl\":\"https:\/\/conversesacatalunya.cat\/wp-content\/uploads\/2022\/04\/foto-3592415-scaled-1.jpeg\",\"keywords\":[\"catalangate\",\"Democracia\",\"Gobierno S\u00e1nchez\"],\"articleSection\":[\"Punts clau del dia (ES)\"],\"inLanguage\":\"es\",\"potentialAction\":[{\"@type\":\"CommentAction\",\"name\":\"Comment\",\"target\":[\"https:\/\/conversesacatalunya.cat\/es\/es-espana-una-democracia-fake\/#respond\"]}]},{\"@type\":\"WebPage\",\"@id\":\"https:\/\/conversesacatalunya.cat\/es\/es-espana-una-democracia-fake\/\",\"url\":\"https:\/\/conversesacatalunya.cat\/es\/es-espana-una-democracia-fake\/\",\"name\":\"\u00bfEs Espa\u00f1a una democracia fake? - Converses a Catalunya\",\"isPartOf\":{\"@id\":\"https:\/\/conversesacatalunya.cat\/#website\"},\"primaryImageOfPage\":{\"@id\":\"https:\/\/conversesacatalunya.cat\/es\/es-espana-una-democracia-fake\/#primaryimage\"},\"image\":{\"@id\":\"https:\/\/conversesacatalunya.cat\/es\/es-espana-una-democracia-fake\/#primaryimage\"},\"thumbnailUrl\":\"https:\/\/conversesacatalunya.cat\/wp-content\/uploads\/2022\/04\/foto-3592415-scaled-1.jpeg\",\"datePublished\":\"2022-04-28T10:15:44+00:00\",\"dateModified\":\"2022-04-28T13:15:12+00:00\",\"author\":{\"@id\":\"https:\/\/conversesacatalunya.cat\/#\/schema\/person\/7e24d1e54a2785373ddcb275eae5ed99\"},\"description\":\"La forma de gobernar en Espa\u00f1a han llevado al deterioro de la democracia hasta convertirla en un asunto fake.\",\"breadcrumb\":{\"@id\":\"https:\/\/conversesacatalunya.cat\/es\/es-espana-una-democracia-fake\/#breadcrumb\"},\"inLanguage\":\"es\",\"potentialAction\":[{\"@type\":\"ReadAction\",\"target\":[\"https:\/\/conversesacatalunya.cat\/es\/es-espana-una-democracia-fake\/\"]}]},{\"@type\":\"ImageObject\",\"inLanguage\":\"es\",\"@id\":\"https:\/\/conversesacatalunya.cat\/es\/es-espana-una-democracia-fake\/#primaryimage\",\"url\":\"https:\/\/conversesacatalunya.cat\/wp-content\/uploads\/2022\/04\/foto-3592415-scaled-1.jpeg\",\"contentUrl\":\"https:\/\/conversesacatalunya.cat\/wp-content\/uploads\/2022\/04\/foto-3592415-scaled-1.jpeg\",\"width\":2560,\"height\":1707},{\"@type\":\"BreadcrumbList\",\"@id\":\"https:\/\/conversesacatalunya.cat\/es\/es-espana-una-democracia-fake\/#breadcrumb\",\"itemListElement\":[{\"@type\":\"ListItem\",\"position\":1,\"name\":\"Inici\",\"item\":\"https:\/\/conversesacatalunya.cat\/es\/\"},{\"@type\":\"ListItem\",\"position\":2,\"name\":\"\u00bfEs Espa\u00f1a una democracia fake?\"}]},{\"@type\":\"WebSite\",\"@id\":\"https:\/\/conversesacatalunya.cat\/#website\",\"url\":\"https:\/\/conversesacatalunya.cat\/\",\"name\":\"Converses a Catalunya\",\"description\":\"\",\"potentialAction\":[{\"@type\":\"SearchAction\",\"target\":{\"@type\":\"EntryPoint\",\"urlTemplate\":\"https:\/\/conversesacatalunya.cat\/?s={search_term_string}\"},\"query-input\":{\"@type\":\"PropertyValueSpecification\",\"valueRequired\":true,\"valueName\":\"search_term_string\"}}],\"inLanguage\":\"es\"},{\"@type\":\"Person\",\"@id\":\"https:\/\/conversesacatalunya.cat\/#\/schema\/person\/7e24d1e54a2785373ddcb275eae5ed99\",\"name\":\"conversesacatalunya\",\"image\":{\"@type\":\"ImageObject\",\"inLanguage\":\"es\",\"@id\":\"https:\/\/conversesacatalunya.cat\/#\/schema\/person\/image\/\",\"url\":\"https:\/\/conversesacatalunya.cat\/wp-content\/litespeed\/avatar\/febdfeeec89d950f01c748045a981dd2.jpg?ver=1777314535\",\"contentUrl\":\"https:\/\/conversesacatalunya.cat\/wp-content\/litespeed\/avatar\/febdfeeec89d950f01c748045a981dd2.jpg?ver=1777314535\",\"caption\":\"conversesacatalunya\"},\"url\":\"https:\/\/conversesacatalunya.cat\/es\/author\/carme_catala\/\"}]}<\/script>\n<!-- \/ Yoast SEO plugin. -->","yoast_head_json":{"title":"\u00bfEs Espa\u00f1a una democracia fake? - Converses a Catalunya","description":"La forma de gobernar en Espa\u00f1a han llevado al deterioro de la democracia hasta convertirla en un asunto fake.","robots":{"index":"index","follow":"follow","max-snippet":"max-snippet:-1","max-image-preview":"max-image-preview:large","max-video-preview":"max-video-preview:-1"},"canonical":"https:\/\/conversesacatalunya.cat\/es\/es-espana-una-democracia-fake\/","og_locale":"es_ES","og_type":"article","og_title":"\u00bfEs Espa\u00f1a una democracia fake? - Converses a Catalunya","og_description":"La forma de gobernar en Espa\u00f1a han llevado al deterioro de la democracia hasta convertirla en un asunto fake.","og_url":"https:\/\/conversesacatalunya.cat\/es\/es-espana-una-democracia-fake\/","og_site_name":"Converses a Catalunya","article_published_time":"2022-04-28T10:15:44+00:00","article_modified_time":"2022-04-28T13:15:12+00:00","og_image":[{"width":2560,"height":1707,"url":"https:\/\/conversesacatalunya.cat\/wp-content\/uploads\/2022\/04\/foto-3592415-scaled-1.jpeg","type":"image\/jpeg"}],"author":"conversesacatalunya","twitter_card":"summary_large_image","twitter_misc":{"Escrito por":"conversesacatalunya","Tiempo de lectura":"5 minutos"},"schema":{"@context":"https:\/\/schema.org","@graph":[{"@type":"Article","@id":"https:\/\/conversesacatalunya.cat\/es\/es-espana-una-democracia-fake\/#article","isPartOf":{"@id":"https:\/\/conversesacatalunya.cat\/es\/es-espana-una-democracia-fake\/"},"author":{"name":"conversesacatalunya","@id":"https:\/\/conversesacatalunya.cat\/#\/schema\/person\/7e24d1e54a2785373ddcb275eae5ed99"},"headline":"\u00bfEs Espa\u00f1a una democracia fake?","datePublished":"2022-04-28T10:15:44+00:00","dateModified":"2022-04-28T13:15:12+00:00","mainEntityOfPage":{"@id":"https:\/\/conversesacatalunya.cat\/es\/es-espana-una-democracia-fake\/"},"wordCount":815,"commentCount":0,"image":{"@id":"https:\/\/conversesacatalunya.cat\/es\/es-espana-una-democracia-fake\/#primaryimage"},"thumbnailUrl":"https:\/\/conversesacatalunya.cat\/wp-content\/uploads\/2022\/04\/foto-3592415-scaled-1.jpeg","keywords":["catalangate","Democracia","Gobierno S\u00e1nchez"],"articleSection":["Punts clau del dia (ES)"],"inLanguage":"es","potentialAction":[{"@type":"CommentAction","name":"Comment","target":["https:\/\/conversesacatalunya.cat\/es\/es-espana-una-democracia-fake\/#respond"]}]},{"@type":"WebPage","@id":"https:\/\/conversesacatalunya.cat\/es\/es-espana-una-democracia-fake\/","url":"https:\/\/conversesacatalunya.cat\/es\/es-espana-una-democracia-fake\/","name":"\u00bfEs Espa\u00f1a una democracia fake? - Converses a Catalunya","isPartOf":{"@id":"https:\/\/conversesacatalunya.cat\/#website"},"primaryImageOfPage":{"@id":"https:\/\/conversesacatalunya.cat\/es\/es-espana-una-democracia-fake\/#primaryimage"},"image":{"@id":"https:\/\/conversesacatalunya.cat\/es\/es-espana-una-democracia-fake\/#primaryimage"},"thumbnailUrl":"https:\/\/conversesacatalunya.cat\/wp-content\/uploads\/2022\/04\/foto-3592415-scaled-1.jpeg","datePublished":"2022-04-28T10:15:44+00:00","dateModified":"2022-04-28T13:15:12+00:00","author":{"@id":"https:\/\/conversesacatalunya.cat\/#\/schema\/person\/7e24d1e54a2785373ddcb275eae5ed99"},"description":"La forma de gobernar en Espa\u00f1a han llevado al deterioro de la democracia hasta convertirla en un asunto fake.","breadcrumb":{"@id":"https:\/\/conversesacatalunya.cat\/es\/es-espana-una-democracia-fake\/#breadcrumb"},"inLanguage":"es","potentialAction":[{"@type":"ReadAction","target":["https:\/\/conversesacatalunya.cat\/es\/es-espana-una-democracia-fake\/"]}]},{"@type":"ImageObject","inLanguage":"es","@id":"https:\/\/conversesacatalunya.cat\/es\/es-espana-una-democracia-fake\/#primaryimage","url":"https:\/\/conversesacatalunya.cat\/wp-content\/uploads\/2022\/04\/foto-3592415-scaled-1.jpeg","contentUrl":"https:\/\/conversesacatalunya.cat\/wp-content\/uploads\/2022\/04\/foto-3592415-scaled-1.jpeg","width":2560,"height":1707},{"@type":"BreadcrumbList","@id":"https:\/\/conversesacatalunya.cat\/es\/es-espana-una-democracia-fake\/#breadcrumb","itemListElement":[{"@type":"ListItem","position":1,"name":"Inici","item":"https:\/\/conversesacatalunya.cat\/es\/"},{"@type":"ListItem","position":2,"name":"\u00bfEs Espa\u00f1a una democracia fake?"}]},{"@type":"WebSite","@id":"https:\/\/conversesacatalunya.cat\/#website","url":"https:\/\/conversesacatalunya.cat\/","name":"Converses a Catalunya","description":"","potentialAction":[{"@type":"SearchAction","target":{"@type":"EntryPoint","urlTemplate":"https:\/\/conversesacatalunya.cat\/?s={search_term_string}"},"query-input":{"@type":"PropertyValueSpecification","valueRequired":true,"valueName":"search_term_string"}}],"inLanguage":"es"},{"@type":"Person","@id":"https:\/\/conversesacatalunya.cat\/#\/schema\/person\/7e24d1e54a2785373ddcb275eae5ed99","name":"conversesacatalunya","image":{"@type":"ImageObject","inLanguage":"es","@id":"https:\/\/conversesacatalunya.cat\/#\/schema\/person\/image\/","url":"https:\/\/conversesacatalunya.cat\/wp-content\/litespeed\/avatar\/febdfeeec89d950f01c748045a981dd2.jpg?ver=1777314535","contentUrl":"https:\/\/conversesacatalunya.cat\/wp-content\/litespeed\/avatar\/febdfeeec89d950f01c748045a981dd2.jpg?ver=1777314535","caption":"conversesacatalunya"},"url":"https:\/\/conversesacatalunya.cat\/es\/author\/carme_catala\/"}]}},"wps_subtitle":"La forma de gobernar en Espa\u00f1a, m\u00e1s los vicios ya adquiridos fruto de la partitocr\u00e1tica, han llevado al deterioro de la democracia hasta convertirla en un asunto fake.","_links":{"self":[{"href":"https:\/\/conversesacatalunya.cat\/es\/wp-json\/wp\/v2\/posts\/57192","targetHints":{"allow":["GET"]}}],"collection":[{"href":"https:\/\/conversesacatalunya.cat\/es\/wp-json\/wp\/v2\/posts"}],"about":[{"href":"https:\/\/conversesacatalunya.cat\/es\/wp-json\/wp\/v2\/types\/post"}],"author":[{"embeddable":true,"href":"https:\/\/conversesacatalunya.cat\/es\/wp-json\/wp\/v2\/users\/2"}],"replies":[{"embeddable":true,"href":"https:\/\/conversesacatalunya.cat\/es\/wp-json\/wp\/v2\/comments?post=57192"}],"version-history":[{"count":2,"href":"https:\/\/conversesacatalunya.cat\/es\/wp-json\/wp\/v2\/posts\/57192\/revisions"}],"predecessor-version":[{"id":57194,"href":"https:\/\/conversesacatalunya.cat\/es\/wp-json\/wp\/v2\/posts\/57192\/revisions\/57194"}],"wp:featuredmedia":[{"embeddable":true,"href":"https:\/\/conversesacatalunya.cat\/es\/wp-json\/wp\/v2\/media\/57173"}],"wp:attachment":[{"href":"https:\/\/conversesacatalunya.cat\/es\/wp-json\/wp\/v2\/media?parent=57192"}],"wp:term":[{"taxonomy":"category","embeddable":true,"href":"https:\/\/conversesacatalunya.cat\/es\/wp-json\/wp\/v2\/categories?post=57192"},{"taxonomy":"post_tag","embeddable":true,"href":"https:\/\/conversesacatalunya.cat\/es\/wp-json\/wp\/v2\/tags?post=57192"}],"curies":[{"name":"wp","href":"https:\/\/api.w.org\/{rel}","templated":true}]}}