{"id":57106,"date":"2022-04-26T12:36:30","date_gmt":"2022-04-26T10:36:30","guid":{"rendered":"https:\/\/conversesacatalunya.cat\/unio-europea-regular-gegants-tecnologics\/"},"modified":"2022-04-26T15:36:52","modified_gmt":"2022-04-26T13:36:52","slug":"la-union-europea-intenta-regular-los-gigantes-tecnologicos","status":"publish","type":"post","link":"https:\/\/conversesacatalunya.cat\/es\/la-union-europea-intenta-regular-los-gigantes-tecnologicos\/","title":{"rendered":"La Uni\u00f3n Europea intenta regular los gigantes tecnol\u00f3gicos"},"content":{"rendered":"<p><span>Tras un acuerdo entre el Parlamento Europeo y el Consejo (que representa a los gobiernos de los Estados Miembros de la Uni\u00f3n Europea), la semana pasada se aprob\u00f3 la\u00a0<\/span><strong><span>Ley de Mercados Digitales<\/span><\/strong><span>.<\/span><\/p>\n<p><span>Es la culminaci\u00f3n de un trabajo de varios a\u00f1os de la Comisi\u00f3n Europea, y que se aprueba a pesar de los\u00a0<\/span><strong><span>enormes esfuerzos de\u00a0<\/span><em><span>lobbying<\/span><\/em><\/strong><span>\u00a0desplegados por Alphabet (propietaria de Google) y otras muchas grandes firmas tecnol\u00f3gicas.<\/span><\/p>\n<p><span>La Ley de Mercados Digitales difiere de otros intentos de regulaci\u00f3n de la competencia puesto que\u00a0<\/span><strong><span>no se basa \u00fanicamente en garantizar precios<\/span><\/strong><span>\u00a0\u201cjustos\u201d para los consumidores mediante la libre competici\u00f3n entre empresas.<\/span><\/p>\n<p><span>De hecho, la Uni\u00f3n Europea ha adoptado una visi\u00f3n mucho m\u00e1s global de lo que es la competencia, puesto que busca proteger la privacidad de los usuarios y la protecci\u00f3n de sus datos personales.\u00a0Como es sabido,\u00a0<\/span><strong><span>los datos personales son la moneda que las plataformas como Google, Instagram o WhatsApp piden a sus usuarios a cambio de los servicios gratuitos que le ofrecen<\/span><\/strong><span>.<\/span><\/p>\n<p><span>La ley obliga a los proveedores de servicios por internet a\u00a0<\/span><strong><span>garantizar la interoperabilidad<\/span><\/strong><span> entre plataformas y a no generar ecosistemas de productos cerrados.\u00a0Tambi\u00e9n contempla sanciones que pueden ir hasta el 20% de la facturaci\u00f3n anual de la empresa o incluso su desmembramiento en los casos m\u00e1s graves.<\/span><\/p>\n<span class='bctt-click-to-tweet'><span class='bctt-ctt-text'><a href='https:\/\/twitter.com\/intent\/tweet?url=https%3A%2F%2Fconversesacatalunya.cat%2Fes%2Fla-union-europea-intenta-regular-los-gigantes-tecnologicos%2F&#038;text=La%20Ley%20de%20Mercados%20Digitales%20obligar%C3%A1%20a%20Whatsapp%20a%20permitir%20que%20sus%20usuarios%20puedan%20enviar%20mensajes%20a%20otros%20que%20utilicen%20otra%20plataforma&#038;via=conversesacat&#038;related=conversesacat' target='_blank'rel=\"noopener noreferrer\">La Ley de Mercados Digitales obligar\u00e1 a Whatsapp a permitir que sus usuarios puedan enviar mensajes a otros que utilicen otra plataforma <\/a><\/span><a href='https:\/\/twitter.com\/intent\/tweet?url=https%3A%2F%2Fconversesacatalunya.cat%2Fes%2Fla-union-europea-intenta-regular-los-gigantes-tecnologicos%2F&#038;text=La%20Ley%20de%20Mercados%20Digitales%20obligar%C3%A1%20a%20Whatsapp%20a%20permitir%20que%20sus%20usuarios%20puedan%20enviar%20mensajes%20a%20otros%20que%20utilicen%20otra%20plataforma&#038;via=conversesacat&#038;related=conversesacat' target='_blank' class='bctt-ctt-btn'rel=\"noopener noreferrer\">Compartir en X<\/a><\/span>\n<p><span><span class=\"goog-text-highlight\">Algunas implicaciones pr\u00e1cticas de la Ley de Mercados Digitales son que obligar\u00e1 a Whatsapp a permitir que sus usuarios puedan enviar mensajes a otros que utilicen otra plataforma, por ejemplo Telegram. <\/span>Otra ser\u00eda que\u00a0<\/span><a href=\"https:\/\/conversesacatalunya.cat\/es\/apple-y-tesla-2022\/\" target=\"_blank\" rel=\"noopener\"><span>Apple<\/span><\/a><span>\u00a0tendr\u00e1 que permitir a los usuarios del iPhone instalar aplicaciones que no se encuentren en su App Store.<\/span><\/p>\n<p><span>En la profundidad y novedad de las reglas, la Ley de Mercados Digitales es una aut\u00e9ntica revoluci\u00f3n.\u00a0Muchos expertos la consideran como\u00a0<\/span><strong><span>el hito m\u00e1s importante de la econom\u00eda digital de los \u00faltimos 20 a\u00f1os<\/span><\/strong><span> (esto es, pr\u00e1cticamente desde que esta existe).<\/span><\/p>\n<p><span>La Ley de Mercados Digitales tendr\u00e1 una hermana, la\u00a0<\/span><strong><span>Ley de Servicios Digitales<\/span><\/strong><span>, que se centrar\u00e1 en la privacidad y la protecci\u00f3n de los datos personales de los usuarios.\u00a0Esta segunda ley obligar\u00e1 a\u00a0<\/span><strong><span>retirar r\u00e1pidamente anuncios o contenidos ilegales y somete a escrutinio p\u00fablico los algoritmos<\/span><\/strong><span>\u00a0de los proveedores de servicios, desde TikTok a Amazon.<\/span><\/p>\n<blockquote><p><span>La legislaci\u00f3n ha tenido la oposici\u00f3n frontal de las grandes empresas del sector, pero tambi\u00e9n la mirada desconfiada de Estados Unidos<\/span><\/p><\/blockquote>\n<p><span><span class=\"goog-text-highlight\">La legislaci\u00f3n ha tenido la oposici\u00f3n frontal de las grandes empresas del sector, pero tambi\u00e9n la\u00a0<\/span><\/span><strong><span><span class=\"goog-text-highlight\">mirada desconfiada de Estados Unidos<\/span><\/span><\/strong><span><span class=\"goog-text-highlight\">.\u00a0<\/span>La Secretaria de Comercio de la Administraci\u00f3n Biden, Gina Raimondo, declar\u00f3 que Bruselas estaba atacando \u00abdesproporcionadamente\u00bb a las empresas estadounidenses.<\/span><\/p>\n<div class=\"code-block code-block-6\">\n<div class=\"w-actionbox-text\">\n<p><span>Est\u00e1 por ver hasta qu\u00e9 punto la Comisi\u00f3n Europea ser\u00e1 capaz de asegurar el cumplimiento de las nuevas obligaciones de los gigantes de internet.\u00a0La tarea no ser\u00e1 nada f\u00e1cil, ya que\u00a0<\/span><strong><span>la Ley de Mercados Digitales va frontalmente en contra del modelo de negocio que\u00a0<\/span><a href=\"https:\/\/conversesacatalunya.cat\/es\/cuando-se-demuestra-que-quien-manda-en-el-mundo-son-las-grandes-empresas-tecnologicas-twitter-google-y-compania\/\" target=\"_blank\" rel=\"noopener\"><span>tan bien ha funcionado<\/span><\/a><span> por el sector tecnol\u00f3gico<\/span><\/strong><span>.<\/span><\/p>\n<p><span><span class=\"\">Lo que s\u00ed est\u00e1 claro es que la nueva legislaci\u00f3n, centrada en erosionar los grandes monopolios digitales estadounidenses,\u00a0<\/span><\/span><strong><span><span class=\"\">no implicar\u00e1 de repente una ola de innovaci\u00f3n en Europa<\/span><\/span><\/strong><span><span class=\"\">.<\/span><\/span><\/p>\n<p><span>Estados Unidos sigue disponiendo del capital humano y financiero para innovar y liderar la cuarta revoluci\u00f3n industrial, mientras que Europa vuelve a demostrar su excelencia en materia de regulaci\u00f3n de mercados.\u00a0<\/span><strong><span>Pero solo con esfuerzos de regulaci\u00f3n <\/span><a href=\"https:\/\/conversesacatalunya-cat.translate.goog\/europa-aspirar-nova-cursa-espacial\/?_x_tr_sl=ca&amp;_x_tr_tl=es&amp;_x_tr_hl=es&amp;_x_tr_pto=wapp\" target=\"_blank\" rel=\"noopener\"><span>no se puede aspirar<\/span><\/a><span>\u00a0al liderazgo econ\u00f3mico<\/span><\/strong><span>\u00a0.<\/span><\/p>\n<\/div>\n<\/div>\n<div id=\"polls-149\" class=\"wp-polls\">\n\t<form id=\"polls_form_149\" class=\"wp-polls-form\" action=\"\/index.php\" method=\"post\">\n\t\t<p style=\"display: none;\"><input type=\"hidden\" id=\"poll_149_nonce\" name=\"wp-polls-nonce\" value=\"42bbe64f15\" \/><\/p>\n\t\t<p style=\"display: none;\"><input type=\"hidden\" name=\"poll_id\" value=\"149\" \/><\/p>\n\t\t<p style=\"text-align: center\"><strong>Mantindr\u00e0 Aragon\u00e8s el seu ultim\u00e0tum a S\u00e1nchez o b\u00e9 votar\u00e0 a favor seu a la primera ocasi\u00f3 que tingui?<\/strong><\/p><div id=\"polls-149-ans\" class=\"wp-polls-ans\"><ul class=\"wp-polls-ul\">\n\t\t<li><input type=\"radio\" id=\"poll-answer-386\" name=\"poll_149\" value=\"386\" \/> <label for=\"poll-answer-386\">Mantindr\u00e0 l'ultim\u00e0tum<\/label><\/li>\n\t\t<li><input type=\"radio\" id=\"poll-answer-387\" name=\"poll_149\" value=\"387\" \/> <label for=\"poll-answer-387\">Votar\u00e0 a favor seu a la primera ocasi\u00f3 que tingui<\/label><\/li>\n\t\t<li><input type=\"radio\" id=\"poll-answer-388\" name=\"poll_149\" value=\"388\" \/> <label for=\"poll-answer-388\">No ho s\u00e9<\/label><\/li>\n\t\t<\/ul><p style=\"text-align: center\"><input type=\"button\" name=\"vote\" value=\"   Vota   \" class=\"Buttons\" onclick=\"poll_vote(149);\" \/><\/p><p style=\"text-align: center\"><a href=\"#ViewPollResults\" onclick=\"poll_result(149); return false;\" title=\"View Results Of This Poll\">Mira els resultats<\/a><\/p><\/div>\n\t<\/form>\n<\/div>\n<div id=\"polls-149-loading\" class=\"wp-polls-loading\"><img decoding=\"async\" data-src=\"https:\/\/conversesacatalunya.cat\/wp-content\/plugins\/wp-polls\/images\/loading.gif\" width=\"16\" height=\"16\" alt=\"Cargando ...\" title=\"Cargando ...\" class=\"wp-polls-image lazyload\" src=\"data:image\/svg+xml;base64,PHN2ZyB3aWR0aD0iMSIgaGVpZ2h0PSIxIiB4bWxucz0iaHR0cDovL3d3dy53My5vcmcvMjAwMC9zdmciPjwvc3ZnPg==\" style=\"--smush-placeholder-width: 16px; --smush-placeholder-aspect-ratio: 16\/16;\" \/>&nbsp;Cargando ...<\/div>\n\n","protected":false},"excerpt":{"rendered":"<p>Tras un acuerdo entre el Parlamento Europeo y el Consejo (que representa a los gobiernos de los Estados Miembros de la Uni\u00f3n Europea), la semana pasada se aprob\u00f3 la\u00a0Ley de Mercados Digitales. Es la culminaci\u00f3n de un trabajo de varios a\u00f1os de la Comisi\u00f3n Europea, y que se aprueba a pesar de los\u00a0enormes esfuerzos de\u00a0lobbying\u00a0desplegados por Alphabet (propietaria de Google) y otras muchas grandes firmas tecnol\u00f3gicas. La Ley de Mercados Digitales difiere de otros intentos de regulaci\u00f3n de la competencia puesto que\u00a0no se basa \u00fanicamente en garantizar precios\u00a0\u201cjustos\u201d para los consumidores mediante la libre competici\u00f3n entre empresas. De hecho, la Uni\u00f3n Europea ha adoptado una visi\u00f3n mucho m\u00e1s global de lo que es la competencia, puesto que busca proteger la privacidad de los usuarios y la protecci\u00f3n de sus datos personales.\u00a0Como es sabido,\u00a0los datos personales son la moneda que las plataformas como Google, Instagram o WhatsApp piden a sus usuarios a cambio de los servicios gratuitos que le ofrecen. La ley obliga a los proveedores de servicios por internet a\u00a0garantizar la interoperabilidad entre plataformas y a no generar ecosistemas de productos cerrados.\u00a0Tambi\u00e9n contempla sanciones que pueden ir hasta el 20% de la facturaci\u00f3n anual de la empresa o incluso su desmembramiento en los casos m\u00e1s graves. Algunas implicaciones pr\u00e1cticas de la Ley de Mercados Digitales son que obligar\u00e1 a Whatsapp a permitir que sus usuarios puedan enviar mensajes a otros que utilicen otra plataforma, por ejemplo Telegram. Otra ser\u00eda que\u00a0Apple\u00a0tendr\u00e1 que permitir a los usuarios del iPhone instalar aplicaciones que no se encuentren en su App Store. En la profundidad y novedad de las reglas, la Ley de Mercados Digitales es una aut\u00e9ntica revoluci\u00f3n.\u00a0Muchos expertos la consideran como\u00a0el hito m\u00e1s importante de la econom\u00eda digital de los \u00faltimos 20 a\u00f1os (esto es, pr\u00e1cticamente desde que esta existe). La Ley de Mercados Digitales tendr\u00e1 una hermana, la\u00a0Ley de Servicios Digitales, que se centrar\u00e1 en la privacidad y la protecci\u00f3n de los datos personales de los usuarios.\u00a0Esta segunda ley obligar\u00e1 a\u00a0retirar r\u00e1pidamente anuncios o contenidos ilegales y somete a escrutinio p\u00fablico los algoritmos\u00a0de los proveedores de servicios, desde TikTok a Amazon. La legislaci\u00f3n ha tenido la oposici\u00f3n frontal de las grandes empresas del sector, pero tambi\u00e9n la mirada desconfiada de Estados Unidos La legislaci\u00f3n ha tenido la oposici\u00f3n frontal de las grandes empresas del sector, pero tambi\u00e9n la\u00a0mirada desconfiada de Estados Unidos.\u00a0La Secretaria de Comercio de la Administraci\u00f3n Biden, Gina Raimondo, declar\u00f3 que Bruselas estaba atacando \u00abdesproporcionadamente\u00bb a las empresas estadounidenses. Est\u00e1 por ver hasta qu\u00e9 punto la Comisi\u00f3n Europea ser\u00e1 capaz de asegurar el cumplimiento de las nuevas obligaciones de los gigantes de internet.\u00a0La tarea no ser\u00e1 nada f\u00e1cil, ya que\u00a0la Ley de Mercados Digitales va frontalmente en contra del modelo de negocio que\u00a0tan bien ha funcionado por el sector tecnol\u00f3gico. Lo que s\u00ed est\u00e1 claro es que la nueva legislaci\u00f3n, centrada en erosionar los grandes monopolios digitales estadounidenses,\u00a0no implicar\u00e1 de repente una ola de innovaci\u00f3n en Europa. Estados Unidos sigue disponiendo del capital humano y financiero para innovar y liderar la cuarta revoluci\u00f3n industrial, mientras que Europa vuelve a demostrar su excelencia en materia de regulaci\u00f3n de mercados.\u00a0Pero solo con esfuerzos de regulaci\u00f3n no se puede aspirar\u00a0al liderazgo econ\u00f3mico\u00a0.<\/p>\n","protected":false},"author":67,"featured_media":50813,"comment_status":"open","ping_status":"open","sticky":false,"template":"","format":"standard","meta":{"_FSMCFIC_featured_image_caption":"","_FSMCFIC_featured_image_nocaption":"","_FSMCFIC_featured_image_hide":"","footnotes":""},"categories":[806],"tags":[2486,3221,2755],"class_list":["post-57106","post","type-post","status-publish","format-standard","has-post-thumbnail","hentry","category-punts-claus-del-dia-es","tag-apple-es","tag-google-es","tag-nuevas-tecnologias"],"yoast_head":"<!-- This site is optimized with the Yoast SEO plugin v26.8 - https:\/\/yoast.com\/product\/yoast-seo-wordpress\/ -->\n<title>La Uni\u00f3n Europea intenta regular los gigantes tecnol\u00f3gicos - Converses a Catalunya<\/title>\n<meta name=\"description\" content=\"La Ley de Mercados Digitales es una aut\u00e9ntica revoluci\u00f3n. Habr\u00e1 que ver si la Comisi\u00f3n Europea es capaz de aplicarla\" \/>\n<meta name=\"robots\" content=\"index, follow, max-snippet:-1, max-image-preview:large, max-video-preview:-1\" \/>\n<link rel=\"canonical\" href=\"https:\/\/conversesacatalunya.cat\/es\/la-union-europea-intenta-regular-los-gigantes-tecnologicos\/\" \/>\n<meta property=\"og:locale\" content=\"es_ES\" \/>\n<meta property=\"og:type\" content=\"article\" \/>\n<meta property=\"og:title\" content=\"La Uni\u00f3n Europea intenta regular los gigantes tecnol\u00f3gicos - Converses a Catalunya\" \/>\n<meta property=\"og:description\" content=\"La Ley de Mercados Digitales es una aut\u00e9ntica revoluci\u00f3n. Habr\u00e1 que ver si la Comisi\u00f3n Europea es capaz de aplicarla\" \/>\n<meta property=\"og:url\" content=\"https:\/\/conversesacatalunya.cat\/es\/la-union-europea-intenta-regular-los-gigantes-tecnologicos\/\" \/>\n<meta property=\"og:site_name\" content=\"Converses a Catalunya\" \/>\n<meta property=\"article:published_time\" content=\"2022-04-26T10:36:30+00:00\" \/>\n<meta property=\"article:modified_time\" content=\"2022-04-26T13:36:52+00:00\" \/>\n<meta property=\"og:image\" content=\"https:\/\/conversesacatalunya.cat\/wp-content\/uploads\/2021\/09\/pexels-pixabay-267350.jpg\" \/>\n\t<meta property=\"og:image:width\" content=\"1280\" \/>\n\t<meta property=\"og:image:height\" content=\"928\" \/>\n\t<meta property=\"og:image:type\" content=\"image\/jpeg\" \/>\n<meta name=\"author\" content=\"conversesacatalunya\" \/>\n<meta name=\"twitter:card\" content=\"summary_large_image\" \/>\n<meta name=\"twitter:label1\" content=\"Escrito por\" \/>\n\t<meta name=\"twitter:data1\" content=\"conversesacatalunya\" \/>\n\t<meta name=\"twitter:label2\" content=\"Tiempo de lectura\" \/>\n\t<meta name=\"twitter:data2\" content=\"4 minutos\" \/>\n<script type=\"application\/ld+json\" class=\"yoast-schema-graph\">{\"@context\":\"https:\/\/schema.org\",\"@graph\":[{\"@type\":\"Article\",\"@id\":\"https:\/\/conversesacatalunya.cat\/es\/la-union-europea-intenta-regular-los-gigantes-tecnologicos\/#article\",\"isPartOf\":{\"@id\":\"https:\/\/conversesacatalunya.cat\/es\/la-union-europea-intenta-regular-los-gigantes-tecnologicos\/\"},\"author\":{\"name\":\"conversesacatalunya\",\"@id\":\"https:\/\/conversesacatalunya.cat\/#\/schema\/person\/c5a8ffe796b1512764aeb6d6d6fa0fc7\"},\"headline\":\"La Uni\u00f3n Europea intenta regular los gigantes tecnol\u00f3gicos\",\"datePublished\":\"2022-04-26T10:36:30+00:00\",\"dateModified\":\"2022-04-26T13:36:52+00:00\",\"mainEntityOfPage\":{\"@id\":\"https:\/\/conversesacatalunya.cat\/es\/la-union-europea-intenta-regular-los-gigantes-tecnologicos\/\"},\"wordCount\":632,\"commentCount\":0,\"image\":{\"@id\":\"https:\/\/conversesacatalunya.cat\/es\/la-union-europea-intenta-regular-los-gigantes-tecnologicos\/#primaryimage\"},\"thumbnailUrl\":\"https:\/\/conversesacatalunya.cat\/wp-content\/uploads\/2021\/09\/pexels-pixabay-267350.jpg\",\"keywords\":[\"Apple\",\"Google\",\"nuevas tecnolog\u00edas\"],\"articleSection\":[\"Punts clau del dia (ES)\"],\"inLanguage\":\"es\",\"potentialAction\":[{\"@type\":\"CommentAction\",\"name\":\"Comment\",\"target\":[\"https:\/\/conversesacatalunya.cat\/es\/la-union-europea-intenta-regular-los-gigantes-tecnologicos\/#respond\"]}]},{\"@type\":\"WebPage\",\"@id\":\"https:\/\/conversesacatalunya.cat\/es\/la-union-europea-intenta-regular-los-gigantes-tecnologicos\/\",\"url\":\"https:\/\/conversesacatalunya.cat\/es\/la-union-europea-intenta-regular-los-gigantes-tecnologicos\/\",\"name\":\"La Uni\u00f3n Europea intenta regular los gigantes tecnol\u00f3gicos - Converses a Catalunya\",\"isPartOf\":{\"@id\":\"https:\/\/conversesacatalunya.cat\/#website\"},\"primaryImageOfPage\":{\"@id\":\"https:\/\/conversesacatalunya.cat\/es\/la-union-europea-intenta-regular-los-gigantes-tecnologicos\/#primaryimage\"},\"image\":{\"@id\":\"https:\/\/conversesacatalunya.cat\/es\/la-union-europea-intenta-regular-los-gigantes-tecnologicos\/#primaryimage\"},\"thumbnailUrl\":\"https:\/\/conversesacatalunya.cat\/wp-content\/uploads\/2021\/09\/pexels-pixabay-267350.jpg\",\"datePublished\":\"2022-04-26T10:36:30+00:00\",\"dateModified\":\"2022-04-26T13:36:52+00:00\",\"author\":{\"@id\":\"https:\/\/conversesacatalunya.cat\/#\/schema\/person\/c5a8ffe796b1512764aeb6d6d6fa0fc7\"},\"description\":\"La Ley de Mercados Digitales es una aut\u00e9ntica revoluci\u00f3n. Habr\u00e1 que ver si la Comisi\u00f3n Europea es capaz de aplicarla\",\"breadcrumb\":{\"@id\":\"https:\/\/conversesacatalunya.cat\/es\/la-union-europea-intenta-regular-los-gigantes-tecnologicos\/#breadcrumb\"},\"inLanguage\":\"es\",\"potentialAction\":[{\"@type\":\"ReadAction\",\"target\":[\"https:\/\/conversesacatalunya.cat\/es\/la-union-europea-intenta-regular-los-gigantes-tecnologicos\/\"]}]},{\"@type\":\"ImageObject\",\"inLanguage\":\"es\",\"@id\":\"https:\/\/conversesacatalunya.cat\/es\/la-union-europea-intenta-regular-los-gigantes-tecnologicos\/#primaryimage\",\"url\":\"https:\/\/conversesacatalunya.cat\/wp-content\/uploads\/2021\/09\/pexels-pixabay-267350.jpg\",\"contentUrl\":\"https:\/\/conversesacatalunya.cat\/wp-content\/uploads\/2021\/09\/pexels-pixabay-267350.jpg\",\"width\":1280,\"height\":928,\"caption\":\"transici\u00f3 digital\"},{\"@type\":\"BreadcrumbList\",\"@id\":\"https:\/\/conversesacatalunya.cat\/es\/la-union-europea-intenta-regular-los-gigantes-tecnologicos\/#breadcrumb\",\"itemListElement\":[{\"@type\":\"ListItem\",\"position\":1,\"name\":\"Inici\",\"item\":\"https:\/\/conversesacatalunya.cat\/es\/\"},{\"@type\":\"ListItem\",\"position\":2,\"name\":\"La Uni\u00f3n Europea intenta regular los gigantes tecnol\u00f3gicos\"}]},{\"@type\":\"WebSite\",\"@id\":\"https:\/\/conversesacatalunya.cat\/#website\",\"url\":\"https:\/\/conversesacatalunya.cat\/\",\"name\":\"Converses a Catalunya\",\"description\":\"\",\"potentialAction\":[{\"@type\":\"SearchAction\",\"target\":{\"@type\":\"EntryPoint\",\"urlTemplate\":\"https:\/\/conversesacatalunya.cat\/?s={search_term_string}\"},\"query-input\":{\"@type\":\"PropertyValueSpecification\",\"valueRequired\":true,\"valueName\":\"search_term_string\"}}],\"inLanguage\":\"es\"},{\"@type\":\"Person\",\"@id\":\"https:\/\/conversesacatalunya.cat\/#\/schema\/person\/c5a8ffe796b1512764aeb6d6d6fa0fc7\",\"name\":\"conversesacatalunya\",\"image\":{\"@type\":\"ImageObject\",\"inLanguage\":\"es\",\"@id\":\"https:\/\/conversesacatalunya.cat\/#\/schema\/person\/image\/\",\"url\":\"https:\/\/conversesacatalunya.cat\/wp-content\/litespeed\/avatar\/02659ee938034c59a151ae106ade943e.jpg?ver=1777051754\",\"contentUrl\":\"https:\/\/conversesacatalunya.cat\/wp-content\/litespeed\/avatar\/02659ee938034c59a151ae106ade943e.jpg?ver=1777051754\",\"caption\":\"conversesacatalunya\"},\"url\":\"https:\/\/conversesacatalunya.cat\/es\/author\/carles_lopez\/\"}]}<\/script>\n<!-- \/ Yoast SEO plugin. -->","yoast_head_json":{"title":"La Uni\u00f3n Europea intenta regular los gigantes tecnol\u00f3gicos - Converses a Catalunya","description":"La Ley de Mercados Digitales es una aut\u00e9ntica revoluci\u00f3n. Habr\u00e1 que ver si la Comisi\u00f3n Europea es capaz de aplicarla","robots":{"index":"index","follow":"follow","max-snippet":"max-snippet:-1","max-image-preview":"max-image-preview:large","max-video-preview":"max-video-preview:-1"},"canonical":"https:\/\/conversesacatalunya.cat\/es\/la-union-europea-intenta-regular-los-gigantes-tecnologicos\/","og_locale":"es_ES","og_type":"article","og_title":"La Uni\u00f3n Europea intenta regular los gigantes tecnol\u00f3gicos - Converses a Catalunya","og_description":"La Ley de Mercados Digitales es una aut\u00e9ntica revoluci\u00f3n. Habr\u00e1 que ver si la Comisi\u00f3n Europea es capaz de aplicarla","og_url":"https:\/\/conversesacatalunya.cat\/es\/la-union-europea-intenta-regular-los-gigantes-tecnologicos\/","og_site_name":"Converses a Catalunya","article_published_time":"2022-04-26T10:36:30+00:00","article_modified_time":"2022-04-26T13:36:52+00:00","og_image":[{"width":1280,"height":928,"url":"https:\/\/conversesacatalunya.cat\/wp-content\/uploads\/2021\/09\/pexels-pixabay-267350.jpg","type":"image\/jpeg"}],"author":"conversesacatalunya","twitter_card":"summary_large_image","twitter_misc":{"Escrito por":"conversesacatalunya","Tiempo de lectura":"4 minutos"},"schema":{"@context":"https:\/\/schema.org","@graph":[{"@type":"Article","@id":"https:\/\/conversesacatalunya.cat\/es\/la-union-europea-intenta-regular-los-gigantes-tecnologicos\/#article","isPartOf":{"@id":"https:\/\/conversesacatalunya.cat\/es\/la-union-europea-intenta-regular-los-gigantes-tecnologicos\/"},"author":{"name":"conversesacatalunya","@id":"https:\/\/conversesacatalunya.cat\/#\/schema\/person\/c5a8ffe796b1512764aeb6d6d6fa0fc7"},"headline":"La Uni\u00f3n Europea intenta regular los gigantes tecnol\u00f3gicos","datePublished":"2022-04-26T10:36:30+00:00","dateModified":"2022-04-26T13:36:52+00:00","mainEntityOfPage":{"@id":"https:\/\/conversesacatalunya.cat\/es\/la-union-europea-intenta-regular-los-gigantes-tecnologicos\/"},"wordCount":632,"commentCount":0,"image":{"@id":"https:\/\/conversesacatalunya.cat\/es\/la-union-europea-intenta-regular-los-gigantes-tecnologicos\/#primaryimage"},"thumbnailUrl":"https:\/\/conversesacatalunya.cat\/wp-content\/uploads\/2021\/09\/pexels-pixabay-267350.jpg","keywords":["Apple","Google","nuevas tecnolog\u00edas"],"articleSection":["Punts clau del dia (ES)"],"inLanguage":"es","potentialAction":[{"@type":"CommentAction","name":"Comment","target":["https:\/\/conversesacatalunya.cat\/es\/la-union-europea-intenta-regular-los-gigantes-tecnologicos\/#respond"]}]},{"@type":"WebPage","@id":"https:\/\/conversesacatalunya.cat\/es\/la-union-europea-intenta-regular-los-gigantes-tecnologicos\/","url":"https:\/\/conversesacatalunya.cat\/es\/la-union-europea-intenta-regular-los-gigantes-tecnologicos\/","name":"La Uni\u00f3n Europea intenta regular los gigantes tecnol\u00f3gicos - Converses a Catalunya","isPartOf":{"@id":"https:\/\/conversesacatalunya.cat\/#website"},"primaryImageOfPage":{"@id":"https:\/\/conversesacatalunya.cat\/es\/la-union-europea-intenta-regular-los-gigantes-tecnologicos\/#primaryimage"},"image":{"@id":"https:\/\/conversesacatalunya.cat\/es\/la-union-europea-intenta-regular-los-gigantes-tecnologicos\/#primaryimage"},"thumbnailUrl":"https:\/\/conversesacatalunya.cat\/wp-content\/uploads\/2021\/09\/pexels-pixabay-267350.jpg","datePublished":"2022-04-26T10:36:30+00:00","dateModified":"2022-04-26T13:36:52+00:00","author":{"@id":"https:\/\/conversesacatalunya.cat\/#\/schema\/person\/c5a8ffe796b1512764aeb6d6d6fa0fc7"},"description":"La Ley de Mercados Digitales es una aut\u00e9ntica revoluci\u00f3n. Habr\u00e1 que ver si la Comisi\u00f3n Europea es capaz de aplicarla","breadcrumb":{"@id":"https:\/\/conversesacatalunya.cat\/es\/la-union-europea-intenta-regular-los-gigantes-tecnologicos\/#breadcrumb"},"inLanguage":"es","potentialAction":[{"@type":"ReadAction","target":["https:\/\/conversesacatalunya.cat\/es\/la-union-europea-intenta-regular-los-gigantes-tecnologicos\/"]}]},{"@type":"ImageObject","inLanguage":"es","@id":"https:\/\/conversesacatalunya.cat\/es\/la-union-europea-intenta-regular-los-gigantes-tecnologicos\/#primaryimage","url":"https:\/\/conversesacatalunya.cat\/wp-content\/uploads\/2021\/09\/pexels-pixabay-267350.jpg","contentUrl":"https:\/\/conversesacatalunya.cat\/wp-content\/uploads\/2021\/09\/pexels-pixabay-267350.jpg","width":1280,"height":928,"caption":"transici\u00f3 digital"},{"@type":"BreadcrumbList","@id":"https:\/\/conversesacatalunya.cat\/es\/la-union-europea-intenta-regular-los-gigantes-tecnologicos\/#breadcrumb","itemListElement":[{"@type":"ListItem","position":1,"name":"Inici","item":"https:\/\/conversesacatalunya.cat\/es\/"},{"@type":"ListItem","position":2,"name":"La Uni\u00f3n Europea intenta regular los gigantes tecnol\u00f3gicos"}]},{"@type":"WebSite","@id":"https:\/\/conversesacatalunya.cat\/#website","url":"https:\/\/conversesacatalunya.cat\/","name":"Converses a Catalunya","description":"","potentialAction":[{"@type":"SearchAction","target":{"@type":"EntryPoint","urlTemplate":"https:\/\/conversesacatalunya.cat\/?s={search_term_string}"},"query-input":{"@type":"PropertyValueSpecification","valueRequired":true,"valueName":"search_term_string"}}],"inLanguage":"es"},{"@type":"Person","@id":"https:\/\/conversesacatalunya.cat\/#\/schema\/person\/c5a8ffe796b1512764aeb6d6d6fa0fc7","name":"conversesacatalunya","image":{"@type":"ImageObject","inLanguage":"es","@id":"https:\/\/conversesacatalunya.cat\/#\/schema\/person\/image\/","url":"https:\/\/conversesacatalunya.cat\/wp-content\/litespeed\/avatar\/02659ee938034c59a151ae106ade943e.jpg?ver=1777051754","contentUrl":"https:\/\/conversesacatalunya.cat\/wp-content\/litespeed\/avatar\/02659ee938034c59a151ae106ade943e.jpg?ver=1777051754","caption":"conversesacatalunya"},"url":"https:\/\/conversesacatalunya.cat\/es\/author\/carles_lopez\/"}]}},"wps_subtitle":"En la profundidad y novedad de las reglas, la Ley de Mercados Digitales es una aut\u00e9ntica revoluci\u00f3n. Habr\u00e1 que ver si la Comisi\u00f3n Europea es capaz de aplicarla","_links":{"self":[{"href":"https:\/\/conversesacatalunya.cat\/es\/wp-json\/wp\/v2\/posts\/57106","targetHints":{"allow":["GET"]}}],"collection":[{"href":"https:\/\/conversesacatalunya.cat\/es\/wp-json\/wp\/v2\/posts"}],"about":[{"href":"https:\/\/conversesacatalunya.cat\/es\/wp-json\/wp\/v2\/types\/post"}],"author":[{"embeddable":true,"href":"https:\/\/conversesacatalunya.cat\/es\/wp-json\/wp\/v2\/users\/67"}],"replies":[{"embeddable":true,"href":"https:\/\/conversesacatalunya.cat\/es\/wp-json\/wp\/v2\/comments?post=57106"}],"version-history":[{"count":2,"href":"https:\/\/conversesacatalunya.cat\/es\/wp-json\/wp\/v2\/posts\/57106\/revisions"}],"predecessor-version":[{"id":57108,"href":"https:\/\/conversesacatalunya.cat\/es\/wp-json\/wp\/v2\/posts\/57106\/revisions\/57108"}],"wp:featuredmedia":[{"embeddable":true,"href":"https:\/\/conversesacatalunya.cat\/es\/wp-json\/wp\/v2\/media\/50813"}],"wp:attachment":[{"href":"https:\/\/conversesacatalunya.cat\/es\/wp-json\/wp\/v2\/media?parent=57106"}],"wp:term":[{"taxonomy":"category","embeddable":true,"href":"https:\/\/conversesacatalunya.cat\/es\/wp-json\/wp\/v2\/categories?post=57106"},{"taxonomy":"post_tag","embeddable":true,"href":"https:\/\/conversesacatalunya.cat\/es\/wp-json\/wp\/v2\/tags?post=57106"}],"curies":[{"name":"wp","href":"https:\/\/api.w.org\/{rel}","templated":true}]}}