{"id":56906,"date":"2022-04-20T11:55:53","date_gmt":"2022-04-20T09:55:53","guid":{"rendered":"https:\/\/conversesacatalunya.cat\/catalunya-nuclears\/"},"modified":"2022-04-20T15:24:49","modified_gmt":"2022-04-20T13:24:49","slug":"cataluna-nucleares","status":"publish","type":"post","link":"https:\/\/conversesacatalunya.cat\/es\/cataluna-nucleares\/","title":{"rendered":"Catalu\u00f1a: cerrar las nucleares en 2027. Cuando la incompetencia nos gobierna"},"content":{"rendered":"<p><span>La consellera Teresa Jord\u00e0, ahora responsable de Acci\u00f3n Clim\u00e1tica, Alimentaci\u00f3n y Agenda Rural y antes de Agricultura, Pesca y Alimentaci\u00f3n, constata que no es necesario ser una persona competente para dirigir un departamento, m\u00e1s si es tan heterog\u00e9neo como el que pari\u00f3 la Generalitat con el que regenta Teresa Jord\u00e0, que puede combinar energ\u00eda nuclear con la cr\u00eda de conejos.<\/span><\/p>\n<p><span>Teresa Jord\u00e0 ha manifestado que es partidaria de\u00a0<\/span><strong><span>avanzar el cierre de las nucleares al 2027<\/span><\/strong><span>\u00a0y conseguir que las energ\u00edas renovables aporten el 50% de la electricidad en 2030. Por decirlo en plata y entendernos con claridad,\u00a0<\/span><strong><span>es una parida de dimensiones c\u00f3smicas<\/span><\/strong><span>.\u00a0<span class=\"goog-text-highlight\">La propia Generalitat public\u00f3 el balance energ\u00e9tico del a\u00f1o 2019 y el el\u00e9ctrico del 2020. Este \u00faltimo no es representativo de un ciclo normal porque la covid redujo sensiblemente el consumo de energ\u00eda.<\/span><\/span><\/p>\n<p><span>De acuerdo con\u00a0<\/span><a href=\"https:\/\/translate.google.com\/website?sl=ca&amp;tl=es&amp;hl=es&amp;client=webapp&amp;u=https:\/\/icaen.gencat.cat\/ca\/detalls\/noticies\/20210311_not_Balanc_energetic\" target=\"_blank\" rel=\"noopener\"><span>el informe el consumo de energ\u00eda primaria en Catalu\u00f1a<\/span><\/a><span>, en 2019 ten\u00eda como principal componente el petr\u00f3leo con un 46%, la nuclear con un 24,5%, el gas natural con un 22,9% y las\u00a0<\/span><strong><span>energ\u00edas renovables con un 5,4%<\/span><\/strong><span>. Esta es la referencia del consumo total, en la que el transporte significa la parte m\u00e1s importante, 45,1%, por el 25,5% de la industria, el 14,7% del sector dom\u00e9stico, el 13,1% de los servicios y finalmente el sector primario con tan solo 1,6%.<\/span><\/p>\n<p><span><span class=\"\">De este conjunto la\u00a0<\/span><\/span><strong><span><span class=\"\">energ\u00eda el\u00e9ctrica representa un 25,1%<\/span><\/span><\/strong><span><span class=\"\">, siendo la segunda componente despu\u00e9s de los productos petrol\u00edferos, el 49,8%, y el gas natural 20,4%.\u00a0<\/span>Las energ\u00edas renovables de este consumo final solo presentan el <\/span><strong><span>3,9%<\/span><\/strong><span>\u00a0.<\/span><\/p>\n<p><span>El tercer paso para darnos la composici\u00f3n de sitio es contemplar, y aqu\u00ed ya entramos directamente en el planteamiento de la consejera Jord\u00e0, la composici\u00f3n de la producci\u00f3n bruta de la energ\u00eda el\u00e9ctrica, en este caso para 2020. El 54,9% es producida por las centrales nucleares.\u00a0M\u00e1s de la mitad de la electricidad consumida por Catalu\u00f1a es de origen nuclear, mientras que las\u00a0<\/span><strong><span>renovables s\u00f3lo representan el 19,8%<\/span><\/strong><span> , pero con una observaci\u00f3n importante, 12 puntos de estos 19,8 son aportados por energ\u00eda hidroel\u00e9ctrica, que es una infraestructura f\u00edsica de dif\u00edcil ampliaci\u00f3n en las circunstancias actuales, mientras que lo que entendemos hoy como renovables, la e\u00f3lica y la fotovoltaica, solo representan respectivamente 5,8 puntos y 1,1 puntos, a lo que hay que a\u00f1adir la aportaci\u00f3n de otras renovables de 0,9 puntos.<\/span><\/p>\n<p><span>En definitiva, las renovables que pueden crecer en la actualidad para suplir a la energ\u00eda nuclear hoy solo representan un triste <\/span><strong><span>8%<\/span><\/strong><span> del total. La pregunta del mill\u00f3n es \u00bfC\u00f3mo\u00a0en 5 a\u00f1os Teresa Jord\u00e0 y la Generalitat piensan sustituir el 51% de producci\u00f3n de la energ\u00eda nuclear? Porque es absolutamente imposible que en tan poco tiempo y m\u00e1s a\u00fan con la legislaci\u00f3n catalana vigente las energ\u00edas alternativas crezcan de manera importante.<\/span><\/p>\n<p><span>Vale la pena recordar que la\u00a0<\/span><strong><span>energ\u00eda e\u00f3lica est\u00e1 pr\u00e1cticamente estancada<\/span><\/strong><span> en Catalunya, no por falta de proyectos, sino porque la reglamentaci\u00f3n que pone la Generalitat hace muy dif\u00edcil que estos salgan adelante.\u00a0Tambi\u00e9n es rid\u00edcula la aportaci\u00f3n del autoconsumo fotovoltaico, aunque con la pandemia ha crecido mucho, pero s\u00f3lo representa 49,5 megavatios del total, es decir, un 0,049%.<\/span><\/p>\n<p><span><span class=\"goog-text-highlight\">En estas condiciones la \u00fanica forma por la que ser\u00eda posible sustituir las nucleares, y a\u00fan es dudoso que pudiera ser en toda su dimensi\u00f3n, ser\u00eda por medio de aquellas\u00a0<\/span><\/span><strong><span><span class=\"goog-text-highlight\">producciones de energ\u00eda que consumen gas y derivados del petr\u00f3leo<\/span><\/span><\/strong><span><span class=\"goog-text-highlight\">.\u00a0<\/span>Concretamente, los ciclos combinados que hoy en d\u00eda representan el 12,2% del total y la cogeneraci\u00f3n, lo que significa un 10,9%.\u00a0Pero esto ser\u00eda un contrasentido, porque es evidente que estas aportaciones deben reducirse si se quiere cumplir con los requerimientos de disminuir los gases de efecto invernadero que produce Catalu\u00f1a.<\/span><\/p>\n<p><span>La situaci\u00f3n es la que es, y la respuesta s\u00f3lo puede ser una.\u00a0Es necesario mantener la energ\u00eda nuclear a expensas de las fuentes m\u00e1s contaminadas y\u00a0<\/span><strong><span>modificar la reglamentaci\u00f3n catalana<\/span><\/strong><span>\u00a0para favorecer las energ\u00edas renovables, a la vez que se incentiva m\u00e1s el autoconsumo fotovoltaico.\u00a0Y este no es un trabajo que pueda resolverse en pocos a\u00f1os.<\/span><\/p>\n<p>Anuncios como los de la consellera Jord\u00e0 solo crean confusi\u00f3n y unas falsas perspectivas para un problema tan grave como es llevar a buen puerto la transici\u00f3n energ\u00e9tica.<\/p>\n<div id=\"polls-148\" class=\"wp-polls\">\n\t<form id=\"polls_form_148\" class=\"wp-polls-form\" action=\"\/index.php\" method=\"post\">\n\t\t<p style=\"display: none;\"><input type=\"hidden\" id=\"poll_148_nonce\" name=\"wp-polls-nonce\" value=\"6b697077d2\" \/><\/p>\n\t\t<p style=\"display: none;\"><input type=\"hidden\" name=\"poll_id\" value=\"148\" \/><\/p>\n\t\t<p style=\"text-align: center\"><strong>Creus que Ada Colau es tornar\u00e0 a presentar a les eleccions municipals de 2023?<\/strong><\/p><div id=\"polls-148-ans\" class=\"wp-polls-ans\"><ul class=\"wp-polls-ul\">\n\t\t<li><input type=\"radio\" id=\"poll-answer-382\" name=\"poll_148\" value=\"382\" \/> <label for=\"poll-answer-382\">S\u00ed<\/label><\/li>\n\t\t<li><input type=\"radio\" id=\"poll-answer-383\" name=\"poll_148\" value=\"383\" \/> <label for=\"poll-answer-383\">No<\/label><\/li>\n\t\t<li><input type=\"radio\" id=\"poll-answer-384\" name=\"poll_148\" value=\"384\" \/> <label for=\"poll-answer-384\">Probablement<\/label><\/li>\n\t\t<li><input type=\"radio\" id=\"poll-answer-385\" name=\"poll_148\" value=\"385\" \/> <label for=\"poll-answer-385\">No ho s\u00e9<\/label><\/li>\n\t\t<\/ul><p style=\"text-align: center\"><input type=\"button\" name=\"vote\" value=\"   Vota   \" class=\"Buttons\" onclick=\"poll_vote(148);\" \/><\/p><p style=\"text-align: center\"><a href=\"#ViewPollResults\" onclick=\"poll_result(148); return false;\" title=\"View Results Of This Poll\">Mira els resultats<\/a><\/p><\/div>\n\t<\/form>\n<\/div>\n<div id=\"polls-148-loading\" class=\"wp-polls-loading\"><img decoding=\"async\" data-src=\"https:\/\/conversesacatalunya.cat\/wp-content\/plugins\/wp-polls\/images\/loading.gif\" width=\"16\" height=\"16\" alt=\"Cargando ...\" title=\"Cargando ...\" class=\"wp-polls-image lazyload\" src=\"data:image\/svg+xml;base64,PHN2ZyB3aWR0aD0iMSIgaGVpZ2h0PSIxIiB4bWxucz0iaHR0cDovL3d3dy53My5vcmcvMjAwMC9zdmciPjwvc3ZnPg==\" style=\"--smush-placeholder-width: 16px; --smush-placeholder-aspect-ratio: 16\/16;\" \/>&nbsp;Cargando ...<\/div>\n\n","protected":false},"excerpt":{"rendered":"<p>La consellera Teresa Jord\u00e0, ahora responsable de Acci\u00f3n Clim\u00e1tica, Alimentaci\u00f3n y Agenda Rural y antes de Agricultura, Pesca y Alimentaci\u00f3n, constata que no es necesario ser una persona competente para dirigir un departamento, m\u00e1s si es tan heterog\u00e9neo como el que pari\u00f3 la Generalitat con el que regenta Teresa Jord\u00e0, que puede combinar energ\u00eda nuclear con la cr\u00eda de conejos. Teresa Jord\u00e0 ha manifestado que es partidaria de\u00a0avanzar el cierre de las nucleares al 2027\u00a0y conseguir que las energ\u00edas renovables aporten el 50% de la electricidad en 2030. Por decirlo en plata y entendernos con claridad,\u00a0es una parida de dimensiones c\u00f3smicas.\u00a0La propia Generalitat public\u00f3 el balance energ\u00e9tico del a\u00f1o 2019 y el el\u00e9ctrico del 2020. Este \u00faltimo no es representativo de un ciclo normal porque la covid redujo sensiblemente el consumo de energ\u00eda. De acuerdo con\u00a0el informe el consumo de energ\u00eda primaria en Catalu\u00f1a, en 2019 ten\u00eda como principal componente el petr\u00f3leo con un 46%, la nuclear con un 24,5%, el gas natural con un 22,9% y las\u00a0energ\u00edas renovables con un 5,4%. Esta es la referencia del consumo total, en la que el transporte significa la parte m\u00e1s importante, 45,1%, por el 25,5% de la industria, el 14,7% del sector dom\u00e9stico, el 13,1% de los servicios y finalmente el sector primario con tan solo 1,6%. De este conjunto la\u00a0energ\u00eda el\u00e9ctrica representa un 25,1%, siendo la segunda componente despu\u00e9s de los productos petrol\u00edferos, el 49,8%, y el gas natural 20,4%.\u00a0Las energ\u00edas renovables de este consumo final solo presentan el 3,9%\u00a0. El tercer paso para darnos la composici\u00f3n de sitio es contemplar, y aqu\u00ed ya entramos directamente en el planteamiento de la consejera Jord\u00e0, la composici\u00f3n de la producci\u00f3n bruta de la energ\u00eda el\u00e9ctrica, en este caso para 2020. El 54,9% es producida por las centrales nucleares.\u00a0M\u00e1s de la mitad de la electricidad consumida por Catalu\u00f1a es de origen nuclear, mientras que las\u00a0renovables s\u00f3lo representan el 19,8% , pero con una observaci\u00f3n importante, 12 puntos de estos 19,8 son aportados por energ\u00eda hidroel\u00e9ctrica, que es una infraestructura f\u00edsica de dif\u00edcil ampliaci\u00f3n en las circunstancias actuales, mientras que lo que entendemos hoy como renovables, la e\u00f3lica y la fotovoltaica, solo representan respectivamente 5,8 puntos y 1,1 puntos, a lo que hay que a\u00f1adir la aportaci\u00f3n de otras renovables de 0,9 puntos. En definitiva, las renovables que pueden crecer en la actualidad para suplir a la energ\u00eda nuclear hoy solo representan un triste 8% del total. La pregunta del mill\u00f3n es \u00bfC\u00f3mo\u00a0en 5 a\u00f1os Teresa Jord\u00e0 y la Generalitat piensan sustituir el 51% de producci\u00f3n de la energ\u00eda nuclear? Porque es absolutamente imposible que en tan poco tiempo y m\u00e1s a\u00fan con la legislaci\u00f3n catalana vigente las energ\u00edas alternativas crezcan de manera importante. Vale la pena recordar que la\u00a0energ\u00eda e\u00f3lica est\u00e1 pr\u00e1cticamente estancada en Catalunya, no por falta de proyectos, sino porque la reglamentaci\u00f3n que pone la Generalitat hace muy dif\u00edcil que estos salgan adelante.\u00a0Tambi\u00e9n es rid\u00edcula la aportaci\u00f3n del autoconsumo fotovoltaico, aunque con la pandemia ha crecido mucho, pero s\u00f3lo representa 49,5 megavatios del total, es decir, un 0,049%. En estas condiciones la \u00fanica forma por la que ser\u00eda posible sustituir las nucleares, y a\u00fan es dudoso que pudiera ser en toda su dimensi\u00f3n, ser\u00eda por medio de aquellas\u00a0producciones de energ\u00eda que consumen gas y derivados del petr\u00f3leo.\u00a0Concretamente, los ciclos combinados que hoy en d\u00eda representan el 12,2% del total y la cogeneraci\u00f3n, lo que significa un 10,9%.\u00a0Pero esto ser\u00eda un contrasentido, porque es evidente que estas aportaciones deben reducirse si se quiere cumplir con los requerimientos de disminuir los gases de efecto invernadero que produce Catalu\u00f1a. La situaci\u00f3n es la que es, y la respuesta s\u00f3lo puede ser una.\u00a0Es necesario mantener la energ\u00eda nuclear a expensas de las fuentes m\u00e1s contaminadas y\u00a0modificar la reglamentaci\u00f3n catalana\u00a0para favorecer las energ\u00edas renovables, a la vez que se incentiva m\u00e1s el autoconsumo fotovoltaico.\u00a0Y este no es un trabajo que pueda resolverse en pocos a\u00f1os. Anuncios como los de la consellera Jord\u00e0 solo crean confusi\u00f3n y unas falsas perspectivas para un problema tan grave como es llevar a buen puerto la transici\u00f3n energ\u00e9tica.<\/p>\n","protected":false},"author":2,"featured_media":56893,"comment_status":"open","ping_status":"open","sticky":false,"template":"","format":"standard","meta":{"_FSMCFIC_featured_image_caption":"","_FSMCFIC_featured_image_nocaption":"","_FSMCFIC_featured_image_hide":"","footnotes":""},"categories":[806],"tags":[4117,4635,4513],"class_list":["post-56906","post","type-post","status-publish","format-standard","has-post-thumbnail","hentry","category-punts-claus-del-dia-es","tag-energia-es","tag-energia-nuclear-es","tag-energies-renovables-es"],"yoast_head":"<!-- This site is optimized with the Yoast SEO plugin v26.8 - https:\/\/yoast.com\/product\/yoast-seo-wordpress\/ -->\n<title>Catalu\u00f1a: cerrar las nucleares en 2027. Cuando la incompetencia nos gobierna - Converses a Catalunya<\/title>\n<meta name=\"description\" content=\"Anuncios como los de la consellera Jord\u00e0 s\u00f3lo crean confusi\u00f3n y unas falsas perspectivas para un problema tan grave como es llevar a buen puerto la transici\u00f3n energ\u00e9tica.\" \/>\n<meta name=\"robots\" content=\"index, follow, max-snippet:-1, max-image-preview:large, max-video-preview:-1\" \/>\n<link rel=\"canonical\" href=\"https:\/\/conversesacatalunya.cat\/es\/cataluna-nucleares\/\" \/>\n<meta property=\"og:locale\" content=\"es_ES\" \/>\n<meta property=\"og:type\" content=\"article\" \/>\n<meta property=\"og:title\" content=\"Catalu\u00f1a: cerrar las nucleares en 2027. Cuando la incompetencia nos gobierna - Converses a Catalunya\" \/>\n<meta property=\"og:description\" content=\"Anuncios como los de la consellera Jord\u00e0 s\u00f3lo crean confusi\u00f3n y unas falsas perspectivas para un problema tan grave como es llevar a buen puerto la transici\u00f3n energ\u00e9tica.\" \/>\n<meta property=\"og:url\" content=\"https:\/\/conversesacatalunya.cat\/es\/cataluna-nucleares\/\" \/>\n<meta property=\"og:site_name\" content=\"Converses a Catalunya\" \/>\n<meta property=\"article:published_time\" content=\"2022-04-20T09:55:53+00:00\" \/>\n<meta property=\"article:modified_time\" content=\"2022-04-20T13:24:49+00:00\" \/>\n<meta property=\"og:image\" content=\"https:\/\/conversesacatalunya.cat\/wp-content\/uploads\/2022\/04\/490x_asco-alamy.jpg\" \/>\n\t<meta property=\"og:image:width\" content=\"489\" \/>\n\t<meta property=\"og:image:height\" content=\"267\" \/>\n\t<meta property=\"og:image:type\" content=\"image\/jpeg\" \/>\n<meta name=\"author\" content=\"conversesacatalunya\" \/>\n<meta name=\"twitter:card\" content=\"summary_large_image\" \/>\n<meta name=\"twitter:label1\" content=\"Escrito por\" \/>\n\t<meta name=\"twitter:data1\" content=\"conversesacatalunya\" \/>\n\t<meta name=\"twitter:label2\" content=\"Tiempo de lectura\" \/>\n\t<meta name=\"twitter:data2\" content=\"4 minutos\" \/>\n<script type=\"application\/ld+json\" class=\"yoast-schema-graph\">{\"@context\":\"https:\/\/schema.org\",\"@graph\":[{\"@type\":\"Article\",\"@id\":\"https:\/\/conversesacatalunya.cat\/es\/cataluna-nucleares\/#article\",\"isPartOf\":{\"@id\":\"https:\/\/conversesacatalunya.cat\/es\/cataluna-nucleares\/\"},\"author\":{\"name\":\"conversesacatalunya\",\"@id\":\"https:\/\/conversesacatalunya.cat\/#\/schema\/person\/7e24d1e54a2785373ddcb275eae5ed99\"},\"headline\":\"Catalu\u00f1a: cerrar las nucleares en 2027. Cuando la incompetencia nos gobierna\",\"datePublished\":\"2022-04-20T09:55:53+00:00\",\"dateModified\":\"2022-04-20T13:24:49+00:00\",\"mainEntityOfPage\":{\"@id\":\"https:\/\/conversesacatalunya.cat\/es\/cataluna-nucleares\/\"},\"wordCount\":757,\"commentCount\":0,\"image\":{\"@id\":\"https:\/\/conversesacatalunya.cat\/es\/cataluna-nucleares\/#primaryimage\"},\"thumbnailUrl\":\"https:\/\/conversesacatalunya.cat\/wp-content\/uploads\/2022\/04\/490x_asco-alamy.jpg\",\"keywords\":[\"energia\",\"Energia nuclear\",\"energies renovables\"],\"articleSection\":[\"Punts clau del dia (ES)\"],\"inLanguage\":\"es\",\"potentialAction\":[{\"@type\":\"CommentAction\",\"name\":\"Comment\",\"target\":[\"https:\/\/conversesacatalunya.cat\/es\/cataluna-nucleares\/#respond\"]}]},{\"@type\":\"WebPage\",\"@id\":\"https:\/\/conversesacatalunya.cat\/es\/cataluna-nucleares\/\",\"url\":\"https:\/\/conversesacatalunya.cat\/es\/cataluna-nucleares\/\",\"name\":\"Catalu\u00f1a: cerrar las nucleares en 2027. Cuando la incompetencia nos gobierna - Converses a Catalunya\",\"isPartOf\":{\"@id\":\"https:\/\/conversesacatalunya.cat\/#website\"},\"primaryImageOfPage\":{\"@id\":\"https:\/\/conversesacatalunya.cat\/es\/cataluna-nucleares\/#primaryimage\"},\"image\":{\"@id\":\"https:\/\/conversesacatalunya.cat\/es\/cataluna-nucleares\/#primaryimage\"},\"thumbnailUrl\":\"https:\/\/conversesacatalunya.cat\/wp-content\/uploads\/2022\/04\/490x_asco-alamy.jpg\",\"datePublished\":\"2022-04-20T09:55:53+00:00\",\"dateModified\":\"2022-04-20T13:24:49+00:00\",\"author\":{\"@id\":\"https:\/\/conversesacatalunya.cat\/#\/schema\/person\/7e24d1e54a2785373ddcb275eae5ed99\"},\"description\":\"Anuncios como los de la consellera Jord\u00e0 s\u00f3lo crean confusi\u00f3n y unas falsas perspectivas para un problema tan grave como es llevar a buen puerto la transici\u00f3n energ\u00e9tica.\",\"breadcrumb\":{\"@id\":\"https:\/\/conversesacatalunya.cat\/es\/cataluna-nucleares\/#breadcrumb\"},\"inLanguage\":\"es\",\"potentialAction\":[{\"@type\":\"ReadAction\",\"target\":[\"https:\/\/conversesacatalunya.cat\/es\/cataluna-nucleares\/\"]}]},{\"@type\":\"ImageObject\",\"inLanguage\":\"es\",\"@id\":\"https:\/\/conversesacatalunya.cat\/es\/cataluna-nucleares\/#primaryimage\",\"url\":\"https:\/\/conversesacatalunya.cat\/wp-content\/uploads\/2022\/04\/490x_asco-alamy.jpg\",\"contentUrl\":\"https:\/\/conversesacatalunya.cat\/wp-content\/uploads\/2022\/04\/490x_asco-alamy.jpg\",\"width\":489,\"height\":267,\"caption\":\"Catalunya nuclears\"},{\"@type\":\"BreadcrumbList\",\"@id\":\"https:\/\/conversesacatalunya.cat\/es\/cataluna-nucleares\/#breadcrumb\",\"itemListElement\":[{\"@type\":\"ListItem\",\"position\":1,\"name\":\"Inici\",\"item\":\"https:\/\/conversesacatalunya.cat\/es\/\"},{\"@type\":\"ListItem\",\"position\":2,\"name\":\"Catalu\u00f1a: cerrar las nucleares en 2027. Cuando la incompetencia nos gobierna\"}]},{\"@type\":\"WebSite\",\"@id\":\"https:\/\/conversesacatalunya.cat\/#website\",\"url\":\"https:\/\/conversesacatalunya.cat\/\",\"name\":\"Converses a Catalunya\",\"description\":\"\",\"potentialAction\":[{\"@type\":\"SearchAction\",\"target\":{\"@type\":\"EntryPoint\",\"urlTemplate\":\"https:\/\/conversesacatalunya.cat\/?s={search_term_string}\"},\"query-input\":{\"@type\":\"PropertyValueSpecification\",\"valueRequired\":true,\"valueName\":\"search_term_string\"}}],\"inLanguage\":\"es\"},{\"@type\":\"Person\",\"@id\":\"https:\/\/conversesacatalunya.cat\/#\/schema\/person\/7e24d1e54a2785373ddcb275eae5ed99\",\"name\":\"conversesacatalunya\",\"image\":{\"@type\":\"ImageObject\",\"inLanguage\":\"es\",\"@id\":\"https:\/\/conversesacatalunya.cat\/#\/schema\/person\/image\/\",\"url\":\"https:\/\/conversesacatalunya.cat\/wp-content\/litespeed\/avatar\/febdfeeec89d950f01c748045a981dd2.jpg?ver=1777314535\",\"contentUrl\":\"https:\/\/conversesacatalunya.cat\/wp-content\/litespeed\/avatar\/febdfeeec89d950f01c748045a981dd2.jpg?ver=1777314535\",\"caption\":\"conversesacatalunya\"},\"url\":\"https:\/\/conversesacatalunya.cat\/es\/author\/carme_catala\/\"}]}<\/script>\n<!-- \/ Yoast SEO plugin. -->","yoast_head_json":{"title":"Catalu\u00f1a: cerrar las nucleares en 2027. Cuando la incompetencia nos gobierna - Converses a Catalunya","description":"Anuncios como los de la consellera Jord\u00e0 s\u00f3lo crean confusi\u00f3n y unas falsas perspectivas para un problema tan grave como es llevar a buen puerto la transici\u00f3n energ\u00e9tica.","robots":{"index":"index","follow":"follow","max-snippet":"max-snippet:-1","max-image-preview":"max-image-preview:large","max-video-preview":"max-video-preview:-1"},"canonical":"https:\/\/conversesacatalunya.cat\/es\/cataluna-nucleares\/","og_locale":"es_ES","og_type":"article","og_title":"Catalu\u00f1a: cerrar las nucleares en 2027. Cuando la incompetencia nos gobierna - Converses a Catalunya","og_description":"Anuncios como los de la consellera Jord\u00e0 s\u00f3lo crean confusi\u00f3n y unas falsas perspectivas para un problema tan grave como es llevar a buen puerto la transici\u00f3n energ\u00e9tica.","og_url":"https:\/\/conversesacatalunya.cat\/es\/cataluna-nucleares\/","og_site_name":"Converses a Catalunya","article_published_time":"2022-04-20T09:55:53+00:00","article_modified_time":"2022-04-20T13:24:49+00:00","og_image":[{"width":489,"height":267,"url":"https:\/\/conversesacatalunya.cat\/wp-content\/uploads\/2022\/04\/490x_asco-alamy.jpg","type":"image\/jpeg"}],"author":"conversesacatalunya","twitter_card":"summary_large_image","twitter_misc":{"Escrito por":"conversesacatalunya","Tiempo de lectura":"4 minutos"},"schema":{"@context":"https:\/\/schema.org","@graph":[{"@type":"Article","@id":"https:\/\/conversesacatalunya.cat\/es\/cataluna-nucleares\/#article","isPartOf":{"@id":"https:\/\/conversesacatalunya.cat\/es\/cataluna-nucleares\/"},"author":{"name":"conversesacatalunya","@id":"https:\/\/conversesacatalunya.cat\/#\/schema\/person\/7e24d1e54a2785373ddcb275eae5ed99"},"headline":"Catalu\u00f1a: cerrar las nucleares en 2027. Cuando la incompetencia nos gobierna","datePublished":"2022-04-20T09:55:53+00:00","dateModified":"2022-04-20T13:24:49+00:00","mainEntityOfPage":{"@id":"https:\/\/conversesacatalunya.cat\/es\/cataluna-nucleares\/"},"wordCount":757,"commentCount":0,"image":{"@id":"https:\/\/conversesacatalunya.cat\/es\/cataluna-nucleares\/#primaryimage"},"thumbnailUrl":"https:\/\/conversesacatalunya.cat\/wp-content\/uploads\/2022\/04\/490x_asco-alamy.jpg","keywords":["energia","Energia nuclear","energies renovables"],"articleSection":["Punts clau del dia (ES)"],"inLanguage":"es","potentialAction":[{"@type":"CommentAction","name":"Comment","target":["https:\/\/conversesacatalunya.cat\/es\/cataluna-nucleares\/#respond"]}]},{"@type":"WebPage","@id":"https:\/\/conversesacatalunya.cat\/es\/cataluna-nucleares\/","url":"https:\/\/conversesacatalunya.cat\/es\/cataluna-nucleares\/","name":"Catalu\u00f1a: cerrar las nucleares en 2027. Cuando la incompetencia nos gobierna - Converses a Catalunya","isPartOf":{"@id":"https:\/\/conversesacatalunya.cat\/#website"},"primaryImageOfPage":{"@id":"https:\/\/conversesacatalunya.cat\/es\/cataluna-nucleares\/#primaryimage"},"image":{"@id":"https:\/\/conversesacatalunya.cat\/es\/cataluna-nucleares\/#primaryimage"},"thumbnailUrl":"https:\/\/conversesacatalunya.cat\/wp-content\/uploads\/2022\/04\/490x_asco-alamy.jpg","datePublished":"2022-04-20T09:55:53+00:00","dateModified":"2022-04-20T13:24:49+00:00","author":{"@id":"https:\/\/conversesacatalunya.cat\/#\/schema\/person\/7e24d1e54a2785373ddcb275eae5ed99"},"description":"Anuncios como los de la consellera Jord\u00e0 s\u00f3lo crean confusi\u00f3n y unas falsas perspectivas para un problema tan grave como es llevar a buen puerto la transici\u00f3n energ\u00e9tica.","breadcrumb":{"@id":"https:\/\/conversesacatalunya.cat\/es\/cataluna-nucleares\/#breadcrumb"},"inLanguage":"es","potentialAction":[{"@type":"ReadAction","target":["https:\/\/conversesacatalunya.cat\/es\/cataluna-nucleares\/"]}]},{"@type":"ImageObject","inLanguage":"es","@id":"https:\/\/conversesacatalunya.cat\/es\/cataluna-nucleares\/#primaryimage","url":"https:\/\/conversesacatalunya.cat\/wp-content\/uploads\/2022\/04\/490x_asco-alamy.jpg","contentUrl":"https:\/\/conversesacatalunya.cat\/wp-content\/uploads\/2022\/04\/490x_asco-alamy.jpg","width":489,"height":267,"caption":"Catalunya nuclears"},{"@type":"BreadcrumbList","@id":"https:\/\/conversesacatalunya.cat\/es\/cataluna-nucleares\/#breadcrumb","itemListElement":[{"@type":"ListItem","position":1,"name":"Inici","item":"https:\/\/conversesacatalunya.cat\/es\/"},{"@type":"ListItem","position":2,"name":"Catalu\u00f1a: cerrar las nucleares en 2027. Cuando la incompetencia nos gobierna"}]},{"@type":"WebSite","@id":"https:\/\/conversesacatalunya.cat\/#website","url":"https:\/\/conversesacatalunya.cat\/","name":"Converses a Catalunya","description":"","potentialAction":[{"@type":"SearchAction","target":{"@type":"EntryPoint","urlTemplate":"https:\/\/conversesacatalunya.cat\/?s={search_term_string}"},"query-input":{"@type":"PropertyValueSpecification","valueRequired":true,"valueName":"search_term_string"}}],"inLanguage":"es"},{"@type":"Person","@id":"https:\/\/conversesacatalunya.cat\/#\/schema\/person\/7e24d1e54a2785373ddcb275eae5ed99","name":"conversesacatalunya","image":{"@type":"ImageObject","inLanguage":"es","@id":"https:\/\/conversesacatalunya.cat\/#\/schema\/person\/image\/","url":"https:\/\/conversesacatalunya.cat\/wp-content\/litespeed\/avatar\/febdfeeec89d950f01c748045a981dd2.jpg?ver=1777314535","contentUrl":"https:\/\/conversesacatalunya.cat\/wp-content\/litespeed\/avatar\/febdfeeec89d950f01c748045a981dd2.jpg?ver=1777314535","caption":"conversesacatalunya"},"url":"https:\/\/conversesacatalunya.cat\/es\/author\/carme_catala\/"}]}},"wps_subtitle":"Anuncios como los de la consellera Jord\u00e0 s\u00f3lo crean confusi\u00f3n y unas falsas perspectivas para un problema tan grave como es llevar a buen puerto la transici\u00f3n energ\u00e9tica.","_links":{"self":[{"href":"https:\/\/conversesacatalunya.cat\/es\/wp-json\/wp\/v2\/posts\/56906","targetHints":{"allow":["GET"]}}],"collection":[{"href":"https:\/\/conversesacatalunya.cat\/es\/wp-json\/wp\/v2\/posts"}],"about":[{"href":"https:\/\/conversesacatalunya.cat\/es\/wp-json\/wp\/v2\/types\/post"}],"author":[{"embeddable":true,"href":"https:\/\/conversesacatalunya.cat\/es\/wp-json\/wp\/v2\/users\/2"}],"replies":[{"embeddable":true,"href":"https:\/\/conversesacatalunya.cat\/es\/wp-json\/wp\/v2\/comments?post=56906"}],"version-history":[{"count":2,"href":"https:\/\/conversesacatalunya.cat\/es\/wp-json\/wp\/v2\/posts\/56906\/revisions"}],"predecessor-version":[{"id":56908,"href":"https:\/\/conversesacatalunya.cat\/es\/wp-json\/wp\/v2\/posts\/56906\/revisions\/56908"}],"wp:featuredmedia":[{"embeddable":true,"href":"https:\/\/conversesacatalunya.cat\/es\/wp-json\/wp\/v2\/media\/56893"}],"wp:attachment":[{"href":"https:\/\/conversesacatalunya.cat\/es\/wp-json\/wp\/v2\/media?parent=56906"}],"wp:term":[{"taxonomy":"category","embeddable":true,"href":"https:\/\/conversesacatalunya.cat\/es\/wp-json\/wp\/v2\/categories?post=56906"},{"taxonomy":"post_tag","embeddable":true,"href":"https:\/\/conversesacatalunya.cat\/es\/wp-json\/wp\/v2\/tags?post=56906"}],"curies":[{"name":"wp","href":"https:\/\/api.w.org\/{rel}","templated":true}]}}