{"id":56900,"date":"2022-04-20T12:11:06","date_gmt":"2022-04-20T10:11:06","guid":{"rendered":"https:\/\/conversesacatalunya.cat\/colau-i-la-contaminacio-atmosferica-a-cal-sabater-sabates-de-paper\/"},"modified":"2022-04-20T15:15:10","modified_gmt":"2022-04-20T13:15:10","slug":"colau-contaminacion-incineradora","status":"publish","type":"post","link":"https:\/\/conversesacatalunya.cat\/es\/colau-contaminacion-incineradora\/","title":{"rendered":"Colau y la contaminaci\u00f3n atmosf\u00e9rica: en casa del herrero cuchillo de palo"},"content":{"rendered":"<p><span><span class=\"goog-text-highlight\">La Fiscal\u00eda ha presentado un escrito acusatorio en los juzgados de Badalona que se\u00f1ala como posible responsable de un\u00a0<\/span><\/span><strong><span><span class=\"goog-text-highlight\">delito ecol\u00f3gico<\/span><\/span><\/strong><span><span class=\"goog-text-highlight\"> al concejal de Barcelona ciudad, Eloi Badia, responsable de Emergencia Clim\u00e1tica del ayuntamiento en su condici\u00f3n de presidente de TERSA, la empresa que gestiona la incineradora y que tiene como titulares al propio Ayuntamiento con un 41% y el \u00c1rea Metropolitana de Barcelona (AMB) con un 59%. <\/span>Es decir, en definitiva, bajo la responsabilidad doble de Ada Colau que, no olvidemos, es la presidenta del AMB.\u00a0Antes que Eloi Badia, fue presidenta de TERSA Janet Sanz, la segunda teniente de alcalde de Barcelona.<\/span><\/p>\n<p><span>La acusaci\u00f3n es grave y responde a las m\u00faltiples denuncias llevadas a cabo por la plataforma Airenet que se\u00f1alan que\u00a0<\/span><strong><span>las deficiencias en las operaciones de la incineradora ponen en riesgo la salud del entorno<\/span><\/strong><span>.\u00a0En realidad esta iniciativa vecinal tiene como origen parte de los propios trabajadores de la planta, preocupados por las posibles emisiones de dioxinas.\u00a0Fueron ellos quienes informaron a la vecindad y de ah\u00ed sali\u00f3 esta iniciativa que lleva a\u00f1os pleiteando con TERSA.<\/span><\/p>\n<p><span><span class=\"\">De hecho, ya en 2017, despu\u00e9s de una primera denuncia, que lugar a un expediente por parte de la direcci\u00f3n general de Calidad Ambiental y la correspondiente sanci\u00f3n, pero que no se dio a conocer a la opini\u00f3n p\u00fablica. <\/span>Despu\u00e9s de aquellos han venido otros.\u00a0Por tanto, no es el hecho de un momento, sino una\u00a0<\/span><strong><span>trayectoria continuada<\/span><\/strong><span> por parte de la incineradora y bien conocida por sus responsables, porque Airenet les ha comunicado reiteradamente cu\u00e1les son los principales problemas, sin encontrar nunca ninguna respuesta resolutiva.<\/span><\/p>\n<p><span>Ahora la acci\u00f3n del fiscal encauza la situaci\u00f3n hacia un pleito de mayor dimensi\u00f3n, porque a diferencia del pasado, ya no se trata de sanciones administrativas sino de un\u00a0<\/span><strong><span>caso penal por un posible delito ecol\u00f3gico<\/span><\/strong><span>.\u00a0Es evidente que como toda otra imputaci\u00f3n, hay que situar la presunci\u00f3n de inocencia sobre los responsables, si bien en este caso, y dado los a\u00f1os que lleva el problema, hay que concluir que existe una omisi\u00f3n importante por parte de los responsables pol\u00edticos de la incineradora, y esto en primer t\u00e9rmino se\u00f1ala a Eloi Badia.<\/span><\/p>\n<p><span>\u00bfC\u00f3mo puede ser que el <\/span><strong><span>responsable de la emergencia clim\u00e1tica<\/span><\/strong><span>\u00a0de la capital de Catalu\u00f1a se vea ahora bajo el punto de mira de la Fiscal\u00eda por delito ecol\u00f3gico?\u00a0Es un contrasentido demasiado grave.\u00a0Mientras, el Ayuntamiento nos ofrece im\u00e1genes id\u00edlicas de calles de Barcelona convertidas en jardines, cuando la realidad es que la ciudad cada vez es m\u00e1s fea y\u00a0<\/span><strong><a href=\"https:\/\/conversesacatalunya.cat\/es\/las-medidas-de-ada-colau-contra-los-automoviles-ya-se-traducen-en-un-aumento-de-la-contaminacion\/\"><span>est\u00e1 m\u00e1s contaminada<\/span><\/a><\/strong><span>.\u00a0El asunto del t\u00fanel de Gl\u00f2ries es un ejemplo de esta contradicci\u00f3n que tambi\u00e9n pone de relieve la incineradora del Bes\u00f2s.\u00a0Este gobierno municipal de Ada Colau en nombre de una atm\u00f3sfera limpia est\u00e1 consiguiendo contaminar m\u00e1s y m\u00e1s la ciudad. Todas aquellas personas que tienen como prioridad recuperar el bienestar ecol\u00f3gico no pueden confiar en un grupo que continuamente muestra sus contradicciones, cuando no hace trampas en el solitario.<\/span><\/p>\n<p><span><span class=\"\">Por si todo esto no fuera suficiente, en este momento resulta que, por un lado, la alcaldesa est\u00e1 imputada por\u00a0<\/span><\/span><a href=\"https:\/\/conversesacatalunya.cat\/es\/colau-imputada\/\"><span><span class=\"\">subvenciones irregulares<\/span><\/span><\/a><span><span class=\"\">, sin que este asunto haya significado la dimisi\u00f3n por su parte, a pesar de que esta era la norma interna de su grupo municipal. <\/span><span class=\"\">Y ahora a esta situaci\u00f3n se le a\u00f1ade que el concejal responsable de medio ambiente se vea acusado por la Fiscal\u00eda de un delito en este \u00e1mbito.<\/span><\/span><\/p>\n<div id=\"polls-148\" class=\"wp-polls\">\n\t<form id=\"polls_form_148\" class=\"wp-polls-form\" action=\"\/index.php\" method=\"post\">\n\t\t<p style=\"display: none;\"><input type=\"hidden\" id=\"poll_148_nonce\" name=\"wp-polls-nonce\" value=\"6b697077d2\" \/><\/p>\n\t\t<p style=\"display: none;\"><input type=\"hidden\" name=\"poll_id\" value=\"148\" \/><\/p>\n\t\t<p style=\"text-align: center\"><strong>Creus que Ada Colau es tornar\u00e0 a presentar a les eleccions municipals de 2023?<\/strong><\/p><div id=\"polls-148-ans\" class=\"wp-polls-ans\"><ul class=\"wp-polls-ul\">\n\t\t<li><input type=\"radio\" id=\"poll-answer-382\" name=\"poll_148\" value=\"382\" \/> <label for=\"poll-answer-382\">S\u00ed<\/label><\/li>\n\t\t<li><input type=\"radio\" id=\"poll-answer-383\" name=\"poll_148\" value=\"383\" \/> <label for=\"poll-answer-383\">No<\/label><\/li>\n\t\t<li><input type=\"radio\" id=\"poll-answer-384\" name=\"poll_148\" value=\"384\" \/> <label for=\"poll-answer-384\">Probablement<\/label><\/li>\n\t\t<li><input type=\"radio\" id=\"poll-answer-385\" name=\"poll_148\" value=\"385\" \/> <label for=\"poll-answer-385\">No ho s\u00e9<\/label><\/li>\n\t\t<\/ul><p style=\"text-align: center\"><input type=\"button\" name=\"vote\" value=\"   Vota   \" class=\"Buttons\" onclick=\"poll_vote(148);\" \/><\/p><p style=\"text-align: center\"><a href=\"#ViewPollResults\" onclick=\"poll_result(148); return false;\" title=\"View Results Of This Poll\">Mira els resultats<\/a><\/p><\/div>\n\t<\/form>\n<\/div>\n<div id=\"polls-148-loading\" class=\"wp-polls-loading\"><img decoding=\"async\" data-src=\"https:\/\/conversesacatalunya.cat\/wp-content\/plugins\/wp-polls\/images\/loading.gif\" width=\"16\" height=\"16\" alt=\"Cargando ...\" title=\"Cargando ...\" class=\"wp-polls-image lazyload\" src=\"data:image\/svg+xml;base64,PHN2ZyB3aWR0aD0iMSIgaGVpZ2h0PSIxIiB4bWxucz0iaHR0cDovL3d3dy53My5vcmcvMjAwMC9zdmciPjwvc3ZnPg==\" style=\"--smush-placeholder-width: 16px; --smush-placeholder-aspect-ratio: 16\/16;\" \/>&nbsp;Cargando ...<\/div>\n\n","protected":false},"excerpt":{"rendered":"<p>La Fiscal\u00eda ha presentado un escrito acusatorio en los juzgados de Badalona que se\u00f1ala como posible responsable de un\u00a0delito ecol\u00f3gico al concejal de Barcelona ciudad, Eloi Badia, responsable de Emergencia Clim\u00e1tica del ayuntamiento en su condici\u00f3n de presidente de TERSA, la empresa que gestiona la incineradora y que tiene como titulares al propio Ayuntamiento con un 41% y el \u00c1rea Metropolitana de Barcelona (AMB) con un 59%. Es decir, en definitiva, bajo la responsabilidad doble de Ada Colau que, no olvidemos, es la presidenta del AMB.\u00a0Antes que Eloi Badia, fue presidenta de TERSA Janet Sanz, la segunda teniente de alcalde de Barcelona. La acusaci\u00f3n es grave y responde a las m\u00faltiples denuncias llevadas a cabo por la plataforma Airenet que se\u00f1alan que\u00a0las deficiencias en las operaciones de la incineradora ponen en riesgo la salud del entorno.\u00a0En realidad esta iniciativa vecinal tiene como origen parte de los propios trabajadores de la planta, preocupados por las posibles emisiones de dioxinas.\u00a0Fueron ellos quienes informaron a la vecindad y de ah\u00ed sali\u00f3 esta iniciativa que lleva a\u00f1os pleiteando con TERSA. De hecho, ya en 2017, despu\u00e9s de una primera denuncia, que lugar a un expediente por parte de la direcci\u00f3n general de Calidad Ambiental y la correspondiente sanci\u00f3n, pero que no se dio a conocer a la opini\u00f3n p\u00fablica. Despu\u00e9s de aquellos han venido otros.\u00a0Por tanto, no es el hecho de un momento, sino una\u00a0trayectoria continuada por parte de la incineradora y bien conocida por sus responsables, porque Airenet les ha comunicado reiteradamente cu\u00e1les son los principales problemas, sin encontrar nunca ninguna respuesta resolutiva. Ahora la acci\u00f3n del fiscal encauza la situaci\u00f3n hacia un pleito de mayor dimensi\u00f3n, porque a diferencia del pasado, ya no se trata de sanciones administrativas sino de un\u00a0caso penal por un posible delito ecol\u00f3gico.\u00a0Es evidente que como toda otra imputaci\u00f3n, hay que situar la presunci\u00f3n de inocencia sobre los responsables, si bien en este caso, y dado los a\u00f1os que lleva el problema, hay que concluir que existe una omisi\u00f3n importante por parte de los responsables pol\u00edticos de la incineradora, y esto en primer t\u00e9rmino se\u00f1ala a Eloi Badia. \u00bfC\u00f3mo puede ser que el responsable de la emergencia clim\u00e1tica\u00a0de la capital de Catalu\u00f1a se vea ahora bajo el punto de mira de la Fiscal\u00eda por delito ecol\u00f3gico?\u00a0Es un contrasentido demasiado grave.\u00a0Mientras, el Ayuntamiento nos ofrece im\u00e1genes id\u00edlicas de calles de Barcelona convertidas en jardines, cuando la realidad es que la ciudad cada vez es m\u00e1s fea y\u00a0est\u00e1 m\u00e1s contaminada.\u00a0El asunto del t\u00fanel de Gl\u00f2ries es un ejemplo de esta contradicci\u00f3n que tambi\u00e9n pone de relieve la incineradora del Bes\u00f2s.\u00a0Este gobierno municipal de Ada Colau en nombre de una atm\u00f3sfera limpia est\u00e1 consiguiendo contaminar m\u00e1s y m\u00e1s la ciudad. Todas aquellas personas que tienen como prioridad recuperar el bienestar ecol\u00f3gico no pueden confiar en un grupo que continuamente muestra sus contradicciones, cuando no hace trampas en el solitario. Por si todo esto no fuera suficiente, en este momento resulta que, por un lado, la alcaldesa est\u00e1 imputada por\u00a0subvenciones irregulares, sin que este asunto haya significado la dimisi\u00f3n por su parte, a pesar de que esta era la norma interna de su grupo municipal. Y ahora a esta situaci\u00f3n se le a\u00f1ade que el concejal responsable de medio ambiente se vea acusado por la Fiscal\u00eda de un delito en este \u00e1mbito.<\/p>\n","protected":false},"author":2,"featured_media":56897,"comment_status":"open","ping_status":"open","sticky":false,"template":"","format":"standard","meta":{"_FSMCFIC_featured_image_caption":"","_FSMCFIC_featured_image_nocaption":"","_FSMCFIC_featured_image_hide":"","footnotes":""},"categories":[3787,806],"tags":[834,1072],"class_list":["post-56900","post","type-post","status-publish","format-standard","has-post-thumbnail","hentry","category-expedient-barcelona-es","category-punts-claus-del-dia-es","tag-contaminacio-es","tag-contaminacion"],"yoast_head":"<!-- This site is optimized with the Yoast SEO plugin v26.8 - https:\/\/yoast.com\/product\/yoast-seo-wordpress\/ -->\n<title>Colau y la contaminaci\u00f3n atmosf\u00e9rica: en casa del herrero cuchillo de palo - Converses a Catalunya<\/title>\n<meta name=\"description\" content=\"Colau se presenta como el adalid de la mejora ambiental en Barcelona pero la realidad es otra y el \u00faltimo asunto lo constata una vez m\u00e1s.\" \/>\n<meta name=\"robots\" content=\"index, follow, max-snippet:-1, max-image-preview:large, max-video-preview:-1\" \/>\n<link rel=\"canonical\" href=\"https:\/\/conversesacatalunya.cat\/es\/colau-contaminacion-incineradora\/\" \/>\n<meta property=\"og:locale\" content=\"es_ES\" \/>\n<meta property=\"og:type\" content=\"article\" \/>\n<meta property=\"og:title\" content=\"Colau y la contaminaci\u00f3n atmosf\u00e9rica: en casa del herrero cuchillo de palo - Converses a Catalunya\" \/>\n<meta property=\"og:description\" content=\"Colau se presenta como el adalid de la mejora ambiental en Barcelona pero la realidad es otra y el \u00faltimo asunto lo constata una vez m\u00e1s.\" \/>\n<meta property=\"og:url\" content=\"https:\/\/conversesacatalunya.cat\/es\/colau-contaminacion-incineradora\/\" \/>\n<meta property=\"og:site_name\" content=\"Converses a Catalunya\" \/>\n<meta property=\"article:published_time\" content=\"2022-04-20T10:11:06+00:00\" \/>\n<meta property=\"article:modified_time\" content=\"2022-04-20T13:15:10+00:00\" \/>\n<meta property=\"og:image\" content=\"https:\/\/conversesacatalunya.cat\/wp-content\/uploads\/2022\/04\/tersa-1.jpeg\" \/>\n\t<meta property=\"og:image:width\" content=\"1250\" \/>\n\t<meta property=\"og:image:height\" content=\"660\" \/>\n\t<meta property=\"og:image:type\" content=\"image\/jpeg\" \/>\n<meta name=\"author\" content=\"conversesacatalunya\" \/>\n<meta name=\"twitter:card\" content=\"summary_large_image\" \/>\n<meta name=\"twitter:label1\" content=\"Escrito por\" \/>\n\t<meta name=\"twitter:data1\" content=\"conversesacatalunya\" \/>\n\t<meta name=\"twitter:label2\" content=\"Tiempo de lectura\" \/>\n\t<meta name=\"twitter:data2\" content=\"3 minutos\" \/>\n<script type=\"application\/ld+json\" class=\"yoast-schema-graph\">{\"@context\":\"https:\/\/schema.org\",\"@graph\":[{\"@type\":\"Article\",\"@id\":\"https:\/\/conversesacatalunya.cat\/es\/colau-contaminacion-incineradora\/#article\",\"isPartOf\":{\"@id\":\"https:\/\/conversesacatalunya.cat\/es\/colau-contaminacion-incineradora\/\"},\"author\":{\"name\":\"conversesacatalunya\",\"@id\":\"https:\/\/conversesacatalunya.cat\/#\/schema\/person\/7e24d1e54a2785373ddcb275eae5ed99\"},\"headline\":\"Colau y la contaminaci\u00f3n atmosf\u00e9rica: en casa del herrero cuchillo de palo\",\"datePublished\":\"2022-04-20T10:11:06+00:00\",\"dateModified\":\"2022-04-20T13:15:10+00:00\",\"mainEntityOfPage\":{\"@id\":\"https:\/\/conversesacatalunya.cat\/es\/colau-contaminacion-incineradora\/\"},\"wordCount\":628,\"commentCount\":0,\"image\":{\"@id\":\"https:\/\/conversesacatalunya.cat\/es\/colau-contaminacion-incineradora\/#primaryimage\"},\"thumbnailUrl\":\"https:\/\/conversesacatalunya.cat\/wp-content\/uploads\/2022\/04\/tersa-1.jpeg\",\"keywords\":[\"Contaminaci\u00f3\",\"Contaminaci\u00f3n\"],\"articleSection\":[\"Expedient Barcelona (ES)\",\"Punts clau del dia (ES)\"],\"inLanguage\":\"es\",\"potentialAction\":[{\"@type\":\"CommentAction\",\"name\":\"Comment\",\"target\":[\"https:\/\/conversesacatalunya.cat\/es\/colau-contaminacion-incineradora\/#respond\"]}]},{\"@type\":\"WebPage\",\"@id\":\"https:\/\/conversesacatalunya.cat\/es\/colau-contaminacion-incineradora\/\",\"url\":\"https:\/\/conversesacatalunya.cat\/es\/colau-contaminacion-incineradora\/\",\"name\":\"Colau y la contaminaci\u00f3n atmosf\u00e9rica: en casa del herrero cuchillo de palo - Converses a Catalunya\",\"isPartOf\":{\"@id\":\"https:\/\/conversesacatalunya.cat\/#website\"},\"primaryImageOfPage\":{\"@id\":\"https:\/\/conversesacatalunya.cat\/es\/colau-contaminacion-incineradora\/#primaryimage\"},\"image\":{\"@id\":\"https:\/\/conversesacatalunya.cat\/es\/colau-contaminacion-incineradora\/#primaryimage\"},\"thumbnailUrl\":\"https:\/\/conversesacatalunya.cat\/wp-content\/uploads\/2022\/04\/tersa-1.jpeg\",\"datePublished\":\"2022-04-20T10:11:06+00:00\",\"dateModified\":\"2022-04-20T13:15:10+00:00\",\"author\":{\"@id\":\"https:\/\/conversesacatalunya.cat\/#\/schema\/person\/7e24d1e54a2785373ddcb275eae5ed99\"},\"description\":\"Colau se presenta como el adalid de la mejora ambiental en Barcelona pero la realidad es otra y el \u00faltimo asunto lo constata una vez m\u00e1s.\",\"breadcrumb\":{\"@id\":\"https:\/\/conversesacatalunya.cat\/es\/colau-contaminacion-incineradora\/#breadcrumb\"},\"inLanguage\":\"es\",\"potentialAction\":[{\"@type\":\"ReadAction\",\"target\":[\"https:\/\/conversesacatalunya.cat\/es\/colau-contaminacion-incineradora\/\"]}]},{\"@type\":\"ImageObject\",\"inLanguage\":\"es\",\"@id\":\"https:\/\/conversesacatalunya.cat\/es\/colau-contaminacion-incineradora\/#primaryimage\",\"url\":\"https:\/\/conversesacatalunya.cat\/wp-content\/uploads\/2022\/04\/tersa-1.jpeg\",\"contentUrl\":\"https:\/\/conversesacatalunya.cat\/wp-content\/uploads\/2022\/04\/tersa-1.jpeg\",\"width\":1250,\"height\":660,\"caption\":\"icineradora\"},{\"@type\":\"BreadcrumbList\",\"@id\":\"https:\/\/conversesacatalunya.cat\/es\/colau-contaminacion-incineradora\/#breadcrumb\",\"itemListElement\":[{\"@type\":\"ListItem\",\"position\":1,\"name\":\"Inici\",\"item\":\"https:\/\/conversesacatalunya.cat\/es\/\"},{\"@type\":\"ListItem\",\"position\":2,\"name\":\"Colau y la contaminaci\u00f3n atmosf\u00e9rica: en casa del herrero cuchillo de palo\"}]},{\"@type\":\"WebSite\",\"@id\":\"https:\/\/conversesacatalunya.cat\/#website\",\"url\":\"https:\/\/conversesacatalunya.cat\/\",\"name\":\"Converses a Catalunya\",\"description\":\"\",\"potentialAction\":[{\"@type\":\"SearchAction\",\"target\":{\"@type\":\"EntryPoint\",\"urlTemplate\":\"https:\/\/conversesacatalunya.cat\/?s={search_term_string}\"},\"query-input\":{\"@type\":\"PropertyValueSpecification\",\"valueRequired\":true,\"valueName\":\"search_term_string\"}}],\"inLanguage\":\"es\"},{\"@type\":\"Person\",\"@id\":\"https:\/\/conversesacatalunya.cat\/#\/schema\/person\/7e24d1e54a2785373ddcb275eae5ed99\",\"name\":\"conversesacatalunya\",\"image\":{\"@type\":\"ImageObject\",\"inLanguage\":\"es\",\"@id\":\"https:\/\/conversesacatalunya.cat\/#\/schema\/person\/image\/\",\"url\":\"https:\/\/conversesacatalunya.cat\/wp-content\/litespeed\/avatar\/febdfeeec89d950f01c748045a981dd2.jpg?ver=1777314535\",\"contentUrl\":\"https:\/\/conversesacatalunya.cat\/wp-content\/litespeed\/avatar\/febdfeeec89d950f01c748045a981dd2.jpg?ver=1777314535\",\"caption\":\"conversesacatalunya\"},\"url\":\"https:\/\/conversesacatalunya.cat\/es\/author\/carme_catala\/\"}]}<\/script>\n<!-- \/ Yoast SEO plugin. -->","yoast_head_json":{"title":"Colau y la contaminaci\u00f3n atmosf\u00e9rica: en casa del herrero cuchillo de palo - Converses a Catalunya","description":"Colau se presenta como el adalid de la mejora ambiental en Barcelona pero la realidad es otra y el \u00faltimo asunto lo constata una vez m\u00e1s.","robots":{"index":"index","follow":"follow","max-snippet":"max-snippet:-1","max-image-preview":"max-image-preview:large","max-video-preview":"max-video-preview:-1"},"canonical":"https:\/\/conversesacatalunya.cat\/es\/colau-contaminacion-incineradora\/","og_locale":"es_ES","og_type":"article","og_title":"Colau y la contaminaci\u00f3n atmosf\u00e9rica: en casa del herrero cuchillo de palo - Converses a Catalunya","og_description":"Colau se presenta como el adalid de la mejora ambiental en Barcelona pero la realidad es otra y el \u00faltimo asunto lo constata una vez m\u00e1s.","og_url":"https:\/\/conversesacatalunya.cat\/es\/colau-contaminacion-incineradora\/","og_site_name":"Converses a Catalunya","article_published_time":"2022-04-20T10:11:06+00:00","article_modified_time":"2022-04-20T13:15:10+00:00","og_image":[{"width":1250,"height":660,"url":"https:\/\/conversesacatalunya.cat\/wp-content\/uploads\/2022\/04\/tersa-1.jpeg","type":"image\/jpeg"}],"author":"conversesacatalunya","twitter_card":"summary_large_image","twitter_misc":{"Escrito por":"conversesacatalunya","Tiempo de lectura":"3 minutos"},"schema":{"@context":"https:\/\/schema.org","@graph":[{"@type":"Article","@id":"https:\/\/conversesacatalunya.cat\/es\/colau-contaminacion-incineradora\/#article","isPartOf":{"@id":"https:\/\/conversesacatalunya.cat\/es\/colau-contaminacion-incineradora\/"},"author":{"name":"conversesacatalunya","@id":"https:\/\/conversesacatalunya.cat\/#\/schema\/person\/7e24d1e54a2785373ddcb275eae5ed99"},"headline":"Colau y la contaminaci\u00f3n atmosf\u00e9rica: en casa del herrero cuchillo de palo","datePublished":"2022-04-20T10:11:06+00:00","dateModified":"2022-04-20T13:15:10+00:00","mainEntityOfPage":{"@id":"https:\/\/conversesacatalunya.cat\/es\/colau-contaminacion-incineradora\/"},"wordCount":628,"commentCount":0,"image":{"@id":"https:\/\/conversesacatalunya.cat\/es\/colau-contaminacion-incineradora\/#primaryimage"},"thumbnailUrl":"https:\/\/conversesacatalunya.cat\/wp-content\/uploads\/2022\/04\/tersa-1.jpeg","keywords":["Contaminaci\u00f3","Contaminaci\u00f3n"],"articleSection":["Expedient Barcelona (ES)","Punts clau del dia (ES)"],"inLanguage":"es","potentialAction":[{"@type":"CommentAction","name":"Comment","target":["https:\/\/conversesacatalunya.cat\/es\/colau-contaminacion-incineradora\/#respond"]}]},{"@type":"WebPage","@id":"https:\/\/conversesacatalunya.cat\/es\/colau-contaminacion-incineradora\/","url":"https:\/\/conversesacatalunya.cat\/es\/colau-contaminacion-incineradora\/","name":"Colau y la contaminaci\u00f3n atmosf\u00e9rica: en casa del herrero cuchillo de palo - Converses a Catalunya","isPartOf":{"@id":"https:\/\/conversesacatalunya.cat\/#website"},"primaryImageOfPage":{"@id":"https:\/\/conversesacatalunya.cat\/es\/colau-contaminacion-incineradora\/#primaryimage"},"image":{"@id":"https:\/\/conversesacatalunya.cat\/es\/colau-contaminacion-incineradora\/#primaryimage"},"thumbnailUrl":"https:\/\/conversesacatalunya.cat\/wp-content\/uploads\/2022\/04\/tersa-1.jpeg","datePublished":"2022-04-20T10:11:06+00:00","dateModified":"2022-04-20T13:15:10+00:00","author":{"@id":"https:\/\/conversesacatalunya.cat\/#\/schema\/person\/7e24d1e54a2785373ddcb275eae5ed99"},"description":"Colau se presenta como el adalid de la mejora ambiental en Barcelona pero la realidad es otra y el \u00faltimo asunto lo constata una vez m\u00e1s.","breadcrumb":{"@id":"https:\/\/conversesacatalunya.cat\/es\/colau-contaminacion-incineradora\/#breadcrumb"},"inLanguage":"es","potentialAction":[{"@type":"ReadAction","target":["https:\/\/conversesacatalunya.cat\/es\/colau-contaminacion-incineradora\/"]}]},{"@type":"ImageObject","inLanguage":"es","@id":"https:\/\/conversesacatalunya.cat\/es\/colau-contaminacion-incineradora\/#primaryimage","url":"https:\/\/conversesacatalunya.cat\/wp-content\/uploads\/2022\/04\/tersa-1.jpeg","contentUrl":"https:\/\/conversesacatalunya.cat\/wp-content\/uploads\/2022\/04\/tersa-1.jpeg","width":1250,"height":660,"caption":"icineradora"},{"@type":"BreadcrumbList","@id":"https:\/\/conversesacatalunya.cat\/es\/colau-contaminacion-incineradora\/#breadcrumb","itemListElement":[{"@type":"ListItem","position":1,"name":"Inici","item":"https:\/\/conversesacatalunya.cat\/es\/"},{"@type":"ListItem","position":2,"name":"Colau y la contaminaci\u00f3n atmosf\u00e9rica: en casa del herrero cuchillo de palo"}]},{"@type":"WebSite","@id":"https:\/\/conversesacatalunya.cat\/#website","url":"https:\/\/conversesacatalunya.cat\/","name":"Converses a Catalunya","description":"","potentialAction":[{"@type":"SearchAction","target":{"@type":"EntryPoint","urlTemplate":"https:\/\/conversesacatalunya.cat\/?s={search_term_string}"},"query-input":{"@type":"PropertyValueSpecification","valueRequired":true,"valueName":"search_term_string"}}],"inLanguage":"es"},{"@type":"Person","@id":"https:\/\/conversesacatalunya.cat\/#\/schema\/person\/7e24d1e54a2785373ddcb275eae5ed99","name":"conversesacatalunya","image":{"@type":"ImageObject","inLanguage":"es","@id":"https:\/\/conversesacatalunya.cat\/#\/schema\/person\/image\/","url":"https:\/\/conversesacatalunya.cat\/wp-content\/litespeed\/avatar\/febdfeeec89d950f01c748045a981dd2.jpg?ver=1777314535","contentUrl":"https:\/\/conversesacatalunya.cat\/wp-content\/litespeed\/avatar\/febdfeeec89d950f01c748045a981dd2.jpg?ver=1777314535","caption":"conversesacatalunya"},"url":"https:\/\/conversesacatalunya.cat\/es\/author\/carme_catala\/"}]}},"wps_subtitle":"Colau se presenta como el adalid de la mejora ambiental en Barcelona pero la realidad es otra y el \u00faltimo asunto lo constata una vez m\u00e1s.","_links":{"self":[{"href":"https:\/\/conversesacatalunya.cat\/es\/wp-json\/wp\/v2\/posts\/56900","targetHints":{"allow":["GET"]}}],"collection":[{"href":"https:\/\/conversesacatalunya.cat\/es\/wp-json\/wp\/v2\/posts"}],"about":[{"href":"https:\/\/conversesacatalunya.cat\/es\/wp-json\/wp\/v2\/types\/post"}],"author":[{"embeddable":true,"href":"https:\/\/conversesacatalunya.cat\/es\/wp-json\/wp\/v2\/users\/2"}],"replies":[{"embeddable":true,"href":"https:\/\/conversesacatalunya.cat\/es\/wp-json\/wp\/v2\/comments?post=56900"}],"version-history":[{"count":2,"href":"https:\/\/conversesacatalunya.cat\/es\/wp-json\/wp\/v2\/posts\/56900\/revisions"}],"predecessor-version":[{"id":56902,"href":"https:\/\/conversesacatalunya.cat\/es\/wp-json\/wp\/v2\/posts\/56900\/revisions\/56902"}],"wp:featuredmedia":[{"embeddable":true,"href":"https:\/\/conversesacatalunya.cat\/es\/wp-json\/wp\/v2\/media\/56897"}],"wp:attachment":[{"href":"https:\/\/conversesacatalunya.cat\/es\/wp-json\/wp\/v2\/media?parent=56900"}],"wp:term":[{"taxonomy":"category","embeddable":true,"href":"https:\/\/conversesacatalunya.cat\/es\/wp-json\/wp\/v2\/categories?post=56900"},{"taxonomy":"post_tag","embeddable":true,"href":"https:\/\/conversesacatalunya.cat\/es\/wp-json\/wp\/v2\/tags?post=56900"}],"curies":[{"name":"wp","href":"https:\/\/api.w.org\/{rel}","templated":true}]}}