{"id":56806,"date":"2022-04-16T07:24:44","date_gmt":"2022-04-16T05:24:44","guid":{"rendered":"https:\/\/conversesacatalunya.cat\/?p=56806"},"modified":"2022-04-16T07:24:44","modified_gmt":"2022-04-16T05:24:44","slug":"la-gestion-del-conflicto","status":"publish","type":"post","link":"https:\/\/conversesacatalunya.cat\/es\/la-gestion-del-conflicto\/","title":{"rendered":"La gesti\u00f3n del conflicto"},"content":{"rendered":"<p>La guerra entre Rusia y Ucrania nos ha puesto ante un marco de destrucci\u00f3n y muerte que hac\u00eda tiempo no ve\u00edamos en territorio europeo. La idea de Ucrania de formar parte de la OTAN, desagradaba mucho a Rusia que ve\u00eda amenazada su salida al mar Negro, as\u00ed como la proximidad de la fuerza militar de la OTAN por la parte sur de Rusia.<\/p>\n<p>A\u00fan as\u00ed, cuesta entender que para afrontar situaciones de disentimiento, deba usarse la violencia para resolver los conflictos. <strong>Las heridas que genera el enfrentamiento<\/strong> <strong>dejan siempre un marco que dificulta un posterior espacio de di\u00e1logo<\/strong>. La violencia, la severidad, y los afanes de dominio nunca ser\u00e1n un camino de entendimiento entre las partes en conflicto, ni la forma de construir la verdadera paz.<\/p>\n<p>\u201cLa prepotencia y la fuerza de las armas no son la soluci\u00f3n a los problemas. En cambio, la escucha profunda y sin prejuicios de las razones de los dem\u00e1s, as\u00ed como la exposici\u00f3n serena de las razones propias siempre ser\u00e1n el mejor camino para construir una paz aut\u00e9ntica\u00bb. <strong>Estas palabras que dijo Juan XXIII<\/strong>, ahora cumplir\u00e1 sesenta a\u00f1os, al inaugurar el Concilio Vaticano II, eran v\u00e1lidas en ese momento, lo son ahora, y lo ser\u00e1n siempre.<\/p>\n<p>Ciertamente, no hemos sido demasiado educados en la gesti\u00f3n de los conflictos. A menudo, pasamos el problema, a la persona o al colectivo en conflicto. En lugar de tratarlo en s\u00ed mismo, lo que hacemos es atacar a la persona y gastamos todas las energ\u00edas en desprestigiarla, en lugar de ponerlas a solucionar la cuesti\u00f3n.<\/p>\n<p>Al mismo tiempo, debemos ser respetuosos y sensibles con las personas, por muy diferente que piensen de nosotros. Si lo hacemos as\u00ed, limpiamos nuestro espacio de relaci\u00f3n, de ese tipo de comunicaci\u00f3n destructiva, que a menudo hacemos con acusaciones, insultos, sacando a colaci\u00f3n cosas del pasado, y generalizaciones injustas, que en vez de arreglar las cosas, lo que hace es agravar a\u00fan m\u00e1s el problema. Nunca la victoria de unos, sobre la derrota de otros, soluciona la ra\u00edz del conflicto. <strong>Debemos trabajar incansablemente para aprender a dialogar<\/strong>, siempre de igual a igual, sin imposiciones, pero con propuestas.<\/p>\n<p>Si el marco de di\u00e1logo es desigual, donde uno es m\u00e1s fuerte que el otro, e impone su criterio en perjuicio del otro, ser\u00e1 necesario trabajar la relaci\u00f3n personal para que no se deteriore, y dar tiempo al tiempo evitando romper el di\u00e1logo.<\/p>\n<p>Estuve en las EEPP de San Ant\u00f3n, en un encuentro de homenaje a los grandes ap\u00f3stoles del di\u00e1logo y la paz&#8230;Pere Casald\u00e0liga, Arcadi Oliveres, Jaume Botey, Teresa Losada, Manel Pousa \u00abel pare Manel\u00bb, y tantos otros que <strong>han puesto su vida al servicio de la justicia y de la paz, y siempre al lado de los que m\u00e1s lo necesitan<\/strong>, denunciando todas las injusticias. Estas personas han marcado el camino. Y \u00e9ste es nuestro gran reto, estar en medio del mundo, pero con la mirada puesta en el horizonte de un mundo m\u00e1s justo, m\u00e1s humano y m\u00e1s fraternal.<\/p>\n<div id=\"polls-147\" class=\"wp-polls\">\n\t<form id=\"polls_form_147\" class=\"wp-polls-form\" action=\"\/index.php\" method=\"post\">\n\t\t<p style=\"display: none;\"><input type=\"hidden\" id=\"poll_147_nonce\" name=\"wp-polls-nonce\" value=\"b48f79bf9b\" \/><\/p>\n\t\t<p style=\"display: none;\"><input type=\"hidden\" name=\"poll_id\" value=\"147\" \/><\/p>\n\t\t<p style=\"text-align: center\"><strong>Creus que ens afectaran molt les noves variants del coronavirus?<\/strong><\/p><div id=\"polls-147-ans\" class=\"wp-polls-ans\"><ul class=\"wp-polls-ul\">\n\t\t<li><input type=\"radio\" id=\"poll-answer-379\" name=\"poll_147\" value=\"379\" \/> <label for=\"poll-answer-379\">S\u00ed<\/label><\/li>\n\t\t<li><input type=\"radio\" id=\"poll-answer-380\" name=\"poll_147\" value=\"380\" \/> <label for=\"poll-answer-380\">No<\/label><\/li>\n\t\t<li><input type=\"radio\" id=\"poll-answer-381\" name=\"poll_147\" value=\"381\" \/> <label for=\"poll-answer-381\">No ho s\u00e9<\/label><\/li>\n\t\t<\/ul><p style=\"text-align: center\"><input type=\"button\" name=\"vote\" value=\"   Vota   \" class=\"Buttons\" onclick=\"poll_vote(147);\" \/><\/p><p style=\"text-align: center\"><a href=\"#ViewPollResults\" onclick=\"poll_result(147); return false;\" title=\"View Results Of This Poll\">Mira els resultats<\/a><\/p><\/div>\n\t<\/form>\n<\/div>\n<div id=\"polls-147-loading\" class=\"wp-polls-loading\"><img decoding=\"async\" data-src=\"https:\/\/conversesacatalunya.cat\/wp-content\/plugins\/wp-polls\/images\/loading.gif\" width=\"16\" height=\"16\" alt=\"Cargando ...\" title=\"Cargando ...\" class=\"wp-polls-image lazyload\" src=\"data:image\/svg+xml;base64,PHN2ZyB3aWR0aD0iMSIgaGVpZ2h0PSIxIiB4bWxucz0iaHR0cDovL3d3dy53My5vcmcvMjAwMC9zdmciPjwvc3ZnPg==\" style=\"--smush-placeholder-width: 16px; --smush-placeholder-aspect-ratio: 16\/16;\" \/>&nbsp;Cargando ...<\/div>\n\n","protected":false},"excerpt":{"rendered":"<p>La guerra entre Rusia y Ucrania nos ha puesto ante un marco de destrucci\u00f3n y muerte que hac\u00eda tiempo no ve\u00edamos en territorio europeo. La idea de Ucrania de formar parte de la OTAN, desagradaba mucho a Rusia que ve\u00eda amenazada su salida al mar Negro, as\u00ed como la proximidad de la fuerza militar de la OTAN por la parte sur de Rusia. A\u00fan as\u00ed, cuesta entender que para afrontar situaciones de disentimiento, deba usarse la violencia para resolver los conflictos. Las heridas que genera el enfrentamiento dejan siempre un marco que dificulta un posterior espacio de di\u00e1logo. La violencia, la severidad, y los afanes de dominio nunca ser\u00e1n un camino de entendimiento entre las partes en conflicto, ni la forma de construir la verdadera paz. \u201cLa prepotencia y la fuerza de las armas no son la soluci\u00f3n a los problemas. En cambio, la escucha profunda y sin prejuicios de las razones de los dem\u00e1s, as\u00ed como la exposici\u00f3n serena de las razones propias siempre ser\u00e1n el mejor camino para construir una paz aut\u00e9ntica\u00bb. Estas palabras que dijo Juan XXIII, ahora cumplir\u00e1 sesenta a\u00f1os, al inaugurar el Concilio Vaticano II, eran v\u00e1lidas en ese momento, lo son ahora, y lo ser\u00e1n siempre. Ciertamente, no hemos sido demasiado educados en la gesti\u00f3n de los conflictos. A menudo, pasamos el problema, a la persona o al colectivo en conflicto. En lugar de tratarlo en s\u00ed mismo, lo que hacemos es atacar a la persona y gastamos todas las energ\u00edas en desprestigiarla, en lugar de ponerlas a solucionar la cuesti\u00f3n. Al mismo tiempo, debemos ser respetuosos y sensibles con las personas, por muy diferente que piensen de nosotros. Si lo hacemos as\u00ed, limpiamos nuestro espacio de relaci\u00f3n, de ese tipo de comunicaci\u00f3n destructiva, que a menudo hacemos con acusaciones, insultos, sacando a colaci\u00f3n cosas del pasado, y generalizaciones injustas, que en vez de arreglar las cosas, lo que hace es agravar a\u00fan m\u00e1s el problema. Nunca la victoria de unos, sobre la derrota de otros, soluciona la ra\u00edz del conflicto. Debemos trabajar incansablemente para aprender a dialogar, siempre de igual a igual, sin imposiciones, pero con propuestas. Si el marco de di\u00e1logo es desigual, donde uno es m\u00e1s fuerte que el otro, e impone su criterio en perjuicio del otro, ser\u00e1 necesario trabajar la relaci\u00f3n personal para que no se deteriore, y dar tiempo al tiempo evitando romper el di\u00e1logo. Estuve en las EEPP de San Ant\u00f3n, en un encuentro de homenaje a los grandes ap\u00f3stoles del di\u00e1logo y la paz&#8230;Pere Casald\u00e0liga, Arcadi Oliveres, Jaume Botey, Teresa Losada, Manel Pousa \u00abel pare Manel\u00bb, y tantos otros que han puesto su vida al servicio de la justicia y de la paz, y siempre al lado de los que m\u00e1s lo necesitan, denunciando todas las injusticias. Estas personas han marcado el camino. Y \u00e9ste es nuestro gran reto, estar en medio del mundo, pero con la mirada puesta en el horizonte de un mundo m\u00e1s justo, m\u00e1s humano y m\u00e1s fraternal.<\/p>\n","protected":false},"author":16,"featured_media":56801,"comment_status":"open","ping_status":"open","sticky":false,"template":"","format":"standard","meta":{"_FSMCFIC_featured_image_caption":"","_FSMCFIC_featured_image_nocaption":"","_FSMCFIC_featured_image_hide":"","footnotes":""},"categories":[804],"tags":[4626,1378],"class_list":["post-56806","post","type-post","status-publish","format-standard","has-post-thumbnail","hentry","category-opinem-es","tag-dialeg-es","tag-dialogo"],"yoast_head":"<!-- This site is optimized with the Yoast SEO plugin v26.8 - https:\/\/yoast.com\/product\/yoast-seo-wordpress\/ -->\n<title>La gesti\u00f3n del conflicto - Converses a Catalunya<\/title>\n<meta name=\"description\" content=\"Los grandes ap\u00f3stoles del di\u00e1logo y la paz; Pere Casald\u00e0liga, Arcadi Oliveres, Jaume Botey, Teresa Losada, Manel Pousa &quot;el pare Manel&quot;\" \/>\n<meta name=\"robots\" content=\"noindex, nofollow\" \/>\n<meta property=\"og:locale\" content=\"es_ES\" \/>\n<meta property=\"og:type\" content=\"article\" \/>\n<meta property=\"og:title\" content=\"La gesti\u00f3n del conflicto - Converses a Catalunya\" \/>\n<meta property=\"og:description\" content=\"Los grandes ap\u00f3stoles del di\u00e1logo y la paz; Pere Casald\u00e0liga, Arcadi Oliveres, Jaume Botey, Teresa Losada, Manel Pousa &quot;el pare Manel&quot;\" \/>\n<meta property=\"og:url\" content=\"https:\/\/conversesacatalunya.cat\/es\/la-gestion-del-conflicto\/\" \/>\n<meta property=\"og:site_name\" content=\"Converses a Catalunya\" \/>\n<meta property=\"article:published_time\" content=\"2022-04-16T05:24:44+00:00\" \/>\n<meta property=\"og:image\" content=\"https:\/\/conversesacatalunya.cat\/wp-content\/uploads\/2022\/04\/tanque.jpg\" \/>\n\t<meta property=\"og:image:width\" content=\"640\" \/>\n\t<meta property=\"og:image:height\" content=\"426\" \/>\n\t<meta property=\"og:image:type\" content=\"image\/jpeg\" \/>\n<meta name=\"author\" content=\"Antoni Pedragosa\" \/>\n<meta name=\"twitter:card\" content=\"summary_large_image\" \/>\n<meta name=\"twitter:label1\" content=\"Escrito por\" \/>\n\t<meta name=\"twitter:data1\" content=\"Antoni Pedragosa\" \/>\n\t<meta name=\"twitter:label2\" content=\"Tiempo de lectura\" \/>\n\t<meta name=\"twitter:data2\" content=\"3 minutos\" \/>\n<script type=\"application\/ld+json\" class=\"yoast-schema-graph\">{\"@context\":\"https:\/\/schema.org\",\"@graph\":[{\"@type\":\"Article\",\"@id\":\"https:\/\/conversesacatalunya.cat\/es\/la-gestion-del-conflicto\/#article\",\"isPartOf\":{\"@id\":\"https:\/\/conversesacatalunya.cat\/es\/la-gestion-del-conflicto\/\"},\"author\":{\"name\":\"Antoni Pedragosa\",\"@id\":\"https:\/\/conversesacatalunya.cat\/#\/schema\/person\/c7d367ce5cf939081390b9cff82b9efa\"},\"headline\":\"La gesti\u00f3n del conflicto\",\"datePublished\":\"2022-04-16T05:24:44+00:00\",\"mainEntityOfPage\":{\"@id\":\"https:\/\/conversesacatalunya.cat\/es\/la-gestion-del-conflicto\/\"},\"wordCount\":540,\"commentCount\":0,\"image\":{\"@id\":\"https:\/\/conversesacatalunya.cat\/es\/la-gestion-del-conflicto\/#primaryimage\"},\"thumbnailUrl\":\"https:\/\/conversesacatalunya.cat\/wp-content\/uploads\/2022\/04\/tanque.jpg\",\"keywords\":[\"Di\u00e0leg\",\"di\u00e1logo\"],\"articleSection\":[\"Opinem (ES)\"],\"inLanguage\":\"es\",\"potentialAction\":[{\"@type\":\"CommentAction\",\"name\":\"Comment\",\"target\":[\"https:\/\/conversesacatalunya.cat\/es\/la-gestion-del-conflicto\/#respond\"]}]},{\"@type\":\"WebPage\",\"@id\":\"https:\/\/conversesacatalunya.cat\/es\/la-gestion-del-conflicto\/\",\"url\":\"https:\/\/conversesacatalunya.cat\/es\/la-gestion-del-conflicto\/\",\"name\":\"La gesti\u00f3n del conflicto - Converses a Catalunya\",\"isPartOf\":{\"@id\":\"https:\/\/conversesacatalunya.cat\/#website\"},\"primaryImageOfPage\":{\"@id\":\"https:\/\/conversesacatalunya.cat\/es\/la-gestion-del-conflicto\/#primaryimage\"},\"image\":{\"@id\":\"https:\/\/conversesacatalunya.cat\/es\/la-gestion-del-conflicto\/#primaryimage\"},\"thumbnailUrl\":\"https:\/\/conversesacatalunya.cat\/wp-content\/uploads\/2022\/04\/tanque.jpg\",\"datePublished\":\"2022-04-16T05:24:44+00:00\",\"author\":{\"@id\":\"https:\/\/conversesacatalunya.cat\/#\/schema\/person\/c7d367ce5cf939081390b9cff82b9efa\"},\"description\":\"Los grandes ap\u00f3stoles del di\u00e1logo y la paz; Pere Casald\u00e0liga, Arcadi Oliveres, Jaume Botey, Teresa Losada, Manel Pousa \\\"el pare Manel\\\"\",\"breadcrumb\":{\"@id\":\"https:\/\/conversesacatalunya.cat\/es\/la-gestion-del-conflicto\/#breadcrumb\"},\"inLanguage\":\"es\",\"potentialAction\":[{\"@type\":\"ReadAction\",\"target\":[\"https:\/\/conversesacatalunya.cat\/es\/la-gestion-del-conflicto\/\"]}]},{\"@type\":\"ImageObject\",\"inLanguage\":\"es\",\"@id\":\"https:\/\/conversesacatalunya.cat\/es\/la-gestion-del-conflicto\/#primaryimage\",\"url\":\"https:\/\/conversesacatalunya.cat\/wp-content\/uploads\/2022\/04\/tanque.jpg\",\"contentUrl\":\"https:\/\/conversesacatalunya.cat\/wp-content\/uploads\/2022\/04\/tanque.jpg\",\"width\":640,\"height\":426},{\"@type\":\"BreadcrumbList\",\"@id\":\"https:\/\/conversesacatalunya.cat\/es\/la-gestion-del-conflicto\/#breadcrumb\",\"itemListElement\":[{\"@type\":\"ListItem\",\"position\":1,\"name\":\"Inici\",\"item\":\"https:\/\/conversesacatalunya.cat\/es\/\"},{\"@type\":\"ListItem\",\"position\":2,\"name\":\"La gesti\u00f3n del conflicto\"}]},{\"@type\":\"WebSite\",\"@id\":\"https:\/\/conversesacatalunya.cat\/#website\",\"url\":\"https:\/\/conversesacatalunya.cat\/\",\"name\":\"Converses a Catalunya\",\"description\":\"\",\"potentialAction\":[{\"@type\":\"SearchAction\",\"target\":{\"@type\":\"EntryPoint\",\"urlTemplate\":\"https:\/\/conversesacatalunya.cat\/?s={search_term_string}\"},\"query-input\":{\"@type\":\"PropertyValueSpecification\",\"valueRequired\":true,\"valueName\":\"search_term_string\"}}],\"inLanguage\":\"es\"},{\"@type\":\"Person\",\"@id\":\"https:\/\/conversesacatalunya.cat\/#\/schema\/person\/c7d367ce5cf939081390b9cff82b9efa\",\"name\":\"Antoni Pedragosa\",\"image\":{\"@type\":\"ImageObject\",\"inLanguage\":\"es\",\"@id\":\"https:\/\/conversesacatalunya.cat\/#\/schema\/person\/image\/\",\"url\":\"https:\/\/conversesacatalunya.cat\/wp-content\/litespeed\/avatar\/a65bdd7b7b57e4f85109aaf65843a0eb.jpg?ver=1777376633\",\"contentUrl\":\"https:\/\/conversesacatalunya.cat\/wp-content\/litespeed\/avatar\/a65bdd7b7b57e4f85109aaf65843a0eb.jpg?ver=1777376633\",\"caption\":\"Antoni Pedragosa\"},\"url\":\"https:\/\/conversesacatalunya.cat\/es\/author\/antoni-pedragosa\/\"}]}<\/script>\n<!-- \/ Yoast SEO plugin. -->","yoast_head_json":{"title":"La gesti\u00f3n del conflicto - Converses a Catalunya","description":"Los grandes ap\u00f3stoles del di\u00e1logo y la paz; Pere Casald\u00e0liga, Arcadi Oliveres, Jaume Botey, Teresa Losada, Manel Pousa \"el pare Manel\"","robots":{"index":"noindex","follow":"nofollow"},"og_locale":"es_ES","og_type":"article","og_title":"La gesti\u00f3n del conflicto - Converses a Catalunya","og_description":"Los grandes ap\u00f3stoles del di\u00e1logo y la paz; Pere Casald\u00e0liga, Arcadi Oliveres, Jaume Botey, Teresa Losada, Manel Pousa \"el pare Manel\"","og_url":"https:\/\/conversesacatalunya.cat\/es\/la-gestion-del-conflicto\/","og_site_name":"Converses a Catalunya","article_published_time":"2022-04-16T05:24:44+00:00","og_image":[{"width":640,"height":426,"url":"https:\/\/conversesacatalunya.cat\/wp-content\/uploads\/2022\/04\/tanque.jpg","type":"image\/jpeg"}],"author":"Antoni Pedragosa","twitter_card":"summary_large_image","twitter_misc":{"Escrito por":"Antoni Pedragosa","Tiempo de lectura":"3 minutos"},"schema":{"@context":"https:\/\/schema.org","@graph":[{"@type":"Article","@id":"https:\/\/conversesacatalunya.cat\/es\/la-gestion-del-conflicto\/#article","isPartOf":{"@id":"https:\/\/conversesacatalunya.cat\/es\/la-gestion-del-conflicto\/"},"author":{"name":"Antoni Pedragosa","@id":"https:\/\/conversesacatalunya.cat\/#\/schema\/person\/c7d367ce5cf939081390b9cff82b9efa"},"headline":"La gesti\u00f3n del conflicto","datePublished":"2022-04-16T05:24:44+00:00","mainEntityOfPage":{"@id":"https:\/\/conversesacatalunya.cat\/es\/la-gestion-del-conflicto\/"},"wordCount":540,"commentCount":0,"image":{"@id":"https:\/\/conversesacatalunya.cat\/es\/la-gestion-del-conflicto\/#primaryimage"},"thumbnailUrl":"https:\/\/conversesacatalunya.cat\/wp-content\/uploads\/2022\/04\/tanque.jpg","keywords":["Di\u00e0leg","di\u00e1logo"],"articleSection":["Opinem (ES)"],"inLanguage":"es","potentialAction":[{"@type":"CommentAction","name":"Comment","target":["https:\/\/conversesacatalunya.cat\/es\/la-gestion-del-conflicto\/#respond"]}]},{"@type":"WebPage","@id":"https:\/\/conversesacatalunya.cat\/es\/la-gestion-del-conflicto\/","url":"https:\/\/conversesacatalunya.cat\/es\/la-gestion-del-conflicto\/","name":"La gesti\u00f3n del conflicto - Converses a Catalunya","isPartOf":{"@id":"https:\/\/conversesacatalunya.cat\/#website"},"primaryImageOfPage":{"@id":"https:\/\/conversesacatalunya.cat\/es\/la-gestion-del-conflicto\/#primaryimage"},"image":{"@id":"https:\/\/conversesacatalunya.cat\/es\/la-gestion-del-conflicto\/#primaryimage"},"thumbnailUrl":"https:\/\/conversesacatalunya.cat\/wp-content\/uploads\/2022\/04\/tanque.jpg","datePublished":"2022-04-16T05:24:44+00:00","author":{"@id":"https:\/\/conversesacatalunya.cat\/#\/schema\/person\/c7d367ce5cf939081390b9cff82b9efa"},"description":"Los grandes ap\u00f3stoles del di\u00e1logo y la paz; Pere Casald\u00e0liga, Arcadi Oliveres, Jaume Botey, Teresa Losada, Manel Pousa \"el pare Manel\"","breadcrumb":{"@id":"https:\/\/conversesacatalunya.cat\/es\/la-gestion-del-conflicto\/#breadcrumb"},"inLanguage":"es","potentialAction":[{"@type":"ReadAction","target":["https:\/\/conversesacatalunya.cat\/es\/la-gestion-del-conflicto\/"]}]},{"@type":"ImageObject","inLanguage":"es","@id":"https:\/\/conversesacatalunya.cat\/es\/la-gestion-del-conflicto\/#primaryimage","url":"https:\/\/conversesacatalunya.cat\/wp-content\/uploads\/2022\/04\/tanque.jpg","contentUrl":"https:\/\/conversesacatalunya.cat\/wp-content\/uploads\/2022\/04\/tanque.jpg","width":640,"height":426},{"@type":"BreadcrumbList","@id":"https:\/\/conversesacatalunya.cat\/es\/la-gestion-del-conflicto\/#breadcrumb","itemListElement":[{"@type":"ListItem","position":1,"name":"Inici","item":"https:\/\/conversesacatalunya.cat\/es\/"},{"@type":"ListItem","position":2,"name":"La gesti\u00f3n del conflicto"}]},{"@type":"WebSite","@id":"https:\/\/conversesacatalunya.cat\/#website","url":"https:\/\/conversesacatalunya.cat\/","name":"Converses a Catalunya","description":"","potentialAction":[{"@type":"SearchAction","target":{"@type":"EntryPoint","urlTemplate":"https:\/\/conversesacatalunya.cat\/?s={search_term_string}"},"query-input":{"@type":"PropertyValueSpecification","valueRequired":true,"valueName":"search_term_string"}}],"inLanguage":"es"},{"@type":"Person","@id":"https:\/\/conversesacatalunya.cat\/#\/schema\/person\/c7d367ce5cf939081390b9cff82b9efa","name":"Antoni Pedragosa","image":{"@type":"ImageObject","inLanguage":"es","@id":"https:\/\/conversesacatalunya.cat\/#\/schema\/person\/image\/","url":"https:\/\/conversesacatalunya.cat\/wp-content\/litespeed\/avatar\/a65bdd7b7b57e4f85109aaf65843a0eb.jpg?ver=1777376633","contentUrl":"https:\/\/conversesacatalunya.cat\/wp-content\/litespeed\/avatar\/a65bdd7b7b57e4f85109aaf65843a0eb.jpg?ver=1777376633","caption":"Antoni Pedragosa"},"url":"https:\/\/conversesacatalunya.cat\/es\/author\/antoni-pedragosa\/"}]}},"wps_subtitle":"\u00c9ste es nuestro gran reto, estar en medio del mundo, pero con la mirada puesta en el horizonte de un mundo m\u00e1s justo, m\u00e1s humano y m\u00e1s fraternal","_links":{"self":[{"href":"https:\/\/conversesacatalunya.cat\/es\/wp-json\/wp\/v2\/posts\/56806","targetHints":{"allow":["GET"]}}],"collection":[{"href":"https:\/\/conversesacatalunya.cat\/es\/wp-json\/wp\/v2\/posts"}],"about":[{"href":"https:\/\/conversesacatalunya.cat\/es\/wp-json\/wp\/v2\/types\/post"}],"author":[{"embeddable":true,"href":"https:\/\/conversesacatalunya.cat\/es\/wp-json\/wp\/v2\/users\/16"}],"replies":[{"embeddable":true,"href":"https:\/\/conversesacatalunya.cat\/es\/wp-json\/wp\/v2\/comments?post=56806"}],"version-history":[{"count":5,"href":"https:\/\/conversesacatalunya.cat\/es\/wp-json\/wp\/v2\/posts\/56806\/revisions"}],"predecessor-version":[{"id":56810,"href":"https:\/\/conversesacatalunya.cat\/es\/wp-json\/wp\/v2\/posts\/56806\/revisions\/56810"}],"wp:featuredmedia":[{"embeddable":true,"href":"https:\/\/conversesacatalunya.cat\/es\/wp-json\/wp\/v2\/media\/56801"}],"wp:attachment":[{"href":"https:\/\/conversesacatalunya.cat\/es\/wp-json\/wp\/v2\/media?parent=56806"}],"wp:term":[{"taxonomy":"category","embeddable":true,"href":"https:\/\/conversesacatalunya.cat\/es\/wp-json\/wp\/v2\/categories?post=56806"},{"taxonomy":"post_tag","embeddable":true,"href":"https:\/\/conversesacatalunya.cat\/es\/wp-json\/wp\/v2\/tags?post=56806"}],"curies":[{"name":"wp","href":"https:\/\/api.w.org\/{rel}","templated":true}]}}