{"id":56790,"date":"2022-04-15T11:58:53","date_gmt":"2022-04-15T09:58:53","guid":{"rendered":"https:\/\/conversesacatalunya.cat\/?p=56790"},"modified":"2022-04-15T11:58:53","modified_gmt":"2022-04-15T09:58:53","slug":"la-guerra-cultural-divide-iglesia-alemania","status":"publish","type":"post","link":"https:\/\/conversesacatalunya.cat\/es\/la-guerra-cultural-divide-iglesia-alemania\/","title":{"rendered":"La guerra cultural divide la Iglesia en Alemania"},"content":{"rendered":"<p>La guerra cultural se ha adue\u00f1ado de la Iglesia cat\u00f3lica en Alemania. <strong>El \u00abcamino sinodal\u00bb, <em>Synodaler Weg<\/em>,<\/strong> ha generado una aut\u00e9ntica batalla intraeclesial, con mucha tensi\u00f3n y tambi\u00e9n juego sucio. Un verdadero motivo de esc\u00e1ndalo para los fieles de ese pa\u00eds y de toda la Iglesia. Los promotores del S\u00ednodo han querido que \u00e9ste tomara empuje <strong>utilizando a su favor la indignaci\u00f3n popular por los casos de pederastia.<\/strong> En este sentido, el S\u00ednodo se presenta como una respuesta a los casos de pederastia. La tesis de sus\u00a0 promotores es que estos casos son atribuibles al car\u00e1cter restrictivo de la moral sexual cat\u00f3lica, y que la soluci\u00f3n pasa por superar las normas existentes en el evangelio, en la tradici\u00f3n y en la doctrina de la Iglesia, y <strong>ampliar todo lo que haga falta la libertad sexual.<\/strong><\/p>\n<p><strong>Evidentemente, \u00e9sta no es la posici\u00f3n de Roma. El Concilio Vaticano II<\/strong> subray\u00f3 la comprensi\u00f3n personalista del matrimonio, en la que el amor pasa a ocupar un lugar protagonista en la relaci\u00f3n conyugal. Ante la revoluci\u00f3n sexual de los a\u00f1os sesenta del siglo pasado, <strong>Pablo VI en la <em>Humanae Vitae <\/em><\/strong>desarroll\u00f3 las bases conciliares de <em>Gaudium et Spes<\/em>, advirtiendo prof\u00e9ticamente de las consecuencias de la barra libre sexual y del hecho de desvincular amor conyugal, acto sexual y procreaci\u00f3n. <strong>Juan Pablo II<\/strong> elabor\u00f3 una magn\u00edfica y extensa catequesis del amor humano, una obra desgraciadamente poco utilizada en la educaci\u00f3n de ni\u00f1os y j\u00f3venes por sacerdotes, catequistas, madres, padres y educadores cat\u00f3licos. <strong>Benedicto XVI<\/strong> proclam\u00f3 que \u201csin verdad, la caridad cae en mero sentimentalismo. El amor se convierte en un envoltorio vac\u00edo que se rellena arbitrariamente.\u201d. Y a\u00f1adi\u00f3 que \u201cel eros necesita disciplina y purificaci\u00f3n para dar a la persona, no el placer de un instante, sino una manera de hacerle pregustar, de alguna forma, lo m\u00e1s elevado de su existencia, esa felicidad a la que tiende todo nuestro ser.\u201d<\/p>\n<p><strong>Los sectores cat\u00f3licos situados a\u00fan bajo la larga sombra del mayo del 68 pensaron que con Francisco hab\u00eda llegado la hora de aplicar la revoluci\u00f3n sexual en la Iglesia.<\/strong> En el conjunto del catolicismo no son muchos, pero hacen mucho ruido. Carecen de referentes teol\u00f3gicos y culturales de peso (en Alemania los cardenales Kasper y M\u00fcller se han desmarcado claramente del <em>Synodaler Weg<\/em>), pero tienen a su favor la mentalidad hedonista de nuestro tiempo y la complicidad de los poderes mundiales que <strong>quieren vencer la resistencia cat\u00f3lica a la ideolog\u00eda de g\u00e9nero y a la dictadura del relativismo.<\/strong><\/p>\n<p><strong>Obviamente, Francisco no ha satisfecho las expectativas de estos cat\u00f3licos que quieren que la Iglesia se adapte al pansexualismo posmoderno.<\/strong> Y en Alemania estos grupos se han hecho fuertes en una parte importante del episcopado y han decidido aprovechar, de forma \u00e9tica e intelectualmente inadmisible, las corrientes turbias de la pederastia para desafiar a Roma con<strong> un nuevo cisma alem\u00e1n<\/strong>. Los casos de pederastia en Alemania atribuidos a religiosos representan una \u00ednfima parte del total, y el n\u00famero de casos en la iglesia cat\u00f3lica no es superior al de las iglesias reformadas que hace tiempo han asumido las tesis de la revoluci\u00f3n sexual. Sin embargo, all\u00ed tambi\u00e9n todo el foco medi\u00e1tico y toda la presi\u00f3n se concentra en los sacerdotes cat\u00f3licos, y se pretende utilizar la pederastia para justificar la revisi\u00f3n de la moral sexual cat\u00f3lica.<\/p>\n<p>Los pre-cism\u00e1ticos alemanes han tenido el cinismo de hacer el juego o implicarse directamente en la difusi\u00f3n de <strong>falsas acusaciones contra Benedicto XVI<\/strong> de tolerancia con los abusadores, cuando fue ese Papa quien empez\u00f3 a tomar medidas serias contra \u00e9stos. No es honesto querer desprestigiar as\u00ed a la autoridad papal, moral e intelectual de quienes consideran el principal representante de todo lo que querr\u00edan borrar de la Iglesia cat\u00f3lica.<\/p>\n<p><strong>En respuesta al <em>Synodaler Weg<\/em>, m\u00e1s de 6.000 personalidades y miembros de la iglesia cat\u00f3lica alemana han firmado el documento \u201cNuevo Comienzo! Manifiesto de la reforma\u201d, que intento resumir en lo que queda de art\u00edculo.<\/strong> El manifiesto parte de la necesidad de una reforma fundamental de la Iglesia, que s\u00f3lo puede empezar con la conversi\u00f3n y renovaci\u00f3n espiritual y el redescubrimiento del Evangelio. Por eso considera que \u201cel camino sinodal se aleja de la verdadera reforma, al centrarse en la estructura externa y perder de vista el foco de la crisis, vulnerando la paz en las congregaciones y abandonando el camino de la unidad con la Iglesia universal\u201d. Concluye que \u00abda\u00f1a a la Iglesia en la esencia de la fe y eso supone un cisma.\u00bb<\/p>\n<p>Cita a Dietrich Bonhoeffer: \u00abLa gracia barata es el enemigo mortal de nuestra Iglesia\u00bb. Al cardenal Lehmann: <strong>\u00abLa Iglesia no puede comportarse como una empresa que cambia su oferta cuando la demanda disminuye.\u00bb<\/strong> Y al Papa Francisco en su \u201cCarta al pueblo de Dios que peregrina a Alemania\u201d: \u201cla Iglesia no puede comportarse como si fuera un partido pol\u00edtico. Pero, la mayor\u00eda, la minor\u00eda, \u00bfqu\u00e9 piensa de esto, de aquello, de lo otro&#8230; Me pregunto: \u00bfD\u00f3nde est\u00e1 el Esp\u00edritu Santo? \u00bfD\u00f3nde est\u00e1 la oraci\u00f3n? \u00bfD\u00f3nde est\u00e1 el amor comunitario? \u00bfD\u00f3nde est\u00e1 la Eucarist\u00eda?\u201d.<\/p>\n<p><strong>Acerca de las mujeres<\/strong>, afirma que \u201cel carisma de las mujeres en la Iglesia debe ser reconocido a\u00fan m\u00e1s profundamente. Pero es absurdo ver la asignaci\u00f3n del ministerio sacerdotal a los hombres como una discriminaci\u00f3n contra las mujeres.\u201d<\/p>\n<p><strong>Sobre el sacramento del matrimonio<\/strong> afirma que es el pacto de una mujer y un hombre con Dios y el signo incomparable de la salvaci\u00f3n de la fidelidad de Dios en su pueblo. Este signo no debe colocarse nunca en la misma l\u00ednea que las uniones puramente humanas de cualquier tipo. Y en relaci\u00f3n con la bendici\u00f3n de las parejas del mismo sexo, critica a quienes tienden a propagar \u201cun derecho al placer de todos\u201d, que esconde la complementariedad de los sexos en el orden creado por Dios y socava la normatividad del matrimonio.<\/p>\n<p><strong>Por \u00faltimo, sobre los abusos, el manifiesto reclama transparencia<\/strong> para tratar las faltas del pasado y la prevenci\u00f3n para el futuro. \u00abPero nos oponemos al abuso con el abuso\u00bb. Y concluye: \u00abEl esclarecimiento de los abusos se convirti\u00f3 en una guerra de poder que, en realidad, era sobre las reclamaciones de una agenda eclesi\u00e1stica liberal\u00bb.<\/p>\n<p><em><strong>Publicado en el Diari de Girona, 11 de abril de 2022<\/strong><\/em><\/p>\n<span class='bctt-click-to-tweet'><span class='bctt-ctt-text'><a href='https:\/\/twitter.com\/intent\/tweet?url=https%3A%2F%2Fconversesacatalunya.cat%2Fes%2Fla-guerra-cultural-divide-iglesia-alemania%2F&#038;text=Los%20sectores%20cat%C3%B3licos%20situados%20a%C3%BAn%20bajo%20la%20larga%20sombra%20del%20mayo%20del%2068%20pensaron%20que%20con%20Francisco%20hab%C3%ADa%20llegado%20la%20hora%20de%20aplicar%20la%20revoluci%C3%B3n%20sexual%20en%20la%20Iglesia.&#038;via=conversesacat&#038;related=conversesacat' target='_blank'rel=\"noopener noreferrer\">Los sectores cat\u00f3licos situados a\u00fan bajo la larga sombra del mayo del 68 pensaron que con Francisco hab\u00eda llegado la hora de aplicar la revoluci\u00f3n sexual en la Iglesia. <\/a><\/span><a href='https:\/\/twitter.com\/intent\/tweet?url=https%3A%2F%2Fconversesacatalunya.cat%2Fes%2Fla-guerra-cultural-divide-iglesia-alemania%2F&#038;text=Los%20sectores%20cat%C3%B3licos%20situados%20a%C3%BAn%20bajo%20la%20larga%20sombra%20del%20mayo%20del%2068%20pensaron%20que%20con%20Francisco%20hab%C3%ADa%20llegado%20la%20hora%20de%20aplicar%20la%20revoluci%C3%B3n%20sexual%20en%20la%20Iglesia.&#038;via=conversesacat&#038;related=conversesacat' target='_blank' class='bctt-ctt-btn'rel=\"noopener noreferrer\">Compartir en X<\/a><\/span>\n<p>&nbsp;<\/p>\n","protected":false},"excerpt":{"rendered":"<p>La guerra cultural se ha adue\u00f1ado de la Iglesia cat\u00f3lica en Alemania. El \u00abcamino sinodal\u00bb, Synodaler Weg, ha generado una aut\u00e9ntica batalla intraeclesial, con mucha tensi\u00f3n y tambi\u00e9n juego sucio. Un verdadero motivo de esc\u00e1ndalo para los fieles de ese pa\u00eds y de toda la Iglesia. Los promotores del S\u00ednodo han querido que \u00e9ste tomara empuje utilizando a su favor la indignaci\u00f3n popular por los casos de pederastia. En este sentido, el S\u00ednodo se presenta como una respuesta a los casos de pederastia. La tesis de sus\u00a0 promotores es que estos casos son atribuibles al car\u00e1cter restrictivo de la moral sexual cat\u00f3lica, y que la soluci\u00f3n pasa por superar las normas existentes en el evangelio, en la tradici\u00f3n y en la doctrina de la Iglesia, y ampliar todo lo que haga falta la libertad sexual. Evidentemente, \u00e9sta no es la posici\u00f3n de Roma. El Concilio Vaticano II subray\u00f3 la comprensi\u00f3n personalista del matrimonio, en la que el amor pasa a ocupar un lugar protagonista en la relaci\u00f3n conyugal. Ante la revoluci\u00f3n sexual de los a\u00f1os sesenta del siglo pasado, Pablo VI en la Humanae Vitae desarroll\u00f3 las bases conciliares de Gaudium et Spes, advirtiendo prof\u00e9ticamente de las consecuencias de la barra libre sexual y del hecho de desvincular amor conyugal, acto sexual y procreaci\u00f3n. Juan Pablo II elabor\u00f3 una magn\u00edfica y extensa catequesis del amor humano, una obra desgraciadamente poco utilizada en la educaci\u00f3n de ni\u00f1os y j\u00f3venes por sacerdotes, catequistas, madres, padres y educadores cat\u00f3licos. Benedicto XVI proclam\u00f3 que \u201csin verdad, la caridad cae en mero sentimentalismo. El amor se convierte en un envoltorio vac\u00edo que se rellena arbitrariamente.\u201d. Y a\u00f1adi\u00f3 que \u201cel eros necesita disciplina y purificaci\u00f3n para dar a la persona, no el placer de un instante, sino una manera de hacerle pregustar, de alguna forma, lo m\u00e1s elevado de su existencia, esa felicidad a la que tiende todo nuestro ser.\u201d Los sectores cat\u00f3licos situados a\u00fan bajo la larga sombra del mayo del 68 pensaron que con Francisco hab\u00eda llegado la hora de aplicar la revoluci\u00f3n sexual en la Iglesia. En el conjunto del catolicismo no son muchos, pero hacen mucho ruido. Carecen de referentes teol\u00f3gicos y culturales de peso (en Alemania los cardenales Kasper y M\u00fcller se han desmarcado claramente del Synodaler Weg), pero tienen a su favor la mentalidad hedonista de nuestro tiempo y la complicidad de los poderes mundiales que quieren vencer la resistencia cat\u00f3lica a la ideolog\u00eda de g\u00e9nero y a la dictadura del relativismo. Obviamente, Francisco no ha satisfecho las expectativas de estos cat\u00f3licos que quieren que la Iglesia se adapte al pansexualismo posmoderno. Y en Alemania estos grupos se han hecho fuertes en una parte importante del episcopado y han decidido aprovechar, de forma \u00e9tica e intelectualmente inadmisible, las corrientes turbias de la pederastia para desafiar a Roma con un nuevo cisma alem\u00e1n. Los casos de pederastia en Alemania atribuidos a religiosos representan una \u00ednfima parte del total, y el n\u00famero de casos en la iglesia cat\u00f3lica no es superior al de las iglesias reformadas que hace tiempo han asumido las tesis de la revoluci\u00f3n sexual. Sin embargo, all\u00ed tambi\u00e9n todo el foco medi\u00e1tico y toda la presi\u00f3n se concentra en los sacerdotes cat\u00f3licos, y se pretende utilizar la pederastia para justificar la revisi\u00f3n de la moral sexual cat\u00f3lica. Los pre-cism\u00e1ticos alemanes han tenido el cinismo de hacer el juego o implicarse directamente en la difusi\u00f3n de falsas acusaciones contra Benedicto XVI de tolerancia con los abusadores, cuando fue ese Papa quien empez\u00f3 a tomar medidas serias contra \u00e9stos. No es honesto querer desprestigiar as\u00ed a la autoridad papal, moral e intelectual de quienes consideran el principal representante de todo lo que querr\u00edan borrar de la Iglesia cat\u00f3lica. En respuesta al Synodaler Weg, m\u00e1s de 6.000 personalidades y miembros de la iglesia cat\u00f3lica alemana han firmado el documento \u201cNuevo Comienzo! Manifiesto de la reforma\u201d, que intento resumir en lo que queda de art\u00edculo. El manifiesto parte de la necesidad de una reforma fundamental de la Iglesia, que s\u00f3lo puede empezar con la conversi\u00f3n y renovaci\u00f3n espiritual y el redescubrimiento del Evangelio. Por eso considera que \u201cel camino sinodal se aleja de la verdadera reforma, al centrarse en la estructura externa y perder de vista el foco de la crisis, vulnerando la paz en las congregaciones y abandonando el camino de la unidad con la Iglesia universal\u201d. Concluye que \u00abda\u00f1a a la Iglesia en la esencia de la fe y eso supone un cisma.\u00bb Cita a Dietrich Bonhoeffer: \u00abLa gracia barata es el enemigo mortal de nuestra Iglesia\u00bb. Al cardenal Lehmann: \u00abLa Iglesia no puede comportarse como una empresa que cambia su oferta cuando la demanda disminuye.\u00bb Y al Papa Francisco en su \u201cCarta al pueblo de Dios que peregrina a Alemania\u201d: \u201cla Iglesia no puede comportarse como si fuera un partido pol\u00edtico. Pero, la mayor\u00eda, la minor\u00eda, \u00bfqu\u00e9 piensa de esto, de aquello, de lo otro&#8230; Me pregunto: \u00bfD\u00f3nde est\u00e1 el Esp\u00edritu Santo? \u00bfD\u00f3nde est\u00e1 la oraci\u00f3n? \u00bfD\u00f3nde est\u00e1 el amor comunitario? \u00bfD\u00f3nde est\u00e1 la Eucarist\u00eda?\u201d. Acerca de las mujeres, afirma que \u201cel carisma de las mujeres en la Iglesia debe ser reconocido a\u00fan m\u00e1s profundamente. Pero es absurdo ver la asignaci\u00f3n del ministerio sacerdotal a los hombres como una discriminaci\u00f3n contra las mujeres.\u201d Sobre el sacramento del matrimonio afirma que es el pacto de una mujer y un hombre con Dios y el signo incomparable de la salvaci\u00f3n de la fidelidad de Dios en su pueblo. Este signo no debe colocarse nunca en la misma l\u00ednea que las uniones puramente humanas de cualquier tipo. Y en relaci\u00f3n con la bendici\u00f3n de las parejas del mismo sexo, critica a quienes tienden a propagar \u201cun derecho al placer de todos\u201d, que esconde la complementariedad de los sexos en el orden creado por Dios y socava la normatividad del matrimonio. Por \u00faltimo, sobre los abusos, el manifiesto reclama transparencia para tratar las faltas del pasado y la prevenci\u00f3n para el futuro. \u00abPero nos oponemos al abuso con el abuso\u00bb. Y concluye: \u00abEl&#8230;<\/p>\n","protected":false},"author":6,"featured_media":56784,"comment_status":"open","ping_status":"open","sticky":false,"template":"","format":"standard","meta":{"_FSMCFIC_featured_image_caption":"","_FSMCFIC_featured_image_nocaption":"","_FSMCFIC_featured_image_hide":"","footnotes":""},"categories":[801],"tags":[1715,1719],"class_list":["post-56790","post","type-post","status-publish","format-standard","has-post-thumbnail","hentry","category-veritas-in-caritate-es","tag-esglesia-catolica-es","tag-iglesia-catolica"],"yoast_head":"<!-- This site is optimized with the Yoast SEO plugin v26.8 - https:\/\/yoast.com\/product\/yoast-seo-wordpress\/ -->\n<title>La guerra cultural divide la Iglesia en Alemania - Converses a Catalunya<\/title>\n<meta name=\"description\" content=\"Obviamente, Francisco no ha satisfecho las expectativas de estos cat\u00f3licos que quieren que la Iglesia se adapte al pansexualismo posmoderno\" \/>\n<meta name=\"robots\" content=\"noindex, nofollow\" \/>\n<meta property=\"og:locale\" content=\"es_ES\" \/>\n<meta property=\"og:type\" content=\"article\" \/>\n<meta property=\"og:title\" content=\"La guerra cultural divide la Iglesia en Alemania - Converses a Catalunya\" \/>\n<meta property=\"og:description\" content=\"Obviamente, Francisco no ha satisfecho las expectativas de estos cat\u00f3licos que quieren que la Iglesia se adapte al pansexualismo posmoderno\" \/>\n<meta property=\"og:url\" content=\"https:\/\/conversesacatalunya.cat\/es\/la-guerra-cultural-divide-iglesia-alemania\/\" \/>\n<meta property=\"og:site_name\" content=\"Converses a Catalunya\" \/>\n<meta property=\"article:published_time\" content=\"2022-04-15T09:58:53+00:00\" \/>\n<meta property=\"og:image\" content=\"https:\/\/conversesacatalunya.cat\/wp-content\/uploads\/2022\/04\/CISMA-EN-ALEMANIA.jpg\" \/>\n\t<meta property=\"og:image:width\" content=\"770\" \/>\n\t<meta property=\"og:image:height\" content=\"480\" \/>\n\t<meta property=\"og:image:type\" content=\"image\/jpeg\" \/>\n<meta name=\"author\" content=\"Carles Ros Arpa\" \/>\n<meta name=\"twitter:card\" content=\"summary_large_image\" \/>\n<meta name=\"twitter:label1\" content=\"Escrito por\" \/>\n\t<meta name=\"twitter:data1\" content=\"Carles Ros Arpa\" \/>\n\t<meta name=\"twitter:label2\" content=\"Tiempo de lectura\" \/>\n\t<meta name=\"twitter:data2\" content=\"6 minutos\" \/>\n<script type=\"application\/ld+json\" class=\"yoast-schema-graph\">{\"@context\":\"https:\/\/schema.org\",\"@graph\":[{\"@type\":\"Article\",\"@id\":\"https:\/\/conversesacatalunya.cat\/es\/la-guerra-cultural-divide-iglesia-alemania\/#article\",\"isPartOf\":{\"@id\":\"https:\/\/conversesacatalunya.cat\/es\/la-guerra-cultural-divide-iglesia-alemania\/\"},\"author\":{\"name\":\"Carles Ros Arpa\",\"@id\":\"https:\/\/conversesacatalunya.cat\/#\/schema\/person\/158977e8a6f4c10be20fb1e30375371b\"},\"headline\":\"La guerra cultural divide la Iglesia en Alemania\",\"datePublished\":\"2022-04-15T09:58:53+00:00\",\"mainEntityOfPage\":{\"@id\":\"https:\/\/conversesacatalunya.cat\/es\/la-guerra-cultural-divide-iglesia-alemania\/\"},\"wordCount\":1155,\"commentCount\":0,\"image\":{\"@id\":\"https:\/\/conversesacatalunya.cat\/es\/la-guerra-cultural-divide-iglesia-alemania\/#primaryimage\"},\"thumbnailUrl\":\"https:\/\/conversesacatalunya.cat\/wp-content\/uploads\/2022\/04\/CISMA-EN-ALEMANIA.jpg\",\"keywords\":[\"Esgl\u00e8sia Cat\u00f2lica\",\"iglesia cat\u00f3lica\"],\"articleSection\":[\"Veritas in caritate (ES)\"],\"inLanguage\":\"es\",\"potentialAction\":[{\"@type\":\"CommentAction\",\"name\":\"Comment\",\"target\":[\"https:\/\/conversesacatalunya.cat\/es\/la-guerra-cultural-divide-iglesia-alemania\/#respond\"]}]},{\"@type\":\"WebPage\",\"@id\":\"https:\/\/conversesacatalunya.cat\/es\/la-guerra-cultural-divide-iglesia-alemania\/\",\"url\":\"https:\/\/conversesacatalunya.cat\/es\/la-guerra-cultural-divide-iglesia-alemania\/\",\"name\":\"La guerra cultural divide la Iglesia en Alemania - Converses a Catalunya\",\"isPartOf\":{\"@id\":\"https:\/\/conversesacatalunya.cat\/#website\"},\"primaryImageOfPage\":{\"@id\":\"https:\/\/conversesacatalunya.cat\/es\/la-guerra-cultural-divide-iglesia-alemania\/#primaryimage\"},\"image\":{\"@id\":\"https:\/\/conversesacatalunya.cat\/es\/la-guerra-cultural-divide-iglesia-alemania\/#primaryimage\"},\"thumbnailUrl\":\"https:\/\/conversesacatalunya.cat\/wp-content\/uploads\/2022\/04\/CISMA-EN-ALEMANIA.jpg\",\"datePublished\":\"2022-04-15T09:58:53+00:00\",\"author\":{\"@id\":\"https:\/\/conversesacatalunya.cat\/#\/schema\/person\/158977e8a6f4c10be20fb1e30375371b\"},\"description\":\"Obviamente, Francisco no ha satisfecho las expectativas de estos cat\u00f3licos que quieren que la Iglesia se adapte al pansexualismo posmoderno\",\"breadcrumb\":{\"@id\":\"https:\/\/conversesacatalunya.cat\/es\/la-guerra-cultural-divide-iglesia-alemania\/#breadcrumb\"},\"inLanguage\":\"es\",\"potentialAction\":[{\"@type\":\"ReadAction\",\"target\":[\"https:\/\/conversesacatalunya.cat\/es\/la-guerra-cultural-divide-iglesia-alemania\/\"]}]},{\"@type\":\"ImageObject\",\"inLanguage\":\"es\",\"@id\":\"https:\/\/conversesacatalunya.cat\/es\/la-guerra-cultural-divide-iglesia-alemania\/#primaryimage\",\"url\":\"https:\/\/conversesacatalunya.cat\/wp-content\/uploads\/2022\/04\/CISMA-EN-ALEMANIA.jpg\",\"contentUrl\":\"https:\/\/conversesacatalunya.cat\/wp-content\/uploads\/2022\/04\/CISMA-EN-ALEMANIA.jpg\",\"width\":770,\"height\":480},{\"@type\":\"BreadcrumbList\",\"@id\":\"https:\/\/conversesacatalunya.cat\/es\/la-guerra-cultural-divide-iglesia-alemania\/#breadcrumb\",\"itemListElement\":[{\"@type\":\"ListItem\",\"position\":1,\"name\":\"Inici\",\"item\":\"https:\/\/conversesacatalunya.cat\/es\/\"},{\"@type\":\"ListItem\",\"position\":2,\"name\":\"La guerra cultural divide la Iglesia en Alemania\"}]},{\"@type\":\"WebSite\",\"@id\":\"https:\/\/conversesacatalunya.cat\/#website\",\"url\":\"https:\/\/conversesacatalunya.cat\/\",\"name\":\"Converses a Catalunya\",\"description\":\"\",\"potentialAction\":[{\"@type\":\"SearchAction\",\"target\":{\"@type\":\"EntryPoint\",\"urlTemplate\":\"https:\/\/conversesacatalunya.cat\/?s={search_term_string}\"},\"query-input\":{\"@type\":\"PropertyValueSpecification\",\"valueRequired\":true,\"valueName\":\"search_term_string\"}}],\"inLanguage\":\"es\"},{\"@type\":\"Person\",\"@id\":\"https:\/\/conversesacatalunya.cat\/#\/schema\/person\/158977e8a6f4c10be20fb1e30375371b\",\"name\":\"Carles Ros Arpa\",\"image\":{\"@type\":\"ImageObject\",\"inLanguage\":\"es\",\"@id\":\"https:\/\/conversesacatalunya.cat\/#\/schema\/person\/image\/\",\"url\":\"https:\/\/conversesacatalunya.cat\/wp-content\/litespeed\/avatar\/ba530fe068c88283940054d0b5ea1f09.jpg?ver=1777376928\",\"contentUrl\":\"https:\/\/conversesacatalunya.cat\/wp-content\/litespeed\/avatar\/ba530fe068c88283940054d0b5ea1f09.jpg?ver=1777376928\",\"caption\":\"Carles Ros Arpa\"},\"url\":\"https:\/\/conversesacatalunya.cat\/es\/author\/carles-ros-arpa\/\"}]}<\/script>\n<!-- \/ Yoast SEO plugin. -->","yoast_head_json":{"title":"La guerra cultural divide la Iglesia en Alemania - Converses a Catalunya","description":"Obviamente, Francisco no ha satisfecho las expectativas de estos cat\u00f3licos que quieren que la Iglesia se adapte al pansexualismo posmoderno","robots":{"index":"noindex","follow":"nofollow"},"og_locale":"es_ES","og_type":"article","og_title":"La guerra cultural divide la Iglesia en Alemania - Converses a Catalunya","og_description":"Obviamente, Francisco no ha satisfecho las expectativas de estos cat\u00f3licos que quieren que la Iglesia se adapte al pansexualismo posmoderno","og_url":"https:\/\/conversesacatalunya.cat\/es\/la-guerra-cultural-divide-iglesia-alemania\/","og_site_name":"Converses a Catalunya","article_published_time":"2022-04-15T09:58:53+00:00","og_image":[{"width":770,"height":480,"url":"https:\/\/conversesacatalunya.cat\/wp-content\/uploads\/2022\/04\/CISMA-EN-ALEMANIA.jpg","type":"image\/jpeg"}],"author":"Carles Ros Arpa","twitter_card":"summary_large_image","twitter_misc":{"Escrito por":"Carles Ros Arpa","Tiempo de lectura":"6 minutos"},"schema":{"@context":"https:\/\/schema.org","@graph":[{"@type":"Article","@id":"https:\/\/conversesacatalunya.cat\/es\/la-guerra-cultural-divide-iglesia-alemania\/#article","isPartOf":{"@id":"https:\/\/conversesacatalunya.cat\/es\/la-guerra-cultural-divide-iglesia-alemania\/"},"author":{"name":"Carles Ros Arpa","@id":"https:\/\/conversesacatalunya.cat\/#\/schema\/person\/158977e8a6f4c10be20fb1e30375371b"},"headline":"La guerra cultural divide la Iglesia en Alemania","datePublished":"2022-04-15T09:58:53+00:00","mainEntityOfPage":{"@id":"https:\/\/conversesacatalunya.cat\/es\/la-guerra-cultural-divide-iglesia-alemania\/"},"wordCount":1155,"commentCount":0,"image":{"@id":"https:\/\/conversesacatalunya.cat\/es\/la-guerra-cultural-divide-iglesia-alemania\/#primaryimage"},"thumbnailUrl":"https:\/\/conversesacatalunya.cat\/wp-content\/uploads\/2022\/04\/CISMA-EN-ALEMANIA.jpg","keywords":["Esgl\u00e8sia Cat\u00f2lica","iglesia cat\u00f3lica"],"articleSection":["Veritas in caritate (ES)"],"inLanguage":"es","potentialAction":[{"@type":"CommentAction","name":"Comment","target":["https:\/\/conversesacatalunya.cat\/es\/la-guerra-cultural-divide-iglesia-alemania\/#respond"]}]},{"@type":"WebPage","@id":"https:\/\/conversesacatalunya.cat\/es\/la-guerra-cultural-divide-iglesia-alemania\/","url":"https:\/\/conversesacatalunya.cat\/es\/la-guerra-cultural-divide-iglesia-alemania\/","name":"La guerra cultural divide la Iglesia en Alemania - Converses a Catalunya","isPartOf":{"@id":"https:\/\/conversesacatalunya.cat\/#website"},"primaryImageOfPage":{"@id":"https:\/\/conversesacatalunya.cat\/es\/la-guerra-cultural-divide-iglesia-alemania\/#primaryimage"},"image":{"@id":"https:\/\/conversesacatalunya.cat\/es\/la-guerra-cultural-divide-iglesia-alemania\/#primaryimage"},"thumbnailUrl":"https:\/\/conversesacatalunya.cat\/wp-content\/uploads\/2022\/04\/CISMA-EN-ALEMANIA.jpg","datePublished":"2022-04-15T09:58:53+00:00","author":{"@id":"https:\/\/conversesacatalunya.cat\/#\/schema\/person\/158977e8a6f4c10be20fb1e30375371b"},"description":"Obviamente, Francisco no ha satisfecho las expectativas de estos cat\u00f3licos que quieren que la Iglesia se adapte al pansexualismo posmoderno","breadcrumb":{"@id":"https:\/\/conversesacatalunya.cat\/es\/la-guerra-cultural-divide-iglesia-alemania\/#breadcrumb"},"inLanguage":"es","potentialAction":[{"@type":"ReadAction","target":["https:\/\/conversesacatalunya.cat\/es\/la-guerra-cultural-divide-iglesia-alemania\/"]}]},{"@type":"ImageObject","inLanguage":"es","@id":"https:\/\/conversesacatalunya.cat\/es\/la-guerra-cultural-divide-iglesia-alemania\/#primaryimage","url":"https:\/\/conversesacatalunya.cat\/wp-content\/uploads\/2022\/04\/CISMA-EN-ALEMANIA.jpg","contentUrl":"https:\/\/conversesacatalunya.cat\/wp-content\/uploads\/2022\/04\/CISMA-EN-ALEMANIA.jpg","width":770,"height":480},{"@type":"BreadcrumbList","@id":"https:\/\/conversesacatalunya.cat\/es\/la-guerra-cultural-divide-iglesia-alemania\/#breadcrumb","itemListElement":[{"@type":"ListItem","position":1,"name":"Inici","item":"https:\/\/conversesacatalunya.cat\/es\/"},{"@type":"ListItem","position":2,"name":"La guerra cultural divide la Iglesia en Alemania"}]},{"@type":"WebSite","@id":"https:\/\/conversesacatalunya.cat\/#website","url":"https:\/\/conversesacatalunya.cat\/","name":"Converses a Catalunya","description":"","potentialAction":[{"@type":"SearchAction","target":{"@type":"EntryPoint","urlTemplate":"https:\/\/conversesacatalunya.cat\/?s={search_term_string}"},"query-input":{"@type":"PropertyValueSpecification","valueRequired":true,"valueName":"search_term_string"}}],"inLanguage":"es"},{"@type":"Person","@id":"https:\/\/conversesacatalunya.cat\/#\/schema\/person\/158977e8a6f4c10be20fb1e30375371b","name":"Carles Ros Arpa","image":{"@type":"ImageObject","inLanguage":"es","@id":"https:\/\/conversesacatalunya.cat\/#\/schema\/person\/image\/","url":"https:\/\/conversesacatalunya.cat\/wp-content\/litespeed\/avatar\/ba530fe068c88283940054d0b5ea1f09.jpg?ver=1777376928","contentUrl":"https:\/\/conversesacatalunya.cat\/wp-content\/litespeed\/avatar\/ba530fe068c88283940054d0b5ea1f09.jpg?ver=1777376928","caption":"Carles Ros Arpa"},"url":"https:\/\/conversesacatalunya.cat\/es\/author\/carles-ros-arpa\/"}]}},"wps_subtitle":"","_links":{"self":[{"href":"https:\/\/conversesacatalunya.cat\/es\/wp-json\/wp\/v2\/posts\/56790","targetHints":{"allow":["GET"]}}],"collection":[{"href":"https:\/\/conversesacatalunya.cat\/es\/wp-json\/wp\/v2\/posts"}],"about":[{"href":"https:\/\/conversesacatalunya.cat\/es\/wp-json\/wp\/v2\/types\/post"}],"author":[{"embeddable":true,"href":"https:\/\/conversesacatalunya.cat\/es\/wp-json\/wp\/v2\/users\/6"}],"replies":[{"embeddable":true,"href":"https:\/\/conversesacatalunya.cat\/es\/wp-json\/wp\/v2\/comments?post=56790"}],"version-history":[{"count":2,"href":"https:\/\/conversesacatalunya.cat\/es\/wp-json\/wp\/v2\/posts\/56790\/revisions"}],"predecessor-version":[{"id":56791,"href":"https:\/\/conversesacatalunya.cat\/es\/wp-json\/wp\/v2\/posts\/56790\/revisions\/56791"}],"wp:featuredmedia":[{"embeddable":true,"href":"https:\/\/conversesacatalunya.cat\/es\/wp-json\/wp\/v2\/media\/56784"}],"wp:attachment":[{"href":"https:\/\/conversesacatalunya.cat\/es\/wp-json\/wp\/v2\/media?parent=56790"}],"wp:term":[{"taxonomy":"category","embeddable":true,"href":"https:\/\/conversesacatalunya.cat\/es\/wp-json\/wp\/v2\/categories?post=56790"},{"taxonomy":"post_tag","embeddable":true,"href":"https:\/\/conversesacatalunya.cat\/es\/wp-json\/wp\/v2\/tags?post=56790"}],"curies":[{"name":"wp","href":"https:\/\/api.w.org\/{rel}","templated":true}]}}