{"id":56770,"date":"2022-04-13T12:37:43","date_gmt":"2022-04-13T10:37:43","guid":{"rendered":"https:\/\/conversesacatalunya.cat\/el-preu-del-lloguer-a-barcelona\/"},"modified":"2022-04-13T14:00:40","modified_gmt":"2022-04-13T12:00:40","slug":"precio-alquiler-barcelona","status":"publish","type":"post","link":"https:\/\/conversesacatalunya.cat\/es\/precio-alquiler-barcelona\/","title":{"rendered":"El precio del alquiler en Barcelona es el m\u00e1s caro de Espa\u00f1a y ha subido m\u00e1s del doble que en Madrid"},"content":{"rendered":"<p>\u00bfC\u00f3mo es posible? Tenemos en la Generalitat un gobierno encabezado por la izquierda, el Ayuntamiento de Barcelona gobernado por la izquierda progresista y feminista, y la Diputaci\u00f3n y el \u00c1rea Metropolitana tambi\u00e9n bajo la presidencia y direcci\u00f3n del mismo color pol\u00edtico. Se han aprobado leyes, decretos, se han acordado pol\u00edticas locales y catalanas sobre la vivienda y el resultado es simplemente terrible.<\/p>\n<p>Barcelona con 17,75 euros el m2 es la <strong>provincia m\u00e1s cara de Espa\u00f1a en alquiler<\/strong> y adem\u00e1s ha incrementado su precio en un 10,85% en un a\u00f1o, cuando Madrid, la segunda en precio, lo ha hecho en s\u00f3lo un 4 ,74% y la tercera, Guip\u00fazcoa, vio reducir el precio en un 0,38%. Pero pese a ser decisiva para el peso de la provincia, que significa la mayor parte de Catalunya, Barcelona no es la \u00fanica circunscripci\u00f3n que llama la atenci\u00f3n. Girona, si bien los aumentos fueron moderados, un 2,97%, es la 13\u00aa provincia espa\u00f1ola en el precio del alquiler. Por tanto, tenemos una gran parte de Catalu\u00f1a, la gran mayor\u00eda de la poblaci\u00f3n, que se sit\u00faan en los niveles m\u00e1s altos.<\/p>\n<p>Pero esta realidad no tiene un correlato equivalente ni con el <strong>salario m\u00e1s frecuente<\/strong>, ni con el salario medio, que se sit\u00faan en posiciones m\u00e1s atrasadas, ni tampoco con la renta per c\u00e1pita y la renta familiar disponible. Por tanto, el decalaje entre el dinero del que disponen las familias catalanas y el coste del alquiler tiene un gran desequilibrio, mucho mayor que Madrid, Guip\u00fazcoa o Vizcaya, que son las que nos siguen en el ranking, que presentan niveles salariales y de renta m\u00e1s elevados que los catalanes.<\/p>\n<p>Cabe subrayar tambi\u00e9n el caso de Tarragona. En esta provincia, el precio del alquiler, 7,92 euros m2, es inferior a la media espa\u00f1ola, que es de 8,64 euros m2. Pero atenci\u00f3n porque ha sido una de las provincias, concretamente la tercera, en la que m\u00e1s se ha incrementado el precio del alquiler, casi un 15%. S\u00f3lo Lleida presenta una caracter\u00edstica nada frecuente, que es su disminuci\u00f3n en un -7,78%, y un precio de 7,82 euros m2.<\/p>\n<p>Este escenario describe claramente la ineficacia de las pol\u00edticas de vivienda que se acometen en Catalu\u00f1a, en el \u00c1rea Metropolitana y en Barcelona. La cuesti\u00f3n es clara: nuestro pa\u00eds presenta tambi\u00e9n en este \u00e1mbito el peor escenario de toda Espa\u00f1a, y la responsabilidad de esa posici\u00f3n negativa s\u00f3lo es explicable por la incapacidad de las pol\u00edticas p\u00fablicas.<\/p>\n<div id=\"polls-147\" class=\"wp-polls\">\n\t<form id=\"polls_form_147\" class=\"wp-polls-form\" action=\"\/index.php\" method=\"post\">\n\t\t<p style=\"display: none;\"><input type=\"hidden\" id=\"poll_147_nonce\" name=\"wp-polls-nonce\" value=\"78cebec6f0\" \/><\/p>\n\t\t<p style=\"display: none;\"><input type=\"hidden\" name=\"poll_id\" value=\"147\" \/><\/p>\n\t\t<p style=\"text-align: center\"><strong>Creus que ens afectaran molt les noves variants del coronavirus?<\/strong><\/p><div id=\"polls-147-ans\" class=\"wp-polls-ans\"><ul class=\"wp-polls-ul\">\n\t\t<li><input type=\"radio\" id=\"poll-answer-379\" name=\"poll_147\" value=\"379\" \/> <label for=\"poll-answer-379\">S\u00ed<\/label><\/li>\n\t\t<li><input type=\"radio\" id=\"poll-answer-380\" name=\"poll_147\" value=\"380\" \/> <label for=\"poll-answer-380\">No<\/label><\/li>\n\t\t<li><input type=\"radio\" id=\"poll-answer-381\" name=\"poll_147\" value=\"381\" \/> <label for=\"poll-answer-381\">No ho s\u00e9<\/label><\/li>\n\t\t<\/ul><p style=\"text-align: center\"><input type=\"button\" name=\"vote\" value=\"   Vota   \" class=\"Buttons\" onclick=\"poll_vote(147);\" \/><\/p><p style=\"text-align: center\"><a href=\"#ViewPollResults\" onclick=\"poll_result(147); return false;\" title=\"View Results Of This Poll\">Mira els resultats<\/a><\/p><\/div>\n\t<\/form>\n<\/div>\n<div id=\"polls-147-loading\" class=\"wp-polls-loading\"><img decoding=\"async\" data-src=\"https:\/\/conversesacatalunya.cat\/wp-content\/plugins\/wp-polls\/images\/loading.gif\" width=\"16\" height=\"16\" alt=\"Cargando ...\" title=\"Cargando ...\" class=\"wp-polls-image lazyload\" src=\"data:image\/svg+xml;base64,PHN2ZyB3aWR0aD0iMSIgaGVpZ2h0PSIxIiB4bWxucz0iaHR0cDovL3d3dy53My5vcmcvMjAwMC9zdmciPjwvc3ZnPg==\" style=\"--smush-placeholder-width: 16px; --smush-placeholder-aspect-ratio: 16\/16;\" \/>&nbsp;Cargando ...<\/div>\n\n","protected":false},"excerpt":{"rendered":"<p>\u00bfC\u00f3mo es posible? Tenemos en la Generalitat un gobierno encabezado por la izquierda, el Ayuntamiento de Barcelona gobernado por la izquierda progresista y feminista, y la Diputaci\u00f3n y el \u00c1rea Metropolitana tambi\u00e9n bajo la presidencia y direcci\u00f3n del mismo color pol\u00edtico. Se han aprobado leyes, decretos, se han acordado pol\u00edticas locales y catalanas sobre la vivienda y el resultado es simplemente terrible. Barcelona con 17,75 euros el m2 es la provincia m\u00e1s cara de Espa\u00f1a en alquiler y adem\u00e1s ha incrementado su precio en un 10,85% en un a\u00f1o, cuando Madrid, la segunda en precio, lo ha hecho en s\u00f3lo un 4 ,74% y la tercera, Guip\u00fazcoa, vio reducir el precio en un 0,38%. Pero pese a ser decisiva para el peso de la provincia, que significa la mayor parte de Catalunya, Barcelona no es la \u00fanica circunscripci\u00f3n que llama la atenci\u00f3n. Girona, si bien los aumentos fueron moderados, un 2,97%, es la 13\u00aa provincia espa\u00f1ola en el precio del alquiler. Por tanto, tenemos una gran parte de Catalu\u00f1a, la gran mayor\u00eda de la poblaci\u00f3n, que se sit\u00faan en los niveles m\u00e1s altos. Pero esta realidad no tiene un correlato equivalente ni con el salario m\u00e1s frecuente, ni con el salario medio, que se sit\u00faan en posiciones m\u00e1s atrasadas, ni tampoco con la renta per c\u00e1pita y la renta familiar disponible. Por tanto, el decalaje entre el dinero del que disponen las familias catalanas y el coste del alquiler tiene un gran desequilibrio, mucho mayor que Madrid, Guip\u00fazcoa o Vizcaya, que son las que nos siguen en el ranking, que presentan niveles salariales y de renta m\u00e1s elevados que los catalanes. Cabe subrayar tambi\u00e9n el caso de Tarragona. En esta provincia, el precio del alquiler, 7,92 euros m2, es inferior a la media espa\u00f1ola, que es de 8,64 euros m2. Pero atenci\u00f3n porque ha sido una de las provincias, concretamente la tercera, en la que m\u00e1s se ha incrementado el precio del alquiler, casi un 15%. S\u00f3lo Lleida presenta una caracter\u00edstica nada frecuente, que es su disminuci\u00f3n en un -7,78%, y un precio de 7,82 euros m2. Este escenario describe claramente la ineficacia de las pol\u00edticas de vivienda que se acometen en Catalu\u00f1a, en el \u00c1rea Metropolitana y en Barcelona. La cuesti\u00f3n es clara: nuestro pa\u00eds presenta tambi\u00e9n en este \u00e1mbito el peor escenario de toda Espa\u00f1a, y la responsabilidad de esa posici\u00f3n negativa s\u00f3lo es explicable por la incapacidad de las pol\u00edticas p\u00fablicas.<\/p>\n","protected":false},"author":2,"featured_media":56757,"comment_status":"open","ping_status":"open","sticky":false,"template":"","format":"standard","meta":{"_FSMCFIC_featured_image_caption":"","_FSMCFIC_featured_image_nocaption":"","_FSMCFIC_featured_image_hide":"","footnotes":""},"categories":[806],"tags":[1026,1037,2945,1029,1035],"class_list":["post-56770","post","type-post","status-publish","format-standard","has-post-thumbnail","hentry","category-punts-claus-del-dia-es","tag-habitatge-es","tag-precios-alquiler","tag-precios-vivienda","tag-preus-dhabitatge-es-2","tag-vivienda"],"yoast_head":"<!-- This site is optimized with the Yoast SEO plugin v26.8 - https:\/\/yoast.com\/product\/yoast-seo-wordpress\/ -->\n<title>El precio del alquiler en Barcelona es el m\u00e1s caro de Espa\u00f1a y ha subido m\u00e1s del doble que en Madrid - Converses a Catalunya<\/title>\n<meta name=\"description\" content=\"Nuestro pa\u00eds presenta tambi\u00e9n en este \u00e1mbito el peor escenario de toda Espa\u00f1a\" \/>\n<meta name=\"robots\" content=\"index, follow, max-snippet:-1, max-image-preview:large, max-video-preview:-1\" \/>\n<link rel=\"canonical\" href=\"https:\/\/conversesacatalunya.cat\/es\/precio-alquiler-barcelona\/\" \/>\n<meta property=\"og:locale\" content=\"es_ES\" \/>\n<meta property=\"og:type\" content=\"article\" \/>\n<meta property=\"og:title\" content=\"El precio del alquiler en Barcelona es el m\u00e1s caro de Espa\u00f1a y ha subido m\u00e1s del doble que en Madrid - Converses a Catalunya\" \/>\n<meta property=\"og:description\" content=\"Nuestro pa\u00eds presenta tambi\u00e9n en este \u00e1mbito el peor escenario de toda Espa\u00f1a\" \/>\n<meta property=\"og:url\" content=\"https:\/\/conversesacatalunya.cat\/es\/precio-alquiler-barcelona\/\" \/>\n<meta property=\"og:site_name\" content=\"Converses a Catalunya\" \/>\n<meta property=\"article:published_time\" content=\"2022-04-13T10:37:43+00:00\" \/>\n<meta property=\"article:modified_time\" content=\"2022-04-13T12:00:40+00:00\" \/>\n<meta property=\"og:image\" content=\"https:\/\/conversesacatalunya.cat\/wp-content\/uploads\/2022\/04\/alquiler-barcelona_10_670x355.jpeg\" \/>\n\t<meta property=\"og:image:width\" content=\"670\" \/>\n\t<meta property=\"og:image:height\" content=\"355\" \/>\n\t<meta property=\"og:image:type\" content=\"image\/jpeg\" \/>\n<meta name=\"author\" content=\"conversesacatalunya\" \/>\n<meta name=\"twitter:card\" content=\"summary_large_image\" \/>\n<meta name=\"twitter:label1\" content=\"Escrito por\" \/>\n\t<meta name=\"twitter:data1\" content=\"conversesacatalunya\" \/>\n\t<meta name=\"twitter:label2\" content=\"Tiempo de lectura\" \/>\n\t<meta name=\"twitter:data2\" content=\"3 minutos\" \/>\n<script type=\"application\/ld+json\" class=\"yoast-schema-graph\">{\"@context\":\"https:\/\/schema.org\",\"@graph\":[{\"@type\":\"Article\",\"@id\":\"https:\/\/conversesacatalunya.cat\/es\/precio-alquiler-barcelona\/#article\",\"isPartOf\":{\"@id\":\"https:\/\/conversesacatalunya.cat\/es\/precio-alquiler-barcelona\/\"},\"author\":{\"name\":\"conversesacatalunya\",\"@id\":\"https:\/\/conversesacatalunya.cat\/#\/schema\/person\/7e24d1e54a2785373ddcb275eae5ed99\"},\"headline\":\"El precio del alquiler en Barcelona es el m\u00e1s caro de Espa\u00f1a y ha subido m\u00e1s del doble que en Madrid\",\"datePublished\":\"2022-04-13T10:37:43+00:00\",\"dateModified\":\"2022-04-13T12:00:40+00:00\",\"mainEntityOfPage\":{\"@id\":\"https:\/\/conversesacatalunya.cat\/es\/precio-alquiler-barcelona\/\"},\"wordCount\":462,\"commentCount\":0,\"image\":{\"@id\":\"https:\/\/conversesacatalunya.cat\/es\/precio-alquiler-barcelona\/#primaryimage\"},\"thumbnailUrl\":\"https:\/\/conversesacatalunya.cat\/wp-content\/uploads\/2022\/04\/alquiler-barcelona_10_670x355.jpeg\",\"keywords\":[\"Habitatge\",\"Precios alquiler\",\"precios vivienda\",\"Preus d'habitatge\",\"vivienda\"],\"articleSection\":[\"Punts clau del dia (ES)\"],\"inLanguage\":\"es\",\"potentialAction\":[{\"@type\":\"CommentAction\",\"name\":\"Comment\",\"target\":[\"https:\/\/conversesacatalunya.cat\/es\/precio-alquiler-barcelona\/#respond\"]}]},{\"@type\":\"WebPage\",\"@id\":\"https:\/\/conversesacatalunya.cat\/es\/precio-alquiler-barcelona\/\",\"url\":\"https:\/\/conversesacatalunya.cat\/es\/precio-alquiler-barcelona\/\",\"name\":\"El precio del alquiler en Barcelona es el m\u00e1s caro de Espa\u00f1a y ha subido m\u00e1s del doble que en Madrid - Converses a Catalunya\",\"isPartOf\":{\"@id\":\"https:\/\/conversesacatalunya.cat\/#website\"},\"primaryImageOfPage\":{\"@id\":\"https:\/\/conversesacatalunya.cat\/es\/precio-alquiler-barcelona\/#primaryimage\"},\"image\":{\"@id\":\"https:\/\/conversesacatalunya.cat\/es\/precio-alquiler-barcelona\/#primaryimage\"},\"thumbnailUrl\":\"https:\/\/conversesacatalunya.cat\/wp-content\/uploads\/2022\/04\/alquiler-barcelona_10_670x355.jpeg\",\"datePublished\":\"2022-04-13T10:37:43+00:00\",\"dateModified\":\"2022-04-13T12:00:40+00:00\",\"author\":{\"@id\":\"https:\/\/conversesacatalunya.cat\/#\/schema\/person\/7e24d1e54a2785373ddcb275eae5ed99\"},\"description\":\"Nuestro pa\u00eds presenta tambi\u00e9n en este \u00e1mbito el peor escenario de toda Espa\u00f1a\",\"breadcrumb\":{\"@id\":\"https:\/\/conversesacatalunya.cat\/es\/precio-alquiler-barcelona\/#breadcrumb\"},\"inLanguage\":\"es\",\"potentialAction\":[{\"@type\":\"ReadAction\",\"target\":[\"https:\/\/conversesacatalunya.cat\/es\/precio-alquiler-barcelona\/\"]}]},{\"@type\":\"ImageObject\",\"inLanguage\":\"es\",\"@id\":\"https:\/\/conversesacatalunya.cat\/es\/precio-alquiler-barcelona\/#primaryimage\",\"url\":\"https:\/\/conversesacatalunya.cat\/wp-content\/uploads\/2022\/04\/alquiler-barcelona_10_670x355.jpeg\",\"contentUrl\":\"https:\/\/conversesacatalunya.cat\/wp-content\/uploads\/2022\/04\/alquiler-barcelona_10_670x355.jpeg\",\"width\":670,\"height\":355,\"caption\":\"lloguer barcelona\"},{\"@type\":\"BreadcrumbList\",\"@id\":\"https:\/\/conversesacatalunya.cat\/es\/precio-alquiler-barcelona\/#breadcrumb\",\"itemListElement\":[{\"@type\":\"ListItem\",\"position\":1,\"name\":\"Inici\",\"item\":\"https:\/\/conversesacatalunya.cat\/es\/\"},{\"@type\":\"ListItem\",\"position\":2,\"name\":\"El precio del alquiler en Barcelona es el m\u00e1s caro de Espa\u00f1a y ha subido m\u00e1s del doble que en Madrid\"}]},{\"@type\":\"WebSite\",\"@id\":\"https:\/\/conversesacatalunya.cat\/#website\",\"url\":\"https:\/\/conversesacatalunya.cat\/\",\"name\":\"Converses a Catalunya\",\"description\":\"\",\"potentialAction\":[{\"@type\":\"SearchAction\",\"target\":{\"@type\":\"EntryPoint\",\"urlTemplate\":\"https:\/\/conversesacatalunya.cat\/?s={search_term_string}\"},\"query-input\":{\"@type\":\"PropertyValueSpecification\",\"valueRequired\":true,\"valueName\":\"search_term_string\"}}],\"inLanguage\":\"es\"},{\"@type\":\"Person\",\"@id\":\"https:\/\/conversesacatalunya.cat\/#\/schema\/person\/7e24d1e54a2785373ddcb275eae5ed99\",\"name\":\"conversesacatalunya\",\"image\":{\"@type\":\"ImageObject\",\"inLanguage\":\"es\",\"@id\":\"https:\/\/conversesacatalunya.cat\/#\/schema\/person\/image\/\",\"url\":\"https:\/\/conversesacatalunya.cat\/wp-content\/litespeed\/avatar\/febdfeeec89d950f01c748045a981dd2.jpg?ver=1777314535\",\"contentUrl\":\"https:\/\/conversesacatalunya.cat\/wp-content\/litespeed\/avatar\/febdfeeec89d950f01c748045a981dd2.jpg?ver=1777314535\",\"caption\":\"conversesacatalunya\"},\"url\":\"https:\/\/conversesacatalunya.cat\/es\/author\/carme_catala\/\"}]}<\/script>\n<!-- \/ Yoast SEO plugin. -->","yoast_head_json":{"title":"El precio del alquiler en Barcelona es el m\u00e1s caro de Espa\u00f1a y ha subido m\u00e1s del doble que en Madrid - Converses a Catalunya","description":"Nuestro pa\u00eds presenta tambi\u00e9n en este \u00e1mbito el peor escenario de toda Espa\u00f1a","robots":{"index":"index","follow":"follow","max-snippet":"max-snippet:-1","max-image-preview":"max-image-preview:large","max-video-preview":"max-video-preview:-1"},"canonical":"https:\/\/conversesacatalunya.cat\/es\/precio-alquiler-barcelona\/","og_locale":"es_ES","og_type":"article","og_title":"El precio del alquiler en Barcelona es el m\u00e1s caro de Espa\u00f1a y ha subido m\u00e1s del doble que en Madrid - Converses a Catalunya","og_description":"Nuestro pa\u00eds presenta tambi\u00e9n en este \u00e1mbito el peor escenario de toda Espa\u00f1a","og_url":"https:\/\/conversesacatalunya.cat\/es\/precio-alquiler-barcelona\/","og_site_name":"Converses a Catalunya","article_published_time":"2022-04-13T10:37:43+00:00","article_modified_time":"2022-04-13T12:00:40+00:00","og_image":[{"width":670,"height":355,"url":"https:\/\/conversesacatalunya.cat\/wp-content\/uploads\/2022\/04\/alquiler-barcelona_10_670x355.jpeg","type":"image\/jpeg"}],"author":"conversesacatalunya","twitter_card":"summary_large_image","twitter_misc":{"Escrito por":"conversesacatalunya","Tiempo de lectura":"3 minutos"},"schema":{"@context":"https:\/\/schema.org","@graph":[{"@type":"Article","@id":"https:\/\/conversesacatalunya.cat\/es\/precio-alquiler-barcelona\/#article","isPartOf":{"@id":"https:\/\/conversesacatalunya.cat\/es\/precio-alquiler-barcelona\/"},"author":{"name":"conversesacatalunya","@id":"https:\/\/conversesacatalunya.cat\/#\/schema\/person\/7e24d1e54a2785373ddcb275eae5ed99"},"headline":"El precio del alquiler en Barcelona es el m\u00e1s caro de Espa\u00f1a y ha subido m\u00e1s del doble que en Madrid","datePublished":"2022-04-13T10:37:43+00:00","dateModified":"2022-04-13T12:00:40+00:00","mainEntityOfPage":{"@id":"https:\/\/conversesacatalunya.cat\/es\/precio-alquiler-barcelona\/"},"wordCount":462,"commentCount":0,"image":{"@id":"https:\/\/conversesacatalunya.cat\/es\/precio-alquiler-barcelona\/#primaryimage"},"thumbnailUrl":"https:\/\/conversesacatalunya.cat\/wp-content\/uploads\/2022\/04\/alquiler-barcelona_10_670x355.jpeg","keywords":["Habitatge","Precios alquiler","precios vivienda","Preus d'habitatge","vivienda"],"articleSection":["Punts clau del dia (ES)"],"inLanguage":"es","potentialAction":[{"@type":"CommentAction","name":"Comment","target":["https:\/\/conversesacatalunya.cat\/es\/precio-alquiler-barcelona\/#respond"]}]},{"@type":"WebPage","@id":"https:\/\/conversesacatalunya.cat\/es\/precio-alquiler-barcelona\/","url":"https:\/\/conversesacatalunya.cat\/es\/precio-alquiler-barcelona\/","name":"El precio del alquiler en Barcelona es el m\u00e1s caro de Espa\u00f1a y ha subido m\u00e1s del doble que en Madrid - Converses a Catalunya","isPartOf":{"@id":"https:\/\/conversesacatalunya.cat\/#website"},"primaryImageOfPage":{"@id":"https:\/\/conversesacatalunya.cat\/es\/precio-alquiler-barcelona\/#primaryimage"},"image":{"@id":"https:\/\/conversesacatalunya.cat\/es\/precio-alquiler-barcelona\/#primaryimage"},"thumbnailUrl":"https:\/\/conversesacatalunya.cat\/wp-content\/uploads\/2022\/04\/alquiler-barcelona_10_670x355.jpeg","datePublished":"2022-04-13T10:37:43+00:00","dateModified":"2022-04-13T12:00:40+00:00","author":{"@id":"https:\/\/conversesacatalunya.cat\/#\/schema\/person\/7e24d1e54a2785373ddcb275eae5ed99"},"description":"Nuestro pa\u00eds presenta tambi\u00e9n en este \u00e1mbito el peor escenario de toda Espa\u00f1a","breadcrumb":{"@id":"https:\/\/conversesacatalunya.cat\/es\/precio-alquiler-barcelona\/#breadcrumb"},"inLanguage":"es","potentialAction":[{"@type":"ReadAction","target":["https:\/\/conversesacatalunya.cat\/es\/precio-alquiler-barcelona\/"]}]},{"@type":"ImageObject","inLanguage":"es","@id":"https:\/\/conversesacatalunya.cat\/es\/precio-alquiler-barcelona\/#primaryimage","url":"https:\/\/conversesacatalunya.cat\/wp-content\/uploads\/2022\/04\/alquiler-barcelona_10_670x355.jpeg","contentUrl":"https:\/\/conversesacatalunya.cat\/wp-content\/uploads\/2022\/04\/alquiler-barcelona_10_670x355.jpeg","width":670,"height":355,"caption":"lloguer barcelona"},{"@type":"BreadcrumbList","@id":"https:\/\/conversesacatalunya.cat\/es\/precio-alquiler-barcelona\/#breadcrumb","itemListElement":[{"@type":"ListItem","position":1,"name":"Inici","item":"https:\/\/conversesacatalunya.cat\/es\/"},{"@type":"ListItem","position":2,"name":"El precio del alquiler en Barcelona es el m\u00e1s caro de Espa\u00f1a y ha subido m\u00e1s del doble que en Madrid"}]},{"@type":"WebSite","@id":"https:\/\/conversesacatalunya.cat\/#website","url":"https:\/\/conversesacatalunya.cat\/","name":"Converses a Catalunya","description":"","potentialAction":[{"@type":"SearchAction","target":{"@type":"EntryPoint","urlTemplate":"https:\/\/conversesacatalunya.cat\/?s={search_term_string}"},"query-input":{"@type":"PropertyValueSpecification","valueRequired":true,"valueName":"search_term_string"}}],"inLanguage":"es"},{"@type":"Person","@id":"https:\/\/conversesacatalunya.cat\/#\/schema\/person\/7e24d1e54a2785373ddcb275eae5ed99","name":"conversesacatalunya","image":{"@type":"ImageObject","inLanguage":"es","@id":"https:\/\/conversesacatalunya.cat\/#\/schema\/person\/image\/","url":"https:\/\/conversesacatalunya.cat\/wp-content\/litespeed\/avatar\/febdfeeec89d950f01c748045a981dd2.jpg?ver=1777314535","contentUrl":"https:\/\/conversesacatalunya.cat\/wp-content\/litespeed\/avatar\/febdfeeec89d950f01c748045a981dd2.jpg?ver=1777314535","caption":"conversesacatalunya"},"url":"https:\/\/conversesacatalunya.cat\/es\/author\/carme_catala\/"}]}},"wps_subtitle":"Nuestro pa\u00eds presenta tambi\u00e9n en este \u00e1mbito el peor escenario de toda Espa\u00f1a","_links":{"self":[{"href":"https:\/\/conversesacatalunya.cat\/es\/wp-json\/wp\/v2\/posts\/56770","targetHints":{"allow":["GET"]}}],"collection":[{"href":"https:\/\/conversesacatalunya.cat\/es\/wp-json\/wp\/v2\/posts"}],"about":[{"href":"https:\/\/conversesacatalunya.cat\/es\/wp-json\/wp\/v2\/types\/post"}],"author":[{"embeddable":true,"href":"https:\/\/conversesacatalunya.cat\/es\/wp-json\/wp\/v2\/users\/2"}],"replies":[{"embeddable":true,"href":"https:\/\/conversesacatalunya.cat\/es\/wp-json\/wp\/v2\/comments?post=56770"}],"version-history":[{"count":2,"href":"https:\/\/conversesacatalunya.cat\/es\/wp-json\/wp\/v2\/posts\/56770\/revisions"}],"predecessor-version":[{"id":56772,"href":"https:\/\/conversesacatalunya.cat\/es\/wp-json\/wp\/v2\/posts\/56770\/revisions\/56772"}],"wp:featuredmedia":[{"embeddable":true,"href":"https:\/\/conversesacatalunya.cat\/es\/wp-json\/wp\/v2\/media\/56757"}],"wp:attachment":[{"href":"https:\/\/conversesacatalunya.cat\/es\/wp-json\/wp\/v2\/media?parent=56770"}],"wp:term":[{"taxonomy":"category","embeddable":true,"href":"https:\/\/conversesacatalunya.cat\/es\/wp-json\/wp\/v2\/categories?post=56770"},{"taxonomy":"post_tag","embeddable":true,"href":"https:\/\/conversesacatalunya.cat\/es\/wp-json\/wp\/v2\/tags?post=56770"}],"curies":[{"name":"wp","href":"https:\/\/api.w.org\/{rel}","templated":true}]}}