{"id":56571,"date":"2022-04-07T11:43:04","date_gmt":"2022-04-07T09:43:04","guid":{"rendered":"https:\/\/conversesacatalunya.cat\/?p=56571"},"modified":"2022-04-07T12:58:48","modified_gmt":"2022-04-07T10:58:48","slug":"delitos-barcelona","status":"publish","type":"post","link":"https:\/\/conversesacatalunya.cat\/es\/delitos-barcelona\/","title":{"rendered":"Barcelona, \u00bfcriminal?"},"content":{"rendered":"<p>En los \u00faltimos a\u00f1os ha sido Barcelona la ciudad de Espa\u00f1a con mayor inseguridad, con una subida del 6,6% en infracciones penales, respecto al 2020, mientras que en el conjunto de la provincia ha subido un 9,4% durante el mismo per\u00edodo. (2020-2021)<\/p>\n<p>Seg\u00fan datos del Ministerio del Interior, que en un documento ha incluido 10 tipolog\u00edas penales: homicidios consumados, homicidios en grado de tentativa, lesiones y ri\u00f1a tumultuaria, secuestro, delitos contra la libertad sexual, robos con violencia, robos con fuerza en domicilios, hurtos, sustracciones de veh\u00edculos y tr\u00e1fico de drogas, m\u00e1s una \u00faltima que engloba el resto de delitos.<\/p>\n<p style=\"text-align: center;\"><strong>El incremento de los delitos en Barcelona<\/strong><\/p>\n<p style=\"text-align: center;\">Porcentaje de variaci\u00f3n de 2020 a 2021 en Barcelona<\/p>\n<p><img fetchpriority=\"high\" decoding=\"async\" class=\"wp-image-56572 aligncenter\" src=\"https:\/\/conversesacatalunya.cat\/wp-content\/uploads\/2022\/04\/criminalitat.jpg\" alt=\"\" width=\"403\" height=\"613\" srcset=\"https:\/\/conversesacatalunya.cat\/wp-content\/uploads\/2022\/04\/criminalitat.jpg 475w, https:\/\/conversesacatalunya.cat\/wp-content\/uploads\/2022\/04\/criminalitat-197x300.jpg 197w\" sizes=\"(max-width: 403px) 100vw, 403px\" \/><\/p>\n<p style=\"text-align: center;\">Delitos por mill\u00f3n de habitantes<\/p>\n<p>\u00a0<img decoding=\"async\" class=\"wp-image-56574 aligncenter lazyload\" data-src=\"https:\/\/conversesacatalunya.cat\/wp-content\/uploads\/2022\/04\/delitos-por-millon.jpg\" alt=\"\" width=\"407\" height=\"617\" data-srcset=\"https:\/\/conversesacatalunya.cat\/wp-content\/uploads\/2022\/04\/delitos-por-millon.jpg 469w, https:\/\/conversesacatalunya.cat\/wp-content\/uploads\/2022\/04\/delitos-por-millon-198x300.jpg 198w\" data-sizes=\"(max-width: 407px) 100vw, 407px\" src=\"data:image\/svg+xml;base64,PHN2ZyB3aWR0aD0iMSIgaGVpZ2h0PSIxIiB4bWxucz0iaHR0cDovL3d3dy53My5vcmcvMjAwMC9zdmciPjwvc3ZnPg==\" style=\"--smush-placeholder-width: 407px; --smush-placeholder-aspect-ratio: 407\/617;\" \/><\/p>\n<p>La <strong>Ciudad de Barcelona<\/strong> registra <strong>bajadas aparentes <\/strong>en el n\u00famero de <strong>homicidios consumados<\/strong>, que desciende en un 38,5% y en los de <strong>grado de tentativa<\/strong>, en un 2,9%. Tambi\u00e9n <strong>disminuye un 15,4% el n\u00famero de robos con fuerza en domicilios (de 6.231 a 5.270) y un 0,3% el n\u00famero de veh\u00edculos sustra\u00eddos<\/strong> en relaci\u00f3n a los n\u00fameros de 2020 (de 2.488 a 2.481, unas cifras casi calcadas).<\/p>\n<p>Por lo que respecta a las <strong>subidas, <\/strong>la mayor porcentual est\u00e1 encuadrada en el \u00e1rea de los secuestros, con un\u00a0<strong>incremento de un 100%<\/strong> (no muy significativo dado el peque\u00f1o n\u00famero de casos, de 1 a 2). La <strong>agresi\u00f3n sexual con penetraci\u00f3n<\/strong>, 80,4%, <strong>lesiones y ri\u00f1a tumultuaria<\/strong>, en un 42,4% y contra la<strong> libertad e indemnidad sexual<\/strong>, en un 41,5%.<\/p>\n<p>En cifras totales, sin embargo, la infracci\u00f3n penal que m\u00e1s ha repuntado en 2021 ha sido la de <strong>robos con violencia e intimidaci\u00f3n<\/strong>, que pasan de <strong>8.505 a 10.564.<\/strong>\u00a0M\u00e1s de 2.000 casos m\u00e1s, que sit\u00faan el porcentaje en un<strong>\u00a024,2 por ciento.<\/strong><\/p>\n<p><strong>Por lo que respecta a la provincia de Barcelona, <\/strong>s\u00f3lo descienden los robos con fuerza en domicilios, establecimientos y otras instalaciones\u00a0<strong>(de 16.743 a 15.043, lo que supone una bajada del 10,2%<\/strong>), mientras que la subida m\u00e1s fuerte en cifras totales es la de robos con violencia e intimidaci\u00f3n\u00a0<strong>(de 15.249 a 18.360, lo que sit\u00faa el incremento en un 20,4%).<\/strong>\u00a0Porcentualmente, el concepto que m\u00e1s sube es el de secuestros, pasando de 3 en 2020 a 8 en 2021. Eso es una subida del 166,7%.<\/p>\n<p>Se mantiene as\u00ed una t\u00f3nica de la ciudad que marca el crecimiento de la delincuencia. Y lo hace precisamente en los dos cap\u00edtulos que despiertan m\u00e1s inquietud entre los ciudadanos, el de los <strong>robos con violencia y el de las agresiones sexuales con penetraci\u00f3n<\/strong>, pr\u00e1cticamente una cada poco m\u00e1s de tres d\u00edas, para una poblaci\u00f3n de tan solo 1,6 millones de habitantes. Que grande y peligrosa contradicci\u00f3n, <strong>la Barcelona de Colau, la m\u00e1s feminista<\/strong> de las ciudades es la que registra una de las mayores tasas de violaciones.<\/p>\n<div id=\"polls-146\" class=\"wp-polls\">\n\t<form id=\"polls_form_146\" class=\"wp-polls-form\" action=\"\/index.php\" method=\"post\">\n\t\t<p style=\"display: none;\"><input type=\"hidden\" id=\"poll_146_nonce\" name=\"wp-polls-nonce\" value=\"0925e92795\" \/><\/p>\n\t\t<p style=\"display: none;\"><input type=\"hidden\" name=\"poll_id\" value=\"146\" \/><\/p>\n\t\t<p style=\"text-align: center\"><strong>Consideres una bona soluci\u00f3 l'acc\u00e9s a Barcelona pel t\u00fanel de les gl\u00f2ries?<\/strong><\/p><div id=\"polls-146-ans\" class=\"wp-polls-ans\"><ul class=\"wp-polls-ul\">\n\t\t<li><input type=\"radio\" id=\"poll-answer-376\" name=\"poll_146\" value=\"376\" \/> <label for=\"poll-answer-376\">S\u00ed<\/label><\/li>\n\t\t<li><input type=\"radio\" id=\"poll-answer-377\" name=\"poll_146\" value=\"377\" \/> <label for=\"poll-answer-377\">No<\/label><\/li>\n\t\t<li><input type=\"radio\" id=\"poll-answer-378\" name=\"poll_146\" value=\"378\" \/> <label for=\"poll-answer-378\">No ho s\u00e9<\/label><\/li>\n\t\t<\/ul><p style=\"text-align: center\"><input type=\"button\" name=\"vote\" value=\"   Vota   \" class=\"Buttons\" onclick=\"poll_vote(146);\" \/><\/p><p style=\"text-align: center\"><a href=\"#ViewPollResults\" onclick=\"poll_result(146); return false;\" title=\"View Results Of This Poll\">Mira els resultats<\/a><\/p><\/div>\n\t<\/form>\n<\/div>\n<div id=\"polls-146-loading\" class=\"wp-polls-loading\"><img decoding=\"async\" data-src=\"https:\/\/conversesacatalunya.cat\/wp-content\/plugins\/wp-polls\/images\/loading.gif\" width=\"16\" height=\"16\" alt=\"Cargando ...\" title=\"Cargando ...\" class=\"wp-polls-image lazyload\" src=\"data:image\/svg+xml;base64,PHN2ZyB3aWR0aD0iMSIgaGVpZ2h0PSIxIiB4bWxucz0iaHR0cDovL3d3dy53My5vcmcvMjAwMC9zdmciPjwvc3ZnPg==\" style=\"--smush-placeholder-width: 16px; --smush-placeholder-aspect-ratio: 16\/16;\" \/>&nbsp;Cargando ...<\/div>\n\n","protected":false},"excerpt":{"rendered":"<p>En los \u00faltimos a\u00f1os ha sido Barcelona la ciudad de Espa\u00f1a con mayor inseguridad, con una subida del 6,6% en infracciones penales, respecto al 2020, mientras que en el conjunto de la provincia ha subido un 9,4% durante el mismo per\u00edodo. (2020-2021) Seg\u00fan datos del Ministerio del Interior, que en un documento ha incluido 10 tipolog\u00edas penales: homicidios consumados, homicidios en grado de tentativa, lesiones y ri\u00f1a tumultuaria, secuestro, delitos contra la libertad sexual, robos con violencia, robos con fuerza en domicilios, hurtos, sustracciones de veh\u00edculos y tr\u00e1fico de drogas, m\u00e1s una \u00faltima que engloba el resto de delitos. El incremento de los delitos en Barcelona Porcentaje de variaci\u00f3n de 2020 a 2021 en Barcelona Delitos por mill\u00f3n de habitantes \u00a0 La Ciudad de Barcelona registra bajadas aparentes en el n\u00famero de homicidios consumados, que desciende en un 38,5% y en los de grado de tentativa, en un 2,9%. Tambi\u00e9n disminuye un 15,4% el n\u00famero de robos con fuerza en domicilios (de 6.231 a 5.270) y un 0,3% el n\u00famero de veh\u00edculos sustra\u00eddos en relaci\u00f3n a los n\u00fameros de 2020 (de 2.488 a 2.481, unas cifras casi calcadas). Por lo que respecta a las subidas, la mayor porcentual est\u00e1 encuadrada en el \u00e1rea de los secuestros, con un\u00a0incremento de un 100% (no muy significativo dado el peque\u00f1o n\u00famero de casos, de 1 a 2). La agresi\u00f3n sexual con penetraci\u00f3n, 80,4%, lesiones y ri\u00f1a tumultuaria, en un 42,4% y contra la libertad e indemnidad sexual, en un 41,5%. En cifras totales, sin embargo, la infracci\u00f3n penal que m\u00e1s ha repuntado en 2021 ha sido la de robos con violencia e intimidaci\u00f3n, que pasan de 8.505 a 10.564.\u00a0M\u00e1s de 2.000 casos m\u00e1s, que sit\u00faan el porcentaje en un\u00a024,2 por ciento. Por lo que respecta a la provincia de Barcelona, s\u00f3lo descienden los robos con fuerza en domicilios, establecimientos y otras instalaciones\u00a0(de 16.743 a 15.043, lo que supone una bajada del 10,2%), mientras que la subida m\u00e1s fuerte en cifras totales es la de robos con violencia e intimidaci\u00f3n\u00a0(de 15.249 a 18.360, lo que sit\u00faa el incremento en un 20,4%).\u00a0Porcentualmente, el concepto que m\u00e1s sube es el de secuestros, pasando de 3 en 2020 a 8 en 2021. Eso es una subida del 166,7%. Se mantiene as\u00ed una t\u00f3nica de la ciudad que marca el crecimiento de la delincuencia. Y lo hace precisamente en los dos cap\u00edtulos que despiertan m\u00e1s inquietud entre los ciudadanos, el de los robos con violencia y el de las agresiones sexuales con penetraci\u00f3n, pr\u00e1cticamente una cada poco m\u00e1s de tres d\u00edas, para una poblaci\u00f3n de tan solo 1,6 millones de habitantes. Que grande y peligrosa contradicci\u00f3n, la Barcelona de Colau, la m\u00e1s feminista de las ciudades es la que registra una de las mayores tasas de violaciones.<\/p>\n","protected":false},"author":2,"featured_media":56577,"comment_status":"open","ping_status":"open","sticky":false,"template":"","format":"standard","meta":{"_FSMCFIC_featured_image_caption":"","_FSMCFIC_featured_image_nocaption":"","_FSMCFIC_featured_image_hide":"","footnotes":""},"categories":[3787,806],"tags":[902],"class_list":["post-56571","post","type-post","status-publish","format-standard","has-post-thumbnail","hentry","category-expedient-barcelona-es","category-punts-claus-del-dia-es","tag-inseguridad"],"yoast_head":"<!-- This site is optimized with the Yoast SEO plugin v26.8 - https:\/\/yoast.com\/product\/yoast-seo-wordpress\/ -->\n<title>Barcelona, \u00bfcriminal? - Converses a Catalunya<\/title>\n<meta name=\"description\" content=\"En Barcelona se disparan las agresiones sexuales y los robos con fuerza e intimidaci\u00f3n\" \/>\n<meta name=\"robots\" content=\"index, follow, max-snippet:-1, max-image-preview:large, max-video-preview:-1\" \/>\n<link rel=\"canonical\" href=\"https:\/\/conversesacatalunya.cat\/es\/delitos-barcelona\/\" \/>\n<meta property=\"og:locale\" content=\"es_ES\" \/>\n<meta property=\"og:type\" content=\"article\" \/>\n<meta property=\"og:title\" content=\"Barcelona, \u00bfcriminal? - Converses a Catalunya\" \/>\n<meta property=\"og:description\" content=\"En Barcelona se disparan las agresiones sexuales y los robos con fuerza e intimidaci\u00f3n\" \/>\n<meta property=\"og:url\" content=\"https:\/\/conversesacatalunya.cat\/es\/delitos-barcelona\/\" \/>\n<meta property=\"og:site_name\" content=\"Converses a Catalunya\" \/>\n<meta property=\"article:published_time\" content=\"2022-04-07T09:43:04+00:00\" \/>\n<meta property=\"article:modified_time\" content=\"2022-04-07T10:58:48+00:00\" \/>\n<meta property=\"og:image\" content=\"https:\/\/conversesacatalunya.cat\/wp-content\/uploads\/2022\/04\/mossos.jpg\" \/>\n\t<meta property=\"og:image:width\" content=\"1200\" \/>\n\t<meta property=\"og:image:height\" content=\"675\" \/>\n\t<meta property=\"og:image:type\" content=\"image\/jpeg\" \/>\n<meta name=\"author\" content=\"conversesacatalunya\" \/>\n<meta name=\"twitter:card\" content=\"summary_large_image\" \/>\n<meta name=\"twitter:label1\" content=\"Escrito por\" \/>\n\t<meta name=\"twitter:data1\" content=\"conversesacatalunya\" \/>\n\t<meta name=\"twitter:label2\" content=\"Tiempo de lectura\" \/>\n\t<meta name=\"twitter:data2\" content=\"3 minutos\" \/>\n<script type=\"application\/ld+json\" class=\"yoast-schema-graph\">{\"@context\":\"https:\/\/schema.org\",\"@graph\":[{\"@type\":\"Article\",\"@id\":\"https:\/\/conversesacatalunya.cat\/es\/delitos-barcelona\/#article\",\"isPartOf\":{\"@id\":\"https:\/\/conversesacatalunya.cat\/es\/delitos-barcelona\/\"},\"author\":{\"name\":\"conversesacatalunya\",\"@id\":\"https:\/\/conversesacatalunya.cat\/#\/schema\/person\/7e24d1e54a2785373ddcb275eae5ed99\"},\"headline\":\"Barcelona, \u00bfcriminal?\",\"datePublished\":\"2022-04-07T09:43:04+00:00\",\"dateModified\":\"2022-04-07T10:58:48+00:00\",\"mainEntityOfPage\":{\"@id\":\"https:\/\/conversesacatalunya.cat\/es\/delitos-barcelona\/\"},\"wordCount\":475,\"commentCount\":0,\"image\":{\"@id\":\"https:\/\/conversesacatalunya.cat\/es\/delitos-barcelona\/#primaryimage\"},\"thumbnailUrl\":\"https:\/\/conversesacatalunya.cat\/wp-content\/uploads\/2022\/04\/mossos.jpg\",\"keywords\":[\"inseguridad\"],\"articleSection\":[\"Expedient Barcelona (ES)\",\"Punts clau del dia (ES)\"],\"inLanguage\":\"es\",\"potentialAction\":[{\"@type\":\"CommentAction\",\"name\":\"Comment\",\"target\":[\"https:\/\/conversesacatalunya.cat\/es\/delitos-barcelona\/#respond\"]}]},{\"@type\":\"WebPage\",\"@id\":\"https:\/\/conversesacatalunya.cat\/es\/delitos-barcelona\/\",\"url\":\"https:\/\/conversesacatalunya.cat\/es\/delitos-barcelona\/\",\"name\":\"Barcelona, \u00bfcriminal? - Converses a Catalunya\",\"isPartOf\":{\"@id\":\"https:\/\/conversesacatalunya.cat\/#website\"},\"primaryImageOfPage\":{\"@id\":\"https:\/\/conversesacatalunya.cat\/es\/delitos-barcelona\/#primaryimage\"},\"image\":{\"@id\":\"https:\/\/conversesacatalunya.cat\/es\/delitos-barcelona\/#primaryimage\"},\"thumbnailUrl\":\"https:\/\/conversesacatalunya.cat\/wp-content\/uploads\/2022\/04\/mossos.jpg\",\"datePublished\":\"2022-04-07T09:43:04+00:00\",\"dateModified\":\"2022-04-07T10:58:48+00:00\",\"author\":{\"@id\":\"https:\/\/conversesacatalunya.cat\/#\/schema\/person\/7e24d1e54a2785373ddcb275eae5ed99\"},\"description\":\"En Barcelona se disparan las agresiones sexuales y los robos con fuerza e intimidaci\u00f3n\",\"breadcrumb\":{\"@id\":\"https:\/\/conversesacatalunya.cat\/es\/delitos-barcelona\/#breadcrumb\"},\"inLanguage\":\"es\",\"potentialAction\":[{\"@type\":\"ReadAction\",\"target\":[\"https:\/\/conversesacatalunya.cat\/es\/delitos-barcelona\/\"]}]},{\"@type\":\"ImageObject\",\"inLanguage\":\"es\",\"@id\":\"https:\/\/conversesacatalunya.cat\/es\/delitos-barcelona\/#primaryimage\",\"url\":\"https:\/\/conversesacatalunya.cat\/wp-content\/uploads\/2022\/04\/mossos.jpg\",\"contentUrl\":\"https:\/\/conversesacatalunya.cat\/wp-content\/uploads\/2022\/04\/mossos.jpg\",\"width\":1200,\"height\":675,\"caption\":\"delitos barcelona\"},{\"@type\":\"BreadcrumbList\",\"@id\":\"https:\/\/conversesacatalunya.cat\/es\/delitos-barcelona\/#breadcrumb\",\"itemListElement\":[{\"@type\":\"ListItem\",\"position\":1,\"name\":\"Inici\",\"item\":\"https:\/\/conversesacatalunya.cat\/es\/\"},{\"@type\":\"ListItem\",\"position\":2,\"name\":\"Barcelona, \u00bfcriminal?\"}]},{\"@type\":\"WebSite\",\"@id\":\"https:\/\/conversesacatalunya.cat\/#website\",\"url\":\"https:\/\/conversesacatalunya.cat\/\",\"name\":\"Converses a Catalunya\",\"description\":\"\",\"potentialAction\":[{\"@type\":\"SearchAction\",\"target\":{\"@type\":\"EntryPoint\",\"urlTemplate\":\"https:\/\/conversesacatalunya.cat\/?s={search_term_string}\"},\"query-input\":{\"@type\":\"PropertyValueSpecification\",\"valueRequired\":true,\"valueName\":\"search_term_string\"}}],\"inLanguage\":\"es\"},{\"@type\":\"Person\",\"@id\":\"https:\/\/conversesacatalunya.cat\/#\/schema\/person\/7e24d1e54a2785373ddcb275eae5ed99\",\"name\":\"conversesacatalunya\",\"image\":{\"@type\":\"ImageObject\",\"inLanguage\":\"es\",\"@id\":\"https:\/\/conversesacatalunya.cat\/#\/schema\/person\/image\/\",\"url\":\"https:\/\/conversesacatalunya.cat\/wp-content\/litespeed\/avatar\/febdfeeec89d950f01c748045a981dd2.jpg?ver=1777314535\",\"contentUrl\":\"https:\/\/conversesacatalunya.cat\/wp-content\/litespeed\/avatar\/febdfeeec89d950f01c748045a981dd2.jpg?ver=1777314535\",\"caption\":\"conversesacatalunya\"},\"url\":\"https:\/\/conversesacatalunya.cat\/es\/author\/carme_catala\/\"}]}<\/script>\n<!-- \/ Yoast SEO plugin. -->","yoast_head_json":{"title":"Barcelona, \u00bfcriminal? - Converses a Catalunya","description":"En Barcelona se disparan las agresiones sexuales y los robos con fuerza e intimidaci\u00f3n","robots":{"index":"index","follow":"follow","max-snippet":"max-snippet:-1","max-image-preview":"max-image-preview:large","max-video-preview":"max-video-preview:-1"},"canonical":"https:\/\/conversesacatalunya.cat\/es\/delitos-barcelona\/","og_locale":"es_ES","og_type":"article","og_title":"Barcelona, \u00bfcriminal? - Converses a Catalunya","og_description":"En Barcelona se disparan las agresiones sexuales y los robos con fuerza e intimidaci\u00f3n","og_url":"https:\/\/conversesacatalunya.cat\/es\/delitos-barcelona\/","og_site_name":"Converses a Catalunya","article_published_time":"2022-04-07T09:43:04+00:00","article_modified_time":"2022-04-07T10:58:48+00:00","og_image":[{"width":1200,"height":675,"url":"https:\/\/conversesacatalunya.cat\/wp-content\/uploads\/2022\/04\/mossos.jpg","type":"image\/jpeg"}],"author":"conversesacatalunya","twitter_card":"summary_large_image","twitter_misc":{"Escrito por":"conversesacatalunya","Tiempo de lectura":"3 minutos"},"schema":{"@context":"https:\/\/schema.org","@graph":[{"@type":"Article","@id":"https:\/\/conversesacatalunya.cat\/es\/delitos-barcelona\/#article","isPartOf":{"@id":"https:\/\/conversesacatalunya.cat\/es\/delitos-barcelona\/"},"author":{"name":"conversesacatalunya","@id":"https:\/\/conversesacatalunya.cat\/#\/schema\/person\/7e24d1e54a2785373ddcb275eae5ed99"},"headline":"Barcelona, \u00bfcriminal?","datePublished":"2022-04-07T09:43:04+00:00","dateModified":"2022-04-07T10:58:48+00:00","mainEntityOfPage":{"@id":"https:\/\/conversesacatalunya.cat\/es\/delitos-barcelona\/"},"wordCount":475,"commentCount":0,"image":{"@id":"https:\/\/conversesacatalunya.cat\/es\/delitos-barcelona\/#primaryimage"},"thumbnailUrl":"https:\/\/conversesacatalunya.cat\/wp-content\/uploads\/2022\/04\/mossos.jpg","keywords":["inseguridad"],"articleSection":["Expedient Barcelona (ES)","Punts clau del dia (ES)"],"inLanguage":"es","potentialAction":[{"@type":"CommentAction","name":"Comment","target":["https:\/\/conversesacatalunya.cat\/es\/delitos-barcelona\/#respond"]}]},{"@type":"WebPage","@id":"https:\/\/conversesacatalunya.cat\/es\/delitos-barcelona\/","url":"https:\/\/conversesacatalunya.cat\/es\/delitos-barcelona\/","name":"Barcelona, \u00bfcriminal? - Converses a Catalunya","isPartOf":{"@id":"https:\/\/conversesacatalunya.cat\/#website"},"primaryImageOfPage":{"@id":"https:\/\/conversesacatalunya.cat\/es\/delitos-barcelona\/#primaryimage"},"image":{"@id":"https:\/\/conversesacatalunya.cat\/es\/delitos-barcelona\/#primaryimage"},"thumbnailUrl":"https:\/\/conversesacatalunya.cat\/wp-content\/uploads\/2022\/04\/mossos.jpg","datePublished":"2022-04-07T09:43:04+00:00","dateModified":"2022-04-07T10:58:48+00:00","author":{"@id":"https:\/\/conversesacatalunya.cat\/#\/schema\/person\/7e24d1e54a2785373ddcb275eae5ed99"},"description":"En Barcelona se disparan las agresiones sexuales y los robos con fuerza e intimidaci\u00f3n","breadcrumb":{"@id":"https:\/\/conversesacatalunya.cat\/es\/delitos-barcelona\/#breadcrumb"},"inLanguage":"es","potentialAction":[{"@type":"ReadAction","target":["https:\/\/conversesacatalunya.cat\/es\/delitos-barcelona\/"]}]},{"@type":"ImageObject","inLanguage":"es","@id":"https:\/\/conversesacatalunya.cat\/es\/delitos-barcelona\/#primaryimage","url":"https:\/\/conversesacatalunya.cat\/wp-content\/uploads\/2022\/04\/mossos.jpg","contentUrl":"https:\/\/conversesacatalunya.cat\/wp-content\/uploads\/2022\/04\/mossos.jpg","width":1200,"height":675,"caption":"delitos barcelona"},{"@type":"BreadcrumbList","@id":"https:\/\/conversesacatalunya.cat\/es\/delitos-barcelona\/#breadcrumb","itemListElement":[{"@type":"ListItem","position":1,"name":"Inici","item":"https:\/\/conversesacatalunya.cat\/es\/"},{"@type":"ListItem","position":2,"name":"Barcelona, \u00bfcriminal?"}]},{"@type":"WebSite","@id":"https:\/\/conversesacatalunya.cat\/#website","url":"https:\/\/conversesacatalunya.cat\/","name":"Converses a Catalunya","description":"","potentialAction":[{"@type":"SearchAction","target":{"@type":"EntryPoint","urlTemplate":"https:\/\/conversesacatalunya.cat\/?s={search_term_string}"},"query-input":{"@type":"PropertyValueSpecification","valueRequired":true,"valueName":"search_term_string"}}],"inLanguage":"es"},{"@type":"Person","@id":"https:\/\/conversesacatalunya.cat\/#\/schema\/person\/7e24d1e54a2785373ddcb275eae5ed99","name":"conversesacatalunya","image":{"@type":"ImageObject","inLanguage":"es","@id":"https:\/\/conversesacatalunya.cat\/#\/schema\/person\/image\/","url":"https:\/\/conversesacatalunya.cat\/wp-content\/litespeed\/avatar\/febdfeeec89d950f01c748045a981dd2.jpg?ver=1777314535","contentUrl":"https:\/\/conversesacatalunya.cat\/wp-content\/litespeed\/avatar\/febdfeeec89d950f01c748045a981dd2.jpg?ver=1777314535","caption":"conversesacatalunya"},"url":"https:\/\/conversesacatalunya.cat\/es\/author\/carme_catala\/"}]}},"wps_subtitle":"En Barcelona se disparan las agresiones sexuales y los robos con fuerza e intimidaci\u00f3n","_links":{"self":[{"href":"https:\/\/conversesacatalunya.cat\/es\/wp-json\/wp\/v2\/posts\/56571","targetHints":{"allow":["GET"]}}],"collection":[{"href":"https:\/\/conversesacatalunya.cat\/es\/wp-json\/wp\/v2\/posts"}],"about":[{"href":"https:\/\/conversesacatalunya.cat\/es\/wp-json\/wp\/v2\/types\/post"}],"author":[{"embeddable":true,"href":"https:\/\/conversesacatalunya.cat\/es\/wp-json\/wp\/v2\/users\/2"}],"replies":[{"embeddable":true,"href":"https:\/\/conversesacatalunya.cat\/es\/wp-json\/wp\/v2\/comments?post=56571"}],"version-history":[{"count":5,"href":"https:\/\/conversesacatalunya.cat\/es\/wp-json\/wp\/v2\/posts\/56571\/revisions"}],"predecessor-version":[{"id":56593,"href":"https:\/\/conversesacatalunya.cat\/es\/wp-json\/wp\/v2\/posts\/56571\/revisions\/56593"}],"wp:featuredmedia":[{"embeddable":true,"href":"https:\/\/conversesacatalunya.cat\/es\/wp-json\/wp\/v2\/media\/56577"}],"wp:attachment":[{"href":"https:\/\/conversesacatalunya.cat\/es\/wp-json\/wp\/v2\/media?parent=56571"}],"wp:term":[{"taxonomy":"category","embeddable":true,"href":"https:\/\/conversesacatalunya.cat\/es\/wp-json\/wp\/v2\/categories?post=56571"},{"taxonomy":"post_tag","embeddable":true,"href":"https:\/\/conversesacatalunya.cat\/es\/wp-json\/wp\/v2\/tags?post=56571"}],"curies":[{"name":"wp","href":"https:\/\/api.w.org\/{rel}","templated":true}]}}