{"id":56480,"date":"2022-04-05T11:00:41","date_gmt":"2022-04-05T09:00:41","guid":{"rendered":"https:\/\/conversesacatalunya.cat\/?p=56480"},"modified":"2022-04-05T11:06:34","modified_gmt":"2022-04-05T09:06:34","slug":"gobierno-aleman-invasion-rusa","status":"publish","type":"post","link":"https:\/\/conversesacatalunya.cat\/es\/gobierno-aleman-invasion-rusa\/","title":{"rendered":"Decisiones conflictivas del gobierno alem\u00e1n ante la invasi\u00f3n rusa"},"content":{"rendered":"<p>En primer lugar, el paso dado por el actual gobierno alem\u00e1n para<strong> \u00abremilitarizar\u00bb<\/strong> la pol\u00edtica exterior alemana no es en absoluto una sorpresa. Existe en Alemania desde hace m\u00e1s de dos d\u00e9cadas una intensa y a veces agria discusi\u00f3n sobre el papel militar que deber\u00eda desempe\u00f1ar el pa\u00eds en el \u00e1mbito internacional. A favor de una militarizaci\u00f3n se ha arg\u00fcido que <strong>Alemania es un gigante por su econom\u00eda y un enano por su pol\u00edtica exterior<\/strong> y que un mayor poder\u00edo militar cambiar\u00eda esta situaci\u00f3n (en este contexto se sit\u00faa la aspiraci\u00f3n alemana a tener un puesto permanente con derecho a veto en el Consejo de Seguridad de las Naciones Unidas). El primer paso en este sentido se dio hace m\u00e1s de 20 a\u00f1os, con el env\u00edo de tropas al Afganist\u00e1n, porque \u00abla seguridad de Alemania se defiende en el Hindu Kush\u00bb, como afirmaba el gobierno de Schr\u00f6der y Fischer en aquel tiempo.<\/p>\n<blockquote><p><strong>la militarizaci\u00f3n de la pol\u00edtica alemana no representa un mayor poder\u00edo de la Uni\u00f3n Europea, sino todo lo contrario<\/strong><\/p><\/blockquote>\n<p>En segundo lugar,<strong> la militarizaci\u00f3n de la pol\u00edtica alemana no representa un mayor poder\u00edo de la Uni\u00f3n Europea, sino todo lo contrario<\/strong>. En el conflicto de Ucrania Europa est\u00e1 actuando contra sus propios intereses y <strong>siguiendo las instrucciones de Washington<\/strong>, igual que en el mentado caso del Afganist\u00e1n y en la ampliaci\u00f3n de la OTAN hacia el este. La pol\u00edtica exterior alemana, que se hab\u00eda emancipado algo de la estadounidense durante el mandato de Donald Trump, vuelve a su posici\u00f3n tradicional: la subordinaci\u00f3n a Washington. Incluso la militarizaci\u00f3n y las grandes inversiones en las fuerzas armadas anunciadas por el canciller Scholz responden a la presi\u00f3n estadounidense de <strong>rearme en Europa para aliviar a los EE.UU.<\/strong>, que desean concentrar su fuerza militar en el extremo oriente frente a la China. A medio plazo, para los EE.UU. el centro de gravedad se desplaza al Pac\u00edfico y Europa se convierte en un teatro secundario del que deben ocuparse los europeos, pero eso s\u00ed, dentro de una OTAN acaudillada por Washington.<\/p>\n<p>En tercer lugar, si algo hay que se ignore en Alemania, en toda la Uni\u00f3n Europea y en los EE.UU. es <strong>la geopol\u00edtica m\u00e1s elemental<\/strong>. Ejemplos claros y recientes son la guerra del Afganist\u00e1n, la expansi\u00f3n de la OTAN hacia el este (m\u00e1s habr\u00eda valido escuchar a <a href=\"https:\/\/www.infobae.com\/america\/wapo\/2022\/02\/25\/como-termina-la-crisis-ucraniana\/\" target=\"_blank\" rel=\"noopener\">Henry Kissinger<\/a> y\u00a0la delirante enemistad con la vecina Rusia. Desde un punto de vista geopol\u00edtico es dif\u00edcil cometer m\u00e1s errores.<\/p>\n<p><strong>El cierre del gasoducto Nord Stream 2<\/strong> es otro ejemplo patente de desastre geopol\u00edtico y de subordinaci\u00f3n a Washington. El proyecto cost\u00f3 11.000.000.000 de euros y est\u00e1 ya terminado, pero no entrar\u00e1 en funcionamiento. Ya hay empresas, como BASF, que consideran pedir indemnizaciones al estado alem\u00e1n. <strong>El fin del gasoducto era proporcionar gas directamente desde Rusia a Alemania a bajo coste y sin interferencias de pa\u00edses ajenos a la Uni\u00f3n Europea<\/strong>, como es el caso de los gasoductos que pasan por Ucrania, pa\u00eds que por ejemplo en 2009 bloque\u00f3 el suministro a Europa.<\/p>\n<p>Los EE.UU. se opusieron desde el principio a Nord Stream 2. La guerra en Ucrania ha sido el pretexto para forzar la cancelaci\u00f3n del proyecto. En su lugar, el<strong> gobierno alem\u00e1n comprar\u00e1 gas a Katar y muy probablemente a los EE.UU<\/strong>. Este gas licuado deber\u00e1 ser transportado en barcos a precio alt\u00edsimo, con riesgos de seguridad notables y con alto coste medioambiental. En comparaci\u00f3n con Nord Stream 2 las importaciones de Katar son, desde el punto de vista geopol\u00edtico,<strong> un disparate inmenso<\/strong>.<\/p>\n<p><strong>Los barcos que transporten el gas<\/strong> deber\u00e1n pasar primero por el estrecho de Ormuz, zona de conflicto \u00abcaliente\u00bb, vulnerable a un ataque iran\u00ed y cuya apertura al tr\u00e1fico depende del poder naval estadounidense. Luego deben atravesar el estrecho de Bab el Mandeb: en una orilla est\u00e1 el Yemen, en guerra, en la otra Yibuti, miniestado emparedado entre Eritrea y Somalia, pa\u00edses en guerra cr\u00f3nica. En Yibuti, para mantener la seguridad del estrecho frente a los piratas y los conflictos locales, poseen bases militares Francia, Italia, los EE.UU., la China, Alemania y el Jap\u00f3n, y pronto tambi\u00e9n la Arabia Saud\u00ed. Unos miles de kil\u00f3metros m\u00e1s al norte las naves deber\u00e1n cruzar el canal de Suez, a menos de 200 km. de la franja de Gaza. Tras navegar frente a las costas libias, entre otras, alcanzar\u00e1n Gibraltar y saldr\u00e1n a las aguas atl\u00e1nticas, menos conflictivas pero mucho m\u00e1s movidas, para llegar a alg\u00fan puerto del Mar del Norte como Bremen o Hamburgo.<\/p>\n<h4><strong>En enero pasado el jefe de la armada alemana, vicealmirante Sch\u00f6nbach, hizo unas declaraciones en las que afirmaba:<\/strong><\/h4>\n<p>1. Que se deber\u00eda reconocer el hecho de que Crimea no volver\u00e1 a ser parte de Ucrania.<br \/>\n2. Que este pa\u00eds no cumple los requisitos para entrar en la OTAN.<br \/>\n3. Que para hacer frente a la China, Europa necesita a Rusia y que \u00e9l personalmente, como cat\u00f3lico, se inclina por una alianza con un pa\u00eds cristiano como Rusia.<\/p>\n<p><strong>Desde el punto de vista geopol\u00edtico, que incluye tambi\u00e9n factores hist\u00f3ricos, culturales y econ\u00f3micos, su reflexi\u00f3n era del todo correcta. Pero le cost\u00f3 el puesto.<\/strong><\/p>\n<blockquote><p><strong>M\u00e1s que de una vuelta a la geopol\u00edtica, habr\u00eda que hablar de un analfabetismo geopol\u00edtico que no cesa.<\/strong><\/p><\/blockquote>\n<p>M\u00e1s que de una vuelta a la<a href=\"https:\/\/conversesacatalunya.cat\/es\/invasion-rusa-provoca-un-zeitwende-alemania\/\" target=\"_blank\" rel=\"noopener\"> geopol\u00edtica<\/a>, habr\u00eda que hablar de un analfabetismo geopol\u00edtico que no cesa. En vista de su actuaci\u00f3n y de lo que revelan sus declaraciones, es muy dif\u00edcil imaginar que la ministra de asuntos exteriores, Sra. Baerbock (que por conocimientos y aptitudes parece haber ganado su puesto en alguna rifa), haya o\u00eddo alguna vez hablar de Haushofer\u2026<\/p>\n<p><strong>De ning\u00fan modo conviene dejarse enga\u00f1ar por los discursos para la galer\u00eda y el teatro parlamentario, por rimbombantes que sean.<\/strong><\/p>\n<span class='bctt-click-to-tweet'><span class='bctt-ctt-text'><a href='https:\/\/twitter.com\/intent\/tweet?url=https%3A%2F%2Fconversesacatalunya.cat%2Fes%2Fgobierno-aleman-invasion-rusa%2F&#038;text=Para%20EE.UU.%20el%20centro%20de%20gravedad%20se%20desplaza%20al%20Pac%C3%ADfico%20y%20Europa%20se%20convierte%20en%20un%20teatro%20secundario%20del%20que%20deben%20ocuparse%20los%20europeos%2C%20pero%20eso%20s%C3%AD%2C%20dentro%20de%20una%20OTAN%20acaudillada%20por%20Washington&#038;via=conversesacat&#038;related=conversesacat' target='_blank'rel=\"noopener noreferrer\">Para EE.UU. el centro de gravedad se desplaza al Pac\u00edfico y Europa se convierte en un teatro secundario del que deben ocuparse los europeos, pero eso s\u00ed, dentro de una OTAN acaudillada por Washington <\/a><\/span><a href='https:\/\/twitter.com\/intent\/tweet?url=https%3A%2F%2Fconversesacatalunya.cat%2Fes%2Fgobierno-aleman-invasion-rusa%2F&#038;text=Para%20EE.UU.%20el%20centro%20de%20gravedad%20se%20desplaza%20al%20Pac%C3%ADfico%20y%20Europa%20se%20convierte%20en%20un%20teatro%20secundario%20del%20que%20deben%20ocuparse%20los%20europeos%2C%20pero%20eso%20s%C3%AD%2C%20dentro%20de%20una%20OTAN%20acaudillada%20por%20Washington&#038;via=conversesacat&#038;related=conversesacat' target='_blank' class='bctt-ctt-btn'rel=\"noopener noreferrer\">Compartir en X<\/a><\/span>\n","protected":false},"excerpt":{"rendered":"<p>En primer lugar, el paso dado por el actual gobierno alem\u00e1n para \u00abremilitarizar\u00bb la pol\u00edtica exterior alemana no es en absoluto una sorpresa. Existe en Alemania desde hace m\u00e1s de dos d\u00e9cadas una intensa y a veces agria discusi\u00f3n sobre el papel militar que deber\u00eda desempe\u00f1ar el pa\u00eds en el \u00e1mbito internacional. A favor de una militarizaci\u00f3n se ha arg\u00fcido que Alemania es un gigante por su econom\u00eda y un enano por su pol\u00edtica exterior y que un mayor poder\u00edo militar cambiar\u00eda esta situaci\u00f3n (en este contexto se sit\u00faa la aspiraci\u00f3n alemana a tener un puesto permanente con derecho a veto en el Consejo de Seguridad de las Naciones Unidas). El primer paso en este sentido se dio hace m\u00e1s de 20 a\u00f1os, con el env\u00edo de tropas al Afganist\u00e1n, porque \u00abla seguridad de Alemania se defiende en el Hindu Kush\u00bb, como afirmaba el gobierno de Schr\u00f6der y Fischer en aquel tiempo. la militarizaci\u00f3n de la pol\u00edtica alemana no representa un mayor poder\u00edo de la Uni\u00f3n Europea, sino todo lo contrario En segundo lugar, la militarizaci\u00f3n de la pol\u00edtica alemana no representa un mayor poder\u00edo de la Uni\u00f3n Europea, sino todo lo contrario. En el conflicto de Ucrania Europa est\u00e1 actuando contra sus propios intereses y siguiendo las instrucciones de Washington, igual que en el mentado caso del Afganist\u00e1n y en la ampliaci\u00f3n de la OTAN hacia el este. La pol\u00edtica exterior alemana, que se hab\u00eda emancipado algo de la estadounidense durante el mandato de Donald Trump, vuelve a su posici\u00f3n tradicional: la subordinaci\u00f3n a Washington. Incluso la militarizaci\u00f3n y las grandes inversiones en las fuerzas armadas anunciadas por el canciller Scholz responden a la presi\u00f3n estadounidense de rearme en Europa para aliviar a los EE.UU., que desean concentrar su fuerza militar en el extremo oriente frente a la China. A medio plazo, para los EE.UU. el centro de gravedad se desplaza al Pac\u00edfico y Europa se convierte en un teatro secundario del que deben ocuparse los europeos, pero eso s\u00ed, dentro de una OTAN acaudillada por Washington. En tercer lugar, si algo hay que se ignore en Alemania, en toda la Uni\u00f3n Europea y en los EE.UU. es la geopol\u00edtica m\u00e1s elemental. Ejemplos claros y recientes son la guerra del Afganist\u00e1n, la expansi\u00f3n de la OTAN hacia el este (m\u00e1s habr\u00eda valido escuchar a Henry Kissinger y\u00a0la delirante enemistad con la vecina Rusia. Desde un punto de vista geopol\u00edtico es dif\u00edcil cometer m\u00e1s errores. El cierre del gasoducto Nord Stream 2 es otro ejemplo patente de desastre geopol\u00edtico y de subordinaci\u00f3n a Washington. El proyecto cost\u00f3 11.000.000.000 de euros y est\u00e1 ya terminado, pero no entrar\u00e1 en funcionamiento. Ya hay empresas, como BASF, que consideran pedir indemnizaciones al estado alem\u00e1n. El fin del gasoducto era proporcionar gas directamente desde Rusia a Alemania a bajo coste y sin interferencias de pa\u00edses ajenos a la Uni\u00f3n Europea, como es el caso de los gasoductos que pasan por Ucrania, pa\u00eds que por ejemplo en 2009 bloque\u00f3 el suministro a Europa. Los EE.UU. se opusieron desde el principio a Nord Stream 2. La guerra en Ucrania ha sido el pretexto para forzar la cancelaci\u00f3n del proyecto. En su lugar, el gobierno alem\u00e1n comprar\u00e1 gas a Katar y muy probablemente a los EE.UU. Este gas licuado deber\u00e1 ser transportado en barcos a precio alt\u00edsimo, con riesgos de seguridad notables y con alto coste medioambiental. En comparaci\u00f3n con Nord Stream 2 las importaciones de Katar son, desde el punto de vista geopol\u00edtico, un disparate inmenso. Los barcos que transporten el gas deber\u00e1n pasar primero por el estrecho de Ormuz, zona de conflicto \u00abcaliente\u00bb, vulnerable a un ataque iran\u00ed y cuya apertura al tr\u00e1fico depende del poder naval estadounidense. Luego deben atravesar el estrecho de Bab el Mandeb: en una orilla est\u00e1 el Yemen, en guerra, en la otra Yibuti, miniestado emparedado entre Eritrea y Somalia, pa\u00edses en guerra cr\u00f3nica. En Yibuti, para mantener la seguridad del estrecho frente a los piratas y los conflictos locales, poseen bases militares Francia, Italia, los EE.UU., la China, Alemania y el Jap\u00f3n, y pronto tambi\u00e9n la Arabia Saud\u00ed. Unos miles de kil\u00f3metros m\u00e1s al norte las naves deber\u00e1n cruzar el canal de Suez, a menos de 200 km. de la franja de Gaza. Tras navegar frente a las costas libias, entre otras, alcanzar\u00e1n Gibraltar y saldr\u00e1n a las aguas atl\u00e1nticas, menos conflictivas pero mucho m\u00e1s movidas, para llegar a alg\u00fan puerto del Mar del Norte como Bremen o Hamburgo. En enero pasado el jefe de la armada alemana, vicealmirante Sch\u00f6nbach, hizo unas declaraciones en las que afirmaba: 1. Que se deber\u00eda reconocer el hecho de que Crimea no volver\u00e1 a ser parte de Ucrania. 2. Que este pa\u00eds no cumple los requisitos para entrar en la OTAN. 3. Que para hacer frente a la China, Europa necesita a Rusia y que \u00e9l personalmente, como cat\u00f3lico, se inclina por una alianza con un pa\u00eds cristiano como Rusia. Desde el punto de vista geopol\u00edtico, que incluye tambi\u00e9n factores hist\u00f3ricos, culturales y econ\u00f3micos, su reflexi\u00f3n era del todo correcta. Pero le cost\u00f3 el puesto. M\u00e1s que de una vuelta a la geopol\u00edtica, habr\u00eda que hablar de un analfabetismo geopol\u00edtico que no cesa. M\u00e1s que de una vuelta a la geopol\u00edtica, habr\u00eda que hablar de un analfabetismo geopol\u00edtico que no cesa. En vista de su actuaci\u00f3n y de lo que revelan sus declaraciones, es muy dif\u00edcil imaginar que la ministra de asuntos exteriores, Sra. Baerbock (que por conocimientos y aptitudes parece haber ganado su puesto en alguna rifa), haya o\u00eddo alguna vez hablar de Haushofer\u2026 De ning\u00fan modo conviene dejarse enga\u00f1ar por los discursos para la galer\u00eda y el teatro parlamentario, por rimbombantes que sean.<\/p>\n","protected":false},"author":73,"featured_media":56484,"comment_status":"open","ping_status":"open","sticky":false,"template":"","format":"standard","meta":{"_FSMCFIC_featured_image_caption":"","_FSMCFIC_featured_image_nocaption":"","_FSMCFIC_featured_image_hide":"","footnotes":""},"categories":[806],"tags":[1587,4395,4597,4598,4282,4599,1334],"class_list":["post-56480","post","type-post","status-publish","format-standard","has-post-thumbnail","hentry","category-punts-claus-del-dia-es","tag-alemania","tag-geopolitica-es","tag-gobierno-aleman","tag-nord-stream-2","tag-olaf-scholz","tag-schroder","tag-union-europea"],"yoast_head":"<!-- This site is optimized with the Yoast SEO plugin v26.8 - https:\/\/yoast.com\/product\/yoast-seo-wordpress\/ -->\n<title>Decisiones conflictivas del gobierno alem\u00e1n ante la invasi\u00f3n rusa - Converses a Catalunya<\/title>\n<meta name=\"description\" content=\"el paso dado por el actual gobierno alem\u00e1n para \u00abremilitarizar\u00bb la pol\u00edtica exterior alemana no es en absoluto una sorpresa. Existe\" \/>\n<meta name=\"robots\" content=\"index, follow, max-snippet:-1, max-image-preview:large, max-video-preview:-1\" \/>\n<link rel=\"canonical\" href=\"https:\/\/conversesacatalunya.cat\/es\/gobierno-aleman-invasion-rusa\/\" \/>\n<meta property=\"og:locale\" content=\"es_ES\" \/>\n<meta property=\"og:type\" content=\"article\" \/>\n<meta property=\"og:title\" content=\"Decisiones conflictivas del gobierno alem\u00e1n ante la invasi\u00f3n rusa - Converses a Catalunya\" \/>\n<meta property=\"og:description\" content=\"el paso dado por el actual gobierno alem\u00e1n para \u00abremilitarizar\u00bb la pol\u00edtica exterior alemana no es en absoluto una sorpresa. Existe\" \/>\n<meta property=\"og:url\" content=\"https:\/\/conversesacatalunya.cat\/es\/gobierno-aleman-invasion-rusa\/\" \/>\n<meta property=\"og:site_name\" content=\"Converses a Catalunya\" \/>\n<meta property=\"article:published_time\" content=\"2022-04-05T09:00:41+00:00\" \/>\n<meta property=\"article:modified_time\" content=\"2022-04-05T09:06:34+00:00\" \/>\n<meta property=\"og:image\" content=\"https:\/\/conversesacatalunya.cat\/wp-content\/uploads\/2022\/04\/gobierno-aleman.jpg\" \/>\n\t<meta property=\"og:image:width\" content=\"640\" \/>\n\t<meta property=\"og:image:height\" content=\"480\" \/>\n\t<meta property=\"og:image:type\" content=\"image\/jpeg\" \/>\n<meta name=\"author\" content=\"J. Messerschmidt\" \/>\n<meta name=\"twitter:card\" content=\"summary_large_image\" \/>\n<meta name=\"twitter:label1\" content=\"Escrito por\" \/>\n\t<meta name=\"twitter:data1\" content=\"J. Messerschmidt\" \/>\n\t<meta name=\"twitter:label2\" content=\"Tiempo de lectura\" \/>\n\t<meta name=\"twitter:data2\" content=\"6 minutos\" \/>\n<script type=\"application\/ld+json\" class=\"yoast-schema-graph\">{\"@context\":\"https:\/\/schema.org\",\"@graph\":[{\"@type\":\"Article\",\"@id\":\"https:\/\/conversesacatalunya.cat\/es\/gobierno-aleman-invasion-rusa\/#article\",\"isPartOf\":{\"@id\":\"https:\/\/conversesacatalunya.cat\/es\/gobierno-aleman-invasion-rusa\/\"},\"author\":{\"name\":\"J. Messerschmidt\",\"@id\":\"https:\/\/conversesacatalunya.cat\/#\/schema\/person\/6700c80c4483b3a1123e5c3027a0359d\"},\"headline\":\"Decisiones conflictivas del gobierno alem\u00e1n ante la invasi\u00f3n rusa\",\"datePublished\":\"2022-04-05T09:00:41+00:00\",\"dateModified\":\"2022-04-05T09:06:34+00:00\",\"mainEntityOfPage\":{\"@id\":\"https:\/\/conversesacatalunya.cat\/es\/gobierno-aleman-invasion-rusa\/\"},\"wordCount\":1088,\"commentCount\":0,\"image\":{\"@id\":\"https:\/\/conversesacatalunya.cat\/es\/gobierno-aleman-invasion-rusa\/#primaryimage\"},\"thumbnailUrl\":\"https:\/\/conversesacatalunya.cat\/wp-content\/uploads\/2022\/04\/gobierno-aleman.jpg\",\"keywords\":[\"Alemania\",\"Geopol\u00edtica\",\"gobierno alem\u00e1n\",\"Nord Stream 2\",\"Olaf Scholz\",\"Schr\u00f6der\",\"Uni\u00f3n Europea\"],\"articleSection\":[\"Punts clau del dia (ES)\"],\"inLanguage\":\"es\",\"potentialAction\":[{\"@type\":\"CommentAction\",\"name\":\"Comment\",\"target\":[\"https:\/\/conversesacatalunya.cat\/es\/gobierno-aleman-invasion-rusa\/#respond\"]}]},{\"@type\":\"WebPage\",\"@id\":\"https:\/\/conversesacatalunya.cat\/es\/gobierno-aleman-invasion-rusa\/\",\"url\":\"https:\/\/conversesacatalunya.cat\/es\/gobierno-aleman-invasion-rusa\/\",\"name\":\"Decisiones conflictivas del gobierno alem\u00e1n ante la invasi\u00f3n rusa - Converses a Catalunya\",\"isPartOf\":{\"@id\":\"https:\/\/conversesacatalunya.cat\/#website\"},\"primaryImageOfPage\":{\"@id\":\"https:\/\/conversesacatalunya.cat\/es\/gobierno-aleman-invasion-rusa\/#primaryimage\"},\"image\":{\"@id\":\"https:\/\/conversesacatalunya.cat\/es\/gobierno-aleman-invasion-rusa\/#primaryimage\"},\"thumbnailUrl\":\"https:\/\/conversesacatalunya.cat\/wp-content\/uploads\/2022\/04\/gobierno-aleman.jpg\",\"datePublished\":\"2022-04-05T09:00:41+00:00\",\"dateModified\":\"2022-04-05T09:06:34+00:00\",\"author\":{\"@id\":\"https:\/\/conversesacatalunya.cat\/#\/schema\/person\/6700c80c4483b3a1123e5c3027a0359d\"},\"description\":\"el paso dado por el actual gobierno alem\u00e1n para \u00abremilitarizar\u00bb la pol\u00edtica exterior alemana no es en absoluto una sorpresa. Existe\",\"breadcrumb\":{\"@id\":\"https:\/\/conversesacatalunya.cat\/es\/gobierno-aleman-invasion-rusa\/#breadcrumb\"},\"inLanguage\":\"es\",\"potentialAction\":[{\"@type\":\"ReadAction\",\"target\":[\"https:\/\/conversesacatalunya.cat\/es\/gobierno-aleman-invasion-rusa\/\"]}]},{\"@type\":\"ImageObject\",\"inLanguage\":\"es\",\"@id\":\"https:\/\/conversesacatalunya.cat\/es\/gobierno-aleman-invasion-rusa\/#primaryimage\",\"url\":\"https:\/\/conversesacatalunya.cat\/wp-content\/uploads\/2022\/04\/gobierno-aleman.jpg\",\"contentUrl\":\"https:\/\/conversesacatalunya.cat\/wp-content\/uploads\/2022\/04\/gobierno-aleman.jpg\",\"width\":640,\"height\":480,\"caption\":\"gobierno alem\u00e1n\"},{\"@type\":\"BreadcrumbList\",\"@id\":\"https:\/\/conversesacatalunya.cat\/es\/gobierno-aleman-invasion-rusa\/#breadcrumb\",\"itemListElement\":[{\"@type\":\"ListItem\",\"position\":1,\"name\":\"Inici\",\"item\":\"https:\/\/conversesacatalunya.cat\/es\/\"},{\"@type\":\"ListItem\",\"position\":2,\"name\":\"Decisiones conflictivas del gobierno alem\u00e1n ante la invasi\u00f3n rusa\"}]},{\"@type\":\"WebSite\",\"@id\":\"https:\/\/conversesacatalunya.cat\/#website\",\"url\":\"https:\/\/conversesacatalunya.cat\/\",\"name\":\"Converses a Catalunya\",\"description\":\"\",\"potentialAction\":[{\"@type\":\"SearchAction\",\"target\":{\"@type\":\"EntryPoint\",\"urlTemplate\":\"https:\/\/conversesacatalunya.cat\/?s={search_term_string}\"},\"query-input\":{\"@type\":\"PropertyValueSpecification\",\"valueRequired\":true,\"valueName\":\"search_term_string\"}}],\"inLanguage\":\"es\"},{\"@type\":\"Person\",\"@id\":\"https:\/\/conversesacatalunya.cat\/#\/schema\/person\/6700c80c4483b3a1123e5c3027a0359d\",\"name\":\"J. Messerschmidt\",\"image\":{\"@type\":\"ImageObject\",\"inLanguage\":\"es\",\"@id\":\"https:\/\/conversesacatalunya.cat\/#\/schema\/person\/image\/\",\"url\":\"https:\/\/conversesacatalunya.cat\/wp-content\/litespeed\/avatar\/309e23d7abe921dd88810c7e5edd7a4c.jpg?ver=1777403135\",\"contentUrl\":\"https:\/\/conversesacatalunya.cat\/wp-content\/litespeed\/avatar\/309e23d7abe921dd88810c7e5edd7a4c.jpg?ver=1777403135\",\"caption\":\"J. Messerschmidt\"},\"url\":\"https:\/\/conversesacatalunya.cat\/es\/author\/juan-messerschmidt\/\"}]}<\/script>\n<!-- \/ Yoast SEO plugin. -->","yoast_head_json":{"title":"Decisiones conflictivas del gobierno alem\u00e1n ante la invasi\u00f3n rusa - Converses a Catalunya","description":"el paso dado por el actual gobierno alem\u00e1n para \u00abremilitarizar\u00bb la pol\u00edtica exterior alemana no es en absoluto una sorpresa. Existe","robots":{"index":"index","follow":"follow","max-snippet":"max-snippet:-1","max-image-preview":"max-image-preview:large","max-video-preview":"max-video-preview:-1"},"canonical":"https:\/\/conversesacatalunya.cat\/es\/gobierno-aleman-invasion-rusa\/","og_locale":"es_ES","og_type":"article","og_title":"Decisiones conflictivas del gobierno alem\u00e1n ante la invasi\u00f3n rusa - Converses a Catalunya","og_description":"el paso dado por el actual gobierno alem\u00e1n para \u00abremilitarizar\u00bb la pol\u00edtica exterior alemana no es en absoluto una sorpresa. Existe","og_url":"https:\/\/conversesacatalunya.cat\/es\/gobierno-aleman-invasion-rusa\/","og_site_name":"Converses a Catalunya","article_published_time":"2022-04-05T09:00:41+00:00","article_modified_time":"2022-04-05T09:06:34+00:00","og_image":[{"width":640,"height":480,"url":"https:\/\/conversesacatalunya.cat\/wp-content\/uploads\/2022\/04\/gobierno-aleman.jpg","type":"image\/jpeg"}],"author":"J. Messerschmidt","twitter_card":"summary_large_image","twitter_misc":{"Escrito por":"J. Messerschmidt","Tiempo de lectura":"6 minutos"},"schema":{"@context":"https:\/\/schema.org","@graph":[{"@type":"Article","@id":"https:\/\/conversesacatalunya.cat\/es\/gobierno-aleman-invasion-rusa\/#article","isPartOf":{"@id":"https:\/\/conversesacatalunya.cat\/es\/gobierno-aleman-invasion-rusa\/"},"author":{"name":"J. Messerschmidt","@id":"https:\/\/conversesacatalunya.cat\/#\/schema\/person\/6700c80c4483b3a1123e5c3027a0359d"},"headline":"Decisiones conflictivas del gobierno alem\u00e1n ante la invasi\u00f3n rusa","datePublished":"2022-04-05T09:00:41+00:00","dateModified":"2022-04-05T09:06:34+00:00","mainEntityOfPage":{"@id":"https:\/\/conversesacatalunya.cat\/es\/gobierno-aleman-invasion-rusa\/"},"wordCount":1088,"commentCount":0,"image":{"@id":"https:\/\/conversesacatalunya.cat\/es\/gobierno-aleman-invasion-rusa\/#primaryimage"},"thumbnailUrl":"https:\/\/conversesacatalunya.cat\/wp-content\/uploads\/2022\/04\/gobierno-aleman.jpg","keywords":["Alemania","Geopol\u00edtica","gobierno alem\u00e1n","Nord Stream 2","Olaf Scholz","Schr\u00f6der","Uni\u00f3n Europea"],"articleSection":["Punts clau del dia (ES)"],"inLanguage":"es","potentialAction":[{"@type":"CommentAction","name":"Comment","target":["https:\/\/conversesacatalunya.cat\/es\/gobierno-aleman-invasion-rusa\/#respond"]}]},{"@type":"WebPage","@id":"https:\/\/conversesacatalunya.cat\/es\/gobierno-aleman-invasion-rusa\/","url":"https:\/\/conversesacatalunya.cat\/es\/gobierno-aleman-invasion-rusa\/","name":"Decisiones conflictivas del gobierno alem\u00e1n ante la invasi\u00f3n rusa - Converses a Catalunya","isPartOf":{"@id":"https:\/\/conversesacatalunya.cat\/#website"},"primaryImageOfPage":{"@id":"https:\/\/conversesacatalunya.cat\/es\/gobierno-aleman-invasion-rusa\/#primaryimage"},"image":{"@id":"https:\/\/conversesacatalunya.cat\/es\/gobierno-aleman-invasion-rusa\/#primaryimage"},"thumbnailUrl":"https:\/\/conversesacatalunya.cat\/wp-content\/uploads\/2022\/04\/gobierno-aleman.jpg","datePublished":"2022-04-05T09:00:41+00:00","dateModified":"2022-04-05T09:06:34+00:00","author":{"@id":"https:\/\/conversesacatalunya.cat\/#\/schema\/person\/6700c80c4483b3a1123e5c3027a0359d"},"description":"el paso dado por el actual gobierno alem\u00e1n para \u00abremilitarizar\u00bb la pol\u00edtica exterior alemana no es en absoluto una sorpresa. Existe","breadcrumb":{"@id":"https:\/\/conversesacatalunya.cat\/es\/gobierno-aleman-invasion-rusa\/#breadcrumb"},"inLanguage":"es","potentialAction":[{"@type":"ReadAction","target":["https:\/\/conversesacatalunya.cat\/es\/gobierno-aleman-invasion-rusa\/"]}]},{"@type":"ImageObject","inLanguage":"es","@id":"https:\/\/conversesacatalunya.cat\/es\/gobierno-aleman-invasion-rusa\/#primaryimage","url":"https:\/\/conversesacatalunya.cat\/wp-content\/uploads\/2022\/04\/gobierno-aleman.jpg","contentUrl":"https:\/\/conversesacatalunya.cat\/wp-content\/uploads\/2022\/04\/gobierno-aleman.jpg","width":640,"height":480,"caption":"gobierno alem\u00e1n"},{"@type":"BreadcrumbList","@id":"https:\/\/conversesacatalunya.cat\/es\/gobierno-aleman-invasion-rusa\/#breadcrumb","itemListElement":[{"@type":"ListItem","position":1,"name":"Inici","item":"https:\/\/conversesacatalunya.cat\/es\/"},{"@type":"ListItem","position":2,"name":"Decisiones conflictivas del gobierno alem\u00e1n ante la invasi\u00f3n rusa"}]},{"@type":"WebSite","@id":"https:\/\/conversesacatalunya.cat\/#website","url":"https:\/\/conversesacatalunya.cat\/","name":"Converses a Catalunya","description":"","potentialAction":[{"@type":"SearchAction","target":{"@type":"EntryPoint","urlTemplate":"https:\/\/conversesacatalunya.cat\/?s={search_term_string}"},"query-input":{"@type":"PropertyValueSpecification","valueRequired":true,"valueName":"search_term_string"}}],"inLanguage":"es"},{"@type":"Person","@id":"https:\/\/conversesacatalunya.cat\/#\/schema\/person\/6700c80c4483b3a1123e5c3027a0359d","name":"J. Messerschmidt","image":{"@type":"ImageObject","inLanguage":"es","@id":"https:\/\/conversesacatalunya.cat\/#\/schema\/person\/image\/","url":"https:\/\/conversesacatalunya.cat\/wp-content\/litespeed\/avatar\/309e23d7abe921dd88810c7e5edd7a4c.jpg?ver=1777403135","contentUrl":"https:\/\/conversesacatalunya.cat\/wp-content\/litespeed\/avatar\/309e23d7abe921dd88810c7e5edd7a4c.jpg?ver=1777403135","caption":"J. Messerschmidt"},"url":"https:\/\/conversesacatalunya.cat\/es\/author\/juan-messerschmidt\/"}]}},"wps_subtitle":"La pol\u00edtica exterior alemana, que se hab\u00eda emancipado algo de la estadounidense durante el mandato de Donald Trump, vuelve a su posici\u00f3n tradicional: la subordinaci\u00f3n a Washington","_links":{"self":[{"href":"https:\/\/conversesacatalunya.cat\/es\/wp-json\/wp\/v2\/posts\/56480","targetHints":{"allow":["GET"]}}],"collection":[{"href":"https:\/\/conversesacatalunya.cat\/es\/wp-json\/wp\/v2\/posts"}],"about":[{"href":"https:\/\/conversesacatalunya.cat\/es\/wp-json\/wp\/v2\/types\/post"}],"author":[{"embeddable":true,"href":"https:\/\/conversesacatalunya.cat\/es\/wp-json\/wp\/v2\/users\/73"}],"replies":[{"embeddable":true,"href":"https:\/\/conversesacatalunya.cat\/es\/wp-json\/wp\/v2\/comments?post=56480"}],"version-history":[{"count":7,"href":"https:\/\/conversesacatalunya.cat\/es\/wp-json\/wp\/v2\/posts\/56480\/revisions"}],"predecessor-version":[{"id":56500,"href":"https:\/\/conversesacatalunya.cat\/es\/wp-json\/wp\/v2\/posts\/56480\/revisions\/56500"}],"wp:featuredmedia":[{"embeddable":true,"href":"https:\/\/conversesacatalunya.cat\/es\/wp-json\/wp\/v2\/media\/56484"}],"wp:attachment":[{"href":"https:\/\/conversesacatalunya.cat\/es\/wp-json\/wp\/v2\/media?parent=56480"}],"wp:term":[{"taxonomy":"category","embeddable":true,"href":"https:\/\/conversesacatalunya.cat\/es\/wp-json\/wp\/v2\/categories?post=56480"},{"taxonomy":"post_tag","embeddable":true,"href":"https:\/\/conversesacatalunya.cat\/es\/wp-json\/wp\/v2\/tags?post=56480"}],"curies":[{"name":"wp","href":"https:\/\/api.w.org\/{rel}","templated":true}]}}