{"id":56471,"date":"2022-04-04T12:52:47","date_gmt":"2022-04-04T10:52:47","guid":{"rendered":"https:\/\/conversesacatalunya.cat\/hongria-orban-torna-a-guanyar-el-governant-mes-longeu-deuropa\/"},"modified":"2022-04-04T15:16:15","modified_gmt":"2022-04-04T13:16:15","slug":"hungria-orban-vuelve-a-ganar-el-gobernante-mas-longevo-de-europa","status":"publish","type":"post","link":"https:\/\/conversesacatalunya.cat\/es\/hungria-orban-vuelve-a-ganar-el-gobernante-mas-longevo-de-europa\/","title":{"rendered":"Hungr\u00eda: Orban vuelve a ganar. El gobernante m\u00e1s longevo de Europa"},"content":{"rendered":"<p><span>Con s\u00f3lo 56 a\u00f1os, Viktor Orb\u00e1n revalida su triunfo que hace que se mantenga en el poder desde el 2010 de forma ininterrumpida.\u00a0Antes ya hab\u00eda sido primer ministro entre 1998 y 2002. Este hecho significa que es el \u00fanico gobernante que ha superado con \u00e9xito el desgaste de la gran recesi\u00f3n econ\u00f3mica que se inici\u00f3 en 2018, la crisis de la covid de 2020 y la actual guerra en Ucrania, un pa\u00eds fronterizo.<\/span><\/p>\n<p><span>Ha superado, adem\u00e1s, el hecho de ser el dirigente de la UE\u00a0<\/span><strong><span>mejor relacionado con Putin<\/span><\/strong><span>.\u00a0De hecho, la campa\u00f1a de la oposici\u00f3n se ha basado mucho en este punto, presentando en grandes carteles la fotograf\u00eda de Orban y Putin en uno de sus m\u00faltiples encuentros.<\/span><\/p>\n<p><span>Tambi\u00e9n es el \u00fanico gobernante de la UE que ha tenido que hacer frente a la uni\u00f3n de pr\u00e1cticamente toda la oposici\u00f3n que iba desde el centroizquierda hasta la extrema derecha de Jobbik, que ahora es calificada por los periodistas de centroderecha, b\u00e1sicamente por el hecho de ir contra el primer ministro h\u00fangaro.<\/span><\/p>\n<p><span><span class=\"\">Su victoria en este cuarto mandato ha sido adem\u00e1s\u00a0<\/span><\/span><strong><span><span class=\"\">arrolladora<\/span><\/span><\/strong><span><span class=\"\">.\u00a0<\/span>Ha obtenido una mayor\u00eda de 2\/3, junto a su aliado, el peque\u00f1o partido dem\u00f3crata cristiano.\u00a0Y esto en el marco de una participaci\u00f3n alta, cerca del 68%.\u00a0La oposici\u00f3n estaba formada por los partidos DK de centroizquierda, por el P\u00e1rbesz\u00e8d, el liberal ecologista, el liberal Momentum, el socialista MSCP, es decir, los herederos del antiguo partido comunista convertido en social dem\u00f3crata, y el mencionado Jobbik, y el partido verde LMP.\u00a0Esta gran alianza presentaba a un candidato \u00fanico en todas las circunscripciones.<\/span><\/p>\n<p><span>El actual sistema electoral h\u00fangaro es muy parecido al alem\u00e1n.\u00a0Parte de los diputados son elegidos por sufragio directo y mayoritario en circunscripciones nominales.\u00a0En total son 106 esca\u00f1os del total de 200. Los dem\u00e1s se distribuyen de acuerdo con el n\u00famero de votos conseguidos por cada lista presentada.\u00a0Por tanto, la coalici\u00f3n opositora se presentaba unida bajo un solo candidato y cada circunscripci\u00f3n.\u00a0A pesar de este hecho el Fidesz, el partido de Orb\u00e1n, ha obtenido 88 de los 106 esca\u00f1os de mandato directo, lo que da una idea de su\u00a0<\/span><strong><span>hegemon\u00eda pol\u00edtica<\/span><\/strong><span>.<\/span><\/p>\n<p><span>Tambi\u00e9n la oposici\u00f3n se hab\u00eda empleado en buscar una alternativa personal a la popularidad de Orban en la persona de P\u00e9ter M\u00e1rki-Zay, alcalde de una ciudad media desde 2018, si bien su mayor caracter\u00edstica es haber sido profesionalmente directivo de una multinacional muy relacionada con EE.UU. P\u00e9ter M\u00e1rki-Zay se presentaba como europe\u00edsta, moderadamente conservador, liberal y buscaba tambi\u00e9n el apoyo de los grupos LGBTI.\u00a0La victoria del Fidesz es a\u00fan m\u00e1s destacable si se consideran las continuas pol\u00e9micas que ha tenido con la Comisi\u00f3n Europea, que han llegado al extremo de bloquearle los fondos como un instrumento de presi\u00f3n.<\/span><\/p>\n<p><span>Los motivos de discrepancia seg\u00fan la CE son b\u00e1sicamente dos.\u00a0Uno, es la actuaci\u00f3n del gobierno en relaci\u00f3n con el poder judicial.\u00a0Se le acusa de haber colocado a fieles suyos en la Fiscal\u00eda del Tribunal Constitucional y de condicionar la Oficina Nacional del Poder Judicial que se encarga del nombramiento y supervisi\u00f3n de los jueces. El resultado, seg\u00fan los opositores, es que la \u00abindependencia de los jueces se ha resentido\u00bb.<\/span><\/p>\n<p><span>Pero, si se comparan estos hechos, por ejemplo, con lo que ocurre en Espa\u00f1a es f\u00e1cil deducir que no hay grandes diferencias.\u00a0La fiscal del estado pas\u00f3 directamente de ministra de S\u00e1nchez a ese puesto.\u00a0<span class=\"goog-text-highlight\">Los esc\u00e1ndalos con su gesti\u00f3n politizada se suceden y son denunciados por la mayor\u00eda de asociaciones de fiscales, mientras que el Consejo General del Poder Judicial est\u00e1 sometido a un escandaloso sistema de cuotas entre ambos partidos mayoritarios, PSOE y PP, lo que determina una enorme politizaci\u00f3n.<\/span><\/span><\/p>\n<p><span>Asimismo, el Constitucional tambi\u00e9n se rinde ante esta politizaci\u00f3n. El caso m\u00e1s espectacular es el del recurso de inconstitucional de la ley del aborto que lleva m\u00e1s de 11 a\u00f1os pendiente, y que pese a este hecho y haber sido denunciado a la justicia europea, no ser\u00e1 tratado hasta que a partir de junio vuelva a tener mayor\u00eda en la m\u00e1s alta instancia judicial el partido del gobierno.<\/span><\/p>\n<p><span><span class=\"\">Pero todos estos hechos no tienen relieve de cara a la opini\u00f3n de la CE en relaci\u00f3n con la\u00a0<\/span><\/span><strong><span><span class=\"\">independencia de la justicia espa\u00f1ola<\/span><\/span><\/strong><span><span class=\"\"> y s\u00ed son tan importantes como para bloquear los fondos de ayuda a Hungr\u00eda, incluso ahora que est\u00e1 soportando un gran peso de los refugiados de Ucrania.\u00a0<\/span>En el fondo y en la realidad la gran diferencia, y lo que separa a Espa\u00f1a de Hungr\u00eda, no es una mayor independencia del poder judicial, sino las pol\u00edticas LGBTI.<\/span><\/p>\n<p><span>Los gobiernos de Orban nunca han aceptado que estos colectivos tuvieran unos derechos especiales y espec\u00edficos exclusivos de su condici\u00f3n, mientras que en Espa\u00f1a la balanza se decanta por el extremo absolutamente contrario, hasta llegar al privilegio en muchas comunidades aut\u00f3nomas de que sus denuncias tienen valor casi probatorio por lo que es el denunciado quien debe demostrar su inocencia.<\/span><\/p>\n<p><span>Ahora mismo, y en el marco de las elecciones, se produc\u00eda un refer\u00e9ndum dirigido a poner a votaci\u00f3n si en la escuela deb\u00eda educarse en las pol\u00edticas de g\u00e9nero y en el reconocimiento de la homosexualidad, o bien, como defend\u00eda el gobierno h\u00fangaro, estas materias eran espec\u00edficas del derecho de los padres a la educaci\u00f3n moral de sus hijos. Una campa\u00f1a internacional LGBTI contra este refer\u00e9ndum se ha desatado en paralelo a las elecciones, pidiendo que boicotearan con votos nulos la consulta.\u00a0El resultado ha sido a\u00fan m\u00e1s impresionante que la victoria de Orban, porque la posici\u00f3n del gobierno ha logrado el 92% del apoyo de los h\u00fangaros.<\/span><\/p>\n<p><span>Pero, claro, para el ciudadano este hecho puede tener importancia, pero no es determinante.\u00a0Lo que da la victoria a Orban son sus <\/span><strong><span>fuertes pol\u00edticas a favor de la familia y de las clases medias<\/span><\/strong><span>.\u00a0Un ejemplo muy reciente nos lo muestra: ante la actual crisis y la p\u00e9rdida de poder adquisitivo, el gobierno h\u00fangaro ha devuelto la pr\u00e1ctica totalidad de los impuestos cobrados en 2021 a las familias con hijos y ha entregado una paga extra a los pensionistas.\u00a0Adem\u00e1s ha puesto l\u00edmite a los precios de los alimentos b\u00e1sicos y a la gasolina, y a la factura de los hogares con gasto energ\u00e9tico. Ha gastado 5.000 millones de euros para una poblaci\u00f3n de poco m\u00e1s de 8 millones de habitantes, por tanto, algo mayor que Catalunya.<\/span><\/p>\n<p><span>El equivalente para una poblaci\u00f3n como la espa\u00f1ola habr\u00eda sido un gasto de cerca de unos 27.000 millones de euros, alejad\u00edsima de la cifra que S\u00e1nchez dedica, descontando naturalmente el importe de los cr\u00e9ditos ICO.\u00a0Sin embargo, en un caso resulta que en Hungr\u00eda gobierna la extrema derecha y en el caso espa\u00f1ol un gobierno progresista.\u00a0<span class=\"goog-text-highlight\">Pero, a la hora de la verdad, lo que cuenta son las pol\u00edticas concretas y \u00e9stas demuestran que la gran mayor\u00eda de la poblaci\u00f3n es favorable a Orban, a pesar de lo que considera la CE. <\/span>En contrapartida en Espa\u00f1a el apoyo al gobierno de S\u00e1nchez continua reduci\u00e9ndose y la \u00faltima encuesta de El Pa\u00eds, un medio que en absoluto puede considerarse poco favorable al gobierno, le otorgaba s\u00f3lo el 25,5% de los votos y 105 esca\u00f1os, por 99 en el PP.<\/span><\/p>\n<p><span><span class=\"goog-text-highlight\">Pero es a\u00fan m\u00e1s espectacular el retroceso del socialismo franc\u00e9s, que si las encuestas no se equivocan, en las pr\u00f3ximas presidenciales se ver\u00e1 abocado a la extinci\u00f3n porque su candidata y alcaldesa de Par\u00eds, Carmen Hidalgo, no logra superar el 3% de los votos y, por tanto, se enfrenta adem\u00e1s a una crisis econ\u00f3mica porque no tendr\u00eda derecho a recuperar gran parte de sus gastos de campa\u00f1a.\u00a0<\/span>Si no cambia, el resultado se augura tan malo que le sit\u00faa incluso por debajo del partido comunista.<\/span><\/p>\n<p><span>La victoria de Orban y la proyecci\u00f3n que tienen sobre todo sus pol\u00edticas familiares y favorables a la clase media en buena parte de Europa, se\u00f1alan una respuesta que obtiene buenos resultados electorales en un momento en el que todos los partidos de gobierno europeos se mueven agitados por la crisis.<\/span><\/p>\n<div id=\"polls-145\" class=\"wp-polls\">\n\t<form id=\"polls_form_145\" class=\"wp-polls-form\" action=\"\/index.php\" method=\"post\">\n\t\t<p style=\"display: none;\"><input type=\"hidden\" id=\"poll_145_nonce\" name=\"wp-polls-nonce\" value=\"4ceeeb7827\" \/><\/p>\n\t\t<p style=\"display: none;\"><input type=\"hidden\" name=\"poll_id\" value=\"145\" \/><\/p>\n\t\t<p style=\"text-align: center\"><strong>Creus que les mesures que ha anunciat el govern espanyol seran suficients per pal\u00b7liar els estralls de la crisi?<\/strong><\/p><div id=\"polls-145-ans\" class=\"wp-polls-ans\"><ul class=\"wp-polls-ul\">\n\t\t<li><input type=\"radio\" id=\"poll-answer-373\" name=\"poll_145\" value=\"373\" \/> <label for=\"poll-answer-373\">S\u00ed<\/label><\/li>\n\t\t<li><input type=\"radio\" id=\"poll-answer-374\" name=\"poll_145\" value=\"374\" \/> <label for=\"poll-answer-374\">No<\/label><\/li>\n\t\t<li><input type=\"radio\" id=\"poll-answer-375\" name=\"poll_145\" value=\"375\" \/> <label for=\"poll-answer-375\">No ho s\u00e9<\/label><\/li>\n\t\t<\/ul><p style=\"text-align: center\"><input type=\"button\" name=\"vote\" value=\"   Vota   \" class=\"Buttons\" onclick=\"poll_vote(145);\" \/><\/p><p style=\"text-align: center\"><a href=\"#ViewPollResults\" onclick=\"poll_result(145); return false;\" title=\"View Results Of This Poll\">Mira els resultats<\/a><\/p><\/div>\n\t<\/form>\n<\/div>\n<div id=\"polls-145-loading\" class=\"wp-polls-loading\"><img decoding=\"async\" data-src=\"https:\/\/conversesacatalunya.cat\/wp-content\/plugins\/wp-polls\/images\/loading.gif\" width=\"16\" height=\"16\" alt=\"Cargando ...\" title=\"Cargando ...\" class=\"wp-polls-image lazyload\" src=\"data:image\/svg+xml;base64,PHN2ZyB3aWR0aD0iMSIgaGVpZ2h0PSIxIiB4bWxucz0iaHR0cDovL3d3dy53My5vcmcvMjAwMC9zdmciPjwvc3ZnPg==\" style=\"--smush-placeholder-width: 16px; --smush-placeholder-aspect-ratio: 16\/16;\" \/>&nbsp;Cargando ...<\/div>\n\n","protected":false},"excerpt":{"rendered":"<p>Con s\u00f3lo 56 a\u00f1os, Viktor Orb\u00e1n revalida su triunfo que hace que se mantenga en el poder desde el 2010 de forma ininterrumpida.\u00a0Antes ya hab\u00eda sido primer ministro entre 1998 y 2002. Este hecho significa que es el \u00fanico gobernante que ha superado con \u00e9xito el desgaste de la gran recesi\u00f3n econ\u00f3mica que se inici\u00f3 en 2018, la crisis de la covid de 2020 y la actual guerra en Ucrania, un pa\u00eds fronterizo. Ha superado, adem\u00e1s, el hecho de ser el dirigente de la UE\u00a0mejor relacionado con Putin.\u00a0De hecho, la campa\u00f1a de la oposici\u00f3n se ha basado mucho en este punto, presentando en grandes carteles la fotograf\u00eda de Orban y Putin en uno de sus m\u00faltiples encuentros. Tambi\u00e9n es el \u00fanico gobernante de la UE que ha tenido que hacer frente a la uni\u00f3n de pr\u00e1cticamente toda la oposici\u00f3n que iba desde el centroizquierda hasta la extrema derecha de Jobbik, que ahora es calificada por los periodistas de centroderecha, b\u00e1sicamente por el hecho de ir contra el primer ministro h\u00fangaro. Su victoria en este cuarto mandato ha sido adem\u00e1s\u00a0arrolladora.\u00a0Ha obtenido una mayor\u00eda de 2\/3, junto a su aliado, el peque\u00f1o partido dem\u00f3crata cristiano.\u00a0Y esto en el marco de una participaci\u00f3n alta, cerca del 68%.\u00a0La oposici\u00f3n estaba formada por los partidos DK de centroizquierda, por el P\u00e1rbesz\u00e8d, el liberal ecologista, el liberal Momentum, el socialista MSCP, es decir, los herederos del antiguo partido comunista convertido en social dem\u00f3crata, y el mencionado Jobbik, y el partido verde LMP.\u00a0Esta gran alianza presentaba a un candidato \u00fanico en todas las circunscripciones. El actual sistema electoral h\u00fangaro es muy parecido al alem\u00e1n.\u00a0Parte de los diputados son elegidos por sufragio directo y mayoritario en circunscripciones nominales.\u00a0En total son 106 esca\u00f1os del total de 200. Los dem\u00e1s se distribuyen de acuerdo con el n\u00famero de votos conseguidos por cada lista presentada.\u00a0Por tanto, la coalici\u00f3n opositora se presentaba unida bajo un solo candidato y cada circunscripci\u00f3n.\u00a0A pesar de este hecho el Fidesz, el partido de Orb\u00e1n, ha obtenido 88 de los 106 esca\u00f1os de mandato directo, lo que da una idea de su\u00a0hegemon\u00eda pol\u00edtica. Tambi\u00e9n la oposici\u00f3n se hab\u00eda empleado en buscar una alternativa personal a la popularidad de Orban en la persona de P\u00e9ter M\u00e1rki-Zay, alcalde de una ciudad media desde 2018, si bien su mayor caracter\u00edstica es haber sido profesionalmente directivo de una multinacional muy relacionada con EE.UU. P\u00e9ter M\u00e1rki-Zay se presentaba como europe\u00edsta, moderadamente conservador, liberal y buscaba tambi\u00e9n el apoyo de los grupos LGBTI.\u00a0La victoria del Fidesz es a\u00fan m\u00e1s destacable si se consideran las continuas pol\u00e9micas que ha tenido con la Comisi\u00f3n Europea, que han llegado al extremo de bloquearle los fondos como un instrumento de presi\u00f3n. Los motivos de discrepancia seg\u00fan la CE son b\u00e1sicamente dos.\u00a0Uno, es la actuaci\u00f3n del gobierno en relaci\u00f3n con el poder judicial.\u00a0Se le acusa de haber colocado a fieles suyos en la Fiscal\u00eda del Tribunal Constitucional y de condicionar la Oficina Nacional del Poder Judicial que se encarga del nombramiento y supervisi\u00f3n de los jueces. El resultado, seg\u00fan los opositores, es que la \u00abindependencia de los jueces se ha resentido\u00bb. Pero, si se comparan estos hechos, por ejemplo, con lo que ocurre en Espa\u00f1a es f\u00e1cil deducir que no hay grandes diferencias.\u00a0La fiscal del estado pas\u00f3 directamente de ministra de S\u00e1nchez a ese puesto.\u00a0Los esc\u00e1ndalos con su gesti\u00f3n politizada se suceden y son denunciados por la mayor\u00eda de asociaciones de fiscales, mientras que el Consejo General del Poder Judicial est\u00e1 sometido a un escandaloso sistema de cuotas entre ambos partidos mayoritarios, PSOE y PP, lo que determina una enorme politizaci\u00f3n. Asimismo, el Constitucional tambi\u00e9n se rinde ante esta politizaci\u00f3n. El caso m\u00e1s espectacular es el del recurso de inconstitucional de la ley del aborto que lleva m\u00e1s de 11 a\u00f1os pendiente, y que pese a este hecho y haber sido denunciado a la justicia europea, no ser\u00e1 tratado hasta que a partir de junio vuelva a tener mayor\u00eda en la m\u00e1s alta instancia judicial el partido del gobierno. Pero todos estos hechos no tienen relieve de cara a la opini\u00f3n de la CE en relaci\u00f3n con la\u00a0independencia de la justicia espa\u00f1ola y s\u00ed son tan importantes como para bloquear los fondos de ayuda a Hungr\u00eda, incluso ahora que est\u00e1 soportando un gran peso de los refugiados de Ucrania.\u00a0En el fondo y en la realidad la gran diferencia, y lo que separa a Espa\u00f1a de Hungr\u00eda, no es una mayor independencia del poder judicial, sino las pol\u00edticas LGBTI. Los gobiernos de Orban nunca han aceptado que estos colectivos tuvieran unos derechos especiales y espec\u00edficos exclusivos de su condici\u00f3n, mientras que en Espa\u00f1a la balanza se decanta por el extremo absolutamente contrario, hasta llegar al privilegio en muchas comunidades aut\u00f3nomas de que sus denuncias tienen valor casi probatorio por lo que es el denunciado quien debe demostrar su inocencia. Ahora mismo, y en el marco de las elecciones, se produc\u00eda un refer\u00e9ndum dirigido a poner a votaci\u00f3n si en la escuela deb\u00eda educarse en las pol\u00edticas de g\u00e9nero y en el reconocimiento de la homosexualidad, o bien, como defend\u00eda el gobierno h\u00fangaro, estas materias eran espec\u00edficas del derecho de los padres a la educaci\u00f3n moral de sus hijos. Una campa\u00f1a internacional LGBTI contra este refer\u00e9ndum se ha desatado en paralelo a las elecciones, pidiendo que boicotearan con votos nulos la consulta.\u00a0El resultado ha sido a\u00fan m\u00e1s impresionante que la victoria de Orban, porque la posici\u00f3n del gobierno ha logrado el 92% del apoyo de los h\u00fangaros. Pero, claro, para el ciudadano este hecho puede tener importancia, pero no es determinante.\u00a0Lo que da la victoria a Orban son sus fuertes pol\u00edticas a favor de la familia y de las clases medias.\u00a0Un ejemplo muy reciente nos lo muestra: ante la actual crisis y la p\u00e9rdida de poder adquisitivo, el gobierno h\u00fangaro ha devuelto la pr\u00e1ctica totalidad de los impuestos cobrados en 2021 a las familias con hijos y ha entregado una paga extra a los pensionistas.\u00a0Adem\u00e1s ha puesto l\u00edmite a los precios de los alimentos b\u00e1sicos y a la gasolina,&#8230;<\/p>\n","protected":false},"author":2,"featured_media":56468,"comment_status":"open","ping_status":"open","sticky":false,"template":"","format":"standard","meta":{"_FSMCFIC_featured_image_caption":"","_FSMCFIC_featured_image_nocaption":"","_FSMCFIC_featured_image_hide":"","footnotes":""},"categories":[806],"tags":[2966,3938,2602],"class_list":["post-56471","post","type-post","status-publish","format-standard","has-post-thumbnail","hentry","category-punts-claus-del-dia-es","tag-orban-es","tag-orban-es-2","tag-viktor-orban-es"],"yoast_head":"<!-- This site is optimized with the Yoast SEO plugin v26.8 - https:\/\/yoast.com\/product\/yoast-seo-wordpress\/ -->\n<title>Hungr\u00eda: Orban vuelve a ganar. El gobernante m\u00e1s longevo de Europa - Converses a Catalunya<\/title>\n<meta name=\"robots\" content=\"index, follow, max-snippet:-1, max-image-preview:large, max-video-preview:-1\" \/>\n<link rel=\"canonical\" href=\"https:\/\/conversesacatalunya.cat\/es\/hungria-orban-vuelve-a-ganar-el-gobernante-mas-longevo-de-europa\/\" \/>\n<meta property=\"og:locale\" content=\"es_ES\" \/>\n<meta property=\"og:type\" content=\"article\" \/>\n<meta property=\"og:title\" content=\"Hungr\u00eda: Orban vuelve a ganar. El gobernante m\u00e1s longevo de Europa - Converses a Catalunya\" \/>\n<meta property=\"og:description\" content=\"Con s\u00f3lo 56 a\u00f1os, Viktor Orb\u00e1n revalida su triunfo que hace que se mantenga en el poder desde el 2010 de forma ininterrumpida.\u00a0Antes ya hab\u00eda sido primer ministro entre 1998 y 2002. Este hecho significa que es el \u00fanico gobernante que ha superado con \u00e9xito el desgaste de la gran recesi\u00f3n econ\u00f3mica que se inici\u00f3 en 2018, la crisis de la covid de 2020 y la actual guerra en Ucrania, un pa\u00eds fronterizo. Ha superado, adem\u00e1s, el hecho de ser el dirigente de la UE\u00a0mejor relacionado con Putin.\u00a0De hecho, la campa\u00f1a de la oposici\u00f3n se ha basado mucho en este punto, presentando en grandes carteles la fotograf\u00eda de Orban y Putin en uno de sus m\u00faltiples encuentros. Tambi\u00e9n es el \u00fanico gobernante de la UE que ha tenido que hacer frente a la uni\u00f3n de pr\u00e1cticamente toda la oposici\u00f3n que iba desde el centroizquierda hasta la extrema derecha de Jobbik, que ahora es calificada por los periodistas de centroderecha, b\u00e1sicamente por el hecho de ir contra el primer ministro h\u00fangaro. Su victoria en este cuarto mandato ha sido adem\u00e1s\u00a0arrolladora.\u00a0Ha obtenido una mayor\u00eda de 2\/3, junto a su aliado, el peque\u00f1o partido dem\u00f3crata cristiano.\u00a0Y esto en el marco de una participaci\u00f3n alta, cerca del 68%.\u00a0La oposici\u00f3n estaba formada por los partidos DK de centroizquierda, por el P\u00e1rbesz\u00e8d, el liberal ecologista, el liberal Momentum, el socialista MSCP, es decir, los herederos del antiguo partido comunista convertido en social dem\u00f3crata, y el mencionado Jobbik, y el partido verde LMP.\u00a0Esta gran alianza presentaba a un candidato \u00fanico en todas las circunscripciones. El actual sistema electoral h\u00fangaro es muy parecido al alem\u00e1n.\u00a0Parte de los diputados son elegidos por sufragio directo y mayoritario en circunscripciones nominales.\u00a0En total son 106 esca\u00f1os del total de 200. Los dem\u00e1s se distribuyen de acuerdo con el n\u00famero de votos conseguidos por cada lista presentada.\u00a0Por tanto, la coalici\u00f3n opositora se presentaba unida bajo un solo candidato y cada circunscripci\u00f3n.\u00a0A pesar de este hecho el Fidesz, el partido de Orb\u00e1n, ha obtenido 88 de los 106 esca\u00f1os de mandato directo, lo que da una idea de su\u00a0hegemon\u00eda pol\u00edtica. Tambi\u00e9n la oposici\u00f3n se hab\u00eda empleado en buscar una alternativa personal a la popularidad de Orban en la persona de P\u00e9ter M\u00e1rki-Zay, alcalde de una ciudad media desde 2018, si bien su mayor caracter\u00edstica es haber sido profesionalmente directivo de una multinacional muy relacionada con EE.UU. P\u00e9ter M\u00e1rki-Zay se presentaba como europe\u00edsta, moderadamente conservador, liberal y buscaba tambi\u00e9n el apoyo de los grupos LGBTI.\u00a0La victoria del Fidesz es a\u00fan m\u00e1s destacable si se consideran las continuas pol\u00e9micas que ha tenido con la Comisi\u00f3n Europea, que han llegado al extremo de bloquearle los fondos como un instrumento de presi\u00f3n. Los motivos de discrepancia seg\u00fan la CE son b\u00e1sicamente dos.\u00a0Uno, es la actuaci\u00f3n del gobierno en relaci\u00f3n con el poder judicial.\u00a0Se le acusa de haber colocado a fieles suyos en la Fiscal\u00eda del Tribunal Constitucional y de condicionar la Oficina Nacional del Poder Judicial que se encarga del nombramiento y supervisi\u00f3n de los jueces. El resultado, seg\u00fan los opositores, es que la \u00abindependencia de los jueces se ha resentido\u00bb. Pero, si se comparan estos hechos, por ejemplo, con lo que ocurre en Espa\u00f1a es f\u00e1cil deducir que no hay grandes diferencias.\u00a0La fiscal del estado pas\u00f3 directamente de ministra de S\u00e1nchez a ese puesto.\u00a0Los esc\u00e1ndalos con su gesti\u00f3n politizada se suceden y son denunciados por la mayor\u00eda de asociaciones de fiscales, mientras que el Consejo General del Poder Judicial est\u00e1 sometido a un escandaloso sistema de cuotas entre ambos partidos mayoritarios, PSOE y PP, lo que determina una enorme politizaci\u00f3n. Asimismo, el Constitucional tambi\u00e9n se rinde ante esta politizaci\u00f3n. El caso m\u00e1s espectacular es el del recurso de inconstitucional de la ley del aborto que lleva m\u00e1s de 11 a\u00f1os pendiente, y que pese a este hecho y haber sido denunciado a la justicia europea, no ser\u00e1 tratado hasta que a partir de junio vuelva a tener mayor\u00eda en la m\u00e1s alta instancia judicial el partido del gobierno. Pero todos estos hechos no tienen relieve de cara a la opini\u00f3n de la CE en relaci\u00f3n con la\u00a0independencia de la justicia espa\u00f1ola y s\u00ed son tan importantes como para bloquear los fondos de ayuda a Hungr\u00eda, incluso ahora que est\u00e1 soportando un gran peso de los refugiados de Ucrania.\u00a0En el fondo y en la realidad la gran diferencia, y lo que separa a Espa\u00f1a de Hungr\u00eda, no es una mayor independencia del poder judicial, sino las pol\u00edticas LGBTI. Los gobiernos de Orban nunca han aceptado que estos colectivos tuvieran unos derechos especiales y espec\u00edficos exclusivos de su condici\u00f3n, mientras que en Espa\u00f1a la balanza se decanta por el extremo absolutamente contrario, hasta llegar al privilegio en muchas comunidades aut\u00f3nomas de que sus denuncias tienen valor casi probatorio por lo que es el denunciado quien debe demostrar su inocencia. Ahora mismo, y en el marco de las elecciones, se produc\u00eda un refer\u00e9ndum dirigido a poner a votaci\u00f3n si en la escuela deb\u00eda educarse en las pol\u00edticas de g\u00e9nero y en el reconocimiento de la homosexualidad, o bien, como defend\u00eda el gobierno h\u00fangaro, estas materias eran espec\u00edficas del derecho de los padres a la educaci\u00f3n moral de sus hijos. Una campa\u00f1a internacional LGBTI contra este refer\u00e9ndum se ha desatado en paralelo a las elecciones, pidiendo que boicotearan con votos nulos la consulta.\u00a0El resultado ha sido a\u00fan m\u00e1s impresionante que la victoria de Orban, porque la posici\u00f3n del gobierno ha logrado el 92% del apoyo de los h\u00fangaros. Pero, claro, para el ciudadano este hecho puede tener importancia, pero no es determinante.\u00a0Lo que da la victoria a Orban son sus fuertes pol\u00edticas a favor de la familia y de las clases medias.\u00a0Un ejemplo muy reciente nos lo muestra: ante la actual crisis y la p\u00e9rdida de poder adquisitivo, el gobierno h\u00fangaro ha devuelto la pr\u00e1ctica totalidad de los impuestos cobrados en 2021 a las familias con hijos y ha entregado una paga extra a los pensionistas.\u00a0Adem\u00e1s ha puesto l\u00edmite a los precios de los alimentos b\u00e1sicos y a la gasolina,...\" \/>\n<meta property=\"og:url\" content=\"https:\/\/conversesacatalunya.cat\/es\/hungria-orban-vuelve-a-ganar-el-gobernante-mas-longevo-de-europa\/\" \/>\n<meta property=\"og:site_name\" content=\"Converses a Catalunya\" \/>\n<meta property=\"article:published_time\" content=\"2022-04-04T10:52:47+00:00\" \/>\n<meta property=\"article:modified_time\" content=\"2022-04-04T13:16:15+00:00\" \/>\n<meta property=\"og:image\" content=\"https:\/\/conversesacatalunya.cat\/wp-content\/uploads\/2022\/04\/orban-k4CI-U1601551627531uWB-624x385@El-Correo.jpg\" \/>\n\t<meta property=\"og:image:width\" content=\"624\" \/>\n\t<meta property=\"og:image:height\" content=\"385\" \/>\n\t<meta property=\"og:image:type\" content=\"image\/jpeg\" \/>\n<meta name=\"author\" content=\"conversesacatalunya\" \/>\n<meta name=\"twitter:card\" content=\"summary_large_image\" \/>\n<meta name=\"twitter:label1\" content=\"Escrito por\" \/>\n\t<meta name=\"twitter:data1\" content=\"conversesacatalunya\" \/>\n\t<meta name=\"twitter:label2\" content=\"Tiempo de lectura\" \/>\n\t<meta name=\"twitter:data2\" content=\"7 minutos\" \/>\n<script type=\"application\/ld+json\" class=\"yoast-schema-graph\">{\"@context\":\"https:\/\/schema.org\",\"@graph\":[{\"@type\":\"Article\",\"@id\":\"https:\/\/conversesacatalunya.cat\/es\/hungria-orban-vuelve-a-ganar-el-gobernante-mas-longevo-de-europa\/#article\",\"isPartOf\":{\"@id\":\"https:\/\/conversesacatalunya.cat\/es\/hungria-orban-vuelve-a-ganar-el-gobernante-mas-longevo-de-europa\/\"},\"author\":{\"name\":\"conversesacatalunya\",\"@id\":\"https:\/\/conversesacatalunya.cat\/#\/schema\/person\/7e24d1e54a2785373ddcb275eae5ed99\"},\"headline\":\"Hungr\u00eda: Orban vuelve a ganar. El gobernante m\u00e1s longevo de Europa\",\"datePublished\":\"2022-04-04T10:52:47+00:00\",\"dateModified\":\"2022-04-04T13:16:15+00:00\",\"mainEntityOfPage\":{\"@id\":\"https:\/\/conversesacatalunya.cat\/es\/hungria-orban-vuelve-a-ganar-el-gobernante-mas-longevo-de-europa\/\"},\"wordCount\":1465,\"commentCount\":0,\"image\":{\"@id\":\"https:\/\/conversesacatalunya.cat\/es\/hungria-orban-vuelve-a-ganar-el-gobernante-mas-longevo-de-europa\/#primaryimage\"},\"thumbnailUrl\":\"https:\/\/conversesacatalunya.cat\/wp-content\/uploads\/2022\/04\/orban-k4CI-U1601551627531uWB-624x385@El-Correo.jpg\",\"keywords\":[\"Orban\",\"Orban\",\"Viktor Orb\u00e1n\"],\"articleSection\":[\"Punts clau del dia (ES)\"],\"inLanguage\":\"es\",\"potentialAction\":[{\"@type\":\"CommentAction\",\"name\":\"Comment\",\"target\":[\"https:\/\/conversesacatalunya.cat\/es\/hungria-orban-vuelve-a-ganar-el-gobernante-mas-longevo-de-europa\/#respond\"]}]},{\"@type\":\"WebPage\",\"@id\":\"https:\/\/conversesacatalunya.cat\/es\/hungria-orban-vuelve-a-ganar-el-gobernante-mas-longevo-de-europa\/\",\"url\":\"https:\/\/conversesacatalunya.cat\/es\/hungria-orban-vuelve-a-ganar-el-gobernante-mas-longevo-de-europa\/\",\"name\":\"Hungr\u00eda: Orban vuelve a ganar. El gobernante m\u00e1s longevo de Europa - Converses a Catalunya\",\"isPartOf\":{\"@id\":\"https:\/\/conversesacatalunya.cat\/#website\"},\"primaryImageOfPage\":{\"@id\":\"https:\/\/conversesacatalunya.cat\/es\/hungria-orban-vuelve-a-ganar-el-gobernante-mas-longevo-de-europa\/#primaryimage\"},\"image\":{\"@id\":\"https:\/\/conversesacatalunya.cat\/es\/hungria-orban-vuelve-a-ganar-el-gobernante-mas-longevo-de-europa\/#primaryimage\"},\"thumbnailUrl\":\"https:\/\/conversesacatalunya.cat\/wp-content\/uploads\/2022\/04\/orban-k4CI-U1601551627531uWB-624x385@El-Correo.jpg\",\"datePublished\":\"2022-04-04T10:52:47+00:00\",\"dateModified\":\"2022-04-04T13:16:15+00:00\",\"author\":{\"@id\":\"https:\/\/conversesacatalunya.cat\/#\/schema\/person\/7e24d1e54a2785373ddcb275eae5ed99\"},\"breadcrumb\":{\"@id\":\"https:\/\/conversesacatalunya.cat\/es\/hungria-orban-vuelve-a-ganar-el-gobernante-mas-longevo-de-europa\/#breadcrumb\"},\"inLanguage\":\"es\",\"potentialAction\":[{\"@type\":\"ReadAction\",\"target\":[\"https:\/\/conversesacatalunya.cat\/es\/hungria-orban-vuelve-a-ganar-el-gobernante-mas-longevo-de-europa\/\"]}]},{\"@type\":\"ImageObject\",\"inLanguage\":\"es\",\"@id\":\"https:\/\/conversesacatalunya.cat\/es\/hungria-orban-vuelve-a-ganar-el-gobernante-mas-longevo-de-europa\/#primaryimage\",\"url\":\"https:\/\/conversesacatalunya.cat\/wp-content\/uploads\/2022\/04\/orban-k4CI-U1601551627531uWB-624x385@El-Correo.jpg\",\"contentUrl\":\"https:\/\/conversesacatalunya.cat\/wp-content\/uploads\/2022\/04\/orban-k4CI-U1601551627531uWB-624x385@El-Correo.jpg\",\"width\":624,\"height\":385},{\"@type\":\"BreadcrumbList\",\"@id\":\"https:\/\/conversesacatalunya.cat\/es\/hungria-orban-vuelve-a-ganar-el-gobernante-mas-longevo-de-europa\/#breadcrumb\",\"itemListElement\":[{\"@type\":\"ListItem\",\"position\":1,\"name\":\"Inici\",\"item\":\"https:\/\/conversesacatalunya.cat\/es\/\"},{\"@type\":\"ListItem\",\"position\":2,\"name\":\"Hungr\u00eda: Orban vuelve a ganar. El gobernante m\u00e1s longevo de Europa\"}]},{\"@type\":\"WebSite\",\"@id\":\"https:\/\/conversesacatalunya.cat\/#website\",\"url\":\"https:\/\/conversesacatalunya.cat\/\",\"name\":\"Converses a Catalunya\",\"description\":\"\",\"potentialAction\":[{\"@type\":\"SearchAction\",\"target\":{\"@type\":\"EntryPoint\",\"urlTemplate\":\"https:\/\/conversesacatalunya.cat\/?s={search_term_string}\"},\"query-input\":{\"@type\":\"PropertyValueSpecification\",\"valueRequired\":true,\"valueName\":\"search_term_string\"}}],\"inLanguage\":\"es\"},{\"@type\":\"Person\",\"@id\":\"https:\/\/conversesacatalunya.cat\/#\/schema\/person\/7e24d1e54a2785373ddcb275eae5ed99\",\"name\":\"conversesacatalunya\",\"image\":{\"@type\":\"ImageObject\",\"inLanguage\":\"es\",\"@id\":\"https:\/\/conversesacatalunya.cat\/#\/schema\/person\/image\/\",\"url\":\"https:\/\/conversesacatalunya.cat\/wp-content\/litespeed\/avatar\/febdfeeec89d950f01c748045a981dd2.jpg?ver=1777314535\",\"contentUrl\":\"https:\/\/conversesacatalunya.cat\/wp-content\/litespeed\/avatar\/febdfeeec89d950f01c748045a981dd2.jpg?ver=1777314535\",\"caption\":\"conversesacatalunya\"},\"url\":\"https:\/\/conversesacatalunya.cat\/es\/author\/carme_catala\/\"}]}<\/script>\n<!-- \/ Yoast SEO plugin. -->","yoast_head_json":{"title":"Hungr\u00eda: Orban vuelve a ganar. El gobernante m\u00e1s longevo de Europa - Converses a Catalunya","robots":{"index":"index","follow":"follow","max-snippet":"max-snippet:-1","max-image-preview":"max-image-preview:large","max-video-preview":"max-video-preview:-1"},"canonical":"https:\/\/conversesacatalunya.cat\/es\/hungria-orban-vuelve-a-ganar-el-gobernante-mas-longevo-de-europa\/","og_locale":"es_ES","og_type":"article","og_title":"Hungr\u00eda: Orban vuelve a ganar. El gobernante m\u00e1s longevo de Europa - Converses a Catalunya","og_description":"Con s\u00f3lo 56 a\u00f1os, Viktor Orb\u00e1n revalida su triunfo que hace que se mantenga en el poder desde el 2010 de forma ininterrumpida.\u00a0Antes ya hab\u00eda sido primer ministro entre 1998 y 2002. Este hecho significa que es el \u00fanico gobernante que ha superado con \u00e9xito el desgaste de la gran recesi\u00f3n econ\u00f3mica que se inici\u00f3 en 2018, la crisis de la covid de 2020 y la actual guerra en Ucrania, un pa\u00eds fronterizo. Ha superado, adem\u00e1s, el hecho de ser el dirigente de la UE\u00a0mejor relacionado con Putin.\u00a0De hecho, la campa\u00f1a de la oposici\u00f3n se ha basado mucho en este punto, presentando en grandes carteles la fotograf\u00eda de Orban y Putin en uno de sus m\u00faltiples encuentros. Tambi\u00e9n es el \u00fanico gobernante de la UE que ha tenido que hacer frente a la uni\u00f3n de pr\u00e1cticamente toda la oposici\u00f3n que iba desde el centroizquierda hasta la extrema derecha de Jobbik, que ahora es calificada por los periodistas de centroderecha, b\u00e1sicamente por el hecho de ir contra el primer ministro h\u00fangaro. Su victoria en este cuarto mandato ha sido adem\u00e1s\u00a0arrolladora.\u00a0Ha obtenido una mayor\u00eda de 2\/3, junto a su aliado, el peque\u00f1o partido dem\u00f3crata cristiano.\u00a0Y esto en el marco de una participaci\u00f3n alta, cerca del 68%.\u00a0La oposici\u00f3n estaba formada por los partidos DK de centroizquierda, por el P\u00e1rbesz\u00e8d, el liberal ecologista, el liberal Momentum, el socialista MSCP, es decir, los herederos del antiguo partido comunista convertido en social dem\u00f3crata, y el mencionado Jobbik, y el partido verde LMP.\u00a0Esta gran alianza presentaba a un candidato \u00fanico en todas las circunscripciones. El actual sistema electoral h\u00fangaro es muy parecido al alem\u00e1n.\u00a0Parte de los diputados son elegidos por sufragio directo y mayoritario en circunscripciones nominales.\u00a0En total son 106 esca\u00f1os del total de 200. Los dem\u00e1s se distribuyen de acuerdo con el n\u00famero de votos conseguidos por cada lista presentada.\u00a0Por tanto, la coalici\u00f3n opositora se presentaba unida bajo un solo candidato y cada circunscripci\u00f3n.\u00a0A pesar de este hecho el Fidesz, el partido de Orb\u00e1n, ha obtenido 88 de los 106 esca\u00f1os de mandato directo, lo que da una idea de su\u00a0hegemon\u00eda pol\u00edtica. Tambi\u00e9n la oposici\u00f3n se hab\u00eda empleado en buscar una alternativa personal a la popularidad de Orban en la persona de P\u00e9ter M\u00e1rki-Zay, alcalde de una ciudad media desde 2018, si bien su mayor caracter\u00edstica es haber sido profesionalmente directivo de una multinacional muy relacionada con EE.UU. P\u00e9ter M\u00e1rki-Zay se presentaba como europe\u00edsta, moderadamente conservador, liberal y buscaba tambi\u00e9n el apoyo de los grupos LGBTI.\u00a0La victoria del Fidesz es a\u00fan m\u00e1s destacable si se consideran las continuas pol\u00e9micas que ha tenido con la Comisi\u00f3n Europea, que han llegado al extremo de bloquearle los fondos como un instrumento de presi\u00f3n. Los motivos de discrepancia seg\u00fan la CE son b\u00e1sicamente dos.\u00a0Uno, es la actuaci\u00f3n del gobierno en relaci\u00f3n con el poder judicial.\u00a0Se le acusa de haber colocado a fieles suyos en la Fiscal\u00eda del Tribunal Constitucional y de condicionar la Oficina Nacional del Poder Judicial que se encarga del nombramiento y supervisi\u00f3n de los jueces. El resultado, seg\u00fan los opositores, es que la \u00abindependencia de los jueces se ha resentido\u00bb. Pero, si se comparan estos hechos, por ejemplo, con lo que ocurre en Espa\u00f1a es f\u00e1cil deducir que no hay grandes diferencias.\u00a0La fiscal del estado pas\u00f3 directamente de ministra de S\u00e1nchez a ese puesto.\u00a0Los esc\u00e1ndalos con su gesti\u00f3n politizada se suceden y son denunciados por la mayor\u00eda de asociaciones de fiscales, mientras que el Consejo General del Poder Judicial est\u00e1 sometido a un escandaloso sistema de cuotas entre ambos partidos mayoritarios, PSOE y PP, lo que determina una enorme politizaci\u00f3n. Asimismo, el Constitucional tambi\u00e9n se rinde ante esta politizaci\u00f3n. El caso m\u00e1s espectacular es el del recurso de inconstitucional de la ley del aborto que lleva m\u00e1s de 11 a\u00f1os pendiente, y que pese a este hecho y haber sido denunciado a la justicia europea, no ser\u00e1 tratado hasta que a partir de junio vuelva a tener mayor\u00eda en la m\u00e1s alta instancia judicial el partido del gobierno. Pero todos estos hechos no tienen relieve de cara a la opini\u00f3n de la CE en relaci\u00f3n con la\u00a0independencia de la justicia espa\u00f1ola y s\u00ed son tan importantes como para bloquear los fondos de ayuda a Hungr\u00eda, incluso ahora que est\u00e1 soportando un gran peso de los refugiados de Ucrania.\u00a0En el fondo y en la realidad la gran diferencia, y lo que separa a Espa\u00f1a de Hungr\u00eda, no es una mayor independencia del poder judicial, sino las pol\u00edticas LGBTI. Los gobiernos de Orban nunca han aceptado que estos colectivos tuvieran unos derechos especiales y espec\u00edficos exclusivos de su condici\u00f3n, mientras que en Espa\u00f1a la balanza se decanta por el extremo absolutamente contrario, hasta llegar al privilegio en muchas comunidades aut\u00f3nomas de que sus denuncias tienen valor casi probatorio por lo que es el denunciado quien debe demostrar su inocencia. Ahora mismo, y en el marco de las elecciones, se produc\u00eda un refer\u00e9ndum dirigido a poner a votaci\u00f3n si en la escuela deb\u00eda educarse en las pol\u00edticas de g\u00e9nero y en el reconocimiento de la homosexualidad, o bien, como defend\u00eda el gobierno h\u00fangaro, estas materias eran espec\u00edficas del derecho de los padres a la educaci\u00f3n moral de sus hijos. Una campa\u00f1a internacional LGBTI contra este refer\u00e9ndum se ha desatado en paralelo a las elecciones, pidiendo que boicotearan con votos nulos la consulta.\u00a0El resultado ha sido a\u00fan m\u00e1s impresionante que la victoria de Orban, porque la posici\u00f3n del gobierno ha logrado el 92% del apoyo de los h\u00fangaros. Pero, claro, para el ciudadano este hecho puede tener importancia, pero no es determinante.\u00a0Lo que da la victoria a Orban son sus fuertes pol\u00edticas a favor de la familia y de las clases medias.\u00a0Un ejemplo muy reciente nos lo muestra: ante la actual crisis y la p\u00e9rdida de poder adquisitivo, el gobierno h\u00fangaro ha devuelto la pr\u00e1ctica totalidad de los impuestos cobrados en 2021 a las familias con hijos y ha entregado una paga extra a los pensionistas.\u00a0Adem\u00e1s ha puesto l\u00edmite a los precios de los alimentos b\u00e1sicos y a la gasolina,...","og_url":"https:\/\/conversesacatalunya.cat\/es\/hungria-orban-vuelve-a-ganar-el-gobernante-mas-longevo-de-europa\/","og_site_name":"Converses a Catalunya","article_published_time":"2022-04-04T10:52:47+00:00","article_modified_time":"2022-04-04T13:16:15+00:00","og_image":[{"width":624,"height":385,"url":"https:\/\/conversesacatalunya.cat\/wp-content\/uploads\/2022\/04\/orban-k4CI-U1601551627531uWB-624x385@El-Correo.jpg","type":"image\/jpeg"}],"author":"conversesacatalunya","twitter_card":"summary_large_image","twitter_misc":{"Escrito por":"conversesacatalunya","Tiempo de lectura":"7 minutos"},"schema":{"@context":"https:\/\/schema.org","@graph":[{"@type":"Article","@id":"https:\/\/conversesacatalunya.cat\/es\/hungria-orban-vuelve-a-ganar-el-gobernante-mas-longevo-de-europa\/#article","isPartOf":{"@id":"https:\/\/conversesacatalunya.cat\/es\/hungria-orban-vuelve-a-ganar-el-gobernante-mas-longevo-de-europa\/"},"author":{"name":"conversesacatalunya","@id":"https:\/\/conversesacatalunya.cat\/#\/schema\/person\/7e24d1e54a2785373ddcb275eae5ed99"},"headline":"Hungr\u00eda: Orban vuelve a ganar. El gobernante m\u00e1s longevo de Europa","datePublished":"2022-04-04T10:52:47+00:00","dateModified":"2022-04-04T13:16:15+00:00","mainEntityOfPage":{"@id":"https:\/\/conversesacatalunya.cat\/es\/hungria-orban-vuelve-a-ganar-el-gobernante-mas-longevo-de-europa\/"},"wordCount":1465,"commentCount":0,"image":{"@id":"https:\/\/conversesacatalunya.cat\/es\/hungria-orban-vuelve-a-ganar-el-gobernante-mas-longevo-de-europa\/#primaryimage"},"thumbnailUrl":"https:\/\/conversesacatalunya.cat\/wp-content\/uploads\/2022\/04\/orban-k4CI-U1601551627531uWB-624x385@El-Correo.jpg","keywords":["Orban","Orban","Viktor Orb\u00e1n"],"articleSection":["Punts clau del dia (ES)"],"inLanguage":"es","potentialAction":[{"@type":"CommentAction","name":"Comment","target":["https:\/\/conversesacatalunya.cat\/es\/hungria-orban-vuelve-a-ganar-el-gobernante-mas-longevo-de-europa\/#respond"]}]},{"@type":"WebPage","@id":"https:\/\/conversesacatalunya.cat\/es\/hungria-orban-vuelve-a-ganar-el-gobernante-mas-longevo-de-europa\/","url":"https:\/\/conversesacatalunya.cat\/es\/hungria-orban-vuelve-a-ganar-el-gobernante-mas-longevo-de-europa\/","name":"Hungr\u00eda: Orban vuelve a ganar. El gobernante m\u00e1s longevo de Europa - Converses a Catalunya","isPartOf":{"@id":"https:\/\/conversesacatalunya.cat\/#website"},"primaryImageOfPage":{"@id":"https:\/\/conversesacatalunya.cat\/es\/hungria-orban-vuelve-a-ganar-el-gobernante-mas-longevo-de-europa\/#primaryimage"},"image":{"@id":"https:\/\/conversesacatalunya.cat\/es\/hungria-orban-vuelve-a-ganar-el-gobernante-mas-longevo-de-europa\/#primaryimage"},"thumbnailUrl":"https:\/\/conversesacatalunya.cat\/wp-content\/uploads\/2022\/04\/orban-k4CI-U1601551627531uWB-624x385@El-Correo.jpg","datePublished":"2022-04-04T10:52:47+00:00","dateModified":"2022-04-04T13:16:15+00:00","author":{"@id":"https:\/\/conversesacatalunya.cat\/#\/schema\/person\/7e24d1e54a2785373ddcb275eae5ed99"},"breadcrumb":{"@id":"https:\/\/conversesacatalunya.cat\/es\/hungria-orban-vuelve-a-ganar-el-gobernante-mas-longevo-de-europa\/#breadcrumb"},"inLanguage":"es","potentialAction":[{"@type":"ReadAction","target":["https:\/\/conversesacatalunya.cat\/es\/hungria-orban-vuelve-a-ganar-el-gobernante-mas-longevo-de-europa\/"]}]},{"@type":"ImageObject","inLanguage":"es","@id":"https:\/\/conversesacatalunya.cat\/es\/hungria-orban-vuelve-a-ganar-el-gobernante-mas-longevo-de-europa\/#primaryimage","url":"https:\/\/conversesacatalunya.cat\/wp-content\/uploads\/2022\/04\/orban-k4CI-U1601551627531uWB-624x385@El-Correo.jpg","contentUrl":"https:\/\/conversesacatalunya.cat\/wp-content\/uploads\/2022\/04\/orban-k4CI-U1601551627531uWB-624x385@El-Correo.jpg","width":624,"height":385},{"@type":"BreadcrumbList","@id":"https:\/\/conversesacatalunya.cat\/es\/hungria-orban-vuelve-a-ganar-el-gobernante-mas-longevo-de-europa\/#breadcrumb","itemListElement":[{"@type":"ListItem","position":1,"name":"Inici","item":"https:\/\/conversesacatalunya.cat\/es\/"},{"@type":"ListItem","position":2,"name":"Hungr\u00eda: Orban vuelve a ganar. El gobernante m\u00e1s longevo de Europa"}]},{"@type":"WebSite","@id":"https:\/\/conversesacatalunya.cat\/#website","url":"https:\/\/conversesacatalunya.cat\/","name":"Converses a Catalunya","description":"","potentialAction":[{"@type":"SearchAction","target":{"@type":"EntryPoint","urlTemplate":"https:\/\/conversesacatalunya.cat\/?s={search_term_string}"},"query-input":{"@type":"PropertyValueSpecification","valueRequired":true,"valueName":"search_term_string"}}],"inLanguage":"es"},{"@type":"Person","@id":"https:\/\/conversesacatalunya.cat\/#\/schema\/person\/7e24d1e54a2785373ddcb275eae5ed99","name":"conversesacatalunya","image":{"@type":"ImageObject","inLanguage":"es","@id":"https:\/\/conversesacatalunya.cat\/#\/schema\/person\/image\/","url":"https:\/\/conversesacatalunya.cat\/wp-content\/litespeed\/avatar\/febdfeeec89d950f01c748045a981dd2.jpg?ver=1777314535","contentUrl":"https:\/\/conversesacatalunya.cat\/wp-content\/litespeed\/avatar\/febdfeeec89d950f01c748045a981dd2.jpg?ver=1777314535","caption":"conversesacatalunya"},"url":"https:\/\/conversesacatalunya.cat\/es\/author\/carme_catala\/"}]}},"wps_subtitle":"","_links":{"self":[{"href":"https:\/\/conversesacatalunya.cat\/es\/wp-json\/wp\/v2\/posts\/56471","targetHints":{"allow":["GET"]}}],"collection":[{"href":"https:\/\/conversesacatalunya.cat\/es\/wp-json\/wp\/v2\/posts"}],"about":[{"href":"https:\/\/conversesacatalunya.cat\/es\/wp-json\/wp\/v2\/types\/post"}],"author":[{"embeddable":true,"href":"https:\/\/conversesacatalunya.cat\/es\/wp-json\/wp\/v2\/users\/2"}],"replies":[{"embeddable":true,"href":"https:\/\/conversesacatalunya.cat\/es\/wp-json\/wp\/v2\/comments?post=56471"}],"version-history":[{"count":2,"href":"https:\/\/conversesacatalunya.cat\/es\/wp-json\/wp\/v2\/posts\/56471\/revisions"}],"predecessor-version":[{"id":56473,"href":"https:\/\/conversesacatalunya.cat\/es\/wp-json\/wp\/v2\/posts\/56471\/revisions\/56473"}],"wp:featuredmedia":[{"embeddable":true,"href":"https:\/\/conversesacatalunya.cat\/es\/wp-json\/wp\/v2\/media\/56468"}],"wp:attachment":[{"href":"https:\/\/conversesacatalunya.cat\/es\/wp-json\/wp\/v2\/media?parent=56471"}],"wp:term":[{"taxonomy":"category","embeddable":true,"href":"https:\/\/conversesacatalunya.cat\/es\/wp-json\/wp\/v2\/categories?post=56471"},{"taxonomy":"post_tag","embeddable":true,"href":"https:\/\/conversesacatalunya.cat\/es\/wp-json\/wp\/v2\/tags?post=56471"}],"curies":[{"name":"wp","href":"https:\/\/api.w.org\/{rel}","templated":true}]}}