{"id":56439,"date":"2022-04-01T12:08:57","date_gmt":"2022-04-01T10:08:57","guid":{"rendered":"https:\/\/conversesacatalunya.cat\/programa-defensa-europeu\/"},"modified":"2022-04-01T13:47:16","modified_gmt":"2022-04-01T11:47:16","slug":"programa-defensa-europeo","status":"publish","type":"post","link":"https:\/\/conversesacatalunya.cat\/es\/programa-defensa-europeo\/","title":{"rendered":"El imposible programa de defensa europeo independiente"},"content":{"rendered":"<p>El anuncio de Alemania de que comprar\u00e1 35 aviones de combate estadounidenses F-35 ha sido una aut\u00e9ntica ducha de agua fr\u00eda para Bruselas y sobre todo para Par\u00eds.<\/p>\n<p>El rechazo de Francia ha sido a\u00fan mayor debido a que este anuncio ha sido la primera medida concreta dentro del nuevo programa de rearme alem\u00e1n, que incluye un fondo de 100.000 millones de euros.<\/p>\n<p>La decisi\u00f3n del gobierno de coalici\u00f3n alem\u00e1n se entiende solo por su dependencia estrat\u00e9gica de Estados Unidos. De hecho, Alemania parecer\u00eda obligada a comprar aviones norteamericanos para seguir disponiendo de una capacidad nuclear (Alemania no tiene bombas at\u00f3micas, pero s\u00ed aviones capaces de llevarlas. Las armas son suministradas por Estados Unidos dentro del programa de reparto nuclear de la OTAN).<\/p>\n<p>El problema es que esta compra demuestra una vez m\u00e1s que la autonom\u00eda estrat\u00e9gica de la UE, tan de moda en la actual Comisi\u00f3n pomposamente autobautizada \u201cComisi\u00f3n geopol\u00edtica\u201d, es papel mojado.<\/p>\n<p>Y es que cada vez que se presenta una situaci\u00f3n concreta para avanzar hacia una UE verdaderamente independiente en materia de defensa y pol\u00edtica exterior, y por tanto, capaz de defender sus intereses, aparecen pa\u00edses (entre ellos casi siempre Alemania) que se desentienden de ello.<\/p>\n<blockquote><p>El caso de los F-35 estadounidenses podr\u00eda suponer la puntilla de lo que deb\u00eda ser el programa europeo de defensa emblem\u00e1tico, el Sistema de Combate A\u00e9reo del Futuro o FCAS (del ingl\u00e9s Future Combat Air System).<\/p><\/blockquote>\n<p>Anunciado con gran solemnidad en 2017 por Alemania y Francia (Espa\u00f1a se a\u00f1adi\u00f3 en 2019), el FCAS deb\u00eda dise\u00f1ar un avi\u00f3n de combate polivalente y exclusivamente europeo, capaz de equipar a las fuerzas a\u00e9reas de todos los pa\u00edses de la UE a partir de 2040.<\/p>\n<p>El programa empez\u00f3 con mal pie, puesto que los ingenieros de Dassault vieron con gran suspicacia las demandas alemanas de compartir con ellos secretos tecnol\u00f3gicos franceses relativos por ejemplo al sistema de control del aparato.<\/p>\n<p>Los franceses acusaron al FCAS de poner a disposici\u00f3n de los alemanes de forma gratuita el savoir-faire aeron\u00e1utico de Dassault, acumulado costosamente durante d\u00e9cadas.<\/p>\n<p>Desde el primer momento apareci\u00f3 pues una tensi\u00f3n entre los dirigentes pol\u00edticos franceses, deseosos de avanzar el programa con Alemania, y los actores industriales franceses, reacios a hacerlo bajo las condiciones negociadas por los presidentes Fran\u00e7ois Hollande y m\u00e1s tarde Emmanuel Macron.<\/p>\n<p>El programa ha ido acumulando retrasos desde entonces, pero ahora la decisi\u00f3n de Berl\u00edn ha provocado, seg\u00fan el CEO de Dassault Aviation, Eric Trappier, que el desarrollo del FCAS que deb\u00eda realizar su empresa se haya detenido. Dassault habr\u00eda de hecho reasignado los equipos de ingenier\u00eda previstos por el FCAS a otros proyectos.<\/p>\n<p>Dassault puede permitirse el lujo de bloquear el programa ya que su caza-bombardero actual, el Rafale, se ha convertido en un super \u00e9xito de ventas en todo el mundo, hasta el punto de situar a Francia como el tercer principal exportador de armas mundial.<\/p>\n<p>Con todo, el FCAS corre el riesgo de acabar en la basura de los despachos de dise\u00f1o.<\/p>\n<p>Otros programas europeos de defensa pondr\u00e1n a prueba la voluntad de integraci\u00f3n ante la falta de confianza de los actores industriales y la defensa enconada que cada pa\u00eds hace de sus campeones nacionales.<\/p>\n<p>Por ejemplo, el proyecto Eurodrone para construir un dron de gran envergadura cuyo primer prototipo deber\u00eda volar en 2027 tambi\u00e9n se encuentra sometido a presiones similares sobre c\u00f3mo debe ser el producto y qui\u00e9n debe hacer qu\u00e9. Una vez m\u00e1s encontramos las disputas entre Francia y Alemania en el orden del d\u00eda.<\/p>\n<p>Francia, tradicionalmente la principal potencia militar de la Uni\u00f3n Europea, teme perder su primac\u00eda tambi\u00e9n en este \u00e1mbito, despu\u00e9s de que econ\u00f3mica y pol\u00edticamente Alemania le haya pasado a la cabeza desde hace al menos 30 a\u00f1os.<\/p>\n<p>Adem\u00e1s, Par\u00eds teme que un papel m\u00e1s central de Alemania en materia de defensa conduzca a una mayor dependencia de Estados Unidos. El caso de los F-35 ser\u00eda la ilustraci\u00f3n.<\/p>\n<p>Francia intenta evitar por todos los medios otra humillaci\u00f3n por parte de Washington como la que sufri\u00f3 el pasado a\u00f1o cuando perdi\u00f3 el contrato de los submarinos australianos por presiones estadounidenses.<\/p>\n<blockquote><p>Los costes del equipamiento militar moderno hacen prohibitivo que cada pa\u00eds de la UE sea autosuficiente en todos y cada uno de los sistemas de armamento.<\/p><\/blockquote>\n<p>Tambi\u00e9n es cierto que los costes del equipamiento militar moderno hacen prohibitivo que cada pa\u00eds de la UE sea auto-suficiente en todos y cada uno de los sistemas de armamento (aviones, carros de combate, drones, submarinos, etc.) .<\/p>\n<p>Alg\u00fan tipo de acuerdo, como m\u00ednimo para asignar sistemas concretos a determinados pa\u00edses encargados de producirlos, parece indispensable a largo plazo.<\/p>\n<p>As\u00ed pues, la cooperaci\u00f3n acabar\u00e1 siendo indispensable si Europa no quiere caer en la total dependencia estadounidense. De momento, parece que este es el camino que prefiere seguir Alemania para no tener que aceptar el predominio franc\u00e9s en sectores clave como el aeron\u00e1utico.<\/p>\n<div id=\"polls-145\" class=\"wp-polls\">\n\t<form id=\"polls_form_145\" class=\"wp-polls-form\" action=\"\/index.php\" method=\"post\">\n\t\t<p style=\"display: none;\"><input type=\"hidden\" id=\"poll_145_nonce\" name=\"wp-polls-nonce\" value=\"9e9e05d926\" \/><\/p>\n\t\t<p style=\"display: none;\"><input type=\"hidden\" name=\"poll_id\" value=\"145\" \/><\/p>\n\t\t<p style=\"text-align: center\"><strong>Creus que les mesures que ha anunciat el govern espanyol seran suficients per pal\u00b7liar els estralls de la crisi?<\/strong><\/p><div id=\"polls-145-ans\" class=\"wp-polls-ans\"><ul class=\"wp-polls-ul\">\n\t\t<li><input type=\"radio\" id=\"poll-answer-373\" name=\"poll_145\" value=\"373\" \/> <label for=\"poll-answer-373\">S\u00ed<\/label><\/li>\n\t\t<li><input type=\"radio\" id=\"poll-answer-374\" name=\"poll_145\" value=\"374\" \/> <label for=\"poll-answer-374\">No<\/label><\/li>\n\t\t<li><input type=\"radio\" id=\"poll-answer-375\" name=\"poll_145\" value=\"375\" \/> <label for=\"poll-answer-375\">No ho s\u00e9<\/label><\/li>\n\t\t<\/ul><p style=\"text-align: center\"><input type=\"button\" name=\"vote\" value=\"   Vota   \" class=\"Buttons\" onclick=\"poll_vote(145);\" \/><\/p><p style=\"text-align: center\"><a href=\"#ViewPollResults\" onclick=\"poll_result(145); return false;\" title=\"View Results Of This Poll\">Mira els resultats<\/a><\/p><\/div>\n\t<\/form>\n<\/div>\n<div id=\"polls-145-loading\" class=\"wp-polls-loading\"><img decoding=\"async\" data-src=\"https:\/\/conversesacatalunya.cat\/wp-content\/plugins\/wp-polls\/images\/loading.gif\" width=\"16\" height=\"16\" alt=\"Cargando ...\" title=\"Cargando ...\" class=\"wp-polls-image lazyload\" src=\"data:image\/svg+xml;base64,PHN2ZyB3aWR0aD0iMSIgaGVpZ2h0PSIxIiB4bWxucz0iaHR0cDovL3d3dy53My5vcmcvMjAwMC9zdmciPjwvc3ZnPg==\" style=\"--smush-placeholder-width: 16px; --smush-placeholder-aspect-ratio: 16\/16;\" \/>&nbsp;Cargando ...<\/div>\n\n<p>&nbsp;<\/p>\n","protected":false},"excerpt":{"rendered":"<p>El anuncio de Alemania de que comprar\u00e1 35 aviones de combate estadounidenses F-35 ha sido una aut\u00e9ntica ducha de agua fr\u00eda para Bruselas y sobre todo para Par\u00eds. El rechazo de Francia ha sido a\u00fan mayor debido a que este anuncio ha sido la primera medida concreta dentro del nuevo programa de rearme alem\u00e1n, que incluye un fondo de 100.000 millones de euros. La decisi\u00f3n del gobierno de coalici\u00f3n alem\u00e1n se entiende solo por su dependencia estrat\u00e9gica de Estados Unidos. De hecho, Alemania parecer\u00eda obligada a comprar aviones norteamericanos para seguir disponiendo de una capacidad nuclear (Alemania no tiene bombas at\u00f3micas, pero s\u00ed aviones capaces de llevarlas. Las armas son suministradas por Estados Unidos dentro del programa de reparto nuclear de la OTAN). El problema es que esta compra demuestra una vez m\u00e1s que la autonom\u00eda estrat\u00e9gica de la UE, tan de moda en la actual Comisi\u00f3n pomposamente autobautizada \u201cComisi\u00f3n geopol\u00edtica\u201d, es papel mojado. Y es que cada vez que se presenta una situaci\u00f3n concreta para avanzar hacia una UE verdaderamente independiente en materia de defensa y pol\u00edtica exterior, y por tanto, capaz de defender sus intereses, aparecen pa\u00edses (entre ellos casi siempre Alemania) que se desentienden de ello. El caso de los F-35 estadounidenses podr\u00eda suponer la puntilla de lo que deb\u00eda ser el programa europeo de defensa emblem\u00e1tico, el Sistema de Combate A\u00e9reo del Futuro o FCAS (del ingl\u00e9s Future Combat Air System). Anunciado con gran solemnidad en 2017 por Alemania y Francia (Espa\u00f1a se a\u00f1adi\u00f3 en 2019), el FCAS deb\u00eda dise\u00f1ar un avi\u00f3n de combate polivalente y exclusivamente europeo, capaz de equipar a las fuerzas a\u00e9reas de todos los pa\u00edses de la UE a partir de 2040. El programa empez\u00f3 con mal pie, puesto que los ingenieros de Dassault vieron con gran suspicacia las demandas alemanas de compartir con ellos secretos tecnol\u00f3gicos franceses relativos por ejemplo al sistema de control del aparato. Los franceses acusaron al FCAS de poner a disposici\u00f3n de los alemanes de forma gratuita el savoir-faire aeron\u00e1utico de Dassault, acumulado costosamente durante d\u00e9cadas. Desde el primer momento apareci\u00f3 pues una tensi\u00f3n entre los dirigentes pol\u00edticos franceses, deseosos de avanzar el programa con Alemania, y los actores industriales franceses, reacios a hacerlo bajo las condiciones negociadas por los presidentes Fran\u00e7ois Hollande y m\u00e1s tarde Emmanuel Macron. El programa ha ido acumulando retrasos desde entonces, pero ahora la decisi\u00f3n de Berl\u00edn ha provocado, seg\u00fan el CEO de Dassault Aviation, Eric Trappier, que el desarrollo del FCAS que deb\u00eda realizar su empresa se haya detenido. Dassault habr\u00eda de hecho reasignado los equipos de ingenier\u00eda previstos por el FCAS a otros proyectos. Dassault puede permitirse el lujo de bloquear el programa ya que su caza-bombardero actual, el Rafale, se ha convertido en un super \u00e9xito de ventas en todo el mundo, hasta el punto de situar a Francia como el tercer principal exportador de armas mundial. Con todo, el FCAS corre el riesgo de acabar en la basura de los despachos de dise\u00f1o. Otros programas europeos de defensa pondr\u00e1n a prueba la voluntad de integraci\u00f3n ante la falta de confianza de los actores industriales y la defensa enconada que cada pa\u00eds hace de sus campeones nacionales. Por ejemplo, el proyecto Eurodrone para construir un dron de gran envergadura cuyo primer prototipo deber\u00eda volar en 2027 tambi\u00e9n se encuentra sometido a presiones similares sobre c\u00f3mo debe ser el producto y qui\u00e9n debe hacer qu\u00e9. Una vez m\u00e1s encontramos las disputas entre Francia y Alemania en el orden del d\u00eda. Francia, tradicionalmente la principal potencia militar de la Uni\u00f3n Europea, teme perder su primac\u00eda tambi\u00e9n en este \u00e1mbito, despu\u00e9s de que econ\u00f3mica y pol\u00edticamente Alemania le haya pasado a la cabeza desde hace al menos 30 a\u00f1os. Adem\u00e1s, Par\u00eds teme que un papel m\u00e1s central de Alemania en materia de defensa conduzca a una mayor dependencia de Estados Unidos. El caso de los F-35 ser\u00eda la ilustraci\u00f3n. Francia intenta evitar por todos los medios otra humillaci\u00f3n por parte de Washington como la que sufri\u00f3 el pasado a\u00f1o cuando perdi\u00f3 el contrato de los submarinos australianos por presiones estadounidenses. Los costes del equipamiento militar moderno hacen prohibitivo que cada pa\u00eds de la UE sea autosuficiente en todos y cada uno de los sistemas de armamento. Tambi\u00e9n es cierto que los costes del equipamiento militar moderno hacen prohibitivo que cada pa\u00eds de la UE sea auto-suficiente en todos y cada uno de los sistemas de armamento (aviones, carros de combate, drones, submarinos, etc.) . Alg\u00fan tipo de acuerdo, como m\u00ednimo para asignar sistemas concretos a determinados pa\u00edses encargados de producirlos, parece indispensable a largo plazo. As\u00ed pues, la cooperaci\u00f3n acabar\u00e1 siendo indispensable si Europa no quiere caer en la total dependencia estadounidense. De momento, parece que este es el camino que prefiere seguir Alemania para no tener que aceptar el predominio franc\u00e9s en sectores clave como el aeron\u00e1utico. &nbsp;<\/p>\n","protected":false},"author":67,"featured_media":56409,"comment_status":"open","ping_status":"open","sticky":false,"template":"","format":"standard","meta":{"_FSMCFIC_featured_image_caption":"","_FSMCFIC_featured_image_nocaption":"","_FSMCFIC_featured_image_hide":"","footnotes":""},"categories":[806],"tags":[1587,1586,2471,4397],"class_list":["post-56439","post","type-post","status-publish","format-standard","has-post-thumbnail","hentry","category-punts-claus-del-dia-es","tag-alemania","tag-alemanya-es","tag-despesa-militar-es","tag-gasto-militar"],"yoast_head":"<!-- This site is optimized with the Yoast SEO plugin v26.8 - https:\/\/yoast.com\/product\/yoast-seo-wordpress\/ -->\n<title>El imposible programa de defensa europeo independiente - Converses a Catalunya<\/title>\n<meta name=\"description\" content=\"Cada vez que se presenta una oportunidad concreta para avanzar hacia una UE verdaderamente independiente en materia de defensa y pol\u00edtica exterior, aparecen pa\u00edses (entre ellos casi siempre Alemania) que se desentienden.\" \/>\n<meta name=\"robots\" content=\"index, follow, max-snippet:-1, max-image-preview:large, max-video-preview:-1\" \/>\n<link rel=\"canonical\" href=\"https:\/\/conversesacatalunya.cat\/es\/programa-defensa-europeo\/\" \/>\n<meta property=\"og:locale\" content=\"es_ES\" \/>\n<meta property=\"og:type\" content=\"article\" \/>\n<meta property=\"og:title\" content=\"El imposible programa de defensa europeo independiente - Converses a Catalunya\" \/>\n<meta property=\"og:description\" content=\"Cada vez que se presenta una oportunidad concreta para avanzar hacia una UE verdaderamente independiente en materia de defensa y pol\u00edtica exterior, aparecen pa\u00edses (entre ellos casi siempre Alemania) que se desentienden.\" \/>\n<meta property=\"og:url\" content=\"https:\/\/conversesacatalunya.cat\/es\/programa-defensa-europeo\/\" \/>\n<meta property=\"og:site_name\" content=\"Converses a Catalunya\" \/>\n<meta property=\"article:published_time\" content=\"2022-04-01T10:08:57+00:00\" \/>\n<meta property=\"article:modified_time\" content=\"2022-04-01T11:47:16+00:00\" \/>\n<meta property=\"og:image\" content=\"https:\/\/conversesacatalunya.cat\/wp-content\/uploads\/2022\/03\/FCAS.jpg\" \/>\n\t<meta property=\"og:image:width\" content=\"1000\" \/>\n\t<meta property=\"og:image:height\" content=\"541\" \/>\n\t<meta property=\"og:image:type\" content=\"image\/jpeg\" \/>\n<meta name=\"author\" content=\"conversesacatalunya\" \/>\n<meta name=\"twitter:card\" content=\"summary_large_image\" \/>\n<meta name=\"twitter:label1\" content=\"Escrito por\" \/>\n\t<meta name=\"twitter:data1\" content=\"conversesacatalunya\" \/>\n\t<meta name=\"twitter:label2\" content=\"Tiempo de lectura\" \/>\n\t<meta name=\"twitter:data2\" content=\"5 minutos\" \/>\n<script type=\"application\/ld+json\" class=\"yoast-schema-graph\">{\"@context\":\"https:\/\/schema.org\",\"@graph\":[{\"@type\":\"Article\",\"@id\":\"https:\/\/conversesacatalunya.cat\/es\/programa-defensa-europeo\/#article\",\"isPartOf\":{\"@id\":\"https:\/\/conversesacatalunya.cat\/es\/programa-defensa-europeo\/\"},\"author\":{\"name\":\"conversesacatalunya\",\"@id\":\"https:\/\/conversesacatalunya.cat\/#\/schema\/person\/c5a8ffe796b1512764aeb6d6d6fa0fc7\"},\"headline\":\"El imposible programa de defensa europeo independiente\",\"datePublished\":\"2022-04-01T10:08:57+00:00\",\"dateModified\":\"2022-04-01T11:47:16+00:00\",\"mainEntityOfPage\":{\"@id\":\"https:\/\/conversesacatalunya.cat\/es\/programa-defensa-europeo\/\"},\"wordCount\":887,\"commentCount\":0,\"image\":{\"@id\":\"https:\/\/conversesacatalunya.cat\/es\/programa-defensa-europeo\/#primaryimage\"},\"thumbnailUrl\":\"https:\/\/conversesacatalunya.cat\/wp-content\/uploads\/2022\/03\/FCAS.jpg\",\"keywords\":[\"Alemania\",\"Alemanya\",\"despesa militar\",\"gasto militar\"],\"articleSection\":[\"Punts clau del dia (ES)\"],\"inLanguage\":\"es\",\"potentialAction\":[{\"@type\":\"CommentAction\",\"name\":\"Comment\",\"target\":[\"https:\/\/conversesacatalunya.cat\/es\/programa-defensa-europeo\/#respond\"]}]},{\"@type\":\"WebPage\",\"@id\":\"https:\/\/conversesacatalunya.cat\/es\/programa-defensa-europeo\/\",\"url\":\"https:\/\/conversesacatalunya.cat\/es\/programa-defensa-europeo\/\",\"name\":\"El imposible programa de defensa europeo independiente - Converses a Catalunya\",\"isPartOf\":{\"@id\":\"https:\/\/conversesacatalunya.cat\/#website\"},\"primaryImageOfPage\":{\"@id\":\"https:\/\/conversesacatalunya.cat\/es\/programa-defensa-europeo\/#primaryimage\"},\"image\":{\"@id\":\"https:\/\/conversesacatalunya.cat\/es\/programa-defensa-europeo\/#primaryimage\"},\"thumbnailUrl\":\"https:\/\/conversesacatalunya.cat\/wp-content\/uploads\/2022\/03\/FCAS.jpg\",\"datePublished\":\"2022-04-01T10:08:57+00:00\",\"dateModified\":\"2022-04-01T11:47:16+00:00\",\"author\":{\"@id\":\"https:\/\/conversesacatalunya.cat\/#\/schema\/person\/c5a8ffe796b1512764aeb6d6d6fa0fc7\"},\"description\":\"Cada vez que se presenta una oportunidad concreta para avanzar hacia una UE verdaderamente independiente en materia de defensa y pol\u00edtica exterior, aparecen pa\u00edses (entre ellos casi siempre Alemania) que se desentienden.\",\"breadcrumb\":{\"@id\":\"https:\/\/conversesacatalunya.cat\/es\/programa-defensa-europeo\/#breadcrumb\"},\"inLanguage\":\"es\",\"potentialAction\":[{\"@type\":\"ReadAction\",\"target\":[\"https:\/\/conversesacatalunya.cat\/es\/programa-defensa-europeo\/\"]}]},{\"@type\":\"ImageObject\",\"inLanguage\":\"es\",\"@id\":\"https:\/\/conversesacatalunya.cat\/es\/programa-defensa-europeo\/#primaryimage\",\"url\":\"https:\/\/conversesacatalunya.cat\/wp-content\/uploads\/2022\/03\/FCAS.jpg\",\"contentUrl\":\"https:\/\/conversesacatalunya.cat\/wp-content\/uploads\/2022\/03\/FCAS.jpg\",\"width\":1000,\"height\":541,\"caption\":\"programa europeu de defensa\"},{\"@type\":\"BreadcrumbList\",\"@id\":\"https:\/\/conversesacatalunya.cat\/es\/programa-defensa-europeo\/#breadcrumb\",\"itemListElement\":[{\"@type\":\"ListItem\",\"position\":1,\"name\":\"Inici\",\"item\":\"https:\/\/conversesacatalunya.cat\/es\/\"},{\"@type\":\"ListItem\",\"position\":2,\"name\":\"El imposible programa de defensa europeo independiente\"}]},{\"@type\":\"WebSite\",\"@id\":\"https:\/\/conversesacatalunya.cat\/#website\",\"url\":\"https:\/\/conversesacatalunya.cat\/\",\"name\":\"Converses a Catalunya\",\"description\":\"\",\"potentialAction\":[{\"@type\":\"SearchAction\",\"target\":{\"@type\":\"EntryPoint\",\"urlTemplate\":\"https:\/\/conversesacatalunya.cat\/?s={search_term_string}\"},\"query-input\":{\"@type\":\"PropertyValueSpecification\",\"valueRequired\":true,\"valueName\":\"search_term_string\"}}],\"inLanguage\":\"es\"},{\"@type\":\"Person\",\"@id\":\"https:\/\/conversesacatalunya.cat\/#\/schema\/person\/c5a8ffe796b1512764aeb6d6d6fa0fc7\",\"name\":\"conversesacatalunya\",\"image\":{\"@type\":\"ImageObject\",\"inLanguage\":\"es\",\"@id\":\"https:\/\/conversesacatalunya.cat\/#\/schema\/person\/image\/\",\"url\":\"https:\/\/conversesacatalunya.cat\/wp-content\/litespeed\/avatar\/02659ee938034c59a151ae106ade943e.jpg?ver=1777051754\",\"contentUrl\":\"https:\/\/conversesacatalunya.cat\/wp-content\/litespeed\/avatar\/02659ee938034c59a151ae106ade943e.jpg?ver=1777051754\",\"caption\":\"conversesacatalunya\"},\"url\":\"https:\/\/conversesacatalunya.cat\/es\/author\/carles_lopez\/\"}]}<\/script>\n<!-- \/ Yoast SEO plugin. -->","yoast_head_json":{"title":"El imposible programa de defensa europeo independiente - Converses a Catalunya","description":"Cada vez que se presenta una oportunidad concreta para avanzar hacia una UE verdaderamente independiente en materia de defensa y pol\u00edtica exterior, aparecen pa\u00edses (entre ellos casi siempre Alemania) que se desentienden.","robots":{"index":"index","follow":"follow","max-snippet":"max-snippet:-1","max-image-preview":"max-image-preview:large","max-video-preview":"max-video-preview:-1"},"canonical":"https:\/\/conversesacatalunya.cat\/es\/programa-defensa-europeo\/","og_locale":"es_ES","og_type":"article","og_title":"El imposible programa de defensa europeo independiente - Converses a Catalunya","og_description":"Cada vez que se presenta una oportunidad concreta para avanzar hacia una UE verdaderamente independiente en materia de defensa y pol\u00edtica exterior, aparecen pa\u00edses (entre ellos casi siempre Alemania) que se desentienden.","og_url":"https:\/\/conversesacatalunya.cat\/es\/programa-defensa-europeo\/","og_site_name":"Converses a Catalunya","article_published_time":"2022-04-01T10:08:57+00:00","article_modified_time":"2022-04-01T11:47:16+00:00","og_image":[{"width":1000,"height":541,"url":"https:\/\/conversesacatalunya.cat\/wp-content\/uploads\/2022\/03\/FCAS.jpg","type":"image\/jpeg"}],"author":"conversesacatalunya","twitter_card":"summary_large_image","twitter_misc":{"Escrito por":"conversesacatalunya","Tiempo de lectura":"5 minutos"},"schema":{"@context":"https:\/\/schema.org","@graph":[{"@type":"Article","@id":"https:\/\/conversesacatalunya.cat\/es\/programa-defensa-europeo\/#article","isPartOf":{"@id":"https:\/\/conversesacatalunya.cat\/es\/programa-defensa-europeo\/"},"author":{"name":"conversesacatalunya","@id":"https:\/\/conversesacatalunya.cat\/#\/schema\/person\/c5a8ffe796b1512764aeb6d6d6fa0fc7"},"headline":"El imposible programa de defensa europeo independiente","datePublished":"2022-04-01T10:08:57+00:00","dateModified":"2022-04-01T11:47:16+00:00","mainEntityOfPage":{"@id":"https:\/\/conversesacatalunya.cat\/es\/programa-defensa-europeo\/"},"wordCount":887,"commentCount":0,"image":{"@id":"https:\/\/conversesacatalunya.cat\/es\/programa-defensa-europeo\/#primaryimage"},"thumbnailUrl":"https:\/\/conversesacatalunya.cat\/wp-content\/uploads\/2022\/03\/FCAS.jpg","keywords":["Alemania","Alemanya","despesa militar","gasto militar"],"articleSection":["Punts clau del dia (ES)"],"inLanguage":"es","potentialAction":[{"@type":"CommentAction","name":"Comment","target":["https:\/\/conversesacatalunya.cat\/es\/programa-defensa-europeo\/#respond"]}]},{"@type":"WebPage","@id":"https:\/\/conversesacatalunya.cat\/es\/programa-defensa-europeo\/","url":"https:\/\/conversesacatalunya.cat\/es\/programa-defensa-europeo\/","name":"El imposible programa de defensa europeo independiente - Converses a Catalunya","isPartOf":{"@id":"https:\/\/conversesacatalunya.cat\/#website"},"primaryImageOfPage":{"@id":"https:\/\/conversesacatalunya.cat\/es\/programa-defensa-europeo\/#primaryimage"},"image":{"@id":"https:\/\/conversesacatalunya.cat\/es\/programa-defensa-europeo\/#primaryimage"},"thumbnailUrl":"https:\/\/conversesacatalunya.cat\/wp-content\/uploads\/2022\/03\/FCAS.jpg","datePublished":"2022-04-01T10:08:57+00:00","dateModified":"2022-04-01T11:47:16+00:00","author":{"@id":"https:\/\/conversesacatalunya.cat\/#\/schema\/person\/c5a8ffe796b1512764aeb6d6d6fa0fc7"},"description":"Cada vez que se presenta una oportunidad concreta para avanzar hacia una UE verdaderamente independiente en materia de defensa y pol\u00edtica exterior, aparecen pa\u00edses (entre ellos casi siempre Alemania) que se desentienden.","breadcrumb":{"@id":"https:\/\/conversesacatalunya.cat\/es\/programa-defensa-europeo\/#breadcrumb"},"inLanguage":"es","potentialAction":[{"@type":"ReadAction","target":["https:\/\/conversesacatalunya.cat\/es\/programa-defensa-europeo\/"]}]},{"@type":"ImageObject","inLanguage":"es","@id":"https:\/\/conversesacatalunya.cat\/es\/programa-defensa-europeo\/#primaryimage","url":"https:\/\/conversesacatalunya.cat\/wp-content\/uploads\/2022\/03\/FCAS.jpg","contentUrl":"https:\/\/conversesacatalunya.cat\/wp-content\/uploads\/2022\/03\/FCAS.jpg","width":1000,"height":541,"caption":"programa europeu de defensa"},{"@type":"BreadcrumbList","@id":"https:\/\/conversesacatalunya.cat\/es\/programa-defensa-europeo\/#breadcrumb","itemListElement":[{"@type":"ListItem","position":1,"name":"Inici","item":"https:\/\/conversesacatalunya.cat\/es\/"},{"@type":"ListItem","position":2,"name":"El imposible programa de defensa europeo independiente"}]},{"@type":"WebSite","@id":"https:\/\/conversesacatalunya.cat\/#website","url":"https:\/\/conversesacatalunya.cat\/","name":"Converses a Catalunya","description":"","potentialAction":[{"@type":"SearchAction","target":{"@type":"EntryPoint","urlTemplate":"https:\/\/conversesacatalunya.cat\/?s={search_term_string}"},"query-input":{"@type":"PropertyValueSpecification","valueRequired":true,"valueName":"search_term_string"}}],"inLanguage":"es"},{"@type":"Person","@id":"https:\/\/conversesacatalunya.cat\/#\/schema\/person\/c5a8ffe796b1512764aeb6d6d6fa0fc7","name":"conversesacatalunya","image":{"@type":"ImageObject","inLanguage":"es","@id":"https:\/\/conversesacatalunya.cat\/#\/schema\/person\/image\/","url":"https:\/\/conversesacatalunya.cat\/wp-content\/litespeed\/avatar\/02659ee938034c59a151ae106ade943e.jpg?ver=1777051754","contentUrl":"https:\/\/conversesacatalunya.cat\/wp-content\/litespeed\/avatar\/02659ee938034c59a151ae106ade943e.jpg?ver=1777051754","caption":"conversesacatalunya"},"url":"https:\/\/conversesacatalunya.cat\/es\/author\/carles_lopez\/"}]}},"wps_subtitle":"Cada vez que se presenta una oportunidad concreta para avanzar hacia una UE verdaderamente independiente en materia de defensa y pol\u00edtica exterior, aparecen pa\u00edses (entre ellos casi siempre Alemania) que se desentienden.","_links":{"self":[{"href":"https:\/\/conversesacatalunya.cat\/es\/wp-json\/wp\/v2\/posts\/56439","targetHints":{"allow":["GET"]}}],"collection":[{"href":"https:\/\/conversesacatalunya.cat\/es\/wp-json\/wp\/v2\/posts"}],"about":[{"href":"https:\/\/conversesacatalunya.cat\/es\/wp-json\/wp\/v2\/types\/post"}],"author":[{"embeddable":true,"href":"https:\/\/conversesacatalunya.cat\/es\/wp-json\/wp\/v2\/users\/67"}],"replies":[{"embeddable":true,"href":"https:\/\/conversesacatalunya.cat\/es\/wp-json\/wp\/v2\/comments?post=56439"}],"version-history":[{"count":3,"href":"https:\/\/conversesacatalunya.cat\/es\/wp-json\/wp\/v2\/posts\/56439\/revisions"}],"predecessor-version":[{"id":56442,"href":"https:\/\/conversesacatalunya.cat\/es\/wp-json\/wp\/v2\/posts\/56439\/revisions\/56442"}],"wp:featuredmedia":[{"embeddable":true,"href":"https:\/\/conversesacatalunya.cat\/es\/wp-json\/wp\/v2\/media\/56409"}],"wp:attachment":[{"href":"https:\/\/conversesacatalunya.cat\/es\/wp-json\/wp\/v2\/media?parent=56439"}],"wp:term":[{"taxonomy":"category","embeddable":true,"href":"https:\/\/conversesacatalunya.cat\/es\/wp-json\/wp\/v2\/categories?post=56439"},{"taxonomy":"post_tag","embeddable":true,"href":"https:\/\/conversesacatalunya.cat\/es\/wp-json\/wp\/v2\/tags?post=56439"}],"curies":[{"name":"wp","href":"https:\/\/api.w.org\/{rel}","templated":true}]}}