{"id":56403,"date":"2022-03-31T13:20:18","date_gmt":"2022-03-31T11:20:18","guid":{"rendered":"https:\/\/conversesacatalunya.cat\/sanchez-menys-discurs-i-tornans-els-diners\/"},"modified":"2022-03-31T13:48:14","modified_gmt":"2022-03-31T11:48:14","slug":"sanchez-menos-discurso-y-devuelvenos-el-dinero","status":"publish","type":"post","link":"https:\/\/conversesacatalunya.cat\/es\/sanchez-menos-discurso-y-devuelvenos-el-dinero\/","title":{"rendered":"S\u00e1nchez: menos discurso y devu\u00e9lvenos el dinero"},"content":{"rendered":"<p><span>Como es habitual en S\u00e1nchez, el Congreso de los Diputados es si no me queda m\u00e1s remedio. Porque\u00a0<\/span><strong><span>ha sido la \u00faltima instancia en enterarse de las importantes medidas que quiere aplicar el gobierno<\/span><\/strong><span>.\u00a0El m\u00e9todo S\u00e1nchez es siempre el mismo: toma decisiones, las comunica medi\u00e1ticamente en lo que le interesa, no informa de los contenidos a los dem\u00e1s partidos, ni a su socio de gobierno y se acaba presentando en el Parlamento pidiendo que le aprueben, sin tocar ni una coma, lo que apenas conocen, en nombre de la unidad y el bien de Espa\u00f1a. Quien le compre hace un mal favor a la soluci\u00f3n de los problemas y al funcionamiento de la democracia.\u00a0Porque es evidente que un plan de esa naturaleza, para intentar paliar los impactos de la crisis, deber\u00eda ser fruto de una\u00a0<\/span><strong><span>elaboraci\u00f3n compartida <\/span><\/strong><span>atenta y no de un papel que te ponen delante y al que debes contestar s\u00ed o no.<\/span><\/p>\n<p><span>Esto es de una racionalidad total.\u00a0<span class=\"goog-text-highlight\">En el discurso de S\u00e1nchez y del gobierno en general, adem\u00e1s de atribuirle toda la culpa a Putin, algo que no dice demasiado de su finura de an\u00e1lisis, no explica un hecho fundamental de por qu\u00e9 el\u00a0<\/span><\/span><strong><span><span class=\"goog-text-highlight\">diferencial de inflaci\u00f3n de Espa\u00f1a es mucho mayor que el de la eurozona<\/span><\/span><\/strong><span><span class=\"goog-text-highlight\">\u00a0si precisamente nuestro pa\u00eds es el que ha registrado una mayor p\u00e9rdida de poder adquisitivo por parte de los salarios. <\/span>Por tanto, tendr\u00edamos aqu\u00ed un comportamiento m\u00e1s bien deflacionista.<\/span><\/p>\n<p><span>A lo largo de 2021 el IPC subyacente se increment\u00f3, en tasas interanuales, un 44,3%, mientras que los salarios lo hicieron en un 2,3%.\u00a0Pero si se considera la valoraci\u00f3n del salario real, es decir, el coste laboral ajustado por el IPC, en 2021 en Espa\u00f1a la retribuci\u00f3n se redujo en un 2,3, muy por encima de Italia que lo hizo en un 1,6 y Alemania con un 0,8.\u00a0El caso de Francia fue a\u00fan un poco m\u00e1s moderado, al llegar a -0,7.\u00a0Para el conjunto de la eurozona cayeron un 0,8, es decir, los <\/span><strong><span>salarios en Espa\u00f1a el pasado a\u00f1o ajustados al IPC triplicaron la p\u00e9rdida de valor de la eurozona<\/span><\/strong><span>\u00a0y eso con un gobierno de superizquierdas en el poder.\u00a0Pero este hecho deflacionista no tuvo efecto alguno sobre el incremento de precios.<\/span><\/p>\n<p><span><span class=\"\">La tasa interanual del IPC por parte de los\u00a0<\/span><\/span><strong><span><span class=\"\">alimentos<\/span><\/span><\/strong><span><span class=\"\">\u00a0se\u00f1ala que la espa\u00f1ola es un 35% mayor que la de la eurozona, y una cifra pr\u00e1cticamente equivalente se da en relaci\u00f3n con la energ\u00eda.\u00a0<\/span>S\u00f3lo en los bienes no energ\u00e9ticos y en los servicios, nuestro diferencial es favorable, menor en un 21%.\u00a0El resultado de todo ello explica por qu\u00e9 sacamos dos puntos casi de diferencia inflacionaria con lo que ocurre en Europa.\u00a0Lo que debe explicar el gobierno es por qu\u00e9\u00a0<\/span><strong><span>nuestros alimentos y nuestra energ\u00eda es mucho m\u00e1s cara<\/span><\/strong><span>\u00a0y lo que debe resolver es la minoraci\u00f3n de este incremento.<\/span><\/p>\n<p><span>Somos el segundo pa\u00eds, despu\u00e9s de Italia, con el mayor crecimiento interanual de la energ\u00eda y este hecho es causado por la electricidad y el gas. Pero atenci\u00f3n, porque en carburantes para el transporte ya no vamos detr\u00e1s de Italia, sino que nuestro crecimiento en relaci\u00f3n al IPC es mucho mayor. La diferencia con pa\u00edses como Alemania y Francia es importante.<\/span><\/p>\n<p><span>Es necesario que el gobierno\u00a0<\/span><strong><span>explique la raz\u00f3n <\/span><\/strong><span>de estas importantes diferencias y que los organismos empresariales y sindicales aporten su visi\u00f3n, porque el problema reside aqu\u00ed. <span class=\"goog-text-highlight\">Puede haber inflaci\u00f3n en toda Europa, pero no es ni mucho menos la del mismo nivel, y en esa diferencia de calidad es donde radica el problema espa\u00f1ol.\u00a0<\/span>Estamos en una repetici\u00f3n de lo que ocurri\u00f3 durante la pandemia.\u00a0Todos los pa\u00edses de Europa la han sufrido, todos han visto descender su econom\u00eda, todos han visto c\u00f3mo se produc\u00eda la recuperaci\u00f3n, pero en los tres casos Espa\u00f1a siempre ha ocupado y con diferencia la peor posici\u00f3n. El estrago ha sido mayor, el da\u00f1o econ\u00f3mico mucho mayor y la recuperaci\u00f3n mucho m\u00e1s lenta.\u00a0Ahora ocurre que la inflaci\u00f3n por componentes es muy superior.\u00a0Si no se abordan estas cuestiones de fondo, lo que hacen las medidas de S\u00e1nchez es aplicar maquillaje a la herida en lugar de curarla.<\/span><\/p>\n<p><span>Y junto con un diagn\u00f3stico claro de las causas de nuestros problemas que nos hacen diferentes del com\u00fan europeo, tambi\u00e9n hay que decir con toda claridad que la \u00fanica respuesta v\u00e1lida para paliar el desastre es que el\u00a0<\/span><strong><span>gobierno nos devuelva todo el dinero que le hace ingresar de m\u00e1s la elevada inflaci\u00f3n<\/span><\/strong><span>.\u00a0La mejor forma de corregir el problema es que el estado ingrese lo que ten\u00eda que ingresar con una inflaci\u00f3n m\u00e1s o menos normal, que ya era de por s\u00ed alta viniendo de d\u00f3nde ven\u00edamos, pero que evidentemente poco tiene que ver con el 7 % y 9% que empieza a ofrecernos el a\u00f1o.\u00a0<span class=\"goog-text-highlight\">Todo este excedente en IVA, sobre todo, en IRPF y en impuestos a los carburantes debe ser devuelto y dejar de cobrarse. <\/span>Esta medida, adem\u00e1s, es mucho m\u00e1s justa que el sistema de ir distribuyendo ayudas que, o bien son simplemente paliativos de la pobreza, o como los 20 c\u00e9ntimos de los carburantes, no resuelven nada porque lo que devuelven es una m\u00ednima parte del incremento que van recaudando de m\u00e1s en estos \u00faltimos d\u00edas.<\/span><\/p>\n<p><span>Necesitamos\u00a0<\/span><strong><span>ideas claras y transparencia<\/span><\/strong><span>, y si el gobierno no nos lo da, al menos que la oposici\u00f3n sea capaz de hacerlo, a la vez que la sociedad civil hace un planteamiento claro y n\u00edtido en ese sentido.<\/span><\/p>\n<div id=\"polls-145\" class=\"wp-polls\">\n\t<form id=\"polls_form_145\" class=\"wp-polls-form\" action=\"\/index.php\" method=\"post\">\n\t\t<p style=\"display: none;\"><input type=\"hidden\" id=\"poll_145_nonce\" name=\"wp-polls-nonce\" value=\"4ceeeb7827\" \/><\/p>\n\t\t<p style=\"display: none;\"><input type=\"hidden\" name=\"poll_id\" value=\"145\" \/><\/p>\n\t\t<p style=\"text-align: center\"><strong>Creus que les mesures que ha anunciat el govern espanyol seran suficients per pal\u00b7liar els estralls de la crisi?<\/strong><\/p><div id=\"polls-145-ans\" class=\"wp-polls-ans\"><ul class=\"wp-polls-ul\">\n\t\t<li><input type=\"radio\" id=\"poll-answer-373\" name=\"poll_145\" value=\"373\" \/> <label for=\"poll-answer-373\">S\u00ed<\/label><\/li>\n\t\t<li><input type=\"radio\" id=\"poll-answer-374\" name=\"poll_145\" value=\"374\" \/> <label for=\"poll-answer-374\">No<\/label><\/li>\n\t\t<li><input type=\"radio\" id=\"poll-answer-375\" name=\"poll_145\" value=\"375\" \/> <label for=\"poll-answer-375\">No ho s\u00e9<\/label><\/li>\n\t\t<\/ul><p style=\"text-align: center\"><input type=\"button\" name=\"vote\" value=\"   Vota   \" class=\"Buttons\" onclick=\"poll_vote(145);\" \/><\/p><p style=\"text-align: center\"><a href=\"#ViewPollResults\" onclick=\"poll_result(145); return false;\" title=\"View Results Of This Poll\">Mira els resultats<\/a><\/p><\/div>\n\t<\/form>\n<\/div>\n<div id=\"polls-145-loading\" class=\"wp-polls-loading\"><img decoding=\"async\" data-src=\"https:\/\/conversesacatalunya.cat\/wp-content\/plugins\/wp-polls\/images\/loading.gif\" width=\"16\" height=\"16\" alt=\"Cargando ...\" title=\"Cargando ...\" class=\"wp-polls-image lazyload\" src=\"data:image\/svg+xml;base64,PHN2ZyB3aWR0aD0iMSIgaGVpZ2h0PSIxIiB4bWxucz0iaHR0cDovL3d3dy53My5vcmcvMjAwMC9zdmciPjwvc3ZnPg==\" style=\"--smush-placeholder-width: 16px; --smush-placeholder-aspect-ratio: 16\/16;\" \/>&nbsp;Cargando ...<\/div>\n\n<p>&nbsp;<\/p>\n","protected":false},"excerpt":{"rendered":"<p>Como es habitual en S\u00e1nchez, el Congreso de los Diputados es si no me queda m\u00e1s remedio. Porque\u00a0ha sido la \u00faltima instancia en enterarse de las importantes medidas que quiere aplicar el gobierno.\u00a0El m\u00e9todo S\u00e1nchez es siempre el mismo: toma decisiones, las comunica medi\u00e1ticamente en lo que le interesa, no informa de los contenidos a los dem\u00e1s partidos, ni a su socio de gobierno y se acaba presentando en el Parlamento pidiendo que le aprueben, sin tocar ni una coma, lo que apenas conocen, en nombre de la unidad y el bien de Espa\u00f1a. Quien le compre hace un mal favor a la soluci\u00f3n de los problemas y al funcionamiento de la democracia.\u00a0Porque es evidente que un plan de esa naturaleza, para intentar paliar los impactos de la crisis, deber\u00eda ser fruto de una\u00a0elaboraci\u00f3n compartida atenta y no de un papel que te ponen delante y al que debes contestar s\u00ed o no. Esto es de una racionalidad total.\u00a0En el discurso de S\u00e1nchez y del gobierno en general, adem\u00e1s de atribuirle toda la culpa a Putin, algo que no dice demasiado de su finura de an\u00e1lisis, no explica un hecho fundamental de por qu\u00e9 el\u00a0diferencial de inflaci\u00f3n de Espa\u00f1a es mucho mayor que el de la eurozona\u00a0si precisamente nuestro pa\u00eds es el que ha registrado una mayor p\u00e9rdida de poder adquisitivo por parte de los salarios. Por tanto, tendr\u00edamos aqu\u00ed un comportamiento m\u00e1s bien deflacionista. A lo largo de 2021 el IPC subyacente se increment\u00f3, en tasas interanuales, un 44,3%, mientras que los salarios lo hicieron en un 2,3%.\u00a0Pero si se considera la valoraci\u00f3n del salario real, es decir, el coste laboral ajustado por el IPC, en 2021 en Espa\u00f1a la retribuci\u00f3n se redujo en un 2,3, muy por encima de Italia que lo hizo en un 1,6 y Alemania con un 0,8.\u00a0El caso de Francia fue a\u00fan un poco m\u00e1s moderado, al llegar a -0,7.\u00a0Para el conjunto de la eurozona cayeron un 0,8, es decir, los salarios en Espa\u00f1a el pasado a\u00f1o ajustados al IPC triplicaron la p\u00e9rdida de valor de la eurozona\u00a0y eso con un gobierno de superizquierdas en el poder.\u00a0Pero este hecho deflacionista no tuvo efecto alguno sobre el incremento de precios. La tasa interanual del IPC por parte de los\u00a0alimentos\u00a0se\u00f1ala que la espa\u00f1ola es un 35% mayor que la de la eurozona, y una cifra pr\u00e1cticamente equivalente se da en relaci\u00f3n con la energ\u00eda.\u00a0S\u00f3lo en los bienes no energ\u00e9ticos y en los servicios, nuestro diferencial es favorable, menor en un 21%.\u00a0El resultado de todo ello explica por qu\u00e9 sacamos dos puntos casi de diferencia inflacionaria con lo que ocurre en Europa.\u00a0Lo que debe explicar el gobierno es por qu\u00e9\u00a0nuestros alimentos y nuestra energ\u00eda es mucho m\u00e1s cara\u00a0y lo que debe resolver es la minoraci\u00f3n de este incremento. Somos el segundo pa\u00eds, despu\u00e9s de Italia, con el mayor crecimiento interanual de la energ\u00eda y este hecho es causado por la electricidad y el gas. Pero atenci\u00f3n, porque en carburantes para el transporte ya no vamos detr\u00e1s de Italia, sino que nuestro crecimiento en relaci\u00f3n al IPC es mucho mayor. La diferencia con pa\u00edses como Alemania y Francia es importante. Es necesario que el gobierno\u00a0explique la raz\u00f3n de estas importantes diferencias y que los organismos empresariales y sindicales aporten su visi\u00f3n, porque el problema reside aqu\u00ed. Puede haber inflaci\u00f3n en toda Europa, pero no es ni mucho menos la del mismo nivel, y en esa diferencia de calidad es donde radica el problema espa\u00f1ol.\u00a0Estamos en una repetici\u00f3n de lo que ocurri\u00f3 durante la pandemia.\u00a0Todos los pa\u00edses de Europa la han sufrido, todos han visto descender su econom\u00eda, todos han visto c\u00f3mo se produc\u00eda la recuperaci\u00f3n, pero en los tres casos Espa\u00f1a siempre ha ocupado y con diferencia la peor posici\u00f3n. El estrago ha sido mayor, el da\u00f1o econ\u00f3mico mucho mayor y la recuperaci\u00f3n mucho m\u00e1s lenta.\u00a0Ahora ocurre que la inflaci\u00f3n por componentes es muy superior.\u00a0Si no se abordan estas cuestiones de fondo, lo que hacen las medidas de S\u00e1nchez es aplicar maquillaje a la herida en lugar de curarla. Y junto con un diagn\u00f3stico claro de las causas de nuestros problemas que nos hacen diferentes del com\u00fan europeo, tambi\u00e9n hay que decir con toda claridad que la \u00fanica respuesta v\u00e1lida para paliar el desastre es que el\u00a0gobierno nos devuelva todo el dinero que le hace ingresar de m\u00e1s la elevada inflaci\u00f3n.\u00a0La mejor forma de corregir el problema es que el estado ingrese lo que ten\u00eda que ingresar con una inflaci\u00f3n m\u00e1s o menos normal, que ya era de por s\u00ed alta viniendo de d\u00f3nde ven\u00edamos, pero que evidentemente poco tiene que ver con el 7 % y 9% que empieza a ofrecernos el a\u00f1o.\u00a0Todo este excedente en IVA, sobre todo, en IRPF y en impuestos a los carburantes debe ser devuelto y dejar de cobrarse. Esta medida, adem\u00e1s, es mucho m\u00e1s justa que el sistema de ir distribuyendo ayudas que, o bien son simplemente paliativos de la pobreza, o como los 20 c\u00e9ntimos de los carburantes, no resuelven nada porque lo que devuelven es una m\u00ednima parte del incremento que van recaudando de m\u00e1s en estos \u00faltimos d\u00edas. Necesitamos\u00a0ideas claras y transparencia, y si el gobierno no nos lo da, al menos que la oposici\u00f3n sea capaz de hacerlo, a la vez que la sociedad civil hace un planteamiento claro y n\u00edtido en ese sentido. &nbsp;<\/p>\n","protected":false},"author":2,"featured_media":56400,"comment_status":"open","ping_status":"open","sticky":false,"template":"","format":"standard","meta":{"_FSMCFIC_featured_image_caption":"","_FSMCFIC_featured_image_nocaption":"","_FSMCFIC_featured_image_hide":"","footnotes":""},"categories":[806],"tags":[3835,3837,4593,4594],"class_list":["post-56403","post","type-post","status-publish","format-standard","has-post-thumbnail","hentry","category-punts-claus-del-dia-es","tag-consum-energetic-es","tag-consumo-energetico","tag-crisi-economica-guerra-ucraina-es","tag-crisis-economica-guerra-ucrania"],"yoast_head":"<!-- This site is optimized with the Yoast SEO plugin v26.8 - https:\/\/yoast.com\/product\/yoast-seo-wordpress\/ -->\n<title>S\u00e1nchez: menos discurso y devu\u00e9lvenos el dinero - Converses a Catalunya<\/title>\n<meta name=\"description\" content=\"La \u00fanica respuesta v\u00e1lida para paliar el desastre es que el\u00a0gobierno nos devuelva todo el dinero que le hace ingresar de m\u00e1s la elevada inflaci\u00f3n\" \/>\n<meta name=\"robots\" content=\"index, follow, max-snippet:-1, max-image-preview:large, max-video-preview:-1\" \/>\n<link rel=\"canonical\" href=\"https:\/\/conversesacatalunya.cat\/es\/sanchez-menos-discurso-y-devuelvenos-el-dinero\/\" \/>\n<meta property=\"og:locale\" content=\"es_ES\" \/>\n<meta property=\"og:type\" content=\"article\" \/>\n<meta property=\"og:title\" content=\"S\u00e1nchez: menos discurso y devu\u00e9lvenos el dinero - Converses a Catalunya\" \/>\n<meta property=\"og:description\" content=\"La \u00fanica respuesta v\u00e1lida para paliar el desastre es que el\u00a0gobierno nos devuelva todo el dinero que le hace ingresar de m\u00e1s la elevada inflaci\u00f3n\" \/>\n<meta property=\"og:url\" content=\"https:\/\/conversesacatalunya.cat\/es\/sanchez-menos-discurso-y-devuelvenos-el-dinero\/\" \/>\n<meta property=\"og:site_name\" content=\"Converses a Catalunya\" \/>\n<meta property=\"article:published_time\" content=\"2022-03-31T11:20:18+00:00\" \/>\n<meta property=\"article:modified_time\" content=\"2022-03-31T11:48:14+00:00\" \/>\n<meta property=\"og:image\" content=\"https:\/\/conversesacatalunya.cat\/wp-content\/uploads\/2022\/03\/investidura_pedro_sanchez-pedro_sanchez-congreso_de_los_diputados_457214770_141674300_1706x960.jpg\" \/>\n\t<meta property=\"og:image:width\" content=\"1706\" \/>\n\t<meta property=\"og:image:height\" content=\"960\" \/>\n\t<meta property=\"og:image:type\" content=\"image\/jpeg\" \/>\n<meta name=\"author\" content=\"conversesacatalunya\" \/>\n<meta name=\"twitter:card\" content=\"summary_large_image\" \/>\n<meta name=\"twitter:label1\" content=\"Escrito por\" \/>\n\t<meta name=\"twitter:data1\" content=\"conversesacatalunya\" \/>\n\t<meta name=\"twitter:label2\" content=\"Tiempo de lectura\" \/>\n\t<meta name=\"twitter:data2\" content=\"5 minutos\" \/>\n<script type=\"application\/ld+json\" class=\"yoast-schema-graph\">{\"@context\":\"https:\/\/schema.org\",\"@graph\":[{\"@type\":\"Article\",\"@id\":\"https:\/\/conversesacatalunya.cat\/es\/sanchez-menos-discurso-y-devuelvenos-el-dinero\/#article\",\"isPartOf\":{\"@id\":\"https:\/\/conversesacatalunya.cat\/es\/sanchez-menos-discurso-y-devuelvenos-el-dinero\/\"},\"author\":{\"name\":\"conversesacatalunya\",\"@id\":\"https:\/\/conversesacatalunya.cat\/#\/schema\/person\/7e24d1e54a2785373ddcb275eae5ed99\"},\"headline\":\"S\u00e1nchez: menos discurso y devu\u00e9lvenos el dinero\",\"datePublished\":\"2022-03-31T11:20:18+00:00\",\"dateModified\":\"2022-03-31T11:48:14+00:00\",\"mainEntityOfPage\":{\"@id\":\"https:\/\/conversesacatalunya.cat\/es\/sanchez-menos-discurso-y-devuelvenos-el-dinero\/\"},\"wordCount\":995,\"commentCount\":0,\"image\":{\"@id\":\"https:\/\/conversesacatalunya.cat\/es\/sanchez-menos-discurso-y-devuelvenos-el-dinero\/#primaryimage\"},\"thumbnailUrl\":\"https:\/\/conversesacatalunya.cat\/wp-content\/uploads\/2022\/03\/investidura_pedro_sanchez-pedro_sanchez-congreso_de_los_diputados_457214770_141674300_1706x960.jpg\",\"keywords\":[\"consum energ\u00e8tic\",\"consumo energ\u00e9tico\",\"Crisi econ\u00f2mica guerra ucra\u00efna\",\"crisis econ\u00f3mica guerra Ucrania\"],\"articleSection\":[\"Punts clau del dia (ES)\"],\"inLanguage\":\"es\",\"potentialAction\":[{\"@type\":\"CommentAction\",\"name\":\"Comment\",\"target\":[\"https:\/\/conversesacatalunya.cat\/es\/sanchez-menos-discurso-y-devuelvenos-el-dinero\/#respond\"]}]},{\"@type\":\"WebPage\",\"@id\":\"https:\/\/conversesacatalunya.cat\/es\/sanchez-menos-discurso-y-devuelvenos-el-dinero\/\",\"url\":\"https:\/\/conversesacatalunya.cat\/es\/sanchez-menos-discurso-y-devuelvenos-el-dinero\/\",\"name\":\"S\u00e1nchez: menos discurso y devu\u00e9lvenos el dinero - Converses a Catalunya\",\"isPartOf\":{\"@id\":\"https:\/\/conversesacatalunya.cat\/#website\"},\"primaryImageOfPage\":{\"@id\":\"https:\/\/conversesacatalunya.cat\/es\/sanchez-menos-discurso-y-devuelvenos-el-dinero\/#primaryimage\"},\"image\":{\"@id\":\"https:\/\/conversesacatalunya.cat\/es\/sanchez-menos-discurso-y-devuelvenos-el-dinero\/#primaryimage\"},\"thumbnailUrl\":\"https:\/\/conversesacatalunya.cat\/wp-content\/uploads\/2022\/03\/investidura_pedro_sanchez-pedro_sanchez-congreso_de_los_diputados_457214770_141674300_1706x960.jpg\",\"datePublished\":\"2022-03-31T11:20:18+00:00\",\"dateModified\":\"2022-03-31T11:48:14+00:00\",\"author\":{\"@id\":\"https:\/\/conversesacatalunya.cat\/#\/schema\/person\/7e24d1e54a2785373ddcb275eae5ed99\"},\"description\":\"La \u00fanica respuesta v\u00e1lida para paliar el desastre es que el\u00a0gobierno nos devuelva todo el dinero que le hace ingresar de m\u00e1s la elevada inflaci\u00f3n\",\"breadcrumb\":{\"@id\":\"https:\/\/conversesacatalunya.cat\/es\/sanchez-menos-discurso-y-devuelvenos-el-dinero\/#breadcrumb\"},\"inLanguage\":\"es\",\"potentialAction\":[{\"@type\":\"ReadAction\",\"target\":[\"https:\/\/conversesacatalunya.cat\/es\/sanchez-menos-discurso-y-devuelvenos-el-dinero\/\"]}]},{\"@type\":\"ImageObject\",\"inLanguage\":\"es\",\"@id\":\"https:\/\/conversesacatalunya.cat\/es\/sanchez-menos-discurso-y-devuelvenos-el-dinero\/#primaryimage\",\"url\":\"https:\/\/conversesacatalunya.cat\/wp-content\/uploads\/2022\/03\/investidura_pedro_sanchez-pedro_sanchez-congreso_de_los_diputados_457214770_141674300_1706x960.jpg\",\"contentUrl\":\"https:\/\/conversesacatalunya.cat\/wp-content\/uploads\/2022\/03\/investidura_pedro_sanchez-pedro_sanchez-congreso_de_los_diputados_457214770_141674300_1706x960.jpg\",\"width\":1706,\"height\":960},{\"@type\":\"BreadcrumbList\",\"@id\":\"https:\/\/conversesacatalunya.cat\/es\/sanchez-menos-discurso-y-devuelvenos-el-dinero\/#breadcrumb\",\"itemListElement\":[{\"@type\":\"ListItem\",\"position\":1,\"name\":\"Inici\",\"item\":\"https:\/\/conversesacatalunya.cat\/es\/\"},{\"@type\":\"ListItem\",\"position\":2,\"name\":\"S\u00e1nchez: menos discurso y devu\u00e9lvenos el dinero\"}]},{\"@type\":\"WebSite\",\"@id\":\"https:\/\/conversesacatalunya.cat\/#website\",\"url\":\"https:\/\/conversesacatalunya.cat\/\",\"name\":\"Converses a Catalunya\",\"description\":\"\",\"potentialAction\":[{\"@type\":\"SearchAction\",\"target\":{\"@type\":\"EntryPoint\",\"urlTemplate\":\"https:\/\/conversesacatalunya.cat\/?s={search_term_string}\"},\"query-input\":{\"@type\":\"PropertyValueSpecification\",\"valueRequired\":true,\"valueName\":\"search_term_string\"}}],\"inLanguage\":\"es\"},{\"@type\":\"Person\",\"@id\":\"https:\/\/conversesacatalunya.cat\/#\/schema\/person\/7e24d1e54a2785373ddcb275eae5ed99\",\"name\":\"conversesacatalunya\",\"image\":{\"@type\":\"ImageObject\",\"inLanguage\":\"es\",\"@id\":\"https:\/\/conversesacatalunya.cat\/#\/schema\/person\/image\/\",\"url\":\"https:\/\/conversesacatalunya.cat\/wp-content\/litespeed\/avatar\/febdfeeec89d950f01c748045a981dd2.jpg?ver=1777314535\",\"contentUrl\":\"https:\/\/conversesacatalunya.cat\/wp-content\/litespeed\/avatar\/febdfeeec89d950f01c748045a981dd2.jpg?ver=1777314535\",\"caption\":\"conversesacatalunya\"},\"url\":\"https:\/\/conversesacatalunya.cat\/es\/author\/carme_catala\/\"}]}<\/script>\n<!-- \/ Yoast SEO plugin. -->","yoast_head_json":{"title":"S\u00e1nchez: menos discurso y devu\u00e9lvenos el dinero - Converses a Catalunya","description":"La \u00fanica respuesta v\u00e1lida para paliar el desastre es que el\u00a0gobierno nos devuelva todo el dinero que le hace ingresar de m\u00e1s la elevada inflaci\u00f3n","robots":{"index":"index","follow":"follow","max-snippet":"max-snippet:-1","max-image-preview":"max-image-preview:large","max-video-preview":"max-video-preview:-1"},"canonical":"https:\/\/conversesacatalunya.cat\/es\/sanchez-menos-discurso-y-devuelvenos-el-dinero\/","og_locale":"es_ES","og_type":"article","og_title":"S\u00e1nchez: menos discurso y devu\u00e9lvenos el dinero - Converses a Catalunya","og_description":"La \u00fanica respuesta v\u00e1lida para paliar el desastre es que el\u00a0gobierno nos devuelva todo el dinero que le hace ingresar de m\u00e1s la elevada inflaci\u00f3n","og_url":"https:\/\/conversesacatalunya.cat\/es\/sanchez-menos-discurso-y-devuelvenos-el-dinero\/","og_site_name":"Converses a Catalunya","article_published_time":"2022-03-31T11:20:18+00:00","article_modified_time":"2022-03-31T11:48:14+00:00","og_image":[{"width":1706,"height":960,"url":"https:\/\/conversesacatalunya.cat\/wp-content\/uploads\/2022\/03\/investidura_pedro_sanchez-pedro_sanchez-congreso_de_los_diputados_457214770_141674300_1706x960.jpg","type":"image\/jpeg"}],"author":"conversesacatalunya","twitter_card":"summary_large_image","twitter_misc":{"Escrito por":"conversesacatalunya","Tiempo de lectura":"5 minutos"},"schema":{"@context":"https:\/\/schema.org","@graph":[{"@type":"Article","@id":"https:\/\/conversesacatalunya.cat\/es\/sanchez-menos-discurso-y-devuelvenos-el-dinero\/#article","isPartOf":{"@id":"https:\/\/conversesacatalunya.cat\/es\/sanchez-menos-discurso-y-devuelvenos-el-dinero\/"},"author":{"name":"conversesacatalunya","@id":"https:\/\/conversesacatalunya.cat\/#\/schema\/person\/7e24d1e54a2785373ddcb275eae5ed99"},"headline":"S\u00e1nchez: menos discurso y devu\u00e9lvenos el dinero","datePublished":"2022-03-31T11:20:18+00:00","dateModified":"2022-03-31T11:48:14+00:00","mainEntityOfPage":{"@id":"https:\/\/conversesacatalunya.cat\/es\/sanchez-menos-discurso-y-devuelvenos-el-dinero\/"},"wordCount":995,"commentCount":0,"image":{"@id":"https:\/\/conversesacatalunya.cat\/es\/sanchez-menos-discurso-y-devuelvenos-el-dinero\/#primaryimage"},"thumbnailUrl":"https:\/\/conversesacatalunya.cat\/wp-content\/uploads\/2022\/03\/investidura_pedro_sanchez-pedro_sanchez-congreso_de_los_diputados_457214770_141674300_1706x960.jpg","keywords":["consum energ\u00e8tic","consumo energ\u00e9tico","Crisi econ\u00f2mica guerra ucra\u00efna","crisis econ\u00f3mica guerra Ucrania"],"articleSection":["Punts clau del dia (ES)"],"inLanguage":"es","potentialAction":[{"@type":"CommentAction","name":"Comment","target":["https:\/\/conversesacatalunya.cat\/es\/sanchez-menos-discurso-y-devuelvenos-el-dinero\/#respond"]}]},{"@type":"WebPage","@id":"https:\/\/conversesacatalunya.cat\/es\/sanchez-menos-discurso-y-devuelvenos-el-dinero\/","url":"https:\/\/conversesacatalunya.cat\/es\/sanchez-menos-discurso-y-devuelvenos-el-dinero\/","name":"S\u00e1nchez: menos discurso y devu\u00e9lvenos el dinero - Converses a Catalunya","isPartOf":{"@id":"https:\/\/conversesacatalunya.cat\/#website"},"primaryImageOfPage":{"@id":"https:\/\/conversesacatalunya.cat\/es\/sanchez-menos-discurso-y-devuelvenos-el-dinero\/#primaryimage"},"image":{"@id":"https:\/\/conversesacatalunya.cat\/es\/sanchez-menos-discurso-y-devuelvenos-el-dinero\/#primaryimage"},"thumbnailUrl":"https:\/\/conversesacatalunya.cat\/wp-content\/uploads\/2022\/03\/investidura_pedro_sanchez-pedro_sanchez-congreso_de_los_diputados_457214770_141674300_1706x960.jpg","datePublished":"2022-03-31T11:20:18+00:00","dateModified":"2022-03-31T11:48:14+00:00","author":{"@id":"https:\/\/conversesacatalunya.cat\/#\/schema\/person\/7e24d1e54a2785373ddcb275eae5ed99"},"description":"La \u00fanica respuesta v\u00e1lida para paliar el desastre es que el\u00a0gobierno nos devuelva todo el dinero que le hace ingresar de m\u00e1s la elevada inflaci\u00f3n","breadcrumb":{"@id":"https:\/\/conversesacatalunya.cat\/es\/sanchez-menos-discurso-y-devuelvenos-el-dinero\/#breadcrumb"},"inLanguage":"es","potentialAction":[{"@type":"ReadAction","target":["https:\/\/conversesacatalunya.cat\/es\/sanchez-menos-discurso-y-devuelvenos-el-dinero\/"]}]},{"@type":"ImageObject","inLanguage":"es","@id":"https:\/\/conversesacatalunya.cat\/es\/sanchez-menos-discurso-y-devuelvenos-el-dinero\/#primaryimage","url":"https:\/\/conversesacatalunya.cat\/wp-content\/uploads\/2022\/03\/investidura_pedro_sanchez-pedro_sanchez-congreso_de_los_diputados_457214770_141674300_1706x960.jpg","contentUrl":"https:\/\/conversesacatalunya.cat\/wp-content\/uploads\/2022\/03\/investidura_pedro_sanchez-pedro_sanchez-congreso_de_los_diputados_457214770_141674300_1706x960.jpg","width":1706,"height":960},{"@type":"BreadcrumbList","@id":"https:\/\/conversesacatalunya.cat\/es\/sanchez-menos-discurso-y-devuelvenos-el-dinero\/#breadcrumb","itemListElement":[{"@type":"ListItem","position":1,"name":"Inici","item":"https:\/\/conversesacatalunya.cat\/es\/"},{"@type":"ListItem","position":2,"name":"S\u00e1nchez: menos discurso y devu\u00e9lvenos el dinero"}]},{"@type":"WebSite","@id":"https:\/\/conversesacatalunya.cat\/#website","url":"https:\/\/conversesacatalunya.cat\/","name":"Converses a Catalunya","description":"","potentialAction":[{"@type":"SearchAction","target":{"@type":"EntryPoint","urlTemplate":"https:\/\/conversesacatalunya.cat\/?s={search_term_string}"},"query-input":{"@type":"PropertyValueSpecification","valueRequired":true,"valueName":"search_term_string"}}],"inLanguage":"es"},{"@type":"Person","@id":"https:\/\/conversesacatalunya.cat\/#\/schema\/person\/7e24d1e54a2785373ddcb275eae5ed99","name":"conversesacatalunya","image":{"@type":"ImageObject","inLanguage":"es","@id":"https:\/\/conversesacatalunya.cat\/#\/schema\/person\/image\/","url":"https:\/\/conversesacatalunya.cat\/wp-content\/litespeed\/avatar\/febdfeeec89d950f01c748045a981dd2.jpg?ver=1777314535","contentUrl":"https:\/\/conversesacatalunya.cat\/wp-content\/litespeed\/avatar\/febdfeeec89d950f01c748045a981dd2.jpg?ver=1777314535","caption":"conversesacatalunya"},"url":"https:\/\/conversesacatalunya.cat\/es\/author\/carme_catala\/"}]}},"wps_subtitle":"La \u00fanica respuesta v\u00e1lida para paliar el desastre es que el\u00a0gobierno nos devuelva todo el dinero que le hace ingresar de m\u00e1s la elevada inflaci\u00f3n","_links":{"self":[{"href":"https:\/\/conversesacatalunya.cat\/es\/wp-json\/wp\/v2\/posts\/56403","targetHints":{"allow":["GET"]}}],"collection":[{"href":"https:\/\/conversesacatalunya.cat\/es\/wp-json\/wp\/v2\/posts"}],"about":[{"href":"https:\/\/conversesacatalunya.cat\/es\/wp-json\/wp\/v2\/types\/post"}],"author":[{"embeddable":true,"href":"https:\/\/conversesacatalunya.cat\/es\/wp-json\/wp\/v2\/users\/2"}],"replies":[{"embeddable":true,"href":"https:\/\/conversesacatalunya.cat\/es\/wp-json\/wp\/v2\/comments?post=56403"}],"version-history":[{"count":2,"href":"https:\/\/conversesacatalunya.cat\/es\/wp-json\/wp\/v2\/posts\/56403\/revisions"}],"predecessor-version":[{"id":56405,"href":"https:\/\/conversesacatalunya.cat\/es\/wp-json\/wp\/v2\/posts\/56403\/revisions\/56405"}],"wp:featuredmedia":[{"embeddable":true,"href":"https:\/\/conversesacatalunya.cat\/es\/wp-json\/wp\/v2\/media\/56400"}],"wp:attachment":[{"href":"https:\/\/conversesacatalunya.cat\/es\/wp-json\/wp\/v2\/media?parent=56403"}],"wp:term":[{"taxonomy":"category","embeddable":true,"href":"https:\/\/conversesacatalunya.cat\/es\/wp-json\/wp\/v2\/categories?post=56403"},{"taxonomy":"post_tag","embeddable":true,"href":"https:\/\/conversesacatalunya.cat\/es\/wp-json\/wp\/v2\/tags?post=56403"}],"curies":[{"name":"wp","href":"https:\/\/api.w.org\/{rel}","templated":true}]}}