{"id":56330,"date":"2022-03-30T11:24:21","date_gmt":"2022-03-30T09:24:21","guid":{"rendered":"https:\/\/conversesacatalunya.cat\/?p=56330"},"modified":"2022-03-30T11:24:21","modified_gmt":"2022-03-30T09:24:21","slug":"caixaforum-expone-el-tapiz-de-miro-para-lacaixa","status":"publish","type":"post","link":"https:\/\/conversesacatalunya.cat\/es\/caixaforum-expone-el-tapiz-de-miro-para-lacaixa\/","title":{"rendered":"CaixaForum Barcelona expose el tapiz que Joan Mir\u00f3 cre\u00f3 para \u00abla Caixa\u00bb"},"content":{"rendered":"<p>CaixaForum Barcelona expondr\u00e1 <strong>durante dos meses el tapiz que Joan Mir\u00f3 y el artista textil Josep Royo crearon para \u201dla Caixa\u201d en 1980<\/strong>. Ser\u00e1 la primera oportunidad para el gran p\u00fablico en casi 40 a\u00f1os de contemplar esta obra, uno de los siete tapices monumentales que realiz\u00f3 Mir\u00f3, y la primera vez que se vea tambi\u00e9n el reverso del tapiz.<\/p>\n<p>Bajo el t\u00edtulo de <strong>La estrella de Mir\u00f3<\/strong>, el proyecto propone que el p\u00fablico pueda ver en vivo la restauraci\u00f3n de esta obra emblem\u00e1tica y conocer as\u00ed su proceso de creaci\u00f3n, la importancia del arte textil en la trayectoria de Mir\u00f3 y los procesos de conservaci\u00f3n y restauraci\u00f3n de una obra de arte.<\/p>\n<p>A finales de los setenta, la entonces denominada Caja de Pensiones para la Vejez y de Ahorros de Catalu\u00f1a y Baleares decidi\u00f3 r<strong>enovar la imagen de la entidad y Joan Mir\u00f3 fue el escogido<\/strong> para hacerlo. El encargo se convirti\u00f3 en esta obra de grandes dimensiones, que se expuso en el Museo de la Ciencia (hoy, CosmoCaixa) hasta 1984, a\u00f1o en el que se traslad\u00f3 a la sede central de la entidad, donde tan solo sus trabajadores y visitantes lo han podido apreciar estos \u00faltimos 38 a\u00f1os<\/p>\n<p>El Tapiz de la Fundaci\u00f3n \u201dla Caixa\u201d tiene <strong>5 metros de largo por 2 de alto y un peso de m\u00e1s de 200 kilos<\/strong>, y los principales materiales de los que est\u00e1 hecho son la lana, el algod\u00f3n y el c\u00e1\u00f1amo. Se trata de uno de los 7 grandes tapices que Mir\u00f3 realiz\u00f3 durante los a\u00f1os setenta en una de sus \u00faltimas aventuras expresivas, en colaboraci\u00f3n con el artesano textil Josep Royo.<\/p>\n<p>Para el traslado del tapiz monumental <strong>ha sido necesario construir una estructura met\u00e1lica<\/strong> que permita el movimiento de la obra sin retorcer las fibras. La estructura permitir\u00e1 tambi\u00e9n trabajar en la pieza por ambas caras simult\u00e1neamente. Se analizar\u00e1 el estado del tapiz por el anverso y el reverso; se descubrir\u00e1 el forro que cubre el dorso de la pieza para analizar y limpiar las fibras y se realizar\u00e1n diferentes trabajos, como la aspiraci\u00f3n y la hidrataci\u00f3n de los tejidos. Una vez finalizado el proyecto, el tapiz volver\u00e1 al vest\u00edbulo de los Servicios Centrales de la entidad, donde se expondr\u00e1 en una nueva vitrina que permitir\u00e1 mejorar el control de las condiciones ambientales de exhibici\u00f3n.<\/p>\n<p>VISITAS A LA EXPOSICI\u00d3N<br \/>\nConsultar horarios en\u00a0 <a href=\"https:\/\/caixaforum.org\/es\/barcelona\/p\/la-estrella-de-miro_a57236122\" target=\"_blank\" rel=\"noopener\"><strong>caixaforum.org<\/strong><\/a><\/p>\n<p>&nbsp;<\/p>\n","protected":false},"excerpt":{"rendered":"<p>CaixaForum Barcelona expondr\u00e1 durante dos meses el tapiz que Joan Mir\u00f3 y el artista textil Josep Royo crearon para \u201dla Caixa\u201d en 1980. Ser\u00e1 la primera oportunidad para el gran p\u00fablico en casi 40 a\u00f1os de contemplar esta obra, uno de los siete tapices monumentales que realiz\u00f3 Mir\u00f3, y la primera vez que se vea tambi\u00e9n el reverso del tapiz. Bajo el t\u00edtulo de La estrella de Mir\u00f3, el proyecto propone que el p\u00fablico pueda ver en vivo la restauraci\u00f3n de esta obra emblem\u00e1tica y conocer as\u00ed su proceso de creaci\u00f3n, la importancia del arte textil en la trayectoria de Mir\u00f3 y los procesos de conservaci\u00f3n y restauraci\u00f3n de una obra de arte. A finales de los setenta, la entonces denominada Caja de Pensiones para la Vejez y de Ahorros de Catalu\u00f1a y Baleares decidi\u00f3 renovar la imagen de la entidad y Joan Mir\u00f3 fue el escogido para hacerlo. El encargo se convirti\u00f3 en esta obra de grandes dimensiones, que se expuso en el Museo de la Ciencia (hoy, CosmoCaixa) hasta 1984, a\u00f1o en el que se traslad\u00f3 a la sede central de la entidad, donde tan solo sus trabajadores y visitantes lo han podido apreciar estos \u00faltimos 38 a\u00f1os El Tapiz de la Fundaci\u00f3n \u201dla Caixa\u201d tiene 5 metros de largo por 2 de alto y un peso de m\u00e1s de 200 kilos, y los principales materiales de los que est\u00e1 hecho son la lana, el algod\u00f3n y el c\u00e1\u00f1amo. Se trata de uno de los 7 grandes tapices que Mir\u00f3 realiz\u00f3 durante los a\u00f1os setenta en una de sus \u00faltimas aventuras expresivas, en colaboraci\u00f3n con el artesano textil Josep Royo. Para el traslado del tapiz monumental ha sido necesario construir una estructura met\u00e1lica que permita el movimiento de la obra sin retorcer las fibras. La estructura permitir\u00e1 tambi\u00e9n trabajar en la pieza por ambas caras simult\u00e1neamente. Se analizar\u00e1 el estado del tapiz por el anverso y el reverso; se descubrir\u00e1 el forro que cubre el dorso de la pieza para analizar y limpiar las fibras y se realizar\u00e1n diferentes trabajos, como la aspiraci\u00f3n y la hidrataci\u00f3n de los tejidos. Una vez finalizado el proyecto, el tapiz volver\u00e1 al vest\u00edbulo de los Servicios Centrales de la entidad, donde se expondr\u00e1 en una nueva vitrina que permitir\u00e1 mejorar el control de las condiciones ambientales de exhibici\u00f3n. VISITAS A LA EXPOSICI\u00d3N Consultar horarios en\u00a0 caixaforum.org &nbsp;<\/p>\n","protected":false},"author":3,"featured_media":56326,"comment_status":"open","ping_status":"open","sticky":false,"template":"","format":"standard","meta":{"_FSMCFIC_featured_image_caption":"","_FSMCFIC_featured_image_nocaption":"","_FSMCFIC_featured_image_hide":"","footnotes":""},"categories":[805],"tags":[2156,4084,2704],"class_list":["post-56330","post","type-post","status-publish","format-standard","has-post-thumbnail","hentry","category-projecte-cultural-es","tag-caixaforum","tag-caixaforum-barcelona","tag-fundacion-la-caixa"],"yoast_head":"<!-- This site is optimized with the Yoast SEO plugin v26.8 - https:\/\/yoast.com\/product\/yoast-seo-wordpress\/ -->\n<title>CaixaForum Barcelona expose el tapiz que Joan Mir\u00f3 cre\u00f3 para &quot;la Caixa&quot; - Converses a Catalunya<\/title>\n<meta name=\"robots\" content=\"noindex, nofollow\" \/>\n<meta property=\"og:locale\" content=\"es_ES\" \/>\n<meta property=\"og:type\" content=\"article\" \/>\n<meta property=\"og:title\" content=\"CaixaForum Barcelona expose el tapiz que Joan Mir\u00f3 cre\u00f3 para &quot;la Caixa&quot; - Converses a Catalunya\" \/>\n<meta property=\"og:description\" content=\"CaixaForum Barcelona expondr\u00e1 durante dos meses el tapiz que Joan Mir\u00f3 y el artista textil Josep Royo crearon para \u201dla Caixa\u201d en 1980. Ser\u00e1 la primera oportunidad para el gran p\u00fablico en casi 40 a\u00f1os de contemplar esta obra, uno de los siete tapices monumentales que realiz\u00f3 Mir\u00f3, y la primera vez que se vea tambi\u00e9n el reverso del tapiz. Bajo el t\u00edtulo de La estrella de Mir\u00f3, el proyecto propone que el p\u00fablico pueda ver en vivo la restauraci\u00f3n de esta obra emblem\u00e1tica y conocer as\u00ed su proceso de creaci\u00f3n, la importancia del arte textil en la trayectoria de Mir\u00f3 y los procesos de conservaci\u00f3n y restauraci\u00f3n de una obra de arte. A finales de los setenta, la entonces denominada Caja de Pensiones para la Vejez y de Ahorros de Catalu\u00f1a y Baleares decidi\u00f3 renovar la imagen de la entidad y Joan Mir\u00f3 fue el escogido para hacerlo. El encargo se convirti\u00f3 en esta obra de grandes dimensiones, que se expuso en el Museo de la Ciencia (hoy, CosmoCaixa) hasta 1984, a\u00f1o en el que se traslad\u00f3 a la sede central de la entidad, donde tan solo sus trabajadores y visitantes lo han podido apreciar estos \u00faltimos 38 a\u00f1os El Tapiz de la Fundaci\u00f3n \u201dla Caixa\u201d tiene 5 metros de largo por 2 de alto y un peso de m\u00e1s de 200 kilos, y los principales materiales de los que est\u00e1 hecho son la lana, el algod\u00f3n y el c\u00e1\u00f1amo. Se trata de uno de los 7 grandes tapices que Mir\u00f3 realiz\u00f3 durante los a\u00f1os setenta en una de sus \u00faltimas aventuras expresivas, en colaboraci\u00f3n con el artesano textil Josep Royo. Para el traslado del tapiz monumental ha sido necesario construir una estructura met\u00e1lica que permita el movimiento de la obra sin retorcer las fibras. La estructura permitir\u00e1 tambi\u00e9n trabajar en la pieza por ambas caras simult\u00e1neamente. Se analizar\u00e1 el estado del tapiz por el anverso y el reverso; se descubrir\u00e1 el forro que cubre el dorso de la pieza para analizar y limpiar las fibras y se realizar\u00e1n diferentes trabajos, como la aspiraci\u00f3n y la hidrataci\u00f3n de los tejidos. Una vez finalizado el proyecto, el tapiz volver\u00e1 al vest\u00edbulo de los Servicios Centrales de la entidad, donde se expondr\u00e1 en una nueva vitrina que permitir\u00e1 mejorar el control de las condiciones ambientales de exhibici\u00f3n. VISITAS A LA EXPOSICI\u00d3N Consultar horarios en\u00a0 caixaforum.org &nbsp;\" \/>\n<meta property=\"og:url\" content=\"https:\/\/conversesacatalunya.cat\/es\/caixaforum-expone-el-tapiz-de-miro-para-lacaixa\/\" \/>\n<meta property=\"og:site_name\" content=\"Converses a Catalunya\" \/>\n<meta property=\"article:published_time\" content=\"2022-03-30T09:24:21+00:00\" \/>\n<meta property=\"og:image\" content=\"https:\/\/conversesacatalunya.cat\/wp-content\/uploads\/2022\/03\/tapiz_miro.jpeg\" \/>\n\t<meta property=\"og:image:width\" content=\"554\" \/>\n\t<meta property=\"og:image:height\" content=\"232\" \/>\n\t<meta property=\"og:image:type\" content=\"image\/jpeg\" \/>\n<meta name=\"author\" content=\"conversesacatalunya\" \/>\n<meta name=\"twitter:card\" content=\"summary_large_image\" \/>\n<meta name=\"twitter:label1\" content=\"Escrito por\" \/>\n\t<meta name=\"twitter:data1\" content=\"conversesacatalunya\" \/>\n\t<meta name=\"twitter:label2\" content=\"Tiempo de lectura\" \/>\n\t<meta name=\"twitter:data2\" content=\"3 minutos\" \/>\n<script type=\"application\/ld+json\" class=\"yoast-schema-graph\">{\"@context\":\"https:\/\/schema.org\",\"@graph\":[{\"@type\":\"Article\",\"@id\":\"https:\/\/conversesacatalunya.cat\/es\/caixaforum-expone-el-tapiz-de-miro-para-lacaixa\/#article\",\"isPartOf\":{\"@id\":\"https:\/\/conversesacatalunya.cat\/es\/caixaforum-expone-el-tapiz-de-miro-para-lacaixa\/\"},\"author\":{\"name\":\"conversesacatalunya\",\"@id\":\"https:\/\/conversesacatalunya.cat\/#\/schema\/person\/982274792508d804a0821b413c9ac076\"},\"headline\":\"CaixaForum Barcelona expose el tapiz que Joan Mir\u00f3 cre\u00f3 para \u00abla Caixa\u00bb\",\"datePublished\":\"2022-03-30T09:24:21+00:00\",\"mainEntityOfPage\":{\"@id\":\"https:\/\/conversesacatalunya.cat\/es\/caixaforum-expone-el-tapiz-de-miro-para-lacaixa\/\"},\"wordCount\":428,\"commentCount\":0,\"image\":{\"@id\":\"https:\/\/conversesacatalunya.cat\/es\/caixaforum-expone-el-tapiz-de-miro-para-lacaixa\/#primaryimage\"},\"thumbnailUrl\":\"https:\/\/conversesacatalunya.cat\/wp-content\/uploads\/2022\/03\/tapiz_miro.jpeg\",\"keywords\":[\"CaixaForum\",\"CaixaForum Barcelona\",\"Fundaci\u00f3n \\\"la Caixa\\\"\"],\"articleSection\":[\"Projecte cultural (ES)\"],\"inLanguage\":\"es\",\"potentialAction\":[{\"@type\":\"CommentAction\",\"name\":\"Comment\",\"target\":[\"https:\/\/conversesacatalunya.cat\/es\/caixaforum-expone-el-tapiz-de-miro-para-lacaixa\/#respond\"]}]},{\"@type\":\"WebPage\",\"@id\":\"https:\/\/conversesacatalunya.cat\/es\/caixaforum-expone-el-tapiz-de-miro-para-lacaixa\/\",\"url\":\"https:\/\/conversesacatalunya.cat\/es\/caixaforum-expone-el-tapiz-de-miro-para-lacaixa\/\",\"name\":\"CaixaForum Barcelona expose el tapiz que Joan Mir\u00f3 cre\u00f3 para \\\"la Caixa\\\" - Converses a Catalunya\",\"isPartOf\":{\"@id\":\"https:\/\/conversesacatalunya.cat\/#website\"},\"primaryImageOfPage\":{\"@id\":\"https:\/\/conversesacatalunya.cat\/es\/caixaforum-expone-el-tapiz-de-miro-para-lacaixa\/#primaryimage\"},\"image\":{\"@id\":\"https:\/\/conversesacatalunya.cat\/es\/caixaforum-expone-el-tapiz-de-miro-para-lacaixa\/#primaryimage\"},\"thumbnailUrl\":\"https:\/\/conversesacatalunya.cat\/wp-content\/uploads\/2022\/03\/tapiz_miro.jpeg\",\"datePublished\":\"2022-03-30T09:24:21+00:00\",\"author\":{\"@id\":\"https:\/\/conversesacatalunya.cat\/#\/schema\/person\/982274792508d804a0821b413c9ac076\"},\"breadcrumb\":{\"@id\":\"https:\/\/conversesacatalunya.cat\/es\/caixaforum-expone-el-tapiz-de-miro-para-lacaixa\/#breadcrumb\"},\"inLanguage\":\"es\",\"potentialAction\":[{\"@type\":\"ReadAction\",\"target\":[\"https:\/\/conversesacatalunya.cat\/es\/caixaforum-expone-el-tapiz-de-miro-para-lacaixa\/\"]}]},{\"@type\":\"ImageObject\",\"inLanguage\":\"es\",\"@id\":\"https:\/\/conversesacatalunya.cat\/es\/caixaforum-expone-el-tapiz-de-miro-para-lacaixa\/#primaryimage\",\"url\":\"https:\/\/conversesacatalunya.cat\/wp-content\/uploads\/2022\/03\/tapiz_miro.jpeg\",\"contentUrl\":\"https:\/\/conversesacatalunya.cat\/wp-content\/uploads\/2022\/03\/tapiz_miro.jpeg\",\"width\":554,\"height\":232},{\"@type\":\"BreadcrumbList\",\"@id\":\"https:\/\/conversesacatalunya.cat\/es\/caixaforum-expone-el-tapiz-de-miro-para-lacaixa\/#breadcrumb\",\"itemListElement\":[{\"@type\":\"ListItem\",\"position\":1,\"name\":\"Inici\",\"item\":\"https:\/\/conversesacatalunya.cat\/es\/\"},{\"@type\":\"ListItem\",\"position\":2,\"name\":\"CaixaForum Barcelona expose el tapiz que Joan Mir\u00f3 cre\u00f3 para &#8220;la Caixa&#8221;\"}]},{\"@type\":\"WebSite\",\"@id\":\"https:\/\/conversesacatalunya.cat\/#website\",\"url\":\"https:\/\/conversesacatalunya.cat\/\",\"name\":\"Converses a Catalunya\",\"description\":\"\",\"potentialAction\":[{\"@type\":\"SearchAction\",\"target\":{\"@type\":\"EntryPoint\",\"urlTemplate\":\"https:\/\/conversesacatalunya.cat\/?s={search_term_string}\"},\"query-input\":{\"@type\":\"PropertyValueSpecification\",\"valueRequired\":true,\"valueName\":\"search_term_string\"}}],\"inLanguage\":\"es\"},{\"@type\":\"Person\",\"@id\":\"https:\/\/conversesacatalunya.cat\/#\/schema\/person\/982274792508d804a0821b413c9ac076\",\"name\":\"conversesacatalunya\",\"image\":{\"@type\":\"ImageObject\",\"inLanguage\":\"es\",\"@id\":\"https:\/\/conversesacatalunya.cat\/#\/schema\/person\/image\/\",\"url\":\"https:\/\/conversesacatalunya.cat\/wp-content\/litespeed\/avatar\/f04b47eeffd9637c7cf7869e217fb9ec.jpg?ver=1777370077\",\"contentUrl\":\"https:\/\/conversesacatalunya.cat\/wp-content\/litespeed\/avatar\/f04b47eeffd9637c7cf7869e217fb9ec.jpg?ver=1777370077\",\"caption\":\"conversesacatalunya\"},\"url\":\"https:\/\/conversesacatalunya.cat\/es\/author\/muntsa_escola\/\"}]}<\/script>\n<!-- \/ Yoast SEO plugin. -->","yoast_head_json":{"title":"CaixaForum Barcelona expose el tapiz que Joan Mir\u00f3 cre\u00f3 para \"la Caixa\" - Converses a Catalunya","robots":{"index":"noindex","follow":"nofollow"},"og_locale":"es_ES","og_type":"article","og_title":"CaixaForum Barcelona expose el tapiz que Joan Mir\u00f3 cre\u00f3 para \"la Caixa\" - Converses a Catalunya","og_description":"CaixaForum Barcelona expondr\u00e1 durante dos meses el tapiz que Joan Mir\u00f3 y el artista textil Josep Royo crearon para \u201dla Caixa\u201d en 1980. Ser\u00e1 la primera oportunidad para el gran p\u00fablico en casi 40 a\u00f1os de contemplar esta obra, uno de los siete tapices monumentales que realiz\u00f3 Mir\u00f3, y la primera vez que se vea tambi\u00e9n el reverso del tapiz. Bajo el t\u00edtulo de La estrella de Mir\u00f3, el proyecto propone que el p\u00fablico pueda ver en vivo la restauraci\u00f3n de esta obra emblem\u00e1tica y conocer as\u00ed su proceso de creaci\u00f3n, la importancia del arte textil en la trayectoria de Mir\u00f3 y los procesos de conservaci\u00f3n y restauraci\u00f3n de una obra de arte. A finales de los setenta, la entonces denominada Caja de Pensiones para la Vejez y de Ahorros de Catalu\u00f1a y Baleares decidi\u00f3 renovar la imagen de la entidad y Joan Mir\u00f3 fue el escogido para hacerlo. El encargo se convirti\u00f3 en esta obra de grandes dimensiones, que se expuso en el Museo de la Ciencia (hoy, CosmoCaixa) hasta 1984, a\u00f1o en el que se traslad\u00f3 a la sede central de la entidad, donde tan solo sus trabajadores y visitantes lo han podido apreciar estos \u00faltimos 38 a\u00f1os El Tapiz de la Fundaci\u00f3n \u201dla Caixa\u201d tiene 5 metros de largo por 2 de alto y un peso de m\u00e1s de 200 kilos, y los principales materiales de los que est\u00e1 hecho son la lana, el algod\u00f3n y el c\u00e1\u00f1amo. Se trata de uno de los 7 grandes tapices que Mir\u00f3 realiz\u00f3 durante los a\u00f1os setenta en una de sus \u00faltimas aventuras expresivas, en colaboraci\u00f3n con el artesano textil Josep Royo. Para el traslado del tapiz monumental ha sido necesario construir una estructura met\u00e1lica que permita el movimiento de la obra sin retorcer las fibras. La estructura permitir\u00e1 tambi\u00e9n trabajar en la pieza por ambas caras simult\u00e1neamente. Se analizar\u00e1 el estado del tapiz por el anverso y el reverso; se descubrir\u00e1 el forro que cubre el dorso de la pieza para analizar y limpiar las fibras y se realizar\u00e1n diferentes trabajos, como la aspiraci\u00f3n y la hidrataci\u00f3n de los tejidos. Una vez finalizado el proyecto, el tapiz volver\u00e1 al vest\u00edbulo de los Servicios Centrales de la entidad, donde se expondr\u00e1 en una nueva vitrina que permitir\u00e1 mejorar el control de las condiciones ambientales de exhibici\u00f3n. VISITAS A LA EXPOSICI\u00d3N Consultar horarios en\u00a0 caixaforum.org &nbsp;","og_url":"https:\/\/conversesacatalunya.cat\/es\/caixaforum-expone-el-tapiz-de-miro-para-lacaixa\/","og_site_name":"Converses a Catalunya","article_published_time":"2022-03-30T09:24:21+00:00","og_image":[{"width":554,"height":232,"url":"https:\/\/conversesacatalunya.cat\/wp-content\/uploads\/2022\/03\/tapiz_miro.jpeg","type":"image\/jpeg"}],"author":"conversesacatalunya","twitter_card":"summary_large_image","twitter_misc":{"Escrito por":"conversesacatalunya","Tiempo de lectura":"3 minutos"},"schema":{"@context":"https:\/\/schema.org","@graph":[{"@type":"Article","@id":"https:\/\/conversesacatalunya.cat\/es\/caixaforum-expone-el-tapiz-de-miro-para-lacaixa\/#article","isPartOf":{"@id":"https:\/\/conversesacatalunya.cat\/es\/caixaforum-expone-el-tapiz-de-miro-para-lacaixa\/"},"author":{"name":"conversesacatalunya","@id":"https:\/\/conversesacatalunya.cat\/#\/schema\/person\/982274792508d804a0821b413c9ac076"},"headline":"CaixaForum Barcelona expose el tapiz que Joan Mir\u00f3 cre\u00f3 para \u00abla Caixa\u00bb","datePublished":"2022-03-30T09:24:21+00:00","mainEntityOfPage":{"@id":"https:\/\/conversesacatalunya.cat\/es\/caixaforum-expone-el-tapiz-de-miro-para-lacaixa\/"},"wordCount":428,"commentCount":0,"image":{"@id":"https:\/\/conversesacatalunya.cat\/es\/caixaforum-expone-el-tapiz-de-miro-para-lacaixa\/#primaryimage"},"thumbnailUrl":"https:\/\/conversesacatalunya.cat\/wp-content\/uploads\/2022\/03\/tapiz_miro.jpeg","keywords":["CaixaForum","CaixaForum Barcelona","Fundaci\u00f3n \"la Caixa\""],"articleSection":["Projecte cultural (ES)"],"inLanguage":"es","potentialAction":[{"@type":"CommentAction","name":"Comment","target":["https:\/\/conversesacatalunya.cat\/es\/caixaforum-expone-el-tapiz-de-miro-para-lacaixa\/#respond"]}]},{"@type":"WebPage","@id":"https:\/\/conversesacatalunya.cat\/es\/caixaforum-expone-el-tapiz-de-miro-para-lacaixa\/","url":"https:\/\/conversesacatalunya.cat\/es\/caixaforum-expone-el-tapiz-de-miro-para-lacaixa\/","name":"CaixaForum Barcelona expose el tapiz que Joan Mir\u00f3 cre\u00f3 para \"la Caixa\" - Converses a Catalunya","isPartOf":{"@id":"https:\/\/conversesacatalunya.cat\/#website"},"primaryImageOfPage":{"@id":"https:\/\/conversesacatalunya.cat\/es\/caixaforum-expone-el-tapiz-de-miro-para-lacaixa\/#primaryimage"},"image":{"@id":"https:\/\/conversesacatalunya.cat\/es\/caixaforum-expone-el-tapiz-de-miro-para-lacaixa\/#primaryimage"},"thumbnailUrl":"https:\/\/conversesacatalunya.cat\/wp-content\/uploads\/2022\/03\/tapiz_miro.jpeg","datePublished":"2022-03-30T09:24:21+00:00","author":{"@id":"https:\/\/conversesacatalunya.cat\/#\/schema\/person\/982274792508d804a0821b413c9ac076"},"breadcrumb":{"@id":"https:\/\/conversesacatalunya.cat\/es\/caixaforum-expone-el-tapiz-de-miro-para-lacaixa\/#breadcrumb"},"inLanguage":"es","potentialAction":[{"@type":"ReadAction","target":["https:\/\/conversesacatalunya.cat\/es\/caixaforum-expone-el-tapiz-de-miro-para-lacaixa\/"]}]},{"@type":"ImageObject","inLanguage":"es","@id":"https:\/\/conversesacatalunya.cat\/es\/caixaforum-expone-el-tapiz-de-miro-para-lacaixa\/#primaryimage","url":"https:\/\/conversesacatalunya.cat\/wp-content\/uploads\/2022\/03\/tapiz_miro.jpeg","contentUrl":"https:\/\/conversesacatalunya.cat\/wp-content\/uploads\/2022\/03\/tapiz_miro.jpeg","width":554,"height":232},{"@type":"BreadcrumbList","@id":"https:\/\/conversesacatalunya.cat\/es\/caixaforum-expone-el-tapiz-de-miro-para-lacaixa\/#breadcrumb","itemListElement":[{"@type":"ListItem","position":1,"name":"Inici","item":"https:\/\/conversesacatalunya.cat\/es\/"},{"@type":"ListItem","position":2,"name":"CaixaForum Barcelona expose el tapiz que Joan Mir\u00f3 cre\u00f3 para &#8220;la Caixa&#8221;"}]},{"@type":"WebSite","@id":"https:\/\/conversesacatalunya.cat\/#website","url":"https:\/\/conversesacatalunya.cat\/","name":"Converses a Catalunya","description":"","potentialAction":[{"@type":"SearchAction","target":{"@type":"EntryPoint","urlTemplate":"https:\/\/conversesacatalunya.cat\/?s={search_term_string}"},"query-input":{"@type":"PropertyValueSpecification","valueRequired":true,"valueName":"search_term_string"}}],"inLanguage":"es"},{"@type":"Person","@id":"https:\/\/conversesacatalunya.cat\/#\/schema\/person\/982274792508d804a0821b413c9ac076","name":"conversesacatalunya","image":{"@type":"ImageObject","inLanguage":"es","@id":"https:\/\/conversesacatalunya.cat\/#\/schema\/person\/image\/","url":"https:\/\/conversesacatalunya.cat\/wp-content\/litespeed\/avatar\/f04b47eeffd9637c7cf7869e217fb9ec.jpg?ver=1777370077","contentUrl":"https:\/\/conversesacatalunya.cat\/wp-content\/litespeed\/avatar\/f04b47eeffd9637c7cf7869e217fb9ec.jpg?ver=1777370077","caption":"conversesacatalunya"},"url":"https:\/\/conversesacatalunya.cat\/es\/author\/muntsa_escola\/"}]}},"wps_subtitle":"La entidad traslada temporalmente a CaixaForum Barcelona la obra monumental que encarg\u00f3 a Joan Mir\u00f3 y de la que sali\u00f3 la ic\u00f3nica estrella mironiana que forma el emblema de la entidad","_links":{"self":[{"href":"https:\/\/conversesacatalunya.cat\/es\/wp-json\/wp\/v2\/posts\/56330","targetHints":{"allow":["GET"]}}],"collection":[{"href":"https:\/\/conversesacatalunya.cat\/es\/wp-json\/wp\/v2\/posts"}],"about":[{"href":"https:\/\/conversesacatalunya.cat\/es\/wp-json\/wp\/v2\/types\/post"}],"author":[{"embeddable":true,"href":"https:\/\/conversesacatalunya.cat\/es\/wp-json\/wp\/v2\/users\/3"}],"replies":[{"embeddable":true,"href":"https:\/\/conversesacatalunya.cat\/es\/wp-json\/wp\/v2\/comments?post=56330"}],"version-history":[{"count":2,"href":"https:\/\/conversesacatalunya.cat\/es\/wp-json\/wp\/v2\/posts\/56330\/revisions"}],"predecessor-version":[{"id":56332,"href":"https:\/\/conversesacatalunya.cat\/es\/wp-json\/wp\/v2\/posts\/56330\/revisions\/56332"}],"wp:featuredmedia":[{"embeddable":true,"href":"https:\/\/conversesacatalunya.cat\/es\/wp-json\/wp\/v2\/media\/56326"}],"wp:attachment":[{"href":"https:\/\/conversesacatalunya.cat\/es\/wp-json\/wp\/v2\/media?parent=56330"}],"wp:term":[{"taxonomy":"category","embeddable":true,"href":"https:\/\/conversesacatalunya.cat\/es\/wp-json\/wp\/v2\/categories?post=56330"},{"taxonomy":"post_tag","embeddable":true,"href":"https:\/\/conversesacatalunya.cat\/es\/wp-json\/wp\/v2\/tags?post=56330"}],"curies":[{"name":"wp","href":"https:\/\/api.w.org\/{rel}","templated":true}]}}