{"id":56143,"date":"2022-03-23T11:54:55","date_gmt":"2022-03-23T10:54:55","guid":{"rendered":"https:\/\/conversesacatalunya.cat\/la-crisi-espanyola\/"},"modified":"2022-03-23T15:11:34","modified_gmt":"2022-03-23T14:11:34","slug":"la-crisis-espanola","status":"publish","type":"post","link":"https:\/\/conversesacatalunya.cat\/es\/la-crisis-espanola\/","title":{"rendered":"Se profundiza la crisis espa\u00f1ola: cuando las prioridades de S\u00e1nchez no son las de la gente"},"content":{"rendered":"<p><span><span class=\"\">Cada d\u00eda que pasa la actividad econ\u00f3mica espa\u00f1ola y la vida de las familias se hunde un poco m\u00e1s. <\/span>Las empresas sufren cuatro grandes efectos negativos:<\/span><\/p>\n<ul>\n<li><span>La crisis del\u00a0<\/span><strong><span>precio de la energ\u00eda<\/span><\/strong><span>.<\/span><\/li>\n<li><span>La\u00a0<\/span><strong><span>crisis de costes<\/span><\/strong><span>, no s\u00f3lo debido al precio del gas y del petr\u00f3leo, sino tambi\u00e9n por las rupturas de la log\u00edstica de aprovisionamiento.<\/span><\/li>\n<li><span>El\u00a0<\/span><strong><span>desabastecimiento efectivo de alimentos y productos<\/span><\/strong><span>\u00a0que aunque no es cr\u00edtico, ya genera alarma.\u00a0No es raro ver c\u00f3mo hay personas que compran grandes packs de leche porque temen su ausencia en los supermercados. Es un signo.<\/span><\/li>\n<li><span>La dificultad, en este contexto, de las empresas para <\/span><strong><span>devolver los cr\u00e9ditos Covid<\/span><\/strong><span>.<\/span><\/li>\n<\/ul>\n<p><span>En este escenario, la <\/span><strong><span>huelga de transportes<\/span><\/strong><span>\u00a0crece con la incorporaci\u00f3n de dos de las patronales que hasta ahora manten\u00edan su actividad regular.\u00a0<span class=\"goog-text-highlight\">La huelga de los pescadores, si bien no general, es suficiente para afectar al abastecimiento de los mercados.\u00a0<\/span>Las plantas embotelladoras de leche no tienen materia prima y el problema se hace sentir.\u00a0La construcci\u00f3n est\u00e1 paralizada tanto en obra comenzada como en nuevos proyectos y no s\u00f3lo por el abastecimiento, sino por los crecientes costes de bienes b\u00e1sicos.\u00a0El caso del acero y la cer\u00e1mica son paradigm\u00e1ticos.<\/span><\/p>\n<p><span>Nuevos riesgos se suman al panorama.\u00a0El\u00a0<\/span><strong><span>sector agrario<\/span><\/strong><span>\u00a0est\u00e1 debatiendo unirse a la huelga de los transportistas y est\u00e1 prevista una gran manifestaci\u00f3n de taxistas y conductores de autobuses en Madrid.<\/span><\/p>\n<p><span>En este contexto S\u00e1nchez espera en la reuni\u00f3n del Consejo de la Uni\u00f3n Europea, y lo \u00fanico que consigue es que la bola de nieve sea cada vez mayor.\u00a0Parad\u00f3jicamente, en otros \u00e1mbitos el gobierno s\u00ed se mantiene activo, lo que ocurre es que esta actividad no es la que esperan y necesitan los ciudadanos.\u00a0El caso m\u00e1s espectacular es la\u00a0<\/span><strong><span>iniciativa con Marruecos<\/span><\/strong><span>\u00a0que\u00a0<\/span><a href=\"https:\/\/conversesacatalunya.cat\/es\/sanchez-juega-al-solitario-con-el-magreb\/\"><span>hemos comentado<\/span><\/a><span>\u00a0sobradamente en Converses.\u00a0Argelia ya ha informado de que est\u00e1 preparando una respuesta global a la iniciativa espa\u00f1ola.<\/span><\/p>\n<p><span>El gobierno no se est\u00e1 de descalificar la huelga de camioneros con una acusaci\u00f3n muy grave, que es que est\u00e1n <\/span><strong><span>al servicio de la extrema derecha<\/span><\/strong><span>.\u00a0Y a la vez a\u00f1ade que los agricultores est\u00e1n \u00abinfiltrados\u00bb por Vox y el PP, un concepto democr\u00e1ticamente muy peligroso, porque quiere decir que estos dos partidos no est\u00e1n legitimados para participar en las protestas.\u00a0Hay que recordar que no hace tantos meses que el gobierno despenaliz\u00f3 la acci\u00f3n de los piquetes de huelga, por tanto, que las huelgas s\u00f3lo las hac\u00edan \u00absuyos\u00bb.\u00a0Y como una cosa llama a la otra, la delegada del Gobierno contra la Violencia de G\u00e9nero, Victoria Rosell, avisa a Vox de que hablar de violencia intrafamiliar causar\u00e1 \u00abm\u00e1s asesinatos machistas\u00bb.\u00a0Mientras, a base de no tratar este tipo de violencias, la pederastia que tiene en este \u00e1mbito una de sus m\u00e1ximas representaciones, sigue campando sin l\u00edmites.<\/span><\/p>\n<p><span>Carece de disponibilidad econ\u00f3mica para dar una respuesta r\u00e1pida a las demandas y necesidades de empresas y aut\u00f3nomos.\u00a0Pero s\u00ed la tiene para dedicar dinero a la \u201cdigitalizaci\u00f3n\u201d del sector agrario.\u00a0<span class=\"goog-text-highlight\">Vaya en estos momentos a los agricultores y ganaderos a hablarles de digitalizaci\u00f3n.\u00a0<\/span>Y como S\u00e1nchez es sobre todo brillante, en el \u00faltimo consejo de ministros en el que no ha habido tiempo de ocuparse de las necesidades de la gente, ha acordado una inyecci\u00f3n de 220 millones de euros (s\u00ed, \u00e9sta es la cifra) para\u00a0<\/span><strong><span>gastos aeroespaciales<\/span><\/strong><span>.\u00a0La raz\u00f3n literal es esta: \u00abha empezado la batalla por conquistar el universo y Espa\u00f1a no se puede quedar atr\u00e1s\u00bb.<\/span><\/p>\n<p>Mientras la contrapartida de Marruecos, oficializada en un documento, de renunciar a la reivindicaci\u00f3n sobre Ceuta, Melilla, las aguas territoriales de las Islas Canarias y el control de flujos de inmigraci\u00f3n, no est\u00e1 ni se le espera.<\/p>\n<div id=\"polls-144\" class=\"wp-polls\">\n\t<form id=\"polls_form_144\" class=\"wp-polls-form\" action=\"\/index.php\" method=\"post\">\n\t\t<p style=\"display: none;\"><input type=\"hidden\" id=\"poll_144_nonce\" name=\"wp-polls-nonce\" value=\"582526c9e3\" \/><\/p>\n\t\t<p style=\"display: none;\"><input type=\"hidden\" name=\"poll_id\" value=\"144\" \/><\/p>\n\t\t<p style=\"text-align: center\"><strong>Cal que el plenari de l'Ajuntament de Barcelona emeti un vot de censura a Ada Colau per la sent\u00e8ncia del TSJC que deixa sense efecte les zones de baixes emissions (ZBE) a Barcelona?<\/strong><\/p><div id=\"polls-144-ans\" class=\"wp-polls-ans\"><ul class=\"wp-polls-ul\">\n\t\t<li><input type=\"radio\" id=\"poll-answer-370\" name=\"poll_144\" value=\"370\" \/> <label for=\"poll-answer-370\">S\u00ed<\/label><\/li>\n\t\t<li><input type=\"radio\" id=\"poll-answer-371\" name=\"poll_144\" value=\"371\" \/> <label for=\"poll-answer-371\">No<\/label><\/li>\n\t\t<li><input type=\"radio\" id=\"poll-answer-372\" name=\"poll_144\" value=\"372\" \/> <label for=\"poll-answer-372\">No ho s\u00e9<\/label><\/li>\n\t\t<\/ul><p style=\"text-align: center\"><input type=\"button\" name=\"vote\" value=\"   Vota   \" class=\"Buttons\" onclick=\"poll_vote(144);\" \/><\/p><p style=\"text-align: center\"><a href=\"#ViewPollResults\" onclick=\"poll_result(144); return false;\" title=\"View Results Of This Poll\">Mira els resultats<\/a><\/p><\/div>\n\t<\/form>\n<\/div>\n<div id=\"polls-144-loading\" class=\"wp-polls-loading\"><img decoding=\"async\" data-src=\"https:\/\/conversesacatalunya.cat\/wp-content\/plugins\/wp-polls\/images\/loading.gif\" width=\"16\" height=\"16\" alt=\"Cargando ...\" title=\"Cargando ...\" class=\"wp-polls-image lazyload\" src=\"data:image\/svg+xml;base64,PHN2ZyB3aWR0aD0iMSIgaGVpZ2h0PSIxIiB4bWxucz0iaHR0cDovL3d3dy53My5vcmcvMjAwMC9zdmciPjwvc3ZnPg==\" style=\"--smush-placeholder-width: 16px; --smush-placeholder-aspect-ratio: 16\/16;\" \/>&nbsp;Cargando ...<\/div>\n\n","protected":false},"excerpt":{"rendered":"<p>Cada d\u00eda que pasa la actividad econ\u00f3mica espa\u00f1ola y la vida de las familias se hunde un poco m\u00e1s. Las empresas sufren cuatro grandes efectos negativos: La crisis del\u00a0precio de la energ\u00eda. La\u00a0crisis de costes, no s\u00f3lo debido al precio del gas y del petr\u00f3leo, sino tambi\u00e9n por las rupturas de la log\u00edstica de aprovisionamiento. El\u00a0desabastecimiento efectivo de alimentos y productos\u00a0que aunque no es cr\u00edtico, ya genera alarma.\u00a0No es raro ver c\u00f3mo hay personas que compran grandes packs de leche porque temen su ausencia en los supermercados. Es un signo. La dificultad, en este contexto, de las empresas para devolver los cr\u00e9ditos Covid. En este escenario, la huelga de transportes\u00a0crece con la incorporaci\u00f3n de dos de las patronales que hasta ahora manten\u00edan su actividad regular.\u00a0La huelga de los pescadores, si bien no general, es suficiente para afectar al abastecimiento de los mercados.\u00a0Las plantas embotelladoras de leche no tienen materia prima y el problema se hace sentir.\u00a0La construcci\u00f3n est\u00e1 paralizada tanto en obra comenzada como en nuevos proyectos y no s\u00f3lo por el abastecimiento, sino por los crecientes costes de bienes b\u00e1sicos.\u00a0El caso del acero y la cer\u00e1mica son paradigm\u00e1ticos. Nuevos riesgos se suman al panorama.\u00a0El\u00a0sector agrario\u00a0est\u00e1 debatiendo unirse a la huelga de los transportistas y est\u00e1 prevista una gran manifestaci\u00f3n de taxistas y conductores de autobuses en Madrid. En este contexto S\u00e1nchez espera en la reuni\u00f3n del Consejo de la Uni\u00f3n Europea, y lo \u00fanico que consigue es que la bola de nieve sea cada vez mayor.\u00a0Parad\u00f3jicamente, en otros \u00e1mbitos el gobierno s\u00ed se mantiene activo, lo que ocurre es que esta actividad no es la que esperan y necesitan los ciudadanos.\u00a0El caso m\u00e1s espectacular es la\u00a0iniciativa con Marruecos\u00a0que\u00a0hemos comentado\u00a0sobradamente en Converses.\u00a0Argelia ya ha informado de que est\u00e1 preparando una respuesta global a la iniciativa espa\u00f1ola. El gobierno no se est\u00e1 de descalificar la huelga de camioneros con una acusaci\u00f3n muy grave, que es que est\u00e1n al servicio de la extrema derecha.\u00a0Y a la vez a\u00f1ade que los agricultores est\u00e1n \u00abinfiltrados\u00bb por Vox y el PP, un concepto democr\u00e1ticamente muy peligroso, porque quiere decir que estos dos partidos no est\u00e1n legitimados para participar en las protestas.\u00a0Hay que recordar que no hace tantos meses que el gobierno despenaliz\u00f3 la acci\u00f3n de los piquetes de huelga, por tanto, que las huelgas s\u00f3lo las hac\u00edan \u00absuyos\u00bb.\u00a0Y como una cosa llama a la otra, la delegada del Gobierno contra la Violencia de G\u00e9nero, Victoria Rosell, avisa a Vox de que hablar de violencia intrafamiliar causar\u00e1 \u00abm\u00e1s asesinatos machistas\u00bb.\u00a0Mientras, a base de no tratar este tipo de violencias, la pederastia que tiene en este \u00e1mbito una de sus m\u00e1ximas representaciones, sigue campando sin l\u00edmites. Carece de disponibilidad econ\u00f3mica para dar una respuesta r\u00e1pida a las demandas y necesidades de empresas y aut\u00f3nomos.\u00a0Pero s\u00ed la tiene para dedicar dinero a la \u201cdigitalizaci\u00f3n\u201d del sector agrario.\u00a0Vaya en estos momentos a los agricultores y ganaderos a hablarles de digitalizaci\u00f3n.\u00a0Y como S\u00e1nchez es sobre todo brillante, en el \u00faltimo consejo de ministros en el que no ha habido tiempo de ocuparse de las necesidades de la gente, ha acordado una inyecci\u00f3n de 220 millones de euros (s\u00ed, \u00e9sta es la cifra) para\u00a0gastos aeroespaciales.\u00a0La raz\u00f3n literal es esta: \u00abha empezado la batalla por conquistar el universo y Espa\u00f1a no se puede quedar atr\u00e1s\u00bb. Mientras la contrapartida de Marruecos, oficializada en un documento, de renunciar a la reivindicaci\u00f3n sobre Ceuta, Melilla, las aguas territoriales de las Islas Canarias y el control de flujos de inmigraci\u00f3n, no est\u00e1 ni se le espera.<\/p>\n","protected":false},"author":2,"featured_media":56128,"comment_status":"open","ping_status":"open","sticky":false,"template":"","format":"standard","meta":{"_FSMCFIC_featured_image_caption":"","_FSMCFIC_featured_image_nocaption":"","_FSMCFIC_featured_image_hide":"","footnotes":""},"categories":[806],"tags":[1051,999],"class_list":["post-56143","post","type-post","status-publish","format-standard","has-post-thumbnail","hentry","category-punts-claus-del-dia-es","tag-crisi-economica-es","tag-crisis-economica"],"yoast_head":"<!-- This site is optimized with the Yoast SEO plugin v26.8 - https:\/\/yoast.com\/product\/yoast-seo-wordpress\/ -->\n<title>Se profundiza la crisis espa\u00f1ola: cuando las prioridades de S\u00e1nchez no son las de la gente - Converses a Catalunya<\/title>\n<meta name=\"description\" content=\"Cada d\u00eda que pasa la actividad econ\u00f3mica espa\u00f1ola y la vida de las familias se hunde un poco m\u00e1s\" \/>\n<meta name=\"robots\" content=\"index, follow, max-snippet:-1, max-image-preview:large, max-video-preview:-1\" \/>\n<link rel=\"canonical\" href=\"https:\/\/conversesacatalunya.cat\/es\/la-crisis-espanola\/\" \/>\n<meta property=\"og:locale\" content=\"es_ES\" \/>\n<meta property=\"og:type\" content=\"article\" \/>\n<meta property=\"og:title\" content=\"Se profundiza la crisis espa\u00f1ola: cuando las prioridades de S\u00e1nchez no son las de la gente - Converses a Catalunya\" \/>\n<meta property=\"og:description\" content=\"Cada d\u00eda que pasa la actividad econ\u00f3mica espa\u00f1ola y la vida de las familias se hunde un poco m\u00e1s\" \/>\n<meta property=\"og:url\" content=\"https:\/\/conversesacatalunya.cat\/es\/la-crisis-espanola\/\" \/>\n<meta property=\"og:site_name\" content=\"Converses a Catalunya\" \/>\n<meta property=\"article:published_time\" content=\"2022-03-23T10:54:55+00:00\" \/>\n<meta property=\"article:modified_time\" content=\"2022-03-23T14:11:34+00:00\" \/>\n<meta property=\"og:image\" content=\"https:\/\/conversesacatalunya.cat\/wp-content\/uploads\/2022\/03\/Desabastecimiento-EP-1024x683-1.jpg\" \/>\n\t<meta property=\"og:image:width\" content=\"1024\" \/>\n\t<meta property=\"og:image:height\" content=\"683\" \/>\n\t<meta property=\"og:image:type\" content=\"image\/jpeg\" \/>\n<meta name=\"author\" content=\"conversesacatalunya\" \/>\n<meta name=\"twitter:card\" content=\"summary_large_image\" \/>\n<meta name=\"twitter:label1\" content=\"Escrito por\" \/>\n\t<meta name=\"twitter:data1\" content=\"conversesacatalunya\" \/>\n\t<meta name=\"twitter:label2\" content=\"Tiempo de lectura\" \/>\n\t<meta name=\"twitter:data2\" content=\"3 minutos\" \/>\n<script type=\"application\/ld+json\" class=\"yoast-schema-graph\">{\"@context\":\"https:\/\/schema.org\",\"@graph\":[{\"@type\":\"Article\",\"@id\":\"https:\/\/conversesacatalunya.cat\/es\/la-crisis-espanola\/#article\",\"isPartOf\":{\"@id\":\"https:\/\/conversesacatalunya.cat\/es\/la-crisis-espanola\/\"},\"author\":{\"name\":\"conversesacatalunya\",\"@id\":\"https:\/\/conversesacatalunya.cat\/#\/schema\/person\/7e24d1e54a2785373ddcb275eae5ed99\"},\"headline\":\"Se profundiza la crisis espa\u00f1ola: cuando las prioridades de S\u00e1nchez no son las de la gente\",\"datePublished\":\"2022-03-23T10:54:55+00:00\",\"dateModified\":\"2022-03-23T14:11:34+00:00\",\"mainEntityOfPage\":{\"@id\":\"https:\/\/conversesacatalunya.cat\/es\/la-crisis-espanola\/\"},\"wordCount\":679,\"commentCount\":0,\"image\":{\"@id\":\"https:\/\/conversesacatalunya.cat\/es\/la-crisis-espanola\/#primaryimage\"},\"thumbnailUrl\":\"https:\/\/conversesacatalunya.cat\/wp-content\/uploads\/2022\/03\/Desabastecimiento-EP-1024x683-1.jpg\",\"keywords\":[\"Crisi econ\u00f2mica\",\"crisis econ\u00f3mica\"],\"articleSection\":[\"Punts clau del dia (ES)\"],\"inLanguage\":\"es\",\"potentialAction\":[{\"@type\":\"CommentAction\",\"name\":\"Comment\",\"target\":[\"https:\/\/conversesacatalunya.cat\/es\/la-crisis-espanola\/#respond\"]}]},{\"@type\":\"WebPage\",\"@id\":\"https:\/\/conversesacatalunya.cat\/es\/la-crisis-espanola\/\",\"url\":\"https:\/\/conversesacatalunya.cat\/es\/la-crisis-espanola\/\",\"name\":\"Se profundiza la crisis espa\u00f1ola: cuando las prioridades de S\u00e1nchez no son las de la gente - Converses a Catalunya\",\"isPartOf\":{\"@id\":\"https:\/\/conversesacatalunya.cat\/#website\"},\"primaryImageOfPage\":{\"@id\":\"https:\/\/conversesacatalunya.cat\/es\/la-crisis-espanola\/#primaryimage\"},\"image\":{\"@id\":\"https:\/\/conversesacatalunya.cat\/es\/la-crisis-espanola\/#primaryimage\"},\"thumbnailUrl\":\"https:\/\/conversesacatalunya.cat\/wp-content\/uploads\/2022\/03\/Desabastecimiento-EP-1024x683-1.jpg\",\"datePublished\":\"2022-03-23T10:54:55+00:00\",\"dateModified\":\"2022-03-23T14:11:34+00:00\",\"author\":{\"@id\":\"https:\/\/conversesacatalunya.cat\/#\/schema\/person\/7e24d1e54a2785373ddcb275eae5ed99\"},\"description\":\"Cada d\u00eda que pasa la actividad econ\u00f3mica espa\u00f1ola y la vida de las familias se hunde un poco m\u00e1s\",\"breadcrumb\":{\"@id\":\"https:\/\/conversesacatalunya.cat\/es\/la-crisis-espanola\/#breadcrumb\"},\"inLanguage\":\"es\",\"potentialAction\":[{\"@type\":\"ReadAction\",\"target\":[\"https:\/\/conversesacatalunya.cat\/es\/la-crisis-espanola\/\"]}]},{\"@type\":\"ImageObject\",\"inLanguage\":\"es\",\"@id\":\"https:\/\/conversesacatalunya.cat\/es\/la-crisis-espanola\/#primaryimage\",\"url\":\"https:\/\/conversesacatalunya.cat\/wp-content\/uploads\/2022\/03\/Desabastecimiento-EP-1024x683-1.jpg\",\"contentUrl\":\"https:\/\/conversesacatalunya.cat\/wp-content\/uploads\/2022\/03\/Desabastecimiento-EP-1024x683-1.jpg\",\"width\":1024,\"height\":683},{\"@type\":\"BreadcrumbList\",\"@id\":\"https:\/\/conversesacatalunya.cat\/es\/la-crisis-espanola\/#breadcrumb\",\"itemListElement\":[{\"@type\":\"ListItem\",\"position\":1,\"name\":\"Inici\",\"item\":\"https:\/\/conversesacatalunya.cat\/es\/\"},{\"@type\":\"ListItem\",\"position\":2,\"name\":\"Se profundiza la crisis espa\u00f1ola: cuando las prioridades de S\u00e1nchez no son las de la gente\"}]},{\"@type\":\"WebSite\",\"@id\":\"https:\/\/conversesacatalunya.cat\/#website\",\"url\":\"https:\/\/conversesacatalunya.cat\/\",\"name\":\"Converses a Catalunya\",\"description\":\"\",\"potentialAction\":[{\"@type\":\"SearchAction\",\"target\":{\"@type\":\"EntryPoint\",\"urlTemplate\":\"https:\/\/conversesacatalunya.cat\/?s={search_term_string}\"},\"query-input\":{\"@type\":\"PropertyValueSpecification\",\"valueRequired\":true,\"valueName\":\"search_term_string\"}}],\"inLanguage\":\"es\"},{\"@type\":\"Person\",\"@id\":\"https:\/\/conversesacatalunya.cat\/#\/schema\/person\/7e24d1e54a2785373ddcb275eae5ed99\",\"name\":\"conversesacatalunya\",\"image\":{\"@type\":\"ImageObject\",\"inLanguage\":\"es\",\"@id\":\"https:\/\/conversesacatalunya.cat\/#\/schema\/person\/image\/\",\"url\":\"https:\/\/conversesacatalunya.cat\/wp-content\/litespeed\/avatar\/febdfeeec89d950f01c748045a981dd2.jpg?ver=1777314535\",\"contentUrl\":\"https:\/\/conversesacatalunya.cat\/wp-content\/litespeed\/avatar\/febdfeeec89d950f01c748045a981dd2.jpg?ver=1777314535\",\"caption\":\"conversesacatalunya\"},\"url\":\"https:\/\/conversesacatalunya.cat\/es\/author\/carme_catala\/\"}]}<\/script>\n<!-- \/ Yoast SEO plugin. -->","yoast_head_json":{"title":"Se profundiza la crisis espa\u00f1ola: cuando las prioridades de S\u00e1nchez no son las de la gente - Converses a Catalunya","description":"Cada d\u00eda que pasa la actividad econ\u00f3mica espa\u00f1ola y la vida de las familias se hunde un poco m\u00e1s","robots":{"index":"index","follow":"follow","max-snippet":"max-snippet:-1","max-image-preview":"max-image-preview:large","max-video-preview":"max-video-preview:-1"},"canonical":"https:\/\/conversesacatalunya.cat\/es\/la-crisis-espanola\/","og_locale":"es_ES","og_type":"article","og_title":"Se profundiza la crisis espa\u00f1ola: cuando las prioridades de S\u00e1nchez no son las de la gente - Converses a Catalunya","og_description":"Cada d\u00eda que pasa la actividad econ\u00f3mica espa\u00f1ola y la vida de las familias se hunde un poco m\u00e1s","og_url":"https:\/\/conversesacatalunya.cat\/es\/la-crisis-espanola\/","og_site_name":"Converses a Catalunya","article_published_time":"2022-03-23T10:54:55+00:00","article_modified_time":"2022-03-23T14:11:34+00:00","og_image":[{"width":1024,"height":683,"url":"https:\/\/conversesacatalunya.cat\/wp-content\/uploads\/2022\/03\/Desabastecimiento-EP-1024x683-1.jpg","type":"image\/jpeg"}],"author":"conversesacatalunya","twitter_card":"summary_large_image","twitter_misc":{"Escrito por":"conversesacatalunya","Tiempo de lectura":"3 minutos"},"schema":{"@context":"https:\/\/schema.org","@graph":[{"@type":"Article","@id":"https:\/\/conversesacatalunya.cat\/es\/la-crisis-espanola\/#article","isPartOf":{"@id":"https:\/\/conversesacatalunya.cat\/es\/la-crisis-espanola\/"},"author":{"name":"conversesacatalunya","@id":"https:\/\/conversesacatalunya.cat\/#\/schema\/person\/7e24d1e54a2785373ddcb275eae5ed99"},"headline":"Se profundiza la crisis espa\u00f1ola: cuando las prioridades de S\u00e1nchez no son las de la gente","datePublished":"2022-03-23T10:54:55+00:00","dateModified":"2022-03-23T14:11:34+00:00","mainEntityOfPage":{"@id":"https:\/\/conversesacatalunya.cat\/es\/la-crisis-espanola\/"},"wordCount":679,"commentCount":0,"image":{"@id":"https:\/\/conversesacatalunya.cat\/es\/la-crisis-espanola\/#primaryimage"},"thumbnailUrl":"https:\/\/conversesacatalunya.cat\/wp-content\/uploads\/2022\/03\/Desabastecimiento-EP-1024x683-1.jpg","keywords":["Crisi econ\u00f2mica","crisis econ\u00f3mica"],"articleSection":["Punts clau del dia (ES)"],"inLanguage":"es","potentialAction":[{"@type":"CommentAction","name":"Comment","target":["https:\/\/conversesacatalunya.cat\/es\/la-crisis-espanola\/#respond"]}]},{"@type":"WebPage","@id":"https:\/\/conversesacatalunya.cat\/es\/la-crisis-espanola\/","url":"https:\/\/conversesacatalunya.cat\/es\/la-crisis-espanola\/","name":"Se profundiza la crisis espa\u00f1ola: cuando las prioridades de S\u00e1nchez no son las de la gente - Converses a Catalunya","isPartOf":{"@id":"https:\/\/conversesacatalunya.cat\/#website"},"primaryImageOfPage":{"@id":"https:\/\/conversesacatalunya.cat\/es\/la-crisis-espanola\/#primaryimage"},"image":{"@id":"https:\/\/conversesacatalunya.cat\/es\/la-crisis-espanola\/#primaryimage"},"thumbnailUrl":"https:\/\/conversesacatalunya.cat\/wp-content\/uploads\/2022\/03\/Desabastecimiento-EP-1024x683-1.jpg","datePublished":"2022-03-23T10:54:55+00:00","dateModified":"2022-03-23T14:11:34+00:00","author":{"@id":"https:\/\/conversesacatalunya.cat\/#\/schema\/person\/7e24d1e54a2785373ddcb275eae5ed99"},"description":"Cada d\u00eda que pasa la actividad econ\u00f3mica espa\u00f1ola y la vida de las familias se hunde un poco m\u00e1s","breadcrumb":{"@id":"https:\/\/conversesacatalunya.cat\/es\/la-crisis-espanola\/#breadcrumb"},"inLanguage":"es","potentialAction":[{"@type":"ReadAction","target":["https:\/\/conversesacatalunya.cat\/es\/la-crisis-espanola\/"]}]},{"@type":"ImageObject","inLanguage":"es","@id":"https:\/\/conversesacatalunya.cat\/es\/la-crisis-espanola\/#primaryimage","url":"https:\/\/conversesacatalunya.cat\/wp-content\/uploads\/2022\/03\/Desabastecimiento-EP-1024x683-1.jpg","contentUrl":"https:\/\/conversesacatalunya.cat\/wp-content\/uploads\/2022\/03\/Desabastecimiento-EP-1024x683-1.jpg","width":1024,"height":683},{"@type":"BreadcrumbList","@id":"https:\/\/conversesacatalunya.cat\/es\/la-crisis-espanola\/#breadcrumb","itemListElement":[{"@type":"ListItem","position":1,"name":"Inici","item":"https:\/\/conversesacatalunya.cat\/es\/"},{"@type":"ListItem","position":2,"name":"Se profundiza la crisis espa\u00f1ola: cuando las prioridades de S\u00e1nchez no son las de la gente"}]},{"@type":"WebSite","@id":"https:\/\/conversesacatalunya.cat\/#website","url":"https:\/\/conversesacatalunya.cat\/","name":"Converses a Catalunya","description":"","potentialAction":[{"@type":"SearchAction","target":{"@type":"EntryPoint","urlTemplate":"https:\/\/conversesacatalunya.cat\/?s={search_term_string}"},"query-input":{"@type":"PropertyValueSpecification","valueRequired":true,"valueName":"search_term_string"}}],"inLanguage":"es"},{"@type":"Person","@id":"https:\/\/conversesacatalunya.cat\/#\/schema\/person\/7e24d1e54a2785373ddcb275eae5ed99","name":"conversesacatalunya","image":{"@type":"ImageObject","inLanguage":"es","@id":"https:\/\/conversesacatalunya.cat\/#\/schema\/person\/image\/","url":"https:\/\/conversesacatalunya.cat\/wp-content\/litespeed\/avatar\/febdfeeec89d950f01c748045a981dd2.jpg?ver=1777314535","contentUrl":"https:\/\/conversesacatalunya.cat\/wp-content\/litespeed\/avatar\/febdfeeec89d950f01c748045a981dd2.jpg?ver=1777314535","caption":"conversesacatalunya"},"url":"https:\/\/conversesacatalunya.cat\/es\/author\/carme_catala\/"}]}},"wps_subtitle":"Cada d\u00eda que pasa la actividad econ\u00f3mica espa\u00f1ola y la vida de las familias se hunde un poco m\u00e1s","_links":{"self":[{"href":"https:\/\/conversesacatalunya.cat\/es\/wp-json\/wp\/v2\/posts\/56143","targetHints":{"allow":["GET"]}}],"collection":[{"href":"https:\/\/conversesacatalunya.cat\/es\/wp-json\/wp\/v2\/posts"}],"about":[{"href":"https:\/\/conversesacatalunya.cat\/es\/wp-json\/wp\/v2\/types\/post"}],"author":[{"embeddable":true,"href":"https:\/\/conversesacatalunya.cat\/es\/wp-json\/wp\/v2\/users\/2"}],"replies":[{"embeddable":true,"href":"https:\/\/conversesacatalunya.cat\/es\/wp-json\/wp\/v2\/comments?post=56143"}],"version-history":[{"count":2,"href":"https:\/\/conversesacatalunya.cat\/es\/wp-json\/wp\/v2\/posts\/56143\/revisions"}],"predecessor-version":[{"id":56145,"href":"https:\/\/conversesacatalunya.cat\/es\/wp-json\/wp\/v2\/posts\/56143\/revisions\/56145"}],"wp:featuredmedia":[{"embeddable":true,"href":"https:\/\/conversesacatalunya.cat\/es\/wp-json\/wp\/v2\/media\/56128"}],"wp:attachment":[{"href":"https:\/\/conversesacatalunya.cat\/es\/wp-json\/wp\/v2\/media?parent=56143"}],"wp:term":[{"taxonomy":"category","embeddable":true,"href":"https:\/\/conversesacatalunya.cat\/es\/wp-json\/wp\/v2\/categories?post=56143"},{"taxonomy":"post_tag","embeddable":true,"href":"https:\/\/conversesacatalunya.cat\/es\/wp-json\/wp\/v2\/tags?post=56143"}],"curies":[{"name":"wp","href":"https:\/\/api.w.org\/{rel}","templated":true}]}}