{"id":56077,"date":"2022-03-22T10:21:56","date_gmt":"2022-03-22T09:21:56","guid":{"rendered":"https:\/\/conversesacatalunya.cat\/?p=56077"},"modified":"2022-03-22T10:21:56","modified_gmt":"2022-03-22T09:21:56","slug":"ayuda-humanitaria-con-corazon-y-con-cabeza","status":"publish","type":"post","link":"https:\/\/conversesacatalunya.cat\/es\/ayuda-humanitaria-con-corazon-y-con-cabeza\/","title":{"rendered":"Ayuda humanitaria con coraz\u00f3n y con cabeza"},"content":{"rendered":"<p>La mayor\u00eda de las noticias que cada d\u00eda recibimos son desesperanzadoras, podr\u00edamos decir que malas, y que poco invitan al optimismo en un futuro mejor. Noticias relacionadas con la subida de la energ\u00eda, precios cada vez m\u00e1s altos, escasez de productos, se mezclan con todas aquellas relativas con la invasi\u00f3n rusa de Ucrania, que actualmente es el foco de atenci\u00f3n, y la preocupaci\u00f3n social m\u00e1s alarmante.<\/p>\n<p>Seg\u00fan<a href=\"https:\/\/ayudaenaccion.org\/blog\/ayuda-humanitaria\/paises-conflicto-2022\/\" target=\"_blank\" rel=\"noopener\"> Ayuda en Acci\u00f3n<\/a>, actualmente hay alrededor de 10 focos de conflicto internacionales, pa\u00edses en tensi\u00f3n, en muchos casos guerras civiles, que <strong>contin\u00faan tambi\u00e9n en el 2022, como son los de Siria, Libia, Yemen, Afganist\u00e1n, Etiopia o los que hay en Am\u00e9rica Latina, Colombia o Nicaragua<\/strong>. A los que ahora se suma la guerra en Europa: Ucrania y Rusia.<\/p>\n<p>Todos los pa\u00edses, en conflicto, durante estos a\u00f1os han necesitado de ayuda humanitaria como consecuencia de las hostilidades, ayuda coordinada por las organizaciones y voluntarios que trabajan en esas zonas; pero es evidente que durante estos d\u00edas la solidaridad y la generosidad de la sociedad se ha incrementado con la invasi\u00f3n rusa, ya que <strong>en el caso de Europa nos vemos reflejados en el pueblo ucraniano y con su situaci\u00f3n de sufrimiento y de emergencia.<\/strong><\/p>\n<p>La ola de solidaridad provocada por la situaci\u00f3n en Ucrania est\u00e1 haciendo <strong>dif\u00edcil de gestionar todas las ayudas<\/strong> humanitarias de las personas que quieren colaborar, que no son indiferentes a la tragedia humana que se est\u00e1 viviendo y que hace que las diferentes ONGs tengan que dar respuesta a estas ayudas casi sin tiempo y capacidad para reacci\u00f3n.<\/p>\n<p>Por este motivo los ciudadanos debemos <strong>atender a las peticiones y recomendaciones que nos hacen desde estas instituciones y organizaciones especializadas<\/strong>, que nos indican cual es la mejor forma de colaborar, para que puedan coordinar los env\u00edos de manera segura, no s\u00f3lo materiales sino de fondos econ\u00f3micos necesarios para invertir all\u00ed en Ucrania o en ayuda a los refugiados. <strong>Organizaciones con experiencia y solvencia en cooperaci\u00f3n y crisis humanitarias<\/strong> presentes en las Coordinadoras de ONGs de las Comunidades Aut\u00f3nomas, como C\u00e1ritas, Cruz Roja, M\u00e9dicos del Mundo, Oxfam Interm\u00f3n o UNICEF.<\/p>\n<p>El emotivismo, las ganas de colaborar y de auxiliar a la poblaci\u00f3n que est\u00e1 sufriendo el horror de la guerra <strong>hace que ayudemos de manera descontrolada y descoordinada<\/strong>, sin saber en muchos casos si nuestra ayuda llegar\u00e1 al destino con garant\u00edas; atenci\u00f3n a la informaci\u00f3n que viene de fuentes fiables y a las ONG\u2019s que trabajan en la zona es fundamental, son ellas las que canalizar\u00e1n la ayuda humanitaria de manera r\u00e1pida y eficaz. La desinformaci\u00f3n y las falsas noticias tambi\u00e9n est\u00e1n presentes y pueden jugar en contra.<\/p>\n<p>Es muy necesario que haya una<strong> generosidad con coraz\u00f3n y con cabeza<\/strong> y as\u00ed contribuir a que las ONG`s puedan organizar las ayudas de la mejor forma posible, para que nuestras contribuciones de emergencia lleguen, pero <strong>no entorpeciendo su labor en nuestro af\u00e1n de ser solidarios<\/strong>.<\/p>\n<p>Los ciudadanos somos altruistas y caritativos, pero hagamos caso a los avisos que nos indiquen y<strong> no nos olvidemos tampoco de las personas que siguen necesitando de nuestra ayuda en otros lugares en situaciones similares<\/strong>.<\/p>\n<span class='bctt-click-to-tweet'><span class='bctt-ctt-text'><a href='https:\/\/twitter.com\/intent\/tweet?url=https%3A%2F%2Fconversesacatalunya.cat%2Fes%2Fayuda-humanitaria-con-corazon-y-con-cabeza%2F&#038;text=Las%20ONG%60s%20puedan%20organizar%20las%20ayudas%20de%20la%20mejor%20forma%20posible%2C%20para%20que%20nuestras%20contribuciones%20de%20emergencia%20lleguen%2C%20pero%20no%20entorpeciendo%20su%20labor%20en%20nuestro%20af%C3%A1n%20de%20ser%20solidarios&#038;via=conversesacat&#038;related=conversesacat' target='_blank'rel=\"noopener noreferrer\">Las ONG`s puedan organizar las ayudas de la mejor forma posible, para que nuestras contribuciones de emergencia lleguen, pero no entorpeciendo su labor en nuestro af\u00e1n de ser solidarios <\/a><\/span><a href='https:\/\/twitter.com\/intent\/tweet?url=https%3A%2F%2Fconversesacatalunya.cat%2Fes%2Fayuda-humanitaria-con-corazon-y-con-cabeza%2F&#038;text=Las%20ONG%60s%20puedan%20organizar%20las%20ayudas%20de%20la%20mejor%20forma%20posible%2C%20para%20que%20nuestras%20contribuciones%20de%20emergencia%20lleguen%2C%20pero%20no%20entorpeciendo%20su%20labor%20en%20nuestro%20af%C3%A1n%20de%20ser%20solidarios&#038;via=conversesacat&#038;related=conversesacat' target='_blank' class='bctt-ctt-btn'rel=\"noopener noreferrer\">Compartir en X<\/a><\/span>\n","protected":false},"excerpt":{"rendered":"<p>La mayor\u00eda de las noticias que cada d\u00eda recibimos son desesperanzadoras, podr\u00edamos decir que malas, y que poco invitan al optimismo en un futuro mejor. Noticias relacionadas con la subida de la energ\u00eda, precios cada vez m\u00e1s altos, escasez de productos, se mezclan con todas aquellas relativas con la invasi\u00f3n rusa de Ucrania, que actualmente es el foco de atenci\u00f3n, y la preocupaci\u00f3n social m\u00e1s alarmante. Seg\u00fan Ayuda en Acci\u00f3n, actualmente hay alrededor de 10 focos de conflicto internacionales, pa\u00edses en tensi\u00f3n, en muchos casos guerras civiles, que contin\u00faan tambi\u00e9n en el 2022, como son los de Siria, Libia, Yemen, Afganist\u00e1n, Etiopia o los que hay en Am\u00e9rica Latina, Colombia o Nicaragua. A los que ahora se suma la guerra en Europa: Ucrania y Rusia. Todos los pa\u00edses, en conflicto, durante estos a\u00f1os han necesitado de ayuda humanitaria como consecuencia de las hostilidades, ayuda coordinada por las organizaciones y voluntarios que trabajan en esas zonas; pero es evidente que durante estos d\u00edas la solidaridad y la generosidad de la sociedad se ha incrementado con la invasi\u00f3n rusa, ya que en el caso de Europa nos vemos reflejados en el pueblo ucraniano y con su situaci\u00f3n de sufrimiento y de emergencia. La ola de solidaridad provocada por la situaci\u00f3n en Ucrania est\u00e1 haciendo dif\u00edcil de gestionar todas las ayudas humanitarias de las personas que quieren colaborar, que no son indiferentes a la tragedia humana que se est\u00e1 viviendo y que hace que las diferentes ONGs tengan que dar respuesta a estas ayudas casi sin tiempo y capacidad para reacci\u00f3n. Por este motivo los ciudadanos debemos atender a las peticiones y recomendaciones que nos hacen desde estas instituciones y organizaciones especializadas, que nos indican cual es la mejor forma de colaborar, para que puedan coordinar los env\u00edos de manera segura, no s\u00f3lo materiales sino de fondos econ\u00f3micos necesarios para invertir all\u00ed en Ucrania o en ayuda a los refugiados. Organizaciones con experiencia y solvencia en cooperaci\u00f3n y crisis humanitarias presentes en las Coordinadoras de ONGs de las Comunidades Aut\u00f3nomas, como C\u00e1ritas, Cruz Roja, M\u00e9dicos del Mundo, Oxfam Interm\u00f3n o UNICEF. El emotivismo, las ganas de colaborar y de auxiliar a la poblaci\u00f3n que est\u00e1 sufriendo el horror de la guerra hace que ayudemos de manera descontrolada y descoordinada, sin saber en muchos casos si nuestra ayuda llegar\u00e1 al destino con garant\u00edas; atenci\u00f3n a la informaci\u00f3n que viene de fuentes fiables y a las ONG\u2019s que trabajan en la zona es fundamental, son ellas las que canalizar\u00e1n la ayuda humanitaria de manera r\u00e1pida y eficaz. La desinformaci\u00f3n y las falsas noticias tambi\u00e9n est\u00e1n presentes y pueden jugar en contra. Es muy necesario que haya una generosidad con coraz\u00f3n y con cabeza y as\u00ed contribuir a que las ONG`s puedan organizar las ayudas de la mejor forma posible, para que nuestras contribuciones de emergencia lleguen, pero no entorpeciendo su labor en nuestro af\u00e1n de ser solidarios. Los ciudadanos somos altruistas y caritativos, pero hagamos caso a los avisos que nos indiquen y no nos olvidemos tampoco de las personas que siguen necesitando de nuestra ayuda en otros lugares en situaciones similares.<\/p>\n","protected":false},"author":37,"featured_media":56082,"comment_status":"open","ping_status":"open","sticky":false,"template":"","format":"standard","meta":{"_FSMCFIC_featured_image_caption":"","_FSMCFIC_featured_image_nocaption":"","_FSMCFIC_featured_image_hide":"","footnotes":""},"categories":[804],"tags":[4571,2109],"class_list":["post-56077","post","type-post","status-publish","format-standard","has-post-thumbnail","hentry","category-opinem-es","tag-ayuda-humanitaria","tag-solidaridad"],"yoast_head":"<!-- This site is optimized with the Yoast SEO plugin v26.8 - https:\/\/yoast.com\/product\/yoast-seo-wordpress\/ -->\n<title>Ayuda humanitaria con coraz\u00f3n y con cabeza - Converses a Catalunya<\/title>\n<meta name=\"description\" content=\"La ola de solidaridad provocada por Ucrania est\u00e1 haciendo dif\u00edcil de gestionar todas las ayudas humanitarias de las personas que colaboran\" \/>\n<meta name=\"robots\" content=\"noindex, nofollow\" \/>\n<meta property=\"og:locale\" content=\"es_ES\" \/>\n<meta property=\"og:type\" content=\"article\" \/>\n<meta property=\"og:title\" content=\"Ayuda humanitaria con coraz\u00f3n y con cabeza - Converses a Catalunya\" \/>\n<meta property=\"og:description\" content=\"La ola de solidaridad provocada por Ucrania est\u00e1 haciendo dif\u00edcil de gestionar todas las ayudas humanitarias de las personas que colaboran\" \/>\n<meta property=\"og:url\" content=\"https:\/\/conversesacatalunya.cat\/es\/ayuda-humanitaria-con-corazon-y-con-cabeza\/\" \/>\n<meta property=\"og:site_name\" content=\"Converses a Catalunya\" \/>\n<meta property=\"article:published_time\" content=\"2022-03-22T09:21:56+00:00\" \/>\n<meta property=\"og:image\" content=\"https:\/\/conversesacatalunya.cat\/wp-content\/uploads\/2022\/03\/ayuda-humanitaria.jpg\" \/>\n\t<meta property=\"og:image:width\" content=\"640\" \/>\n\t<meta property=\"og:image:height\" content=\"491\" \/>\n\t<meta property=\"og:image:type\" content=\"image\/jpeg\" \/>\n<meta name=\"author\" content=\"Grupo Are\u00f3pago\" \/>\n<meta name=\"twitter:card\" content=\"summary_large_image\" \/>\n<meta name=\"twitter:label1\" content=\"Escrito por\" \/>\n\t<meta name=\"twitter:data1\" content=\"Grupo Are\u00f3pago\" \/>\n\t<meta name=\"twitter:label2\" content=\"Tiempo de lectura\" \/>\n\t<meta name=\"twitter:data2\" content=\"3 minutos\" \/>\n<script type=\"application\/ld+json\" class=\"yoast-schema-graph\">{\"@context\":\"https:\/\/schema.org\",\"@graph\":[{\"@type\":\"Article\",\"@id\":\"https:\/\/conversesacatalunya.cat\/es\/ayuda-humanitaria-con-corazon-y-con-cabeza\/#article\",\"isPartOf\":{\"@id\":\"https:\/\/conversesacatalunya.cat\/es\/ayuda-humanitaria-con-corazon-y-con-cabeza\/\"},\"author\":{\"name\":\"Grupo Are\u00f3pago\",\"@id\":\"https:\/\/conversesacatalunya.cat\/#\/schema\/person\/1d194d61c951d01e076c5fbdb94140ac\"},\"headline\":\"Ayuda humanitaria con coraz\u00f3n y con cabeza\",\"datePublished\":\"2022-03-22T09:21:56+00:00\",\"mainEntityOfPage\":{\"@id\":\"https:\/\/conversesacatalunya.cat\/es\/ayuda-humanitaria-con-corazon-y-con-cabeza\/\"},\"wordCount\":604,\"commentCount\":0,\"image\":{\"@id\":\"https:\/\/conversesacatalunya.cat\/es\/ayuda-humanitaria-con-corazon-y-con-cabeza\/#primaryimage\"},\"thumbnailUrl\":\"https:\/\/conversesacatalunya.cat\/wp-content\/uploads\/2022\/03\/ayuda-humanitaria.jpg\",\"keywords\":[\"ayuda humanitaria\",\"solidaridad\"],\"articleSection\":[\"Opinem (ES)\"],\"inLanguage\":\"es\",\"potentialAction\":[{\"@type\":\"CommentAction\",\"name\":\"Comment\",\"target\":[\"https:\/\/conversesacatalunya.cat\/es\/ayuda-humanitaria-con-corazon-y-con-cabeza\/#respond\"]}]},{\"@type\":\"WebPage\",\"@id\":\"https:\/\/conversesacatalunya.cat\/es\/ayuda-humanitaria-con-corazon-y-con-cabeza\/\",\"url\":\"https:\/\/conversesacatalunya.cat\/es\/ayuda-humanitaria-con-corazon-y-con-cabeza\/\",\"name\":\"Ayuda humanitaria con coraz\u00f3n y con cabeza - Converses a Catalunya\",\"isPartOf\":{\"@id\":\"https:\/\/conversesacatalunya.cat\/#website\"},\"primaryImageOfPage\":{\"@id\":\"https:\/\/conversesacatalunya.cat\/es\/ayuda-humanitaria-con-corazon-y-con-cabeza\/#primaryimage\"},\"image\":{\"@id\":\"https:\/\/conversesacatalunya.cat\/es\/ayuda-humanitaria-con-corazon-y-con-cabeza\/#primaryimage\"},\"thumbnailUrl\":\"https:\/\/conversesacatalunya.cat\/wp-content\/uploads\/2022\/03\/ayuda-humanitaria.jpg\",\"datePublished\":\"2022-03-22T09:21:56+00:00\",\"author\":{\"@id\":\"https:\/\/conversesacatalunya.cat\/#\/schema\/person\/1d194d61c951d01e076c5fbdb94140ac\"},\"description\":\"La ola de solidaridad provocada por Ucrania est\u00e1 haciendo dif\u00edcil de gestionar todas las ayudas humanitarias de las personas que colaboran\",\"breadcrumb\":{\"@id\":\"https:\/\/conversesacatalunya.cat\/es\/ayuda-humanitaria-con-corazon-y-con-cabeza\/#breadcrumb\"},\"inLanguage\":\"es\",\"potentialAction\":[{\"@type\":\"ReadAction\",\"target\":[\"https:\/\/conversesacatalunya.cat\/es\/ayuda-humanitaria-con-corazon-y-con-cabeza\/\"]}]},{\"@type\":\"ImageObject\",\"inLanguage\":\"es\",\"@id\":\"https:\/\/conversesacatalunya.cat\/es\/ayuda-humanitaria-con-corazon-y-con-cabeza\/#primaryimage\",\"url\":\"https:\/\/conversesacatalunya.cat\/wp-content\/uploads\/2022\/03\/ayuda-humanitaria.jpg\",\"contentUrl\":\"https:\/\/conversesacatalunya.cat\/wp-content\/uploads\/2022\/03\/ayuda-humanitaria.jpg\",\"width\":640,\"height\":491},{\"@type\":\"BreadcrumbList\",\"@id\":\"https:\/\/conversesacatalunya.cat\/es\/ayuda-humanitaria-con-corazon-y-con-cabeza\/#breadcrumb\",\"itemListElement\":[{\"@type\":\"ListItem\",\"position\":1,\"name\":\"Inici\",\"item\":\"https:\/\/conversesacatalunya.cat\/es\/\"},{\"@type\":\"ListItem\",\"position\":2,\"name\":\"Ayuda humanitaria con coraz\u00f3n y con cabeza\"}]},{\"@type\":\"WebSite\",\"@id\":\"https:\/\/conversesacatalunya.cat\/#website\",\"url\":\"https:\/\/conversesacatalunya.cat\/\",\"name\":\"Converses a Catalunya\",\"description\":\"\",\"potentialAction\":[{\"@type\":\"SearchAction\",\"target\":{\"@type\":\"EntryPoint\",\"urlTemplate\":\"https:\/\/conversesacatalunya.cat\/?s={search_term_string}\"},\"query-input\":{\"@type\":\"PropertyValueSpecification\",\"valueRequired\":true,\"valueName\":\"search_term_string\"}}],\"inLanguage\":\"es\"},{\"@type\":\"Person\",\"@id\":\"https:\/\/conversesacatalunya.cat\/#\/schema\/person\/1d194d61c951d01e076c5fbdb94140ac\",\"name\":\"Grupo Are\u00f3pago\",\"image\":{\"@type\":\"ImageObject\",\"inLanguage\":\"es\",\"@id\":\"https:\/\/conversesacatalunya.cat\/#\/schema\/person\/image\/\",\"url\":\"https:\/\/conversesacatalunya.cat\/wp-content\/litespeed\/avatar\/ac3a7e39f4e8c98c3093cb7bfd60fb06.jpg?ver=1777384627\",\"contentUrl\":\"https:\/\/conversesacatalunya.cat\/wp-content\/litespeed\/avatar\/ac3a7e39f4e8c98c3093cb7bfd60fb06.jpg?ver=1777384627\",\"caption\":\"Grupo Are\u00f3pago\"},\"url\":\"https:\/\/conversesacatalunya.cat\/es\/author\/grupo-areopago\/\"}]}<\/script>\n<!-- \/ Yoast SEO plugin. -->","yoast_head_json":{"title":"Ayuda humanitaria con coraz\u00f3n y con cabeza - Converses a Catalunya","description":"La ola de solidaridad provocada por Ucrania est\u00e1 haciendo dif\u00edcil de gestionar todas las ayudas humanitarias de las personas que colaboran","robots":{"index":"noindex","follow":"nofollow"},"og_locale":"es_ES","og_type":"article","og_title":"Ayuda humanitaria con coraz\u00f3n y con cabeza - Converses a Catalunya","og_description":"La ola de solidaridad provocada por Ucrania est\u00e1 haciendo dif\u00edcil de gestionar todas las ayudas humanitarias de las personas que colaboran","og_url":"https:\/\/conversesacatalunya.cat\/es\/ayuda-humanitaria-con-corazon-y-con-cabeza\/","og_site_name":"Converses a Catalunya","article_published_time":"2022-03-22T09:21:56+00:00","og_image":[{"width":640,"height":491,"url":"https:\/\/conversesacatalunya.cat\/wp-content\/uploads\/2022\/03\/ayuda-humanitaria.jpg","type":"image\/jpeg"}],"author":"Grupo Are\u00f3pago","twitter_card":"summary_large_image","twitter_misc":{"Escrito por":"Grupo Are\u00f3pago","Tiempo de lectura":"3 minutos"},"schema":{"@context":"https:\/\/schema.org","@graph":[{"@type":"Article","@id":"https:\/\/conversesacatalunya.cat\/es\/ayuda-humanitaria-con-corazon-y-con-cabeza\/#article","isPartOf":{"@id":"https:\/\/conversesacatalunya.cat\/es\/ayuda-humanitaria-con-corazon-y-con-cabeza\/"},"author":{"name":"Grupo Are\u00f3pago","@id":"https:\/\/conversesacatalunya.cat\/#\/schema\/person\/1d194d61c951d01e076c5fbdb94140ac"},"headline":"Ayuda humanitaria con coraz\u00f3n y con cabeza","datePublished":"2022-03-22T09:21:56+00:00","mainEntityOfPage":{"@id":"https:\/\/conversesacatalunya.cat\/es\/ayuda-humanitaria-con-corazon-y-con-cabeza\/"},"wordCount":604,"commentCount":0,"image":{"@id":"https:\/\/conversesacatalunya.cat\/es\/ayuda-humanitaria-con-corazon-y-con-cabeza\/#primaryimage"},"thumbnailUrl":"https:\/\/conversesacatalunya.cat\/wp-content\/uploads\/2022\/03\/ayuda-humanitaria.jpg","keywords":["ayuda humanitaria","solidaridad"],"articleSection":["Opinem (ES)"],"inLanguage":"es","potentialAction":[{"@type":"CommentAction","name":"Comment","target":["https:\/\/conversesacatalunya.cat\/es\/ayuda-humanitaria-con-corazon-y-con-cabeza\/#respond"]}]},{"@type":"WebPage","@id":"https:\/\/conversesacatalunya.cat\/es\/ayuda-humanitaria-con-corazon-y-con-cabeza\/","url":"https:\/\/conversesacatalunya.cat\/es\/ayuda-humanitaria-con-corazon-y-con-cabeza\/","name":"Ayuda humanitaria con coraz\u00f3n y con cabeza - Converses a Catalunya","isPartOf":{"@id":"https:\/\/conversesacatalunya.cat\/#website"},"primaryImageOfPage":{"@id":"https:\/\/conversesacatalunya.cat\/es\/ayuda-humanitaria-con-corazon-y-con-cabeza\/#primaryimage"},"image":{"@id":"https:\/\/conversesacatalunya.cat\/es\/ayuda-humanitaria-con-corazon-y-con-cabeza\/#primaryimage"},"thumbnailUrl":"https:\/\/conversesacatalunya.cat\/wp-content\/uploads\/2022\/03\/ayuda-humanitaria.jpg","datePublished":"2022-03-22T09:21:56+00:00","author":{"@id":"https:\/\/conversesacatalunya.cat\/#\/schema\/person\/1d194d61c951d01e076c5fbdb94140ac"},"description":"La ola de solidaridad provocada por Ucrania est\u00e1 haciendo dif\u00edcil de gestionar todas las ayudas humanitarias de las personas que colaboran","breadcrumb":{"@id":"https:\/\/conversesacatalunya.cat\/es\/ayuda-humanitaria-con-corazon-y-con-cabeza\/#breadcrumb"},"inLanguage":"es","potentialAction":[{"@type":"ReadAction","target":["https:\/\/conversesacatalunya.cat\/es\/ayuda-humanitaria-con-corazon-y-con-cabeza\/"]}]},{"@type":"ImageObject","inLanguage":"es","@id":"https:\/\/conversesacatalunya.cat\/es\/ayuda-humanitaria-con-corazon-y-con-cabeza\/#primaryimage","url":"https:\/\/conversesacatalunya.cat\/wp-content\/uploads\/2022\/03\/ayuda-humanitaria.jpg","contentUrl":"https:\/\/conversesacatalunya.cat\/wp-content\/uploads\/2022\/03\/ayuda-humanitaria.jpg","width":640,"height":491},{"@type":"BreadcrumbList","@id":"https:\/\/conversesacatalunya.cat\/es\/ayuda-humanitaria-con-corazon-y-con-cabeza\/#breadcrumb","itemListElement":[{"@type":"ListItem","position":1,"name":"Inici","item":"https:\/\/conversesacatalunya.cat\/es\/"},{"@type":"ListItem","position":2,"name":"Ayuda humanitaria con coraz\u00f3n y con cabeza"}]},{"@type":"WebSite","@id":"https:\/\/conversesacatalunya.cat\/#website","url":"https:\/\/conversesacatalunya.cat\/","name":"Converses a Catalunya","description":"","potentialAction":[{"@type":"SearchAction","target":{"@type":"EntryPoint","urlTemplate":"https:\/\/conversesacatalunya.cat\/?s={search_term_string}"},"query-input":{"@type":"PropertyValueSpecification","valueRequired":true,"valueName":"search_term_string"}}],"inLanguage":"es"},{"@type":"Person","@id":"https:\/\/conversesacatalunya.cat\/#\/schema\/person\/1d194d61c951d01e076c5fbdb94140ac","name":"Grupo Are\u00f3pago","image":{"@type":"ImageObject","inLanguage":"es","@id":"https:\/\/conversesacatalunya.cat\/#\/schema\/person\/image\/","url":"https:\/\/conversesacatalunya.cat\/wp-content\/litespeed\/avatar\/ac3a7e39f4e8c98c3093cb7bfd60fb06.jpg?ver=1777384627","contentUrl":"https:\/\/conversesacatalunya.cat\/wp-content\/litespeed\/avatar\/ac3a7e39f4e8c98c3093cb7bfd60fb06.jpg?ver=1777384627","caption":"Grupo Are\u00f3pago"},"url":"https:\/\/conversesacatalunya.cat\/es\/author\/grupo-areopago\/"}]}},"wps_subtitle":"El emotivismo, las ganas de colaborar y de auxiliar a la poblaci\u00f3n que est\u00e1 sufriendo el horror de la guerra hace que ayudemos de manera descontrolada y descoordinada","_links":{"self":[{"href":"https:\/\/conversesacatalunya.cat\/es\/wp-json\/wp\/v2\/posts\/56077","targetHints":{"allow":["GET"]}}],"collection":[{"href":"https:\/\/conversesacatalunya.cat\/es\/wp-json\/wp\/v2\/posts"}],"about":[{"href":"https:\/\/conversesacatalunya.cat\/es\/wp-json\/wp\/v2\/types\/post"}],"author":[{"embeddable":true,"href":"https:\/\/conversesacatalunya.cat\/es\/wp-json\/wp\/v2\/users\/37"}],"replies":[{"embeddable":true,"href":"https:\/\/conversesacatalunya.cat\/es\/wp-json\/wp\/v2\/comments?post=56077"}],"version-history":[{"count":4,"href":"https:\/\/conversesacatalunya.cat\/es\/wp-json\/wp\/v2\/posts\/56077\/revisions"}],"predecessor-version":[{"id":56089,"href":"https:\/\/conversesacatalunya.cat\/es\/wp-json\/wp\/v2\/posts\/56077\/revisions\/56089"}],"wp:featuredmedia":[{"embeddable":true,"href":"https:\/\/conversesacatalunya.cat\/es\/wp-json\/wp\/v2\/media\/56082"}],"wp:attachment":[{"href":"https:\/\/conversesacatalunya.cat\/es\/wp-json\/wp\/v2\/media?parent=56077"}],"wp:term":[{"taxonomy":"category","embeddable":true,"href":"https:\/\/conversesacatalunya.cat\/es\/wp-json\/wp\/v2\/categories?post=56077"},{"taxonomy":"post_tag","embeddable":true,"href":"https:\/\/conversesacatalunya.cat\/es\/wp-json\/wp\/v2\/tags?post=56077"}],"curies":[{"name":"wp","href":"https:\/\/api.w.org\/{rel}","templated":true}]}}