{"id":56061,"date":"2022-03-22T09:18:36","date_gmt":"2022-03-22T08:18:36","guid":{"rendered":"https:\/\/conversesacatalunya.cat\/?p=56061"},"modified":"2022-03-22T09:18:36","modified_gmt":"2022-03-22T08:18:36","slug":"libro-girona-sota-elresistir-i-el-no-passaran-de-pere-joan-sureda-i-canals","status":"publish","type":"post","link":"https:\/\/conversesacatalunya.cat\/es\/libro-girona-sota-elresistir-i-el-no-passaran-de-pere-joan-sureda-i-canals\/","title":{"rendered":"Libro: Girona sota el\u00bbresistir\u00bb i el \u00abno passaran\u00bb, de Pere Joan Sureda i Canals"},"content":{"rendered":"<p>El autor, tras el asesinato en agosto de 1936 de su padre Pedro Sureda Corominas, que narra en un impactante primer libro: \u201cDel bressol a la cuneta\u201d , nac\u00eda en enero de 1937 en Santa Eugenia de Ter.<strong> Su <\/strong><strong>padre se halla incluido en la Causa de Beatificaci\u00f3n de los m\u00e1rtires de la Federaci\u00f2 de Joves Cristians de Catalunya.<\/strong><\/p>\n<p>En <strong>tres tomos en homenaje a Girona<\/strong>, su hijo relata la angustiosa vida en retaguardia durante los treinta meses que van desde el 20 de julio de 1936 hasta el 10 de febrero de 1939, narrada por sus protagonistas, documentada por la prensa local y analizada por publicaciones de ambos bandos.<\/p>\n<p><strong>Su primer volumen \u201cGirona sota els Comit\u00e9s\u201d<\/strong> abarca desde su creaci\u00f3n por Companys hasta su disoluci\u00f3n por Tarradellas en octubre de 1936, traspasando sus funciones y dirigentes a un Consejo revolucionario.<\/p>\n<p><strong>En su segundo libro \u201cGirona sota el Consell Municipal Revolucionari\u201d<\/strong> prosigue narrando los sucesos hasta el 15 de junio de 1937 en que tras la ca\u00edda de los anarquistas y el P.O.U.M, ocupan el poder E.R.C. y el P.S.U.C.<\/p>\n<p><strong>En este su tercer libro, \u00abGirona sota el \u00abresistir\u00bb i el \u00abno passaran\u00bb\u00a0 trata de la p\u00e9rdida del poder pol\u00edtico por la Generalitat<\/strong>, que pasa a ser detentado por el Gobierno central de Negr\u00edn instalado en Barcelona y controlado por los comunistas, hasta su desbandada a Francia.<\/p>\n<p><img fetchpriority=\"high\" decoding=\"async\" class=\"alignnone size-medium wp-image-56062\" src=\"https:\/\/conversesacatalunya.cat\/wp-content\/uploads\/2022\/03\/Girona-201x300.jpg\" alt=\"\" width=\"201\" height=\"300\" srcset=\"https:\/\/conversesacatalunya.cat\/wp-content\/uploads\/2022\/03\/Girona-201x300.jpg 201w, https:\/\/conversesacatalunya.cat\/wp-content\/uploads\/2022\/03\/Girona.jpg 334w\" sizes=\"(max-width: 201px) 100vw, 201px\" \/><img decoding=\"async\" class=\"alignnone size-medium wp-image-56064 lazyload\" data-src=\"https:\/\/conversesacatalunya.cat\/wp-content\/uploads\/2022\/03\/Revolucio-199x300.jpg\" alt=\"\" width=\"199\" height=\"300\" data-srcset=\"https:\/\/conversesacatalunya.cat\/wp-content\/uploads\/2022\/03\/Revolucio-199x300.jpg 199w, https:\/\/conversesacatalunya.cat\/wp-content\/uploads\/2022\/03\/Revolucio-678x1024.jpg 678w, https:\/\/conversesacatalunya.cat\/wp-content\/uploads\/2022\/03\/Revolucio.jpg 695w\" data-sizes=\"(max-width: 199px) 100vw, 199px\" src=\"data:image\/svg+xml;base64,PHN2ZyB3aWR0aD0iMSIgaGVpZ2h0PSIxIiB4bWxucz0iaHR0cDovL3d3dy53My5vcmcvMjAwMC9zdmciPjwvc3ZnPg==\" style=\"--smush-placeholder-width: 199px; --smush-placeholder-aspect-ratio: 199\/300;\" \/><img decoding=\"async\" class=\"alignnone size-medium wp-image-56066 lazyload\" data-src=\"https:\/\/conversesacatalunya.cat\/wp-content\/uploads\/2022\/03\/Llibre-207x300.jpg\" alt=\"\" width=\"207\" height=\"300\" data-srcset=\"https:\/\/conversesacatalunya.cat\/wp-content\/uploads\/2022\/03\/Llibre-207x300.jpg 207w, https:\/\/conversesacatalunya.cat\/wp-content\/uploads\/2022\/03\/Llibre.jpg 307w\" data-sizes=\"(max-width: 207px) 100vw, 207px\" src=\"data:image\/svg+xml;base64,PHN2ZyB3aWR0aD0iMSIgaGVpZ2h0PSIxIiB4bWxucz0iaHR0cDovL3d3dy53My5vcmcvMjAwMC9zdmciPjwvc3ZnPg==\" style=\"--smush-placeholder-width: 207px; --smush-placeholder-aspect-ratio: 207\/300;\" \/><\/p>\n<h4><strong>El autor narra sin amargura ni revanchismos la tragedia vivida en su familia y en las de los miles de catalanes asesinados bajo el poder revolucionario.<\/strong><\/h4>\n<p><strong>El pr\u00f3logo del profesor D. Jos\u00e9 Mar\u00eda Alsina Roca<\/strong>, Rector Em\u00e9rito de la Universidad Abad Oliva de Barcelona, que presentar\u00e1 el libro, justifica su actualidad, concluyendo con este luminoso juicio: \u201cHoy se considera un lastre de nuestra historia lo m\u00e1s valioso que configur\u00f3 la vida personal, familiar o colectiva de nuestros antepasados, impregnada de fe cristiana, que configur\u00f3 una comunidad de pueblos de la misma lengua y la misma fe, que ha resistido tantos intentos secularizadores durante el siglo XIX y que ha dado un testimonio martirial \u00fanico, admirable y numeroso, reconocido por la Iglesia, en la persecuci\u00f3n del 36.\u201d<\/p>\n<p><strong>Se podr\u00e1n adquirir ejemplares del nuevo libro en la <a href=\"https:\/\/balmeslibreria.com\/\" target=\"_blank\" rel=\"noopener\">librer\u00eda Balmes<\/a>.<\/strong><\/p>\n","protected":false},"excerpt":{"rendered":"<p>El autor, tras el asesinato en agosto de 1936 de su padre Pedro Sureda Corominas, que narra en un impactante primer libro: \u201cDel bressol a la cuneta\u201d , nac\u00eda en enero de 1937 en Santa Eugenia de Ter. Su padre se halla incluido en la Causa de Beatificaci\u00f3n de los m\u00e1rtires de la Federaci\u00f2 de Joves Cristians de Catalunya. En tres tomos en homenaje a Girona, su hijo relata la angustiosa vida en retaguardia durante los treinta meses que van desde el 20 de julio de 1936 hasta el 10 de febrero de 1939, narrada por sus protagonistas, documentada por la prensa local y analizada por publicaciones de ambos bandos. Su primer volumen \u201cGirona sota els Comit\u00e9s\u201d abarca desde su creaci\u00f3n por Companys hasta su disoluci\u00f3n por Tarradellas en octubre de 1936, traspasando sus funciones y dirigentes a un Consejo revolucionario. En su segundo libro \u201cGirona sota el Consell Municipal Revolucionari\u201d prosigue narrando los sucesos hasta el 15 de junio de 1937 en que tras la ca\u00edda de los anarquistas y el P.O.U.M, ocupan el poder E.R.C. y el P.S.U.C. En este su tercer libro, \u00abGirona sota el \u00abresistir\u00bb i el \u00abno passaran\u00bb\u00a0 trata de la p\u00e9rdida del poder pol\u00edtico por la Generalitat, que pasa a ser detentado por el Gobierno central de Negr\u00edn instalado en Barcelona y controlado por los comunistas, hasta su desbandada a Francia. El autor narra sin amargura ni revanchismos la tragedia vivida en su familia y en las de los miles de catalanes asesinados bajo el poder revolucionario. El pr\u00f3logo del profesor D. Jos\u00e9 Mar\u00eda Alsina Roca, Rector Em\u00e9rito de la Universidad Abad Oliva de Barcelona, que presentar\u00e1 el libro, justifica su actualidad, concluyendo con este luminoso juicio: \u201cHoy se considera un lastre de nuestra historia lo m\u00e1s valioso que configur\u00f3 la vida personal, familiar o colectiva de nuestros antepasados, impregnada de fe cristiana, que configur\u00f3 una comunidad de pueblos de la misma lengua y la misma fe, que ha resistido tantos intentos secularizadores durante el siglo XIX y que ha dado un testimonio martirial \u00fanico, admirable y numeroso, reconocido por la Iglesia, en la persecuci\u00f3n del 36.\u201d Se podr\u00e1n adquirir ejemplares del nuevo libro en la librer\u00eda Balmes.<\/p>\n","protected":false},"author":3,"featured_media":56066,"comment_status":"open","ping_status":"open","sticky":false,"template":"","format":"standard","meta":{"_FSMCFIC_featured_image_caption":"","_FSMCFIC_featured_image_nocaption":"","_FSMCFIC_featured_image_hide":"","footnotes":""},"categories":[805],"tags":[],"class_list":["post-56061","post","type-post","status-publish","format-standard","has-post-thumbnail","hentry","category-projecte-cultural-es"],"yoast_head":"<!-- This site is optimized with the Yoast SEO plugin v26.8 - https:\/\/yoast.com\/product\/yoast-seo-wordpress\/ -->\n<title>Libro: Girona sota el&quot;resistir&quot; i el &quot;no passaran&quot;, de Pere Joan Sureda i Canals - Converses a Catalunya<\/title>\n<meta name=\"robots\" content=\"noindex, nofollow\" \/>\n<meta property=\"og:locale\" content=\"es_ES\" \/>\n<meta property=\"og:type\" content=\"article\" \/>\n<meta property=\"og:title\" content=\"Libro: Girona sota el&quot;resistir&quot; i el &quot;no passaran&quot;, de Pere Joan Sureda i Canals - Converses a Catalunya\" \/>\n<meta property=\"og:description\" content=\"El autor, tras el asesinato en agosto de 1936 de su padre Pedro Sureda Corominas, que narra en un impactante primer libro: \u201cDel bressol a la cuneta\u201d , nac\u00eda en enero de 1937 en Santa Eugenia de Ter. Su padre se halla incluido en la Causa de Beatificaci\u00f3n de los m\u00e1rtires de la Federaci\u00f2 de Joves Cristians de Catalunya. En tres tomos en homenaje a Girona, su hijo relata la angustiosa vida en retaguardia durante los treinta meses que van desde el 20 de julio de 1936 hasta el 10 de febrero de 1939, narrada por sus protagonistas, documentada por la prensa local y analizada por publicaciones de ambos bandos. Su primer volumen \u201cGirona sota els Comit\u00e9s\u201d abarca desde su creaci\u00f3n por Companys hasta su disoluci\u00f3n por Tarradellas en octubre de 1936, traspasando sus funciones y dirigentes a un Consejo revolucionario. En su segundo libro \u201cGirona sota el Consell Municipal Revolucionari\u201d prosigue narrando los sucesos hasta el 15 de junio de 1937 en que tras la ca\u00edda de los anarquistas y el P.O.U.M, ocupan el poder E.R.C. y el P.S.U.C. En este su tercer libro, \u00abGirona sota el \u00abresistir\u00bb i el \u00abno passaran\u00bb\u00a0 trata de la p\u00e9rdida del poder pol\u00edtico por la Generalitat, que pasa a ser detentado por el Gobierno central de Negr\u00edn instalado en Barcelona y controlado por los comunistas, hasta su desbandada a Francia. El autor narra sin amargura ni revanchismos la tragedia vivida en su familia y en las de los miles de catalanes asesinados bajo el poder revolucionario. El pr\u00f3logo del profesor D. Jos\u00e9 Mar\u00eda Alsina Roca, Rector Em\u00e9rito de la Universidad Abad Oliva de Barcelona, que presentar\u00e1 el libro, justifica su actualidad, concluyendo con este luminoso juicio: \u201cHoy se considera un lastre de nuestra historia lo m\u00e1s valioso que configur\u00f3 la vida personal, familiar o colectiva de nuestros antepasados, impregnada de fe cristiana, que configur\u00f3 una comunidad de pueblos de la misma lengua y la misma fe, que ha resistido tantos intentos secularizadores durante el siglo XIX y que ha dado un testimonio martirial \u00fanico, admirable y numeroso, reconocido por la Iglesia, en la persecuci\u00f3n del 36.\u201d Se podr\u00e1n adquirir ejemplares del nuevo libro en la librer\u00eda Balmes.\" \/>\n<meta property=\"og:url\" content=\"https:\/\/conversesacatalunya.cat\/es\/libro-girona-sota-elresistir-i-el-no-passaran-de-pere-joan-sureda-i-canals\/\" \/>\n<meta property=\"og:site_name\" content=\"Converses a Catalunya\" \/>\n<meta property=\"article:published_time\" content=\"2022-03-22T08:18:36+00:00\" \/>\n<meta property=\"og:image\" content=\"https:\/\/conversesacatalunya.cat\/wp-content\/uploads\/2022\/03\/Llibre.jpg\" \/>\n\t<meta property=\"og:image:width\" content=\"307\" \/>\n\t<meta property=\"og:image:height\" content=\"445\" \/>\n\t<meta property=\"og:image:type\" content=\"image\/jpeg\" \/>\n<meta name=\"author\" content=\"conversesacatalunya\" \/>\n<meta name=\"twitter:card\" content=\"summary_large_image\" \/>\n<meta name=\"twitter:label1\" content=\"Escrito por\" \/>\n\t<meta name=\"twitter:data1\" content=\"conversesacatalunya\" \/>\n\t<meta name=\"twitter:label2\" content=\"Tiempo de lectura\" \/>\n\t<meta name=\"twitter:data2\" content=\"2 minutos\" \/>\n<script type=\"application\/ld+json\" class=\"yoast-schema-graph\">{\"@context\":\"https:\/\/schema.org\",\"@graph\":[{\"@type\":\"Article\",\"@id\":\"https:\/\/conversesacatalunya.cat\/es\/libro-girona-sota-elresistir-i-el-no-passaran-de-pere-joan-sureda-i-canals\/#article\",\"isPartOf\":{\"@id\":\"https:\/\/conversesacatalunya.cat\/es\/libro-girona-sota-elresistir-i-el-no-passaran-de-pere-joan-sureda-i-canals\/\"},\"author\":{\"name\":\"conversesacatalunya\",\"@id\":\"https:\/\/conversesacatalunya.cat\/#\/schema\/person\/982274792508d804a0821b413c9ac076\"},\"headline\":\"Libro: Girona sota el\u00bbresistir\u00bb i el \u00abno passaran\u00bb, de Pere Joan Sureda i Canals\",\"datePublished\":\"2022-03-22T08:18:36+00:00\",\"mainEntityOfPage\":{\"@id\":\"https:\/\/conversesacatalunya.cat\/es\/libro-girona-sota-elresistir-i-el-no-passaran-de-pere-joan-sureda-i-canals\/\"},\"wordCount\":393,\"commentCount\":0,\"image\":{\"@id\":\"https:\/\/conversesacatalunya.cat\/es\/libro-girona-sota-elresistir-i-el-no-passaran-de-pere-joan-sureda-i-canals\/#primaryimage\"},\"thumbnailUrl\":\"https:\/\/conversesacatalunya.cat\/wp-content\/uploads\/2022\/03\/Llibre.jpg\",\"articleSection\":[\"Projecte cultural (ES)\"],\"inLanguage\":\"es\",\"potentialAction\":[{\"@type\":\"CommentAction\",\"name\":\"Comment\",\"target\":[\"https:\/\/conversesacatalunya.cat\/es\/libro-girona-sota-elresistir-i-el-no-passaran-de-pere-joan-sureda-i-canals\/#respond\"]}]},{\"@type\":\"WebPage\",\"@id\":\"https:\/\/conversesacatalunya.cat\/es\/libro-girona-sota-elresistir-i-el-no-passaran-de-pere-joan-sureda-i-canals\/\",\"url\":\"https:\/\/conversesacatalunya.cat\/es\/libro-girona-sota-elresistir-i-el-no-passaran-de-pere-joan-sureda-i-canals\/\",\"name\":\"Libro: Girona sota el\\\"resistir\\\" i el \\\"no passaran\\\", de Pere Joan Sureda i Canals - Converses a Catalunya\",\"isPartOf\":{\"@id\":\"https:\/\/conversesacatalunya.cat\/#website\"},\"primaryImageOfPage\":{\"@id\":\"https:\/\/conversesacatalunya.cat\/es\/libro-girona-sota-elresistir-i-el-no-passaran-de-pere-joan-sureda-i-canals\/#primaryimage\"},\"image\":{\"@id\":\"https:\/\/conversesacatalunya.cat\/es\/libro-girona-sota-elresistir-i-el-no-passaran-de-pere-joan-sureda-i-canals\/#primaryimage\"},\"thumbnailUrl\":\"https:\/\/conversesacatalunya.cat\/wp-content\/uploads\/2022\/03\/Llibre.jpg\",\"datePublished\":\"2022-03-22T08:18:36+00:00\",\"author\":{\"@id\":\"https:\/\/conversesacatalunya.cat\/#\/schema\/person\/982274792508d804a0821b413c9ac076\"},\"breadcrumb\":{\"@id\":\"https:\/\/conversesacatalunya.cat\/es\/libro-girona-sota-elresistir-i-el-no-passaran-de-pere-joan-sureda-i-canals\/#breadcrumb\"},\"inLanguage\":\"es\",\"potentialAction\":[{\"@type\":\"ReadAction\",\"target\":[\"https:\/\/conversesacatalunya.cat\/es\/libro-girona-sota-elresistir-i-el-no-passaran-de-pere-joan-sureda-i-canals\/\"]}]},{\"@type\":\"ImageObject\",\"inLanguage\":\"es\",\"@id\":\"https:\/\/conversesacatalunya.cat\/es\/libro-girona-sota-elresistir-i-el-no-passaran-de-pere-joan-sureda-i-canals\/#primaryimage\",\"url\":\"https:\/\/conversesacatalunya.cat\/wp-content\/uploads\/2022\/03\/Llibre.jpg\",\"contentUrl\":\"https:\/\/conversesacatalunya.cat\/wp-content\/uploads\/2022\/03\/Llibre.jpg\",\"width\":307,\"height\":445},{\"@type\":\"BreadcrumbList\",\"@id\":\"https:\/\/conversesacatalunya.cat\/es\/libro-girona-sota-elresistir-i-el-no-passaran-de-pere-joan-sureda-i-canals\/#breadcrumb\",\"itemListElement\":[{\"@type\":\"ListItem\",\"position\":1,\"name\":\"Inici\",\"item\":\"https:\/\/conversesacatalunya.cat\/es\/\"},{\"@type\":\"ListItem\",\"position\":2,\"name\":\"Libro: Girona sota el&#8221;resistir&#8221; i el &#8220;no passaran&#8221;, de Pere Joan Sureda i Canals\"}]},{\"@type\":\"WebSite\",\"@id\":\"https:\/\/conversesacatalunya.cat\/#website\",\"url\":\"https:\/\/conversesacatalunya.cat\/\",\"name\":\"Converses a Catalunya\",\"description\":\"\",\"potentialAction\":[{\"@type\":\"SearchAction\",\"target\":{\"@type\":\"EntryPoint\",\"urlTemplate\":\"https:\/\/conversesacatalunya.cat\/?s={search_term_string}\"},\"query-input\":{\"@type\":\"PropertyValueSpecification\",\"valueRequired\":true,\"valueName\":\"search_term_string\"}}],\"inLanguage\":\"es\"},{\"@type\":\"Person\",\"@id\":\"https:\/\/conversesacatalunya.cat\/#\/schema\/person\/982274792508d804a0821b413c9ac076\",\"name\":\"conversesacatalunya\",\"image\":{\"@type\":\"ImageObject\",\"inLanguage\":\"es\",\"@id\":\"https:\/\/conversesacatalunya.cat\/#\/schema\/person\/image\/\",\"url\":\"https:\/\/conversesacatalunya.cat\/wp-content\/litespeed\/avatar\/f04b47eeffd9637c7cf7869e217fb9ec.jpg?ver=1777370077\",\"contentUrl\":\"https:\/\/conversesacatalunya.cat\/wp-content\/litespeed\/avatar\/f04b47eeffd9637c7cf7869e217fb9ec.jpg?ver=1777370077\",\"caption\":\"conversesacatalunya\"},\"url\":\"https:\/\/conversesacatalunya.cat\/es\/author\/muntsa_escola\/\"}]}<\/script>\n<!-- \/ Yoast SEO plugin. -->","yoast_head_json":{"title":"Libro: Girona sota el\"resistir\" i el \"no passaran\", de Pere Joan Sureda i Canals - Converses a Catalunya","robots":{"index":"noindex","follow":"nofollow"},"og_locale":"es_ES","og_type":"article","og_title":"Libro: Girona sota el\"resistir\" i el \"no passaran\", de Pere Joan Sureda i Canals - Converses a Catalunya","og_description":"El autor, tras el asesinato en agosto de 1936 de su padre Pedro Sureda Corominas, que narra en un impactante primer libro: \u201cDel bressol a la cuneta\u201d , nac\u00eda en enero de 1937 en Santa Eugenia de Ter. Su padre se halla incluido en la Causa de Beatificaci\u00f3n de los m\u00e1rtires de la Federaci\u00f2 de Joves Cristians de Catalunya. En tres tomos en homenaje a Girona, su hijo relata la angustiosa vida en retaguardia durante los treinta meses que van desde el 20 de julio de 1936 hasta el 10 de febrero de 1939, narrada por sus protagonistas, documentada por la prensa local y analizada por publicaciones de ambos bandos. Su primer volumen \u201cGirona sota els Comit\u00e9s\u201d abarca desde su creaci\u00f3n por Companys hasta su disoluci\u00f3n por Tarradellas en octubre de 1936, traspasando sus funciones y dirigentes a un Consejo revolucionario. En su segundo libro \u201cGirona sota el Consell Municipal Revolucionari\u201d prosigue narrando los sucesos hasta el 15 de junio de 1937 en que tras la ca\u00edda de los anarquistas y el P.O.U.M, ocupan el poder E.R.C. y el P.S.U.C. En este su tercer libro, \u00abGirona sota el \u00abresistir\u00bb i el \u00abno passaran\u00bb\u00a0 trata de la p\u00e9rdida del poder pol\u00edtico por la Generalitat, que pasa a ser detentado por el Gobierno central de Negr\u00edn instalado en Barcelona y controlado por los comunistas, hasta su desbandada a Francia. El autor narra sin amargura ni revanchismos la tragedia vivida en su familia y en las de los miles de catalanes asesinados bajo el poder revolucionario. El pr\u00f3logo del profesor D. Jos\u00e9 Mar\u00eda Alsina Roca, Rector Em\u00e9rito de la Universidad Abad Oliva de Barcelona, que presentar\u00e1 el libro, justifica su actualidad, concluyendo con este luminoso juicio: \u201cHoy se considera un lastre de nuestra historia lo m\u00e1s valioso que configur\u00f3 la vida personal, familiar o colectiva de nuestros antepasados, impregnada de fe cristiana, que configur\u00f3 una comunidad de pueblos de la misma lengua y la misma fe, que ha resistido tantos intentos secularizadores durante el siglo XIX y que ha dado un testimonio martirial \u00fanico, admirable y numeroso, reconocido por la Iglesia, en la persecuci\u00f3n del 36.\u201d Se podr\u00e1n adquirir ejemplares del nuevo libro en la librer\u00eda Balmes.","og_url":"https:\/\/conversesacatalunya.cat\/es\/libro-girona-sota-elresistir-i-el-no-passaran-de-pere-joan-sureda-i-canals\/","og_site_name":"Converses a Catalunya","article_published_time":"2022-03-22T08:18:36+00:00","og_image":[{"width":307,"height":445,"url":"https:\/\/conversesacatalunya.cat\/wp-content\/uploads\/2022\/03\/Llibre.jpg","type":"image\/jpeg"}],"author":"conversesacatalunya","twitter_card":"summary_large_image","twitter_misc":{"Escrito por":"conversesacatalunya","Tiempo de lectura":"2 minutos"},"schema":{"@context":"https:\/\/schema.org","@graph":[{"@type":"Article","@id":"https:\/\/conversesacatalunya.cat\/es\/libro-girona-sota-elresistir-i-el-no-passaran-de-pere-joan-sureda-i-canals\/#article","isPartOf":{"@id":"https:\/\/conversesacatalunya.cat\/es\/libro-girona-sota-elresistir-i-el-no-passaran-de-pere-joan-sureda-i-canals\/"},"author":{"name":"conversesacatalunya","@id":"https:\/\/conversesacatalunya.cat\/#\/schema\/person\/982274792508d804a0821b413c9ac076"},"headline":"Libro: Girona sota el\u00bbresistir\u00bb i el \u00abno passaran\u00bb, de Pere Joan Sureda i Canals","datePublished":"2022-03-22T08:18:36+00:00","mainEntityOfPage":{"@id":"https:\/\/conversesacatalunya.cat\/es\/libro-girona-sota-elresistir-i-el-no-passaran-de-pere-joan-sureda-i-canals\/"},"wordCount":393,"commentCount":0,"image":{"@id":"https:\/\/conversesacatalunya.cat\/es\/libro-girona-sota-elresistir-i-el-no-passaran-de-pere-joan-sureda-i-canals\/#primaryimage"},"thumbnailUrl":"https:\/\/conversesacatalunya.cat\/wp-content\/uploads\/2022\/03\/Llibre.jpg","articleSection":["Projecte cultural (ES)"],"inLanguage":"es","potentialAction":[{"@type":"CommentAction","name":"Comment","target":["https:\/\/conversesacatalunya.cat\/es\/libro-girona-sota-elresistir-i-el-no-passaran-de-pere-joan-sureda-i-canals\/#respond"]}]},{"@type":"WebPage","@id":"https:\/\/conversesacatalunya.cat\/es\/libro-girona-sota-elresistir-i-el-no-passaran-de-pere-joan-sureda-i-canals\/","url":"https:\/\/conversesacatalunya.cat\/es\/libro-girona-sota-elresistir-i-el-no-passaran-de-pere-joan-sureda-i-canals\/","name":"Libro: Girona sota el\"resistir\" i el \"no passaran\", de Pere Joan Sureda i Canals - Converses a Catalunya","isPartOf":{"@id":"https:\/\/conversesacatalunya.cat\/#website"},"primaryImageOfPage":{"@id":"https:\/\/conversesacatalunya.cat\/es\/libro-girona-sota-elresistir-i-el-no-passaran-de-pere-joan-sureda-i-canals\/#primaryimage"},"image":{"@id":"https:\/\/conversesacatalunya.cat\/es\/libro-girona-sota-elresistir-i-el-no-passaran-de-pere-joan-sureda-i-canals\/#primaryimage"},"thumbnailUrl":"https:\/\/conversesacatalunya.cat\/wp-content\/uploads\/2022\/03\/Llibre.jpg","datePublished":"2022-03-22T08:18:36+00:00","author":{"@id":"https:\/\/conversesacatalunya.cat\/#\/schema\/person\/982274792508d804a0821b413c9ac076"},"breadcrumb":{"@id":"https:\/\/conversesacatalunya.cat\/es\/libro-girona-sota-elresistir-i-el-no-passaran-de-pere-joan-sureda-i-canals\/#breadcrumb"},"inLanguage":"es","potentialAction":[{"@type":"ReadAction","target":["https:\/\/conversesacatalunya.cat\/es\/libro-girona-sota-elresistir-i-el-no-passaran-de-pere-joan-sureda-i-canals\/"]}]},{"@type":"ImageObject","inLanguage":"es","@id":"https:\/\/conversesacatalunya.cat\/es\/libro-girona-sota-elresistir-i-el-no-passaran-de-pere-joan-sureda-i-canals\/#primaryimage","url":"https:\/\/conversesacatalunya.cat\/wp-content\/uploads\/2022\/03\/Llibre.jpg","contentUrl":"https:\/\/conversesacatalunya.cat\/wp-content\/uploads\/2022\/03\/Llibre.jpg","width":307,"height":445},{"@type":"BreadcrumbList","@id":"https:\/\/conversesacatalunya.cat\/es\/libro-girona-sota-elresistir-i-el-no-passaran-de-pere-joan-sureda-i-canals\/#breadcrumb","itemListElement":[{"@type":"ListItem","position":1,"name":"Inici","item":"https:\/\/conversesacatalunya.cat\/es\/"},{"@type":"ListItem","position":2,"name":"Libro: Girona sota el&#8221;resistir&#8221; i el &#8220;no passaran&#8221;, de Pere Joan Sureda i Canals"}]},{"@type":"WebSite","@id":"https:\/\/conversesacatalunya.cat\/#website","url":"https:\/\/conversesacatalunya.cat\/","name":"Converses a Catalunya","description":"","potentialAction":[{"@type":"SearchAction","target":{"@type":"EntryPoint","urlTemplate":"https:\/\/conversesacatalunya.cat\/?s={search_term_string}"},"query-input":{"@type":"PropertyValueSpecification","valueRequired":true,"valueName":"search_term_string"}}],"inLanguage":"es"},{"@type":"Person","@id":"https:\/\/conversesacatalunya.cat\/#\/schema\/person\/982274792508d804a0821b413c9ac076","name":"conversesacatalunya","image":{"@type":"ImageObject","inLanguage":"es","@id":"https:\/\/conversesacatalunya.cat\/#\/schema\/person\/image\/","url":"https:\/\/conversesacatalunya.cat\/wp-content\/litespeed\/avatar\/f04b47eeffd9637c7cf7869e217fb9ec.jpg?ver=1777370077","contentUrl":"https:\/\/conversesacatalunya.cat\/wp-content\/litespeed\/avatar\/f04b47eeffd9637c7cf7869e217fb9ec.jpg?ver=1777370077","caption":"conversesacatalunya"},"url":"https:\/\/conversesacatalunya.cat\/es\/author\/muntsa_escola\/"}]}},"wps_subtitle":"En este su tercer libro, trata de la p\u00e9rdida del poder pol\u00edtico por la Generalitat, que pasa a ser detentado por el Gobierno central de Negr\u00edn instalado en Barcelona y controlado por los comunistas, hasta su desbandada a Francia","_links":{"self":[{"href":"https:\/\/conversesacatalunya.cat\/es\/wp-json\/wp\/v2\/posts\/56061","targetHints":{"allow":["GET"]}}],"collection":[{"href":"https:\/\/conversesacatalunya.cat\/es\/wp-json\/wp\/v2\/posts"}],"about":[{"href":"https:\/\/conversesacatalunya.cat\/es\/wp-json\/wp\/v2\/types\/post"}],"author":[{"embeddable":true,"href":"https:\/\/conversesacatalunya.cat\/es\/wp-json\/wp\/v2\/users\/3"}],"replies":[{"embeddable":true,"href":"https:\/\/conversesacatalunya.cat\/es\/wp-json\/wp\/v2\/comments?post=56061"}],"version-history":[{"count":2,"href":"https:\/\/conversesacatalunya.cat\/es\/wp-json\/wp\/v2\/posts\/56061\/revisions"}],"predecessor-version":[{"id":56073,"href":"https:\/\/conversesacatalunya.cat\/es\/wp-json\/wp\/v2\/posts\/56061\/revisions\/56073"}],"wp:featuredmedia":[{"embeddable":true,"href":"https:\/\/conversesacatalunya.cat\/es\/wp-json\/wp\/v2\/media\/56066"}],"wp:attachment":[{"href":"https:\/\/conversesacatalunya.cat\/es\/wp-json\/wp\/v2\/media?parent=56061"}],"wp:term":[{"taxonomy":"category","embeddable":true,"href":"https:\/\/conversesacatalunya.cat\/es\/wp-json\/wp\/v2\/categories?post=56061"},{"taxonomy":"post_tag","embeddable":true,"href":"https:\/\/conversesacatalunya.cat\/es\/wp-json\/wp\/v2\/tags?post=56061"}],"curies":[{"name":"wp","href":"https:\/\/api.w.org\/{rel}","templated":true}]}}