{"id":55726,"date":"2022-03-11T12:23:40","date_gmt":"2022-03-11T11:23:40","guid":{"rendered":"https:\/\/conversesacatalunya.cat\/lhomenatge-floquet-de-neu-colonialisme\/"},"modified":"2022-03-11T13:00:45","modified_gmt":"2022-03-11T12:00:45","slug":"homenaje-copito-de-nieves-colonialismo","status":"publish","type":"post","link":"https:\/\/conversesacatalunya.cat\/es\/homenaje-copito-de-nieves-colonialismo\/","title":{"rendered":"El Ayuntamiento de Barcelona rechaza el homenaje a Copito de Nieve"},"content":{"rendered":"<p>Hace un par de meses el\u00a0<i><b>Versi\u00f3n RAC1\u00a0<\/b><\/i><b>\u00a0de Toni Clap\u00e9s\u00a0<\/b>\u00a0dio a conocer\u00a0una iniciativa particular\u00a0que pretend\u00eda conseguir que el Ayuntamiento de Barcelona hiciera\u00a0\u00a0<b>un homenaje a <a href=\"https:\/\/conversesacatalunya.cat\/es\/la-historia-de-copito-de-nieve\/\">Copito de Nieve<\/a> 18 a\u00f1os despu\u00e9s de su muerte.<\/b><i>\u00a0<b><\/b><\/i><b><\/b><b>\u00a0<\/b><b>\u00a0<\/b><b><\/b><\/p>\n<p><span class=\"goog-text-highlight\">Un restaurador de Barcelona,\u00a0\u00a0<\/span><b><span class=\"goog-text-highlight\">\u200b\u200bEduardo Bare<\/span><\/b><span class=\"goog-text-highlight\">, cac\u00f3 adelante una propuesta de homenaje, que ya re\u00fane\u00a0 <\/span><b><span class=\"goog-text-highlight\">35.000 firmas en la plataforma Change.org<\/span><\/b><span class=\"goog-text-highlight\">, donde ped\u00eda alg\u00fan tipo de reconocimiento al gorila albino, como s\u00edmbolo de Barcelona.\u00a0<\/span>De hecho, varios gobiernos municipales se hab\u00edan comprometido de una forma u otra a hacer un homenaje a Copito <b>\u00a0en forma de estatua, placa o calle<\/b>, pero ninguna de estas propuestas ha fructificado.<\/p>\n<p>A la iniciativa de Eduardo Bare se sum\u00f3 una empresa de tecnolog\u00eda que propon\u00eda una especie\u00a0\u00a0<a href=\"https:\/\/www.rac1.cat\/programes\/versio\/20220111\/4104139603805\/floquet-de-neu-robot-barcelona-homenatge-carrer-placa-nom-escultura.html\" target=\"_blank\" rel=\"noopener\" data-gtm-element=\"container-child-link\"><b>de escultura rob\u00f3tica del Copito\u00a0\u00a0<\/b><b>que pudiera interactuar con los visitantes del zoo<\/b> <\/a>.\u00a0M\u00e1s all\u00e1 de si \u00e9sta era la mejor opci\u00f3n, lo que ha sorprendido a sus impulsores son los argumentos del Ayuntamiento de Barcelona para rechazar la propuesta.<\/p>\n<div id=\"sm-it-main-container-1646916067339\" class=\"sm-it-main-container\" data-it=\"958828d2-b8b0-4374-bc77-4b9237707386\" data-device=\"desktop\" data-index=\"0\">\n<div class=\"sm-restart-layer\">\n<blockquote>\n<div class=\"sm-close\"><span class=\"\">A pesar de que la figura de <a href=\"https:\/\/conversesacatalunya.cat\/es\/la-historia-de-copito-de-nieve\/\">Copito de Nieve<\/a> pueda resultar amable y despertar nuestra empat\u00eda, fue el resultado del colonialismo en Guinea Ecuatorial<\/span><\/div>\n<\/blockquote>\n<div>En su carta de respuesta, el Ayuntamiento de Ada Colau dice que \u201ca pesar de la figura de Copito de Nieve pueda resultar\u00a0 <b>amable y despertar nuestra empat\u00eda,\u00a0<\/b> fue el\u00a0<b> resultado del colonialismo en la Guinea Ecuatorial<\/b>\u201d.\u00a0Versi\u00f3n\u00a0\u00a0<i>RAC1\u00a0<\/i>\u00a0ha querido saber la opini\u00f3n del\u00a0\u00a0<b>hijo del descubridor del Copito, Oriol Sabater.<\/b><\/div>\n<div><\/div>\n<\/div>\n<\/div>\n<div class=\"story-leaf-despiece story-leaf-despiece-quotes\">\n<div class=\"story-leaf-despiece-title\">\n<div class=\"story-title\">\n<blockquote><p>Siento perplejidad total y no entiendo absolutamente nada.\u00a0El Ayuntamiento no ha tenido ni la delicadeza de escuchar la propuesta.\u00a0Es absolutamente kafkiano<\/p><\/blockquote>\n<\/div>\n<\/div>\n<div class=\"story-leaf-despiece-author\">\n<div class=\"story-leaf-despiece-author-bottom\">Oriol Sabater se pregunta \u00ab<b>qu\u00e9 tiene que ver el colonialismo espa\u00f1ol con Copito<\/b>\u00ab, y niega que en el zoo ya haya un espacio dedicado al gorila albino, tal y como argumenta el Ayuntamiento.<\/div>\n<div><\/div>\n<div class=\"story-leaf-despiece-author-bottom\">\u00bfQu\u00e9 tiene que ver el colonialismo espa\u00f1ol con Copito? Es que no lo entiendo. El Ayuntamiento dice que dentro del zoo ya hay un <em>espacio<\/em> <em>Gorilas<\/em> con un recuerdo de Copito. Esto es falso.<\/div>\n<div><\/div>\n<\/div>\n<\/div>\n<div class=\"story-leaf-despiece story-leaf-despiece-quotes\">\n<div class=\"story-leaf-despiece-title\">\n<div class=\"story-title\">\n<div class=\"story-leaf-despiece story-leaf-despiece-quotes\">\n<div class=\"story-leaf-despiece-title\">\n<div class=\"story-title\">\n<p><span class=\"\">El Ayuntamiento tiene inter\u00e9s en cerrar el Zoo y borrar todo su recuerdo y todas las tareas de investigaci\u00f3n e investigaci\u00f3n.\u00a0<\/span>Molesta y no gusta. No quieren que se recuerde a Copito. Es incomprensible.<\/p>\n<\/div>\n<\/div>\n<\/div>\n<h4><span class=\"goog-text-highlight\">A continuaci\u00f3n reproducimos la carta \u00edntegra de respuesta del Ayuntamiento de Barcelona:<\/span><\/h4>\n<div class=\"highlight-text\">\n<p>Estimado Francesc T\u00e1rraga,<\/p>\n<p><span class=\"\">Como sabes, el pasado 23 de febrero se celebr\u00f3 un Pleno del Consejo Asesor de Arte P\u00fablico en el que se vio y se debati\u00f3 su\u00a0\u00a0<\/span><b><span class=\"\">propuesta de escultura en homenaje a Copito de Nieve<\/span><\/b><span class=\"\">.\u00a0<\/span>A continuaci\u00f3n paso a trasladarte las consideraciones y el acuerdo del Consejo:<\/p>\n<p>La reflexi\u00f3n central del Pleno en torno a esta cuesti\u00f3n y que sustenta la decisi\u00f3n que se tom\u00f3 es que a pesar de que la figura de Copito de Nieve pueda resultar amable y despertar nuestra empat\u00eda, <b>fue el resultado del colonialismo en la Guinea Ecuatorial<\/b>\u00a0.<\/p>\n<p>No se tratar\u00eda tanto de rechazar el homenaje al primate como que este homenaje no deber\u00eda esconder las contradicciones que la figura de Copito de Nieve incorpora: a la vez <b>vestigio de un sistema colonial que rechazamos\u00a0<\/b>\u00a0pero vinculado a la memoria sentimental de muchos barceloneses.<\/p>\n<p>Por ello, el Consejo no encuentra adecuada la propuesta de homenaje que se plantea.\u00a0Considera asimismo que la propuesta presentada parece m\u00e1s adecuada para un espacio escenogr\u00e1fico que, propiamente, un proyecto de arte p\u00fablico.<\/p>\n<p>Por todo lo anterior,\u00a0\u00a0<b>el Consejo rechaza colocar en el espacio p\u00fablico de Barcelona la escultura en homenaje a Copito de Nieve<\/b>\u00a0propuesta por Aqu\u00ed Houston y as\u00ed se comunicar\u00e1 a la empresa.<\/p>\n<p>Sin embargo,\u00a0\u00a0<b>el Pleno seguir\u00e1 reflexionando en torno a un posible homenaje\u00a0<\/b>\u00a0a Copito de Nieve.\u00a0Un homenaje que no deber\u00eda esconder las contradicciones m\u00e1s arriba referidas. <span class=\"goog-text-highlight\">Cabe decir en todo caso que en el interior del Zoo de Barcelona existe un\u00a0\u00a0<\/span><b><span class=\"goog-text-highlight\">Espacio Gorilas<\/span><\/b><span class=\"goog-text-highlight\">\u00a0\u00a0-dentro del cual Copito de Nieve tiene un rinc\u00f3n destacado- dedicado a promover el conocimiento de estos primates y la necesidad de respetarlos y de proteger sus h\u00e1bitats naturales.\u00a0<\/span><span class=\"\">Igualmente, la Fundaci\u00f3n Barcelona Zoo otorga anualmente la beca Copito de Nieve, y el Consejo considera que una beca destinada a potenciar los\u00a0\u00a0<\/span><b><span class=\"\">proyectos de investigaci\u00f3n sobre los primates<\/span><\/b><span class=\"\"> es una manera muy adecuada de homenajear al gorila albino.<\/span><\/p>\n<p><em>Fuente: Rac1<\/em><\/p>\n<\/div>\n<\/div>\n<\/div>\n<\/div>\n<div class=\"highlight-text\">\n<div id=\"polls-142\" class=\"wp-polls\">\n\t<form id=\"polls_form_142\" class=\"wp-polls-form\" action=\"\/index.php\" method=\"post\">\n\t\t<p style=\"display: none;\"><input type=\"hidden\" id=\"poll_142_nonce\" name=\"wp-polls-nonce\" value=\"cabeadc6c7\" \/><\/p>\n\t\t<p style=\"display: none;\"><input type=\"hidden\" name=\"poll_id\" value=\"142\" \/><\/p>\n\t\t<p style=\"text-align: center\"><strong>Et preocupa que pugui haver-hi una guerra nuclear per Ucra\u00efna?<\/strong><\/p><div id=\"polls-142-ans\" class=\"wp-polls-ans\"><ul class=\"wp-polls-ul\">\n\t\t<li><input type=\"radio\" id=\"poll-answer-363\" name=\"poll_142\" value=\"363\" \/> <label for=\"poll-answer-363\">Molt<\/label><\/li>\n\t\t<li><input type=\"radio\" id=\"poll-answer-364\" name=\"poll_142\" value=\"364\" \/> <label for=\"poll-answer-364\">Bastant<\/label><\/li>\n\t\t<li><input type=\"radio\" id=\"poll-answer-365\" name=\"poll_142\" value=\"365\" \/> <label for=\"poll-answer-365\">Poc<\/label><\/li>\n\t\t<li><input type=\"radio\" id=\"poll-answer-366\" name=\"poll_142\" value=\"366\" \/> <label for=\"poll-answer-366\">Gens<\/label><\/li>\n\t\t<\/ul><p style=\"text-align: center\"><input type=\"button\" name=\"vote\" value=\"   Vota   \" class=\"Buttons\" onclick=\"poll_vote(142);\" \/><\/p><p style=\"text-align: center\"><a href=\"#ViewPollResults\" onclick=\"poll_result(142); return false;\" title=\"View Results Of This Poll\">Mira els resultats<\/a><\/p><\/div>\n\t<\/form>\n<\/div>\n<div id=\"polls-142-loading\" class=\"wp-polls-loading\"><img decoding=\"async\" data-src=\"https:\/\/conversesacatalunya.cat\/wp-content\/plugins\/wp-polls\/images\/loading.gif\" width=\"16\" height=\"16\" alt=\"Cargando ...\" title=\"Cargando ...\" class=\"wp-polls-image lazyload\" src=\"data:image\/svg+xml;base64,PHN2ZyB3aWR0aD0iMSIgaGVpZ2h0PSIxIiB4bWxucz0iaHR0cDovL3d3dy53My5vcmcvMjAwMC9zdmciPjwvc3ZnPg==\" style=\"--smush-placeholder-width: 16px; --smush-placeholder-aspect-ratio: 16\/16;\" \/>&nbsp;Cargando ...<\/div>\n\n<\/div>\n<div class=\"story-leaf-focused\"><\/div>\n","protected":false},"excerpt":{"rendered":"<p>Hace un par de meses el\u00a0Versi\u00f3n RAC1\u00a0\u00a0de Toni Clap\u00e9s\u00a0\u00a0dio a conocer\u00a0una iniciativa particular\u00a0que pretend\u00eda conseguir que el Ayuntamiento de Barcelona hiciera\u00a0\u00a0un homenaje a Copito de Nieve 18 a\u00f1os despu\u00e9s de su muerte.\u00a0\u00a0\u00a0 Un restaurador de Barcelona,\u00a0\u00a0\u200b\u200bEduardo Bare, cac\u00f3 adelante una propuesta de homenaje, que ya re\u00fane\u00a0 35.000 firmas en la plataforma Change.org, donde ped\u00eda alg\u00fan tipo de reconocimiento al gorila albino, como s\u00edmbolo de Barcelona.\u00a0De hecho, varios gobiernos municipales se hab\u00edan comprometido de una forma u otra a hacer un homenaje a Copito \u00a0en forma de estatua, placa o calle, pero ninguna de estas propuestas ha fructificado. A la iniciativa de Eduardo Bare se sum\u00f3 una empresa de tecnolog\u00eda que propon\u00eda una especie\u00a0\u00a0de escultura rob\u00f3tica del Copito\u00a0\u00a0que pudiera interactuar con los visitantes del zoo .\u00a0M\u00e1s all\u00e1 de si \u00e9sta era la mejor opci\u00f3n, lo que ha sorprendido a sus impulsores son los argumentos del Ayuntamiento de Barcelona para rechazar la propuesta. A pesar de que la figura de Copito de Nieve pueda resultar amable y despertar nuestra empat\u00eda, fue el resultado del colonialismo en Guinea Ecuatorial En su carta de respuesta, el Ayuntamiento de Ada Colau dice que \u201ca pesar de la figura de Copito de Nieve pueda resultar\u00a0 amable y despertar nuestra empat\u00eda,\u00a0 fue el\u00a0 resultado del colonialismo en la Guinea Ecuatorial\u201d.\u00a0Versi\u00f3n\u00a0\u00a0RAC1\u00a0\u00a0ha querido saber la opini\u00f3n del\u00a0\u00a0hijo del descubridor del Copito, Oriol Sabater. Siento perplejidad total y no entiendo absolutamente nada.\u00a0El Ayuntamiento no ha tenido ni la delicadeza de escuchar la propuesta.\u00a0Es absolutamente kafkiano Oriol Sabater se pregunta \u00abqu\u00e9 tiene que ver el colonialismo espa\u00f1ol con Copito\u00ab, y niega que en el zoo ya haya un espacio dedicado al gorila albino, tal y como argumenta el Ayuntamiento. \u00bfQu\u00e9 tiene que ver el colonialismo espa\u00f1ol con Copito? Es que no lo entiendo. El Ayuntamiento dice que dentro del zoo ya hay un espacio Gorilas con un recuerdo de Copito. Esto es falso. El Ayuntamiento tiene inter\u00e9s en cerrar el Zoo y borrar todo su recuerdo y todas las tareas de investigaci\u00f3n e investigaci\u00f3n.\u00a0Molesta y no gusta. No quieren que se recuerde a Copito. Es incomprensible. A continuaci\u00f3n reproducimos la carta \u00edntegra de respuesta del Ayuntamiento de Barcelona: Estimado Francesc T\u00e1rraga, Como sabes, el pasado 23 de febrero se celebr\u00f3 un Pleno del Consejo Asesor de Arte P\u00fablico en el que se vio y se debati\u00f3 su\u00a0\u00a0propuesta de escultura en homenaje a Copito de Nieve.\u00a0A continuaci\u00f3n paso a trasladarte las consideraciones y el acuerdo del Consejo: La reflexi\u00f3n central del Pleno en torno a esta cuesti\u00f3n y que sustenta la decisi\u00f3n que se tom\u00f3 es que a pesar de que la figura de Copito de Nieve pueda resultar amable y despertar nuestra empat\u00eda, fue el resultado del colonialismo en la Guinea Ecuatorial\u00a0. No se tratar\u00eda tanto de rechazar el homenaje al primate como que este homenaje no deber\u00eda esconder las contradicciones que la figura de Copito de Nieve incorpora: a la vez vestigio de un sistema colonial que rechazamos\u00a0\u00a0pero vinculado a la memoria sentimental de muchos barceloneses. Por ello, el Consejo no encuentra adecuada la propuesta de homenaje que se plantea.\u00a0Considera asimismo que la propuesta presentada parece m\u00e1s adecuada para un espacio escenogr\u00e1fico que, propiamente, un proyecto de arte p\u00fablico. Por todo lo anterior,\u00a0\u00a0el Consejo rechaza colocar en el espacio p\u00fablico de Barcelona la escultura en homenaje a Copito de Nieve\u00a0propuesta por Aqu\u00ed Houston y as\u00ed se comunicar\u00e1 a la empresa. Sin embargo,\u00a0\u00a0el Pleno seguir\u00e1 reflexionando en torno a un posible homenaje\u00a0\u00a0a Copito de Nieve.\u00a0Un homenaje que no deber\u00eda esconder las contradicciones m\u00e1s arriba referidas. Cabe decir en todo caso que en el interior del Zoo de Barcelona existe un\u00a0\u00a0Espacio Gorilas\u00a0\u00a0-dentro del cual Copito de Nieve tiene un rinc\u00f3n destacado- dedicado a promover el conocimiento de estos primates y la necesidad de respetarlos y de proteger sus h\u00e1bitats naturales.\u00a0Igualmente, la Fundaci\u00f3n Barcelona Zoo otorga anualmente la beca Copito de Nieve, y el Consejo considera que una beca destinada a potenciar los\u00a0\u00a0proyectos de investigaci\u00f3n sobre los primates es una manera muy adecuada de homenajear al gorila albino. Fuente: Rac1<\/p>\n","protected":false},"author":2,"featured_media":55709,"comment_status":"open","ping_status":"open","sticky":false,"template":"","format":"standard","meta":{"_FSMCFIC_featured_image_caption":"","_FSMCFIC_featured_image_nocaption":"","_FSMCFIC_featured_image_hide":"","footnotes":""},"categories":[3787,806],"tags":[4547],"class_list":["post-55726","post","type-post","status-publish","format-standard","has-post-thumbnail","hentry","category-expedient-barcelona-es","category-punts-claus-del-dia-es","tag-copito-de-nieve"],"yoast_head":"<!-- This site is optimized with the Yoast SEO plugin v26.8 - https:\/\/yoast.com\/product\/yoast-seo-wordpress\/ -->\n<title>El Ayuntamiento de Barcelona rechaza el homenaje a Copito de Nieve - Converses a Catalunya<\/title>\n<meta name=\"description\" content=\"&quot;A pesar de que la figura de Copito de Nieve pueda resultar amable y despertar nuestra empat\u00eda, fue el resultado del colonialismo\" \/>\n<meta name=\"robots\" content=\"index, follow, max-snippet:-1, max-image-preview:large, max-video-preview:-1\" \/>\n<link rel=\"canonical\" href=\"https:\/\/conversesacatalunya.cat\/es\/homenaje-copito-de-nieves-colonialismo\/\" \/>\n<meta property=\"og:locale\" content=\"es_ES\" \/>\n<meta property=\"og:type\" content=\"article\" \/>\n<meta property=\"og:title\" content=\"El Ayuntamiento de Barcelona rechaza el homenaje a Copito de Nieve - Converses a Catalunya\" \/>\n<meta property=\"og:description\" content=\"&quot;A pesar de que la figura de Copito de Nieve pueda resultar amable y despertar nuestra empat\u00eda, fue el resultado del colonialismo\" \/>\n<meta property=\"og:url\" content=\"https:\/\/conversesacatalunya.cat\/es\/homenaje-copito-de-nieves-colonialismo\/\" \/>\n<meta property=\"og:site_name\" content=\"Converses a Catalunya\" \/>\n<meta property=\"article:published_time\" content=\"2022-03-11T11:23:40+00:00\" \/>\n<meta property=\"article:modified_time\" content=\"2022-03-11T12:00:45+00:00\" \/>\n<meta property=\"og:image\" content=\"https:\/\/conversesacatalunya.cat\/wp-content\/uploads\/2022\/03\/floquet-de-neu.jpg\" \/>\n\t<meta property=\"og:image:width\" content=\"905\" \/>\n\t<meta property=\"og:image:height\" content=\"527\" \/>\n\t<meta property=\"og:image:type\" content=\"image\/jpeg\" \/>\n<meta name=\"author\" content=\"conversesacatalunya\" \/>\n<meta name=\"twitter:card\" content=\"summary_large_image\" \/>\n<meta name=\"twitter:label1\" content=\"Escrito por\" \/>\n\t<meta name=\"twitter:data1\" content=\"conversesacatalunya\" \/>\n\t<meta name=\"twitter:label2\" content=\"Tiempo de lectura\" \/>\n\t<meta name=\"twitter:data2\" content=\"4 minutos\" \/>\n<script type=\"application\/ld+json\" class=\"yoast-schema-graph\">{\"@context\":\"https:\/\/schema.org\",\"@graph\":[{\"@type\":\"Article\",\"@id\":\"https:\/\/conversesacatalunya.cat\/es\/homenaje-copito-de-nieves-colonialismo\/#article\",\"isPartOf\":{\"@id\":\"https:\/\/conversesacatalunya.cat\/es\/homenaje-copito-de-nieves-colonialismo\/\"},\"author\":{\"name\":\"conversesacatalunya\",\"@id\":\"https:\/\/conversesacatalunya.cat\/#\/schema\/person\/7e24d1e54a2785373ddcb275eae5ed99\"},\"headline\":\"El Ayuntamiento de Barcelona rechaza el homenaje a Copito de Nieve\",\"datePublished\":\"2022-03-11T11:23:40+00:00\",\"dateModified\":\"2022-03-11T12:00:45+00:00\",\"mainEntityOfPage\":{\"@id\":\"https:\/\/conversesacatalunya.cat\/es\/homenaje-copito-de-nieves-colonialismo\/\"},\"wordCount\":752,\"commentCount\":0,\"image\":{\"@id\":\"https:\/\/conversesacatalunya.cat\/es\/homenaje-copito-de-nieves-colonialismo\/#primaryimage\"},\"thumbnailUrl\":\"https:\/\/conversesacatalunya.cat\/wp-content\/uploads\/2022\/03\/floquet-de-neu.jpg\",\"keywords\":[\"copito de nieve\"],\"articleSection\":[\"Expedient Barcelona (ES)\",\"Punts clau del dia (ES)\"],\"inLanguage\":\"es\",\"potentialAction\":[{\"@type\":\"CommentAction\",\"name\":\"Comment\",\"target\":[\"https:\/\/conversesacatalunya.cat\/es\/homenaje-copito-de-nieves-colonialismo\/#respond\"]}]},{\"@type\":\"WebPage\",\"@id\":\"https:\/\/conversesacatalunya.cat\/es\/homenaje-copito-de-nieves-colonialismo\/\",\"url\":\"https:\/\/conversesacatalunya.cat\/es\/homenaje-copito-de-nieves-colonialismo\/\",\"name\":\"El Ayuntamiento de Barcelona rechaza el homenaje a Copito de Nieve - Converses a Catalunya\",\"isPartOf\":{\"@id\":\"https:\/\/conversesacatalunya.cat\/#website\"},\"primaryImageOfPage\":{\"@id\":\"https:\/\/conversesacatalunya.cat\/es\/homenaje-copito-de-nieves-colonialismo\/#primaryimage\"},\"image\":{\"@id\":\"https:\/\/conversesacatalunya.cat\/es\/homenaje-copito-de-nieves-colonialismo\/#primaryimage\"},\"thumbnailUrl\":\"https:\/\/conversesacatalunya.cat\/wp-content\/uploads\/2022\/03\/floquet-de-neu.jpg\",\"datePublished\":\"2022-03-11T11:23:40+00:00\",\"dateModified\":\"2022-03-11T12:00:45+00:00\",\"author\":{\"@id\":\"https:\/\/conversesacatalunya.cat\/#\/schema\/person\/7e24d1e54a2785373ddcb275eae5ed99\"},\"description\":\"\\\"A pesar de que la figura de Copito de Nieve pueda resultar amable y despertar nuestra empat\u00eda, fue el resultado del colonialismo\",\"breadcrumb\":{\"@id\":\"https:\/\/conversesacatalunya.cat\/es\/homenaje-copito-de-nieves-colonialismo\/#breadcrumb\"},\"inLanguage\":\"es\",\"potentialAction\":[{\"@type\":\"ReadAction\",\"target\":[\"https:\/\/conversesacatalunya.cat\/es\/homenaje-copito-de-nieves-colonialismo\/\"]}]},{\"@type\":\"ImageObject\",\"inLanguage\":\"es\",\"@id\":\"https:\/\/conversesacatalunya.cat\/es\/homenaje-copito-de-nieves-colonialismo\/#primaryimage\",\"url\":\"https:\/\/conversesacatalunya.cat\/wp-content\/uploads\/2022\/03\/floquet-de-neu.jpg\",\"contentUrl\":\"https:\/\/conversesacatalunya.cat\/wp-content\/uploads\/2022\/03\/floquet-de-neu.jpg\",\"width\":905,\"height\":527,\"caption\":\"homenatge floquet de neu\"},{\"@type\":\"BreadcrumbList\",\"@id\":\"https:\/\/conversesacatalunya.cat\/es\/homenaje-copito-de-nieves-colonialismo\/#breadcrumb\",\"itemListElement\":[{\"@type\":\"ListItem\",\"position\":1,\"name\":\"Inici\",\"item\":\"https:\/\/conversesacatalunya.cat\/es\/\"},{\"@type\":\"ListItem\",\"position\":2,\"name\":\"El Ayuntamiento de Barcelona rechaza el homenaje a Copito de Nieve\"}]},{\"@type\":\"WebSite\",\"@id\":\"https:\/\/conversesacatalunya.cat\/#website\",\"url\":\"https:\/\/conversesacatalunya.cat\/\",\"name\":\"Converses a Catalunya\",\"description\":\"\",\"potentialAction\":[{\"@type\":\"SearchAction\",\"target\":{\"@type\":\"EntryPoint\",\"urlTemplate\":\"https:\/\/conversesacatalunya.cat\/?s={search_term_string}\"},\"query-input\":{\"@type\":\"PropertyValueSpecification\",\"valueRequired\":true,\"valueName\":\"search_term_string\"}}],\"inLanguage\":\"es\"},{\"@type\":\"Person\",\"@id\":\"https:\/\/conversesacatalunya.cat\/#\/schema\/person\/7e24d1e54a2785373ddcb275eae5ed99\",\"name\":\"conversesacatalunya\",\"image\":{\"@type\":\"ImageObject\",\"inLanguage\":\"es\",\"@id\":\"https:\/\/conversesacatalunya.cat\/#\/schema\/person\/image\/\",\"url\":\"https:\/\/conversesacatalunya.cat\/wp-content\/litespeed\/avatar\/febdfeeec89d950f01c748045a981dd2.jpg?ver=1777314535\",\"contentUrl\":\"https:\/\/conversesacatalunya.cat\/wp-content\/litespeed\/avatar\/febdfeeec89d950f01c748045a981dd2.jpg?ver=1777314535\",\"caption\":\"conversesacatalunya\"},\"url\":\"https:\/\/conversesacatalunya.cat\/es\/author\/carme_catala\/\"}]}<\/script>\n<!-- \/ Yoast SEO plugin. -->","yoast_head_json":{"title":"El Ayuntamiento de Barcelona rechaza el homenaje a Copito de Nieve - Converses a Catalunya","description":"\"A pesar de que la figura de Copito de Nieve pueda resultar amable y despertar nuestra empat\u00eda, fue el resultado del colonialismo","robots":{"index":"index","follow":"follow","max-snippet":"max-snippet:-1","max-image-preview":"max-image-preview:large","max-video-preview":"max-video-preview:-1"},"canonical":"https:\/\/conversesacatalunya.cat\/es\/homenaje-copito-de-nieves-colonialismo\/","og_locale":"es_ES","og_type":"article","og_title":"El Ayuntamiento de Barcelona rechaza el homenaje a Copito de Nieve - Converses a Catalunya","og_description":"\"A pesar de que la figura de Copito de Nieve pueda resultar amable y despertar nuestra empat\u00eda, fue el resultado del colonialismo","og_url":"https:\/\/conversesacatalunya.cat\/es\/homenaje-copito-de-nieves-colonialismo\/","og_site_name":"Converses a Catalunya","article_published_time":"2022-03-11T11:23:40+00:00","article_modified_time":"2022-03-11T12:00:45+00:00","og_image":[{"width":905,"height":527,"url":"https:\/\/conversesacatalunya.cat\/wp-content\/uploads\/2022\/03\/floquet-de-neu.jpg","type":"image\/jpeg"}],"author":"conversesacatalunya","twitter_card":"summary_large_image","twitter_misc":{"Escrito por":"conversesacatalunya","Tiempo de lectura":"4 minutos"},"schema":{"@context":"https:\/\/schema.org","@graph":[{"@type":"Article","@id":"https:\/\/conversesacatalunya.cat\/es\/homenaje-copito-de-nieves-colonialismo\/#article","isPartOf":{"@id":"https:\/\/conversesacatalunya.cat\/es\/homenaje-copito-de-nieves-colonialismo\/"},"author":{"name":"conversesacatalunya","@id":"https:\/\/conversesacatalunya.cat\/#\/schema\/person\/7e24d1e54a2785373ddcb275eae5ed99"},"headline":"El Ayuntamiento de Barcelona rechaza el homenaje a Copito de Nieve","datePublished":"2022-03-11T11:23:40+00:00","dateModified":"2022-03-11T12:00:45+00:00","mainEntityOfPage":{"@id":"https:\/\/conversesacatalunya.cat\/es\/homenaje-copito-de-nieves-colonialismo\/"},"wordCount":752,"commentCount":0,"image":{"@id":"https:\/\/conversesacatalunya.cat\/es\/homenaje-copito-de-nieves-colonialismo\/#primaryimage"},"thumbnailUrl":"https:\/\/conversesacatalunya.cat\/wp-content\/uploads\/2022\/03\/floquet-de-neu.jpg","keywords":["copito de nieve"],"articleSection":["Expedient Barcelona (ES)","Punts clau del dia (ES)"],"inLanguage":"es","potentialAction":[{"@type":"CommentAction","name":"Comment","target":["https:\/\/conversesacatalunya.cat\/es\/homenaje-copito-de-nieves-colonialismo\/#respond"]}]},{"@type":"WebPage","@id":"https:\/\/conversesacatalunya.cat\/es\/homenaje-copito-de-nieves-colonialismo\/","url":"https:\/\/conversesacatalunya.cat\/es\/homenaje-copito-de-nieves-colonialismo\/","name":"El Ayuntamiento de Barcelona rechaza el homenaje a Copito de Nieve - Converses a Catalunya","isPartOf":{"@id":"https:\/\/conversesacatalunya.cat\/#website"},"primaryImageOfPage":{"@id":"https:\/\/conversesacatalunya.cat\/es\/homenaje-copito-de-nieves-colonialismo\/#primaryimage"},"image":{"@id":"https:\/\/conversesacatalunya.cat\/es\/homenaje-copito-de-nieves-colonialismo\/#primaryimage"},"thumbnailUrl":"https:\/\/conversesacatalunya.cat\/wp-content\/uploads\/2022\/03\/floquet-de-neu.jpg","datePublished":"2022-03-11T11:23:40+00:00","dateModified":"2022-03-11T12:00:45+00:00","author":{"@id":"https:\/\/conversesacatalunya.cat\/#\/schema\/person\/7e24d1e54a2785373ddcb275eae5ed99"},"description":"\"A pesar de que la figura de Copito de Nieve pueda resultar amable y despertar nuestra empat\u00eda, fue el resultado del colonialismo","breadcrumb":{"@id":"https:\/\/conversesacatalunya.cat\/es\/homenaje-copito-de-nieves-colonialismo\/#breadcrumb"},"inLanguage":"es","potentialAction":[{"@type":"ReadAction","target":["https:\/\/conversesacatalunya.cat\/es\/homenaje-copito-de-nieves-colonialismo\/"]}]},{"@type":"ImageObject","inLanguage":"es","@id":"https:\/\/conversesacatalunya.cat\/es\/homenaje-copito-de-nieves-colonialismo\/#primaryimage","url":"https:\/\/conversesacatalunya.cat\/wp-content\/uploads\/2022\/03\/floquet-de-neu.jpg","contentUrl":"https:\/\/conversesacatalunya.cat\/wp-content\/uploads\/2022\/03\/floquet-de-neu.jpg","width":905,"height":527,"caption":"homenatge floquet de neu"},{"@type":"BreadcrumbList","@id":"https:\/\/conversesacatalunya.cat\/es\/homenaje-copito-de-nieves-colonialismo\/#breadcrumb","itemListElement":[{"@type":"ListItem","position":1,"name":"Inici","item":"https:\/\/conversesacatalunya.cat\/es\/"},{"@type":"ListItem","position":2,"name":"El Ayuntamiento de Barcelona rechaza el homenaje a Copito de Nieve"}]},{"@type":"WebSite","@id":"https:\/\/conversesacatalunya.cat\/#website","url":"https:\/\/conversesacatalunya.cat\/","name":"Converses a Catalunya","description":"","potentialAction":[{"@type":"SearchAction","target":{"@type":"EntryPoint","urlTemplate":"https:\/\/conversesacatalunya.cat\/?s={search_term_string}"},"query-input":{"@type":"PropertyValueSpecification","valueRequired":true,"valueName":"search_term_string"}}],"inLanguage":"es"},{"@type":"Person","@id":"https:\/\/conversesacatalunya.cat\/#\/schema\/person\/7e24d1e54a2785373ddcb275eae5ed99","name":"conversesacatalunya","image":{"@type":"ImageObject","inLanguage":"es","@id":"https:\/\/conversesacatalunya.cat\/#\/schema\/person\/image\/","url":"https:\/\/conversesacatalunya.cat\/wp-content\/litespeed\/avatar\/febdfeeec89d950f01c748045a981dd2.jpg?ver=1777314535","contentUrl":"https:\/\/conversesacatalunya.cat\/wp-content\/litespeed\/avatar\/febdfeeec89d950f01c748045a981dd2.jpg?ver=1777314535","caption":"conversesacatalunya"},"url":"https:\/\/conversesacatalunya.cat\/es\/author\/carme_catala\/"}]}},"wps_subtitle":"\"A pesar de que la figura de Copito de Nieve pueda resultar amable y despertar nuestra empat\u00eda, al fin fue el resultado del colonialismo en Guinea Ecuatorial\"","_links":{"self":[{"href":"https:\/\/conversesacatalunya.cat\/es\/wp-json\/wp\/v2\/posts\/55726","targetHints":{"allow":["GET"]}}],"collection":[{"href":"https:\/\/conversesacatalunya.cat\/es\/wp-json\/wp\/v2\/posts"}],"about":[{"href":"https:\/\/conversesacatalunya.cat\/es\/wp-json\/wp\/v2\/types\/post"}],"author":[{"embeddable":true,"href":"https:\/\/conversesacatalunya.cat\/es\/wp-json\/wp\/v2\/users\/2"}],"replies":[{"embeddable":true,"href":"https:\/\/conversesacatalunya.cat\/es\/wp-json\/wp\/v2\/comments?post=55726"}],"version-history":[{"count":3,"href":"https:\/\/conversesacatalunya.cat\/es\/wp-json\/wp\/v2\/posts\/55726\/revisions"}],"predecessor-version":[{"id":55740,"href":"https:\/\/conversesacatalunya.cat\/es\/wp-json\/wp\/v2\/posts\/55726\/revisions\/55740"}],"wp:featuredmedia":[{"embeddable":true,"href":"https:\/\/conversesacatalunya.cat\/es\/wp-json\/wp\/v2\/media\/55709"}],"wp:attachment":[{"href":"https:\/\/conversesacatalunya.cat\/es\/wp-json\/wp\/v2\/media?parent=55726"}],"wp:term":[{"taxonomy":"category","embeddable":true,"href":"https:\/\/conversesacatalunya.cat\/es\/wp-json\/wp\/v2\/categories?post=55726"},{"taxonomy":"post_tag","embeddable":true,"href":"https:\/\/conversesacatalunya.cat\/es\/wp-json\/wp\/v2\/tags?post=55726"}],"curies":[{"name":"wp","href":"https:\/\/api.w.org\/{rel}","templated":true}]}}