{"id":55631,"date":"2022-03-09T08:42:08","date_gmt":"2022-03-09T07:42:08","guid":{"rendered":"https:\/\/conversesacatalunya.cat\/?p=55631"},"modified":"2022-03-09T08:42:08","modified_gmt":"2022-03-09T07:42:08","slug":"brotes-verdes-de-renacimiento-espiritual","status":"publish","type":"post","link":"https:\/\/conversesacatalunya.cat\/es\/brotes-verdes-de-renacimiento-espiritual\/","title":{"rendered":"Brotes verdes de renacimiento espiritual"},"content":{"rendered":"<p>\u00abEl cristiano del futuro o ser\u00e1 un m\u00edstico o no ser\u00e1 cristiano\u00bb. Esta rotunda predicci\u00f3n corresponde a<strong> Karl Rahner, uno de los grandes te\u00f3logos del siglo XX.<\/strong> Una frase similar (\u201cEl siglo XXI ser\u00e1 espiritual o no ser\u00e1\u201d) se atribuye, de forma menos pac\u00edfica, a <strong>Andr\u00e9 Malraux<\/strong>. Rahner no era precisamente un te\u00f3logo conservador. Y Malraux, era un esp\u00edritu libre que luch\u00f3 al lado de la rep\u00fablica espa\u00f1ola y despu\u00e9s fue varias veces ministro de Charles de Gaulle. <strong>La profec\u00eda de ambos se est\u00e1 confirmando como cierta en nuestro siglo XXI.<\/strong><\/p>\n<p><strong>Rahner lo justificaba as\u00ed:<\/strong> \u00abHabr\u00eda que decir que el cristiano del futuro o ser\u00e1 un m\u00edstico, es decir, una persona que ha experimentado algo o no ser\u00e1 cristiano. Porque la espiritualidad del futuro ya no se apoyar\u00e1 en una convicci\u00f3n un\u00e1nime, evidente y p\u00fablica, ni en un ambiente religioso generalizado, previos a la experiencia y la decisi\u00f3n personales\u00bb.<\/p>\n<p>A pesar de ser Rahner un te\u00f3logo de referencia del catolicismo autodenominado \u00abm\u00e1s abierto y avanzado\u00bb, a menudo los sectores \u00abprogresistas\u00bb de la iglesia han menospreciado una vivencia m\u00e1s m\u00edstica o espiritual de la fe cristiana. Podr\u00edamos hablar de lo mucho que cost\u00f3 en algunas di\u00f3cesis catalanas que la jerarqu\u00eda eclesi\u00e1stica aceptara los movimientos laicales, que s\u00ed tienen una fuerte dimensi\u00f3n espiritual,<strong> en contraste con la sequedad con que hoy se vive la fe en la gran mayor\u00eda de las parroquias<\/strong>. O de c\u00f3mo todav\u00eda hoy la adoraci\u00f3n eucar\u00edstica es observada con recelo o directamente menospreciada por los sacerdotes \u201cm\u00e1s abiertos y avanzados\u201d.<\/p>\n<blockquote><p><strong>algunos cristianos, con deseo de crecer en vida interior han terminado buscando suced\u00e1neos fuera del cristianismo<\/strong><\/p><\/blockquote>\n<p>En un tiempo de saturaci\u00f3n materialista y consumista, de decepci\u00f3n pol\u00edtica y escepticismo ideol\u00f3gico, <strong>aumenta la sed de espiritualidad<\/strong>. En la tradici\u00f3n cat\u00f3lica existen tesoros de espiritualidad para todos los gustos y tendencias. Pero hace muchas d\u00e9cadas que estos tesoros, por dejadez o intencionadamente, se han ocultado a los fieles.<strong> Y algunos cristianos, con deseo de crecer en vida interior, han acabado buscando suced\u00e1neos fuera del cristianismo<\/strong>. Les ha pasado como aquel mendigo que se hab\u00eda pasado la vida mendigando junto a un camino asentado sobre un cofre cerrado, que nunca hab\u00eda abierto. Hasta que un d\u00eda un viandante le ayud\u00f3 a abrirlo y se dio cuenta de que dentro estaba lleno de oro y piedras preciosas.<\/p>\n<p><strong>La oraci\u00f3n es el coraz\u00f3n de la espiritualidad cristiana<\/strong>. Hace a\u00f1os un cura mayor, amigo m\u00edo, un hombre de una gran finura y profundidad teol\u00f3gica, me dijo que <strong>todo se empez\u00f3 a estropear cuando los sacerdotes sustituyeron sus oraciones de la tarde por la televisi\u00f3n<\/strong>. Nadie puede transmitir lo que no vive. El gran<strong> Blaise Pascal<\/strong> a mediados del siglo XVII afirmaba en sus \u00abPensamientos\u00bb: \u00abhe descubierto que toda la desgracia de los hombres viene de una sola cosa, que es no saber permanecer en reposo en una habitaci\u00f3n\u00bb. Hoy dir\u00eda que nuestra desgracia es no saber permanecer una hora seguida sin mirar una pantalla.<\/p>\n<blockquote><p><strong>una de las cosas m\u00e1s importantes que hoy puede hacer la Iglesia por los cristianos es ense\u00f1arnos a rezar<\/strong><\/p><\/blockquote>\n<p>En tiempos de recogida de propuestas por el S\u00ednodo, creo que <strong>una de las cosas m\u00e1s importantes que hoy puede hacer la Iglesia por los cristianos es ense\u00f1arnos a reza<\/strong>r. Nuestra actual manera de vivir, permanentemente ocupados y distra\u00eddos con cosas a menudo banales, no invita a nada. El <strong>cardenal Robert Sarah<\/strong>, en su magn\u00edfica obra \u201cDieu ou rien\u201d afirma que \u201cen realidad la oraci\u00f3n consiste en callar para escuchar a Dios que nos habla y oir al Esp\u00edritu Santo que habla en nosotros\u201d (Rm 8, 16-26 ).<\/p>\n<p><strong>Sarah a\u00f1ade:<\/strong> \u201cS\u00f3lo existe fecundidad espiritual en un silencio virginal que no est\u00e1 mezclado con demasiadas palabras y ruido interior. (&#8230;) La verdadera oraci\u00f3n lleva a algo parecido a la desaparici\u00f3n de nuestro caos personal.\u201d Y recuerda que rezar as\u00ed no es f\u00e1cil, jam\u00e1s lo ha sido. Y que tambi\u00e9n los grandes santos, como Teresa de Lisieux, han dudado de su propia vida de oraci\u00f3n. Sarah a\u00f1ade que lleva tiempo creyendo que la oraci\u00f3n s\u00f3lo puede tomar cuerpo de noche. As\u00ed lo hac\u00eda Cristo, que pasaba noches enteras orando (Lc 6, 12). Es muy necesario que obispados y parroquias promuevan actividades y espacios donde ni\u00f1os, adolescentes y j\u00f3venes cristianos se encuentren y<strong> se les ayude a descubrir el valor del silencio y c\u00f3mo \u00e9ste les puede conducir a la verdadera escucha y di\u00e1logo con Jesucristo<\/strong>.<\/p>\n<p><strong>Sin embargo, empiezan a haber brotes verdes de renacimiento espiritual. Un par de ejemplos en la ciudad de Girona:<\/strong> la oraci\u00f3n que los j\u00f3venes del Movimiento de Schoenstatt organizan una vez al mes los viernes a las 8 de la tarde en la parroquia de Sant Salvador de Horta. O el grupo de Hakuna, j\u00f3venes y mayores que se re\u00fanen cada lunes por la noche en la iglesia del Sagrat Cor a hacer una hora de adoraci\u00f3n eucar\u00edstica, silencio y cantos.<\/p>\n<p>Cuando San Juan Mar\u00eda Vianney le pregunt\u00f3 a un humilde labrador qu\u00e9 hac\u00eda pasando cada d\u00eda un rato quieto ante el sagrario de la iglesia de Ars, le contest\u00f3: <strong>\u201cYo lo miro y \u00c9l me mira\u201d. As\u00ed de dif\u00edcil y as\u00ed de sencillo<\/strong>. La Cuaresma que acabamos de empezar es una buena oportunidad para hacer abstinencia de m\u00f3vil y experimentar ratos en silencio para escuchar en nuestro interior \u201clos gemidos inefables del Esp\u00edritu\u201d (Rm 8, 27).<\/p>\n<p><em><strong>Publicado en el Diari de Girona, el 7 de marzo de 2022<\/strong><\/em><\/p>\n<span class='bctt-click-to-tweet'><span class='bctt-ctt-text'><a href='https:\/\/twitter.com\/intent\/tweet?url=https%3A%2F%2Fconversesacatalunya.cat%2Fes%2Fbrotes-verdes-de-renacimiento-espiritual%2F&#038;text=Algunos%20cristianos%2C%20con%20deseo%20de%20crecer%20en%20vida%20interior%20han%20terminado%20buscando%20suced%C3%A1neos%20fuera%20del%20cristianismo&#038;via=conversesacat&#038;related=conversesacat' target='_blank'rel=\"noopener noreferrer\">Algunos cristianos, con deseo de crecer en vida interior han terminado buscando suced\u00e1neos fuera del cristianismo <\/a><\/span><a href='https:\/\/twitter.com\/intent\/tweet?url=https%3A%2F%2Fconversesacatalunya.cat%2Fes%2Fbrotes-verdes-de-renacimiento-espiritual%2F&#038;text=Algunos%20cristianos%2C%20con%20deseo%20de%20crecer%20en%20vida%20interior%20han%20terminado%20buscando%20suced%C3%A1neos%20fuera%20del%20cristianismo&#038;via=conversesacat&#038;related=conversesacat' target='_blank' class='bctt-ctt-btn'rel=\"noopener noreferrer\">Compartir en X<\/a><\/span>\n<p>&nbsp;<\/p>\n<p>&nbsp;<\/p>\n","protected":false},"excerpt":{"rendered":"<p>\u00abEl cristiano del futuro o ser\u00e1 un m\u00edstico o no ser\u00e1 cristiano\u00bb. Esta rotunda predicci\u00f3n corresponde a Karl Rahner, uno de los grandes te\u00f3logos del siglo XX. Una frase similar (\u201cEl siglo XXI ser\u00e1 espiritual o no ser\u00e1\u201d) se atribuye, de forma menos pac\u00edfica, a Andr\u00e9 Malraux. Rahner no era precisamente un te\u00f3logo conservador. Y Malraux, era un esp\u00edritu libre que luch\u00f3 al lado de la rep\u00fablica espa\u00f1ola y despu\u00e9s fue varias veces ministro de Charles de Gaulle. La profec\u00eda de ambos se est\u00e1 confirmando como cierta en nuestro siglo XXI. Rahner lo justificaba as\u00ed: \u00abHabr\u00eda que decir que el cristiano del futuro o ser\u00e1 un m\u00edstico, es decir, una persona que ha experimentado algo o no ser\u00e1 cristiano. Porque la espiritualidad del futuro ya no se apoyar\u00e1 en una convicci\u00f3n un\u00e1nime, evidente y p\u00fablica, ni en un ambiente religioso generalizado, previos a la experiencia y la decisi\u00f3n personales\u00bb. A pesar de ser Rahner un te\u00f3logo de referencia del catolicismo autodenominado \u00abm\u00e1s abierto y avanzado\u00bb, a menudo los sectores \u00abprogresistas\u00bb de la iglesia han menospreciado una vivencia m\u00e1s m\u00edstica o espiritual de la fe cristiana. Podr\u00edamos hablar de lo mucho que cost\u00f3 en algunas di\u00f3cesis catalanas que la jerarqu\u00eda eclesi\u00e1stica aceptara los movimientos laicales, que s\u00ed tienen una fuerte dimensi\u00f3n espiritual, en contraste con la sequedad con que hoy se vive la fe en la gran mayor\u00eda de las parroquias. O de c\u00f3mo todav\u00eda hoy la adoraci\u00f3n eucar\u00edstica es observada con recelo o directamente menospreciada por los sacerdotes \u201cm\u00e1s abiertos y avanzados\u201d. algunos cristianos, con deseo de crecer en vida interior han terminado buscando suced\u00e1neos fuera del cristianismo En un tiempo de saturaci\u00f3n materialista y consumista, de decepci\u00f3n pol\u00edtica y escepticismo ideol\u00f3gico, aumenta la sed de espiritualidad. En la tradici\u00f3n cat\u00f3lica existen tesoros de espiritualidad para todos los gustos y tendencias. Pero hace muchas d\u00e9cadas que estos tesoros, por dejadez o intencionadamente, se han ocultado a los fieles. Y algunos cristianos, con deseo de crecer en vida interior, han acabado buscando suced\u00e1neos fuera del cristianismo. Les ha pasado como aquel mendigo que se hab\u00eda pasado la vida mendigando junto a un camino asentado sobre un cofre cerrado, que nunca hab\u00eda abierto. Hasta que un d\u00eda un viandante le ayud\u00f3 a abrirlo y se dio cuenta de que dentro estaba lleno de oro y piedras preciosas. La oraci\u00f3n es el coraz\u00f3n de la espiritualidad cristiana. Hace a\u00f1os un cura mayor, amigo m\u00edo, un hombre de una gran finura y profundidad teol\u00f3gica, me dijo que todo se empez\u00f3 a estropear cuando los sacerdotes sustituyeron sus oraciones de la tarde por la televisi\u00f3n. Nadie puede transmitir lo que no vive. El gran Blaise Pascal a mediados del siglo XVII afirmaba en sus \u00abPensamientos\u00bb: \u00abhe descubierto que toda la desgracia de los hombres viene de una sola cosa, que es no saber permanecer en reposo en una habitaci\u00f3n\u00bb. Hoy dir\u00eda que nuestra desgracia es no saber permanecer una hora seguida sin mirar una pantalla. una de las cosas m\u00e1s importantes que hoy puede hacer la Iglesia por los cristianos es ense\u00f1arnos a rezar En tiempos de recogida de propuestas por el S\u00ednodo, creo que una de las cosas m\u00e1s importantes que hoy puede hacer la Iglesia por los cristianos es ense\u00f1arnos a rezar. Nuestra actual manera de vivir, permanentemente ocupados y distra\u00eddos con cosas a menudo banales, no invita a nada. El cardenal Robert Sarah, en su magn\u00edfica obra \u201cDieu ou rien\u201d afirma que \u201cen realidad la oraci\u00f3n consiste en callar para escuchar a Dios que nos habla y oir al Esp\u00edritu Santo que habla en nosotros\u201d (Rm 8, 16-26 ). Sarah a\u00f1ade: \u201cS\u00f3lo existe fecundidad espiritual en un silencio virginal que no est\u00e1 mezclado con demasiadas palabras y ruido interior. (&#8230;) La verdadera oraci\u00f3n lleva a algo parecido a la desaparici\u00f3n de nuestro caos personal.\u201d Y recuerda que rezar as\u00ed no es f\u00e1cil, jam\u00e1s lo ha sido. Y que tambi\u00e9n los grandes santos, como Teresa de Lisieux, han dudado de su propia vida de oraci\u00f3n. Sarah a\u00f1ade que lleva tiempo creyendo que la oraci\u00f3n s\u00f3lo puede tomar cuerpo de noche. As\u00ed lo hac\u00eda Cristo, que pasaba noches enteras orando (Lc 6, 12). Es muy necesario que obispados y parroquias promuevan actividades y espacios donde ni\u00f1os, adolescentes y j\u00f3venes cristianos se encuentren y se les ayude a descubrir el valor del silencio y c\u00f3mo \u00e9ste les puede conducir a la verdadera escucha y di\u00e1logo con Jesucristo. Sin embargo, empiezan a haber brotes verdes de renacimiento espiritual. Un par de ejemplos en la ciudad de Girona: la oraci\u00f3n que los j\u00f3venes del Movimiento de Schoenstatt organizan una vez al mes los viernes a las 8 de la tarde en la parroquia de Sant Salvador de Horta. O el grupo de Hakuna, j\u00f3venes y mayores que se re\u00fanen cada lunes por la noche en la iglesia del Sagrat Cor a hacer una hora de adoraci\u00f3n eucar\u00edstica, silencio y cantos. Cuando San Juan Mar\u00eda Vianney le pregunt\u00f3 a un humilde labrador qu\u00e9 hac\u00eda pasando cada d\u00eda un rato quieto ante el sagrario de la iglesia de Ars, le contest\u00f3: \u201cYo lo miro y \u00c9l me mira\u201d. As\u00ed de dif\u00edcil y as\u00ed de sencillo. La Cuaresma que acabamos de empezar es una buena oportunidad para hacer abstinencia de m\u00f3vil y experimentar ratos en silencio para escuchar en nuestro interior \u201clos gemidos inefables del Esp\u00edritu\u201d (Rm 8, 27). Publicado en el Diari de Girona, el 7 de marzo de 2022 &nbsp; &nbsp;<\/p>\n","protected":false},"author":6,"featured_media":55629,"comment_status":"open","ping_status":"open","sticky":false,"template":"","format":"standard","meta":{"_FSMCFIC_featured_image_caption":"","_FSMCFIC_featured_image_nocaption":"","_FSMCFIC_featured_image_hide":"","footnotes":""},"categories":[801],"tags":[4230],"class_list":["post-55631","post","type-post","status-publish","format-standard","has-post-thumbnail","hentry","category-veritas-in-caritate-es","tag-sinodo"],"yoast_head":"<!-- This site is optimized with the Yoast SEO plugin v26.8 - https:\/\/yoast.com\/product\/yoast-seo-wordpress\/ -->\n<title>Brotes verdes de renacimiento espiritual - Converses a Catalunya<\/title>\n<meta name=\"description\" content=\"&quot;El cristiano del futuro o ser\u00e1 un m\u00edstico o no ser\u00e1 cristiano&quot;. Esta predicci\u00f3n corresponde a Karl Rahner, uno de los grandes te\u00f3logos S. XX\" \/>\n<meta name=\"robots\" content=\"noindex, nofollow\" \/>\n<meta property=\"og:locale\" content=\"es_ES\" \/>\n<meta property=\"og:type\" content=\"article\" \/>\n<meta property=\"og:title\" content=\"Brotes verdes de renacimiento espiritual - Converses a Catalunya\" \/>\n<meta property=\"og:description\" content=\"&quot;El cristiano del futuro o ser\u00e1 un m\u00edstico o no ser\u00e1 cristiano&quot;. Esta predicci\u00f3n corresponde a Karl Rahner, uno de los grandes te\u00f3logos S. XX\" \/>\n<meta property=\"og:url\" content=\"https:\/\/conversesacatalunya.cat\/es\/brotes-verdes-de-renacimiento-espiritual\/\" \/>\n<meta property=\"og:site_name\" content=\"Converses a Catalunya\" \/>\n<meta property=\"article:published_time\" content=\"2022-03-09T07:42:08+00:00\" \/>\n<meta property=\"og:image\" content=\"https:\/\/conversesacatalunya.cat\/wp-content\/uploads\/2022\/03\/Ros.jpg\" \/>\n\t<meta property=\"og:image:width\" content=\"640\" \/>\n\t<meta property=\"og:image:height\" content=\"462\" \/>\n\t<meta property=\"og:image:type\" content=\"image\/jpeg\" \/>\n<meta name=\"author\" content=\"Carles Ros Arpa\" \/>\n<meta name=\"twitter:card\" content=\"summary_large_image\" \/>\n<meta name=\"twitter:label1\" content=\"Escrito por\" \/>\n\t<meta name=\"twitter:data1\" content=\"Carles Ros Arpa\" \/>\n\t<meta name=\"twitter:label2\" content=\"Tiempo de lectura\" \/>\n\t<meta name=\"twitter:data2\" content=\"5 minutos\" \/>\n<script type=\"application\/ld+json\" class=\"yoast-schema-graph\">{\"@context\":\"https:\/\/schema.org\",\"@graph\":[{\"@type\":\"Article\",\"@id\":\"https:\/\/conversesacatalunya.cat\/es\/brotes-verdes-de-renacimiento-espiritual\/#article\",\"isPartOf\":{\"@id\":\"https:\/\/conversesacatalunya.cat\/es\/brotes-verdes-de-renacimiento-espiritual\/\"},\"author\":{\"name\":\"Carles Ros Arpa\",\"@id\":\"https:\/\/conversesacatalunya.cat\/#\/schema\/person\/158977e8a6f4c10be20fb1e30375371b\"},\"headline\":\"Brotes verdes de renacimiento espiritual\",\"datePublished\":\"2022-03-09T07:42:08+00:00\",\"mainEntityOfPage\":{\"@id\":\"https:\/\/conversesacatalunya.cat\/es\/brotes-verdes-de-renacimiento-espiritual\/\"},\"wordCount\":1007,\"commentCount\":0,\"image\":{\"@id\":\"https:\/\/conversesacatalunya.cat\/es\/brotes-verdes-de-renacimiento-espiritual\/#primaryimage\"},\"thumbnailUrl\":\"https:\/\/conversesacatalunya.cat\/wp-content\/uploads\/2022\/03\/Ros.jpg\",\"keywords\":[\"S\u00ednodo\"],\"articleSection\":[\"Veritas in caritate (ES)\"],\"inLanguage\":\"es\",\"potentialAction\":[{\"@type\":\"CommentAction\",\"name\":\"Comment\",\"target\":[\"https:\/\/conversesacatalunya.cat\/es\/brotes-verdes-de-renacimiento-espiritual\/#respond\"]}]},{\"@type\":\"WebPage\",\"@id\":\"https:\/\/conversesacatalunya.cat\/es\/brotes-verdes-de-renacimiento-espiritual\/\",\"url\":\"https:\/\/conversesacatalunya.cat\/es\/brotes-verdes-de-renacimiento-espiritual\/\",\"name\":\"Brotes verdes de renacimiento espiritual - Converses a Catalunya\",\"isPartOf\":{\"@id\":\"https:\/\/conversesacatalunya.cat\/#website\"},\"primaryImageOfPage\":{\"@id\":\"https:\/\/conversesacatalunya.cat\/es\/brotes-verdes-de-renacimiento-espiritual\/#primaryimage\"},\"image\":{\"@id\":\"https:\/\/conversesacatalunya.cat\/es\/brotes-verdes-de-renacimiento-espiritual\/#primaryimage\"},\"thumbnailUrl\":\"https:\/\/conversesacatalunya.cat\/wp-content\/uploads\/2022\/03\/Ros.jpg\",\"datePublished\":\"2022-03-09T07:42:08+00:00\",\"author\":{\"@id\":\"https:\/\/conversesacatalunya.cat\/#\/schema\/person\/158977e8a6f4c10be20fb1e30375371b\"},\"description\":\"\\\"El cristiano del futuro o ser\u00e1 un m\u00edstico o no ser\u00e1 cristiano\\\". Esta predicci\u00f3n corresponde a Karl Rahner, uno de los grandes te\u00f3logos S. XX\",\"breadcrumb\":{\"@id\":\"https:\/\/conversesacatalunya.cat\/es\/brotes-verdes-de-renacimiento-espiritual\/#breadcrumb\"},\"inLanguage\":\"es\",\"potentialAction\":[{\"@type\":\"ReadAction\",\"target\":[\"https:\/\/conversesacatalunya.cat\/es\/brotes-verdes-de-renacimiento-espiritual\/\"]}]},{\"@type\":\"ImageObject\",\"inLanguage\":\"es\",\"@id\":\"https:\/\/conversesacatalunya.cat\/es\/brotes-verdes-de-renacimiento-espiritual\/#primaryimage\",\"url\":\"https:\/\/conversesacatalunya.cat\/wp-content\/uploads\/2022\/03\/Ros.jpg\",\"contentUrl\":\"https:\/\/conversesacatalunya.cat\/wp-content\/uploads\/2022\/03\/Ros.jpg\",\"width\":640,\"height\":462,\"caption\":\"espiritual\"},{\"@type\":\"BreadcrumbList\",\"@id\":\"https:\/\/conversesacatalunya.cat\/es\/brotes-verdes-de-renacimiento-espiritual\/#breadcrumb\",\"itemListElement\":[{\"@type\":\"ListItem\",\"position\":1,\"name\":\"Inici\",\"item\":\"https:\/\/conversesacatalunya.cat\/es\/\"},{\"@type\":\"ListItem\",\"position\":2,\"name\":\"Brotes verdes de renacimiento espiritual\"}]},{\"@type\":\"WebSite\",\"@id\":\"https:\/\/conversesacatalunya.cat\/#website\",\"url\":\"https:\/\/conversesacatalunya.cat\/\",\"name\":\"Converses a Catalunya\",\"description\":\"\",\"potentialAction\":[{\"@type\":\"SearchAction\",\"target\":{\"@type\":\"EntryPoint\",\"urlTemplate\":\"https:\/\/conversesacatalunya.cat\/?s={search_term_string}\"},\"query-input\":{\"@type\":\"PropertyValueSpecification\",\"valueRequired\":true,\"valueName\":\"search_term_string\"}}],\"inLanguage\":\"es\"},{\"@type\":\"Person\",\"@id\":\"https:\/\/conversesacatalunya.cat\/#\/schema\/person\/158977e8a6f4c10be20fb1e30375371b\",\"name\":\"Carles Ros Arpa\",\"image\":{\"@type\":\"ImageObject\",\"inLanguage\":\"es\",\"@id\":\"https:\/\/conversesacatalunya.cat\/#\/schema\/person\/image\/\",\"url\":\"https:\/\/conversesacatalunya.cat\/wp-content\/litespeed\/avatar\/ba530fe068c88283940054d0b5ea1f09.jpg?ver=1777376928\",\"contentUrl\":\"https:\/\/conversesacatalunya.cat\/wp-content\/litespeed\/avatar\/ba530fe068c88283940054d0b5ea1f09.jpg?ver=1777376928\",\"caption\":\"Carles Ros Arpa\"},\"url\":\"https:\/\/conversesacatalunya.cat\/es\/author\/carles-ros-arpa\/\"}]}<\/script>\n<!-- \/ Yoast SEO plugin. -->","yoast_head_json":{"title":"Brotes verdes de renacimiento espiritual - Converses a Catalunya","description":"\"El cristiano del futuro o ser\u00e1 un m\u00edstico o no ser\u00e1 cristiano\". Esta predicci\u00f3n corresponde a Karl Rahner, uno de los grandes te\u00f3logos S. XX","robots":{"index":"noindex","follow":"nofollow"},"og_locale":"es_ES","og_type":"article","og_title":"Brotes verdes de renacimiento espiritual - Converses a Catalunya","og_description":"\"El cristiano del futuro o ser\u00e1 un m\u00edstico o no ser\u00e1 cristiano\". Esta predicci\u00f3n corresponde a Karl Rahner, uno de los grandes te\u00f3logos S. XX","og_url":"https:\/\/conversesacatalunya.cat\/es\/brotes-verdes-de-renacimiento-espiritual\/","og_site_name":"Converses a Catalunya","article_published_time":"2022-03-09T07:42:08+00:00","og_image":[{"width":640,"height":462,"url":"https:\/\/conversesacatalunya.cat\/wp-content\/uploads\/2022\/03\/Ros.jpg","type":"image\/jpeg"}],"author":"Carles Ros Arpa","twitter_card":"summary_large_image","twitter_misc":{"Escrito por":"Carles Ros Arpa","Tiempo de lectura":"5 minutos"},"schema":{"@context":"https:\/\/schema.org","@graph":[{"@type":"Article","@id":"https:\/\/conversesacatalunya.cat\/es\/brotes-verdes-de-renacimiento-espiritual\/#article","isPartOf":{"@id":"https:\/\/conversesacatalunya.cat\/es\/brotes-verdes-de-renacimiento-espiritual\/"},"author":{"name":"Carles Ros Arpa","@id":"https:\/\/conversesacatalunya.cat\/#\/schema\/person\/158977e8a6f4c10be20fb1e30375371b"},"headline":"Brotes verdes de renacimiento espiritual","datePublished":"2022-03-09T07:42:08+00:00","mainEntityOfPage":{"@id":"https:\/\/conversesacatalunya.cat\/es\/brotes-verdes-de-renacimiento-espiritual\/"},"wordCount":1007,"commentCount":0,"image":{"@id":"https:\/\/conversesacatalunya.cat\/es\/brotes-verdes-de-renacimiento-espiritual\/#primaryimage"},"thumbnailUrl":"https:\/\/conversesacatalunya.cat\/wp-content\/uploads\/2022\/03\/Ros.jpg","keywords":["S\u00ednodo"],"articleSection":["Veritas in caritate (ES)"],"inLanguage":"es","potentialAction":[{"@type":"CommentAction","name":"Comment","target":["https:\/\/conversesacatalunya.cat\/es\/brotes-verdes-de-renacimiento-espiritual\/#respond"]}]},{"@type":"WebPage","@id":"https:\/\/conversesacatalunya.cat\/es\/brotes-verdes-de-renacimiento-espiritual\/","url":"https:\/\/conversesacatalunya.cat\/es\/brotes-verdes-de-renacimiento-espiritual\/","name":"Brotes verdes de renacimiento espiritual - Converses a Catalunya","isPartOf":{"@id":"https:\/\/conversesacatalunya.cat\/#website"},"primaryImageOfPage":{"@id":"https:\/\/conversesacatalunya.cat\/es\/brotes-verdes-de-renacimiento-espiritual\/#primaryimage"},"image":{"@id":"https:\/\/conversesacatalunya.cat\/es\/brotes-verdes-de-renacimiento-espiritual\/#primaryimage"},"thumbnailUrl":"https:\/\/conversesacatalunya.cat\/wp-content\/uploads\/2022\/03\/Ros.jpg","datePublished":"2022-03-09T07:42:08+00:00","author":{"@id":"https:\/\/conversesacatalunya.cat\/#\/schema\/person\/158977e8a6f4c10be20fb1e30375371b"},"description":"\"El cristiano del futuro o ser\u00e1 un m\u00edstico o no ser\u00e1 cristiano\". Esta predicci\u00f3n corresponde a Karl Rahner, uno de los grandes te\u00f3logos S. XX","breadcrumb":{"@id":"https:\/\/conversesacatalunya.cat\/es\/brotes-verdes-de-renacimiento-espiritual\/#breadcrumb"},"inLanguage":"es","potentialAction":[{"@type":"ReadAction","target":["https:\/\/conversesacatalunya.cat\/es\/brotes-verdes-de-renacimiento-espiritual\/"]}]},{"@type":"ImageObject","inLanguage":"es","@id":"https:\/\/conversesacatalunya.cat\/es\/brotes-verdes-de-renacimiento-espiritual\/#primaryimage","url":"https:\/\/conversesacatalunya.cat\/wp-content\/uploads\/2022\/03\/Ros.jpg","contentUrl":"https:\/\/conversesacatalunya.cat\/wp-content\/uploads\/2022\/03\/Ros.jpg","width":640,"height":462,"caption":"espiritual"},{"@type":"BreadcrumbList","@id":"https:\/\/conversesacatalunya.cat\/es\/brotes-verdes-de-renacimiento-espiritual\/#breadcrumb","itemListElement":[{"@type":"ListItem","position":1,"name":"Inici","item":"https:\/\/conversesacatalunya.cat\/es\/"},{"@type":"ListItem","position":2,"name":"Brotes verdes de renacimiento espiritual"}]},{"@type":"WebSite","@id":"https:\/\/conversesacatalunya.cat\/#website","url":"https:\/\/conversesacatalunya.cat\/","name":"Converses a Catalunya","description":"","potentialAction":[{"@type":"SearchAction","target":{"@type":"EntryPoint","urlTemplate":"https:\/\/conversesacatalunya.cat\/?s={search_term_string}"},"query-input":{"@type":"PropertyValueSpecification","valueRequired":true,"valueName":"search_term_string"}}],"inLanguage":"es"},{"@type":"Person","@id":"https:\/\/conversesacatalunya.cat\/#\/schema\/person\/158977e8a6f4c10be20fb1e30375371b","name":"Carles Ros Arpa","image":{"@type":"ImageObject","inLanguage":"es","@id":"https:\/\/conversesacatalunya.cat\/#\/schema\/person\/image\/","url":"https:\/\/conversesacatalunya.cat\/wp-content\/litespeed\/avatar\/ba530fe068c88283940054d0b5ea1f09.jpg?ver=1777376928","contentUrl":"https:\/\/conversesacatalunya.cat\/wp-content\/litespeed\/avatar\/ba530fe068c88283940054d0b5ea1f09.jpg?ver=1777376928","caption":"Carles Ros Arpa"},"url":"https:\/\/conversesacatalunya.cat\/es\/author\/carles-ros-arpa\/"}]}},"wps_subtitle":"\u00abHabr\u00eda que decir que el cristiano del futuro o ser\u00e1 un m\u00edstico, es decir, una persona que ha experimentado algo o no ser\u00e1 cristiano. Porque la espiritualidad del futuro ya no se apoyar\u00e1 en una convicci\u00f3n un\u00e1nime, evidente y p\u00fablica, ni en un ambiente religioso generalizado, previos a la experiencia y la decisi\u00f3n personales\u00bb","_links":{"self":[{"href":"https:\/\/conversesacatalunya.cat\/es\/wp-json\/wp\/v2\/posts\/55631","targetHints":{"allow":["GET"]}}],"collection":[{"href":"https:\/\/conversesacatalunya.cat\/es\/wp-json\/wp\/v2\/posts"}],"about":[{"href":"https:\/\/conversesacatalunya.cat\/es\/wp-json\/wp\/v2\/types\/post"}],"author":[{"embeddable":true,"href":"https:\/\/conversesacatalunya.cat\/es\/wp-json\/wp\/v2\/users\/6"}],"replies":[{"embeddable":true,"href":"https:\/\/conversesacatalunya.cat\/es\/wp-json\/wp\/v2\/comments?post=55631"}],"version-history":[{"count":3,"href":"https:\/\/conversesacatalunya.cat\/es\/wp-json\/wp\/v2\/posts\/55631\/revisions"}],"predecessor-version":[{"id":55635,"href":"https:\/\/conversesacatalunya.cat\/es\/wp-json\/wp\/v2\/posts\/55631\/revisions\/55635"}],"wp:featuredmedia":[{"embeddable":true,"href":"https:\/\/conversesacatalunya.cat\/es\/wp-json\/wp\/v2\/media\/55629"}],"wp:attachment":[{"href":"https:\/\/conversesacatalunya.cat\/es\/wp-json\/wp\/v2\/media?parent=55631"}],"wp:term":[{"taxonomy":"category","embeddable":true,"href":"https:\/\/conversesacatalunya.cat\/es\/wp-json\/wp\/v2\/categories?post=55631"},{"taxonomy":"post_tag","embeddable":true,"href":"https:\/\/conversesacatalunya.cat\/es\/wp-json\/wp\/v2\/tags?post=55631"}],"curies":[{"name":"wp","href":"https:\/\/api.w.org\/{rel}","templated":true}]}}