{"id":55384,"date":"2022-03-01T12:58:58","date_gmt":"2022-03-01T11:58:58","guid":{"rendered":"https:\/\/conversesacatalunya.cat\/catalunya-i-barcelona-lideren-el-ranquing-dokupacions-a-espanya\/"},"modified":"2022-03-01T13:31:44","modified_gmt":"2022-03-01T12:31:44","slug":"cataluna-y-barcelona-lideran-el-ranking-de-okupaciones-en-espana","status":"publish","type":"post","link":"https:\/\/conversesacatalunya.cat\/es\/cataluna-y-barcelona-lideran-el-ranking-de-okupaciones-en-espana\/","title":{"rendered":"Catalu\u00f1a y Barcelona lideran el ranking de okupaciones en Espa\u00f1a"},"content":{"rendered":"<p><span><span class=\"\">De acuerdo con los <a href=\"https:\/\/conversesacatalunya.cat\/wp-content\/uploads\/2022\/03\/okupas1.pdf\" target=\"_blank\" rel=\"noopener\">datos facilitados<\/a><\/span><\/span><span><span class=\"\">\u00a0por la Secretar\u00eda de Estado de Seguridad del Ministerio del Interior para el per\u00edodo 2015 hasta septiembre de 2021,\u00a0<\/span><\/span><strong><span><span class=\"\">Barcelona ocupa con diferencia el primer puesto en el ranking de okupaciones en Espa\u00f1a<\/span><\/span><\/strong><span><span class=\"\">.\u00a0<\/span>En 2015 fueron casi 3.000, y en 2020 se acercaron a las 4.800.\u00a0Adem\u00e1s, su ritmo ha crecido.\u00a0Madrid, en segundo lugar, s\u00f3lo significa la mitad o menos de las okupaciones y con una tendencia claramente decreciente de las 1.630 de 2015 se ha pasado a 1.336 de 2020.<\/span><\/p>\n<p><span>En 2015, la tercera capital en okupaciones era Sevilla con 776, mientras que Girona ocupaba la quinta posici\u00f3n con 445 okupaciones. Pero este hecho ha cambiado sustancialmente y la\u00a0<\/span><strong><span>circunscripci\u00f3n gerundense ocupa ya el tercer puesto en el ranking espa\u00f1ol<\/span><\/strong><span>\u00a0en 2020 con 883, habiendo pr\u00e1cticamente doblado la cifra de okupaciones en s\u00f3lo 5 a\u00f1os.\u00a0Tambi\u00e9n es muy importante esta pr\u00e1ctica en Tarragona, 435 casos en 2015 y 750 en 2020. En definitiva, Barcelona ocupa el primer puesto, Girona el tercero y Tarragona el sexto en okupaciones en Espa\u00f1a contempladas en el \u00e1mbito provincial.\u00a0En relaci\u00f3n con el conjunto, la cifra catalana se mueve en torno al 38% (hay que recordar que en poblaci\u00f3n representamos el 16%), cifra que en 2021, con datos que s\u00f3lo llegan en septiembre, crece hasta el 42%.<\/span><\/p>\n<p><span>Queda abierta la reflexi\u00f3n sobre c\u00f3mo es posible esta diferencia tan astron\u00f3mica entre Catalu\u00f1a (Lleida es un mundo aparte) y el resto de Espa\u00f1a, y que resulta tan lesiva para la seguridad de la propiedad inmobiliaria, que tenga esa singular presencia en nuestro pa\u00eds. <span class=\"\">Es un suma y sigue de los achaques que Catalu\u00f1a va presentando progresivamente y que cada vez m\u00e1s presentan factura sin que haya una respuesta adecuada por parte de las instituciones pol\u00edticas, como puedan ser la Generalitat y el Ayuntamiento de Barcelona, \u200b\u200bni una reacci\u00f3n lo suficiente potente por parte de una sociedad civil que sigue estando muy dejada.<\/span><\/span><\/p>\n<div id=\"polls-141\" class=\"wp-polls\">\n\t<form id=\"polls_form_141\" class=\"wp-polls-form\" action=\"\/index.php\" method=\"post\">\n\t\t<p style=\"display: none;\"><input type=\"hidden\" id=\"poll_141_nonce\" name=\"wp-polls-nonce\" value=\"009c6a5c23\" \/><\/p>\n\t\t<p style=\"display: none;\"><input type=\"hidden\" name=\"poll_id\" value=\"141\" \/><\/p>\n\t\t<p style=\"text-align: center\"><strong>Est\u00e0s disposat tu, o els teus fills o n\u00e9ts a anar a la guerra per Ucra\u00efna?<\/strong><\/p><div id=\"polls-141-ans\" class=\"wp-polls-ans\"><ul class=\"wp-polls-ul\">\n\t\t<li><input type=\"radio\" id=\"poll-answer-359\" name=\"poll_141\" value=\"359\" \/> <label for=\"poll-answer-359\">S\u00ed<\/label><\/li>\n\t\t<li><input type=\"radio\" id=\"poll-answer-360\" name=\"poll_141\" value=\"360\" \/> <label for=\"poll-answer-360\">No<\/label><\/li>\n\t\t<li><input type=\"radio\" id=\"poll-answer-361\" name=\"poll_141\" value=\"361\" \/> <label for=\"poll-answer-361\">Potser<\/label><\/li>\n\t\t<li><input type=\"radio\" id=\"poll-answer-362\" name=\"poll_141\" value=\"362\" \/> <label for=\"poll-answer-362\">No ho s\u00e9<\/label><\/li>\n\t\t<\/ul><p style=\"text-align: center\"><input type=\"button\" name=\"vote\" value=\"   Vota   \" class=\"Buttons\" onclick=\"poll_vote(141);\" \/><\/p><p style=\"text-align: center\"><a href=\"#ViewPollResults\" onclick=\"poll_result(141); return false;\" title=\"View Results Of This Poll\">Mira els resultats<\/a><\/p><\/div>\n\t<\/form>\n<\/div>\n<div id=\"polls-141-loading\" class=\"wp-polls-loading\"><img decoding=\"async\" data-src=\"https:\/\/conversesacatalunya.cat\/wp-content\/plugins\/wp-polls\/images\/loading.gif\" width=\"16\" height=\"16\" alt=\"Cargando ...\" title=\"Cargando ...\" class=\"wp-polls-image lazyload\" src=\"data:image\/svg+xml;base64,PHN2ZyB3aWR0aD0iMSIgaGVpZ2h0PSIxIiB4bWxucz0iaHR0cDovL3d3dy53My5vcmcvMjAwMC9zdmciPjwvc3ZnPg==\" style=\"--smush-placeholder-width: 16px; --smush-placeholder-aspect-ratio: 16\/16;\" \/>&nbsp;Cargando ...<\/div>\n\n","protected":false},"excerpt":{"rendered":"<p>De acuerdo con los datos facilitados\u00a0por la Secretar\u00eda de Estado de Seguridad del Ministerio del Interior para el per\u00edodo 2015 hasta septiembre de 2021,\u00a0Barcelona ocupa con diferencia el primer puesto en el ranking de okupaciones en Espa\u00f1a.\u00a0En 2015 fueron casi 3.000, y en 2020 se acercaron a las 4.800.\u00a0Adem\u00e1s, su ritmo ha crecido.\u00a0Madrid, en segundo lugar, s\u00f3lo significa la mitad o menos de las okupaciones y con una tendencia claramente decreciente de las 1.630 de 2015 se ha pasado a 1.336 de 2020. En 2015, la tercera capital en okupaciones era Sevilla con 776, mientras que Girona ocupaba la quinta posici\u00f3n con 445 okupaciones. Pero este hecho ha cambiado sustancialmente y la\u00a0circunscripci\u00f3n gerundense ocupa ya el tercer puesto en el ranking espa\u00f1ol\u00a0en 2020 con 883, habiendo pr\u00e1cticamente doblado la cifra de okupaciones en s\u00f3lo 5 a\u00f1os.\u00a0Tambi\u00e9n es muy importante esta pr\u00e1ctica en Tarragona, 435 casos en 2015 y 750 en 2020. En definitiva, Barcelona ocupa el primer puesto, Girona el tercero y Tarragona el sexto en okupaciones en Espa\u00f1a contempladas en el \u00e1mbito provincial.\u00a0En relaci\u00f3n con el conjunto, la cifra catalana se mueve en torno al 38% (hay que recordar que en poblaci\u00f3n representamos el 16%), cifra que en 2021, con datos que s\u00f3lo llegan en septiembre, crece hasta el 42%. Queda abierta la reflexi\u00f3n sobre c\u00f3mo es posible esta diferencia tan astron\u00f3mica entre Catalu\u00f1a (Lleida es un mundo aparte) y el resto de Espa\u00f1a, y que resulta tan lesiva para la seguridad de la propiedad inmobiliaria, que tenga esa singular presencia en nuestro pa\u00eds. Es un suma y sigue de los achaques que Catalu\u00f1a va presentando progresivamente y que cada vez m\u00e1s presentan factura sin que haya una respuesta adecuada por parte de las instituciones pol\u00edticas, como puedan ser la Generalitat y el Ayuntamiento de Barcelona, \u200b\u200bni una reacci\u00f3n lo suficiente potente por parte de una sociedad civil que sigue estando muy dejada.<\/p>\n","protected":false},"author":2,"featured_media":55380,"comment_status":"open","ping_status":"open","sticky":false,"template":"","format":"standard","meta":{"_FSMCFIC_featured_image_caption":"","_FSMCFIC_featured_image_nocaption":"","_FSMCFIC_featured_image_hide":"","footnotes":""},"categories":[3787,806],"tags":[3734,3733],"class_list":["post-55384","post","type-post","status-publish","format-standard","has-post-thumbnail","hentry","category-expedient-barcelona-es","category-punts-claus-del-dia-es","tag-okupas","tag-okupes-es"],"yoast_head":"<!-- This site is optimized with the Yoast SEO plugin v26.8 - https:\/\/yoast.com\/product\/yoast-seo-wordpress\/ -->\n<title>Catalu\u00f1a y Barcelona lideran el ranking de okupaciones en Espa\u00f1a - Converses a Catalunya<\/title>\n<meta name=\"robots\" content=\"index, follow, max-snippet:-1, max-image-preview:large, max-video-preview:-1\" \/>\n<link rel=\"canonical\" href=\"https:\/\/conversesacatalunya.cat\/es\/cataluna-y-barcelona-lideran-el-ranking-de-okupaciones-en-espana\/\" \/>\n<meta property=\"og:locale\" content=\"es_ES\" \/>\n<meta property=\"og:type\" content=\"article\" \/>\n<meta property=\"og:title\" content=\"Catalu\u00f1a y Barcelona lideran el ranking de okupaciones en Espa\u00f1a - Converses a Catalunya\" \/>\n<meta property=\"og:description\" content=\"De acuerdo con los datos facilitados\u00a0por la Secretar\u00eda de Estado de Seguridad del Ministerio del Interior para el per\u00edodo 2015 hasta septiembre de 2021,\u00a0Barcelona ocupa con diferencia el primer puesto en el ranking de okupaciones en Espa\u00f1a.\u00a0En 2015 fueron casi 3.000, y en 2020 se acercaron a las 4.800.\u00a0Adem\u00e1s, su ritmo ha crecido.\u00a0Madrid, en segundo lugar, s\u00f3lo significa la mitad o menos de las okupaciones y con una tendencia claramente decreciente de las 1.630 de 2015 se ha pasado a 1.336 de 2020. En 2015, la tercera capital en okupaciones era Sevilla con 776, mientras que Girona ocupaba la quinta posici\u00f3n con 445 okupaciones. Pero este hecho ha cambiado sustancialmente y la\u00a0circunscripci\u00f3n gerundense ocupa ya el tercer puesto en el ranking espa\u00f1ol\u00a0en 2020 con 883, habiendo pr\u00e1cticamente doblado la cifra de okupaciones en s\u00f3lo 5 a\u00f1os.\u00a0Tambi\u00e9n es muy importante esta pr\u00e1ctica en Tarragona, 435 casos en 2015 y 750 en 2020. En definitiva, Barcelona ocupa el primer puesto, Girona el tercero y Tarragona el sexto en okupaciones en Espa\u00f1a contempladas en el \u00e1mbito provincial.\u00a0En relaci\u00f3n con el conjunto, la cifra catalana se mueve en torno al 38% (hay que recordar que en poblaci\u00f3n representamos el 16%), cifra que en 2021, con datos que s\u00f3lo llegan en septiembre, crece hasta el 42%. Queda abierta la reflexi\u00f3n sobre c\u00f3mo es posible esta diferencia tan astron\u00f3mica entre Catalu\u00f1a (Lleida es un mundo aparte) y el resto de Espa\u00f1a, y que resulta tan lesiva para la seguridad de la propiedad inmobiliaria, que tenga esa singular presencia en nuestro pa\u00eds. Es un suma y sigue de los achaques que Catalu\u00f1a va presentando progresivamente y que cada vez m\u00e1s presentan factura sin que haya una respuesta adecuada por parte de las instituciones pol\u00edticas, como puedan ser la Generalitat y el Ayuntamiento de Barcelona, \u200b\u200bni una reacci\u00f3n lo suficiente potente por parte de una sociedad civil que sigue estando muy dejada.\" \/>\n<meta property=\"og:url\" content=\"https:\/\/conversesacatalunya.cat\/es\/cataluna-y-barcelona-lideran-el-ranking-de-okupaciones-en-espana\/\" \/>\n<meta property=\"og:site_name\" content=\"Converses a Catalunya\" \/>\n<meta property=\"article:published_time\" content=\"2022-03-01T11:58:58+00:00\" \/>\n<meta property=\"article:modified_time\" content=\"2022-03-01T12:31:44+00:00\" \/>\n<meta property=\"og:image\" content=\"https:\/\/conversesacatalunya.cat\/wp-content\/uploads\/2022\/03\/okupes.jpg\" \/>\n\t<meta property=\"og:image:width\" content=\"500\" \/>\n\t<meta property=\"og:image:height\" content=\"300\" \/>\n\t<meta property=\"og:image:type\" content=\"image\/jpeg\" \/>\n<meta name=\"author\" content=\"conversesacatalunya\" \/>\n<meta name=\"twitter:card\" content=\"summary_large_image\" \/>\n<meta name=\"twitter:label1\" content=\"Escrito por\" \/>\n\t<meta name=\"twitter:data1\" content=\"conversesacatalunya\" \/>\n\t<meta name=\"twitter:label2\" content=\"Tiempo de lectura\" \/>\n\t<meta name=\"twitter:data2\" content=\"2 minutos\" \/>\n<script type=\"application\/ld+json\" class=\"yoast-schema-graph\">{\"@context\":\"https:\/\/schema.org\",\"@graph\":[{\"@type\":\"Article\",\"@id\":\"https:\/\/conversesacatalunya.cat\/es\/cataluna-y-barcelona-lideran-el-ranking-de-okupaciones-en-espana\/#article\",\"isPartOf\":{\"@id\":\"https:\/\/conversesacatalunya.cat\/es\/cataluna-y-barcelona-lideran-el-ranking-de-okupaciones-en-espana\/\"},\"author\":{\"name\":\"conversesacatalunya\",\"@id\":\"https:\/\/conversesacatalunya.cat\/#\/schema\/person\/7e24d1e54a2785373ddcb275eae5ed99\"},\"headline\":\"Catalu\u00f1a y Barcelona lideran el ranking de okupaciones en Espa\u00f1a\",\"datePublished\":\"2022-03-01T11:58:58+00:00\",\"dateModified\":\"2022-03-01T12:31:44+00:00\",\"mainEntityOfPage\":{\"@id\":\"https:\/\/conversesacatalunya.cat\/es\/cataluna-y-barcelona-lideran-el-ranking-de-okupaciones-en-espana\/\"},\"wordCount\":340,\"commentCount\":0,\"image\":{\"@id\":\"https:\/\/conversesacatalunya.cat\/es\/cataluna-y-barcelona-lideran-el-ranking-de-okupaciones-en-espana\/#primaryimage\"},\"thumbnailUrl\":\"https:\/\/conversesacatalunya.cat\/wp-content\/uploads\/2022\/03\/okupes.jpg\",\"keywords\":[\"okupas\",\"okupes\"],\"articleSection\":[\"Expedient Barcelona (ES)\",\"Punts clau del dia (ES)\"],\"inLanguage\":\"es\",\"potentialAction\":[{\"@type\":\"CommentAction\",\"name\":\"Comment\",\"target\":[\"https:\/\/conversesacatalunya.cat\/es\/cataluna-y-barcelona-lideran-el-ranking-de-okupaciones-en-espana\/#respond\"]}]},{\"@type\":\"WebPage\",\"@id\":\"https:\/\/conversesacatalunya.cat\/es\/cataluna-y-barcelona-lideran-el-ranking-de-okupaciones-en-espana\/\",\"url\":\"https:\/\/conversesacatalunya.cat\/es\/cataluna-y-barcelona-lideran-el-ranking-de-okupaciones-en-espana\/\",\"name\":\"Catalu\u00f1a y Barcelona lideran el ranking de okupaciones en Espa\u00f1a - Converses a Catalunya\",\"isPartOf\":{\"@id\":\"https:\/\/conversesacatalunya.cat\/#website\"},\"primaryImageOfPage\":{\"@id\":\"https:\/\/conversesacatalunya.cat\/es\/cataluna-y-barcelona-lideran-el-ranking-de-okupaciones-en-espana\/#primaryimage\"},\"image\":{\"@id\":\"https:\/\/conversesacatalunya.cat\/es\/cataluna-y-barcelona-lideran-el-ranking-de-okupaciones-en-espana\/#primaryimage\"},\"thumbnailUrl\":\"https:\/\/conversesacatalunya.cat\/wp-content\/uploads\/2022\/03\/okupes.jpg\",\"datePublished\":\"2022-03-01T11:58:58+00:00\",\"dateModified\":\"2022-03-01T12:31:44+00:00\",\"author\":{\"@id\":\"https:\/\/conversesacatalunya.cat\/#\/schema\/person\/7e24d1e54a2785373ddcb275eae5ed99\"},\"breadcrumb\":{\"@id\":\"https:\/\/conversesacatalunya.cat\/es\/cataluna-y-barcelona-lideran-el-ranking-de-okupaciones-en-espana\/#breadcrumb\"},\"inLanguage\":\"es\",\"potentialAction\":[{\"@type\":\"ReadAction\",\"target\":[\"https:\/\/conversesacatalunya.cat\/es\/cataluna-y-barcelona-lideran-el-ranking-de-okupaciones-en-espana\/\"]}]},{\"@type\":\"ImageObject\",\"inLanguage\":\"es\",\"@id\":\"https:\/\/conversesacatalunya.cat\/es\/cataluna-y-barcelona-lideran-el-ranking-de-okupaciones-en-espana\/#primaryimage\",\"url\":\"https:\/\/conversesacatalunya.cat\/wp-content\/uploads\/2022\/03\/okupes.jpg\",\"contentUrl\":\"https:\/\/conversesacatalunya.cat\/wp-content\/uploads\/2022\/03\/okupes.jpg\",\"width\":500,\"height\":300,\"caption\":\"okupacions\"},{\"@type\":\"BreadcrumbList\",\"@id\":\"https:\/\/conversesacatalunya.cat\/es\/cataluna-y-barcelona-lideran-el-ranking-de-okupaciones-en-espana\/#breadcrumb\",\"itemListElement\":[{\"@type\":\"ListItem\",\"position\":1,\"name\":\"Inici\",\"item\":\"https:\/\/conversesacatalunya.cat\/es\/\"},{\"@type\":\"ListItem\",\"position\":2,\"name\":\"Catalu\u00f1a y Barcelona lideran el ranking de okupaciones en Espa\u00f1a\"}]},{\"@type\":\"WebSite\",\"@id\":\"https:\/\/conversesacatalunya.cat\/#website\",\"url\":\"https:\/\/conversesacatalunya.cat\/\",\"name\":\"Converses a Catalunya\",\"description\":\"\",\"potentialAction\":[{\"@type\":\"SearchAction\",\"target\":{\"@type\":\"EntryPoint\",\"urlTemplate\":\"https:\/\/conversesacatalunya.cat\/?s={search_term_string}\"},\"query-input\":{\"@type\":\"PropertyValueSpecification\",\"valueRequired\":true,\"valueName\":\"search_term_string\"}}],\"inLanguage\":\"es\"},{\"@type\":\"Person\",\"@id\":\"https:\/\/conversesacatalunya.cat\/#\/schema\/person\/7e24d1e54a2785373ddcb275eae5ed99\",\"name\":\"conversesacatalunya\",\"image\":{\"@type\":\"ImageObject\",\"inLanguage\":\"es\",\"@id\":\"https:\/\/conversesacatalunya.cat\/#\/schema\/person\/image\/\",\"url\":\"https:\/\/conversesacatalunya.cat\/wp-content\/litespeed\/avatar\/febdfeeec89d950f01c748045a981dd2.jpg?ver=1777314535\",\"contentUrl\":\"https:\/\/conversesacatalunya.cat\/wp-content\/litespeed\/avatar\/febdfeeec89d950f01c748045a981dd2.jpg?ver=1777314535\",\"caption\":\"conversesacatalunya\"},\"url\":\"https:\/\/conversesacatalunya.cat\/es\/author\/carme_catala\/\"}]}<\/script>\n<!-- \/ Yoast SEO plugin. -->","yoast_head_json":{"title":"Catalu\u00f1a y Barcelona lideran el ranking de okupaciones en Espa\u00f1a - Converses a Catalunya","robots":{"index":"index","follow":"follow","max-snippet":"max-snippet:-1","max-image-preview":"max-image-preview:large","max-video-preview":"max-video-preview:-1"},"canonical":"https:\/\/conversesacatalunya.cat\/es\/cataluna-y-barcelona-lideran-el-ranking-de-okupaciones-en-espana\/","og_locale":"es_ES","og_type":"article","og_title":"Catalu\u00f1a y Barcelona lideran el ranking de okupaciones en Espa\u00f1a - Converses a Catalunya","og_description":"De acuerdo con los datos facilitados\u00a0por la Secretar\u00eda de Estado de Seguridad del Ministerio del Interior para el per\u00edodo 2015 hasta septiembre de 2021,\u00a0Barcelona ocupa con diferencia el primer puesto en el ranking de okupaciones en Espa\u00f1a.\u00a0En 2015 fueron casi 3.000, y en 2020 se acercaron a las 4.800.\u00a0Adem\u00e1s, su ritmo ha crecido.\u00a0Madrid, en segundo lugar, s\u00f3lo significa la mitad o menos de las okupaciones y con una tendencia claramente decreciente de las 1.630 de 2015 se ha pasado a 1.336 de 2020. En 2015, la tercera capital en okupaciones era Sevilla con 776, mientras que Girona ocupaba la quinta posici\u00f3n con 445 okupaciones. Pero este hecho ha cambiado sustancialmente y la\u00a0circunscripci\u00f3n gerundense ocupa ya el tercer puesto en el ranking espa\u00f1ol\u00a0en 2020 con 883, habiendo pr\u00e1cticamente doblado la cifra de okupaciones en s\u00f3lo 5 a\u00f1os.\u00a0Tambi\u00e9n es muy importante esta pr\u00e1ctica en Tarragona, 435 casos en 2015 y 750 en 2020. En definitiva, Barcelona ocupa el primer puesto, Girona el tercero y Tarragona el sexto en okupaciones en Espa\u00f1a contempladas en el \u00e1mbito provincial.\u00a0En relaci\u00f3n con el conjunto, la cifra catalana se mueve en torno al 38% (hay que recordar que en poblaci\u00f3n representamos el 16%), cifra que en 2021, con datos que s\u00f3lo llegan en septiembre, crece hasta el 42%. Queda abierta la reflexi\u00f3n sobre c\u00f3mo es posible esta diferencia tan astron\u00f3mica entre Catalu\u00f1a (Lleida es un mundo aparte) y el resto de Espa\u00f1a, y que resulta tan lesiva para la seguridad de la propiedad inmobiliaria, que tenga esa singular presencia en nuestro pa\u00eds. Es un suma y sigue de los achaques que Catalu\u00f1a va presentando progresivamente y que cada vez m\u00e1s presentan factura sin que haya una respuesta adecuada por parte de las instituciones pol\u00edticas, como puedan ser la Generalitat y el Ayuntamiento de Barcelona, \u200b\u200bni una reacci\u00f3n lo suficiente potente por parte de una sociedad civil que sigue estando muy dejada.","og_url":"https:\/\/conversesacatalunya.cat\/es\/cataluna-y-barcelona-lideran-el-ranking-de-okupaciones-en-espana\/","og_site_name":"Converses a Catalunya","article_published_time":"2022-03-01T11:58:58+00:00","article_modified_time":"2022-03-01T12:31:44+00:00","og_image":[{"width":500,"height":300,"url":"https:\/\/conversesacatalunya.cat\/wp-content\/uploads\/2022\/03\/okupes.jpg","type":"image\/jpeg"}],"author":"conversesacatalunya","twitter_card":"summary_large_image","twitter_misc":{"Escrito por":"conversesacatalunya","Tiempo de lectura":"2 minutos"},"schema":{"@context":"https:\/\/schema.org","@graph":[{"@type":"Article","@id":"https:\/\/conversesacatalunya.cat\/es\/cataluna-y-barcelona-lideran-el-ranking-de-okupaciones-en-espana\/#article","isPartOf":{"@id":"https:\/\/conversesacatalunya.cat\/es\/cataluna-y-barcelona-lideran-el-ranking-de-okupaciones-en-espana\/"},"author":{"name":"conversesacatalunya","@id":"https:\/\/conversesacatalunya.cat\/#\/schema\/person\/7e24d1e54a2785373ddcb275eae5ed99"},"headline":"Catalu\u00f1a y Barcelona lideran el ranking de okupaciones en Espa\u00f1a","datePublished":"2022-03-01T11:58:58+00:00","dateModified":"2022-03-01T12:31:44+00:00","mainEntityOfPage":{"@id":"https:\/\/conversesacatalunya.cat\/es\/cataluna-y-barcelona-lideran-el-ranking-de-okupaciones-en-espana\/"},"wordCount":340,"commentCount":0,"image":{"@id":"https:\/\/conversesacatalunya.cat\/es\/cataluna-y-barcelona-lideran-el-ranking-de-okupaciones-en-espana\/#primaryimage"},"thumbnailUrl":"https:\/\/conversesacatalunya.cat\/wp-content\/uploads\/2022\/03\/okupes.jpg","keywords":["okupas","okupes"],"articleSection":["Expedient Barcelona (ES)","Punts clau del dia (ES)"],"inLanguage":"es","potentialAction":[{"@type":"CommentAction","name":"Comment","target":["https:\/\/conversesacatalunya.cat\/es\/cataluna-y-barcelona-lideran-el-ranking-de-okupaciones-en-espana\/#respond"]}]},{"@type":"WebPage","@id":"https:\/\/conversesacatalunya.cat\/es\/cataluna-y-barcelona-lideran-el-ranking-de-okupaciones-en-espana\/","url":"https:\/\/conversesacatalunya.cat\/es\/cataluna-y-barcelona-lideran-el-ranking-de-okupaciones-en-espana\/","name":"Catalu\u00f1a y Barcelona lideran el ranking de okupaciones en Espa\u00f1a - Converses a Catalunya","isPartOf":{"@id":"https:\/\/conversesacatalunya.cat\/#website"},"primaryImageOfPage":{"@id":"https:\/\/conversesacatalunya.cat\/es\/cataluna-y-barcelona-lideran-el-ranking-de-okupaciones-en-espana\/#primaryimage"},"image":{"@id":"https:\/\/conversesacatalunya.cat\/es\/cataluna-y-barcelona-lideran-el-ranking-de-okupaciones-en-espana\/#primaryimage"},"thumbnailUrl":"https:\/\/conversesacatalunya.cat\/wp-content\/uploads\/2022\/03\/okupes.jpg","datePublished":"2022-03-01T11:58:58+00:00","dateModified":"2022-03-01T12:31:44+00:00","author":{"@id":"https:\/\/conversesacatalunya.cat\/#\/schema\/person\/7e24d1e54a2785373ddcb275eae5ed99"},"breadcrumb":{"@id":"https:\/\/conversesacatalunya.cat\/es\/cataluna-y-barcelona-lideran-el-ranking-de-okupaciones-en-espana\/#breadcrumb"},"inLanguage":"es","potentialAction":[{"@type":"ReadAction","target":["https:\/\/conversesacatalunya.cat\/es\/cataluna-y-barcelona-lideran-el-ranking-de-okupaciones-en-espana\/"]}]},{"@type":"ImageObject","inLanguage":"es","@id":"https:\/\/conversesacatalunya.cat\/es\/cataluna-y-barcelona-lideran-el-ranking-de-okupaciones-en-espana\/#primaryimage","url":"https:\/\/conversesacatalunya.cat\/wp-content\/uploads\/2022\/03\/okupes.jpg","contentUrl":"https:\/\/conversesacatalunya.cat\/wp-content\/uploads\/2022\/03\/okupes.jpg","width":500,"height":300,"caption":"okupacions"},{"@type":"BreadcrumbList","@id":"https:\/\/conversesacatalunya.cat\/es\/cataluna-y-barcelona-lideran-el-ranking-de-okupaciones-en-espana\/#breadcrumb","itemListElement":[{"@type":"ListItem","position":1,"name":"Inici","item":"https:\/\/conversesacatalunya.cat\/es\/"},{"@type":"ListItem","position":2,"name":"Catalu\u00f1a y Barcelona lideran el ranking de okupaciones en Espa\u00f1a"}]},{"@type":"WebSite","@id":"https:\/\/conversesacatalunya.cat\/#website","url":"https:\/\/conversesacatalunya.cat\/","name":"Converses a Catalunya","description":"","potentialAction":[{"@type":"SearchAction","target":{"@type":"EntryPoint","urlTemplate":"https:\/\/conversesacatalunya.cat\/?s={search_term_string}"},"query-input":{"@type":"PropertyValueSpecification","valueRequired":true,"valueName":"search_term_string"}}],"inLanguage":"es"},{"@type":"Person","@id":"https:\/\/conversesacatalunya.cat\/#\/schema\/person\/7e24d1e54a2785373ddcb275eae5ed99","name":"conversesacatalunya","image":{"@type":"ImageObject","inLanguage":"es","@id":"https:\/\/conversesacatalunya.cat\/#\/schema\/person\/image\/","url":"https:\/\/conversesacatalunya.cat\/wp-content\/litespeed\/avatar\/febdfeeec89d950f01c748045a981dd2.jpg?ver=1777314535","contentUrl":"https:\/\/conversesacatalunya.cat\/wp-content\/litespeed\/avatar\/febdfeeec89d950f01c748045a981dd2.jpg?ver=1777314535","caption":"conversesacatalunya"},"url":"https:\/\/conversesacatalunya.cat\/es\/author\/carme_catala\/"}]}},"wps_subtitle":"","_links":{"self":[{"href":"https:\/\/conversesacatalunya.cat\/es\/wp-json\/wp\/v2\/posts\/55384","targetHints":{"allow":["GET"]}}],"collection":[{"href":"https:\/\/conversesacatalunya.cat\/es\/wp-json\/wp\/v2\/posts"}],"about":[{"href":"https:\/\/conversesacatalunya.cat\/es\/wp-json\/wp\/v2\/types\/post"}],"author":[{"embeddable":true,"href":"https:\/\/conversesacatalunya.cat\/es\/wp-json\/wp\/v2\/users\/2"}],"replies":[{"embeddable":true,"href":"https:\/\/conversesacatalunya.cat\/es\/wp-json\/wp\/v2\/comments?post=55384"}],"version-history":[{"count":2,"href":"https:\/\/conversesacatalunya.cat\/es\/wp-json\/wp\/v2\/posts\/55384\/revisions"}],"predecessor-version":[{"id":55386,"href":"https:\/\/conversesacatalunya.cat\/es\/wp-json\/wp\/v2\/posts\/55384\/revisions\/55386"}],"wp:featuredmedia":[{"embeddable":true,"href":"https:\/\/conversesacatalunya.cat\/es\/wp-json\/wp\/v2\/media\/55380"}],"wp:attachment":[{"href":"https:\/\/conversesacatalunya.cat\/es\/wp-json\/wp\/v2\/media?parent=55384"}],"wp:term":[{"taxonomy":"category","embeddable":true,"href":"https:\/\/conversesacatalunya.cat\/es\/wp-json\/wp\/v2\/categories?post=55384"},{"taxonomy":"post_tag","embeddable":true,"href":"https:\/\/conversesacatalunya.cat\/es\/wp-json\/wp\/v2\/tags?post=55384"}],"curies":[{"name":"wp","href":"https:\/\/api.w.org\/{rel}","templated":true}]}}