{"id":55300,"date":"2022-02-25T12:05:49","date_gmt":"2022-02-25T11:05:49","guid":{"rendered":"https:\/\/conversesacatalunya.cat\/pluja-de-diners-per-a-lajuntament-de-barcelona-pero-de-que-ens-serveixen\/"},"modified":"2022-02-25T13:50:29","modified_gmt":"2022-02-25T12:50:29","slug":"lluvia-de-dinero-para-el-ayuntamiento-de-barcelona-pero-de-que-nos-sirven","status":"publish","type":"post","link":"https:\/\/conversesacatalunya.cat\/es\/lluvia-de-dinero-para-el-ayuntamiento-de-barcelona-pero-de-que-nos-sirven\/","title":{"rendered":"Lluvia de dinero para el Ayuntamiento de Barcelona, pero \u00bfde qu\u00e9 nos sirven?"},"content":{"rendered":"<p>El ayuntamiento de Barcelona recibir\u00e1 casi 75 millones de euros de los fondos europeos Next Generation, pero la forma en que se les gastar\u00e1 Colau multiplica los problemas m\u00e1s que resolverlos. Casi 26 millones se dedicar\u00e1n a los ejes sin tr\u00e1fico que afectan a <a href=\"https:\/\/conversesacatalunya.cat\/es\/se-acelera-la-destruccion-de-barcelona-donde-esta-la-respuesta\/\">5 calles del Eixample<\/a>, 1,5 millones se dedicar\u00e1n a controles de las Zonas de Bajas Emisiones, 9,2 millones a nuevos carriles para bicicletas, a pesar de la baja ocupaci\u00f3n de muchos de ellos y el hecho terrible de que a m\u00e1s carriles bici m\u00e1s <strong>invasi\u00f3n de estas y patinetes<\/strong> del espacio reservado a los peatones y 6,2 millones se dedicar\u00e1n a reducir la circulaci\u00f3n de la Meridiana. A esto la teniente de alcalde de Urbanismo, Janet Sanz, lo llama hacer una \u00abciudad m\u00e1s verde y habitable\u00bb.<\/p>\n<p>Barcelona vive un nivel de conflictividad vial como nunca, y el car\u00e1cter original de este hecho nace de que su origen est\u00e1 en las pol\u00edticas que lleva a cabo el Ayuntamiento. Es el caso de las nuevas islas que quiere implantar en el Eixample, la reducci\u00f3n radical de la movilidad en la V\u00eda Laietana, el cierre a la circulaci\u00f3n del Raval y Montju\u00efc, la ya apuntada reducci\u00f3n de carriles de la Meridiana y tambi\u00e9n la calle Pi i Maragall que une el distrito de Horta-Guinard\u00f3 con Gr\u00e0cia.<\/p>\n<p>La evoluci\u00f3n ideol\u00f3gica a la que Colau somete la movilidad de la ciudad tiene nefastas consecuencias. Es evidente que cada vez es m\u00e1s dif\u00edcil la accesibilidad en coche a la par que no crece el uso del transporte p\u00fablico y se multiplican los accidentes provocados por bicicletas y patinetes. El <strong>40% de los atropellos provocados en Barcelona son originados por patinetes<\/strong>. Es una cifra salvaje que pone de relieve el desbarajuste en el cual vive la ciudad. Al mismo tiempo no se resuelven los puntos negros, aquellos que concentran el mayor n\u00famero de accidentes que deber\u00edan ser una prioridad. El problema adicional es que s\u00f3lo la mitad del tr\u00e1fico que circula por el Eixample, un 53%, est\u00e1 generado por el coche privado, mientras que el resto corresponde en un 17% a coches y camiones y un 30% a las motocicletas.<\/p>\n<p>La gente utiliza el coche porque el transporte p\u00fablico no es satisfactorio en un 72% de las opiniones seg\u00fan la encuesta realizada en su momento por el RACC. Tambi\u00e9n por la fiabilidad y flexibilidad del coche en un 36%. En un 11% porque debe realizar varios desplazamientos durante el d\u00eda, y un 12% porque necesita el coche antes o despu\u00e9s del trabajo.<\/p>\n<p>La <strong>Barcelona verde<\/strong> de la que habla la teniente de alcalde, Sanz, es en realidad una ciudad m\u00e1s contaminada. De hecho, desde noviembre de 2021, y considerando la referencia del inicio de la pandemia, los niveles de contaminaci\u00f3n de Barcelona <strong>ya han superado los correspondientes a 2019<\/strong>. En otros t\u00e9rminos, ni las medidas ni la reducci\u00f3n de actividad provocada por la Covid han hecho que la atm\u00f3sfera de Barcelona mejore. El fracaso es espectacular.<\/p>\n<p>Al mismo tiempo que se insiste en medidas que complicar\u00e1n m\u00e1s a\u00fan el espacio central de Barcelona, \u200b\u200bcomo es el tranv\u00eda por la Diagonal, ni siquiera se plantea una soluci\u00f3n tan razonable para disminuir el acceso de la entrada de veh\u00edculos a Barcelona como ser\u00eda poner en funcionamiento el <strong>t\u00fanel ferroviario de Horta<\/strong>. Una cuesti\u00f3n que Colau ni siquiera plantea. Como tampoco se plantea la otra grave contaminaci\u00f3n de la ciudad que es la del ruido. Barcelona se ha convertido en una capital en la que los veh\u00edculos a escape libre se multiplican, donde la regulaci\u00f3n del ruido es deficiente y adem\u00e1s no tiene ninguna polic\u00eda de control. Es un absoluto desastre que hace que barrios enteros, como la Barceloneta, hayan protestado masivamente en varias ocasiones. Pero ese aspecto tambi\u00e9n permanece in\u00e9dito.<\/p>\n<p>Al tiempo que nos ense\u00f1an im\u00e1genes virtuales de nuevas plazas y calles verdes, aumenta la degradaci\u00f3n de zonas importantes de la ciudad. Es el caso de la <strong>ronda de Sant Antoni<\/strong> que desde la reapertura del mercado permanece cerrada al tr\u00e1fico, aunque ya no es necesario porque ha desaparecido la instalaci\u00f3n provisional que acogi\u00f3 durante tantos a\u00f1os la actividad de este mercado. Esta plataforma es ahora una fuente de degradaci\u00f3n de todo el eje y su entorno, como lo es la plaza dels Pa\u00efsos Catalans y en su proximidad el parque de la Espanya Industrial.<\/p>\n<p>En la pr\u00e1ctica la <strong>reducci\u00f3n de los viales de Barcelona<\/strong> no est\u00e1n funcionando en beneficio del peat\u00f3n, que deber\u00eda ser el protagonista, y no de los muy protegidos ideol\u00f3gicamente desde el Ayuntamiento, patinetes y bicicletas que ocupan cada vez m\u00e1s espacio en la ciudad, aun con la existencia de carriles reservados para ellos. De hecho, el aumento de estos lo \u00fanico que ha logrado es multiplicar la presencia de aquellos ingenios por aceras y zonas peatonales por las que circulan imponiendo su ley.<\/p>\n<div id=\"polls-140\" class=\"wp-polls\">\n\t<form id=\"polls_form_140\" class=\"wp-polls-form\" action=\"\/index.php\" method=\"post\">\n\t\t<p style=\"display: none;\"><input type=\"hidden\" id=\"poll_140_nonce\" name=\"wp-polls-nonce\" value=\"f83b603d82\" \/><\/p>\n\t\t<p style=\"display: none;\"><input type=\"hidden\" name=\"poll_id\" value=\"140\" \/><\/p>\n\t\t<p style=\"text-align: center\"><strong>Creus que N\u00fa\u00f1ez Feij\u00f3o pot ser un bon substitut de Pablo Casado?<\/strong><\/p><div id=\"polls-140-ans\" class=\"wp-polls-ans\"><ul class=\"wp-polls-ul\">\n\t\t<li><input type=\"radio\" id=\"poll-answer-356\" name=\"poll_140\" value=\"356\" \/> <label for=\"poll-answer-356\">S\u00ed<\/label><\/li>\n\t\t<li><input type=\"radio\" id=\"poll-answer-357\" name=\"poll_140\" value=\"357\" \/> <label for=\"poll-answer-357\">No<\/label><\/li>\n\t\t<li><input type=\"radio\" id=\"poll-answer-358\" name=\"poll_140\" value=\"358\" \/> <label for=\"poll-answer-358\">No ho s\u00e9<\/label><\/li>\n\t\t<\/ul><p style=\"text-align: center\"><input type=\"button\" name=\"vote\" value=\"   Vota   \" class=\"Buttons\" onclick=\"poll_vote(140);\" \/><\/p><p style=\"text-align: center\"><a href=\"#ViewPollResults\" onclick=\"poll_result(140); return false;\" title=\"View Results Of This Poll\">Mira els resultats<\/a><\/p><\/div>\n\t<\/form>\n<\/div>\n<div id=\"polls-140-loading\" class=\"wp-polls-loading\"><img decoding=\"async\" data-src=\"https:\/\/conversesacatalunya.cat\/wp-content\/plugins\/wp-polls\/images\/loading.gif\" width=\"16\" height=\"16\" alt=\"Cargando ...\" title=\"Cargando ...\" class=\"wp-polls-image lazyload\" src=\"data:image\/svg+xml;base64,PHN2ZyB3aWR0aD0iMSIgaGVpZ2h0PSIxIiB4bWxucz0iaHR0cDovL3d3dy53My5vcmcvMjAwMC9zdmciPjwvc3ZnPg==\" style=\"--smush-placeholder-width: 16px; --smush-placeholder-aspect-ratio: 16\/16;\" \/>&nbsp;Cargando ...<\/div>\n\n","protected":false},"excerpt":{"rendered":"<p>El ayuntamiento de Barcelona recibir\u00e1 casi 75 millones de euros de los fondos europeos Next Generation, pero la forma en que se les gastar\u00e1 Colau multiplica los problemas m\u00e1s que resolverlos. Casi 26 millones se dedicar\u00e1n a los ejes sin tr\u00e1fico que afectan a 5 calles del Eixample, 1,5 millones se dedicar\u00e1n a controles de las Zonas de Bajas Emisiones, 9,2 millones a nuevos carriles para bicicletas, a pesar de la baja ocupaci\u00f3n de muchos de ellos y el hecho terrible de que a m\u00e1s carriles bici m\u00e1s invasi\u00f3n de estas y patinetes del espacio reservado a los peatones y 6,2 millones se dedicar\u00e1n a reducir la circulaci\u00f3n de la Meridiana. A esto la teniente de alcalde de Urbanismo, Janet Sanz, lo llama hacer una \u00abciudad m\u00e1s verde y habitable\u00bb. Barcelona vive un nivel de conflictividad vial como nunca, y el car\u00e1cter original de este hecho nace de que su origen est\u00e1 en las pol\u00edticas que lleva a cabo el Ayuntamiento. Es el caso de las nuevas islas que quiere implantar en el Eixample, la reducci\u00f3n radical de la movilidad en la V\u00eda Laietana, el cierre a la circulaci\u00f3n del Raval y Montju\u00efc, la ya apuntada reducci\u00f3n de carriles de la Meridiana y tambi\u00e9n la calle Pi i Maragall que une el distrito de Horta-Guinard\u00f3 con Gr\u00e0cia. La evoluci\u00f3n ideol\u00f3gica a la que Colau somete la movilidad de la ciudad tiene nefastas consecuencias. Es evidente que cada vez es m\u00e1s dif\u00edcil la accesibilidad en coche a la par que no crece el uso del transporte p\u00fablico y se multiplican los accidentes provocados por bicicletas y patinetes. El 40% de los atropellos provocados en Barcelona son originados por patinetes. Es una cifra salvaje que pone de relieve el desbarajuste en el cual vive la ciudad. Al mismo tiempo no se resuelven los puntos negros, aquellos que concentran el mayor n\u00famero de accidentes que deber\u00edan ser una prioridad. El problema adicional es que s\u00f3lo la mitad del tr\u00e1fico que circula por el Eixample, un 53%, est\u00e1 generado por el coche privado, mientras que el resto corresponde en un 17% a coches y camiones y un 30% a las motocicletas. La gente utiliza el coche porque el transporte p\u00fablico no es satisfactorio en un 72% de las opiniones seg\u00fan la encuesta realizada en su momento por el RACC. Tambi\u00e9n por la fiabilidad y flexibilidad del coche en un 36%. En un 11% porque debe realizar varios desplazamientos durante el d\u00eda, y un 12% porque necesita el coche antes o despu\u00e9s del trabajo. La Barcelona verde de la que habla la teniente de alcalde, Sanz, es en realidad una ciudad m\u00e1s contaminada. De hecho, desde noviembre de 2021, y considerando la referencia del inicio de la pandemia, los niveles de contaminaci\u00f3n de Barcelona ya han superado los correspondientes a 2019. En otros t\u00e9rminos, ni las medidas ni la reducci\u00f3n de actividad provocada por la Covid han hecho que la atm\u00f3sfera de Barcelona mejore. El fracaso es espectacular. Al mismo tiempo que se insiste en medidas que complicar\u00e1n m\u00e1s a\u00fan el espacio central de Barcelona, \u200b\u200bcomo es el tranv\u00eda por la Diagonal, ni siquiera se plantea una soluci\u00f3n tan razonable para disminuir el acceso de la entrada de veh\u00edculos a Barcelona como ser\u00eda poner en funcionamiento el t\u00fanel ferroviario de Horta. Una cuesti\u00f3n que Colau ni siquiera plantea. Como tampoco se plantea la otra grave contaminaci\u00f3n de la ciudad que es la del ruido. Barcelona se ha convertido en una capital en la que los veh\u00edculos a escape libre se multiplican, donde la regulaci\u00f3n del ruido es deficiente y adem\u00e1s no tiene ninguna polic\u00eda de control. Es un absoluto desastre que hace que barrios enteros, como la Barceloneta, hayan protestado masivamente en varias ocasiones. Pero ese aspecto tambi\u00e9n permanece in\u00e9dito. Al tiempo que nos ense\u00f1an im\u00e1genes virtuales de nuevas plazas y calles verdes, aumenta la degradaci\u00f3n de zonas importantes de la ciudad. Es el caso de la ronda de Sant Antoni que desde la reapertura del mercado permanece cerrada al tr\u00e1fico, aunque ya no es necesario porque ha desaparecido la instalaci\u00f3n provisional que acogi\u00f3 durante tantos a\u00f1os la actividad de este mercado. Esta plataforma es ahora una fuente de degradaci\u00f3n de todo el eje y su entorno, como lo es la plaza dels Pa\u00efsos Catalans y en su proximidad el parque de la Espanya Industrial. En la pr\u00e1ctica la reducci\u00f3n de los viales de Barcelona no est\u00e1n funcionando en beneficio del peat\u00f3n, que deber\u00eda ser el protagonista, y no de los muy protegidos ideol\u00f3gicamente desde el Ayuntamiento, patinetes y bicicletas que ocupan cada vez m\u00e1s espacio en la ciudad, aun con la existencia de carriles reservados para ellos. De hecho, el aumento de estos lo \u00fanico que ha logrado es multiplicar la presencia de aquellos ingenios por aceras y zonas peatonales por las que circulan imponiendo su ley.<\/p>\n","protected":false},"author":2,"featured_media":55282,"comment_status":"open","ping_status":"open","sticky":false,"template":"","format":"standard","meta":{"_FSMCFIC_featured_image_caption":"","_FSMCFIC_featured_image_nocaption":"","_FSMCFIC_featured_image_hide":"","footnotes":""},"categories":[3787,806],"tags":[833,834,1072,4202,1897],"class_list":["post-55300","post","type-post","status-publish","format-standard","has-post-thumbnail","hentry","category-expedient-barcelona-es","category-punts-claus-del-dia-es","tag-ada-colau-es","tag-contaminacio-es","tag-contaminacion","tag-urbanisme-tactic-es","tag-urbanismo"],"yoast_head":"<!-- This site is optimized with the Yoast SEO plugin v26.8 - https:\/\/yoast.com\/product\/yoast-seo-wordpress\/ -->\n<title>Lluvia de dinero para el Ayuntamiento de Barcelona, pero \u00bfde qu\u00e9 nos sirven? - Converses a Catalunya<\/title>\n<meta name=\"robots\" content=\"index, follow, max-snippet:-1, max-image-preview:large, max-video-preview:-1\" \/>\n<link rel=\"canonical\" href=\"https:\/\/conversesacatalunya.cat\/es\/lluvia-de-dinero-para-el-ayuntamiento-de-barcelona-pero-de-que-nos-sirven\/\" \/>\n<meta property=\"og:locale\" content=\"es_ES\" \/>\n<meta property=\"og:type\" content=\"article\" \/>\n<meta property=\"og:title\" content=\"Lluvia de dinero para el Ayuntamiento de Barcelona, pero \u00bfde qu\u00e9 nos sirven? - Converses a Catalunya\" \/>\n<meta property=\"og:description\" content=\"El ayuntamiento de Barcelona recibir\u00e1 casi 75 millones de euros de los fondos europeos Next Generation, pero la forma en que se les gastar\u00e1 Colau multiplica los problemas m\u00e1s que resolverlos. Casi 26 millones se dedicar\u00e1n a los ejes sin tr\u00e1fico que afectan a 5 calles del Eixample, 1,5 millones se dedicar\u00e1n a controles de las Zonas de Bajas Emisiones, 9,2 millones a nuevos carriles para bicicletas, a pesar de la baja ocupaci\u00f3n de muchos de ellos y el hecho terrible de que a m\u00e1s carriles bici m\u00e1s invasi\u00f3n de estas y patinetes del espacio reservado a los peatones y 6,2 millones se dedicar\u00e1n a reducir la circulaci\u00f3n de la Meridiana. A esto la teniente de alcalde de Urbanismo, Janet Sanz, lo llama hacer una \u00abciudad m\u00e1s verde y habitable\u00bb. Barcelona vive un nivel de conflictividad vial como nunca, y el car\u00e1cter original de este hecho nace de que su origen est\u00e1 en las pol\u00edticas que lleva a cabo el Ayuntamiento. Es el caso de las nuevas islas que quiere implantar en el Eixample, la reducci\u00f3n radical de la movilidad en la V\u00eda Laietana, el cierre a la circulaci\u00f3n del Raval y Montju\u00efc, la ya apuntada reducci\u00f3n de carriles de la Meridiana y tambi\u00e9n la calle Pi i Maragall que une el distrito de Horta-Guinard\u00f3 con Gr\u00e0cia. La evoluci\u00f3n ideol\u00f3gica a la que Colau somete la movilidad de la ciudad tiene nefastas consecuencias. Es evidente que cada vez es m\u00e1s dif\u00edcil la accesibilidad en coche a la par que no crece el uso del transporte p\u00fablico y se multiplican los accidentes provocados por bicicletas y patinetes. El 40% de los atropellos provocados en Barcelona son originados por patinetes. Es una cifra salvaje que pone de relieve el desbarajuste en el cual vive la ciudad. Al mismo tiempo no se resuelven los puntos negros, aquellos que concentran el mayor n\u00famero de accidentes que deber\u00edan ser una prioridad. El problema adicional es que s\u00f3lo la mitad del tr\u00e1fico que circula por el Eixample, un 53%, est\u00e1 generado por el coche privado, mientras que el resto corresponde en un 17% a coches y camiones y un 30% a las motocicletas. La gente utiliza el coche porque el transporte p\u00fablico no es satisfactorio en un 72% de las opiniones seg\u00fan la encuesta realizada en su momento por el RACC. Tambi\u00e9n por la fiabilidad y flexibilidad del coche en un 36%. En un 11% porque debe realizar varios desplazamientos durante el d\u00eda, y un 12% porque necesita el coche antes o despu\u00e9s del trabajo. La Barcelona verde de la que habla la teniente de alcalde, Sanz, es en realidad una ciudad m\u00e1s contaminada. De hecho, desde noviembre de 2021, y considerando la referencia del inicio de la pandemia, los niveles de contaminaci\u00f3n de Barcelona ya han superado los correspondientes a 2019. En otros t\u00e9rminos, ni las medidas ni la reducci\u00f3n de actividad provocada por la Covid han hecho que la atm\u00f3sfera de Barcelona mejore. El fracaso es espectacular. Al mismo tiempo que se insiste en medidas que complicar\u00e1n m\u00e1s a\u00fan el espacio central de Barcelona, \u200b\u200bcomo es el tranv\u00eda por la Diagonal, ni siquiera se plantea una soluci\u00f3n tan razonable para disminuir el acceso de la entrada de veh\u00edculos a Barcelona como ser\u00eda poner en funcionamiento el t\u00fanel ferroviario de Horta. Una cuesti\u00f3n que Colau ni siquiera plantea. Como tampoco se plantea la otra grave contaminaci\u00f3n de la ciudad que es la del ruido. Barcelona se ha convertido en una capital en la que los veh\u00edculos a escape libre se multiplican, donde la regulaci\u00f3n del ruido es deficiente y adem\u00e1s no tiene ninguna polic\u00eda de control. Es un absoluto desastre que hace que barrios enteros, como la Barceloneta, hayan protestado masivamente en varias ocasiones. Pero ese aspecto tambi\u00e9n permanece in\u00e9dito. Al tiempo que nos ense\u00f1an im\u00e1genes virtuales de nuevas plazas y calles verdes, aumenta la degradaci\u00f3n de zonas importantes de la ciudad. Es el caso de la ronda de Sant Antoni que desde la reapertura del mercado permanece cerrada al tr\u00e1fico, aunque ya no es necesario porque ha desaparecido la instalaci\u00f3n provisional que acogi\u00f3 durante tantos a\u00f1os la actividad de este mercado. Esta plataforma es ahora una fuente de degradaci\u00f3n de todo el eje y su entorno, como lo es la plaza dels Pa\u00efsos Catalans y en su proximidad el parque de la Espanya Industrial. En la pr\u00e1ctica la reducci\u00f3n de los viales de Barcelona no est\u00e1n funcionando en beneficio del peat\u00f3n, que deber\u00eda ser el protagonista, y no de los muy protegidos ideol\u00f3gicamente desde el Ayuntamiento, patinetes y bicicletas que ocupan cada vez m\u00e1s espacio en la ciudad, aun con la existencia de carriles reservados para ellos. De hecho, el aumento de estos lo \u00fanico que ha logrado es multiplicar la presencia de aquellos ingenios por aceras y zonas peatonales por las que circulan imponiendo su ley.\" \/>\n<meta property=\"og:url\" content=\"https:\/\/conversesacatalunya.cat\/es\/lluvia-de-dinero-para-el-ayuntamiento-de-barcelona-pero-de-que-nos-sirven\/\" \/>\n<meta property=\"og:site_name\" content=\"Converses a Catalunya\" \/>\n<meta property=\"article:published_time\" content=\"2022-02-25T11:05:49+00:00\" \/>\n<meta property=\"article:modified_time\" content=\"2022-02-25T12:50:29+00:00\" \/>\n<meta property=\"og:image\" content=\"https:\/\/conversesacatalunya.cat\/wp-content\/uploads\/2022\/02\/accidente-patinete-bici.jpeg\" \/>\n\t<meta property=\"og:image:width\" content=\"2116\" \/>\n\t<meta property=\"og:image:height\" content=\"1500\" \/>\n\t<meta property=\"og:image:type\" content=\"image\/jpeg\" \/>\n<meta name=\"author\" content=\"conversesacatalunya\" \/>\n<meta name=\"twitter:card\" content=\"summary_large_image\" \/>\n<meta name=\"twitter:label1\" content=\"Escrito por\" \/>\n\t<meta name=\"twitter:data1\" content=\"conversesacatalunya\" \/>\n\t<meta name=\"twitter:label2\" content=\"Tiempo de lectura\" \/>\n\t<meta name=\"twitter:data2\" content=\"5 minutos\" \/>\n<script type=\"application\/ld+json\" class=\"yoast-schema-graph\">{\"@context\":\"https:\/\/schema.org\",\"@graph\":[{\"@type\":\"Article\",\"@id\":\"https:\/\/conversesacatalunya.cat\/es\/lluvia-de-dinero-para-el-ayuntamiento-de-barcelona-pero-de-que-nos-sirven\/#article\",\"isPartOf\":{\"@id\":\"https:\/\/conversesacatalunya.cat\/es\/lluvia-de-dinero-para-el-ayuntamiento-de-barcelona-pero-de-que-nos-sirven\/\"},\"author\":{\"name\":\"conversesacatalunya\",\"@id\":\"https:\/\/conversesacatalunya.cat\/#\/schema\/person\/7e24d1e54a2785373ddcb275eae5ed99\"},\"headline\":\"Lluvia de dinero para el Ayuntamiento de Barcelona, pero \u00bfde qu\u00e9 nos sirven?\",\"datePublished\":\"2022-02-25T11:05:49+00:00\",\"dateModified\":\"2022-02-25T12:50:29+00:00\",\"mainEntityOfPage\":{\"@id\":\"https:\/\/conversesacatalunya.cat\/es\/lluvia-de-dinero-para-el-ayuntamiento-de-barcelona-pero-de-que-nos-sirven\/\"},\"wordCount\":872,\"commentCount\":0,\"image\":{\"@id\":\"https:\/\/conversesacatalunya.cat\/es\/lluvia-de-dinero-para-el-ayuntamiento-de-barcelona-pero-de-que-nos-sirven\/#primaryimage\"},\"thumbnailUrl\":\"https:\/\/conversesacatalunya.cat\/wp-content\/uploads\/2022\/02\/accidente-patinete-bici.jpeg\",\"keywords\":[\"Ada Colau\",\"Contaminaci\u00f3\",\"Contaminaci\u00f3n\",\"urbanisme t\u00e0ctic\",\"urbanismo\"],\"articleSection\":[\"Expedient Barcelona (ES)\",\"Punts clau del dia (ES)\"],\"inLanguage\":\"es\",\"potentialAction\":[{\"@type\":\"CommentAction\",\"name\":\"Comment\",\"target\":[\"https:\/\/conversesacatalunya.cat\/es\/lluvia-de-dinero-para-el-ayuntamiento-de-barcelona-pero-de-que-nos-sirven\/#respond\"]}]},{\"@type\":\"WebPage\",\"@id\":\"https:\/\/conversesacatalunya.cat\/es\/lluvia-de-dinero-para-el-ayuntamiento-de-barcelona-pero-de-que-nos-sirven\/\",\"url\":\"https:\/\/conversesacatalunya.cat\/es\/lluvia-de-dinero-para-el-ayuntamiento-de-barcelona-pero-de-que-nos-sirven\/\",\"name\":\"Lluvia de dinero para el Ayuntamiento de Barcelona, pero \u00bfde qu\u00e9 nos sirven? - Converses a Catalunya\",\"isPartOf\":{\"@id\":\"https:\/\/conversesacatalunya.cat\/#website\"},\"primaryImageOfPage\":{\"@id\":\"https:\/\/conversesacatalunya.cat\/es\/lluvia-de-dinero-para-el-ayuntamiento-de-barcelona-pero-de-que-nos-sirven\/#primaryimage\"},\"image\":{\"@id\":\"https:\/\/conversesacatalunya.cat\/es\/lluvia-de-dinero-para-el-ayuntamiento-de-barcelona-pero-de-que-nos-sirven\/#primaryimage\"},\"thumbnailUrl\":\"https:\/\/conversesacatalunya.cat\/wp-content\/uploads\/2022\/02\/accidente-patinete-bici.jpeg\",\"datePublished\":\"2022-02-25T11:05:49+00:00\",\"dateModified\":\"2022-02-25T12:50:29+00:00\",\"author\":{\"@id\":\"https:\/\/conversesacatalunya.cat\/#\/schema\/person\/7e24d1e54a2785373ddcb275eae5ed99\"},\"breadcrumb\":{\"@id\":\"https:\/\/conversesacatalunya.cat\/es\/lluvia-de-dinero-para-el-ayuntamiento-de-barcelona-pero-de-que-nos-sirven\/#breadcrumb\"},\"inLanguage\":\"es\",\"potentialAction\":[{\"@type\":\"ReadAction\",\"target\":[\"https:\/\/conversesacatalunya.cat\/es\/lluvia-de-dinero-para-el-ayuntamiento-de-barcelona-pero-de-que-nos-sirven\/\"]}]},{\"@type\":\"ImageObject\",\"inLanguage\":\"es\",\"@id\":\"https:\/\/conversesacatalunya.cat\/es\/lluvia-de-dinero-para-el-ayuntamiento-de-barcelona-pero-de-que-nos-sirven\/#primaryimage\",\"url\":\"https:\/\/conversesacatalunya.cat\/wp-content\/uploads\/2022\/02\/accidente-patinete-bici.jpeg\",\"contentUrl\":\"https:\/\/conversesacatalunya.cat\/wp-content\/uploads\/2022\/02\/accidente-patinete-bici.jpeg\",\"width\":2116,\"height\":1500},{\"@type\":\"BreadcrumbList\",\"@id\":\"https:\/\/conversesacatalunya.cat\/es\/lluvia-de-dinero-para-el-ayuntamiento-de-barcelona-pero-de-que-nos-sirven\/#breadcrumb\",\"itemListElement\":[{\"@type\":\"ListItem\",\"position\":1,\"name\":\"Inici\",\"item\":\"https:\/\/conversesacatalunya.cat\/es\/\"},{\"@type\":\"ListItem\",\"position\":2,\"name\":\"Lluvia de dinero para el Ayuntamiento de Barcelona, pero \u00bfde qu\u00e9 nos sirven?\"}]},{\"@type\":\"WebSite\",\"@id\":\"https:\/\/conversesacatalunya.cat\/#website\",\"url\":\"https:\/\/conversesacatalunya.cat\/\",\"name\":\"Converses a Catalunya\",\"description\":\"\",\"potentialAction\":[{\"@type\":\"SearchAction\",\"target\":{\"@type\":\"EntryPoint\",\"urlTemplate\":\"https:\/\/conversesacatalunya.cat\/?s={search_term_string}\"},\"query-input\":{\"@type\":\"PropertyValueSpecification\",\"valueRequired\":true,\"valueName\":\"search_term_string\"}}],\"inLanguage\":\"es\"},{\"@type\":\"Person\",\"@id\":\"https:\/\/conversesacatalunya.cat\/#\/schema\/person\/7e24d1e54a2785373ddcb275eae5ed99\",\"name\":\"conversesacatalunya\",\"image\":{\"@type\":\"ImageObject\",\"inLanguage\":\"es\",\"@id\":\"https:\/\/conversesacatalunya.cat\/#\/schema\/person\/image\/\",\"url\":\"https:\/\/conversesacatalunya.cat\/wp-content\/litespeed\/avatar\/febdfeeec89d950f01c748045a981dd2.jpg?ver=1777314535\",\"contentUrl\":\"https:\/\/conversesacatalunya.cat\/wp-content\/litespeed\/avatar\/febdfeeec89d950f01c748045a981dd2.jpg?ver=1777314535\",\"caption\":\"conversesacatalunya\"},\"url\":\"https:\/\/conversesacatalunya.cat\/es\/author\/carme_catala\/\"}]}<\/script>\n<!-- \/ Yoast SEO plugin. -->","yoast_head_json":{"title":"Lluvia de dinero para el Ayuntamiento de Barcelona, pero \u00bfde qu\u00e9 nos sirven? - Converses a Catalunya","robots":{"index":"index","follow":"follow","max-snippet":"max-snippet:-1","max-image-preview":"max-image-preview:large","max-video-preview":"max-video-preview:-1"},"canonical":"https:\/\/conversesacatalunya.cat\/es\/lluvia-de-dinero-para-el-ayuntamiento-de-barcelona-pero-de-que-nos-sirven\/","og_locale":"es_ES","og_type":"article","og_title":"Lluvia de dinero para el Ayuntamiento de Barcelona, pero \u00bfde qu\u00e9 nos sirven? - Converses a Catalunya","og_description":"El ayuntamiento de Barcelona recibir\u00e1 casi 75 millones de euros de los fondos europeos Next Generation, pero la forma en que se les gastar\u00e1 Colau multiplica los problemas m\u00e1s que resolverlos. Casi 26 millones se dedicar\u00e1n a los ejes sin tr\u00e1fico que afectan a 5 calles del Eixample, 1,5 millones se dedicar\u00e1n a controles de las Zonas de Bajas Emisiones, 9,2 millones a nuevos carriles para bicicletas, a pesar de la baja ocupaci\u00f3n de muchos de ellos y el hecho terrible de que a m\u00e1s carriles bici m\u00e1s invasi\u00f3n de estas y patinetes del espacio reservado a los peatones y 6,2 millones se dedicar\u00e1n a reducir la circulaci\u00f3n de la Meridiana. A esto la teniente de alcalde de Urbanismo, Janet Sanz, lo llama hacer una \u00abciudad m\u00e1s verde y habitable\u00bb. Barcelona vive un nivel de conflictividad vial como nunca, y el car\u00e1cter original de este hecho nace de que su origen est\u00e1 en las pol\u00edticas que lleva a cabo el Ayuntamiento. Es el caso de las nuevas islas que quiere implantar en el Eixample, la reducci\u00f3n radical de la movilidad en la V\u00eda Laietana, el cierre a la circulaci\u00f3n del Raval y Montju\u00efc, la ya apuntada reducci\u00f3n de carriles de la Meridiana y tambi\u00e9n la calle Pi i Maragall que une el distrito de Horta-Guinard\u00f3 con Gr\u00e0cia. La evoluci\u00f3n ideol\u00f3gica a la que Colau somete la movilidad de la ciudad tiene nefastas consecuencias. Es evidente que cada vez es m\u00e1s dif\u00edcil la accesibilidad en coche a la par que no crece el uso del transporte p\u00fablico y se multiplican los accidentes provocados por bicicletas y patinetes. El 40% de los atropellos provocados en Barcelona son originados por patinetes. Es una cifra salvaje que pone de relieve el desbarajuste en el cual vive la ciudad. Al mismo tiempo no se resuelven los puntos negros, aquellos que concentran el mayor n\u00famero de accidentes que deber\u00edan ser una prioridad. El problema adicional es que s\u00f3lo la mitad del tr\u00e1fico que circula por el Eixample, un 53%, est\u00e1 generado por el coche privado, mientras que el resto corresponde en un 17% a coches y camiones y un 30% a las motocicletas. La gente utiliza el coche porque el transporte p\u00fablico no es satisfactorio en un 72% de las opiniones seg\u00fan la encuesta realizada en su momento por el RACC. Tambi\u00e9n por la fiabilidad y flexibilidad del coche en un 36%. En un 11% porque debe realizar varios desplazamientos durante el d\u00eda, y un 12% porque necesita el coche antes o despu\u00e9s del trabajo. La Barcelona verde de la que habla la teniente de alcalde, Sanz, es en realidad una ciudad m\u00e1s contaminada. De hecho, desde noviembre de 2021, y considerando la referencia del inicio de la pandemia, los niveles de contaminaci\u00f3n de Barcelona ya han superado los correspondientes a 2019. En otros t\u00e9rminos, ni las medidas ni la reducci\u00f3n de actividad provocada por la Covid han hecho que la atm\u00f3sfera de Barcelona mejore. El fracaso es espectacular. Al mismo tiempo que se insiste en medidas que complicar\u00e1n m\u00e1s a\u00fan el espacio central de Barcelona, \u200b\u200bcomo es el tranv\u00eda por la Diagonal, ni siquiera se plantea una soluci\u00f3n tan razonable para disminuir el acceso de la entrada de veh\u00edculos a Barcelona como ser\u00eda poner en funcionamiento el t\u00fanel ferroviario de Horta. Una cuesti\u00f3n que Colau ni siquiera plantea. Como tampoco se plantea la otra grave contaminaci\u00f3n de la ciudad que es la del ruido. Barcelona se ha convertido en una capital en la que los veh\u00edculos a escape libre se multiplican, donde la regulaci\u00f3n del ruido es deficiente y adem\u00e1s no tiene ninguna polic\u00eda de control. Es un absoluto desastre que hace que barrios enteros, como la Barceloneta, hayan protestado masivamente en varias ocasiones. Pero ese aspecto tambi\u00e9n permanece in\u00e9dito. Al tiempo que nos ense\u00f1an im\u00e1genes virtuales de nuevas plazas y calles verdes, aumenta la degradaci\u00f3n de zonas importantes de la ciudad. Es el caso de la ronda de Sant Antoni que desde la reapertura del mercado permanece cerrada al tr\u00e1fico, aunque ya no es necesario porque ha desaparecido la instalaci\u00f3n provisional que acogi\u00f3 durante tantos a\u00f1os la actividad de este mercado. Esta plataforma es ahora una fuente de degradaci\u00f3n de todo el eje y su entorno, como lo es la plaza dels Pa\u00efsos Catalans y en su proximidad el parque de la Espanya Industrial. En la pr\u00e1ctica la reducci\u00f3n de los viales de Barcelona no est\u00e1n funcionando en beneficio del peat\u00f3n, que deber\u00eda ser el protagonista, y no de los muy protegidos ideol\u00f3gicamente desde el Ayuntamiento, patinetes y bicicletas que ocupan cada vez m\u00e1s espacio en la ciudad, aun con la existencia de carriles reservados para ellos. De hecho, el aumento de estos lo \u00fanico que ha logrado es multiplicar la presencia de aquellos ingenios por aceras y zonas peatonales por las que circulan imponiendo su ley.","og_url":"https:\/\/conversesacatalunya.cat\/es\/lluvia-de-dinero-para-el-ayuntamiento-de-barcelona-pero-de-que-nos-sirven\/","og_site_name":"Converses a Catalunya","article_published_time":"2022-02-25T11:05:49+00:00","article_modified_time":"2022-02-25T12:50:29+00:00","og_image":[{"width":2116,"height":1500,"url":"https:\/\/conversesacatalunya.cat\/wp-content\/uploads\/2022\/02\/accidente-patinete-bici.jpeg","type":"image\/jpeg"}],"author":"conversesacatalunya","twitter_card":"summary_large_image","twitter_misc":{"Escrito por":"conversesacatalunya","Tiempo de lectura":"5 minutos"},"schema":{"@context":"https:\/\/schema.org","@graph":[{"@type":"Article","@id":"https:\/\/conversesacatalunya.cat\/es\/lluvia-de-dinero-para-el-ayuntamiento-de-barcelona-pero-de-que-nos-sirven\/#article","isPartOf":{"@id":"https:\/\/conversesacatalunya.cat\/es\/lluvia-de-dinero-para-el-ayuntamiento-de-barcelona-pero-de-que-nos-sirven\/"},"author":{"name":"conversesacatalunya","@id":"https:\/\/conversesacatalunya.cat\/#\/schema\/person\/7e24d1e54a2785373ddcb275eae5ed99"},"headline":"Lluvia de dinero para el Ayuntamiento de Barcelona, pero \u00bfde qu\u00e9 nos sirven?","datePublished":"2022-02-25T11:05:49+00:00","dateModified":"2022-02-25T12:50:29+00:00","mainEntityOfPage":{"@id":"https:\/\/conversesacatalunya.cat\/es\/lluvia-de-dinero-para-el-ayuntamiento-de-barcelona-pero-de-que-nos-sirven\/"},"wordCount":872,"commentCount":0,"image":{"@id":"https:\/\/conversesacatalunya.cat\/es\/lluvia-de-dinero-para-el-ayuntamiento-de-barcelona-pero-de-que-nos-sirven\/#primaryimage"},"thumbnailUrl":"https:\/\/conversesacatalunya.cat\/wp-content\/uploads\/2022\/02\/accidente-patinete-bici.jpeg","keywords":["Ada Colau","Contaminaci\u00f3","Contaminaci\u00f3n","urbanisme t\u00e0ctic","urbanismo"],"articleSection":["Expedient Barcelona (ES)","Punts clau del dia (ES)"],"inLanguage":"es","potentialAction":[{"@type":"CommentAction","name":"Comment","target":["https:\/\/conversesacatalunya.cat\/es\/lluvia-de-dinero-para-el-ayuntamiento-de-barcelona-pero-de-que-nos-sirven\/#respond"]}]},{"@type":"WebPage","@id":"https:\/\/conversesacatalunya.cat\/es\/lluvia-de-dinero-para-el-ayuntamiento-de-barcelona-pero-de-que-nos-sirven\/","url":"https:\/\/conversesacatalunya.cat\/es\/lluvia-de-dinero-para-el-ayuntamiento-de-barcelona-pero-de-que-nos-sirven\/","name":"Lluvia de dinero para el Ayuntamiento de Barcelona, pero \u00bfde qu\u00e9 nos sirven? - Converses a Catalunya","isPartOf":{"@id":"https:\/\/conversesacatalunya.cat\/#website"},"primaryImageOfPage":{"@id":"https:\/\/conversesacatalunya.cat\/es\/lluvia-de-dinero-para-el-ayuntamiento-de-barcelona-pero-de-que-nos-sirven\/#primaryimage"},"image":{"@id":"https:\/\/conversesacatalunya.cat\/es\/lluvia-de-dinero-para-el-ayuntamiento-de-barcelona-pero-de-que-nos-sirven\/#primaryimage"},"thumbnailUrl":"https:\/\/conversesacatalunya.cat\/wp-content\/uploads\/2022\/02\/accidente-patinete-bici.jpeg","datePublished":"2022-02-25T11:05:49+00:00","dateModified":"2022-02-25T12:50:29+00:00","author":{"@id":"https:\/\/conversesacatalunya.cat\/#\/schema\/person\/7e24d1e54a2785373ddcb275eae5ed99"},"breadcrumb":{"@id":"https:\/\/conversesacatalunya.cat\/es\/lluvia-de-dinero-para-el-ayuntamiento-de-barcelona-pero-de-que-nos-sirven\/#breadcrumb"},"inLanguage":"es","potentialAction":[{"@type":"ReadAction","target":["https:\/\/conversesacatalunya.cat\/es\/lluvia-de-dinero-para-el-ayuntamiento-de-barcelona-pero-de-que-nos-sirven\/"]}]},{"@type":"ImageObject","inLanguage":"es","@id":"https:\/\/conversesacatalunya.cat\/es\/lluvia-de-dinero-para-el-ayuntamiento-de-barcelona-pero-de-que-nos-sirven\/#primaryimage","url":"https:\/\/conversesacatalunya.cat\/wp-content\/uploads\/2022\/02\/accidente-patinete-bici.jpeg","contentUrl":"https:\/\/conversesacatalunya.cat\/wp-content\/uploads\/2022\/02\/accidente-patinete-bici.jpeg","width":2116,"height":1500},{"@type":"BreadcrumbList","@id":"https:\/\/conversesacatalunya.cat\/es\/lluvia-de-dinero-para-el-ayuntamiento-de-barcelona-pero-de-que-nos-sirven\/#breadcrumb","itemListElement":[{"@type":"ListItem","position":1,"name":"Inici","item":"https:\/\/conversesacatalunya.cat\/es\/"},{"@type":"ListItem","position":2,"name":"Lluvia de dinero para el Ayuntamiento de Barcelona, pero \u00bfde qu\u00e9 nos sirven?"}]},{"@type":"WebSite","@id":"https:\/\/conversesacatalunya.cat\/#website","url":"https:\/\/conversesacatalunya.cat\/","name":"Converses a Catalunya","description":"","potentialAction":[{"@type":"SearchAction","target":{"@type":"EntryPoint","urlTemplate":"https:\/\/conversesacatalunya.cat\/?s={search_term_string}"},"query-input":{"@type":"PropertyValueSpecification","valueRequired":true,"valueName":"search_term_string"}}],"inLanguage":"es"},{"@type":"Person","@id":"https:\/\/conversesacatalunya.cat\/#\/schema\/person\/7e24d1e54a2785373ddcb275eae5ed99","name":"conversesacatalunya","image":{"@type":"ImageObject","inLanguage":"es","@id":"https:\/\/conversesacatalunya.cat\/#\/schema\/person\/image\/","url":"https:\/\/conversesacatalunya.cat\/wp-content\/litespeed\/avatar\/febdfeeec89d950f01c748045a981dd2.jpg?ver=1777314535","contentUrl":"https:\/\/conversesacatalunya.cat\/wp-content\/litespeed\/avatar\/febdfeeec89d950f01c748045a981dd2.jpg?ver=1777314535","caption":"conversesacatalunya"},"url":"https:\/\/conversesacatalunya.cat\/es\/author\/carme_catala\/"}]}},"wps_subtitle":"","_links":{"self":[{"href":"https:\/\/conversesacatalunya.cat\/es\/wp-json\/wp\/v2\/posts\/55300","targetHints":{"allow":["GET"]}}],"collection":[{"href":"https:\/\/conversesacatalunya.cat\/es\/wp-json\/wp\/v2\/posts"}],"about":[{"href":"https:\/\/conversesacatalunya.cat\/es\/wp-json\/wp\/v2\/types\/post"}],"author":[{"embeddable":true,"href":"https:\/\/conversesacatalunya.cat\/es\/wp-json\/wp\/v2\/users\/2"}],"replies":[{"embeddable":true,"href":"https:\/\/conversesacatalunya.cat\/es\/wp-json\/wp\/v2\/comments?post=55300"}],"version-history":[{"count":2,"href":"https:\/\/conversesacatalunya.cat\/es\/wp-json\/wp\/v2\/posts\/55300\/revisions"}],"predecessor-version":[{"id":55302,"href":"https:\/\/conversesacatalunya.cat\/es\/wp-json\/wp\/v2\/posts\/55300\/revisions\/55302"}],"wp:featuredmedia":[{"embeddable":true,"href":"https:\/\/conversesacatalunya.cat\/es\/wp-json\/wp\/v2\/media\/55282"}],"wp:attachment":[{"href":"https:\/\/conversesacatalunya.cat\/es\/wp-json\/wp\/v2\/media?parent=55300"}],"wp:term":[{"taxonomy":"category","embeddable":true,"href":"https:\/\/conversesacatalunya.cat\/es\/wp-json\/wp\/v2\/categories?post=55300"},{"taxonomy":"post_tag","embeddable":true,"href":"https:\/\/conversesacatalunya.cat\/es\/wp-json\/wp\/v2\/tags?post=55300"}],"curies":[{"name":"wp","href":"https:\/\/api.w.org\/{rel}","templated":true}]}}