{"id":54818,"date":"2022-02-11T10:33:51","date_gmt":"2022-02-11T09:33:51","guid":{"rendered":"https:\/\/conversesacatalunya.cat\/impossible-solucio-francesa-crisi-ucraina\/"},"modified":"2022-02-11T10:45:07","modified_gmt":"2022-02-11T09:45:07","slug":"la-imposible-solucion-francesa-de-la-crisis-de-ucrania","status":"publish","type":"post","link":"https:\/\/conversesacatalunya.cat\/es\/la-imposible-solucion-francesa-de-la-crisis-de-ucrania\/","title":{"rendered":"La imposible soluci\u00f3n francesa de la crisis de Ucrania"},"content":{"rendered":"<p><span class=\"\">De Mosc\u00fa a Kiev, de Vladimir Putin a Volodymyr Zelensky, su hom\u00f3logo ucraniano.\u00a0<\/span>Emmanuel Macron ha tenido un comienzo de semana movido en Europa del Este.<\/p>\n<p><span class=\"goog-text-highlight\">El periplo del presidente franc\u00e9s recuerda la \u00abdiplomacia de las lanzaderas\u00bb de Henry Kissinger en 1973, cuando el entonces secretario de estado estadounidense saltaba de un pa\u00eds a otro haciendo de intermediario con los protagonistas de la guerra del Yom Kippur de forma separada porque no quer\u00edan coincidir en una misma mesa.<\/span><\/p>\n<p>Sin embargo, a diferencia de Kissinger,\u00a0<strong>Macron no dispone de la clave del conflicto<\/strong>\u00a0que quiere solucionar.<\/p>\n<p>Por si la fotograf\u00eda de la kilom\u00e9trica mesa donde Putin recibi\u00f3 Macron no fuera suficientemente expl\u00edcita, Dmitry Peskov, portavoz del Kremlin, dej\u00f3 en evidencia pocas horas despu\u00e9s del encuentro que\u00a0<strong>Rusia no considera a Francia un interlocutor indispensable<\/strong>.<\/p>\n<span class='bctt-click-to-tweet'><span class='bctt-ctt-text'><a href='https:\/\/twitter.com\/intent\/tweet?url=https%3A%2F%2Fconversesacatalunya.cat%2Fes%2Fla-imposible-solucion-francesa-de-la-crisis-de-ucrania%2F&#038;text=Rusia%20no%20considera%20a%20Francia%20un%20interlocutor%20indispensable&#038;via=conversesacat&#038;related=conversesacat' target='_blank'rel=\"noopener noreferrer\">Rusia no considera a Francia un interlocutor indispensable <\/a><\/span><a href='https:\/\/twitter.com\/intent\/tweet?url=https%3A%2F%2Fconversesacatalunya.cat%2Fes%2Fla-imposible-solucion-francesa-de-la-crisis-de-ucrania%2F&#038;text=Rusia%20no%20considera%20a%20Francia%20un%20interlocutor%20indispensable&#038;via=conversesacat&#038;related=conversesacat' target='_blank' class='bctt-ctt-btn'rel=\"noopener noreferrer\">Compartir en X<\/a><\/span>\n<p><span class=\"goog-text-highlight\">Preguntado por el principio de acuerdo en que, seg\u00fan el Palacio del El\u00edseo, Macron hab\u00eda conseguido arrancar a Putin, Peskov respondi\u00f3: \u201c\u00a0<\/span><strong><span class=\"goog-text-highlight\">es imposible<\/span><\/strong><span class=\"goog-text-highlight\">, porque Francia es un miembro de la Uni\u00f3n Europea, y de la OTAN, donde\u00a0<\/span><strong><span class=\"goog-text-highlight\">no es el l\u00edder<\/span><\/strong><span class=\"goog-text-highlight\">\u201d.<\/span><\/p>\n<p>Y a\u00f1adi\u00f3: \u201cotro pa\u00eds es el l\u00edder de ese bloque. As\u00ed pues, \u00bfC\u00f3mo\u00a0podemos hablar de ning\u00fan acuerdo?\u201d<\/p>\n<p>\u00bfDe qu\u00e9 bloque hablaba Peskov, de la OTAN o de la UE? Posiblemente de ambos, a menos que los considerase como una \u00fanica alianza bajo dominio estadounidense.\u00a0<span class=\"goog-text-highlight\">En cualquier caso, dej\u00f3 claro que\u00a0<\/span><strong><span class=\"goog-text-highlight\">Francia no lidera ning\u00fan grupo significativo de pa\u00edses<\/span><\/strong><span class=\"goog-text-highlight\">.<\/span><\/p>\n<p>De hecho, despu\u00e9s de visitar Zelensky en Kiev, la \u00faltima etapa del viaje al este de Emmanuel Macron fue reveladora:\u00a0<strong>Berl\u00edn<\/strong>.\u00a0All\u00ed se encontr\u00f3 con el canciller alem\u00e1n, Olaf Scholz, y con el presidente polaco, Andrzej Duda.<\/p>\n<p>Ninguna novedad sali\u00f3 tampoco de ese encuentro trilateral, lo que refuerza la idea de que la iniciativa de Macron no ha sido nada concluyente.<\/p>\n<p>En este viaje, Emmanuel Macron no s\u00f3lo ha jugado el papel de representante de la UE durante los seis meses que dura la\u00a0<a href=\"https:\/\/conversesacatalunya.cat\/es\/presidencia-francesa-de-la-ue\/\" target=\"_blank\" rel=\"noopener\">presidencia francesa<\/a>\u00a0del Consejo Europeo.<\/p>\n<p>Fue tambi\u00e9n un intento de exhibir la\u00a0<strong>autonom\u00eda estrat\u00e9gica<\/strong>\u00a0tan reivindicada por Macron.\u00a0Una autonom\u00eda que el dirigente franc\u00e9s sue\u00f1a desde el comienzo de su mandato con llevar a Bruselas.<\/p>\n<h4><strong>Pero los dem\u00e1s Estados miembros ven con desconfianza las pretensiones de Macron.<\/strong><\/h4>\n<p>Temen que la autonom\u00eda estrat\u00e9gica europea no sea otra cosa que la pol\u00edtica exterior y de defensa de Francia\u00a0<strong>aumentada gracias a los medios de la UE y de sus respectivos <\/strong><strong>pa\u00edses<\/strong>.<\/p>\n<p>La pol\u00edtica exterior y de defensa francesa\u00a0<strong><a href=\"https:\/\/conversesacatalunya-cat.translate.goog\/politica-exterior-francesa-atlantisme-gaullisme\/?_x_tr_sl=ca&amp;_x_tr_tl=es&amp;_x_tr_hl=es&amp;_x_tr_pto=wapp\" target=\"_blank\" rel=\"noopener\">bebe todav\u00eda<\/a> de las fuentes de Charles de Gaulle<\/strong>, y es particularmente conocida por su reivindicaci\u00f3n de independencia respecto a los Estados Unidos.<\/p>\n<p>Aplicada a la actual crisis ucraniana, la pol\u00edtica gaullista buscar\u00eda como soluci\u00f3n\u00a0<a href=\"https:\/\/conversesacatalunya.cat\/es\/esta-dispuesto-a-ir-a-la-guerra-por-ucrania\/\" target=\"_blank\" rel=\"noopener\">la neutralidad de Ucrania<\/a>\u00a0entre Occidente y Rusia, una situaci\u00f3n similar a las de Austria o Finlandia durante la Guerra Fr\u00eda.\u00a0De hecho, parece la l\u00ednea que el El\u00edseo habr\u00eda explorado con Putin.\u00a0Pero se trata de una idea por ahora\u00a0<strong>inconcebible para los estados de la UE que sufrieron el dominio sovi\u00e9tico<\/strong>.<\/p>\n<blockquote><p>Las ambiciones geopol\u00edticas francesas no est\u00e1n a la altura de sus capacidades<\/p><\/blockquote>\n<p>Pero es que adem\u00e1s de no contar con el apoyo genuino de buena parte de la UE (digamos\u00a0<em>soft power<\/em>\u00a0), Francia se afronta a otro problema: su\u00a0<strong>falta de medios para convencer por coerci\u00f3n<\/strong>\u00a0(\u00a0<em>hard power<\/em>\u00a0).<\/p>\n<p>Hace 150 a\u00f1os, desde la\u00a0<strong>guerra franco-prusiana<\/strong>\u00a0, que las ambiciones geopol\u00edticas francesas no est\u00e1n a la altura de sus capacidades.<\/p>\n<p>Con De Gaulle, Francia levant\u00f3 un poco la cabeza, pero durante los \u00faltimos 15 a\u00f1os\u00a0<strong>Alemania se ha convertido en la locomotora europea<\/strong>, imponiendo su l\u00ednea tambi\u00e9n en pol\u00edtica exterior. L\u00ednea que se resume en hacer seguidismo de los Estados Unidos en la mayor parte de situaciones.<\/p>\n<p>Y claro,\u00a0<strong>puestos a elegir entre Francia y Estados Unidos<\/strong>\u00a0, la mayor\u00eda de pa\u00edses europeos no tienen ninguna duda de cu\u00e1l es el aliado preferente.\u00a0Putin es bien conocedor de esta situaci\u00f3n, y el escepticismo que ha demostrado con la iniciativa de Macron no es de extra\u00f1ar.<\/p>\n<div id=\"polls-137\" class=\"wp-polls\">\n\t<form id=\"polls_form_137\" class=\"wp-polls-form\" action=\"\/index.php\" method=\"post\">\n\t\t<p style=\"display: none;\"><input type=\"hidden\" id=\"poll_137_nonce\" name=\"wp-polls-nonce\" value=\"8186067f69\" \/><\/p>\n\t\t<p style=\"display: none;\"><input type=\"hidden\" name=\"poll_id\" value=\"137\" \/><\/p>\n\t\t<p style=\"text-align: center\"><strong>Creus que hi haur\u00e0 una guerra a Europa per Ucra\u00efna?<\/strong><\/p><div id=\"polls-137-ans\" class=\"wp-polls-ans\"><ul class=\"wp-polls-ul\">\n\t\t<li><input type=\"radio\" id=\"poll-answer-347\" name=\"poll_137\" value=\"347\" \/> <label for=\"poll-answer-347\">S\u00ed<\/label><\/li>\n\t\t<li><input type=\"radio\" id=\"poll-answer-348\" name=\"poll_137\" value=\"348\" \/> <label for=\"poll-answer-348\">No<\/label><\/li>\n\t\t<li><input type=\"radio\" id=\"poll-answer-349\" name=\"poll_137\" value=\"349\" \/> <label for=\"poll-answer-349\">No ho s\u00e9<\/label><\/li>\n\t\t<\/ul><p style=\"text-align: center\"><input type=\"button\" name=\"vote\" value=\"   Vota   \" class=\"Buttons\" onclick=\"poll_vote(137);\" \/><\/p><p style=\"text-align: center\"><a href=\"#ViewPollResults\" onclick=\"poll_result(137); return false;\" title=\"View Results Of This Poll\">Mira els resultats<\/a><\/p><\/div>\n\t<\/form>\n<\/div>\n<div id=\"polls-137-loading\" class=\"wp-polls-loading\"><img decoding=\"async\" data-src=\"https:\/\/conversesacatalunya.cat\/wp-content\/plugins\/wp-polls\/images\/loading.gif\" width=\"16\" height=\"16\" alt=\"Cargando ...\" title=\"Cargando ...\" class=\"wp-polls-image lazyload\" src=\"data:image\/svg+xml;base64,PHN2ZyB3aWR0aD0iMSIgaGVpZ2h0PSIxIiB4bWxucz0iaHR0cDovL3d3dy53My5vcmcvMjAwMC9zdmciPjwvc3ZnPg==\" style=\"--smush-placeholder-width: 16px; --smush-placeholder-aspect-ratio: 16\/16;\" \/>&nbsp;Cargando ...<\/div>\n\n","protected":false},"excerpt":{"rendered":"<p>De Mosc\u00fa a Kiev, de Vladimir Putin a Volodymyr Zelensky, su hom\u00f3logo ucraniano.\u00a0Emmanuel Macron ha tenido un comienzo de semana movido en Europa del Este. El periplo del presidente franc\u00e9s recuerda la \u00abdiplomacia de las lanzaderas\u00bb de Henry Kissinger en 1973, cuando el entonces secretario de estado estadounidense saltaba de un pa\u00eds a otro haciendo de intermediario con los protagonistas de la guerra del Yom Kippur de forma separada porque no quer\u00edan coincidir en una misma mesa. Sin embargo, a diferencia de Kissinger,\u00a0Macron no dispone de la clave del conflicto\u00a0que quiere solucionar. Por si la fotograf\u00eda de la kilom\u00e9trica mesa donde Putin recibi\u00f3 Macron no fuera suficientemente expl\u00edcita, Dmitry Peskov, portavoz del Kremlin, dej\u00f3 en evidencia pocas horas despu\u00e9s del encuentro que\u00a0Rusia no considera a Francia un interlocutor indispensable. Preguntado por el principio de acuerdo en que, seg\u00fan el Palacio del El\u00edseo, Macron hab\u00eda conseguido arrancar a Putin, Peskov respondi\u00f3: \u201c\u00a0es imposible, porque Francia es un miembro de la Uni\u00f3n Europea, y de la OTAN, donde\u00a0no es el l\u00edder\u201d. Y a\u00f1adi\u00f3: \u201cotro pa\u00eds es el l\u00edder de ese bloque. As\u00ed pues, \u00bfC\u00f3mo\u00a0podemos hablar de ning\u00fan acuerdo?\u201d \u00bfDe qu\u00e9 bloque hablaba Peskov, de la OTAN o de la UE? Posiblemente de ambos, a menos que los considerase como una \u00fanica alianza bajo dominio estadounidense.\u00a0En cualquier caso, dej\u00f3 claro que\u00a0Francia no lidera ning\u00fan grupo significativo de pa\u00edses. De hecho, despu\u00e9s de visitar Zelensky en Kiev, la \u00faltima etapa del viaje al este de Emmanuel Macron fue reveladora:\u00a0Berl\u00edn.\u00a0All\u00ed se encontr\u00f3 con el canciller alem\u00e1n, Olaf Scholz, y con el presidente polaco, Andrzej Duda. Ninguna novedad sali\u00f3 tampoco de ese encuentro trilateral, lo que refuerza la idea de que la iniciativa de Macron no ha sido nada concluyente. En este viaje, Emmanuel Macron no s\u00f3lo ha jugado el papel de representante de la UE durante los seis meses que dura la\u00a0presidencia francesa\u00a0del Consejo Europeo. Fue tambi\u00e9n un intento de exhibir la\u00a0autonom\u00eda estrat\u00e9gica\u00a0tan reivindicada por Macron.\u00a0Una autonom\u00eda que el dirigente franc\u00e9s sue\u00f1a desde el comienzo de su mandato con llevar a Bruselas. Pero los dem\u00e1s Estados miembros ven con desconfianza las pretensiones de Macron. Temen que la autonom\u00eda estrat\u00e9gica europea no sea otra cosa que la pol\u00edtica exterior y de defensa de Francia\u00a0aumentada gracias a los medios de la UE y de sus respectivos pa\u00edses. La pol\u00edtica exterior y de defensa francesa\u00a0bebe todav\u00eda de las fuentes de Charles de Gaulle, y es particularmente conocida por su reivindicaci\u00f3n de independencia respecto a los Estados Unidos. Aplicada a la actual crisis ucraniana, la pol\u00edtica gaullista buscar\u00eda como soluci\u00f3n\u00a0la neutralidad de Ucrania\u00a0entre Occidente y Rusia, una situaci\u00f3n similar a las de Austria o Finlandia durante la Guerra Fr\u00eda.\u00a0De hecho, parece la l\u00ednea que el El\u00edseo habr\u00eda explorado con Putin.\u00a0Pero se trata de una idea por ahora\u00a0inconcebible para los estados de la UE que sufrieron el dominio sovi\u00e9tico. Las ambiciones geopol\u00edticas francesas no est\u00e1n a la altura de sus capacidades Pero es que adem\u00e1s de no contar con el apoyo genuino de buena parte de la UE (digamos\u00a0soft power\u00a0), Francia se afronta a otro problema: su\u00a0falta de medios para convencer por coerci\u00f3n\u00a0(\u00a0hard power\u00a0). Hace 150 a\u00f1os, desde la\u00a0guerra franco-prusiana\u00a0, que las ambiciones geopol\u00edticas francesas no est\u00e1n a la altura de sus capacidades. Con De Gaulle, Francia levant\u00f3 un poco la cabeza, pero durante los \u00faltimos 15 a\u00f1os\u00a0Alemania se ha convertido en la locomotora europea, imponiendo su l\u00ednea tambi\u00e9n en pol\u00edtica exterior. L\u00ednea que se resume en hacer seguidismo de los Estados Unidos en la mayor parte de situaciones. Y claro,\u00a0puestos a elegir entre Francia y Estados Unidos\u00a0, la mayor\u00eda de pa\u00edses europeos no tienen ninguna duda de cu\u00e1l es el aliado preferente.\u00a0Putin es bien conocedor de esta situaci\u00f3n, y el escepticismo que ha demostrado con la iniciativa de Macron no es de extra\u00f1ar.<\/p>\n","protected":false},"author":67,"featured_media":54744,"comment_status":"open","ping_status":"open","sticky":false,"template":"","format":"standard","meta":{"_FSMCFIC_featured_image_caption":"","_FSMCFIC_featured_image_nocaption":"","_FSMCFIC_featured_image_hide":"","footnotes":""},"categories":[806],"tags":[3510,1310],"class_list":["post-54818","post","type-post","status-publish","format-standard","has-post-thumbnail","hentry","category-punts-claus-del-dia-es","tag-emmanuel-macron-es","tag-ucrania"],"yoast_head":"<!-- This site is optimized with the Yoast SEO plugin v26.8 - https:\/\/yoast.com\/product\/yoast-seo-wordpress\/ -->\n<title>La imposible soluci\u00f3n francesa de la crisis de Ucrania - Converses a Catalunya<\/title>\n<meta name=\"description\" content=\"Puestos a escoger entre Francia y Estados Unidos, la mayor\u00eda de pa\u00edses europeos no tienen ninguna duda de cu\u00e1l es el aliado preferente\" \/>\n<meta name=\"robots\" content=\"index, follow, max-snippet:-1, max-image-preview:large, max-video-preview:-1\" \/>\n<link rel=\"canonical\" href=\"https:\/\/conversesacatalunya.cat\/es\/la-imposible-solucion-francesa-de-la-crisis-de-ucrania\/\" \/>\n<meta property=\"og:locale\" content=\"es_ES\" \/>\n<meta property=\"og:type\" content=\"article\" \/>\n<meta property=\"og:title\" content=\"La imposible soluci\u00f3n francesa de la crisis de Ucrania - Converses a Catalunya\" \/>\n<meta property=\"og:description\" content=\"Puestos a escoger entre Francia y Estados Unidos, la mayor\u00eda de pa\u00edses europeos no tienen ninguna duda de cu\u00e1l es el aliado preferente\" \/>\n<meta property=\"og:url\" content=\"https:\/\/conversesacatalunya.cat\/es\/la-imposible-solucion-francesa-de-la-crisis-de-ucrania\/\" \/>\n<meta property=\"og:site_name\" content=\"Converses a Catalunya\" \/>\n<meta property=\"article:published_time\" content=\"2022-02-11T09:33:51+00:00\" \/>\n<meta property=\"article:modified_time\" content=\"2022-02-11T09:45:07+00:00\" \/>\n<meta property=\"og:image\" content=\"https:\/\/conversesacatalunya.cat\/wp-content\/uploads\/2022\/02\/image.jpg.png\" \/>\n\t<meta property=\"og:image:width\" content=\"885\" \/>\n\t<meta property=\"og:image:height\" content=\"500\" \/>\n\t<meta property=\"og:image:type\" content=\"image\/png\" \/>\n<meta name=\"author\" content=\"conversesacatalunya\" \/>\n<meta name=\"twitter:card\" content=\"summary_large_image\" \/>\n<meta name=\"twitter:label1\" content=\"Escrito por\" \/>\n\t<meta name=\"twitter:data1\" content=\"conversesacatalunya\" \/>\n\t<meta name=\"twitter:label2\" content=\"Tiempo de lectura\" \/>\n\t<meta name=\"twitter:data2\" content=\"2 minutos\" \/>\n<script type=\"application\/ld+json\" class=\"yoast-schema-graph\">{\"@context\":\"https:\/\/schema.org\",\"@graph\":[{\"@type\":\"Article\",\"@id\":\"https:\/\/conversesacatalunya.cat\/es\/la-imposible-solucion-francesa-de-la-crisis-de-ucrania\/#article\",\"isPartOf\":{\"@id\":\"https:\/\/conversesacatalunya.cat\/es\/la-imposible-solucion-francesa-de-la-crisis-de-ucrania\/\"},\"author\":{\"name\":\"conversesacatalunya\",\"@id\":\"https:\/\/conversesacatalunya.cat\/#\/schema\/person\/c5a8ffe796b1512764aeb6d6d6fa0fc7\"},\"headline\":\"La imposible soluci\u00f3n francesa de la crisis de Ucrania\",\"datePublished\":\"2022-02-11T09:33:51+00:00\",\"dateModified\":\"2022-02-11T09:45:07+00:00\",\"mainEntityOfPage\":{\"@id\":\"https:\/\/conversesacatalunya.cat\/es\/la-imposible-solucion-francesa-de-la-crisis-de-ucrania\/\"},\"wordCount\":738,\"commentCount\":0,\"image\":{\"@id\":\"https:\/\/conversesacatalunya.cat\/es\/la-imposible-solucion-francesa-de-la-crisis-de-ucrania\/#primaryimage\"},\"thumbnailUrl\":\"https:\/\/conversesacatalunya.cat\/wp-content\/uploads\/2022\/02\/image.jpg.png\",\"keywords\":[\"Emmanuel Macron\",\"Ucrania\"],\"articleSection\":[\"Punts clau del dia (ES)\"],\"inLanguage\":\"es\",\"potentialAction\":[{\"@type\":\"CommentAction\",\"name\":\"Comment\",\"target\":[\"https:\/\/conversesacatalunya.cat\/es\/la-imposible-solucion-francesa-de-la-crisis-de-ucrania\/#respond\"]}]},{\"@type\":\"WebPage\",\"@id\":\"https:\/\/conversesacatalunya.cat\/es\/la-imposible-solucion-francesa-de-la-crisis-de-ucrania\/\",\"url\":\"https:\/\/conversesacatalunya.cat\/es\/la-imposible-solucion-francesa-de-la-crisis-de-ucrania\/\",\"name\":\"La imposible soluci\u00f3n francesa de la crisis de Ucrania - Converses a Catalunya\",\"isPartOf\":{\"@id\":\"https:\/\/conversesacatalunya.cat\/#website\"},\"primaryImageOfPage\":{\"@id\":\"https:\/\/conversesacatalunya.cat\/es\/la-imposible-solucion-francesa-de-la-crisis-de-ucrania\/#primaryimage\"},\"image\":{\"@id\":\"https:\/\/conversesacatalunya.cat\/es\/la-imposible-solucion-francesa-de-la-crisis-de-ucrania\/#primaryimage\"},\"thumbnailUrl\":\"https:\/\/conversesacatalunya.cat\/wp-content\/uploads\/2022\/02\/image.jpg.png\",\"datePublished\":\"2022-02-11T09:33:51+00:00\",\"dateModified\":\"2022-02-11T09:45:07+00:00\",\"author\":{\"@id\":\"https:\/\/conversesacatalunya.cat\/#\/schema\/person\/c5a8ffe796b1512764aeb6d6d6fa0fc7\"},\"description\":\"Puestos a escoger entre Francia y Estados Unidos, la mayor\u00eda de pa\u00edses europeos no tienen ninguna duda de cu\u00e1l es el aliado preferente\",\"breadcrumb\":{\"@id\":\"https:\/\/conversesacatalunya.cat\/es\/la-imposible-solucion-francesa-de-la-crisis-de-ucrania\/#breadcrumb\"},\"inLanguage\":\"es\",\"potentialAction\":[{\"@type\":\"ReadAction\",\"target\":[\"https:\/\/conversesacatalunya.cat\/es\/la-imposible-solucion-francesa-de-la-crisis-de-ucrania\/\"]}]},{\"@type\":\"ImageObject\",\"inLanguage\":\"es\",\"@id\":\"https:\/\/conversesacatalunya.cat\/es\/la-imposible-solucion-francesa-de-la-crisis-de-ucrania\/#primaryimage\",\"url\":\"https:\/\/conversesacatalunya.cat\/wp-content\/uploads\/2022\/02\/image.jpg.png\",\"contentUrl\":\"https:\/\/conversesacatalunya.cat\/wp-content\/uploads\/2022\/02\/image.jpg.png\",\"width\":885,\"height\":500,\"caption\":\"Fran\u00e7a R\u00fassia\"},{\"@type\":\"BreadcrumbList\",\"@id\":\"https:\/\/conversesacatalunya.cat\/es\/la-imposible-solucion-francesa-de-la-crisis-de-ucrania\/#breadcrumb\",\"itemListElement\":[{\"@type\":\"ListItem\",\"position\":1,\"name\":\"Inici\",\"item\":\"https:\/\/conversesacatalunya.cat\/es\/\"},{\"@type\":\"ListItem\",\"position\":2,\"name\":\"La imposible soluci\u00f3n francesa de la crisis de Ucrania\"}]},{\"@type\":\"WebSite\",\"@id\":\"https:\/\/conversesacatalunya.cat\/#website\",\"url\":\"https:\/\/conversesacatalunya.cat\/\",\"name\":\"Converses a Catalunya\",\"description\":\"\",\"potentialAction\":[{\"@type\":\"SearchAction\",\"target\":{\"@type\":\"EntryPoint\",\"urlTemplate\":\"https:\/\/conversesacatalunya.cat\/?s={search_term_string}\"},\"query-input\":{\"@type\":\"PropertyValueSpecification\",\"valueRequired\":true,\"valueName\":\"search_term_string\"}}],\"inLanguage\":\"es\"},{\"@type\":\"Person\",\"@id\":\"https:\/\/conversesacatalunya.cat\/#\/schema\/person\/c5a8ffe796b1512764aeb6d6d6fa0fc7\",\"name\":\"conversesacatalunya\",\"image\":{\"@type\":\"ImageObject\",\"inLanguage\":\"es\",\"@id\":\"https:\/\/conversesacatalunya.cat\/#\/schema\/person\/image\/\",\"url\":\"https:\/\/conversesacatalunya.cat\/wp-content\/litespeed\/avatar\/02659ee938034c59a151ae106ade943e.jpg?ver=1777051754\",\"contentUrl\":\"https:\/\/conversesacatalunya.cat\/wp-content\/litespeed\/avatar\/02659ee938034c59a151ae106ade943e.jpg?ver=1777051754\",\"caption\":\"conversesacatalunya\"},\"url\":\"https:\/\/conversesacatalunya.cat\/es\/author\/carles_lopez\/\"}]}<\/script>\n<!-- \/ Yoast SEO plugin. -->","yoast_head_json":{"title":"La imposible soluci\u00f3n francesa de la crisis de Ucrania - Converses a Catalunya","description":"Puestos a escoger entre Francia y Estados Unidos, la mayor\u00eda de pa\u00edses europeos no tienen ninguna duda de cu\u00e1l es el aliado preferente","robots":{"index":"index","follow":"follow","max-snippet":"max-snippet:-1","max-image-preview":"max-image-preview:large","max-video-preview":"max-video-preview:-1"},"canonical":"https:\/\/conversesacatalunya.cat\/es\/la-imposible-solucion-francesa-de-la-crisis-de-ucrania\/","og_locale":"es_ES","og_type":"article","og_title":"La imposible soluci\u00f3n francesa de la crisis de Ucrania - Converses a Catalunya","og_description":"Puestos a escoger entre Francia y Estados Unidos, la mayor\u00eda de pa\u00edses europeos no tienen ninguna duda de cu\u00e1l es el aliado preferente","og_url":"https:\/\/conversesacatalunya.cat\/es\/la-imposible-solucion-francesa-de-la-crisis-de-ucrania\/","og_site_name":"Converses a Catalunya","article_published_time":"2022-02-11T09:33:51+00:00","article_modified_time":"2022-02-11T09:45:07+00:00","og_image":[{"width":885,"height":500,"url":"https:\/\/conversesacatalunya.cat\/wp-content\/uploads\/2022\/02\/image.jpg.png","type":"image\/png"}],"author":"conversesacatalunya","twitter_card":"summary_large_image","twitter_misc":{"Escrito por":"conversesacatalunya","Tiempo de lectura":"2 minutos"},"schema":{"@context":"https:\/\/schema.org","@graph":[{"@type":"Article","@id":"https:\/\/conversesacatalunya.cat\/es\/la-imposible-solucion-francesa-de-la-crisis-de-ucrania\/#article","isPartOf":{"@id":"https:\/\/conversesacatalunya.cat\/es\/la-imposible-solucion-francesa-de-la-crisis-de-ucrania\/"},"author":{"name":"conversesacatalunya","@id":"https:\/\/conversesacatalunya.cat\/#\/schema\/person\/c5a8ffe796b1512764aeb6d6d6fa0fc7"},"headline":"La imposible soluci\u00f3n francesa de la crisis de Ucrania","datePublished":"2022-02-11T09:33:51+00:00","dateModified":"2022-02-11T09:45:07+00:00","mainEntityOfPage":{"@id":"https:\/\/conversesacatalunya.cat\/es\/la-imposible-solucion-francesa-de-la-crisis-de-ucrania\/"},"wordCount":738,"commentCount":0,"image":{"@id":"https:\/\/conversesacatalunya.cat\/es\/la-imposible-solucion-francesa-de-la-crisis-de-ucrania\/#primaryimage"},"thumbnailUrl":"https:\/\/conversesacatalunya.cat\/wp-content\/uploads\/2022\/02\/image.jpg.png","keywords":["Emmanuel Macron","Ucrania"],"articleSection":["Punts clau del dia (ES)"],"inLanguage":"es","potentialAction":[{"@type":"CommentAction","name":"Comment","target":["https:\/\/conversesacatalunya.cat\/es\/la-imposible-solucion-francesa-de-la-crisis-de-ucrania\/#respond"]}]},{"@type":"WebPage","@id":"https:\/\/conversesacatalunya.cat\/es\/la-imposible-solucion-francesa-de-la-crisis-de-ucrania\/","url":"https:\/\/conversesacatalunya.cat\/es\/la-imposible-solucion-francesa-de-la-crisis-de-ucrania\/","name":"La imposible soluci\u00f3n francesa de la crisis de Ucrania - Converses a Catalunya","isPartOf":{"@id":"https:\/\/conversesacatalunya.cat\/#website"},"primaryImageOfPage":{"@id":"https:\/\/conversesacatalunya.cat\/es\/la-imposible-solucion-francesa-de-la-crisis-de-ucrania\/#primaryimage"},"image":{"@id":"https:\/\/conversesacatalunya.cat\/es\/la-imposible-solucion-francesa-de-la-crisis-de-ucrania\/#primaryimage"},"thumbnailUrl":"https:\/\/conversesacatalunya.cat\/wp-content\/uploads\/2022\/02\/image.jpg.png","datePublished":"2022-02-11T09:33:51+00:00","dateModified":"2022-02-11T09:45:07+00:00","author":{"@id":"https:\/\/conversesacatalunya.cat\/#\/schema\/person\/c5a8ffe796b1512764aeb6d6d6fa0fc7"},"description":"Puestos a escoger entre Francia y Estados Unidos, la mayor\u00eda de pa\u00edses europeos no tienen ninguna duda de cu\u00e1l es el aliado preferente","breadcrumb":{"@id":"https:\/\/conversesacatalunya.cat\/es\/la-imposible-solucion-francesa-de-la-crisis-de-ucrania\/#breadcrumb"},"inLanguage":"es","potentialAction":[{"@type":"ReadAction","target":["https:\/\/conversesacatalunya.cat\/es\/la-imposible-solucion-francesa-de-la-crisis-de-ucrania\/"]}]},{"@type":"ImageObject","inLanguage":"es","@id":"https:\/\/conversesacatalunya.cat\/es\/la-imposible-solucion-francesa-de-la-crisis-de-ucrania\/#primaryimage","url":"https:\/\/conversesacatalunya.cat\/wp-content\/uploads\/2022\/02\/image.jpg.png","contentUrl":"https:\/\/conversesacatalunya.cat\/wp-content\/uploads\/2022\/02\/image.jpg.png","width":885,"height":500,"caption":"Fran\u00e7a R\u00fassia"},{"@type":"BreadcrumbList","@id":"https:\/\/conversesacatalunya.cat\/es\/la-imposible-solucion-francesa-de-la-crisis-de-ucrania\/#breadcrumb","itemListElement":[{"@type":"ListItem","position":1,"name":"Inici","item":"https:\/\/conversesacatalunya.cat\/es\/"},{"@type":"ListItem","position":2,"name":"La imposible soluci\u00f3n francesa de la crisis de Ucrania"}]},{"@type":"WebSite","@id":"https:\/\/conversesacatalunya.cat\/#website","url":"https:\/\/conversesacatalunya.cat\/","name":"Converses a Catalunya","description":"","potentialAction":[{"@type":"SearchAction","target":{"@type":"EntryPoint","urlTemplate":"https:\/\/conversesacatalunya.cat\/?s={search_term_string}"},"query-input":{"@type":"PropertyValueSpecification","valueRequired":true,"valueName":"search_term_string"}}],"inLanguage":"es"},{"@type":"Person","@id":"https:\/\/conversesacatalunya.cat\/#\/schema\/person\/c5a8ffe796b1512764aeb6d6d6fa0fc7","name":"conversesacatalunya","image":{"@type":"ImageObject","inLanguage":"es","@id":"https:\/\/conversesacatalunya.cat\/#\/schema\/person\/image\/","url":"https:\/\/conversesacatalunya.cat\/wp-content\/litespeed\/avatar\/02659ee938034c59a151ae106ade943e.jpg?ver=1777051754","contentUrl":"https:\/\/conversesacatalunya.cat\/wp-content\/litespeed\/avatar\/02659ee938034c59a151ae106ade943e.jpg?ver=1777051754","caption":"conversesacatalunya"},"url":"https:\/\/conversesacatalunya.cat\/es\/author\/carles_lopez\/"}]}},"wps_subtitle":"Puestos a escoger entre Francia y Estados Unidos, la mayor\u00eda de pa\u00edses europeos no tienen ninguna duda de cu\u00e1l es el aliado preferente","_links":{"self":[{"href":"https:\/\/conversesacatalunya.cat\/es\/wp-json\/wp\/v2\/posts\/54818","targetHints":{"allow":["GET"]}}],"collection":[{"href":"https:\/\/conversesacatalunya.cat\/es\/wp-json\/wp\/v2\/posts"}],"about":[{"href":"https:\/\/conversesacatalunya.cat\/es\/wp-json\/wp\/v2\/types\/post"}],"author":[{"embeddable":true,"href":"https:\/\/conversesacatalunya.cat\/es\/wp-json\/wp\/v2\/users\/67"}],"replies":[{"embeddable":true,"href":"https:\/\/conversesacatalunya.cat\/es\/wp-json\/wp\/v2\/comments?post=54818"}],"version-history":[{"count":3,"href":"https:\/\/conversesacatalunya.cat\/es\/wp-json\/wp\/v2\/posts\/54818\/revisions"}],"predecessor-version":[{"id":54821,"href":"https:\/\/conversesacatalunya.cat\/es\/wp-json\/wp\/v2\/posts\/54818\/revisions\/54821"}],"wp:featuredmedia":[{"embeddable":true,"href":"https:\/\/conversesacatalunya.cat\/es\/wp-json\/wp\/v2\/media\/54744"}],"wp:attachment":[{"href":"https:\/\/conversesacatalunya.cat\/es\/wp-json\/wp\/v2\/media?parent=54818"}],"wp:term":[{"taxonomy":"category","embeddable":true,"href":"https:\/\/conversesacatalunya.cat\/es\/wp-json\/wp\/v2\/categories?post=54818"},{"taxonomy":"post_tag","embeddable":true,"href":"https:\/\/conversesacatalunya.cat\/es\/wp-json\/wp\/v2\/tags?post=54818"}],"curies":[{"name":"wp","href":"https:\/\/api.w.org\/{rel}","templated":true}]}}