{"id":54791,"date":"2022-02-10T12:59:52","date_gmt":"2022-02-10T11:59:52","guid":{"rendered":"https:\/\/conversesacatalunya.cat\/ajuntament-de-barcelona-enxufar-la-familia-es-el-primer\/"},"modified":"2022-02-10T15:06:48","modified_gmt":"2022-02-10T14:06:48","slug":"ayuntamiento-de-barcelona-enchufar-la-familia-es-lo-primero","status":"publish","type":"post","link":"https:\/\/conversesacatalunya.cat\/es\/ayuntamiento-de-barcelona-enchufar-la-familia-es-lo-primero\/","title":{"rendered":"Ayuntamiento de Barcelona: &#8216;enchufar&#8217; a la familia es lo primero"},"content":{"rendered":"<p>El Comit\u00e9 de \u00c9tica y Conducta del Ayuntamiento de Barcelona ha censurado con un dur\u00edsimo informe el fichaje de\u00a0<strong>Al\u00edcia Ramos<\/strong> , pareja de la concejala de vivienda, Lucia Martin, como asesora de la alcaldesa, a la que ha reprendido por haber permitido una contrataci\u00f3n que pod\u00eda derivar en un \u00abconflicto de inter\u00e9s, real, potencial y aparente\u00bb<\/p>\n<p>Pero, aunque \u00e9ste ha sido el \u00faltimo caso conocido, no ha sido el \u00fanico:<\/p>\n<p>El primer fichaje pol\u00e9mico fue el de la propia pareja de Ada Colau,\u00a0<strong>Adri\u00e0 Alemany<\/strong>.\u00a0<span class=\"goog-text-highlight\">Desde la oposici\u00f3n recuerdan que \u201cera \u00e9l quien cortaba el bacalao en las reuniones y negociaciones con el resto de grupos.\u00a0<\/span>Nada estaba decidido hasta que \u00e9l daba el visto bueno\u201d.\u00a0Pero, visto el esc\u00e1ndalo que pod\u00eda provocar, finalmente decidieron integrarlo en el partido.<\/p>\n<p>Tras Alemany, le siguieron: <strong>Vanesa Vali\u00f1o<\/strong>, como jefe de gabinete de la Consejer\u00eda de vivienda, pareja de Gerardo Pisarello.<\/p>\n<p><strong>Tatiana Guerrero<\/strong>, novia del concejal Eloi Badia.\u00a0Despu\u00e9s,\u00a0<strong>Carme Ribas<\/strong>, pareja del entonces comisionado de Cultura y hoy ministro de Universidades, Joan Subirats.\u00a0Tatiana Guerrero es ahora asesora de Derechos Sociales, sin ninguna experiencia previa.<\/p>\n<p>Otro caso, la\u00a0<strong>novia de la ex concejala Gala Pin<\/strong>, responsable del distrito de Ciutat Vella hasta el 2019. Y\u00a0<strong>Ga\u00eblle Su\u00f1er<\/strong>, pareja sentimental de Raimundo Viejo, uno de los primeros concejales, que dej\u00f3 el cargo para presentarse a las elecciones generales.<\/p>\n<p>Ada Colau tambi\u00e9n contrat\u00f3 a la cooperativa\u00a0<strong>Raons P\u00fabliques<\/strong>, de la que Su\u00f1er era fundadora, para externalizar proyectos de participaci\u00f3n ciudadana.<\/p>\n<p><span class=\"goog-text-highlight\">Y, finalmente, a\u00f1adir tambi\u00e9n, que familiares de altos cargos han tenido fuertes v\u00ednculos con el Ayuntamiento y han participado en multitud de actos organizados desde el consistorio, como\u00a0<\/span><strong><span class=\"goog-text-highlight\">Zaida Muix\u00ed<\/span><\/strong><span class=\"goog-text-highlight\">, arquitecta y pareja de entonces concejal de vivienda, Josep Maria Montaner.<\/span><\/p>\n<div id=\"polls-137\" class=\"wp-polls\">\n\t<form id=\"polls_form_137\" class=\"wp-polls-form\" action=\"\/index.php\" method=\"post\">\n\t\t<p style=\"display: none;\"><input type=\"hidden\" id=\"poll_137_nonce\" name=\"wp-polls-nonce\" value=\"65872683f8\" \/><\/p>\n\t\t<p style=\"display: none;\"><input type=\"hidden\" name=\"poll_id\" value=\"137\" \/><\/p>\n\t\t<p style=\"text-align: center\"><strong>Creus que hi haur\u00e0 una guerra a Europa per Ucra\u00efna?<\/strong><\/p><div id=\"polls-137-ans\" class=\"wp-polls-ans\"><ul class=\"wp-polls-ul\">\n\t\t<li><input type=\"radio\" id=\"poll-answer-347\" name=\"poll_137\" value=\"347\" \/> <label for=\"poll-answer-347\">S\u00ed<\/label><\/li>\n\t\t<li><input type=\"radio\" id=\"poll-answer-348\" name=\"poll_137\" value=\"348\" \/> <label for=\"poll-answer-348\">No<\/label><\/li>\n\t\t<li><input type=\"radio\" id=\"poll-answer-349\" name=\"poll_137\" value=\"349\" \/> <label for=\"poll-answer-349\">No ho s\u00e9<\/label><\/li>\n\t\t<\/ul><p style=\"text-align: center\"><input type=\"button\" name=\"vote\" value=\"   Vota   \" class=\"Buttons\" onclick=\"poll_vote(137);\" \/><\/p><p style=\"text-align: center\"><a href=\"#ViewPollResults\" onclick=\"poll_result(137); return false;\" title=\"View Results Of This Poll\">Mira els resultats<\/a><\/p><\/div>\n\t<\/form>\n<\/div>\n<div id=\"polls-137-loading\" class=\"wp-polls-loading\"><img decoding=\"async\" data-src=\"https:\/\/conversesacatalunya.cat\/wp-content\/plugins\/wp-polls\/images\/loading.gif\" width=\"16\" height=\"16\" alt=\"Cargando ...\" title=\"Cargando ...\" class=\"wp-polls-image lazyload\" src=\"data:image\/svg+xml;base64,PHN2ZyB3aWR0aD0iMSIgaGVpZ2h0PSIxIiB4bWxucz0iaHR0cDovL3d3dy53My5vcmcvMjAwMC9zdmciPjwvc3ZnPg==\" style=\"--smush-placeholder-width: 16px; --smush-placeholder-aspect-ratio: 16\/16;\" \/>&nbsp;Cargando ...<\/div>\n\n","protected":false},"excerpt":{"rendered":"<p>El Comit\u00e9 de \u00c9tica y Conducta del Ayuntamiento de Barcelona ha censurado con un dur\u00edsimo informe el fichaje de\u00a0Al\u00edcia Ramos , pareja de la concejala de vivienda, Lucia Martin, como asesora de la alcaldesa, a la que ha reprendido por haber permitido una contrataci\u00f3n que pod\u00eda derivar en un \u00abconflicto de inter\u00e9s, real, potencial y aparente\u00bb Pero, aunque \u00e9ste ha sido el \u00faltimo caso conocido, no ha sido el \u00fanico: El primer fichaje pol\u00e9mico fue el de la propia pareja de Ada Colau,\u00a0Adri\u00e0 Alemany.\u00a0Desde la oposici\u00f3n recuerdan que \u201cera \u00e9l quien cortaba el bacalao en las reuniones y negociaciones con el resto de grupos.\u00a0Nada estaba decidido hasta que \u00e9l daba el visto bueno\u201d.\u00a0Pero, visto el esc\u00e1ndalo que pod\u00eda provocar, finalmente decidieron integrarlo en el partido. Tras Alemany, le siguieron: Vanesa Vali\u00f1o, como jefe de gabinete de la Consejer\u00eda de vivienda, pareja de Gerardo Pisarello. Tatiana Guerrero, novia del concejal Eloi Badia.\u00a0Despu\u00e9s,\u00a0Carme Ribas, pareja del entonces comisionado de Cultura y hoy ministro de Universidades, Joan Subirats.\u00a0Tatiana Guerrero es ahora asesora de Derechos Sociales, sin ninguna experiencia previa. Otro caso, la\u00a0novia de la ex concejala Gala Pin, responsable del distrito de Ciutat Vella hasta el 2019. Y\u00a0Ga\u00eblle Su\u00f1er, pareja sentimental de Raimundo Viejo, uno de los primeros concejales, que dej\u00f3 el cargo para presentarse a las elecciones generales. Ada Colau tambi\u00e9n contrat\u00f3 a la cooperativa\u00a0Raons P\u00fabliques, de la que Su\u00f1er era fundadora, para externalizar proyectos de participaci\u00f3n ciudadana. Y, finalmente, a\u00f1adir tambi\u00e9n, que familiares de altos cargos han tenido fuertes v\u00ednculos con el Ayuntamiento y han participado en multitud de actos organizados desde el consistorio, como\u00a0Zaida Muix\u00ed, arquitecta y pareja de entonces concejal de vivienda, Josep Maria Montaner.<\/p>\n","protected":false},"author":2,"featured_media":54779,"comment_status":"open","ping_status":"open","sticky":false,"template":"","format":"standard","meta":{"_FSMCFIC_featured_image_caption":"","_FSMCFIC_featured_image_nocaption":"","_FSMCFIC_featured_image_hide":"","footnotes":""},"categories":[3787,806],"tags":[833],"class_list":["post-54791","post","type-post","status-publish","format-standard","has-post-thumbnail","hentry","category-expedient-barcelona-es","category-punts-claus-del-dia-es","tag-ada-colau-es"],"yoast_head":"<!-- This site is optimized with the Yoast SEO plugin v26.8 - https:\/\/yoast.com\/product\/yoast-seo-wordpress\/ -->\n<title>Ayuntamiento de Barcelona: &#039;enchufar&#039; a la familia es lo primero - Converses a Catalunya<\/title>\n<meta name=\"robots\" content=\"index, follow, max-snippet:-1, max-image-preview:large, max-video-preview:-1\" \/>\n<link rel=\"canonical\" href=\"https:\/\/conversesacatalunya.cat\/es\/ayuntamiento-de-barcelona-enchufar-la-familia-es-lo-primero\/\" \/>\n<meta property=\"og:locale\" content=\"es_ES\" \/>\n<meta property=\"og:type\" content=\"article\" \/>\n<meta property=\"og:title\" content=\"Ayuntamiento de Barcelona: &#039;enchufar&#039; a la familia es lo primero - Converses a Catalunya\" \/>\n<meta property=\"og:description\" content=\"El Comit\u00e9 de \u00c9tica y Conducta del Ayuntamiento de Barcelona ha censurado con un dur\u00edsimo informe el fichaje de\u00a0Al\u00edcia Ramos , pareja de la concejala de vivienda, Lucia Martin, como asesora de la alcaldesa, a la que ha reprendido por haber permitido una contrataci\u00f3n que pod\u00eda derivar en un \u00abconflicto de inter\u00e9s, real, potencial y aparente\u00bb Pero, aunque \u00e9ste ha sido el \u00faltimo caso conocido, no ha sido el \u00fanico: El primer fichaje pol\u00e9mico fue el de la propia pareja de Ada Colau,\u00a0Adri\u00e0 Alemany.\u00a0Desde la oposici\u00f3n recuerdan que \u201cera \u00e9l quien cortaba el bacalao en las reuniones y negociaciones con el resto de grupos.\u00a0Nada estaba decidido hasta que \u00e9l daba el visto bueno\u201d.\u00a0Pero, visto el esc\u00e1ndalo que pod\u00eda provocar, finalmente decidieron integrarlo en el partido. Tras Alemany, le siguieron: Vanesa Vali\u00f1o, como jefe de gabinete de la Consejer\u00eda de vivienda, pareja de Gerardo Pisarello. Tatiana Guerrero, novia del concejal Eloi Badia.\u00a0Despu\u00e9s,\u00a0Carme Ribas, pareja del entonces comisionado de Cultura y hoy ministro de Universidades, Joan Subirats.\u00a0Tatiana Guerrero es ahora asesora de Derechos Sociales, sin ninguna experiencia previa. Otro caso, la\u00a0novia de la ex concejala Gala Pin, responsable del distrito de Ciutat Vella hasta el 2019. Y\u00a0Ga\u00eblle Su\u00f1er, pareja sentimental de Raimundo Viejo, uno de los primeros concejales, que dej\u00f3 el cargo para presentarse a las elecciones generales. Ada Colau tambi\u00e9n contrat\u00f3 a la cooperativa\u00a0Raons P\u00fabliques, de la que Su\u00f1er era fundadora, para externalizar proyectos de participaci\u00f3n ciudadana. Y, finalmente, a\u00f1adir tambi\u00e9n, que familiares de altos cargos han tenido fuertes v\u00ednculos con el Ayuntamiento y han participado en multitud de actos organizados desde el consistorio, como\u00a0Zaida Muix\u00ed, arquitecta y pareja de entonces concejal de vivienda, Josep Maria Montaner.\" \/>\n<meta property=\"og:url\" content=\"https:\/\/conversesacatalunya.cat\/es\/ayuntamiento-de-barcelona-enchufar-la-familia-es-lo-primero\/\" \/>\n<meta property=\"og:site_name\" content=\"Converses a Catalunya\" \/>\n<meta property=\"article:published_time\" content=\"2022-02-10T11:59:52+00:00\" \/>\n<meta property=\"article:modified_time\" content=\"2022-02-10T14:06:48+00:00\" \/>\n<meta property=\"og:image\" content=\"https:\/\/conversesacatalunya.cat\/wp-content\/uploads\/2022\/02\/colau-lucia-martin-enchufa.jpeg\" \/>\n\t<meta property=\"og:image:width\" content=\"1200\" \/>\n\t<meta property=\"og:image:height\" content=\"634\" \/>\n\t<meta property=\"og:image:type\" content=\"image\/jpeg\" \/>\n<meta name=\"author\" content=\"conversesacatalunya\" \/>\n<meta name=\"twitter:card\" content=\"summary_large_image\" \/>\n<meta name=\"twitter:label1\" content=\"Escrito por\" \/>\n\t<meta name=\"twitter:data1\" content=\"conversesacatalunya\" \/>\n\t<meta name=\"twitter:label2\" content=\"Tiempo de lectura\" \/>\n\t<meta name=\"twitter:data2\" content=\"2 minutos\" \/>\n<script type=\"application\/ld+json\" class=\"yoast-schema-graph\">{\"@context\":\"https:\/\/schema.org\",\"@graph\":[{\"@type\":\"Article\",\"@id\":\"https:\/\/conversesacatalunya.cat\/es\/ayuntamiento-de-barcelona-enchufar-la-familia-es-lo-primero\/#article\",\"isPartOf\":{\"@id\":\"https:\/\/conversesacatalunya.cat\/es\/ayuntamiento-de-barcelona-enchufar-la-familia-es-lo-primero\/\"},\"author\":{\"name\":\"conversesacatalunya\",\"@id\":\"https:\/\/conversesacatalunya.cat\/#\/schema\/person\/7e24d1e54a2785373ddcb275eae5ed99\"},\"headline\":\"Ayuntamiento de Barcelona: &#8216;enchufar&#8217; a la familia es lo primero\",\"datePublished\":\"2022-02-10T11:59:52+00:00\",\"dateModified\":\"2022-02-10T14:06:48+00:00\",\"mainEntityOfPage\":{\"@id\":\"https:\/\/conversesacatalunya.cat\/es\/ayuntamiento-de-barcelona-enchufar-la-familia-es-lo-primero\/\"},\"wordCount\":319,\"commentCount\":0,\"image\":{\"@id\":\"https:\/\/conversesacatalunya.cat\/es\/ayuntamiento-de-barcelona-enchufar-la-familia-es-lo-primero\/#primaryimage\"},\"thumbnailUrl\":\"https:\/\/conversesacatalunya.cat\/wp-content\/uploads\/2022\/02\/colau-lucia-martin-enchufa.jpeg\",\"keywords\":[\"Ada Colau\"],\"articleSection\":[\"Expedient Barcelona (ES)\",\"Punts clau del dia (ES)\"],\"inLanguage\":\"es\",\"potentialAction\":[{\"@type\":\"CommentAction\",\"name\":\"Comment\",\"target\":[\"https:\/\/conversesacatalunya.cat\/es\/ayuntamiento-de-barcelona-enchufar-la-familia-es-lo-primero\/#respond\"]}]},{\"@type\":\"WebPage\",\"@id\":\"https:\/\/conversesacatalunya.cat\/es\/ayuntamiento-de-barcelona-enchufar-la-familia-es-lo-primero\/\",\"url\":\"https:\/\/conversesacatalunya.cat\/es\/ayuntamiento-de-barcelona-enchufar-la-familia-es-lo-primero\/\",\"name\":\"Ayuntamiento de Barcelona: 'enchufar' a la familia es lo primero - Converses a Catalunya\",\"isPartOf\":{\"@id\":\"https:\/\/conversesacatalunya.cat\/#website\"},\"primaryImageOfPage\":{\"@id\":\"https:\/\/conversesacatalunya.cat\/es\/ayuntamiento-de-barcelona-enchufar-la-familia-es-lo-primero\/#primaryimage\"},\"image\":{\"@id\":\"https:\/\/conversesacatalunya.cat\/es\/ayuntamiento-de-barcelona-enchufar-la-familia-es-lo-primero\/#primaryimage\"},\"thumbnailUrl\":\"https:\/\/conversesacatalunya.cat\/wp-content\/uploads\/2022\/02\/colau-lucia-martin-enchufa.jpeg\",\"datePublished\":\"2022-02-10T11:59:52+00:00\",\"dateModified\":\"2022-02-10T14:06:48+00:00\",\"author\":{\"@id\":\"https:\/\/conversesacatalunya.cat\/#\/schema\/person\/7e24d1e54a2785373ddcb275eae5ed99\"},\"breadcrumb\":{\"@id\":\"https:\/\/conversesacatalunya.cat\/es\/ayuntamiento-de-barcelona-enchufar-la-familia-es-lo-primero\/#breadcrumb\"},\"inLanguage\":\"es\",\"potentialAction\":[{\"@type\":\"ReadAction\",\"target\":[\"https:\/\/conversesacatalunya.cat\/es\/ayuntamiento-de-barcelona-enchufar-la-familia-es-lo-primero\/\"]}]},{\"@type\":\"ImageObject\",\"inLanguage\":\"es\",\"@id\":\"https:\/\/conversesacatalunya.cat\/es\/ayuntamiento-de-barcelona-enchufar-la-familia-es-lo-primero\/#primaryimage\",\"url\":\"https:\/\/conversesacatalunya.cat\/wp-content\/uploads\/2022\/02\/colau-lucia-martin-enchufa.jpeg\",\"contentUrl\":\"https:\/\/conversesacatalunya.cat\/wp-content\/uploads\/2022\/02\/colau-lucia-martin-enchufa.jpeg\",\"width\":1200,\"height\":634},{\"@type\":\"BreadcrumbList\",\"@id\":\"https:\/\/conversesacatalunya.cat\/es\/ayuntamiento-de-barcelona-enchufar-la-familia-es-lo-primero\/#breadcrumb\",\"itemListElement\":[{\"@type\":\"ListItem\",\"position\":1,\"name\":\"Inici\",\"item\":\"https:\/\/conversesacatalunya.cat\/es\/\"},{\"@type\":\"ListItem\",\"position\":2,\"name\":\"Ayuntamiento de Barcelona: &#8216;enchufar&#8217; a la familia es lo primero\"}]},{\"@type\":\"WebSite\",\"@id\":\"https:\/\/conversesacatalunya.cat\/#website\",\"url\":\"https:\/\/conversesacatalunya.cat\/\",\"name\":\"Converses a Catalunya\",\"description\":\"\",\"potentialAction\":[{\"@type\":\"SearchAction\",\"target\":{\"@type\":\"EntryPoint\",\"urlTemplate\":\"https:\/\/conversesacatalunya.cat\/?s={search_term_string}\"},\"query-input\":{\"@type\":\"PropertyValueSpecification\",\"valueRequired\":true,\"valueName\":\"search_term_string\"}}],\"inLanguage\":\"es\"},{\"@type\":\"Person\",\"@id\":\"https:\/\/conversesacatalunya.cat\/#\/schema\/person\/7e24d1e54a2785373ddcb275eae5ed99\",\"name\":\"conversesacatalunya\",\"image\":{\"@type\":\"ImageObject\",\"inLanguage\":\"es\",\"@id\":\"https:\/\/conversesacatalunya.cat\/#\/schema\/person\/image\/\",\"url\":\"https:\/\/conversesacatalunya.cat\/wp-content\/litespeed\/avatar\/febdfeeec89d950f01c748045a981dd2.jpg?ver=1777314535\",\"contentUrl\":\"https:\/\/conversesacatalunya.cat\/wp-content\/litespeed\/avatar\/febdfeeec89d950f01c748045a981dd2.jpg?ver=1777314535\",\"caption\":\"conversesacatalunya\"},\"url\":\"https:\/\/conversesacatalunya.cat\/es\/author\/carme_catala\/\"}]}<\/script>\n<!-- \/ Yoast SEO plugin. -->","yoast_head_json":{"title":"Ayuntamiento de Barcelona: 'enchufar' a la familia es lo primero - Converses a Catalunya","robots":{"index":"index","follow":"follow","max-snippet":"max-snippet:-1","max-image-preview":"max-image-preview:large","max-video-preview":"max-video-preview:-1"},"canonical":"https:\/\/conversesacatalunya.cat\/es\/ayuntamiento-de-barcelona-enchufar-la-familia-es-lo-primero\/","og_locale":"es_ES","og_type":"article","og_title":"Ayuntamiento de Barcelona: 'enchufar' a la familia es lo primero - Converses a Catalunya","og_description":"El Comit\u00e9 de \u00c9tica y Conducta del Ayuntamiento de Barcelona ha censurado con un dur\u00edsimo informe el fichaje de\u00a0Al\u00edcia Ramos , pareja de la concejala de vivienda, Lucia Martin, como asesora de la alcaldesa, a la que ha reprendido por haber permitido una contrataci\u00f3n que pod\u00eda derivar en un \u00abconflicto de inter\u00e9s, real, potencial y aparente\u00bb Pero, aunque \u00e9ste ha sido el \u00faltimo caso conocido, no ha sido el \u00fanico: El primer fichaje pol\u00e9mico fue el de la propia pareja de Ada Colau,\u00a0Adri\u00e0 Alemany.\u00a0Desde la oposici\u00f3n recuerdan que \u201cera \u00e9l quien cortaba el bacalao en las reuniones y negociaciones con el resto de grupos.\u00a0Nada estaba decidido hasta que \u00e9l daba el visto bueno\u201d.\u00a0Pero, visto el esc\u00e1ndalo que pod\u00eda provocar, finalmente decidieron integrarlo en el partido. Tras Alemany, le siguieron: Vanesa Vali\u00f1o, como jefe de gabinete de la Consejer\u00eda de vivienda, pareja de Gerardo Pisarello. Tatiana Guerrero, novia del concejal Eloi Badia.\u00a0Despu\u00e9s,\u00a0Carme Ribas, pareja del entonces comisionado de Cultura y hoy ministro de Universidades, Joan Subirats.\u00a0Tatiana Guerrero es ahora asesora de Derechos Sociales, sin ninguna experiencia previa. Otro caso, la\u00a0novia de la ex concejala Gala Pin, responsable del distrito de Ciutat Vella hasta el 2019. Y\u00a0Ga\u00eblle Su\u00f1er, pareja sentimental de Raimundo Viejo, uno de los primeros concejales, que dej\u00f3 el cargo para presentarse a las elecciones generales. Ada Colau tambi\u00e9n contrat\u00f3 a la cooperativa\u00a0Raons P\u00fabliques, de la que Su\u00f1er era fundadora, para externalizar proyectos de participaci\u00f3n ciudadana. Y, finalmente, a\u00f1adir tambi\u00e9n, que familiares de altos cargos han tenido fuertes v\u00ednculos con el Ayuntamiento y han participado en multitud de actos organizados desde el consistorio, como\u00a0Zaida Muix\u00ed, arquitecta y pareja de entonces concejal de vivienda, Josep Maria Montaner.","og_url":"https:\/\/conversesacatalunya.cat\/es\/ayuntamiento-de-barcelona-enchufar-la-familia-es-lo-primero\/","og_site_name":"Converses a Catalunya","article_published_time":"2022-02-10T11:59:52+00:00","article_modified_time":"2022-02-10T14:06:48+00:00","og_image":[{"width":1200,"height":634,"url":"https:\/\/conversesacatalunya.cat\/wp-content\/uploads\/2022\/02\/colau-lucia-martin-enchufa.jpeg","type":"image\/jpeg"}],"author":"conversesacatalunya","twitter_card":"summary_large_image","twitter_misc":{"Escrito por":"conversesacatalunya","Tiempo de lectura":"2 minutos"},"schema":{"@context":"https:\/\/schema.org","@graph":[{"@type":"Article","@id":"https:\/\/conversesacatalunya.cat\/es\/ayuntamiento-de-barcelona-enchufar-la-familia-es-lo-primero\/#article","isPartOf":{"@id":"https:\/\/conversesacatalunya.cat\/es\/ayuntamiento-de-barcelona-enchufar-la-familia-es-lo-primero\/"},"author":{"name":"conversesacatalunya","@id":"https:\/\/conversesacatalunya.cat\/#\/schema\/person\/7e24d1e54a2785373ddcb275eae5ed99"},"headline":"Ayuntamiento de Barcelona: &#8216;enchufar&#8217; a la familia es lo primero","datePublished":"2022-02-10T11:59:52+00:00","dateModified":"2022-02-10T14:06:48+00:00","mainEntityOfPage":{"@id":"https:\/\/conversesacatalunya.cat\/es\/ayuntamiento-de-barcelona-enchufar-la-familia-es-lo-primero\/"},"wordCount":319,"commentCount":0,"image":{"@id":"https:\/\/conversesacatalunya.cat\/es\/ayuntamiento-de-barcelona-enchufar-la-familia-es-lo-primero\/#primaryimage"},"thumbnailUrl":"https:\/\/conversesacatalunya.cat\/wp-content\/uploads\/2022\/02\/colau-lucia-martin-enchufa.jpeg","keywords":["Ada Colau"],"articleSection":["Expedient Barcelona (ES)","Punts clau del dia (ES)"],"inLanguage":"es","potentialAction":[{"@type":"CommentAction","name":"Comment","target":["https:\/\/conversesacatalunya.cat\/es\/ayuntamiento-de-barcelona-enchufar-la-familia-es-lo-primero\/#respond"]}]},{"@type":"WebPage","@id":"https:\/\/conversesacatalunya.cat\/es\/ayuntamiento-de-barcelona-enchufar-la-familia-es-lo-primero\/","url":"https:\/\/conversesacatalunya.cat\/es\/ayuntamiento-de-barcelona-enchufar-la-familia-es-lo-primero\/","name":"Ayuntamiento de Barcelona: 'enchufar' a la familia es lo primero - Converses a Catalunya","isPartOf":{"@id":"https:\/\/conversesacatalunya.cat\/#website"},"primaryImageOfPage":{"@id":"https:\/\/conversesacatalunya.cat\/es\/ayuntamiento-de-barcelona-enchufar-la-familia-es-lo-primero\/#primaryimage"},"image":{"@id":"https:\/\/conversesacatalunya.cat\/es\/ayuntamiento-de-barcelona-enchufar-la-familia-es-lo-primero\/#primaryimage"},"thumbnailUrl":"https:\/\/conversesacatalunya.cat\/wp-content\/uploads\/2022\/02\/colau-lucia-martin-enchufa.jpeg","datePublished":"2022-02-10T11:59:52+00:00","dateModified":"2022-02-10T14:06:48+00:00","author":{"@id":"https:\/\/conversesacatalunya.cat\/#\/schema\/person\/7e24d1e54a2785373ddcb275eae5ed99"},"breadcrumb":{"@id":"https:\/\/conversesacatalunya.cat\/es\/ayuntamiento-de-barcelona-enchufar-la-familia-es-lo-primero\/#breadcrumb"},"inLanguage":"es","potentialAction":[{"@type":"ReadAction","target":["https:\/\/conversesacatalunya.cat\/es\/ayuntamiento-de-barcelona-enchufar-la-familia-es-lo-primero\/"]}]},{"@type":"ImageObject","inLanguage":"es","@id":"https:\/\/conversesacatalunya.cat\/es\/ayuntamiento-de-barcelona-enchufar-la-familia-es-lo-primero\/#primaryimage","url":"https:\/\/conversesacatalunya.cat\/wp-content\/uploads\/2022\/02\/colau-lucia-martin-enchufa.jpeg","contentUrl":"https:\/\/conversesacatalunya.cat\/wp-content\/uploads\/2022\/02\/colau-lucia-martin-enchufa.jpeg","width":1200,"height":634},{"@type":"BreadcrumbList","@id":"https:\/\/conversesacatalunya.cat\/es\/ayuntamiento-de-barcelona-enchufar-la-familia-es-lo-primero\/#breadcrumb","itemListElement":[{"@type":"ListItem","position":1,"name":"Inici","item":"https:\/\/conversesacatalunya.cat\/es\/"},{"@type":"ListItem","position":2,"name":"Ayuntamiento de Barcelona: &#8216;enchufar&#8217; a la familia es lo primero"}]},{"@type":"WebSite","@id":"https:\/\/conversesacatalunya.cat\/#website","url":"https:\/\/conversesacatalunya.cat\/","name":"Converses a Catalunya","description":"","potentialAction":[{"@type":"SearchAction","target":{"@type":"EntryPoint","urlTemplate":"https:\/\/conversesacatalunya.cat\/?s={search_term_string}"},"query-input":{"@type":"PropertyValueSpecification","valueRequired":true,"valueName":"search_term_string"}}],"inLanguage":"es"},{"@type":"Person","@id":"https:\/\/conversesacatalunya.cat\/#\/schema\/person\/7e24d1e54a2785373ddcb275eae5ed99","name":"conversesacatalunya","image":{"@type":"ImageObject","inLanguage":"es","@id":"https:\/\/conversesacatalunya.cat\/#\/schema\/person\/image\/","url":"https:\/\/conversesacatalunya.cat\/wp-content\/litespeed\/avatar\/febdfeeec89d950f01c748045a981dd2.jpg?ver=1777314535","contentUrl":"https:\/\/conversesacatalunya.cat\/wp-content\/litespeed\/avatar\/febdfeeec89d950f01c748045a981dd2.jpg?ver=1777314535","caption":"conversesacatalunya"},"url":"https:\/\/conversesacatalunya.cat\/es\/author\/carme_catala\/"}]}},"wps_subtitle":"","_links":{"self":[{"href":"https:\/\/conversesacatalunya.cat\/es\/wp-json\/wp\/v2\/posts\/54791","targetHints":{"allow":["GET"]}}],"collection":[{"href":"https:\/\/conversesacatalunya.cat\/es\/wp-json\/wp\/v2\/posts"}],"about":[{"href":"https:\/\/conversesacatalunya.cat\/es\/wp-json\/wp\/v2\/types\/post"}],"author":[{"embeddable":true,"href":"https:\/\/conversesacatalunya.cat\/es\/wp-json\/wp\/v2\/users\/2"}],"replies":[{"embeddable":true,"href":"https:\/\/conversesacatalunya.cat\/es\/wp-json\/wp\/v2\/comments?post=54791"}],"version-history":[{"count":3,"href":"https:\/\/conversesacatalunya.cat\/es\/wp-json\/wp\/v2\/posts\/54791\/revisions"}],"predecessor-version":[{"id":54794,"href":"https:\/\/conversesacatalunya.cat\/es\/wp-json\/wp\/v2\/posts\/54791\/revisions\/54794"}],"wp:featuredmedia":[{"embeddable":true,"href":"https:\/\/conversesacatalunya.cat\/es\/wp-json\/wp\/v2\/media\/54779"}],"wp:attachment":[{"href":"https:\/\/conversesacatalunya.cat\/es\/wp-json\/wp\/v2\/media?parent=54791"}],"wp:term":[{"taxonomy":"category","embeddable":true,"href":"https:\/\/conversesacatalunya.cat\/es\/wp-json\/wp\/v2\/categories?post=54791"},{"taxonomy":"post_tag","embeddable":true,"href":"https:\/\/conversesacatalunya.cat\/es\/wp-json\/wp\/v2\/tags?post=54791"}],"curies":[{"name":"wp","href":"https:\/\/api.w.org\/{rel}","templated":true}]}}