{"id":54753,"date":"2022-02-10T13:15:52","date_gmt":"2022-02-10T12:15:52","guid":{"rendered":"https:\/\/conversesacatalunya.cat\/?p=54753"},"modified":"2024-01-22T14:11:58","modified_gmt":"2024-01-22T13:11:58","slug":"eurovision-television-publica-y-democracia-participativa","status":"publish","type":"post","link":"https:\/\/conversesacatalunya.cat\/es\/eurovision-television-publica-y-democracia-participativa\/","title":{"rendered":"Eurovisi\u00f3n, televisi\u00f3n p\u00fablica y democracia participativa*"},"content":{"rendered":"<p>Hay dos o tres de normas b\u00e1sicas en comunicaci\u00f3n pol\u00edtica que un gobierno democr\u00e1tico deber\u00eda tener en cuenta cuando plantea a los ciudadanos una consulta participativa para decidir alg\u00fan tema trascendente:<\/p>\n<p>1.- Si tienes inter\u00e9s especial en que prospere una de las opciones planteadas, incentiva la participaci\u00f3n, plantea la pregunta de manera de favorezca tus intereses y haz campa\u00f1a claramente a favor de tu posicionamiento.<\/p>\n<p><strong>Es perfectamente leg\u00edtimo que el gobierno tenga un posicionamiento pol\u00edtico sobre la cuesti\u00f3n, pero prefiera contar con el aval popular por el motivo que sea<\/strong>: por la controversia que pueda generar el tema sometido a votaci\u00f3n, para conseguir m\u00e1s consenso o para permitir la participaci\u00f3n de los ciudadanos en las decisiones importantes.<\/p>\n<p>Y sea cual sea el resultado, ac\u00e9ptalo sin ning\u00fan reproche y agradece a los votantes su colaboraci\u00f3n. El resumen de esta regla es: \u201cno convoques un refer\u00e9ndum para perderlo\u201d, pero si lo pierdes, ac\u00e9ptalo con deportividad.<\/p>\n<p>2.- Si no est\u00e1s dispuesto a aceptar el resultado y solo aceptas la posibilidad de que gane la opci\u00f3n por la que t\u00fa has apostado, no convoques una consulta. Nadie te obliga. Un gobierno democr\u00e1tico tiene toda la legitimidad democr\u00e1tica para tomar decisiones, si es preciso avalado por las mayor\u00edas parlamentarias necesarias cuando exijan cambios legislativos, sin necesidad de convocar consultas a los ciudadanos sobre los temas conflictivos para delegar en ellos la responsabilidad por miedo a tomar una decisi\u00f3n arriesgada.<\/p>\n<p><strong>Si se equivocan, los votantes ya les castigar\u00e1n cuando llegue el momento de renovar el mandato en las urnas.<\/strong><\/p>\n<p>3.- En la democracia del siglo XXI, con la presi\u00f3n y la potencia de las redes sociales y del mundo digital, no hay lugar para consultas democr\u00e1ticas no vinculantes. No tiene ning\u00fan sentido plantear una consulta y si el resultado no es del agrado del gobierno, actuar en sentido contrario. Para eso, encarga una buena encuesta y ah\u00f3rrate el gasto y el esfuerzo.<\/p>\n<p>4.- Las garant\u00edas y la transparencia de la votaci\u00f3n tienen que ser intachables: desde el censo, las posibilidades de participaci\u00f3n telem\u00e1tica, las condiciones de igualdad para que todas las opciones planteadas tengan las mismas oportunidades de prosperar, aunque el partido que apoya al Gobierno haga campa\u00f1a (o no) por alguna de las opciones\u2026<\/p>\n<p><strong>No puede haber trampa ni cart\u00f3n, ni sombra de duda sobre lo que ha ocurrido.<\/strong><\/p>\n<p>Todos tenemos en la memoria, por ejemplo, el refer\u00e9ndum sobre la entrada de Espa\u00f1a en la OTAN de marzo de 1986, o el suced\u00e1neo de consulta del 1 de octubre de 2017 en Catalunya sobre la independencia. No es el lugar ni el momento para analizar lo ocurrido en aquellos dos casos, hay opiniones para todos los gustos.<\/p>\n<p>Pero en el caso de la selecci\u00f3n de la candidata para representar a RTVE (y por tanto a Espa\u00f1a) en el festival de Eurovisi\u00f3n de 2022, creo que la corporaci\u00f3n ha incumplido todas las normas anteriores: Es una l\u00e1stima, porque la idea de darle un impulso a Eurovisi\u00f3n era muy buena, pero el resultado ha sido un fracaso y ha generado un grave problema de reputaci\u00f3n para la CRTVE.<\/p>\n<p>Veamos:<\/p>\n<p>La CRTVE es una corporaci\u00f3n p\u00fablica sometida a control parlamentario y con un presupuesto procedente de manera \u00edntegra de ingresos p\u00fablicos (ya que no se permite la publicidad desde la reforma de 2010). Por tanto, debe cumplir una serie de objetivos de servicio p\u00fablico y actuar con total transparencia en toda su actividad. No es una televisi\u00f3n privada que se juega su dinero y su reputaci\u00f3n y que batalla por la audiencia para generar m\u00e1s ingresos publicitarios.<\/p>\n<p>Si decide (libremente) plantear unas bases para permitir la participaci\u00f3n del espectador en la elecci\u00f3n de la propuesta que represente a Espa\u00f1a en Eurovisi\u00f3n (y con ello generar mayores audiencias), tiene que hacerlo con total transparencia e igualdad de oportunidades para todas las opciones seleccionadas (ya hab\u00edan creado un filtro previo en esa preselecci\u00f3n <strong>para evitar que se presentaran candidatos \u201cfake\u201d como en su d\u00eda ocurri\u00f3 el Chikilicuatre<\/strong>).<\/p>\n<p>Si esas bases dejan en manos del jurado el 50% de la decisi\u00f3n final, hay que explicar muy bien c\u00f3mo se ha seleccionado el jurado, qu\u00e9 intereses y v\u00ednculos tienen con la industria discogr\u00e1fica o qu\u00e9 relaci\u00f3n mantienen con RTVE (en ese caso, era evidente en alguna de las personas seleccionadas) y si conocen o ha existido alguna relaci\u00f3n profesional con esos candidatos.<\/p>\n<p>En un jurado popular en el \u00e1mbito judicial, alguno de los miembros podr\u00eda haber sido perfectamente recusado por posible parcialidad por alguna de las partes del proceso. Y siguen sin explicar c\u00f3mo se llev\u00f3 a cabo esa selecci\u00f3n, qui\u00e9n los propuso y qui\u00e9n supervis\u00f3 y aprob\u00f3 el sistema dentro de RTVE.<\/p>\n<p>Tampoco se cumpli\u00f3 el requisito de garantizar las mismas condiciones de participaci\u00f3n para todas las propuestas. A los candidatos escogidos se les abon\u00f3 el alojamiento, el desplazamiento y algunos peque\u00f1os gastos de alquiler de instrumentos, as\u00ed como el asesoramiento t\u00e9cnico del equipo de RTVE y de Boomerang, la productora que colabor\u00f3 en la realizaci\u00f3n del Benidorm Fest.<\/p>\n<p><strong>El vestuario, la coreograf\u00eda, la puesta en escena, los recursos invertidos para cada actuaci\u00f3n, salieron del bolsillo de los participantes<\/strong>. Si alguno de ellos contaba con un equipo profesional detr\u00e1s, con una discogr\u00e1fica, con un contrato de representaci\u00f3n, con preparaci\u00f3n previa y core\u00f3grafos de nivel internacional y con un tema compuesto y producido por 5 personas de diferentes nacionalidades, entre los cuales el productor americano de alguno de los temas de Madonna, Black Eyed Peas o Britney Spears, es evidente que part\u00eda con ventaja ante los dem\u00e1s.<\/p>\n<p>Todo ello sin perjucio del talento y las extraordinarias caracter\u00edsticas como int\u00e9rprete y bailarina de la que <strong>finalmente result\u00f3 ganadora (Chanel)<\/strong> y de que su canci\u00f3n vaya a sonar en todas las radios, televisiones y plataformas digitales, gracias a la gran producci\u00f3n y al equipo que tiene detr\u00e1s, con una gran capacidad de promoci\u00f3n gracias a los jugosos acuerdos que mantienen las discogr\u00e1ficas con los medios de comunicaci\u00f3n de todo el mundo. Y va a generar muchos ingresos en forma de derechos de autor para los detentadores de los mismos (autores, productores, editores y probablemente tambi\u00e9n la discogr\u00e1fica). Se mueve mucho dinero ah\u00ed cuando te ven millones de personas en una retransmisi\u00f3n televisva. Ah\u00ed est\u00e1 el negocio.<\/p>\n<p>Esa era la opci\u00f3n ganadora que apoyaba RTVE. Y si lo niegan, creo que no est\u00e1n diciendo toda la verdad. Este negocio funciona as\u00ed. Y habr\u00eda sido perfectamente leg\u00edtimo proponer de manera directa (como otros a\u00f1os) esa candidata para ir a Eurovisi\u00f3n o contar simplemente con un jurado para su selecci\u00f3n. Pero en el momento en que introduces la participaci\u00f3n del p\u00fablico, aunque no sea decisoria, y quien lo plantea es un medio p\u00fablico y los candidatos no tienen las mismas oportunidades, se incumplen todas las normas que hemos planteado:<\/p>\n<p>1.-\u00a0 Has propuesto una consulta, ten\u00edas una opci\u00f3n favorita, has hecho campa\u00f1a sutil a su favor, pero has perdido claramente la votaci\u00f3n popular, aunque solo represente una parte de la decisi\u00f3n final. Si una de las candidatas recibe el 70% de los votos populares, la otra el 20% y la que ha resultado ganadora, tan solo el 4%, algo ha fallado. Has convocado un refer\u00e9ndum y lo has perdido (Ver cuadros adjuntos). Y no has sabido reaccionar al ver lo que ocurr\u00eda. Si te falla el plan original, pon en marcha un plan alternativo.<\/p>\n<p>2.- Si ten\u00edas una propuesta ganadora, y no estabas dispuesto a aceptar el resultado, no convoques una consulta, busca otra f\u00f3rmula y elige el candidato. No impliques a la gente para conseguir mayor audiencia y despu\u00e9s prescinde totalmente de su opini\u00f3n acogi\u00e9ndote a las bases y a un jurado que nadie sabe c\u00f3mo ha sido seleccionado y a qu\u00e9 intereses responde.<\/p>\n<p>3.- Si eres una instituci\u00f3n p\u00fablica, sufragada con el dinero de los ciudadanos, no les defraudes, no les enga\u00f1es y no les humilles diciendo que su opini\u00f3n es muy respetable, pero que el jurado sabe m\u00e1s y es normal que decida lo contrario. Esa canci\u00f3n va a representar a tu pa\u00eds y lo mejor que le puede pasar es tener un apoyo mayoritario del p\u00fablico, como claramente ocurri\u00f3 con Tanxugueiras y<a href=\"https:\/\/conversesacatalunya.cat\/es\/ay-mama\/\" target=\"_blank\" rel=\"noopener\"> Rigorberta Bandini<\/a>, y no con el tema de Chanel.<\/p>\n<p>4.- Mejora los sistemas de participaci\u00f3n de la gente (hubo muchos fallos t\u00e9cnicos a la hora de enviar llamadas y mensajes de voto a los candidatos) y explica claramente d\u00f3nde van a parar los ingresos obtenidos gracias a esas llamadas de pago y las condiciones de participaci\u00f3n de los candidatos para que todos tengan las mismas oportunidades.<\/p>\n<p><strong>Y una reflexi\u00f3n final.<\/strong> Si has generado un problema de reputaci\u00f3n y por tanto una situaci\u00f3n de crisis, elige un buen portavoz, que act\u00fae con transparencia, humildad y honestidad. Que reconozca los fallos y prometa mejorarlos y pida disculpas. Y sobre todo, que diga la verdad, o al menos, que no mienta. Y que no transmita prepotencia ni falta de credibilidad en sus intervenciones.<\/p>\n<p><strong>Hay que llevar a cabo una investigaci\u00f3n y llegar hasta el final, si es posible con la ayuda de expertos externos que le den fiabilidad.<\/strong><\/p>\n<p>S\u00e9 que el actual presidente de la CRTVE est\u00e1 por la labor y estoy totalmente convencido de que lo har\u00e1.<\/p>\n<p>Que nadie piense que este es un tema menor, porque no lo es. Est\u00e1 en juego la esencia del funcionamiento del sistema democr\u00e1tico, la participaci\u00f3n de la ciudadan\u00eda en las instituciones y la funci\u00f3n de una radiotelevisi\u00f3n p\u00fablica sufragada \u00edntegramente con recursos p\u00fablicos.<\/p>\n<ul>\n<li><strong><a href=\"https:\/\/www.epe.es\/es\/opinion\/20220203\/eurovision-television-publica-democracia-participativa-13187987\" target=\"_blank\" rel=\"noopener\" data-saferedirecturl=\"https:\/\/www.google.com\/url?q=https:\/\/www.epe.es\/es\/opinion\/20220203\/eurovision-television-publica-democracia-participativa-13187987&amp;source=gmail&amp;ust=1644576285948000&amp;usg=AOvVaw2Ak4xjRpY1i42v5PxvLKls\">Art\u00edculo<\/a>\u00a0publicado originalmente en EPE (EL PERI\u00d3DICO DE ESPA\u00d1A)<\/strong><\/li>\n<\/ul>\n<p><strong>RESULTADO TELEVOTO<\/strong><\/p>\n<p><strong>\u00a0<\/strong>70,75% Terra (Tanxugueiras)<\/p>\n<p>18,08%\u00a0 Ay Mam\u00e1 (Rigoberta)<\/p>\n<p>3,97%\u00a0 Slo Mo (Chanel)<\/p>\n<p>2,26%\u00a0 Calle De La Llorer\u00eda<\/p>\n<p>2,12%\u00a0 Raffaella<\/p>\n<p>1,04%\u00a0 Secreto De Agua<\/p>\n<p>1,01%\u00a0 Eco<\/p>\n<p>0,76%\u00a0 Qui\u00e9n Lo Dir\u00eda<\/p>\n<p>&nbsp;<\/p>\n<p><strong>RESULTADOS JURADO<\/strong><\/p>\n<p><img decoding=\"async\" class=\"CToWUd a6T lazyload\" tabindex=\"0\" data-src=\"https:\/\/ci3.googleusercontent.com\/proxy\/WRPCBqmzeWm_Z5WThaytTKjtf7soRf1mnsrw4y5MlPEplwkMNg3jcPa_HX-OT0ownMdl4JbnnBIONWKMgjJZw0X1ReZnZpv_4vz5oO8ZqYTbfn0joK4VGhMD3hp2qg7zM37nHRjwPCxiPktd=s0-d-e1-ft#https:\/\/www.cavecanemjmsilva.com\/wp-content\/uploads\/2022\/02\/Jurado-Eurovision-300x166.jpg\" alt=\"\" width=\"300\" height=\"166\" src=\"data:image\/svg+xml;base64,PHN2ZyB3aWR0aD0iMSIgaGVpZ2h0PSIxIiB4bWxucz0iaHR0cDovL3d3dy53My5vcmcvMjAwMC9zdmciPjwvc3ZnPg==\" style=\"--smush-placeholder-width: 300px; --smush-placeholder-aspect-ratio: 300\/166;\" \/><\/p>\n<p><strong>RESULTADOS OFICIALES RTVE<\/strong><\/p>\n<p><img fetchpriority=\"high\" decoding=\"async\" class=\"CToWUd a6T\" tabindex=\"0\" src=\"https:\/\/ci3.googleusercontent.com\/proxy\/iYfP5574aDaiQ3LPq2LmsXM35vY4SApi80cyUZXTiIaiEo1_H0drHD37gg-563rJLXi8clN8r2T1WElZ5YGJsuonMMg6AOweu1L-Uzc8ux33VQAgrVgQZj-VrutwBnkCaij4ncs7Vy6ggSQVK6rmUA=s0-d-e1-ft#https:\/\/www.cavecanemjmsilva.com\/wp-content\/uploads\/2022\/02\/Eurovision-resultados-300x212.jpg\" alt=\"\" width=\"300\" height=\"212\" \/><\/p>\n<p>De las llamadas y sms se registraron<strong>\u00a0192.000 votos\u00a0<\/strong>durante el tiempo de votaci\u00f3n durante la gala, en la que se colapsaron las l\u00edneas. Las llamadas y SMS se convirtieron en puntos y se repartieron proporcionalmente.\u00a0De todas, el\u00a0<strong>desglose del televoto<\/strong>\u00a0es el siguiente:<\/p>\n<ul>\n<li>Tanxugueiras recibi\u00f3 el 70,75% del total.<\/li>\n<li>Rigoberta Bandini tuvo un 18,08%.<\/li>\n<li>Chanel qued\u00f3 en tercer lugar con un 3,97% del total<\/li>\n<li>Varry Brava, un 2,26%<\/li>\n<li>Rayden obtuvo el\u00a02,12%<\/li>\n<li>Blanca Paloma, 1,04%<\/li>\n<li>Xeinn tuvo un 1,01%<\/li>\n<li>Gonzalo Hermida se llev\u00f3 el 0,66% de los votos de la audiencia.<\/li>\n<\/ul>\n<p>En cuanto al\u00a0<strong>jurado demosc\u00f3pico<\/strong>, formado por una muestra de\u00a0<strong>350 personas\u00a0<\/strong>que representan a la poblaci\u00f3n espa\u00f1ola, el sentido del voto fue el siguiente:<\/p>\n<ul>\n<li>Tanxugueiras: 2.658 puntos (14,59%)<\/li>\n<li>Chanel: 2.624 puntos (13,88%)<\/li>\n<li>Rigoberta Bandini: 2.555 (13,52%)<\/li>\n<li>Gonzalo Hermida: 2.385 (12,62%)<\/li>\n<li>Rayden: 2.300 (12,17%)<\/li>\n<li>Varry Brava: 2.152 (11,39%)<\/li>\n<li>Blanca Paloma: 2.063 (10,92%)<\/li>\n<li>Xeinn: 2.063 (10,92%)<\/li>\n<\/ul>\n<p>Por \u00faltimo, el\u00a0<a href=\"https:\/\/www.rtve.es\/television\/20220121\/jurado-benidorm-fest-myriam-benedited-natalia-calderon-marvin-dietmann\/2263181.shtml\" target=\"_blank\" rel=\"noopener\" data-saferedirecturl=\"https:\/\/www.google.com\/url?q=https:\/\/www.rtve.es\/television\/20220121\/jurado-benidorm-fest-myriam-benedited-natalia-calderon-marvin-dietmann\/2263181.shtml&amp;source=gmail&amp;ust=1644576285948000&amp;usg=AOvVaw0Geu_HaLwPUjVE7WMHfWl-\">jurado profesional<\/a>\u00a0-compuesto por Natalia Calder\u00f3n, Miryam Benidited, Estefan\u00eda Garc\u00eda, Felix Bergsson y Marvin Dietmann-\u00a0emiti\u00f3 sus puntos de la siguiente forma:<\/p>\n<p><strong>Jurado1<\/strong><\/p>\n<ul>\n<li>Rayden: 8<\/li>\n<li>Tanxugueiras: 10<\/li>\n<li>Varry Brava: 6<\/li>\n<li>Chanel: 7<\/li>\n<li>Rigoberta Bandini: 12<\/li>\n<li>Xeinn: 4<\/li>\n<li>Gonzalo Hermida: 2<\/li>\n<li>Blanca Paloma:5<\/li>\n<\/ul>\n<p><strong>Jurado 2<\/strong><\/p>\n<ul>\n<li>Rayden: 10<\/li>\n<li>Tanxugueiras: 7<\/li>\n<li>Varry Brava: 5<\/li>\n<li>Chanel: 12<\/li>\n<li>Rigoberta Bandini: 8<\/li>\n<li>Xeinn: 4<\/li>\n<li>Gonzalo Hermida: 2<\/li>\n<li>Blanca Paloma: 6<\/li>\n<\/ul>\n<p><strong>Jurado 3<\/strong><\/p>\n<ul>\n<li>Rayden: 7<\/li>\n<li>Tanxugueiras: 4<\/li>\n<li>Varry Brava: 5<\/li>\n<li>Chanel: 12<\/li>\n<li>Rigoberta Bandini: 6<\/li>\n<li>Xeinn: 10<\/li>\n<li>Gonzalo Hermida: 2<\/li>\n<li>Blanca Paloma: 8<\/li>\n<\/ul>\n<p><strong>Jurado 4<\/strong><\/p>\n<ul>\n<li>Rayden: 6<\/li>\n<li>Tanxugueiras: 7<\/li>\n<li>Varry Brava: 4<\/li>\n<li>Chanel: 8<\/li>\n<li>Rigoberta Bandini: 10<\/li>\n<li>Xeinn: 5<\/li>\n<li>Gonzalo Hermida: 2<\/li>\n<li>Blanca Paloma: 12<\/li>\n<\/ul>\n<p><strong>Jurado 5<\/strong><\/p>\n<ul>\n<li>Rayden: 6<\/li>\n<li>Tanxugueiras: 2<\/li>\n<li>Varry Brava: 5<\/li>\n<li>Chanel: 12<\/li>\n<li>Rigoberta Bandini: 10<\/li>\n<li>Xeinn: 7<\/li>\n<li>Gonzalo Hermida: 4<\/li>\n<li>Blanca Paloma: 8<\/li>\n<\/ul>\n<p>Como se public\u00f3 en la gala, la clasificaci\u00f3n final de los ocho finalistas seg\u00fan los expertos fue:<\/p>\n<ul>\n<li>Chanel: 51<\/li>\n<li>Rigoberta Bandini: 46<\/li>\n<li>Blanca Paloma: 39<\/li>\n<li>Rayden:37<\/li>\n<li>Tanxugueiras: 30<\/li>\n<li>Xeinn:30<\/li>\n<li>Varry Brava: 25<\/li>\n<li>Gonzalo Hermida: 12<\/li>\n<\/ul>\n","protected":false},"excerpt":{"rendered":"<p>Hay dos o tres de normas b\u00e1sicas en comunicaci\u00f3n pol\u00edtica que un gobierno democr\u00e1tico deber\u00eda tener en cuenta cuando plantea a los ciudadanos una consulta participativa para decidir alg\u00fan tema trascendente: 1.- Si tienes inter\u00e9s especial en que prospere una de las opciones planteadas, incentiva la participaci\u00f3n, plantea la pregunta de manera de favorezca tus intereses y haz campa\u00f1a claramente a favor de tu posicionamiento. Es perfectamente leg\u00edtimo que el gobierno tenga un posicionamiento pol\u00edtico sobre la cuesti\u00f3n, pero prefiera contar con el aval popular por el motivo que sea: por la controversia que pueda generar el tema sometido a votaci\u00f3n, para conseguir m\u00e1s consenso o para permitir la participaci\u00f3n de los ciudadanos en las decisiones importantes. Y sea cual sea el resultado, ac\u00e9ptalo sin ning\u00fan reproche y agradece a los votantes su colaboraci\u00f3n. El resumen de esta regla es: \u201cno convoques un refer\u00e9ndum para perderlo\u201d, pero si lo pierdes, ac\u00e9ptalo con deportividad. 2.- Si no est\u00e1s dispuesto a aceptar el resultado y solo aceptas la posibilidad de que gane la opci\u00f3n por la que t\u00fa has apostado, no convoques una consulta. Nadie te obliga. Un gobierno democr\u00e1tico tiene toda la legitimidad democr\u00e1tica para tomar decisiones, si es preciso avalado por las mayor\u00edas parlamentarias necesarias cuando exijan cambios legislativos, sin necesidad de convocar consultas a los ciudadanos sobre los temas conflictivos para delegar en ellos la responsabilidad por miedo a tomar una decisi\u00f3n arriesgada. Si se equivocan, los votantes ya les castigar\u00e1n cuando llegue el momento de renovar el mandato en las urnas. 3.- En la democracia del siglo XXI, con la presi\u00f3n y la potencia de las redes sociales y del mundo digital, no hay lugar para consultas democr\u00e1ticas no vinculantes. No tiene ning\u00fan sentido plantear una consulta y si el resultado no es del agrado del gobierno, actuar en sentido contrario. Para eso, encarga una buena encuesta y ah\u00f3rrate el gasto y el esfuerzo. 4.- Las garant\u00edas y la transparencia de la votaci\u00f3n tienen que ser intachables: desde el censo, las posibilidades de participaci\u00f3n telem\u00e1tica, las condiciones de igualdad para que todas las opciones planteadas tengan las mismas oportunidades de prosperar, aunque el partido que apoya al Gobierno haga campa\u00f1a (o no) por alguna de las opciones\u2026 No puede haber trampa ni cart\u00f3n, ni sombra de duda sobre lo que ha ocurrido. Todos tenemos en la memoria, por ejemplo, el refer\u00e9ndum sobre la entrada de Espa\u00f1a en la OTAN de marzo de 1986, o el suced\u00e1neo de consulta del 1 de octubre de 2017 en Catalunya sobre la independencia. No es el lugar ni el momento para analizar lo ocurrido en aquellos dos casos, hay opiniones para todos los gustos. Pero en el caso de la selecci\u00f3n de la candidata para representar a RTVE (y por tanto a Espa\u00f1a) en el festival de Eurovisi\u00f3n de 2022, creo que la corporaci\u00f3n ha incumplido todas las normas anteriores: Es una l\u00e1stima, porque la idea de darle un impulso a Eurovisi\u00f3n era muy buena, pero el resultado ha sido un fracaso y ha generado un grave problema de reputaci\u00f3n para la CRTVE. Veamos: La CRTVE es una corporaci\u00f3n p\u00fablica sometida a control parlamentario y con un presupuesto procedente de manera \u00edntegra de ingresos p\u00fablicos (ya que no se permite la publicidad desde la reforma de 2010). Por tanto, debe cumplir una serie de objetivos de servicio p\u00fablico y actuar con total transparencia en toda su actividad. No es una televisi\u00f3n privada que se juega su dinero y su reputaci\u00f3n y que batalla por la audiencia para generar m\u00e1s ingresos publicitarios. Si decide (libremente) plantear unas bases para permitir la participaci\u00f3n del espectador en la elecci\u00f3n de la propuesta que represente a Espa\u00f1a en Eurovisi\u00f3n (y con ello generar mayores audiencias), tiene que hacerlo con total transparencia e igualdad de oportunidades para todas las opciones seleccionadas (ya hab\u00edan creado un filtro previo en esa preselecci\u00f3n para evitar que se presentaran candidatos \u201cfake\u201d como en su d\u00eda ocurri\u00f3 el Chikilicuatre). Si esas bases dejan en manos del jurado el 50% de la decisi\u00f3n final, hay que explicar muy bien c\u00f3mo se ha seleccionado el jurado, qu\u00e9 intereses y v\u00ednculos tienen con la industria discogr\u00e1fica o qu\u00e9 relaci\u00f3n mantienen con RTVE (en ese caso, era evidente en alguna de las personas seleccionadas) y si conocen o ha existido alguna relaci\u00f3n profesional con esos candidatos. En un jurado popular en el \u00e1mbito judicial, alguno de los miembros podr\u00eda haber sido perfectamente recusado por posible parcialidad por alguna de las partes del proceso. Y siguen sin explicar c\u00f3mo se llev\u00f3 a cabo esa selecci\u00f3n, qui\u00e9n los propuso y qui\u00e9n supervis\u00f3 y aprob\u00f3 el sistema dentro de RTVE. Tampoco se cumpli\u00f3 el requisito de garantizar las mismas condiciones de participaci\u00f3n para todas las propuestas. A los candidatos escogidos se les abon\u00f3 el alojamiento, el desplazamiento y algunos peque\u00f1os gastos de alquiler de instrumentos, as\u00ed como el asesoramiento t\u00e9cnico del equipo de RTVE y de Boomerang, la productora que colabor\u00f3 en la realizaci\u00f3n del Benidorm Fest. El vestuario, la coreograf\u00eda, la puesta en escena, los recursos invertidos para cada actuaci\u00f3n, salieron del bolsillo de los participantes. Si alguno de ellos contaba con un equipo profesional detr\u00e1s, con una discogr\u00e1fica, con un contrato de representaci\u00f3n, con preparaci\u00f3n previa y core\u00f3grafos de nivel internacional y con un tema compuesto y producido por 5 personas de diferentes nacionalidades, entre los cuales el productor americano de alguno de los temas de Madonna, Black Eyed Peas o Britney Spears, es evidente que part\u00eda con ventaja ante los dem\u00e1s. Todo ello sin perjucio del talento y las extraordinarias caracter\u00edsticas como int\u00e9rprete y bailarina de la que finalmente result\u00f3 ganadora (Chanel) y de que su canci\u00f3n vaya a sonar en todas las radios, televisiones y plataformas digitales, gracias a la gran producci\u00f3n y al equipo que tiene detr\u00e1s, con una gran capacidad de promoci\u00f3n gracias a los jugosos acuerdos que mantienen las discogr\u00e1ficas con los medios de comunicaci\u00f3n de todo el mundo. Y va a generar muchos ingresos en forma de derechos de autor&#8230;<\/p>\n","protected":false},"author":5,"featured_media":54760,"comment_status":"open","ping_status":"open","sticky":false,"template":"","format":"standard","meta":{"_FSMCFIC_featured_image_caption":"","_FSMCFIC_featured_image_nocaption":"","_FSMCFIC_featured_image_hide":"","footnotes":""},"categories":[804],"tags":[4452,3114],"class_list":["post-54753","post","type-post","status-publish","format-standard","has-post-thumbnail","hentry","category-opinem-es","tag-festival-de-eurovision","tag-rtve"],"yoast_head":"<!-- This site is optimized with the Yoast SEO plugin v26.8 - https:\/\/yoast.com\/product\/yoast-seo-wordpress\/ -->\n<title>Eurovisi\u00f3n, televisi\u00f3n p\u00fablica y democracia participativa* - Converses a Catalunya<\/title>\n<meta name=\"robots\" content=\"noindex, nofollow\" \/>\n<meta property=\"og:locale\" content=\"es_ES\" \/>\n<meta property=\"og:type\" content=\"article\" \/>\n<meta property=\"og:title\" content=\"Eurovisi\u00f3n, televisi\u00f3n p\u00fablica y democracia participativa* - Converses a Catalunya\" \/>\n<meta property=\"og:description\" content=\"Hay dos o tres de normas b\u00e1sicas en comunicaci\u00f3n pol\u00edtica que un gobierno democr\u00e1tico deber\u00eda tener en cuenta cuando plantea a los ciudadanos una consulta participativa para decidir alg\u00fan tema trascendente: 1.- Si tienes inter\u00e9s especial en que prospere una de las opciones planteadas, incentiva la participaci\u00f3n, plantea la pregunta de manera de favorezca tus intereses y haz campa\u00f1a claramente a favor de tu posicionamiento. Es perfectamente leg\u00edtimo que el gobierno tenga un posicionamiento pol\u00edtico sobre la cuesti\u00f3n, pero prefiera contar con el aval popular por el motivo que sea: por la controversia que pueda generar el tema sometido a votaci\u00f3n, para conseguir m\u00e1s consenso o para permitir la participaci\u00f3n de los ciudadanos en las decisiones importantes. Y sea cual sea el resultado, ac\u00e9ptalo sin ning\u00fan reproche y agradece a los votantes su colaboraci\u00f3n. El resumen de esta regla es: \u201cno convoques un refer\u00e9ndum para perderlo\u201d, pero si lo pierdes, ac\u00e9ptalo con deportividad. 2.- Si no est\u00e1s dispuesto a aceptar el resultado y solo aceptas la posibilidad de que gane la opci\u00f3n por la que t\u00fa has apostado, no convoques una consulta. Nadie te obliga. Un gobierno democr\u00e1tico tiene toda la legitimidad democr\u00e1tica para tomar decisiones, si es preciso avalado por las mayor\u00edas parlamentarias necesarias cuando exijan cambios legislativos, sin necesidad de convocar consultas a los ciudadanos sobre los temas conflictivos para delegar en ellos la responsabilidad por miedo a tomar una decisi\u00f3n arriesgada. Si se equivocan, los votantes ya les castigar\u00e1n cuando llegue el momento de renovar el mandato en las urnas. 3.- En la democracia del siglo XXI, con la presi\u00f3n y la potencia de las redes sociales y del mundo digital, no hay lugar para consultas democr\u00e1ticas no vinculantes. No tiene ning\u00fan sentido plantear una consulta y si el resultado no es del agrado del gobierno, actuar en sentido contrario. Para eso, encarga una buena encuesta y ah\u00f3rrate el gasto y el esfuerzo. 4.- Las garant\u00edas y la transparencia de la votaci\u00f3n tienen que ser intachables: desde el censo, las posibilidades de participaci\u00f3n telem\u00e1tica, las condiciones de igualdad para que todas las opciones planteadas tengan las mismas oportunidades de prosperar, aunque el partido que apoya al Gobierno haga campa\u00f1a (o no) por alguna de las opciones\u2026 No puede haber trampa ni cart\u00f3n, ni sombra de duda sobre lo que ha ocurrido. Todos tenemos en la memoria, por ejemplo, el refer\u00e9ndum sobre la entrada de Espa\u00f1a en la OTAN de marzo de 1986, o el suced\u00e1neo de consulta del 1 de octubre de 2017 en Catalunya sobre la independencia. No es el lugar ni el momento para analizar lo ocurrido en aquellos dos casos, hay opiniones para todos los gustos. Pero en el caso de la selecci\u00f3n de la candidata para representar a RTVE (y por tanto a Espa\u00f1a) en el festival de Eurovisi\u00f3n de 2022, creo que la corporaci\u00f3n ha incumplido todas las normas anteriores: Es una l\u00e1stima, porque la idea de darle un impulso a Eurovisi\u00f3n era muy buena, pero el resultado ha sido un fracaso y ha generado un grave problema de reputaci\u00f3n para la CRTVE. Veamos: La CRTVE es una corporaci\u00f3n p\u00fablica sometida a control parlamentario y con un presupuesto procedente de manera \u00edntegra de ingresos p\u00fablicos (ya que no se permite la publicidad desde la reforma de 2010). Por tanto, debe cumplir una serie de objetivos de servicio p\u00fablico y actuar con total transparencia en toda su actividad. No es una televisi\u00f3n privada que se juega su dinero y su reputaci\u00f3n y que batalla por la audiencia para generar m\u00e1s ingresos publicitarios. Si decide (libremente) plantear unas bases para permitir la participaci\u00f3n del espectador en la elecci\u00f3n de la propuesta que represente a Espa\u00f1a en Eurovisi\u00f3n (y con ello generar mayores audiencias), tiene que hacerlo con total transparencia e igualdad de oportunidades para todas las opciones seleccionadas (ya hab\u00edan creado un filtro previo en esa preselecci\u00f3n para evitar que se presentaran candidatos \u201cfake\u201d como en su d\u00eda ocurri\u00f3 el Chikilicuatre). Si esas bases dejan en manos del jurado el 50% de la decisi\u00f3n final, hay que explicar muy bien c\u00f3mo se ha seleccionado el jurado, qu\u00e9 intereses y v\u00ednculos tienen con la industria discogr\u00e1fica o qu\u00e9 relaci\u00f3n mantienen con RTVE (en ese caso, era evidente en alguna de las personas seleccionadas) y si conocen o ha existido alguna relaci\u00f3n profesional con esos candidatos. En un jurado popular en el \u00e1mbito judicial, alguno de los miembros podr\u00eda haber sido perfectamente recusado por posible parcialidad por alguna de las partes del proceso. Y siguen sin explicar c\u00f3mo se llev\u00f3 a cabo esa selecci\u00f3n, qui\u00e9n los propuso y qui\u00e9n supervis\u00f3 y aprob\u00f3 el sistema dentro de RTVE. Tampoco se cumpli\u00f3 el requisito de garantizar las mismas condiciones de participaci\u00f3n para todas las propuestas. A los candidatos escogidos se les abon\u00f3 el alojamiento, el desplazamiento y algunos peque\u00f1os gastos de alquiler de instrumentos, as\u00ed como el asesoramiento t\u00e9cnico del equipo de RTVE y de Boomerang, la productora que colabor\u00f3 en la realizaci\u00f3n del Benidorm Fest. El vestuario, la coreograf\u00eda, la puesta en escena, los recursos invertidos para cada actuaci\u00f3n, salieron del bolsillo de los participantes. Si alguno de ellos contaba con un equipo profesional detr\u00e1s, con una discogr\u00e1fica, con un contrato de representaci\u00f3n, con preparaci\u00f3n previa y core\u00f3grafos de nivel internacional y con un tema compuesto y producido por 5 personas de diferentes nacionalidades, entre los cuales el productor americano de alguno de los temas de Madonna, Black Eyed Peas o Britney Spears, es evidente que part\u00eda con ventaja ante los dem\u00e1s. Todo ello sin perjucio del talento y las extraordinarias caracter\u00edsticas como int\u00e9rprete y bailarina de la que finalmente result\u00f3 ganadora (Chanel) y de que su canci\u00f3n vaya a sonar en todas las radios, televisiones y plataformas digitales, gracias a la gran producci\u00f3n y al equipo que tiene detr\u00e1s, con una gran capacidad de promoci\u00f3n gracias a los jugosos acuerdos que mantienen las discogr\u00e1ficas con los medios de comunicaci\u00f3n de todo el mundo. Y va a generar muchos ingresos en forma de derechos de autor...\" \/>\n<meta property=\"og:url\" content=\"https:\/\/conversesacatalunya.cat\/es\/eurovision-television-publica-y-democracia-participativa\/\" \/>\n<meta property=\"og:site_name\" content=\"Converses a Catalunya\" \/>\n<meta property=\"article:published_time\" content=\"2022-02-10T12:15:52+00:00\" \/>\n<meta property=\"article:modified_time\" content=\"2024-01-22T13:11:58+00:00\" \/>\n<meta property=\"og:image\" content=\"https:\/\/conversesacatalunya.cat\/wp-content\/uploads\/2022\/02\/Benidorm.jpg\" \/>\n\t<meta property=\"og:image:width\" content=\"900\" \/>\n\t<meta property=\"og:image:height\" content=\"507\" \/>\n\t<meta property=\"og:image:type\" content=\"image\/jpeg\" \/>\n<meta name=\"author\" content=\"Josep Manel Silva\" \/>\n<meta name=\"twitter:card\" content=\"summary_large_image\" \/>\n<meta name=\"twitter:label1\" content=\"Escrito por\" \/>\n\t<meta name=\"twitter:data1\" content=\"Josep Manel Silva\" \/>\n\t<meta name=\"twitter:label2\" content=\"Tiempo de lectura\" \/>\n\t<meta name=\"twitter:data2\" content=\"11 minutos\" \/>\n<script type=\"application\/ld+json\" class=\"yoast-schema-graph\">{\"@context\":\"https:\/\/schema.org\",\"@graph\":[{\"@type\":\"Article\",\"@id\":\"https:\/\/conversesacatalunya.cat\/es\/eurovision-television-publica-y-democracia-participativa\/#article\",\"isPartOf\":{\"@id\":\"https:\/\/conversesacatalunya.cat\/es\/eurovision-television-publica-y-democracia-participativa\/\"},\"author\":{\"name\":\"Josep Manel Silva\",\"@id\":\"https:\/\/conversesacatalunya.cat\/#\/schema\/person\/002600efd43d2fd853533142f835a7d0\"},\"headline\":\"Eurovisi\u00f3n, televisi\u00f3n p\u00fablica y democracia participativa*\",\"datePublished\":\"2022-02-10T12:15:52+00:00\",\"dateModified\":\"2024-01-22T13:11:58+00:00\",\"mainEntityOfPage\":{\"@id\":\"https:\/\/conversesacatalunya.cat\/es\/eurovision-television-publica-y-democracia-participativa\/\"},\"wordCount\":2002,\"commentCount\":0,\"image\":{\"@id\":\"https:\/\/conversesacatalunya.cat\/es\/eurovision-television-publica-y-democracia-participativa\/#primaryimage\"},\"thumbnailUrl\":\"https:\/\/conversesacatalunya.cat\/wp-content\/uploads\/2022\/02\/Benidorm.jpg\",\"keywords\":[\"Festival de Eurovisi\u00f3n\",\"RTVE\"],\"articleSection\":[\"Opinem (ES)\"],\"inLanguage\":\"es\",\"potentialAction\":[{\"@type\":\"CommentAction\",\"name\":\"Comment\",\"target\":[\"https:\/\/conversesacatalunya.cat\/es\/eurovision-television-publica-y-democracia-participativa\/#respond\"]}]},{\"@type\":\"WebPage\",\"@id\":\"https:\/\/conversesacatalunya.cat\/es\/eurovision-television-publica-y-democracia-participativa\/\",\"url\":\"https:\/\/conversesacatalunya.cat\/es\/eurovision-television-publica-y-democracia-participativa\/\",\"name\":\"Eurovisi\u00f3n, televisi\u00f3n p\u00fablica y democracia participativa* - Converses a Catalunya\",\"isPartOf\":{\"@id\":\"https:\/\/conversesacatalunya.cat\/#website\"},\"primaryImageOfPage\":{\"@id\":\"https:\/\/conversesacatalunya.cat\/es\/eurovision-television-publica-y-democracia-participativa\/#primaryimage\"},\"image\":{\"@id\":\"https:\/\/conversesacatalunya.cat\/es\/eurovision-television-publica-y-democracia-participativa\/#primaryimage\"},\"thumbnailUrl\":\"https:\/\/conversesacatalunya.cat\/wp-content\/uploads\/2022\/02\/Benidorm.jpg\",\"datePublished\":\"2022-02-10T12:15:52+00:00\",\"dateModified\":\"2024-01-22T13:11:58+00:00\",\"author\":{\"@id\":\"https:\/\/conversesacatalunya.cat\/#\/schema\/person\/002600efd43d2fd853533142f835a7d0\"},\"breadcrumb\":{\"@id\":\"https:\/\/conversesacatalunya.cat\/es\/eurovision-television-publica-y-democracia-participativa\/#breadcrumb\"},\"inLanguage\":\"es\",\"potentialAction\":[{\"@type\":\"ReadAction\",\"target\":[\"https:\/\/conversesacatalunya.cat\/es\/eurovision-television-publica-y-democracia-participativa\/\"]}]},{\"@type\":\"ImageObject\",\"inLanguage\":\"es\",\"@id\":\"https:\/\/conversesacatalunya.cat\/es\/eurovision-television-publica-y-democracia-participativa\/#primaryimage\",\"url\":\"https:\/\/conversesacatalunya.cat\/wp-content\/uploads\/2022\/02\/Benidorm.jpg\",\"contentUrl\":\"https:\/\/conversesacatalunya.cat\/wp-content\/uploads\/2022\/02\/Benidorm.jpg\",\"width\":900,\"height\":507,\"caption\":\"eurovisi\u00f3n\"},{\"@type\":\"BreadcrumbList\",\"@id\":\"https:\/\/conversesacatalunya.cat\/es\/eurovision-television-publica-y-democracia-participativa\/#breadcrumb\",\"itemListElement\":[{\"@type\":\"ListItem\",\"position\":1,\"name\":\"Inici\",\"item\":\"https:\/\/conversesacatalunya.cat\/es\/\"},{\"@type\":\"ListItem\",\"position\":2,\"name\":\"Eurovisi\u00f3n, televisi\u00f3n p\u00fablica y democracia participativa*\"}]},{\"@type\":\"WebSite\",\"@id\":\"https:\/\/conversesacatalunya.cat\/#website\",\"url\":\"https:\/\/conversesacatalunya.cat\/\",\"name\":\"Converses a Catalunya\",\"description\":\"\",\"potentialAction\":[{\"@type\":\"SearchAction\",\"target\":{\"@type\":\"EntryPoint\",\"urlTemplate\":\"https:\/\/conversesacatalunya.cat\/?s={search_term_string}\"},\"query-input\":{\"@type\":\"PropertyValueSpecification\",\"valueRequired\":true,\"valueName\":\"search_term_string\"}}],\"inLanguage\":\"es\"},{\"@type\":\"Person\",\"@id\":\"https:\/\/conversesacatalunya.cat\/#\/schema\/person\/002600efd43d2fd853533142f835a7d0\",\"name\":\"Josep Manel Silva\",\"image\":{\"@type\":\"ImageObject\",\"inLanguage\":\"es\",\"@id\":\"https:\/\/conversesacatalunya.cat\/#\/schema\/person\/image\/\",\"url\":\"https:\/\/conversesacatalunya.cat\/wp-content\/litespeed\/avatar\/185e68439f2852088c1bbbab53e0e4c5.jpg?ver=1777384733\",\"contentUrl\":\"https:\/\/conversesacatalunya.cat\/wp-content\/litespeed\/avatar\/185e68439f2852088c1bbbab53e0e4c5.jpg?ver=1777384733\",\"caption\":\"Josep Manel Silva\"},\"url\":\"https:\/\/conversesacatalunya.cat\/es\/author\/josep-manel-silva\/\"}]}<\/script>\n<!-- \/ Yoast SEO plugin. -->","yoast_head_json":{"title":"Eurovisi\u00f3n, televisi\u00f3n p\u00fablica y democracia participativa* - Converses a Catalunya","robots":{"index":"noindex","follow":"nofollow"},"og_locale":"es_ES","og_type":"article","og_title":"Eurovisi\u00f3n, televisi\u00f3n p\u00fablica y democracia participativa* - Converses a Catalunya","og_description":"Hay dos o tres de normas b\u00e1sicas en comunicaci\u00f3n pol\u00edtica que un gobierno democr\u00e1tico deber\u00eda tener en cuenta cuando plantea a los ciudadanos una consulta participativa para decidir alg\u00fan tema trascendente: 1.- Si tienes inter\u00e9s especial en que prospere una de las opciones planteadas, incentiva la participaci\u00f3n, plantea la pregunta de manera de favorezca tus intereses y haz campa\u00f1a claramente a favor de tu posicionamiento. Es perfectamente leg\u00edtimo que el gobierno tenga un posicionamiento pol\u00edtico sobre la cuesti\u00f3n, pero prefiera contar con el aval popular por el motivo que sea: por la controversia que pueda generar el tema sometido a votaci\u00f3n, para conseguir m\u00e1s consenso o para permitir la participaci\u00f3n de los ciudadanos en las decisiones importantes. Y sea cual sea el resultado, ac\u00e9ptalo sin ning\u00fan reproche y agradece a los votantes su colaboraci\u00f3n. El resumen de esta regla es: \u201cno convoques un refer\u00e9ndum para perderlo\u201d, pero si lo pierdes, ac\u00e9ptalo con deportividad. 2.- Si no est\u00e1s dispuesto a aceptar el resultado y solo aceptas la posibilidad de que gane la opci\u00f3n por la que t\u00fa has apostado, no convoques una consulta. Nadie te obliga. Un gobierno democr\u00e1tico tiene toda la legitimidad democr\u00e1tica para tomar decisiones, si es preciso avalado por las mayor\u00edas parlamentarias necesarias cuando exijan cambios legislativos, sin necesidad de convocar consultas a los ciudadanos sobre los temas conflictivos para delegar en ellos la responsabilidad por miedo a tomar una decisi\u00f3n arriesgada. Si se equivocan, los votantes ya les castigar\u00e1n cuando llegue el momento de renovar el mandato en las urnas. 3.- En la democracia del siglo XXI, con la presi\u00f3n y la potencia de las redes sociales y del mundo digital, no hay lugar para consultas democr\u00e1ticas no vinculantes. No tiene ning\u00fan sentido plantear una consulta y si el resultado no es del agrado del gobierno, actuar en sentido contrario. Para eso, encarga una buena encuesta y ah\u00f3rrate el gasto y el esfuerzo. 4.- Las garant\u00edas y la transparencia de la votaci\u00f3n tienen que ser intachables: desde el censo, las posibilidades de participaci\u00f3n telem\u00e1tica, las condiciones de igualdad para que todas las opciones planteadas tengan las mismas oportunidades de prosperar, aunque el partido que apoya al Gobierno haga campa\u00f1a (o no) por alguna de las opciones\u2026 No puede haber trampa ni cart\u00f3n, ni sombra de duda sobre lo que ha ocurrido. Todos tenemos en la memoria, por ejemplo, el refer\u00e9ndum sobre la entrada de Espa\u00f1a en la OTAN de marzo de 1986, o el suced\u00e1neo de consulta del 1 de octubre de 2017 en Catalunya sobre la independencia. No es el lugar ni el momento para analizar lo ocurrido en aquellos dos casos, hay opiniones para todos los gustos. Pero en el caso de la selecci\u00f3n de la candidata para representar a RTVE (y por tanto a Espa\u00f1a) en el festival de Eurovisi\u00f3n de 2022, creo que la corporaci\u00f3n ha incumplido todas las normas anteriores: Es una l\u00e1stima, porque la idea de darle un impulso a Eurovisi\u00f3n era muy buena, pero el resultado ha sido un fracaso y ha generado un grave problema de reputaci\u00f3n para la CRTVE. Veamos: La CRTVE es una corporaci\u00f3n p\u00fablica sometida a control parlamentario y con un presupuesto procedente de manera \u00edntegra de ingresos p\u00fablicos (ya que no se permite la publicidad desde la reforma de 2010). Por tanto, debe cumplir una serie de objetivos de servicio p\u00fablico y actuar con total transparencia en toda su actividad. No es una televisi\u00f3n privada que se juega su dinero y su reputaci\u00f3n y que batalla por la audiencia para generar m\u00e1s ingresos publicitarios. Si decide (libremente) plantear unas bases para permitir la participaci\u00f3n del espectador en la elecci\u00f3n de la propuesta que represente a Espa\u00f1a en Eurovisi\u00f3n (y con ello generar mayores audiencias), tiene que hacerlo con total transparencia e igualdad de oportunidades para todas las opciones seleccionadas (ya hab\u00edan creado un filtro previo en esa preselecci\u00f3n para evitar que se presentaran candidatos \u201cfake\u201d como en su d\u00eda ocurri\u00f3 el Chikilicuatre). Si esas bases dejan en manos del jurado el 50% de la decisi\u00f3n final, hay que explicar muy bien c\u00f3mo se ha seleccionado el jurado, qu\u00e9 intereses y v\u00ednculos tienen con la industria discogr\u00e1fica o qu\u00e9 relaci\u00f3n mantienen con RTVE (en ese caso, era evidente en alguna de las personas seleccionadas) y si conocen o ha existido alguna relaci\u00f3n profesional con esos candidatos. En un jurado popular en el \u00e1mbito judicial, alguno de los miembros podr\u00eda haber sido perfectamente recusado por posible parcialidad por alguna de las partes del proceso. Y siguen sin explicar c\u00f3mo se llev\u00f3 a cabo esa selecci\u00f3n, qui\u00e9n los propuso y qui\u00e9n supervis\u00f3 y aprob\u00f3 el sistema dentro de RTVE. Tampoco se cumpli\u00f3 el requisito de garantizar las mismas condiciones de participaci\u00f3n para todas las propuestas. A los candidatos escogidos se les abon\u00f3 el alojamiento, el desplazamiento y algunos peque\u00f1os gastos de alquiler de instrumentos, as\u00ed como el asesoramiento t\u00e9cnico del equipo de RTVE y de Boomerang, la productora que colabor\u00f3 en la realizaci\u00f3n del Benidorm Fest. El vestuario, la coreograf\u00eda, la puesta en escena, los recursos invertidos para cada actuaci\u00f3n, salieron del bolsillo de los participantes. Si alguno de ellos contaba con un equipo profesional detr\u00e1s, con una discogr\u00e1fica, con un contrato de representaci\u00f3n, con preparaci\u00f3n previa y core\u00f3grafos de nivel internacional y con un tema compuesto y producido por 5 personas de diferentes nacionalidades, entre los cuales el productor americano de alguno de los temas de Madonna, Black Eyed Peas o Britney Spears, es evidente que part\u00eda con ventaja ante los dem\u00e1s. Todo ello sin perjucio del talento y las extraordinarias caracter\u00edsticas como int\u00e9rprete y bailarina de la que finalmente result\u00f3 ganadora (Chanel) y de que su canci\u00f3n vaya a sonar en todas las radios, televisiones y plataformas digitales, gracias a la gran producci\u00f3n y al equipo que tiene detr\u00e1s, con una gran capacidad de promoci\u00f3n gracias a los jugosos acuerdos que mantienen las discogr\u00e1ficas con los medios de comunicaci\u00f3n de todo el mundo. Y va a generar muchos ingresos en forma de derechos de autor...","og_url":"https:\/\/conversesacatalunya.cat\/es\/eurovision-television-publica-y-democracia-participativa\/","og_site_name":"Converses a Catalunya","article_published_time":"2022-02-10T12:15:52+00:00","article_modified_time":"2024-01-22T13:11:58+00:00","og_image":[{"width":900,"height":507,"url":"https:\/\/conversesacatalunya.cat\/wp-content\/uploads\/2022\/02\/Benidorm.jpg","type":"image\/jpeg"}],"author":"Josep Manel Silva","twitter_card":"summary_large_image","twitter_misc":{"Escrito por":"Josep Manel Silva","Tiempo de lectura":"11 minutos"},"schema":{"@context":"https:\/\/schema.org","@graph":[{"@type":"Article","@id":"https:\/\/conversesacatalunya.cat\/es\/eurovision-television-publica-y-democracia-participativa\/#article","isPartOf":{"@id":"https:\/\/conversesacatalunya.cat\/es\/eurovision-television-publica-y-democracia-participativa\/"},"author":{"name":"Josep Manel Silva","@id":"https:\/\/conversesacatalunya.cat\/#\/schema\/person\/002600efd43d2fd853533142f835a7d0"},"headline":"Eurovisi\u00f3n, televisi\u00f3n p\u00fablica y democracia participativa*","datePublished":"2022-02-10T12:15:52+00:00","dateModified":"2024-01-22T13:11:58+00:00","mainEntityOfPage":{"@id":"https:\/\/conversesacatalunya.cat\/es\/eurovision-television-publica-y-democracia-participativa\/"},"wordCount":2002,"commentCount":0,"image":{"@id":"https:\/\/conversesacatalunya.cat\/es\/eurovision-television-publica-y-democracia-participativa\/#primaryimage"},"thumbnailUrl":"https:\/\/conversesacatalunya.cat\/wp-content\/uploads\/2022\/02\/Benidorm.jpg","keywords":["Festival de Eurovisi\u00f3n","RTVE"],"articleSection":["Opinem (ES)"],"inLanguage":"es","potentialAction":[{"@type":"CommentAction","name":"Comment","target":["https:\/\/conversesacatalunya.cat\/es\/eurovision-television-publica-y-democracia-participativa\/#respond"]}]},{"@type":"WebPage","@id":"https:\/\/conversesacatalunya.cat\/es\/eurovision-television-publica-y-democracia-participativa\/","url":"https:\/\/conversesacatalunya.cat\/es\/eurovision-television-publica-y-democracia-participativa\/","name":"Eurovisi\u00f3n, televisi\u00f3n p\u00fablica y democracia participativa* - Converses a Catalunya","isPartOf":{"@id":"https:\/\/conversesacatalunya.cat\/#website"},"primaryImageOfPage":{"@id":"https:\/\/conversesacatalunya.cat\/es\/eurovision-television-publica-y-democracia-participativa\/#primaryimage"},"image":{"@id":"https:\/\/conversesacatalunya.cat\/es\/eurovision-television-publica-y-democracia-participativa\/#primaryimage"},"thumbnailUrl":"https:\/\/conversesacatalunya.cat\/wp-content\/uploads\/2022\/02\/Benidorm.jpg","datePublished":"2022-02-10T12:15:52+00:00","dateModified":"2024-01-22T13:11:58+00:00","author":{"@id":"https:\/\/conversesacatalunya.cat\/#\/schema\/person\/002600efd43d2fd853533142f835a7d0"},"breadcrumb":{"@id":"https:\/\/conversesacatalunya.cat\/es\/eurovision-television-publica-y-democracia-participativa\/#breadcrumb"},"inLanguage":"es","potentialAction":[{"@type":"ReadAction","target":["https:\/\/conversesacatalunya.cat\/es\/eurovision-television-publica-y-democracia-participativa\/"]}]},{"@type":"ImageObject","inLanguage":"es","@id":"https:\/\/conversesacatalunya.cat\/es\/eurovision-television-publica-y-democracia-participativa\/#primaryimage","url":"https:\/\/conversesacatalunya.cat\/wp-content\/uploads\/2022\/02\/Benidorm.jpg","contentUrl":"https:\/\/conversesacatalunya.cat\/wp-content\/uploads\/2022\/02\/Benidorm.jpg","width":900,"height":507,"caption":"eurovisi\u00f3n"},{"@type":"BreadcrumbList","@id":"https:\/\/conversesacatalunya.cat\/es\/eurovision-television-publica-y-democracia-participativa\/#breadcrumb","itemListElement":[{"@type":"ListItem","position":1,"name":"Inici","item":"https:\/\/conversesacatalunya.cat\/es\/"},{"@type":"ListItem","position":2,"name":"Eurovisi\u00f3n, televisi\u00f3n p\u00fablica y democracia participativa*"}]},{"@type":"WebSite","@id":"https:\/\/conversesacatalunya.cat\/#website","url":"https:\/\/conversesacatalunya.cat\/","name":"Converses a Catalunya","description":"","potentialAction":[{"@type":"SearchAction","target":{"@type":"EntryPoint","urlTemplate":"https:\/\/conversesacatalunya.cat\/?s={search_term_string}"},"query-input":{"@type":"PropertyValueSpecification","valueRequired":true,"valueName":"search_term_string"}}],"inLanguage":"es"},{"@type":"Person","@id":"https:\/\/conversesacatalunya.cat\/#\/schema\/person\/002600efd43d2fd853533142f835a7d0","name":"Josep Manel Silva","image":{"@type":"ImageObject","inLanguage":"es","@id":"https:\/\/conversesacatalunya.cat\/#\/schema\/person\/image\/","url":"https:\/\/conversesacatalunya.cat\/wp-content\/litespeed\/avatar\/185e68439f2852088c1bbbab53e0e4c5.jpg?ver=1777384733","contentUrl":"https:\/\/conversesacatalunya.cat\/wp-content\/litespeed\/avatar\/185e68439f2852088c1bbbab53e0e4c5.jpg?ver=1777384733","caption":"Josep Manel Silva"},"url":"https:\/\/conversesacatalunya.cat\/es\/author\/josep-manel-silva\/"}]}},"wps_subtitle":"Hay dos o tres de normas b\u00e1sicas en comunicaci\u00f3n pol\u00edtica que un gobierno democr\u00e1tico deber\u00eda tener en cuenta cuando plantea a los ciudadanos una consulta participativa para decidir alg\u00fan tema trascendente","_links":{"self":[{"href":"https:\/\/conversesacatalunya.cat\/es\/wp-json\/wp\/v2\/posts\/54753","targetHints":{"allow":["GET"]}}],"collection":[{"href":"https:\/\/conversesacatalunya.cat\/es\/wp-json\/wp\/v2\/posts"}],"about":[{"href":"https:\/\/conversesacatalunya.cat\/es\/wp-json\/wp\/v2\/types\/post"}],"author":[{"embeddable":true,"href":"https:\/\/conversesacatalunya.cat\/es\/wp-json\/wp\/v2\/users\/5"}],"replies":[{"embeddable":true,"href":"https:\/\/conversesacatalunya.cat\/es\/wp-json\/wp\/v2\/comments?post=54753"}],"version-history":[{"count":5,"href":"https:\/\/conversesacatalunya.cat\/es\/wp-json\/wp\/v2\/posts\/54753\/revisions"}],"predecessor-version":[{"id":54787,"href":"https:\/\/conversesacatalunya.cat\/es\/wp-json\/wp\/v2\/posts\/54753\/revisions\/54787"}],"wp:featuredmedia":[{"embeddable":true,"href":"https:\/\/conversesacatalunya.cat\/es\/wp-json\/wp\/v2\/media\/54760"}],"wp:attachment":[{"href":"https:\/\/conversesacatalunya.cat\/es\/wp-json\/wp\/v2\/media?parent=54753"}],"wp:term":[{"taxonomy":"category","embeddable":true,"href":"https:\/\/conversesacatalunya.cat\/es\/wp-json\/wp\/v2\/categories?post=54753"},{"taxonomy":"post_tag","embeddable":true,"href":"https:\/\/conversesacatalunya.cat\/es\/wp-json\/wp\/v2\/tags?post=54753"}],"curies":[{"name":"wp","href":"https:\/\/api.w.org\/{rel}","templated":true}]}}