{"id":54488,"date":"2022-02-02T19:20:00","date_gmt":"2022-02-02T18:20:00","guid":{"rendered":"https:\/\/conversesacatalunya.cat\/teatre-borras-el-sopar-dels-idiotes\/"},"modified":"2022-02-02T19:30:07","modified_gmt":"2022-02-02T18:30:07","slug":"teatre-borras-el-sopar-dels-idiotes","status":"publish","type":"post","link":"https:\/\/conversesacatalunya.cat\/es\/teatre-borras-el-sopar-dels-idiotes\/","title":{"rendered":"Teatre Borr\u00e0s: \u00abEl sopar dels idiotes\u00bb"},"content":{"rendered":"<p>\u00abLa cena de los idiotas\u00bb, de Francis Veber, se ha convertido en uno de los cl\u00e1sicos del humor m\u00e1s representados con \u00e9xito en todo el mundo. Vuelve a nuestros escenarios para ofrecernos una divertid\u00edsima cr\u00edtica de una sociedad en la que no es f\u00e1cil saber qui\u00e9n es realmente el idiota.<\/p>\n<p>Un grupo de amigos organiza peri\u00f3dicamente una \u201ccena de los idiotas\u201d, en la que invitan a personas aparentemente est\u00fapidas por pura diversi\u00f3n. La experiencia se rompe el d\u00eda en que uno de los amigos sufre un ataque de lumbalgia y se enfrenta cara a cara con las vivencias y reflexiones personales del m\u00e1s idiota, y acaba d\u00e1ndose cuenta de que \u00e9l tambi\u00e9n forma parte de esta categor\u00eda.<\/p>\n<h4><strong>HORARIOS<\/strong><\/h4>\n<div class=\"content-horari\">\n<table>\n<thead>\n<tr>\n<th class=\"content-info\" scope=\"col\">D\u00edas<\/th>\n<th class=\"content-info\" scope=\"col\">Horas<\/th>\n<th class=\"content-info\" scope=\"col\">Precios<\/th>\n<th class=\"content-info\" scope=\"col\">Observaciones<\/th>\n<\/tr>\n<\/thead>\n<tbody>\n<tr>\n<td class=\"content-info\">\n<div>Mi\u00e9rcoles, jueves y viernes<\/div>\n<\/td>\n<td class=\"content-info\">\n<div>a las 20.00 h<\/div>\n<\/td>\n<td class=\"content-info\" rowspan=\"3\">\n<div>Entrada general de: 22 a 26 \u20ac<br \/>\n(+ gastos de gesti\u00f3n)<\/div>\n<\/td>\n<td class=\"content-info\" rowspan=\"3\">\n<div>\n<p>Duraci\u00f3n: 1 h 40 minutos<\/p>\n<\/div>\n<\/td>\n<\/tr>\n<tr>\n<td class=\"content-info\">\n<div>S\u00e1bado<\/div>\n<\/td>\n<td class=\"content-info\">\n<div>a las 17.00 hy<br \/>\na las 20.00 h<\/div>\n<\/td>\n<\/tr>\n<tr>\n<td class=\"content-info\">\n<div>Domingo<\/div>\n<\/td>\n<td class=\"content-info\">\n<div>a las 17.00 h<\/div>\n<\/td>\n<\/tr>\n<\/tbody>\n<\/table>\n<\/div>\n<div class=\"content-horari\">\n<p><strong>Se celebra y se venden las entradas en el <a href=\"https:\/\/guia.barcelona.cat\/ca\/detall\/teatre-borras_75990094613.html\" target=\"_blank\" rel=\"noopener\">Teatre Borr\u00e0s<\/a>hasta el 27 de febrero de 2022.<\/strong><\/p>\n<\/div>\n","protected":false},"excerpt":{"rendered":"<p>\u00abLa cena de los idiotas\u00bb, de Francis Veber, se ha convertido en uno de los cl\u00e1sicos del humor m\u00e1s representados con \u00e9xito en todo el mundo. Vuelve a nuestros escenarios para ofrecernos una divertid\u00edsima cr\u00edtica de una sociedad en la que no es f\u00e1cil saber qui\u00e9n es realmente el idiota. Un grupo de amigos organiza peri\u00f3dicamente una \u201ccena de los idiotas\u201d, en la que invitan a personas aparentemente est\u00fapidas por pura diversi\u00f3n. La experiencia se rompe el d\u00eda en que uno de los amigos sufre un ataque de lumbalgia y se enfrenta cara a cara con las vivencias y reflexiones personales del m\u00e1s idiota, y acaba d\u00e1ndose cuenta de que \u00e9l tambi\u00e9n forma parte de esta categor\u00eda. HORARIOS D\u00edas Horas Precios Observaciones Mi\u00e9rcoles, jueves y viernes a las 20.00 h Entrada general de: 22 a 26 \u20ac (+ gastos de gesti\u00f3n) Duraci\u00f3n: 1 h 40 minutos S\u00e1bado a las 17.00 hy a las 20.00 h Domingo a las 17.00 h Se celebra y se venden las entradas en el Teatre Borr\u00e0shasta el 27 de febrero de 2022.<\/p>\n","protected":false},"author":3,"featured_media":54485,"comment_status":"open","ping_status":"open","sticky":false,"template":"","format":"standard","meta":{"_FSMCFIC_featured_image_caption":"","_FSMCFIC_featured_image_nocaption":"","_FSMCFIC_featured_image_hide":"","footnotes":""},"categories":[786],"tags":[3141],"class_list":["post-54488","post","type-post","status-publish","format-standard","has-post-thumbnail","hentry","category-agenda-es","tag-teatre-es"],"yoast_head":"<!-- This site is optimized with the Yoast SEO plugin v26.8 - https:\/\/yoast.com\/product\/yoast-seo-wordpress\/ -->\n<title>Teatre Borr\u00e0s: &quot;El sopar dels idiotes&quot; - Converses a Catalunya<\/title>\n<meta name=\"robots\" content=\"noindex, nofollow\" \/>\n<meta property=\"og:locale\" content=\"es_ES\" \/>\n<meta property=\"og:type\" content=\"article\" \/>\n<meta property=\"og:title\" content=\"Teatre Borr\u00e0s: &quot;El sopar dels idiotes&quot; - Converses a Catalunya\" \/>\n<meta property=\"og:description\" content=\"\u00abLa cena de los idiotas\u00bb, de Francis Veber, se ha convertido en uno de los cl\u00e1sicos del humor m\u00e1s representados con \u00e9xito en todo el mundo. Vuelve a nuestros escenarios para ofrecernos una divertid\u00edsima cr\u00edtica de una sociedad en la que no es f\u00e1cil saber qui\u00e9n es realmente el idiota. Un grupo de amigos organiza peri\u00f3dicamente una \u201ccena de los idiotas\u201d, en la que invitan a personas aparentemente est\u00fapidas por pura diversi\u00f3n. La experiencia se rompe el d\u00eda en que uno de los amigos sufre un ataque de lumbalgia y se enfrenta cara a cara con las vivencias y reflexiones personales del m\u00e1s idiota, y acaba d\u00e1ndose cuenta de que \u00e9l tambi\u00e9n forma parte de esta categor\u00eda. HORARIOS D\u00edas Horas Precios Observaciones Mi\u00e9rcoles, jueves y viernes a las 20.00 h Entrada general de: 22 a 26 \u20ac (+ gastos de gesti\u00f3n) Duraci\u00f3n: 1 h 40 minutos S\u00e1bado a las 17.00 hy a las 20.00 h Domingo a las 17.00 h Se celebra y se venden las entradas en el Teatre Borr\u00e0shasta el 27 de febrero de 2022.\" \/>\n<meta property=\"og:url\" content=\"https:\/\/conversesacatalunya.cat\/es\/teatre-borras-el-sopar-dels-idiotes\/\" \/>\n<meta property=\"og:site_name\" content=\"Converses a Catalunya\" \/>\n<meta property=\"article:published_time\" content=\"2022-02-02T18:20:00+00:00\" \/>\n<meta property=\"article:modified_time\" content=\"2022-02-02T18:30:07+00:00\" \/>\n<meta property=\"og:image\" content=\"https:\/\/conversesacatalunya.cat\/wp-content\/uploads\/2022\/02\/idiotes.760x428.90a144e0.jpg\" \/>\n\t<meta property=\"og:image:width\" content=\"760\" \/>\n\t<meta property=\"og:image:height\" content=\"428\" \/>\n\t<meta property=\"og:image:type\" content=\"image\/jpeg\" \/>\n<meta name=\"author\" content=\"conversesacatalunya\" \/>\n<meta name=\"twitter:card\" content=\"summary_large_image\" \/>\n<meta name=\"twitter:label1\" content=\"Escrito por\" \/>\n\t<meta name=\"twitter:data1\" content=\"conversesacatalunya\" \/>\n\t<meta name=\"twitter:label2\" content=\"Tiempo de lectura\" \/>\n\t<meta name=\"twitter:data2\" content=\"1 minuto\" \/>\n<script type=\"application\/ld+json\" class=\"yoast-schema-graph\">{\"@context\":\"https:\/\/schema.org\",\"@graph\":[{\"@type\":\"Article\",\"@id\":\"https:\/\/conversesacatalunya.cat\/es\/teatre-borras-el-sopar-dels-idiotes\/#article\",\"isPartOf\":{\"@id\":\"https:\/\/conversesacatalunya.cat\/es\/teatre-borras-el-sopar-dels-idiotes\/\"},\"author\":{\"name\":\"conversesacatalunya\",\"@id\":\"https:\/\/conversesacatalunya.cat\/#\/schema\/person\/982274792508d804a0821b413c9ac076\"},\"headline\":\"Teatre Borr\u00e0s: \u00abEl sopar dels idiotes\u00bb\",\"datePublished\":\"2022-02-02T18:20:00+00:00\",\"dateModified\":\"2022-02-02T18:30:07+00:00\",\"mainEntityOfPage\":{\"@id\":\"https:\/\/conversesacatalunya.cat\/es\/teatre-borras-el-sopar-dels-idiotes\/\"},\"wordCount\":192,\"commentCount\":0,\"image\":{\"@id\":\"https:\/\/conversesacatalunya.cat\/es\/teatre-borras-el-sopar-dels-idiotes\/#primaryimage\"},\"thumbnailUrl\":\"https:\/\/conversesacatalunya.cat\/wp-content\/uploads\/2022\/02\/idiotes.760x428.90a144e0.jpg\",\"keywords\":[\"teatre\"],\"articleSection\":[\"Agenda (ES)\"],\"inLanguage\":\"es\",\"potentialAction\":[{\"@type\":\"CommentAction\",\"name\":\"Comment\",\"target\":[\"https:\/\/conversesacatalunya.cat\/es\/teatre-borras-el-sopar-dels-idiotes\/#respond\"]}]},{\"@type\":\"WebPage\",\"@id\":\"https:\/\/conversesacatalunya.cat\/es\/teatre-borras-el-sopar-dels-idiotes\/\",\"url\":\"https:\/\/conversesacatalunya.cat\/es\/teatre-borras-el-sopar-dels-idiotes\/\",\"name\":\"Teatre Borr\u00e0s: \\\"El sopar dels idiotes\\\" - Converses a Catalunya\",\"isPartOf\":{\"@id\":\"https:\/\/conversesacatalunya.cat\/#website\"},\"primaryImageOfPage\":{\"@id\":\"https:\/\/conversesacatalunya.cat\/es\/teatre-borras-el-sopar-dels-idiotes\/#primaryimage\"},\"image\":{\"@id\":\"https:\/\/conversesacatalunya.cat\/es\/teatre-borras-el-sopar-dels-idiotes\/#primaryimage\"},\"thumbnailUrl\":\"https:\/\/conversesacatalunya.cat\/wp-content\/uploads\/2022\/02\/idiotes.760x428.90a144e0.jpg\",\"datePublished\":\"2022-02-02T18:20:00+00:00\",\"dateModified\":\"2022-02-02T18:30:07+00:00\",\"author\":{\"@id\":\"https:\/\/conversesacatalunya.cat\/#\/schema\/person\/982274792508d804a0821b413c9ac076\"},\"breadcrumb\":{\"@id\":\"https:\/\/conversesacatalunya.cat\/es\/teatre-borras-el-sopar-dels-idiotes\/#breadcrumb\"},\"inLanguage\":\"es\",\"potentialAction\":[{\"@type\":\"ReadAction\",\"target\":[\"https:\/\/conversesacatalunya.cat\/es\/teatre-borras-el-sopar-dels-idiotes\/\"]}]},{\"@type\":\"ImageObject\",\"inLanguage\":\"es\",\"@id\":\"https:\/\/conversesacatalunya.cat\/es\/teatre-borras-el-sopar-dels-idiotes\/#primaryimage\",\"url\":\"https:\/\/conversesacatalunya.cat\/wp-content\/uploads\/2022\/02\/idiotes.760x428.90a144e0.jpg\",\"contentUrl\":\"https:\/\/conversesacatalunya.cat\/wp-content\/uploads\/2022\/02\/idiotes.760x428.90a144e0.jpg\",\"width\":760,\"height\":428},{\"@type\":\"BreadcrumbList\",\"@id\":\"https:\/\/conversesacatalunya.cat\/es\/teatre-borras-el-sopar-dels-idiotes\/#breadcrumb\",\"itemListElement\":[{\"@type\":\"ListItem\",\"position\":1,\"name\":\"Inici\",\"item\":\"https:\/\/conversesacatalunya.cat\/es\/\"},{\"@type\":\"ListItem\",\"position\":2,\"name\":\"Teatre Borr\u00e0s: &#8220;El sopar dels idiotes&#8221;\"}]},{\"@type\":\"WebSite\",\"@id\":\"https:\/\/conversesacatalunya.cat\/#website\",\"url\":\"https:\/\/conversesacatalunya.cat\/\",\"name\":\"Converses a Catalunya\",\"description\":\"\",\"potentialAction\":[{\"@type\":\"SearchAction\",\"target\":{\"@type\":\"EntryPoint\",\"urlTemplate\":\"https:\/\/conversesacatalunya.cat\/?s={search_term_string}\"},\"query-input\":{\"@type\":\"PropertyValueSpecification\",\"valueRequired\":true,\"valueName\":\"search_term_string\"}}],\"inLanguage\":\"es\"},{\"@type\":\"Person\",\"@id\":\"https:\/\/conversesacatalunya.cat\/#\/schema\/person\/982274792508d804a0821b413c9ac076\",\"name\":\"conversesacatalunya\",\"image\":{\"@type\":\"ImageObject\",\"inLanguage\":\"es\",\"@id\":\"https:\/\/conversesacatalunya.cat\/#\/schema\/person\/image\/\",\"url\":\"https:\/\/conversesacatalunya.cat\/wp-content\/litespeed\/avatar\/f04b47eeffd9637c7cf7869e217fb9ec.jpg?ver=1777370077\",\"contentUrl\":\"https:\/\/conversesacatalunya.cat\/wp-content\/litespeed\/avatar\/f04b47eeffd9637c7cf7869e217fb9ec.jpg?ver=1777370077\",\"caption\":\"conversesacatalunya\"},\"url\":\"https:\/\/conversesacatalunya.cat\/es\/author\/muntsa_escola\/\"}]}<\/script>\n<!-- \/ Yoast SEO plugin. -->","yoast_head_json":{"title":"Teatre Borr\u00e0s: \"El sopar dels idiotes\" - Converses a Catalunya","robots":{"index":"noindex","follow":"nofollow"},"og_locale":"es_ES","og_type":"article","og_title":"Teatre Borr\u00e0s: \"El sopar dels idiotes\" - Converses a Catalunya","og_description":"\u00abLa cena de los idiotas\u00bb, de Francis Veber, se ha convertido en uno de los cl\u00e1sicos del humor m\u00e1s representados con \u00e9xito en todo el mundo. Vuelve a nuestros escenarios para ofrecernos una divertid\u00edsima cr\u00edtica de una sociedad en la que no es f\u00e1cil saber qui\u00e9n es realmente el idiota. Un grupo de amigos organiza peri\u00f3dicamente una \u201ccena de los idiotas\u201d, en la que invitan a personas aparentemente est\u00fapidas por pura diversi\u00f3n. La experiencia se rompe el d\u00eda en que uno de los amigos sufre un ataque de lumbalgia y se enfrenta cara a cara con las vivencias y reflexiones personales del m\u00e1s idiota, y acaba d\u00e1ndose cuenta de que \u00e9l tambi\u00e9n forma parte de esta categor\u00eda. HORARIOS D\u00edas Horas Precios Observaciones Mi\u00e9rcoles, jueves y viernes a las 20.00 h Entrada general de: 22 a 26 \u20ac (+ gastos de gesti\u00f3n) Duraci\u00f3n: 1 h 40 minutos S\u00e1bado a las 17.00 hy a las 20.00 h Domingo a las 17.00 h Se celebra y se venden las entradas en el Teatre Borr\u00e0shasta el 27 de febrero de 2022.","og_url":"https:\/\/conversesacatalunya.cat\/es\/teatre-borras-el-sopar-dels-idiotes\/","og_site_name":"Converses a Catalunya","article_published_time":"2022-02-02T18:20:00+00:00","article_modified_time":"2022-02-02T18:30:07+00:00","og_image":[{"width":760,"height":428,"url":"https:\/\/conversesacatalunya.cat\/wp-content\/uploads\/2022\/02\/idiotes.760x428.90a144e0.jpg","type":"image\/jpeg"}],"author":"conversesacatalunya","twitter_card":"summary_large_image","twitter_misc":{"Escrito por":"conversesacatalunya","Tiempo de lectura":"1 minuto"},"schema":{"@context":"https:\/\/schema.org","@graph":[{"@type":"Article","@id":"https:\/\/conversesacatalunya.cat\/es\/teatre-borras-el-sopar-dels-idiotes\/#article","isPartOf":{"@id":"https:\/\/conversesacatalunya.cat\/es\/teatre-borras-el-sopar-dels-idiotes\/"},"author":{"name":"conversesacatalunya","@id":"https:\/\/conversesacatalunya.cat\/#\/schema\/person\/982274792508d804a0821b413c9ac076"},"headline":"Teatre Borr\u00e0s: \u00abEl sopar dels idiotes\u00bb","datePublished":"2022-02-02T18:20:00+00:00","dateModified":"2022-02-02T18:30:07+00:00","mainEntityOfPage":{"@id":"https:\/\/conversesacatalunya.cat\/es\/teatre-borras-el-sopar-dels-idiotes\/"},"wordCount":192,"commentCount":0,"image":{"@id":"https:\/\/conversesacatalunya.cat\/es\/teatre-borras-el-sopar-dels-idiotes\/#primaryimage"},"thumbnailUrl":"https:\/\/conversesacatalunya.cat\/wp-content\/uploads\/2022\/02\/idiotes.760x428.90a144e0.jpg","keywords":["teatre"],"articleSection":["Agenda (ES)"],"inLanguage":"es","potentialAction":[{"@type":"CommentAction","name":"Comment","target":["https:\/\/conversesacatalunya.cat\/es\/teatre-borras-el-sopar-dels-idiotes\/#respond"]}]},{"@type":"WebPage","@id":"https:\/\/conversesacatalunya.cat\/es\/teatre-borras-el-sopar-dels-idiotes\/","url":"https:\/\/conversesacatalunya.cat\/es\/teatre-borras-el-sopar-dels-idiotes\/","name":"Teatre Borr\u00e0s: \"El sopar dels idiotes\" - Converses a Catalunya","isPartOf":{"@id":"https:\/\/conversesacatalunya.cat\/#website"},"primaryImageOfPage":{"@id":"https:\/\/conversesacatalunya.cat\/es\/teatre-borras-el-sopar-dels-idiotes\/#primaryimage"},"image":{"@id":"https:\/\/conversesacatalunya.cat\/es\/teatre-borras-el-sopar-dels-idiotes\/#primaryimage"},"thumbnailUrl":"https:\/\/conversesacatalunya.cat\/wp-content\/uploads\/2022\/02\/idiotes.760x428.90a144e0.jpg","datePublished":"2022-02-02T18:20:00+00:00","dateModified":"2022-02-02T18:30:07+00:00","author":{"@id":"https:\/\/conversesacatalunya.cat\/#\/schema\/person\/982274792508d804a0821b413c9ac076"},"breadcrumb":{"@id":"https:\/\/conversesacatalunya.cat\/es\/teatre-borras-el-sopar-dels-idiotes\/#breadcrumb"},"inLanguage":"es","potentialAction":[{"@type":"ReadAction","target":["https:\/\/conversesacatalunya.cat\/es\/teatre-borras-el-sopar-dels-idiotes\/"]}]},{"@type":"ImageObject","inLanguage":"es","@id":"https:\/\/conversesacatalunya.cat\/es\/teatre-borras-el-sopar-dels-idiotes\/#primaryimage","url":"https:\/\/conversesacatalunya.cat\/wp-content\/uploads\/2022\/02\/idiotes.760x428.90a144e0.jpg","contentUrl":"https:\/\/conversesacatalunya.cat\/wp-content\/uploads\/2022\/02\/idiotes.760x428.90a144e0.jpg","width":760,"height":428},{"@type":"BreadcrumbList","@id":"https:\/\/conversesacatalunya.cat\/es\/teatre-borras-el-sopar-dels-idiotes\/#breadcrumb","itemListElement":[{"@type":"ListItem","position":1,"name":"Inici","item":"https:\/\/conversesacatalunya.cat\/es\/"},{"@type":"ListItem","position":2,"name":"Teatre Borr\u00e0s: &#8220;El sopar dels idiotes&#8221;"}]},{"@type":"WebSite","@id":"https:\/\/conversesacatalunya.cat\/#website","url":"https:\/\/conversesacatalunya.cat\/","name":"Converses a Catalunya","description":"","potentialAction":[{"@type":"SearchAction","target":{"@type":"EntryPoint","urlTemplate":"https:\/\/conversesacatalunya.cat\/?s={search_term_string}"},"query-input":{"@type":"PropertyValueSpecification","valueRequired":true,"valueName":"search_term_string"}}],"inLanguage":"es"},{"@type":"Person","@id":"https:\/\/conversesacatalunya.cat\/#\/schema\/person\/982274792508d804a0821b413c9ac076","name":"conversesacatalunya","image":{"@type":"ImageObject","inLanguage":"es","@id":"https:\/\/conversesacatalunya.cat\/#\/schema\/person\/image\/","url":"https:\/\/conversesacatalunya.cat\/wp-content\/litespeed\/avatar\/f04b47eeffd9637c7cf7869e217fb9ec.jpg?ver=1777370077","contentUrl":"https:\/\/conversesacatalunya.cat\/wp-content\/litespeed\/avatar\/f04b47eeffd9637c7cf7869e217fb9ec.jpg?ver=1777370077","caption":"conversesacatalunya"},"url":"https:\/\/conversesacatalunya.cat\/es\/author\/muntsa_escola\/"}]}},"wps_subtitle":"Vuelve uno de los cl\u00e1sicos del teatro de humor de nuestro tiempo","_links":{"self":[{"href":"https:\/\/conversesacatalunya.cat\/es\/wp-json\/wp\/v2\/posts\/54488","targetHints":{"allow":["GET"]}}],"collection":[{"href":"https:\/\/conversesacatalunya.cat\/es\/wp-json\/wp\/v2\/posts"}],"about":[{"href":"https:\/\/conversesacatalunya.cat\/es\/wp-json\/wp\/v2\/types\/post"}],"author":[{"embeddable":true,"href":"https:\/\/conversesacatalunya.cat\/es\/wp-json\/wp\/v2\/users\/3"}],"replies":[{"embeddable":true,"href":"https:\/\/conversesacatalunya.cat\/es\/wp-json\/wp\/v2\/comments?post=54488"}],"version-history":[{"count":3,"href":"https:\/\/conversesacatalunya.cat\/es\/wp-json\/wp\/v2\/posts\/54488\/revisions"}],"predecessor-version":[{"id":54491,"href":"https:\/\/conversesacatalunya.cat\/es\/wp-json\/wp\/v2\/posts\/54488\/revisions\/54491"}],"wp:featuredmedia":[{"embeddable":true,"href":"https:\/\/conversesacatalunya.cat\/es\/wp-json\/wp\/v2\/media\/54485"}],"wp:attachment":[{"href":"https:\/\/conversesacatalunya.cat\/es\/wp-json\/wp\/v2\/media?parent=54488"}],"wp:term":[{"taxonomy":"category","embeddable":true,"href":"https:\/\/conversesacatalunya.cat\/es\/wp-json\/wp\/v2\/categories?post=54488"},{"taxonomy":"post_tag","embeddable":true,"href":"https:\/\/conversesacatalunya.cat\/es\/wp-json\/wp\/v2\/tags?post=54488"}],"curies":[{"name":"wp","href":"https:\/\/api.w.org\/{rel}","templated":true}]}}