{"id":54466,"date":"2022-02-02T12:26:49","date_gmt":"2022-02-02T11:26:49","guid":{"rendered":"https:\/\/conversesacatalunya.cat\/mascaretes-al-carrer\/"},"modified":"2022-02-02T18:53:04","modified_gmt":"2022-02-02T17:53:04","slug":"mascarillas-en-la-calle","status":"publish","type":"post","link":"https:\/\/conversesacatalunya.cat\/es\/mascarillas-en-la-calle\/","title":{"rendered":"El fraude de las mascarillas en la calle. Atenci\u00f3n que nos volver\u00e1n a enredar"},"content":{"rendered":"<p>El Congreso de los Diputados vivi\u00f3 ayer otra sesi\u00f3n esperp\u00e9ntica que pone de relieve el grado de\u00a0<strong>degradaci\u00f3n de la democracia espa\u00f1ola<\/strong>.\u00a0Los parlamentos tienen sentido en la medida en que cumplen con su funci\u00f3n de representar la opini\u00f3n de los ciudadanos con transparencia y claridad, controlar la acci\u00f3n del ejecutivo y velar por que los acuerdos se produzcan de manera inequ\u00edvocamente clara; que no sea dar gato por liebre, para entendernos.<\/p>\n<p>Ayer el gobierno ten\u00eda por obligaci\u00f3n la necesidad de aprobar un decreto ley para seguir manteniendo vigente la absurda medida de\u00a0<strong>llevar obligatoriamente mascarilla a la calle<\/strong>, aunque no haya ninguna aglomeraci\u00f3n de personas.\u00a0Es la \u00fanica medida de car\u00e1cter estatal que ha adoptado el gobierno espa\u00f1ol en esta sexta ola.\u00a0El resto lo ha dejado en manos de las comunidades aut\u00f3nomas.\u00a0El porqu\u00e9 ha escogido una medida de profilaxis sanitaria tan in\u00fatil, la mascarilla en la calle, es un enigma.\u00a0Hay un consenso generalizado en la OMS, la comunidad m\u00e9dica y cient\u00edfica, de que es perfectamente\u00a0<strong>in\u00fatil<\/strong>.\u00a0Pero S\u00e1nchez, que basa su pol\u00edtica en no rectificar nunca, ha querido volver a mantener en vigor esa extra\u00f1a medida.<\/p>\n<p><span class=\"goog-text-highlight\">Como la correlaci\u00f3n de fuerzas en el Parlamento estaba claramente en contra, ha llevado a cabo una pr\u00e1ctica que es una\u00a0<\/span><strong><span class=\"goog-text-highlight\">burla para la democracia<\/span><\/strong><span class=\"goog-text-highlight\">\u00a0y una falta de respeto a los ciudadanos, que en demasiadas ocasiones olvidamos que somos los que estamos representados all\u00ed, aunque a menudo esta representaci\u00f3n brille por su ausencia.<\/span><\/p>\n<p>La decisi\u00f3n de aprobar en una\u00a0<strong>misma votaci\u00f3n<\/strong> el decreto que prorrogaba el uso de la mascarilla en el espacio p\u00fablico y la paga adicional que normalmente se concede a los jubilados, ha logrado que realmente se aprobara la medida porque muy pocos partidos han estado dispuestos a correr el riesgo de votar contra la mascarilla, para que despu\u00e9s les reprochen que han votado contra <strong>dar m\u00e1s dinero a los jubilados<\/strong>.\u00a0As\u00ed funciona la democracia en nuestro pa\u00eds.<\/p>\n<p>Un funcionamiento muy triste del que desgraciadamente Catalu\u00f1a, en la figura de su Parlament, no se escapa, porque contin\u00faa el suma y sigue desprop\u00f3sitos. Primero fue la cuesti\u00f3n de los\u00a0<strong>funcionarios prejubilados<\/strong>\u00a0que cobraban mucho por no trabajar, despu\u00e9s las\u00a0<strong>dietas por los viajes<\/strong> que no hacen, y si a esto se le suma los elevad\u00edsimos niveles de retribuci\u00f3n a funcionarios y diputados y se le a\u00f1ade el esc\u00e1ndalo que se produjo la semana pasada cuando el objeto de un pleno fue un acto de desagravio a las <a href=\"https:\/\/conversesacatalunya.cat\/es\/nos-someten-a-una-guerra-cultural-terrible-ahora-tocan-las-brujas\/\"><strong>brujas del siglo XVI<\/strong><\/a> y el acuerdo de que los ayuntamientos pusieran en las calles sus nombres, ahora se le a\u00f1ade una nueva decisi\u00f3n arbitraria, como es que <strong>la presidenta ha suspendido durante unos d\u00edas toda la actividad parlamentaria <\/strong>al objeto de impedir o retrasar el cumplimiento del acuerdo de la junta electoral que inhabilitaba por desobediencia a un diputado de la CUP.<\/p>\n<p>A ver si nos enteremos de una vez que el Parlamento no es propiedad de nadie, ni del gobierno ni de ninguna mayor\u00eda parlamentaria.\u00a0<span class=\"goog-text-highlight\">El Parlamento se debe en su funcionamiento a las normas internas que deben salvaguardar sus funciones, regular al servicio de los intereses y las necesidades del pueblo de Catalu\u00f1a que es a quien representa. <\/span>Ni la presidenta, ni la mesa son nadie por suspender, por razones pol\u00edticas de partido, el normal desarrollo de la actividad parlamentaria.\u00a0Cuando esto se hace en alg\u00fan lugar del mundo, que suele ser en alg\u00fan pa\u00eds de Am\u00e9rica Latina o en \u00c1frica, el suceso de la suspensi\u00f3n parlamentaria tiene un nombre muy feo que no liga nada con un sistema democr\u00e1tico.<\/p>\n<p><span class=\"goog-text-highlight\">Cu\u00e1ntos escalones m\u00e1s tenemos que bajar para constatar que el funcionamiento de nuestra democracia en Catalu\u00f1a y en las instituciones espa\u00f1olas no es que sea cada vez m\u00e1s ineficiente, algo evidente de hace tiempo, sino que adem\u00e1s es fraudulento porque se convierten estas instituciones, que nos representan a todos, en\u00a0<\/span><strong><span class=\"goog-text-highlight\">juguetes en manos de la mayor\u00eda de turno,<\/span><\/strong><span class=\"goog-text-highlight\"> que los utiliza de la forma que mejor les conviene sin ning\u00fan respeto a los derechos de los ciudadanos a estar bien representados.<\/span><\/p>\n<div id=\"polls-136\" class=\"wp-polls\">\n\t<form id=\"polls_form_136\" class=\"wp-polls-form\" action=\"\/index.php\" method=\"post\">\n\t\t<p style=\"display: none;\"><input type=\"hidden\" id=\"poll_136_nonce\" name=\"wp-polls-nonce\" value=\"a13ef752b2\" \/><\/p>\n\t\t<p style=\"display: none;\"><input type=\"hidden\" name=\"poll_id\" value=\"136\" \/><\/p>\n\t\t<p style=\"text-align: center\"><strong>Est\u00e0s d'acord que l'estel de la Sagrada Fam\u00edlia es mantingui apagat per iniciativa de l'Ajuntament de Barcelona?<\/strong><\/p><div id=\"polls-136-ans\" class=\"wp-polls-ans\"><ul class=\"wp-polls-ul\">\n\t\t<li><input type=\"radio\" id=\"poll-answer-344\" name=\"poll_136\" value=\"344\" \/> <label for=\"poll-answer-344\">S\u00ed<\/label><\/li>\n\t\t<li><input type=\"radio\" id=\"poll-answer-345\" name=\"poll_136\" value=\"345\" \/> <label for=\"poll-answer-345\">No<\/label><\/li>\n\t\t<li><input type=\"radio\" id=\"poll-answer-346\" name=\"poll_136\" value=\"346\" \/> <label for=\"poll-answer-346\">No ho s\u00e9<\/label><\/li>\n\t\t<\/ul><p style=\"text-align: center\"><input type=\"button\" name=\"vote\" value=\"   Vota   \" class=\"Buttons\" onclick=\"poll_vote(136);\" \/><\/p><p style=\"text-align: center\"><a href=\"#ViewPollResults\" onclick=\"poll_result(136); return false;\" title=\"View Results Of This Poll\">Mira els resultats<\/a><\/p><\/div>\n\t<\/form>\n<\/div>\n<div id=\"polls-136-loading\" class=\"wp-polls-loading\"><img decoding=\"async\" data-src=\"https:\/\/conversesacatalunya.cat\/wp-content\/plugins\/wp-polls\/images\/loading.gif\" width=\"16\" height=\"16\" alt=\"Cargando ...\" title=\"Cargando ...\" class=\"wp-polls-image lazyload\" src=\"data:image\/svg+xml;base64,PHN2ZyB3aWR0aD0iMSIgaGVpZ2h0PSIxIiB4bWxucz0iaHR0cDovL3d3dy53My5vcmcvMjAwMC9zdmciPjwvc3ZnPg==\" style=\"--smush-placeholder-width: 16px; --smush-placeholder-aspect-ratio: 16\/16;\" \/>&nbsp;Cargando ...<\/div>\n\n","protected":false},"excerpt":{"rendered":"<p>El Congreso de los Diputados vivi\u00f3 ayer otra sesi\u00f3n esperp\u00e9ntica que pone de relieve el grado de\u00a0degradaci\u00f3n de la democracia espa\u00f1ola.\u00a0Los parlamentos tienen sentido en la medida en que cumplen con su funci\u00f3n de representar la opini\u00f3n de los ciudadanos con transparencia y claridad, controlar la acci\u00f3n del ejecutivo y velar por que los acuerdos se produzcan de manera inequ\u00edvocamente clara; que no sea dar gato por liebre, para entendernos. Ayer el gobierno ten\u00eda por obligaci\u00f3n la necesidad de aprobar un decreto ley para seguir manteniendo vigente la absurda medida de\u00a0llevar obligatoriamente mascarilla a la calle, aunque no haya ninguna aglomeraci\u00f3n de personas.\u00a0Es la \u00fanica medida de car\u00e1cter estatal que ha adoptado el gobierno espa\u00f1ol en esta sexta ola.\u00a0El resto lo ha dejado en manos de las comunidades aut\u00f3nomas.\u00a0El porqu\u00e9 ha escogido una medida de profilaxis sanitaria tan in\u00fatil, la mascarilla en la calle, es un enigma.\u00a0Hay un consenso generalizado en la OMS, la comunidad m\u00e9dica y cient\u00edfica, de que es perfectamente\u00a0in\u00fatil.\u00a0Pero S\u00e1nchez, que basa su pol\u00edtica en no rectificar nunca, ha querido volver a mantener en vigor esa extra\u00f1a medida. Como la correlaci\u00f3n de fuerzas en el Parlamento estaba claramente en contra, ha llevado a cabo una pr\u00e1ctica que es una\u00a0burla para la democracia\u00a0y una falta de respeto a los ciudadanos, que en demasiadas ocasiones olvidamos que somos los que estamos representados all\u00ed, aunque a menudo esta representaci\u00f3n brille por su ausencia. La decisi\u00f3n de aprobar en una\u00a0misma votaci\u00f3n el decreto que prorrogaba el uso de la mascarilla en el espacio p\u00fablico y la paga adicional que normalmente se concede a los jubilados, ha logrado que realmente se aprobara la medida porque muy pocos partidos han estado dispuestos a correr el riesgo de votar contra la mascarilla, para que despu\u00e9s les reprochen que han votado contra dar m\u00e1s dinero a los jubilados.\u00a0As\u00ed funciona la democracia en nuestro pa\u00eds. Un funcionamiento muy triste del que desgraciadamente Catalu\u00f1a, en la figura de su Parlament, no se escapa, porque contin\u00faa el suma y sigue desprop\u00f3sitos. Primero fue la cuesti\u00f3n de los\u00a0funcionarios prejubilados\u00a0que cobraban mucho por no trabajar, despu\u00e9s las\u00a0dietas por los viajes que no hacen, y si a esto se le suma los elevad\u00edsimos niveles de retribuci\u00f3n a funcionarios y diputados y se le a\u00f1ade el esc\u00e1ndalo que se produjo la semana pasada cuando el objeto de un pleno fue un acto de desagravio a las brujas del siglo XVI y el acuerdo de que los ayuntamientos pusieran en las calles sus nombres, ahora se le a\u00f1ade una nueva decisi\u00f3n arbitraria, como es que la presidenta ha suspendido durante unos d\u00edas toda la actividad parlamentaria al objeto de impedir o retrasar el cumplimiento del acuerdo de la junta electoral que inhabilitaba por desobediencia a un diputado de la CUP. A ver si nos enteremos de una vez que el Parlamento no es propiedad de nadie, ni del gobierno ni de ninguna mayor\u00eda parlamentaria.\u00a0El Parlamento se debe en su funcionamiento a las normas internas que deben salvaguardar sus funciones, regular al servicio de los intereses y las necesidades del pueblo de Catalu\u00f1a que es a quien representa. Ni la presidenta, ni la mesa son nadie por suspender, por razones pol\u00edticas de partido, el normal desarrollo de la actividad parlamentaria.\u00a0Cuando esto se hace en alg\u00fan lugar del mundo, que suele ser en alg\u00fan pa\u00eds de Am\u00e9rica Latina o en \u00c1frica, el suceso de la suspensi\u00f3n parlamentaria tiene un nombre muy feo que no liga nada con un sistema democr\u00e1tico. Cu\u00e1ntos escalones m\u00e1s tenemos que bajar para constatar que el funcionamiento de nuestra democracia en Catalu\u00f1a y en las instituciones espa\u00f1olas no es que sea cada vez m\u00e1s ineficiente, algo evidente de hace tiempo, sino que adem\u00e1s es fraudulento porque se convierten estas instituciones, que nos representan a todos, en\u00a0juguetes en manos de la mayor\u00eda de turno, que los utiliza de la forma que mejor les conviene sin ning\u00fan respeto a los derechos de los ciudadanos a estar bien representados.<\/p>\n","protected":false},"author":2,"featured_media":54459,"comment_status":"open","ping_status":"open","sticky":false,"template":"","format":"standard","meta":{"_FSMCFIC_featured_image_caption":"","_FSMCFIC_featured_image_nocaption":"","_FSMCFIC_featured_image_hide":"","footnotes":""},"categories":[1772,806],"tags":[1978,1981],"class_list":["post-54466","post","type-post","status-publish","format-standard","has-post-thumbnail","hentry","category-especial-coronavirus-es","category-punts-claus-del-dia-es","tag-mascaretes-es","tag-mascarillas"],"yoast_head":"<!-- This site is optimized with the Yoast SEO plugin v26.8 - https:\/\/yoast.com\/product\/yoast-seo-wordpress\/ -->\n<title>El fraude de las mascarillas en la calle. Atenci\u00f3n que nos volver\u00e1n a enredar - Converses a Catalunya<\/title>\n<meta name=\"description\" content=\"Com el Parlament estava clarament en contra, ha dut a terme una pr\u00e0ctica que \u00e9s una burla per a la democr\u00e0cia i una falta de respecte als ciutadans,\" \/>\n<meta name=\"robots\" content=\"index, follow, max-snippet:-1, max-image-preview:large, max-video-preview:-1\" \/>\n<link rel=\"canonical\" href=\"https:\/\/conversesacatalunya.cat\/es\/mascarillas-en-la-calle\/\" \/>\n<meta property=\"og:locale\" content=\"es_ES\" \/>\n<meta property=\"og:type\" content=\"article\" \/>\n<meta property=\"og:title\" content=\"El fraude de las mascarillas en la calle. Atenci\u00f3n que nos volver\u00e1n a enredar - Converses a Catalunya\" \/>\n<meta property=\"og:description\" content=\"Com el Parlament estava clarament en contra, ha dut a terme una pr\u00e0ctica que \u00e9s una burla per a la democr\u00e0cia i una falta de respecte als ciutadans,\" \/>\n<meta property=\"og:url\" content=\"https:\/\/conversesacatalunya.cat\/es\/mascarillas-en-la-calle\/\" \/>\n<meta property=\"og:site_name\" content=\"Converses a Catalunya\" \/>\n<meta property=\"article:published_time\" content=\"2022-02-02T11:26:49+00:00\" \/>\n<meta property=\"article:modified_time\" content=\"2022-02-02T17:53:04+00:00\" \/>\n<meta property=\"og:image\" content=\"https:\/\/conversesacatalunya.cat\/wp-content\/uploads\/2022\/02\/mascaretes-al-carrer.jpg\" \/>\n\t<meta property=\"og:image:width\" content=\"880\" \/>\n\t<meta property=\"og:image:height\" content=\"495\" \/>\n\t<meta property=\"og:image:type\" content=\"image\/jpeg\" \/>\n<meta name=\"author\" content=\"conversesacatalunya\" \/>\n<meta name=\"twitter:card\" content=\"summary_large_image\" \/>\n<meta name=\"twitter:label1\" content=\"Escrito por\" \/>\n\t<meta name=\"twitter:data1\" content=\"conversesacatalunya\" \/>\n\t<meta name=\"twitter:label2\" content=\"Tiempo de lectura\" \/>\n\t<meta name=\"twitter:data2\" content=\"4 minutos\" \/>\n<script type=\"application\/ld+json\" class=\"yoast-schema-graph\">{\"@context\":\"https:\/\/schema.org\",\"@graph\":[{\"@type\":\"Article\",\"@id\":\"https:\/\/conversesacatalunya.cat\/es\/mascarillas-en-la-calle\/#article\",\"isPartOf\":{\"@id\":\"https:\/\/conversesacatalunya.cat\/es\/mascarillas-en-la-calle\/\"},\"author\":{\"name\":\"conversesacatalunya\",\"@id\":\"https:\/\/conversesacatalunya.cat\/#\/schema\/person\/7e24d1e54a2785373ddcb275eae5ed99\"},\"headline\":\"El fraude de las mascarillas en la calle. Atenci\u00f3n que nos volver\u00e1n a enredar\",\"datePublished\":\"2022-02-02T11:26:49+00:00\",\"dateModified\":\"2022-02-02T17:53:04+00:00\",\"mainEntityOfPage\":{\"@id\":\"https:\/\/conversesacatalunya.cat\/es\/mascarillas-en-la-calle\/\"},\"wordCount\":751,\"commentCount\":0,\"image\":{\"@id\":\"https:\/\/conversesacatalunya.cat\/es\/mascarillas-en-la-calle\/#primaryimage\"},\"thumbnailUrl\":\"https:\/\/conversesacatalunya.cat\/wp-content\/uploads\/2022\/02\/mascaretes-al-carrer.jpg\",\"keywords\":[\"mascaretes\",\"mascarillas\"],\"articleSection\":[\"Especial Coronavirus (ES)\",\"Punts clau del dia (ES)\"],\"inLanguage\":\"es\",\"potentialAction\":[{\"@type\":\"CommentAction\",\"name\":\"Comment\",\"target\":[\"https:\/\/conversesacatalunya.cat\/es\/mascarillas-en-la-calle\/#respond\"]}]},{\"@type\":\"WebPage\",\"@id\":\"https:\/\/conversesacatalunya.cat\/es\/mascarillas-en-la-calle\/\",\"url\":\"https:\/\/conversesacatalunya.cat\/es\/mascarillas-en-la-calle\/\",\"name\":\"El fraude de las mascarillas en la calle. Atenci\u00f3n que nos volver\u00e1n a enredar - Converses a Catalunya\",\"isPartOf\":{\"@id\":\"https:\/\/conversesacatalunya.cat\/#website\"},\"primaryImageOfPage\":{\"@id\":\"https:\/\/conversesacatalunya.cat\/es\/mascarillas-en-la-calle\/#primaryimage\"},\"image\":{\"@id\":\"https:\/\/conversesacatalunya.cat\/es\/mascarillas-en-la-calle\/#primaryimage\"},\"thumbnailUrl\":\"https:\/\/conversesacatalunya.cat\/wp-content\/uploads\/2022\/02\/mascaretes-al-carrer.jpg\",\"datePublished\":\"2022-02-02T11:26:49+00:00\",\"dateModified\":\"2022-02-02T17:53:04+00:00\",\"author\":{\"@id\":\"https:\/\/conversesacatalunya.cat\/#\/schema\/person\/7e24d1e54a2785373ddcb275eae5ed99\"},\"description\":\"Com el Parlament estava clarament en contra, ha dut a terme una pr\u00e0ctica que \u00e9s una burla per a la democr\u00e0cia i una falta de respecte als ciutadans,\",\"breadcrumb\":{\"@id\":\"https:\/\/conversesacatalunya.cat\/es\/mascarillas-en-la-calle\/#breadcrumb\"},\"inLanguage\":\"es\",\"potentialAction\":[{\"@type\":\"ReadAction\",\"target\":[\"https:\/\/conversesacatalunya.cat\/es\/mascarillas-en-la-calle\/\"]}]},{\"@type\":\"ImageObject\",\"inLanguage\":\"es\",\"@id\":\"https:\/\/conversesacatalunya.cat\/es\/mascarillas-en-la-calle\/#primaryimage\",\"url\":\"https:\/\/conversesacatalunya.cat\/wp-content\/uploads\/2022\/02\/mascaretes-al-carrer.jpg\",\"contentUrl\":\"https:\/\/conversesacatalunya.cat\/wp-content\/uploads\/2022\/02\/mascaretes-al-carrer.jpg\",\"width\":880,\"height\":495,\"caption\":\"mascaretes al carrer\"},{\"@type\":\"BreadcrumbList\",\"@id\":\"https:\/\/conversesacatalunya.cat\/es\/mascarillas-en-la-calle\/#breadcrumb\",\"itemListElement\":[{\"@type\":\"ListItem\",\"position\":1,\"name\":\"Inici\",\"item\":\"https:\/\/conversesacatalunya.cat\/es\/\"},{\"@type\":\"ListItem\",\"position\":2,\"name\":\"El fraude de las mascarillas en la calle. Atenci\u00f3n que nos volver\u00e1n a enredar\"}]},{\"@type\":\"WebSite\",\"@id\":\"https:\/\/conversesacatalunya.cat\/#website\",\"url\":\"https:\/\/conversesacatalunya.cat\/\",\"name\":\"Converses a Catalunya\",\"description\":\"\",\"potentialAction\":[{\"@type\":\"SearchAction\",\"target\":{\"@type\":\"EntryPoint\",\"urlTemplate\":\"https:\/\/conversesacatalunya.cat\/?s={search_term_string}\"},\"query-input\":{\"@type\":\"PropertyValueSpecification\",\"valueRequired\":true,\"valueName\":\"search_term_string\"}}],\"inLanguage\":\"es\"},{\"@type\":\"Person\",\"@id\":\"https:\/\/conversesacatalunya.cat\/#\/schema\/person\/7e24d1e54a2785373ddcb275eae5ed99\",\"name\":\"conversesacatalunya\",\"image\":{\"@type\":\"ImageObject\",\"inLanguage\":\"es\",\"@id\":\"https:\/\/conversesacatalunya.cat\/#\/schema\/person\/image\/\",\"url\":\"https:\/\/conversesacatalunya.cat\/wp-content\/litespeed\/avatar\/febdfeeec89d950f01c748045a981dd2.jpg?ver=1777314535\",\"contentUrl\":\"https:\/\/conversesacatalunya.cat\/wp-content\/litespeed\/avatar\/febdfeeec89d950f01c748045a981dd2.jpg?ver=1777314535\",\"caption\":\"conversesacatalunya\"},\"url\":\"https:\/\/conversesacatalunya.cat\/es\/author\/carme_catala\/\"}]}<\/script>\n<!-- \/ Yoast SEO plugin. -->","yoast_head_json":{"title":"El fraude de las mascarillas en la calle. Atenci\u00f3n que nos volver\u00e1n a enredar - Converses a Catalunya","description":"Com el Parlament estava clarament en contra, ha dut a terme una pr\u00e0ctica que \u00e9s una burla per a la democr\u00e0cia i una falta de respecte als ciutadans,","robots":{"index":"index","follow":"follow","max-snippet":"max-snippet:-1","max-image-preview":"max-image-preview:large","max-video-preview":"max-video-preview:-1"},"canonical":"https:\/\/conversesacatalunya.cat\/es\/mascarillas-en-la-calle\/","og_locale":"es_ES","og_type":"article","og_title":"El fraude de las mascarillas en la calle. Atenci\u00f3n que nos volver\u00e1n a enredar - Converses a Catalunya","og_description":"Com el Parlament estava clarament en contra, ha dut a terme una pr\u00e0ctica que \u00e9s una burla per a la democr\u00e0cia i una falta de respecte als ciutadans,","og_url":"https:\/\/conversesacatalunya.cat\/es\/mascarillas-en-la-calle\/","og_site_name":"Converses a Catalunya","article_published_time":"2022-02-02T11:26:49+00:00","article_modified_time":"2022-02-02T17:53:04+00:00","og_image":[{"width":880,"height":495,"url":"https:\/\/conversesacatalunya.cat\/wp-content\/uploads\/2022\/02\/mascaretes-al-carrer.jpg","type":"image\/jpeg"}],"author":"conversesacatalunya","twitter_card":"summary_large_image","twitter_misc":{"Escrito por":"conversesacatalunya","Tiempo de lectura":"4 minutos"},"schema":{"@context":"https:\/\/schema.org","@graph":[{"@type":"Article","@id":"https:\/\/conversesacatalunya.cat\/es\/mascarillas-en-la-calle\/#article","isPartOf":{"@id":"https:\/\/conversesacatalunya.cat\/es\/mascarillas-en-la-calle\/"},"author":{"name":"conversesacatalunya","@id":"https:\/\/conversesacatalunya.cat\/#\/schema\/person\/7e24d1e54a2785373ddcb275eae5ed99"},"headline":"El fraude de las mascarillas en la calle. Atenci\u00f3n que nos volver\u00e1n a enredar","datePublished":"2022-02-02T11:26:49+00:00","dateModified":"2022-02-02T17:53:04+00:00","mainEntityOfPage":{"@id":"https:\/\/conversesacatalunya.cat\/es\/mascarillas-en-la-calle\/"},"wordCount":751,"commentCount":0,"image":{"@id":"https:\/\/conversesacatalunya.cat\/es\/mascarillas-en-la-calle\/#primaryimage"},"thumbnailUrl":"https:\/\/conversesacatalunya.cat\/wp-content\/uploads\/2022\/02\/mascaretes-al-carrer.jpg","keywords":["mascaretes","mascarillas"],"articleSection":["Especial Coronavirus (ES)","Punts clau del dia (ES)"],"inLanguage":"es","potentialAction":[{"@type":"CommentAction","name":"Comment","target":["https:\/\/conversesacatalunya.cat\/es\/mascarillas-en-la-calle\/#respond"]}]},{"@type":"WebPage","@id":"https:\/\/conversesacatalunya.cat\/es\/mascarillas-en-la-calle\/","url":"https:\/\/conversesacatalunya.cat\/es\/mascarillas-en-la-calle\/","name":"El fraude de las mascarillas en la calle. Atenci\u00f3n que nos volver\u00e1n a enredar - Converses a Catalunya","isPartOf":{"@id":"https:\/\/conversesacatalunya.cat\/#website"},"primaryImageOfPage":{"@id":"https:\/\/conversesacatalunya.cat\/es\/mascarillas-en-la-calle\/#primaryimage"},"image":{"@id":"https:\/\/conversesacatalunya.cat\/es\/mascarillas-en-la-calle\/#primaryimage"},"thumbnailUrl":"https:\/\/conversesacatalunya.cat\/wp-content\/uploads\/2022\/02\/mascaretes-al-carrer.jpg","datePublished":"2022-02-02T11:26:49+00:00","dateModified":"2022-02-02T17:53:04+00:00","author":{"@id":"https:\/\/conversesacatalunya.cat\/#\/schema\/person\/7e24d1e54a2785373ddcb275eae5ed99"},"description":"Com el Parlament estava clarament en contra, ha dut a terme una pr\u00e0ctica que \u00e9s una burla per a la democr\u00e0cia i una falta de respecte als ciutadans,","breadcrumb":{"@id":"https:\/\/conversesacatalunya.cat\/es\/mascarillas-en-la-calle\/#breadcrumb"},"inLanguage":"es","potentialAction":[{"@type":"ReadAction","target":["https:\/\/conversesacatalunya.cat\/es\/mascarillas-en-la-calle\/"]}]},{"@type":"ImageObject","inLanguage":"es","@id":"https:\/\/conversesacatalunya.cat\/es\/mascarillas-en-la-calle\/#primaryimage","url":"https:\/\/conversesacatalunya.cat\/wp-content\/uploads\/2022\/02\/mascaretes-al-carrer.jpg","contentUrl":"https:\/\/conversesacatalunya.cat\/wp-content\/uploads\/2022\/02\/mascaretes-al-carrer.jpg","width":880,"height":495,"caption":"mascaretes al carrer"},{"@type":"BreadcrumbList","@id":"https:\/\/conversesacatalunya.cat\/es\/mascarillas-en-la-calle\/#breadcrumb","itemListElement":[{"@type":"ListItem","position":1,"name":"Inici","item":"https:\/\/conversesacatalunya.cat\/es\/"},{"@type":"ListItem","position":2,"name":"El fraude de las mascarillas en la calle. Atenci\u00f3n que nos volver\u00e1n a enredar"}]},{"@type":"WebSite","@id":"https:\/\/conversesacatalunya.cat\/#website","url":"https:\/\/conversesacatalunya.cat\/","name":"Converses a Catalunya","description":"","potentialAction":[{"@type":"SearchAction","target":{"@type":"EntryPoint","urlTemplate":"https:\/\/conversesacatalunya.cat\/?s={search_term_string}"},"query-input":{"@type":"PropertyValueSpecification","valueRequired":true,"valueName":"search_term_string"}}],"inLanguage":"es"},{"@type":"Person","@id":"https:\/\/conversesacatalunya.cat\/#\/schema\/person\/7e24d1e54a2785373ddcb275eae5ed99","name":"conversesacatalunya","image":{"@type":"ImageObject","inLanguage":"es","@id":"https:\/\/conversesacatalunya.cat\/#\/schema\/person\/image\/","url":"https:\/\/conversesacatalunya.cat\/wp-content\/litespeed\/avatar\/febdfeeec89d950f01c748045a981dd2.jpg?ver=1777314535","contentUrl":"https:\/\/conversesacatalunya.cat\/wp-content\/litespeed\/avatar\/febdfeeec89d950f01c748045a981dd2.jpg?ver=1777314535","caption":"conversesacatalunya"},"url":"https:\/\/conversesacatalunya.cat\/es\/author\/carme_catala\/"}]}},"wps_subtitle":"Como el Parlamento estaba claramente en contra, ha llevado a cabo una pr\u00e1ctica que es una burla para la democracia y una falta de respeto a los ciudadanos,","_links":{"self":[{"href":"https:\/\/conversesacatalunya.cat\/es\/wp-json\/wp\/v2\/posts\/54466","targetHints":{"allow":["GET"]}}],"collection":[{"href":"https:\/\/conversesacatalunya.cat\/es\/wp-json\/wp\/v2\/posts"}],"about":[{"href":"https:\/\/conversesacatalunya.cat\/es\/wp-json\/wp\/v2\/types\/post"}],"author":[{"embeddable":true,"href":"https:\/\/conversesacatalunya.cat\/es\/wp-json\/wp\/v2\/users\/2"}],"replies":[{"embeddable":true,"href":"https:\/\/conversesacatalunya.cat\/es\/wp-json\/wp\/v2\/comments?post=54466"}],"version-history":[{"count":4,"href":"https:\/\/conversesacatalunya.cat\/es\/wp-json\/wp\/v2\/posts\/54466\/revisions"}],"predecessor-version":[{"id":54481,"href":"https:\/\/conversesacatalunya.cat\/es\/wp-json\/wp\/v2\/posts\/54466\/revisions\/54481"}],"wp:featuredmedia":[{"embeddable":true,"href":"https:\/\/conversesacatalunya.cat\/es\/wp-json\/wp\/v2\/media\/54459"}],"wp:attachment":[{"href":"https:\/\/conversesacatalunya.cat\/es\/wp-json\/wp\/v2\/media?parent=54466"}],"wp:term":[{"taxonomy":"category","embeddable":true,"href":"https:\/\/conversesacatalunya.cat\/es\/wp-json\/wp\/v2\/categories?post=54466"},{"taxonomy":"post_tag","embeddable":true,"href":"https:\/\/conversesacatalunya.cat\/es\/wp-json\/wp\/v2\/tags?post=54466"}],"curies":[{"name":"wp","href":"https:\/\/api.w.org\/{rel}","templated":true}]}}