{"id":54416,"date":"2022-02-01T12:50:19","date_gmt":"2022-02-01T11:50:19","guid":{"rendered":"https:\/\/conversesacatalunya.cat\/la-nova-guerra-a-europa-el-festival-deurovisio\/"},"modified":"2022-02-01T13:38:04","modified_gmt":"2022-02-01T12:38:04","slug":"la-nueva-guerra-en-europa-el-festival-de-eurovision","status":"publish","type":"post","link":"https:\/\/conversesacatalunya.cat\/es\/la-nueva-guerra-en-europa-el-festival-de-eurovision\/","title":{"rendered":"La nueva guerra en Europa. El Festival de Eurovisi\u00f3n"},"content":{"rendered":"<p><span>Espa\u00f1a vive una \u201cguerra\u201d referida a Europa y a la <\/span><strong><span>canci\u00f3n que debe representarnos en Espa\u00f1a en el Festival de Eurovisi\u00f3n<\/span><\/strong><span>.\u00a0Quien iba que con la que estaba cayendo, \u00e9ste fuera el tema que ha encendido el fuego en las masas y que, por una vez, \u00e9stas y la vida pol\u00edtica coinciden.<\/span><\/p>\n<p><span>Espa\u00f1a vive prisionera de una serie de crisis y conflictos que no terminan de encontrar soluci\u00f3n. Solo hay que recordar el problema del paro estructural de larga duraci\u00f3n, que los buenos datos sobre el reciente empleo no pueden ocultar, o el hecho de que despu\u00e9s de m\u00e1s de 100.000 muertes por covid no se hayan pasado cuentas del por qu\u00e9 y c\u00f3mo se han producido y, fiscal\u00eda incluida, los partidos parezcan interesados \u200b\u200ben pasar p\u00e1gina cuando ha sido y es el mayor desastre despu\u00e9s de la Guerra Civil. Citemos estos dos problemas como ejemplo de una larga lista de cuestiones que nos afectan de forma grave, muy grave, la falta de natalidad ser\u00eda otra, y que no mueven a ning\u00fan inter\u00e9s especial por parte del grueso de la sociedad, ni forman parte de la agenda pol\u00edtica. Pero viene el <\/span><strong><span>Benidorm Fest <\/span><\/strong><span>para seleccionar la canci\u00f3n que debe representar en Espa\u00f1a en Eurovisi\u00f3n y se monta el gran debate sobre la injusticia o justicia de la canci\u00f3n ganadora. Aqu\u00ed s\u00ed que hay vibraci\u00f3n social y pol\u00edtica, aqu\u00ed s\u00ed que hay un inter\u00e9s patente.<\/span><\/p>\n<p><span>Todo empez\u00f3 antes del festival, con el hecho ins\u00f3lito de que dos ministros se pronunciaran sobre sus preferencias, como si no tuvieran otras cuestiones sobre las que decantar su peso pol\u00edtico. Una fue Yolanda D\u00edaz defendiendo a las tres j\u00f3venes gallegas de las Tanxugueiras, mientras que la inefable Irene Montero confund\u00eda la canci\u00f3n de Paula Rib\u00f3, de nombre art\u00edstico <strong>Rigoberta Bandini,<\/strong> porque cre\u00eda equivocadamente (pero esto no es una novedad) que se trataba de una <strong>reivindicaci\u00f3n feminista<\/strong> porque hablaba de mostrar la \u00abteta\u00bb. Ya se sabe que a Montero este tipo de cosas, como la de emborracharse, le parecen feminismo en estado puro. Es un problema de edad y residencia, porque si hubiera conocido El Molino de Barcelona en los a\u00f1os m\u00e1s rancios del franquismo, ya sabr\u00eda que mostrar la teta era una pr\u00e1ctica enormemente celebrada en aquella \u00e9poca por los representantes del patriarcado, entonces legalmente establecido. A\u00fan habr\u00eda una tercera posici\u00f3n que defend\u00eda el \u00e9xito de Bandini y que ven\u00eda por el lado opuesto de Montero, porque consideraban, con raz\u00f3n, que la canci\u00f3n celebraba la<\/span><a href=\"https:\/\/conversesacatalunya.cat\/es\/ay-mama\/\">\u00a0<strong><span>madre y la maternidad<\/span><\/strong><\/a><span>, un hecho muy escaso en nuestro tiempo.<\/span><\/p>\n<p><span>Jordi \u00c9vole, un periodista simp\u00e1tico, de \u00e9xito y uno de los representantes del poder establecido disfrazado de disconforme, tambi\u00e9n ensalzaba ambas canciones por razones evidentemente progres.<\/span><\/p>\n<p><span>Pero, he aqu\u00ed que gana una tercera opci\u00f3n que no estaba prevista. La de\u00a0<\/span><strong><span>Chanel<\/span><\/strong><span>, con una pieza de reguet\u00f3n\u00a0puro y duro, alimentada por una notable exhibici\u00f3n de argumentos personales mucho m\u00e1s potentes que cantar en gallego o la exhortaci\u00f3n de Bandini.\u00a0Y a partir de ah\u00ed estalla el gran conflicto, con detractores y favorables, que llega hasta el\u00a0<\/span><strong><span>Congreso de los Diputados<\/span><\/strong><span>.<\/span><\/p>\n<p><span>Por ejemplo, un personaje como Arcadi Espada defiende Chanel, la cantante ganadora, a hachazos, que es su instrumento de escritura predilecta, afirmando literalmente que\u00a0<\/span><em><span>\u201cUn huracanado reguetonazo ha mandado a tomar viento al monjer\u00edo<\/span><\/em><span>\u00a0(se refiere a Montero)\u00a0<\/span><em><span>y Espa\u00f1a ir\u00e1 a Tur\u00edn con una canci\u00f3n de tetas duras, altas\u201d<\/span><\/em><span>\u00a0. Y en esto estamos,\u00a0<\/span><strong><span>en eso est\u00e1 la pol\u00edtica espa\u00f1ola<\/span><\/strong><span>. Porque Podemos, con el profundo sentido de estado que les caracteriza, ya ha registrado una serie de preguntas en el Congreso de los Diputados que cuestionan la neutralidad de RTVE por el procedimiento de elecci\u00f3n, pero lo hacen en unos t\u00e9rminos que conllevan la acusaci\u00f3n o al menos sospecha de\u00a0<\/span><strong><span>fraude<\/span><\/strong><span>. Hombre, habr\u00eda sido m\u00e1s inteligente que se hubiesen limitado a argumentar que la presentada como muestra representativa de 300 personas, en ning\u00fan caso puede ser representativa porque es demasiado peque\u00f1a, y el margen de error muy grande, m\u00e1s cuando existen tantas opciones a escoger, porque habr\u00eda funcionado bien, habr\u00eda de haber tenido una dimensi\u00f3n del orden de 6 veces mayor que las 300 escasas entrevistas.<\/span><\/p>\n<p><span>Esta cr\u00edtica concreta tendr\u00eda sentido, como la tendr\u00eda, que el llamado jurado provisional era, sea dicho con el m\u00e1ximo respeto a las personas que lo integraban, reducido y de\u00a0<\/span><strong><span>escasa calidad<\/span><\/strong><span> objetivamente reconocida. Pero no, es m\u00e1s f\u00e1cil ir con el garrote y convertir el tema en una cuesti\u00f3n pol\u00edtica de primer nivel, en la que incluso CCOO, que demuestra que van escasos de empleo sindical, ha metido cucharada, exigiendo que se deje sin efecto la designaci\u00f3n del artista ganadora, lo que obviamente ser\u00eda una ilegalidad fragante. Pero es interesante constatar c\u00f3mo los te\u00f3ricos representantes de la clase trabajadora quieren cargarse a Chanel, que es la encarnaci\u00f3n de una emigrante, choni, obrera de la m\u00fasica, que vive en la Regi\u00f3n Metropolitana de Barcelona, \u200b\u200bconcretamente en Olesa de Montserrat.<\/span><\/p>\n<p><span>Para quienes no est\u00e9n enterados de la cuesti\u00f3n, sepan que el negocio de Eurovisi\u00f3n no radica tanto en el cantante que triunfa, que a veces tiene continuidad, pero en otras no, como en el negocio de los derechos de autor de la canci\u00f3n ganadora y de alguna m\u00e1s que consiga una difusi\u00f3n global. Aqu\u00ed es donde est\u00e1 realmente el\u00a0<\/span><em><span>business<\/span><\/em><span>\u00a0, y no cabe duda de que el\u00a0<\/span><strong><span>grupo profesional<\/span><\/strong><span>\u00a0que impulsaba la canci\u00f3n de Chanel era mucho m\u00e1s ponente que los dem\u00e1s.<\/span><\/p>\n<p><span><span class=\"goog-text-highlight\">Que en el Congreso de los Diputados haya cuestiones que tengan que aclarar qu\u00e9 ha pasado con el premio, y que al mismo tiempo no haya registrado todav\u00eda ni una pu\u00f1etera iniciativa para esclarecer los 100.000 muertos por la covid, dice que m\u00e1s bien este pa\u00eds se parece a la <\/span><\/span><a href=\"https:\/\/conversesacatalunya.cat\/es\/la-situacion-de-cataluna-y-la-caverna-de-platon\/\"><span><span class=\"goog-text-highlight\">caverna de Plat\u00f3n<\/span><\/span><\/a><span><span class=\"goog-text-highlight\">, en la que los encarcelados confund\u00edan las sombras que ve\u00edan reflejadas en la pared con la realidad.<\/span><\/span><\/p>\n<p><span><span class=\"goog-text-highlight\">Vivimos en un universo M\u00e1trix donde la teta y el muslo se convierten en signos altamente politizados, mientras que la pol\u00edtica real se difumina por debajo de la puerta. Como escrib\u00eda Mir\u00f3 y Ard\u00e8vol Crisi, Leticia Dolera y Asimov en La Vanguardia el 13 de diciembre, citando al fil\u00f3sofo vasco Daniel Inneraty, <\/span><\/span><strong><em><span><span class=\"goog-text-highlight\">\u201clas crisis las producimos con unas pr\u00e1cticas y con unas instituciones que a su vez deben resolverlas. El problema radica en que los mismos que las originan son los responsables de resolverlas\u201d<\/span><\/span><\/em><\/strong><span><span class=\"goog-text-highlight\">\u00a0. La conclusi\u00f3n de Inneraty es que\u00a0<\/span><\/span><em><span><span class=\"goog-text-highlight\">\u201cla agenda de una sociedad de riesgo es una agenda de locos\u201d<\/span><\/span><\/em><span><span class=\"goog-text-highlight\">\u00a0, y la conclusi\u00f3n planteada en forma de pregunta de Mir\u00f3 y Ard\u00e8vol era\u00a0<\/span><\/span><em><span><span class=\"goog-text-highlight\">\u201c\u00bfpuede gobernarse una sociedad en la que impera la locura?\u201d<\/span><\/span><\/em><span><span class=\"goog-text-highlight\">\u00a0.<\/span><\/span><\/p>\n<div id=\"polls-136\" class=\"wp-polls\">\n\t<form id=\"polls_form_136\" class=\"wp-polls-form\" action=\"\/index.php\" method=\"post\">\n\t\t<p style=\"display: none;\"><input type=\"hidden\" id=\"poll_136_nonce\" name=\"wp-polls-nonce\" value=\"a13ef752b2\" \/><\/p>\n\t\t<p style=\"display: none;\"><input type=\"hidden\" name=\"poll_id\" value=\"136\" \/><\/p>\n\t\t<p style=\"text-align: center\"><strong>Est\u00e0s d'acord que l'estel de la Sagrada Fam\u00edlia es mantingui apagat per iniciativa de l'Ajuntament de Barcelona?<\/strong><\/p><div id=\"polls-136-ans\" class=\"wp-polls-ans\"><ul class=\"wp-polls-ul\">\n\t\t<li><input type=\"radio\" id=\"poll-answer-344\" name=\"poll_136\" value=\"344\" \/> <label for=\"poll-answer-344\">S\u00ed<\/label><\/li>\n\t\t<li><input type=\"radio\" id=\"poll-answer-345\" name=\"poll_136\" value=\"345\" \/> <label for=\"poll-answer-345\">No<\/label><\/li>\n\t\t<li><input type=\"radio\" id=\"poll-answer-346\" name=\"poll_136\" value=\"346\" \/> <label for=\"poll-answer-346\">No ho s\u00e9<\/label><\/li>\n\t\t<\/ul><p style=\"text-align: center\"><input type=\"button\" name=\"vote\" value=\"   Vota   \" class=\"Buttons\" onclick=\"poll_vote(136);\" \/><\/p><p style=\"text-align: center\"><a href=\"#ViewPollResults\" onclick=\"poll_result(136); return false;\" title=\"View Results Of This Poll\">Mira els resultats<\/a><\/p><\/div>\n\t<\/form>\n<\/div>\n<div id=\"polls-136-loading\" class=\"wp-polls-loading\"><img decoding=\"async\" data-src=\"https:\/\/conversesacatalunya.cat\/wp-content\/plugins\/wp-polls\/images\/loading.gif\" width=\"16\" height=\"16\" alt=\"Cargando ...\" title=\"Cargando ...\" class=\"wp-polls-image lazyload\" src=\"data:image\/svg+xml;base64,PHN2ZyB3aWR0aD0iMSIgaGVpZ2h0PSIxIiB4bWxucz0iaHR0cDovL3d3dy53My5vcmcvMjAwMC9zdmciPjwvc3ZnPg==\" style=\"--smush-placeholder-width: 16px; --smush-placeholder-aspect-ratio: 16\/16;\" \/>&nbsp;Cargando ...<\/div>\n\n","protected":false},"excerpt":{"rendered":"<p>Espa\u00f1a vive una \u201cguerra\u201d referida a Europa y a la canci\u00f3n que debe representarnos en Espa\u00f1a en el Festival de Eurovisi\u00f3n.\u00a0Quien iba que con la que estaba cayendo, \u00e9ste fuera el tema que ha encendido el fuego en las masas y que, por una vez, \u00e9stas y la vida pol\u00edtica coinciden. Espa\u00f1a vive prisionera de una serie de crisis y conflictos que no terminan de encontrar soluci\u00f3n. Solo hay que recordar el problema del paro estructural de larga duraci\u00f3n, que los buenos datos sobre el reciente empleo no pueden ocultar, o el hecho de que despu\u00e9s de m\u00e1s de 100.000 muertes por covid no se hayan pasado cuentas del por qu\u00e9 y c\u00f3mo se han producido y, fiscal\u00eda incluida, los partidos parezcan interesados \u200b\u200ben pasar p\u00e1gina cuando ha sido y es el mayor desastre despu\u00e9s de la Guerra Civil. Citemos estos dos problemas como ejemplo de una larga lista de cuestiones que nos afectan de forma grave, muy grave, la falta de natalidad ser\u00eda otra, y que no mueven a ning\u00fan inter\u00e9s especial por parte del grueso de la sociedad, ni forman parte de la agenda pol\u00edtica. Pero viene el Benidorm Fest para seleccionar la canci\u00f3n que debe representar en Espa\u00f1a en Eurovisi\u00f3n y se monta el gran debate sobre la injusticia o justicia de la canci\u00f3n ganadora. Aqu\u00ed s\u00ed que hay vibraci\u00f3n social y pol\u00edtica, aqu\u00ed s\u00ed que hay un inter\u00e9s patente. Todo empez\u00f3 antes del festival, con el hecho ins\u00f3lito de que dos ministros se pronunciaran sobre sus preferencias, como si no tuvieran otras cuestiones sobre las que decantar su peso pol\u00edtico. Una fue Yolanda D\u00edaz defendiendo a las tres j\u00f3venes gallegas de las Tanxugueiras, mientras que la inefable Irene Montero confund\u00eda la canci\u00f3n de Paula Rib\u00f3, de nombre art\u00edstico Rigoberta Bandini, porque cre\u00eda equivocadamente (pero esto no es una novedad) que se trataba de una reivindicaci\u00f3n feminista porque hablaba de mostrar la \u00abteta\u00bb. Ya se sabe que a Montero este tipo de cosas, como la de emborracharse, le parecen feminismo en estado puro. Es un problema de edad y residencia, porque si hubiera conocido El Molino de Barcelona en los a\u00f1os m\u00e1s rancios del franquismo, ya sabr\u00eda que mostrar la teta era una pr\u00e1ctica enormemente celebrada en aquella \u00e9poca por los representantes del patriarcado, entonces legalmente establecido. A\u00fan habr\u00eda una tercera posici\u00f3n que defend\u00eda el \u00e9xito de Bandini y que ven\u00eda por el lado opuesto de Montero, porque consideraban, con raz\u00f3n, que la canci\u00f3n celebraba la\u00a0madre y la maternidad, un hecho muy escaso en nuestro tiempo. Jordi \u00c9vole, un periodista simp\u00e1tico, de \u00e9xito y uno de los representantes del poder establecido disfrazado de disconforme, tambi\u00e9n ensalzaba ambas canciones por razones evidentemente progres. Pero, he aqu\u00ed que gana una tercera opci\u00f3n que no estaba prevista. La de\u00a0Chanel, con una pieza de reguet\u00f3n\u00a0puro y duro, alimentada por una notable exhibici\u00f3n de argumentos personales mucho m\u00e1s potentes que cantar en gallego o la exhortaci\u00f3n de Bandini.\u00a0Y a partir de ah\u00ed estalla el gran conflicto, con detractores y favorables, que llega hasta el\u00a0Congreso de los Diputados. Por ejemplo, un personaje como Arcadi Espada defiende Chanel, la cantante ganadora, a hachazos, que es su instrumento de escritura predilecta, afirmando literalmente que\u00a0\u201cUn huracanado reguetonazo ha mandado a tomar viento al monjer\u00edo\u00a0(se refiere a Montero)\u00a0y Espa\u00f1a ir\u00e1 a Tur\u00edn con una canci\u00f3n de tetas duras, altas\u201d\u00a0. Y en esto estamos,\u00a0en eso est\u00e1 la pol\u00edtica espa\u00f1ola. Porque Podemos, con el profundo sentido de estado que les caracteriza, ya ha registrado una serie de preguntas en el Congreso de los Diputados que cuestionan la neutralidad de RTVE por el procedimiento de elecci\u00f3n, pero lo hacen en unos t\u00e9rminos que conllevan la acusaci\u00f3n o al menos sospecha de\u00a0fraude. Hombre, habr\u00eda sido m\u00e1s inteligente que se hubiesen limitado a argumentar que la presentada como muestra representativa de 300 personas, en ning\u00fan caso puede ser representativa porque es demasiado peque\u00f1a, y el margen de error muy grande, m\u00e1s cuando existen tantas opciones a escoger, porque habr\u00eda funcionado bien, habr\u00eda de haber tenido una dimensi\u00f3n del orden de 6 veces mayor que las 300 escasas entrevistas. Esta cr\u00edtica concreta tendr\u00eda sentido, como la tendr\u00eda, que el llamado jurado provisional era, sea dicho con el m\u00e1ximo respeto a las personas que lo integraban, reducido y de\u00a0escasa calidad objetivamente reconocida. Pero no, es m\u00e1s f\u00e1cil ir con el garrote y convertir el tema en una cuesti\u00f3n pol\u00edtica de primer nivel, en la que incluso CCOO, que demuestra que van escasos de empleo sindical, ha metido cucharada, exigiendo que se deje sin efecto la designaci\u00f3n del artista ganadora, lo que obviamente ser\u00eda una ilegalidad fragante. Pero es interesante constatar c\u00f3mo los te\u00f3ricos representantes de la clase trabajadora quieren cargarse a Chanel, que es la encarnaci\u00f3n de una emigrante, choni, obrera de la m\u00fasica, que vive en la Regi\u00f3n Metropolitana de Barcelona, \u200b\u200bconcretamente en Olesa de Montserrat. Para quienes no est\u00e9n enterados de la cuesti\u00f3n, sepan que el negocio de Eurovisi\u00f3n no radica tanto en el cantante que triunfa, que a veces tiene continuidad, pero en otras no, como en el negocio de los derechos de autor de la canci\u00f3n ganadora y de alguna m\u00e1s que consiga una difusi\u00f3n global. Aqu\u00ed es donde est\u00e1 realmente el\u00a0business\u00a0, y no cabe duda de que el\u00a0grupo profesional\u00a0que impulsaba la canci\u00f3n de Chanel era mucho m\u00e1s ponente que los dem\u00e1s. Que en el Congreso de los Diputados haya cuestiones que tengan que aclarar qu\u00e9 ha pasado con el premio, y que al mismo tiempo no haya registrado todav\u00eda ni una pu\u00f1etera iniciativa para esclarecer los 100.000 muertos por la covid, dice que m\u00e1s bien este pa\u00eds se parece a la caverna de Plat\u00f3n, en la que los encarcelados confund\u00edan las sombras que ve\u00edan reflejadas en la pared con la realidad. Vivimos en un universo M\u00e1trix donde la teta y el muslo se convierten en signos altamente politizados, mientras que la pol\u00edtica real se difumina por debajo de la puerta. Como escrib\u00eda Mir\u00f3 y Ard\u00e8vol Crisi, Leticia Dolera y Asimov en La Vanguardia el 13 de diciembre, citando&#8230;<\/p>\n","protected":false},"author":2,"featured_media":54409,"comment_status":"open","ping_status":"open","sticky":false,"template":"","format":"standard","meta":{"_FSMCFIC_featured_image_caption":"","_FSMCFIC_featured_image_nocaption":"","_FSMCFIC_featured_image_hide":"","footnotes":""},"categories":[806],"tags":[4453,4452],"class_list":["post-54416","post","type-post","status-publish","format-standard","has-post-thumbnail","hentry","category-punts-claus-del-dia-es","tag-festival-deurovisio-es-2","tag-festival-de-eurovision"],"yoast_head":"<!-- This site is optimized with the Yoast SEO plugin v26.8 - https:\/\/yoast.com\/product\/yoast-seo-wordpress\/ -->\n<title>La nueva guerra en Europa. El Festival de Eurovisi\u00f3n - Converses a Catalunya<\/title>\n<meta name=\"description\" content=\"Vivimos en un universo M\u00e1trix donde la teta y el muslo se convierten en signos altamente politizados, mientras que la pol\u00edtica real se difumina por debajo de la puerta\" \/>\n<meta name=\"robots\" content=\"index, follow, max-snippet:-1, max-image-preview:large, max-video-preview:-1\" \/>\n<link rel=\"canonical\" href=\"https:\/\/conversesacatalunya.cat\/es\/la-nueva-guerra-en-europa-el-festival-de-eurovision\/\" \/>\n<meta property=\"og:locale\" content=\"es_ES\" \/>\n<meta property=\"og:type\" content=\"article\" \/>\n<meta property=\"og:title\" content=\"La nueva guerra en Europa. El Festival de Eurovisi\u00f3n - Converses a Catalunya\" \/>\n<meta property=\"og:description\" content=\"Vivimos en un universo M\u00e1trix donde la teta y el muslo se convierten en signos altamente politizados, mientras que la pol\u00edtica real se difumina por debajo de la puerta\" \/>\n<meta property=\"og:url\" content=\"https:\/\/conversesacatalunya.cat\/es\/la-nueva-guerra-en-europa-el-festival-de-eurovision\/\" \/>\n<meta property=\"og:site_name\" content=\"Converses a Catalunya\" \/>\n<meta property=\"article:published_time\" content=\"2022-02-01T11:50:19+00:00\" \/>\n<meta property=\"article:modified_time\" content=\"2022-02-01T12:38:04+00:00\" \/>\n<meta property=\"og:image\" content=\"https:\/\/conversesacatalunya.cat\/wp-content\/uploads\/2022\/02\/festival-deurovisio.jpg\" \/>\n\t<meta property=\"og:image:width\" content=\"1200\" \/>\n\t<meta property=\"og:image:height\" content=\"675\" \/>\n\t<meta property=\"og:image:type\" content=\"image\/jpeg\" \/>\n<meta name=\"author\" content=\"conversesacatalunya\" \/>\n<meta name=\"twitter:card\" content=\"summary_large_image\" \/>\n<meta name=\"twitter:label1\" content=\"Escrito por\" \/>\n\t<meta name=\"twitter:data1\" content=\"conversesacatalunya\" \/>\n\t<meta name=\"twitter:label2\" content=\"Tiempo de lectura\" \/>\n\t<meta name=\"twitter:data2\" content=\"6 minutos\" \/>\n<script type=\"application\/ld+json\" class=\"yoast-schema-graph\">{\"@context\":\"https:\/\/schema.org\",\"@graph\":[{\"@type\":\"Article\",\"@id\":\"https:\/\/conversesacatalunya.cat\/es\/la-nueva-guerra-en-europa-el-festival-de-eurovision\/#article\",\"isPartOf\":{\"@id\":\"https:\/\/conversesacatalunya.cat\/es\/la-nueva-guerra-en-europa-el-festival-de-eurovision\/\"},\"author\":{\"name\":\"conversesacatalunya\",\"@id\":\"https:\/\/conversesacatalunya.cat\/#\/schema\/person\/7e24d1e54a2785373ddcb275eae5ed99\"},\"headline\":\"La nueva guerra en Europa. El Festival de Eurovisi\u00f3n\",\"datePublished\":\"2022-02-01T11:50:19+00:00\",\"dateModified\":\"2022-02-01T12:38:04+00:00\",\"mainEntityOfPage\":{\"@id\":\"https:\/\/conversesacatalunya.cat\/es\/la-nueva-guerra-en-europa-el-festival-de-eurovision\/\"},\"wordCount\":1207,\"commentCount\":0,\"image\":{\"@id\":\"https:\/\/conversesacatalunya.cat\/es\/la-nueva-guerra-en-europa-el-festival-de-eurovision\/#primaryimage\"},\"thumbnailUrl\":\"https:\/\/conversesacatalunya.cat\/wp-content\/uploads\/2022\/02\/festival-deurovisio.jpg\",\"keywords\":[\"Festival d'Eurovisi\u00f3\",\"Festival de Eurovisi\u00f3n\"],\"articleSection\":[\"Punts clau del dia (ES)\"],\"inLanguage\":\"es\",\"potentialAction\":[{\"@type\":\"CommentAction\",\"name\":\"Comment\",\"target\":[\"https:\/\/conversesacatalunya.cat\/es\/la-nueva-guerra-en-europa-el-festival-de-eurovision\/#respond\"]}]},{\"@type\":\"WebPage\",\"@id\":\"https:\/\/conversesacatalunya.cat\/es\/la-nueva-guerra-en-europa-el-festival-de-eurovision\/\",\"url\":\"https:\/\/conversesacatalunya.cat\/es\/la-nueva-guerra-en-europa-el-festival-de-eurovision\/\",\"name\":\"La nueva guerra en Europa. El Festival de Eurovisi\u00f3n - Converses a Catalunya\",\"isPartOf\":{\"@id\":\"https:\/\/conversesacatalunya.cat\/#website\"},\"primaryImageOfPage\":{\"@id\":\"https:\/\/conversesacatalunya.cat\/es\/la-nueva-guerra-en-europa-el-festival-de-eurovision\/#primaryimage\"},\"image\":{\"@id\":\"https:\/\/conversesacatalunya.cat\/es\/la-nueva-guerra-en-europa-el-festival-de-eurovision\/#primaryimage\"},\"thumbnailUrl\":\"https:\/\/conversesacatalunya.cat\/wp-content\/uploads\/2022\/02\/festival-deurovisio.jpg\",\"datePublished\":\"2022-02-01T11:50:19+00:00\",\"dateModified\":\"2022-02-01T12:38:04+00:00\",\"author\":{\"@id\":\"https:\/\/conversesacatalunya.cat\/#\/schema\/person\/7e24d1e54a2785373ddcb275eae5ed99\"},\"description\":\"Vivimos en un universo M\u00e1trix donde la teta y el muslo se convierten en signos altamente politizados, mientras que la pol\u00edtica real se difumina por debajo de la puerta\",\"breadcrumb\":{\"@id\":\"https:\/\/conversesacatalunya.cat\/es\/la-nueva-guerra-en-europa-el-festival-de-eurovision\/#breadcrumb\"},\"inLanguage\":\"es\",\"potentialAction\":[{\"@type\":\"ReadAction\",\"target\":[\"https:\/\/conversesacatalunya.cat\/es\/la-nueva-guerra-en-europa-el-festival-de-eurovision\/\"]}]},{\"@type\":\"ImageObject\",\"inLanguage\":\"es\",\"@id\":\"https:\/\/conversesacatalunya.cat\/es\/la-nueva-guerra-en-europa-el-festival-de-eurovision\/#primaryimage\",\"url\":\"https:\/\/conversesacatalunya.cat\/wp-content\/uploads\/2022\/02\/festival-deurovisio.jpg\",\"contentUrl\":\"https:\/\/conversesacatalunya.cat\/wp-content\/uploads\/2022\/02\/festival-deurovisio.jpg\",\"width\":1200,\"height\":675,\"caption\":\"Festival d'Eurovisi\u00f3\"},{\"@type\":\"BreadcrumbList\",\"@id\":\"https:\/\/conversesacatalunya.cat\/es\/la-nueva-guerra-en-europa-el-festival-de-eurovision\/#breadcrumb\",\"itemListElement\":[{\"@type\":\"ListItem\",\"position\":1,\"name\":\"Inici\",\"item\":\"https:\/\/conversesacatalunya.cat\/es\/\"},{\"@type\":\"ListItem\",\"position\":2,\"name\":\"La nueva guerra en Europa. El Festival de Eurovisi\u00f3n\"}]},{\"@type\":\"WebSite\",\"@id\":\"https:\/\/conversesacatalunya.cat\/#website\",\"url\":\"https:\/\/conversesacatalunya.cat\/\",\"name\":\"Converses a Catalunya\",\"description\":\"\",\"potentialAction\":[{\"@type\":\"SearchAction\",\"target\":{\"@type\":\"EntryPoint\",\"urlTemplate\":\"https:\/\/conversesacatalunya.cat\/?s={search_term_string}\"},\"query-input\":{\"@type\":\"PropertyValueSpecification\",\"valueRequired\":true,\"valueName\":\"search_term_string\"}}],\"inLanguage\":\"es\"},{\"@type\":\"Person\",\"@id\":\"https:\/\/conversesacatalunya.cat\/#\/schema\/person\/7e24d1e54a2785373ddcb275eae5ed99\",\"name\":\"conversesacatalunya\",\"image\":{\"@type\":\"ImageObject\",\"inLanguage\":\"es\",\"@id\":\"https:\/\/conversesacatalunya.cat\/#\/schema\/person\/image\/\",\"url\":\"https:\/\/conversesacatalunya.cat\/wp-content\/litespeed\/avatar\/febdfeeec89d950f01c748045a981dd2.jpg?ver=1777314535\",\"contentUrl\":\"https:\/\/conversesacatalunya.cat\/wp-content\/litespeed\/avatar\/febdfeeec89d950f01c748045a981dd2.jpg?ver=1777314535\",\"caption\":\"conversesacatalunya\"},\"url\":\"https:\/\/conversesacatalunya.cat\/es\/author\/carme_catala\/\"}]}<\/script>\n<!-- \/ Yoast SEO plugin. -->","yoast_head_json":{"title":"La nueva guerra en Europa. El Festival de Eurovisi\u00f3n - Converses a Catalunya","description":"Vivimos en un universo M\u00e1trix donde la teta y el muslo se convierten en signos altamente politizados, mientras que la pol\u00edtica real se difumina por debajo de la puerta","robots":{"index":"index","follow":"follow","max-snippet":"max-snippet:-1","max-image-preview":"max-image-preview:large","max-video-preview":"max-video-preview:-1"},"canonical":"https:\/\/conversesacatalunya.cat\/es\/la-nueva-guerra-en-europa-el-festival-de-eurovision\/","og_locale":"es_ES","og_type":"article","og_title":"La nueva guerra en Europa. El Festival de Eurovisi\u00f3n - Converses a Catalunya","og_description":"Vivimos en un universo M\u00e1trix donde la teta y el muslo se convierten en signos altamente politizados, mientras que la pol\u00edtica real se difumina por debajo de la puerta","og_url":"https:\/\/conversesacatalunya.cat\/es\/la-nueva-guerra-en-europa-el-festival-de-eurovision\/","og_site_name":"Converses a Catalunya","article_published_time":"2022-02-01T11:50:19+00:00","article_modified_time":"2022-02-01T12:38:04+00:00","og_image":[{"width":1200,"height":675,"url":"https:\/\/conversesacatalunya.cat\/wp-content\/uploads\/2022\/02\/festival-deurovisio.jpg","type":"image\/jpeg"}],"author":"conversesacatalunya","twitter_card":"summary_large_image","twitter_misc":{"Escrito por":"conversesacatalunya","Tiempo de lectura":"6 minutos"},"schema":{"@context":"https:\/\/schema.org","@graph":[{"@type":"Article","@id":"https:\/\/conversesacatalunya.cat\/es\/la-nueva-guerra-en-europa-el-festival-de-eurovision\/#article","isPartOf":{"@id":"https:\/\/conversesacatalunya.cat\/es\/la-nueva-guerra-en-europa-el-festival-de-eurovision\/"},"author":{"name":"conversesacatalunya","@id":"https:\/\/conversesacatalunya.cat\/#\/schema\/person\/7e24d1e54a2785373ddcb275eae5ed99"},"headline":"La nueva guerra en Europa. El Festival de Eurovisi\u00f3n","datePublished":"2022-02-01T11:50:19+00:00","dateModified":"2022-02-01T12:38:04+00:00","mainEntityOfPage":{"@id":"https:\/\/conversesacatalunya.cat\/es\/la-nueva-guerra-en-europa-el-festival-de-eurovision\/"},"wordCount":1207,"commentCount":0,"image":{"@id":"https:\/\/conversesacatalunya.cat\/es\/la-nueva-guerra-en-europa-el-festival-de-eurovision\/#primaryimage"},"thumbnailUrl":"https:\/\/conversesacatalunya.cat\/wp-content\/uploads\/2022\/02\/festival-deurovisio.jpg","keywords":["Festival d'Eurovisi\u00f3","Festival de Eurovisi\u00f3n"],"articleSection":["Punts clau del dia (ES)"],"inLanguage":"es","potentialAction":[{"@type":"CommentAction","name":"Comment","target":["https:\/\/conversesacatalunya.cat\/es\/la-nueva-guerra-en-europa-el-festival-de-eurovision\/#respond"]}]},{"@type":"WebPage","@id":"https:\/\/conversesacatalunya.cat\/es\/la-nueva-guerra-en-europa-el-festival-de-eurovision\/","url":"https:\/\/conversesacatalunya.cat\/es\/la-nueva-guerra-en-europa-el-festival-de-eurovision\/","name":"La nueva guerra en Europa. El Festival de Eurovisi\u00f3n - Converses a Catalunya","isPartOf":{"@id":"https:\/\/conversesacatalunya.cat\/#website"},"primaryImageOfPage":{"@id":"https:\/\/conversesacatalunya.cat\/es\/la-nueva-guerra-en-europa-el-festival-de-eurovision\/#primaryimage"},"image":{"@id":"https:\/\/conversesacatalunya.cat\/es\/la-nueva-guerra-en-europa-el-festival-de-eurovision\/#primaryimage"},"thumbnailUrl":"https:\/\/conversesacatalunya.cat\/wp-content\/uploads\/2022\/02\/festival-deurovisio.jpg","datePublished":"2022-02-01T11:50:19+00:00","dateModified":"2022-02-01T12:38:04+00:00","author":{"@id":"https:\/\/conversesacatalunya.cat\/#\/schema\/person\/7e24d1e54a2785373ddcb275eae5ed99"},"description":"Vivimos en un universo M\u00e1trix donde la teta y el muslo se convierten en signos altamente politizados, mientras que la pol\u00edtica real se difumina por debajo de la puerta","breadcrumb":{"@id":"https:\/\/conversesacatalunya.cat\/es\/la-nueva-guerra-en-europa-el-festival-de-eurovision\/#breadcrumb"},"inLanguage":"es","potentialAction":[{"@type":"ReadAction","target":["https:\/\/conversesacatalunya.cat\/es\/la-nueva-guerra-en-europa-el-festival-de-eurovision\/"]}]},{"@type":"ImageObject","inLanguage":"es","@id":"https:\/\/conversesacatalunya.cat\/es\/la-nueva-guerra-en-europa-el-festival-de-eurovision\/#primaryimage","url":"https:\/\/conversesacatalunya.cat\/wp-content\/uploads\/2022\/02\/festival-deurovisio.jpg","contentUrl":"https:\/\/conversesacatalunya.cat\/wp-content\/uploads\/2022\/02\/festival-deurovisio.jpg","width":1200,"height":675,"caption":"Festival d'Eurovisi\u00f3"},{"@type":"BreadcrumbList","@id":"https:\/\/conversesacatalunya.cat\/es\/la-nueva-guerra-en-europa-el-festival-de-eurovision\/#breadcrumb","itemListElement":[{"@type":"ListItem","position":1,"name":"Inici","item":"https:\/\/conversesacatalunya.cat\/es\/"},{"@type":"ListItem","position":2,"name":"La nueva guerra en Europa. El Festival de Eurovisi\u00f3n"}]},{"@type":"WebSite","@id":"https:\/\/conversesacatalunya.cat\/#website","url":"https:\/\/conversesacatalunya.cat\/","name":"Converses a Catalunya","description":"","potentialAction":[{"@type":"SearchAction","target":{"@type":"EntryPoint","urlTemplate":"https:\/\/conversesacatalunya.cat\/?s={search_term_string}"},"query-input":{"@type":"PropertyValueSpecification","valueRequired":true,"valueName":"search_term_string"}}],"inLanguage":"es"},{"@type":"Person","@id":"https:\/\/conversesacatalunya.cat\/#\/schema\/person\/7e24d1e54a2785373ddcb275eae5ed99","name":"conversesacatalunya","image":{"@type":"ImageObject","inLanguage":"es","@id":"https:\/\/conversesacatalunya.cat\/#\/schema\/person\/image\/","url":"https:\/\/conversesacatalunya.cat\/wp-content\/litespeed\/avatar\/febdfeeec89d950f01c748045a981dd2.jpg?ver=1777314535","contentUrl":"https:\/\/conversesacatalunya.cat\/wp-content\/litespeed\/avatar\/febdfeeec89d950f01c748045a981dd2.jpg?ver=1777314535","caption":"conversesacatalunya"},"url":"https:\/\/conversesacatalunya.cat\/es\/author\/carme_catala\/"}]}},"wps_subtitle":"Vivimos en un universo M\u00e1trix donde la teta y el muslo se convierten en signos altamente politizados, mientras que la pol\u00edtica real se difumina por debajo de la puerta","_links":{"self":[{"href":"https:\/\/conversesacatalunya.cat\/es\/wp-json\/wp\/v2\/posts\/54416","targetHints":{"allow":["GET"]}}],"collection":[{"href":"https:\/\/conversesacatalunya.cat\/es\/wp-json\/wp\/v2\/posts"}],"about":[{"href":"https:\/\/conversesacatalunya.cat\/es\/wp-json\/wp\/v2\/types\/post"}],"author":[{"embeddable":true,"href":"https:\/\/conversesacatalunya.cat\/es\/wp-json\/wp\/v2\/users\/2"}],"replies":[{"embeddable":true,"href":"https:\/\/conversesacatalunya.cat\/es\/wp-json\/wp\/v2\/comments?post=54416"}],"version-history":[{"count":2,"href":"https:\/\/conversesacatalunya.cat\/es\/wp-json\/wp\/v2\/posts\/54416\/revisions"}],"predecessor-version":[{"id":54420,"href":"https:\/\/conversesacatalunya.cat\/es\/wp-json\/wp\/v2\/posts\/54416\/revisions\/54420"}],"wp:featuredmedia":[{"embeddable":true,"href":"https:\/\/conversesacatalunya.cat\/es\/wp-json\/wp\/v2\/media\/54409"}],"wp:attachment":[{"href":"https:\/\/conversesacatalunya.cat\/es\/wp-json\/wp\/v2\/media?parent=54416"}],"wp:term":[{"taxonomy":"category","embeddable":true,"href":"https:\/\/conversesacatalunya.cat\/es\/wp-json\/wp\/v2\/categories?post=54416"},{"taxonomy":"post_tag","embeddable":true,"href":"https:\/\/conversesacatalunya.cat\/es\/wp-json\/wp\/v2\/tags?post=54416"}],"curies":[{"name":"wp","href":"https:\/\/api.w.org\/{rel}","templated":true}]}}