{"id":54323,"date":"2022-01-31T16:39:05","date_gmt":"2022-01-31T15:39:05","guid":{"rendered":"https:\/\/conversesacatalunya.cat\/?p=54323"},"modified":"2024-01-22T14:12:20","modified_gmt":"2024-01-22T13:12:20","slug":"ay-mama","status":"publish","type":"post","link":"https:\/\/conversesacatalunya.cat\/es\/ay-mama\/","title":{"rendered":"Ay, mam\u00e1"},"content":{"rendered":"<p>Mam\u00e1 tiene 87 a\u00f1os y est\u00e1 pidiendo una cita al m\u00e9dico por Internet, en la habitaci\u00f3n que ha habilitado como despacho en su piso de toda la vida, donde ahora vive sola desde que \u00e9l nos dej\u00f3 antes de tiempo. Tiene un ordenador personal en el que tambi\u00e9n mira cada d\u00eda las cuentas bancarias, porque en la Caixa ya no hay manera de que te atiendan en persona. Se abri\u00f3 hace a\u00f1os un perfil en Facebook y en Instagram, que siguen activos, y nos env\u00eda mensajes de Whatsapp con emoticonos para recordarnos los santos y cumplea\u00f1os de la familia. Cada semana, mientras no la confinen, va al cine y al teatro con su hermana o una amiga \u00edntima, tambi\u00e9n viudas las dos.<strong> Los hombres casi siempre se van antes, pero ellas resisten como leonas.<\/strong> No solo tiene caldo en la nevera, tambi\u00e9n nos hace paellas, carne con salsa y unas croquetas espectaculares. Y un armario lleno de\u00a0<em>tuppers\u00a0<\/em>dispuestos siempre a viajar de ida (no siempre de vuelta) a casa de alguno de nosotros para deleite de cualquiera de sus once nietos.<\/p>\n<p><strong>Mam\u00e1 era profesora y madre, y ahora es sobre todo abuela<\/strong>, y se r\u00ede amablemente de las mujeres empoderadas que renuncian a su maternidad por hacer carrera profesional, porque no pueden con todo. Ella trabajaba en casa y fuera, cuidaba de sus hijos y de su marido, todo estaba siempre a punto, y es consciente de que los tiempos han cambiado, pero mantiene su fe y su generosidad sin l\u00edmite. Solo vive para los dem\u00e1s, aunque hay d\u00edas que est\u00e1 triste, porque le echa tanto de menos. Como se puede querer tanto a alguien, nos dice.<\/p>\n<p><strong>La mam\u00e1 de Rigoberta tambi\u00e9n es profe y madre<\/strong>. Y sangraba cada mes y cuando era joven ven\u00eda al colegio con coleta y mala cara durante \u201cesos d\u00edas\u201d. A veces ten\u00eda que volverse a casa porque no se encontraba bien. Nos sent\u00e1bamos juntos en la clase de Lat\u00edn. \u00bfMe echar\u00e1s una mano con el examen?, me ped\u00eda asustada. \u201c<em>Quousque tandem Catilina abutere patientia nostra<\/em>\u2026\u201d, \u201c\u00a1es que no entiendo nada de nada! \u201cTranquila, cuenta conmigo\u201d.<\/p>\n<p>A la mam\u00e1 de Rigoberta lo que le gustaba era la m\u00fasica. Y cant\u00e1bamos y toc\u00e1bamos la guitarra juntos en las misas y en el patio. Julio Iglesias, Perales, Mocedades, s\u00ed, esas son tus fuentes e influencias, Rigoberta. \u201c<em>Abr\u00e1zame, y no me digas nada, solo abr\u00e1zame, me basta tu mirada para comprender, que t\u00fa te ir\u00e1s<\/em>\u201d. Y presentamos juntos (es que yo ya me sent\u00eda periodista desde hac\u00eda a\u00f1os, desde que le\u00eda Tint\u00edn con 7, y lo seguir\u00e9 leyendo hasta los 77\u2026) el festival de fin de curso. Esto se acaba, nos hacemos mayores, podemos votar en democracia, llega la universidad. Y aquella noche cantamos hasta la madrugada junto a las columnas de Gaud\u00ed. Y a\u00fan conservo un p\u00e9talo de rosa que me firmaste con tu nombre, aunque t\u00fa ya no te acuerdes. Y te llev\u00e9 a casa cuando amanec\u00eda en mi Vespa azul, como tantas otras veces durante el curso, sintiendo tu aliento y tu calor en mi nuca. Pero \u00e9l ya estaba all\u00ed, era mucho mayor, y forofo del Madrid, y t\u00fa y yo siempre nos movimos en la \u201c<em>Friendzone\u201d<\/em>, no hab\u00eda espacio para m\u00e1s. Y gracias a eso,<strong> seguimos siendo amigos, de los de toda la vida, de los que nunca se olvidan, de los que siempre est\u00e1n cuando hace falta. De los que tocan y cantan en el funeral de tu padre cuando se va. Siempre nos quedar\u00e1 la m\u00fasica.<\/strong><\/p>\n<p>Ojal\u00e1 Rigoberta llegue a Eurovisi\u00f3n para que todo el mundo sepa cu\u00e1nto queremos a nuestras madres, a nuestras abuelas, a nuestras amigas. <strong>Me temo que eres demasiado buena para ello, Paula<\/strong>. Pero te sobra talento para triunfar sin necesidad de llegar al Festival. Porque t\u00fa no haces canciones, compones himnos. Y s\u00ed, nos dan miedo vuestras tetas porque seguimos siendo m\u00e1s primarios de lo que pensamos, qu\u00e9 le vamos a hacer.<\/p>\n<p><strong>Gracias por ese homenaje a todas las mam\u00e1s, a todas las abuelas, a todas las mujeres.<\/strong> Nunca os llegaremos a la altura del tac\u00f3n, incluso aunque no llev\u00e9is tacones y vist\u00e1is de uniforme de colegio de monjas.<\/p>\n<p>Molta merda, Rigoberta.<\/p>\n<p><em>Mam\u00e1, mam\u00e1, mam\u00e1, paremos la ciudad.<\/em><\/p>\n","protected":false},"excerpt":{"rendered":"<p>Mam\u00e1 tiene 87 a\u00f1os y est\u00e1 pidiendo una cita al m\u00e9dico por Internet, en la habitaci\u00f3n que ha habilitado como despacho en su piso de toda la vida, donde ahora vive sola desde que \u00e9l nos dej\u00f3 antes de tiempo. Tiene un ordenador personal en el que tambi\u00e9n mira cada d\u00eda las cuentas bancarias, porque en la Caixa ya no hay manera de que te atiendan en persona. Se abri\u00f3 hace a\u00f1os un perfil en Facebook y en Instagram, que siguen activos, y nos env\u00eda mensajes de Whatsapp con emoticonos para recordarnos los santos y cumplea\u00f1os de la familia. Cada semana, mientras no la confinen, va al cine y al teatro con su hermana o una amiga \u00edntima, tambi\u00e9n viudas las dos. Los hombres casi siempre se van antes, pero ellas resisten como leonas. No solo tiene caldo en la nevera, tambi\u00e9n nos hace paellas, carne con salsa y unas croquetas espectaculares. Y un armario lleno de\u00a0tuppers\u00a0dispuestos siempre a viajar de ida (no siempre de vuelta) a casa de alguno de nosotros para deleite de cualquiera de sus once nietos. Mam\u00e1 era profesora y madre, y ahora es sobre todo abuela, y se r\u00ede amablemente de las mujeres empoderadas que renuncian a su maternidad por hacer carrera profesional, porque no pueden con todo. Ella trabajaba en casa y fuera, cuidaba de sus hijos y de su marido, todo estaba siempre a punto, y es consciente de que los tiempos han cambiado, pero mantiene su fe y su generosidad sin l\u00edmite. Solo vive para los dem\u00e1s, aunque hay d\u00edas que est\u00e1 triste, porque le echa tanto de menos. Como se puede querer tanto a alguien, nos dice. La mam\u00e1 de Rigoberta tambi\u00e9n es profe y madre. Y sangraba cada mes y cuando era joven ven\u00eda al colegio con coleta y mala cara durante \u201cesos d\u00edas\u201d. A veces ten\u00eda que volverse a casa porque no se encontraba bien. Nos sent\u00e1bamos juntos en la clase de Lat\u00edn. \u00bfMe echar\u00e1s una mano con el examen?, me ped\u00eda asustada. \u201cQuousque tandem Catilina abutere patientia nostra\u2026\u201d, \u201c\u00a1es que no entiendo nada de nada! \u201cTranquila, cuenta conmigo\u201d. A la mam\u00e1 de Rigoberta lo que le gustaba era la m\u00fasica. Y cant\u00e1bamos y toc\u00e1bamos la guitarra juntos en las misas y en el patio. Julio Iglesias, Perales, Mocedades, s\u00ed, esas son tus fuentes e influencias, Rigoberta. \u201cAbr\u00e1zame, y no me digas nada, solo abr\u00e1zame, me basta tu mirada para comprender, que t\u00fa te ir\u00e1s\u201d. Y presentamos juntos (es que yo ya me sent\u00eda periodista desde hac\u00eda a\u00f1os, desde que le\u00eda Tint\u00edn con 7, y lo seguir\u00e9 leyendo hasta los 77\u2026) el festival de fin de curso. Esto se acaba, nos hacemos mayores, podemos votar en democracia, llega la universidad. Y aquella noche cantamos hasta la madrugada junto a las columnas de Gaud\u00ed. Y a\u00fan conservo un p\u00e9talo de rosa que me firmaste con tu nombre, aunque t\u00fa ya no te acuerdes. Y te llev\u00e9 a casa cuando amanec\u00eda en mi Vespa azul, como tantas otras veces durante el curso, sintiendo tu aliento y tu calor en mi nuca. Pero \u00e9l ya estaba all\u00ed, era mucho mayor, y forofo del Madrid, y t\u00fa y yo siempre nos movimos en la \u201cFriendzone\u201d, no hab\u00eda espacio para m\u00e1s. Y gracias a eso, seguimos siendo amigos, de los de toda la vida, de los que nunca se olvidan, de los que siempre est\u00e1n cuando hace falta. De los que tocan y cantan en el funeral de tu padre cuando se va. Siempre nos quedar\u00e1 la m\u00fasica. Ojal\u00e1 Rigoberta llegue a Eurovisi\u00f3n para que todo el mundo sepa cu\u00e1nto queremos a nuestras madres, a nuestras abuelas, a nuestras amigas. Me temo que eres demasiado buena para ello, Paula. Pero te sobra talento para triunfar sin necesidad de llegar al Festival. Porque t\u00fa no haces canciones, compones himnos. Y s\u00ed, nos dan miedo vuestras tetas porque seguimos siendo m\u00e1s primarios de lo que pensamos, qu\u00e9 le vamos a hacer. Gracias por ese homenaje a todas las mam\u00e1s, a todas las abuelas, a todas las mujeres. Nunca os llegaremos a la altura del tac\u00f3n, incluso aunque no llev\u00e9is tacones y vist\u00e1is de uniforme de colegio de monjas. Molta merda, Rigoberta. Mam\u00e1, mam\u00e1, mam\u00e1, paremos la ciudad.<\/p>\n","protected":false},"author":5,"featured_media":54324,"comment_status":"open","ping_status":"open","sticky":false,"template":"","format":"standard","meta":{"_FSMCFIC_featured_image_caption":"","_FSMCFIC_featured_image_nocaption":"","_FSMCFIC_featured_image_hide":"","footnotes":""},"categories":[804],"tags":[],"class_list":["post-54323","post","type-post","status-publish","format-standard","has-post-thumbnail","hentry","category-opinem-es"],"yoast_head":"<!-- This site is optimized with the Yoast SEO plugin v26.8 - https:\/\/yoast.com\/product\/yoast-seo-wordpress\/ -->\n<title>Ay, mam\u00e1 - Converses a Catalunya<\/title>\n<meta name=\"robots\" content=\"noindex, nofollow\" \/>\n<meta property=\"og:locale\" content=\"es_ES\" \/>\n<meta property=\"og:type\" content=\"article\" \/>\n<meta property=\"og:title\" content=\"Ay, mam\u00e1 - Converses a Catalunya\" \/>\n<meta property=\"og:description\" content=\"Mam\u00e1 tiene 87 a\u00f1os y est\u00e1 pidiendo una cita al m\u00e9dico por Internet, en la habitaci\u00f3n que ha habilitado como despacho en su piso de toda la vida, donde ahora vive sola desde que \u00e9l nos dej\u00f3 antes de tiempo. Tiene un ordenador personal en el que tambi\u00e9n mira cada d\u00eda las cuentas bancarias, porque en la Caixa ya no hay manera de que te atiendan en persona. Se abri\u00f3 hace a\u00f1os un perfil en Facebook y en Instagram, que siguen activos, y nos env\u00eda mensajes de Whatsapp con emoticonos para recordarnos los santos y cumplea\u00f1os de la familia. Cada semana, mientras no la confinen, va al cine y al teatro con su hermana o una amiga \u00edntima, tambi\u00e9n viudas las dos. Los hombres casi siempre se van antes, pero ellas resisten como leonas. No solo tiene caldo en la nevera, tambi\u00e9n nos hace paellas, carne con salsa y unas croquetas espectaculares. Y un armario lleno de\u00a0tuppers\u00a0dispuestos siempre a viajar de ida (no siempre de vuelta) a casa de alguno de nosotros para deleite de cualquiera de sus once nietos. Mam\u00e1 era profesora y madre, y ahora es sobre todo abuela, y se r\u00ede amablemente de las mujeres empoderadas que renuncian a su maternidad por hacer carrera profesional, porque no pueden con todo. Ella trabajaba en casa y fuera, cuidaba de sus hijos y de su marido, todo estaba siempre a punto, y es consciente de que los tiempos han cambiado, pero mantiene su fe y su generosidad sin l\u00edmite. Solo vive para los dem\u00e1s, aunque hay d\u00edas que est\u00e1 triste, porque le echa tanto de menos. Como se puede querer tanto a alguien, nos dice. La mam\u00e1 de Rigoberta tambi\u00e9n es profe y madre. Y sangraba cada mes y cuando era joven ven\u00eda al colegio con coleta y mala cara durante \u201cesos d\u00edas\u201d. A veces ten\u00eda que volverse a casa porque no se encontraba bien. Nos sent\u00e1bamos juntos en la clase de Lat\u00edn. \u00bfMe echar\u00e1s una mano con el examen?, me ped\u00eda asustada. \u201cQuousque tandem Catilina abutere patientia nostra\u2026\u201d, \u201c\u00a1es que no entiendo nada de nada! \u201cTranquila, cuenta conmigo\u201d. A la mam\u00e1 de Rigoberta lo que le gustaba era la m\u00fasica. Y cant\u00e1bamos y toc\u00e1bamos la guitarra juntos en las misas y en el patio. Julio Iglesias, Perales, Mocedades, s\u00ed, esas son tus fuentes e influencias, Rigoberta. \u201cAbr\u00e1zame, y no me digas nada, solo abr\u00e1zame, me basta tu mirada para comprender, que t\u00fa te ir\u00e1s\u201d. Y presentamos juntos (es que yo ya me sent\u00eda periodista desde hac\u00eda a\u00f1os, desde que le\u00eda Tint\u00edn con 7, y lo seguir\u00e9 leyendo hasta los 77\u2026) el festival de fin de curso. Esto se acaba, nos hacemos mayores, podemos votar en democracia, llega la universidad. Y aquella noche cantamos hasta la madrugada junto a las columnas de Gaud\u00ed. Y a\u00fan conservo un p\u00e9talo de rosa que me firmaste con tu nombre, aunque t\u00fa ya no te acuerdes. Y te llev\u00e9 a casa cuando amanec\u00eda en mi Vespa azul, como tantas otras veces durante el curso, sintiendo tu aliento y tu calor en mi nuca. Pero \u00e9l ya estaba all\u00ed, era mucho mayor, y forofo del Madrid, y t\u00fa y yo siempre nos movimos en la \u201cFriendzone\u201d, no hab\u00eda espacio para m\u00e1s. Y gracias a eso, seguimos siendo amigos, de los de toda la vida, de los que nunca se olvidan, de los que siempre est\u00e1n cuando hace falta. De los que tocan y cantan en el funeral de tu padre cuando se va. Siempre nos quedar\u00e1 la m\u00fasica. Ojal\u00e1 Rigoberta llegue a Eurovisi\u00f3n para que todo el mundo sepa cu\u00e1nto queremos a nuestras madres, a nuestras abuelas, a nuestras amigas. Me temo que eres demasiado buena para ello, Paula. Pero te sobra talento para triunfar sin necesidad de llegar al Festival. Porque t\u00fa no haces canciones, compones himnos. Y s\u00ed, nos dan miedo vuestras tetas porque seguimos siendo m\u00e1s primarios de lo que pensamos, qu\u00e9 le vamos a hacer. Gracias por ese homenaje a todas las mam\u00e1s, a todas las abuelas, a todas las mujeres. Nunca os llegaremos a la altura del tac\u00f3n, incluso aunque no llev\u00e9is tacones y vist\u00e1is de uniforme de colegio de monjas. Molta merda, Rigoberta. Mam\u00e1, mam\u00e1, mam\u00e1, paremos la ciudad.\" \/>\n<meta property=\"og:url\" content=\"https:\/\/conversesacatalunya.cat\/es\/ay-mama\/\" \/>\n<meta property=\"og:site_name\" content=\"Converses a Catalunya\" \/>\n<meta property=\"article:published_time\" content=\"2022-01-31T15:39:05+00:00\" \/>\n<meta property=\"article:modified_time\" content=\"2024-01-22T13:12:20+00:00\" \/>\n<meta property=\"og:image\" content=\"https:\/\/conversesacatalunya.cat\/wp-content\/uploads\/2022\/01\/Ay-mama.jpg\" \/>\n\t<meta property=\"og:image:width\" content=\"225\" \/>\n\t<meta property=\"og:image:height\" content=\"300\" \/>\n\t<meta property=\"og:image:type\" content=\"image\/jpeg\" \/>\n<meta name=\"author\" content=\"Josep Manel Silva\" \/>\n<meta name=\"twitter:card\" content=\"summary_large_image\" \/>\n<meta name=\"twitter:label1\" content=\"Escrito por\" \/>\n\t<meta name=\"twitter:data1\" content=\"Josep Manel Silva\" \/>\n\t<meta name=\"twitter:label2\" content=\"Tiempo de lectura\" \/>\n\t<meta name=\"twitter:data2\" content=\"4 minutos\" \/>\n<script type=\"application\/ld+json\" class=\"yoast-schema-graph\">{\"@context\":\"https:\/\/schema.org\",\"@graph\":[{\"@type\":\"Article\",\"@id\":\"https:\/\/conversesacatalunya.cat\/es\/ay-mama\/#article\",\"isPartOf\":{\"@id\":\"https:\/\/conversesacatalunya.cat\/es\/ay-mama\/\"},\"author\":{\"name\":\"Josep Manel Silva\",\"@id\":\"https:\/\/conversesacatalunya.cat\/#\/schema\/person\/002600efd43d2fd853533142f835a7d0\"},\"headline\":\"Ay, mam\u00e1\",\"datePublished\":\"2022-01-31T15:39:05+00:00\",\"dateModified\":\"2024-01-22T13:12:20+00:00\",\"mainEntityOfPage\":{\"@id\":\"https:\/\/conversesacatalunya.cat\/es\/ay-mama\/\"},\"wordCount\":749,\"commentCount\":0,\"image\":{\"@id\":\"https:\/\/conversesacatalunya.cat\/es\/ay-mama\/#primaryimage\"},\"thumbnailUrl\":\"https:\/\/conversesacatalunya.cat\/wp-content\/uploads\/2022\/01\/Ay-mama.jpg\",\"articleSection\":[\"Opinem (ES)\"],\"inLanguage\":\"es\",\"potentialAction\":[{\"@type\":\"CommentAction\",\"name\":\"Comment\",\"target\":[\"https:\/\/conversesacatalunya.cat\/es\/ay-mama\/#respond\"]}]},{\"@type\":\"WebPage\",\"@id\":\"https:\/\/conversesacatalunya.cat\/es\/ay-mama\/\",\"url\":\"https:\/\/conversesacatalunya.cat\/es\/ay-mama\/\",\"name\":\"Ay, mam\u00e1 - Converses a Catalunya\",\"isPartOf\":{\"@id\":\"https:\/\/conversesacatalunya.cat\/#website\"},\"primaryImageOfPage\":{\"@id\":\"https:\/\/conversesacatalunya.cat\/es\/ay-mama\/#primaryimage\"},\"image\":{\"@id\":\"https:\/\/conversesacatalunya.cat\/es\/ay-mama\/#primaryimage\"},\"thumbnailUrl\":\"https:\/\/conversesacatalunya.cat\/wp-content\/uploads\/2022\/01\/Ay-mama.jpg\",\"datePublished\":\"2022-01-31T15:39:05+00:00\",\"dateModified\":\"2024-01-22T13:12:20+00:00\",\"author\":{\"@id\":\"https:\/\/conversesacatalunya.cat\/#\/schema\/person\/002600efd43d2fd853533142f835a7d0\"},\"breadcrumb\":{\"@id\":\"https:\/\/conversesacatalunya.cat\/es\/ay-mama\/#breadcrumb\"},\"inLanguage\":\"es\",\"potentialAction\":[{\"@type\":\"ReadAction\",\"target\":[\"https:\/\/conversesacatalunya.cat\/es\/ay-mama\/\"]}]},{\"@type\":\"ImageObject\",\"inLanguage\":\"es\",\"@id\":\"https:\/\/conversesacatalunya.cat\/es\/ay-mama\/#primaryimage\",\"url\":\"https:\/\/conversesacatalunya.cat\/wp-content\/uploads\/2022\/01\/Ay-mama.jpg\",\"contentUrl\":\"https:\/\/conversesacatalunya.cat\/wp-content\/uploads\/2022\/01\/Ay-mama.jpg\",\"width\":225,\"height\":300},{\"@type\":\"BreadcrumbList\",\"@id\":\"https:\/\/conversesacatalunya.cat\/es\/ay-mama\/#breadcrumb\",\"itemListElement\":[{\"@type\":\"ListItem\",\"position\":1,\"name\":\"Inici\",\"item\":\"https:\/\/conversesacatalunya.cat\/es\/\"},{\"@type\":\"ListItem\",\"position\":2,\"name\":\"Ay, mam\u00e1\"}]},{\"@type\":\"WebSite\",\"@id\":\"https:\/\/conversesacatalunya.cat\/#website\",\"url\":\"https:\/\/conversesacatalunya.cat\/\",\"name\":\"Converses a Catalunya\",\"description\":\"\",\"potentialAction\":[{\"@type\":\"SearchAction\",\"target\":{\"@type\":\"EntryPoint\",\"urlTemplate\":\"https:\/\/conversesacatalunya.cat\/?s={search_term_string}\"},\"query-input\":{\"@type\":\"PropertyValueSpecification\",\"valueRequired\":true,\"valueName\":\"search_term_string\"}}],\"inLanguage\":\"es\"},{\"@type\":\"Person\",\"@id\":\"https:\/\/conversesacatalunya.cat\/#\/schema\/person\/002600efd43d2fd853533142f835a7d0\",\"name\":\"Josep Manel Silva\",\"image\":{\"@type\":\"ImageObject\",\"inLanguage\":\"es\",\"@id\":\"https:\/\/conversesacatalunya.cat\/#\/schema\/person\/image\/\",\"url\":\"https:\/\/conversesacatalunya.cat\/wp-content\/litespeed\/avatar\/185e68439f2852088c1bbbab53e0e4c5.jpg?ver=1777384733\",\"contentUrl\":\"https:\/\/conversesacatalunya.cat\/wp-content\/litespeed\/avatar\/185e68439f2852088c1bbbab53e0e4c5.jpg?ver=1777384733\",\"caption\":\"Josep Manel Silva\"},\"url\":\"https:\/\/conversesacatalunya.cat\/es\/author\/josep-manel-silva\/\"}]}<\/script>\n<!-- \/ Yoast SEO plugin. -->","yoast_head_json":{"title":"Ay, mam\u00e1 - Converses a Catalunya","robots":{"index":"noindex","follow":"nofollow"},"og_locale":"es_ES","og_type":"article","og_title":"Ay, mam\u00e1 - Converses a Catalunya","og_description":"Mam\u00e1 tiene 87 a\u00f1os y est\u00e1 pidiendo una cita al m\u00e9dico por Internet, en la habitaci\u00f3n que ha habilitado como despacho en su piso de toda la vida, donde ahora vive sola desde que \u00e9l nos dej\u00f3 antes de tiempo. Tiene un ordenador personal en el que tambi\u00e9n mira cada d\u00eda las cuentas bancarias, porque en la Caixa ya no hay manera de que te atiendan en persona. Se abri\u00f3 hace a\u00f1os un perfil en Facebook y en Instagram, que siguen activos, y nos env\u00eda mensajes de Whatsapp con emoticonos para recordarnos los santos y cumplea\u00f1os de la familia. Cada semana, mientras no la confinen, va al cine y al teatro con su hermana o una amiga \u00edntima, tambi\u00e9n viudas las dos. Los hombres casi siempre se van antes, pero ellas resisten como leonas. No solo tiene caldo en la nevera, tambi\u00e9n nos hace paellas, carne con salsa y unas croquetas espectaculares. Y un armario lleno de\u00a0tuppers\u00a0dispuestos siempre a viajar de ida (no siempre de vuelta) a casa de alguno de nosotros para deleite de cualquiera de sus once nietos. Mam\u00e1 era profesora y madre, y ahora es sobre todo abuela, y se r\u00ede amablemente de las mujeres empoderadas que renuncian a su maternidad por hacer carrera profesional, porque no pueden con todo. Ella trabajaba en casa y fuera, cuidaba de sus hijos y de su marido, todo estaba siempre a punto, y es consciente de que los tiempos han cambiado, pero mantiene su fe y su generosidad sin l\u00edmite. Solo vive para los dem\u00e1s, aunque hay d\u00edas que est\u00e1 triste, porque le echa tanto de menos. Como se puede querer tanto a alguien, nos dice. La mam\u00e1 de Rigoberta tambi\u00e9n es profe y madre. Y sangraba cada mes y cuando era joven ven\u00eda al colegio con coleta y mala cara durante \u201cesos d\u00edas\u201d. A veces ten\u00eda que volverse a casa porque no se encontraba bien. Nos sent\u00e1bamos juntos en la clase de Lat\u00edn. \u00bfMe echar\u00e1s una mano con el examen?, me ped\u00eda asustada. \u201cQuousque tandem Catilina abutere patientia nostra\u2026\u201d, \u201c\u00a1es que no entiendo nada de nada! \u201cTranquila, cuenta conmigo\u201d. A la mam\u00e1 de Rigoberta lo que le gustaba era la m\u00fasica. Y cant\u00e1bamos y toc\u00e1bamos la guitarra juntos en las misas y en el patio. Julio Iglesias, Perales, Mocedades, s\u00ed, esas son tus fuentes e influencias, Rigoberta. \u201cAbr\u00e1zame, y no me digas nada, solo abr\u00e1zame, me basta tu mirada para comprender, que t\u00fa te ir\u00e1s\u201d. Y presentamos juntos (es que yo ya me sent\u00eda periodista desde hac\u00eda a\u00f1os, desde que le\u00eda Tint\u00edn con 7, y lo seguir\u00e9 leyendo hasta los 77\u2026) el festival de fin de curso. Esto se acaba, nos hacemos mayores, podemos votar en democracia, llega la universidad. Y aquella noche cantamos hasta la madrugada junto a las columnas de Gaud\u00ed. Y a\u00fan conservo un p\u00e9talo de rosa que me firmaste con tu nombre, aunque t\u00fa ya no te acuerdes. Y te llev\u00e9 a casa cuando amanec\u00eda en mi Vespa azul, como tantas otras veces durante el curso, sintiendo tu aliento y tu calor en mi nuca. Pero \u00e9l ya estaba all\u00ed, era mucho mayor, y forofo del Madrid, y t\u00fa y yo siempre nos movimos en la \u201cFriendzone\u201d, no hab\u00eda espacio para m\u00e1s. Y gracias a eso, seguimos siendo amigos, de los de toda la vida, de los que nunca se olvidan, de los que siempre est\u00e1n cuando hace falta. De los que tocan y cantan en el funeral de tu padre cuando se va. Siempre nos quedar\u00e1 la m\u00fasica. Ojal\u00e1 Rigoberta llegue a Eurovisi\u00f3n para que todo el mundo sepa cu\u00e1nto queremos a nuestras madres, a nuestras abuelas, a nuestras amigas. Me temo que eres demasiado buena para ello, Paula. Pero te sobra talento para triunfar sin necesidad de llegar al Festival. Porque t\u00fa no haces canciones, compones himnos. Y s\u00ed, nos dan miedo vuestras tetas porque seguimos siendo m\u00e1s primarios de lo que pensamos, qu\u00e9 le vamos a hacer. Gracias por ese homenaje a todas las mam\u00e1s, a todas las abuelas, a todas las mujeres. Nunca os llegaremos a la altura del tac\u00f3n, incluso aunque no llev\u00e9is tacones y vist\u00e1is de uniforme de colegio de monjas. Molta merda, Rigoberta. Mam\u00e1, mam\u00e1, mam\u00e1, paremos la ciudad.","og_url":"https:\/\/conversesacatalunya.cat\/es\/ay-mama\/","og_site_name":"Converses a Catalunya","article_published_time":"2022-01-31T15:39:05+00:00","article_modified_time":"2024-01-22T13:12:20+00:00","og_image":[{"width":225,"height":300,"url":"https:\/\/conversesacatalunya.cat\/wp-content\/uploads\/2022\/01\/Ay-mama.jpg","type":"image\/jpeg"}],"author":"Josep Manel Silva","twitter_card":"summary_large_image","twitter_misc":{"Escrito por":"Josep Manel Silva","Tiempo de lectura":"4 minutos"},"schema":{"@context":"https:\/\/schema.org","@graph":[{"@type":"Article","@id":"https:\/\/conversesacatalunya.cat\/es\/ay-mama\/#article","isPartOf":{"@id":"https:\/\/conversesacatalunya.cat\/es\/ay-mama\/"},"author":{"name":"Josep Manel Silva","@id":"https:\/\/conversesacatalunya.cat\/#\/schema\/person\/002600efd43d2fd853533142f835a7d0"},"headline":"Ay, mam\u00e1","datePublished":"2022-01-31T15:39:05+00:00","dateModified":"2024-01-22T13:12:20+00:00","mainEntityOfPage":{"@id":"https:\/\/conversesacatalunya.cat\/es\/ay-mama\/"},"wordCount":749,"commentCount":0,"image":{"@id":"https:\/\/conversesacatalunya.cat\/es\/ay-mama\/#primaryimage"},"thumbnailUrl":"https:\/\/conversesacatalunya.cat\/wp-content\/uploads\/2022\/01\/Ay-mama.jpg","articleSection":["Opinem (ES)"],"inLanguage":"es","potentialAction":[{"@type":"CommentAction","name":"Comment","target":["https:\/\/conversesacatalunya.cat\/es\/ay-mama\/#respond"]}]},{"@type":"WebPage","@id":"https:\/\/conversesacatalunya.cat\/es\/ay-mama\/","url":"https:\/\/conversesacatalunya.cat\/es\/ay-mama\/","name":"Ay, mam\u00e1 - Converses a Catalunya","isPartOf":{"@id":"https:\/\/conversesacatalunya.cat\/#website"},"primaryImageOfPage":{"@id":"https:\/\/conversesacatalunya.cat\/es\/ay-mama\/#primaryimage"},"image":{"@id":"https:\/\/conversesacatalunya.cat\/es\/ay-mama\/#primaryimage"},"thumbnailUrl":"https:\/\/conversesacatalunya.cat\/wp-content\/uploads\/2022\/01\/Ay-mama.jpg","datePublished":"2022-01-31T15:39:05+00:00","dateModified":"2024-01-22T13:12:20+00:00","author":{"@id":"https:\/\/conversesacatalunya.cat\/#\/schema\/person\/002600efd43d2fd853533142f835a7d0"},"breadcrumb":{"@id":"https:\/\/conversesacatalunya.cat\/es\/ay-mama\/#breadcrumb"},"inLanguage":"es","potentialAction":[{"@type":"ReadAction","target":["https:\/\/conversesacatalunya.cat\/es\/ay-mama\/"]}]},{"@type":"ImageObject","inLanguage":"es","@id":"https:\/\/conversesacatalunya.cat\/es\/ay-mama\/#primaryimage","url":"https:\/\/conversesacatalunya.cat\/wp-content\/uploads\/2022\/01\/Ay-mama.jpg","contentUrl":"https:\/\/conversesacatalunya.cat\/wp-content\/uploads\/2022\/01\/Ay-mama.jpg","width":225,"height":300},{"@type":"BreadcrumbList","@id":"https:\/\/conversesacatalunya.cat\/es\/ay-mama\/#breadcrumb","itemListElement":[{"@type":"ListItem","position":1,"name":"Inici","item":"https:\/\/conversesacatalunya.cat\/es\/"},{"@type":"ListItem","position":2,"name":"Ay, mam\u00e1"}]},{"@type":"WebSite","@id":"https:\/\/conversesacatalunya.cat\/#website","url":"https:\/\/conversesacatalunya.cat\/","name":"Converses a Catalunya","description":"","potentialAction":[{"@type":"SearchAction","target":{"@type":"EntryPoint","urlTemplate":"https:\/\/conversesacatalunya.cat\/?s={search_term_string}"},"query-input":{"@type":"PropertyValueSpecification","valueRequired":true,"valueName":"search_term_string"}}],"inLanguage":"es"},{"@type":"Person","@id":"https:\/\/conversesacatalunya.cat\/#\/schema\/person\/002600efd43d2fd853533142f835a7d0","name":"Josep Manel Silva","image":{"@type":"ImageObject","inLanguage":"es","@id":"https:\/\/conversesacatalunya.cat\/#\/schema\/person\/image\/","url":"https:\/\/conversesacatalunya.cat\/wp-content\/litespeed\/avatar\/185e68439f2852088c1bbbab53e0e4c5.jpg?ver=1777384733","contentUrl":"https:\/\/conversesacatalunya.cat\/wp-content\/litespeed\/avatar\/185e68439f2852088c1bbbab53e0e4c5.jpg?ver=1777384733","caption":"Josep Manel Silva"},"url":"https:\/\/conversesacatalunya.cat\/es\/author\/josep-manel-silva\/"}]}},"wps_subtitle":"Gracias por ese homenaje a todas las mam\u00e1s, a todas las abuelas, a todas las mujeres","_links":{"self":[{"href":"https:\/\/conversesacatalunya.cat\/es\/wp-json\/wp\/v2\/posts\/54323","targetHints":{"allow":["GET"]}}],"collection":[{"href":"https:\/\/conversesacatalunya.cat\/es\/wp-json\/wp\/v2\/posts"}],"about":[{"href":"https:\/\/conversesacatalunya.cat\/es\/wp-json\/wp\/v2\/types\/post"}],"author":[{"embeddable":true,"href":"https:\/\/conversesacatalunya.cat\/es\/wp-json\/wp\/v2\/users\/5"}],"replies":[{"embeddable":true,"href":"https:\/\/conversesacatalunya.cat\/es\/wp-json\/wp\/v2\/comments?post=54323"}],"version-history":[{"count":2,"href":"https:\/\/conversesacatalunya.cat\/es\/wp-json\/wp\/v2\/posts\/54323\/revisions"}],"predecessor-version":[{"id":54331,"href":"https:\/\/conversesacatalunya.cat\/es\/wp-json\/wp\/v2\/posts\/54323\/revisions\/54331"}],"wp:featuredmedia":[{"embeddable":true,"href":"https:\/\/conversesacatalunya.cat\/es\/wp-json\/wp\/v2\/media\/54324"}],"wp:attachment":[{"href":"https:\/\/conversesacatalunya.cat\/es\/wp-json\/wp\/v2\/media?parent=54323"}],"wp:term":[{"taxonomy":"category","embeddable":true,"href":"https:\/\/conversesacatalunya.cat\/es\/wp-json\/wp\/v2\/categories?post=54323"},{"taxonomy":"post_tag","embeddable":true,"href":"https:\/\/conversesacatalunya.cat\/es\/wp-json\/wp\/v2\/tags?post=54323"}],"curies":[{"name":"wp","href":"https:\/\/api.w.org\/{rel}","templated":true}]}}