{"id":54301,"date":"2022-01-31T17:00:03","date_gmt":"2022-01-31T16:00:03","guid":{"rendered":"https:\/\/conversesacatalunya.cat\/?p=54301"},"modified":"2022-02-02T08:27:04","modified_gmt":"2022-02-02T07:27:04","slug":"putin-y-la-crisis-actual-de-ucrania","status":"publish","type":"post","link":"https:\/\/conversesacatalunya.cat\/es\/putin-y-la-crisis-actual-de-ucrania\/","title":{"rendered":"Putin y la crisis actual de Ucrania en su contexto hist\u00f3rico y geopol\u00edtico"},"content":{"rendered":"<p><strong>Vladimir Putin es el autor de esta frase: \u00abEl peor desastre estrat\u00e9gico del siglo XX ha sido la desaparici\u00f3n de la Uni\u00f3n Sovi\u00e9tica\u00bb<\/strong><\/p>\n<p>La URSS desapareci\u00f3 del mapa en 1991, tras la ca\u00edda del Muro de Berl\u00edn en 1989. A su implosi\u00f3n sigui\u00f3 la creaci\u00f3n de quince nuevos estados independientes y de una d\u00e9bil confederaci\u00f3n o alianza de s\u00f3lo once de las quince ex rep\u00fablicas sovi\u00e9ticas, llamada Comunidad de Estados Independientes (CEI), siendo la Federaci\u00f3n Rusa, de largo, la m\u00e1s importante.<\/p>\n<p>Se entiende que aquella frase haya podido ser pronunciada por un exteniente coronel ruso del KGB, la terrible polic\u00eda secreta sovi\u00e9tica, de la que Putin fue miembro durante diecis\u00e9is a\u00f1os. Hoy es el presidente de una Rusia autoritaria que a\u00f1ora la antigua URSS y ambiciona recomponer sus viejas fronteras y zonas de influencia.<\/p>\n<h4>La frase de Putin tiene una segunda lectura: \u00abSi yo, Vladimir Putin, hubiera estado al frente de la URSS en los momentos de su desaparici\u00f3n, y no Gorbachov, no habr\u00eda pasado\u00bb. Tambi\u00e9n una tercera lectura: \u00abPero el asunto no est\u00e1 cerrado\u00bb.<\/h4>\n<p><strong>Que el asunto no est\u00e1 cerrado y que la situaci\u00f3n geopol\u00edtica creada con la desaparici\u00f3n de la URSS debe reconsiderarse, Vladimir Putin\u00a0lo empez\u00f3 a declarar abiertamente \u00a0en 2007<\/strong>, siete a\u00f1os despu\u00e9s de haber llegado a presidente de la Federaci\u00f3n Rusa. Fue reelegido en 2004. La existencia de l\u00edmites de mandato constitucional impidi\u00f3 que se presentara a un tercer mandato presidencial consecutivo en 2008. Dmitri Medvedev, el candidato ganador, en una jugada pactada y combinada con Vladimir Putin, le nombr\u00f3 primer ministro . En 2011 Putin anunci\u00f3 que se presentar\u00eda a un tercer mandato no consecutivo y gan\u00f3 las elecciones en 2012. Hoy todav\u00eda ocupa el cargo de presidente y, gracias a varios cambios introducidos \u00faltimamente en la legislaci\u00f3n electoral rusa, puede seguir ocupando este puesto todav\u00eda varios a\u00f1os m\u00e1s.<\/p>\n<p>En 2007, despu\u00e9s de haber contemporizado abiertamente con Occidente (Rusia incluso ingres\u00f3 en el G-7, convirti\u00e9ndose en G-8, hasta la posterior expulsi\u00f3n de Rusia y el regreso al G-7), Vladimir Putin quiso exponer p\u00fablicamente sus ideas revisionistas sobre el statu quo geopol\u00edtico europeo y mundial. Decidi\u00f3 hacerlo a la reuni\u00f3n anual de <a href=\"https:\/\/conversesacatalunya.cat\/es\/ischinger-conferencia-de-seguridad\/\" target=\"_blank\" rel=\"noopener\">la Conferencia de Seguridad de Munich<\/a>, un evento que se celebra cada a\u00f1o, desde 1963. Se trata del foro independiente m\u00e1s importante para el intercambio de puntos de vista entre los responsables de la toma de decisiones sobre pol\u00edticas de seguridad internacional.<\/p>\n<p><strong>All\u00ed Vladimir Putin lanz\u00f3 un ataque \u00a0dur\u00edsimo e inesperado \u00a0contra la arquitectura de seguridad mundial vigente, concebida por los poderes occidentales<\/strong>. Declar\u00f3 que la expansi\u00f3n de la OTAN hacia el Este era un acto de traici\u00f3n contra Rusia y acus\u00f3 a Estados Unidos de causar una \u201cdesestabilizaci\u00f3n global\u201d. Seg\u00fan Putin, \u201cel famoso orden liberal internacional\u201c posterior a la Segunda Guerra Mundial no era m\u00e1s que \u201cuna manera inaceptable de proyectar la voluntad norteamericana de dominar el mundo\u201d. Denunci\u00f3 \u201ctraiciones cometidas\u201d contra la URSS (Rusia se considera su heredera) antes y despu\u00e9s de su desaparici\u00f3n en 1991.<\/p>\n<p>Putin fue a M\u00fanich a hacer saber a sus hom\u00f3logos occidentales que Rusia ten\u00eda la determinaci\u00f3n de acabar con el orden liberal unipolar posterior \u00a0a la guerra fr\u00eda (1945-1989) y a la desaparici\u00f3n de la URSS. <strong>La anexi\u00f3n de Crimea<\/strong> (considerada por Putin tierra rusa desde siempre, m\u00e1s all\u00e1 de ser regalada por Kruschev a Ucrania en 1954, todo quedaba dentro de la URSS), la guerra civil en las regiones del este de Ucrania, la intervenci\u00f3n rusa en Siria y la crisis actual de Ucrania \u00a0no tardar\u00edan en llegar.<\/p>\n<h4><strong>Dos relatos se encuentran en la base de la determinaci\u00f3n reivindicativa de Vladimir Putin:<\/strong><\/h4>\n<p>a) seg\u00fan \u00e9l, las concesiones geopol\u00edticas de Gorbachov a Occidente \u201cfueron hechas con enga\u00f1o y a cambio de nada\u201d (moralidad: debemos recuperar lo que es nuestro), y b) las tr\u00e1gicas experiencias del derrumbe de la URSS vividas por \u00e9l junto a un \u00a0Boris Yeltsin \u00a0(al que desprecia) \u00a0a lo largo de los a\u00f1os noventa\u00a0 del siglo pasado, no se pueden volver a repetir (Putin fue el sucesor de Yeltsin, despu\u00e9s de haber sido \u00a0su primer ministro\u00a0 y jefe de los servicios secretos). La situaci\u00f3n vivida por una \u201cRusia\u201d de \u201crodillas, humillada y arruinada\u201d nunca deber\u00eda haberse producido. La incompetencia de Boris Yeltsin y la perfidia de Occidente son culpables.<\/p>\n<p><strong>En junio de 1989 el sindicato polaco Solidarnosc desplaz\u00f3 del poder con las urnas al Partido Comunista de Polonia. Mijail Gorbachov, entonces presidente de la URSS, no envi\u00f3 tanques<\/strong>, a diferencia de lo que hab\u00eda hecho Nikita Kruschev en Hungr\u00eda en 1956 y Leonidas Breznev en Checoslovaquia en 1968. Gorbachov renunci\u00f3 a la doctrina Breznev -seg\u00fan la cual la URSS impedir\u00eda que un pa\u00eds socialista abandonara el sistema- e inici\u00f3 la liquidaci\u00f3n del orden establecido en Europa despu\u00e9s de la Segunda Guerra Mundial. Acept\u00f3 despu\u00e9s del derribo del muro de Berl\u00edn y la reunificaci\u00f3n de Alemania. Toler\u00f3 el final del Pacto de Varsovia y la disoluci\u00f3n de la URSS en diciembre de 1991. Seg\u00fan Putin, pod\u00eda haber evitado cada uno de estos hechos utilizando la fuerza, pero se neg\u00f3 a hacerlo. \u00abSi lo hubiera hecho, el Pacto de Varsovia hoy en d\u00eda todav\u00eda existir\u00eda\u00bb.<\/p>\n<h4><strong>En el proceso descrito se a\u00f1ade m\u00e1s adelante la ampliaci\u00f3n de la OTAN.<\/strong><\/h4>\n<p>Aunque hist\u00f3ricamente es una cuesti\u00f3n controvertida, Gorbachov insisti\u00f3 en que Estados Unidos y Alemania le garantizaron que si aceptaba la permanencia de la Alemania reunificada en la OTAN, \u00e9sta no se expandir\u00eda hacia el Este. Los rusos se preguntan c\u00f3mo Gorbachov no exigi\u00f3 una garant\u00eda escrita en una cuesti\u00f3n tan capital. Es obvio que los antiguos miembros del Pacto de Varsovia y varias de las ex rep\u00fablicas sovi\u00e9ticas deseaban ingresar en la Alianza Atl\u00e1ntica, quedando as\u00ed al margen de las ambiciones de Mosc\u00fa. Pero no es menos cierto que Rusia percibi\u00f3 su ingreso como un agravio, hubiera o no promesa de no ampliaci\u00f3n. La consecuencia del proceso de desistimiento protagonizado por Gorbachov y la forma en que Occidente lo explot\u00f3 result\u00f3 en una Rusia \u201chumillada y ofendida\u201d, que recuerda la situaci\u00f3n de Alemania ante un \u201carmisticio tramposo\u201d un \u201capu\u00f1alamiento\u201d por la espalda\u201c, posteriormente a la Primera Guerra Mundial.<\/p>\n<blockquote><p><strong>Lo que \u00e9l est\u00e1 pidiendo con la crisis de Ucrania es la necesidad de una recomposici\u00f3n del orden europeo y mundial, un nuevo Yalta, ya que piensa que los acontecimientos producidos entre 1989 y 1991 lo merec\u00edan<\/strong><\/p><\/blockquote>\n<p>Por tanto, seg\u00fan Vladimir Putin, el proceso de recomposici\u00f3n del orden europeo y mundial se cerr\u00f3 en falso a partir de los eventos producidos entre 1989 y 1991. Lo que \u00e9l est\u00e1 pidiendo con la crisis de Ucrania\u00a0 es la necesidad de una recomposici\u00f3n del orden europeo y mundial, un nuevo Yalta, ya que piensa que los acontecimientos producidos entre 1989 y 1991 lo merec\u00edan. Y no ocurri\u00f3, a diferencia de lo que se hizo con el Congreso de Viena tras la derrota de Napole\u00f3n, con la Conferencia de Versalles despu\u00e9s de la Primera Guerra Mundial o con la serie de conferencias que van desde Yalta a Potsdam para ordenar el mundo despu\u00e9s de la Segunda Guerra Mundial.<\/p>\n<p><strong>El nuevo orden deber\u00eda haber formalizado los l\u00edmites de expansi\u00f3n de la OTAN y el estatuto de Crimea,<\/strong> entre otras cosas. En 1999 se produjo la primera ampliaci\u00f3n de la OTAN con la entrada de Polonia, Hungr\u00eda y Checoslovaquia (ex-Pacto de Varsovia). Sigui\u00f3 la entrada de los tres pa\u00edses b\u00e1lticos (ex-URSS). Y despu\u00e9s se abri\u00f3 la puerta de la OTAN a Ucrania y Georgia (ex URSS). Rusia lo consider\u00f3 l\u00edneas rojas. All\u00ed empez\u00f3 la reacci\u00f3n de Putin. Lo hizo \u00a0usando la fuerza contra Ucrania y Georgia, anexion\u00e1ndose Crimea y promoviendo diversas rep\u00fablicas prorrusas tanto en Ucrania (regiones del este) como en Georgia (Osetia del Sur y Abjasia). Occidente impuso fuertes sanciones econ\u00f3micas a Rusia.<\/p>\n<h4><strong>Los reiterados llamamientos de Gorbachov para edificar una \u201ccasa com\u00fan europea\u201d fueron ignorados.<\/strong><\/h4>\n<p>Si hubiera habido ayuda para la perestroika, alg\u00fan tipo de asociaci\u00f3n entre la UE y Rusia, y la no ampliaci\u00f3n de la OTAN, habr\u00eda generado confianza estrat\u00e9gica y con ella una base s\u00f3lida para una relaci\u00f3n no conflictiva con Rusia a largo plazo. <strong>El intento de la UE en 2014 de atraer a Ucrania, desbaratando la Uni\u00f3n Euroasi\u00e1tica promovida por Rusia, fue entendido por Putin como un primer paso hacia la integraci\u00f3n de Ucrania en la OTAN.<\/strong> La gran mayor\u00eda de los rusos no aceptan lo que supuso para Mosc\u00fa la p\u00e9rdida de todas las conquistas hechas desde Pedro el Grande, a principios del siglo XVIII, y Putin sabe que tiene detr\u00e1s ese sentimiento mayoritario.<\/p>\n<p>Ucrania es el agravio m\u00e1s desgarrador de todos. <strong>Rusia se siente arrinconada por la reducci\u00f3n progresiva de su espacio de seguridad y Ucrania es su l\u00ednea roja<\/strong>. El objetivo de Putin no es anexionarla, sino evitar su salida de la esfera de influencia del Kremlin. Ucrania tiene una gran carga simb\u00f3lica para Rusia. Su independencia es percibida en Rusia como una amputaci\u00f3n. El primer gran imperio ruso y la primera forma de gobierno consolidada en Europa oriental fue el \u201cRus\u201d de Kiev, que surgi\u00f3 en la capital ucraniana a mediados del siglo IX. Ucrania fue el objeto central de un conflicto iniciado en el siglo XV entre Rusia y Polonia. Se cerr\u00f3 en 1649, cuando Ucrania decidi\u00f3 decantarse hacia Mosc\u00fa en lugar de hacerlo hacia Varsovia. Rusia y Ucrania llevan tres siglos unidas. Los or\u00edgenes de Rusia pueden situarse, por tanto, en Kiev. Es a partir de este origen que comienza la expansi\u00f3n eslava contra los mongoles y turcos que van dando forma a la Rusia actual.<\/p>\n<h4><strong>Tambi\u00e9n hay que tener en cuenta que el estado ucraniano est\u00e1 formado por dos partes substancialmente diferentes.<\/strong><\/h4>\n<p>De Kiev hacia el este es un territorio mayoritariamente de lengua y cultura rusa, que <strong>se siente vinculado a Rusia<\/strong>. Las regiones \u00a0del este Donetsk y Lugansk se han separado de Ucrania en refer\u00e9ndum organizado\u00a0 con el apoyo ruso, y se querr\u00edan incorporar a Rusia. <strong>La parte occidental del territorio ucraniano mira a Occidente<\/strong>, porque ha estado hist\u00f3ricamente m\u00e1s vinculado al imperio polaco lituano y al imperio austroh\u00fangaro. La ciudad de Luiv, la antigua Lemberg, es la capital de la antigua \u00a0provincia \u00a0austr\u00edaca de \u00a0Galitzia. En el siglo XIX se dec\u00eda que Europa iba \u201cde Galitzia\u201d (Imperio austr\u00edaco) a Galicia\u201d (Espa\u00f1a)\u201d.<\/p>\n<h4><strong>La UE no puede quedar marginada por los contactos directos entre Rusia y Estados Unidos para solucionar la crisis de Ucrania.<\/strong><\/h4>\n<p>La UE debe seguir apoyando todos aquellos formatos diplom\u00e1ticos para la resoluci\u00f3n del conflicto, como el Cuarteto de Normand\u00eda, un grupo de contacto informal formado por Francia, Alemania, Rusia y Ucrania. Tambi\u00e9n es de gran importancia el grupo de contacto Trilateral, compuesto por Ucrania, Rusia y la Organizaci\u00f3n para la Seguridad y la Cooperaci\u00f3n en Europa (OSCE), que dio lugar al Protocolo de Minsk. Adem\u00e1s de apoyar estos formatos,<strong> la UE debe permanecer unida y hacerse escuchar. La UE debe estar representada de forma efectiva en unas negociaciones para llegar a un acuerdo.<\/strong><\/p>\n<h4><strong>A pesar de la complejidad del panorama, un entendimiento se vislumbra en el horizonte.<\/strong><\/h4>\n<p><strong>Estados Unidos y Occidente pueden entender que Rusia no acepte una Ucrania miembro de la OTAN<\/strong> <strong>y que Rusia tiene fuerza para impedirlo<\/strong>. La balanza de fuerzas se decanta del lado ruso y ante esto la respuesta realista es la \u201cfinlandizaci\u00f3n\u201d o neutralizaci\u00f3n, es decir, aceptar que Ucrania pertenece a la esfera de influencia rusa. Los principales estrategas estadounidenses ya coincidieron hace tiempo que era un grave error intentar llevar a la OTAN hasta las fronteras de Rusia. Se podr\u00eda llegar a un acuerdo seg\u00fan el cual Ucrania de facto nunca entrar\u00eda en la OTAN y se evitar\u00eda el conflicto b\u00e9lico entre Rusia y Occidente.<strong> Los aliados occidentales, con la participaci\u00f3n activa de Francia y Alemania, permitir\u00edan que Ucrania formara parte de la esfera de influencia rusa, sin entrar en la OTAN, pero tambi\u00e9n sin perder su independencia,<\/strong> con derecho a la democracia y a acercarse a la UE. Rusia ha dejado entender que podr\u00eda haber posibilidad de acuerdo si Ucrania aplica las cl\u00e1usulas del Acuerdo de Minsk referidas a la estructura federal del pa\u00eds, que prev\u00e9n la concesi\u00f3n de amplias competencias a las regiones orientales prorusas, incluida la de vetar el acceso de Ucrania a organizaciones internacionales. O si Ucrania adopta una reforma constitucional declar\u00e1ndose pa\u00eds neutral.<\/p>\n<p>El problema de Ucrania podr\u00eda tener una soluci\u00f3n ya utilizada en el pasado con los casos de Finlandia y Austria. Se tratar\u00eda de <strong>una neutralizaci\u00f3n militar del pa\u00eds y de una econom\u00eda pactada y abierta a los dos bloques<\/strong>. Esta soluci\u00f3n ha tra\u00eddo paz y prosperidad a fineses y austr\u00edacos.<\/p>\n<p>La actual crisis de Ucrania puede interpretarse como una jugada calculada de Putin para conseguir que Rusia vuelva a ser reconocida como gran potencia geopol\u00edtica en un nuevo orden mundial naciente de car\u00e1cter multipolar. <strong>En caso de que Putin se decidiera a invadir Ucrania, las consecuencias negativas para Rusia de las represalias econ\u00f3micas podr\u00edan ser devastadoras, y \u00e9l lo sabe<\/strong>. Su econom\u00eda es vulnerable. El PIB de Rusia es comparable al de Italia. Algunos analistas califican la econom\u00eda rusa de \u201ccalifato energ\u00e9tico\u201d. Su poblaci\u00f3n es escasa y decadente. De lo que dispone Rusia en abundancia es territorio, recursos naturales y un aterrador arsenal nuclear, aunque bastante obsoleto.<\/p>\n<p><strong>La mayor\u00eda de analistas creen que Putin no invadir\u00e1 Ucrania<\/strong>, que sus movimientos de tropas forman parte de una jugada calculada y que la neutralidad de Ucrania ser\u00e1 parte esencial de un acuerdo al que podr\u00edan llegar pronto todas las partes implicadas.<\/p>\n<h4><strong>Mientras, la maquinaria diplom\u00e1tica sigue trabajando.<\/strong><\/h4>\n<p><strong>El 26 de enero se han producido importantes eventos<\/strong>. Por un lado, Joe Biden ha ofrecido por escrito a Vladimir Putin \u00abun camino diplom\u00e1tico serio\u00bb en su carta de respuesta formal a las garant\u00edas que Mosc\u00fa exige como condici\u00f3n para poner fin al conflicto originado por la acumulaci\u00f3n de m\u00e1s de 100.000 soldados rusos en las fronteras con Ucrania. Las condiciones de Putin son que la OTAN renuncie a incorporar a Ucrania como miembro de la Alianza y que los aliados reduzcan su presencia en el Este de Europa. Washington y la OTAN lo rechazan. Pero Biden y sus socios vuelven a subrayar su apuesta por la paz y afirman que ahora depende de Rusia \u00abel camino a seguir\u00bb. El segundo evento es la reuni\u00f3n maratoniana (ocho horas de duraci\u00f3n) del Cuarteto de Normand\u00eda, con representantes de Francia, Alemania, Ucrania y Rusia, mantenida en el palacio del El\u00edseo de Par\u00eds. Al t\u00e9rmino de la reuni\u00f3n se ha reafirmado la vigencia de lo pactado en Minsk y el apoyo de todos a un \u00abrespeto incondicional del alto el fuego\u00bb. Seg\u00fan el ministro franc\u00e9s de exteriores, se est\u00e1n poniendo los resortes para \u00abponer en marcha el proceso de desescalada\u00bb.<\/p>\n<span class='bctt-click-to-tweet'><span class='bctt-ctt-text'><a href='https:\/\/twitter.com\/intent\/tweet?url=https%3A%2F%2Fconversesacatalunya.cat%2Fes%2Fputin-y-la-crisis-actual-de-ucrania%2F&#038;text=Lo%20que%20%C3%A9l%20est%C3%A1%20pidiendo%20Putin%20con%20la%20crisis%20de%20Ucrania%20%20es%20la%20necesidad%20de%20una%20recomposici%C3%B3n%20del%20orden%20europeo%20y%20mundial%2C%20un%20nuevo%20Yalta&#038;via=conversesacat&#038;related=conversesacat' target='_blank'rel=\"noopener noreferrer\">Lo que \u00e9l est\u00e1 pidiendo Putin con la crisis de Ucrania  es la necesidad de una recomposici\u00f3n del orden europeo y mundial, un nuevo Yalta <\/a><\/span><a href='https:\/\/twitter.com\/intent\/tweet?url=https%3A%2F%2Fconversesacatalunya.cat%2Fes%2Fputin-y-la-crisis-actual-de-ucrania%2F&#038;text=Lo%20que%20%C3%A9l%20est%C3%A1%20pidiendo%20Putin%20con%20la%20crisis%20de%20Ucrania%20%20es%20la%20necesidad%20de%20una%20recomposici%C3%B3n%20del%20orden%20europeo%20y%20mundial%2C%20un%20nuevo%20Yalta&#038;via=conversesacat&#038;related=conversesacat' target='_blank' class='bctt-ctt-btn'rel=\"noopener noreferrer\">Compartir en X<\/a><\/span>\n","protected":false},"excerpt":{"rendered":"<p>Vladimir Putin es el autor de esta frase: \u00abEl peor desastre estrat\u00e9gico del siglo XX ha sido la desaparici\u00f3n de la Uni\u00f3n Sovi\u00e9tica\u00bb La URSS desapareci\u00f3 del mapa en 1991, tras la ca\u00edda del Muro de Berl\u00edn en 1989. A su implosi\u00f3n sigui\u00f3 la creaci\u00f3n de quince nuevos estados independientes y de una d\u00e9bil confederaci\u00f3n o alianza de s\u00f3lo once de las quince ex rep\u00fablicas sovi\u00e9ticas, llamada Comunidad de Estados Independientes (CEI), siendo la Federaci\u00f3n Rusa, de largo, la m\u00e1s importante. Se entiende que aquella frase haya podido ser pronunciada por un exteniente coronel ruso del KGB, la terrible polic\u00eda secreta sovi\u00e9tica, de la que Putin fue miembro durante diecis\u00e9is a\u00f1os. Hoy es el presidente de una Rusia autoritaria que a\u00f1ora la antigua URSS y ambiciona recomponer sus viejas fronteras y zonas de influencia. La frase de Putin tiene una segunda lectura: \u00abSi yo, Vladimir Putin, hubiera estado al frente de la URSS en los momentos de su desaparici\u00f3n, y no Gorbachov, no habr\u00eda pasado\u00bb. Tambi\u00e9n una tercera lectura: \u00abPero el asunto no est\u00e1 cerrado\u00bb. Que el asunto no est\u00e1 cerrado y que la situaci\u00f3n geopol\u00edtica creada con la desaparici\u00f3n de la URSS debe reconsiderarse, Vladimir Putin\u00a0lo empez\u00f3 a declarar abiertamente \u00a0en 2007, siete a\u00f1os despu\u00e9s de haber llegado a presidente de la Federaci\u00f3n Rusa. Fue reelegido en 2004. La existencia de l\u00edmites de mandato constitucional impidi\u00f3 que se presentara a un tercer mandato presidencial consecutivo en 2008. Dmitri Medvedev, el candidato ganador, en una jugada pactada y combinada con Vladimir Putin, le nombr\u00f3 primer ministro . En 2011 Putin anunci\u00f3 que se presentar\u00eda a un tercer mandato no consecutivo y gan\u00f3 las elecciones en 2012. Hoy todav\u00eda ocupa el cargo de presidente y, gracias a varios cambios introducidos \u00faltimamente en la legislaci\u00f3n electoral rusa, puede seguir ocupando este puesto todav\u00eda varios a\u00f1os m\u00e1s. En 2007, despu\u00e9s de haber contemporizado abiertamente con Occidente (Rusia incluso ingres\u00f3 en el G-7, convirti\u00e9ndose en G-8, hasta la posterior expulsi\u00f3n de Rusia y el regreso al G-7), Vladimir Putin quiso exponer p\u00fablicamente sus ideas revisionistas sobre el statu quo geopol\u00edtico europeo y mundial. Decidi\u00f3 hacerlo a la reuni\u00f3n anual de la Conferencia de Seguridad de Munich, un evento que se celebra cada a\u00f1o, desde 1963. Se trata del foro independiente m\u00e1s importante para el intercambio de puntos de vista entre los responsables de la toma de decisiones sobre pol\u00edticas de seguridad internacional. All\u00ed Vladimir Putin lanz\u00f3 un ataque \u00a0dur\u00edsimo e inesperado \u00a0contra la arquitectura de seguridad mundial vigente, concebida por los poderes occidentales. Declar\u00f3 que la expansi\u00f3n de la OTAN hacia el Este era un acto de traici\u00f3n contra Rusia y acus\u00f3 a Estados Unidos de causar una \u201cdesestabilizaci\u00f3n global\u201d. Seg\u00fan Putin, \u201cel famoso orden liberal internacional\u201c posterior a la Segunda Guerra Mundial no era m\u00e1s que \u201cuna manera inaceptable de proyectar la voluntad norteamericana de dominar el mundo\u201d. Denunci\u00f3 \u201ctraiciones cometidas\u201d contra la URSS (Rusia se considera su heredera) antes y despu\u00e9s de su desaparici\u00f3n en 1991. Putin fue a M\u00fanich a hacer saber a sus hom\u00f3logos occidentales que Rusia ten\u00eda la determinaci\u00f3n de acabar con el orden liberal unipolar posterior \u00a0a la guerra fr\u00eda (1945-1989) y a la desaparici\u00f3n de la URSS. La anexi\u00f3n de Crimea (considerada por Putin tierra rusa desde siempre, m\u00e1s all\u00e1 de ser regalada por Kruschev a Ucrania en 1954, todo quedaba dentro de la URSS), la guerra civil en las regiones del este de Ucrania, la intervenci\u00f3n rusa en Siria y la crisis actual de Ucrania \u00a0no tardar\u00edan en llegar. Dos relatos se encuentran en la base de la determinaci\u00f3n reivindicativa de Vladimir Putin: a) seg\u00fan \u00e9l, las concesiones geopol\u00edticas de Gorbachov a Occidente \u201cfueron hechas con enga\u00f1o y a cambio de nada\u201d (moralidad: debemos recuperar lo que es nuestro), y b) las tr\u00e1gicas experiencias del derrumbe de la URSS vividas por \u00e9l junto a un \u00a0Boris Yeltsin \u00a0(al que desprecia) \u00a0a lo largo de los a\u00f1os noventa\u00a0 del siglo pasado, no se pueden volver a repetir (Putin fue el sucesor de Yeltsin, despu\u00e9s de haber sido \u00a0su primer ministro\u00a0 y jefe de los servicios secretos). La situaci\u00f3n vivida por una \u201cRusia\u201d de \u201crodillas, humillada y arruinada\u201d nunca deber\u00eda haberse producido. La incompetencia de Boris Yeltsin y la perfidia de Occidente son culpables. En junio de 1989 el sindicato polaco Solidarnosc desplaz\u00f3 del poder con las urnas al Partido Comunista de Polonia. Mijail Gorbachov, entonces presidente de la URSS, no envi\u00f3 tanques, a diferencia de lo que hab\u00eda hecho Nikita Kruschev en Hungr\u00eda en 1956 y Leonidas Breznev en Checoslovaquia en 1968. Gorbachov renunci\u00f3 a la doctrina Breznev -seg\u00fan la cual la URSS impedir\u00eda que un pa\u00eds socialista abandonara el sistema- e inici\u00f3 la liquidaci\u00f3n del orden establecido en Europa despu\u00e9s de la Segunda Guerra Mundial. Acept\u00f3 despu\u00e9s del derribo del muro de Berl\u00edn y la reunificaci\u00f3n de Alemania. Toler\u00f3 el final del Pacto de Varsovia y la disoluci\u00f3n de la URSS en diciembre de 1991. Seg\u00fan Putin, pod\u00eda haber evitado cada uno de estos hechos utilizando la fuerza, pero se neg\u00f3 a hacerlo. \u00abSi lo hubiera hecho, el Pacto de Varsovia hoy en d\u00eda todav\u00eda existir\u00eda\u00bb. En el proceso descrito se a\u00f1ade m\u00e1s adelante la ampliaci\u00f3n de la OTAN. Aunque hist\u00f3ricamente es una cuesti\u00f3n controvertida, Gorbachov insisti\u00f3 en que Estados Unidos y Alemania le garantizaron que si aceptaba la permanencia de la Alemania reunificada en la OTAN, \u00e9sta no se expandir\u00eda hacia el Este. Los rusos se preguntan c\u00f3mo Gorbachov no exigi\u00f3 una garant\u00eda escrita en una cuesti\u00f3n tan capital. Es obvio que los antiguos miembros del Pacto de Varsovia y varias de las ex rep\u00fablicas sovi\u00e9ticas deseaban ingresar en la Alianza Atl\u00e1ntica, quedando as\u00ed al margen de las ambiciones de Mosc\u00fa. Pero no es menos cierto que Rusia percibi\u00f3 su ingreso como un agravio, hubiera o no promesa de no ampliaci\u00f3n. La consecuencia del proceso de desistimiento protagonizado por Gorbachov y la forma en que Occidente lo explot\u00f3 result\u00f3 en una Rusia \u201chumillada y ofendida\u201d, que recuerda la situaci\u00f3n de Alemania ante un \u201carmisticio&#8230;<\/p>\n","protected":false},"author":38,"featured_media":54298,"comment_status":"open","ping_status":"open","sticky":false,"template":"","format":"standard","meta":{"_FSMCFIC_featured_image_caption":"","_FSMCFIC_featured_image_nocaption":"","_FSMCFIC_featured_image_hide":"","footnotes":""},"categories":[798,806],"tags":[1837,4431,4432,1204,1310,4416],"class_list":["post-54301","post","type-post","status-publish","format-standard","has-post-thumbnail","hentry","category-pro-europa-es","category-punts-claus-del-dia-es","tag-biden-es","tag-gorbachov","tag-pacto-de-varsovia","tag-rusia","tag-ucrania","tag-union-sovietica"],"yoast_head":"<!-- This site is optimized with the Yoast SEO plugin v26.8 - https:\/\/yoast.com\/product\/yoast-seo-wordpress\/ -->\n<title>Putin y la crisis actual de Ucrania en su contexto hist\u00f3rico y geopol\u00edtico - Converses a Catalunya<\/title>\n<meta name=\"description\" content=\"Vladimir Putin \u00e9s l\u2019autor d\u2019aquesta frase: \u201cEl pitjor desastre estrat\u00e8gic del segle XX ha estat la desaparici.\u00f3 de la Uni\u00f3 Sovi\u00e8tica\u201d\" \/>\n<meta name=\"robots\" content=\"index, follow, max-snippet:-1, max-image-preview:large, max-video-preview:-1\" \/>\n<link rel=\"canonical\" href=\"https:\/\/conversesacatalunya.cat\/es\/putin-y-la-crisis-actual-de-ucrania\/\" \/>\n<meta property=\"og:locale\" content=\"es_ES\" \/>\n<meta property=\"og:type\" content=\"article\" \/>\n<meta property=\"og:title\" content=\"Putin y la crisis actual de Ucrania en su contexto hist\u00f3rico y geopol\u00edtico - Converses a Catalunya\" \/>\n<meta property=\"og:description\" content=\"Vladimir Putin \u00e9s l\u2019autor d\u2019aquesta frase: \u201cEl pitjor desastre estrat\u00e8gic del segle XX ha estat la desaparici.\u00f3 de la Uni\u00f3 Sovi\u00e8tica\u201d\" \/>\n<meta property=\"og:url\" content=\"https:\/\/conversesacatalunya.cat\/es\/putin-y-la-crisis-actual-de-ucrania\/\" \/>\n<meta property=\"og:site_name\" content=\"Converses a Catalunya\" \/>\n<meta property=\"article:published_time\" content=\"2022-01-31T16:00:03+00:00\" \/>\n<meta property=\"article:modified_time\" content=\"2022-02-02T07:27:04+00:00\" \/>\n<meta property=\"og:image\" content=\"https:\/\/conversesacatalunya.cat\/wp-content\/uploads\/2022\/01\/putin-gd0cd19759_640.jpg\" \/>\n\t<meta property=\"og:image:width\" content=\"640\" \/>\n\t<meta property=\"og:image:height\" content=\"426\" \/>\n\t<meta property=\"og:image:type\" content=\"image\/jpeg\" \/>\n<meta name=\"author\" content=\"Victor Pou\" \/>\n<meta name=\"twitter:card\" content=\"summary_large_image\" \/>\n<meta name=\"twitter:label1\" content=\"Escrito por\" \/>\n\t<meta name=\"twitter:data1\" content=\"Victor Pou\" \/>\n\t<meta name=\"twitter:label2\" content=\"Tiempo de lectura\" \/>\n\t<meta name=\"twitter:data2\" content=\"14 minutos\" \/>\n<script type=\"application\/ld+json\" class=\"yoast-schema-graph\">{\"@context\":\"https:\/\/schema.org\",\"@graph\":[{\"@type\":\"Article\",\"@id\":\"https:\/\/conversesacatalunya.cat\/es\/putin-y-la-crisis-actual-de-ucrania\/#article\",\"isPartOf\":{\"@id\":\"https:\/\/conversesacatalunya.cat\/es\/putin-y-la-crisis-actual-de-ucrania\/\"},\"author\":{\"name\":\"Victor Pou\",\"@id\":\"https:\/\/conversesacatalunya.cat\/#\/schema\/person\/1b0082ee920b837be791bee630d460b2\"},\"headline\":\"Putin y la crisis actual de Ucrania en su contexto hist\u00f3rico y geopol\u00edtico\",\"datePublished\":\"2022-01-31T16:00:03+00:00\",\"dateModified\":\"2022-02-02T07:27:04+00:00\",\"mainEntityOfPage\":{\"@id\":\"https:\/\/conversesacatalunya.cat\/es\/putin-y-la-crisis-actual-de-ucrania\/\"},\"wordCount\":2665,\"commentCount\":0,\"image\":{\"@id\":\"https:\/\/conversesacatalunya.cat\/es\/putin-y-la-crisis-actual-de-ucrania\/#primaryimage\"},\"thumbnailUrl\":\"https:\/\/conversesacatalunya.cat\/wp-content\/uploads\/2022\/01\/putin-gd0cd19759_640.jpg\",\"keywords\":[\"Biden\",\"Gorbachov\",\"Pacto de Varsovia\",\"Rusia\",\"Ucrania\",\"Uni\u00f3n sovi\u00e9tica\"],\"articleSection\":[\"Pro Europa (ES)\",\"Punts clau del dia (ES)\"],\"inLanguage\":\"es\",\"potentialAction\":[{\"@type\":\"CommentAction\",\"name\":\"Comment\",\"target\":[\"https:\/\/conversesacatalunya.cat\/es\/putin-y-la-crisis-actual-de-ucrania\/#respond\"]}]},{\"@type\":\"WebPage\",\"@id\":\"https:\/\/conversesacatalunya.cat\/es\/putin-y-la-crisis-actual-de-ucrania\/\",\"url\":\"https:\/\/conversesacatalunya.cat\/es\/putin-y-la-crisis-actual-de-ucrania\/\",\"name\":\"Putin y la crisis actual de Ucrania en su contexto hist\u00f3rico y geopol\u00edtico - Converses a Catalunya\",\"isPartOf\":{\"@id\":\"https:\/\/conversesacatalunya.cat\/#website\"},\"primaryImageOfPage\":{\"@id\":\"https:\/\/conversesacatalunya.cat\/es\/putin-y-la-crisis-actual-de-ucrania\/#primaryimage\"},\"image\":{\"@id\":\"https:\/\/conversesacatalunya.cat\/es\/putin-y-la-crisis-actual-de-ucrania\/#primaryimage\"},\"thumbnailUrl\":\"https:\/\/conversesacatalunya.cat\/wp-content\/uploads\/2022\/01\/putin-gd0cd19759_640.jpg\",\"datePublished\":\"2022-01-31T16:00:03+00:00\",\"dateModified\":\"2022-02-02T07:27:04+00:00\",\"author\":{\"@id\":\"https:\/\/conversesacatalunya.cat\/#\/schema\/person\/1b0082ee920b837be791bee630d460b2\"},\"description\":\"Vladimir Putin \u00e9s l\u2019autor d\u2019aquesta frase: \u201cEl pitjor desastre estrat\u00e8gic del segle XX ha estat la desaparici.\u00f3 de la Uni\u00f3 Sovi\u00e8tica\u201d\",\"breadcrumb\":{\"@id\":\"https:\/\/conversesacatalunya.cat\/es\/putin-y-la-crisis-actual-de-ucrania\/#breadcrumb\"},\"inLanguage\":\"es\",\"potentialAction\":[{\"@type\":\"ReadAction\",\"target\":[\"https:\/\/conversesacatalunya.cat\/es\/putin-y-la-crisis-actual-de-ucrania\/\"]}]},{\"@type\":\"ImageObject\",\"inLanguage\":\"es\",\"@id\":\"https:\/\/conversesacatalunya.cat\/es\/putin-y-la-crisis-actual-de-ucrania\/#primaryimage\",\"url\":\"https:\/\/conversesacatalunya.cat\/wp-content\/uploads\/2022\/01\/putin-gd0cd19759_640.jpg\",\"contentUrl\":\"https:\/\/conversesacatalunya.cat\/wp-content\/uploads\/2022\/01\/putin-gd0cd19759_640.jpg\",\"width\":640,\"height\":426,\"caption\":\"Vladimir Putin\"},{\"@type\":\"BreadcrumbList\",\"@id\":\"https:\/\/conversesacatalunya.cat\/es\/putin-y-la-crisis-actual-de-ucrania\/#breadcrumb\",\"itemListElement\":[{\"@type\":\"ListItem\",\"position\":1,\"name\":\"Inici\",\"item\":\"https:\/\/conversesacatalunya.cat\/es\/\"},{\"@type\":\"ListItem\",\"position\":2,\"name\":\"Putin y la crisis actual de Ucrania en su contexto hist\u00f3rico y geopol\u00edtico\"}]},{\"@type\":\"WebSite\",\"@id\":\"https:\/\/conversesacatalunya.cat\/#website\",\"url\":\"https:\/\/conversesacatalunya.cat\/\",\"name\":\"Converses a Catalunya\",\"description\":\"\",\"potentialAction\":[{\"@type\":\"SearchAction\",\"target\":{\"@type\":\"EntryPoint\",\"urlTemplate\":\"https:\/\/conversesacatalunya.cat\/?s={search_term_string}\"},\"query-input\":{\"@type\":\"PropertyValueSpecification\",\"valueRequired\":true,\"valueName\":\"search_term_string\"}}],\"inLanguage\":\"es\"},{\"@type\":\"Person\",\"@id\":\"https:\/\/conversesacatalunya.cat\/#\/schema\/person\/1b0082ee920b837be791bee630d460b2\",\"name\":\"Victor Pou\",\"image\":{\"@type\":\"ImageObject\",\"inLanguage\":\"es\",\"@id\":\"https:\/\/conversesacatalunya.cat\/#\/schema\/person\/image\/\",\"url\":\"https:\/\/conversesacatalunya.cat\/wp-content\/litespeed\/avatar\/b9b32a5f987117ce72836d050f735d2b.jpg?ver=1777366285\",\"contentUrl\":\"https:\/\/conversesacatalunya.cat\/wp-content\/litespeed\/avatar\/b9b32a5f987117ce72836d050f735d2b.jpg?ver=1777366285\",\"caption\":\"Victor Pou\"},\"url\":\"https:\/\/conversesacatalunya.cat\/es\/author\/victor_pou\/\"}]}<\/script>\n<!-- \/ Yoast SEO plugin. -->","yoast_head_json":{"title":"Putin y la crisis actual de Ucrania en su contexto hist\u00f3rico y geopol\u00edtico - Converses a Catalunya","description":"Vladimir Putin \u00e9s l\u2019autor d\u2019aquesta frase: \u201cEl pitjor desastre estrat\u00e8gic del segle XX ha estat la desaparici.\u00f3 de la Uni\u00f3 Sovi\u00e8tica\u201d","robots":{"index":"index","follow":"follow","max-snippet":"max-snippet:-1","max-image-preview":"max-image-preview:large","max-video-preview":"max-video-preview:-1"},"canonical":"https:\/\/conversesacatalunya.cat\/es\/putin-y-la-crisis-actual-de-ucrania\/","og_locale":"es_ES","og_type":"article","og_title":"Putin y la crisis actual de Ucrania en su contexto hist\u00f3rico y geopol\u00edtico - Converses a Catalunya","og_description":"Vladimir Putin \u00e9s l\u2019autor d\u2019aquesta frase: \u201cEl pitjor desastre estrat\u00e8gic del segle XX ha estat la desaparici.\u00f3 de la Uni\u00f3 Sovi\u00e8tica\u201d","og_url":"https:\/\/conversesacatalunya.cat\/es\/putin-y-la-crisis-actual-de-ucrania\/","og_site_name":"Converses a Catalunya","article_published_time":"2022-01-31T16:00:03+00:00","article_modified_time":"2022-02-02T07:27:04+00:00","og_image":[{"width":640,"height":426,"url":"https:\/\/conversesacatalunya.cat\/wp-content\/uploads\/2022\/01\/putin-gd0cd19759_640.jpg","type":"image\/jpeg"}],"author":"Victor Pou","twitter_card":"summary_large_image","twitter_misc":{"Escrito por":"Victor Pou","Tiempo de lectura":"14 minutos"},"schema":{"@context":"https:\/\/schema.org","@graph":[{"@type":"Article","@id":"https:\/\/conversesacatalunya.cat\/es\/putin-y-la-crisis-actual-de-ucrania\/#article","isPartOf":{"@id":"https:\/\/conversesacatalunya.cat\/es\/putin-y-la-crisis-actual-de-ucrania\/"},"author":{"name":"Victor Pou","@id":"https:\/\/conversesacatalunya.cat\/#\/schema\/person\/1b0082ee920b837be791bee630d460b2"},"headline":"Putin y la crisis actual de Ucrania en su contexto hist\u00f3rico y geopol\u00edtico","datePublished":"2022-01-31T16:00:03+00:00","dateModified":"2022-02-02T07:27:04+00:00","mainEntityOfPage":{"@id":"https:\/\/conversesacatalunya.cat\/es\/putin-y-la-crisis-actual-de-ucrania\/"},"wordCount":2665,"commentCount":0,"image":{"@id":"https:\/\/conversesacatalunya.cat\/es\/putin-y-la-crisis-actual-de-ucrania\/#primaryimage"},"thumbnailUrl":"https:\/\/conversesacatalunya.cat\/wp-content\/uploads\/2022\/01\/putin-gd0cd19759_640.jpg","keywords":["Biden","Gorbachov","Pacto de Varsovia","Rusia","Ucrania","Uni\u00f3n sovi\u00e9tica"],"articleSection":["Pro Europa (ES)","Punts clau del dia (ES)"],"inLanguage":"es","potentialAction":[{"@type":"CommentAction","name":"Comment","target":["https:\/\/conversesacatalunya.cat\/es\/putin-y-la-crisis-actual-de-ucrania\/#respond"]}]},{"@type":"WebPage","@id":"https:\/\/conversesacatalunya.cat\/es\/putin-y-la-crisis-actual-de-ucrania\/","url":"https:\/\/conversesacatalunya.cat\/es\/putin-y-la-crisis-actual-de-ucrania\/","name":"Putin y la crisis actual de Ucrania en su contexto hist\u00f3rico y geopol\u00edtico - Converses a Catalunya","isPartOf":{"@id":"https:\/\/conversesacatalunya.cat\/#website"},"primaryImageOfPage":{"@id":"https:\/\/conversesacatalunya.cat\/es\/putin-y-la-crisis-actual-de-ucrania\/#primaryimage"},"image":{"@id":"https:\/\/conversesacatalunya.cat\/es\/putin-y-la-crisis-actual-de-ucrania\/#primaryimage"},"thumbnailUrl":"https:\/\/conversesacatalunya.cat\/wp-content\/uploads\/2022\/01\/putin-gd0cd19759_640.jpg","datePublished":"2022-01-31T16:00:03+00:00","dateModified":"2022-02-02T07:27:04+00:00","author":{"@id":"https:\/\/conversesacatalunya.cat\/#\/schema\/person\/1b0082ee920b837be791bee630d460b2"},"description":"Vladimir Putin \u00e9s l\u2019autor d\u2019aquesta frase: \u201cEl pitjor desastre estrat\u00e8gic del segle XX ha estat la desaparici.\u00f3 de la Uni\u00f3 Sovi\u00e8tica\u201d","breadcrumb":{"@id":"https:\/\/conversesacatalunya.cat\/es\/putin-y-la-crisis-actual-de-ucrania\/#breadcrumb"},"inLanguage":"es","potentialAction":[{"@type":"ReadAction","target":["https:\/\/conversesacatalunya.cat\/es\/putin-y-la-crisis-actual-de-ucrania\/"]}]},{"@type":"ImageObject","inLanguage":"es","@id":"https:\/\/conversesacatalunya.cat\/es\/putin-y-la-crisis-actual-de-ucrania\/#primaryimage","url":"https:\/\/conversesacatalunya.cat\/wp-content\/uploads\/2022\/01\/putin-gd0cd19759_640.jpg","contentUrl":"https:\/\/conversesacatalunya.cat\/wp-content\/uploads\/2022\/01\/putin-gd0cd19759_640.jpg","width":640,"height":426,"caption":"Vladimir Putin"},{"@type":"BreadcrumbList","@id":"https:\/\/conversesacatalunya.cat\/es\/putin-y-la-crisis-actual-de-ucrania\/#breadcrumb","itemListElement":[{"@type":"ListItem","position":1,"name":"Inici","item":"https:\/\/conversesacatalunya.cat\/es\/"},{"@type":"ListItem","position":2,"name":"Putin y la crisis actual de Ucrania en su contexto hist\u00f3rico y geopol\u00edtico"}]},{"@type":"WebSite","@id":"https:\/\/conversesacatalunya.cat\/#website","url":"https:\/\/conversesacatalunya.cat\/","name":"Converses a Catalunya","description":"","potentialAction":[{"@type":"SearchAction","target":{"@type":"EntryPoint","urlTemplate":"https:\/\/conversesacatalunya.cat\/?s={search_term_string}"},"query-input":{"@type":"PropertyValueSpecification","valueRequired":true,"valueName":"search_term_string"}}],"inLanguage":"es"},{"@type":"Person","@id":"https:\/\/conversesacatalunya.cat\/#\/schema\/person\/1b0082ee920b837be791bee630d460b2","name":"Victor Pou","image":{"@type":"ImageObject","inLanguage":"es","@id":"https:\/\/conversesacatalunya.cat\/#\/schema\/person\/image\/","url":"https:\/\/conversesacatalunya.cat\/wp-content\/litespeed\/avatar\/b9b32a5f987117ce72836d050f735d2b.jpg?ver=1777366285","contentUrl":"https:\/\/conversesacatalunya.cat\/wp-content\/litespeed\/avatar\/b9b32a5f987117ce72836d050f735d2b.jpg?ver=1777366285","caption":"Victor Pou"},"url":"https:\/\/conversesacatalunya.cat\/es\/author\/victor_pou\/"}]}},"wps_subtitle":"Rusia se siente arrinconada por la reducci\u00f3n progresiva de su espacio de seguridad y Ucrania es su l\u00ednea roja","_links":{"self":[{"href":"https:\/\/conversesacatalunya.cat\/es\/wp-json\/wp\/v2\/posts\/54301","targetHints":{"allow":["GET"]}}],"collection":[{"href":"https:\/\/conversesacatalunya.cat\/es\/wp-json\/wp\/v2\/posts"}],"about":[{"href":"https:\/\/conversesacatalunya.cat\/es\/wp-json\/wp\/v2\/types\/post"}],"author":[{"embeddable":true,"href":"https:\/\/conversesacatalunya.cat\/es\/wp-json\/wp\/v2\/users\/38"}],"replies":[{"embeddable":true,"href":"https:\/\/conversesacatalunya.cat\/es\/wp-json\/wp\/v2\/comments?post=54301"}],"version-history":[{"count":6,"href":"https:\/\/conversesacatalunya.cat\/es\/wp-json\/wp\/v2\/posts\/54301\/revisions"}],"predecessor-version":[{"id":54309,"href":"https:\/\/conversesacatalunya.cat\/es\/wp-json\/wp\/v2\/posts\/54301\/revisions\/54309"}],"wp:featuredmedia":[{"embeddable":true,"href":"https:\/\/conversesacatalunya.cat\/es\/wp-json\/wp\/v2\/media\/54298"}],"wp:attachment":[{"href":"https:\/\/conversesacatalunya.cat\/es\/wp-json\/wp\/v2\/media?parent=54301"}],"wp:term":[{"taxonomy":"category","embeddable":true,"href":"https:\/\/conversesacatalunya.cat\/es\/wp-json\/wp\/v2\/categories?post=54301"},{"taxonomy":"post_tag","embeddable":true,"href":"https:\/\/conversesacatalunya.cat\/es\/wp-json\/wp\/v2\/tags?post=54301"}],"curies":[{"name":"wp","href":"https:\/\/api.w.org\/{rel}","templated":true}]}}