{"id":54203,"date":"2022-01-26T12:18:58","date_gmt":"2022-01-26T11:18:58","guid":{"rendered":"https:\/\/conversesacatalunya.cat\/es-elevat-el-salari-minim-a-espanya\/"},"modified":"2022-01-26T13:20:18","modified_gmt":"2022-01-26T12:20:18","slug":"es-elevado-el-salario-minimo-en-espana","status":"publish","type":"post","link":"https:\/\/conversesacatalunya.cat\/es\/es-elevado-el-salario-minimo-en-espana\/","title":{"rendered":"\u00bfEs elevado el salario m\u00ednimo en Espa\u00f1a?"},"content":{"rendered":"<p><span>Una cuesti\u00f3n siempre discutible es cu\u00e1l es el nivel del\u00a0<\/span><strong><span>salario m\u00ednimo<\/span><\/strong><span>\u00a0que una econom\u00eda puede asumir sin crear m\u00e1s problemas que ventajas, c\u00f3mo ser\u00eda constituir un freno al empleo.\u00a0Una respuesta de principio ser\u00eda que el salario m\u00ednimo deber\u00eda asumir el nivel que permitiera una\u00a0<\/span><strong><span>vida digna<\/span><\/strong><span>\u00a0a la persona que lo percibe y considerando que \u00e9sta debe poder formar una familia si as\u00ed lo considera.<\/span><\/p>\n<p><span>A esta condici\u00f3n deber\u00eda incorporarse la\u00a0<\/span><strong><span>referencia familiar<\/span><\/strong><span>.\u00a0Como esto es complicado, porque o bien significa una multiplicaci\u00f3n de esa retribuci\u00f3n o bien pagar m\u00e1s a las personas que tienen familias que dependen de ellas, con lo que se estar\u00eda estimulando su desempleo, la \u00fanica respuesta viable es que, como ocurre en la mayor parte de Europa, el\u00a0<\/span><strong><span>estado subvencionara a las familias<\/span><\/strong><span>, especialmente a aquellas que tienen menos ingresos.<\/span><\/p>\n<p><span><span class=\"goog-text-highlight\">Sin embargo, este enfoque chocar\u00eda con la realidad econ\u00f3mica de cada pa\u00eds, en el sentido de si las empresas pueden permitirse un determinado nivel de retribuci\u00f3n o no, en cuanto al salario m\u00ednimo. Una respuesta aproximada a esta cuesti\u00f3n puede encontrarse si comparamos los niveles de riqueza de cada pa\u00eds con ese tipo de salario. A tal fin puede relacionarse el PIB per c\u00e1pita y salario m\u00ednimo. Si hacemos esta aproximaci\u00f3n, podemos constatar c\u00f3mo Espa\u00f1a es uno de los pa\u00edses que presenta un\u00a0<\/span><\/span><strong><span><span class=\"goog-text-highlight\">salario m\u00ednimo m\u00e1s elevado<\/span><\/span><\/strong><span><span class=\"goog-text-highlight\">. Las siguientes cifras permiten constatarlo:<\/span><\/span><\/p>\n<p><span><span class=\"\">La relaci\u00f3n entre salario m\u00ednimo y PIB per c\u00e1pita m\u00e1s desfavorable es la irlandesa porque es necesario multiplicar por 36 el salario m\u00ednimo para alcanzar el PIB por persona del pa\u00eds. Est\u00e1 claro que en este hecho influye que Irlanda tenga un PIB per c\u00e1pita muy grande, de 62.980 euros en 2020. Este hecho relativiza el elevado\u00a0<\/span><\/span><strong><span><span class=\"\">salario m\u00ednimo irland\u00e9s<\/span><\/span><\/strong><span><span class=\"\">\u00a0que es el m\u00e1s alto de Europa con 1.707 euros, despu\u00e9s del de Luxemburgo. Despu\u00e9s la mayor\u00eda de pa\u00edses se mueven en rangos bastante m\u00e1s reducidos porque para obtener el PIB per c\u00e1pita, es necesario multiplicar el salario m\u00ednimo por 20 a 23. Es el caso de Polonia (21,8), Alemania (22), Portugal (23) , mientras que en Espa\u00f1a y Francia s\u00f3lo hay que multiplicarlo por 20. Cabe recordar que entre los grandes pa\u00edses de Europa,\u00a0<\/span><\/span><strong><span><span class=\"\">Italia no tiene salario m\u00ednimo<\/span><\/span><\/strong><span>.\u00a0Desde este punto de vista, la retribuci\u00f3n espa\u00f1ola de 22.350 euros en 2020 respecto a la riqueza media del pa\u00eds resiste positivamente toda comparaci\u00f3n.<\/span><\/p>\n<div id=\"polls-135\" class=\"wp-polls\">\n\t<form id=\"polls_form_135\" class=\"wp-polls-form\" action=\"\/index.php\" method=\"post\">\n\t\t<p style=\"display: none;\"><input type=\"hidden\" id=\"poll_135_nonce\" name=\"wp-polls-nonce\" value=\"45bfa636c5\" \/><\/p>\n\t\t<p style=\"display: none;\"><input type=\"hidden\" name=\"poll_id\" value=\"135\" \/><\/p>\n\t\t<p style=\"text-align: center\"><strong>En cotxe o caminant per Barcelona, heu tingut algun incident amb un patinet o bicicleta?<\/strong><\/p><div id=\"polls-135-ans\" class=\"wp-polls-ans\"><ul class=\"wp-polls-ul\">\n\t\t<li><input type=\"radio\" id=\"poll-answer-340\" name=\"poll_135\" value=\"340\" \/> <label for=\"poll-answer-340\">Una vegada<\/label><\/li>\n\t\t<li><input type=\"radio\" id=\"poll-answer-341\" name=\"poll_135\" value=\"341\" \/> <label for=\"poll-answer-341\">Entre 2 i 5 vegades<\/label><\/li>\n\t\t<li><input type=\"radio\" id=\"poll-answer-342\" name=\"poll_135\" value=\"342\" \/> <label for=\"poll-answer-342\">M\u00e9s de 5 vegades<\/label><\/li>\n\t\t<li><input type=\"radio\" id=\"poll-answer-343\" name=\"poll_135\" value=\"343\" \/> <label for=\"poll-answer-343\">Mai<\/label><\/li>\n\t\t<\/ul><p style=\"text-align: center\"><input type=\"button\" name=\"vote\" value=\"   Vota   \" class=\"Buttons\" onclick=\"poll_vote(135);\" \/><\/p><p style=\"text-align: center\"><a href=\"#ViewPollResults\" onclick=\"poll_result(135); return false;\" title=\"View Results Of This Poll\">Mira els resultats<\/a><\/p><\/div>\n\t<\/form>\n<\/div>\n<div id=\"polls-135-loading\" class=\"wp-polls-loading\"><img decoding=\"async\" data-src=\"https:\/\/conversesacatalunya.cat\/wp-content\/plugins\/wp-polls\/images\/loading.gif\" width=\"16\" height=\"16\" alt=\"Cargando ...\" title=\"Cargando ...\" class=\"wp-polls-image lazyload\" src=\"data:image\/svg+xml;base64,PHN2ZyB3aWR0aD0iMSIgaGVpZ2h0PSIxIiB4bWxucz0iaHR0cDovL3d3dy53My5vcmcvMjAwMC9zdmciPjwvc3ZnPg==\" style=\"--smush-placeholder-width: 16px; --smush-placeholder-aspect-ratio: 16\/16;\" \/>&nbsp;Cargando ...<\/div>\n\n","protected":false},"excerpt":{"rendered":"<p>Una cuesti\u00f3n siempre discutible es cu\u00e1l es el nivel del\u00a0salario m\u00ednimo\u00a0que una econom\u00eda puede asumir sin crear m\u00e1s problemas que ventajas, c\u00f3mo ser\u00eda constituir un freno al empleo.\u00a0Una respuesta de principio ser\u00eda que el salario m\u00ednimo deber\u00eda asumir el nivel que permitiera una\u00a0vida digna\u00a0a la persona que lo percibe y considerando que \u00e9sta debe poder formar una familia si as\u00ed lo considera. A esta condici\u00f3n deber\u00eda incorporarse la\u00a0referencia familiar.\u00a0Como esto es complicado, porque o bien significa una multiplicaci\u00f3n de esa retribuci\u00f3n o bien pagar m\u00e1s a las personas que tienen familias que dependen de ellas, con lo que se estar\u00eda estimulando su desempleo, la \u00fanica respuesta viable es que, como ocurre en la mayor parte de Europa, el\u00a0estado subvencionara a las familias, especialmente a aquellas que tienen menos ingresos. Sin embargo, este enfoque chocar\u00eda con la realidad econ\u00f3mica de cada pa\u00eds, en el sentido de si las empresas pueden permitirse un determinado nivel de retribuci\u00f3n o no, en cuanto al salario m\u00ednimo. Una respuesta aproximada a esta cuesti\u00f3n puede encontrarse si comparamos los niveles de riqueza de cada pa\u00eds con ese tipo de salario. A tal fin puede relacionarse el PIB per c\u00e1pita y salario m\u00ednimo. Si hacemos esta aproximaci\u00f3n, podemos constatar c\u00f3mo Espa\u00f1a es uno de los pa\u00edses que presenta un\u00a0salario m\u00ednimo m\u00e1s elevado. Las siguientes cifras permiten constatarlo: La relaci\u00f3n entre salario m\u00ednimo y PIB per c\u00e1pita m\u00e1s desfavorable es la irlandesa porque es necesario multiplicar por 36 el salario m\u00ednimo para alcanzar el PIB por persona del pa\u00eds. Est\u00e1 claro que en este hecho influye que Irlanda tenga un PIB per c\u00e1pita muy grande, de 62.980 euros en 2020. Este hecho relativiza el elevado\u00a0salario m\u00ednimo irland\u00e9s\u00a0que es el m\u00e1s alto de Europa con 1.707 euros, despu\u00e9s del de Luxemburgo. Despu\u00e9s la mayor\u00eda de pa\u00edses se mueven en rangos bastante m\u00e1s reducidos porque para obtener el PIB per c\u00e1pita, es necesario multiplicar el salario m\u00ednimo por 20 a 23. Es el caso de Polonia (21,8), Alemania (22), Portugal (23) , mientras que en Espa\u00f1a y Francia s\u00f3lo hay que multiplicarlo por 20. Cabe recordar que entre los grandes pa\u00edses de Europa,\u00a0Italia no tiene salario m\u00ednimo.\u00a0Desde este punto de vista, la retribuci\u00f3n espa\u00f1ola de 22.350 euros en 2020 respecto a la riqueza media del pa\u00eds resiste positivamente toda comparaci\u00f3n.<\/p>\n","protected":false},"author":2,"featured_media":54192,"comment_status":"open","ping_status":"open","sticky":false,"template":"","format":"standard","meta":{"_FSMCFIC_featured_image_caption":"","_FSMCFIC_featured_image_nocaption":"","_FSMCFIC_featured_image_hide":"","footnotes":""},"categories":[806],"tags":[3871],"class_list":["post-54203","post","type-post","status-publish","format-standard","has-post-thumbnail","hentry","category-punts-claus-del-dia-es","tag-salario-minimo"],"yoast_head":"<!-- This site is optimized with the Yoast SEO plugin v26.8 - https:\/\/yoast.com\/product\/yoast-seo-wordpress\/ -->\n<title>\u00bfEs elevado el salario m\u00ednimo en Espa\u00f1a? - Converses a Catalunya<\/title>\n<meta name=\"robots\" content=\"index, follow, max-snippet:-1, max-image-preview:large, max-video-preview:-1\" \/>\n<link rel=\"canonical\" href=\"https:\/\/conversesacatalunya.cat\/es\/es-elevado-el-salario-minimo-en-espana\/\" \/>\n<meta property=\"og:locale\" content=\"es_ES\" \/>\n<meta property=\"og:type\" content=\"article\" \/>\n<meta property=\"og:title\" content=\"\u00bfEs elevado el salario m\u00ednimo en Espa\u00f1a? - Converses a Catalunya\" \/>\n<meta property=\"og:description\" content=\"Una cuesti\u00f3n siempre discutible es cu\u00e1l es el nivel del\u00a0salario m\u00ednimo\u00a0que una econom\u00eda puede asumir sin crear m\u00e1s problemas que ventajas, c\u00f3mo ser\u00eda constituir un freno al empleo.\u00a0Una respuesta de principio ser\u00eda que el salario m\u00ednimo deber\u00eda asumir el nivel que permitiera una\u00a0vida digna\u00a0a la persona que lo percibe y considerando que \u00e9sta debe poder formar una familia si as\u00ed lo considera. A esta condici\u00f3n deber\u00eda incorporarse la\u00a0referencia familiar.\u00a0Como esto es complicado, porque o bien significa una multiplicaci\u00f3n de esa retribuci\u00f3n o bien pagar m\u00e1s a las personas que tienen familias que dependen de ellas, con lo que se estar\u00eda estimulando su desempleo, la \u00fanica respuesta viable es que, como ocurre en la mayor parte de Europa, el\u00a0estado subvencionara a las familias, especialmente a aquellas que tienen menos ingresos. Sin embargo, este enfoque chocar\u00eda con la realidad econ\u00f3mica de cada pa\u00eds, en el sentido de si las empresas pueden permitirse un determinado nivel de retribuci\u00f3n o no, en cuanto al salario m\u00ednimo. Una respuesta aproximada a esta cuesti\u00f3n puede encontrarse si comparamos los niveles de riqueza de cada pa\u00eds con ese tipo de salario. A tal fin puede relacionarse el PIB per c\u00e1pita y salario m\u00ednimo. Si hacemos esta aproximaci\u00f3n, podemos constatar c\u00f3mo Espa\u00f1a es uno de los pa\u00edses que presenta un\u00a0salario m\u00ednimo m\u00e1s elevado. Las siguientes cifras permiten constatarlo: La relaci\u00f3n entre salario m\u00ednimo y PIB per c\u00e1pita m\u00e1s desfavorable es la irlandesa porque es necesario multiplicar por 36 el salario m\u00ednimo para alcanzar el PIB por persona del pa\u00eds. Est\u00e1 claro que en este hecho influye que Irlanda tenga un PIB per c\u00e1pita muy grande, de 62.980 euros en 2020. Este hecho relativiza el elevado\u00a0salario m\u00ednimo irland\u00e9s\u00a0que es el m\u00e1s alto de Europa con 1.707 euros, despu\u00e9s del de Luxemburgo. Despu\u00e9s la mayor\u00eda de pa\u00edses se mueven en rangos bastante m\u00e1s reducidos porque para obtener el PIB per c\u00e1pita, es necesario multiplicar el salario m\u00ednimo por 20 a 23. Es el caso de Polonia (21,8), Alemania (22), Portugal (23) , mientras que en Espa\u00f1a y Francia s\u00f3lo hay que multiplicarlo por 20. Cabe recordar que entre los grandes pa\u00edses de Europa,\u00a0Italia no tiene salario m\u00ednimo.\u00a0Desde este punto de vista, la retribuci\u00f3n espa\u00f1ola de 22.350 euros en 2020 respecto a la riqueza media del pa\u00eds resiste positivamente toda comparaci\u00f3n.\" \/>\n<meta property=\"og:url\" content=\"https:\/\/conversesacatalunya.cat\/es\/es-elevado-el-salario-minimo-en-espana\/\" \/>\n<meta property=\"og:site_name\" content=\"Converses a Catalunya\" \/>\n<meta property=\"article:published_time\" content=\"2022-01-26T11:18:58+00:00\" \/>\n<meta property=\"article:modified_time\" content=\"2022-01-26T12:20:18+00:00\" \/>\n<meta property=\"og:image\" content=\"https:\/\/conversesacatalunya.cat\/wp-content\/uploads\/2022\/01\/salari-minim.jpg\" \/>\n\t<meta property=\"og:image:width\" content=\"777\" \/>\n\t<meta property=\"og:image:height\" content=\"437\" \/>\n\t<meta property=\"og:image:type\" content=\"image\/jpeg\" \/>\n<meta name=\"author\" content=\"conversesacatalunya\" \/>\n<meta name=\"twitter:card\" content=\"summary_large_image\" \/>\n<meta name=\"twitter:label1\" content=\"Escrito por\" \/>\n\t<meta name=\"twitter:data1\" content=\"conversesacatalunya\" \/>\n\t<meta name=\"twitter:label2\" content=\"Tiempo de lectura\" \/>\n\t<meta name=\"twitter:data2\" content=\"3 minutos\" \/>\n<script type=\"application\/ld+json\" class=\"yoast-schema-graph\">{\"@context\":\"https:\/\/schema.org\",\"@graph\":[{\"@type\":\"Article\",\"@id\":\"https:\/\/conversesacatalunya.cat\/es\/es-elevado-el-salario-minimo-en-espana\/#article\",\"isPartOf\":{\"@id\":\"https:\/\/conversesacatalunya.cat\/es\/es-elevado-el-salario-minimo-en-espana\/\"},\"author\":{\"name\":\"conversesacatalunya\",\"@id\":\"https:\/\/conversesacatalunya.cat\/#\/schema\/person\/7e24d1e54a2785373ddcb275eae5ed99\"},\"headline\":\"\u00bfEs elevado el salario m\u00ednimo en Espa\u00f1a?\",\"datePublished\":\"2022-01-26T11:18:58+00:00\",\"dateModified\":\"2022-01-26T12:20:18+00:00\",\"mainEntityOfPage\":{\"@id\":\"https:\/\/conversesacatalunya.cat\/es\/es-elevado-el-salario-minimo-en-espana\/\"},\"wordCount\":447,\"commentCount\":0,\"image\":{\"@id\":\"https:\/\/conversesacatalunya.cat\/es\/es-elevado-el-salario-minimo-en-espana\/#primaryimage\"},\"thumbnailUrl\":\"https:\/\/conversesacatalunya.cat\/wp-content\/uploads\/2022\/01\/salari-minim.jpg\",\"keywords\":[\"Salario m\u00ednimo\"],\"articleSection\":[\"Punts clau del dia (ES)\"],\"inLanguage\":\"es\",\"potentialAction\":[{\"@type\":\"CommentAction\",\"name\":\"Comment\",\"target\":[\"https:\/\/conversesacatalunya.cat\/es\/es-elevado-el-salario-minimo-en-espana\/#respond\"]}]},{\"@type\":\"WebPage\",\"@id\":\"https:\/\/conversesacatalunya.cat\/es\/es-elevado-el-salario-minimo-en-espana\/\",\"url\":\"https:\/\/conversesacatalunya.cat\/es\/es-elevado-el-salario-minimo-en-espana\/\",\"name\":\"\u00bfEs elevado el salario m\u00ednimo en Espa\u00f1a? - Converses a Catalunya\",\"isPartOf\":{\"@id\":\"https:\/\/conversesacatalunya.cat\/#website\"},\"primaryImageOfPage\":{\"@id\":\"https:\/\/conversesacatalunya.cat\/es\/es-elevado-el-salario-minimo-en-espana\/#primaryimage\"},\"image\":{\"@id\":\"https:\/\/conversesacatalunya.cat\/es\/es-elevado-el-salario-minimo-en-espana\/#primaryimage\"},\"thumbnailUrl\":\"https:\/\/conversesacatalunya.cat\/wp-content\/uploads\/2022\/01\/salari-minim.jpg\",\"datePublished\":\"2022-01-26T11:18:58+00:00\",\"dateModified\":\"2022-01-26T12:20:18+00:00\",\"author\":{\"@id\":\"https:\/\/conversesacatalunya.cat\/#\/schema\/person\/7e24d1e54a2785373ddcb275eae5ed99\"},\"breadcrumb\":{\"@id\":\"https:\/\/conversesacatalunya.cat\/es\/es-elevado-el-salario-minimo-en-espana\/#breadcrumb\"},\"inLanguage\":\"es\",\"potentialAction\":[{\"@type\":\"ReadAction\",\"target\":[\"https:\/\/conversesacatalunya.cat\/es\/es-elevado-el-salario-minimo-en-espana\/\"]}]},{\"@type\":\"ImageObject\",\"inLanguage\":\"es\",\"@id\":\"https:\/\/conversesacatalunya.cat\/es\/es-elevado-el-salario-minimo-en-espana\/#primaryimage\",\"url\":\"https:\/\/conversesacatalunya.cat\/wp-content\/uploads\/2022\/01\/salari-minim.jpg\",\"contentUrl\":\"https:\/\/conversesacatalunya.cat\/wp-content\/uploads\/2022\/01\/salari-minim.jpg\",\"width\":777,\"height\":437,\"caption\":\"salari m\u00ednim\"},{\"@type\":\"BreadcrumbList\",\"@id\":\"https:\/\/conversesacatalunya.cat\/es\/es-elevado-el-salario-minimo-en-espana\/#breadcrumb\",\"itemListElement\":[{\"@type\":\"ListItem\",\"position\":1,\"name\":\"Inici\",\"item\":\"https:\/\/conversesacatalunya.cat\/es\/\"},{\"@type\":\"ListItem\",\"position\":2,\"name\":\"\u00bfEs elevado el salario m\u00ednimo en Espa\u00f1a?\"}]},{\"@type\":\"WebSite\",\"@id\":\"https:\/\/conversesacatalunya.cat\/#website\",\"url\":\"https:\/\/conversesacatalunya.cat\/\",\"name\":\"Converses a Catalunya\",\"description\":\"\",\"potentialAction\":[{\"@type\":\"SearchAction\",\"target\":{\"@type\":\"EntryPoint\",\"urlTemplate\":\"https:\/\/conversesacatalunya.cat\/?s={search_term_string}\"},\"query-input\":{\"@type\":\"PropertyValueSpecification\",\"valueRequired\":true,\"valueName\":\"search_term_string\"}}],\"inLanguage\":\"es\"},{\"@type\":\"Person\",\"@id\":\"https:\/\/conversesacatalunya.cat\/#\/schema\/person\/7e24d1e54a2785373ddcb275eae5ed99\",\"name\":\"conversesacatalunya\",\"image\":{\"@type\":\"ImageObject\",\"inLanguage\":\"es\",\"@id\":\"https:\/\/conversesacatalunya.cat\/#\/schema\/person\/image\/\",\"url\":\"https:\/\/conversesacatalunya.cat\/wp-content\/litespeed\/avatar\/febdfeeec89d950f01c748045a981dd2.jpg?ver=1777314535\",\"contentUrl\":\"https:\/\/conversesacatalunya.cat\/wp-content\/litespeed\/avatar\/febdfeeec89d950f01c748045a981dd2.jpg?ver=1777314535\",\"caption\":\"conversesacatalunya\"},\"url\":\"https:\/\/conversesacatalunya.cat\/es\/author\/carme_catala\/\"}]}<\/script>\n<!-- \/ Yoast SEO plugin. -->","yoast_head_json":{"title":"\u00bfEs elevado el salario m\u00ednimo en Espa\u00f1a? - Converses a Catalunya","robots":{"index":"index","follow":"follow","max-snippet":"max-snippet:-1","max-image-preview":"max-image-preview:large","max-video-preview":"max-video-preview:-1"},"canonical":"https:\/\/conversesacatalunya.cat\/es\/es-elevado-el-salario-minimo-en-espana\/","og_locale":"es_ES","og_type":"article","og_title":"\u00bfEs elevado el salario m\u00ednimo en Espa\u00f1a? - Converses a Catalunya","og_description":"Una cuesti\u00f3n siempre discutible es cu\u00e1l es el nivel del\u00a0salario m\u00ednimo\u00a0que una econom\u00eda puede asumir sin crear m\u00e1s problemas que ventajas, c\u00f3mo ser\u00eda constituir un freno al empleo.\u00a0Una respuesta de principio ser\u00eda que el salario m\u00ednimo deber\u00eda asumir el nivel que permitiera una\u00a0vida digna\u00a0a la persona que lo percibe y considerando que \u00e9sta debe poder formar una familia si as\u00ed lo considera. A esta condici\u00f3n deber\u00eda incorporarse la\u00a0referencia familiar.\u00a0Como esto es complicado, porque o bien significa una multiplicaci\u00f3n de esa retribuci\u00f3n o bien pagar m\u00e1s a las personas que tienen familias que dependen de ellas, con lo que se estar\u00eda estimulando su desempleo, la \u00fanica respuesta viable es que, como ocurre en la mayor parte de Europa, el\u00a0estado subvencionara a las familias, especialmente a aquellas que tienen menos ingresos. Sin embargo, este enfoque chocar\u00eda con la realidad econ\u00f3mica de cada pa\u00eds, en el sentido de si las empresas pueden permitirse un determinado nivel de retribuci\u00f3n o no, en cuanto al salario m\u00ednimo. Una respuesta aproximada a esta cuesti\u00f3n puede encontrarse si comparamos los niveles de riqueza de cada pa\u00eds con ese tipo de salario. A tal fin puede relacionarse el PIB per c\u00e1pita y salario m\u00ednimo. Si hacemos esta aproximaci\u00f3n, podemos constatar c\u00f3mo Espa\u00f1a es uno de los pa\u00edses que presenta un\u00a0salario m\u00ednimo m\u00e1s elevado. Las siguientes cifras permiten constatarlo: La relaci\u00f3n entre salario m\u00ednimo y PIB per c\u00e1pita m\u00e1s desfavorable es la irlandesa porque es necesario multiplicar por 36 el salario m\u00ednimo para alcanzar el PIB por persona del pa\u00eds. Est\u00e1 claro que en este hecho influye que Irlanda tenga un PIB per c\u00e1pita muy grande, de 62.980 euros en 2020. Este hecho relativiza el elevado\u00a0salario m\u00ednimo irland\u00e9s\u00a0que es el m\u00e1s alto de Europa con 1.707 euros, despu\u00e9s del de Luxemburgo. Despu\u00e9s la mayor\u00eda de pa\u00edses se mueven en rangos bastante m\u00e1s reducidos porque para obtener el PIB per c\u00e1pita, es necesario multiplicar el salario m\u00ednimo por 20 a 23. Es el caso de Polonia (21,8), Alemania (22), Portugal (23) , mientras que en Espa\u00f1a y Francia s\u00f3lo hay que multiplicarlo por 20. Cabe recordar que entre los grandes pa\u00edses de Europa,\u00a0Italia no tiene salario m\u00ednimo.\u00a0Desde este punto de vista, la retribuci\u00f3n espa\u00f1ola de 22.350 euros en 2020 respecto a la riqueza media del pa\u00eds resiste positivamente toda comparaci\u00f3n.","og_url":"https:\/\/conversesacatalunya.cat\/es\/es-elevado-el-salario-minimo-en-espana\/","og_site_name":"Converses a Catalunya","article_published_time":"2022-01-26T11:18:58+00:00","article_modified_time":"2022-01-26T12:20:18+00:00","og_image":[{"width":777,"height":437,"url":"https:\/\/conversesacatalunya.cat\/wp-content\/uploads\/2022\/01\/salari-minim.jpg","type":"image\/jpeg"}],"author":"conversesacatalunya","twitter_card":"summary_large_image","twitter_misc":{"Escrito por":"conversesacatalunya","Tiempo de lectura":"3 minutos"},"schema":{"@context":"https:\/\/schema.org","@graph":[{"@type":"Article","@id":"https:\/\/conversesacatalunya.cat\/es\/es-elevado-el-salario-minimo-en-espana\/#article","isPartOf":{"@id":"https:\/\/conversesacatalunya.cat\/es\/es-elevado-el-salario-minimo-en-espana\/"},"author":{"name":"conversesacatalunya","@id":"https:\/\/conversesacatalunya.cat\/#\/schema\/person\/7e24d1e54a2785373ddcb275eae5ed99"},"headline":"\u00bfEs elevado el salario m\u00ednimo en Espa\u00f1a?","datePublished":"2022-01-26T11:18:58+00:00","dateModified":"2022-01-26T12:20:18+00:00","mainEntityOfPage":{"@id":"https:\/\/conversesacatalunya.cat\/es\/es-elevado-el-salario-minimo-en-espana\/"},"wordCount":447,"commentCount":0,"image":{"@id":"https:\/\/conversesacatalunya.cat\/es\/es-elevado-el-salario-minimo-en-espana\/#primaryimage"},"thumbnailUrl":"https:\/\/conversesacatalunya.cat\/wp-content\/uploads\/2022\/01\/salari-minim.jpg","keywords":["Salario m\u00ednimo"],"articleSection":["Punts clau del dia (ES)"],"inLanguage":"es","potentialAction":[{"@type":"CommentAction","name":"Comment","target":["https:\/\/conversesacatalunya.cat\/es\/es-elevado-el-salario-minimo-en-espana\/#respond"]}]},{"@type":"WebPage","@id":"https:\/\/conversesacatalunya.cat\/es\/es-elevado-el-salario-minimo-en-espana\/","url":"https:\/\/conversesacatalunya.cat\/es\/es-elevado-el-salario-minimo-en-espana\/","name":"\u00bfEs elevado el salario m\u00ednimo en Espa\u00f1a? - Converses a Catalunya","isPartOf":{"@id":"https:\/\/conversesacatalunya.cat\/#website"},"primaryImageOfPage":{"@id":"https:\/\/conversesacatalunya.cat\/es\/es-elevado-el-salario-minimo-en-espana\/#primaryimage"},"image":{"@id":"https:\/\/conversesacatalunya.cat\/es\/es-elevado-el-salario-minimo-en-espana\/#primaryimage"},"thumbnailUrl":"https:\/\/conversesacatalunya.cat\/wp-content\/uploads\/2022\/01\/salari-minim.jpg","datePublished":"2022-01-26T11:18:58+00:00","dateModified":"2022-01-26T12:20:18+00:00","author":{"@id":"https:\/\/conversesacatalunya.cat\/#\/schema\/person\/7e24d1e54a2785373ddcb275eae5ed99"},"breadcrumb":{"@id":"https:\/\/conversesacatalunya.cat\/es\/es-elevado-el-salario-minimo-en-espana\/#breadcrumb"},"inLanguage":"es","potentialAction":[{"@type":"ReadAction","target":["https:\/\/conversesacatalunya.cat\/es\/es-elevado-el-salario-minimo-en-espana\/"]}]},{"@type":"ImageObject","inLanguage":"es","@id":"https:\/\/conversesacatalunya.cat\/es\/es-elevado-el-salario-minimo-en-espana\/#primaryimage","url":"https:\/\/conversesacatalunya.cat\/wp-content\/uploads\/2022\/01\/salari-minim.jpg","contentUrl":"https:\/\/conversesacatalunya.cat\/wp-content\/uploads\/2022\/01\/salari-minim.jpg","width":777,"height":437,"caption":"salari m\u00ednim"},{"@type":"BreadcrumbList","@id":"https:\/\/conversesacatalunya.cat\/es\/es-elevado-el-salario-minimo-en-espana\/#breadcrumb","itemListElement":[{"@type":"ListItem","position":1,"name":"Inici","item":"https:\/\/conversesacatalunya.cat\/es\/"},{"@type":"ListItem","position":2,"name":"\u00bfEs elevado el salario m\u00ednimo en Espa\u00f1a?"}]},{"@type":"WebSite","@id":"https:\/\/conversesacatalunya.cat\/#website","url":"https:\/\/conversesacatalunya.cat\/","name":"Converses a Catalunya","description":"","potentialAction":[{"@type":"SearchAction","target":{"@type":"EntryPoint","urlTemplate":"https:\/\/conversesacatalunya.cat\/?s={search_term_string}"},"query-input":{"@type":"PropertyValueSpecification","valueRequired":true,"valueName":"search_term_string"}}],"inLanguage":"es"},{"@type":"Person","@id":"https:\/\/conversesacatalunya.cat\/#\/schema\/person\/7e24d1e54a2785373ddcb275eae5ed99","name":"conversesacatalunya","image":{"@type":"ImageObject","inLanguage":"es","@id":"https:\/\/conversesacatalunya.cat\/#\/schema\/person\/image\/","url":"https:\/\/conversesacatalunya.cat\/wp-content\/litespeed\/avatar\/febdfeeec89d950f01c748045a981dd2.jpg?ver=1777314535","contentUrl":"https:\/\/conversesacatalunya.cat\/wp-content\/litespeed\/avatar\/febdfeeec89d950f01c748045a981dd2.jpg?ver=1777314535","caption":"conversesacatalunya"},"url":"https:\/\/conversesacatalunya.cat\/es\/author\/carme_catala\/"}]}},"wps_subtitle":"","_links":{"self":[{"href":"https:\/\/conversesacatalunya.cat\/es\/wp-json\/wp\/v2\/posts\/54203","targetHints":{"allow":["GET"]}}],"collection":[{"href":"https:\/\/conversesacatalunya.cat\/es\/wp-json\/wp\/v2\/posts"}],"about":[{"href":"https:\/\/conversesacatalunya.cat\/es\/wp-json\/wp\/v2\/types\/post"}],"author":[{"embeddable":true,"href":"https:\/\/conversesacatalunya.cat\/es\/wp-json\/wp\/v2\/users\/2"}],"replies":[{"embeddable":true,"href":"https:\/\/conversesacatalunya.cat\/es\/wp-json\/wp\/v2\/comments?post=54203"}],"version-history":[{"count":2,"href":"https:\/\/conversesacatalunya.cat\/es\/wp-json\/wp\/v2\/posts\/54203\/revisions"}],"predecessor-version":[{"id":54205,"href":"https:\/\/conversesacatalunya.cat\/es\/wp-json\/wp\/v2\/posts\/54203\/revisions\/54205"}],"wp:featuredmedia":[{"embeddable":true,"href":"https:\/\/conversesacatalunya.cat\/es\/wp-json\/wp\/v2\/media\/54192"}],"wp:attachment":[{"href":"https:\/\/conversesacatalunya.cat\/es\/wp-json\/wp\/v2\/media?parent=54203"}],"wp:term":[{"taxonomy":"category","embeddable":true,"href":"https:\/\/conversesacatalunya.cat\/es\/wp-json\/wp\/v2\/categories?post=54203"},{"taxonomy":"post_tag","embeddable":true,"href":"https:\/\/conversesacatalunya.cat\/es\/wp-json\/wp\/v2\/tags?post=54203"}],"curies":[{"name":"wp","href":"https:\/\/api.w.org\/{rel}","templated":true}]}}