{"id":54168,"date":"2022-01-25T12:34:21","date_gmt":"2022-01-25T11:34:21","guid":{"rendered":"https:\/\/conversesacatalunya.cat\/fracassos-joe-biden-silenci-premsa\/"},"modified":"2022-01-25T13:48:48","modified_gmt":"2022-01-25T12:48:48","slug":"los-fracasos-de-joe-biden-y-el-silencio-de-la-prensa","status":"publish","type":"post","link":"https:\/\/conversesacatalunya.cat\/es\/los-fracasos-de-joe-biden-y-el-silencio-de-la-prensa\/","title":{"rendered":"Los fracasos de Joe Biden y el silencio de la prensa"},"content":{"rendered":"<p><span>Un a\u00f1o despu\u00e9s de su toma de posesi\u00f3n, el presidente de Estados Unidos\u00a0<\/span><strong><span>Joe Biden ha fracasado en pr\u00e1cticamente todas sus iniciativas<\/span><\/strong><span>\u00a0, tanto interiores como internacionales.<\/span><\/p>\n<p><span>Curiosamente, la prensa\u00a0<\/span><em><span>mainstream<\/span><\/em><span>\u00a0a ambos lados del Atl\u00e1ntico parece no enterarse.<\/span><\/p>\n<p><span><span class=\"goog-text-highlight\">Los grandes actores que dominan el paisaje medi\u00e1tico y ofrecen el guion\u00a0que\u00a0<\/span><\/span><strong><span><span class=\"goog-text-highlight\">los hom\u00f3logos europeos aceptan con agrado<\/span><\/span><\/strong><span><span class=\"goog-text-highlight\">, como el\u00a0<\/span><\/span><em><span><span class=\"goog-text-highlight\">New York Times<\/span><\/span><\/em><span><span class=\"goog-text-highlight\">, el\u00a0<\/span><\/span><em><span><span class=\"goog-text-highlight\">Washington Post<\/span><\/span><\/em><span><span class=\"goog-text-highlight\">\u00a0o las cadenas CNN y MSNBC hicieron todo lo posible para hundir la presidencia de Donald Trump y, durante la \u00faltima campa\u00f1a electoral, darle la victoria a Joe Biden.<\/span><\/span><\/p>\n<div class=\"code-block code-block-4\">\n<div class=\"a-single a-17\">\n<p><span class=\"\">Ahora, sin embargo, se mantienen silenciosos ante los escasos resultados que Biden est\u00e1 obteniendo.<\/span><\/p>\n<p>Primeramente, es evidente que Joe Biden no ha \u00abaplastado el virus\u00bb de la Covid como prometi\u00f3.<\/p>\n<blockquote><p>Han muerto m\u00e1s estadounidenses de coronavirus desde que Biden lleg\u00f3 a la presidencia (a pesar de contar ya con las vacunas) que durante el \u00faltimo a\u00f1o de mandato de Trump<\/p><\/blockquote>\n<p><span class=\"goog-text-highlight\">De hecho,\u00a0<\/span><a href=\"https:\/\/www.lefigaro.fr\/vox\/monde\/pierre-yves-dugua-un-an-apres-l-echec-de-joe-biden-20220120\" target=\"_blank\" rel=\"noopener\"><span class=\"goog-text-highlight\">seg\u00fan recoge<\/span><\/a><span class=\"goog-text-highlight\">\u00a0el corresponsal de\u00a0<\/span><em><span class=\"goog-text-highlight\">Le Figaro<\/span><\/em><span class=\"goog-text-highlight\">\u00a0en Washington, han muerto m\u00e1s estadounidenses de coronavirus desde que Biden lleg\u00f3 a la presidencia (a pesar de contar ya con las vacunas) que en el \u00faltimo a\u00f1o de mandato de Trump.<\/span><\/p>\n<p>Entonces no hab\u00eda todav\u00eda vacunas, pero el expresidente lanz\u00f3 <strong>el programa\u00a0<em>Warp Speed<\/em>\u00a0<\/strong>que recordemos posibilit\u00f3 en parte que Pfizer y Moderna desarrollaran en un tiempo r\u00e9cord\u00a0las inyecciones con tecnolog\u00eda ARN mensajero.<\/p>\n<p>La cuesti\u00f3n es tan vergonzosa que la CNN ha retirado de su pantalla el siniestro e hip\u00f3crita c\u00f3mputo de fallecidos en tiempo real de estadounidenses a causa del coronavirus, de los que atribu\u00eda la responsabilidad directa al presidente Trump.<\/p>\n<p><strong><span class=\"goog-text-highlight\">En materia econ\u00f3mica<\/span><\/strong><span class=\"goog-text-highlight\">, Biden se ha negado durante meses a reconocer la amenaza de la inflaci\u00f3n (\u00abning\u00fan economista serio prev\u00e9 un retorno de la inflaci\u00f3n\u00bb, lanz\u00f3 el pasado julio).\u00a0<\/span>Por el contrario, ha insistido en gastar masivamente a trav\u00e9s de planes fara\u00f3nicos de gasto p\u00fablico.\u00a0Actualmente,\u00a0<strong>el alza de precios es ya del 7%<\/strong>\u00a0, el nivel m\u00e1s alto desde 1982.<\/p>\n<p><span>Cabe recordar que durante el mandato de Donald Trump no s\u00f3lo se aument\u00f3 el poder adquisitivo general de los norteamericanos, sino que\u00a0<\/span><strong><span>subieron concretamente los sueldos de las rentas m\u00e1s bajas<\/span><\/strong><span>,\u00a0<\/span><a href=\"https:\/\/www.wsj.com\/articles\/the-higher-wages-of-growth-11600298577\" target=\"_blank\" rel=\"noopener\"><span>algo inaudito<\/span><\/a><span>\u00a0desde hac\u00eda d\u00e9cadas en Estados Unidos y que es atribuido en parte en la pol\u00edtica de Trump.<\/span><\/p>\n<p><span>En nombre de la lucha contra el cambio clim\u00e1tico,\u00a0<\/span><strong><span>Biden declar\u00f3 la guerra a las energ\u00edas f\u00f3siles<\/span><\/strong><span>.\u00a0Un sector todav\u00eda clave en el que Estados Unidos destaca particularmente. Pues bien, un a\u00f1o despu\u00e9s, la producci\u00f3n de petr\u00f3leo estadounidense est\u00e1 previsto que bata un nuevo r\u00e9cord, gracias particularmente a las reservas de la Cuenca P\u00e9rmica (Permian Basin) de Texas.<\/span><\/p>\n<p><span>Pero las p\u00e1ginas de verificaci\u00f3n de informaciones y fact-chekers de turno, tan de moda desde la llegada de Trump a la Casa Blanca, han desaparecido del panorama.<\/span><\/p>\n<span class='bctt-click-to-tweet'><span class='bctt-ctt-text'><a href='https:\/\/twitter.com\/intent\/tweet?url=https%3A%2F%2Fconversesacatalunya.cat%2Fes%2Flos-fracasos-de-joe-biden-y-el-silencio-de-la-prensa%2F&#038;text=Biden%20est%C3%A1%20actualmente%20aplicando%20legislaci%C3%B3n%20aprobada%20por%20el%20propio%20Donald%20Trump%20para%20devolver%20a%20inmigrantes%20a%20M%C3%A9xico&#038;via=conversesacat&#038;related=conversesacat' target='_blank'rel=\"noopener noreferrer\">Biden est\u00e1 actualmente aplicando legislaci\u00f3n aprobada por el propio Donald Trump para devolver a inmigrantes a M\u00e9xico <\/a><\/span><a href='https:\/\/twitter.com\/intent\/tweet?url=https%3A%2F%2Fconversesacatalunya.cat%2Fes%2Flos-fracasos-de-joe-biden-y-el-silencio-de-la-prensa%2F&#038;text=Biden%20est%C3%A1%20actualmente%20aplicando%20legislaci%C3%B3n%20aprobada%20por%20el%20propio%20Donald%20Trump%20para%20devolver%20a%20inmigrantes%20a%20M%C3%A9xico&#038;via=conversesacat&#038;related=conversesacat' target='_blank' class='bctt-ctt-btn'rel=\"noopener noreferrer\">Compartir en X<\/a><\/span>\n<p><strong><span>La pol\u00edtica de inmigraci\u00f3n de Biden tambi\u00e9n ha fracasado estrepitosamente<\/span><\/strong><span>.\u00a0Despu\u00e9s de haber generado un enorme\u00a0<\/span><a href=\"https:\/\/conversesacatalunya.cat\/es\/se-abre-la-primera-crisis-de-la-presidencia-biden-por-su-contradictoria-gestion-de-la-inmigracion\/\" target=\"_blank\" rel=\"noopener\"><span>efecto llamada<\/span><\/a><span>\u00a0prometiendo regularizaciones masivas, el presidente ha dado marcha atr\u00e1s y ha vuelto a los principios (antag\u00f3nicos) de su predecesor.\u00a0De hecho, Biden est\u00e1 actualmente aplicando\u00a0<\/span><a href=\"https:\/\/www.voanews.com\/a\/us-returns-more-migrants-to-mexican-border-city-under-rebooted-trump-era-policy\/6384890.html\" target=\"_blank\" rel=\"noopener\"><span>legislaci\u00f3n<\/span><\/a><span> aprobada por el propio Donald Trump para devolver inmigrantes a M\u00e9xico.<\/span><\/p>\n<p><span>Mientras, la criminalidad ha aumentado en medio de una grave crisis de legitimidad de las instituciones policiales que el propio Biden y el ala radical de los dem\u00f3cratas han fomentado, acus\u00e1ndolas de\u00a0<\/span><strong><span>\u00abracismo institucional\u00bb<\/span><\/strong><span>.\u00a0Su popularidad en las zonas m\u00e1s afectadas por el incremento de la violencia se ha derrumbado, y en todas partes los referendos para suprimir cuerpos policiales han obtenido la negativa de la misma poblaci\u00f3n consultada.<\/span><\/p>\n<blockquote><p><span>Cuesta entender por qu\u00e9 Biden no ha mantenido sus promesas de gobernar desde el centro<\/span><\/p><\/blockquote>\n<p><span>En este sentido, cuesta entender por qu\u00e9 Biden no ha mantenido sus promesas de gobernar desde el centro, sino que ha seguido la agenda ultra-progresista del ala radical del Partido Dem\u00f3crata, la misma a la que medios como el <\/span><em><span>New York Times<\/span><\/em><span>\u00a0apoyan incondicionalmente.<\/span><\/p>\n<p><strong><span>En materia internacional,\u00a0<\/span><\/strong><strong><span>Biden no ha retirado las barreras comerciales a China<\/span><\/strong><span>\u00a0que, sin embargo, critic\u00f3 ferozmente durante la campa\u00f1a electoral.\u00a0Tampoco ha dado marcha atr\u00e1s en otras medidas proteccionistas de Trump, sino que de hecho ha profundizado en el \u201cMade in the USA\u201d tan propio de su predecesor.\u00a0M\u00e9xico y Canad\u00e1 protestan en vano por estas medidas.\u00a0De multilateralidad, Biden les ha ofrecido muy poca.<\/span><\/p>\n<p><span>En el campo de la diplomacia, Biden ha decepcionado por su incapacidad de reanudar el di\u00e1logo con un Ir\u00e1n que cada d\u00eda est\u00e1 m\u00e1s cerca de la bomba at\u00f3mica, y el golpe autoinfligido de la ca\u00f3tica retirada de Afganist\u00e1n pasar\u00e1 seguramente a la historia como la confirmaci\u00f3n del\u00a0<\/span><strong><span>declive global estadounidense<\/span><\/strong><span>.<\/span><\/p>\n<p><span>\u00daltimamente, Biden est\u00e1 obsesionado (como lo estaba en 2014) con la\u00a0<\/span><strong><span>invasi\u00f3n rusa de Ucrania<\/span><\/strong><span>, que nos anuncia desde hace semanas.\u00a0En un golpe de teatro, su administraci\u00f3n ha ordenado la evacuaci\u00f3n de las familias de los diplom\u00e1ticos de la embajada en Kiev.\u00a0Una iniciativa que ha empujado a la UE a pedir a Estados Unidos que \u00abno dramaticen\u00bb.\u00a0Sobre el terreno, los soldados ucranianos\u00a0<\/span><a href=\"https:\/\/www.lefigaro.fr\/international\/dans-les-tranchees-de-l-est-de-l-ukraine-cette-offensive-qu-on-ne-voit-pas-venir-20220116\" target=\"_blank\" rel=\"noopener\"><span>contradicen<\/span><\/a><span> a los analistas estadounidenses afirmando que la situaci\u00f3n es de total calma.<\/span><\/p>\n<blockquote><p><span>La sola consolaci\u00f3n de la progres\u00eda norteamericana vuelve a ser la misma que durante la presidencia Trump: hablar del l\u00edder republicano sin cesar<\/span><\/p><\/blockquote>\n<p><span>En medio de este desbarajuste, la sola consolaci\u00f3n de la progres\u00eda norteamericana vuelve a ser la misma que durante la presidencia Trump: hablar del l\u00edder republicano sin cesar, ahora advirtiendo de su posible regreso en el 2024 y del peligro que esto supondr\u00eda para la democracia.<\/span><\/p>\n<p><span><span class=\"\">Equiparando a los republicanos con racistas de extrema derecha que preparan un golpe de estado definitivo contra la democracia tiene los beneficios de\u00a0<\/span><\/span><strong><span><span class=\"\">dar aire a los medios de comunicaci\u00f3n de la galaxia woke<\/span><\/span><\/strong><span><span class=\"\">\u00a0y cohesionar a los progresistas m\u00e1s obstinados.\u00a0<\/span><span class=\"goog-text-highlight\">Pero no sirve para gobernar un pa\u00eds, como el catastr\u00f3fico primer a\u00f1o de Joe Biden en la presidencia ha demostrado.<\/span><\/span><\/p>\n<p><span>En nuestro pa\u00eds, y a pesar de los m\u00faltiples corresponsales en Washington, es una l\u00e1stima que no haya un periodismo serio que salga de las l\u00edneas editoriales que llegan de los grandes medios estadounidenses y <\/span><strong><span>analice sin prejuicios ideol\u00f3gicos<\/span><\/strong><span>\u00a0la presidencia de Joe Biden.<\/span><\/p>\n<\/div>\n<\/div>\n<div id=\"polls-135\" class=\"wp-polls\">\n\t<form id=\"polls_form_135\" class=\"wp-polls-form\" action=\"\/index.php\" method=\"post\">\n\t\t<p style=\"display: none;\"><input type=\"hidden\" id=\"poll_135_nonce\" name=\"wp-polls-nonce\" value=\"4e6263f25b\" \/><\/p>\n\t\t<p style=\"display: none;\"><input type=\"hidden\" name=\"poll_id\" value=\"135\" \/><\/p>\n\t\t<p style=\"text-align: center\"><strong>En cotxe o caminant per Barcelona, heu tingut algun incident amb un patinet o bicicleta?<\/strong><\/p><div id=\"polls-135-ans\" class=\"wp-polls-ans\"><ul class=\"wp-polls-ul\">\n\t\t<li><input type=\"radio\" id=\"poll-answer-340\" name=\"poll_135\" value=\"340\" \/> <label for=\"poll-answer-340\">Una vegada<\/label><\/li>\n\t\t<li><input type=\"radio\" id=\"poll-answer-341\" name=\"poll_135\" value=\"341\" \/> <label for=\"poll-answer-341\">Entre 2 i 5 vegades<\/label><\/li>\n\t\t<li><input type=\"radio\" id=\"poll-answer-342\" name=\"poll_135\" value=\"342\" \/> <label for=\"poll-answer-342\">M\u00e9s de 5 vegades<\/label><\/li>\n\t\t<li><input type=\"radio\" id=\"poll-answer-343\" name=\"poll_135\" value=\"343\" \/> <label for=\"poll-answer-343\">Mai<\/label><\/li>\n\t\t<\/ul><p style=\"text-align: center\"><input type=\"button\" name=\"vote\" value=\"   Vota   \" class=\"Buttons\" onclick=\"poll_vote(135);\" \/><\/p><p style=\"text-align: center\"><a href=\"#ViewPollResults\" onclick=\"poll_result(135); return false;\" title=\"View Results Of This Poll\">Mira els resultats<\/a><\/p><\/div>\n\t<\/form>\n<\/div>\n<div id=\"polls-135-loading\" class=\"wp-polls-loading\"><img decoding=\"async\" data-src=\"https:\/\/conversesacatalunya.cat\/wp-content\/plugins\/wp-polls\/images\/loading.gif\" width=\"16\" height=\"16\" alt=\"Cargando ...\" title=\"Cargando ...\" class=\"wp-polls-image lazyload\" src=\"data:image\/svg+xml;base64,PHN2ZyB3aWR0aD0iMSIgaGVpZ2h0PSIxIiB4bWxucz0iaHR0cDovL3d3dy53My5vcmcvMjAwMC9zdmciPjwvc3ZnPg==\" style=\"--smush-placeholder-width: 16px; --smush-placeholder-aspect-ratio: 16\/16;\" \/>&nbsp;Cargando ...<\/div>\n\n","protected":false},"excerpt":{"rendered":"<p>Un a\u00f1o despu\u00e9s de su toma de posesi\u00f3n, el presidente de Estados Unidos\u00a0Joe Biden ha fracasado en pr\u00e1cticamente todas sus iniciativas\u00a0, tanto interiores como internacionales. Curiosamente, la prensa\u00a0mainstream\u00a0a ambos lados del Atl\u00e1ntico parece no enterarse. Los grandes actores que dominan el paisaje medi\u00e1tico y ofrecen el guion\u00a0que\u00a0los hom\u00f3logos europeos aceptan con agrado, como el\u00a0New York Times, el\u00a0Washington Post\u00a0o las cadenas CNN y MSNBC hicieron todo lo posible para hundir la presidencia de Donald Trump y, durante la \u00faltima campa\u00f1a electoral, darle la victoria a Joe Biden. Ahora, sin embargo, se mantienen silenciosos ante los escasos resultados que Biden est\u00e1 obteniendo. Primeramente, es evidente que Joe Biden no ha \u00abaplastado el virus\u00bb de la Covid como prometi\u00f3. Han muerto m\u00e1s estadounidenses de coronavirus desde que Biden lleg\u00f3 a la presidencia (a pesar de contar ya con las vacunas) que durante el \u00faltimo a\u00f1o de mandato de Trump De hecho,\u00a0seg\u00fan recoge\u00a0el corresponsal de\u00a0Le Figaro\u00a0en Washington, han muerto m\u00e1s estadounidenses de coronavirus desde que Biden lleg\u00f3 a la presidencia (a pesar de contar ya con las vacunas) que en el \u00faltimo a\u00f1o de mandato de Trump. Entonces no hab\u00eda todav\u00eda vacunas, pero el expresidente lanz\u00f3 el programa\u00a0Warp Speed\u00a0que recordemos posibilit\u00f3 en parte que Pfizer y Moderna desarrollaran en un tiempo r\u00e9cord\u00a0las inyecciones con tecnolog\u00eda ARN mensajero. La cuesti\u00f3n es tan vergonzosa que la CNN ha retirado de su pantalla el siniestro e hip\u00f3crita c\u00f3mputo de fallecidos en tiempo real de estadounidenses a causa del coronavirus, de los que atribu\u00eda la responsabilidad directa al presidente Trump. En materia econ\u00f3mica, Biden se ha negado durante meses a reconocer la amenaza de la inflaci\u00f3n (\u00abning\u00fan economista serio prev\u00e9 un retorno de la inflaci\u00f3n\u00bb, lanz\u00f3 el pasado julio).\u00a0Por el contrario, ha insistido en gastar masivamente a trav\u00e9s de planes fara\u00f3nicos de gasto p\u00fablico.\u00a0Actualmente,\u00a0el alza de precios es ya del 7%\u00a0, el nivel m\u00e1s alto desde 1982. Cabe recordar que durante el mandato de Donald Trump no s\u00f3lo se aument\u00f3 el poder adquisitivo general de los norteamericanos, sino que\u00a0subieron concretamente los sueldos de las rentas m\u00e1s bajas,\u00a0algo inaudito\u00a0desde hac\u00eda d\u00e9cadas en Estados Unidos y que es atribuido en parte en la pol\u00edtica de Trump. En nombre de la lucha contra el cambio clim\u00e1tico,\u00a0Biden declar\u00f3 la guerra a las energ\u00edas f\u00f3siles.\u00a0Un sector todav\u00eda clave en el que Estados Unidos destaca particularmente. Pues bien, un a\u00f1o despu\u00e9s, la producci\u00f3n de petr\u00f3leo estadounidense est\u00e1 previsto que bata un nuevo r\u00e9cord, gracias particularmente a las reservas de la Cuenca P\u00e9rmica (Permian Basin) de Texas. Pero las p\u00e1ginas de verificaci\u00f3n de informaciones y fact-chekers de turno, tan de moda desde la llegada de Trump a la Casa Blanca, han desaparecido del panorama. La pol\u00edtica de inmigraci\u00f3n de Biden tambi\u00e9n ha fracasado estrepitosamente.\u00a0Despu\u00e9s de haber generado un enorme\u00a0efecto llamada\u00a0prometiendo regularizaciones masivas, el presidente ha dado marcha atr\u00e1s y ha vuelto a los principios (antag\u00f3nicos) de su predecesor.\u00a0De hecho, Biden est\u00e1 actualmente aplicando\u00a0legislaci\u00f3n aprobada por el propio Donald Trump para devolver inmigrantes a M\u00e9xico. Mientras, la criminalidad ha aumentado en medio de una grave crisis de legitimidad de las instituciones policiales que el propio Biden y el ala radical de los dem\u00f3cratas han fomentado, acus\u00e1ndolas de\u00a0\u00abracismo institucional\u00bb.\u00a0Su popularidad en las zonas m\u00e1s afectadas por el incremento de la violencia se ha derrumbado, y en todas partes los referendos para suprimir cuerpos policiales han obtenido la negativa de la misma poblaci\u00f3n consultada. Cuesta entender por qu\u00e9 Biden no ha mantenido sus promesas de gobernar desde el centro En este sentido, cuesta entender por qu\u00e9 Biden no ha mantenido sus promesas de gobernar desde el centro, sino que ha seguido la agenda ultra-progresista del ala radical del Partido Dem\u00f3crata, la misma a la que medios como el New York Times\u00a0apoyan incondicionalmente. En materia internacional,\u00a0Biden no ha retirado las barreras comerciales a China\u00a0que, sin embargo, critic\u00f3 ferozmente durante la campa\u00f1a electoral.\u00a0Tampoco ha dado marcha atr\u00e1s en otras medidas proteccionistas de Trump, sino que de hecho ha profundizado en el \u201cMade in the USA\u201d tan propio de su predecesor.\u00a0M\u00e9xico y Canad\u00e1 protestan en vano por estas medidas.\u00a0De multilateralidad, Biden les ha ofrecido muy poca. En el campo de la diplomacia, Biden ha decepcionado por su incapacidad de reanudar el di\u00e1logo con un Ir\u00e1n que cada d\u00eda est\u00e1 m\u00e1s cerca de la bomba at\u00f3mica, y el golpe autoinfligido de la ca\u00f3tica retirada de Afganist\u00e1n pasar\u00e1 seguramente a la historia como la confirmaci\u00f3n del\u00a0declive global estadounidense. \u00daltimamente, Biden est\u00e1 obsesionado (como lo estaba en 2014) con la\u00a0invasi\u00f3n rusa de Ucrania, que nos anuncia desde hace semanas.\u00a0En un golpe de teatro, su administraci\u00f3n ha ordenado la evacuaci\u00f3n de las familias de los diplom\u00e1ticos de la embajada en Kiev.\u00a0Una iniciativa que ha empujado a la UE a pedir a Estados Unidos que \u00abno dramaticen\u00bb.\u00a0Sobre el terreno, los soldados ucranianos\u00a0contradicen a los analistas estadounidenses afirmando que la situaci\u00f3n es de total calma. La sola consolaci\u00f3n de la progres\u00eda norteamericana vuelve a ser la misma que durante la presidencia Trump: hablar del l\u00edder republicano sin cesar En medio de este desbarajuste, la sola consolaci\u00f3n de la progres\u00eda norteamericana vuelve a ser la misma que durante la presidencia Trump: hablar del l\u00edder republicano sin cesar, ahora advirtiendo de su posible regreso en el 2024 y del peligro que esto supondr\u00eda para la democracia. Equiparando a los republicanos con racistas de extrema derecha que preparan un golpe de estado definitivo contra la democracia tiene los beneficios de\u00a0dar aire a los medios de comunicaci\u00f3n de la galaxia woke\u00a0y cohesionar a los progresistas m\u00e1s obstinados.\u00a0Pero no sirve para gobernar un pa\u00eds, como el catastr\u00f3fico primer a\u00f1o de Joe Biden en la presidencia ha demostrado. En nuestro pa\u00eds, y a pesar de los m\u00faltiples corresponsales en Washington, es una l\u00e1stima que no haya un periodismo serio que salga de las l\u00edneas editoriales que llegan de los grandes medios estadounidenses y analice sin prejuicios ideol\u00f3gicos\u00a0la presidencia de Joe Biden.<\/p>\n","protected":false},"author":67,"featured_media":54147,"comment_status":"open","ping_status":"open","sticky":false,"template":"","format":"standard","meta":{"_FSMCFIC_featured_image_caption":"","_FSMCFIC_featured_image_nocaption":"","_FSMCFIC_featured_image_hide":"","footnotes":""},"categories":[806],"tags":[963,1756,1310,4256],"class_list":["post-54168","post","type-post","status-publish","format-standard","has-post-thumbnail","hentry","category-punts-claus-del-dia-es","tag-donald-trump-es","tag-eeuu-es","tag-ucrania","tag-woke-es"],"yoast_head":"<!-- This site is optimized with the Yoast SEO plugin v26.8 - https:\/\/yoast.com\/product\/yoast-seo-wordpress\/ -->\n<title>Los fracasos de Joe Biden y el silencio de la prensa - Converses a Catalunya<\/title>\n<meta name=\"description\" content=\"Un a\u00f1o despu\u00e9s de su toma de posesi\u00f3n, Biden ha fracasado en pr\u00e1cticamente todas sus iniciativas, tanto interiores como internacionales.\" \/>\n<meta name=\"robots\" content=\"index, follow, max-snippet:-1, max-image-preview:large, max-video-preview:-1\" \/>\n<link rel=\"canonical\" href=\"https:\/\/conversesacatalunya.cat\/es\/los-fracasos-de-joe-biden-y-el-silencio-de-la-prensa\/\" \/>\n<meta property=\"og:locale\" content=\"es_ES\" \/>\n<meta property=\"og:type\" content=\"article\" \/>\n<meta property=\"og:title\" content=\"Los fracasos de Joe Biden y el silencio de la prensa - Converses a Catalunya\" \/>\n<meta property=\"og:description\" content=\"Un a\u00f1o despu\u00e9s de su toma de posesi\u00f3n, Biden ha fracasado en pr\u00e1cticamente todas sus iniciativas, tanto interiores como internacionales.\" \/>\n<meta property=\"og:url\" content=\"https:\/\/conversesacatalunya.cat\/es\/los-fracasos-de-joe-biden-y-el-silencio-de-la-prensa\/\" \/>\n<meta property=\"og:site_name\" content=\"Converses a Catalunya\" \/>\n<meta property=\"article:published_time\" content=\"2022-01-25T11:34:21+00:00\" \/>\n<meta property=\"article:modified_time\" content=\"2022-01-25T12:48:48+00:00\" \/>\n<meta property=\"og:image\" content=\"https:\/\/conversesacatalunya.cat\/wp-content\/uploads\/2022\/01\/1D274907376164-today-sad-biden-141208-tease.webp\" \/>\n\t<meta property=\"og:image:width\" content=\"1024\" \/>\n\t<meta property=\"og:image:height\" content=\"576\" \/>\n\t<meta property=\"og:image:type\" content=\"image\/webp\" \/>\n<meta name=\"author\" content=\"conversesacatalunya\" \/>\n<meta name=\"twitter:card\" content=\"summary_large_image\" \/>\n<meta name=\"twitter:label1\" content=\"Escrito por\" \/>\n\t<meta name=\"twitter:data1\" content=\"conversesacatalunya\" \/>\n\t<meta name=\"twitter:label2\" content=\"Tiempo de lectura\" \/>\n\t<meta name=\"twitter:data2\" content=\"6 minutos\" \/>\n<script type=\"application\/ld+json\" class=\"yoast-schema-graph\">{\"@context\":\"https:\/\/schema.org\",\"@graph\":[{\"@type\":\"Article\",\"@id\":\"https:\/\/conversesacatalunya.cat\/es\/los-fracasos-de-joe-biden-y-el-silencio-de-la-prensa\/#article\",\"isPartOf\":{\"@id\":\"https:\/\/conversesacatalunya.cat\/es\/los-fracasos-de-joe-biden-y-el-silencio-de-la-prensa\/\"},\"author\":{\"name\":\"conversesacatalunya\",\"@id\":\"https:\/\/conversesacatalunya.cat\/#\/schema\/person\/c5a8ffe796b1512764aeb6d6d6fa0fc7\"},\"headline\":\"Los fracasos de Joe Biden y el silencio de la prensa\",\"datePublished\":\"2022-01-25T11:34:21+00:00\",\"dateModified\":\"2022-01-25T12:48:48+00:00\",\"mainEntityOfPage\":{\"@id\":\"https:\/\/conversesacatalunya.cat\/es\/los-fracasos-de-joe-biden-y-el-silencio-de-la-prensa\/\"},\"wordCount\":1138,\"commentCount\":0,\"image\":{\"@id\":\"https:\/\/conversesacatalunya.cat\/es\/los-fracasos-de-joe-biden-y-el-silencio-de-la-prensa\/#primaryimage\"},\"thumbnailUrl\":\"https:\/\/conversesacatalunya.cat\/wp-content\/uploads\/2022\/01\/1D274907376164-today-sad-biden-141208-tease.webp\",\"keywords\":[\"Donald Trump\",\"EEUU\",\"Ucrania\",\"woke\"],\"articleSection\":[\"Punts clau del dia (ES)\"],\"inLanguage\":\"es\",\"potentialAction\":[{\"@type\":\"CommentAction\",\"name\":\"Comment\",\"target\":[\"https:\/\/conversesacatalunya.cat\/es\/los-fracasos-de-joe-biden-y-el-silencio-de-la-prensa\/#respond\"]}]},{\"@type\":\"WebPage\",\"@id\":\"https:\/\/conversesacatalunya.cat\/es\/los-fracasos-de-joe-biden-y-el-silencio-de-la-prensa\/\",\"url\":\"https:\/\/conversesacatalunya.cat\/es\/los-fracasos-de-joe-biden-y-el-silencio-de-la-prensa\/\",\"name\":\"Los fracasos de Joe Biden y el silencio de la prensa - Converses a Catalunya\",\"isPartOf\":{\"@id\":\"https:\/\/conversesacatalunya.cat\/#website\"},\"primaryImageOfPage\":{\"@id\":\"https:\/\/conversesacatalunya.cat\/es\/los-fracasos-de-joe-biden-y-el-silencio-de-la-prensa\/#primaryimage\"},\"image\":{\"@id\":\"https:\/\/conversesacatalunya.cat\/es\/los-fracasos-de-joe-biden-y-el-silencio-de-la-prensa\/#primaryimage\"},\"thumbnailUrl\":\"https:\/\/conversesacatalunya.cat\/wp-content\/uploads\/2022\/01\/1D274907376164-today-sad-biden-141208-tease.webp\",\"datePublished\":\"2022-01-25T11:34:21+00:00\",\"dateModified\":\"2022-01-25T12:48:48+00:00\",\"author\":{\"@id\":\"https:\/\/conversesacatalunya.cat\/#\/schema\/person\/c5a8ffe796b1512764aeb6d6d6fa0fc7\"},\"description\":\"Un a\u00f1o despu\u00e9s de su toma de posesi\u00f3n, Biden ha fracasado en pr\u00e1cticamente todas sus iniciativas, tanto interiores como internacionales.\",\"breadcrumb\":{\"@id\":\"https:\/\/conversesacatalunya.cat\/es\/los-fracasos-de-joe-biden-y-el-silencio-de-la-prensa\/#breadcrumb\"},\"inLanguage\":\"es\",\"potentialAction\":[{\"@type\":\"ReadAction\",\"target\":[\"https:\/\/conversesacatalunya.cat\/es\/los-fracasos-de-joe-biden-y-el-silencio-de-la-prensa\/\"]}]},{\"@type\":\"ImageObject\",\"inLanguage\":\"es\",\"@id\":\"https:\/\/conversesacatalunya.cat\/es\/los-fracasos-de-joe-biden-y-el-silencio-de-la-prensa\/#primaryimage\",\"url\":\"https:\/\/conversesacatalunya.cat\/wp-content\/uploads\/2022\/01\/1D274907376164-today-sad-biden-141208-tease.webp\",\"contentUrl\":\"https:\/\/conversesacatalunya.cat\/wp-content\/uploads\/2022\/01\/1D274907376164-today-sad-biden-141208-tease.webp\",\"width\":1024,\"height\":576,\"caption\":\"Joe Biden\"},{\"@type\":\"BreadcrumbList\",\"@id\":\"https:\/\/conversesacatalunya.cat\/es\/los-fracasos-de-joe-biden-y-el-silencio-de-la-prensa\/#breadcrumb\",\"itemListElement\":[{\"@type\":\"ListItem\",\"position\":1,\"name\":\"Inici\",\"item\":\"https:\/\/conversesacatalunya.cat\/es\/\"},{\"@type\":\"ListItem\",\"position\":2,\"name\":\"Los fracasos de Joe Biden y el silencio de la prensa\"}]},{\"@type\":\"WebSite\",\"@id\":\"https:\/\/conversesacatalunya.cat\/#website\",\"url\":\"https:\/\/conversesacatalunya.cat\/\",\"name\":\"Converses a Catalunya\",\"description\":\"\",\"potentialAction\":[{\"@type\":\"SearchAction\",\"target\":{\"@type\":\"EntryPoint\",\"urlTemplate\":\"https:\/\/conversesacatalunya.cat\/?s={search_term_string}\"},\"query-input\":{\"@type\":\"PropertyValueSpecification\",\"valueRequired\":true,\"valueName\":\"search_term_string\"}}],\"inLanguage\":\"es\"},{\"@type\":\"Person\",\"@id\":\"https:\/\/conversesacatalunya.cat\/#\/schema\/person\/c5a8ffe796b1512764aeb6d6d6fa0fc7\",\"name\":\"conversesacatalunya\",\"image\":{\"@type\":\"ImageObject\",\"inLanguage\":\"es\",\"@id\":\"https:\/\/conversesacatalunya.cat\/#\/schema\/person\/image\/\",\"url\":\"https:\/\/conversesacatalunya.cat\/wp-content\/litespeed\/avatar\/02659ee938034c59a151ae106ade943e.jpg?ver=1777051754\",\"contentUrl\":\"https:\/\/conversesacatalunya.cat\/wp-content\/litespeed\/avatar\/02659ee938034c59a151ae106ade943e.jpg?ver=1777051754\",\"caption\":\"conversesacatalunya\"},\"url\":\"https:\/\/conversesacatalunya.cat\/es\/author\/carles_lopez\/\"}]}<\/script>\n<!-- \/ Yoast SEO plugin. -->","yoast_head_json":{"title":"Los fracasos de Joe Biden y el silencio de la prensa - Converses a Catalunya","description":"Un a\u00f1o despu\u00e9s de su toma de posesi\u00f3n, Biden ha fracasado en pr\u00e1cticamente todas sus iniciativas, tanto interiores como internacionales.","robots":{"index":"index","follow":"follow","max-snippet":"max-snippet:-1","max-image-preview":"max-image-preview:large","max-video-preview":"max-video-preview:-1"},"canonical":"https:\/\/conversesacatalunya.cat\/es\/los-fracasos-de-joe-biden-y-el-silencio-de-la-prensa\/","og_locale":"es_ES","og_type":"article","og_title":"Los fracasos de Joe Biden y el silencio de la prensa - Converses a Catalunya","og_description":"Un a\u00f1o despu\u00e9s de su toma de posesi\u00f3n, Biden ha fracasado en pr\u00e1cticamente todas sus iniciativas, tanto interiores como internacionales.","og_url":"https:\/\/conversesacatalunya.cat\/es\/los-fracasos-de-joe-biden-y-el-silencio-de-la-prensa\/","og_site_name":"Converses a Catalunya","article_published_time":"2022-01-25T11:34:21+00:00","article_modified_time":"2022-01-25T12:48:48+00:00","og_image":[{"width":1024,"height":576,"url":"https:\/\/conversesacatalunya.cat\/wp-content\/uploads\/2022\/01\/1D274907376164-today-sad-biden-141208-tease.webp","type":"image\/webp"}],"author":"conversesacatalunya","twitter_card":"summary_large_image","twitter_misc":{"Escrito por":"conversesacatalunya","Tiempo de lectura":"6 minutos"},"schema":{"@context":"https:\/\/schema.org","@graph":[{"@type":"Article","@id":"https:\/\/conversesacatalunya.cat\/es\/los-fracasos-de-joe-biden-y-el-silencio-de-la-prensa\/#article","isPartOf":{"@id":"https:\/\/conversesacatalunya.cat\/es\/los-fracasos-de-joe-biden-y-el-silencio-de-la-prensa\/"},"author":{"name":"conversesacatalunya","@id":"https:\/\/conversesacatalunya.cat\/#\/schema\/person\/c5a8ffe796b1512764aeb6d6d6fa0fc7"},"headline":"Los fracasos de Joe Biden y el silencio de la prensa","datePublished":"2022-01-25T11:34:21+00:00","dateModified":"2022-01-25T12:48:48+00:00","mainEntityOfPage":{"@id":"https:\/\/conversesacatalunya.cat\/es\/los-fracasos-de-joe-biden-y-el-silencio-de-la-prensa\/"},"wordCount":1138,"commentCount":0,"image":{"@id":"https:\/\/conversesacatalunya.cat\/es\/los-fracasos-de-joe-biden-y-el-silencio-de-la-prensa\/#primaryimage"},"thumbnailUrl":"https:\/\/conversesacatalunya.cat\/wp-content\/uploads\/2022\/01\/1D274907376164-today-sad-biden-141208-tease.webp","keywords":["Donald Trump","EEUU","Ucrania","woke"],"articleSection":["Punts clau del dia (ES)"],"inLanguage":"es","potentialAction":[{"@type":"CommentAction","name":"Comment","target":["https:\/\/conversesacatalunya.cat\/es\/los-fracasos-de-joe-biden-y-el-silencio-de-la-prensa\/#respond"]}]},{"@type":"WebPage","@id":"https:\/\/conversesacatalunya.cat\/es\/los-fracasos-de-joe-biden-y-el-silencio-de-la-prensa\/","url":"https:\/\/conversesacatalunya.cat\/es\/los-fracasos-de-joe-biden-y-el-silencio-de-la-prensa\/","name":"Los fracasos de Joe Biden y el silencio de la prensa - Converses a Catalunya","isPartOf":{"@id":"https:\/\/conversesacatalunya.cat\/#website"},"primaryImageOfPage":{"@id":"https:\/\/conversesacatalunya.cat\/es\/los-fracasos-de-joe-biden-y-el-silencio-de-la-prensa\/#primaryimage"},"image":{"@id":"https:\/\/conversesacatalunya.cat\/es\/los-fracasos-de-joe-biden-y-el-silencio-de-la-prensa\/#primaryimage"},"thumbnailUrl":"https:\/\/conversesacatalunya.cat\/wp-content\/uploads\/2022\/01\/1D274907376164-today-sad-biden-141208-tease.webp","datePublished":"2022-01-25T11:34:21+00:00","dateModified":"2022-01-25T12:48:48+00:00","author":{"@id":"https:\/\/conversesacatalunya.cat\/#\/schema\/person\/c5a8ffe796b1512764aeb6d6d6fa0fc7"},"description":"Un a\u00f1o despu\u00e9s de su toma de posesi\u00f3n, Biden ha fracasado en pr\u00e1cticamente todas sus iniciativas, tanto interiores como internacionales.","breadcrumb":{"@id":"https:\/\/conversesacatalunya.cat\/es\/los-fracasos-de-joe-biden-y-el-silencio-de-la-prensa\/#breadcrumb"},"inLanguage":"es","potentialAction":[{"@type":"ReadAction","target":["https:\/\/conversesacatalunya.cat\/es\/los-fracasos-de-joe-biden-y-el-silencio-de-la-prensa\/"]}]},{"@type":"ImageObject","inLanguage":"es","@id":"https:\/\/conversesacatalunya.cat\/es\/los-fracasos-de-joe-biden-y-el-silencio-de-la-prensa\/#primaryimage","url":"https:\/\/conversesacatalunya.cat\/wp-content\/uploads\/2022\/01\/1D274907376164-today-sad-biden-141208-tease.webp","contentUrl":"https:\/\/conversesacatalunya.cat\/wp-content\/uploads\/2022\/01\/1D274907376164-today-sad-biden-141208-tease.webp","width":1024,"height":576,"caption":"Joe Biden"},{"@type":"BreadcrumbList","@id":"https:\/\/conversesacatalunya.cat\/es\/los-fracasos-de-joe-biden-y-el-silencio-de-la-prensa\/#breadcrumb","itemListElement":[{"@type":"ListItem","position":1,"name":"Inici","item":"https:\/\/conversesacatalunya.cat\/es\/"},{"@type":"ListItem","position":2,"name":"Los fracasos de Joe Biden y el silencio de la prensa"}]},{"@type":"WebSite","@id":"https:\/\/conversesacatalunya.cat\/#website","url":"https:\/\/conversesacatalunya.cat\/","name":"Converses a Catalunya","description":"","potentialAction":[{"@type":"SearchAction","target":{"@type":"EntryPoint","urlTemplate":"https:\/\/conversesacatalunya.cat\/?s={search_term_string}"},"query-input":{"@type":"PropertyValueSpecification","valueRequired":true,"valueName":"search_term_string"}}],"inLanguage":"es"},{"@type":"Person","@id":"https:\/\/conversesacatalunya.cat\/#\/schema\/person\/c5a8ffe796b1512764aeb6d6d6fa0fc7","name":"conversesacatalunya","image":{"@type":"ImageObject","inLanguage":"es","@id":"https:\/\/conversesacatalunya.cat\/#\/schema\/person\/image\/","url":"https:\/\/conversesacatalunya.cat\/wp-content\/litespeed\/avatar\/02659ee938034c59a151ae106ade943e.jpg?ver=1777051754","contentUrl":"https:\/\/conversesacatalunya.cat\/wp-content\/litespeed\/avatar\/02659ee938034c59a151ae106ade943e.jpg?ver=1777051754","caption":"conversesacatalunya"},"url":"https:\/\/conversesacatalunya.cat\/es\/author\/carles_lopez\/"}]}},"wps_subtitle":"Es una l\u00e1stima que en Europa escasee el periodismo serio que sale de las l\u00edneas de los grandes medios estadounidenses y analiza sin prejuicios ideol\u00f3gicos la presidencia de Joe Biden","_links":{"self":[{"href":"https:\/\/conversesacatalunya.cat\/es\/wp-json\/wp\/v2\/posts\/54168","targetHints":{"allow":["GET"]}}],"collection":[{"href":"https:\/\/conversesacatalunya.cat\/es\/wp-json\/wp\/v2\/posts"}],"about":[{"href":"https:\/\/conversesacatalunya.cat\/es\/wp-json\/wp\/v2\/types\/post"}],"author":[{"embeddable":true,"href":"https:\/\/conversesacatalunya.cat\/es\/wp-json\/wp\/v2\/users\/67"}],"replies":[{"embeddable":true,"href":"https:\/\/conversesacatalunya.cat\/es\/wp-json\/wp\/v2\/comments?post=54168"}],"version-history":[{"count":2,"href":"https:\/\/conversesacatalunya.cat\/es\/wp-json\/wp\/v2\/posts\/54168\/revisions"}],"predecessor-version":[{"id":54170,"href":"https:\/\/conversesacatalunya.cat\/es\/wp-json\/wp\/v2\/posts\/54168\/revisions\/54170"}],"wp:featuredmedia":[{"embeddable":true,"href":"https:\/\/conversesacatalunya.cat\/es\/wp-json\/wp\/v2\/media\/54147"}],"wp:attachment":[{"href":"https:\/\/conversesacatalunya.cat\/es\/wp-json\/wp\/v2\/media?parent=54168"}],"wp:term":[{"taxonomy":"category","embeddable":true,"href":"https:\/\/conversesacatalunya.cat\/es\/wp-json\/wp\/v2\/categories?post=54168"},{"taxonomy":"post_tag","embeddable":true,"href":"https:\/\/conversesacatalunya.cat\/es\/wp-json\/wp\/v2\/tags?post=54168"}],"curies":[{"name":"wp","href":"https:\/\/api.w.org\/{rel}","templated":true}]}}