{"id":54054,"date":"2022-01-20T10:49:28","date_gmt":"2022-01-20T09:49:28","guid":{"rendered":"https:\/\/conversesacatalunya.cat\/xina-contra-omicron\/"},"modified":"2022-01-20T13:41:48","modified_gmt":"2022-01-20T12:41:48","slug":"china-contra-omicron","status":"publish","type":"post","link":"https:\/\/conversesacatalunya.cat\/es\/china-contra-omicron\/","title":{"rendered":"La Rep\u00fablica Popular China contra \u00d3micron"},"content":{"rendered":"<p><span><span class=\"\">China ha declarado la guerra total a la variante \u00d3micron de la Covid-19. <\/span>Como ha hecho con las precedentes oleadas y mutaciones del virus, Pek\u00edn est\u00e1 respondiendo con su pol\u00edtica de cero Covid, que pasa por\u00a0<\/span><strong><span>detectar y aislar cada caso positivo individual<\/span><\/strong><span>\u00a0y destruir as\u00ed toda posibilidad de aparici\u00f3n de clusters y focos pand\u00e9micos.<\/span><\/p>\n<p><span>Sin embargo, con una tasa de contagio de los bronquios\u00a0<\/span><strong><span>70 veces superior<\/span><\/strong><span> a la ya temida variante Delta, \u00d3micron est\u00e1 suponiendo para el gobierno chino un desaf\u00edo inaudito.<\/span><\/p>\n<span class='bctt-click-to-tweet'><span class='bctt-ctt-text'><a href='https:\/\/twitter.com\/intent\/tweet?url=https%3A%2F%2Fconversesacatalunya.cat%2Fes%2Fchina-contra-omicron%2F&#038;text=Los%20confinamientos%20y%20cierres%20ordenados%20por%20las%20autoridades%20chinas%20est%C3%A1n%20provocando%20ya%20tensiones%20en%20las%20cadenas%20de%20suministro%20globales%20&#038;via=conversesacat&#038;related=conversesacat' target='_blank'rel=\"noopener noreferrer\">Los confinamientos y cierres ordenados por las autoridades chinas est\u00e1n provocando ya tensiones en las cadenas de suministro globales  <\/a><\/span><a href='https:\/\/twitter.com\/intent\/tweet?url=https%3A%2F%2Fconversesacatalunya.cat%2Fes%2Fchina-contra-omicron%2F&#038;text=Los%20confinamientos%20y%20cierres%20ordenados%20por%20las%20autoridades%20chinas%20est%C3%A1n%20provocando%20ya%20tensiones%20en%20las%20cadenas%20de%20suministro%20globales%20&#038;via=conversesacat&#038;related=conversesacat' target='_blank' class='bctt-ctt-btn'rel=\"noopener noreferrer\">Compartir en X<\/a><\/span>\n<p><span><span class=\"goog-text-highlight\">De hecho, los confinamientos y cierres ordenados por las autoridades chinas para detener a \u00d3micron <\/span><\/span><strong><span><span class=\"goog-text-highlight\">ya est\u00e1n provocando tensiones en las cadenas de suministro globales<\/span><\/span><\/strong><span><span class=\"goog-text-highlight\">.\u00a0<\/span>Esto justo cuando se empezaban a recuperar de la crisis del pasado a\u00f1o.<\/span><\/p>\n<p><span>A pesar de las advertencias de numerosos l\u00edderes empresariales y analistas, Pek\u00edn parece m\u00e1s dispuesta que nunca a impedir la propagaci\u00f3n de la variante \u00f3micron en su territorio ahora que quedan\u00a0<\/span><strong><span>escasas semanas para la celebraci\u00f3n de los Juegos Ol\u00edmpicos de Invierno<\/span><\/strong><span>. Estos ya est\u00e1n amenazados por el\u00a0<\/span><a href=\"https:\/\/conversesacatalunya.cat\/es\/implicaciones-del-boicot-anglosajon-en-los-juegos-olimpicos-de-invierno-de-pekin\/\" target=\"_blank\" rel=\"noopener\"><span>boicot diplom\u00e1tico<\/span><\/a><span>\u00a0occidental, y Pek\u00edn no querr\u00eda a\u00f1adir a esa preocupaci\u00f3n el no poder demostrar al mundo su \u00e9xito en materia de control epid\u00e9mico.<\/span><\/p>\n<p><span>S\u00f3lo en la ciudad de Xi&#8217;an,\u00a0<\/span><strong><span>m\u00e1s de 13 millones de personas llevan ya dos semanas confinadas en casa<\/span><\/strong><span>.\u00a0<span class=\"goog-text-highlight\">En Tianjin (una ciudad portuaria a tan s\u00f3lo 100 kil\u00f3metros de Pek\u00edn), se ha ordenado que la poblaci\u00f3n de 14 millones de habitantes se someta a un test Covid.\u00a0<\/span>Otros grandes centros de producci\u00f3n industrial en la provincia de Henan y cerca de Hong Kong est\u00e1n afectados por la misma medida.<\/span><\/p>\n<p><span>Los dirigentes industriales han expresado su preocupaci\u00f3n por mantener las l\u00edneas de producci\u00f3n abiertas en las pr\u00f3ximas semanas, cuando a la Covid se le a\u00f1adir\u00e1n las vacaciones por el nuevo a\u00f1o lunar y los Juegos Ol\u00edmpicos de invierno.<\/span><\/p>\n<p><span><span class=\"\">Seg\u00fan apuntaba un directivo taiwan\u00e9s implantado en el sur de China, una ola de cierres y confinamientos en esta regi\u00f3n fuertemente industrial\u00a0<\/span><\/span><strong><span><span class=\"\">supondr\u00eda una crisis a\u00fan m\u00e1s importante que la del 2020<\/span><\/span><\/strong><span><span class=\"\">.<\/span><\/span><\/p>\n<p><span><span class=\"goog-text-highlight\">Hace dos a\u00f1os, cuando el virus se expandi\u00f3 por China con los trabajadores que iban a ver a sus familias con ocasi\u00f3n del nuevo a\u00f1o lunar, \u00e9stos no pudieron volver a sus puestos de trabajo porque se encontraron confinados y con todos los medios de transportes parados.<\/span><\/span><\/p>\n<p><span>Ahora,\u00a0<\/span><strong><span>varias multinacionales ya han tenido que cerrar f\u00e1bricas<\/span><\/strong><span>, como es el caso de Toyota y Volkswagen en Tianjin.\u00a0Otros, como Samsung, tienen dificultades para mantener la cadencia de producci\u00f3n de microprocesadores.<\/span><\/p>\n<p><span><span class=\"\">El puerto de Ningbo, el tercero mayor del mundo en volumen de contenedores, se encuentra parado y ha prohibido las entradas de camiones despu\u00e9s de haber detectado casos del virus.\u00a0<\/span><\/span><strong><span>En Pek\u00edn y Shanghai tambi\u00e9n se han detectado casos locales de \u00f3micron<\/span><\/strong><span>, encendiendo a\u00fan m\u00e1s alarmas.<\/span><\/p>\n<blockquote><p><span>En caso de que se confirme una nueva crisis de Covid en China, las cadenas de suministro globales sufrir\u00e1n tanto como hace dos a\u00f1os ya que pocas han hecho progresos significativos de deslocalizaci\u00f3n fuera del pa\u00eds<\/span><\/p><\/blockquote>\n<p><span>Los analistas consultados por\u00a0<\/span><em><span>Financial Times<\/span><\/em><span>\u00a0coinciden en afirmar que en caso de que se confirme una nueva crisis de Covid en China, las cadenas de suministro globales sufrir\u00e1n tanto como hace dos a\u00f1os ya que pocas han hecho progresos significativos de deslocalizaci\u00f3n fuera del pa\u00eds.<\/span><\/p>\n<p><span>Seg\u00fan la consultor\u00eda McKinsey &amp; Company,\u00a0<\/span><strong><span>s\u00f3lo la mitad de las empresas han incrementado el abastecimiento dual<\/span><\/strong><span>\u00a0(es decir, asegurarse dos en lugar de un solo proveedor).<\/span><\/p>\n<p><span><span class=\"goog-text-highlight\">Incluso los actores que se han tomado la relocalizaci\u00f3n o diversificaci\u00f3n log\u00edstica en serio\u00a0<\/span><\/span><strong><span><span class=\"goog-text-highlight\">no han tenido tiempo de hacer efectivas muchas de sus medidas<\/span><\/span><\/strong><span><span class=\"goog-text-highlight\">: cambiar de sitio la producci\u00f3n no es cosa de pocos meses.\u00a0<\/span>De hecho, se tarda entre tres y cinco a\u00f1os para que los cambios sean efectivos.<\/span><\/p>\n<p><span>Est\u00e1 por ver si las dr\u00e1sticas medidas de China servir\u00e1n para contener la nueva variante, decenas de veces m\u00e1s contagiosa. Por el momento, \u00d3micron est\u00e1 demostrando ser el rival m\u00e1s duro para Pek\u00edn desde la primera ola.<\/span><\/p>\n<div id=\"polls-134\" class=\"wp-polls\">\n\t<form id=\"polls_form_134\" class=\"wp-polls-form\" action=\"\/index.php\" method=\"post\">\n\t\t<p style=\"display: none;\"><input type=\"hidden\" id=\"poll_134_nonce\" name=\"wp-polls-nonce\" value=\"be553ae110\" \/><\/p>\n\t\t<p style=\"display: none;\"><input type=\"hidden\" name=\"poll_id\" value=\"134\" \/><\/p>\n\t\t<p style=\"text-align: center\"><strong>Creus que S\u00e1nchez ha complert el seu comprom\u00eds que els preus de la llum del 2021 no serien superiors als del 2018?<\/strong><\/p><div id=\"polls-134-ans\" class=\"wp-polls-ans\"><ul class=\"wp-polls-ul\">\n\t\t<li><input type=\"radio\" id=\"poll-answer-337\" name=\"poll_134\" value=\"337\" \/> <label for=\"poll-answer-337\">S\u00ed<\/label><\/li>\n\t\t<li><input type=\"radio\" id=\"poll-answer-338\" name=\"poll_134\" value=\"338\" \/> <label for=\"poll-answer-338\">No<\/label><\/li>\n\t\t<li><input type=\"radio\" id=\"poll-answer-339\" name=\"poll_134\" value=\"339\" \/> <label for=\"poll-answer-339\">No ho s\u00e9<\/label><\/li>\n\t\t<\/ul><p style=\"text-align: center\"><input type=\"button\" name=\"vote\" value=\"   Vota   \" class=\"Buttons\" onclick=\"poll_vote(134);\" \/><\/p><p style=\"text-align: center\"><a href=\"#ViewPollResults\" onclick=\"poll_result(134); return false;\" title=\"View Results Of This Poll\">Mira els resultats<\/a><\/p><\/div>\n\t<\/form>\n<\/div>\n<div id=\"polls-134-loading\" class=\"wp-polls-loading\"><img decoding=\"async\" data-src=\"https:\/\/conversesacatalunya.cat\/wp-content\/plugins\/wp-polls\/images\/loading.gif\" width=\"16\" height=\"16\" alt=\"Cargando ...\" title=\"Cargando ...\" class=\"wp-polls-image lazyload\" src=\"data:image\/svg+xml;base64,PHN2ZyB3aWR0aD0iMSIgaGVpZ2h0PSIxIiB4bWxucz0iaHR0cDovL3d3dy53My5vcmcvMjAwMC9zdmciPjwvc3ZnPg==\" style=\"--smush-placeholder-width: 16px; --smush-placeholder-aspect-ratio: 16\/16;\" \/>&nbsp;Cargando ...<\/div>\n\n<p>&nbsp;<\/p>\n","protected":false},"excerpt":{"rendered":"<p>China ha declarado la guerra total a la variante \u00d3micron de la Covid-19. Como ha hecho con las precedentes oleadas y mutaciones del virus, Pek\u00edn est\u00e1 respondiendo con su pol\u00edtica de cero Covid, que pasa por\u00a0detectar y aislar cada caso positivo individual\u00a0y destruir as\u00ed toda posibilidad de aparici\u00f3n de clusters y focos pand\u00e9micos. Sin embargo, con una tasa de contagio de los bronquios\u00a070 veces superior a la ya temida variante Delta, \u00d3micron est\u00e1 suponiendo para el gobierno chino un desaf\u00edo inaudito. De hecho, los confinamientos y cierres ordenados por las autoridades chinas para detener a \u00d3micron ya est\u00e1n provocando tensiones en las cadenas de suministro globales.\u00a0Esto justo cuando se empezaban a recuperar de la crisis del pasado a\u00f1o. A pesar de las advertencias de numerosos l\u00edderes empresariales y analistas, Pek\u00edn parece m\u00e1s dispuesta que nunca a impedir la propagaci\u00f3n de la variante \u00f3micron en su territorio ahora que quedan\u00a0escasas semanas para la celebraci\u00f3n de los Juegos Ol\u00edmpicos de Invierno. Estos ya est\u00e1n amenazados por el\u00a0boicot diplom\u00e1tico\u00a0occidental, y Pek\u00edn no querr\u00eda a\u00f1adir a esa preocupaci\u00f3n el no poder demostrar al mundo su \u00e9xito en materia de control epid\u00e9mico. S\u00f3lo en la ciudad de Xi&#8217;an,\u00a0m\u00e1s de 13 millones de personas llevan ya dos semanas confinadas en casa.\u00a0En Tianjin (una ciudad portuaria a tan s\u00f3lo 100 kil\u00f3metros de Pek\u00edn), se ha ordenado que la poblaci\u00f3n de 14 millones de habitantes se someta a un test Covid.\u00a0Otros grandes centros de producci\u00f3n industrial en la provincia de Henan y cerca de Hong Kong est\u00e1n afectados por la misma medida. Los dirigentes industriales han expresado su preocupaci\u00f3n por mantener las l\u00edneas de producci\u00f3n abiertas en las pr\u00f3ximas semanas, cuando a la Covid se le a\u00f1adir\u00e1n las vacaciones por el nuevo a\u00f1o lunar y los Juegos Ol\u00edmpicos de invierno. Seg\u00fan apuntaba un directivo taiwan\u00e9s implantado en el sur de China, una ola de cierres y confinamientos en esta regi\u00f3n fuertemente industrial\u00a0supondr\u00eda una crisis a\u00fan m\u00e1s importante que la del 2020. Hace dos a\u00f1os, cuando el virus se expandi\u00f3 por China con los trabajadores que iban a ver a sus familias con ocasi\u00f3n del nuevo a\u00f1o lunar, \u00e9stos no pudieron volver a sus puestos de trabajo porque se encontraron confinados y con todos los medios de transportes parados. Ahora,\u00a0varias multinacionales ya han tenido que cerrar f\u00e1bricas, como es el caso de Toyota y Volkswagen en Tianjin.\u00a0Otros, como Samsung, tienen dificultades para mantener la cadencia de producci\u00f3n de microprocesadores. El puerto de Ningbo, el tercero mayor del mundo en volumen de contenedores, se encuentra parado y ha prohibido las entradas de camiones despu\u00e9s de haber detectado casos del virus.\u00a0En Pek\u00edn y Shanghai tambi\u00e9n se han detectado casos locales de \u00f3micron, encendiendo a\u00fan m\u00e1s alarmas. En caso de que se confirme una nueva crisis de Covid en China, las cadenas de suministro globales sufrir\u00e1n tanto como hace dos a\u00f1os ya que pocas han hecho progresos significativos de deslocalizaci\u00f3n fuera del pa\u00eds Los analistas consultados por\u00a0Financial Times\u00a0coinciden en afirmar que en caso de que se confirme una nueva crisis de Covid en China, las cadenas de suministro globales sufrir\u00e1n tanto como hace dos a\u00f1os ya que pocas han hecho progresos significativos de deslocalizaci\u00f3n fuera del pa\u00eds. Seg\u00fan la consultor\u00eda McKinsey &amp; Company,\u00a0s\u00f3lo la mitad de las empresas han incrementado el abastecimiento dual\u00a0(es decir, asegurarse dos en lugar de un solo proveedor). Incluso los actores que se han tomado la relocalizaci\u00f3n o diversificaci\u00f3n log\u00edstica en serio\u00a0no han tenido tiempo de hacer efectivas muchas de sus medidas: cambiar de sitio la producci\u00f3n no es cosa de pocos meses.\u00a0De hecho, se tarda entre tres y cinco a\u00f1os para que los cambios sean efectivos. Est\u00e1 por ver si las dr\u00e1sticas medidas de China servir\u00e1n para contener la nueva variante, decenas de veces m\u00e1s contagiosa. Por el momento, \u00d3micron est\u00e1 demostrando ser el rival m\u00e1s duro para Pek\u00edn desde la primera ola. &nbsp;<\/p>\n","protected":false},"author":67,"featured_media":45770,"comment_status":"open","ping_status":"open","sticky":false,"template":"","format":"standard","meta":{"_FSMCFIC_featured_image_caption":"","_FSMCFIC_featured_image_nocaption":"","_FSMCFIC_featured_image_hide":"","footnotes":""},"categories":[1772,806],"tags":[1913,4131],"class_list":["post-54054","post","type-post","status-publish","format-standard","has-post-thumbnail","hentry","category-especial-coronavirus-es","category-punts-claus-del-dia-es","tag-covid-19-es","tag-crisi-subministraments-es"],"yoast_head":"<!-- This site is optimized with the Yoast SEO plugin v26.8 - https:\/\/yoast.com\/product\/yoast-seo-wordpress\/ -->\n<title>La Rep\u00fablica Popular China contra \u00d3micron - Converses a Catalunya<\/title>\n<meta name=\"description\" content=\"China ha declarado la guerra total a la variante \u00d3micron de la Covid-19. Como ha hecho con las precedentes olas y mutaciones del virus\" \/>\n<meta name=\"robots\" content=\"index, follow, max-snippet:-1, max-image-preview:large, max-video-preview:-1\" \/>\n<link rel=\"canonical\" href=\"https:\/\/conversesacatalunya.cat\/es\/china-contra-omicron\/\" \/>\n<meta property=\"og:locale\" content=\"es_ES\" \/>\n<meta property=\"og:type\" content=\"article\" \/>\n<meta property=\"og:title\" content=\"La Rep\u00fablica Popular China contra \u00d3micron - Converses a Catalunya\" \/>\n<meta property=\"og:description\" content=\"China ha declarado la guerra total a la variante \u00d3micron de la Covid-19. Como ha hecho con las precedentes olas y mutaciones del virus\" \/>\n<meta property=\"og:url\" content=\"https:\/\/conversesacatalunya.cat\/es\/china-contra-omicron\/\" \/>\n<meta property=\"og:site_name\" content=\"Converses a Catalunya\" \/>\n<meta property=\"article:published_time\" content=\"2022-01-20T09:49:28+00:00\" \/>\n<meta property=\"article:modified_time\" content=\"2022-01-20T12:41:48+00:00\" \/>\n<meta property=\"og:image\" content=\"https:\/\/conversesacatalunya.cat\/wp-content\/uploads\/2021\/03\/Capture-2.png\" \/>\n\t<meta property=\"og:image:width\" content=\"1120\" \/>\n\t<meta property=\"og:image:height\" content=\"612\" \/>\n\t<meta property=\"og:image:type\" content=\"image\/png\" \/>\n<meta name=\"author\" content=\"conversesacatalunya\" \/>\n<meta name=\"twitter:card\" content=\"summary_large_image\" \/>\n<meta name=\"twitter:label1\" content=\"Escrito por\" \/>\n\t<meta name=\"twitter:data1\" content=\"conversesacatalunya\" \/>\n\t<meta name=\"twitter:label2\" content=\"Tiempo de lectura\" \/>\n\t<meta name=\"twitter:data2\" content=\"4 minutos\" \/>\n<script type=\"application\/ld+json\" class=\"yoast-schema-graph\">{\"@context\":\"https:\/\/schema.org\",\"@graph\":[{\"@type\":\"Article\",\"@id\":\"https:\/\/conversesacatalunya.cat\/es\/china-contra-omicron\/#article\",\"isPartOf\":{\"@id\":\"https:\/\/conversesacatalunya.cat\/es\/china-contra-omicron\/\"},\"author\":{\"name\":\"conversesacatalunya\",\"@id\":\"https:\/\/conversesacatalunya.cat\/#\/schema\/person\/c5a8ffe796b1512764aeb6d6d6fa0fc7\"},\"headline\":\"La Rep\u00fablica Popular China contra \u00d3micron\",\"datePublished\":\"2022-01-20T09:49:28+00:00\",\"dateModified\":\"2022-01-20T12:41:48+00:00\",\"mainEntityOfPage\":{\"@id\":\"https:\/\/conversesacatalunya.cat\/es\/china-contra-omicron\/\"},\"wordCount\":759,\"commentCount\":0,\"image\":{\"@id\":\"https:\/\/conversesacatalunya.cat\/es\/china-contra-omicron\/#primaryimage\"},\"thumbnailUrl\":\"https:\/\/conversesacatalunya.cat\/wp-content\/uploads\/2021\/03\/Capture-2.png\",\"keywords\":[\"Covid-19\",\"crisi subministraments\"],\"articleSection\":[\"Especial Coronavirus (ES)\",\"Punts clau del dia (ES)\"],\"inLanguage\":\"es\",\"potentialAction\":[{\"@type\":\"CommentAction\",\"name\":\"Comment\",\"target\":[\"https:\/\/conversesacatalunya.cat\/es\/china-contra-omicron\/#respond\"]}]},{\"@type\":\"WebPage\",\"@id\":\"https:\/\/conversesacatalunya.cat\/es\/china-contra-omicron\/\",\"url\":\"https:\/\/conversesacatalunya.cat\/es\/china-contra-omicron\/\",\"name\":\"La Rep\u00fablica Popular China contra \u00d3micron - Converses a Catalunya\",\"isPartOf\":{\"@id\":\"https:\/\/conversesacatalunya.cat\/#website\"},\"primaryImageOfPage\":{\"@id\":\"https:\/\/conversesacatalunya.cat\/es\/china-contra-omicron\/#primaryimage\"},\"image\":{\"@id\":\"https:\/\/conversesacatalunya.cat\/es\/china-contra-omicron\/#primaryimage\"},\"thumbnailUrl\":\"https:\/\/conversesacatalunya.cat\/wp-content\/uploads\/2021\/03\/Capture-2.png\",\"datePublished\":\"2022-01-20T09:49:28+00:00\",\"dateModified\":\"2022-01-20T12:41:48+00:00\",\"author\":{\"@id\":\"https:\/\/conversesacatalunya.cat\/#\/schema\/person\/c5a8ffe796b1512764aeb6d6d6fa0fc7\"},\"description\":\"China ha declarado la guerra total a la variante \u00d3micron de la Covid-19. Como ha hecho con las precedentes olas y mutaciones del virus\",\"breadcrumb\":{\"@id\":\"https:\/\/conversesacatalunya.cat\/es\/china-contra-omicron\/#breadcrumb\"},\"inLanguage\":\"es\",\"potentialAction\":[{\"@type\":\"ReadAction\",\"target\":[\"https:\/\/conversesacatalunya.cat\/es\/china-contra-omicron\/\"]}]},{\"@type\":\"ImageObject\",\"inLanguage\":\"es\",\"@id\":\"https:\/\/conversesacatalunya.cat\/es\/china-contra-omicron\/#primaryimage\",\"url\":\"https:\/\/conversesacatalunya.cat\/wp-content\/uploads\/2021\/03\/Capture-2.png\",\"contentUrl\":\"https:\/\/conversesacatalunya.cat\/wp-content\/uploads\/2021\/03\/Capture-2.png\",\"width\":1120,\"height\":612,\"caption\":\"Xina\"},{\"@type\":\"BreadcrumbList\",\"@id\":\"https:\/\/conversesacatalunya.cat\/es\/china-contra-omicron\/#breadcrumb\",\"itemListElement\":[{\"@type\":\"ListItem\",\"position\":1,\"name\":\"Inici\",\"item\":\"https:\/\/conversesacatalunya.cat\/es\/\"},{\"@type\":\"ListItem\",\"position\":2,\"name\":\"La Rep\u00fablica Popular China contra \u00d3micron\"}]},{\"@type\":\"WebSite\",\"@id\":\"https:\/\/conversesacatalunya.cat\/#website\",\"url\":\"https:\/\/conversesacatalunya.cat\/\",\"name\":\"Converses a Catalunya\",\"description\":\"\",\"potentialAction\":[{\"@type\":\"SearchAction\",\"target\":{\"@type\":\"EntryPoint\",\"urlTemplate\":\"https:\/\/conversesacatalunya.cat\/?s={search_term_string}\"},\"query-input\":{\"@type\":\"PropertyValueSpecification\",\"valueRequired\":true,\"valueName\":\"search_term_string\"}}],\"inLanguage\":\"es\"},{\"@type\":\"Person\",\"@id\":\"https:\/\/conversesacatalunya.cat\/#\/schema\/person\/c5a8ffe796b1512764aeb6d6d6fa0fc7\",\"name\":\"conversesacatalunya\",\"image\":{\"@type\":\"ImageObject\",\"inLanguage\":\"es\",\"@id\":\"https:\/\/conversesacatalunya.cat\/#\/schema\/person\/image\/\",\"url\":\"https:\/\/conversesacatalunya.cat\/wp-content\/litespeed\/avatar\/02659ee938034c59a151ae106ade943e.jpg?ver=1777656597\",\"contentUrl\":\"https:\/\/conversesacatalunya.cat\/wp-content\/litespeed\/avatar\/02659ee938034c59a151ae106ade943e.jpg?ver=1777656597\",\"caption\":\"conversesacatalunya\"},\"url\":\"https:\/\/conversesacatalunya.cat\/es\/author\/carles_lopez\/\"}]}<\/script>\n<!-- \/ Yoast SEO plugin. -->","yoast_head_json":{"title":"La Rep\u00fablica Popular China contra \u00d3micron - Converses a Catalunya","description":"China ha declarado la guerra total a la variante \u00d3micron de la Covid-19. Como ha hecho con las precedentes olas y mutaciones del virus","robots":{"index":"index","follow":"follow","max-snippet":"max-snippet:-1","max-image-preview":"max-image-preview:large","max-video-preview":"max-video-preview:-1"},"canonical":"https:\/\/conversesacatalunya.cat\/es\/china-contra-omicron\/","og_locale":"es_ES","og_type":"article","og_title":"La Rep\u00fablica Popular China contra \u00d3micron - Converses a Catalunya","og_description":"China ha declarado la guerra total a la variante \u00d3micron de la Covid-19. Como ha hecho con las precedentes olas y mutaciones del virus","og_url":"https:\/\/conversesacatalunya.cat\/es\/china-contra-omicron\/","og_site_name":"Converses a Catalunya","article_published_time":"2022-01-20T09:49:28+00:00","article_modified_time":"2022-01-20T12:41:48+00:00","og_image":[{"width":1120,"height":612,"url":"https:\/\/conversesacatalunya.cat\/wp-content\/uploads\/2021\/03\/Capture-2.png","type":"image\/png"}],"author":"conversesacatalunya","twitter_card":"summary_large_image","twitter_misc":{"Escrito por":"conversesacatalunya","Tiempo de lectura":"4 minutos"},"schema":{"@context":"https:\/\/schema.org","@graph":[{"@type":"Article","@id":"https:\/\/conversesacatalunya.cat\/es\/china-contra-omicron\/#article","isPartOf":{"@id":"https:\/\/conversesacatalunya.cat\/es\/china-contra-omicron\/"},"author":{"name":"conversesacatalunya","@id":"https:\/\/conversesacatalunya.cat\/#\/schema\/person\/c5a8ffe796b1512764aeb6d6d6fa0fc7"},"headline":"La Rep\u00fablica Popular China contra \u00d3micron","datePublished":"2022-01-20T09:49:28+00:00","dateModified":"2022-01-20T12:41:48+00:00","mainEntityOfPage":{"@id":"https:\/\/conversesacatalunya.cat\/es\/china-contra-omicron\/"},"wordCount":759,"commentCount":0,"image":{"@id":"https:\/\/conversesacatalunya.cat\/es\/china-contra-omicron\/#primaryimage"},"thumbnailUrl":"https:\/\/conversesacatalunya.cat\/wp-content\/uploads\/2021\/03\/Capture-2.png","keywords":["Covid-19","crisi subministraments"],"articleSection":["Especial Coronavirus (ES)","Punts clau del dia (ES)"],"inLanguage":"es","potentialAction":[{"@type":"CommentAction","name":"Comment","target":["https:\/\/conversesacatalunya.cat\/es\/china-contra-omicron\/#respond"]}]},{"@type":"WebPage","@id":"https:\/\/conversesacatalunya.cat\/es\/china-contra-omicron\/","url":"https:\/\/conversesacatalunya.cat\/es\/china-contra-omicron\/","name":"La Rep\u00fablica Popular China contra \u00d3micron - Converses a Catalunya","isPartOf":{"@id":"https:\/\/conversesacatalunya.cat\/#website"},"primaryImageOfPage":{"@id":"https:\/\/conversesacatalunya.cat\/es\/china-contra-omicron\/#primaryimage"},"image":{"@id":"https:\/\/conversesacatalunya.cat\/es\/china-contra-omicron\/#primaryimage"},"thumbnailUrl":"https:\/\/conversesacatalunya.cat\/wp-content\/uploads\/2021\/03\/Capture-2.png","datePublished":"2022-01-20T09:49:28+00:00","dateModified":"2022-01-20T12:41:48+00:00","author":{"@id":"https:\/\/conversesacatalunya.cat\/#\/schema\/person\/c5a8ffe796b1512764aeb6d6d6fa0fc7"},"description":"China ha declarado la guerra total a la variante \u00d3micron de la Covid-19. Como ha hecho con las precedentes olas y mutaciones del virus","breadcrumb":{"@id":"https:\/\/conversesacatalunya.cat\/es\/china-contra-omicron\/#breadcrumb"},"inLanguage":"es","potentialAction":[{"@type":"ReadAction","target":["https:\/\/conversesacatalunya.cat\/es\/china-contra-omicron\/"]}]},{"@type":"ImageObject","inLanguage":"es","@id":"https:\/\/conversesacatalunya.cat\/es\/china-contra-omicron\/#primaryimage","url":"https:\/\/conversesacatalunya.cat\/wp-content\/uploads\/2021\/03\/Capture-2.png","contentUrl":"https:\/\/conversesacatalunya.cat\/wp-content\/uploads\/2021\/03\/Capture-2.png","width":1120,"height":612,"caption":"Xina"},{"@type":"BreadcrumbList","@id":"https:\/\/conversesacatalunya.cat\/es\/china-contra-omicron\/#breadcrumb","itemListElement":[{"@type":"ListItem","position":1,"name":"Inici","item":"https:\/\/conversesacatalunya.cat\/es\/"},{"@type":"ListItem","position":2,"name":"La Rep\u00fablica Popular China contra \u00d3micron"}]},{"@type":"WebSite","@id":"https:\/\/conversesacatalunya.cat\/#website","url":"https:\/\/conversesacatalunya.cat\/","name":"Converses a Catalunya","description":"","potentialAction":[{"@type":"SearchAction","target":{"@type":"EntryPoint","urlTemplate":"https:\/\/conversesacatalunya.cat\/?s={search_term_string}"},"query-input":{"@type":"PropertyValueSpecification","valueRequired":true,"valueName":"search_term_string"}}],"inLanguage":"es"},{"@type":"Person","@id":"https:\/\/conversesacatalunya.cat\/#\/schema\/person\/c5a8ffe796b1512764aeb6d6d6fa0fc7","name":"conversesacatalunya","image":{"@type":"ImageObject","inLanguage":"es","@id":"https:\/\/conversesacatalunya.cat\/#\/schema\/person\/image\/","url":"https:\/\/conversesacatalunya.cat\/wp-content\/litespeed\/avatar\/02659ee938034c59a151ae106ade943e.jpg?ver=1777656597","contentUrl":"https:\/\/conversesacatalunya.cat\/wp-content\/litespeed\/avatar\/02659ee938034c59a151ae106ade943e.jpg?ver=1777656597","caption":"conversesacatalunya"},"url":"https:\/\/conversesacatalunya.cat\/es\/author\/carles_lopez\/"}]}},"wps_subtitle":"Hasta ahora, el gigante asi\u00e1tico ha aplicado con \u00e9xito su pol\u00edtica de cero Covid. Pero emplearla contra la variante \u00d2micron podr\u00eda suponer un coste insoportable para la econom\u00eda del pa\u00eds, arrastrando al mundo entero","_links":{"self":[{"href":"https:\/\/conversesacatalunya.cat\/es\/wp-json\/wp\/v2\/posts\/54054","targetHints":{"allow":["GET"]}}],"collection":[{"href":"https:\/\/conversesacatalunya.cat\/es\/wp-json\/wp\/v2\/posts"}],"about":[{"href":"https:\/\/conversesacatalunya.cat\/es\/wp-json\/wp\/v2\/types\/post"}],"author":[{"embeddable":true,"href":"https:\/\/conversesacatalunya.cat\/es\/wp-json\/wp\/v2\/users\/67"}],"replies":[{"embeddable":true,"href":"https:\/\/conversesacatalunya.cat\/es\/wp-json\/wp\/v2\/comments?post=54054"}],"version-history":[{"count":2,"href":"https:\/\/conversesacatalunya.cat\/es\/wp-json\/wp\/v2\/posts\/54054\/revisions"}],"predecessor-version":[{"id":54056,"href":"https:\/\/conversesacatalunya.cat\/es\/wp-json\/wp\/v2\/posts\/54054\/revisions\/54056"}],"wp:featuredmedia":[{"embeddable":true,"href":"https:\/\/conversesacatalunya.cat\/es\/wp-json\/wp\/v2\/media\/45770"}],"wp:attachment":[{"href":"https:\/\/conversesacatalunya.cat\/es\/wp-json\/wp\/v2\/media?parent=54054"}],"wp:term":[{"taxonomy":"category","embeddable":true,"href":"https:\/\/conversesacatalunya.cat\/es\/wp-json\/wp\/v2\/categories?post=54054"},{"taxonomy":"post_tag","embeddable":true,"href":"https:\/\/conversesacatalunya.cat\/es\/wp-json\/wp\/v2\/tags?post=54054"}],"curies":[{"name":"wp","href":"https:\/\/api.w.org\/{rel}","templated":true}]}}