{"id":54049,"date":"2022-01-20T12:46:16","date_gmt":"2022-01-20T11:46:16","guid":{"rendered":"https:\/\/conversesacatalunya.cat\/colau-imputada\/"},"modified":"2022-01-20T13:32:41","modified_gmt":"2022-01-20T12:32:41","slug":"colau-imputada","status":"publish","type":"post","link":"https:\/\/conversesacatalunya.cat\/es\/colau-imputada\/","title":{"rendered":"Colau imputada!"},"content":{"rendered":"<p><span><span class=\"\">Sin duda, la noticia pol\u00edtica m\u00e1s relevante es que Ada Colau, alcaldesa de Barcelona, \u200b\u200bhaya sido <\/span><\/span><strong><span><span class=\"\">citada como investigada<\/span><\/span><\/strong><span><span class=\"\">\u00a0por las ayudas dadas a un conjunto de entidades pol\u00edticamente afines.\u00a0<\/span>Es evidente que lo que debe prevalecer en todo momento es la presunci\u00f3n de inocencia.\u00a0Por tanto, Colau es inocente hasta que se demuestre lo contrario.<\/span><\/p>\n<p><span>Ahora bien, dicho esto, es lamentable que la principal autoridad de Barcelona se vea en la necesidad de acudir al juzgado porque ha sido llamada por la justicia. Puede que se convierta en un proceso, puede que se acabe en nada, pero el primer efecto negativo para la ciudad ya se ha producido.<\/span><\/p>\n<p><span><span class=\"goog-text-highlight\">El segundo hecho que multiplica el esc\u00e1ndalo Colau, surge de su\u00a0<\/span><\/span><strong><span><span class=\"goog-text-highlight\">exhibicionismo justiciero<\/span><\/span><\/strong><span><span class=\"goog-text-highlight\">. Ni ella ni su formaci\u00f3n nunca han tenido una especial estima a ese valor democr\u00e1tico fundamental de que toda persona es inocente hasta que se demuestre lo contrario\u2026 excepto cuando les afecta a ellos. Entraron en la pol\u00edtica haciendo bandera de la\u00a0<\/span><\/span><strong><span><span class=\"goog-text-highlight\">lucha contra la corrupci\u00f3n<\/span><\/span><\/strong><span><span class=\"goog-text-highlight\">. Tanto es as\u00ed que el art\u00edculo 3.6 del \u00abc\u00f3digo de \u00e9tica pol\u00edtica\u00bb de Barcelona en Com\u00fa establece: \u00ab<\/span><\/span><em><span><span class=\"goog-text-highlight\">el compromiso de renuncia o cese de forma inmediata de todos los cargos ante la imputaci\u00f3n por la judicatura de delitos relacionados con la corrupci\u00f3n\u00bb, y son citados de manera concreta \u00abla malversaci\u00f3n y el tr\u00e1fico de influencias<\/span><\/span><\/em><span><span class=\"goog-text-highlight\">\u00a0\u00ab.<\/span><\/span><\/p>\n<p><span><span class=\"\">Pues bien, de eso es de lo que se trata en el caso de Colau por lo que debe presentarse ante el juez como imputada. Sin duda es un exceso reglamentar que la simple acusaci\u00f3n equivalga ya a la pena de dimisi\u00f3n o renuncia, pero son las <\/span><\/span><strong><span><span class=\"\">reglas del juego<\/span><\/span><\/strong><span><span class=\"\"> de los propios Comuns, que est\u00e1n liderados por Colau, de las que se dotaron. Y ahora est\u00e1 en juego precisamente ese compromiso ante sus propias normas.<\/span><\/span><\/p>\n<p><span><span class=\"goog-text-highlight\">La sociedad no puede exigir la dimisi\u00f3n de Colau, porque es presuntamente inocente. Pero esta misma sociedad s\u00ed puede pedir que asuma su responsabilidad frente al c\u00f3digo \u00e9tico del que voluntariamente se dotaron. Y que si ahora no dimite, demostrar\u00e1 que no tiene\u00a0<\/span><\/span><strong><span><span class=\"goog-text-highlight\">credibilidad alguna ni el c\u00f3digo, ni su partido, ni su persona<\/span><\/span><\/strong><span><span class=\"goog-text-highlight\">. Es el problema de cuando se va por el mundo d\u00e1ndonos lecciones de modo. De todas formas, a pesar de ser breve, no es el \u00fanico cuestionamiento de este c\u00f3digo porque muy cerca del anterior art\u00edculo, el 3.5., establece como norma para un cargo p\u00fablico las <\/span><\/span><strong><span><span class=\"goog-text-highlight\">dos legislaturas como m\u00e1ximo<\/span><\/span><\/strong><span><span class=\"goog-text-highlight\">. Por tanto, Colau ya no se podr\u00eda presentar a las pr\u00f3ximas elecciones ateni\u00e9ndose a sus propias normas. Sin embargo, est\u00e1 abierta a la posibilidad de repetir.<\/span><\/span><\/p>\n<p><span>\u00bfQu\u00e9 respeto y credibilidad pueden merecernos partidos y organizaciones que cambian sus propios compromisos en funci\u00f3n de si los beneficia o perjudica como personas? \u00bfCu\u00e1l es el\u00a0<\/span><strong><span>valor moral<\/span><\/strong><span> que puede representar nuestra alcaldesa cuando infringe de forma tan rotunda y concreta su propio c\u00f3digo \u00e9tico? Si no es capaz de respetar sus propias normas, \u00bfC\u00f3mo\u00a0podemos confiar en que cuando no la ven respeta las normas generales?<\/span><\/p>\n<p><span><span class=\"\">Sin embargo, este no es todo el problema del asunto Colau, a pesar de ser muy grave. Otro es un c\u00e1ncer que hace tiempo que existe, pero que a lo largo de su mandato se ha extendido como una met\u00e1stasis. Es el de las\u00a0<\/span><\/span><strong><span><span class=\"\">subvenciones<\/span><\/span><\/strong><span><span class=\"\">. Hasta que las subvenciones no sean revisadas a fondo y existan criterios objetivos, estaremos ante un pozo de corrupci\u00f3n legalizado, porque basta con cumplir las normas formales para justificar el derroche masivo de dinero.<\/span><\/span><\/p>\n<p><span>Hay que considerar que en el per\u00edodo de alcald\u00eda de Colau estos recursos han crecido un\u00a0<\/span><strong><span>65%<\/span><\/strong><span>, una magnitud extraordinaria. En primer lugar, las subvenciones deber\u00edan estar ce\u00f1idas al inter\u00e9s colectivo, y no a planteamientos ideol\u00f3gicos o de facci\u00f3n. Por otra parte, deber\u00eda existir una\u00a0<\/span><strong><span>relaci\u00f3n entre los recursos propios de las entidades y la subvenci\u00f3n<\/span><\/strong><span>. Porque si no es as\u00ed, resulta que muchas de estas organizaciones son\u00a0<\/span><strong><span>ficticias<\/span><\/strong><span> y responden s\u00f3lo a intereses de partido que se alimentan mayoritariamente a base de los recursos p\u00fablicos. Ser\u00eda higi\u00e9nico que una entidad no pudiera disponer m\u00e1s all\u00e1 del 30% de recursos p\u00fablicos, sea cual fuera su procedencia.<\/span><\/p>\n<p><span><span class=\"goog-text-highlight\">Este problema de las subvenciones se concentra precisamente en el grupo de entidades ahora bajo sospecha de las que proceden Ada Colau y otros miembros de los comuns, como Gerardo Pissarello o Gala Pin. Se trata del conglomerado formado por el <\/span><\/span><strong><span><span class=\"goog-text-highlight\">Observatorio DESC, Plataforma de Afectados por la Hipoteca, Ingenieros sin Fronteras, Alianza Contra la Pobreza Energ\u00e9tica<\/span><\/span><\/strong><span><span class=\"goog-text-highlight\">, que comparten sede y en algunos casos el NIF. Las cantidades que reciben estas entidades son astron\u00f3micas. Por ejemplo, el Observatorio DESC, que empez\u00f3 con una ayuda inicial en el 2012, cuando no mandaba Ada Colau, de 25.000 euros, recibe ahora una cifra por valor de 324.600 euros. Al grupo inicial se han a\u00f1adido otras etiquetas como las de los Ingenieros sin Fronteras y la Alianza Contra la Pobreza. Pero lo que nunca ha quedado claro es <\/span><\/span><strong><span>a qu\u00e9 se dedican estos recursos<\/span><\/strong><span>\u00a0y qu\u00e9 parte constituyen del dinero que consigue ingresar por aportaciones de la sociedad civil.<\/span><\/p>\n<p><span><span class=\"goog-text-highlight\">Ante la situaci\u00f3n actual, Colau puede hacer muchas cosas. Una de ellas ser\u00eda asumir la responsabilidad y dimitir, no para asumir la culpa, sino todo lo contrario, para <\/span><\/span><strong><span><span class=\"goog-text-highlight\">demostrar su inocencia<\/span><\/span><\/strong><span><span class=\"goog-text-highlight\">\u00a0y volver a presentarse a las pr\u00f3ximas elecciones sin m\u00e1cula. De esta forma, adem\u00e1s, cumplir\u00eda fielmente con las exigencias de los art\u00edculos 3.5 y 3.6 del c\u00f3digo \u00e9tico de su partido. Pero si no quiere adoptar esta respuesta de gran altura moral, al menos que muestre e informe claramente de las tripas de estas subvenciones y de lo que se hace con ellas. Que informe sobre qu\u00e9 actividades van dirigidas, qu\u00e9 tipo de gasto realiza, qu\u00e9 obra se lleva a cabo y qu\u00e9 parte representa del total del presupuesto de este tipo de entidades. Al menos eso.<\/span><\/span><\/p>\n<div id=\"polls-134\" class=\"wp-polls\">\n\t<form id=\"polls_form_134\" class=\"wp-polls-form\" action=\"\/index.php\" method=\"post\">\n\t\t<p style=\"display: none;\"><input type=\"hidden\" id=\"poll_134_nonce\" name=\"wp-polls-nonce\" value=\"6ce9ea1f81\" \/><\/p>\n\t\t<p style=\"display: none;\"><input type=\"hidden\" name=\"poll_id\" value=\"134\" \/><\/p>\n\t\t<p style=\"text-align: center\"><strong>Creus que S\u00e1nchez ha complert el seu comprom\u00eds que els preus de la llum del 2021 no serien superiors als del 2018?<\/strong><\/p><div id=\"polls-134-ans\" class=\"wp-polls-ans\"><ul class=\"wp-polls-ul\">\n\t\t<li><input type=\"radio\" id=\"poll-answer-337\" name=\"poll_134\" value=\"337\" \/> <label for=\"poll-answer-337\">S\u00ed<\/label><\/li>\n\t\t<li><input type=\"radio\" id=\"poll-answer-338\" name=\"poll_134\" value=\"338\" \/> <label for=\"poll-answer-338\">No<\/label><\/li>\n\t\t<li><input type=\"radio\" id=\"poll-answer-339\" name=\"poll_134\" value=\"339\" \/> <label for=\"poll-answer-339\">No ho s\u00e9<\/label><\/li>\n\t\t<\/ul><p style=\"text-align: center\"><input type=\"button\" name=\"vote\" value=\"   Vota   \" class=\"Buttons\" onclick=\"poll_vote(134);\" \/><\/p><p style=\"text-align: center\"><a href=\"#ViewPollResults\" onclick=\"poll_result(134); return false;\" title=\"View Results Of This Poll\">Mira els resultats<\/a><\/p><\/div>\n\t<\/form>\n<\/div>\n<div id=\"polls-134-loading\" class=\"wp-polls-loading\"><img decoding=\"async\" data-src=\"https:\/\/conversesacatalunya.cat\/wp-content\/plugins\/wp-polls\/images\/loading.gif\" width=\"16\" height=\"16\" alt=\"Cargando ...\" title=\"Cargando ...\" class=\"wp-polls-image lazyload\" src=\"data:image\/svg+xml;base64,PHN2ZyB3aWR0aD0iMSIgaGVpZ2h0PSIxIiB4bWxucz0iaHR0cDovL3d3dy53My5vcmcvMjAwMC9zdmciPjwvc3ZnPg==\" style=\"--smush-placeholder-width: 16px; --smush-placeholder-aspect-ratio: 16\/16;\" \/>&nbsp;Cargando ...<\/div>\n\n","protected":false},"excerpt":{"rendered":"<p>Sin duda, la noticia pol\u00edtica m\u00e1s relevante es que Ada Colau, alcaldesa de Barcelona, \u200b\u200bhaya sido citada como investigada\u00a0por las ayudas dadas a un conjunto de entidades pol\u00edticamente afines.\u00a0Es evidente que lo que debe prevalecer en todo momento es la presunci\u00f3n de inocencia.\u00a0Por tanto, Colau es inocente hasta que se demuestre lo contrario. Ahora bien, dicho esto, es lamentable que la principal autoridad de Barcelona se vea en la necesidad de acudir al juzgado porque ha sido llamada por la justicia. Puede que se convierta en un proceso, puede que se acabe en nada, pero el primer efecto negativo para la ciudad ya se ha producido. El segundo hecho que multiplica el esc\u00e1ndalo Colau, surge de su\u00a0exhibicionismo justiciero. Ni ella ni su formaci\u00f3n nunca han tenido una especial estima a ese valor democr\u00e1tico fundamental de que toda persona es inocente hasta que se demuestre lo contrario\u2026 excepto cuando les afecta a ellos. Entraron en la pol\u00edtica haciendo bandera de la\u00a0lucha contra la corrupci\u00f3n. Tanto es as\u00ed que el art\u00edculo 3.6 del \u00abc\u00f3digo de \u00e9tica pol\u00edtica\u00bb de Barcelona en Com\u00fa establece: \u00abel compromiso de renuncia o cese de forma inmediata de todos los cargos ante la imputaci\u00f3n por la judicatura de delitos relacionados con la corrupci\u00f3n\u00bb, y son citados de manera concreta \u00abla malversaci\u00f3n y el tr\u00e1fico de influencias\u00a0\u00ab. Pues bien, de eso es de lo que se trata en el caso de Colau por lo que debe presentarse ante el juez como imputada. Sin duda es un exceso reglamentar que la simple acusaci\u00f3n equivalga ya a la pena de dimisi\u00f3n o renuncia, pero son las reglas del juego de los propios Comuns, que est\u00e1n liderados por Colau, de las que se dotaron. Y ahora est\u00e1 en juego precisamente ese compromiso ante sus propias normas. La sociedad no puede exigir la dimisi\u00f3n de Colau, porque es presuntamente inocente. Pero esta misma sociedad s\u00ed puede pedir que asuma su responsabilidad frente al c\u00f3digo \u00e9tico del que voluntariamente se dotaron. Y que si ahora no dimite, demostrar\u00e1 que no tiene\u00a0credibilidad alguna ni el c\u00f3digo, ni su partido, ni su persona. Es el problema de cuando se va por el mundo d\u00e1ndonos lecciones de modo. De todas formas, a pesar de ser breve, no es el \u00fanico cuestionamiento de este c\u00f3digo porque muy cerca del anterior art\u00edculo, el 3.5., establece como norma para un cargo p\u00fablico las dos legislaturas como m\u00e1ximo. Por tanto, Colau ya no se podr\u00eda presentar a las pr\u00f3ximas elecciones ateni\u00e9ndose a sus propias normas. Sin embargo, est\u00e1 abierta a la posibilidad de repetir. \u00bfQu\u00e9 respeto y credibilidad pueden merecernos partidos y organizaciones que cambian sus propios compromisos en funci\u00f3n de si los beneficia o perjudica como personas? \u00bfCu\u00e1l es el\u00a0valor moral que puede representar nuestra alcaldesa cuando infringe de forma tan rotunda y concreta su propio c\u00f3digo \u00e9tico? Si no es capaz de respetar sus propias normas, \u00bfC\u00f3mo\u00a0podemos confiar en que cuando no la ven respeta las normas generales? Sin embargo, este no es todo el problema del asunto Colau, a pesar de ser muy grave. Otro es un c\u00e1ncer que hace tiempo que existe, pero que a lo largo de su mandato se ha extendido como una met\u00e1stasis. Es el de las\u00a0subvenciones. Hasta que las subvenciones no sean revisadas a fondo y existan criterios objetivos, estaremos ante un pozo de corrupci\u00f3n legalizado, porque basta con cumplir las normas formales para justificar el derroche masivo de dinero. Hay que considerar que en el per\u00edodo de alcald\u00eda de Colau estos recursos han crecido un\u00a065%, una magnitud extraordinaria. En primer lugar, las subvenciones deber\u00edan estar ce\u00f1idas al inter\u00e9s colectivo, y no a planteamientos ideol\u00f3gicos o de facci\u00f3n. Por otra parte, deber\u00eda existir una\u00a0relaci\u00f3n entre los recursos propios de las entidades y la subvenci\u00f3n. Porque si no es as\u00ed, resulta que muchas de estas organizaciones son\u00a0ficticias y responden s\u00f3lo a intereses de partido que se alimentan mayoritariamente a base de los recursos p\u00fablicos. Ser\u00eda higi\u00e9nico que una entidad no pudiera disponer m\u00e1s all\u00e1 del 30% de recursos p\u00fablicos, sea cual fuera su procedencia. Este problema de las subvenciones se concentra precisamente en el grupo de entidades ahora bajo sospecha de las que proceden Ada Colau y otros miembros de los comuns, como Gerardo Pissarello o Gala Pin. Se trata del conglomerado formado por el Observatorio DESC, Plataforma de Afectados por la Hipoteca, Ingenieros sin Fronteras, Alianza Contra la Pobreza Energ\u00e9tica, que comparten sede y en algunos casos el NIF. Las cantidades que reciben estas entidades son astron\u00f3micas. Por ejemplo, el Observatorio DESC, que empez\u00f3 con una ayuda inicial en el 2012, cuando no mandaba Ada Colau, de 25.000 euros, recibe ahora una cifra por valor de 324.600 euros. Al grupo inicial se han a\u00f1adido otras etiquetas como las de los Ingenieros sin Fronteras y la Alianza Contra la Pobreza. Pero lo que nunca ha quedado claro es a qu\u00e9 se dedican estos recursos\u00a0y qu\u00e9 parte constituyen del dinero que consigue ingresar por aportaciones de la sociedad civil. Ante la situaci\u00f3n actual, Colau puede hacer muchas cosas. Una de ellas ser\u00eda asumir la responsabilidad y dimitir, no para asumir la culpa, sino todo lo contrario, para demostrar su inocencia\u00a0y volver a presentarse a las pr\u00f3ximas elecciones sin m\u00e1cula. De esta forma, adem\u00e1s, cumplir\u00eda fielmente con las exigencias de los art\u00edculos 3.5 y 3.6 del c\u00f3digo \u00e9tico de su partido. Pero si no quiere adoptar esta respuesta de gran altura moral, al menos que muestre e informe claramente de las tripas de estas subvenciones y de lo que se hace con ellas. Que informe sobre qu\u00e9 actividades van dirigidas, qu\u00e9 tipo de gasto realiza, qu\u00e9 obra se lleva a cabo y qu\u00e9 parte representa del total del presupuesto de este tipo de entidades. Al menos eso.<\/p>\n","protected":false},"author":2,"featured_media":54042,"comment_status":"open","ping_status":"open","sticky":false,"template":"","format":"standard","meta":{"_FSMCFIC_featured_image_caption":"","_FSMCFIC_featured_image_nocaption":"","_FSMCFIC_featured_image_hide":"","footnotes":""},"categories":[3787,806],"tags":[833,2909],"class_list":["post-54049","post","type-post","status-publish","format-standard","has-post-thumbnail","hentry","category-expedient-barcelona-es","category-punts-claus-del-dia-es","tag-ada-colau-es","tag-subvenciones"],"yoast_head":"<!-- This site is optimized with the Yoast SEO plugin v26.8 - https:\/\/yoast.com\/product\/yoast-seo-wordpress\/ -->\n<title>Colau imputada! - Converses a Catalunya<\/title>\n<meta name=\"description\" content=\"\u00bfQu\u00e9 respeto y credibilidad pueden merecernos partidos y organizaciones que cambian sus propios compromisos en funci\u00f3n de si los beneficia o perjudica como personas?\" \/>\n<meta name=\"robots\" content=\"index, follow, max-snippet:-1, max-image-preview:large, max-video-preview:-1\" \/>\n<link rel=\"canonical\" href=\"https:\/\/conversesacatalunya.cat\/es\/colau-imputada\/\" \/>\n<meta property=\"og:locale\" content=\"es_ES\" \/>\n<meta property=\"og:type\" content=\"article\" \/>\n<meta property=\"og:title\" content=\"Colau imputada! - Converses a Catalunya\" \/>\n<meta property=\"og:description\" content=\"\u00bfQu\u00e9 respeto y credibilidad pueden merecernos partidos y organizaciones que cambian sus propios compromisos en funci\u00f3n de si los beneficia o perjudica como personas?\" \/>\n<meta property=\"og:url\" content=\"https:\/\/conversesacatalunya.cat\/es\/colau-imputada\/\" \/>\n<meta property=\"og:site_name\" content=\"Converses a Catalunya\" \/>\n<meta property=\"article:published_time\" content=\"2022-01-20T11:46:16+00:00\" \/>\n<meta property=\"article:modified_time\" content=\"2022-01-20T12:32:41+00:00\" \/>\n<meta property=\"og:image\" content=\"https:\/\/conversesacatalunya.cat\/wp-content\/uploads\/2022\/01\/colau-imputada.jpg\" \/>\n\t<meta property=\"og:image:width\" content=\"667\" \/>\n\t<meta property=\"og:image:height\" content=\"375\" \/>\n\t<meta property=\"og:image:type\" content=\"image\/jpeg\" \/>\n<meta name=\"author\" content=\"conversesacatalunya\" \/>\n<meta name=\"twitter:card\" content=\"summary_large_image\" \/>\n<meta name=\"twitter:label1\" content=\"Escrito por\" \/>\n\t<meta name=\"twitter:data1\" content=\"conversesacatalunya\" \/>\n\t<meta name=\"twitter:label2\" content=\"Tiempo de lectura\" \/>\n\t<meta name=\"twitter:data2\" content=\"6 minutos\" \/>\n<script type=\"application\/ld+json\" class=\"yoast-schema-graph\">{\"@context\":\"https:\/\/schema.org\",\"@graph\":[{\"@type\":\"Article\",\"@id\":\"https:\/\/conversesacatalunya.cat\/es\/colau-imputada\/#article\",\"isPartOf\":{\"@id\":\"https:\/\/conversesacatalunya.cat\/es\/colau-imputada\/\"},\"author\":{\"name\":\"conversesacatalunya\",\"@id\":\"https:\/\/conversesacatalunya.cat\/#\/schema\/person\/7e24d1e54a2785373ddcb275eae5ed99\"},\"headline\":\"Colau imputada!\",\"datePublished\":\"2022-01-20T11:46:16+00:00\",\"dateModified\":\"2022-01-20T12:32:41+00:00\",\"mainEntityOfPage\":{\"@id\":\"https:\/\/conversesacatalunya.cat\/es\/colau-imputada\/\"},\"wordCount\":1024,\"commentCount\":0,\"image\":{\"@id\":\"https:\/\/conversesacatalunya.cat\/es\/colau-imputada\/#primaryimage\"},\"thumbnailUrl\":\"https:\/\/conversesacatalunya.cat\/wp-content\/uploads\/2022\/01\/colau-imputada.jpg\",\"keywords\":[\"Ada Colau\",\"subvenciones\"],\"articleSection\":[\"Expedient Barcelona (ES)\",\"Punts clau del dia (ES)\"],\"inLanguage\":\"es\",\"potentialAction\":[{\"@type\":\"CommentAction\",\"name\":\"Comment\",\"target\":[\"https:\/\/conversesacatalunya.cat\/es\/colau-imputada\/#respond\"]}]},{\"@type\":\"WebPage\",\"@id\":\"https:\/\/conversesacatalunya.cat\/es\/colau-imputada\/\",\"url\":\"https:\/\/conversesacatalunya.cat\/es\/colau-imputada\/\",\"name\":\"Colau imputada! - Converses a Catalunya\",\"isPartOf\":{\"@id\":\"https:\/\/conversesacatalunya.cat\/#website\"},\"primaryImageOfPage\":{\"@id\":\"https:\/\/conversesacatalunya.cat\/es\/colau-imputada\/#primaryimage\"},\"image\":{\"@id\":\"https:\/\/conversesacatalunya.cat\/es\/colau-imputada\/#primaryimage\"},\"thumbnailUrl\":\"https:\/\/conversesacatalunya.cat\/wp-content\/uploads\/2022\/01\/colau-imputada.jpg\",\"datePublished\":\"2022-01-20T11:46:16+00:00\",\"dateModified\":\"2022-01-20T12:32:41+00:00\",\"author\":{\"@id\":\"https:\/\/conversesacatalunya.cat\/#\/schema\/person\/7e24d1e54a2785373ddcb275eae5ed99\"},\"description\":\"\u00bfQu\u00e9 respeto y credibilidad pueden merecernos partidos y organizaciones que cambian sus propios compromisos en funci\u00f3n de si los beneficia o perjudica como personas?\",\"breadcrumb\":{\"@id\":\"https:\/\/conversesacatalunya.cat\/es\/colau-imputada\/#breadcrumb\"},\"inLanguage\":\"es\",\"potentialAction\":[{\"@type\":\"ReadAction\",\"target\":[\"https:\/\/conversesacatalunya.cat\/es\/colau-imputada\/\"]}]},{\"@type\":\"ImageObject\",\"inLanguage\":\"es\",\"@id\":\"https:\/\/conversesacatalunya.cat\/es\/colau-imputada\/#primaryimage\",\"url\":\"https:\/\/conversesacatalunya.cat\/wp-content\/uploads\/2022\/01\/colau-imputada.jpg\",\"contentUrl\":\"https:\/\/conversesacatalunya.cat\/wp-content\/uploads\/2022\/01\/colau-imputada.jpg\",\"width\":667,\"height\":375,\"caption\":\"Colau imputada\"},{\"@type\":\"BreadcrumbList\",\"@id\":\"https:\/\/conversesacatalunya.cat\/es\/colau-imputada\/#breadcrumb\",\"itemListElement\":[{\"@type\":\"ListItem\",\"position\":1,\"name\":\"Inici\",\"item\":\"https:\/\/conversesacatalunya.cat\/es\/\"},{\"@type\":\"ListItem\",\"position\":2,\"name\":\"Colau imputada!\"}]},{\"@type\":\"WebSite\",\"@id\":\"https:\/\/conversesacatalunya.cat\/#website\",\"url\":\"https:\/\/conversesacatalunya.cat\/\",\"name\":\"Converses a Catalunya\",\"description\":\"\",\"potentialAction\":[{\"@type\":\"SearchAction\",\"target\":{\"@type\":\"EntryPoint\",\"urlTemplate\":\"https:\/\/conversesacatalunya.cat\/?s={search_term_string}\"},\"query-input\":{\"@type\":\"PropertyValueSpecification\",\"valueRequired\":true,\"valueName\":\"search_term_string\"}}],\"inLanguage\":\"es\"},{\"@type\":\"Person\",\"@id\":\"https:\/\/conversesacatalunya.cat\/#\/schema\/person\/7e24d1e54a2785373ddcb275eae5ed99\",\"name\":\"conversesacatalunya\",\"image\":{\"@type\":\"ImageObject\",\"inLanguage\":\"es\",\"@id\":\"https:\/\/conversesacatalunya.cat\/#\/schema\/person\/image\/\",\"url\":\"https:\/\/conversesacatalunya.cat\/wp-content\/litespeed\/avatar\/febdfeeec89d950f01c748045a981dd2.jpg?ver=1777314535\",\"contentUrl\":\"https:\/\/conversesacatalunya.cat\/wp-content\/litespeed\/avatar\/febdfeeec89d950f01c748045a981dd2.jpg?ver=1777314535\",\"caption\":\"conversesacatalunya\"},\"url\":\"https:\/\/conversesacatalunya.cat\/es\/author\/carme_catala\/\"}]}<\/script>\n<!-- \/ Yoast SEO plugin. -->","yoast_head_json":{"title":"Colau imputada! - Converses a Catalunya","description":"\u00bfQu\u00e9 respeto y credibilidad pueden merecernos partidos y organizaciones que cambian sus propios compromisos en funci\u00f3n de si los beneficia o perjudica como personas?","robots":{"index":"index","follow":"follow","max-snippet":"max-snippet:-1","max-image-preview":"max-image-preview:large","max-video-preview":"max-video-preview:-1"},"canonical":"https:\/\/conversesacatalunya.cat\/es\/colau-imputada\/","og_locale":"es_ES","og_type":"article","og_title":"Colau imputada! - Converses a Catalunya","og_description":"\u00bfQu\u00e9 respeto y credibilidad pueden merecernos partidos y organizaciones que cambian sus propios compromisos en funci\u00f3n de si los beneficia o perjudica como personas?","og_url":"https:\/\/conversesacatalunya.cat\/es\/colau-imputada\/","og_site_name":"Converses a Catalunya","article_published_time":"2022-01-20T11:46:16+00:00","article_modified_time":"2022-01-20T12:32:41+00:00","og_image":[{"width":667,"height":375,"url":"https:\/\/conversesacatalunya.cat\/wp-content\/uploads\/2022\/01\/colau-imputada.jpg","type":"image\/jpeg"}],"author":"conversesacatalunya","twitter_card":"summary_large_image","twitter_misc":{"Escrito por":"conversesacatalunya","Tiempo de lectura":"6 minutos"},"schema":{"@context":"https:\/\/schema.org","@graph":[{"@type":"Article","@id":"https:\/\/conversesacatalunya.cat\/es\/colau-imputada\/#article","isPartOf":{"@id":"https:\/\/conversesacatalunya.cat\/es\/colau-imputada\/"},"author":{"name":"conversesacatalunya","@id":"https:\/\/conversesacatalunya.cat\/#\/schema\/person\/7e24d1e54a2785373ddcb275eae5ed99"},"headline":"Colau imputada!","datePublished":"2022-01-20T11:46:16+00:00","dateModified":"2022-01-20T12:32:41+00:00","mainEntityOfPage":{"@id":"https:\/\/conversesacatalunya.cat\/es\/colau-imputada\/"},"wordCount":1024,"commentCount":0,"image":{"@id":"https:\/\/conversesacatalunya.cat\/es\/colau-imputada\/#primaryimage"},"thumbnailUrl":"https:\/\/conversesacatalunya.cat\/wp-content\/uploads\/2022\/01\/colau-imputada.jpg","keywords":["Ada Colau","subvenciones"],"articleSection":["Expedient Barcelona (ES)","Punts clau del dia (ES)"],"inLanguage":"es","potentialAction":[{"@type":"CommentAction","name":"Comment","target":["https:\/\/conversesacatalunya.cat\/es\/colau-imputada\/#respond"]}]},{"@type":"WebPage","@id":"https:\/\/conversesacatalunya.cat\/es\/colau-imputada\/","url":"https:\/\/conversesacatalunya.cat\/es\/colau-imputada\/","name":"Colau imputada! - Converses a Catalunya","isPartOf":{"@id":"https:\/\/conversesacatalunya.cat\/#website"},"primaryImageOfPage":{"@id":"https:\/\/conversesacatalunya.cat\/es\/colau-imputada\/#primaryimage"},"image":{"@id":"https:\/\/conversesacatalunya.cat\/es\/colau-imputada\/#primaryimage"},"thumbnailUrl":"https:\/\/conversesacatalunya.cat\/wp-content\/uploads\/2022\/01\/colau-imputada.jpg","datePublished":"2022-01-20T11:46:16+00:00","dateModified":"2022-01-20T12:32:41+00:00","author":{"@id":"https:\/\/conversesacatalunya.cat\/#\/schema\/person\/7e24d1e54a2785373ddcb275eae5ed99"},"description":"\u00bfQu\u00e9 respeto y credibilidad pueden merecernos partidos y organizaciones que cambian sus propios compromisos en funci\u00f3n de si los beneficia o perjudica como personas?","breadcrumb":{"@id":"https:\/\/conversesacatalunya.cat\/es\/colau-imputada\/#breadcrumb"},"inLanguage":"es","potentialAction":[{"@type":"ReadAction","target":["https:\/\/conversesacatalunya.cat\/es\/colau-imputada\/"]}]},{"@type":"ImageObject","inLanguage":"es","@id":"https:\/\/conversesacatalunya.cat\/es\/colau-imputada\/#primaryimage","url":"https:\/\/conversesacatalunya.cat\/wp-content\/uploads\/2022\/01\/colau-imputada.jpg","contentUrl":"https:\/\/conversesacatalunya.cat\/wp-content\/uploads\/2022\/01\/colau-imputada.jpg","width":667,"height":375,"caption":"Colau imputada"},{"@type":"BreadcrumbList","@id":"https:\/\/conversesacatalunya.cat\/es\/colau-imputada\/#breadcrumb","itemListElement":[{"@type":"ListItem","position":1,"name":"Inici","item":"https:\/\/conversesacatalunya.cat\/es\/"},{"@type":"ListItem","position":2,"name":"Colau imputada!"}]},{"@type":"WebSite","@id":"https:\/\/conversesacatalunya.cat\/#website","url":"https:\/\/conversesacatalunya.cat\/","name":"Converses a Catalunya","description":"","potentialAction":[{"@type":"SearchAction","target":{"@type":"EntryPoint","urlTemplate":"https:\/\/conversesacatalunya.cat\/?s={search_term_string}"},"query-input":{"@type":"PropertyValueSpecification","valueRequired":true,"valueName":"search_term_string"}}],"inLanguage":"es"},{"@type":"Person","@id":"https:\/\/conversesacatalunya.cat\/#\/schema\/person\/7e24d1e54a2785373ddcb275eae5ed99","name":"conversesacatalunya","image":{"@type":"ImageObject","inLanguage":"es","@id":"https:\/\/conversesacatalunya.cat\/#\/schema\/person\/image\/","url":"https:\/\/conversesacatalunya.cat\/wp-content\/litespeed\/avatar\/febdfeeec89d950f01c748045a981dd2.jpg?ver=1777314535","contentUrl":"https:\/\/conversesacatalunya.cat\/wp-content\/litespeed\/avatar\/febdfeeec89d950f01c748045a981dd2.jpg?ver=1777314535","caption":"conversesacatalunya"},"url":"https:\/\/conversesacatalunya.cat\/es\/author\/carme_catala\/"}]}},"wps_subtitle":"\u00bfQu\u00e9 respeto y credibilidad pueden merecernos partidos y organizaciones que cambian sus propios compromisos en funci\u00f3n de si los beneficia o perjudica como personas?","_links":{"self":[{"href":"https:\/\/conversesacatalunya.cat\/es\/wp-json\/wp\/v2\/posts\/54049","targetHints":{"allow":["GET"]}}],"collection":[{"href":"https:\/\/conversesacatalunya.cat\/es\/wp-json\/wp\/v2\/posts"}],"about":[{"href":"https:\/\/conversesacatalunya.cat\/es\/wp-json\/wp\/v2\/types\/post"}],"author":[{"embeddable":true,"href":"https:\/\/conversesacatalunya.cat\/es\/wp-json\/wp\/v2\/users\/2"}],"replies":[{"embeddable":true,"href":"https:\/\/conversesacatalunya.cat\/es\/wp-json\/wp\/v2\/comments?post=54049"}],"version-history":[{"count":2,"href":"https:\/\/conversesacatalunya.cat\/es\/wp-json\/wp\/v2\/posts\/54049\/revisions"}],"predecessor-version":[{"id":54051,"href":"https:\/\/conversesacatalunya.cat\/es\/wp-json\/wp\/v2\/posts\/54049\/revisions\/54051"}],"wp:featuredmedia":[{"embeddable":true,"href":"https:\/\/conversesacatalunya.cat\/es\/wp-json\/wp\/v2\/media\/54042"}],"wp:attachment":[{"href":"https:\/\/conversesacatalunya.cat\/es\/wp-json\/wp\/v2\/media?parent=54049"}],"wp:term":[{"taxonomy":"category","embeddable":true,"href":"https:\/\/conversesacatalunya.cat\/es\/wp-json\/wp\/v2\/categories?post=54049"},{"taxonomy":"post_tag","embeddable":true,"href":"https:\/\/conversesacatalunya.cat\/es\/wp-json\/wp\/v2\/tags?post=54049"}],"curies":[{"name":"wp","href":"https:\/\/api.w.org\/{rel}","templated":true}]}}