{"id":53971,"date":"2022-01-17T12:58:43","date_gmt":"2022-01-17T11:58:43","guid":{"rendered":"https:\/\/conversesacatalunya.cat\/el-preu-de-lelectricitat-els-dos-enganys-de-sanchez\/"},"modified":"2022-01-17T15:22:52","modified_gmt":"2022-01-17T14:22:52","slug":"el-precio-de-la-electricidad-los-dos-enganos-de-sanchez","status":"publish","type":"post","link":"https:\/\/conversesacatalunya.cat\/es\/el-precio-de-la-electricidad-los-dos-enganos-de-sanchez\/","title":{"rendered":"El precio de la electricidad. Los dos enga\u00f1os de S\u00e1nchez"},"content":{"rendered":"<p><span>La situaci\u00f3n actual del\u00a0<\/span><strong><span>precio de la electricidad<\/span><\/strong><span>\u00a0pone de relieve que, una vez m\u00e1s, el presidente del gobierno espa\u00f1ol\u00a0<\/span><strong><span>nos enga\u00f1a sistem\u00e1ticamente<\/span><\/strong><span>.\u00a0Lo ha hecho al argumentar que se hab\u00eda cumplido su compromiso de que no crecer\u00edan m\u00e1s los precios que en el 2018, y ha vuelto a hacerlo a la hora de argumentar la justificaci\u00f3n de por qu\u00e9 es as\u00ed.<\/span><\/p>\n<p><span>Vamos paso a paso. El estudio realizado por Caixabanc Research se\u00f1ala que el precio del <\/span><strong><span>mercado libre<\/span><\/strong><span>\u00a0de 2021 efectivamente fue ligeramente inferior al de 2018, pero el del\u00a0<\/span><strong><span>mercado regulado<\/span><\/strong><span>\u00a0fue sensiblemente mayor. Concretamente, para estos \u00faltimos se increment\u00f3 un 13% en relaci\u00f3n con ese a\u00f1o de referencia, mientras que para el mercado libre baj\u00f3 un 16%. La media permite decir que el precio resultante tiene una factura que se asemeja a la del 2018.<\/span><\/p>\n<p><span>Sin embargo, esta afirmaci\u00f3n incorpora muchas\u00a0<\/span><strong><span>omisiones tramposas<\/span><\/strong><span>. La primera es que para calcular estos precios se ha tenido en cuenta la\u00a0<\/span><strong><span>inflaci\u00f3n<\/span><\/strong><span>, pero esta deducci\u00f3n en relaci\u00f3n a los costes de 2021 no se ha aplicado a los ingresos de las familias. Por tanto, tenemos unos costes que en euros constantes reducen el valor nominal, pero tenemos unos <\/span><strong><span>ingresos que son m\u00e1s bajos<\/span><\/strong><span> de los que corresponden tambi\u00e9n en euros constantes.<\/span><\/p>\n<p><span>El segundo factor es que el mercado regulado acoge precisamente el grueso de poblaci\u00f3n de\u00a0<\/span><strong><span>rentas m\u00e1s bajas<\/span><\/strong><span>, porque est\u00e1 limitado hasta los 10 kilovatios. Y ya se sabe que proporcionalmente los costes de la vivienda, de la luz, el agua, etc., pesan m\u00e1s proporcionalmente en las rentas bajas que en las medias y altas. Por tanto, ha habido una afectaci\u00f3n extraordinaria que no se tiene en cuenta.<\/span><\/p>\n<p><span><span class=\"goog-text-highlight\">Pero es que todav\u00eda existe una tercera cuesti\u00f3n. El hecho de que en ganancia el mercado libre haya resultado en relaci\u00f3n con un a\u00f1o concreto, en 2018, m\u00e1s favorable que el regulado, enmascara una falacia estad\u00edstica, porque en realidad el comportamiento general, lo que nos da de observar una serie de a\u00f1os, nos indica que siempre el <\/span><\/span><strong><span><span class=\"goog-text-highlight\">mercado libre es m\u00e1s caro que el regulado<\/span><\/span><\/strong><span><span class=\"goog-text-highlight\">, cosa ya sabida y que siempre hab\u00edan puesto de manifiesto las asociaciones de consumidores. Han sido unas circunstancias especiales que han dado lugar a esa anomal\u00eda.<\/span><\/span><\/p>\n<p><span>La importancia del impacto el\u00e9ctrico nos da el hecho de que los hogares con tarifa regulada pagaron en diciembre un 72% m\u00e1s que un a\u00f1o antes. Este hecho contrasta, por ejemplo, con la pol\u00edtica francesa que limit\u00f3 el aumento del recibo de la luz a un 4%. Espa\u00f1a pod\u00eda haber actuado de forma similar y no lo ha hecho. Una vez m\u00e1s ha recurrido a la\u00a0<\/span><strong><span>manipulaci\u00f3n de la informaci\u00f3n<\/span><\/strong><span> para hacer creer a la gente que pagaba lo mismo que en el 2018. Pero, claro, es una tarea imposible este enga\u00f1o, porque el impacto es tan grande que queda espectacularmente reflejado con la inflaci\u00f3n y en concreto con el IPC.<\/span><\/p>\n<p><span><span class=\"\">La electricidad ha sido el primero de los productos que m\u00e1s han subido en 2021, un 72%, con una variaci\u00f3n anual del 19%, y por conjunto de grupos, la vivienda, el agua y la luz tambi\u00e9n es con diferencia el primero de todos ellos con un incremento del 23.3%. Que sean estos productos los que suban m\u00e1s, junto con la alimentaci\u00f3n, se\u00f1ala que las familias de menores ingresos son las que registran el batacazo mayor, porque es precisamente este tipo de consumo el que se lleva proporcionalmente una parte mayor de las rentas, en relaci\u00f3n con los grupos de poblaci\u00f3n que gozan de unos ingresos m\u00e1s elevados.<\/span><\/span><\/p>\n<p><span><span class=\"goog-text-highlight\">Este hecho, de paso, acent\u00faa un problema que va creciendo y se mantiene vivo, que es un\u00a0<\/span><\/span><strong><span><span class=\"goog-text-highlight\">aumento de la desigualdad<\/span><\/span><\/strong><span><span class=\"goog-text-highlight\">\u00a0que, en este caso, no es producto de los salarios, sino de los costes, a consecuencia de una deficiente gesti\u00f3n gubernamental.\u00a0<\/span>Aunque, para ser justos, cabe se\u00f1alar que esta omisi\u00f3n no es s\u00f3lo de S\u00e1nchez, que contribuye eficazmente con sus juegos de manos, sino que tambi\u00e9n tiene parte de responsabilidad la UE por no haber querido reformar con urgencia el sistema de fijaci\u00f3n de precios de la electricidad, y no haber arbitrado una\u00a0<\/span><strong><span>pol\u00edtica energ\u00e9tica com\u00fan<\/span><\/strong><span>\u00a0para gestionar las compras de gas natural y petr\u00f3leo a menor precio.<\/span><\/p>\n<div id=\"polls-133\" class=\"wp-polls\">\n\t<form id=\"polls_form_133\" class=\"wp-polls-form\" action=\"\/index.php\" method=\"post\">\n\t\t<p style=\"display: none;\"><input type=\"hidden\" id=\"poll_133_nonce\" name=\"wp-polls-nonce\" value=\"37a7bd3a83\" \/><\/p>\n\t\t<p style=\"display: none;\"><input type=\"hidden\" name=\"poll_id\" value=\"133\" \/><\/p>\n\t\t<p style=\"text-align: center\"><strong>Creus que la taula de di\u00e0leg tindr\u00e0 algun resultat bo per a Catalunya?<\/strong><\/p><div id=\"polls-133-ans\" class=\"wp-polls-ans\"><ul class=\"wp-polls-ul\">\n\t\t<li><input type=\"radio\" id=\"poll-answer-334\" name=\"poll_133\" value=\"334\" \/> <label for=\"poll-answer-334\">S\u00ed<\/label><\/li>\n\t\t<li><input type=\"radio\" id=\"poll-answer-335\" name=\"poll_133\" value=\"335\" \/> <label for=\"poll-answer-335\">No<\/label><\/li>\n\t\t<li><input type=\"radio\" id=\"poll-answer-336\" name=\"poll_133\" value=\"336\" \/> <label for=\"poll-answer-336\">No ho s\u00e9<\/label><\/li>\n\t\t<\/ul><p style=\"text-align: center\"><input type=\"button\" name=\"vote\" value=\"   Vota   \" class=\"Buttons\" onclick=\"poll_vote(133);\" \/><\/p><p style=\"text-align: center\"><a href=\"#ViewPollResults\" onclick=\"poll_result(133); return false;\" title=\"View Results Of This Poll\">Mira els resultats<\/a><\/p><\/div>\n\t<\/form>\n<\/div>\n<div id=\"polls-133-loading\" class=\"wp-polls-loading\"><img decoding=\"async\" data-src=\"https:\/\/conversesacatalunya.cat\/wp-content\/plugins\/wp-polls\/images\/loading.gif\" width=\"16\" height=\"16\" alt=\"Cargando ...\" title=\"Cargando ...\" class=\"wp-polls-image lazyload\" src=\"data:image\/svg+xml;base64,PHN2ZyB3aWR0aD0iMSIgaGVpZ2h0PSIxIiB4bWxucz0iaHR0cDovL3d3dy53My5vcmcvMjAwMC9zdmciPjwvc3ZnPg==\" style=\"--smush-placeholder-width: 16px; --smush-placeholder-aspect-ratio: 16\/16;\" \/>&nbsp;Cargando ...<\/div>\n\n","protected":false},"excerpt":{"rendered":"<p>La situaci\u00f3n actual del\u00a0precio de la electricidad\u00a0pone de relieve que, una vez m\u00e1s, el presidente del gobierno espa\u00f1ol\u00a0nos enga\u00f1a sistem\u00e1ticamente.\u00a0Lo ha hecho al argumentar que se hab\u00eda cumplido su compromiso de que no crecer\u00edan m\u00e1s los precios que en el 2018, y ha vuelto a hacerlo a la hora de argumentar la justificaci\u00f3n de por qu\u00e9 es as\u00ed. Vamos paso a paso. El estudio realizado por Caixabanc Research se\u00f1ala que el precio del mercado libre\u00a0de 2021 efectivamente fue ligeramente inferior al de 2018, pero el del\u00a0mercado regulado\u00a0fue sensiblemente mayor. Concretamente, para estos \u00faltimos se increment\u00f3 un 13% en relaci\u00f3n con ese a\u00f1o de referencia, mientras que para el mercado libre baj\u00f3 un 16%. La media permite decir que el precio resultante tiene una factura que se asemeja a la del 2018. Sin embargo, esta afirmaci\u00f3n incorpora muchas\u00a0omisiones tramposas. La primera es que para calcular estos precios se ha tenido en cuenta la\u00a0inflaci\u00f3n, pero esta deducci\u00f3n en relaci\u00f3n a los costes de 2021 no se ha aplicado a los ingresos de las familias. Por tanto, tenemos unos costes que en euros constantes reducen el valor nominal, pero tenemos unos ingresos que son m\u00e1s bajos de los que corresponden tambi\u00e9n en euros constantes. El segundo factor es que el mercado regulado acoge precisamente el grueso de poblaci\u00f3n de\u00a0rentas m\u00e1s bajas, porque est\u00e1 limitado hasta los 10 kilovatios. Y ya se sabe que proporcionalmente los costes de la vivienda, de la luz, el agua, etc., pesan m\u00e1s proporcionalmente en las rentas bajas que en las medias y altas. Por tanto, ha habido una afectaci\u00f3n extraordinaria que no se tiene en cuenta. Pero es que todav\u00eda existe una tercera cuesti\u00f3n. El hecho de que en ganancia el mercado libre haya resultado en relaci\u00f3n con un a\u00f1o concreto, en 2018, m\u00e1s favorable que el regulado, enmascara una falacia estad\u00edstica, porque en realidad el comportamiento general, lo que nos da de observar una serie de a\u00f1os, nos indica que siempre el mercado libre es m\u00e1s caro que el regulado, cosa ya sabida y que siempre hab\u00edan puesto de manifiesto las asociaciones de consumidores. Han sido unas circunstancias especiales que han dado lugar a esa anomal\u00eda. La importancia del impacto el\u00e9ctrico nos da el hecho de que los hogares con tarifa regulada pagaron en diciembre un 72% m\u00e1s que un a\u00f1o antes. Este hecho contrasta, por ejemplo, con la pol\u00edtica francesa que limit\u00f3 el aumento del recibo de la luz a un 4%. Espa\u00f1a pod\u00eda haber actuado de forma similar y no lo ha hecho. Una vez m\u00e1s ha recurrido a la\u00a0manipulaci\u00f3n de la informaci\u00f3n para hacer creer a la gente que pagaba lo mismo que en el 2018. Pero, claro, es una tarea imposible este enga\u00f1o, porque el impacto es tan grande que queda espectacularmente reflejado con la inflaci\u00f3n y en concreto con el IPC. La electricidad ha sido el primero de los productos que m\u00e1s han subido en 2021, un 72%, con una variaci\u00f3n anual del 19%, y por conjunto de grupos, la vivienda, el agua y la luz tambi\u00e9n es con diferencia el primero de todos ellos con un incremento del 23.3%. Que sean estos productos los que suban m\u00e1s, junto con la alimentaci\u00f3n, se\u00f1ala que las familias de menores ingresos son las que registran el batacazo mayor, porque es precisamente este tipo de consumo el que se lleva proporcionalmente una parte mayor de las rentas, en relaci\u00f3n con los grupos de poblaci\u00f3n que gozan de unos ingresos m\u00e1s elevados. Este hecho, de paso, acent\u00faa un problema que va creciendo y se mantiene vivo, que es un\u00a0aumento de la desigualdad\u00a0que, en este caso, no es producto de los salarios, sino de los costes, a consecuencia de una deficiente gesti\u00f3n gubernamental.\u00a0Aunque, para ser justos, cabe se\u00f1alar que esta omisi\u00f3n no es s\u00f3lo de S\u00e1nchez, que contribuye eficazmente con sus juegos de manos, sino que tambi\u00e9n tiene parte de responsabilidad la UE por no haber querido reformar con urgencia el sistema de fijaci\u00f3n de precios de la electricidad, y no haber arbitrado una\u00a0pol\u00edtica energ\u00e9tica com\u00fan\u00a0para gestionar las compras de gas natural y petr\u00f3leo a menor precio.<\/p>\n","protected":false},"author":2,"featured_media":53960,"comment_status":"open","ping_status":"open","sticky":false,"template":"","format":"standard","meta":{"_FSMCFIC_featured_image_caption":"","_FSMCFIC_featured_image_nocaption":"","_FSMCFIC_featured_image_hide":"","footnotes":""},"categories":[806],"tags":[3838,3836,3416],"class_list":["post-53971","post","type-post","status-publish","format-standard","has-post-thumbnail","hentry","category-punts-claus-del-dia-es","tag-factura-electricidad","tag-factura-electricitat-es","tag-ipc"],"yoast_head":"<!-- This site is optimized with the Yoast SEO plugin v26.8 - https:\/\/yoast.com\/product\/yoast-seo-wordpress\/ -->\n<title>El precio de la electricidad. Los dos enga\u00f1os de S\u00e1nchez - Converses a Catalunya<\/title>\n<meta name=\"description\" content=\"La situaci\u00f3 actual del preu de l&#039;electricitat posa en relleu que, una vegada m\u00e9s, el president del govern espanyol ens enganya sistem\u00e0ticament\" \/>\n<meta name=\"robots\" content=\"index, follow, max-snippet:-1, max-image-preview:large, max-video-preview:-1\" \/>\n<link rel=\"canonical\" href=\"https:\/\/conversesacatalunya.cat\/es\/el-precio-de-la-electricidad-los-dos-enganos-de-sanchez\/\" \/>\n<meta property=\"og:locale\" content=\"es_ES\" \/>\n<meta property=\"og:type\" content=\"article\" \/>\n<meta property=\"og:title\" content=\"El precio de la electricidad. Los dos enga\u00f1os de S\u00e1nchez - Converses a Catalunya\" \/>\n<meta property=\"og:description\" content=\"La situaci\u00f3 actual del preu de l&#039;electricitat posa en relleu que, una vegada m\u00e9s, el president del govern espanyol ens enganya sistem\u00e0ticament\" \/>\n<meta property=\"og:url\" content=\"https:\/\/conversesacatalunya.cat\/es\/el-precio-de-la-electricidad-los-dos-enganos-de-sanchez\/\" \/>\n<meta property=\"og:site_name\" content=\"Converses a Catalunya\" \/>\n<meta property=\"article:published_time\" content=\"2022-01-17T11:58:43+00:00\" \/>\n<meta property=\"article:modified_time\" content=\"2022-01-17T14:22:52+00:00\" \/>\n<meta property=\"og:image\" content=\"https:\/\/conversesacatalunya.cat\/wp-content\/uploads\/2022\/01\/preu-electricitat.jpg\" \/>\n\t<meta property=\"og:image:width\" content=\"1359\" \/>\n\t<meta property=\"og:image:height\" content=\"521\" \/>\n\t<meta property=\"og:image:type\" content=\"image\/jpeg\" \/>\n<meta name=\"author\" content=\"conversesacatalunya\" \/>\n<meta name=\"twitter:card\" content=\"summary_large_image\" \/>\n<meta name=\"twitter:label1\" content=\"Escrito por\" \/>\n\t<meta name=\"twitter:data1\" content=\"conversesacatalunya\" \/>\n\t<meta name=\"twitter:label2\" content=\"Tiempo de lectura\" \/>\n\t<meta name=\"twitter:data2\" content=\"4 minutos\" \/>\n<script type=\"application\/ld+json\" class=\"yoast-schema-graph\">{\"@context\":\"https:\/\/schema.org\",\"@graph\":[{\"@type\":\"Article\",\"@id\":\"https:\/\/conversesacatalunya.cat\/es\/el-precio-de-la-electricidad-los-dos-enganos-de-sanchez\/#article\",\"isPartOf\":{\"@id\":\"https:\/\/conversesacatalunya.cat\/es\/el-precio-de-la-electricidad-los-dos-enganos-de-sanchez\/\"},\"author\":{\"name\":\"conversesacatalunya\",\"@id\":\"https:\/\/conversesacatalunya.cat\/#\/schema\/person\/7e24d1e54a2785373ddcb275eae5ed99\"},\"headline\":\"El precio de la electricidad. Los dos enga\u00f1os de S\u00e1nchez\",\"datePublished\":\"2022-01-17T11:58:43+00:00\",\"dateModified\":\"2022-01-17T14:22:52+00:00\",\"mainEntityOfPage\":{\"@id\":\"https:\/\/conversesacatalunya.cat\/es\/el-precio-de-la-electricidad-los-dos-enganos-de-sanchez\/\"},\"wordCount\":758,\"commentCount\":0,\"image\":{\"@id\":\"https:\/\/conversesacatalunya.cat\/es\/el-precio-de-la-electricidad-los-dos-enganos-de-sanchez\/#primaryimage\"},\"thumbnailUrl\":\"https:\/\/conversesacatalunya.cat\/wp-content\/uploads\/2022\/01\/preu-electricitat.jpg\",\"keywords\":[\"Factura electricidad\",\"Factura electricitat\",\"IPC\"],\"articleSection\":[\"Punts clau del dia (ES)\"],\"inLanguage\":\"es\",\"potentialAction\":[{\"@type\":\"CommentAction\",\"name\":\"Comment\",\"target\":[\"https:\/\/conversesacatalunya.cat\/es\/el-precio-de-la-electricidad-los-dos-enganos-de-sanchez\/#respond\"]}]},{\"@type\":\"WebPage\",\"@id\":\"https:\/\/conversesacatalunya.cat\/es\/el-precio-de-la-electricidad-los-dos-enganos-de-sanchez\/\",\"url\":\"https:\/\/conversesacatalunya.cat\/es\/el-precio-de-la-electricidad-los-dos-enganos-de-sanchez\/\",\"name\":\"El precio de la electricidad. Los dos enga\u00f1os de S\u00e1nchez - Converses a Catalunya\",\"isPartOf\":{\"@id\":\"https:\/\/conversesacatalunya.cat\/#website\"},\"primaryImageOfPage\":{\"@id\":\"https:\/\/conversesacatalunya.cat\/es\/el-precio-de-la-electricidad-los-dos-enganos-de-sanchez\/#primaryimage\"},\"image\":{\"@id\":\"https:\/\/conversesacatalunya.cat\/es\/el-precio-de-la-electricidad-los-dos-enganos-de-sanchez\/#primaryimage\"},\"thumbnailUrl\":\"https:\/\/conversesacatalunya.cat\/wp-content\/uploads\/2022\/01\/preu-electricitat.jpg\",\"datePublished\":\"2022-01-17T11:58:43+00:00\",\"dateModified\":\"2022-01-17T14:22:52+00:00\",\"author\":{\"@id\":\"https:\/\/conversesacatalunya.cat\/#\/schema\/person\/7e24d1e54a2785373ddcb275eae5ed99\"},\"description\":\"La situaci\u00f3 actual del preu de l'electricitat posa en relleu que, una vegada m\u00e9s, el president del govern espanyol ens enganya sistem\u00e0ticament\",\"breadcrumb\":{\"@id\":\"https:\/\/conversesacatalunya.cat\/es\/el-precio-de-la-electricidad-los-dos-enganos-de-sanchez\/#breadcrumb\"},\"inLanguage\":\"es\",\"potentialAction\":[{\"@type\":\"ReadAction\",\"target\":[\"https:\/\/conversesacatalunya.cat\/es\/el-precio-de-la-electricidad-los-dos-enganos-de-sanchez\/\"]}]},{\"@type\":\"ImageObject\",\"inLanguage\":\"es\",\"@id\":\"https:\/\/conversesacatalunya.cat\/es\/el-precio-de-la-electricidad-los-dos-enganos-de-sanchez\/#primaryimage\",\"url\":\"https:\/\/conversesacatalunya.cat\/wp-content\/uploads\/2022\/01\/preu-electricitat.jpg\",\"contentUrl\":\"https:\/\/conversesacatalunya.cat\/wp-content\/uploads\/2022\/01\/preu-electricitat.jpg\",\"width\":1359,\"height\":521},{\"@type\":\"BreadcrumbList\",\"@id\":\"https:\/\/conversesacatalunya.cat\/es\/el-precio-de-la-electricidad-los-dos-enganos-de-sanchez\/#breadcrumb\",\"itemListElement\":[{\"@type\":\"ListItem\",\"position\":1,\"name\":\"Inici\",\"item\":\"https:\/\/conversesacatalunya.cat\/es\/\"},{\"@type\":\"ListItem\",\"position\":2,\"name\":\"El precio de la electricidad. Los dos enga\u00f1os de S\u00e1nchez\"}]},{\"@type\":\"WebSite\",\"@id\":\"https:\/\/conversesacatalunya.cat\/#website\",\"url\":\"https:\/\/conversesacatalunya.cat\/\",\"name\":\"Converses a Catalunya\",\"description\":\"\",\"potentialAction\":[{\"@type\":\"SearchAction\",\"target\":{\"@type\":\"EntryPoint\",\"urlTemplate\":\"https:\/\/conversesacatalunya.cat\/?s={search_term_string}\"},\"query-input\":{\"@type\":\"PropertyValueSpecification\",\"valueRequired\":true,\"valueName\":\"search_term_string\"}}],\"inLanguage\":\"es\"},{\"@type\":\"Person\",\"@id\":\"https:\/\/conversesacatalunya.cat\/#\/schema\/person\/7e24d1e54a2785373ddcb275eae5ed99\",\"name\":\"conversesacatalunya\",\"image\":{\"@type\":\"ImageObject\",\"inLanguage\":\"es\",\"@id\":\"https:\/\/conversesacatalunya.cat\/#\/schema\/person\/image\/\",\"url\":\"https:\/\/conversesacatalunya.cat\/wp-content\/litespeed\/avatar\/febdfeeec89d950f01c748045a981dd2.jpg?ver=1777314535\",\"contentUrl\":\"https:\/\/conversesacatalunya.cat\/wp-content\/litespeed\/avatar\/febdfeeec89d950f01c748045a981dd2.jpg?ver=1777314535\",\"caption\":\"conversesacatalunya\"},\"url\":\"https:\/\/conversesacatalunya.cat\/es\/author\/carme_catala\/\"}]}<\/script>\n<!-- \/ Yoast SEO plugin. -->","yoast_head_json":{"title":"El precio de la electricidad. Los dos enga\u00f1os de S\u00e1nchez - Converses a Catalunya","description":"La situaci\u00f3 actual del preu de l'electricitat posa en relleu que, una vegada m\u00e9s, el president del govern espanyol ens enganya sistem\u00e0ticament","robots":{"index":"index","follow":"follow","max-snippet":"max-snippet:-1","max-image-preview":"max-image-preview:large","max-video-preview":"max-video-preview:-1"},"canonical":"https:\/\/conversesacatalunya.cat\/es\/el-precio-de-la-electricidad-los-dos-enganos-de-sanchez\/","og_locale":"es_ES","og_type":"article","og_title":"El precio de la electricidad. Los dos enga\u00f1os de S\u00e1nchez - Converses a Catalunya","og_description":"La situaci\u00f3 actual del preu de l'electricitat posa en relleu que, una vegada m\u00e9s, el president del govern espanyol ens enganya sistem\u00e0ticament","og_url":"https:\/\/conversesacatalunya.cat\/es\/el-precio-de-la-electricidad-los-dos-enganos-de-sanchez\/","og_site_name":"Converses a Catalunya","article_published_time":"2022-01-17T11:58:43+00:00","article_modified_time":"2022-01-17T14:22:52+00:00","og_image":[{"width":1359,"height":521,"url":"https:\/\/conversesacatalunya.cat\/wp-content\/uploads\/2022\/01\/preu-electricitat.jpg","type":"image\/jpeg"}],"author":"conversesacatalunya","twitter_card":"summary_large_image","twitter_misc":{"Escrito por":"conversesacatalunya","Tiempo de lectura":"4 minutos"},"schema":{"@context":"https:\/\/schema.org","@graph":[{"@type":"Article","@id":"https:\/\/conversesacatalunya.cat\/es\/el-precio-de-la-electricidad-los-dos-enganos-de-sanchez\/#article","isPartOf":{"@id":"https:\/\/conversesacatalunya.cat\/es\/el-precio-de-la-electricidad-los-dos-enganos-de-sanchez\/"},"author":{"name":"conversesacatalunya","@id":"https:\/\/conversesacatalunya.cat\/#\/schema\/person\/7e24d1e54a2785373ddcb275eae5ed99"},"headline":"El precio de la electricidad. Los dos enga\u00f1os de S\u00e1nchez","datePublished":"2022-01-17T11:58:43+00:00","dateModified":"2022-01-17T14:22:52+00:00","mainEntityOfPage":{"@id":"https:\/\/conversesacatalunya.cat\/es\/el-precio-de-la-electricidad-los-dos-enganos-de-sanchez\/"},"wordCount":758,"commentCount":0,"image":{"@id":"https:\/\/conversesacatalunya.cat\/es\/el-precio-de-la-electricidad-los-dos-enganos-de-sanchez\/#primaryimage"},"thumbnailUrl":"https:\/\/conversesacatalunya.cat\/wp-content\/uploads\/2022\/01\/preu-electricitat.jpg","keywords":["Factura electricidad","Factura electricitat","IPC"],"articleSection":["Punts clau del dia (ES)"],"inLanguage":"es","potentialAction":[{"@type":"CommentAction","name":"Comment","target":["https:\/\/conversesacatalunya.cat\/es\/el-precio-de-la-electricidad-los-dos-enganos-de-sanchez\/#respond"]}]},{"@type":"WebPage","@id":"https:\/\/conversesacatalunya.cat\/es\/el-precio-de-la-electricidad-los-dos-enganos-de-sanchez\/","url":"https:\/\/conversesacatalunya.cat\/es\/el-precio-de-la-electricidad-los-dos-enganos-de-sanchez\/","name":"El precio de la electricidad. Los dos enga\u00f1os de S\u00e1nchez - Converses a Catalunya","isPartOf":{"@id":"https:\/\/conversesacatalunya.cat\/#website"},"primaryImageOfPage":{"@id":"https:\/\/conversesacatalunya.cat\/es\/el-precio-de-la-electricidad-los-dos-enganos-de-sanchez\/#primaryimage"},"image":{"@id":"https:\/\/conversesacatalunya.cat\/es\/el-precio-de-la-electricidad-los-dos-enganos-de-sanchez\/#primaryimage"},"thumbnailUrl":"https:\/\/conversesacatalunya.cat\/wp-content\/uploads\/2022\/01\/preu-electricitat.jpg","datePublished":"2022-01-17T11:58:43+00:00","dateModified":"2022-01-17T14:22:52+00:00","author":{"@id":"https:\/\/conversesacatalunya.cat\/#\/schema\/person\/7e24d1e54a2785373ddcb275eae5ed99"},"description":"La situaci\u00f3 actual del preu de l'electricitat posa en relleu que, una vegada m\u00e9s, el president del govern espanyol ens enganya sistem\u00e0ticament","breadcrumb":{"@id":"https:\/\/conversesacatalunya.cat\/es\/el-precio-de-la-electricidad-los-dos-enganos-de-sanchez\/#breadcrumb"},"inLanguage":"es","potentialAction":[{"@type":"ReadAction","target":["https:\/\/conversesacatalunya.cat\/es\/el-precio-de-la-electricidad-los-dos-enganos-de-sanchez\/"]}]},{"@type":"ImageObject","inLanguage":"es","@id":"https:\/\/conversesacatalunya.cat\/es\/el-precio-de-la-electricidad-los-dos-enganos-de-sanchez\/#primaryimage","url":"https:\/\/conversesacatalunya.cat\/wp-content\/uploads\/2022\/01\/preu-electricitat.jpg","contentUrl":"https:\/\/conversesacatalunya.cat\/wp-content\/uploads\/2022\/01\/preu-electricitat.jpg","width":1359,"height":521},{"@type":"BreadcrumbList","@id":"https:\/\/conversesacatalunya.cat\/es\/el-precio-de-la-electricidad-los-dos-enganos-de-sanchez\/#breadcrumb","itemListElement":[{"@type":"ListItem","position":1,"name":"Inici","item":"https:\/\/conversesacatalunya.cat\/es\/"},{"@type":"ListItem","position":2,"name":"El precio de la electricidad. Los dos enga\u00f1os de S\u00e1nchez"}]},{"@type":"WebSite","@id":"https:\/\/conversesacatalunya.cat\/#website","url":"https:\/\/conversesacatalunya.cat\/","name":"Converses a Catalunya","description":"","potentialAction":[{"@type":"SearchAction","target":{"@type":"EntryPoint","urlTemplate":"https:\/\/conversesacatalunya.cat\/?s={search_term_string}"},"query-input":{"@type":"PropertyValueSpecification","valueRequired":true,"valueName":"search_term_string"}}],"inLanguage":"es"},{"@type":"Person","@id":"https:\/\/conversesacatalunya.cat\/#\/schema\/person\/7e24d1e54a2785373ddcb275eae5ed99","name":"conversesacatalunya","image":{"@type":"ImageObject","inLanguage":"es","@id":"https:\/\/conversesacatalunya.cat\/#\/schema\/person\/image\/","url":"https:\/\/conversesacatalunya.cat\/wp-content\/litespeed\/avatar\/febdfeeec89d950f01c748045a981dd2.jpg?ver=1777314535","contentUrl":"https:\/\/conversesacatalunya.cat\/wp-content\/litespeed\/avatar\/febdfeeec89d950f01c748045a981dd2.jpg?ver=1777314535","caption":"conversesacatalunya"},"url":"https:\/\/conversesacatalunya.cat\/es\/author\/carme_catala\/"}]}},"wps_subtitle":"","_links":{"self":[{"href":"https:\/\/conversesacatalunya.cat\/es\/wp-json\/wp\/v2\/posts\/53971","targetHints":{"allow":["GET"]}}],"collection":[{"href":"https:\/\/conversesacatalunya.cat\/es\/wp-json\/wp\/v2\/posts"}],"about":[{"href":"https:\/\/conversesacatalunya.cat\/es\/wp-json\/wp\/v2\/types\/post"}],"author":[{"embeddable":true,"href":"https:\/\/conversesacatalunya.cat\/es\/wp-json\/wp\/v2\/users\/2"}],"replies":[{"embeddable":true,"href":"https:\/\/conversesacatalunya.cat\/es\/wp-json\/wp\/v2\/comments?post=53971"}],"version-history":[{"count":2,"href":"https:\/\/conversesacatalunya.cat\/es\/wp-json\/wp\/v2\/posts\/53971\/revisions"}],"predecessor-version":[{"id":53973,"href":"https:\/\/conversesacatalunya.cat\/es\/wp-json\/wp\/v2\/posts\/53971\/revisions\/53973"}],"wp:featuredmedia":[{"embeddable":true,"href":"https:\/\/conversesacatalunya.cat\/es\/wp-json\/wp\/v2\/media\/53960"}],"wp:attachment":[{"href":"https:\/\/conversesacatalunya.cat\/es\/wp-json\/wp\/v2\/media?parent=53971"}],"wp:term":[{"taxonomy":"category","embeddable":true,"href":"https:\/\/conversesacatalunya.cat\/es\/wp-json\/wp\/v2\/categories?post=53971"},{"taxonomy":"post_tag","embeddable":true,"href":"https:\/\/conversesacatalunya.cat\/es\/wp-json\/wp\/v2\/tags?post=53971"}],"curies":[{"name":"wp","href":"https:\/\/api.w.org\/{rel}","templated":true}]}}