{"id":53877,"date":"2022-01-14T15:34:28","date_gmt":"2022-01-14T14:34:28","guid":{"rendered":"https:\/\/conversesacatalunya.cat\/?p=53877"},"modified":"2022-01-21T19:28:44","modified_gmt":"2022-01-21T18:28:44","slug":"mas-john-ford-y-menos-netflix","status":"publish","type":"post","link":"https:\/\/conversesacatalunya.cat\/es\/mas-john-ford-y-menos-netflix\/","title":{"rendered":"\u00a1M\u00e1s John Ford y menos Netflix!"},"content":{"rendered":"<p>El cine es el arte m\u00e1s representativo del siglo XX y el que ha tenido mayor influencia en la cultura de masas. Se gan\u00f3 la condici\u00f3n de \u201cs\u00e9ptimo arte\u201d gracias a grandes maestros que convirtieron la reproducci\u00f3n de im\u00e1genes sobre una pantalla a 24 fotogramas por segundo en una creaci\u00f3n tan elevada como la pintura, el teatro o la poes\u00eda, capaz de integrar elementos de todas ellas. Entre los grandes maestros <strong>del cine destaca el director estadounidense John Ford<\/strong>, en opini\u00f3n autorizada de la mayor\u00eda de sus colegas. Tambi\u00e9n es el representante por excelencia de un tipo de cine cl\u00e1sico que <strong>sabe conjugar la descripci\u00f3n realista de la condici\u00f3n humana con una visi\u00f3n idealista de la vida y el mundo<\/strong>.<\/p>\n<p>Su carrera como director comienza en 1917 y se prolonga durante medio siglo, que incluye la \u00e9poca dorada del cine estadounidense. Ford logr\u00f3 aunar a su genio creativo una gran popularidad de sus pel\u00edculas. <strong>La filmograf\u00eda de Ford est\u00e1 llena de escenas de una belleza sublime<\/strong>, no s\u00f3lo en su forma sino por la profunda autenticidad de lo que retratan.<\/p>\n<p><strong> Hoy el cine ha perdido su antiguo esplendor<\/strong>, en parte por la desaparici\u00f3n de los grandes maestros y en parte tambi\u00e9n por la competencia de las series, que en pocos a\u00f1os se han convertido en un art\u00edculo de consumo masivo. La narrativa audiovisual tiene una gran influencia en la configuraci\u00f3n de estilos de vida, modos y valores, especialmente entre la gente joven. <strong>Netflix, como paradigma de las series, se ha convertido en la correa de transmisi\u00f3n en la cultura de masas de las nuevas ideolog\u00edas<\/strong>. Netflix retrata sin miramientos el tipo humano posmoderno, y haci\u00e9ndolo conecta con el p\u00fablico que se ve identificado, reafirmando a\u00fan m\u00e1s los rasgos caracter\u00edsticos de ese tipo humano.<\/p>\n<p><strong> En las series encontramos a menudo personajes con poca consistencia psicol\u00f3gica y moral, que cambian de un cap\u00edtulo a otro en funci\u00f3n de la conveniencia del hilo argumental<\/strong> y de sus inclinaciones descontroladas e imprevisibles. Tipos humanos posmodernos, \u00a1demasiado postmodernos! A diferencia de los personajes de las pel\u00edculas de Ford, que quedan muy bien definidos, a pesar de encarnar caracteres complejos y de gran riqueza personal. Ford tiene una debilidad por los personajes n\u00f3madas, solitarios, a veces fuera de la ley, pero que a\u00fan as\u00ed participan de esa antigua aristocracia moral.<\/p>\n<p>Ford tiene una visi\u00f3n idealista del mundo, lo narra tal y como cree que deber\u00eda ser. En sus pel\u00edculas abundan figuras que han desaparecido en la narrativa posmoderna: mujeres y hombres capaces de sacrificar su pasi\u00f3n amorosa por una causa superior; <strong>personas que, con coraje y determinaci\u00f3n, ligan su destino y su libertad a metas nobles;<\/strong> hijos que profesan respeto, obediencia y admiraci\u00f3n hacia sus padres; individuos que a pesar de haber sido maltratados por las circunstancias de la vida, no por eso pierden su dignidad y su entereza.<\/p>\n<p>Mientras en las series de nuestros d\u00edas abundan las historias inveros\u00edmiles, las tramas argumentales sofisticadas, <strong>John Ford dec\u00eda que le gustaban las historias simples y claras<\/strong>. Pero la realidad es que el cine fordiano sabe expresar con gran sencillez sentimientos e ideas muy complejas.<\/p>\n<p><strong>Se ha clasificado a Ford de autor conservador<\/strong>, pero en realidad es muy cr\u00edtico con el orden y la armon\u00eda sociales cuando \u00e9stos son postizos. Es partidario de las tradiciones vivas, no de las convenciones hip\u00f3critas. Por ejemplo, los protagonistas de<strong> \u00abLa Diligencia\u00bb<\/strong> son un perseguido por la justicia y una antigua prostituta que ha sido expulsada del pueblo por las puritanas de Liga de la ley y del orden. Ambos aspiran, pese al peso de su pasado y las dificultades presentes, a una nueva vida digna. Cuando Ringo (John Wayne) ve a Dallas (Claire Trevor) cogiendo en brazos al reci\u00e9n nacido de la mujer a la que ha asistido en el parto, sabe que quiere casarse y crear con aquella una familia.<\/p>\n<p><strong> El cine de Ford exalta y representa maravillosamente bien la vida familiar<\/strong>, la importancia de sus rituales en comidas, oraciones, nacimientos, defunciones, noviazgos, bailes o las despedidas de los hijos que se marchan lejos de casa. Familias que viven en tiempos dif\u00edciles.<strong> \u201cQu\u00e9 verde era mi valle\u201d<\/strong> narra la desintegraci\u00f3n de una comunidad minera de Gales a finales del siglo XIX, y de una de sus familias, no por disputas internas, sino porque unos mueren en la mina y otros emigran a Am\u00e9rica en busca de una vida mejor.<strong> \u201cLa uva de la ira\u201d<\/strong> es la historia de una familia de campesinos de Oklahoma expulsada por los bancos de sus tierras en la \u00e9poca de la gran depresi\u00f3n, y que vive su particular odisea, <em>road movie <\/em>dir\u00edamos hoy, hacia la tierra prometida de California.<\/p>\n<p>Son pel\u00edculas que narran historias tan reales y aut\u00e9nticas como las de las miles o millones de personas que vivieron en las \u00e9pocas y lugares en los que est\u00e1n ambientadas. <strong>Historias sobrias y al mismo tiempo con los sentimientos a flor de piel.<\/strong> Con mucha nostalgia, pero sin que \u00e9sta prime sobre una visi\u00f3n positiva ante la vida. La canci\u00f3n de \u201cEl valle del r\u00edo Rojo\u201d al son del acorde\u00f3n en \u201cLa uva de la ira\u201d condensa muy bien el tono existencial del cine de Ford. Son pel\u00edculas que te ensanchan el esp\u00edritu, te transmiten el deseo de ser mejor persona. No es la sensaci\u00f3n que suele quedarte cuando acabas de ver un cap\u00edtulo de Netflix.<\/p>\n<p>Para este nuevo a\u00f1o, <strong>en casa menos Netflix, m\u00e1s John Ford<\/strong> y m\u00e1s cine del bueno. Sus hijos primero se resistir\u00e1n. Pero despu\u00e9s se lo agradecer\u00e1n.<\/p>\n<p><em><strong>Publicado en el Diari de Girona, el 10 de enero de 2022<\/strong><\/em><\/p>\n<span class='bctt-click-to-tweet'><span class='bctt-ctt-text'><a href='https:\/\/twitter.com\/intent\/tweet?url=https%3A%2F%2Fconversesacatalunya.cat%2Fes%2Fmas-john-ford-y-menos-netflix%2F&#038;text=Son%20pel%C3%ADculas%20que%20te%20ensanchan%20el%20esp%C3%ADritu%2C%20te%20transmiten%20el%20deseo%20de%20ser%20mejor%20persona.%20No%20es%20la%20sensaci%C3%B3n%20que%20suele%20quedarte%20cuando%20acabas%20de%20ver%20un%20cap%C3%ADtulo%20de%20Netflix&#038;via=conversesacat&#038;related=conversesacat' target='_blank'rel=\"noopener noreferrer\">Son pel\u00edculas que te ensanchan el esp\u00edritu, te transmiten el deseo de ser mejor persona. No es la sensaci\u00f3n que suele quedarte cuando acabas de ver un cap\u00edtulo de Netflix <\/a><\/span><a href='https:\/\/twitter.com\/intent\/tweet?url=https%3A%2F%2Fconversesacatalunya.cat%2Fes%2Fmas-john-ford-y-menos-netflix%2F&#038;text=Son%20pel%C3%ADculas%20que%20te%20ensanchan%20el%20esp%C3%ADritu%2C%20te%20transmiten%20el%20deseo%20de%20ser%20mejor%20persona.%20No%20es%20la%20sensaci%C3%B3n%20que%20suele%20quedarte%20cuando%20acabas%20de%20ver%20un%20cap%C3%ADtulo%20de%20Netflix&#038;via=conversesacat&#038;related=conversesacat' target='_blank' class='bctt-ctt-btn'rel=\"noopener noreferrer\">Compartir en X<\/a><\/span>\n<div id=\"polls-133\" class=\"wp-polls\">\n\t<form id=\"polls_form_133\" class=\"wp-polls-form\" action=\"\/index.php\" method=\"post\">\n\t\t<p style=\"display: none;\"><input type=\"hidden\" id=\"poll_133_nonce\" name=\"wp-polls-nonce\" value=\"37a7bd3a83\" \/><\/p>\n\t\t<p style=\"display: none;\"><input type=\"hidden\" name=\"poll_id\" value=\"133\" \/><\/p>\n\t\t<p style=\"text-align: center\"><strong>Creus que la taula de di\u00e0leg tindr\u00e0 algun resultat bo per a Catalunya?<\/strong><\/p><div id=\"polls-133-ans\" class=\"wp-polls-ans\"><ul class=\"wp-polls-ul\">\n\t\t<li><input type=\"radio\" id=\"poll-answer-334\" name=\"poll_133\" value=\"334\" \/> <label for=\"poll-answer-334\">S\u00ed<\/label><\/li>\n\t\t<li><input type=\"radio\" id=\"poll-answer-335\" name=\"poll_133\" value=\"335\" \/> <label for=\"poll-answer-335\">No<\/label><\/li>\n\t\t<li><input type=\"radio\" id=\"poll-answer-336\" name=\"poll_133\" value=\"336\" \/> <label for=\"poll-answer-336\">No ho s\u00e9<\/label><\/li>\n\t\t<\/ul><p style=\"text-align: center\"><input type=\"button\" name=\"vote\" value=\"   Vota   \" class=\"Buttons\" onclick=\"poll_vote(133);\" \/><\/p><p style=\"text-align: center\"><a href=\"#ViewPollResults\" onclick=\"poll_result(133); return false;\" title=\"View Results Of This Poll\">Mira els resultats<\/a><\/p><\/div>\n\t<\/form>\n<\/div>\n<div id=\"polls-133-loading\" class=\"wp-polls-loading\"><img decoding=\"async\" data-src=\"https:\/\/conversesacatalunya.cat\/wp-content\/plugins\/wp-polls\/images\/loading.gif\" width=\"16\" height=\"16\" alt=\"Cargando ...\" title=\"Cargando ...\" class=\"wp-polls-image lazyload\" src=\"data:image\/svg+xml;base64,PHN2ZyB3aWR0aD0iMSIgaGVpZ2h0PSIxIiB4bWxucz0iaHR0cDovL3d3dy53My5vcmcvMjAwMC9zdmciPjwvc3ZnPg==\" style=\"--smush-placeholder-width: 16px; --smush-placeholder-aspect-ratio: 16\/16;\" \/>&nbsp;Cargando ...<\/div>\n\n","protected":false},"excerpt":{"rendered":"<p>El cine es el arte m\u00e1s representativo del siglo XX y el que ha tenido mayor influencia en la cultura de masas. Se gan\u00f3 la condici\u00f3n de \u201cs\u00e9ptimo arte\u201d gracias a grandes maestros que convirtieron la reproducci\u00f3n de im\u00e1genes sobre una pantalla a 24 fotogramas por segundo en una creaci\u00f3n tan elevada como la pintura, el teatro o la poes\u00eda, capaz de integrar elementos de todas ellas. Entre los grandes maestros del cine destaca el director estadounidense John Ford, en opini\u00f3n autorizada de la mayor\u00eda de sus colegas. Tambi\u00e9n es el representante por excelencia de un tipo de cine cl\u00e1sico que sabe conjugar la descripci\u00f3n realista de la condici\u00f3n humana con una visi\u00f3n idealista de la vida y el mundo. Su carrera como director comienza en 1917 y se prolonga durante medio siglo, que incluye la \u00e9poca dorada del cine estadounidense. Ford logr\u00f3 aunar a su genio creativo una gran popularidad de sus pel\u00edculas. La filmograf\u00eda de Ford est\u00e1 llena de escenas de una belleza sublime, no s\u00f3lo en su forma sino por la profunda autenticidad de lo que retratan. Hoy el cine ha perdido su antiguo esplendor, en parte por la desaparici\u00f3n de los grandes maestros y en parte tambi\u00e9n por la competencia de las series, que en pocos a\u00f1os se han convertido en un art\u00edculo de consumo masivo. La narrativa audiovisual tiene una gran influencia en la configuraci\u00f3n de estilos de vida, modos y valores, especialmente entre la gente joven. Netflix, como paradigma de las series, se ha convertido en la correa de transmisi\u00f3n en la cultura de masas de las nuevas ideolog\u00edas. Netflix retrata sin miramientos el tipo humano posmoderno, y haci\u00e9ndolo conecta con el p\u00fablico que se ve identificado, reafirmando a\u00fan m\u00e1s los rasgos caracter\u00edsticos de ese tipo humano. En las series encontramos a menudo personajes con poca consistencia psicol\u00f3gica y moral, que cambian de un cap\u00edtulo a otro en funci\u00f3n de la conveniencia del hilo argumental y de sus inclinaciones descontroladas e imprevisibles. Tipos humanos posmodernos, \u00a1demasiado postmodernos! A diferencia de los personajes de las pel\u00edculas de Ford, que quedan muy bien definidos, a pesar de encarnar caracteres complejos y de gran riqueza personal. Ford tiene una debilidad por los personajes n\u00f3madas, solitarios, a veces fuera de la ley, pero que a\u00fan as\u00ed participan de esa antigua aristocracia moral. Ford tiene una visi\u00f3n idealista del mundo, lo narra tal y como cree que deber\u00eda ser. En sus pel\u00edculas abundan figuras que han desaparecido en la narrativa posmoderna: mujeres y hombres capaces de sacrificar su pasi\u00f3n amorosa por una causa superior; personas que, con coraje y determinaci\u00f3n, ligan su destino y su libertad a metas nobles; hijos que profesan respeto, obediencia y admiraci\u00f3n hacia sus padres; individuos que a pesar de haber sido maltratados por las circunstancias de la vida, no por eso pierden su dignidad y su entereza. Mientras en las series de nuestros d\u00edas abundan las historias inveros\u00edmiles, las tramas argumentales sofisticadas, John Ford dec\u00eda que le gustaban las historias simples y claras. Pero la realidad es que el cine fordiano sabe expresar con gran sencillez sentimientos e ideas muy complejas. Se ha clasificado a Ford de autor conservador, pero en realidad es muy cr\u00edtico con el orden y la armon\u00eda sociales cuando \u00e9stos son postizos. Es partidario de las tradiciones vivas, no de las convenciones hip\u00f3critas. Por ejemplo, los protagonistas de \u00abLa Diligencia\u00bb son un perseguido por la justicia y una antigua prostituta que ha sido expulsada del pueblo por las puritanas de Liga de la ley y del orden. Ambos aspiran, pese al peso de su pasado y las dificultades presentes, a una nueva vida digna. Cuando Ringo (John Wayne) ve a Dallas (Claire Trevor) cogiendo en brazos al reci\u00e9n nacido de la mujer a la que ha asistido en el parto, sabe que quiere casarse y crear con aquella una familia. El cine de Ford exalta y representa maravillosamente bien la vida familiar, la importancia de sus rituales en comidas, oraciones, nacimientos, defunciones, noviazgos, bailes o las despedidas de los hijos que se marchan lejos de casa. Familias que viven en tiempos dif\u00edciles. \u201cQu\u00e9 verde era mi valle\u201d narra la desintegraci\u00f3n de una comunidad minera de Gales a finales del siglo XIX, y de una de sus familias, no por disputas internas, sino porque unos mueren en la mina y otros emigran a Am\u00e9rica en busca de una vida mejor. \u201cLa uva de la ira\u201d es la historia de una familia de campesinos de Oklahoma expulsada por los bancos de sus tierras en la \u00e9poca de la gran depresi\u00f3n, y que vive su particular odisea, road movie dir\u00edamos hoy, hacia la tierra prometida de California. Son pel\u00edculas que narran historias tan reales y aut\u00e9nticas como las de las miles o millones de personas que vivieron en las \u00e9pocas y lugares en los que est\u00e1n ambientadas. Historias sobrias y al mismo tiempo con los sentimientos a flor de piel. Con mucha nostalgia, pero sin que \u00e9sta prime sobre una visi\u00f3n positiva ante la vida. La canci\u00f3n de \u201cEl valle del r\u00edo Rojo\u201d al son del acorde\u00f3n en \u201cLa uva de la ira\u201d condensa muy bien el tono existencial del cine de Ford. Son pel\u00edculas que te ensanchan el esp\u00edritu, te transmiten el deseo de ser mejor persona. No es la sensaci\u00f3n que suele quedarte cuando acabas de ver un cap\u00edtulo de Netflix. Para este nuevo a\u00f1o, en casa menos Netflix, m\u00e1s John Ford y m\u00e1s cine del bueno. Sus hijos primero se resistir\u00e1n. Pero despu\u00e9s se lo agradecer\u00e1n. Publicado en el Diari de Girona, el 10 de enero de 2022<\/p>\n","protected":false},"author":6,"featured_media":53875,"comment_status":"open","ping_status":"open","sticky":false,"template":"","format":"standard","meta":{"_FSMCFIC_featured_image_caption":"","_FSMCFIC_featured_image_nocaption":"","_FSMCFIC_featured_image_hide":"","footnotes":""},"categories":[801],"tags":[],"class_list":["post-53877","post","type-post","status-publish","format-standard","has-post-thumbnail","hentry","category-veritas-in-caritate-es"],"yoast_head":"<!-- This site is optimized with the Yoast SEO plugin v26.8 - https:\/\/yoast.com\/product\/yoast-seo-wordpress\/ -->\n<title>\u00a1M\u00e1s John Ford y menos Netflix! - Converses a Catalunya<\/title>\n<meta name=\"description\" content=\"Ford t\u00e9 una visi\u00f3 idealista del m\u00f3n, el narra com creu que hauria de ser. A les seves pel\u00b7l\u00edcules hi ha figures desaparegudes postmoderna\" \/>\n<meta name=\"robots\" content=\"noindex, nofollow\" \/>\n<meta property=\"og:locale\" content=\"es_ES\" \/>\n<meta property=\"og:type\" content=\"article\" \/>\n<meta property=\"og:title\" content=\"\u00a1M\u00e1s John Ford y menos Netflix! - Converses a Catalunya\" \/>\n<meta property=\"og:description\" content=\"Ford t\u00e9 una visi\u00f3 idealista del m\u00f3n, el narra com creu que hauria de ser. A les seves pel\u00b7l\u00edcules hi ha figures desaparegudes postmoderna\" \/>\n<meta property=\"og:url\" content=\"https:\/\/conversesacatalunya.cat\/es\/mas-john-ford-y-menos-netflix\/\" \/>\n<meta property=\"og:site_name\" content=\"Converses a Catalunya\" \/>\n<meta property=\"article:published_time\" content=\"2022-01-14T14:34:28+00:00\" \/>\n<meta property=\"article:modified_time\" content=\"2022-01-21T18:28:44+00:00\" \/>\n<meta property=\"og:image\" content=\"https:\/\/conversesacatalunya.cat\/wp-content\/uploads\/2022\/01\/Ford.jpg\" \/>\n\t<meta property=\"og:image:width\" content=\"640\" \/>\n\t<meta property=\"og:image:height\" content=\"412\" \/>\n\t<meta property=\"og:image:type\" content=\"image\/jpeg\" \/>\n<meta name=\"author\" content=\"Carles Ros Arpa\" \/>\n<meta name=\"twitter:card\" content=\"summary_large_image\" \/>\n<meta name=\"twitter:label1\" content=\"Escrito por\" \/>\n\t<meta name=\"twitter:data1\" content=\"Carles Ros Arpa\" \/>\n\t<meta name=\"twitter:label2\" content=\"Tiempo de lectura\" \/>\n\t<meta name=\"twitter:data2\" content=\"6 minutos\" \/>\n<script type=\"application\/ld+json\" class=\"yoast-schema-graph\">{\"@context\":\"https:\/\/schema.org\",\"@graph\":[{\"@type\":\"Article\",\"@id\":\"https:\/\/conversesacatalunya.cat\/es\/mas-john-ford-y-menos-netflix\/#article\",\"isPartOf\":{\"@id\":\"https:\/\/conversesacatalunya.cat\/es\/mas-john-ford-y-menos-netflix\/\"},\"author\":{\"name\":\"Carles Ros Arpa\",\"@id\":\"https:\/\/conversesacatalunya.cat\/#\/schema\/person\/158977e8a6f4c10be20fb1e30375371b\"},\"headline\":\"\u00a1M\u00e1s John Ford y menos Netflix!\",\"datePublished\":\"2022-01-14T14:34:28+00:00\",\"dateModified\":\"2022-01-21T18:28:44+00:00\",\"mainEntityOfPage\":{\"@id\":\"https:\/\/conversesacatalunya.cat\/es\/mas-john-ford-y-menos-netflix\/\"},\"wordCount\":1041,\"commentCount\":0,\"image\":{\"@id\":\"https:\/\/conversesacatalunya.cat\/es\/mas-john-ford-y-menos-netflix\/#primaryimage\"},\"thumbnailUrl\":\"https:\/\/conversesacatalunya.cat\/wp-content\/uploads\/2022\/01\/Ford.jpg\",\"articleSection\":[\"Veritas in caritate (ES)\"],\"inLanguage\":\"es\",\"potentialAction\":[{\"@type\":\"CommentAction\",\"name\":\"Comment\",\"target\":[\"https:\/\/conversesacatalunya.cat\/es\/mas-john-ford-y-menos-netflix\/#respond\"]}]},{\"@type\":\"WebPage\",\"@id\":\"https:\/\/conversesacatalunya.cat\/es\/mas-john-ford-y-menos-netflix\/\",\"url\":\"https:\/\/conversesacatalunya.cat\/es\/mas-john-ford-y-menos-netflix\/\",\"name\":\"\u00a1M\u00e1s John Ford y menos Netflix! - Converses a Catalunya\",\"isPartOf\":{\"@id\":\"https:\/\/conversesacatalunya.cat\/#website\"},\"primaryImageOfPage\":{\"@id\":\"https:\/\/conversesacatalunya.cat\/es\/mas-john-ford-y-menos-netflix\/#primaryimage\"},\"image\":{\"@id\":\"https:\/\/conversesacatalunya.cat\/es\/mas-john-ford-y-menos-netflix\/#primaryimage\"},\"thumbnailUrl\":\"https:\/\/conversesacatalunya.cat\/wp-content\/uploads\/2022\/01\/Ford.jpg\",\"datePublished\":\"2022-01-14T14:34:28+00:00\",\"dateModified\":\"2022-01-21T18:28:44+00:00\",\"author\":{\"@id\":\"https:\/\/conversesacatalunya.cat\/#\/schema\/person\/158977e8a6f4c10be20fb1e30375371b\"},\"description\":\"Ford t\u00e9 una visi\u00f3 idealista del m\u00f3n, el narra com creu que hauria de ser. A les seves pel\u00b7l\u00edcules hi ha figures desaparegudes postmoderna\",\"breadcrumb\":{\"@id\":\"https:\/\/conversesacatalunya.cat\/es\/mas-john-ford-y-menos-netflix\/#breadcrumb\"},\"inLanguage\":\"es\",\"potentialAction\":[{\"@type\":\"ReadAction\",\"target\":[\"https:\/\/conversesacatalunya.cat\/es\/mas-john-ford-y-menos-netflix\/\"]}]},{\"@type\":\"ImageObject\",\"inLanguage\":\"es\",\"@id\":\"https:\/\/conversesacatalunya.cat\/es\/mas-john-ford-y-menos-netflix\/#primaryimage\",\"url\":\"https:\/\/conversesacatalunya.cat\/wp-content\/uploads\/2022\/01\/Ford.jpg\",\"contentUrl\":\"https:\/\/conversesacatalunya.cat\/wp-content\/uploads\/2022\/01\/Ford.jpg\",\"width\":640,\"height\":412,\"caption\":\"Ford\"},{\"@type\":\"BreadcrumbList\",\"@id\":\"https:\/\/conversesacatalunya.cat\/es\/mas-john-ford-y-menos-netflix\/#breadcrumb\",\"itemListElement\":[{\"@type\":\"ListItem\",\"position\":1,\"name\":\"Inici\",\"item\":\"https:\/\/conversesacatalunya.cat\/es\/\"},{\"@type\":\"ListItem\",\"position\":2,\"name\":\"\u00a1M\u00e1s John Ford y menos Netflix!\"}]},{\"@type\":\"WebSite\",\"@id\":\"https:\/\/conversesacatalunya.cat\/#website\",\"url\":\"https:\/\/conversesacatalunya.cat\/\",\"name\":\"Converses a Catalunya\",\"description\":\"\",\"potentialAction\":[{\"@type\":\"SearchAction\",\"target\":{\"@type\":\"EntryPoint\",\"urlTemplate\":\"https:\/\/conversesacatalunya.cat\/?s={search_term_string}\"},\"query-input\":{\"@type\":\"PropertyValueSpecification\",\"valueRequired\":true,\"valueName\":\"search_term_string\"}}],\"inLanguage\":\"es\"},{\"@type\":\"Person\",\"@id\":\"https:\/\/conversesacatalunya.cat\/#\/schema\/person\/158977e8a6f4c10be20fb1e30375371b\",\"name\":\"Carles Ros Arpa\",\"image\":{\"@type\":\"ImageObject\",\"inLanguage\":\"es\",\"@id\":\"https:\/\/conversesacatalunya.cat\/#\/schema\/person\/image\/\",\"url\":\"https:\/\/conversesacatalunya.cat\/wp-content\/litespeed\/avatar\/ba530fe068c88283940054d0b5ea1f09.jpg?ver=1777376928\",\"contentUrl\":\"https:\/\/conversesacatalunya.cat\/wp-content\/litespeed\/avatar\/ba530fe068c88283940054d0b5ea1f09.jpg?ver=1777376928\",\"caption\":\"Carles Ros Arpa\"},\"url\":\"https:\/\/conversesacatalunya.cat\/es\/author\/carles-ros-arpa\/\"}]}<\/script>\n<!-- \/ Yoast SEO plugin. -->","yoast_head_json":{"title":"\u00a1M\u00e1s John Ford y menos Netflix! - Converses a Catalunya","description":"Ford t\u00e9 una visi\u00f3 idealista del m\u00f3n, el narra com creu que hauria de ser. A les seves pel\u00b7l\u00edcules hi ha figures desaparegudes postmoderna","robots":{"index":"noindex","follow":"nofollow"},"og_locale":"es_ES","og_type":"article","og_title":"\u00a1M\u00e1s John Ford y menos Netflix! - Converses a Catalunya","og_description":"Ford t\u00e9 una visi\u00f3 idealista del m\u00f3n, el narra com creu que hauria de ser. A les seves pel\u00b7l\u00edcules hi ha figures desaparegudes postmoderna","og_url":"https:\/\/conversesacatalunya.cat\/es\/mas-john-ford-y-menos-netflix\/","og_site_name":"Converses a Catalunya","article_published_time":"2022-01-14T14:34:28+00:00","article_modified_time":"2022-01-21T18:28:44+00:00","og_image":[{"width":640,"height":412,"url":"https:\/\/conversesacatalunya.cat\/wp-content\/uploads\/2022\/01\/Ford.jpg","type":"image\/jpeg"}],"author":"Carles Ros Arpa","twitter_card":"summary_large_image","twitter_misc":{"Escrito por":"Carles Ros Arpa","Tiempo de lectura":"6 minutos"},"schema":{"@context":"https:\/\/schema.org","@graph":[{"@type":"Article","@id":"https:\/\/conversesacatalunya.cat\/es\/mas-john-ford-y-menos-netflix\/#article","isPartOf":{"@id":"https:\/\/conversesacatalunya.cat\/es\/mas-john-ford-y-menos-netflix\/"},"author":{"name":"Carles Ros Arpa","@id":"https:\/\/conversesacatalunya.cat\/#\/schema\/person\/158977e8a6f4c10be20fb1e30375371b"},"headline":"\u00a1M\u00e1s John Ford y menos Netflix!","datePublished":"2022-01-14T14:34:28+00:00","dateModified":"2022-01-21T18:28:44+00:00","mainEntityOfPage":{"@id":"https:\/\/conversesacatalunya.cat\/es\/mas-john-ford-y-menos-netflix\/"},"wordCount":1041,"commentCount":0,"image":{"@id":"https:\/\/conversesacatalunya.cat\/es\/mas-john-ford-y-menos-netflix\/#primaryimage"},"thumbnailUrl":"https:\/\/conversesacatalunya.cat\/wp-content\/uploads\/2022\/01\/Ford.jpg","articleSection":["Veritas in caritate (ES)"],"inLanguage":"es","potentialAction":[{"@type":"CommentAction","name":"Comment","target":["https:\/\/conversesacatalunya.cat\/es\/mas-john-ford-y-menos-netflix\/#respond"]}]},{"@type":"WebPage","@id":"https:\/\/conversesacatalunya.cat\/es\/mas-john-ford-y-menos-netflix\/","url":"https:\/\/conversesacatalunya.cat\/es\/mas-john-ford-y-menos-netflix\/","name":"\u00a1M\u00e1s John Ford y menos Netflix! - Converses a Catalunya","isPartOf":{"@id":"https:\/\/conversesacatalunya.cat\/#website"},"primaryImageOfPage":{"@id":"https:\/\/conversesacatalunya.cat\/es\/mas-john-ford-y-menos-netflix\/#primaryimage"},"image":{"@id":"https:\/\/conversesacatalunya.cat\/es\/mas-john-ford-y-menos-netflix\/#primaryimage"},"thumbnailUrl":"https:\/\/conversesacatalunya.cat\/wp-content\/uploads\/2022\/01\/Ford.jpg","datePublished":"2022-01-14T14:34:28+00:00","dateModified":"2022-01-21T18:28:44+00:00","author":{"@id":"https:\/\/conversesacatalunya.cat\/#\/schema\/person\/158977e8a6f4c10be20fb1e30375371b"},"description":"Ford t\u00e9 una visi\u00f3 idealista del m\u00f3n, el narra com creu que hauria de ser. A les seves pel\u00b7l\u00edcules hi ha figures desaparegudes postmoderna","breadcrumb":{"@id":"https:\/\/conversesacatalunya.cat\/es\/mas-john-ford-y-menos-netflix\/#breadcrumb"},"inLanguage":"es","potentialAction":[{"@type":"ReadAction","target":["https:\/\/conversesacatalunya.cat\/es\/mas-john-ford-y-menos-netflix\/"]}]},{"@type":"ImageObject","inLanguage":"es","@id":"https:\/\/conversesacatalunya.cat\/es\/mas-john-ford-y-menos-netflix\/#primaryimage","url":"https:\/\/conversesacatalunya.cat\/wp-content\/uploads\/2022\/01\/Ford.jpg","contentUrl":"https:\/\/conversesacatalunya.cat\/wp-content\/uploads\/2022\/01\/Ford.jpg","width":640,"height":412,"caption":"Ford"},{"@type":"BreadcrumbList","@id":"https:\/\/conversesacatalunya.cat\/es\/mas-john-ford-y-menos-netflix\/#breadcrumb","itemListElement":[{"@type":"ListItem","position":1,"name":"Inici","item":"https:\/\/conversesacatalunya.cat\/es\/"},{"@type":"ListItem","position":2,"name":"\u00a1M\u00e1s John Ford y menos Netflix!"}]},{"@type":"WebSite","@id":"https:\/\/conversesacatalunya.cat\/#website","url":"https:\/\/conversesacatalunya.cat\/","name":"Converses a Catalunya","description":"","potentialAction":[{"@type":"SearchAction","target":{"@type":"EntryPoint","urlTemplate":"https:\/\/conversesacatalunya.cat\/?s={search_term_string}"},"query-input":{"@type":"PropertyValueSpecification","valueRequired":true,"valueName":"search_term_string"}}],"inLanguage":"es"},{"@type":"Person","@id":"https:\/\/conversesacatalunya.cat\/#\/schema\/person\/158977e8a6f4c10be20fb1e30375371b","name":"Carles Ros Arpa","image":{"@type":"ImageObject","inLanguage":"es","@id":"https:\/\/conversesacatalunya.cat\/#\/schema\/person\/image\/","url":"https:\/\/conversesacatalunya.cat\/wp-content\/litespeed\/avatar\/ba530fe068c88283940054d0b5ea1f09.jpg?ver=1777376928","contentUrl":"https:\/\/conversesacatalunya.cat\/wp-content\/litespeed\/avatar\/ba530fe068c88283940054d0b5ea1f09.jpg?ver=1777376928","caption":"Carles Ros Arpa"},"url":"https:\/\/conversesacatalunya.cat\/es\/author\/carles-ros-arpa\/"}]}},"wps_subtitle":"Netflix retrata sin miramientos el tipo humano posmoderno, y haci\u00e9ndolo conecta con el p\u00fablico que se ve identificado, reafirmando a\u00fan m\u00e1s los rasgos caracter\u00edsticos de ese tipo humano","_links":{"self":[{"href":"https:\/\/conversesacatalunya.cat\/es\/wp-json\/wp\/v2\/posts\/53877","targetHints":{"allow":["GET"]}}],"collection":[{"href":"https:\/\/conversesacatalunya.cat\/es\/wp-json\/wp\/v2\/posts"}],"about":[{"href":"https:\/\/conversesacatalunya.cat\/es\/wp-json\/wp\/v2\/types\/post"}],"author":[{"embeddable":true,"href":"https:\/\/conversesacatalunya.cat\/es\/wp-json\/wp\/v2\/users\/6"}],"replies":[{"embeddable":true,"href":"https:\/\/conversesacatalunya.cat\/es\/wp-json\/wp\/v2\/comments?post=53877"}],"version-history":[{"count":2,"href":"https:\/\/conversesacatalunya.cat\/es\/wp-json\/wp\/v2\/posts\/53877\/revisions"}],"predecessor-version":[{"id":53879,"href":"https:\/\/conversesacatalunya.cat\/es\/wp-json\/wp\/v2\/posts\/53877\/revisions\/53879"}],"wp:featuredmedia":[{"embeddable":true,"href":"https:\/\/conversesacatalunya.cat\/es\/wp-json\/wp\/v2\/media\/53875"}],"wp:attachment":[{"href":"https:\/\/conversesacatalunya.cat\/es\/wp-json\/wp\/v2\/media?parent=53877"}],"wp:term":[{"taxonomy":"category","embeddable":true,"href":"https:\/\/conversesacatalunya.cat\/es\/wp-json\/wp\/v2\/categories?post=53877"},{"taxonomy":"post_tag","embeddable":true,"href":"https:\/\/conversesacatalunya.cat\/es\/wp-json\/wp\/v2\/tags?post=53877"}],"curies":[{"name":"wp","href":"https:\/\/api.w.org\/{rel}","templated":true}]}}