{"id":53793,"date":"2022-01-11T12:38:57","date_gmt":"2022-01-11T11:38:57","guid":{"rendered":"https:\/\/conversesacatalunya.cat\/la-moncloa-i-erc-cerquen-contingut-per-poder-reunir-la-taula-de-dialeg\/"},"modified":"2022-01-11T15:07:35","modified_gmt":"2022-01-11T14:07:35","slug":"la-moncloa-y-erc-buscan-contenido-para-poder-reunir-la-mesa-de-dialogo","status":"publish","type":"post","link":"https:\/\/conversesacatalunya.cat\/es\/la-moncloa-y-erc-buscan-contenido-para-poder-reunir-la-mesa-de-dialogo\/","title":{"rendered":"La Moncloa y ERC buscan contenido para poder reunir la mesa de di\u00e1logo"},"content":{"rendered":"<p><span>El titular no es ninguna broma, si bien lo parece porque podr\u00eda dar pie a un anuncio en los peri\u00f3dicos tipo \u00ab<\/span><em><span>S\u00e1nchez y Aragon\u00e9s buscan contenido para la mesa de di\u00e1logo. Se recompensar\u00e1 a quien aporte propuestas concretas<\/span><\/em><span> \u201d. El titular es la reproducci\u00f3n literal de lo que El Pa\u00eds public\u00f3 este domingo 9 de enero. Sin que, al parecer, despertara se\u00f1al alguna de alarma. No vamos bien. Si se encuentra normal que una <\/span><strong><span>mesa de di\u00e1logo<\/span><\/strong><span>, te\u00f3ricamente tan importante como para solucionar el conflicto con el independentismo, est\u00e9 dando vueltas sobre qu\u00e9 deben hablar para poder reunirse, es que algo muy profundo falla, y parece que esa mesa de di\u00e1logo sea un \u00abbluf\u00bb para entretener a la concurrencia.<\/span><\/p>\n<p><span><span class=\"\">M\u00e1s bien, y todo esto ocurre como detalla con pelos y se\u00f1ales la informaci\u00f3n, pese a que existe un di\u00e1logo continuado entre la Moncloa y la Generalitat, sobre todo entre el ministro de Presidencia, F\u00e9lix Bola\u00f1os, y la consellera Laura Vilagr\u00e0.\u00a0<\/span>Precisamente la informaci\u00f3n del diario gubernamental, El Pa\u00eds, tiene un especial inter\u00e9s en remarcar una y otra vez la\u00a0<\/span><strong><span>fluidez de la conversaci\u00f3n pol\u00edtica<\/span><\/strong><span>\u00a0entre ambas instancias.<\/span><\/p>\n<p><span>Tambi\u00e9n remarca que la Moncloa no tiene mucha prisa en reunir la mesa de di\u00e1logo, porque tiene otros temas m\u00e1s relevantes: La pandemia (a pesar de que no parece clara la importancia que en la pr\u00e1ctica le est\u00e1 dando gracias a la cogobernanza), los fondos europeos y, sobre todo, que esto ya no lo dice el diario gubernamental, a las pr\u00f3ximas elecciones en Castilla y Le\u00f3n.<\/span><\/p>\n<div class=\"code-block code-block-4\">\n<div class=\"a-single a-17\">Y aqu\u00ed hay un detalle importante: la encuesta de El Pa\u00eds publicada este domingo y lunes a la que se puede acceder a sus tripas a trav\u00e9s de la web, se\u00f1ala en relaci\u00f3n al <strong>tema catal\u00e1n<\/strong>\u00a0dos aspectos importantes. Lo primero es que los encuestados consideran que el PSOE es el mejor preparado para resolver el problema catal\u00e1n. Y \u00e9ste es el titular. Lo que ya no se a\u00f1ade, y es realmente relevante, es la magnitud de quienes piensan as\u00ed, que son s\u00f3lo\u00a0<strong>1 de cada 4<\/strong>. Es decir, las 3\/4 partes de la poblaci\u00f3n considera que no tiene la soluci\u00f3n en sus manos. Si seguimos esta l\u00f3gica relativa de qui\u00e9n es el primero y el segundo, prescindiendo de la migraci\u00f3n de los resultados, constataremos, y \u00e9ste es el punto de reflexi\u00f3n, que el segundo partido que los ciudadanos consideran mejor situado para resolver el problema de Catalunya es\u00a0<strong>Vox<\/strong> con un 18%. Todo est\u00e1 dicho, porque con esta perspectiva es explicable que el entusiasmo de S\u00e1nchez por la mesa de di\u00e1logo sea perfectamente descriptible.<\/div>\n<div><\/div>\n<div class=\"a-single a-17\">Y es que la cuesti\u00f3n de fondo es que este instrumento que sirve para hacer cr\u00f3nicas de prensa, es obvio que desde el principio es perfectamente in\u00fatil. Primero, porque en ning\u00fan caso el gobierno espa\u00f1ol har\u00e1 nada por satisfacer las peticiones republicanas de <strong>amnist\u00eda y refer\u00e9ndum<\/strong>. Si hay alguien que piense lo contrario que levante el dedo y lo cuente. Por otra parte,\u00a0<strong>ERC no tiene ning\u00fan inter\u00e9s<\/strong> en presionar de forma real, utilizando su gran peso en el Congreso de los Diputados para que estos temas se pongan sobre la mesa. Y la mejor prueba est\u00e1 en esa falta de contenido.<\/div>\n<div><\/div>\n<div class=\"a-single a-17\">ERC ahora tendr\u00eda muy f\u00e1cil forzar la convocatoria de la mesa y proponer una agenda para la misma porque tiene la sart\u00e9n por el mango para que se apruebe el decreto ley sobre la\u00a0<strong>reforma laboral<\/strong>, que el PSOE no tiene ni de lejos garantizado que tenga una buena acogida en el Congreso, pero el partido de Aragon\u00e8s ya se ha precipitado a advertir que desvincula totalmente la mesa de di\u00e1logo de su voto en la reforma laboral.<\/div>\n<\/div>\n<div class=\"code-block code-block-5\">\n<div class=\"a-single a-17\"><\/div>\n<\/div>\n<p><span>Es obvio que con este tipo de planteamiento la seriedad con la que el gobierno espa\u00f1ol y sus poderes f\u00e1cticos se toman las reivindicaciones catalanas es perfectamente descriptible.\u00a0El estado de la cuesti\u00f3n es transparente, pese a la falta de informaci\u00f3n, cuando el conseller de empresa y destacado l\u00edder de ERC, Roger Torrent, miembro de la mesa de di\u00e1logo, se ha negado a informar de los avances que all\u00ed ha habido con las negociaciones despu\u00e9s de la primera reuni\u00f3n que fue el 15 de septiembre de 2021.<\/span><\/p>\n<p><span>Si los catalanes y, en particular el gobierno, no se toman en serio sus propias posiciones y act\u00faan pol\u00edticamente de manera consecuente con lo que dicen reclamar, es absolutamente imposible que nadie nos tome en serio.<\/span><\/p>\n<div id=\"polls-133\" class=\"wp-polls\">\n\t<form id=\"polls_form_133\" class=\"wp-polls-form\" action=\"\/index.php\" method=\"post\">\n\t\t<p style=\"display: none;\"><input type=\"hidden\" id=\"poll_133_nonce\" name=\"wp-polls-nonce\" value=\"37a7bd3a83\" \/><\/p>\n\t\t<p style=\"display: none;\"><input type=\"hidden\" name=\"poll_id\" value=\"133\" \/><\/p>\n\t\t<p style=\"text-align: center\"><strong>Creus que la taula de di\u00e0leg tindr\u00e0 algun resultat bo per a Catalunya?<\/strong><\/p><div id=\"polls-133-ans\" class=\"wp-polls-ans\"><ul class=\"wp-polls-ul\">\n\t\t<li><input type=\"radio\" id=\"poll-answer-334\" name=\"poll_133\" value=\"334\" \/> <label for=\"poll-answer-334\">S\u00ed<\/label><\/li>\n\t\t<li><input type=\"radio\" id=\"poll-answer-335\" name=\"poll_133\" value=\"335\" \/> <label for=\"poll-answer-335\">No<\/label><\/li>\n\t\t<li><input type=\"radio\" id=\"poll-answer-336\" name=\"poll_133\" value=\"336\" \/> <label for=\"poll-answer-336\">No ho s\u00e9<\/label><\/li>\n\t\t<\/ul><p style=\"text-align: center\"><input type=\"button\" name=\"vote\" value=\"   Vota   \" class=\"Buttons\" onclick=\"poll_vote(133);\" \/><\/p><p style=\"text-align: center\"><a href=\"#ViewPollResults\" onclick=\"poll_result(133); return false;\" title=\"View Results Of This Poll\">Mira els resultats<\/a><\/p><\/div>\n\t<\/form>\n<\/div>\n<div id=\"polls-133-loading\" class=\"wp-polls-loading\"><img decoding=\"async\" data-src=\"https:\/\/conversesacatalunya.cat\/wp-content\/plugins\/wp-polls\/images\/loading.gif\" width=\"16\" height=\"16\" alt=\"Cargando ...\" title=\"Cargando ...\" class=\"wp-polls-image lazyload\" src=\"data:image\/svg+xml;base64,PHN2ZyB3aWR0aD0iMSIgaGVpZ2h0PSIxIiB4bWxucz0iaHR0cDovL3d3dy53My5vcmcvMjAwMC9zdmciPjwvc3ZnPg==\" style=\"--smush-placeholder-width: 16px; --smush-placeholder-aspect-ratio: 16\/16;\" \/>&nbsp;Cargando ...<\/div>\n\n","protected":false},"excerpt":{"rendered":"<p>El titular no es ninguna broma, si bien lo parece porque podr\u00eda dar pie a un anuncio en los peri\u00f3dicos tipo \u00abS\u00e1nchez y Aragon\u00e9s buscan contenido para la mesa de di\u00e1logo. Se recompensar\u00e1 a quien aporte propuestas concretas \u201d. El titular es la reproducci\u00f3n literal de lo que El Pa\u00eds public\u00f3 este domingo 9 de enero. Sin que, al parecer, despertara se\u00f1al alguna de alarma. No vamos bien. Si se encuentra normal que una mesa de di\u00e1logo, te\u00f3ricamente tan importante como para solucionar el conflicto con el independentismo, est\u00e9 dando vueltas sobre qu\u00e9 deben hablar para poder reunirse, es que algo muy profundo falla, y parece que esa mesa de di\u00e1logo sea un \u00abbluf\u00bb para entretener a la concurrencia. M\u00e1s bien, y todo esto ocurre como detalla con pelos y se\u00f1ales la informaci\u00f3n, pese a que existe un di\u00e1logo continuado entre la Moncloa y la Generalitat, sobre todo entre el ministro de Presidencia, F\u00e9lix Bola\u00f1os, y la consellera Laura Vilagr\u00e0.\u00a0Precisamente la informaci\u00f3n del diario gubernamental, El Pa\u00eds, tiene un especial inter\u00e9s en remarcar una y otra vez la\u00a0fluidez de la conversaci\u00f3n pol\u00edtica\u00a0entre ambas instancias. Tambi\u00e9n remarca que la Moncloa no tiene mucha prisa en reunir la mesa de di\u00e1logo, porque tiene otros temas m\u00e1s relevantes: La pandemia (a pesar de que no parece clara la importancia que en la pr\u00e1ctica le est\u00e1 dando gracias a la cogobernanza), los fondos europeos y, sobre todo, que esto ya no lo dice el diario gubernamental, a las pr\u00f3ximas elecciones en Castilla y Le\u00f3n. Y aqu\u00ed hay un detalle importante: la encuesta de El Pa\u00eds publicada este domingo y lunes a la que se puede acceder a sus tripas a trav\u00e9s de la web, se\u00f1ala en relaci\u00f3n al tema catal\u00e1n\u00a0dos aspectos importantes. Lo primero es que los encuestados consideran que el PSOE es el mejor preparado para resolver el problema catal\u00e1n. Y \u00e9ste es el titular. Lo que ya no se a\u00f1ade, y es realmente relevante, es la magnitud de quienes piensan as\u00ed, que son s\u00f3lo\u00a01 de cada 4. Es decir, las 3\/4 partes de la poblaci\u00f3n considera que no tiene la soluci\u00f3n en sus manos. Si seguimos esta l\u00f3gica relativa de qui\u00e9n es el primero y el segundo, prescindiendo de la migraci\u00f3n de los resultados, constataremos, y \u00e9ste es el punto de reflexi\u00f3n, que el segundo partido que los ciudadanos consideran mejor situado para resolver el problema de Catalunya es\u00a0Vox con un 18%. Todo est\u00e1 dicho, porque con esta perspectiva es explicable que el entusiasmo de S\u00e1nchez por la mesa de di\u00e1logo sea perfectamente descriptible. Y es que la cuesti\u00f3n de fondo es que este instrumento que sirve para hacer cr\u00f3nicas de prensa, es obvio que desde el principio es perfectamente in\u00fatil. Primero, porque en ning\u00fan caso el gobierno espa\u00f1ol har\u00e1 nada por satisfacer las peticiones republicanas de amnist\u00eda y refer\u00e9ndum. Si hay alguien que piense lo contrario que levante el dedo y lo cuente. Por otra parte,\u00a0ERC no tiene ning\u00fan inter\u00e9s en presionar de forma real, utilizando su gran peso en el Congreso de los Diputados para que estos temas se pongan sobre la mesa. Y la mejor prueba est\u00e1 en esa falta de contenido. ERC ahora tendr\u00eda muy f\u00e1cil forzar la convocatoria de la mesa y proponer una agenda para la misma porque tiene la sart\u00e9n por el mango para que se apruebe el decreto ley sobre la\u00a0reforma laboral, que el PSOE no tiene ni de lejos garantizado que tenga una buena acogida en el Congreso, pero el partido de Aragon\u00e8s ya se ha precipitado a advertir que desvincula totalmente la mesa de di\u00e1logo de su voto en la reforma laboral. Es obvio que con este tipo de planteamiento la seriedad con la que el gobierno espa\u00f1ol y sus poderes f\u00e1cticos se toman las reivindicaciones catalanas es perfectamente descriptible.\u00a0El estado de la cuesti\u00f3n es transparente, pese a la falta de informaci\u00f3n, cuando el conseller de empresa y destacado l\u00edder de ERC, Roger Torrent, miembro de la mesa de di\u00e1logo, se ha negado a informar de los avances que all\u00ed ha habido con las negociaciones despu\u00e9s de la primera reuni\u00f3n que fue el 15 de septiembre de 2021. Si los catalanes y, en particular el gobierno, no se toman en serio sus propias posiciones y act\u00faan pol\u00edticamente de manera consecuente con lo que dicen reclamar, es absolutamente imposible que nadie nos tome en serio.<\/p>\n","protected":false},"author":2,"featured_media":53784,"comment_status":"open","ping_status":"open","sticky":false,"template":"","format":"standard","meta":{"_FSMCFIC_featured_image_caption":"","_FSMCFIC_featured_image_nocaption":"","_FSMCFIC_featured_image_hide":"","footnotes":""},"categories":[806],"tags":[1535,4369],"class_list":["post-53793","post","type-post","status-publish","format-standard","has-post-thumbnail","hentry","category-punts-claus-del-dia-es","tag-mesa-de-negociaciones","tag-taula-de-dialeg-es"],"yoast_head":"<!-- This site is optimized with the Yoast SEO plugin v26.8 - https:\/\/yoast.com\/product\/yoast-seo-wordpress\/ -->\n<title>La Moncloa y ERC buscan contenido para poder reunir la mesa de di\u00e1logo - Converses a Catalunya<\/title>\n<meta name=\"robots\" content=\"index, follow, max-snippet:-1, max-image-preview:large, max-video-preview:-1\" \/>\n<link rel=\"canonical\" href=\"https:\/\/conversesacatalunya.cat\/es\/la-moncloa-y-erc-buscan-contenido-para-poder-reunir-la-mesa-de-dialogo\/\" \/>\n<meta property=\"og:locale\" content=\"es_ES\" \/>\n<meta property=\"og:type\" content=\"article\" \/>\n<meta property=\"og:title\" content=\"La Moncloa y ERC buscan contenido para poder reunir la mesa de di\u00e1logo - Converses a Catalunya\" \/>\n<meta property=\"og:description\" content=\"El titular no es ninguna broma, si bien lo parece porque podr\u00eda dar pie a un anuncio en los peri\u00f3dicos tipo \u00abS\u00e1nchez y Aragon\u00e9s buscan contenido para la mesa de di\u00e1logo. Se recompensar\u00e1 a quien aporte propuestas concretas \u201d. El titular es la reproducci\u00f3n literal de lo que El Pa\u00eds public\u00f3 este domingo 9 de enero. Sin que, al parecer, despertara se\u00f1al alguna de alarma. No vamos bien. Si se encuentra normal que una mesa de di\u00e1logo, te\u00f3ricamente tan importante como para solucionar el conflicto con el independentismo, est\u00e9 dando vueltas sobre qu\u00e9 deben hablar para poder reunirse, es que algo muy profundo falla, y parece que esa mesa de di\u00e1logo sea un \u00abbluf\u00bb para entretener a la concurrencia. M\u00e1s bien, y todo esto ocurre como detalla con pelos y se\u00f1ales la informaci\u00f3n, pese a que existe un di\u00e1logo continuado entre la Moncloa y la Generalitat, sobre todo entre el ministro de Presidencia, F\u00e9lix Bola\u00f1os, y la consellera Laura Vilagr\u00e0.\u00a0Precisamente la informaci\u00f3n del diario gubernamental, El Pa\u00eds, tiene un especial inter\u00e9s en remarcar una y otra vez la\u00a0fluidez de la conversaci\u00f3n pol\u00edtica\u00a0entre ambas instancias. Tambi\u00e9n remarca que la Moncloa no tiene mucha prisa en reunir la mesa de di\u00e1logo, porque tiene otros temas m\u00e1s relevantes: La pandemia (a pesar de que no parece clara la importancia que en la pr\u00e1ctica le est\u00e1 dando gracias a la cogobernanza), los fondos europeos y, sobre todo, que esto ya no lo dice el diario gubernamental, a las pr\u00f3ximas elecciones en Castilla y Le\u00f3n. Y aqu\u00ed hay un detalle importante: la encuesta de El Pa\u00eds publicada este domingo y lunes a la que se puede acceder a sus tripas a trav\u00e9s de la web, se\u00f1ala en relaci\u00f3n al tema catal\u00e1n\u00a0dos aspectos importantes. Lo primero es que los encuestados consideran que el PSOE es el mejor preparado para resolver el problema catal\u00e1n. Y \u00e9ste es el titular. Lo que ya no se a\u00f1ade, y es realmente relevante, es la magnitud de quienes piensan as\u00ed, que son s\u00f3lo\u00a01 de cada 4. Es decir, las 3\/4 partes de la poblaci\u00f3n considera que no tiene la soluci\u00f3n en sus manos. Si seguimos esta l\u00f3gica relativa de qui\u00e9n es el primero y el segundo, prescindiendo de la migraci\u00f3n de los resultados, constataremos, y \u00e9ste es el punto de reflexi\u00f3n, que el segundo partido que los ciudadanos consideran mejor situado para resolver el problema de Catalunya es\u00a0Vox con un 18%. Todo est\u00e1 dicho, porque con esta perspectiva es explicable que el entusiasmo de S\u00e1nchez por la mesa de di\u00e1logo sea perfectamente descriptible. Y es que la cuesti\u00f3n de fondo es que este instrumento que sirve para hacer cr\u00f3nicas de prensa, es obvio que desde el principio es perfectamente in\u00fatil. Primero, porque en ning\u00fan caso el gobierno espa\u00f1ol har\u00e1 nada por satisfacer las peticiones republicanas de amnist\u00eda y refer\u00e9ndum. Si hay alguien que piense lo contrario que levante el dedo y lo cuente. Por otra parte,\u00a0ERC no tiene ning\u00fan inter\u00e9s en presionar de forma real, utilizando su gran peso en el Congreso de los Diputados para que estos temas se pongan sobre la mesa. Y la mejor prueba est\u00e1 en esa falta de contenido. ERC ahora tendr\u00eda muy f\u00e1cil forzar la convocatoria de la mesa y proponer una agenda para la misma porque tiene la sart\u00e9n por el mango para que se apruebe el decreto ley sobre la\u00a0reforma laboral, que el PSOE no tiene ni de lejos garantizado que tenga una buena acogida en el Congreso, pero el partido de Aragon\u00e8s ya se ha precipitado a advertir que desvincula totalmente la mesa de di\u00e1logo de su voto en la reforma laboral. Es obvio que con este tipo de planteamiento la seriedad con la que el gobierno espa\u00f1ol y sus poderes f\u00e1cticos se toman las reivindicaciones catalanas es perfectamente descriptible.\u00a0El estado de la cuesti\u00f3n es transparente, pese a la falta de informaci\u00f3n, cuando el conseller de empresa y destacado l\u00edder de ERC, Roger Torrent, miembro de la mesa de di\u00e1logo, se ha negado a informar de los avances que all\u00ed ha habido con las negociaciones despu\u00e9s de la primera reuni\u00f3n que fue el 15 de septiembre de 2021. Si los catalanes y, en particular el gobierno, no se toman en serio sus propias posiciones y act\u00faan pol\u00edticamente de manera consecuente con lo que dicen reclamar, es absolutamente imposible que nadie nos tome en serio.\" \/>\n<meta property=\"og:url\" content=\"https:\/\/conversesacatalunya.cat\/es\/la-moncloa-y-erc-buscan-contenido-para-poder-reunir-la-mesa-de-dialogo\/\" \/>\n<meta property=\"og:site_name\" content=\"Converses a Catalunya\" \/>\n<meta property=\"article:published_time\" content=\"2022-01-11T11:38:57+00:00\" \/>\n<meta property=\"article:modified_time\" content=\"2022-01-11T14:07:35+00:00\" \/>\n<meta property=\"og:image\" content=\"https:\/\/conversesacatalunya.cat\/wp-content\/uploads\/2022\/01\/Taula-de-dialeg-1024x563-1.jpg\" \/>\n\t<meta property=\"og:image:width\" content=\"1024\" \/>\n\t<meta property=\"og:image:height\" content=\"563\" \/>\n\t<meta property=\"og:image:type\" content=\"image\/jpeg\" \/>\n<meta name=\"author\" content=\"conversesacatalunya\" \/>\n<meta name=\"twitter:card\" content=\"summary_large_image\" \/>\n<meta name=\"twitter:label1\" content=\"Escrito por\" \/>\n\t<meta name=\"twitter:data1\" content=\"conversesacatalunya\" \/>\n\t<meta name=\"twitter:label2\" content=\"Tiempo de lectura\" \/>\n\t<meta name=\"twitter:data2\" content=\"4 minutos\" \/>\n<script type=\"application\/ld+json\" class=\"yoast-schema-graph\">{\"@context\":\"https:\/\/schema.org\",\"@graph\":[{\"@type\":\"Article\",\"@id\":\"https:\/\/conversesacatalunya.cat\/es\/la-moncloa-y-erc-buscan-contenido-para-poder-reunir-la-mesa-de-dialogo\/#article\",\"isPartOf\":{\"@id\":\"https:\/\/conversesacatalunya.cat\/es\/la-moncloa-y-erc-buscan-contenido-para-poder-reunir-la-mesa-de-dialogo\/\"},\"author\":{\"name\":\"conversesacatalunya\",\"@id\":\"https:\/\/conversesacatalunya.cat\/#\/schema\/person\/7e24d1e54a2785373ddcb275eae5ed99\"},\"headline\":\"La Moncloa y ERC buscan contenido para poder reunir la mesa de di\u00e1logo\",\"datePublished\":\"2022-01-11T11:38:57+00:00\",\"dateModified\":\"2022-01-11T14:07:35+00:00\",\"mainEntityOfPage\":{\"@id\":\"https:\/\/conversesacatalunya.cat\/es\/la-moncloa-y-erc-buscan-contenido-para-poder-reunir-la-mesa-de-dialogo\/\"},\"wordCount\":807,\"commentCount\":0,\"image\":{\"@id\":\"https:\/\/conversesacatalunya.cat\/es\/la-moncloa-y-erc-buscan-contenido-para-poder-reunir-la-mesa-de-dialogo\/#primaryimage\"},\"thumbnailUrl\":\"https:\/\/conversesacatalunya.cat\/wp-content\/uploads\/2022\/01\/Taula-de-dialeg-1024x563-1.jpg\",\"keywords\":[\"Mesa de negociaciones\",\"Taula de di\u00e0leg\"],\"articleSection\":[\"Punts clau del dia (ES)\"],\"inLanguage\":\"es\",\"potentialAction\":[{\"@type\":\"CommentAction\",\"name\":\"Comment\",\"target\":[\"https:\/\/conversesacatalunya.cat\/es\/la-moncloa-y-erc-buscan-contenido-para-poder-reunir-la-mesa-de-dialogo\/#respond\"]}]},{\"@type\":\"WebPage\",\"@id\":\"https:\/\/conversesacatalunya.cat\/es\/la-moncloa-y-erc-buscan-contenido-para-poder-reunir-la-mesa-de-dialogo\/\",\"url\":\"https:\/\/conversesacatalunya.cat\/es\/la-moncloa-y-erc-buscan-contenido-para-poder-reunir-la-mesa-de-dialogo\/\",\"name\":\"La Moncloa y ERC buscan contenido para poder reunir la mesa de di\u00e1logo - Converses a Catalunya\",\"isPartOf\":{\"@id\":\"https:\/\/conversesacatalunya.cat\/#website\"},\"primaryImageOfPage\":{\"@id\":\"https:\/\/conversesacatalunya.cat\/es\/la-moncloa-y-erc-buscan-contenido-para-poder-reunir-la-mesa-de-dialogo\/#primaryimage\"},\"image\":{\"@id\":\"https:\/\/conversesacatalunya.cat\/es\/la-moncloa-y-erc-buscan-contenido-para-poder-reunir-la-mesa-de-dialogo\/#primaryimage\"},\"thumbnailUrl\":\"https:\/\/conversesacatalunya.cat\/wp-content\/uploads\/2022\/01\/Taula-de-dialeg-1024x563-1.jpg\",\"datePublished\":\"2022-01-11T11:38:57+00:00\",\"dateModified\":\"2022-01-11T14:07:35+00:00\",\"author\":{\"@id\":\"https:\/\/conversesacatalunya.cat\/#\/schema\/person\/7e24d1e54a2785373ddcb275eae5ed99\"},\"breadcrumb\":{\"@id\":\"https:\/\/conversesacatalunya.cat\/es\/la-moncloa-y-erc-buscan-contenido-para-poder-reunir-la-mesa-de-dialogo\/#breadcrumb\"},\"inLanguage\":\"es\",\"potentialAction\":[{\"@type\":\"ReadAction\",\"target\":[\"https:\/\/conversesacatalunya.cat\/es\/la-moncloa-y-erc-buscan-contenido-para-poder-reunir-la-mesa-de-dialogo\/\"]}]},{\"@type\":\"ImageObject\",\"inLanguage\":\"es\",\"@id\":\"https:\/\/conversesacatalunya.cat\/es\/la-moncloa-y-erc-buscan-contenido-para-poder-reunir-la-mesa-de-dialogo\/#primaryimage\",\"url\":\"https:\/\/conversesacatalunya.cat\/wp-content\/uploads\/2022\/01\/Taula-de-dialeg-1024x563-1.jpg\",\"contentUrl\":\"https:\/\/conversesacatalunya.cat\/wp-content\/uploads\/2022\/01\/Taula-de-dialeg-1024x563-1.jpg\",\"width\":1024,\"height\":563,\"caption\":\"taula de di\u00e0leg\"},{\"@type\":\"BreadcrumbList\",\"@id\":\"https:\/\/conversesacatalunya.cat\/es\/la-moncloa-y-erc-buscan-contenido-para-poder-reunir-la-mesa-de-dialogo\/#breadcrumb\",\"itemListElement\":[{\"@type\":\"ListItem\",\"position\":1,\"name\":\"Inici\",\"item\":\"https:\/\/conversesacatalunya.cat\/es\/\"},{\"@type\":\"ListItem\",\"position\":2,\"name\":\"La Moncloa y ERC buscan contenido para poder reunir la mesa de di\u00e1logo\"}]},{\"@type\":\"WebSite\",\"@id\":\"https:\/\/conversesacatalunya.cat\/#website\",\"url\":\"https:\/\/conversesacatalunya.cat\/\",\"name\":\"Converses a Catalunya\",\"description\":\"\",\"potentialAction\":[{\"@type\":\"SearchAction\",\"target\":{\"@type\":\"EntryPoint\",\"urlTemplate\":\"https:\/\/conversesacatalunya.cat\/?s={search_term_string}\"},\"query-input\":{\"@type\":\"PropertyValueSpecification\",\"valueRequired\":true,\"valueName\":\"search_term_string\"}}],\"inLanguage\":\"es\"},{\"@type\":\"Person\",\"@id\":\"https:\/\/conversesacatalunya.cat\/#\/schema\/person\/7e24d1e54a2785373ddcb275eae5ed99\",\"name\":\"conversesacatalunya\",\"image\":{\"@type\":\"ImageObject\",\"inLanguage\":\"es\",\"@id\":\"https:\/\/conversesacatalunya.cat\/#\/schema\/person\/image\/\",\"url\":\"https:\/\/conversesacatalunya.cat\/wp-content\/litespeed\/avatar\/febdfeeec89d950f01c748045a981dd2.jpg?ver=1777314535\",\"contentUrl\":\"https:\/\/conversesacatalunya.cat\/wp-content\/litespeed\/avatar\/febdfeeec89d950f01c748045a981dd2.jpg?ver=1777314535\",\"caption\":\"conversesacatalunya\"},\"url\":\"https:\/\/conversesacatalunya.cat\/es\/author\/carme_catala\/\"}]}<\/script>\n<!-- \/ Yoast SEO plugin. -->","yoast_head_json":{"title":"La Moncloa y ERC buscan contenido para poder reunir la mesa de di\u00e1logo - Converses a Catalunya","robots":{"index":"index","follow":"follow","max-snippet":"max-snippet:-1","max-image-preview":"max-image-preview:large","max-video-preview":"max-video-preview:-1"},"canonical":"https:\/\/conversesacatalunya.cat\/es\/la-moncloa-y-erc-buscan-contenido-para-poder-reunir-la-mesa-de-dialogo\/","og_locale":"es_ES","og_type":"article","og_title":"La Moncloa y ERC buscan contenido para poder reunir la mesa de di\u00e1logo - Converses a Catalunya","og_description":"El titular no es ninguna broma, si bien lo parece porque podr\u00eda dar pie a un anuncio en los peri\u00f3dicos tipo \u00abS\u00e1nchez y Aragon\u00e9s buscan contenido para la mesa de di\u00e1logo. Se recompensar\u00e1 a quien aporte propuestas concretas \u201d. El titular es la reproducci\u00f3n literal de lo que El Pa\u00eds public\u00f3 este domingo 9 de enero. Sin que, al parecer, despertara se\u00f1al alguna de alarma. No vamos bien. Si se encuentra normal que una mesa de di\u00e1logo, te\u00f3ricamente tan importante como para solucionar el conflicto con el independentismo, est\u00e9 dando vueltas sobre qu\u00e9 deben hablar para poder reunirse, es que algo muy profundo falla, y parece que esa mesa de di\u00e1logo sea un \u00abbluf\u00bb para entretener a la concurrencia. M\u00e1s bien, y todo esto ocurre como detalla con pelos y se\u00f1ales la informaci\u00f3n, pese a que existe un di\u00e1logo continuado entre la Moncloa y la Generalitat, sobre todo entre el ministro de Presidencia, F\u00e9lix Bola\u00f1os, y la consellera Laura Vilagr\u00e0.\u00a0Precisamente la informaci\u00f3n del diario gubernamental, El Pa\u00eds, tiene un especial inter\u00e9s en remarcar una y otra vez la\u00a0fluidez de la conversaci\u00f3n pol\u00edtica\u00a0entre ambas instancias. Tambi\u00e9n remarca que la Moncloa no tiene mucha prisa en reunir la mesa de di\u00e1logo, porque tiene otros temas m\u00e1s relevantes: La pandemia (a pesar de que no parece clara la importancia que en la pr\u00e1ctica le est\u00e1 dando gracias a la cogobernanza), los fondos europeos y, sobre todo, que esto ya no lo dice el diario gubernamental, a las pr\u00f3ximas elecciones en Castilla y Le\u00f3n. Y aqu\u00ed hay un detalle importante: la encuesta de El Pa\u00eds publicada este domingo y lunes a la que se puede acceder a sus tripas a trav\u00e9s de la web, se\u00f1ala en relaci\u00f3n al tema catal\u00e1n\u00a0dos aspectos importantes. Lo primero es que los encuestados consideran que el PSOE es el mejor preparado para resolver el problema catal\u00e1n. Y \u00e9ste es el titular. Lo que ya no se a\u00f1ade, y es realmente relevante, es la magnitud de quienes piensan as\u00ed, que son s\u00f3lo\u00a01 de cada 4. Es decir, las 3\/4 partes de la poblaci\u00f3n considera que no tiene la soluci\u00f3n en sus manos. Si seguimos esta l\u00f3gica relativa de qui\u00e9n es el primero y el segundo, prescindiendo de la migraci\u00f3n de los resultados, constataremos, y \u00e9ste es el punto de reflexi\u00f3n, que el segundo partido que los ciudadanos consideran mejor situado para resolver el problema de Catalunya es\u00a0Vox con un 18%. Todo est\u00e1 dicho, porque con esta perspectiva es explicable que el entusiasmo de S\u00e1nchez por la mesa de di\u00e1logo sea perfectamente descriptible. Y es que la cuesti\u00f3n de fondo es que este instrumento que sirve para hacer cr\u00f3nicas de prensa, es obvio que desde el principio es perfectamente in\u00fatil. Primero, porque en ning\u00fan caso el gobierno espa\u00f1ol har\u00e1 nada por satisfacer las peticiones republicanas de amnist\u00eda y refer\u00e9ndum. Si hay alguien que piense lo contrario que levante el dedo y lo cuente. Por otra parte,\u00a0ERC no tiene ning\u00fan inter\u00e9s en presionar de forma real, utilizando su gran peso en el Congreso de los Diputados para que estos temas se pongan sobre la mesa. Y la mejor prueba est\u00e1 en esa falta de contenido. ERC ahora tendr\u00eda muy f\u00e1cil forzar la convocatoria de la mesa y proponer una agenda para la misma porque tiene la sart\u00e9n por el mango para que se apruebe el decreto ley sobre la\u00a0reforma laboral, que el PSOE no tiene ni de lejos garantizado que tenga una buena acogida en el Congreso, pero el partido de Aragon\u00e8s ya se ha precipitado a advertir que desvincula totalmente la mesa de di\u00e1logo de su voto en la reforma laboral. Es obvio que con este tipo de planteamiento la seriedad con la que el gobierno espa\u00f1ol y sus poderes f\u00e1cticos se toman las reivindicaciones catalanas es perfectamente descriptible.\u00a0El estado de la cuesti\u00f3n es transparente, pese a la falta de informaci\u00f3n, cuando el conseller de empresa y destacado l\u00edder de ERC, Roger Torrent, miembro de la mesa de di\u00e1logo, se ha negado a informar de los avances que all\u00ed ha habido con las negociaciones despu\u00e9s de la primera reuni\u00f3n que fue el 15 de septiembre de 2021. Si los catalanes y, en particular el gobierno, no se toman en serio sus propias posiciones y act\u00faan pol\u00edticamente de manera consecuente con lo que dicen reclamar, es absolutamente imposible que nadie nos tome en serio.","og_url":"https:\/\/conversesacatalunya.cat\/es\/la-moncloa-y-erc-buscan-contenido-para-poder-reunir-la-mesa-de-dialogo\/","og_site_name":"Converses a Catalunya","article_published_time":"2022-01-11T11:38:57+00:00","article_modified_time":"2022-01-11T14:07:35+00:00","og_image":[{"width":1024,"height":563,"url":"https:\/\/conversesacatalunya.cat\/wp-content\/uploads\/2022\/01\/Taula-de-dialeg-1024x563-1.jpg","type":"image\/jpeg"}],"author":"conversesacatalunya","twitter_card":"summary_large_image","twitter_misc":{"Escrito por":"conversesacatalunya","Tiempo de lectura":"4 minutos"},"schema":{"@context":"https:\/\/schema.org","@graph":[{"@type":"Article","@id":"https:\/\/conversesacatalunya.cat\/es\/la-moncloa-y-erc-buscan-contenido-para-poder-reunir-la-mesa-de-dialogo\/#article","isPartOf":{"@id":"https:\/\/conversesacatalunya.cat\/es\/la-moncloa-y-erc-buscan-contenido-para-poder-reunir-la-mesa-de-dialogo\/"},"author":{"name":"conversesacatalunya","@id":"https:\/\/conversesacatalunya.cat\/#\/schema\/person\/7e24d1e54a2785373ddcb275eae5ed99"},"headline":"La Moncloa y ERC buscan contenido para poder reunir la mesa de di\u00e1logo","datePublished":"2022-01-11T11:38:57+00:00","dateModified":"2022-01-11T14:07:35+00:00","mainEntityOfPage":{"@id":"https:\/\/conversesacatalunya.cat\/es\/la-moncloa-y-erc-buscan-contenido-para-poder-reunir-la-mesa-de-dialogo\/"},"wordCount":807,"commentCount":0,"image":{"@id":"https:\/\/conversesacatalunya.cat\/es\/la-moncloa-y-erc-buscan-contenido-para-poder-reunir-la-mesa-de-dialogo\/#primaryimage"},"thumbnailUrl":"https:\/\/conversesacatalunya.cat\/wp-content\/uploads\/2022\/01\/Taula-de-dialeg-1024x563-1.jpg","keywords":["Mesa de negociaciones","Taula de di\u00e0leg"],"articleSection":["Punts clau del dia (ES)"],"inLanguage":"es","potentialAction":[{"@type":"CommentAction","name":"Comment","target":["https:\/\/conversesacatalunya.cat\/es\/la-moncloa-y-erc-buscan-contenido-para-poder-reunir-la-mesa-de-dialogo\/#respond"]}]},{"@type":"WebPage","@id":"https:\/\/conversesacatalunya.cat\/es\/la-moncloa-y-erc-buscan-contenido-para-poder-reunir-la-mesa-de-dialogo\/","url":"https:\/\/conversesacatalunya.cat\/es\/la-moncloa-y-erc-buscan-contenido-para-poder-reunir-la-mesa-de-dialogo\/","name":"La Moncloa y ERC buscan contenido para poder reunir la mesa de di\u00e1logo - Converses a Catalunya","isPartOf":{"@id":"https:\/\/conversesacatalunya.cat\/#website"},"primaryImageOfPage":{"@id":"https:\/\/conversesacatalunya.cat\/es\/la-moncloa-y-erc-buscan-contenido-para-poder-reunir-la-mesa-de-dialogo\/#primaryimage"},"image":{"@id":"https:\/\/conversesacatalunya.cat\/es\/la-moncloa-y-erc-buscan-contenido-para-poder-reunir-la-mesa-de-dialogo\/#primaryimage"},"thumbnailUrl":"https:\/\/conversesacatalunya.cat\/wp-content\/uploads\/2022\/01\/Taula-de-dialeg-1024x563-1.jpg","datePublished":"2022-01-11T11:38:57+00:00","dateModified":"2022-01-11T14:07:35+00:00","author":{"@id":"https:\/\/conversesacatalunya.cat\/#\/schema\/person\/7e24d1e54a2785373ddcb275eae5ed99"},"breadcrumb":{"@id":"https:\/\/conversesacatalunya.cat\/es\/la-moncloa-y-erc-buscan-contenido-para-poder-reunir-la-mesa-de-dialogo\/#breadcrumb"},"inLanguage":"es","potentialAction":[{"@type":"ReadAction","target":["https:\/\/conversesacatalunya.cat\/es\/la-moncloa-y-erc-buscan-contenido-para-poder-reunir-la-mesa-de-dialogo\/"]}]},{"@type":"ImageObject","inLanguage":"es","@id":"https:\/\/conversesacatalunya.cat\/es\/la-moncloa-y-erc-buscan-contenido-para-poder-reunir-la-mesa-de-dialogo\/#primaryimage","url":"https:\/\/conversesacatalunya.cat\/wp-content\/uploads\/2022\/01\/Taula-de-dialeg-1024x563-1.jpg","contentUrl":"https:\/\/conversesacatalunya.cat\/wp-content\/uploads\/2022\/01\/Taula-de-dialeg-1024x563-1.jpg","width":1024,"height":563,"caption":"taula de di\u00e0leg"},{"@type":"BreadcrumbList","@id":"https:\/\/conversesacatalunya.cat\/es\/la-moncloa-y-erc-buscan-contenido-para-poder-reunir-la-mesa-de-dialogo\/#breadcrumb","itemListElement":[{"@type":"ListItem","position":1,"name":"Inici","item":"https:\/\/conversesacatalunya.cat\/es\/"},{"@type":"ListItem","position":2,"name":"La Moncloa y ERC buscan contenido para poder reunir la mesa de di\u00e1logo"}]},{"@type":"WebSite","@id":"https:\/\/conversesacatalunya.cat\/#website","url":"https:\/\/conversesacatalunya.cat\/","name":"Converses a Catalunya","description":"","potentialAction":[{"@type":"SearchAction","target":{"@type":"EntryPoint","urlTemplate":"https:\/\/conversesacatalunya.cat\/?s={search_term_string}"},"query-input":{"@type":"PropertyValueSpecification","valueRequired":true,"valueName":"search_term_string"}}],"inLanguage":"es"},{"@type":"Person","@id":"https:\/\/conversesacatalunya.cat\/#\/schema\/person\/7e24d1e54a2785373ddcb275eae5ed99","name":"conversesacatalunya","image":{"@type":"ImageObject","inLanguage":"es","@id":"https:\/\/conversesacatalunya.cat\/#\/schema\/person\/image\/","url":"https:\/\/conversesacatalunya.cat\/wp-content\/litespeed\/avatar\/febdfeeec89d950f01c748045a981dd2.jpg?ver=1777314535","contentUrl":"https:\/\/conversesacatalunya.cat\/wp-content\/litespeed\/avatar\/febdfeeec89d950f01c748045a981dd2.jpg?ver=1777314535","caption":"conversesacatalunya"},"url":"https:\/\/conversesacatalunya.cat\/es\/author\/carme_catala\/"}]}},"wps_subtitle":"","_links":{"self":[{"href":"https:\/\/conversesacatalunya.cat\/es\/wp-json\/wp\/v2\/posts\/53793","targetHints":{"allow":["GET"]}}],"collection":[{"href":"https:\/\/conversesacatalunya.cat\/es\/wp-json\/wp\/v2\/posts"}],"about":[{"href":"https:\/\/conversesacatalunya.cat\/es\/wp-json\/wp\/v2\/types\/post"}],"author":[{"embeddable":true,"href":"https:\/\/conversesacatalunya.cat\/es\/wp-json\/wp\/v2\/users\/2"}],"replies":[{"embeddable":true,"href":"https:\/\/conversesacatalunya.cat\/es\/wp-json\/wp\/v2\/comments?post=53793"}],"version-history":[{"count":2,"href":"https:\/\/conversesacatalunya.cat\/es\/wp-json\/wp\/v2\/posts\/53793\/revisions"}],"predecessor-version":[{"id":53795,"href":"https:\/\/conversesacatalunya.cat\/es\/wp-json\/wp\/v2\/posts\/53793\/revisions\/53795"}],"wp:featuredmedia":[{"embeddable":true,"href":"https:\/\/conversesacatalunya.cat\/es\/wp-json\/wp\/v2\/media\/53784"}],"wp:attachment":[{"href":"https:\/\/conversesacatalunya.cat\/es\/wp-json\/wp\/v2\/media?parent=53793"}],"wp:term":[{"taxonomy":"category","embeddable":true,"href":"https:\/\/conversesacatalunya.cat\/es\/wp-json\/wp\/v2\/categories?post=53793"},{"taxonomy":"post_tag","embeddable":true,"href":"https:\/\/conversesacatalunya.cat\/es\/wp-json\/wp\/v2\/tags?post=53793"}],"curies":[{"name":"wp","href":"https:\/\/api.w.org\/{rel}","templated":true}]}}