{"id":53789,"date":"2022-01-11T12:08:52","date_gmt":"2022-01-11T11:08:52","guid":{"rendered":"https:\/\/conversesacatalunya.cat\/emmanuel-macron-populisme-elitista\/"},"modified":"2022-01-11T14:20:14","modified_gmt":"2022-01-11T13:20:14","slug":"emmanuel-macron-o-el-populismo-en-version-elitista","status":"publish","type":"post","link":"https:\/\/conversesacatalunya.cat\/es\/emmanuel-macron-o-el-populismo-en-version-elitista\/","title":{"rendered":"Emmanuel Macron o el populismo en versi\u00f3n elitista"},"content":{"rendered":"<p><span>La semana pasada, unas declaraciones de Emmanuel Macron tuvieron mucho eco en nuestro pa\u00eds.\u00a0El presidente franc\u00e9s afirm\u00f3 que ten\u00eda ganas de \u00abjoder\u00bb (<\/span><em><span>emmerder<\/span><\/em><span> ) a los no vacunados hasta \u00abel final\u00bb, a\u00f1adiendo que no los considera \u00abciudadanos\u00bb franceses.<\/span><\/p>\n<p><span>Lo cierto es que nunca durante la quinta rep\u00fablica instaurada por Charles de Gaulle,\u00a0<\/span><strong><span>ning\u00fan presidente franc\u00e9s hab\u00eda ido tan lejos estigmatizando una categor\u00eda de ciudadanos de su propio pa\u00eds<\/span><\/strong><span>.<\/span><\/p>\n<blockquote><p><span><span class=\"\">Macron nunca ha negado la ciudadan\u00eda a terroristas, traficantes de droga o islamistas radicales, pero s\u00ed que lo ha hecho contra aquellos que, por motivos diversos, no han tomado la vacuna contra la Covid.<\/span><\/span><\/p><\/blockquote>\n<p><span>La vulgaridad de la expresi\u00f3n utilizada ha chocado tanto en el interior como en el exterior de Francia.\u00a0<span class=\"goog-text-highlight\">Pero\u00a0<\/span><\/span><strong><span><span class=\"goog-text-highlight\">lo m\u00e1s grave es la negaci\u00f3n de la ciudadan\u00eda<\/span><\/span><\/strong><span><span class=\"goog-text-highlight\">, al menos de forma simb\u00f3lica, a los cinco millones de franceses que no se han vacunado contra la Covid-19.\u00a0<\/span>Macron nunca ha negado la ciudadan\u00eda a terroristas, traficantes de droga o islamistas radicales, pero s\u00ed que lo ha hecho contra aquellos que, por motivos diversos, no han tomado la vacuna contra la Covid.<\/span><\/p>\n<p><span>Una vacuna que, pese a su inmenso valor para salvar vidas, ha demostrado ser un\u00a0<\/span><strong><span>instrumento ineficaz para controlar la pandemia<\/span><\/strong><span>.\u00a0Es por tanto y en la actual situaci\u00f3n de una utilidad p\u00fablica que es necesario relativizar, y que es en realidad marginal entre las franjas de edad j\u00f3venes.<\/span><\/p>\n<p><span><span class=\"goog-text-highlight\">Para entender las declaraciones del presidente franc\u00e9s es necesario hacer referencia a la situaci\u00f3n pol\u00edtica, no sanitaria, del pa\u00eds vecino.\u00a0<\/span>En Francia mucho m\u00e1s que en otros pa\u00edses europeos,\u00a0<\/span><strong><span>el gobierno lo ha apostado todo en la vacunaci\u00f3n y en particular en su pase sanitario<\/span><\/strong><span> (<\/span><em><span>pass sanitario<\/span><\/em><span>), concebido desde el principio como una herramienta para empujar a la vacunaci\u00f3n.<\/span><\/p>\n<p><span>Este pase es necesario incluso para tomar un caf\u00e9 en una terraza, para entrar en los museos o para tomar un tren de alta velocidad.\u00a0Y Francia fue el primer pa\u00eds europeo que lo impuso a escala general el pasado mes de julio.<\/span><\/p>\n<div class=\"code-block code-block-5\">\n<div class=\"a-single a-17\">\n<blockquote><p>Pese a obtener unos resultados muy mediocres, con m\u00e1s muertes de Covid por 100.000 habitantes que Espa\u00f1a desde hace meses, el gobierno franc\u00e9s ha seguido fiando toda su pol\u00edtica contra la pandemia en el pase sanitario<\/p><\/blockquote>\n<p>A pesar de obtener unos resultados mediocres, con m\u00e1s muertes de Covid por 100.000 habitantes que Espa\u00f1a desde hace meses, el gobierno franc\u00e9s ha seguido fiando toda su pol\u00edtica contra la pandemia en el pase sanitario,\u00a0<strong>haci\u00e9ndolo progresivamente m\u00e1s estricto<\/strong>.<\/p>\n<p>Desde octubre, los no vacunados deben pagar por hacerse tests PCR y de ant\u00edgenos (que siguen siendo gratuitos para los vacunados contra la Covid-19), y a partir del 15 de enero las pruebas diagn\u00f3sticas ya no ser\u00e1n v\u00e1lidas para obtener el pase sanitario parar un per\u00edodo de tiempo limitado. Con esta \u00faltima modificaci\u00f3n, el documento pasar\u00e1 a ser un \u201c <strong>pase vaccinal<\/strong>\u00a0\u201d.<\/p>\n<p>La obsesi\u00f3n del gobierno Macron con el pase, y la dureza de sus \u00faltimas declaraciones (de las que a\u00f1adi\u00f3 recientemente que no se arrepent\u00eda en absoluto) deja entrever un\u00a0<strong>profundo desprecio<\/strong>\u00a0hacia los que no piensan como \u00e9l.\u00a0Pero al mismo tiempo entusiasma a sus seguidores, un segmento de la poblaci\u00f3n que se estima\u00a0<strong>entre un 20 y un 25% del cuerpo electoral franc\u00e9s.<\/strong><\/p>\n<span class='bctt-click-to-tweet'><span class='bctt-ctt-text'><a href='https:\/\/twitter.com\/intent\/tweet?url=https%3A%2F%2Fconversesacatalunya.cat%2Fes%2Femmanuel-macron-o-el-populismo-en-version-elitista%2F&#038;text=A%20Macron%20le%20encanta%20excitar%20a%20su%20electorado%2C%20y%20lo%20hace%20de%20una%20forma%20muy%20similar%20a%20la%20de%20Donald%20Trump&#038;via=conversesacat&#038;related=conversesacat' target='_blank'rel=\"noopener noreferrer\">A Macron le encanta excitar a su electorado, y lo hace de una forma muy similar a la de Donald Trump <\/a><\/span><a href='https:\/\/twitter.com\/intent\/tweet?url=https%3A%2F%2Fconversesacatalunya.cat%2Fes%2Femmanuel-macron-o-el-populismo-en-version-elitista%2F&#038;text=A%20Macron%20le%20encanta%20excitar%20a%20su%20electorado%2C%20y%20lo%20hace%20de%20una%20forma%20muy%20similar%20a%20la%20de%20Donald%20Trump&#038;via=conversesacat&#038;related=conversesacat' target='_blank' class='bctt-ctt-btn'rel=\"noopener noreferrer\">Compartir en X<\/a><\/span>\n<p><span>A Macron le encanta excitar a su electorado, y lo hace de una forma muy similar a la de Donald Trump:\u00a0<\/span><strong><span>a trav\u00e9s de una estrategia de comunicaci\u00f3n profundamente agresiva, basada en la humillaci\u00f3n de sus rivales<\/span><\/strong><span>.<\/span><\/p>\n<blockquote><p><span>El ataque a una parte de los miembros de una sociedad, a fin de separarla entre buenos y malos, es un rasgo que la mayor parte de los polit\u00f3logos utilizan para describir el fen\u00f3meno populista<\/span><\/p><\/blockquote>\n<p><span>El ataque a una parte de los miembros de una sociedad, a fin de separarla entre buenos y malos,\u00a0<\/span><strong><span>nosotros y los dem\u00e1s<\/span><\/strong><span>, es un rasgo que la mayor parte de polit\u00f3logos utilizan para describir el\u00a0<\/span><strong><span>fen\u00f3meno populista<\/span><\/strong><span>. Ahora bien, cuando se habla de populismo (ya sea de izquierdas o de derechas), esta divisi\u00f3n suele hacerse entre las clases populares y una \u00e9lite desconectada de la realidad y ego\u00edsta, que se sirve \u00fanicamente a s\u00ed misma.<\/span><\/p>\n<p><span>Pues bien,\u00a0<\/span><strong><span>Macron es populista en el sentido contrario<\/span><\/strong><span>: desprecia a las clases populares, especialmente cuando est\u00e1n compuestas por franceses de ra\u00edces aut\u00f3ctonas, y defiende los intereses de una \u00e9lite urbana, supuestamente educada y que ocupa cargos de responsabilidad tanto en el sector privado como en el sector p\u00fablico. Arnaud Benedetti, profesor en la Sorbona,\u00a0<\/span><a href=\"https:\/\/www.lefigaro.fr\/vox\/politique\/arnaud-benedetti-le-macronisme-est-le-trumpisme-des-elites-20220105\" target=\"_blank\" rel=\"noopener\"><span>afirma<\/span><\/a><span>\u00a0de hecho que\u00a0<\/span><strong><span>\u00abel macronismo es el trumpismo de las \u00e9lites\u00bb.<\/span><\/strong><\/p>\n<p><span>Con una base de apoyos insuficiente para ganar con ella unas elecciones democr\u00e1ticas, Macron juega con las divisiones de la sociedad francesa, profundamente fragmentada, para mantenerse en el poder.<\/span><\/p>\n<p><span>Los paralelismos entre el estilo de Macron y el populismo no terminan aqu\u00ed.<\/span><\/p>\n<p><span>Durante la campa\u00f1a electoral en 2017, Emmanuel Macron\u00a0<\/span><strong><span>no dispon\u00eda de programa electoral<\/span><\/strong><span>, basaba su discurso en grandes esl\u00f3ganes y jugaba fuertemente con las emociones a trav\u00e9s de declaraciones grandilocuentes y de una puesta en escena muy cuidada como arma para ganar electores.<\/span><\/p>\n<blockquote><p><span>La obra de gobierno de Macron, sin cimientos fuertes ni prioridades establecidas, ha sido ca\u00f3tica<\/span><\/p><\/blockquote>\n<p><span>Son todos ellos rasgos de los l\u00edderes populistas, como tambi\u00e9n lo es que, una vez elegido presidente, su obra de gobierno, sin fundamentos fuertes ni prioridades establecidas, ha sido <\/span><strong><span>ca\u00f3tica<\/span><\/strong><span>.<\/span><\/p>\n<p><span>En determinados aspectos tuvo que dar marcha atr\u00e1s ante la presi\u00f3n social (chalecos amarillos), pero en la mayor parte de grandes retos de la sociedad actual (demograf\u00eda, reindustrializaci\u00f3n, justicia y seguridad, etc.) ha demostrado\u00a0<\/span><strong><span>una capacidad de iniciativa pr\u00e1cticamente nulo<\/span><\/strong><span>.\u00a0Su balance, a pocos meses de terminar el mandato, es francamente negativo, como\u00a0<\/span><em><span>Converses<\/span><\/em><span>\u00a0ya ha analizado en otro\u00a0<\/span><a href=\"https:\/\/conversesacatalunya.cat\/es\/francia-un-balance-demoledor-de-la-presidencia-de-emmanuel-macron\/\" target=\"_blank\" rel=\"noopener\"><span>art\u00edculo<\/span><\/a><span>\u00a0reciente.<\/span><\/p>\n<p><span>Ideol\u00f3gicamente hablando, Macron es muy flexible, pero suele estar\u00a0<\/span><strong><span>en comuni\u00f3n con los postulados de lo pol\u00edticamente correcto<\/span><\/strong><span>, ya sea en cuestiones de familia (ha legalizado la procreaci\u00f3n asistida para parejas lesbianas) o culturales (la marginaci\u00f3n de la tradici\u00f3n cat\u00f3lica propia de las izquierdas laicistas francesas ha proseguido).<\/span><\/p>\n<p><span>Todos estos rasgos hacen que el presidente franc\u00e9s pueda ser catalogado como un\u00a0<\/span><strong><span>populista de \u00e9lite<\/span><\/strong><span>, una corriente que se podr\u00eda resumir en tres caracter\u00edsticas: primera, juega a dividir la sociedad entre buenos (las clases acomodadas e \u201cinnovadoras\u201d) y malos (el pueblo inculto y refractario); segunda, llegado al poder se limita a su propia preservaci\u00f3n;\u00a0y tercera, comulga con los postulados de lo pol\u00edticamente correcto y por tanto contribuye al debilitamiento y desvinculaci\u00f3n de la sociedad.<\/span><\/p>\n<\/div>\n<\/div>\n<div id=\"polls-133\" class=\"wp-polls\">\n\t<form id=\"polls_form_133\" class=\"wp-polls-form\" action=\"\/index.php\" method=\"post\">\n\t\t<p style=\"display: none;\"><input type=\"hidden\" id=\"poll_133_nonce\" name=\"wp-polls-nonce\" value=\"37a7bd3a83\" \/><\/p>\n\t\t<p style=\"display: none;\"><input type=\"hidden\" name=\"poll_id\" value=\"133\" \/><\/p>\n\t\t<p style=\"text-align: center\"><strong>Creus que la taula de di\u00e0leg tindr\u00e0 algun resultat bo per a Catalunya?<\/strong><\/p><div id=\"polls-133-ans\" class=\"wp-polls-ans\"><ul class=\"wp-polls-ul\">\n\t\t<li><input type=\"radio\" id=\"poll-answer-334\" name=\"poll_133\" value=\"334\" \/> <label for=\"poll-answer-334\">S\u00ed<\/label><\/li>\n\t\t<li><input type=\"radio\" id=\"poll-answer-335\" name=\"poll_133\" value=\"335\" \/> <label for=\"poll-answer-335\">No<\/label><\/li>\n\t\t<li><input type=\"radio\" id=\"poll-answer-336\" name=\"poll_133\" value=\"336\" \/> <label for=\"poll-answer-336\">No ho s\u00e9<\/label><\/li>\n\t\t<\/ul><p style=\"text-align: center\"><input type=\"button\" name=\"vote\" value=\"   Vota   \" class=\"Buttons\" onclick=\"poll_vote(133);\" \/><\/p><p style=\"text-align: center\"><a href=\"#ViewPollResults\" onclick=\"poll_result(133); return false;\" title=\"View Results Of This Poll\">Mira els resultats<\/a><\/p><\/div>\n\t<\/form>\n<\/div>\n<div id=\"polls-133-loading\" class=\"wp-polls-loading\"><img decoding=\"async\" data-src=\"https:\/\/conversesacatalunya.cat\/wp-content\/plugins\/wp-polls\/images\/loading.gif\" width=\"16\" height=\"16\" alt=\"Cargando ...\" title=\"Cargando ...\" class=\"wp-polls-image lazyload\" src=\"data:image\/svg+xml;base64,PHN2ZyB3aWR0aD0iMSIgaGVpZ2h0PSIxIiB4bWxucz0iaHR0cDovL3d3dy53My5vcmcvMjAwMC9zdmciPjwvc3ZnPg==\" style=\"--smush-placeholder-width: 16px; --smush-placeholder-aspect-ratio: 16\/16;\" \/>&nbsp;Cargando ...<\/div>\n\n","protected":false},"excerpt":{"rendered":"<p>La semana pasada, unas declaraciones de Emmanuel Macron tuvieron mucho eco en nuestro pa\u00eds.\u00a0El presidente franc\u00e9s afirm\u00f3 que ten\u00eda ganas de \u00abjoder\u00bb (emmerder ) a los no vacunados hasta \u00abel final\u00bb, a\u00f1adiendo que no los considera \u00abciudadanos\u00bb franceses. Lo cierto es que nunca durante la quinta rep\u00fablica instaurada por Charles de Gaulle,\u00a0ning\u00fan presidente franc\u00e9s hab\u00eda ido tan lejos estigmatizando una categor\u00eda de ciudadanos de su propio pa\u00eds. Macron nunca ha negado la ciudadan\u00eda a terroristas, traficantes de droga o islamistas radicales, pero s\u00ed que lo ha hecho contra aquellos que, por motivos diversos, no han tomado la vacuna contra la Covid. La vulgaridad de la expresi\u00f3n utilizada ha chocado tanto en el interior como en el exterior de Francia.\u00a0Pero\u00a0lo m\u00e1s grave es la negaci\u00f3n de la ciudadan\u00eda, al menos de forma simb\u00f3lica, a los cinco millones de franceses que no se han vacunado contra la Covid-19.\u00a0Macron nunca ha negado la ciudadan\u00eda a terroristas, traficantes de droga o islamistas radicales, pero s\u00ed que lo ha hecho contra aquellos que, por motivos diversos, no han tomado la vacuna contra la Covid. Una vacuna que, pese a su inmenso valor para salvar vidas, ha demostrado ser un\u00a0instrumento ineficaz para controlar la pandemia.\u00a0Es por tanto y en la actual situaci\u00f3n de una utilidad p\u00fablica que es necesario relativizar, y que es en realidad marginal entre las franjas de edad j\u00f3venes. Para entender las declaraciones del presidente franc\u00e9s es necesario hacer referencia a la situaci\u00f3n pol\u00edtica, no sanitaria, del pa\u00eds vecino.\u00a0En Francia mucho m\u00e1s que en otros pa\u00edses europeos,\u00a0el gobierno lo ha apostado todo en la vacunaci\u00f3n y en particular en su pase sanitario (pass sanitario), concebido desde el principio como una herramienta para empujar a la vacunaci\u00f3n. Este pase es necesario incluso para tomar un caf\u00e9 en una terraza, para entrar en los museos o para tomar un tren de alta velocidad.\u00a0Y Francia fue el primer pa\u00eds europeo que lo impuso a escala general el pasado mes de julio. Pese a obtener unos resultados muy mediocres, con m\u00e1s muertes de Covid por 100.000 habitantes que Espa\u00f1a desde hace meses, el gobierno franc\u00e9s ha seguido fiando toda su pol\u00edtica contra la pandemia en el pase sanitario A pesar de obtener unos resultados mediocres, con m\u00e1s muertes de Covid por 100.000 habitantes que Espa\u00f1a desde hace meses, el gobierno franc\u00e9s ha seguido fiando toda su pol\u00edtica contra la pandemia en el pase sanitario,\u00a0haci\u00e9ndolo progresivamente m\u00e1s estricto. Desde octubre, los no vacunados deben pagar por hacerse tests PCR y de ant\u00edgenos (que siguen siendo gratuitos para los vacunados contra la Covid-19), y a partir del 15 de enero las pruebas diagn\u00f3sticas ya no ser\u00e1n v\u00e1lidas para obtener el pase sanitario parar un per\u00edodo de tiempo limitado. Con esta \u00faltima modificaci\u00f3n, el documento pasar\u00e1 a ser un \u201c pase vaccinal\u00a0\u201d. La obsesi\u00f3n del gobierno Macron con el pase, y la dureza de sus \u00faltimas declaraciones (de las que a\u00f1adi\u00f3 recientemente que no se arrepent\u00eda en absoluto) deja entrever un\u00a0profundo desprecio\u00a0hacia los que no piensan como \u00e9l.\u00a0Pero al mismo tiempo entusiasma a sus seguidores, un segmento de la poblaci\u00f3n que se estima\u00a0entre un 20 y un 25% del cuerpo electoral franc\u00e9s. A Macron le encanta excitar a su electorado, y lo hace de una forma muy similar a la de Donald Trump:\u00a0a trav\u00e9s de una estrategia de comunicaci\u00f3n profundamente agresiva, basada en la humillaci\u00f3n de sus rivales. El ataque a una parte de los miembros de una sociedad, a fin de separarla entre buenos y malos, es un rasgo que la mayor parte de los polit\u00f3logos utilizan para describir el fen\u00f3meno populista El ataque a una parte de los miembros de una sociedad, a fin de separarla entre buenos y malos,\u00a0nosotros y los dem\u00e1s, es un rasgo que la mayor parte de polit\u00f3logos utilizan para describir el\u00a0fen\u00f3meno populista. Ahora bien, cuando se habla de populismo (ya sea de izquierdas o de derechas), esta divisi\u00f3n suele hacerse entre las clases populares y una \u00e9lite desconectada de la realidad y ego\u00edsta, que se sirve \u00fanicamente a s\u00ed misma. Pues bien,\u00a0Macron es populista en el sentido contrario: desprecia a las clases populares, especialmente cuando est\u00e1n compuestas por franceses de ra\u00edces aut\u00f3ctonas, y defiende los intereses de una \u00e9lite urbana, supuestamente educada y que ocupa cargos de responsabilidad tanto en el sector privado como en el sector p\u00fablico. Arnaud Benedetti, profesor en la Sorbona,\u00a0afirma\u00a0de hecho que\u00a0\u00abel macronismo es el trumpismo de las \u00e9lites\u00bb. Con una base de apoyos insuficiente para ganar con ella unas elecciones democr\u00e1ticas, Macron juega con las divisiones de la sociedad francesa, profundamente fragmentada, para mantenerse en el poder. Los paralelismos entre el estilo de Macron y el populismo no terminan aqu\u00ed. Durante la campa\u00f1a electoral en 2017, Emmanuel Macron\u00a0no dispon\u00eda de programa electoral, basaba su discurso en grandes esl\u00f3ganes y jugaba fuertemente con las emociones a trav\u00e9s de declaraciones grandilocuentes y de una puesta en escena muy cuidada como arma para ganar electores. La obra de gobierno de Macron, sin cimientos fuertes ni prioridades establecidas, ha sido ca\u00f3tica Son todos ellos rasgos de los l\u00edderes populistas, como tambi\u00e9n lo es que, una vez elegido presidente, su obra de gobierno, sin fundamentos fuertes ni prioridades establecidas, ha sido ca\u00f3tica. En determinados aspectos tuvo que dar marcha atr\u00e1s ante la presi\u00f3n social (chalecos amarillos), pero en la mayor parte de grandes retos de la sociedad actual (demograf\u00eda, reindustrializaci\u00f3n, justicia y seguridad, etc.) ha demostrado\u00a0una capacidad de iniciativa pr\u00e1cticamente nulo.\u00a0Su balance, a pocos meses de terminar el mandato, es francamente negativo, como\u00a0Converses\u00a0ya ha analizado en otro\u00a0art\u00edculo\u00a0reciente. Ideol\u00f3gicamente hablando, Macron es muy flexible, pero suele estar\u00a0en comuni\u00f3n con los postulados de lo pol\u00edticamente correcto, ya sea en cuestiones de familia (ha legalizado la procreaci\u00f3n asistida para parejas lesbianas) o culturales (la marginaci\u00f3n de la tradici\u00f3n cat\u00f3lica propia de las izquierdas laicistas francesas ha proseguido). Todos estos rasgos hacen que el presidente franc\u00e9s pueda ser catalogado como un\u00a0populista de \u00e9lite, una corriente que se podr\u00eda resumir en tres caracter\u00edsticas: primera, juega a dividir la sociedad entre buenos (las clases acomodadas e \u201cinnovadoras\u201d) y&#8230;<\/p>\n","protected":false},"author":67,"featured_media":53735,"comment_status":"open","ping_status":"open","sticky":false,"template":"","format":"standard","meta":{"_FSMCFIC_featured_image_caption":"","_FSMCFIC_featured_image_nocaption":"","_FSMCFIC_featured_image_hide":"","footnotes":""},"categories":[806],"tags":[1913,3510,1090,4368],"class_list":["post-53789","post","type-post","status-publish","format-standard","has-post-thumbnail","hentry","category-punts-claus-del-dia-es","tag-covid-19-es","tag-emmanuel-macron-es","tag-franca-es","tag-populisme-es"],"yoast_head":"<!-- This site is optimized with the Yoast SEO plugin v26.8 - https:\/\/yoast.com\/product\/yoast-seo-wordpress\/ -->\n<title>Emmanuel Macron o el populismo en versi\u00f3n elitista - Converses a Catalunya<\/title>\n<meta name=\"description\" content=\"Macron nunca ha negado la ciudadan\u00eda a terroristas, traficantes de droga o islamistas radicales, pero s\u00ed lo ha hecho contra los no vacunados\" \/>\n<meta name=\"robots\" content=\"index, follow, max-snippet:-1, max-image-preview:large, max-video-preview:-1\" \/>\n<link rel=\"canonical\" href=\"https:\/\/conversesacatalunya.cat\/es\/emmanuel-macron-o-el-populismo-en-version-elitista\/\" \/>\n<meta property=\"og:locale\" content=\"es_ES\" \/>\n<meta property=\"og:type\" content=\"article\" \/>\n<meta property=\"og:title\" content=\"Emmanuel Macron o el populismo en versi\u00f3n elitista - Converses a Catalunya\" \/>\n<meta property=\"og:description\" content=\"Macron nunca ha negado la ciudadan\u00eda a terroristas, traficantes de droga o islamistas radicales, pero s\u00ed lo ha hecho contra los no vacunados\" \/>\n<meta property=\"og:url\" content=\"https:\/\/conversesacatalunya.cat\/es\/emmanuel-macron-o-el-populismo-en-version-elitista\/\" \/>\n<meta property=\"og:site_name\" content=\"Converses a Catalunya\" \/>\n<meta property=\"article:published_time\" content=\"2022-01-11T11:08:52+00:00\" \/>\n<meta property=\"article:modified_time\" content=\"2022-01-11T13:20:14+00:00\" \/>\n<meta property=\"og:image\" content=\"https:\/\/conversesacatalunya.cat\/wp-content\/uploads\/2022\/01\/phpAv6Ayj.jpg\" \/>\n\t<meta property=\"og:image:width\" content=\"1200\" \/>\n\t<meta property=\"og:image:height\" content=\"1200\" \/>\n\t<meta property=\"og:image:type\" content=\"image\/jpeg\" \/>\n<meta name=\"author\" content=\"conversesacatalunya\" \/>\n<meta name=\"twitter:card\" content=\"summary_large_image\" \/>\n<meta name=\"twitter:label1\" content=\"Escrito por\" \/>\n\t<meta name=\"twitter:data1\" content=\"conversesacatalunya\" \/>\n\t<meta name=\"twitter:label2\" content=\"Tiempo de lectura\" \/>\n\t<meta name=\"twitter:data2\" content=\"6 minutos\" \/>\n<script type=\"application\/ld+json\" class=\"yoast-schema-graph\">{\"@context\":\"https:\/\/schema.org\",\"@graph\":[{\"@type\":\"Article\",\"@id\":\"https:\/\/conversesacatalunya.cat\/es\/emmanuel-macron-o-el-populismo-en-version-elitista\/#article\",\"isPartOf\":{\"@id\":\"https:\/\/conversesacatalunya.cat\/es\/emmanuel-macron-o-el-populismo-en-version-elitista\/\"},\"author\":{\"name\":\"conversesacatalunya\",\"@id\":\"https:\/\/conversesacatalunya.cat\/#\/schema\/person\/c5a8ffe796b1512764aeb6d6d6fa0fc7\"},\"headline\":\"Emmanuel Macron o el populismo en versi\u00f3n elitista\",\"datePublished\":\"2022-01-11T11:08:52+00:00\",\"dateModified\":\"2022-01-11T13:20:14+00:00\",\"mainEntityOfPage\":{\"@id\":\"https:\/\/conversesacatalunya.cat\/es\/emmanuel-macron-o-el-populismo-en-version-elitista\/\"},\"wordCount\":1187,\"commentCount\":0,\"image\":{\"@id\":\"https:\/\/conversesacatalunya.cat\/es\/emmanuel-macron-o-el-populismo-en-version-elitista\/#primaryimage\"},\"thumbnailUrl\":\"https:\/\/conversesacatalunya.cat\/wp-content\/uploads\/2022\/01\/phpAv6Ayj.jpg\",\"keywords\":[\"Covid-19\",\"Emmanuel Macron\",\"Fran\u00e7a\",\"populisme\"],\"articleSection\":[\"Punts clau del dia (ES)\"],\"inLanguage\":\"es\",\"potentialAction\":[{\"@type\":\"CommentAction\",\"name\":\"Comment\",\"target\":[\"https:\/\/conversesacatalunya.cat\/es\/emmanuel-macron-o-el-populismo-en-version-elitista\/#respond\"]}]},{\"@type\":\"WebPage\",\"@id\":\"https:\/\/conversesacatalunya.cat\/es\/emmanuel-macron-o-el-populismo-en-version-elitista\/\",\"url\":\"https:\/\/conversesacatalunya.cat\/es\/emmanuel-macron-o-el-populismo-en-version-elitista\/\",\"name\":\"Emmanuel Macron o el populismo en versi\u00f3n elitista - Converses a Catalunya\",\"isPartOf\":{\"@id\":\"https:\/\/conversesacatalunya.cat\/#website\"},\"primaryImageOfPage\":{\"@id\":\"https:\/\/conversesacatalunya.cat\/es\/emmanuel-macron-o-el-populismo-en-version-elitista\/#primaryimage\"},\"image\":{\"@id\":\"https:\/\/conversesacatalunya.cat\/es\/emmanuel-macron-o-el-populismo-en-version-elitista\/#primaryimage\"},\"thumbnailUrl\":\"https:\/\/conversesacatalunya.cat\/wp-content\/uploads\/2022\/01\/phpAv6Ayj.jpg\",\"datePublished\":\"2022-01-11T11:08:52+00:00\",\"dateModified\":\"2022-01-11T13:20:14+00:00\",\"author\":{\"@id\":\"https:\/\/conversesacatalunya.cat\/#\/schema\/person\/c5a8ffe796b1512764aeb6d6d6fa0fc7\"},\"description\":\"Macron nunca ha negado la ciudadan\u00eda a terroristas, traficantes de droga o islamistas radicales, pero s\u00ed lo ha hecho contra los no vacunados\",\"breadcrumb\":{\"@id\":\"https:\/\/conversesacatalunya.cat\/es\/emmanuel-macron-o-el-populismo-en-version-elitista\/#breadcrumb\"},\"inLanguage\":\"es\",\"potentialAction\":[{\"@type\":\"ReadAction\",\"target\":[\"https:\/\/conversesacatalunya.cat\/es\/emmanuel-macron-o-el-populismo-en-version-elitista\/\"]}]},{\"@type\":\"ImageObject\",\"inLanguage\":\"es\",\"@id\":\"https:\/\/conversesacatalunya.cat\/es\/emmanuel-macron-o-el-populismo-en-version-elitista\/#primaryimage\",\"url\":\"https:\/\/conversesacatalunya.cat\/wp-content\/uploads\/2022\/01\/phpAv6Ayj.jpg\",\"contentUrl\":\"https:\/\/conversesacatalunya.cat\/wp-content\/uploads\/2022\/01\/phpAv6Ayj.jpg\",\"width\":1200,\"height\":1200,\"caption\":\"Macron\"},{\"@type\":\"BreadcrumbList\",\"@id\":\"https:\/\/conversesacatalunya.cat\/es\/emmanuel-macron-o-el-populismo-en-version-elitista\/#breadcrumb\",\"itemListElement\":[{\"@type\":\"ListItem\",\"position\":1,\"name\":\"Inici\",\"item\":\"https:\/\/conversesacatalunya.cat\/es\/\"},{\"@type\":\"ListItem\",\"position\":2,\"name\":\"Emmanuel Macron o el populismo en versi\u00f3n elitista\"}]},{\"@type\":\"WebSite\",\"@id\":\"https:\/\/conversesacatalunya.cat\/#website\",\"url\":\"https:\/\/conversesacatalunya.cat\/\",\"name\":\"Converses a Catalunya\",\"description\":\"\",\"potentialAction\":[{\"@type\":\"SearchAction\",\"target\":{\"@type\":\"EntryPoint\",\"urlTemplate\":\"https:\/\/conversesacatalunya.cat\/?s={search_term_string}\"},\"query-input\":{\"@type\":\"PropertyValueSpecification\",\"valueRequired\":true,\"valueName\":\"search_term_string\"}}],\"inLanguage\":\"es\"},{\"@type\":\"Person\",\"@id\":\"https:\/\/conversesacatalunya.cat\/#\/schema\/person\/c5a8ffe796b1512764aeb6d6d6fa0fc7\",\"name\":\"conversesacatalunya\",\"image\":{\"@type\":\"ImageObject\",\"inLanguage\":\"es\",\"@id\":\"https:\/\/conversesacatalunya.cat\/#\/schema\/person\/image\/\",\"url\":\"https:\/\/conversesacatalunya.cat\/wp-content\/litespeed\/avatar\/02659ee938034c59a151ae106ade943e.jpg?ver=1777051754\",\"contentUrl\":\"https:\/\/conversesacatalunya.cat\/wp-content\/litespeed\/avatar\/02659ee938034c59a151ae106ade943e.jpg?ver=1777051754\",\"caption\":\"conversesacatalunya\"},\"url\":\"https:\/\/conversesacatalunya.cat\/es\/author\/carles_lopez\/\"}]}<\/script>\n<!-- \/ Yoast SEO plugin. -->","yoast_head_json":{"title":"Emmanuel Macron o el populismo en versi\u00f3n elitista - Converses a Catalunya","description":"Macron nunca ha negado la ciudadan\u00eda a terroristas, traficantes de droga o islamistas radicales, pero s\u00ed lo ha hecho contra los no vacunados","robots":{"index":"index","follow":"follow","max-snippet":"max-snippet:-1","max-image-preview":"max-image-preview:large","max-video-preview":"max-video-preview:-1"},"canonical":"https:\/\/conversesacatalunya.cat\/es\/emmanuel-macron-o-el-populismo-en-version-elitista\/","og_locale":"es_ES","og_type":"article","og_title":"Emmanuel Macron o el populismo en versi\u00f3n elitista - Converses a Catalunya","og_description":"Macron nunca ha negado la ciudadan\u00eda a terroristas, traficantes de droga o islamistas radicales, pero s\u00ed lo ha hecho contra los no vacunados","og_url":"https:\/\/conversesacatalunya.cat\/es\/emmanuel-macron-o-el-populismo-en-version-elitista\/","og_site_name":"Converses a Catalunya","article_published_time":"2022-01-11T11:08:52+00:00","article_modified_time":"2022-01-11T13:20:14+00:00","og_image":[{"width":1200,"height":1200,"url":"https:\/\/conversesacatalunya.cat\/wp-content\/uploads\/2022\/01\/phpAv6Ayj.jpg","type":"image\/jpeg"}],"author":"conversesacatalunya","twitter_card":"summary_large_image","twitter_misc":{"Escrito por":"conversesacatalunya","Tiempo de lectura":"6 minutos"},"schema":{"@context":"https:\/\/schema.org","@graph":[{"@type":"Article","@id":"https:\/\/conversesacatalunya.cat\/es\/emmanuel-macron-o-el-populismo-en-version-elitista\/#article","isPartOf":{"@id":"https:\/\/conversesacatalunya.cat\/es\/emmanuel-macron-o-el-populismo-en-version-elitista\/"},"author":{"name":"conversesacatalunya","@id":"https:\/\/conversesacatalunya.cat\/#\/schema\/person\/c5a8ffe796b1512764aeb6d6d6fa0fc7"},"headline":"Emmanuel Macron o el populismo en versi\u00f3n elitista","datePublished":"2022-01-11T11:08:52+00:00","dateModified":"2022-01-11T13:20:14+00:00","mainEntityOfPage":{"@id":"https:\/\/conversesacatalunya.cat\/es\/emmanuel-macron-o-el-populismo-en-version-elitista\/"},"wordCount":1187,"commentCount":0,"image":{"@id":"https:\/\/conversesacatalunya.cat\/es\/emmanuel-macron-o-el-populismo-en-version-elitista\/#primaryimage"},"thumbnailUrl":"https:\/\/conversesacatalunya.cat\/wp-content\/uploads\/2022\/01\/phpAv6Ayj.jpg","keywords":["Covid-19","Emmanuel Macron","Fran\u00e7a","populisme"],"articleSection":["Punts clau del dia (ES)"],"inLanguage":"es","potentialAction":[{"@type":"CommentAction","name":"Comment","target":["https:\/\/conversesacatalunya.cat\/es\/emmanuel-macron-o-el-populismo-en-version-elitista\/#respond"]}]},{"@type":"WebPage","@id":"https:\/\/conversesacatalunya.cat\/es\/emmanuel-macron-o-el-populismo-en-version-elitista\/","url":"https:\/\/conversesacatalunya.cat\/es\/emmanuel-macron-o-el-populismo-en-version-elitista\/","name":"Emmanuel Macron o el populismo en versi\u00f3n elitista - Converses a Catalunya","isPartOf":{"@id":"https:\/\/conversesacatalunya.cat\/#website"},"primaryImageOfPage":{"@id":"https:\/\/conversesacatalunya.cat\/es\/emmanuel-macron-o-el-populismo-en-version-elitista\/#primaryimage"},"image":{"@id":"https:\/\/conversesacatalunya.cat\/es\/emmanuel-macron-o-el-populismo-en-version-elitista\/#primaryimage"},"thumbnailUrl":"https:\/\/conversesacatalunya.cat\/wp-content\/uploads\/2022\/01\/phpAv6Ayj.jpg","datePublished":"2022-01-11T11:08:52+00:00","dateModified":"2022-01-11T13:20:14+00:00","author":{"@id":"https:\/\/conversesacatalunya.cat\/#\/schema\/person\/c5a8ffe796b1512764aeb6d6d6fa0fc7"},"description":"Macron nunca ha negado la ciudadan\u00eda a terroristas, traficantes de droga o islamistas radicales, pero s\u00ed lo ha hecho contra los no vacunados","breadcrumb":{"@id":"https:\/\/conversesacatalunya.cat\/es\/emmanuel-macron-o-el-populismo-en-version-elitista\/#breadcrumb"},"inLanguage":"es","potentialAction":[{"@type":"ReadAction","target":["https:\/\/conversesacatalunya.cat\/es\/emmanuel-macron-o-el-populismo-en-version-elitista\/"]}]},{"@type":"ImageObject","inLanguage":"es","@id":"https:\/\/conversesacatalunya.cat\/es\/emmanuel-macron-o-el-populismo-en-version-elitista\/#primaryimage","url":"https:\/\/conversesacatalunya.cat\/wp-content\/uploads\/2022\/01\/phpAv6Ayj.jpg","contentUrl":"https:\/\/conversesacatalunya.cat\/wp-content\/uploads\/2022\/01\/phpAv6Ayj.jpg","width":1200,"height":1200,"caption":"Macron"},{"@type":"BreadcrumbList","@id":"https:\/\/conversesacatalunya.cat\/es\/emmanuel-macron-o-el-populismo-en-version-elitista\/#breadcrumb","itemListElement":[{"@type":"ListItem","position":1,"name":"Inici","item":"https:\/\/conversesacatalunya.cat\/es\/"},{"@type":"ListItem","position":2,"name":"Emmanuel Macron o el populismo en versi\u00f3n elitista"}]},{"@type":"WebSite","@id":"https:\/\/conversesacatalunya.cat\/#website","url":"https:\/\/conversesacatalunya.cat\/","name":"Converses a Catalunya","description":"","potentialAction":[{"@type":"SearchAction","target":{"@type":"EntryPoint","urlTemplate":"https:\/\/conversesacatalunya.cat\/?s={search_term_string}"},"query-input":{"@type":"PropertyValueSpecification","valueRequired":true,"valueName":"search_term_string"}}],"inLanguage":"es"},{"@type":"Person","@id":"https:\/\/conversesacatalunya.cat\/#\/schema\/person\/c5a8ffe796b1512764aeb6d6d6fa0fc7","name":"conversesacatalunya","image":{"@type":"ImageObject","inLanguage":"es","@id":"https:\/\/conversesacatalunya.cat\/#\/schema\/person\/image\/","url":"https:\/\/conversesacatalunya.cat\/wp-content\/litespeed\/avatar\/02659ee938034c59a151ae106ade943e.jpg?ver=1777051754","contentUrl":"https:\/\/conversesacatalunya.cat\/wp-content\/litespeed\/avatar\/02659ee938034c59a151ae106ade943e.jpg?ver=1777051754","caption":"conversesacatalunya"},"url":"https:\/\/conversesacatalunya.cat\/es\/author\/carles_lopez\/"}]}},"wps_subtitle":"A Macron le encanta excitar a su electorado, y lo hace de una forma muy similar a la de Donald Trump","_links":{"self":[{"href":"https:\/\/conversesacatalunya.cat\/es\/wp-json\/wp\/v2\/posts\/53789","targetHints":{"allow":["GET"]}}],"collection":[{"href":"https:\/\/conversesacatalunya.cat\/es\/wp-json\/wp\/v2\/posts"}],"about":[{"href":"https:\/\/conversesacatalunya.cat\/es\/wp-json\/wp\/v2\/types\/post"}],"author":[{"embeddable":true,"href":"https:\/\/conversesacatalunya.cat\/es\/wp-json\/wp\/v2\/users\/67"}],"replies":[{"embeddable":true,"href":"https:\/\/conversesacatalunya.cat\/es\/wp-json\/wp\/v2\/comments?post=53789"}],"version-history":[{"count":2,"href":"https:\/\/conversesacatalunya.cat\/es\/wp-json\/wp\/v2\/posts\/53789\/revisions"}],"predecessor-version":[{"id":53791,"href":"https:\/\/conversesacatalunya.cat\/es\/wp-json\/wp\/v2\/posts\/53789\/revisions\/53791"}],"wp:featuredmedia":[{"embeddable":true,"href":"https:\/\/conversesacatalunya.cat\/es\/wp-json\/wp\/v2\/media\/53735"}],"wp:attachment":[{"href":"https:\/\/conversesacatalunya.cat\/es\/wp-json\/wp\/v2\/media?parent=53789"}],"wp:term":[{"taxonomy":"category","embeddable":true,"href":"https:\/\/conversesacatalunya.cat\/es\/wp-json\/wp\/v2\/categories?post=53789"},{"taxonomy":"post_tag","embeddable":true,"href":"https:\/\/conversesacatalunya.cat\/es\/wp-json\/wp\/v2\/tags?post=53789"}],"curies":[{"name":"wp","href":"https:\/\/api.w.org\/{rel}","templated":true}]}}