{"id":53766,"date":"2022-01-10T12:18:19","date_gmt":"2022-01-10T11:18:19","guid":{"rendered":"https:\/\/conversesacatalunya.cat\/partit-de-centre-catala\/"},"modified":"2022-01-10T15:05:23","modified_gmt":"2022-01-10T14:05:23","slug":"partido-de-centro-catalan","status":"publish","type":"post","link":"https:\/\/conversesacatalunya.cat\/es\/partido-de-centro-catalan\/","title":{"rendered":"\u00bfQu\u00e9 puede representar el nuevo partido de centro en las elecciones en Barcelona?"},"content":{"rendered":"<p><span>Es ya p\u00fablico que este mes de enero se presentar\u00e1 un\u00a0<\/span><strong><span>nuevo partido<\/span><\/strong><span> bajo la bandera de centrar la pol\u00edtica catalana y que concurrir\u00eda a las elecciones municipales del a\u00f1o que viene, que tienen su dimensi\u00f3n m\u00e1s pol\u00edtica en la ciudad de Barcelona. El papel que desempe\u00f1e esta nueva organizaci\u00f3n en estos comicios, y en concreto en la capital, marcar\u00e1 mucho cu\u00e1l puede ser su futuro pol\u00edtico.<\/span><\/p>\n<p><span>Este partido nace como fruto de los trabajos compartidos del\u00a0<\/span><strong><span>PDeCAT, La Lliga, Lliures y Convergents<\/span><\/strong><span>, y tiene desde el principio el liderazgo de Carme Chac\u00f3n, que para llevarlo a cabo con plenitud dimiti\u00f3 de sus cargos en el PDeCAT. La singularidad de esta nueva organizaci\u00f3n es que no surge de la fusi\u00f3n de todos estos partidos, que permanecer\u00e1n o se disolver\u00e1n a voluntad propia, sino que quiere integrar a las personas que forman parte y obviamente a otras nuevas a t\u00edtulo personal. Es un proceso arriesgado.<\/span><\/p>\n<p><span>Hay ya una experiencia en ese sentido y result\u00f3 poco afortunada.\u00a0Se trata de la conversi\u00f3n de\u00a0<\/span><strong><span>CDC en PDeCAT<\/span><\/strong><span>.\u00a0En el traspaso era necesario que las personas se dieran de alta en la nueva organizaci\u00f3n de forma nominal.\u00a0Pues bien, en ese traspaso entre 1\/3 y un 40% de los afiliados a Converg\u00e8ncia se quedaron por el camino, por las razones que fuesen, pero no formaron parte de la nueva n\u00f3mina pol\u00edtica.<\/span><\/p>\n<div class=\"code-block code-block-4\">\n<div class=\"a-single a-17\">\u00c9ste es el cuadro previo. Sin embargo, la respuesta del mill\u00f3n es cu\u00e1l es el juego que puede tener el nuevo partido en las\u00a0<strong>municipales de la capital catalana.<\/strong><span class=\"\"> El \u00fanico antecedente que tenemos son las pasadas auton\u00f3micas del a\u00f1o 2021, en las que el PDeCAT logr\u00f3 52.260 votos, que represent\u00f3 un 2,51% de los votos emitidos, lo que significaba un 1,6% sobre el censo, con una participaci\u00f3n del 60%. Es un bagaje modesto, digamos que tiene como votante potencial de entrada uno y medio de cada ciudadano mayor de 18 a\u00f1os de Barcelona. Situando la referencia en el PP, que entr\u00f3 justito al tener representaci\u00f3n en el consejo municipal, obtuvo un 4,05% de los votos, en concreto 85.967, los cuales le aportaron 3 concejales. Por tanto, considerando una participaci\u00f3n similar del 60-65%, el nuevo partido deber\u00eda asegurar el resultado del PDeCAT en las auton\u00f3micas y a\u00f1adir unos 35.000 votantes m\u00e1s.<\/span><\/div>\n<div><\/div>\n<div class=\"a-single a-17\">Una serie de factores no juegan a su favor. Uno de ellos es que en las auton\u00f3micas el PDeCAT era una marca reconocible y que pod\u00eda aspirar, algo que no logr\u00f3, a arrastrar al votante convergente. Ahora, el nuevo partido no tendr\u00e1 esta condici\u00f3n de\u00a0<strong>conocimiento previo<\/strong>, y es obvio que dar a conocer una marca nueva exige, o bien una movilizaci\u00f3n masiva de gente, porque nace de un movimiento social, o bien una inversi\u00f3n econ\u00f3mica muy importante, que est\u00e1 por ver si est\u00e1 al alcance de la nueva organizaci\u00f3n.<\/div>\n<div><\/div>\n<\/div>\n<p><span>Lo que pueden aportar los dem\u00e1s partidos es desconocido, porque nunca se han atrevido a presentarse a unas elecciones, con la salvedad de los Convergents que s\u00ed lo hicieron con un registro muy m\u00ednimo, unos pocos miles de votos. Por tanto, por esta v\u00eda de manera directa, el engrosamiento electoral no est\u00e1 demasiado claro. Puede ser un factor relevante la potencia del cabeza de lista por Barcelona, \u200b\u200bsi probaran con Carme Chac\u00f3n, su resultado electoral fue claramente insuficiente y no est\u00e1 claro que en una disputa local lo consiguiera mejorar.<\/span><\/p>\n<div class=\"code-block code-block-5\">\n<div class=\"a-single a-17\">Un elemento que podr\u00eda contribuir es que la nueva organizaci\u00f3n despliegue una <strong>gran actividad de capilaridad social<\/strong> y se implique profundamente en los barrios y distritos y en los movimientos contrarios a Colau. Hasta ahora los partidos que dar\u00e1n pie a la nueva organizaci\u00f3n no han destacado precisamente por su capacidad de acci\u00f3n en el seno de la sociedad, limitando su pr\u00e1ctica pol\u00edtica sobre todo a las reuniones internas.<\/div>\n<div><\/div>\n<div class=\"a-single a-17\"><span class=\"goog-text-highlight\">Existe tambi\u00e9n otro factor que es una inc\u00f3gnita. Al tratarse de una nueva organizaci\u00f3n que quiere aglutinar el voto\u00a0<\/span><strong><span class=\"goog-text-highlight\">del espacio central catal\u00e1n<\/span><\/strong><span class=\"goog-text-highlight\">, su posicionamiento es muy importante, y aqu\u00ed la figura de la organizaci\u00f3n puede ser decisiva, porque aunque no sea el PDeCAT muchos lo ver\u00e1n como una emanaci\u00f3n suya. Pero este partido que seguir\u00e1 actuando en las municipales, sobre todo en aquellos municipios con alcaldes de esta organizaci\u00f3n que crean que esta etiqueta es lo que puede ayudarles a ganar, tender\u00e1n a pactar con JxCat, es decir, con una de las versiones m\u00e1s radicales del independentismo, y evidentemente \u00e9ste no es el perfil del espacio central.<\/span><\/div>\n<div><\/div>\n<div class=\"a-single a-17\">Por otra parte, el PDeCAT, que no tiene representaci\u00f3n en el parlamento de Catalu\u00f1a, pero s\u00ed la tiene en el Congreso de los diputados, est\u00e1 siguiendo una l\u00ednea de apoyo pr\u00e1cticamente incondicional al gobierno S\u00e1nchez. Algo que en la contienda electoral le reprochar\u00e1n desde el centro y la derecha.<\/div>\n<div><\/div>\n<div class=\"a-single a-17\"><span class=\"goog-text-highlight\">Por tanto, la nueva formaci\u00f3n nace como fruto de una necesidad, de una\u00a0<\/span><strong><span class=\"goog-text-highlight\">ilusi\u00f3n<\/span><\/strong><span class=\"goog-text-highlight\">, de un trabajo que se est\u00e1 haciendo.\u00a0<\/span>Sin embargo, tiene ante s\u00ed unos graves inconvenientes que no est\u00e1 nada claro que con los planteamientos actuales sea capaz de superar.\u00a0S\u00f3lo un nuevo planteamiento radical que realmente arrancara de cero, en el sentido de que partiera de una asociaci\u00f3n de electores, podr\u00eda generar las condiciones en las que la mayor\u00eda de estos aspectos adversos quedaran sin efecto, al tiempo que recoger\u00eda como necesidad para alcanzar las firmas necesarias para presentarse, un fuerte\u00a0<strong>impulso ciudadano<\/strong>.<\/div>\n<div><\/div>\n<\/div>\n<div id=\"polls-132\" class=\"wp-polls\">\n\t<form id=\"polls_form_132\" class=\"wp-polls-form\" action=\"\/index.php\" method=\"post\">\n\t\t<p style=\"display: none;\"><input type=\"hidden\" id=\"poll_132_nonce\" name=\"wp-polls-nonce\" value=\"19c7025c0f\" \/><\/p>\n\t\t<p style=\"display: none;\"><input type=\"hidden\" name=\"poll_id\" value=\"132\" \/><\/p>\n\t\t<p style=\"text-align: center\"><strong>Creus que, en relaci\u00f3 amb la variant \u00d2micron, el govern hauria d'eliminar totes les restriccions facilitant el contagi i obtenint la immunitzaci\u00f3 de grup, amb els riscos associats que aix\u00f2 comporta?<\/strong><\/p><div id=\"polls-132-ans\" class=\"wp-polls-ans\"><ul class=\"wp-polls-ul\">\n\t\t<li><input type=\"radio\" id=\"poll-answer-331\" name=\"poll_132\" value=\"331\" \/> <label for=\"poll-answer-331\">S\u00ed<\/label><\/li>\n\t\t<li><input type=\"radio\" id=\"poll-answer-332\" name=\"poll_132\" value=\"332\" \/> <label for=\"poll-answer-332\">No<\/label><\/li>\n\t\t<li><input type=\"radio\" id=\"poll-answer-333\" name=\"poll_132\" value=\"333\" \/> <label for=\"poll-answer-333\">No ho s\u00e9<\/label><\/li>\n\t\t<\/ul><p style=\"text-align: center\"><input type=\"button\" name=\"vote\" value=\"   Vota   \" class=\"Buttons\" onclick=\"poll_vote(132);\" \/><\/p><p style=\"text-align: center\"><a href=\"#ViewPollResults\" onclick=\"poll_result(132); return false;\" title=\"View Results Of This Poll\">Mira els resultats<\/a><\/p><\/div>\n\t<\/form>\n<\/div>\n<div id=\"polls-132-loading\" class=\"wp-polls-loading\"><img decoding=\"async\" data-src=\"https:\/\/conversesacatalunya.cat\/wp-content\/plugins\/wp-polls\/images\/loading.gif\" width=\"16\" height=\"16\" alt=\"Cargando ...\" title=\"Cargando ...\" class=\"wp-polls-image lazyload\" src=\"data:image\/svg+xml;base64,PHN2ZyB3aWR0aD0iMSIgaGVpZ2h0PSIxIiB4bWxucz0iaHR0cDovL3d3dy53My5vcmcvMjAwMC9zdmciPjwvc3ZnPg==\" style=\"--smush-placeholder-width: 16px; --smush-placeholder-aspect-ratio: 16\/16;\" \/>&nbsp;Cargando ...<\/div>\n\n","protected":false},"excerpt":{"rendered":"<p>Es ya p\u00fablico que este mes de enero se presentar\u00e1 un\u00a0nuevo partido bajo la bandera de centrar la pol\u00edtica catalana y que concurrir\u00eda a las elecciones municipales del a\u00f1o que viene, que tienen su dimensi\u00f3n m\u00e1s pol\u00edtica en la ciudad de Barcelona. El papel que desempe\u00f1e esta nueva organizaci\u00f3n en estos comicios, y en concreto en la capital, marcar\u00e1 mucho cu\u00e1l puede ser su futuro pol\u00edtico. Este partido nace como fruto de los trabajos compartidos del\u00a0PDeCAT, La Lliga, Lliures y Convergents, y tiene desde el principio el liderazgo de Carme Chac\u00f3n, que para llevarlo a cabo con plenitud dimiti\u00f3 de sus cargos en el PDeCAT. La singularidad de esta nueva organizaci\u00f3n es que no surge de la fusi\u00f3n de todos estos partidos, que permanecer\u00e1n o se disolver\u00e1n a voluntad propia, sino que quiere integrar a las personas que forman parte y obviamente a otras nuevas a t\u00edtulo personal. Es un proceso arriesgado. Hay ya una experiencia en ese sentido y result\u00f3 poco afortunada.\u00a0Se trata de la conversi\u00f3n de\u00a0CDC en PDeCAT.\u00a0En el traspaso era necesario que las personas se dieran de alta en la nueva organizaci\u00f3n de forma nominal.\u00a0Pues bien, en ese traspaso entre 1\/3 y un 40% de los afiliados a Converg\u00e8ncia se quedaron por el camino, por las razones que fuesen, pero no formaron parte de la nueva n\u00f3mina pol\u00edtica. \u00c9ste es el cuadro previo. Sin embargo, la respuesta del mill\u00f3n es cu\u00e1l es el juego que puede tener el nuevo partido en las\u00a0municipales de la capital catalana. El \u00fanico antecedente que tenemos son las pasadas auton\u00f3micas del a\u00f1o 2021, en las que el PDeCAT logr\u00f3 52.260 votos, que represent\u00f3 un 2,51% de los votos emitidos, lo que significaba un 1,6% sobre el censo, con una participaci\u00f3n del 60%. Es un bagaje modesto, digamos que tiene como votante potencial de entrada uno y medio de cada ciudadano mayor de 18 a\u00f1os de Barcelona. Situando la referencia en el PP, que entr\u00f3 justito al tener representaci\u00f3n en el consejo municipal, obtuvo un 4,05% de los votos, en concreto 85.967, los cuales le aportaron 3 concejales. Por tanto, considerando una participaci\u00f3n similar del 60-65%, el nuevo partido deber\u00eda asegurar el resultado del PDeCAT en las auton\u00f3micas y a\u00f1adir unos 35.000 votantes m\u00e1s. Una serie de factores no juegan a su favor. Uno de ellos es que en las auton\u00f3micas el PDeCAT era una marca reconocible y que pod\u00eda aspirar, algo que no logr\u00f3, a arrastrar al votante convergente. Ahora, el nuevo partido no tendr\u00e1 esta condici\u00f3n de\u00a0conocimiento previo, y es obvio que dar a conocer una marca nueva exige, o bien una movilizaci\u00f3n masiva de gente, porque nace de un movimiento social, o bien una inversi\u00f3n econ\u00f3mica muy importante, que est\u00e1 por ver si est\u00e1 al alcance de la nueva organizaci\u00f3n. Lo que pueden aportar los dem\u00e1s partidos es desconocido, porque nunca se han atrevido a presentarse a unas elecciones, con la salvedad de los Convergents que s\u00ed lo hicieron con un registro muy m\u00ednimo, unos pocos miles de votos. Por tanto, por esta v\u00eda de manera directa, el engrosamiento electoral no est\u00e1 demasiado claro. Puede ser un factor relevante la potencia del cabeza de lista por Barcelona, \u200b\u200bsi probaran con Carme Chac\u00f3n, su resultado electoral fue claramente insuficiente y no est\u00e1 claro que en una disputa local lo consiguiera mejorar. Un elemento que podr\u00eda contribuir es que la nueva organizaci\u00f3n despliegue una gran actividad de capilaridad social y se implique profundamente en los barrios y distritos y en los movimientos contrarios a Colau. Hasta ahora los partidos que dar\u00e1n pie a la nueva organizaci\u00f3n no han destacado precisamente por su capacidad de acci\u00f3n en el seno de la sociedad, limitando su pr\u00e1ctica pol\u00edtica sobre todo a las reuniones internas. Existe tambi\u00e9n otro factor que es una inc\u00f3gnita. Al tratarse de una nueva organizaci\u00f3n que quiere aglutinar el voto\u00a0del espacio central catal\u00e1n, su posicionamiento es muy importante, y aqu\u00ed la figura de la organizaci\u00f3n puede ser decisiva, porque aunque no sea el PDeCAT muchos lo ver\u00e1n como una emanaci\u00f3n suya. Pero este partido que seguir\u00e1 actuando en las municipales, sobre todo en aquellos municipios con alcaldes de esta organizaci\u00f3n que crean que esta etiqueta es lo que puede ayudarles a ganar, tender\u00e1n a pactar con JxCat, es decir, con una de las versiones m\u00e1s radicales del independentismo, y evidentemente \u00e9ste no es el perfil del espacio central. Por otra parte, el PDeCAT, que no tiene representaci\u00f3n en el parlamento de Catalu\u00f1a, pero s\u00ed la tiene en el Congreso de los diputados, est\u00e1 siguiendo una l\u00ednea de apoyo pr\u00e1cticamente incondicional al gobierno S\u00e1nchez. Algo que en la contienda electoral le reprochar\u00e1n desde el centro y la derecha. Por tanto, la nueva formaci\u00f3n nace como fruto de una necesidad, de una\u00a0ilusi\u00f3n, de un trabajo que se est\u00e1 haciendo.\u00a0Sin embargo, tiene ante s\u00ed unos graves inconvenientes que no est\u00e1 nada claro que con los planteamientos actuales sea capaz de superar.\u00a0S\u00f3lo un nuevo planteamiento radical que realmente arrancara de cero, en el sentido de que partiera de una asociaci\u00f3n de electores, podr\u00eda generar las condiciones en las que la mayor\u00eda de estos aspectos adversos quedaran sin efecto, al tiempo que recoger\u00eda como necesidad para alcanzar las firmas necesarias para presentarse, un fuerte\u00a0impulso ciudadano.<\/p>\n","protected":false},"author":2,"featured_media":53755,"comment_status":"open","ping_status":"open","sticky":false,"template":"","format":"standard","meta":{"_FSMCFIC_featured_image_caption":"","_FSMCFIC_featured_image_nocaption":"","_FSMCFIC_featured_image_hide":"","footnotes":""},"categories":[806],"tags":[1393,1172,4313,4322],"class_list":["post-53766","post","type-post","status-publish","format-standard","has-post-thumbnail","hentry","category-punts-claus-del-dia-es","tag-catalanisme-es","tag-catalanismo","tag-nou-partit-es","tag-nuevo-partido"],"yoast_head":"<!-- This site is optimized with the Yoast SEO plugin v26.8 - https:\/\/yoast.com\/product\/yoast-seo-wordpress\/ -->\n<title>\u00bfQu\u00e9 puede representar el nuevo partido de centro en las elecciones en Barcelona? - Converses a Catalunya<\/title>\n<meta name=\"description\" content=\"La nueva formaci\u00f3n nace como fruto de una necesidad, una ilusi\u00f3n, un trabajo que se est\u00e1 haciendo.\" \/>\n<meta name=\"robots\" content=\"index, follow, max-snippet:-1, max-image-preview:large, max-video-preview:-1\" \/>\n<link rel=\"canonical\" href=\"https:\/\/conversesacatalunya.cat\/es\/partido-de-centro-catalan\/\" \/>\n<meta property=\"og:locale\" content=\"es_ES\" \/>\n<meta property=\"og:type\" content=\"article\" \/>\n<meta property=\"og:title\" content=\"\u00bfQu\u00e9 puede representar el nuevo partido de centro en las elecciones en Barcelona? - Converses a Catalunya\" \/>\n<meta property=\"og:description\" content=\"La nueva formaci\u00f3n nace como fruto de una necesidad, una ilusi\u00f3n, un trabajo que se est\u00e1 haciendo.\" \/>\n<meta property=\"og:url\" content=\"https:\/\/conversesacatalunya.cat\/es\/partido-de-centro-catalan\/\" \/>\n<meta property=\"og:site_name\" content=\"Converses a Catalunya\" \/>\n<meta property=\"article:published_time\" content=\"2022-01-10T11:18:19+00:00\" \/>\n<meta property=\"article:modified_time\" content=\"2022-01-10T14:05:23+00:00\" \/>\n<meta property=\"og:image\" content=\"https:\/\/conversesacatalunya.cat\/wp-content\/uploads\/2022\/01\/nou-partit-centre-catala.jpg\" \/>\n\t<meta property=\"og:image:width\" content=\"1080\" \/>\n\t<meta property=\"og:image:height\" content=\"675\" \/>\n\t<meta property=\"og:image:type\" content=\"image\/jpeg\" \/>\n<meta name=\"author\" content=\"conversesacatalunya\" \/>\n<meta name=\"twitter:card\" content=\"summary_large_image\" \/>\n<meta name=\"twitter:label1\" content=\"Escrito por\" \/>\n\t<meta name=\"twitter:data1\" content=\"conversesacatalunya\" \/>\n\t<meta name=\"twitter:label2\" content=\"Tiempo de lectura\" \/>\n\t<meta name=\"twitter:data2\" content=\"5 minutos\" \/>\n<script type=\"application\/ld+json\" class=\"yoast-schema-graph\">{\"@context\":\"https:\/\/schema.org\",\"@graph\":[{\"@type\":\"Article\",\"@id\":\"https:\/\/conversesacatalunya.cat\/es\/partido-de-centro-catalan\/#article\",\"isPartOf\":{\"@id\":\"https:\/\/conversesacatalunya.cat\/es\/partido-de-centro-catalan\/\"},\"author\":{\"name\":\"conversesacatalunya\",\"@id\":\"https:\/\/conversesacatalunya.cat\/#\/schema\/person\/7e24d1e54a2785373ddcb275eae5ed99\"},\"headline\":\"\u00bfQu\u00e9 puede representar el nuevo partido de centro en las elecciones en Barcelona?\",\"datePublished\":\"2022-01-10T11:18:19+00:00\",\"dateModified\":\"2022-01-10T14:05:23+00:00\",\"mainEntityOfPage\":{\"@id\":\"https:\/\/conversesacatalunya.cat\/es\/partido-de-centro-catalan\/\"},\"wordCount\":959,\"commentCount\":0,\"image\":{\"@id\":\"https:\/\/conversesacatalunya.cat\/es\/partido-de-centro-catalan\/#primaryimage\"},\"thumbnailUrl\":\"https:\/\/conversesacatalunya.cat\/wp-content\/uploads\/2022\/01\/nou-partit-centre-catala.jpg\",\"keywords\":[\"Catalanisme\",\"catalanismo\",\"nou partit\",\"nuevo partido\"],\"articleSection\":[\"Punts clau del dia (ES)\"],\"inLanguage\":\"es\",\"potentialAction\":[{\"@type\":\"CommentAction\",\"name\":\"Comment\",\"target\":[\"https:\/\/conversesacatalunya.cat\/es\/partido-de-centro-catalan\/#respond\"]}]},{\"@type\":\"WebPage\",\"@id\":\"https:\/\/conversesacatalunya.cat\/es\/partido-de-centro-catalan\/\",\"url\":\"https:\/\/conversesacatalunya.cat\/es\/partido-de-centro-catalan\/\",\"name\":\"\u00bfQu\u00e9 puede representar el nuevo partido de centro en las elecciones en Barcelona? - Converses a Catalunya\",\"isPartOf\":{\"@id\":\"https:\/\/conversesacatalunya.cat\/#website\"},\"primaryImageOfPage\":{\"@id\":\"https:\/\/conversesacatalunya.cat\/es\/partido-de-centro-catalan\/#primaryimage\"},\"image\":{\"@id\":\"https:\/\/conversesacatalunya.cat\/es\/partido-de-centro-catalan\/#primaryimage\"},\"thumbnailUrl\":\"https:\/\/conversesacatalunya.cat\/wp-content\/uploads\/2022\/01\/nou-partit-centre-catala.jpg\",\"datePublished\":\"2022-01-10T11:18:19+00:00\",\"dateModified\":\"2022-01-10T14:05:23+00:00\",\"author\":{\"@id\":\"https:\/\/conversesacatalunya.cat\/#\/schema\/person\/7e24d1e54a2785373ddcb275eae5ed99\"},\"description\":\"La nueva formaci\u00f3n nace como fruto de una necesidad, una ilusi\u00f3n, un trabajo que se est\u00e1 haciendo.\",\"breadcrumb\":{\"@id\":\"https:\/\/conversesacatalunya.cat\/es\/partido-de-centro-catalan\/#breadcrumb\"},\"inLanguage\":\"es\",\"potentialAction\":[{\"@type\":\"ReadAction\",\"target\":[\"https:\/\/conversesacatalunya.cat\/es\/partido-de-centro-catalan\/\"]}]},{\"@type\":\"ImageObject\",\"inLanguage\":\"es\",\"@id\":\"https:\/\/conversesacatalunya.cat\/es\/partido-de-centro-catalan\/#primaryimage\",\"url\":\"https:\/\/conversesacatalunya.cat\/wp-content\/uploads\/2022\/01\/nou-partit-centre-catala.jpg\",\"contentUrl\":\"https:\/\/conversesacatalunya.cat\/wp-content\/uploads\/2022\/01\/nou-partit-centre-catala.jpg\",\"width\":1080,\"height\":675,\"caption\":\"partit centre catal\u00e0\"},{\"@type\":\"BreadcrumbList\",\"@id\":\"https:\/\/conversesacatalunya.cat\/es\/partido-de-centro-catalan\/#breadcrumb\",\"itemListElement\":[{\"@type\":\"ListItem\",\"position\":1,\"name\":\"Inici\",\"item\":\"https:\/\/conversesacatalunya.cat\/es\/\"},{\"@type\":\"ListItem\",\"position\":2,\"name\":\"\u00bfQu\u00e9 puede representar el nuevo partido de centro en las elecciones en Barcelona?\"}]},{\"@type\":\"WebSite\",\"@id\":\"https:\/\/conversesacatalunya.cat\/#website\",\"url\":\"https:\/\/conversesacatalunya.cat\/\",\"name\":\"Converses a Catalunya\",\"description\":\"\",\"potentialAction\":[{\"@type\":\"SearchAction\",\"target\":{\"@type\":\"EntryPoint\",\"urlTemplate\":\"https:\/\/conversesacatalunya.cat\/?s={search_term_string}\"},\"query-input\":{\"@type\":\"PropertyValueSpecification\",\"valueRequired\":true,\"valueName\":\"search_term_string\"}}],\"inLanguage\":\"es\"},{\"@type\":\"Person\",\"@id\":\"https:\/\/conversesacatalunya.cat\/#\/schema\/person\/7e24d1e54a2785373ddcb275eae5ed99\",\"name\":\"conversesacatalunya\",\"image\":{\"@type\":\"ImageObject\",\"inLanguage\":\"es\",\"@id\":\"https:\/\/conversesacatalunya.cat\/#\/schema\/person\/image\/\",\"url\":\"https:\/\/conversesacatalunya.cat\/wp-content\/litespeed\/avatar\/febdfeeec89d950f01c748045a981dd2.jpg?ver=1777314535\",\"contentUrl\":\"https:\/\/conversesacatalunya.cat\/wp-content\/litespeed\/avatar\/febdfeeec89d950f01c748045a981dd2.jpg?ver=1777314535\",\"caption\":\"conversesacatalunya\"},\"url\":\"https:\/\/conversesacatalunya.cat\/es\/author\/carme_catala\/\"}]}<\/script>\n<!-- \/ Yoast SEO plugin. -->","yoast_head_json":{"title":"\u00bfQu\u00e9 puede representar el nuevo partido de centro en las elecciones en Barcelona? - Converses a Catalunya","description":"La nueva formaci\u00f3n nace como fruto de una necesidad, una ilusi\u00f3n, un trabajo que se est\u00e1 haciendo.","robots":{"index":"index","follow":"follow","max-snippet":"max-snippet:-1","max-image-preview":"max-image-preview:large","max-video-preview":"max-video-preview:-1"},"canonical":"https:\/\/conversesacatalunya.cat\/es\/partido-de-centro-catalan\/","og_locale":"es_ES","og_type":"article","og_title":"\u00bfQu\u00e9 puede representar el nuevo partido de centro en las elecciones en Barcelona? - Converses a Catalunya","og_description":"La nueva formaci\u00f3n nace como fruto de una necesidad, una ilusi\u00f3n, un trabajo que se est\u00e1 haciendo.","og_url":"https:\/\/conversesacatalunya.cat\/es\/partido-de-centro-catalan\/","og_site_name":"Converses a Catalunya","article_published_time":"2022-01-10T11:18:19+00:00","article_modified_time":"2022-01-10T14:05:23+00:00","og_image":[{"width":1080,"height":675,"url":"https:\/\/conversesacatalunya.cat\/wp-content\/uploads\/2022\/01\/nou-partit-centre-catala.jpg","type":"image\/jpeg"}],"author":"conversesacatalunya","twitter_card":"summary_large_image","twitter_misc":{"Escrito por":"conversesacatalunya","Tiempo de lectura":"5 minutos"},"schema":{"@context":"https:\/\/schema.org","@graph":[{"@type":"Article","@id":"https:\/\/conversesacatalunya.cat\/es\/partido-de-centro-catalan\/#article","isPartOf":{"@id":"https:\/\/conversesacatalunya.cat\/es\/partido-de-centro-catalan\/"},"author":{"name":"conversesacatalunya","@id":"https:\/\/conversesacatalunya.cat\/#\/schema\/person\/7e24d1e54a2785373ddcb275eae5ed99"},"headline":"\u00bfQu\u00e9 puede representar el nuevo partido de centro en las elecciones en Barcelona?","datePublished":"2022-01-10T11:18:19+00:00","dateModified":"2022-01-10T14:05:23+00:00","mainEntityOfPage":{"@id":"https:\/\/conversesacatalunya.cat\/es\/partido-de-centro-catalan\/"},"wordCount":959,"commentCount":0,"image":{"@id":"https:\/\/conversesacatalunya.cat\/es\/partido-de-centro-catalan\/#primaryimage"},"thumbnailUrl":"https:\/\/conversesacatalunya.cat\/wp-content\/uploads\/2022\/01\/nou-partit-centre-catala.jpg","keywords":["Catalanisme","catalanismo","nou partit","nuevo partido"],"articleSection":["Punts clau del dia (ES)"],"inLanguage":"es","potentialAction":[{"@type":"CommentAction","name":"Comment","target":["https:\/\/conversesacatalunya.cat\/es\/partido-de-centro-catalan\/#respond"]}]},{"@type":"WebPage","@id":"https:\/\/conversesacatalunya.cat\/es\/partido-de-centro-catalan\/","url":"https:\/\/conversesacatalunya.cat\/es\/partido-de-centro-catalan\/","name":"\u00bfQu\u00e9 puede representar el nuevo partido de centro en las elecciones en Barcelona? - Converses a Catalunya","isPartOf":{"@id":"https:\/\/conversesacatalunya.cat\/#website"},"primaryImageOfPage":{"@id":"https:\/\/conversesacatalunya.cat\/es\/partido-de-centro-catalan\/#primaryimage"},"image":{"@id":"https:\/\/conversesacatalunya.cat\/es\/partido-de-centro-catalan\/#primaryimage"},"thumbnailUrl":"https:\/\/conversesacatalunya.cat\/wp-content\/uploads\/2022\/01\/nou-partit-centre-catala.jpg","datePublished":"2022-01-10T11:18:19+00:00","dateModified":"2022-01-10T14:05:23+00:00","author":{"@id":"https:\/\/conversesacatalunya.cat\/#\/schema\/person\/7e24d1e54a2785373ddcb275eae5ed99"},"description":"La nueva formaci\u00f3n nace como fruto de una necesidad, una ilusi\u00f3n, un trabajo que se est\u00e1 haciendo.","breadcrumb":{"@id":"https:\/\/conversesacatalunya.cat\/es\/partido-de-centro-catalan\/#breadcrumb"},"inLanguage":"es","potentialAction":[{"@type":"ReadAction","target":["https:\/\/conversesacatalunya.cat\/es\/partido-de-centro-catalan\/"]}]},{"@type":"ImageObject","inLanguage":"es","@id":"https:\/\/conversesacatalunya.cat\/es\/partido-de-centro-catalan\/#primaryimage","url":"https:\/\/conversesacatalunya.cat\/wp-content\/uploads\/2022\/01\/nou-partit-centre-catala.jpg","contentUrl":"https:\/\/conversesacatalunya.cat\/wp-content\/uploads\/2022\/01\/nou-partit-centre-catala.jpg","width":1080,"height":675,"caption":"partit centre catal\u00e0"},{"@type":"BreadcrumbList","@id":"https:\/\/conversesacatalunya.cat\/es\/partido-de-centro-catalan\/#breadcrumb","itemListElement":[{"@type":"ListItem","position":1,"name":"Inici","item":"https:\/\/conversesacatalunya.cat\/es\/"},{"@type":"ListItem","position":2,"name":"\u00bfQu\u00e9 puede representar el nuevo partido de centro en las elecciones en Barcelona?"}]},{"@type":"WebSite","@id":"https:\/\/conversesacatalunya.cat\/#website","url":"https:\/\/conversesacatalunya.cat\/","name":"Converses a Catalunya","description":"","potentialAction":[{"@type":"SearchAction","target":{"@type":"EntryPoint","urlTemplate":"https:\/\/conversesacatalunya.cat\/?s={search_term_string}"},"query-input":{"@type":"PropertyValueSpecification","valueRequired":true,"valueName":"search_term_string"}}],"inLanguage":"es"},{"@type":"Person","@id":"https:\/\/conversesacatalunya.cat\/#\/schema\/person\/7e24d1e54a2785373ddcb275eae5ed99","name":"conversesacatalunya","image":{"@type":"ImageObject","inLanguage":"es","@id":"https:\/\/conversesacatalunya.cat\/#\/schema\/person\/image\/","url":"https:\/\/conversesacatalunya.cat\/wp-content\/litespeed\/avatar\/febdfeeec89d950f01c748045a981dd2.jpg?ver=1777314535","contentUrl":"https:\/\/conversesacatalunya.cat\/wp-content\/litespeed\/avatar\/febdfeeec89d950f01c748045a981dd2.jpg?ver=1777314535","caption":"conversesacatalunya"},"url":"https:\/\/conversesacatalunya.cat\/es\/author\/carme_catala\/"}]}},"wps_subtitle":"La nueva formaci\u00f3n nace como fruto de una necesidad, una ilusi\u00f3n, un trabajo que se est\u00e1 haciendo.","_links":{"self":[{"href":"https:\/\/conversesacatalunya.cat\/es\/wp-json\/wp\/v2\/posts\/53766","targetHints":{"allow":["GET"]}}],"collection":[{"href":"https:\/\/conversesacatalunya.cat\/es\/wp-json\/wp\/v2\/posts"}],"about":[{"href":"https:\/\/conversesacatalunya.cat\/es\/wp-json\/wp\/v2\/types\/post"}],"author":[{"embeddable":true,"href":"https:\/\/conversesacatalunya.cat\/es\/wp-json\/wp\/v2\/users\/2"}],"replies":[{"embeddable":true,"href":"https:\/\/conversesacatalunya.cat\/es\/wp-json\/wp\/v2\/comments?post=53766"}],"version-history":[{"count":2,"href":"https:\/\/conversesacatalunya.cat\/es\/wp-json\/wp\/v2\/posts\/53766\/revisions"}],"predecessor-version":[{"id":53768,"href":"https:\/\/conversesacatalunya.cat\/es\/wp-json\/wp\/v2\/posts\/53766\/revisions\/53768"}],"wp:featuredmedia":[{"embeddable":true,"href":"https:\/\/conversesacatalunya.cat\/es\/wp-json\/wp\/v2\/media\/53755"}],"wp:attachment":[{"href":"https:\/\/conversesacatalunya.cat\/es\/wp-json\/wp\/v2\/media?parent=53766"}],"wp:term":[{"taxonomy":"category","embeddable":true,"href":"https:\/\/conversesacatalunya.cat\/es\/wp-json\/wp\/v2\/categories?post=53766"},{"taxonomy":"post_tag","embeddable":true,"href":"https:\/\/conversesacatalunya.cat\/es\/wp-json\/wp\/v2\/tags?post=53766"}],"curies":[{"name":"wp","href":"https:\/\/api.w.org\/{rel}","templated":true}]}}