{"id":53639,"date":"2022-01-05T12:30:31","date_gmt":"2022-01-05T11:30:31","guid":{"rendered":"https:\/\/conversesacatalunya.cat\/transicio-energetica-catalunya\/"},"modified":"2022-01-05T13:15:42","modified_gmt":"2022-01-05T12:15:42","slug":"transicion-energetica-cataluna","status":"publish","type":"post","link":"https:\/\/conversesacatalunya.cat\/es\/transicion-energetica-cataluna\/","title":{"rendered":"El l\u00edo de la energ\u00eda en Catalu\u00f1a"},"content":{"rendered":"<p><span>Si hay un tema clave en estos momentos es resolver la compleja\u00a0<\/span><strong><span>transici\u00f3n energ\u00e9tica<\/span><\/strong><span>.\u00a0Todos los pa\u00edses de Europa se esfuerzan por encontrar una soluci\u00f3n que integre tres par\u00e1metros de no f\u00e1cil conciliaci\u00f3n.<\/span><\/p>\n<p><span>El primero, reducir el\u00a0<\/span><strong><span>impacto con la emisi\u00f3n de gases de efecto invernadero<\/span><\/strong><span>\u00a0que, en el caso de la energ\u00eda, significa sobre todo el CO2.\u00a0El otro, jugar la carta de los\u00a0<\/span><strong><span>recursos propios que son m\u00e1s favorables<\/span><\/strong><span>.<\/span><\/p>\n<p><span>Este aspecto tiene condiciones para convertirse en una nueva crisis de la UE, en el sentido de que Francia exige que la producci\u00f3n nuclear sea considerada como una \u201cenerg\u00eda verde\u201d y Alemania postula algo similar en relaci\u00f3n al gas.\u00a0<span class=\"goog-text-highlight\">Son dos posiciones extremas que muestran hasta qu\u00e9 punto cada estado se preocupa por tener un mix de producci\u00f3n propicio a sus intereses.<\/span><\/span><\/p>\n<p><span><span class=\"\">El tercer factor decisivo, porque puede aumentar el extendido malestar social, es el\u00a0<\/span><\/span><strong><span><span class=\"\">coste de esa transici\u00f3n<\/span><\/span><\/strong><span><span class=\"\">.\u00a0<\/span>Cambiar las fuentes tradicionales por nuevas cuesta dinero.\u00a0La actual factura de la electricidad es una muestra, porque no toda la responsabilidad del aumento se debe al incremento del precio del gas, sino que otra parte sustancial est\u00e1 formada por los derechos de emisi\u00f3n de CO2, que cada vez son m\u00e1s caros.<\/span><\/p>\n<p><span>En este dif\u00edcil contexto el gobierno catal\u00e1n se mete solo en un l\u00edo de dimensiones c\u00f3smicas. Por un lado, habla sin parar de un pa\u00eds sostenible y verde e, incluso, se atreve a hacer \u00e9l solito una <\/span><strong><span>ley contra el cambio clim\u00e1tico<\/span><\/strong><span>, pero al mismo tiempo est\u00e1 a la cola de la producci\u00f3n de energ\u00edas alternativas.<\/span><\/p>\n<p><span><span class=\"goog-text-highlight\">La advertencia de la ministra espa\u00f1ola del ramo, formulada en unos t\u00e9rminos deliberadamente provocadores para un gobierno independentista, en el sentido de si quer\u00eda terminar dependiendo energ\u00e9ticamente de Arag\u00f3n, ha tenido la respuesta can\u00f3nica de la consejera Teresa Jord\u00e0 que seguramente por la extra\u00f1a composici\u00f3n de su departamento de Acci\u00f3n Clim\u00e1tica, Alimentaci\u00f3n y Agenda Rural, tiene unas respuestas est\u00e1ndar que s\u00f3lo responden a lo pol\u00edticamente correcto, pero no concretan nada. La realidad cruda y pelada es que hoy la <\/span><\/span><strong><span><span class=\"goog-text-highlight\">Catalu\u00f1a verde<\/span><\/span><\/strong><span><span class=\"goog-text-highlight\">\u00a0que postula el gobierno Aragon\u00e9s es en realidad la Catalu\u00f1a at\u00f3nita, porque la <strong>energ\u00eda nuclear<\/strong> es de lejos, m\u00e1s del 50%, la que cubre nuestras necesidades energ\u00e9ticas.<\/span><\/span><\/p>\n<p><span><span class=\"goog-text-highlight\">Para dar una idea del bajo nivel de respuesta catal\u00e1n, hay que situar el hecho de que durante el pasado a\u00f1o se han instalado en Espa\u00f1a una capacidad de 6.000 megavatios fotovoltaicos y 600 megavatios e\u00f3licos. Pues bien, ni una sola unidad de esta nueva producci\u00f3n el\u00e9ctrica se ha situado en Catalu\u00f1a. Es consecuencia de un pa\u00eds que vive instalado en el \u201c<\/span><\/span><strong><span><span class=\"goog-text-highlight\">no<\/span><\/span><\/strong><span><span class=\"goog-text-highlight\">\u201d. Quiere hacer grandes cosas, pero todav\u00eda tiene que decidir cu\u00e1les y c\u00f3mo. Mientras tanto, no queremos que haya instalaciones de energ\u00eda e\u00f3lica porque alteran el paisaje, ni fotovoltaica porque hace lo mismo y limita -cuesti\u00f3n discutible- la agricultura.<\/span><\/span><\/p>\n<p><span>Tenemos una visi\u00f3n muy limitada de lo que se puede hacer. Tanto es as\u00ed que existen opiniones t\u00e9cnicas que aseguran que podr\u00edamos producir toda la energ\u00eda necesaria de fuente e\u00f3lica marina en instalaciones situadas mar adentro en el litoral. Pero tambi\u00e9n esta posibilidad es descartada por una parte del pa\u00eds que no quiere tocar nada.<\/span><\/p>\n<p><span>En estas condiciones es muy dif\u00edcil que Catalu\u00f1a pueda prosperar.\u00a0<span class=\"\">Es bueno cuidar el paisaje, pero de modo que sea compatible con las necesidades de proveernos de un recurso tan necesario como la energ\u00eda y de ser lo suficientemente posible.\u00a0<\/span>Tenemos el p\u00e9simo ejemplo de todo esto en Colau y la ciudad de Barcelona.\u00a0Pod\u00eda y puede todav\u00eda dar un fuerte impulso a la\u00a0<\/span><strong><span>autoproducci\u00f3n de energ\u00eda<\/span><\/strong><span>\u00a0facilitando la suficiencia de los hogares, pod\u00eda al menos comentar algo tan elemental, que hubo en los a\u00f1os 60 del siglo pasado, como producir agua caliente por medio de energ\u00eda solar.\u00a0Nada de todo esto se ha hecho.<\/span><\/p>\n<p>Es un pa\u00eds que est\u00e1 perdiendo el tren porque sus l\u00edderes no tienen visi\u00f3n ni misi\u00f3n.<\/p>\n<div id=\"polls-132\" class=\"wp-polls\">\n\t<form id=\"polls_form_132\" class=\"wp-polls-form\" action=\"\/index.php\" method=\"post\">\n\t\t<p style=\"display: none;\"><input type=\"hidden\" id=\"poll_132_nonce\" name=\"wp-polls-nonce\" value=\"cc33d5eed4\" \/><\/p>\n\t\t<p style=\"display: none;\"><input type=\"hidden\" name=\"poll_id\" value=\"132\" \/><\/p>\n\t\t<p style=\"text-align: center\"><strong>Creus que, en relaci\u00f3 amb la variant \u00d2micron, el govern hauria d'eliminar totes les restriccions facilitant el contagi i obtenint la immunitzaci\u00f3 de grup, amb els riscos associats que aix\u00f2 comporta?<\/strong><\/p><div id=\"polls-132-ans\" class=\"wp-polls-ans\"><ul class=\"wp-polls-ul\">\n\t\t<li><input type=\"radio\" id=\"poll-answer-331\" name=\"poll_132\" value=\"331\" \/> <label for=\"poll-answer-331\">S\u00ed<\/label><\/li>\n\t\t<li><input type=\"radio\" id=\"poll-answer-332\" name=\"poll_132\" value=\"332\" \/> <label for=\"poll-answer-332\">No<\/label><\/li>\n\t\t<li><input type=\"radio\" id=\"poll-answer-333\" name=\"poll_132\" value=\"333\" \/> <label for=\"poll-answer-333\">No ho s\u00e9<\/label><\/li>\n\t\t<\/ul><p style=\"text-align: center\"><input type=\"button\" name=\"vote\" value=\"   Vota   \" class=\"Buttons\" onclick=\"poll_vote(132);\" \/><\/p><p style=\"text-align: center\"><a href=\"#ViewPollResults\" onclick=\"poll_result(132); return false;\" title=\"View Results Of This Poll\">Mira els resultats<\/a><\/p><\/div>\n\t<\/form>\n<\/div>\n<div id=\"polls-132-loading\" class=\"wp-polls-loading\"><img decoding=\"async\" data-src=\"https:\/\/conversesacatalunya.cat\/wp-content\/plugins\/wp-polls\/images\/loading.gif\" width=\"16\" height=\"16\" alt=\"Cargando ...\" title=\"Cargando ...\" class=\"wp-polls-image lazyload\" src=\"data:image\/svg+xml;base64,PHN2ZyB3aWR0aD0iMSIgaGVpZ2h0PSIxIiB4bWxucz0iaHR0cDovL3d3dy53My5vcmcvMjAwMC9zdmciPjwvc3ZnPg==\" style=\"--smush-placeholder-width: 16px; --smush-placeholder-aspect-ratio: 16\/16;\" \/>&nbsp;Cargando ...<\/div>\n\n","protected":false},"excerpt":{"rendered":"<p>Si hay un tema clave en estos momentos es resolver la compleja\u00a0transici\u00f3n energ\u00e9tica.\u00a0Todos los pa\u00edses de Europa se esfuerzan por encontrar una soluci\u00f3n que integre tres par\u00e1metros de no f\u00e1cil conciliaci\u00f3n. El primero, reducir el\u00a0impacto con la emisi\u00f3n de gases de efecto invernadero\u00a0que, en el caso de la energ\u00eda, significa sobre todo el CO2.\u00a0El otro, jugar la carta de los\u00a0recursos propios que son m\u00e1s favorables. Este aspecto tiene condiciones para convertirse en una nueva crisis de la UE, en el sentido de que Francia exige que la producci\u00f3n nuclear sea considerada como una \u201cenerg\u00eda verde\u201d y Alemania postula algo similar en relaci\u00f3n al gas.\u00a0Son dos posiciones extremas que muestran hasta qu\u00e9 punto cada estado se preocupa por tener un mix de producci\u00f3n propicio a sus intereses. El tercer factor decisivo, porque puede aumentar el extendido malestar social, es el\u00a0coste de esa transici\u00f3n.\u00a0Cambiar las fuentes tradicionales por nuevas cuesta dinero.\u00a0La actual factura de la electricidad es una muestra, porque no toda la responsabilidad del aumento se debe al incremento del precio del gas, sino que otra parte sustancial est\u00e1 formada por los derechos de emisi\u00f3n de CO2, que cada vez son m\u00e1s caros. En este dif\u00edcil contexto el gobierno catal\u00e1n se mete solo en un l\u00edo de dimensiones c\u00f3smicas. Por un lado, habla sin parar de un pa\u00eds sostenible y verde e, incluso, se atreve a hacer \u00e9l solito una ley contra el cambio clim\u00e1tico, pero al mismo tiempo est\u00e1 a la cola de la producci\u00f3n de energ\u00edas alternativas. La advertencia de la ministra espa\u00f1ola del ramo, formulada en unos t\u00e9rminos deliberadamente provocadores para un gobierno independentista, en el sentido de si quer\u00eda terminar dependiendo energ\u00e9ticamente de Arag\u00f3n, ha tenido la respuesta can\u00f3nica de la consejera Teresa Jord\u00e0 que seguramente por la extra\u00f1a composici\u00f3n de su departamento de Acci\u00f3n Clim\u00e1tica, Alimentaci\u00f3n y Agenda Rural, tiene unas respuestas est\u00e1ndar que s\u00f3lo responden a lo pol\u00edticamente correcto, pero no concretan nada. La realidad cruda y pelada es que hoy la Catalu\u00f1a verde\u00a0que postula el gobierno Aragon\u00e9s es en realidad la Catalu\u00f1a at\u00f3nita, porque la energ\u00eda nuclear es de lejos, m\u00e1s del 50%, la que cubre nuestras necesidades energ\u00e9ticas. Para dar una idea del bajo nivel de respuesta catal\u00e1n, hay que situar el hecho de que durante el pasado a\u00f1o se han instalado en Espa\u00f1a una capacidad de 6.000 megavatios fotovoltaicos y 600 megavatios e\u00f3licos. Pues bien, ni una sola unidad de esta nueva producci\u00f3n el\u00e9ctrica se ha situado en Catalu\u00f1a. Es consecuencia de un pa\u00eds que vive instalado en el \u201cno\u201d. Quiere hacer grandes cosas, pero todav\u00eda tiene que decidir cu\u00e1les y c\u00f3mo. Mientras tanto, no queremos que haya instalaciones de energ\u00eda e\u00f3lica porque alteran el paisaje, ni fotovoltaica porque hace lo mismo y limita -cuesti\u00f3n discutible- la agricultura. Tenemos una visi\u00f3n muy limitada de lo que se puede hacer. Tanto es as\u00ed que existen opiniones t\u00e9cnicas que aseguran que podr\u00edamos producir toda la energ\u00eda necesaria de fuente e\u00f3lica marina en instalaciones situadas mar adentro en el litoral. Pero tambi\u00e9n esta posibilidad es descartada por una parte del pa\u00eds que no quiere tocar nada. En estas condiciones es muy dif\u00edcil que Catalu\u00f1a pueda prosperar.\u00a0Es bueno cuidar el paisaje, pero de modo que sea compatible con las necesidades de proveernos de un recurso tan necesario como la energ\u00eda y de ser lo suficientemente posible.\u00a0Tenemos el p\u00e9simo ejemplo de todo esto en Colau y la ciudad de Barcelona.\u00a0Pod\u00eda y puede todav\u00eda dar un fuerte impulso a la\u00a0autoproducci\u00f3n de energ\u00eda\u00a0facilitando la suficiencia de los hogares, pod\u00eda al menos comentar algo tan elemental, que hubo en los a\u00f1os 60 del siglo pasado, como producir agua caliente por medio de energ\u00eda solar.\u00a0Nada de todo esto se ha hecho. Es un pa\u00eds que est\u00e1 perdiendo el tren porque sus l\u00edderes no tienen visi\u00f3n ni misi\u00f3n.<\/p>\n","protected":false},"author":2,"featured_media":53632,"comment_status":"open","ping_status":"open","sticky":false,"template":"","format":"standard","meta":{"_FSMCFIC_featured_image_caption":"","_FSMCFIC_featured_image_nocaption":"","_FSMCFIC_featured_image_hide":"","footnotes":""},"categories":[806],"tags":[3835,3836],"class_list":["post-53639","post","type-post","status-publish","format-standard","has-post-thumbnail","hentry","category-punts-claus-del-dia-es","tag-consum-energetic-es","tag-factura-electricitat-es"],"yoast_head":"<!-- This site is optimized with the Yoast SEO plugin v26.8 - https:\/\/yoast.com\/product\/yoast-seo-wordpress\/ -->\n<title>El l\u00edo de la energ\u00eda en Catalu\u00f1a - Converses a Catalunya<\/title>\n<meta name=\"robots\" content=\"index, follow, max-snippet:-1, max-image-preview:large, max-video-preview:-1\" \/>\n<link rel=\"canonical\" href=\"https:\/\/conversesacatalunya.cat\/es\/transicion-energetica-cataluna\/\" \/>\n<meta property=\"og:locale\" content=\"es_ES\" \/>\n<meta property=\"og:type\" content=\"article\" \/>\n<meta property=\"og:title\" content=\"El l\u00edo de la energ\u00eda en Catalu\u00f1a - Converses a Catalunya\" \/>\n<meta property=\"og:description\" content=\"Si hay un tema clave en estos momentos es resolver la compleja\u00a0transici\u00f3n energ\u00e9tica.\u00a0Todos los pa\u00edses de Europa se esfuerzan por encontrar una soluci\u00f3n que integre tres par\u00e1metros de no f\u00e1cil conciliaci\u00f3n. El primero, reducir el\u00a0impacto con la emisi\u00f3n de gases de efecto invernadero\u00a0que, en el caso de la energ\u00eda, significa sobre todo el CO2.\u00a0El otro, jugar la carta de los\u00a0recursos propios que son m\u00e1s favorables. Este aspecto tiene condiciones para convertirse en una nueva crisis de la UE, en el sentido de que Francia exige que la producci\u00f3n nuclear sea considerada como una \u201cenerg\u00eda verde\u201d y Alemania postula algo similar en relaci\u00f3n al gas.\u00a0Son dos posiciones extremas que muestran hasta qu\u00e9 punto cada estado se preocupa por tener un mix de producci\u00f3n propicio a sus intereses. El tercer factor decisivo, porque puede aumentar el extendido malestar social, es el\u00a0coste de esa transici\u00f3n.\u00a0Cambiar las fuentes tradicionales por nuevas cuesta dinero.\u00a0La actual factura de la electricidad es una muestra, porque no toda la responsabilidad del aumento se debe al incremento del precio del gas, sino que otra parte sustancial est\u00e1 formada por los derechos de emisi\u00f3n de CO2, que cada vez son m\u00e1s caros. En este dif\u00edcil contexto el gobierno catal\u00e1n se mete solo en un l\u00edo de dimensiones c\u00f3smicas. Por un lado, habla sin parar de un pa\u00eds sostenible y verde e, incluso, se atreve a hacer \u00e9l solito una ley contra el cambio clim\u00e1tico, pero al mismo tiempo est\u00e1 a la cola de la producci\u00f3n de energ\u00edas alternativas. La advertencia de la ministra espa\u00f1ola del ramo, formulada en unos t\u00e9rminos deliberadamente provocadores para un gobierno independentista, en el sentido de si quer\u00eda terminar dependiendo energ\u00e9ticamente de Arag\u00f3n, ha tenido la respuesta can\u00f3nica de la consejera Teresa Jord\u00e0 que seguramente por la extra\u00f1a composici\u00f3n de su departamento de Acci\u00f3n Clim\u00e1tica, Alimentaci\u00f3n y Agenda Rural, tiene unas respuestas est\u00e1ndar que s\u00f3lo responden a lo pol\u00edticamente correcto, pero no concretan nada. La realidad cruda y pelada es que hoy la Catalu\u00f1a verde\u00a0que postula el gobierno Aragon\u00e9s es en realidad la Catalu\u00f1a at\u00f3nita, porque la energ\u00eda nuclear es de lejos, m\u00e1s del 50%, la que cubre nuestras necesidades energ\u00e9ticas. Para dar una idea del bajo nivel de respuesta catal\u00e1n, hay que situar el hecho de que durante el pasado a\u00f1o se han instalado en Espa\u00f1a una capacidad de 6.000 megavatios fotovoltaicos y 600 megavatios e\u00f3licos. Pues bien, ni una sola unidad de esta nueva producci\u00f3n el\u00e9ctrica se ha situado en Catalu\u00f1a. Es consecuencia de un pa\u00eds que vive instalado en el \u201cno\u201d. Quiere hacer grandes cosas, pero todav\u00eda tiene que decidir cu\u00e1les y c\u00f3mo. Mientras tanto, no queremos que haya instalaciones de energ\u00eda e\u00f3lica porque alteran el paisaje, ni fotovoltaica porque hace lo mismo y limita -cuesti\u00f3n discutible- la agricultura. Tenemos una visi\u00f3n muy limitada de lo que se puede hacer. Tanto es as\u00ed que existen opiniones t\u00e9cnicas que aseguran que podr\u00edamos producir toda la energ\u00eda necesaria de fuente e\u00f3lica marina en instalaciones situadas mar adentro en el litoral. Pero tambi\u00e9n esta posibilidad es descartada por una parte del pa\u00eds que no quiere tocar nada. En estas condiciones es muy dif\u00edcil que Catalu\u00f1a pueda prosperar.\u00a0Es bueno cuidar el paisaje, pero de modo que sea compatible con las necesidades de proveernos de un recurso tan necesario como la energ\u00eda y de ser lo suficientemente posible.\u00a0Tenemos el p\u00e9simo ejemplo de todo esto en Colau y la ciudad de Barcelona.\u00a0Pod\u00eda y puede todav\u00eda dar un fuerte impulso a la\u00a0autoproducci\u00f3n de energ\u00eda\u00a0facilitando la suficiencia de los hogares, pod\u00eda al menos comentar algo tan elemental, que hubo en los a\u00f1os 60 del siglo pasado, como producir agua caliente por medio de energ\u00eda solar.\u00a0Nada de todo esto se ha hecho. Es un pa\u00eds que est\u00e1 perdiendo el tren porque sus l\u00edderes no tienen visi\u00f3n ni misi\u00f3n.\" \/>\n<meta property=\"og:url\" content=\"https:\/\/conversesacatalunya.cat\/es\/transicion-energetica-cataluna\/\" \/>\n<meta property=\"og:site_name\" content=\"Converses a Catalunya\" \/>\n<meta property=\"article:published_time\" content=\"2022-01-05T11:30:31+00:00\" \/>\n<meta property=\"article:modified_time\" content=\"2022-01-05T12:15:42+00:00\" \/>\n<meta property=\"og:image\" content=\"https:\/\/conversesacatalunya.cat\/wp-content\/uploads\/2022\/01\/transicion-energetica.jpg\" \/>\n\t<meta property=\"og:image:width\" content=\"640\" \/>\n\t<meta property=\"og:image:height\" content=\"304\" \/>\n\t<meta property=\"og:image:type\" content=\"image\/jpeg\" \/>\n<meta name=\"author\" content=\"conversesacatalunya\" \/>\n<meta name=\"twitter:card\" content=\"summary_large_image\" \/>\n<meta name=\"twitter:label1\" content=\"Escrito por\" \/>\n\t<meta name=\"twitter:data1\" content=\"conversesacatalunya\" \/>\n\t<meta name=\"twitter:label2\" content=\"Tiempo de lectura\" \/>\n\t<meta name=\"twitter:data2\" content=\"4 minutos\" \/>\n<script type=\"application\/ld+json\" class=\"yoast-schema-graph\">{\"@context\":\"https:\/\/schema.org\",\"@graph\":[{\"@type\":\"Article\",\"@id\":\"https:\/\/conversesacatalunya.cat\/es\/transicion-energetica-cataluna\/#article\",\"isPartOf\":{\"@id\":\"https:\/\/conversesacatalunya.cat\/es\/transicion-energetica-cataluna\/\"},\"author\":{\"name\":\"conversesacatalunya\",\"@id\":\"https:\/\/conversesacatalunya.cat\/#\/schema\/person\/7e24d1e54a2785373ddcb275eae5ed99\"},\"headline\":\"El l\u00edo de la energ\u00eda en Catalu\u00f1a\",\"datePublished\":\"2022-01-05T11:30:31+00:00\",\"dateModified\":\"2022-01-05T12:15:42+00:00\",\"mainEntityOfPage\":{\"@id\":\"https:\/\/conversesacatalunya.cat\/es\/transicion-energetica-cataluna\/\"},\"wordCount\":733,\"commentCount\":0,\"image\":{\"@id\":\"https:\/\/conversesacatalunya.cat\/es\/transicion-energetica-cataluna\/#primaryimage\"},\"thumbnailUrl\":\"https:\/\/conversesacatalunya.cat\/wp-content\/uploads\/2022\/01\/transicion-energetica.jpg\",\"keywords\":[\"consum energ\u00e8tic\",\"Factura electricitat\"],\"articleSection\":[\"Punts clau del dia (ES)\"],\"inLanguage\":\"es\",\"potentialAction\":[{\"@type\":\"CommentAction\",\"name\":\"Comment\",\"target\":[\"https:\/\/conversesacatalunya.cat\/es\/transicion-energetica-cataluna\/#respond\"]}]},{\"@type\":\"WebPage\",\"@id\":\"https:\/\/conversesacatalunya.cat\/es\/transicion-energetica-cataluna\/\",\"url\":\"https:\/\/conversesacatalunya.cat\/es\/transicion-energetica-cataluna\/\",\"name\":\"El l\u00edo de la energ\u00eda en Catalu\u00f1a - Converses a Catalunya\",\"isPartOf\":{\"@id\":\"https:\/\/conversesacatalunya.cat\/#website\"},\"primaryImageOfPage\":{\"@id\":\"https:\/\/conversesacatalunya.cat\/es\/transicion-energetica-cataluna\/#primaryimage\"},\"image\":{\"@id\":\"https:\/\/conversesacatalunya.cat\/es\/transicion-energetica-cataluna\/#primaryimage\"},\"thumbnailUrl\":\"https:\/\/conversesacatalunya.cat\/wp-content\/uploads\/2022\/01\/transicion-energetica.jpg\",\"datePublished\":\"2022-01-05T11:30:31+00:00\",\"dateModified\":\"2022-01-05T12:15:42+00:00\",\"author\":{\"@id\":\"https:\/\/conversesacatalunya.cat\/#\/schema\/person\/7e24d1e54a2785373ddcb275eae5ed99\"},\"breadcrumb\":{\"@id\":\"https:\/\/conversesacatalunya.cat\/es\/transicion-energetica-cataluna\/#breadcrumb\"},\"inLanguage\":\"es\",\"potentialAction\":[{\"@type\":\"ReadAction\",\"target\":[\"https:\/\/conversesacatalunya.cat\/es\/transicion-energetica-cataluna\/\"]}]},{\"@type\":\"ImageObject\",\"inLanguage\":\"es\",\"@id\":\"https:\/\/conversesacatalunya.cat\/es\/transicion-energetica-cataluna\/#primaryimage\",\"url\":\"https:\/\/conversesacatalunya.cat\/wp-content\/uploads\/2022\/01\/transicion-energetica.jpg\",\"contentUrl\":\"https:\/\/conversesacatalunya.cat\/wp-content\/uploads\/2022\/01\/transicion-energetica.jpg\",\"width\":640,\"height\":304,\"caption\":\"transici\u00f3 energ\u00e8tica\"},{\"@type\":\"BreadcrumbList\",\"@id\":\"https:\/\/conversesacatalunya.cat\/es\/transicion-energetica-cataluna\/#breadcrumb\",\"itemListElement\":[{\"@type\":\"ListItem\",\"position\":1,\"name\":\"Inici\",\"item\":\"https:\/\/conversesacatalunya.cat\/es\/\"},{\"@type\":\"ListItem\",\"position\":2,\"name\":\"El l\u00edo de la energ\u00eda en Catalu\u00f1a\"}]},{\"@type\":\"WebSite\",\"@id\":\"https:\/\/conversesacatalunya.cat\/#website\",\"url\":\"https:\/\/conversesacatalunya.cat\/\",\"name\":\"Converses a Catalunya\",\"description\":\"\",\"potentialAction\":[{\"@type\":\"SearchAction\",\"target\":{\"@type\":\"EntryPoint\",\"urlTemplate\":\"https:\/\/conversesacatalunya.cat\/?s={search_term_string}\"},\"query-input\":{\"@type\":\"PropertyValueSpecification\",\"valueRequired\":true,\"valueName\":\"search_term_string\"}}],\"inLanguage\":\"es\"},{\"@type\":\"Person\",\"@id\":\"https:\/\/conversesacatalunya.cat\/#\/schema\/person\/7e24d1e54a2785373ddcb275eae5ed99\",\"name\":\"conversesacatalunya\",\"image\":{\"@type\":\"ImageObject\",\"inLanguage\":\"es\",\"@id\":\"https:\/\/conversesacatalunya.cat\/#\/schema\/person\/image\/\",\"url\":\"https:\/\/conversesacatalunya.cat\/wp-content\/litespeed\/avatar\/febdfeeec89d950f01c748045a981dd2.jpg?ver=1777314535\",\"contentUrl\":\"https:\/\/conversesacatalunya.cat\/wp-content\/litespeed\/avatar\/febdfeeec89d950f01c748045a981dd2.jpg?ver=1777314535\",\"caption\":\"conversesacatalunya\"},\"url\":\"https:\/\/conversesacatalunya.cat\/es\/author\/carme_catala\/\"}]}<\/script>\n<!-- \/ Yoast SEO plugin. -->","yoast_head_json":{"title":"El l\u00edo de la energ\u00eda en Catalu\u00f1a - Converses a Catalunya","robots":{"index":"index","follow":"follow","max-snippet":"max-snippet:-1","max-image-preview":"max-image-preview:large","max-video-preview":"max-video-preview:-1"},"canonical":"https:\/\/conversesacatalunya.cat\/es\/transicion-energetica-cataluna\/","og_locale":"es_ES","og_type":"article","og_title":"El l\u00edo de la energ\u00eda en Catalu\u00f1a - Converses a Catalunya","og_description":"Si hay un tema clave en estos momentos es resolver la compleja\u00a0transici\u00f3n energ\u00e9tica.\u00a0Todos los pa\u00edses de Europa se esfuerzan por encontrar una soluci\u00f3n que integre tres par\u00e1metros de no f\u00e1cil conciliaci\u00f3n. El primero, reducir el\u00a0impacto con la emisi\u00f3n de gases de efecto invernadero\u00a0que, en el caso de la energ\u00eda, significa sobre todo el CO2.\u00a0El otro, jugar la carta de los\u00a0recursos propios que son m\u00e1s favorables. Este aspecto tiene condiciones para convertirse en una nueva crisis de la UE, en el sentido de que Francia exige que la producci\u00f3n nuclear sea considerada como una \u201cenerg\u00eda verde\u201d y Alemania postula algo similar en relaci\u00f3n al gas.\u00a0Son dos posiciones extremas que muestran hasta qu\u00e9 punto cada estado se preocupa por tener un mix de producci\u00f3n propicio a sus intereses. El tercer factor decisivo, porque puede aumentar el extendido malestar social, es el\u00a0coste de esa transici\u00f3n.\u00a0Cambiar las fuentes tradicionales por nuevas cuesta dinero.\u00a0La actual factura de la electricidad es una muestra, porque no toda la responsabilidad del aumento se debe al incremento del precio del gas, sino que otra parte sustancial est\u00e1 formada por los derechos de emisi\u00f3n de CO2, que cada vez son m\u00e1s caros. En este dif\u00edcil contexto el gobierno catal\u00e1n se mete solo en un l\u00edo de dimensiones c\u00f3smicas. Por un lado, habla sin parar de un pa\u00eds sostenible y verde e, incluso, se atreve a hacer \u00e9l solito una ley contra el cambio clim\u00e1tico, pero al mismo tiempo est\u00e1 a la cola de la producci\u00f3n de energ\u00edas alternativas. La advertencia de la ministra espa\u00f1ola del ramo, formulada en unos t\u00e9rminos deliberadamente provocadores para un gobierno independentista, en el sentido de si quer\u00eda terminar dependiendo energ\u00e9ticamente de Arag\u00f3n, ha tenido la respuesta can\u00f3nica de la consejera Teresa Jord\u00e0 que seguramente por la extra\u00f1a composici\u00f3n de su departamento de Acci\u00f3n Clim\u00e1tica, Alimentaci\u00f3n y Agenda Rural, tiene unas respuestas est\u00e1ndar que s\u00f3lo responden a lo pol\u00edticamente correcto, pero no concretan nada. La realidad cruda y pelada es que hoy la Catalu\u00f1a verde\u00a0que postula el gobierno Aragon\u00e9s es en realidad la Catalu\u00f1a at\u00f3nita, porque la energ\u00eda nuclear es de lejos, m\u00e1s del 50%, la que cubre nuestras necesidades energ\u00e9ticas. Para dar una idea del bajo nivel de respuesta catal\u00e1n, hay que situar el hecho de que durante el pasado a\u00f1o se han instalado en Espa\u00f1a una capacidad de 6.000 megavatios fotovoltaicos y 600 megavatios e\u00f3licos. Pues bien, ni una sola unidad de esta nueva producci\u00f3n el\u00e9ctrica se ha situado en Catalu\u00f1a. Es consecuencia de un pa\u00eds que vive instalado en el \u201cno\u201d. Quiere hacer grandes cosas, pero todav\u00eda tiene que decidir cu\u00e1les y c\u00f3mo. Mientras tanto, no queremos que haya instalaciones de energ\u00eda e\u00f3lica porque alteran el paisaje, ni fotovoltaica porque hace lo mismo y limita -cuesti\u00f3n discutible- la agricultura. Tenemos una visi\u00f3n muy limitada de lo que se puede hacer. Tanto es as\u00ed que existen opiniones t\u00e9cnicas que aseguran que podr\u00edamos producir toda la energ\u00eda necesaria de fuente e\u00f3lica marina en instalaciones situadas mar adentro en el litoral. Pero tambi\u00e9n esta posibilidad es descartada por una parte del pa\u00eds que no quiere tocar nada. En estas condiciones es muy dif\u00edcil que Catalu\u00f1a pueda prosperar.\u00a0Es bueno cuidar el paisaje, pero de modo que sea compatible con las necesidades de proveernos de un recurso tan necesario como la energ\u00eda y de ser lo suficientemente posible.\u00a0Tenemos el p\u00e9simo ejemplo de todo esto en Colau y la ciudad de Barcelona.\u00a0Pod\u00eda y puede todav\u00eda dar un fuerte impulso a la\u00a0autoproducci\u00f3n de energ\u00eda\u00a0facilitando la suficiencia de los hogares, pod\u00eda al menos comentar algo tan elemental, que hubo en los a\u00f1os 60 del siglo pasado, como producir agua caliente por medio de energ\u00eda solar.\u00a0Nada de todo esto se ha hecho. Es un pa\u00eds que est\u00e1 perdiendo el tren porque sus l\u00edderes no tienen visi\u00f3n ni misi\u00f3n.","og_url":"https:\/\/conversesacatalunya.cat\/es\/transicion-energetica-cataluna\/","og_site_name":"Converses a Catalunya","article_published_time":"2022-01-05T11:30:31+00:00","article_modified_time":"2022-01-05T12:15:42+00:00","og_image":[{"width":640,"height":304,"url":"https:\/\/conversesacatalunya.cat\/wp-content\/uploads\/2022\/01\/transicion-energetica.jpg","type":"image\/jpeg"}],"author":"conversesacatalunya","twitter_card":"summary_large_image","twitter_misc":{"Escrito por":"conversesacatalunya","Tiempo de lectura":"4 minutos"},"schema":{"@context":"https:\/\/schema.org","@graph":[{"@type":"Article","@id":"https:\/\/conversesacatalunya.cat\/es\/transicion-energetica-cataluna\/#article","isPartOf":{"@id":"https:\/\/conversesacatalunya.cat\/es\/transicion-energetica-cataluna\/"},"author":{"name":"conversesacatalunya","@id":"https:\/\/conversesacatalunya.cat\/#\/schema\/person\/7e24d1e54a2785373ddcb275eae5ed99"},"headline":"El l\u00edo de la energ\u00eda en Catalu\u00f1a","datePublished":"2022-01-05T11:30:31+00:00","dateModified":"2022-01-05T12:15:42+00:00","mainEntityOfPage":{"@id":"https:\/\/conversesacatalunya.cat\/es\/transicion-energetica-cataluna\/"},"wordCount":733,"commentCount":0,"image":{"@id":"https:\/\/conversesacatalunya.cat\/es\/transicion-energetica-cataluna\/#primaryimage"},"thumbnailUrl":"https:\/\/conversesacatalunya.cat\/wp-content\/uploads\/2022\/01\/transicion-energetica.jpg","keywords":["consum energ\u00e8tic","Factura electricitat"],"articleSection":["Punts clau del dia (ES)"],"inLanguage":"es","potentialAction":[{"@type":"CommentAction","name":"Comment","target":["https:\/\/conversesacatalunya.cat\/es\/transicion-energetica-cataluna\/#respond"]}]},{"@type":"WebPage","@id":"https:\/\/conversesacatalunya.cat\/es\/transicion-energetica-cataluna\/","url":"https:\/\/conversesacatalunya.cat\/es\/transicion-energetica-cataluna\/","name":"El l\u00edo de la energ\u00eda en Catalu\u00f1a - Converses a Catalunya","isPartOf":{"@id":"https:\/\/conversesacatalunya.cat\/#website"},"primaryImageOfPage":{"@id":"https:\/\/conversesacatalunya.cat\/es\/transicion-energetica-cataluna\/#primaryimage"},"image":{"@id":"https:\/\/conversesacatalunya.cat\/es\/transicion-energetica-cataluna\/#primaryimage"},"thumbnailUrl":"https:\/\/conversesacatalunya.cat\/wp-content\/uploads\/2022\/01\/transicion-energetica.jpg","datePublished":"2022-01-05T11:30:31+00:00","dateModified":"2022-01-05T12:15:42+00:00","author":{"@id":"https:\/\/conversesacatalunya.cat\/#\/schema\/person\/7e24d1e54a2785373ddcb275eae5ed99"},"breadcrumb":{"@id":"https:\/\/conversesacatalunya.cat\/es\/transicion-energetica-cataluna\/#breadcrumb"},"inLanguage":"es","potentialAction":[{"@type":"ReadAction","target":["https:\/\/conversesacatalunya.cat\/es\/transicion-energetica-cataluna\/"]}]},{"@type":"ImageObject","inLanguage":"es","@id":"https:\/\/conversesacatalunya.cat\/es\/transicion-energetica-cataluna\/#primaryimage","url":"https:\/\/conversesacatalunya.cat\/wp-content\/uploads\/2022\/01\/transicion-energetica.jpg","contentUrl":"https:\/\/conversesacatalunya.cat\/wp-content\/uploads\/2022\/01\/transicion-energetica.jpg","width":640,"height":304,"caption":"transici\u00f3 energ\u00e8tica"},{"@type":"BreadcrumbList","@id":"https:\/\/conversesacatalunya.cat\/es\/transicion-energetica-cataluna\/#breadcrumb","itemListElement":[{"@type":"ListItem","position":1,"name":"Inici","item":"https:\/\/conversesacatalunya.cat\/es\/"},{"@type":"ListItem","position":2,"name":"El l\u00edo de la energ\u00eda en Catalu\u00f1a"}]},{"@type":"WebSite","@id":"https:\/\/conversesacatalunya.cat\/#website","url":"https:\/\/conversesacatalunya.cat\/","name":"Converses a Catalunya","description":"","potentialAction":[{"@type":"SearchAction","target":{"@type":"EntryPoint","urlTemplate":"https:\/\/conversesacatalunya.cat\/?s={search_term_string}"},"query-input":{"@type":"PropertyValueSpecification","valueRequired":true,"valueName":"search_term_string"}}],"inLanguage":"es"},{"@type":"Person","@id":"https:\/\/conversesacatalunya.cat\/#\/schema\/person\/7e24d1e54a2785373ddcb275eae5ed99","name":"conversesacatalunya","image":{"@type":"ImageObject","inLanguage":"es","@id":"https:\/\/conversesacatalunya.cat\/#\/schema\/person\/image\/","url":"https:\/\/conversesacatalunya.cat\/wp-content\/litespeed\/avatar\/febdfeeec89d950f01c748045a981dd2.jpg?ver=1777314535","contentUrl":"https:\/\/conversesacatalunya.cat\/wp-content\/litespeed\/avatar\/febdfeeec89d950f01c748045a981dd2.jpg?ver=1777314535","caption":"conversesacatalunya"},"url":"https:\/\/conversesacatalunya.cat\/es\/author\/carme_catala\/"}]}},"wps_subtitle":"","_links":{"self":[{"href":"https:\/\/conversesacatalunya.cat\/es\/wp-json\/wp\/v2\/posts\/53639","targetHints":{"allow":["GET"]}}],"collection":[{"href":"https:\/\/conversesacatalunya.cat\/es\/wp-json\/wp\/v2\/posts"}],"about":[{"href":"https:\/\/conversesacatalunya.cat\/es\/wp-json\/wp\/v2\/types\/post"}],"author":[{"embeddable":true,"href":"https:\/\/conversesacatalunya.cat\/es\/wp-json\/wp\/v2\/users\/2"}],"replies":[{"embeddable":true,"href":"https:\/\/conversesacatalunya.cat\/es\/wp-json\/wp\/v2\/comments?post=53639"}],"version-history":[{"count":2,"href":"https:\/\/conversesacatalunya.cat\/es\/wp-json\/wp\/v2\/posts\/53639\/revisions"}],"predecessor-version":[{"id":53641,"href":"https:\/\/conversesacatalunya.cat\/es\/wp-json\/wp\/v2\/posts\/53639\/revisions\/53641"}],"wp:featuredmedia":[{"embeddable":true,"href":"https:\/\/conversesacatalunya.cat\/es\/wp-json\/wp\/v2\/media\/53632"}],"wp:attachment":[{"href":"https:\/\/conversesacatalunya.cat\/es\/wp-json\/wp\/v2\/media?parent=53639"}],"wp:term":[{"taxonomy":"category","embeddable":true,"href":"https:\/\/conversesacatalunya.cat\/es\/wp-json\/wp\/v2\/categories?post=53639"},{"taxonomy":"post_tag","embeddable":true,"href":"https:\/\/conversesacatalunya.cat\/es\/wp-json\/wp\/v2\/tags?post=53639"}],"curies":[{"name":"wp","href":"https:\/\/api.w.org\/{rel}","templated":true}]}}