{"id":53586,"date":"2022-01-04T10:36:39","date_gmt":"2022-01-04T09:36:39","guid":{"rendered":"https:\/\/conversesacatalunya.cat\/10-conflictes-internacionals-2022\/"},"modified":"2025-02-03T12:52:38","modified_gmt":"2025-02-03T11:52:38","slug":"10-conflictos-internacionales-2022","status":"publish","type":"post","link":"https:\/\/conversesacatalunya.cat\/es\/10-conflictos-internacionales-2022\/","title":{"rendered":"10 conflictos internacionales que podr\u00edan estallar en 2022"},"content":{"rendered":"<p>El 2021 no s\u00f3lo ha estado marcado por la pandemia de la Covid, sino que se han producido varios eventos de\u00a0<strong>gran impacto en la pol\u00edtica internacional.<\/strong><\/p>\n<p>Los m\u00e1s importantes son\u00a0<strong>la reanudaci\u00f3n por los Talibanes del poder en Afganist\u00e1n<\/strong>, la escalada de tensiones entre Estados Unidos y China y, como trasfondo de todo, la confirmaci\u00f3n de que\u00a0<strong>Washington aspira a tener un papel menos central en la pol\u00edtica internacional<\/strong>.<\/p>\n<p><strong>\u00bfQu\u00e9 debemos esperar para 2022?\u00a0<\/strong>Como cada a\u00f1o, el instituto de investigaci\u00f3n\u00a0<i>International Crisis Group<\/i>\u00a0(ICG)\u00a0<a href=\"https:\/\/www.crisisgroup.org\/global\/10-conflicts-watch-2022\" target=\"_blank\" rel=\"noopener\">publica<\/a> su selecci\u00f3n de los 10 conflictos internacionales que espera que marquen la agenda del a\u00f1o.<\/p>\n<div class=\"code-block code-block-4\">\n<div class=\"a-single a-17\"><strong style=\"color: #1a1a1a; font-size: 1.8rem; letter-spacing: 0px;\">1. Ucrania<\/strong><\/div>\n<div><\/div>\n<\/div>\n<p><strong>Considerar la concentraci\u00f3n de tropas rusas en la frontera ucraniana como una simple provocaci\u00f3n podr\u00eda ser un funesto error<\/strong>, avisan los expertos del ICG.\u00a0Ucrania lleva desde 2014 inmersa en un conflicto de baja intensidad con Rusia y sobre todo con los aliados de Mosc\u00fa en el este del pa\u00eds.\u00a0Un intento de paz entre Vladimir Putin y su hom\u00f3logo ucraniano Volodymyr Zelensky, en el cargo desde el 2019, fracas\u00f3.\u00a0En la primavera de 2021, Rusia concentr\u00f3 100.000 soldados en la frontera.\u00a0Aunque entonces fueron retiradas, en las \u00faltimas semanas se han vuelto a concentrar tropas rusas.\u00a0En cuanto a Estados Unidos, est\u00e1n m\u00e1s preocupados por China, pero no se pueden permitir olvidarse de Ucrania porque una intervenci\u00f3n militar de Mosc\u00fa pondr\u00eda a la OTAN en una delicada posici\u00f3n.<\/p>\n<h3><strong>2. Etiop\u00eda<\/strong><\/h3>\n<p>La guerra que estall\u00f3 en 2020 entre las fuerzas federales del primer ministro et\u00edope Abiy Ahmed (galardonado con el premio Nobel de la Paz en 2019) y los rebeldes de la regi\u00f3n del Tigray est\u00e1 asolando el pa\u00eds. <strong>Ambas partes han sido acusadas de cometer atrocidades, y ninguna de las dos parece capaz de asestar un golpe mortal al otro<\/strong>.\u00a0La principal preocupaci\u00f3n de la diplomacia deber\u00eda ser obtener un alto el fuego y la entrada de ayuda humanitaria en el Tigray, amenazada severamente por el hambre.<\/p>\n<h3><strong>3. Afganist\u00e1n<\/strong><\/h3>\n<p>Tras la toma de poder de los Talibanes el pasado verano,\u00a0<strong>el hambre amenaza al pa\u00eds, principalmente debido al fin de la ayuda humanitaria occidental de la que el pa\u00eds depende<\/strong>.\u00a0Seg\u00fan Naciones Unidas, 23 millones de personas est\u00e1n amenazadas severamente por el hambre, que equivalen a casi la mitad de la poblaci\u00f3n total de\u00a0<a href=\"https:\/\/conversesacatalunya.cat\/es\/retirada-afganistan\/\" target=\"_blank\" rel=\"noopener\">Afganist\u00e1n<\/a>.\u00a0Seg\u00fan el ICG, la prioridad es encontrar formas de trabajo con los Talibanes que permitan la reanudaci\u00f3n de la actividad econ\u00f3mica.\u00a0Si bien el nivel de violencia se ha reducido dr\u00e1sticamente desde su conquista de Kabul, el pa\u00eds se enfrenta a la amenaza de la rama local de Estado Isl\u00e1mico, as\u00ed como a una dura sequ\u00eda.<\/p>\n<div class=\"code-block code-block-5\">\n<div><\/div>\n<div class=\"a-single a-17\"><strong style=\"color: #1a1a1a; font-size: 1.8rem; letter-spacing: 0px;\">4. Estados Unidos y China<\/strong><\/div>\n<\/div>\n<p>&nbsp;<\/p>\n<p>Un enfrentamiento militar abierto entre las dos principales potencias mundiales parece improbable a corto plazo. Pero los incidentes que implican aviones y buques de guerra chinos y estadounidenses y taiwaneses no paran de incrementarse, <strong>multiplicando las posibilidades de malentendido y escalada de la violencia<\/strong>.\u00a0En cualquier caso, el estrecho de Taiw\u00e1n sigue ganando fuerza como posible punto caliente del mundo.\u00a0<em>Converses <\/em><a href=\"https:\/\/conversesacatalunya-cat.translate.goog\/taiwan-tercera-guerra-mundial-capitulacio-doccident\/?_x_tr_sl=ca&amp;_x_tr_tl=es&amp;_x_tr_hl=es\" target=\"_blank\" rel=\"noopener\">analiz\u00f3<\/a>\u00a0recientemente\u00a0las perspectivas de un posible conflicto en esta isla del Lejano Oriente, as\u00ed como sus consecuencias internacionales.<\/p>\n<h3><strong>5. Ir\u00e1n, Israel y Estados Unidos<\/strong><\/h3>\n<p>Las esperanzas puestas en Joe Biden para resucitar el acuerdo nuclear con el r\u00e9gimen iran\u00ed se han desvanecido pr\u00e1cticamente. Mientras, Teher\u00e1n ha acelerado el enriquecimiento de uranio.\u00a0La posibilidad de una nueva intervenci\u00f3n israel\u00ed para destruir las instalaciones nucleares iran\u00edes sigue presente.\u00a0Se estima que Ir\u00e1n se encuentra tan s\u00f3lo a escasas semanas de la obtenci\u00f3n del arma at\u00f3mica.\u00a0<strong>Un ataque o maniobra percibida como una provocaci\u00f3n por parte de los estadounidenses o israel\u00edes ser\u00eda suficiente para que Teher\u00e1n completara a toda prisa su programa armament\u00edstico nuclear<\/strong>, lo que podr\u00eda desestabilizar a\u00fan m\u00e1s una de las regiones m\u00e1s conflictivas del mundo.<\/p>\n<h3><strong>6. Yemen<\/strong><\/h3>\n<p><span class=\"goog-text-highlight\">La otra guerra civil \u00e1rabe, olvidada por Occidente a pesar del fin de los combates en Siria, sigue su curso devastando el pa\u00eds m\u00e1s pobre de la pen\u00ednsula de Arabia. <\/span>Recientemente, los rebeldes hutis han rodeado la regi\u00f3n de Marib, rica en gas y petr\u00f3leo.\u00a0Los expertos del ICG esperan del nuevo enviado especial de Naciones Unidas que trabaje para evitar una ofensiva rebelde contra el gobierno de Hadi y sus aliados saud\u00edes,\u00a0<strong>que en vez de acortar prolongar\u00eda a\u00fan m\u00e1s la guerra civil de Yemen.<\/strong><\/p>\n<h3><strong><span class=\"\">7. Israel y Palestina<\/span><\/strong><\/h3>\n<p>2021 fue tambi\u00e9n el a\u00f1o de los enfrentamientos m\u00e1s duros de los \u00faltimos tiempos entre las fuerzas armadas israel\u00edes y palestinos, con incidentes frecuentes en Jerusal\u00e9n, en Cisjordania y otras ciudades israel\u00edes. Todo ello demuestra, seg\u00fan los expertos del ICG, que la situaci\u00f3n actual es insostenible y la convivencia cada vez m\u00e1s dif\u00edcil.\u00a0A pesar de ello, el nuevo gobierno israel\u00ed dirigido por Naftali Bennett ha proseguido con las pol\u00edticas de expansi\u00f3n de asentamientos jud\u00edos de su predecesor, Benjamin Netanyahu.\u00a0<strong>El proceso de paz y la soluci\u00f3n de crear dos estados, Israel y Palestina, parecen m\u00e1s lejos que nunca.<\/strong><\/p>\n<h3><strong>8. Hait\u00ed<\/strong><\/h3>\n<p>Hait\u00ed, el pa\u00eds m\u00e1s pobre del Caribe y uno de los m\u00e1s depauperados del mundo, entra por su desgracia en la lista de 10 prioridades del ICG para el 2022. Su presidente fue asesinado el pasado julio, y un mes despu\u00e9s, un nuevo terremoto destruy\u00f3 de nuevo buena parte del sur de Hait\u00ed.\u00a0La capital, Puerto Pr\u00edncipe, est\u00e1 principalmente controlada por bandas rivales, y la ayuda humanitaria se distribuye en cuentagotas.\u00a0A pesar de todo,\u00a0<strong>los haitianos son muy esc\u00e9pticos de una intervenci\u00f3n internacional<\/strong>: el pa\u00eds ya acogi\u00f3 durante m\u00e1s de una d\u00e9cada una misi\u00f3n de estabilizaci\u00f3n de los cascos azules de la ONU, que se retiraron en 2017 sin haber logrado avances importantes .<\/p>\n<h3><strong>9. Birmania<\/strong><\/h3>\n<p>Un golpe de estado militar puso fin en febrero de 2021 a una d\u00e9cada de reformas de la primera ministra Aung San Suu Kyi en ese estado del sudeste asi\u00e1tico.\u00a0La represi\u00f3n brutal de la ola de protestas, principalmente pac\u00edficas, gener\u00f3 indignaci\u00f3n internacional y sobre todo condujo a algunos a alzarse en armas contra el nuevo r\u00e9gimen.\u00a0Meses despu\u00e9s, la situaci\u00f3n en Birmania sigue siendo de m\u00e1xima incertidumbre y de enorme inestabilidad:\u00a0<strong>si la represi\u00f3n de las fuerzas armadas prosigue, una guerra civil abierta no puede excluirse.<\/strong><\/p>\n<h3><strong>10. Yihadismo en \u00c1frica<\/strong><\/h3>\n<p>El foco del islamismo armado mundial parece desplazar su centro de Oriente Medio a \u00c1frica. Es all\u00ed donde se dan la mayor\u00eda de guerras de baja intensidad entre estados y grupos yihadistas, desde el Sahel hasta el norte del Mozambique. Las fuerzas armadas occidentales,\u00a0<a href=\"https:\/\/conversesacatalunya.cat\/es\/retirada-francia-sahara\/\" target=\"_blank\" rel=\"noopener\">principalmente francesas<\/a>, est\u00e1n ayudando a los estados africanos a contener la amenaza.\u00a0<strong>Sin embargo, los problemas de fondo, empezando por la educaci\u00f3n y el progreso econ\u00f3mico, no se resuelven<\/strong>\u00a0a pesar de los numerosos programas de ayuda e iniciativas internacionales.<\/p>\n","protected":false},"excerpt":{"rendered":"<p>El 2021 no s\u00f3lo ha estado marcado por la pandemia de la Covid, sino que se han producido varios eventos de\u00a0gran impacto en la pol\u00edtica internacional. Los m\u00e1s importantes son\u00a0la reanudaci\u00f3n por los Talibanes del poder en Afganist\u00e1n, la escalada de tensiones entre Estados Unidos y China y, como trasfondo de todo, la confirmaci\u00f3n de que\u00a0Washington aspira a tener un papel menos central en la pol\u00edtica internacional. \u00bfQu\u00e9 debemos esperar para 2022?\u00a0Como cada a\u00f1o, el instituto de investigaci\u00f3n\u00a0International Crisis Group\u00a0(ICG)\u00a0publica su selecci\u00f3n de los 10 conflictos internacionales que espera que marquen la agenda del a\u00f1o. 1. Ucrania Considerar la concentraci\u00f3n de tropas rusas en la frontera ucraniana como una simple provocaci\u00f3n podr\u00eda ser un funesto error, avisan los expertos del ICG.\u00a0Ucrania lleva desde 2014 inmersa en un conflicto de baja intensidad con Rusia y sobre todo con los aliados de Mosc\u00fa en el este del pa\u00eds.\u00a0Un intento de paz entre Vladimir Putin y su hom\u00f3logo ucraniano Volodymyr Zelensky, en el cargo desde el 2019, fracas\u00f3.\u00a0En la primavera de 2021, Rusia concentr\u00f3 100.000 soldados en la frontera.\u00a0Aunque entonces fueron retiradas, en las \u00faltimas semanas se han vuelto a concentrar tropas rusas.\u00a0En cuanto a Estados Unidos, est\u00e1n m\u00e1s preocupados por China, pero no se pueden permitir olvidarse de Ucrania porque una intervenci\u00f3n militar de Mosc\u00fa pondr\u00eda a la OTAN en una delicada posici\u00f3n. 2. Etiop\u00eda La guerra que estall\u00f3 en 2020 entre las fuerzas federales del primer ministro et\u00edope Abiy Ahmed (galardonado con el premio Nobel de la Paz en 2019) y los rebeldes de la regi\u00f3n del Tigray est\u00e1 asolando el pa\u00eds. Ambas partes han sido acusadas de cometer atrocidades, y ninguna de las dos parece capaz de asestar un golpe mortal al otro.\u00a0La principal preocupaci\u00f3n de la diplomacia deber\u00eda ser obtener un alto el fuego y la entrada de ayuda humanitaria en el Tigray, amenazada severamente por el hambre. 3. Afganist\u00e1n Tras la toma de poder de los Talibanes el pasado verano,\u00a0el hambre amenaza al pa\u00eds, principalmente debido al fin de la ayuda humanitaria occidental de la que el pa\u00eds depende.\u00a0Seg\u00fan Naciones Unidas, 23 millones de personas est\u00e1n amenazadas severamente por el hambre, que equivalen a casi la mitad de la poblaci\u00f3n total de\u00a0Afganist\u00e1n.\u00a0Seg\u00fan el ICG, la prioridad es encontrar formas de trabajo con los Talibanes que permitan la reanudaci\u00f3n de la actividad econ\u00f3mica.\u00a0Si bien el nivel de violencia se ha reducido dr\u00e1sticamente desde su conquista de Kabul, el pa\u00eds se enfrenta a la amenaza de la rama local de Estado Isl\u00e1mico, as\u00ed como a una dura sequ\u00eda. 4. Estados Unidos y China &nbsp; Un enfrentamiento militar abierto entre las dos principales potencias mundiales parece improbable a corto plazo. Pero los incidentes que implican aviones y buques de guerra chinos y estadounidenses y taiwaneses no paran de incrementarse, multiplicando las posibilidades de malentendido y escalada de la violencia.\u00a0En cualquier caso, el estrecho de Taiw\u00e1n sigue ganando fuerza como posible punto caliente del mundo.\u00a0Converses analiz\u00f3\u00a0recientemente\u00a0las perspectivas de un posible conflicto en esta isla del Lejano Oriente, as\u00ed como sus consecuencias internacionales. 5. Ir\u00e1n, Israel y Estados Unidos Las esperanzas puestas en Joe Biden para resucitar el acuerdo nuclear con el r\u00e9gimen iran\u00ed se han desvanecido pr\u00e1cticamente. Mientras, Teher\u00e1n ha acelerado el enriquecimiento de uranio.\u00a0La posibilidad de una nueva intervenci\u00f3n israel\u00ed para destruir las instalaciones nucleares iran\u00edes sigue presente.\u00a0Se estima que Ir\u00e1n se encuentra tan s\u00f3lo a escasas semanas de la obtenci\u00f3n del arma at\u00f3mica.\u00a0Un ataque o maniobra percibida como una provocaci\u00f3n por parte de los estadounidenses o israel\u00edes ser\u00eda suficiente para que Teher\u00e1n completara a toda prisa su programa armament\u00edstico nuclear, lo que podr\u00eda desestabilizar a\u00fan m\u00e1s una de las regiones m\u00e1s conflictivas del mundo. 6. Yemen La otra guerra civil \u00e1rabe, olvidada por Occidente a pesar del fin de los combates en Siria, sigue su curso devastando el pa\u00eds m\u00e1s pobre de la pen\u00ednsula de Arabia. Recientemente, los rebeldes hutis han rodeado la regi\u00f3n de Marib, rica en gas y petr\u00f3leo.\u00a0Los expertos del ICG esperan del nuevo enviado especial de Naciones Unidas que trabaje para evitar una ofensiva rebelde contra el gobierno de Hadi y sus aliados saud\u00edes,\u00a0que en vez de acortar prolongar\u00eda a\u00fan m\u00e1s la guerra civil de Yemen. 7. Israel y Palestina 2021 fue tambi\u00e9n el a\u00f1o de los enfrentamientos m\u00e1s duros de los \u00faltimos tiempos entre las fuerzas armadas israel\u00edes y palestinos, con incidentes frecuentes en Jerusal\u00e9n, en Cisjordania y otras ciudades israel\u00edes. Todo ello demuestra, seg\u00fan los expertos del ICG, que la situaci\u00f3n actual es insostenible y la convivencia cada vez m\u00e1s dif\u00edcil.\u00a0A pesar de ello, el nuevo gobierno israel\u00ed dirigido por Naftali Bennett ha proseguido con las pol\u00edticas de expansi\u00f3n de asentamientos jud\u00edos de su predecesor, Benjamin Netanyahu.\u00a0El proceso de paz y la soluci\u00f3n de crear dos estados, Israel y Palestina, parecen m\u00e1s lejos que nunca. 8. Hait\u00ed Hait\u00ed, el pa\u00eds m\u00e1s pobre del Caribe y uno de los m\u00e1s depauperados del mundo, entra por su desgracia en la lista de 10 prioridades del ICG para el 2022. Su presidente fue asesinado el pasado julio, y un mes despu\u00e9s, un nuevo terremoto destruy\u00f3 de nuevo buena parte del sur de Hait\u00ed.\u00a0La capital, Puerto Pr\u00edncipe, est\u00e1 principalmente controlada por bandas rivales, y la ayuda humanitaria se distribuye en cuentagotas.\u00a0A pesar de todo,\u00a0los haitianos son muy esc\u00e9pticos de una intervenci\u00f3n internacional: el pa\u00eds ya acogi\u00f3 durante m\u00e1s de una d\u00e9cada una misi\u00f3n de estabilizaci\u00f3n de los cascos azules de la ONU, que se retiraron en 2017 sin haber logrado avances importantes . 9. Birmania Un golpe de estado militar puso fin en febrero de 2021 a una d\u00e9cada de reformas de la primera ministra Aung San Suu Kyi en ese estado del sudeste asi\u00e1tico.\u00a0La represi\u00f3n brutal de la ola de protestas, principalmente pac\u00edficas, gener\u00f3 indignaci\u00f3n internacional y sobre todo condujo a algunos a alzarse en armas contra el nuevo r\u00e9gimen.\u00a0Meses despu\u00e9s, la situaci\u00f3n en Birmania sigue siendo de m\u00e1xima incertidumbre y de enorme inestabilidad:\u00a0si la represi\u00f3n de las fuerzas armadas prosigue, una guerra civil abierta no puede excluirse. 10. Yihadismo en \u00c1frica El foco del islamismo&#8230;<\/p>\n","protected":false},"author":56,"featured_media":53542,"comment_status":"open","ping_status":"open","sticky":false,"template":"","format":"standard","meta":{"_FSMCFIC_featured_image_caption":"","_FSMCFIC_featured_image_nocaption":"","_FSMCFIC_featured_image_hide":"","footnotes":""},"categories":[806],"tags":[1301,1266,1346,1302,1308,1371,1366,1407,4358,1310,4359],"class_list":["post-53586","post","type-post","status-publish","format-standard","has-post-thumbnail","hentry","category-punts-claus-del-dia-es","tag-afganistan-es","tag-africa-es","tag-china","tag-conflictes-internacionals-es","tag-conflictos-internacionales","tag-estados-unidos","tag-iran-es","tag-israel-es","tag-talibanes","tag-ucrania","tag-yemen"],"yoast_head":"<!-- This site is optimized with the Yoast SEO plugin v26.8 - https:\/\/yoast.com\/product\/yoast-seo-wordpress\/ -->\n<title>10 conflictos internacionales que podr\u00edan estallar en 2022 - Converses a Catalunya<\/title>\n<meta name=\"description\" content=\"el instituto de investigaci\u00f3n\u00a0International Crisis Group\u00a0publica los 10 conflictos internacionales que espera que marquen el 2022\" \/>\n<meta name=\"robots\" content=\"index, follow, max-snippet:-1, max-image-preview:large, max-video-preview:-1\" \/>\n<link rel=\"canonical\" href=\"https:\/\/conversesacatalunya.cat\/es\/10-conflictos-internacionales-2022\/\" \/>\n<meta property=\"og:locale\" content=\"es_ES\" \/>\n<meta property=\"og:type\" content=\"article\" \/>\n<meta property=\"og:title\" content=\"10 conflictos internacionales que podr\u00edan estallar en 2022 - Converses a Catalunya\" \/>\n<meta property=\"og:description\" content=\"el instituto de investigaci\u00f3n\u00a0International Crisis Group\u00a0publica los 10 conflictos internacionales que espera que marquen el 2022\" \/>\n<meta property=\"og:url\" content=\"https:\/\/conversesacatalunya.cat\/es\/10-conflictos-internacionales-2022\/\" \/>\n<meta property=\"og:site_name\" content=\"Converses a Catalunya\" \/>\n<meta property=\"article:published_time\" content=\"2022-01-04T09:36:39+00:00\" \/>\n<meta property=\"article:modified_time\" content=\"2025-02-03T11:52:38+00:00\" \/>\n<meta property=\"og:image\" content=\"https:\/\/conversesacatalunya.cat\/wp-content\/uploads\/2022\/01\/10-conflictos.jpg\" \/>\n\t<meta property=\"og:image:width\" content=\"640\" \/>\n\t<meta property=\"og:image:height\" content=\"480\" \/>\n\t<meta property=\"og:image:type\" content=\"image\/jpeg\" \/>\n<meta name=\"author\" content=\"M\u00edriam G\u00f3mez\" \/>\n<meta name=\"twitter:card\" content=\"summary_large_image\" \/>\n<meta name=\"twitter:label1\" content=\"Escrito por\" \/>\n\t<meta name=\"twitter:data1\" content=\"M\u00edriam G\u00f3mez\" \/>\n\t<meta name=\"twitter:label2\" content=\"Tiempo de lectura\" \/>\n\t<meta name=\"twitter:data2\" content=\"6 minutos\" \/>\n<script type=\"application\/ld+json\" class=\"yoast-schema-graph\">{\"@context\":\"https:\/\/schema.org\",\"@graph\":[{\"@type\":\"Article\",\"@id\":\"https:\/\/conversesacatalunya.cat\/es\/10-conflictos-internacionales-2022\/#article\",\"isPartOf\":{\"@id\":\"https:\/\/conversesacatalunya.cat\/es\/10-conflictos-internacionales-2022\/\"},\"author\":{\"name\":\"M\u00edriam G\u00f3mez\",\"@id\":\"https:\/\/conversesacatalunya.cat\/#\/schema\/person\/a389be879add3c93f20de2ba5c6cd64f\"},\"headline\":\"10 conflictos internacionales que podr\u00edan estallar en 2022\",\"datePublished\":\"2022-01-04T09:36:39+00:00\",\"dateModified\":\"2025-02-03T11:52:38+00:00\",\"mainEntityOfPage\":{\"@id\":\"https:\/\/conversesacatalunya.cat\/es\/10-conflictos-internacionales-2022\/\"},\"wordCount\":1206,\"commentCount\":0,\"image\":{\"@id\":\"https:\/\/conversesacatalunya.cat\/es\/10-conflictos-internacionales-2022\/#primaryimage\"},\"thumbnailUrl\":\"https:\/\/conversesacatalunya.cat\/wp-content\/uploads\/2022\/01\/10-conflictos.jpg\",\"keywords\":[\"Afganistan\",\"\u00c0frica\",\"China\",\"conflictes internacionals\",\"conflictos internacionales\",\"Estados Unidos\",\"Iran\",\"Israel\",\"talibanes\",\"Ucrania\",\"Yemen\"],\"articleSection\":[\"Punts clau del dia (ES)\"],\"inLanguage\":\"es\",\"potentialAction\":[{\"@type\":\"CommentAction\",\"name\":\"Comment\",\"target\":[\"https:\/\/conversesacatalunya.cat\/es\/10-conflictos-internacionales-2022\/#respond\"]}]},{\"@type\":\"WebPage\",\"@id\":\"https:\/\/conversesacatalunya.cat\/es\/10-conflictos-internacionales-2022\/\",\"url\":\"https:\/\/conversesacatalunya.cat\/es\/10-conflictos-internacionales-2022\/\",\"name\":\"10 conflictos internacionales que podr\u00edan estallar en 2022 - Converses a Catalunya\",\"isPartOf\":{\"@id\":\"https:\/\/conversesacatalunya.cat\/#website\"},\"primaryImageOfPage\":{\"@id\":\"https:\/\/conversesacatalunya.cat\/es\/10-conflictos-internacionales-2022\/#primaryimage\"},\"image\":{\"@id\":\"https:\/\/conversesacatalunya.cat\/es\/10-conflictos-internacionales-2022\/#primaryimage\"},\"thumbnailUrl\":\"https:\/\/conversesacatalunya.cat\/wp-content\/uploads\/2022\/01\/10-conflictos.jpg\",\"datePublished\":\"2022-01-04T09:36:39+00:00\",\"dateModified\":\"2025-02-03T11:52:38+00:00\",\"author\":{\"@id\":\"https:\/\/conversesacatalunya.cat\/#\/schema\/person\/a389be879add3c93f20de2ba5c6cd64f\"},\"description\":\"el instituto de investigaci\u00f3n\u00a0International Crisis Group\u00a0publica los 10 conflictos internacionales que espera que marquen el 2022\",\"breadcrumb\":{\"@id\":\"https:\/\/conversesacatalunya.cat\/es\/10-conflictos-internacionales-2022\/#breadcrumb\"},\"inLanguage\":\"es\",\"potentialAction\":[{\"@type\":\"ReadAction\",\"target\":[\"https:\/\/conversesacatalunya.cat\/es\/10-conflictos-internacionales-2022\/\"]}]},{\"@type\":\"ImageObject\",\"inLanguage\":\"es\",\"@id\":\"https:\/\/conversesacatalunya.cat\/es\/10-conflictos-internacionales-2022\/#primaryimage\",\"url\":\"https:\/\/conversesacatalunya.cat\/wp-content\/uploads\/2022\/01\/10-conflictos.jpg\",\"contentUrl\":\"https:\/\/conversesacatalunya.cat\/wp-content\/uploads\/2022\/01\/10-conflictos.jpg\",\"width\":640,\"height\":480,\"caption\":\"10 conflictes internacionals\"},{\"@type\":\"BreadcrumbList\",\"@id\":\"https:\/\/conversesacatalunya.cat\/es\/10-conflictos-internacionales-2022\/#breadcrumb\",\"itemListElement\":[{\"@type\":\"ListItem\",\"position\":1,\"name\":\"Inici\",\"item\":\"https:\/\/conversesacatalunya.cat\/es\/\"},{\"@type\":\"ListItem\",\"position\":2,\"name\":\"10 conflictos internacionales que podr\u00edan estallar en 2022\"}]},{\"@type\":\"WebSite\",\"@id\":\"https:\/\/conversesacatalunya.cat\/#website\",\"url\":\"https:\/\/conversesacatalunya.cat\/\",\"name\":\"Converses a Catalunya\",\"description\":\"\",\"potentialAction\":[{\"@type\":\"SearchAction\",\"target\":{\"@type\":\"EntryPoint\",\"urlTemplate\":\"https:\/\/conversesacatalunya.cat\/?s={search_term_string}\"},\"query-input\":{\"@type\":\"PropertyValueSpecification\",\"valueRequired\":true,\"valueName\":\"search_term_string\"}}],\"inLanguage\":\"es\"},{\"@type\":\"Person\",\"@id\":\"https:\/\/conversesacatalunya.cat\/#\/schema\/person\/a389be879add3c93f20de2ba5c6cd64f\",\"name\":\"M\u00edriam G\u00f3mez\",\"image\":{\"@type\":\"ImageObject\",\"inLanguage\":\"es\",\"@id\":\"https:\/\/conversesacatalunya.cat\/#\/schema\/person\/image\/\",\"url\":\"https:\/\/conversesacatalunya.cat\/wp-content\/litespeed\/avatar\/b2786fd40dddedcb7a6ff6142becbc33.jpg?ver=1777296537\",\"contentUrl\":\"https:\/\/conversesacatalunya.cat\/wp-content\/litespeed\/avatar\/b2786fd40dddedcb7a6ff6142becbc33.jpg?ver=1777296537\",\"caption\":\"M\u00edriam G\u00f3mez\"},\"url\":\"https:\/\/conversesacatalunya.cat\/es\/author\/miriam-gomez\/\"}]}<\/script>\n<!-- \/ Yoast SEO plugin. -->","yoast_head_json":{"title":"10 conflictos internacionales que podr\u00edan estallar en 2022 - Converses a Catalunya","description":"el instituto de investigaci\u00f3n\u00a0International Crisis Group\u00a0publica los 10 conflictos internacionales que espera que marquen el 2022","robots":{"index":"index","follow":"follow","max-snippet":"max-snippet:-1","max-image-preview":"max-image-preview:large","max-video-preview":"max-video-preview:-1"},"canonical":"https:\/\/conversesacatalunya.cat\/es\/10-conflictos-internacionales-2022\/","og_locale":"es_ES","og_type":"article","og_title":"10 conflictos internacionales que podr\u00edan estallar en 2022 - Converses a Catalunya","og_description":"el instituto de investigaci\u00f3n\u00a0International Crisis Group\u00a0publica los 10 conflictos internacionales que espera que marquen el 2022","og_url":"https:\/\/conversesacatalunya.cat\/es\/10-conflictos-internacionales-2022\/","og_site_name":"Converses a Catalunya","article_published_time":"2022-01-04T09:36:39+00:00","article_modified_time":"2025-02-03T11:52:38+00:00","og_image":[{"width":640,"height":480,"url":"https:\/\/conversesacatalunya.cat\/wp-content\/uploads\/2022\/01\/10-conflictos.jpg","type":"image\/jpeg"}],"author":"M\u00edriam G\u00f3mez","twitter_card":"summary_large_image","twitter_misc":{"Escrito por":"M\u00edriam G\u00f3mez","Tiempo de lectura":"6 minutos"},"schema":{"@context":"https:\/\/schema.org","@graph":[{"@type":"Article","@id":"https:\/\/conversesacatalunya.cat\/es\/10-conflictos-internacionales-2022\/#article","isPartOf":{"@id":"https:\/\/conversesacatalunya.cat\/es\/10-conflictos-internacionales-2022\/"},"author":{"name":"M\u00edriam G\u00f3mez","@id":"https:\/\/conversesacatalunya.cat\/#\/schema\/person\/a389be879add3c93f20de2ba5c6cd64f"},"headline":"10 conflictos internacionales que podr\u00edan estallar en 2022","datePublished":"2022-01-04T09:36:39+00:00","dateModified":"2025-02-03T11:52:38+00:00","mainEntityOfPage":{"@id":"https:\/\/conversesacatalunya.cat\/es\/10-conflictos-internacionales-2022\/"},"wordCount":1206,"commentCount":0,"image":{"@id":"https:\/\/conversesacatalunya.cat\/es\/10-conflictos-internacionales-2022\/#primaryimage"},"thumbnailUrl":"https:\/\/conversesacatalunya.cat\/wp-content\/uploads\/2022\/01\/10-conflictos.jpg","keywords":["Afganistan","\u00c0frica","China","conflictes internacionals","conflictos internacionales","Estados Unidos","Iran","Israel","talibanes","Ucrania","Yemen"],"articleSection":["Punts clau del dia (ES)"],"inLanguage":"es","potentialAction":[{"@type":"CommentAction","name":"Comment","target":["https:\/\/conversesacatalunya.cat\/es\/10-conflictos-internacionales-2022\/#respond"]}]},{"@type":"WebPage","@id":"https:\/\/conversesacatalunya.cat\/es\/10-conflictos-internacionales-2022\/","url":"https:\/\/conversesacatalunya.cat\/es\/10-conflictos-internacionales-2022\/","name":"10 conflictos internacionales que podr\u00edan estallar en 2022 - Converses a Catalunya","isPartOf":{"@id":"https:\/\/conversesacatalunya.cat\/#website"},"primaryImageOfPage":{"@id":"https:\/\/conversesacatalunya.cat\/es\/10-conflictos-internacionales-2022\/#primaryimage"},"image":{"@id":"https:\/\/conversesacatalunya.cat\/es\/10-conflictos-internacionales-2022\/#primaryimage"},"thumbnailUrl":"https:\/\/conversesacatalunya.cat\/wp-content\/uploads\/2022\/01\/10-conflictos.jpg","datePublished":"2022-01-04T09:36:39+00:00","dateModified":"2025-02-03T11:52:38+00:00","author":{"@id":"https:\/\/conversesacatalunya.cat\/#\/schema\/person\/a389be879add3c93f20de2ba5c6cd64f"},"description":"el instituto de investigaci\u00f3n\u00a0International Crisis Group\u00a0publica los 10 conflictos internacionales que espera que marquen el 2022","breadcrumb":{"@id":"https:\/\/conversesacatalunya.cat\/es\/10-conflictos-internacionales-2022\/#breadcrumb"},"inLanguage":"es","potentialAction":[{"@type":"ReadAction","target":["https:\/\/conversesacatalunya.cat\/es\/10-conflictos-internacionales-2022\/"]}]},{"@type":"ImageObject","inLanguage":"es","@id":"https:\/\/conversesacatalunya.cat\/es\/10-conflictos-internacionales-2022\/#primaryimage","url":"https:\/\/conversesacatalunya.cat\/wp-content\/uploads\/2022\/01\/10-conflictos.jpg","contentUrl":"https:\/\/conversesacatalunya.cat\/wp-content\/uploads\/2022\/01\/10-conflictos.jpg","width":640,"height":480,"caption":"10 conflictes internacionals"},{"@type":"BreadcrumbList","@id":"https:\/\/conversesacatalunya.cat\/es\/10-conflictos-internacionales-2022\/#breadcrumb","itemListElement":[{"@type":"ListItem","position":1,"name":"Inici","item":"https:\/\/conversesacatalunya.cat\/es\/"},{"@type":"ListItem","position":2,"name":"10 conflictos internacionales que podr\u00edan estallar en 2022"}]},{"@type":"WebSite","@id":"https:\/\/conversesacatalunya.cat\/#website","url":"https:\/\/conversesacatalunya.cat\/","name":"Converses a Catalunya","description":"","potentialAction":[{"@type":"SearchAction","target":{"@type":"EntryPoint","urlTemplate":"https:\/\/conversesacatalunya.cat\/?s={search_term_string}"},"query-input":{"@type":"PropertyValueSpecification","valueRequired":true,"valueName":"search_term_string"}}],"inLanguage":"es"},{"@type":"Person","@id":"https:\/\/conversesacatalunya.cat\/#\/schema\/person\/a389be879add3c93f20de2ba5c6cd64f","name":"M\u00edriam G\u00f3mez","image":{"@type":"ImageObject","inLanguage":"es","@id":"https:\/\/conversesacatalunya.cat\/#\/schema\/person\/image\/","url":"https:\/\/conversesacatalunya.cat\/wp-content\/litespeed\/avatar\/b2786fd40dddedcb7a6ff6142becbc33.jpg?ver=1777296537","contentUrl":"https:\/\/conversesacatalunya.cat\/wp-content\/litespeed\/avatar\/b2786fd40dddedcb7a6ff6142becbc33.jpg?ver=1777296537","caption":"M\u00edriam G\u00f3mez"},"url":"https:\/\/conversesacatalunya.cat\/es\/author\/miriam-gomez\/"}]}},"wps_subtitle":"Washington aspira a desempe\u00f1ar un papel menos central en la pol\u00edtica internacional","_links":{"self":[{"href":"https:\/\/conversesacatalunya.cat\/es\/wp-json\/wp\/v2\/posts\/53586","targetHints":{"allow":["GET"]}}],"collection":[{"href":"https:\/\/conversesacatalunya.cat\/es\/wp-json\/wp\/v2\/posts"}],"about":[{"href":"https:\/\/conversesacatalunya.cat\/es\/wp-json\/wp\/v2\/types\/post"}],"author":[{"embeddable":true,"href":"https:\/\/conversesacatalunya.cat\/es\/wp-json\/wp\/v2\/users\/56"}],"replies":[{"embeddable":true,"href":"https:\/\/conversesacatalunya.cat\/es\/wp-json\/wp\/v2\/comments?post=53586"}],"version-history":[{"count":4,"href":"https:\/\/conversesacatalunya.cat\/es\/wp-json\/wp\/v2\/posts\/53586\/revisions"}],"predecessor-version":[{"id":53591,"href":"https:\/\/conversesacatalunya.cat\/es\/wp-json\/wp\/v2\/posts\/53586\/revisions\/53591"}],"wp:featuredmedia":[{"embeddable":true,"href":"https:\/\/conversesacatalunya.cat\/es\/wp-json\/wp\/v2\/media\/53542"}],"wp:attachment":[{"href":"https:\/\/conversesacatalunya.cat\/es\/wp-json\/wp\/v2\/media?parent=53586"}],"wp:term":[{"taxonomy":"category","embeddable":true,"href":"https:\/\/conversesacatalunya.cat\/es\/wp-json\/wp\/v2\/categories?post=53586"},{"taxonomy":"post_tag","embeddable":true,"href":"https:\/\/conversesacatalunya.cat\/es\/wp-json\/wp\/v2\/tags?post=53586"}],"curies":[{"name":"wp","href":"https:\/\/api.w.org\/{rel}","templated":true}]}}