{"id":53572,"date":"2022-01-03T12:04:35","date_gmt":"2022-01-03T11:04:35","guid":{"rendered":"https:\/\/conversesacatalunya.cat\/pandemia-el-necessari-examen-dany-nou-1-el-cas-de-catalunya\/"},"modified":"2022-01-03T13:44:07","modified_gmt":"2022-01-03T12:44:07","slug":"pandemia-el-necesario-examen-de-ano-nuevo-1-el-caso-de-cataluna","status":"publish","type":"post","link":"https:\/\/conversesacatalunya.cat\/es\/pandemia-el-necesario-examen-de-ano-nuevo-1-el-caso-de-cataluna\/","title":{"rendered":"Pandemia: El necesario examen de A\u00f1o Nuevo (1). El caso de Catalu\u00f1a"},"content":{"rendered":"<p><span>Es realmente ins\u00f3lito, e incluso peligroso, que una sociedad que lleva en sus hombros m\u00e1s de 100.000 muertos, no exija de sus responsables pol\u00edticos un balance claro y concreto, un inventario de errores y una definici\u00f3n de cu\u00e1l es el proyecto para evitar en el futuro, porque parece como si cada nueva ola nos cogiera con las mismas condiciones de improvisaci\u00f3n, como constata ampliamente el\u00a0<\/span><strong><span>penoso estado de la asistencia primaria<\/span><\/strong><span>\u00a0de la sanidad p\u00fablica.<\/span><\/p>\n<p><span>De ah\u00ed la importancia de examinar a principios de a\u00f1o algunas de las principales caracter\u00edsticas de lo que ha sucedido hasta ahora. Son 5 los indicadores que permiten evaluar la situaci\u00f3n.<\/span><\/p>\n<p><span>Es primero y decisivo, porque es el m\u00e1s importante de todos, es la <\/span><strong><span>cifra de muertes<\/span><\/strong><span>. El segundo, las consecuencias poco visibles, pero muy reales como saben bien los profesionales de la sanidad, de las consecuencias negativas que la prioridad de lucha contra la covid ha generado a lo largo de casi 2 a\u00f1os, sobre la <\/span><strong><span>atenci\u00f3n a otras patolog\u00edas<\/span><\/strong><span>. El tercero, tambi\u00e9n bien desconocido y mal abordado, son las\u00a0<\/span><strong><span>secuelas de la covid permanente<\/span><\/strong><span>. En una estimaci\u00f3n imprecisa, calculan que 100.000 personas pueden haberla sufrido, sin tener claro cu\u00e1ntas la han superado. El cuarto factor es el de los\u00a0<\/span><strong><span>sufrimientos de todo tipo<\/span><\/strong><span>, psicol\u00f3gicos m\u00e9dicos, materiales, econ\u00f3micos, que la covid ha ocasionado en la vida de las personas. Y por \u00faltimo, la <\/span><strong><span>alteraci\u00f3n grave de la econom\u00eda <\/span><\/strong><span>y la capacidad de \u00e9sta de recuperarse.\u00a0Barcelona ciudad es un buen ejemplo de c\u00f3mo el estrago, que se inici\u00f3 en marzo de hace dos a\u00f1os, todav\u00eda marca negativamente la actividad de la ciudad.<\/span><ins class=\"adsbygoogle\" data-ad-client=\"ca-pub-7148777685772790\" data-ad-slot=\"5569171009\" data-ad-format=\"auto\" data-full-width-responsive=\"true\" data-adsbygoogle-status=\"done\" data-ad-status=\"unfilled\"><ins id=\"aswift_1_expand\" tabindex=\"0\" title=\"Advertisement\" aria-label=\"Advertisement\"><ins id=\"aswift_1_anchor\"><\/ins><\/ins><\/ins><\/p>\n<p><span>En el caso de Catalu\u00f1a, y si tomamos como referencia la ya apuntada como m\u00e1s importante, el n\u00famero de muertes,\u00a0<\/span><strong><span>es evidente por la magnitud de las cifras que hace falta una explicaci\u00f3n del gobierno, una intervenci\u00f3n, creando una comisi\u00f3n especial del Parlamento y un amplio debate ciudadano<\/span><\/strong><span>. En Catalu\u00f1a han muerto de covid, seg\u00fan datos oficiales, es decir aquellas personas a quienes se ha podido autentificar que aquella era la causa de la muerte, 24.623 personas. Desde 1940 no ha habido ninguna cat\u00e1strofe en Catalu\u00f1a que pueda compararse ni de lejos con esta mortalidad, que contin\u00faa a diario con un goteo de cifras extraordinario. Incluso ahora, que todo el mundo coincide en que la variante \u00f3micr\u00f3n y debido a la vacunaci\u00f3n el n\u00famero de muertes es bajo, sufrimos la p\u00e9rdida del orden de 20-25 conciudadanos todos los d\u00edas. Si se mira fr\u00edamente, se constata que es una cifra extraordinariamente alta. Por situar un punto de comparaci\u00f3n, mueren tantas personas por covid en 2 d\u00edas como mujeres son muertas por su pareja en un a\u00f1o. Y la diferencia de atenci\u00f3n y medidas entre una tragedia y otra es extraordinaria a favor de la segunda.Hay una gran insensibilizaci\u00f3n en relaci\u00f3n con los muertos y los dramas de la covid y eso dice poco de nuestra sociedad y menos, mucho menos, de los partidos pol\u00edticos y sobre todo del gobierno.<\/span><\/p>\n<p><span>Pero estas 24.000 y pico personas fallecidas son muchas, porque adem\u00e1s del valor absoluto, la comparaci\u00f3n siempre aporta una visi\u00f3n m\u00e1s completa.\u00a0Y es precisamente esta comparaci\u00f3n la que debe alertarnos y la que exige debate, examen, luz y taqu\u00edgrafo, porque si lo referimos al total de muertes de Espa\u00f1a, 89.405, representa un\u00a0<\/span><strong><span>27,5%<\/span><\/strong><span>\u00a0, cuando la poblaci\u00f3n catalana es s\u00f3lo el 16,6% de la espa\u00f1ola.\u00a0Pr\u00e1cticamente, 9 puntos m\u00e1s es una brutalidad, es una diferencia de m\u00e1s del 50%.<\/span><\/p>\n<p><span>Pero es que a la cifra hay que a\u00f1adir que Catalu\u00f1a ha destacado, ahora mismo lo estamos viviendo, por <\/span><strong><span>medidas m\u00e1s restrictivas<\/span><\/strong><span>, con mayor impacto negativo sobre la econom\u00eda. No tenemos poblaciones de riesgo, es decir, personas de edad avanzada, en una proporci\u00f3n tan grande como puedan tener otras comunidades aut\u00f3nomas como Castilla y Le\u00f3n o Galicia. Nuestro clima nos ha permitido utilizar el aire libre en un per\u00edodo mucho mayor que las zonas del interior y el norte de Espa\u00f1a. El car\u00e1cter cosmopolita de Barcelona \u200b\u200by, por tanto, la facilidad del contagio, qued\u00f3 truncada ya en marzo del a\u00f1o pasado. Es evidente que hay mucha tela que cortar para averiguar qu\u00e9 ha pasado para que muera tanta gente en Catalu\u00f1a. Porque incluso si comparamos las cifras oficiales catalanas de muertes confirmadas por covid con el exceso de mortalidad del conjunto de Espa\u00f1a, y, por tanto, una cifra mayor porque incorpora muertes no confirmadas, nuestra magnitud se sit\u00faa en torno al 25 %, que sigue siendo una cifra desmesuradamente alta.<\/span><\/p>\n<div class=\"code-block code-block-5\">\n<div class=\"a-single a-17\">Es el momento de constatar si a la sociedad catalana y sus liderazgos les queda \u00e1nimo o no para querer averiguar una cuesti\u00f3n tan decisiva como es la relacionada con la propia supervivencia f\u00edsica.<\/div>\n<\/div>\n","protected":false},"excerpt":{"rendered":"<p>Es realmente ins\u00f3lito, e incluso peligroso, que una sociedad que lleva en sus hombros m\u00e1s de 100.000 muertos, no exija de sus responsables pol\u00edticos un balance claro y concreto, un inventario de errores y una definici\u00f3n de cu\u00e1l es el proyecto para evitar en el futuro, porque parece como si cada nueva ola nos cogiera con las mismas condiciones de improvisaci\u00f3n, como constata ampliamente el\u00a0penoso estado de la asistencia primaria\u00a0de la sanidad p\u00fablica. De ah\u00ed la importancia de examinar a principios de a\u00f1o algunas de las principales caracter\u00edsticas de lo que ha sucedido hasta ahora. Son 5 los indicadores que permiten evaluar la situaci\u00f3n. Es primero y decisivo, porque es el m\u00e1s importante de todos, es la cifra de muertes. El segundo, las consecuencias poco visibles, pero muy reales como saben bien los profesionales de la sanidad, de las consecuencias negativas que la prioridad de lucha contra la covid ha generado a lo largo de casi 2 a\u00f1os, sobre la atenci\u00f3n a otras patolog\u00edas. El tercero, tambi\u00e9n bien desconocido y mal abordado, son las\u00a0secuelas de la covid permanente. En una estimaci\u00f3n imprecisa, calculan que 100.000 personas pueden haberla sufrido, sin tener claro cu\u00e1ntas la han superado. El cuarto factor es el de los\u00a0sufrimientos de todo tipo, psicol\u00f3gicos m\u00e9dicos, materiales, econ\u00f3micos, que la covid ha ocasionado en la vida de las personas. Y por \u00faltimo, la alteraci\u00f3n grave de la econom\u00eda y la capacidad de \u00e9sta de recuperarse.\u00a0Barcelona ciudad es un buen ejemplo de c\u00f3mo el estrago, que se inici\u00f3 en marzo de hace dos a\u00f1os, todav\u00eda marca negativamente la actividad de la ciudad. En el caso de Catalu\u00f1a, y si tomamos como referencia la ya apuntada como m\u00e1s importante, el n\u00famero de muertes,\u00a0es evidente por la magnitud de las cifras que hace falta una explicaci\u00f3n del gobierno, una intervenci\u00f3n, creando una comisi\u00f3n especial del Parlamento y un amplio debate ciudadano. En Catalu\u00f1a han muerto de covid, seg\u00fan datos oficiales, es decir aquellas personas a quienes se ha podido autentificar que aquella era la causa de la muerte, 24.623 personas. Desde 1940 no ha habido ninguna cat\u00e1strofe en Catalu\u00f1a que pueda compararse ni de lejos con esta mortalidad, que contin\u00faa a diario con un goteo de cifras extraordinario. Incluso ahora, que todo el mundo coincide en que la variante \u00f3micr\u00f3n y debido a la vacunaci\u00f3n el n\u00famero de muertes es bajo, sufrimos la p\u00e9rdida del orden de 20-25 conciudadanos todos los d\u00edas. Si se mira fr\u00edamente, se constata que es una cifra extraordinariamente alta. Por situar un punto de comparaci\u00f3n, mueren tantas personas por covid en 2 d\u00edas como mujeres son muertas por su pareja en un a\u00f1o. Y la diferencia de atenci\u00f3n y medidas entre una tragedia y otra es extraordinaria a favor de la segunda.Hay una gran insensibilizaci\u00f3n en relaci\u00f3n con los muertos y los dramas de la covid y eso dice poco de nuestra sociedad y menos, mucho menos, de los partidos pol\u00edticos y sobre todo del gobierno. Pero estas 24.000 y pico personas fallecidas son muchas, porque adem\u00e1s del valor absoluto, la comparaci\u00f3n siempre aporta una visi\u00f3n m\u00e1s completa.\u00a0Y es precisamente esta comparaci\u00f3n la que debe alertarnos y la que exige debate, examen, luz y taqu\u00edgrafo, porque si lo referimos al total de muertes de Espa\u00f1a, 89.405, representa un\u00a027,5%\u00a0, cuando la poblaci\u00f3n catalana es s\u00f3lo el 16,6% de la espa\u00f1ola.\u00a0Pr\u00e1cticamente, 9 puntos m\u00e1s es una brutalidad, es una diferencia de m\u00e1s del 50%. Pero es que a la cifra hay que a\u00f1adir que Catalu\u00f1a ha destacado, ahora mismo lo estamos viviendo, por medidas m\u00e1s restrictivas, con mayor impacto negativo sobre la econom\u00eda. No tenemos poblaciones de riesgo, es decir, personas de edad avanzada, en una proporci\u00f3n tan grande como puedan tener otras comunidades aut\u00f3nomas como Castilla y Le\u00f3n o Galicia. Nuestro clima nos ha permitido utilizar el aire libre en un per\u00edodo mucho mayor que las zonas del interior y el norte de Espa\u00f1a. El car\u00e1cter cosmopolita de Barcelona \u200b\u200by, por tanto, la facilidad del contagio, qued\u00f3 truncada ya en marzo del a\u00f1o pasado. Es evidente que hay mucha tela que cortar para averiguar qu\u00e9 ha pasado para que muera tanta gente en Catalu\u00f1a. Porque incluso si comparamos las cifras oficiales catalanas de muertes confirmadas por covid con el exceso de mortalidad del conjunto de Espa\u00f1a, y, por tanto, una cifra mayor porque incorpora muertes no confirmadas, nuestra magnitud se sit\u00faa en torno al 25 %, que sigue siendo una cifra desmesuradamente alta. Es el momento de constatar si a la sociedad catalana y sus liderazgos les queda \u00e1nimo o no para querer averiguar una cuesti\u00f3n tan decisiva como es la relacionada con la propia supervivencia f\u00edsica.<\/p>\n","protected":false},"author":2,"featured_media":53569,"comment_status":"open","ping_status":"open","sticky":false,"template":"","format":"standard","meta":{"_FSMCFIC_featured_image_caption":"","_FSMCFIC_featured_image_nocaption":"","_FSMCFIC_featured_image_hide":"","footnotes":""},"categories":[1772,806],"tags":[1504,2462,4232],"class_list":["post-53572","post","type-post","status-publish","format-standard","has-post-thumbnail","hentry","category-especial-coronavirus-es","category-punts-claus-del-dia-es","tag-coronavirus-es","tag-morts-per-coronavirus-es","tag-omicron-es"],"yoast_head":"<!-- This site is optimized with the Yoast SEO plugin v26.8 - https:\/\/yoast.com\/product\/yoast-seo-wordpress\/ -->\n<title>Pandemia: El necesario examen de A\u00f1o Nuevo (1). El caso de Catalu\u00f1a - Converses a Catalunya<\/title>\n<meta name=\"robots\" content=\"index, follow, max-snippet:-1, max-image-preview:large, max-video-preview:-1\" \/>\n<link rel=\"canonical\" href=\"https:\/\/conversesacatalunya.cat\/es\/pandemia-el-necesario-examen-de-ano-nuevo-1-el-caso-de-cataluna\/\" \/>\n<meta property=\"og:locale\" content=\"es_ES\" \/>\n<meta property=\"og:type\" content=\"article\" \/>\n<meta property=\"og:title\" content=\"Pandemia: El necesario examen de A\u00f1o Nuevo (1). El caso de Catalu\u00f1a - Converses a Catalunya\" \/>\n<meta property=\"og:description\" content=\"Es realmente ins\u00f3lito, e incluso peligroso, que una sociedad que lleva en sus hombros m\u00e1s de 100.000 muertos, no exija de sus responsables pol\u00edticos un balance claro y concreto, un inventario de errores y una definici\u00f3n de cu\u00e1l es el proyecto para evitar en el futuro, porque parece como si cada nueva ola nos cogiera con las mismas condiciones de improvisaci\u00f3n, como constata ampliamente el\u00a0penoso estado de la asistencia primaria\u00a0de la sanidad p\u00fablica. De ah\u00ed la importancia de examinar a principios de a\u00f1o algunas de las principales caracter\u00edsticas de lo que ha sucedido hasta ahora. Son 5 los indicadores que permiten evaluar la situaci\u00f3n. Es primero y decisivo, porque es el m\u00e1s importante de todos, es la cifra de muertes. El segundo, las consecuencias poco visibles, pero muy reales como saben bien los profesionales de la sanidad, de las consecuencias negativas que la prioridad de lucha contra la covid ha generado a lo largo de casi 2 a\u00f1os, sobre la atenci\u00f3n a otras patolog\u00edas. El tercero, tambi\u00e9n bien desconocido y mal abordado, son las\u00a0secuelas de la covid permanente. En una estimaci\u00f3n imprecisa, calculan que 100.000 personas pueden haberla sufrido, sin tener claro cu\u00e1ntas la han superado. El cuarto factor es el de los\u00a0sufrimientos de todo tipo, psicol\u00f3gicos m\u00e9dicos, materiales, econ\u00f3micos, que la covid ha ocasionado en la vida de las personas. Y por \u00faltimo, la alteraci\u00f3n grave de la econom\u00eda y la capacidad de \u00e9sta de recuperarse.\u00a0Barcelona ciudad es un buen ejemplo de c\u00f3mo el estrago, que se inici\u00f3 en marzo de hace dos a\u00f1os, todav\u00eda marca negativamente la actividad de la ciudad. En el caso de Catalu\u00f1a, y si tomamos como referencia la ya apuntada como m\u00e1s importante, el n\u00famero de muertes,\u00a0es evidente por la magnitud de las cifras que hace falta una explicaci\u00f3n del gobierno, una intervenci\u00f3n, creando una comisi\u00f3n especial del Parlamento y un amplio debate ciudadano. En Catalu\u00f1a han muerto de covid, seg\u00fan datos oficiales, es decir aquellas personas a quienes se ha podido autentificar que aquella era la causa de la muerte, 24.623 personas. Desde 1940 no ha habido ninguna cat\u00e1strofe en Catalu\u00f1a que pueda compararse ni de lejos con esta mortalidad, que contin\u00faa a diario con un goteo de cifras extraordinario. Incluso ahora, que todo el mundo coincide en que la variante \u00f3micr\u00f3n y debido a la vacunaci\u00f3n el n\u00famero de muertes es bajo, sufrimos la p\u00e9rdida del orden de 20-25 conciudadanos todos los d\u00edas. Si se mira fr\u00edamente, se constata que es una cifra extraordinariamente alta. Por situar un punto de comparaci\u00f3n, mueren tantas personas por covid en 2 d\u00edas como mujeres son muertas por su pareja en un a\u00f1o. Y la diferencia de atenci\u00f3n y medidas entre una tragedia y otra es extraordinaria a favor de la segunda.Hay una gran insensibilizaci\u00f3n en relaci\u00f3n con los muertos y los dramas de la covid y eso dice poco de nuestra sociedad y menos, mucho menos, de los partidos pol\u00edticos y sobre todo del gobierno. Pero estas 24.000 y pico personas fallecidas son muchas, porque adem\u00e1s del valor absoluto, la comparaci\u00f3n siempre aporta una visi\u00f3n m\u00e1s completa.\u00a0Y es precisamente esta comparaci\u00f3n la que debe alertarnos y la que exige debate, examen, luz y taqu\u00edgrafo, porque si lo referimos al total de muertes de Espa\u00f1a, 89.405, representa un\u00a027,5%\u00a0, cuando la poblaci\u00f3n catalana es s\u00f3lo el 16,6% de la espa\u00f1ola.\u00a0Pr\u00e1cticamente, 9 puntos m\u00e1s es una brutalidad, es una diferencia de m\u00e1s del 50%. Pero es que a la cifra hay que a\u00f1adir que Catalu\u00f1a ha destacado, ahora mismo lo estamos viviendo, por medidas m\u00e1s restrictivas, con mayor impacto negativo sobre la econom\u00eda. No tenemos poblaciones de riesgo, es decir, personas de edad avanzada, en una proporci\u00f3n tan grande como puedan tener otras comunidades aut\u00f3nomas como Castilla y Le\u00f3n o Galicia. Nuestro clima nos ha permitido utilizar el aire libre en un per\u00edodo mucho mayor que las zonas del interior y el norte de Espa\u00f1a. El car\u00e1cter cosmopolita de Barcelona \u200b\u200by, por tanto, la facilidad del contagio, qued\u00f3 truncada ya en marzo del a\u00f1o pasado. Es evidente que hay mucha tela que cortar para averiguar qu\u00e9 ha pasado para que muera tanta gente en Catalu\u00f1a. Porque incluso si comparamos las cifras oficiales catalanas de muertes confirmadas por covid con el exceso de mortalidad del conjunto de Espa\u00f1a, y, por tanto, una cifra mayor porque incorpora muertes no confirmadas, nuestra magnitud se sit\u00faa en torno al 25 %, que sigue siendo una cifra desmesuradamente alta. Es el momento de constatar si a la sociedad catalana y sus liderazgos les queda \u00e1nimo o no para querer averiguar una cuesti\u00f3n tan decisiva como es la relacionada con la propia supervivencia f\u00edsica.\" \/>\n<meta property=\"og:url\" content=\"https:\/\/conversesacatalunya.cat\/es\/pandemia-el-necesario-examen-de-ano-nuevo-1-el-caso-de-cataluna\/\" \/>\n<meta property=\"og:site_name\" content=\"Converses a Catalunya\" \/>\n<meta property=\"article:published_time\" content=\"2022-01-03T11:04:35+00:00\" \/>\n<meta property=\"article:modified_time\" content=\"2022-01-03T12:44:07+00:00\" \/>\n<meta property=\"og:image\" content=\"https:\/\/conversesacatalunya.cat\/wp-content\/uploads\/2022\/01\/pandemia.jpg\" \/>\n\t<meta property=\"og:image:width\" content=\"1600\" \/>\n\t<meta property=\"og:image:height\" content=\"1068\" \/>\n\t<meta property=\"og:image:type\" content=\"image\/jpeg\" \/>\n<meta name=\"author\" content=\"conversesacatalunya\" \/>\n<meta name=\"twitter:card\" content=\"summary_large_image\" \/>\n<meta name=\"twitter:label1\" content=\"Escrito por\" \/>\n\t<meta name=\"twitter:data1\" content=\"conversesacatalunya\" \/>\n\t<meta name=\"twitter:label2\" content=\"Tiempo de lectura\" \/>\n\t<meta name=\"twitter:data2\" content=\"5 minutos\" \/>\n<script type=\"application\/ld+json\" class=\"yoast-schema-graph\">{\"@context\":\"https:\/\/schema.org\",\"@graph\":[{\"@type\":\"Article\",\"@id\":\"https:\/\/conversesacatalunya.cat\/es\/pandemia-el-necesario-examen-de-ano-nuevo-1-el-caso-de-cataluna\/#article\",\"isPartOf\":{\"@id\":\"https:\/\/conversesacatalunya.cat\/es\/pandemia-el-necesario-examen-de-ano-nuevo-1-el-caso-de-cataluna\/\"},\"author\":{\"name\":\"conversesacatalunya\",\"@id\":\"https:\/\/conversesacatalunya.cat\/#\/schema\/person\/7e24d1e54a2785373ddcb275eae5ed99\"},\"headline\":\"Pandemia: El necesario examen de A\u00f1o Nuevo (1). El caso de Catalu\u00f1a\",\"datePublished\":\"2022-01-03T11:04:35+00:00\",\"dateModified\":\"2022-01-03T12:44:07+00:00\",\"mainEntityOfPage\":{\"@id\":\"https:\/\/conversesacatalunya.cat\/es\/pandemia-el-necesario-examen-de-ano-nuevo-1-el-caso-de-cataluna\/\"},\"wordCount\":856,\"commentCount\":0,\"image\":{\"@id\":\"https:\/\/conversesacatalunya.cat\/es\/pandemia-el-necesario-examen-de-ano-nuevo-1-el-caso-de-cataluna\/#primaryimage\"},\"thumbnailUrl\":\"https:\/\/conversesacatalunya.cat\/wp-content\/uploads\/2022\/01\/pandemia.jpg\",\"keywords\":[\"coronavirus\",\"morts per coronavirus\",\"\u00f3micron\"],\"articleSection\":[\"Especial Coronavirus (ES)\",\"Punts clau del dia (ES)\"],\"inLanguage\":\"es\",\"potentialAction\":[{\"@type\":\"CommentAction\",\"name\":\"Comment\",\"target\":[\"https:\/\/conversesacatalunya.cat\/es\/pandemia-el-necesario-examen-de-ano-nuevo-1-el-caso-de-cataluna\/#respond\"]}]},{\"@type\":\"WebPage\",\"@id\":\"https:\/\/conversesacatalunya.cat\/es\/pandemia-el-necesario-examen-de-ano-nuevo-1-el-caso-de-cataluna\/\",\"url\":\"https:\/\/conversesacatalunya.cat\/es\/pandemia-el-necesario-examen-de-ano-nuevo-1-el-caso-de-cataluna\/\",\"name\":\"Pandemia: El necesario examen de A\u00f1o Nuevo (1). El caso de Catalu\u00f1a - Converses a Catalunya\",\"isPartOf\":{\"@id\":\"https:\/\/conversesacatalunya.cat\/#website\"},\"primaryImageOfPage\":{\"@id\":\"https:\/\/conversesacatalunya.cat\/es\/pandemia-el-necesario-examen-de-ano-nuevo-1-el-caso-de-cataluna\/#primaryimage\"},\"image\":{\"@id\":\"https:\/\/conversesacatalunya.cat\/es\/pandemia-el-necesario-examen-de-ano-nuevo-1-el-caso-de-cataluna\/#primaryimage\"},\"thumbnailUrl\":\"https:\/\/conversesacatalunya.cat\/wp-content\/uploads\/2022\/01\/pandemia.jpg\",\"datePublished\":\"2022-01-03T11:04:35+00:00\",\"dateModified\":\"2022-01-03T12:44:07+00:00\",\"author\":{\"@id\":\"https:\/\/conversesacatalunya.cat\/#\/schema\/person\/7e24d1e54a2785373ddcb275eae5ed99\"},\"breadcrumb\":{\"@id\":\"https:\/\/conversesacatalunya.cat\/es\/pandemia-el-necesario-examen-de-ano-nuevo-1-el-caso-de-cataluna\/#breadcrumb\"},\"inLanguage\":\"es\",\"potentialAction\":[{\"@type\":\"ReadAction\",\"target\":[\"https:\/\/conversesacatalunya.cat\/es\/pandemia-el-necesario-examen-de-ano-nuevo-1-el-caso-de-cataluna\/\"]}]},{\"@type\":\"ImageObject\",\"inLanguage\":\"es\",\"@id\":\"https:\/\/conversesacatalunya.cat\/es\/pandemia-el-necesario-examen-de-ano-nuevo-1-el-caso-de-cataluna\/#primaryimage\",\"url\":\"https:\/\/conversesacatalunya.cat\/wp-content\/uploads\/2022\/01\/pandemia.jpg\",\"contentUrl\":\"https:\/\/conversesacatalunya.cat\/wp-content\/uploads\/2022\/01\/pandemia.jpg\",\"width\":1600,\"height\":1068},{\"@type\":\"BreadcrumbList\",\"@id\":\"https:\/\/conversesacatalunya.cat\/es\/pandemia-el-necesario-examen-de-ano-nuevo-1-el-caso-de-cataluna\/#breadcrumb\",\"itemListElement\":[{\"@type\":\"ListItem\",\"position\":1,\"name\":\"Inici\",\"item\":\"https:\/\/conversesacatalunya.cat\/es\/\"},{\"@type\":\"ListItem\",\"position\":2,\"name\":\"Pandemia: El necesario examen de A\u00f1o Nuevo (1). El caso de Catalu\u00f1a\"}]},{\"@type\":\"WebSite\",\"@id\":\"https:\/\/conversesacatalunya.cat\/#website\",\"url\":\"https:\/\/conversesacatalunya.cat\/\",\"name\":\"Converses a Catalunya\",\"description\":\"\",\"potentialAction\":[{\"@type\":\"SearchAction\",\"target\":{\"@type\":\"EntryPoint\",\"urlTemplate\":\"https:\/\/conversesacatalunya.cat\/?s={search_term_string}\"},\"query-input\":{\"@type\":\"PropertyValueSpecification\",\"valueRequired\":true,\"valueName\":\"search_term_string\"}}],\"inLanguage\":\"es\"},{\"@type\":\"Person\",\"@id\":\"https:\/\/conversesacatalunya.cat\/#\/schema\/person\/7e24d1e54a2785373ddcb275eae5ed99\",\"name\":\"conversesacatalunya\",\"image\":{\"@type\":\"ImageObject\",\"inLanguage\":\"es\",\"@id\":\"https:\/\/conversesacatalunya.cat\/#\/schema\/person\/image\/\",\"url\":\"https:\/\/conversesacatalunya.cat\/wp-content\/litespeed\/avatar\/febdfeeec89d950f01c748045a981dd2.jpg?ver=1777314535\",\"contentUrl\":\"https:\/\/conversesacatalunya.cat\/wp-content\/litespeed\/avatar\/febdfeeec89d950f01c748045a981dd2.jpg?ver=1777314535\",\"caption\":\"conversesacatalunya\"},\"url\":\"https:\/\/conversesacatalunya.cat\/es\/author\/carme_catala\/\"}]}<\/script>\n<!-- \/ Yoast SEO plugin. -->","yoast_head_json":{"title":"Pandemia: El necesario examen de A\u00f1o Nuevo (1). El caso de Catalu\u00f1a - Converses a Catalunya","robots":{"index":"index","follow":"follow","max-snippet":"max-snippet:-1","max-image-preview":"max-image-preview:large","max-video-preview":"max-video-preview:-1"},"canonical":"https:\/\/conversesacatalunya.cat\/es\/pandemia-el-necesario-examen-de-ano-nuevo-1-el-caso-de-cataluna\/","og_locale":"es_ES","og_type":"article","og_title":"Pandemia: El necesario examen de A\u00f1o Nuevo (1). El caso de Catalu\u00f1a - Converses a Catalunya","og_description":"Es realmente ins\u00f3lito, e incluso peligroso, que una sociedad que lleva en sus hombros m\u00e1s de 100.000 muertos, no exija de sus responsables pol\u00edticos un balance claro y concreto, un inventario de errores y una definici\u00f3n de cu\u00e1l es el proyecto para evitar en el futuro, porque parece como si cada nueva ola nos cogiera con las mismas condiciones de improvisaci\u00f3n, como constata ampliamente el\u00a0penoso estado de la asistencia primaria\u00a0de la sanidad p\u00fablica. De ah\u00ed la importancia de examinar a principios de a\u00f1o algunas de las principales caracter\u00edsticas de lo que ha sucedido hasta ahora. Son 5 los indicadores que permiten evaluar la situaci\u00f3n. Es primero y decisivo, porque es el m\u00e1s importante de todos, es la cifra de muertes. El segundo, las consecuencias poco visibles, pero muy reales como saben bien los profesionales de la sanidad, de las consecuencias negativas que la prioridad de lucha contra la covid ha generado a lo largo de casi 2 a\u00f1os, sobre la atenci\u00f3n a otras patolog\u00edas. El tercero, tambi\u00e9n bien desconocido y mal abordado, son las\u00a0secuelas de la covid permanente. En una estimaci\u00f3n imprecisa, calculan que 100.000 personas pueden haberla sufrido, sin tener claro cu\u00e1ntas la han superado. El cuarto factor es el de los\u00a0sufrimientos de todo tipo, psicol\u00f3gicos m\u00e9dicos, materiales, econ\u00f3micos, que la covid ha ocasionado en la vida de las personas. Y por \u00faltimo, la alteraci\u00f3n grave de la econom\u00eda y la capacidad de \u00e9sta de recuperarse.\u00a0Barcelona ciudad es un buen ejemplo de c\u00f3mo el estrago, que se inici\u00f3 en marzo de hace dos a\u00f1os, todav\u00eda marca negativamente la actividad de la ciudad. En el caso de Catalu\u00f1a, y si tomamos como referencia la ya apuntada como m\u00e1s importante, el n\u00famero de muertes,\u00a0es evidente por la magnitud de las cifras que hace falta una explicaci\u00f3n del gobierno, una intervenci\u00f3n, creando una comisi\u00f3n especial del Parlamento y un amplio debate ciudadano. En Catalu\u00f1a han muerto de covid, seg\u00fan datos oficiales, es decir aquellas personas a quienes se ha podido autentificar que aquella era la causa de la muerte, 24.623 personas. Desde 1940 no ha habido ninguna cat\u00e1strofe en Catalu\u00f1a que pueda compararse ni de lejos con esta mortalidad, que contin\u00faa a diario con un goteo de cifras extraordinario. Incluso ahora, que todo el mundo coincide en que la variante \u00f3micr\u00f3n y debido a la vacunaci\u00f3n el n\u00famero de muertes es bajo, sufrimos la p\u00e9rdida del orden de 20-25 conciudadanos todos los d\u00edas. Si se mira fr\u00edamente, se constata que es una cifra extraordinariamente alta. Por situar un punto de comparaci\u00f3n, mueren tantas personas por covid en 2 d\u00edas como mujeres son muertas por su pareja en un a\u00f1o. Y la diferencia de atenci\u00f3n y medidas entre una tragedia y otra es extraordinaria a favor de la segunda.Hay una gran insensibilizaci\u00f3n en relaci\u00f3n con los muertos y los dramas de la covid y eso dice poco de nuestra sociedad y menos, mucho menos, de los partidos pol\u00edticos y sobre todo del gobierno. Pero estas 24.000 y pico personas fallecidas son muchas, porque adem\u00e1s del valor absoluto, la comparaci\u00f3n siempre aporta una visi\u00f3n m\u00e1s completa.\u00a0Y es precisamente esta comparaci\u00f3n la que debe alertarnos y la que exige debate, examen, luz y taqu\u00edgrafo, porque si lo referimos al total de muertes de Espa\u00f1a, 89.405, representa un\u00a027,5%\u00a0, cuando la poblaci\u00f3n catalana es s\u00f3lo el 16,6% de la espa\u00f1ola.\u00a0Pr\u00e1cticamente, 9 puntos m\u00e1s es una brutalidad, es una diferencia de m\u00e1s del 50%. Pero es que a la cifra hay que a\u00f1adir que Catalu\u00f1a ha destacado, ahora mismo lo estamos viviendo, por medidas m\u00e1s restrictivas, con mayor impacto negativo sobre la econom\u00eda. No tenemos poblaciones de riesgo, es decir, personas de edad avanzada, en una proporci\u00f3n tan grande como puedan tener otras comunidades aut\u00f3nomas como Castilla y Le\u00f3n o Galicia. Nuestro clima nos ha permitido utilizar el aire libre en un per\u00edodo mucho mayor que las zonas del interior y el norte de Espa\u00f1a. El car\u00e1cter cosmopolita de Barcelona \u200b\u200by, por tanto, la facilidad del contagio, qued\u00f3 truncada ya en marzo del a\u00f1o pasado. Es evidente que hay mucha tela que cortar para averiguar qu\u00e9 ha pasado para que muera tanta gente en Catalu\u00f1a. Porque incluso si comparamos las cifras oficiales catalanas de muertes confirmadas por covid con el exceso de mortalidad del conjunto de Espa\u00f1a, y, por tanto, una cifra mayor porque incorpora muertes no confirmadas, nuestra magnitud se sit\u00faa en torno al 25 %, que sigue siendo una cifra desmesuradamente alta. Es el momento de constatar si a la sociedad catalana y sus liderazgos les queda \u00e1nimo o no para querer averiguar una cuesti\u00f3n tan decisiva como es la relacionada con la propia supervivencia f\u00edsica.","og_url":"https:\/\/conversesacatalunya.cat\/es\/pandemia-el-necesario-examen-de-ano-nuevo-1-el-caso-de-cataluna\/","og_site_name":"Converses a Catalunya","article_published_time":"2022-01-03T11:04:35+00:00","article_modified_time":"2022-01-03T12:44:07+00:00","og_image":[{"width":1600,"height":1068,"url":"https:\/\/conversesacatalunya.cat\/wp-content\/uploads\/2022\/01\/pandemia.jpg","type":"image\/jpeg"}],"author":"conversesacatalunya","twitter_card":"summary_large_image","twitter_misc":{"Escrito por":"conversesacatalunya","Tiempo de lectura":"5 minutos"},"schema":{"@context":"https:\/\/schema.org","@graph":[{"@type":"Article","@id":"https:\/\/conversesacatalunya.cat\/es\/pandemia-el-necesario-examen-de-ano-nuevo-1-el-caso-de-cataluna\/#article","isPartOf":{"@id":"https:\/\/conversesacatalunya.cat\/es\/pandemia-el-necesario-examen-de-ano-nuevo-1-el-caso-de-cataluna\/"},"author":{"name":"conversesacatalunya","@id":"https:\/\/conversesacatalunya.cat\/#\/schema\/person\/7e24d1e54a2785373ddcb275eae5ed99"},"headline":"Pandemia: El necesario examen de A\u00f1o Nuevo (1). El caso de Catalu\u00f1a","datePublished":"2022-01-03T11:04:35+00:00","dateModified":"2022-01-03T12:44:07+00:00","mainEntityOfPage":{"@id":"https:\/\/conversesacatalunya.cat\/es\/pandemia-el-necesario-examen-de-ano-nuevo-1-el-caso-de-cataluna\/"},"wordCount":856,"commentCount":0,"image":{"@id":"https:\/\/conversesacatalunya.cat\/es\/pandemia-el-necesario-examen-de-ano-nuevo-1-el-caso-de-cataluna\/#primaryimage"},"thumbnailUrl":"https:\/\/conversesacatalunya.cat\/wp-content\/uploads\/2022\/01\/pandemia.jpg","keywords":["coronavirus","morts per coronavirus","\u00f3micron"],"articleSection":["Especial Coronavirus (ES)","Punts clau del dia (ES)"],"inLanguage":"es","potentialAction":[{"@type":"CommentAction","name":"Comment","target":["https:\/\/conversesacatalunya.cat\/es\/pandemia-el-necesario-examen-de-ano-nuevo-1-el-caso-de-cataluna\/#respond"]}]},{"@type":"WebPage","@id":"https:\/\/conversesacatalunya.cat\/es\/pandemia-el-necesario-examen-de-ano-nuevo-1-el-caso-de-cataluna\/","url":"https:\/\/conversesacatalunya.cat\/es\/pandemia-el-necesario-examen-de-ano-nuevo-1-el-caso-de-cataluna\/","name":"Pandemia: El necesario examen de A\u00f1o Nuevo (1). El caso de Catalu\u00f1a - Converses a Catalunya","isPartOf":{"@id":"https:\/\/conversesacatalunya.cat\/#website"},"primaryImageOfPage":{"@id":"https:\/\/conversesacatalunya.cat\/es\/pandemia-el-necesario-examen-de-ano-nuevo-1-el-caso-de-cataluna\/#primaryimage"},"image":{"@id":"https:\/\/conversesacatalunya.cat\/es\/pandemia-el-necesario-examen-de-ano-nuevo-1-el-caso-de-cataluna\/#primaryimage"},"thumbnailUrl":"https:\/\/conversesacatalunya.cat\/wp-content\/uploads\/2022\/01\/pandemia.jpg","datePublished":"2022-01-03T11:04:35+00:00","dateModified":"2022-01-03T12:44:07+00:00","author":{"@id":"https:\/\/conversesacatalunya.cat\/#\/schema\/person\/7e24d1e54a2785373ddcb275eae5ed99"},"breadcrumb":{"@id":"https:\/\/conversesacatalunya.cat\/es\/pandemia-el-necesario-examen-de-ano-nuevo-1-el-caso-de-cataluna\/#breadcrumb"},"inLanguage":"es","potentialAction":[{"@type":"ReadAction","target":["https:\/\/conversesacatalunya.cat\/es\/pandemia-el-necesario-examen-de-ano-nuevo-1-el-caso-de-cataluna\/"]}]},{"@type":"ImageObject","inLanguage":"es","@id":"https:\/\/conversesacatalunya.cat\/es\/pandemia-el-necesario-examen-de-ano-nuevo-1-el-caso-de-cataluna\/#primaryimage","url":"https:\/\/conversesacatalunya.cat\/wp-content\/uploads\/2022\/01\/pandemia.jpg","contentUrl":"https:\/\/conversesacatalunya.cat\/wp-content\/uploads\/2022\/01\/pandemia.jpg","width":1600,"height":1068},{"@type":"BreadcrumbList","@id":"https:\/\/conversesacatalunya.cat\/es\/pandemia-el-necesario-examen-de-ano-nuevo-1-el-caso-de-cataluna\/#breadcrumb","itemListElement":[{"@type":"ListItem","position":1,"name":"Inici","item":"https:\/\/conversesacatalunya.cat\/es\/"},{"@type":"ListItem","position":2,"name":"Pandemia: El necesario examen de A\u00f1o Nuevo (1). El caso de Catalu\u00f1a"}]},{"@type":"WebSite","@id":"https:\/\/conversesacatalunya.cat\/#website","url":"https:\/\/conversesacatalunya.cat\/","name":"Converses a Catalunya","description":"","potentialAction":[{"@type":"SearchAction","target":{"@type":"EntryPoint","urlTemplate":"https:\/\/conversesacatalunya.cat\/?s={search_term_string}"},"query-input":{"@type":"PropertyValueSpecification","valueRequired":true,"valueName":"search_term_string"}}],"inLanguage":"es"},{"@type":"Person","@id":"https:\/\/conversesacatalunya.cat\/#\/schema\/person\/7e24d1e54a2785373ddcb275eae5ed99","name":"conversesacatalunya","image":{"@type":"ImageObject","inLanguage":"es","@id":"https:\/\/conversesacatalunya.cat\/#\/schema\/person\/image\/","url":"https:\/\/conversesacatalunya.cat\/wp-content\/litespeed\/avatar\/febdfeeec89d950f01c748045a981dd2.jpg?ver=1777314535","contentUrl":"https:\/\/conversesacatalunya.cat\/wp-content\/litespeed\/avatar\/febdfeeec89d950f01c748045a981dd2.jpg?ver=1777314535","caption":"conversesacatalunya"},"url":"https:\/\/conversesacatalunya.cat\/es\/author\/carme_catala\/"}]}},"wps_subtitle":"","_links":{"self":[{"href":"https:\/\/conversesacatalunya.cat\/es\/wp-json\/wp\/v2\/posts\/53572","targetHints":{"allow":["GET"]}}],"collection":[{"href":"https:\/\/conversesacatalunya.cat\/es\/wp-json\/wp\/v2\/posts"}],"about":[{"href":"https:\/\/conversesacatalunya.cat\/es\/wp-json\/wp\/v2\/types\/post"}],"author":[{"embeddable":true,"href":"https:\/\/conversesacatalunya.cat\/es\/wp-json\/wp\/v2\/users\/2"}],"replies":[{"embeddable":true,"href":"https:\/\/conversesacatalunya.cat\/es\/wp-json\/wp\/v2\/comments?post=53572"}],"version-history":[{"count":2,"href":"https:\/\/conversesacatalunya.cat\/es\/wp-json\/wp\/v2\/posts\/53572\/revisions"}],"predecessor-version":[{"id":53574,"href":"https:\/\/conversesacatalunya.cat\/es\/wp-json\/wp\/v2\/posts\/53572\/revisions\/53574"}],"wp:featuredmedia":[{"embeddable":true,"href":"https:\/\/conversesacatalunya.cat\/es\/wp-json\/wp\/v2\/media\/53569"}],"wp:attachment":[{"href":"https:\/\/conversesacatalunya.cat\/es\/wp-json\/wp\/v2\/media?parent=53572"}],"wp:term":[{"taxonomy":"category","embeddable":true,"href":"https:\/\/conversesacatalunya.cat\/es\/wp-json\/wp\/v2\/categories?post=53572"},{"taxonomy":"post_tag","embeddable":true,"href":"https:\/\/conversesacatalunya.cat\/es\/wp-json\/wp\/v2\/tags?post=53572"}],"curies":[{"name":"wp","href":"https:\/\/api.w.org\/{rel}","templated":true}]}}