{"id":53480,"date":"2021-12-28T12:26:17","date_gmt":"2021-12-28T11:26:17","guid":{"rendered":"https:\/\/conversesacatalunya.cat\/?p=53480"},"modified":"2021-12-28T12:26:17","modified_gmt":"2021-12-28T11:26:17","slug":"buenas-noticias","status":"publish","type":"post","link":"https:\/\/conversesacatalunya.cat\/es\/buenas-noticias\/","title":{"rendered":"\u00a1Buenas Noticias!"},"content":{"rendered":"<p>Escuchar la radio o la televisi\u00f3n a la hora de los informativos se ha convertido en algo bastante desagradable: casi siempre malas noticias que nos transmiten una sensaci\u00f3n de des\u00e1nimo. Pero la aut\u00e9ntica Navidad rememora la gran y definitiva buena noticia que se resume as\u00ed en el Evangelio de Juan:<\/p>\n<p>\u201cDios ha amado tanto al mundo que ha dado a su Hijo \u00fanico para que no se pierda ninguno de los que creen en \u00e9l, sino que tengan vida eterna. Dios no ha enviado a su Hijo al mundo para que el mundo fuera condenado, sino para salvarlo por medio de \u00e9l.\u201d<\/p>\n<p>La buena noticia es tambi\u00e9n que <strong>el Hijo de Dios se hace hombre en plena humildad<\/strong>. El m\u00e1ximo, que es Dios, se nos hace presente en el m\u00ednimo: el beb\u00e9 de una familia humilde que acaba naciendo en un establo. \u00bfQui\u00e9n le puede envidiar este nacimiento?, \u00bfQui\u00e9n le puede envidiar su muerte en la cruz?.<\/p>\n<p>Si Dios se nos hubiera presentado tal y como es, en su omnipotencia, habr\u00eda resultado inalcanzable, incomprensible para el hombre. Seguramente nos habr\u00edamos sentido abrumados, y no ser\u00edamos libres de amarle. Pero el Dios del bel\u00e9n y el del Calvario no se nos impone, sino que se nos ofrece. Porque hemos sido creados desde el amor y para el amor, con la vocaci\u00f3n de amar, y el amor nunca se impone sino que requiere un \u00e1mbito de libertad, que es la fe.<\/p>\n<p>Otra buena noticia: el mundo no es el resultado del azar ciego de la materia sino una creaci\u00f3n de Dios de la nada, o de bien poco.<strong> Una verdad de fe narrada al inicio del G\u00e9nesis con precisi\u00f3n po\u00e9tica<\/strong>, y que en nuestros d\u00edas la ciencia viene a confirmar impl\u00edcitamente con la teor\u00eda del\u00a0big bang. Despu\u00e9s de crear el mundo y la materia \u201cel Se\u00f1or-Dios molde\u00f3 al hombre con polvo de la tierra, y le infundi\u00f3 el aliento de vida\u201d (Gn 2, 7). Un hermoso modo de explicar la naturaleza humana como unidad de materia y esp\u00edritu, creada por Dios a su imagen y semejanza (Gn 1, 26). \u00bfQui\u00e9n, sino un esp\u00edritu creador, puede infundir al ser humano su dimensi\u00f3n espiritual que le diferencia del resto de las criaturas?<\/p>\n<p><strong>El Papa Ratzinger<\/strong> se admiraba de c\u00f3mo \u201cla matem\u00e1tica inventada por nosotros nos da realmente acceso a la naturaleza del universo y nos permite utilizarlo. Por tanto, coinciden la estructura intelectual del sujeto humano y la estructura objetiva de la realidad\u201d. Que el origen del mundo necesita una causa primera o un primer motor inm\u00f3vil ya lo sosten\u00eda Arist\u00f3teles. La explicaci\u00f3n de la fe no es irracional ni pura poes\u00eda, sino plausible. En cualquier caso, es una buena noticia saber que somos hijos del amor creador de Dios y no del azar ciego.<\/p>\n<p>Dios, que primero cre\u00f3 el mundo y la humanidad y despu\u00e9s la redimi\u00f3 haci\u00e9ndose a s\u00ed mismo hombre y venciendo la muerte, no la dejar\u00e1 abandonada a su suerte. La \u00faltima gran noticia es que la resurrecci\u00f3n de Jes\u00fas es la clave y la primicia de nuestra propia resurrecci\u00f3n. La existencia y muerte en la cruz de un maestro jud\u00edo llamado Jes\u00fas o Cristo, en la provincia romana de Judea en tiempos del procurador Poncio Pilato, est\u00e1 certificada por diversas fuentes hist\u00f3ricas no cristianas. \u00bfEs razonable pensar que la resurrecci\u00f3n de Jes\u00fas fue la invenci\u00f3n de cuatro pobres pescadores de un rinc\u00f3n del imperio romano, que idearon una mentira tan eficaz que ha subsistido durante veinte siglos y que hoy sigue provocando la conversi\u00f3n de hombres y mujeres de todas las culturas y condiciones? <strong>\u00bfDebemos creer que la civilizaci\u00f3n occidental se ha cimentado y edificado sobre una inmensa\u00a0fake news?<\/strong><\/p>\n<p>Sin embargo, muchos pueden pensar: todo esto parece muy bonito pero, \u00bfno es un gran cuento de Navidad? No lo es. <strong>Son verdades que han sido cre\u00eddas y explicadas por algunas de las mentes m\u00e1s privilegiadas de la humanidad como Agust\u00edn de Hipona, Tom\u00e1s de Aquino, Dante, Pascal o Von Balthasar.<\/strong><\/p>\n<p>Estos d\u00edas, dejemos contagiarnos por la alegr\u00eda de los pastores cuando adoraban a Jes\u00fas. \u00abGloria a Dios en el cielo, y en la tierra paz a los hombres de buena voluntad\u00bb (Lc 2, 14). \u00a1Os deseo una feliz y Santa Navidad!<\/p>\n<p><strong><em>Publicado en el Diari de Girona, el 25 de diciembre de 2021<\/em><\/strong><\/p>\n<span class='bctt-click-to-tweet'><span class='bctt-ctt-text'><a href='https:\/\/twitter.com\/intent\/tweet?url=https%3A%2F%2Fconversesacatalunya.cat%2Fes%2Fbuenas-noticias%2F&#038;text=Son%20verdades%20que%20han%20sido%20cre%C3%ADdas%20y%20explicadas%20por%20algunas%20de%20las%20mentes%20m%C3%A1s%20privilegiadas%20de%20la%20humanidad%20como%20Agust%C3%ADn%20de%20Hipona%2C%20Tom%C3%A1s%20de%20Aquino%2C%20Dante%2C%20Pascal%20o%20Von%20Balthasar&#038;via=conversesacat&#038;related=conversesacat' target='_blank'rel=\"noopener noreferrer\">Son verdades que han sido cre\u00eddas y explicadas por algunas de las mentes m\u00e1s privilegiadas de la humanidad como Agust\u00edn de Hipona, Tom\u00e1s de Aquino, Dante, Pascal o Von Balthasar <\/a><\/span><a href='https:\/\/twitter.com\/intent\/tweet?url=https%3A%2F%2Fconversesacatalunya.cat%2Fes%2Fbuenas-noticias%2F&#038;text=Son%20verdades%20que%20han%20sido%20cre%C3%ADdas%20y%20explicadas%20por%20algunas%20de%20las%20mentes%20m%C3%A1s%20privilegiadas%20de%20la%20humanidad%20como%20Agust%C3%ADn%20de%20Hipona%2C%20Tom%C3%A1s%20de%20Aquino%2C%20Dante%2C%20Pascal%20o%20Von%20Balthasar&#038;via=conversesacat&#038;related=conversesacat' target='_blank' class='bctt-ctt-btn'rel=\"noopener noreferrer\">Compartir en X<\/a><\/span>\n<p>&nbsp;<\/p>\n","protected":false},"excerpt":{"rendered":"<p>Escuchar la radio o la televisi\u00f3n a la hora de los informativos se ha convertido en algo bastante desagradable: casi siempre malas noticias que nos transmiten una sensaci\u00f3n de des\u00e1nimo. Pero la aut\u00e9ntica Navidad rememora la gran y definitiva buena noticia que se resume as\u00ed en el Evangelio de Juan: \u201cDios ha amado tanto al mundo que ha dado a su Hijo \u00fanico para que no se pierda ninguno de los que creen en \u00e9l, sino que tengan vida eterna. Dios no ha enviado a su Hijo al mundo para que el mundo fuera condenado, sino para salvarlo por medio de \u00e9l.\u201d La buena noticia es tambi\u00e9n que el Hijo de Dios se hace hombre en plena humildad. El m\u00e1ximo, que es Dios, se nos hace presente en el m\u00ednimo: el beb\u00e9 de una familia humilde que acaba naciendo en un establo. \u00bfQui\u00e9n le puede envidiar este nacimiento?, \u00bfQui\u00e9n le puede envidiar su muerte en la cruz?. Si Dios se nos hubiera presentado tal y como es, en su omnipotencia, habr\u00eda resultado inalcanzable, incomprensible para el hombre. Seguramente nos habr\u00edamos sentido abrumados, y no ser\u00edamos libres de amarle. Pero el Dios del bel\u00e9n y el del Calvario no se nos impone, sino que se nos ofrece. Porque hemos sido creados desde el amor y para el amor, con la vocaci\u00f3n de amar, y el amor nunca se impone sino que requiere un \u00e1mbito de libertad, que es la fe. Otra buena noticia: el mundo no es el resultado del azar ciego de la materia sino una creaci\u00f3n de Dios de la nada, o de bien poco. Una verdad de fe narrada al inicio del G\u00e9nesis con precisi\u00f3n po\u00e9tica, y que en nuestros d\u00edas la ciencia viene a confirmar impl\u00edcitamente con la teor\u00eda del\u00a0big bang. Despu\u00e9s de crear el mundo y la materia \u201cel Se\u00f1or-Dios molde\u00f3 al hombre con polvo de la tierra, y le infundi\u00f3 el aliento de vida\u201d (Gn 2, 7). Un hermoso modo de explicar la naturaleza humana como unidad de materia y esp\u00edritu, creada por Dios a su imagen y semejanza (Gn 1, 26). \u00bfQui\u00e9n, sino un esp\u00edritu creador, puede infundir al ser humano su dimensi\u00f3n espiritual que le diferencia del resto de las criaturas? El Papa Ratzinger se admiraba de c\u00f3mo \u201cla matem\u00e1tica inventada por nosotros nos da realmente acceso a la naturaleza del universo y nos permite utilizarlo. Por tanto, coinciden la estructura intelectual del sujeto humano y la estructura objetiva de la realidad\u201d. Que el origen del mundo necesita una causa primera o un primer motor inm\u00f3vil ya lo sosten\u00eda Arist\u00f3teles. La explicaci\u00f3n de la fe no es irracional ni pura poes\u00eda, sino plausible. En cualquier caso, es una buena noticia saber que somos hijos del amor creador de Dios y no del azar ciego. Dios, que primero cre\u00f3 el mundo y la humanidad y despu\u00e9s la redimi\u00f3 haci\u00e9ndose a s\u00ed mismo hombre y venciendo la muerte, no la dejar\u00e1 abandonada a su suerte. La \u00faltima gran noticia es que la resurrecci\u00f3n de Jes\u00fas es la clave y la primicia de nuestra propia resurrecci\u00f3n. La existencia y muerte en la cruz de un maestro jud\u00edo llamado Jes\u00fas o Cristo, en la provincia romana de Judea en tiempos del procurador Poncio Pilato, est\u00e1 certificada por diversas fuentes hist\u00f3ricas no cristianas. \u00bfEs razonable pensar que la resurrecci\u00f3n de Jes\u00fas fue la invenci\u00f3n de cuatro pobres pescadores de un rinc\u00f3n del imperio romano, que idearon una mentira tan eficaz que ha subsistido durante veinte siglos y que hoy sigue provocando la conversi\u00f3n de hombres y mujeres de todas las culturas y condiciones? \u00bfDebemos creer que la civilizaci\u00f3n occidental se ha cimentado y edificado sobre una inmensa\u00a0fake news? Sin embargo, muchos pueden pensar: todo esto parece muy bonito pero, \u00bfno es un gran cuento de Navidad? No lo es. Son verdades que han sido cre\u00eddas y explicadas por algunas de las mentes m\u00e1s privilegiadas de la humanidad como Agust\u00edn de Hipona, Tom\u00e1s de Aquino, Dante, Pascal o Von Balthasar. Estos d\u00edas, dejemos contagiarnos por la alegr\u00eda de los pastores cuando adoraban a Jes\u00fas. \u00abGloria a Dios en el cielo, y en la tierra paz a los hombres de buena voluntad\u00bb (Lc 2, 14). \u00a1Os deseo una feliz y Santa Navidad! Publicado en el Diari de Girona, el 25 de diciembre de 2021 &nbsp;<\/p>\n","protected":false},"author":6,"featured_media":53478,"comment_status":"open","ping_status":"open","sticky":false,"template":"","format":"standard","meta":{"_FSMCFIC_featured_image_caption":"","_FSMCFIC_featured_image_nocaption":"","_FSMCFIC_featured_image_hide":"","footnotes":""},"categories":[801],"tags":[1039,1040],"class_list":["post-53480","post","type-post","status-publish","format-standard","has-post-thumbnail","hentry","category-veritas-in-caritate-es","tag-nadal-es","tag-navidad"],"yoast_head":"<!-- This site is optimized with the Yoast SEO plugin v26.8 - https:\/\/yoast.com\/product\/yoast-seo-wordpress\/ -->\n<title>\u00a1Buenas Noticias! - Converses a Catalunya<\/title>\n<meta name=\"description\" content=\"\u00bfDebemos creer que la civilizaci\u00f3n occidental se ha cimentado y edificado sobre una inmensa\u00a0fake news?\" \/>\n<meta name=\"robots\" content=\"noindex, nofollow\" \/>\n<meta property=\"og:locale\" content=\"es_ES\" \/>\n<meta property=\"og:type\" content=\"article\" \/>\n<meta property=\"og:title\" content=\"\u00a1Buenas Noticias! - Converses a Catalunya\" \/>\n<meta property=\"og:description\" content=\"\u00bfDebemos creer que la civilizaci\u00f3n occidental se ha cimentado y edificado sobre una inmensa\u00a0fake news?\" \/>\n<meta property=\"og:url\" content=\"https:\/\/conversesacatalunya.cat\/es\/buenas-noticias\/\" \/>\n<meta property=\"og:site_name\" content=\"Converses a Catalunya\" \/>\n<meta property=\"article:published_time\" content=\"2021-12-28T11:26:17+00:00\" \/>\n<meta property=\"og:image\" content=\"https:\/\/conversesacatalunya.cat\/wp-content\/uploads\/2021\/12\/Bones-noticies.jpg\" \/>\n\t<meta property=\"og:image:width\" content=\"640\" \/>\n\t<meta property=\"og:image:height\" content=\"480\" \/>\n\t<meta property=\"og:image:type\" content=\"image\/jpeg\" \/>\n<meta name=\"author\" content=\"Carles Ros Arpa\" \/>\n<meta name=\"twitter:card\" content=\"summary_large_image\" \/>\n<meta name=\"twitter:label1\" content=\"Escrito por\" \/>\n\t<meta name=\"twitter:data1\" content=\"Carles Ros Arpa\" \/>\n\t<meta name=\"twitter:label2\" content=\"Tiempo de lectura\" \/>\n\t<meta name=\"twitter:data2\" content=\"5 minutos\" \/>\n<script type=\"application\/ld+json\" class=\"yoast-schema-graph\">{\"@context\":\"https:\/\/schema.org\",\"@graph\":[{\"@type\":\"Article\",\"@id\":\"https:\/\/conversesacatalunya.cat\/es\/buenas-noticias\/#article\",\"isPartOf\":{\"@id\":\"https:\/\/conversesacatalunya.cat\/es\/buenas-noticias\/\"},\"author\":{\"name\":\"Carles Ros Arpa\",\"@id\":\"https:\/\/conversesacatalunya.cat\/#\/schema\/person\/158977e8a6f4c10be20fb1e30375371b\"},\"headline\":\"\u00a1Buenas Noticias!\",\"datePublished\":\"2021-12-28T11:26:17+00:00\",\"mainEntityOfPage\":{\"@id\":\"https:\/\/conversesacatalunya.cat\/es\/buenas-noticias\/\"},\"wordCount\":804,\"commentCount\":0,\"image\":{\"@id\":\"https:\/\/conversesacatalunya.cat\/es\/buenas-noticias\/#primaryimage\"},\"thumbnailUrl\":\"https:\/\/conversesacatalunya.cat\/wp-content\/uploads\/2021\/12\/Bones-noticies.jpg\",\"keywords\":[\"Nadal\",\"Navidad\"],\"articleSection\":[\"Veritas in caritate (ES)\"],\"inLanguage\":\"es\",\"potentialAction\":[{\"@type\":\"CommentAction\",\"name\":\"Comment\",\"target\":[\"https:\/\/conversesacatalunya.cat\/es\/buenas-noticias\/#respond\"]}]},{\"@type\":\"WebPage\",\"@id\":\"https:\/\/conversesacatalunya.cat\/es\/buenas-noticias\/\",\"url\":\"https:\/\/conversesacatalunya.cat\/es\/buenas-noticias\/\",\"name\":\"\u00a1Buenas Noticias! - Converses a Catalunya\",\"isPartOf\":{\"@id\":\"https:\/\/conversesacatalunya.cat\/#website\"},\"primaryImageOfPage\":{\"@id\":\"https:\/\/conversesacatalunya.cat\/es\/buenas-noticias\/#primaryimage\"},\"image\":{\"@id\":\"https:\/\/conversesacatalunya.cat\/es\/buenas-noticias\/#primaryimage\"},\"thumbnailUrl\":\"https:\/\/conversesacatalunya.cat\/wp-content\/uploads\/2021\/12\/Bones-noticies.jpg\",\"datePublished\":\"2021-12-28T11:26:17+00:00\",\"author\":{\"@id\":\"https:\/\/conversesacatalunya.cat\/#\/schema\/person\/158977e8a6f4c10be20fb1e30375371b\"},\"description\":\"\u00bfDebemos creer que la civilizaci\u00f3n occidental se ha cimentado y edificado sobre una inmensa\u00a0fake news?\",\"breadcrumb\":{\"@id\":\"https:\/\/conversesacatalunya.cat\/es\/buenas-noticias\/#breadcrumb\"},\"inLanguage\":\"es\",\"potentialAction\":[{\"@type\":\"ReadAction\",\"target\":[\"https:\/\/conversesacatalunya.cat\/es\/buenas-noticias\/\"]}]},{\"@type\":\"ImageObject\",\"inLanguage\":\"es\",\"@id\":\"https:\/\/conversesacatalunya.cat\/es\/buenas-noticias\/#primaryimage\",\"url\":\"https:\/\/conversesacatalunya.cat\/wp-content\/uploads\/2021\/12\/Bones-noticies.jpg\",\"contentUrl\":\"https:\/\/conversesacatalunya.cat\/wp-content\/uploads\/2021\/12\/Bones-noticies.jpg\",\"width\":640,\"height\":480,\"caption\":\"Navidad\"},{\"@type\":\"BreadcrumbList\",\"@id\":\"https:\/\/conversesacatalunya.cat\/es\/buenas-noticias\/#breadcrumb\",\"itemListElement\":[{\"@type\":\"ListItem\",\"position\":1,\"name\":\"Inici\",\"item\":\"https:\/\/conversesacatalunya.cat\/es\/\"},{\"@type\":\"ListItem\",\"position\":2,\"name\":\"\u00a1Buenas Noticias!\"}]},{\"@type\":\"WebSite\",\"@id\":\"https:\/\/conversesacatalunya.cat\/#website\",\"url\":\"https:\/\/conversesacatalunya.cat\/\",\"name\":\"Converses a Catalunya\",\"description\":\"\",\"potentialAction\":[{\"@type\":\"SearchAction\",\"target\":{\"@type\":\"EntryPoint\",\"urlTemplate\":\"https:\/\/conversesacatalunya.cat\/?s={search_term_string}\"},\"query-input\":{\"@type\":\"PropertyValueSpecification\",\"valueRequired\":true,\"valueName\":\"search_term_string\"}}],\"inLanguage\":\"es\"},{\"@type\":\"Person\",\"@id\":\"https:\/\/conversesacatalunya.cat\/#\/schema\/person\/158977e8a6f4c10be20fb1e30375371b\",\"name\":\"Carles Ros Arpa\",\"image\":{\"@type\":\"ImageObject\",\"inLanguage\":\"es\",\"@id\":\"https:\/\/conversesacatalunya.cat\/#\/schema\/person\/image\/\",\"url\":\"https:\/\/conversesacatalunya.cat\/wp-content\/litespeed\/avatar\/ba530fe068c88283940054d0b5ea1f09.jpg?ver=1777376928\",\"contentUrl\":\"https:\/\/conversesacatalunya.cat\/wp-content\/litespeed\/avatar\/ba530fe068c88283940054d0b5ea1f09.jpg?ver=1777376928\",\"caption\":\"Carles Ros Arpa\"},\"url\":\"https:\/\/conversesacatalunya.cat\/es\/author\/carles-ros-arpa\/\"}]}<\/script>\n<!-- \/ Yoast SEO plugin. -->","yoast_head_json":{"title":"\u00a1Buenas Noticias! - Converses a Catalunya","description":"\u00bfDebemos creer que la civilizaci\u00f3n occidental se ha cimentado y edificado sobre una inmensa\u00a0fake news?","robots":{"index":"noindex","follow":"nofollow"},"og_locale":"es_ES","og_type":"article","og_title":"\u00a1Buenas Noticias! - Converses a Catalunya","og_description":"\u00bfDebemos creer que la civilizaci\u00f3n occidental se ha cimentado y edificado sobre una inmensa\u00a0fake news?","og_url":"https:\/\/conversesacatalunya.cat\/es\/buenas-noticias\/","og_site_name":"Converses a Catalunya","article_published_time":"2021-12-28T11:26:17+00:00","og_image":[{"width":640,"height":480,"url":"https:\/\/conversesacatalunya.cat\/wp-content\/uploads\/2021\/12\/Bones-noticies.jpg","type":"image\/jpeg"}],"author":"Carles Ros Arpa","twitter_card":"summary_large_image","twitter_misc":{"Escrito por":"Carles Ros Arpa","Tiempo de lectura":"5 minutos"},"schema":{"@context":"https:\/\/schema.org","@graph":[{"@type":"Article","@id":"https:\/\/conversesacatalunya.cat\/es\/buenas-noticias\/#article","isPartOf":{"@id":"https:\/\/conversesacatalunya.cat\/es\/buenas-noticias\/"},"author":{"name":"Carles Ros Arpa","@id":"https:\/\/conversesacatalunya.cat\/#\/schema\/person\/158977e8a6f4c10be20fb1e30375371b"},"headline":"\u00a1Buenas Noticias!","datePublished":"2021-12-28T11:26:17+00:00","mainEntityOfPage":{"@id":"https:\/\/conversesacatalunya.cat\/es\/buenas-noticias\/"},"wordCount":804,"commentCount":0,"image":{"@id":"https:\/\/conversesacatalunya.cat\/es\/buenas-noticias\/#primaryimage"},"thumbnailUrl":"https:\/\/conversesacatalunya.cat\/wp-content\/uploads\/2021\/12\/Bones-noticies.jpg","keywords":["Nadal","Navidad"],"articleSection":["Veritas in caritate (ES)"],"inLanguage":"es","potentialAction":[{"@type":"CommentAction","name":"Comment","target":["https:\/\/conversesacatalunya.cat\/es\/buenas-noticias\/#respond"]}]},{"@type":"WebPage","@id":"https:\/\/conversesacatalunya.cat\/es\/buenas-noticias\/","url":"https:\/\/conversesacatalunya.cat\/es\/buenas-noticias\/","name":"\u00a1Buenas Noticias! - Converses a Catalunya","isPartOf":{"@id":"https:\/\/conversesacatalunya.cat\/#website"},"primaryImageOfPage":{"@id":"https:\/\/conversesacatalunya.cat\/es\/buenas-noticias\/#primaryimage"},"image":{"@id":"https:\/\/conversesacatalunya.cat\/es\/buenas-noticias\/#primaryimage"},"thumbnailUrl":"https:\/\/conversesacatalunya.cat\/wp-content\/uploads\/2021\/12\/Bones-noticies.jpg","datePublished":"2021-12-28T11:26:17+00:00","author":{"@id":"https:\/\/conversesacatalunya.cat\/#\/schema\/person\/158977e8a6f4c10be20fb1e30375371b"},"description":"\u00bfDebemos creer que la civilizaci\u00f3n occidental se ha cimentado y edificado sobre una inmensa\u00a0fake news?","breadcrumb":{"@id":"https:\/\/conversesacatalunya.cat\/es\/buenas-noticias\/#breadcrumb"},"inLanguage":"es","potentialAction":[{"@type":"ReadAction","target":["https:\/\/conversesacatalunya.cat\/es\/buenas-noticias\/"]}]},{"@type":"ImageObject","inLanguage":"es","@id":"https:\/\/conversesacatalunya.cat\/es\/buenas-noticias\/#primaryimage","url":"https:\/\/conversesacatalunya.cat\/wp-content\/uploads\/2021\/12\/Bones-noticies.jpg","contentUrl":"https:\/\/conversesacatalunya.cat\/wp-content\/uploads\/2021\/12\/Bones-noticies.jpg","width":640,"height":480,"caption":"Navidad"},{"@type":"BreadcrumbList","@id":"https:\/\/conversesacatalunya.cat\/es\/buenas-noticias\/#breadcrumb","itemListElement":[{"@type":"ListItem","position":1,"name":"Inici","item":"https:\/\/conversesacatalunya.cat\/es\/"},{"@type":"ListItem","position":2,"name":"\u00a1Buenas Noticias!"}]},{"@type":"WebSite","@id":"https:\/\/conversesacatalunya.cat\/#website","url":"https:\/\/conversesacatalunya.cat\/","name":"Converses a Catalunya","description":"","potentialAction":[{"@type":"SearchAction","target":{"@type":"EntryPoint","urlTemplate":"https:\/\/conversesacatalunya.cat\/?s={search_term_string}"},"query-input":{"@type":"PropertyValueSpecification","valueRequired":true,"valueName":"search_term_string"}}],"inLanguage":"es"},{"@type":"Person","@id":"https:\/\/conversesacatalunya.cat\/#\/schema\/person\/158977e8a6f4c10be20fb1e30375371b","name":"Carles Ros Arpa","image":{"@type":"ImageObject","inLanguage":"es","@id":"https:\/\/conversesacatalunya.cat\/#\/schema\/person\/image\/","url":"https:\/\/conversesacatalunya.cat\/wp-content\/litespeed\/avatar\/ba530fe068c88283940054d0b5ea1f09.jpg?ver=1777376928","contentUrl":"https:\/\/conversesacatalunya.cat\/wp-content\/litespeed\/avatar\/ba530fe068c88283940054d0b5ea1f09.jpg?ver=1777376928","caption":"Carles Ros Arpa"},"url":"https:\/\/conversesacatalunya.cat\/es\/author\/carles-ros-arpa\/"}]}},"wps_subtitle":"\u00bfDebemos creer que la civilizaci\u00f3n occidental se ha cimentado y edificado sobre una inmensa fake news?","_links":{"self":[{"href":"https:\/\/conversesacatalunya.cat\/es\/wp-json\/wp\/v2\/posts\/53480","targetHints":{"allow":["GET"]}}],"collection":[{"href":"https:\/\/conversesacatalunya.cat\/es\/wp-json\/wp\/v2\/posts"}],"about":[{"href":"https:\/\/conversesacatalunya.cat\/es\/wp-json\/wp\/v2\/types\/post"}],"author":[{"embeddable":true,"href":"https:\/\/conversesacatalunya.cat\/es\/wp-json\/wp\/v2\/users\/6"}],"replies":[{"embeddable":true,"href":"https:\/\/conversesacatalunya.cat\/es\/wp-json\/wp\/v2\/comments?post=53480"}],"version-history":[{"count":5,"href":"https:\/\/conversesacatalunya.cat\/es\/wp-json\/wp\/v2\/posts\/53480\/revisions"}],"predecessor-version":[{"id":53490,"href":"https:\/\/conversesacatalunya.cat\/es\/wp-json\/wp\/v2\/posts\/53480\/revisions\/53490"}],"wp:featuredmedia":[{"embeddable":true,"href":"https:\/\/conversesacatalunya.cat\/es\/wp-json\/wp\/v2\/media\/53478"}],"wp:attachment":[{"href":"https:\/\/conversesacatalunya.cat\/es\/wp-json\/wp\/v2\/media?parent=53480"}],"wp:term":[{"taxonomy":"category","embeddable":true,"href":"https:\/\/conversesacatalunya.cat\/es\/wp-json\/wp\/v2\/categories?post=53480"},{"taxonomy":"post_tag","embeddable":true,"href":"https:\/\/conversesacatalunya.cat\/es\/wp-json\/wp\/v2\/tags?post=53480"}],"curies":[{"name":"wp","href":"https:\/\/api.w.org\/{rel}","templated":true}]}}