{"id":53356,"date":"2021-12-28T09:14:01","date_gmt":"2021-12-28T08:14:01","guid":{"rendered":"https:\/\/conversesacatalunya.cat\/?p=53356"},"modified":"2021-12-29T18:04:03","modified_gmt":"2021-12-29T17:04:03","slug":"toynbee-y-la-crisis-de-europa","status":"publish","type":"post","link":"https:\/\/conversesacatalunya.cat\/es\/toynbee-y-la-crisis-de-europa\/","title":{"rendered":"Toynbee y la crisis de Europa"},"content":{"rendered":"<p>Cuando Arnold Toynbee public\u00f3 en 1953, <em>Estudio de la Historia,<\/em> hac\u00eda solo ocho a\u00f1os que hab\u00eda terminado la II Guerra Mundial y aun perduraba el caos posterior. No exist\u00eda el Tratado de Roma (1957), que constituy\u00f3 la Comunidad Econ\u00f3mica Europea, antecesora de la actual Uni\u00f3n. Es necesario considerar este escenario para valorar lo que sigue. De su ingente estudio, que ocupa 11 vol\u00famenes, quiero destacar unas p\u00e1ginas (edici\u00f3n EMECE Buenos Aires, 1961. Vol. VII, Iglesias Universales, p\u00e1gs. 35 y s.s.), que le\u00eddas casi 70 a\u00f1os despu\u00e9s impresionan por su vigor premonitorio y quiz\u00e1s precursor:<\/p>\n<p>Empecemos por lo que empuj\u00f3 a la unidad europea: <em>\u201cLas poblaciones han sufrido tan dura prueba. Sus emociones dominantes son una sed de paz y calma y una aquiescencia agradecida por el r\u00e9gimen ecum\u00e9nico. Esta actitud general es el fundamento psicol\u00f3gico<\/em> del <em>estado universal\u201d<\/em>.<\/p>\n<p>Y sigamos por nuestro futuro pr\u00f3ximo<em>: \u201cY cuando los s\u00fabditos comienzan a recuperarse de su agotamiento, el recuerdo del anterior tiempo de angustias comienza a desvanecerse. La gente sufre en medida mayor el malestar derivado de la obstrucci\u00f3n\u2026 de la fuerza vital\u2026<\/em> <em>El estado universal lejos de interesarse en abrir canales para la actividad espiritual tiende a mirar con recelo todas las nuevas manifestaciones de vida<\/em>&#8230; <em>En tal situaci\u00f3n, una naciente Iglesia universal puede labrar su fortuna prestando a una sociedad secular estancada el servicio que necesita\u2026 Dando salida a las contenidas energ\u00edas espirituales de la humanidad sin pedir permiso al Gobierno imperial, y a veces, lo cual es a\u00fan m\u00e1s efectivo, desafiando su veto\u201d.<\/em><\/p>\n<p><em>\u201cComo cuando con la Iglesia en el Imperio Romano\u2026 dio salida a las energ\u00edas intelectuales y pol\u00edticas que hab\u00edan permanecido tanto tiempo contenidas. Se dio antes una fase previa en la que se produjo el choque entre la Iglesia y el estado universal, que dio a los hombres y mujeres una nueva y fresca oportunidad de realizar el supremo sacrificio\u2026 El Gobierno romano no consegu\u00eda impedir que civiles, para nada marciales, sacrificaran la vida como m\u00e1rtires por la causa de la Iglesia cristiana. Esta situaci\u00f3n\u2026 podr\u00eda anunciar las futuras relaciones entre pol\u00edtica y religi\u00f3n, en una edad venidera. En este choque la Iglesia universal recib\u00eda las energ\u00edas que el Estado ya no pod\u00eda utilizar ni dejar en libertad. Esta fase se caracteriza por un aumento de la acci\u00f3n creadora de la Iglesia\u2026 que interviene haciendo uso de las realizaciones y experiencias del Estado en decadencia, para construir nuevas Instituciones ecum\u00e9nicas propias, y a tal fin atrae a su servicio a personalidades y manifiesta su capacidad de sustraerse a la ruina de la sociedad secular\u201d.<\/em><\/p>\n<p>Y Toynbee culmina su prospectiva en estos t\u00e9rminos (p\u00e1gs. 94 y 95):<em> \u201cEn el mundo occidental secularizado del siglo XX se reconoc\u00edan incuestionables s\u00edntomas de una regresi\u00f3n espiritual. Una civilizaci\u00f3n secular occidental podr\u00eda ser una superflua repetici\u00f3n de la civilizaci\u00f3n hel\u00e9nica precristiana y, podr\u00eda llegar a constituir el final del mundo occidental secularizado por su pernicioso apartamiento de la senda de progreso espiritual\u2026 La \u00fanica justificaci\u00f3n hist\u00f3rica concebible de su existencia ser\u00eda la del posible futuro servicio, que inadvertidamente podr\u00eda prestar al cristianismo y a las tres religiones hermanas vivas, al ponerlas todas por igual frente a la amenaza de un recrudecimiento de la idolatr\u00eda viciosa del culto colectivo del hombre\u2026<\/em> <em>\u00a0El culto del leviat\u00e1n estado era una religi\u00f3n a la que en alguna medida rend\u00eda culto todo hombre occidental contempor\u00e1neo; era lisa y llana idolatr\u00eda\u2026 El s\u00edntoma m\u00e1s negativo de todos era, que el mundo occidental hab\u00eda estado viviendo del capital espiritual, sin mantener empero las creencias cristianas\u201d.<\/em><\/p>\n<p>Toynbee nos dec\u00eda, que la civilizaci\u00f3n europea transformada en una sociedad secularizada, que rechazaba su naturaleza cristiana, carecer\u00eda de futuro y entrar\u00eda en crisis, excepto si se prestase, quiz\u00e1s sin quererlo, a un resurgimiento cristiano y a una entente de las grandes confesiones.<\/p>\n<p>Toynbee no era cat\u00f3lico y la valoraci\u00f3n que realiz\u00f3 del cristianismo no surgi\u00f3 de la fe, sino de la l\u00f3gica de su m\u00e9todo interpretativo de la historia. Y esta es una excelente raz\u00f3n para considerar su prospectiva, sobre todo cuando casi nadie duda que, como contaba en mi <a href=\"https:\/\/conversesacatalunya.cat\/es\/crisis-leticia-dolera-y-asimov\/\">anterior art\u00edculo<\/a>, \u201cCrisis, Leticia Dolera y Asimov\u201d: <em>\u201ces nuestro propio mundo el que se encuentra en\u00a0crisis\u201d<\/em>.<\/p>\n","protected":false},"excerpt":{"rendered":"<p>Cuando Arnold Toynbee public\u00f3 en 1953, Estudio de la Historia, hac\u00eda solo ocho a\u00f1os que hab\u00eda terminado la II Guerra Mundial y aun perduraba el caos posterior. No exist\u00eda el Tratado de Roma (1957), que constituy\u00f3 la Comunidad Econ\u00f3mica Europea, antecesora de la actual Uni\u00f3n. Es necesario considerar este escenario para valorar lo que sigue. De su ingente estudio, que ocupa 11 vol\u00famenes, quiero destacar unas p\u00e1ginas (edici\u00f3n EMECE Buenos Aires, 1961. Vol. VII, Iglesias Universales, p\u00e1gs. 35 y s.s.), que le\u00eddas casi 70 a\u00f1os despu\u00e9s impresionan por su vigor premonitorio y quiz\u00e1s precursor: Empecemos por lo que empuj\u00f3 a la unidad europea: \u201cLas poblaciones han sufrido tan dura prueba. Sus emociones dominantes son una sed de paz y calma y una aquiescencia agradecida por el r\u00e9gimen ecum\u00e9nico. Esta actitud general es el fundamento psicol\u00f3gico del estado universal\u201d. Y sigamos por nuestro futuro pr\u00f3ximo: \u201cY cuando los s\u00fabditos comienzan a recuperarse de su agotamiento, el recuerdo del anterior tiempo de angustias comienza a desvanecerse. La gente sufre en medida mayor el malestar derivado de la obstrucci\u00f3n\u2026 de la fuerza vital\u2026 El estado universal lejos de interesarse en abrir canales para la actividad espiritual tiende a mirar con recelo todas las nuevas manifestaciones de vida&#8230; En tal situaci\u00f3n, una naciente Iglesia universal puede labrar su fortuna prestando a una sociedad secular estancada el servicio que necesita\u2026 Dando salida a las contenidas energ\u00edas espirituales de la humanidad sin pedir permiso al Gobierno imperial, y a veces, lo cual es a\u00fan m\u00e1s efectivo, desafiando su veto\u201d. \u201cComo cuando con la Iglesia en el Imperio Romano\u2026 dio salida a las energ\u00edas intelectuales y pol\u00edticas que hab\u00edan permanecido tanto tiempo contenidas. Se dio antes una fase previa en la que se produjo el choque entre la Iglesia y el estado universal, que dio a los hombres y mujeres una nueva y fresca oportunidad de realizar el supremo sacrificio\u2026 El Gobierno romano no consegu\u00eda impedir que civiles, para nada marciales, sacrificaran la vida como m\u00e1rtires por la causa de la Iglesia cristiana. Esta situaci\u00f3n\u2026 podr\u00eda anunciar las futuras relaciones entre pol\u00edtica y religi\u00f3n, en una edad venidera. En este choque la Iglesia universal recib\u00eda las energ\u00edas que el Estado ya no pod\u00eda utilizar ni dejar en libertad. Esta fase se caracteriza por un aumento de la acci\u00f3n creadora de la Iglesia\u2026 que interviene haciendo uso de las realizaciones y experiencias del Estado en decadencia, para construir nuevas Instituciones ecum\u00e9nicas propias, y a tal fin atrae a su servicio a personalidades y manifiesta su capacidad de sustraerse a la ruina de la sociedad secular\u201d. Y Toynbee culmina su prospectiva en estos t\u00e9rminos (p\u00e1gs. 94 y 95): \u201cEn el mundo occidental secularizado del siglo XX se reconoc\u00edan incuestionables s\u00edntomas de una regresi\u00f3n espiritual. Una civilizaci\u00f3n secular occidental podr\u00eda ser una superflua repetici\u00f3n de la civilizaci\u00f3n hel\u00e9nica precristiana y, podr\u00eda llegar a constituir el final del mundo occidental secularizado por su pernicioso apartamiento de la senda de progreso espiritual\u2026 La \u00fanica justificaci\u00f3n hist\u00f3rica concebible de su existencia ser\u00eda la del posible futuro servicio, que inadvertidamente podr\u00eda prestar al cristianismo y a las tres religiones hermanas vivas, al ponerlas todas por igual frente a la amenaza de un recrudecimiento de la idolatr\u00eda viciosa del culto colectivo del hombre\u2026 \u00a0El culto del leviat\u00e1n estado era una religi\u00f3n a la que en alguna medida rend\u00eda culto todo hombre occidental contempor\u00e1neo; era lisa y llana idolatr\u00eda\u2026 El s\u00edntoma m\u00e1s negativo de todos era, que el mundo occidental hab\u00eda estado viviendo del capital espiritual, sin mantener empero las creencias cristianas\u201d. Toynbee nos dec\u00eda, que la civilizaci\u00f3n europea transformada en una sociedad secularizada, que rechazaba su naturaleza cristiana, carecer\u00eda de futuro y entrar\u00eda en crisis, excepto si se prestase, quiz\u00e1s sin quererlo, a un resurgimiento cristiano y a una entente de las grandes confesiones. Toynbee no era cat\u00f3lico y la valoraci\u00f3n que realiz\u00f3 del cristianismo no surgi\u00f3 de la fe, sino de la l\u00f3gica de su m\u00e9todo interpretativo de la historia. Y esta es una excelente raz\u00f3n para considerar su prospectiva, sobre todo cuando casi nadie duda que, como contaba en mi anterior art\u00edculo, \u201cCrisis, Leticia Dolera y Asimov\u201d: \u201ces nuestro propio mundo el que se encuentra en\u00a0crisis\u201d.<\/p>\n","protected":false},"author":19,"featured_media":53357,"comment_status":"open","ping_status":"open","sticky":false,"template":"","format":"standard","meta":{"_FSMCFIC_featured_image_caption":"","_FSMCFIC_featured_image_nocaption":"","_FSMCFIC_featured_image_hide":"","footnotes":""},"categories":[796],"tags":[],"class_list":["post-53356","post","type-post","status-publish","format-standard","has-post-thumbnail","hentry","category-el-blog-de-josep-miro-i-ardevol-es"],"yoast_head":"<!-- This site is optimized with the Yoast SEO plugin v26.8 - https:\/\/yoast.com\/product\/yoast-seo-wordpress\/ -->\n<title>Toynbee y la crisis de Europa - Converses a Catalunya<\/title>\n<meta name=\"description\" content=\"Toynbee: la civilizaci\u00f3n europea transformada en una sociedad secularizada, que rechazaba su naturaleza cristiana, carecer\u00eda de futuro\" \/>\n<meta name=\"robots\" content=\"index, follow, max-snippet:-1, max-image-preview:large, max-video-preview:-1\" \/>\n<link rel=\"canonical\" href=\"https:\/\/conversesacatalunya.cat\/es\/toynbee-y-la-crisis-de-europa\/\" \/>\n<meta property=\"og:locale\" content=\"es_ES\" \/>\n<meta property=\"og:type\" content=\"article\" \/>\n<meta property=\"og:title\" content=\"Toynbee y la crisis de Europa - Converses a Catalunya\" \/>\n<meta property=\"og:description\" content=\"Toynbee: la civilizaci\u00f3n europea transformada en una sociedad secularizada, que rechazaba su naturaleza cristiana, carecer\u00eda de futuro\" \/>\n<meta property=\"og:url\" content=\"https:\/\/conversesacatalunya.cat\/es\/toynbee-y-la-crisis-de-europa\/\" \/>\n<meta property=\"og:site_name\" content=\"Converses a Catalunya\" \/>\n<meta property=\"article:published_time\" content=\"2021-12-28T08:14:01+00:00\" \/>\n<meta property=\"article:modified_time\" content=\"2021-12-29T17:04:03+00:00\" \/>\n<meta property=\"og:image\" content=\"https:\/\/conversesacatalunya.cat\/wp-content\/uploads\/2021\/12\/toynbee.jpg\" \/>\n\t<meta property=\"og:image:width\" content=\"1280\" \/>\n\t<meta property=\"og:image:height\" content=\"720\" \/>\n\t<meta property=\"og:image:type\" content=\"image\/jpeg\" \/>\n<meta name=\"author\" content=\"Josep Mir\u00f3 i Ard\u00e8vol\" \/>\n<meta name=\"twitter:card\" content=\"summary_large_image\" \/>\n<meta name=\"twitter:label1\" content=\"Escrito por\" \/>\n\t<meta name=\"twitter:data1\" content=\"Josep Mir\u00f3 i Ard\u00e8vol\" \/>\n\t<meta name=\"twitter:label2\" content=\"Tiempo de lectura\" \/>\n\t<meta name=\"twitter:data2\" content=\"4 minutos\" \/>\n<script type=\"application\/ld+json\" class=\"yoast-schema-graph\">{\"@context\":\"https:\/\/schema.org\",\"@graph\":[{\"@type\":\"Article\",\"@id\":\"https:\/\/conversesacatalunya.cat\/es\/toynbee-y-la-crisis-de-europa\/#article\",\"isPartOf\":{\"@id\":\"https:\/\/conversesacatalunya.cat\/es\/toynbee-y-la-crisis-de-europa\/\"},\"author\":{\"name\":\"Josep Mir\u00f3 i Ard\u00e8vol\",\"@id\":\"https:\/\/conversesacatalunya.cat\/#\/schema\/person\/a9598a6786ba7d3d1c5e0de477b79370\"},\"headline\":\"Toynbee y la crisis de Europa\",\"datePublished\":\"2021-12-28T08:14:01+00:00\",\"dateModified\":\"2021-12-29T17:04:03+00:00\",\"mainEntityOfPage\":{\"@id\":\"https:\/\/conversesacatalunya.cat\/es\/toynbee-y-la-crisis-de-europa\/\"},\"wordCount\":766,\"commentCount\":0,\"image\":{\"@id\":\"https:\/\/conversesacatalunya.cat\/es\/toynbee-y-la-crisis-de-europa\/#primaryimage\"},\"thumbnailUrl\":\"https:\/\/conversesacatalunya.cat\/wp-content\/uploads\/2021\/12\/toynbee.jpg\",\"articleSection\":[\"El Blog de Josep Mir\u00f3 i Ard\u00e8vol (ES)\"],\"inLanguage\":\"es\",\"potentialAction\":[{\"@type\":\"CommentAction\",\"name\":\"Comment\",\"target\":[\"https:\/\/conversesacatalunya.cat\/es\/toynbee-y-la-crisis-de-europa\/#respond\"]}]},{\"@type\":\"WebPage\",\"@id\":\"https:\/\/conversesacatalunya.cat\/es\/toynbee-y-la-crisis-de-europa\/\",\"url\":\"https:\/\/conversesacatalunya.cat\/es\/toynbee-y-la-crisis-de-europa\/\",\"name\":\"Toynbee y la crisis de Europa - Converses a Catalunya\",\"isPartOf\":{\"@id\":\"https:\/\/conversesacatalunya.cat\/#website\"},\"primaryImageOfPage\":{\"@id\":\"https:\/\/conversesacatalunya.cat\/es\/toynbee-y-la-crisis-de-europa\/#primaryimage\"},\"image\":{\"@id\":\"https:\/\/conversesacatalunya.cat\/es\/toynbee-y-la-crisis-de-europa\/#primaryimage\"},\"thumbnailUrl\":\"https:\/\/conversesacatalunya.cat\/wp-content\/uploads\/2021\/12\/toynbee.jpg\",\"datePublished\":\"2021-12-28T08:14:01+00:00\",\"dateModified\":\"2021-12-29T17:04:03+00:00\",\"author\":{\"@id\":\"https:\/\/conversesacatalunya.cat\/#\/schema\/person\/a9598a6786ba7d3d1c5e0de477b79370\"},\"description\":\"Toynbee: la civilizaci\u00f3n europea transformada en una sociedad secularizada, que rechazaba su naturaleza cristiana, carecer\u00eda de futuro\",\"breadcrumb\":{\"@id\":\"https:\/\/conversesacatalunya.cat\/es\/toynbee-y-la-crisis-de-europa\/#breadcrumb\"},\"inLanguage\":\"es\",\"potentialAction\":[{\"@type\":\"ReadAction\",\"target\":[\"https:\/\/conversesacatalunya.cat\/es\/toynbee-y-la-crisis-de-europa\/\"]}]},{\"@type\":\"ImageObject\",\"inLanguage\":\"es\",\"@id\":\"https:\/\/conversesacatalunya.cat\/es\/toynbee-y-la-crisis-de-europa\/#primaryimage\",\"url\":\"https:\/\/conversesacatalunya.cat\/wp-content\/uploads\/2021\/12\/toynbee.jpg\",\"contentUrl\":\"https:\/\/conversesacatalunya.cat\/wp-content\/uploads\/2021\/12\/toynbee.jpg\",\"width\":1280,\"height\":720},{\"@type\":\"BreadcrumbList\",\"@id\":\"https:\/\/conversesacatalunya.cat\/es\/toynbee-y-la-crisis-de-europa\/#breadcrumb\",\"itemListElement\":[{\"@type\":\"ListItem\",\"position\":1,\"name\":\"Inici\",\"item\":\"https:\/\/conversesacatalunya.cat\/es\/\"},{\"@type\":\"ListItem\",\"position\":2,\"name\":\"Toynbee y la crisis de Europa\"}]},{\"@type\":\"WebSite\",\"@id\":\"https:\/\/conversesacatalunya.cat\/#website\",\"url\":\"https:\/\/conversesacatalunya.cat\/\",\"name\":\"Converses a Catalunya\",\"description\":\"\",\"potentialAction\":[{\"@type\":\"SearchAction\",\"target\":{\"@type\":\"EntryPoint\",\"urlTemplate\":\"https:\/\/conversesacatalunya.cat\/?s={search_term_string}\"},\"query-input\":{\"@type\":\"PropertyValueSpecification\",\"valueRequired\":true,\"valueName\":\"search_term_string\"}}],\"inLanguage\":\"es\"},{\"@type\":\"Person\",\"@id\":\"https:\/\/conversesacatalunya.cat\/#\/schema\/person\/a9598a6786ba7d3d1c5e0de477b79370\",\"name\":\"Josep Mir\u00f3 i Ard\u00e8vol\",\"image\":{\"@type\":\"ImageObject\",\"inLanguage\":\"es\",\"@id\":\"https:\/\/conversesacatalunya.cat\/#\/schema\/person\/image\/\",\"url\":\"https:\/\/conversesacatalunya.cat\/wp-content\/litespeed\/avatar\/c37e3dc881857483d6694cdf98fdedea.jpg?ver=1777270381\",\"contentUrl\":\"https:\/\/conversesacatalunya.cat\/wp-content\/litespeed\/avatar\/c37e3dc881857483d6694cdf98fdedea.jpg?ver=1777270381\",\"caption\":\"Josep Mir\u00f3 i Ard\u00e8vol\"},\"url\":\"https:\/\/conversesacatalunya.cat\/es\/author\/josep-miro-i-ardevol\/\"}]}<\/script>\n<!-- \/ Yoast SEO plugin. -->","yoast_head_json":{"title":"Toynbee y la crisis de Europa - Converses a Catalunya","description":"Toynbee: la civilizaci\u00f3n europea transformada en una sociedad secularizada, que rechazaba su naturaleza cristiana, carecer\u00eda de futuro","robots":{"index":"index","follow":"follow","max-snippet":"max-snippet:-1","max-image-preview":"max-image-preview:large","max-video-preview":"max-video-preview:-1"},"canonical":"https:\/\/conversesacatalunya.cat\/es\/toynbee-y-la-crisis-de-europa\/","og_locale":"es_ES","og_type":"article","og_title":"Toynbee y la crisis de Europa - Converses a Catalunya","og_description":"Toynbee: la civilizaci\u00f3n europea transformada en una sociedad secularizada, que rechazaba su naturaleza cristiana, carecer\u00eda de futuro","og_url":"https:\/\/conversesacatalunya.cat\/es\/toynbee-y-la-crisis-de-europa\/","og_site_name":"Converses a Catalunya","article_published_time":"2021-12-28T08:14:01+00:00","article_modified_time":"2021-12-29T17:04:03+00:00","og_image":[{"width":1280,"height":720,"url":"https:\/\/conversesacatalunya.cat\/wp-content\/uploads\/2021\/12\/toynbee.jpg","type":"image\/jpeg"}],"author":"Josep Mir\u00f3 i Ard\u00e8vol","twitter_card":"summary_large_image","twitter_misc":{"Escrito por":"Josep Mir\u00f3 i Ard\u00e8vol","Tiempo de lectura":"4 minutos"},"schema":{"@context":"https:\/\/schema.org","@graph":[{"@type":"Article","@id":"https:\/\/conversesacatalunya.cat\/es\/toynbee-y-la-crisis-de-europa\/#article","isPartOf":{"@id":"https:\/\/conversesacatalunya.cat\/es\/toynbee-y-la-crisis-de-europa\/"},"author":{"name":"Josep Mir\u00f3 i Ard\u00e8vol","@id":"https:\/\/conversesacatalunya.cat\/#\/schema\/person\/a9598a6786ba7d3d1c5e0de477b79370"},"headline":"Toynbee y la crisis de Europa","datePublished":"2021-12-28T08:14:01+00:00","dateModified":"2021-12-29T17:04:03+00:00","mainEntityOfPage":{"@id":"https:\/\/conversesacatalunya.cat\/es\/toynbee-y-la-crisis-de-europa\/"},"wordCount":766,"commentCount":0,"image":{"@id":"https:\/\/conversesacatalunya.cat\/es\/toynbee-y-la-crisis-de-europa\/#primaryimage"},"thumbnailUrl":"https:\/\/conversesacatalunya.cat\/wp-content\/uploads\/2021\/12\/toynbee.jpg","articleSection":["El Blog de Josep Mir\u00f3 i Ard\u00e8vol (ES)"],"inLanguage":"es","potentialAction":[{"@type":"CommentAction","name":"Comment","target":["https:\/\/conversesacatalunya.cat\/es\/toynbee-y-la-crisis-de-europa\/#respond"]}]},{"@type":"WebPage","@id":"https:\/\/conversesacatalunya.cat\/es\/toynbee-y-la-crisis-de-europa\/","url":"https:\/\/conversesacatalunya.cat\/es\/toynbee-y-la-crisis-de-europa\/","name":"Toynbee y la crisis de Europa - Converses a Catalunya","isPartOf":{"@id":"https:\/\/conversesacatalunya.cat\/#website"},"primaryImageOfPage":{"@id":"https:\/\/conversesacatalunya.cat\/es\/toynbee-y-la-crisis-de-europa\/#primaryimage"},"image":{"@id":"https:\/\/conversesacatalunya.cat\/es\/toynbee-y-la-crisis-de-europa\/#primaryimage"},"thumbnailUrl":"https:\/\/conversesacatalunya.cat\/wp-content\/uploads\/2021\/12\/toynbee.jpg","datePublished":"2021-12-28T08:14:01+00:00","dateModified":"2021-12-29T17:04:03+00:00","author":{"@id":"https:\/\/conversesacatalunya.cat\/#\/schema\/person\/a9598a6786ba7d3d1c5e0de477b79370"},"description":"Toynbee: la civilizaci\u00f3n europea transformada en una sociedad secularizada, que rechazaba su naturaleza cristiana, carecer\u00eda de futuro","breadcrumb":{"@id":"https:\/\/conversesacatalunya.cat\/es\/toynbee-y-la-crisis-de-europa\/#breadcrumb"},"inLanguage":"es","potentialAction":[{"@type":"ReadAction","target":["https:\/\/conversesacatalunya.cat\/es\/toynbee-y-la-crisis-de-europa\/"]}]},{"@type":"ImageObject","inLanguage":"es","@id":"https:\/\/conversesacatalunya.cat\/es\/toynbee-y-la-crisis-de-europa\/#primaryimage","url":"https:\/\/conversesacatalunya.cat\/wp-content\/uploads\/2021\/12\/toynbee.jpg","contentUrl":"https:\/\/conversesacatalunya.cat\/wp-content\/uploads\/2021\/12\/toynbee.jpg","width":1280,"height":720},{"@type":"BreadcrumbList","@id":"https:\/\/conversesacatalunya.cat\/es\/toynbee-y-la-crisis-de-europa\/#breadcrumb","itemListElement":[{"@type":"ListItem","position":1,"name":"Inici","item":"https:\/\/conversesacatalunya.cat\/es\/"},{"@type":"ListItem","position":2,"name":"Toynbee y la crisis de Europa"}]},{"@type":"WebSite","@id":"https:\/\/conversesacatalunya.cat\/#website","url":"https:\/\/conversesacatalunya.cat\/","name":"Converses a Catalunya","description":"","potentialAction":[{"@type":"SearchAction","target":{"@type":"EntryPoint","urlTemplate":"https:\/\/conversesacatalunya.cat\/?s={search_term_string}"},"query-input":{"@type":"PropertyValueSpecification","valueRequired":true,"valueName":"search_term_string"}}],"inLanguage":"es"},{"@type":"Person","@id":"https:\/\/conversesacatalunya.cat\/#\/schema\/person\/a9598a6786ba7d3d1c5e0de477b79370","name":"Josep Mir\u00f3 i Ard\u00e8vol","image":{"@type":"ImageObject","inLanguage":"es","@id":"https:\/\/conversesacatalunya.cat\/#\/schema\/person\/image\/","url":"https:\/\/conversesacatalunya.cat\/wp-content\/litespeed\/avatar\/c37e3dc881857483d6694cdf98fdedea.jpg?ver=1777270381","contentUrl":"https:\/\/conversesacatalunya.cat\/wp-content\/litespeed\/avatar\/c37e3dc881857483d6694cdf98fdedea.jpg?ver=1777270381","caption":"Josep Mir\u00f3 i Ard\u00e8vol"},"url":"https:\/\/conversesacatalunya.cat\/es\/author\/josep-miro-i-ardevol\/"}]}},"wps_subtitle":"","_links":{"self":[{"href":"https:\/\/conversesacatalunya.cat\/es\/wp-json\/wp\/v2\/posts\/53356","targetHints":{"allow":["GET"]}}],"collection":[{"href":"https:\/\/conversesacatalunya.cat\/es\/wp-json\/wp\/v2\/posts"}],"about":[{"href":"https:\/\/conversesacatalunya.cat\/es\/wp-json\/wp\/v2\/types\/post"}],"author":[{"embeddable":true,"href":"https:\/\/conversesacatalunya.cat\/es\/wp-json\/wp\/v2\/users\/19"}],"replies":[{"embeddable":true,"href":"https:\/\/conversesacatalunya.cat\/es\/wp-json\/wp\/v2\/comments?post=53356"}],"version-history":[{"count":1,"href":"https:\/\/conversesacatalunya.cat\/es\/wp-json\/wp\/v2\/posts\/53356\/revisions"}],"predecessor-version":[{"id":53359,"href":"https:\/\/conversesacatalunya.cat\/es\/wp-json\/wp\/v2\/posts\/53356\/revisions\/53359"}],"wp:featuredmedia":[{"embeddable":true,"href":"https:\/\/conversesacatalunya.cat\/es\/wp-json\/wp\/v2\/media\/53357"}],"wp:attachment":[{"href":"https:\/\/conversesacatalunya.cat\/es\/wp-json\/wp\/v2\/media?parent=53356"}],"wp:term":[{"taxonomy":"category","embeddable":true,"href":"https:\/\/conversesacatalunya.cat\/es\/wp-json\/wp\/v2\/categories?post=53356"},{"taxonomy":"post_tag","embeddable":true,"href":"https:\/\/conversesacatalunya.cat\/es\/wp-json\/wp\/v2\/tags?post=53356"}],"curies":[{"name":"wp","href":"https:\/\/api.w.org\/{rel}","templated":true}]}}