{"id":53322,"date":"2021-12-23T12:02:42","date_gmt":"2021-12-23T11:02:42","guid":{"rendered":"https:\/\/conversesacatalunya.cat\/les-dades-clau-de-les-6-onades\/"},"modified":"2021-12-23T13:44:43","modified_gmt":"2021-12-23T12:44:43","slug":"los-datos-clave-de-las-6-oleadas","status":"publish","type":"post","link":"https:\/\/conversesacatalunya.cat\/es\/los-datos-clave-de-las-6-oleadas\/","title":{"rendered":"Los datos clave de las 6 oleadas"},"content":{"rendered":"<p><span>Tenemos perspectiva suficiente para poder comparar la\u00a0<\/span><strong><span>evoluci\u00f3n de las seis oleadas<\/span><\/strong><span>, que no son pocas. Sin embargo, hay que advertir desde el principio, que la idea de ola responde m\u00e1s bien a una visi\u00f3n pol\u00edtica del problema, porque da la sensaci\u00f3n de que una vez \u00e9sta ha pasado volvemos a la normalidad. Era aquella frase que le habr\u00e1 vuelto muchas veces a la boca de la ministra de Sanidad, Carolina Darias, cuando afirm\u00f3 que ahora las mascarillas ten\u00edan que dejar paso a las sonrisas, que han quedado heladas en nuestros rostros, tras el chiste de S\u00e1nchez de decretar el <\/span><strong><span>uso obligatorio de la mascarilla al aire libre<\/span><\/strong><span>\u00a0.<\/span><\/p>\n<p><span>Pero volvamos a la cuesti\u00f3n. No es propio hablar de oleadas, porque en realidad vivimos desde marzo del 2020 en una situaci\u00f3n de pandemia, porque el SARS-CoV-2 se mantiene activo y lo \u00fanico que registramos es una\u00a0<\/span><strong><span>mayor o menor afectaci\u00f3n<\/span><\/strong><span> humana en funci\u00f3n de s\u00ed reducimos o no las medidas preventivas. Esta evidencia significa que los gobiernos, tanto espa\u00f1ol como catal\u00e1n, deber\u00edan haber aprovechado este tiempo para hacer una buena pedagog\u00eda de un comportamiento que deb\u00eda ser interiorizado como h\u00e1bito para protegernos del contagio, en lugar de precipitarse a anunciar \u201c <\/span><strong><span>nuevas normalidades<\/span><\/strong><span>\u201d y dictar medidas restrictivas porque el cielo se nos cae encima, como ha hecho ahora Aragon\u00e8s, que despu\u00e9s de celebrar una manifestaci\u00f3n con 35.000 personas el domingo, autorizar el concierto de Llu\u00eds Llach con 15.000 y sin medidas especiales y celebrar el PSC su congreso en un espacio cerrado donde reuni\u00f3 a algunos miles de personas, pase a medidas tan dr\u00e1sticas que derrumbar\u00e1n la hosteler\u00eda, el ocio nocturno y por extensi\u00f3n el turismo de la ciudad de Barcelona<\/span><\/p>\n<p><span><span class=\"\">Si observamos las 6 oleadas, podemos constatar sus diferencias y semejanzas. El mejor criterio para interpretarlas, porque es lo que realmente cuenta en \u00faltimo t\u00e9rmino, es el de los\u00a0<\/span><\/span><strong><span><span class=\"\">muertos<\/span><\/span><\/strong><span><span class=\"\">. En primer lugar, es necesario considerar el n\u00famero de casos que se han producido. No tiene sentido utilizar una referencia num\u00e9rica para la primera ola, porque hubo infradiagn\u00f3stico. La observaci\u00f3n a partir de la segunda hasta la actual nos se\u00f1ala que correlativamente se ha producido un fallecimiento por cada 74 casos en la segunda; un muerto por cada 56 para la tercera; uno por cada 105 para la cuarta, uno por cada 205,8 para la quinta y 1 por cada 279,1 para la actual, que todav\u00eda est\u00e1 lejos de haber terminado.<\/span><\/span><\/p>\n<div class=\"code-block code-block-4\">\n<div class=\"a-single a-17\">Esta primera indicaci\u00f3n, que incorpora el error que puede producirse en el n\u00famero de casos declarados, nos se\u00f1ala que la <strong>m\u00e1s mort\u00edfera<\/strong>\u00a0en relaci\u00f3n con este concepto fue la tercera y que, a partir de ella, podemos observar el\u00a0<strong>efecto de la vacunaci\u00f3n<\/strong> porque cada vez se necesita un mayor n\u00famero de infectados para que se produzca una defunci\u00f3n. Y \u00e9ste es el objetivo realmente importante.<\/div>\n<div><\/div>\n<div class=\"a-single a-17\">La medici\u00f3n si relacionamos las\u00a0<strong>muertes con los hospitalizados<\/strong> puede ser m\u00e1s exacta que la anterior porque aqu\u00ed el margen de error es pr\u00e1cticamente inexistente. En este caso hay una clara diferencia entre las 3 primeras oleadas, que producen 1 muerte por cada 3,72 hospitalizados de la segunda, y 5,76 de la tercera, y la cuarta y quinta que registran una mayor\u00eda clara, dado que hay 1 defunci\u00f3n por algo m\u00e1s de cada 8 ingresados. La ola actual presenta una clara anomal\u00eda porque se produce\u00a0<strong>1 defunci\u00f3n cada 2,83 personas ingresadas en el hospital<\/strong>. Es much\u00edsimo, superior a la de la primera ola cuando est\u00e1bamos peor preparados. Pero atenci\u00f3n, porque esta cifra debe interpretarse y relacionarse con la baja mortalidad ya apuntada en relaci\u00f3n con el n\u00famero de casos detectados.<\/div>\n<div><\/div>\n<\/div>\n<p><span><span class=\"goog-text-highlight\">En realidad lo que est\u00e1 pasando es que la covid en la actualidad, gracias a la vacunaci\u00f3n, y posiblemente tambi\u00e9n porque la nueva variante \u00d3micron tiene un impacto m\u00e1s leve, s\u00f3lo ingresan en los hospitales personas que realmente tienen patolog\u00edas muy graves, no vacunados y tambi\u00e9n aqu\u00e9llas que presentaban ya antes otras deficiencias en su organismo, y esto explica esta <\/span><\/span><strong><span><span class=\"goog-text-highlight\">mortalidad tan alta<\/span><\/span><\/strong><span><span class=\"goog-text-highlight\">\u00a0del n\u00famero de hospitalizados.\u00a0<\/span>Dicho esto, hay que a\u00f1adir que si tuvi\u00e9ramos un buen gobierno y una buena oposici\u00f3n ser\u00eda necesario que, de todas formas, nos aclararan con pelos y se\u00f1ales una cifra tan alarmante como la que en estos momentos constatamos, porque 1 muerto por casi cada 3 ingresos hospitalarios es realmente muy impactante.<\/span><\/p>\n<div id=\"polls-130\" class=\"wp-polls\">\n\t<form id=\"polls_form_130\" class=\"wp-polls-form\" action=\"\/index.php\" method=\"post\">\n\t\t<p style=\"display: none;\"><input type=\"hidden\" id=\"poll_130_nonce\" name=\"wp-polls-nonce\" value=\"b98e317c89\" \/><\/p>\n\t\t<p style=\"display: none;\"><input type=\"hidden\" name=\"poll_id\" value=\"130\" \/><\/p>\n\t\t<p style=\"text-align: center\"><strong>Et sembla b\u00e9 la destituci\u00f3 de Josep Llu\u00eds Trapero?<\/strong><\/p><div id=\"polls-130-ans\" class=\"wp-polls-ans\"><ul class=\"wp-polls-ul\">\n\t\t<li><input type=\"radio\" id=\"poll-answer-318\" name=\"poll_130\" value=\"318\" \/> <label for=\"poll-answer-318\">S\u00ed<\/label><\/li>\n\t\t<li><input type=\"radio\" id=\"poll-answer-319\" name=\"poll_130\" value=\"319\" \/> <label for=\"poll-answer-319\">No<\/label><\/li>\n\t\t<li><input type=\"radio\" id=\"poll-answer-320\" name=\"poll_130\" value=\"320\" \/> <label for=\"poll-answer-320\">No ho s\u00e9<\/label><\/li>\n\t\t<\/ul><p style=\"text-align: center\"><input type=\"button\" name=\"vote\" value=\"   Vota   \" class=\"Buttons\" onclick=\"poll_vote(130);\" \/><\/p><p style=\"text-align: center\"><a href=\"#ViewPollResults\" onclick=\"poll_result(130); return false;\" title=\"View Results Of This Poll\">Mira els resultats<\/a><\/p><\/div>\n\t<\/form>\n<\/div>\n<div id=\"polls-130-loading\" class=\"wp-polls-loading\"><img decoding=\"async\" data-src=\"https:\/\/conversesacatalunya.cat\/wp-content\/plugins\/wp-polls\/images\/loading.gif\" width=\"16\" height=\"16\" alt=\"Cargando ...\" title=\"Cargando ...\" class=\"wp-polls-image lazyload\" src=\"data:image\/svg+xml;base64,PHN2ZyB3aWR0aD0iMSIgaGVpZ2h0PSIxIiB4bWxucz0iaHR0cDovL3d3dy53My5vcmcvMjAwMC9zdmciPjwvc3ZnPg==\" style=\"--smush-placeholder-width: 16px; --smush-placeholder-aspect-ratio: 16\/16;\" \/>&nbsp;Cargando ...<\/div>\n\n","protected":false},"excerpt":{"rendered":"<p>Tenemos perspectiva suficiente para poder comparar la\u00a0evoluci\u00f3n de las seis oleadas, que no son pocas. Sin embargo, hay que advertir desde el principio, que la idea de ola responde m\u00e1s bien a una visi\u00f3n pol\u00edtica del problema, porque da la sensaci\u00f3n de que una vez \u00e9sta ha pasado volvemos a la normalidad. Era aquella frase que le habr\u00e1 vuelto muchas veces a la boca de la ministra de Sanidad, Carolina Darias, cuando afirm\u00f3 que ahora las mascarillas ten\u00edan que dejar paso a las sonrisas, que han quedado heladas en nuestros rostros, tras el chiste de S\u00e1nchez de decretar el uso obligatorio de la mascarilla al aire libre\u00a0. Pero volvamos a la cuesti\u00f3n. No es propio hablar de oleadas, porque en realidad vivimos desde marzo del 2020 en una situaci\u00f3n de pandemia, porque el SARS-CoV-2 se mantiene activo y lo \u00fanico que registramos es una\u00a0mayor o menor afectaci\u00f3n humana en funci\u00f3n de s\u00ed reducimos o no las medidas preventivas. Esta evidencia significa que los gobiernos, tanto espa\u00f1ol como catal\u00e1n, deber\u00edan haber aprovechado este tiempo para hacer una buena pedagog\u00eda de un comportamiento que deb\u00eda ser interiorizado como h\u00e1bito para protegernos del contagio, en lugar de precipitarse a anunciar \u201c nuevas normalidades\u201d y dictar medidas restrictivas porque el cielo se nos cae encima, como ha hecho ahora Aragon\u00e8s, que despu\u00e9s de celebrar una manifestaci\u00f3n con 35.000 personas el domingo, autorizar el concierto de Llu\u00eds Llach con 15.000 y sin medidas especiales y celebrar el PSC su congreso en un espacio cerrado donde reuni\u00f3 a algunos miles de personas, pase a medidas tan dr\u00e1sticas que derrumbar\u00e1n la hosteler\u00eda, el ocio nocturno y por extensi\u00f3n el turismo de la ciudad de Barcelona Si observamos las 6 oleadas, podemos constatar sus diferencias y semejanzas. El mejor criterio para interpretarlas, porque es lo que realmente cuenta en \u00faltimo t\u00e9rmino, es el de los\u00a0muertos. En primer lugar, es necesario considerar el n\u00famero de casos que se han producido. No tiene sentido utilizar una referencia num\u00e9rica para la primera ola, porque hubo infradiagn\u00f3stico. La observaci\u00f3n a partir de la segunda hasta la actual nos se\u00f1ala que correlativamente se ha producido un fallecimiento por cada 74 casos en la segunda; un muerto por cada 56 para la tercera; uno por cada 105 para la cuarta, uno por cada 205,8 para la quinta y 1 por cada 279,1 para la actual, que todav\u00eda est\u00e1 lejos de haber terminado. Esta primera indicaci\u00f3n, que incorpora el error que puede producirse en el n\u00famero de casos declarados, nos se\u00f1ala que la m\u00e1s mort\u00edfera\u00a0en relaci\u00f3n con este concepto fue la tercera y que, a partir de ella, podemos observar el\u00a0efecto de la vacunaci\u00f3n porque cada vez se necesita un mayor n\u00famero de infectados para que se produzca una defunci\u00f3n. Y \u00e9ste es el objetivo realmente importante. La medici\u00f3n si relacionamos las\u00a0muertes con los hospitalizados puede ser m\u00e1s exacta que la anterior porque aqu\u00ed el margen de error es pr\u00e1cticamente inexistente. En este caso hay una clara diferencia entre las 3 primeras oleadas, que producen 1 muerte por cada 3,72 hospitalizados de la segunda, y 5,76 de la tercera, y la cuarta y quinta que registran una mayor\u00eda clara, dado que hay 1 defunci\u00f3n por algo m\u00e1s de cada 8 ingresados. La ola actual presenta una clara anomal\u00eda porque se produce\u00a01 defunci\u00f3n cada 2,83 personas ingresadas en el hospital. Es much\u00edsimo, superior a la de la primera ola cuando est\u00e1bamos peor preparados. Pero atenci\u00f3n, porque esta cifra debe interpretarse y relacionarse con la baja mortalidad ya apuntada en relaci\u00f3n con el n\u00famero de casos detectados. En realidad lo que est\u00e1 pasando es que la covid en la actualidad, gracias a la vacunaci\u00f3n, y posiblemente tambi\u00e9n porque la nueva variante \u00d3micron tiene un impacto m\u00e1s leve, s\u00f3lo ingresan en los hospitales personas que realmente tienen patolog\u00edas muy graves, no vacunados y tambi\u00e9n aqu\u00e9llas que presentaban ya antes otras deficiencias en su organismo, y esto explica esta mortalidad tan alta\u00a0del n\u00famero de hospitalizados.\u00a0Dicho esto, hay que a\u00f1adir que si tuvi\u00e9ramos un buen gobierno y una buena oposici\u00f3n ser\u00eda necesario que, de todas formas, nos aclararan con pelos y se\u00f1ales una cifra tan alarmante como la que en estos momentos constatamos, porque 1 muerto por casi cada 3 ingresos hospitalarios es realmente muy impactante.<\/p>\n","protected":false},"author":2,"featured_media":53309,"comment_status":"open","ping_status":"open","sticky":false,"template":"","format":"standard","meta":{"_FSMCFIC_featured_image_caption":"","_FSMCFIC_featured_image_nocaption":"","_FSMCFIC_featured_image_hide":"","footnotes":""},"categories":[1772,806],"tags":[1504,2246,4293],"class_list":["post-53322","post","type-post","status-publish","format-standard","has-post-thumbnail","hentry","category-especial-coronavirus-es","category-punts-claus-del-dia-es","tag-coronavirus-es","tag-muertes-por-coronavirus","tag-sexta-ola"],"yoast_head":"<!-- This site is optimized with the Yoast SEO plugin v26.8 - https:\/\/yoast.com\/product\/yoast-seo-wordpress\/ -->\n<title>Los datos clave de las 6 oleadas - Converses a Catalunya<\/title>\n<meta name=\"robots\" content=\"index, follow, max-snippet:-1, max-image-preview:large, max-video-preview:-1\" \/>\n<link rel=\"canonical\" href=\"https:\/\/conversesacatalunya.cat\/es\/los-datos-clave-de-las-6-oleadas\/\" \/>\n<meta property=\"og:locale\" content=\"es_ES\" \/>\n<meta property=\"og:type\" content=\"article\" \/>\n<meta property=\"og:title\" content=\"Los datos clave de las 6 oleadas - Converses a Catalunya\" \/>\n<meta property=\"og:description\" content=\"Tenemos perspectiva suficiente para poder comparar la\u00a0evoluci\u00f3n de las seis oleadas, que no son pocas. Sin embargo, hay que advertir desde el principio, que la idea de ola responde m\u00e1s bien a una visi\u00f3n pol\u00edtica del problema, porque da la sensaci\u00f3n de que una vez \u00e9sta ha pasado volvemos a la normalidad. Era aquella frase que le habr\u00e1 vuelto muchas veces a la boca de la ministra de Sanidad, Carolina Darias, cuando afirm\u00f3 que ahora las mascarillas ten\u00edan que dejar paso a las sonrisas, que han quedado heladas en nuestros rostros, tras el chiste de S\u00e1nchez de decretar el uso obligatorio de la mascarilla al aire libre\u00a0. Pero volvamos a la cuesti\u00f3n. No es propio hablar de oleadas, porque en realidad vivimos desde marzo del 2020 en una situaci\u00f3n de pandemia, porque el SARS-CoV-2 se mantiene activo y lo \u00fanico que registramos es una\u00a0mayor o menor afectaci\u00f3n humana en funci\u00f3n de s\u00ed reducimos o no las medidas preventivas. Esta evidencia significa que los gobiernos, tanto espa\u00f1ol como catal\u00e1n, deber\u00edan haber aprovechado este tiempo para hacer una buena pedagog\u00eda de un comportamiento que deb\u00eda ser interiorizado como h\u00e1bito para protegernos del contagio, en lugar de precipitarse a anunciar \u201c nuevas normalidades\u201d y dictar medidas restrictivas porque el cielo se nos cae encima, como ha hecho ahora Aragon\u00e8s, que despu\u00e9s de celebrar una manifestaci\u00f3n con 35.000 personas el domingo, autorizar el concierto de Llu\u00eds Llach con 15.000 y sin medidas especiales y celebrar el PSC su congreso en un espacio cerrado donde reuni\u00f3 a algunos miles de personas, pase a medidas tan dr\u00e1sticas que derrumbar\u00e1n la hosteler\u00eda, el ocio nocturno y por extensi\u00f3n el turismo de la ciudad de Barcelona Si observamos las 6 oleadas, podemos constatar sus diferencias y semejanzas. El mejor criterio para interpretarlas, porque es lo que realmente cuenta en \u00faltimo t\u00e9rmino, es el de los\u00a0muertos. En primer lugar, es necesario considerar el n\u00famero de casos que se han producido. No tiene sentido utilizar una referencia num\u00e9rica para la primera ola, porque hubo infradiagn\u00f3stico. La observaci\u00f3n a partir de la segunda hasta la actual nos se\u00f1ala que correlativamente se ha producido un fallecimiento por cada 74 casos en la segunda; un muerto por cada 56 para la tercera; uno por cada 105 para la cuarta, uno por cada 205,8 para la quinta y 1 por cada 279,1 para la actual, que todav\u00eda est\u00e1 lejos de haber terminado. Esta primera indicaci\u00f3n, que incorpora el error que puede producirse en el n\u00famero de casos declarados, nos se\u00f1ala que la m\u00e1s mort\u00edfera\u00a0en relaci\u00f3n con este concepto fue la tercera y que, a partir de ella, podemos observar el\u00a0efecto de la vacunaci\u00f3n porque cada vez se necesita un mayor n\u00famero de infectados para que se produzca una defunci\u00f3n. Y \u00e9ste es el objetivo realmente importante. La medici\u00f3n si relacionamos las\u00a0muertes con los hospitalizados puede ser m\u00e1s exacta que la anterior porque aqu\u00ed el margen de error es pr\u00e1cticamente inexistente. En este caso hay una clara diferencia entre las 3 primeras oleadas, que producen 1 muerte por cada 3,72 hospitalizados de la segunda, y 5,76 de la tercera, y la cuarta y quinta que registran una mayor\u00eda clara, dado que hay 1 defunci\u00f3n por algo m\u00e1s de cada 8 ingresados. La ola actual presenta una clara anomal\u00eda porque se produce\u00a01 defunci\u00f3n cada 2,83 personas ingresadas en el hospital. Es much\u00edsimo, superior a la de la primera ola cuando est\u00e1bamos peor preparados. Pero atenci\u00f3n, porque esta cifra debe interpretarse y relacionarse con la baja mortalidad ya apuntada en relaci\u00f3n con el n\u00famero de casos detectados. En realidad lo que est\u00e1 pasando es que la covid en la actualidad, gracias a la vacunaci\u00f3n, y posiblemente tambi\u00e9n porque la nueva variante \u00d3micron tiene un impacto m\u00e1s leve, s\u00f3lo ingresan en los hospitales personas que realmente tienen patolog\u00edas muy graves, no vacunados y tambi\u00e9n aqu\u00e9llas que presentaban ya antes otras deficiencias en su organismo, y esto explica esta mortalidad tan alta\u00a0del n\u00famero de hospitalizados.\u00a0Dicho esto, hay que a\u00f1adir que si tuvi\u00e9ramos un buen gobierno y una buena oposici\u00f3n ser\u00eda necesario que, de todas formas, nos aclararan con pelos y se\u00f1ales una cifra tan alarmante como la que en estos momentos constatamos, porque 1 muerto por casi cada 3 ingresos hospitalarios es realmente muy impactante.\" \/>\n<meta property=\"og:url\" content=\"https:\/\/conversesacatalunya.cat\/es\/los-datos-clave-de-las-6-oleadas\/\" \/>\n<meta property=\"og:site_name\" content=\"Converses a Catalunya\" \/>\n<meta property=\"article:published_time\" content=\"2021-12-23T11:02:42+00:00\" \/>\n<meta property=\"article:modified_time\" content=\"2021-12-23T12:44:43+00:00\" \/>\n<meta property=\"og:image\" content=\"https:\/\/conversesacatalunya.cat\/wp-content\/uploads\/2021\/12\/covid-hospital.jpg\" \/>\n\t<meta property=\"og:image:width\" content=\"800\" \/>\n\t<meta property=\"og:image:height\" content=\"538\" \/>\n\t<meta property=\"og:image:type\" content=\"image\/jpeg\" \/>\n<meta name=\"author\" content=\"conversesacatalunya\" \/>\n<meta name=\"twitter:card\" content=\"summary_large_image\" \/>\n<meta name=\"twitter:label1\" content=\"Escrito por\" \/>\n\t<meta name=\"twitter:data1\" content=\"conversesacatalunya\" \/>\n\t<meta name=\"twitter:label2\" content=\"Tiempo de lectura\" \/>\n\t<meta name=\"twitter:data2\" content=\"4 minutos\" \/>\n<script type=\"application\/ld+json\" class=\"yoast-schema-graph\">{\"@context\":\"https:\/\/schema.org\",\"@graph\":[{\"@type\":\"Article\",\"@id\":\"https:\/\/conversesacatalunya.cat\/es\/los-datos-clave-de-las-6-oleadas\/#article\",\"isPartOf\":{\"@id\":\"https:\/\/conversesacatalunya.cat\/es\/los-datos-clave-de-las-6-oleadas\/\"},\"author\":{\"name\":\"conversesacatalunya\",\"@id\":\"https:\/\/conversesacatalunya.cat\/#\/schema\/person\/7e24d1e54a2785373ddcb275eae5ed99\"},\"headline\":\"Los datos clave de las 6 oleadas\",\"datePublished\":\"2021-12-23T11:02:42+00:00\",\"dateModified\":\"2021-12-23T12:44:43+00:00\",\"mainEntityOfPage\":{\"@id\":\"https:\/\/conversesacatalunya.cat\/es\/los-datos-clave-de-las-6-oleadas\/\"},\"wordCount\":769,\"commentCount\":0,\"image\":{\"@id\":\"https:\/\/conversesacatalunya.cat\/es\/los-datos-clave-de-las-6-oleadas\/#primaryimage\"},\"thumbnailUrl\":\"https:\/\/conversesacatalunya.cat\/wp-content\/uploads\/2021\/12\/covid-hospital.jpg\",\"keywords\":[\"coronavirus\",\"muertes por coronavirus\",\"sexta ola\"],\"articleSection\":[\"Especial Coronavirus (ES)\",\"Punts clau del dia (ES)\"],\"inLanguage\":\"es\",\"potentialAction\":[{\"@type\":\"CommentAction\",\"name\":\"Comment\",\"target\":[\"https:\/\/conversesacatalunya.cat\/es\/los-datos-clave-de-las-6-oleadas\/#respond\"]}]},{\"@type\":\"WebPage\",\"@id\":\"https:\/\/conversesacatalunya.cat\/es\/los-datos-clave-de-las-6-oleadas\/\",\"url\":\"https:\/\/conversesacatalunya.cat\/es\/los-datos-clave-de-las-6-oleadas\/\",\"name\":\"Los datos clave de las 6 oleadas - Converses a Catalunya\",\"isPartOf\":{\"@id\":\"https:\/\/conversesacatalunya.cat\/#website\"},\"primaryImageOfPage\":{\"@id\":\"https:\/\/conversesacatalunya.cat\/es\/los-datos-clave-de-las-6-oleadas\/#primaryimage\"},\"image\":{\"@id\":\"https:\/\/conversesacatalunya.cat\/es\/los-datos-clave-de-las-6-oleadas\/#primaryimage\"},\"thumbnailUrl\":\"https:\/\/conversesacatalunya.cat\/wp-content\/uploads\/2021\/12\/covid-hospital.jpg\",\"datePublished\":\"2021-12-23T11:02:42+00:00\",\"dateModified\":\"2021-12-23T12:44:43+00:00\",\"author\":{\"@id\":\"https:\/\/conversesacatalunya.cat\/#\/schema\/person\/7e24d1e54a2785373ddcb275eae5ed99\"},\"breadcrumb\":{\"@id\":\"https:\/\/conversesacatalunya.cat\/es\/los-datos-clave-de-las-6-oleadas\/#breadcrumb\"},\"inLanguage\":\"es\",\"potentialAction\":[{\"@type\":\"ReadAction\",\"target\":[\"https:\/\/conversesacatalunya.cat\/es\/los-datos-clave-de-las-6-oleadas\/\"]}]},{\"@type\":\"ImageObject\",\"inLanguage\":\"es\",\"@id\":\"https:\/\/conversesacatalunya.cat\/es\/los-datos-clave-de-las-6-oleadas\/#primaryimage\",\"url\":\"https:\/\/conversesacatalunya.cat\/wp-content\/uploads\/2021\/12\/covid-hospital.jpg\",\"contentUrl\":\"https:\/\/conversesacatalunya.cat\/wp-content\/uploads\/2021\/12\/covid-hospital.jpg\",\"width\":800,\"height\":538,\"caption\":\"Barcelona . Coronavirus. Reportatge UCI Hospital Clinic 1878#Josep Losada\"},{\"@type\":\"BreadcrumbList\",\"@id\":\"https:\/\/conversesacatalunya.cat\/es\/los-datos-clave-de-las-6-oleadas\/#breadcrumb\",\"itemListElement\":[{\"@type\":\"ListItem\",\"position\":1,\"name\":\"Inici\",\"item\":\"https:\/\/conversesacatalunya.cat\/es\/\"},{\"@type\":\"ListItem\",\"position\":2,\"name\":\"Los datos clave de las 6 oleadas\"}]},{\"@type\":\"WebSite\",\"@id\":\"https:\/\/conversesacatalunya.cat\/#website\",\"url\":\"https:\/\/conversesacatalunya.cat\/\",\"name\":\"Converses a Catalunya\",\"description\":\"\",\"potentialAction\":[{\"@type\":\"SearchAction\",\"target\":{\"@type\":\"EntryPoint\",\"urlTemplate\":\"https:\/\/conversesacatalunya.cat\/?s={search_term_string}\"},\"query-input\":{\"@type\":\"PropertyValueSpecification\",\"valueRequired\":true,\"valueName\":\"search_term_string\"}}],\"inLanguage\":\"es\"},{\"@type\":\"Person\",\"@id\":\"https:\/\/conversesacatalunya.cat\/#\/schema\/person\/7e24d1e54a2785373ddcb275eae5ed99\",\"name\":\"conversesacatalunya\",\"image\":{\"@type\":\"ImageObject\",\"inLanguage\":\"es\",\"@id\":\"https:\/\/conversesacatalunya.cat\/#\/schema\/person\/image\/\",\"url\":\"https:\/\/conversesacatalunya.cat\/wp-content\/litespeed\/avatar\/febdfeeec89d950f01c748045a981dd2.jpg?ver=1777314535\",\"contentUrl\":\"https:\/\/conversesacatalunya.cat\/wp-content\/litespeed\/avatar\/febdfeeec89d950f01c748045a981dd2.jpg?ver=1777314535\",\"caption\":\"conversesacatalunya\"},\"url\":\"https:\/\/conversesacatalunya.cat\/es\/author\/carme_catala\/\"}]}<\/script>\n<!-- \/ Yoast SEO plugin. -->","yoast_head_json":{"title":"Los datos clave de las 6 oleadas - Converses a Catalunya","robots":{"index":"index","follow":"follow","max-snippet":"max-snippet:-1","max-image-preview":"max-image-preview:large","max-video-preview":"max-video-preview:-1"},"canonical":"https:\/\/conversesacatalunya.cat\/es\/los-datos-clave-de-las-6-oleadas\/","og_locale":"es_ES","og_type":"article","og_title":"Los datos clave de las 6 oleadas - Converses a Catalunya","og_description":"Tenemos perspectiva suficiente para poder comparar la\u00a0evoluci\u00f3n de las seis oleadas, que no son pocas. Sin embargo, hay que advertir desde el principio, que la idea de ola responde m\u00e1s bien a una visi\u00f3n pol\u00edtica del problema, porque da la sensaci\u00f3n de que una vez \u00e9sta ha pasado volvemos a la normalidad. Era aquella frase que le habr\u00e1 vuelto muchas veces a la boca de la ministra de Sanidad, Carolina Darias, cuando afirm\u00f3 que ahora las mascarillas ten\u00edan que dejar paso a las sonrisas, que han quedado heladas en nuestros rostros, tras el chiste de S\u00e1nchez de decretar el uso obligatorio de la mascarilla al aire libre\u00a0. Pero volvamos a la cuesti\u00f3n. No es propio hablar de oleadas, porque en realidad vivimos desde marzo del 2020 en una situaci\u00f3n de pandemia, porque el SARS-CoV-2 se mantiene activo y lo \u00fanico que registramos es una\u00a0mayor o menor afectaci\u00f3n humana en funci\u00f3n de s\u00ed reducimos o no las medidas preventivas. Esta evidencia significa que los gobiernos, tanto espa\u00f1ol como catal\u00e1n, deber\u00edan haber aprovechado este tiempo para hacer una buena pedagog\u00eda de un comportamiento que deb\u00eda ser interiorizado como h\u00e1bito para protegernos del contagio, en lugar de precipitarse a anunciar \u201c nuevas normalidades\u201d y dictar medidas restrictivas porque el cielo se nos cae encima, como ha hecho ahora Aragon\u00e8s, que despu\u00e9s de celebrar una manifestaci\u00f3n con 35.000 personas el domingo, autorizar el concierto de Llu\u00eds Llach con 15.000 y sin medidas especiales y celebrar el PSC su congreso en un espacio cerrado donde reuni\u00f3 a algunos miles de personas, pase a medidas tan dr\u00e1sticas que derrumbar\u00e1n la hosteler\u00eda, el ocio nocturno y por extensi\u00f3n el turismo de la ciudad de Barcelona Si observamos las 6 oleadas, podemos constatar sus diferencias y semejanzas. El mejor criterio para interpretarlas, porque es lo que realmente cuenta en \u00faltimo t\u00e9rmino, es el de los\u00a0muertos. En primer lugar, es necesario considerar el n\u00famero de casos que se han producido. No tiene sentido utilizar una referencia num\u00e9rica para la primera ola, porque hubo infradiagn\u00f3stico. La observaci\u00f3n a partir de la segunda hasta la actual nos se\u00f1ala que correlativamente se ha producido un fallecimiento por cada 74 casos en la segunda; un muerto por cada 56 para la tercera; uno por cada 105 para la cuarta, uno por cada 205,8 para la quinta y 1 por cada 279,1 para la actual, que todav\u00eda est\u00e1 lejos de haber terminado. Esta primera indicaci\u00f3n, que incorpora el error que puede producirse en el n\u00famero de casos declarados, nos se\u00f1ala que la m\u00e1s mort\u00edfera\u00a0en relaci\u00f3n con este concepto fue la tercera y que, a partir de ella, podemos observar el\u00a0efecto de la vacunaci\u00f3n porque cada vez se necesita un mayor n\u00famero de infectados para que se produzca una defunci\u00f3n. Y \u00e9ste es el objetivo realmente importante. La medici\u00f3n si relacionamos las\u00a0muertes con los hospitalizados puede ser m\u00e1s exacta que la anterior porque aqu\u00ed el margen de error es pr\u00e1cticamente inexistente. En este caso hay una clara diferencia entre las 3 primeras oleadas, que producen 1 muerte por cada 3,72 hospitalizados de la segunda, y 5,76 de la tercera, y la cuarta y quinta que registran una mayor\u00eda clara, dado que hay 1 defunci\u00f3n por algo m\u00e1s de cada 8 ingresados. La ola actual presenta una clara anomal\u00eda porque se produce\u00a01 defunci\u00f3n cada 2,83 personas ingresadas en el hospital. Es much\u00edsimo, superior a la de la primera ola cuando est\u00e1bamos peor preparados. Pero atenci\u00f3n, porque esta cifra debe interpretarse y relacionarse con la baja mortalidad ya apuntada en relaci\u00f3n con el n\u00famero de casos detectados. En realidad lo que est\u00e1 pasando es que la covid en la actualidad, gracias a la vacunaci\u00f3n, y posiblemente tambi\u00e9n porque la nueva variante \u00d3micron tiene un impacto m\u00e1s leve, s\u00f3lo ingresan en los hospitales personas que realmente tienen patolog\u00edas muy graves, no vacunados y tambi\u00e9n aqu\u00e9llas que presentaban ya antes otras deficiencias en su organismo, y esto explica esta mortalidad tan alta\u00a0del n\u00famero de hospitalizados.\u00a0Dicho esto, hay que a\u00f1adir que si tuvi\u00e9ramos un buen gobierno y una buena oposici\u00f3n ser\u00eda necesario que, de todas formas, nos aclararan con pelos y se\u00f1ales una cifra tan alarmante como la que en estos momentos constatamos, porque 1 muerto por casi cada 3 ingresos hospitalarios es realmente muy impactante.","og_url":"https:\/\/conversesacatalunya.cat\/es\/los-datos-clave-de-las-6-oleadas\/","og_site_name":"Converses a Catalunya","article_published_time":"2021-12-23T11:02:42+00:00","article_modified_time":"2021-12-23T12:44:43+00:00","og_image":[{"width":800,"height":538,"url":"https:\/\/conversesacatalunya.cat\/wp-content\/uploads\/2021\/12\/covid-hospital.jpg","type":"image\/jpeg"}],"author":"conversesacatalunya","twitter_card":"summary_large_image","twitter_misc":{"Escrito por":"conversesacatalunya","Tiempo de lectura":"4 minutos"},"schema":{"@context":"https:\/\/schema.org","@graph":[{"@type":"Article","@id":"https:\/\/conversesacatalunya.cat\/es\/los-datos-clave-de-las-6-oleadas\/#article","isPartOf":{"@id":"https:\/\/conversesacatalunya.cat\/es\/los-datos-clave-de-las-6-oleadas\/"},"author":{"name":"conversesacatalunya","@id":"https:\/\/conversesacatalunya.cat\/#\/schema\/person\/7e24d1e54a2785373ddcb275eae5ed99"},"headline":"Los datos clave de las 6 oleadas","datePublished":"2021-12-23T11:02:42+00:00","dateModified":"2021-12-23T12:44:43+00:00","mainEntityOfPage":{"@id":"https:\/\/conversesacatalunya.cat\/es\/los-datos-clave-de-las-6-oleadas\/"},"wordCount":769,"commentCount":0,"image":{"@id":"https:\/\/conversesacatalunya.cat\/es\/los-datos-clave-de-las-6-oleadas\/#primaryimage"},"thumbnailUrl":"https:\/\/conversesacatalunya.cat\/wp-content\/uploads\/2021\/12\/covid-hospital.jpg","keywords":["coronavirus","muertes por coronavirus","sexta ola"],"articleSection":["Especial Coronavirus (ES)","Punts clau del dia (ES)"],"inLanguage":"es","potentialAction":[{"@type":"CommentAction","name":"Comment","target":["https:\/\/conversesacatalunya.cat\/es\/los-datos-clave-de-las-6-oleadas\/#respond"]}]},{"@type":"WebPage","@id":"https:\/\/conversesacatalunya.cat\/es\/los-datos-clave-de-las-6-oleadas\/","url":"https:\/\/conversesacatalunya.cat\/es\/los-datos-clave-de-las-6-oleadas\/","name":"Los datos clave de las 6 oleadas - Converses a Catalunya","isPartOf":{"@id":"https:\/\/conversesacatalunya.cat\/#website"},"primaryImageOfPage":{"@id":"https:\/\/conversesacatalunya.cat\/es\/los-datos-clave-de-las-6-oleadas\/#primaryimage"},"image":{"@id":"https:\/\/conversesacatalunya.cat\/es\/los-datos-clave-de-las-6-oleadas\/#primaryimage"},"thumbnailUrl":"https:\/\/conversesacatalunya.cat\/wp-content\/uploads\/2021\/12\/covid-hospital.jpg","datePublished":"2021-12-23T11:02:42+00:00","dateModified":"2021-12-23T12:44:43+00:00","author":{"@id":"https:\/\/conversesacatalunya.cat\/#\/schema\/person\/7e24d1e54a2785373ddcb275eae5ed99"},"breadcrumb":{"@id":"https:\/\/conversesacatalunya.cat\/es\/los-datos-clave-de-las-6-oleadas\/#breadcrumb"},"inLanguage":"es","potentialAction":[{"@type":"ReadAction","target":["https:\/\/conversesacatalunya.cat\/es\/los-datos-clave-de-las-6-oleadas\/"]}]},{"@type":"ImageObject","inLanguage":"es","@id":"https:\/\/conversesacatalunya.cat\/es\/los-datos-clave-de-las-6-oleadas\/#primaryimage","url":"https:\/\/conversesacatalunya.cat\/wp-content\/uploads\/2021\/12\/covid-hospital.jpg","contentUrl":"https:\/\/conversesacatalunya.cat\/wp-content\/uploads\/2021\/12\/covid-hospital.jpg","width":800,"height":538,"caption":"Barcelona . Coronavirus. Reportatge UCI Hospital Clinic 1878#Josep Losada"},{"@type":"BreadcrumbList","@id":"https:\/\/conversesacatalunya.cat\/es\/los-datos-clave-de-las-6-oleadas\/#breadcrumb","itemListElement":[{"@type":"ListItem","position":1,"name":"Inici","item":"https:\/\/conversesacatalunya.cat\/es\/"},{"@type":"ListItem","position":2,"name":"Los datos clave de las 6 oleadas"}]},{"@type":"WebSite","@id":"https:\/\/conversesacatalunya.cat\/#website","url":"https:\/\/conversesacatalunya.cat\/","name":"Converses a Catalunya","description":"","potentialAction":[{"@type":"SearchAction","target":{"@type":"EntryPoint","urlTemplate":"https:\/\/conversesacatalunya.cat\/?s={search_term_string}"},"query-input":{"@type":"PropertyValueSpecification","valueRequired":true,"valueName":"search_term_string"}}],"inLanguage":"es"},{"@type":"Person","@id":"https:\/\/conversesacatalunya.cat\/#\/schema\/person\/7e24d1e54a2785373ddcb275eae5ed99","name":"conversesacatalunya","image":{"@type":"ImageObject","inLanguage":"es","@id":"https:\/\/conversesacatalunya.cat\/#\/schema\/person\/image\/","url":"https:\/\/conversesacatalunya.cat\/wp-content\/litespeed\/avatar\/febdfeeec89d950f01c748045a981dd2.jpg?ver=1777314535","contentUrl":"https:\/\/conversesacatalunya.cat\/wp-content\/litespeed\/avatar\/febdfeeec89d950f01c748045a981dd2.jpg?ver=1777314535","caption":"conversesacatalunya"},"url":"https:\/\/conversesacatalunya.cat\/es\/author\/carme_catala\/"}]}},"wps_subtitle":"","_links":{"self":[{"href":"https:\/\/conversesacatalunya.cat\/es\/wp-json\/wp\/v2\/posts\/53322","targetHints":{"allow":["GET"]}}],"collection":[{"href":"https:\/\/conversesacatalunya.cat\/es\/wp-json\/wp\/v2\/posts"}],"about":[{"href":"https:\/\/conversesacatalunya.cat\/es\/wp-json\/wp\/v2\/types\/post"}],"author":[{"embeddable":true,"href":"https:\/\/conversesacatalunya.cat\/es\/wp-json\/wp\/v2\/users\/2"}],"replies":[{"embeddable":true,"href":"https:\/\/conversesacatalunya.cat\/es\/wp-json\/wp\/v2\/comments?post=53322"}],"version-history":[{"count":2,"href":"https:\/\/conversesacatalunya.cat\/es\/wp-json\/wp\/v2\/posts\/53322\/revisions"}],"predecessor-version":[{"id":53324,"href":"https:\/\/conversesacatalunya.cat\/es\/wp-json\/wp\/v2\/posts\/53322\/revisions\/53324"}],"wp:featuredmedia":[{"embeddable":true,"href":"https:\/\/conversesacatalunya.cat\/es\/wp-json\/wp\/v2\/media\/53309"}],"wp:attachment":[{"href":"https:\/\/conversesacatalunya.cat\/es\/wp-json\/wp\/v2\/media?parent=53322"}],"wp:term":[{"taxonomy":"category","embeddable":true,"href":"https:\/\/conversesacatalunya.cat\/es\/wp-json\/wp\/v2\/categories?post=53322"},{"taxonomy":"post_tag","embeddable":true,"href":"https:\/\/conversesacatalunya.cat\/es\/wp-json\/wp\/v2\/tags?post=53322"}],"curies":[{"name":"wp","href":"https:\/\/api.w.org\/{rel}","templated":true}]}}