{"id":53231,"date":"2021-12-20T11:51:05","date_gmt":"2021-12-20T10:51:05","guid":{"rendered":"https:\/\/conversesacatalunya.cat\/covid-la-irresponsabilitat-del-president-del-govern\/"},"modified":"2021-12-20T15:15:39","modified_gmt":"2021-12-20T14:15:39","slug":"covid-la-irresponsabilidad-del-presidente-del-gobierno","status":"publish","type":"post","link":"https:\/\/conversesacatalunya.cat\/es\/covid-la-irresponsabilidad-del-presidente-del-gobierno\/","title":{"rendered":"La irresponsabilidad del presidente del gobierno"},"content":{"rendered":"<p><span>En una extra\u00f1a comparecencia el domingo, que hab\u00eda levantado expectativas por ins\u00f3lita y tambi\u00e9n generado preocupaci\u00f3n por lo que podr\u00eda anunciar en tan poco habitual intervenci\u00f3n, S\u00e1nchez compareci\u00f3 en la pantalla para no decir casi nada y lo poco que dijo fue situarse en el \u00e1mbito del desprop\u00f3sito.<\/span><\/p>\n<p><span>Sac\u00f3 pecho una vez m\u00e1s por la\u00a0<\/span><strong><span>vacunaci\u00f3n<\/span><\/strong><span>, que en todo caso es m\u00e9rito de la gesti\u00f3n de las comunidades aut\u00f3nomas, porque lo \u00fanico que hace el gobierno es recibir en Madrid las vacunas y enviarlas a sus respectivas autonom\u00edas. Est\u00e1 bien, pero carece de un especial m\u00e9rito. Tambi\u00e9n pidi\u00f3 calma ante la situaci\u00f3n de la covid, que \u00e9l ya hab\u00eda alterado previamente con su ins\u00f3lita comparecencia y las expectativas que hab\u00eda despertado. Y por \u00faltimo, el desprop\u00f3sito: anunciar para el d\u00eda 22 la <\/span><strong><span>reuni\u00f3n con los presidentes de las comunidades aut\u00f3nomas<\/span><\/strong><span>\u00a0para tratar el problema y sin hacer p\u00fablico ning\u00fan contenido previo.<\/span><\/p>\n<p><span><span class=\"\">Situamos la perspectiva. El mi\u00e9rcoles se habr\u00e1n celebrado ya pr\u00e1cticamente todas las comidas de empresa y amigos, y los contagios que deb\u00edan producirse ya se habr\u00e1n dado. Lo har\u00e1 48 horas antes de Nochebuena, cuando las familias en la mayor parte de Espa\u00f1a se re\u00fanen; en Catalu\u00f1a la celebraci\u00f3n fuerte es el mismo d\u00eda de Navidad. Dif\u00edcilmente anunciar\u00e1n algo que altere la perspectiva de estas 48 horas, y lo que puedan acordar para la semana siguiente ya\u00a0<\/span><\/span><strong><span><span class=\"\">llegar\u00e1 muy tarde<\/span><\/span><\/strong><span><span class=\"\">, como muy tarde llega la tercera dosis de la vacuna.<\/span><\/span><\/p>\n<p><span>Porque las evidencias son claras, se sab\u00eda que la eficacia de la actual vacuna era muy disminuida a partir del 5\u00ba y 6\u00ba mes. De ah\u00ed que los expertos pidieran la generalizaci\u00f3n de la 3\u00aa dosis. Pero el hecho es que esta llega muy tarde, por lo que los hospitales van ingresando a personas de la franja de 60 a 70 a\u00f1os que han sido vacunadas, pero que han perdido inmunidad y que todav\u00eda no han podido acceder a la 3\u00aa dosis. Ahora ya se ha anunciado, pero sin previsiones de fechas, que tambi\u00e9n se vacunar\u00e1 a partir de los 40 a\u00f1os, pero claro, primero tendr\u00e1n que resolver esta franja de riesgo de los 60 que est\u00e1 todav\u00eda muy lejos de haber completado la pauta que le garantice una mayor inmunidad.<\/span><\/p>\n<p><span>Todo esto lo abordamos en el marco de la sexta ola sin\u00a0<\/span><strong><span>ley especial sobre la pandemia<\/span><\/strong><span>\u00a0que permita una acci\u00f3n eficaz. Tambi\u00e9n lo hacemos sin haber desarrollado la\u00a0<\/span><strong><span>Agencia de Salud P\u00fablica <\/span><\/strong><span>potente y aut\u00f3noma del poder pol\u00edtico con capacidad para establecer medidas, una necesidad que se puso de manifiesto a partir de la primera ola. Se ha perdido toda capacidad de rastreo porque no ha tenido continuidad y esto hace que la variante \u00d3micron cabalgue desaforadamente y multiplique los contagios. De esta forma el riesgo potencial se multiplica. La Delta, la que hasta ahora es dominante, se demuestra como la m\u00e1s eficaz para afectar a los no vacunados, mientras que la nueva, \u00d3micron, manifiesta su eficacia infectante a los ya vacunados. Podr\u00eda ser, y esto complicar\u00eda a\u00fan m\u00e1s el panorama, que estas dos variaciones de la Covid-19 convivieran un tiempo sin desaparecer, una en funci\u00f3n de la otra, debido a sus especificidades atacando p\u00fablicos objetivos distintos.<\/span><\/p>\n<p><span>Una vez m\u00e1s, como ya ocurri\u00f3 con la primera ola con Italia, hemos ido viendo c\u00f3mo las alarmas y las restricciones se multiplicaban en Europa, mientras que aqu\u00ed se afirmaba que aqu\u00ed no pasaba nada y que era suficiente con la vacuna. Lo que ahora debe contestar el gobierno es por qu\u00e9 los casos se est\u00e1n multiplicando. Espa\u00f1a ha superado ya los <\/span><strong><span>500 casos por 100.000 habitantes<\/span><\/strong><span> en los \u00faltimos 14 d\u00edas, y hay CCAA que est\u00e1n cerca o superan el millar, como en los peores lugares de Europa.<\/span><\/p>\n<div class=\"code-block code-block-5\">\n<div class=\"a-single a-17\"><span class=\"goog-text-highlight\">La cuesti\u00f3n es \u00bfPor qu\u00e9 todo esto ocurre si la vacunaci\u00f3n era una barrera tan segura? Todo esto el gobierno de S\u00e1nchez, la ministra de Sanidad, la \u201csonrisa del r\u00e9gimen\u201d, el mismo S\u00e1nchez \u00bfno lo ve\u00edan venir? Que un diario tan cercano al gobierno publique un editorial en los t\u00e9rminos de \u00abLa tercera dosis llega tarde\u00bb ya dice mucho del rechazo generalizado que genera la indolencia del gobierno espa\u00f1ol a la hora de afrontar la nueva ola. Despu\u00e9s no nos quejemos si es necesario imponer serias restricciones a la movilidad y la <\/span><strong><span class=\"goog-text-highlight\">econom\u00eda se resiente<\/span><\/strong><span class=\"goog-text-highlight\">\u00a0porque todas las previsiones que no se han hecho antes, m\u00e1s tarde o m\u00e1s temprano, se pagan.<\/span><\/div>\n<div><\/div>\n<div>Mientras, las personas siguen muriendo, ciertamente en un n\u00famero inferior al de las anteriores olas, pero a\u00fan as\u00ed son much\u00edsimas y el sistema de asistencia primaria est\u00e1 colapsado con los da\u00f1os colaterales que conlleva. Y de seguir as\u00ed, en enero los hospitales tendr\u00e1n que empezar a posponer actividades relacionadas con otras patolog\u00edas.<\/div>\n<div><\/div>\n<\/div>\n<div id=\"polls-129\" class=\"wp-polls\">\n\t<form id=\"polls_form_129\" class=\"wp-polls-form\" action=\"\/index.php\" method=\"post\">\n\t\t<p style=\"display: none;\"><input type=\"hidden\" id=\"poll_129_nonce\" name=\"wp-polls-nonce\" value=\"1f91296ab8\" \/><\/p>\n\t\t<p style=\"display: none;\"><input type=\"hidden\" name=\"poll_id\" value=\"129\" \/><\/p>\n\t\t<p style=\"text-align: center\"><strong>Est\u00e0s d'acord que el govern espanyol ens digui quines s\u00f3n les joguines que hem de regalar als nostres fills?<\/strong><\/p><div id=\"polls-129-ans\" class=\"wp-polls-ans\"><ul class=\"wp-polls-ul\">\n\t\t<li><input type=\"radio\" id=\"poll-answer-315\" name=\"poll_129\" value=\"315\" \/> <label for=\"poll-answer-315\">S\u00ed<\/label><\/li>\n\t\t<li><input type=\"radio\" id=\"poll-answer-316\" name=\"poll_129\" value=\"316\" \/> <label for=\"poll-answer-316\">No<\/label><\/li>\n\t\t<li><input type=\"radio\" id=\"poll-answer-317\" name=\"poll_129\" value=\"317\" \/> <label for=\"poll-answer-317\">No ho s\u00e9<\/label><\/li>\n\t\t<\/ul><p style=\"text-align: center\"><input type=\"button\" name=\"vote\" value=\"   Vota   \" class=\"Buttons\" onclick=\"poll_vote(129);\" \/><\/p><p style=\"text-align: center\"><a href=\"#ViewPollResults\" onclick=\"poll_result(129); return false;\" title=\"View Results Of This Poll\">Mira els resultats<\/a><\/p><\/div>\n\t<\/form>\n<\/div>\n<div id=\"polls-129-loading\" class=\"wp-polls-loading\"><img decoding=\"async\" data-src=\"https:\/\/conversesacatalunya.cat\/wp-content\/plugins\/wp-polls\/images\/loading.gif\" width=\"16\" height=\"16\" alt=\"Cargando ...\" title=\"Cargando ...\" class=\"wp-polls-image lazyload\" src=\"data:image\/svg+xml;base64,PHN2ZyB3aWR0aD0iMSIgaGVpZ2h0PSIxIiB4bWxucz0iaHR0cDovL3d3dy53My5vcmcvMjAwMC9zdmciPjwvc3ZnPg==\" style=\"--smush-placeholder-width: 16px; --smush-placeholder-aspect-ratio: 16\/16;\" \/>&nbsp;Cargando ...<\/div>\n\n","protected":false},"excerpt":{"rendered":"<p>En una extra\u00f1a comparecencia el domingo, que hab\u00eda levantado expectativas por ins\u00f3lita y tambi\u00e9n generado preocupaci\u00f3n por lo que podr\u00eda anunciar en tan poco habitual intervenci\u00f3n, S\u00e1nchez compareci\u00f3 en la pantalla para no decir casi nada y lo poco que dijo fue situarse en el \u00e1mbito del desprop\u00f3sito. Sac\u00f3 pecho una vez m\u00e1s por la\u00a0vacunaci\u00f3n, que en todo caso es m\u00e9rito de la gesti\u00f3n de las comunidades aut\u00f3nomas, porque lo \u00fanico que hace el gobierno es recibir en Madrid las vacunas y enviarlas a sus respectivas autonom\u00edas. Est\u00e1 bien, pero carece de un especial m\u00e9rito. Tambi\u00e9n pidi\u00f3 calma ante la situaci\u00f3n de la covid, que \u00e9l ya hab\u00eda alterado previamente con su ins\u00f3lita comparecencia y las expectativas que hab\u00eda despertado. Y por \u00faltimo, el desprop\u00f3sito: anunciar para el d\u00eda 22 la reuni\u00f3n con los presidentes de las comunidades aut\u00f3nomas\u00a0para tratar el problema y sin hacer p\u00fablico ning\u00fan contenido previo. Situamos la perspectiva. El mi\u00e9rcoles se habr\u00e1n celebrado ya pr\u00e1cticamente todas las comidas de empresa y amigos, y los contagios que deb\u00edan producirse ya se habr\u00e1n dado. Lo har\u00e1 48 horas antes de Nochebuena, cuando las familias en la mayor parte de Espa\u00f1a se re\u00fanen; en Catalu\u00f1a la celebraci\u00f3n fuerte es el mismo d\u00eda de Navidad. Dif\u00edcilmente anunciar\u00e1n algo que altere la perspectiva de estas 48 horas, y lo que puedan acordar para la semana siguiente ya\u00a0llegar\u00e1 muy tarde, como muy tarde llega la tercera dosis de la vacuna. Porque las evidencias son claras, se sab\u00eda que la eficacia de la actual vacuna era muy disminuida a partir del 5\u00ba y 6\u00ba mes. De ah\u00ed que los expertos pidieran la generalizaci\u00f3n de la 3\u00aa dosis. Pero el hecho es que esta llega muy tarde, por lo que los hospitales van ingresando a personas de la franja de 60 a 70 a\u00f1os que han sido vacunadas, pero que han perdido inmunidad y que todav\u00eda no han podido acceder a la 3\u00aa dosis. Ahora ya se ha anunciado, pero sin previsiones de fechas, que tambi\u00e9n se vacunar\u00e1 a partir de los 40 a\u00f1os, pero claro, primero tendr\u00e1n que resolver esta franja de riesgo de los 60 que est\u00e1 todav\u00eda muy lejos de haber completado la pauta que le garantice una mayor inmunidad. Todo esto lo abordamos en el marco de la sexta ola sin\u00a0ley especial sobre la pandemia\u00a0que permita una acci\u00f3n eficaz. Tambi\u00e9n lo hacemos sin haber desarrollado la\u00a0Agencia de Salud P\u00fablica potente y aut\u00f3noma del poder pol\u00edtico con capacidad para establecer medidas, una necesidad que se puso de manifiesto a partir de la primera ola. Se ha perdido toda capacidad de rastreo porque no ha tenido continuidad y esto hace que la variante \u00d3micron cabalgue desaforadamente y multiplique los contagios. De esta forma el riesgo potencial se multiplica. La Delta, la que hasta ahora es dominante, se demuestra como la m\u00e1s eficaz para afectar a los no vacunados, mientras que la nueva, \u00d3micron, manifiesta su eficacia infectante a los ya vacunados. Podr\u00eda ser, y esto complicar\u00eda a\u00fan m\u00e1s el panorama, que estas dos variaciones de la Covid-19 convivieran un tiempo sin desaparecer, una en funci\u00f3n de la otra, debido a sus especificidades atacando p\u00fablicos objetivos distintos. Una vez m\u00e1s, como ya ocurri\u00f3 con la primera ola con Italia, hemos ido viendo c\u00f3mo las alarmas y las restricciones se multiplicaban en Europa, mientras que aqu\u00ed se afirmaba que aqu\u00ed no pasaba nada y que era suficiente con la vacuna. Lo que ahora debe contestar el gobierno es por qu\u00e9 los casos se est\u00e1n multiplicando. Espa\u00f1a ha superado ya los 500 casos por 100.000 habitantes en los \u00faltimos 14 d\u00edas, y hay CCAA que est\u00e1n cerca o superan el millar, como en los peores lugares de Europa. La cuesti\u00f3n es \u00bfPor qu\u00e9 todo esto ocurre si la vacunaci\u00f3n era una barrera tan segura? Todo esto el gobierno de S\u00e1nchez, la ministra de Sanidad, la \u201csonrisa del r\u00e9gimen\u201d, el mismo S\u00e1nchez \u00bfno lo ve\u00edan venir? Que un diario tan cercano al gobierno publique un editorial en los t\u00e9rminos de \u00abLa tercera dosis llega tarde\u00bb ya dice mucho del rechazo generalizado que genera la indolencia del gobierno espa\u00f1ol a la hora de afrontar la nueva ola. Despu\u00e9s no nos quejemos si es necesario imponer serias restricciones a la movilidad y la econom\u00eda se resiente\u00a0porque todas las previsiones que no se han hecho antes, m\u00e1s tarde o m\u00e1s temprano, se pagan. Mientras, las personas siguen muriendo, ciertamente en un n\u00famero inferior al de las anteriores olas, pero a\u00fan as\u00ed son much\u00edsimas y el sistema de asistencia primaria est\u00e1 colapsado con los da\u00f1os colaterales que conlleva. Y de seguir as\u00ed, en enero los hospitales tendr\u00e1n que empezar a posponer actividades relacionadas con otras patolog\u00edas.<\/p>\n","protected":false},"author":2,"featured_media":53220,"comment_status":"open","ping_status":"open","sticky":false,"template":"","format":"standard","meta":{"_FSMCFIC_featured_image_caption":"","_FSMCFIC_featured_image_nocaption":"","_FSMCFIC_featured_image_hide":"","footnotes":""},"categories":[1772,806],"tags":[1504,4232,4293,4291],"class_list":["post-53231","post","type-post","status-publish","format-standard","has-post-thumbnail","hentry","category-especial-coronavirus-es","category-punts-claus-del-dia-es","tag-coronavirus-es","tag-omicron-es","tag-sexta-ola","tag-sisena-onada"],"yoast_head":"<!-- This site is optimized with the Yoast SEO plugin v26.8 - https:\/\/yoast.com\/product\/yoast-seo-wordpress\/ -->\n<title>La irresponsabilidad del presidente del gobierno - Converses a Catalunya<\/title>\n<meta name=\"robots\" content=\"index, follow, max-snippet:-1, max-image-preview:large, max-video-preview:-1\" \/>\n<link rel=\"canonical\" href=\"https:\/\/conversesacatalunya.cat\/es\/covid-la-irresponsabilidad-del-presidente-del-gobierno\/\" \/>\n<meta property=\"og:locale\" content=\"es_ES\" \/>\n<meta property=\"og:type\" content=\"article\" \/>\n<meta property=\"og:title\" content=\"La irresponsabilidad del presidente del gobierno - Converses a Catalunya\" \/>\n<meta property=\"og:description\" content=\"En una extra\u00f1a comparecencia el domingo, que hab\u00eda levantado expectativas por ins\u00f3lita y tambi\u00e9n generado preocupaci\u00f3n por lo que podr\u00eda anunciar en tan poco habitual intervenci\u00f3n, S\u00e1nchez compareci\u00f3 en la pantalla para no decir casi nada y lo poco que dijo fue situarse en el \u00e1mbito del desprop\u00f3sito. Sac\u00f3 pecho una vez m\u00e1s por la\u00a0vacunaci\u00f3n, que en todo caso es m\u00e9rito de la gesti\u00f3n de las comunidades aut\u00f3nomas, porque lo \u00fanico que hace el gobierno es recibir en Madrid las vacunas y enviarlas a sus respectivas autonom\u00edas. Est\u00e1 bien, pero carece de un especial m\u00e9rito. Tambi\u00e9n pidi\u00f3 calma ante la situaci\u00f3n de la covid, que \u00e9l ya hab\u00eda alterado previamente con su ins\u00f3lita comparecencia y las expectativas que hab\u00eda despertado. Y por \u00faltimo, el desprop\u00f3sito: anunciar para el d\u00eda 22 la reuni\u00f3n con los presidentes de las comunidades aut\u00f3nomas\u00a0para tratar el problema y sin hacer p\u00fablico ning\u00fan contenido previo. Situamos la perspectiva. El mi\u00e9rcoles se habr\u00e1n celebrado ya pr\u00e1cticamente todas las comidas de empresa y amigos, y los contagios que deb\u00edan producirse ya se habr\u00e1n dado. Lo har\u00e1 48 horas antes de Nochebuena, cuando las familias en la mayor parte de Espa\u00f1a se re\u00fanen; en Catalu\u00f1a la celebraci\u00f3n fuerte es el mismo d\u00eda de Navidad. Dif\u00edcilmente anunciar\u00e1n algo que altere la perspectiva de estas 48 horas, y lo que puedan acordar para la semana siguiente ya\u00a0llegar\u00e1 muy tarde, como muy tarde llega la tercera dosis de la vacuna. Porque las evidencias son claras, se sab\u00eda que la eficacia de la actual vacuna era muy disminuida a partir del 5\u00ba y 6\u00ba mes. De ah\u00ed que los expertos pidieran la generalizaci\u00f3n de la 3\u00aa dosis. Pero el hecho es que esta llega muy tarde, por lo que los hospitales van ingresando a personas de la franja de 60 a 70 a\u00f1os que han sido vacunadas, pero que han perdido inmunidad y que todav\u00eda no han podido acceder a la 3\u00aa dosis. Ahora ya se ha anunciado, pero sin previsiones de fechas, que tambi\u00e9n se vacunar\u00e1 a partir de los 40 a\u00f1os, pero claro, primero tendr\u00e1n que resolver esta franja de riesgo de los 60 que est\u00e1 todav\u00eda muy lejos de haber completado la pauta que le garantice una mayor inmunidad. Todo esto lo abordamos en el marco de la sexta ola sin\u00a0ley especial sobre la pandemia\u00a0que permita una acci\u00f3n eficaz. Tambi\u00e9n lo hacemos sin haber desarrollado la\u00a0Agencia de Salud P\u00fablica potente y aut\u00f3noma del poder pol\u00edtico con capacidad para establecer medidas, una necesidad que se puso de manifiesto a partir de la primera ola. Se ha perdido toda capacidad de rastreo porque no ha tenido continuidad y esto hace que la variante \u00d3micron cabalgue desaforadamente y multiplique los contagios. De esta forma el riesgo potencial se multiplica. La Delta, la que hasta ahora es dominante, se demuestra como la m\u00e1s eficaz para afectar a los no vacunados, mientras que la nueva, \u00d3micron, manifiesta su eficacia infectante a los ya vacunados. Podr\u00eda ser, y esto complicar\u00eda a\u00fan m\u00e1s el panorama, que estas dos variaciones de la Covid-19 convivieran un tiempo sin desaparecer, una en funci\u00f3n de la otra, debido a sus especificidades atacando p\u00fablicos objetivos distintos. Una vez m\u00e1s, como ya ocurri\u00f3 con la primera ola con Italia, hemos ido viendo c\u00f3mo las alarmas y las restricciones se multiplicaban en Europa, mientras que aqu\u00ed se afirmaba que aqu\u00ed no pasaba nada y que era suficiente con la vacuna. Lo que ahora debe contestar el gobierno es por qu\u00e9 los casos se est\u00e1n multiplicando. Espa\u00f1a ha superado ya los 500 casos por 100.000 habitantes en los \u00faltimos 14 d\u00edas, y hay CCAA que est\u00e1n cerca o superan el millar, como en los peores lugares de Europa. La cuesti\u00f3n es \u00bfPor qu\u00e9 todo esto ocurre si la vacunaci\u00f3n era una barrera tan segura? Todo esto el gobierno de S\u00e1nchez, la ministra de Sanidad, la \u201csonrisa del r\u00e9gimen\u201d, el mismo S\u00e1nchez \u00bfno lo ve\u00edan venir? Que un diario tan cercano al gobierno publique un editorial en los t\u00e9rminos de \u00abLa tercera dosis llega tarde\u00bb ya dice mucho del rechazo generalizado que genera la indolencia del gobierno espa\u00f1ol a la hora de afrontar la nueva ola. Despu\u00e9s no nos quejemos si es necesario imponer serias restricciones a la movilidad y la econom\u00eda se resiente\u00a0porque todas las previsiones que no se han hecho antes, m\u00e1s tarde o m\u00e1s temprano, se pagan. Mientras, las personas siguen muriendo, ciertamente en un n\u00famero inferior al de las anteriores olas, pero a\u00fan as\u00ed son much\u00edsimas y el sistema de asistencia primaria est\u00e1 colapsado con los da\u00f1os colaterales que conlleva. Y de seguir as\u00ed, en enero los hospitales tendr\u00e1n que empezar a posponer actividades relacionadas con otras patolog\u00edas.\" \/>\n<meta property=\"og:url\" content=\"https:\/\/conversesacatalunya.cat\/es\/covid-la-irresponsabilidad-del-presidente-del-gobierno\/\" \/>\n<meta property=\"og:site_name\" content=\"Converses a Catalunya\" \/>\n<meta property=\"article:published_time\" content=\"2021-12-20T10:51:05+00:00\" \/>\n<meta property=\"article:modified_time\" content=\"2021-12-20T14:15:39+00:00\" \/>\n<meta property=\"og:image\" content=\"https:\/\/conversesacatalunya.cat\/wp-content\/uploads\/2021\/12\/1140-omicron-test-esp.imgcache.rev_.web_.900.513.jpg\" \/>\n\t<meta property=\"og:image:width\" content=\"900\" \/>\n\t<meta property=\"og:image:height\" content=\"513\" \/>\n\t<meta property=\"og:image:type\" content=\"image\/jpeg\" \/>\n<meta name=\"author\" content=\"conversesacatalunya\" \/>\n<meta name=\"twitter:card\" content=\"summary_large_image\" \/>\n<meta name=\"twitter:label1\" content=\"Escrito por\" \/>\n\t<meta name=\"twitter:data1\" content=\"conversesacatalunya\" \/>\n\t<meta name=\"twitter:label2\" content=\"Tiempo de lectura\" \/>\n\t<meta name=\"twitter:data2\" content=\"5 minutos\" \/>\n<script type=\"application\/ld+json\" class=\"yoast-schema-graph\">{\"@context\":\"https:\/\/schema.org\",\"@graph\":[{\"@type\":\"Article\",\"@id\":\"https:\/\/conversesacatalunya.cat\/es\/covid-la-irresponsabilidad-del-presidente-del-gobierno\/#article\",\"isPartOf\":{\"@id\":\"https:\/\/conversesacatalunya.cat\/es\/covid-la-irresponsabilidad-del-presidente-del-gobierno\/\"},\"author\":{\"name\":\"conversesacatalunya\",\"@id\":\"https:\/\/conversesacatalunya.cat\/#\/schema\/person\/7e24d1e54a2785373ddcb275eae5ed99\"},\"headline\":\"La irresponsabilidad del presidente del gobierno\",\"datePublished\":\"2021-12-20T10:51:05+00:00\",\"dateModified\":\"2021-12-20T14:15:39+00:00\",\"mainEntityOfPage\":{\"@id\":\"https:\/\/conversesacatalunya.cat\/es\/covid-la-irresponsabilidad-del-presidente-del-gobierno\/\"},\"wordCount\":860,\"commentCount\":0,\"image\":{\"@id\":\"https:\/\/conversesacatalunya.cat\/es\/covid-la-irresponsabilidad-del-presidente-del-gobierno\/#primaryimage\"},\"thumbnailUrl\":\"https:\/\/conversesacatalunya.cat\/wp-content\/uploads\/2021\/12\/1140-omicron-test-esp.imgcache.rev_.web_.900.513.jpg\",\"keywords\":[\"coronavirus\",\"\u00f3micron\",\"sexta ola\",\"sisena onada\"],\"articleSection\":[\"Especial Coronavirus (ES)\",\"Punts clau del dia (ES)\"],\"inLanguage\":\"es\",\"potentialAction\":[{\"@type\":\"CommentAction\",\"name\":\"Comment\",\"target\":[\"https:\/\/conversesacatalunya.cat\/es\/covid-la-irresponsabilidad-del-presidente-del-gobierno\/#respond\"]}]},{\"@type\":\"WebPage\",\"@id\":\"https:\/\/conversesacatalunya.cat\/es\/covid-la-irresponsabilidad-del-presidente-del-gobierno\/\",\"url\":\"https:\/\/conversesacatalunya.cat\/es\/covid-la-irresponsabilidad-del-presidente-del-gobierno\/\",\"name\":\"La irresponsabilidad del presidente del gobierno - Converses a Catalunya\",\"isPartOf\":{\"@id\":\"https:\/\/conversesacatalunya.cat\/#website\"},\"primaryImageOfPage\":{\"@id\":\"https:\/\/conversesacatalunya.cat\/es\/covid-la-irresponsabilidad-del-presidente-del-gobierno\/#primaryimage\"},\"image\":{\"@id\":\"https:\/\/conversesacatalunya.cat\/es\/covid-la-irresponsabilidad-del-presidente-del-gobierno\/#primaryimage\"},\"thumbnailUrl\":\"https:\/\/conversesacatalunya.cat\/wp-content\/uploads\/2021\/12\/1140-omicron-test-esp.imgcache.rev_.web_.900.513.jpg\",\"datePublished\":\"2021-12-20T10:51:05+00:00\",\"dateModified\":\"2021-12-20T14:15:39+00:00\",\"author\":{\"@id\":\"https:\/\/conversesacatalunya.cat\/#\/schema\/person\/7e24d1e54a2785373ddcb275eae5ed99\"},\"breadcrumb\":{\"@id\":\"https:\/\/conversesacatalunya.cat\/es\/covid-la-irresponsabilidad-del-presidente-del-gobierno\/#breadcrumb\"},\"inLanguage\":\"es\",\"potentialAction\":[{\"@type\":\"ReadAction\",\"target\":[\"https:\/\/conversesacatalunya.cat\/es\/covid-la-irresponsabilidad-del-presidente-del-gobierno\/\"]}]},{\"@type\":\"ImageObject\",\"inLanguage\":\"es\",\"@id\":\"https:\/\/conversesacatalunya.cat\/es\/covid-la-irresponsabilidad-del-presidente-del-gobierno\/#primaryimage\",\"url\":\"https:\/\/conversesacatalunya.cat\/wp-content\/uploads\/2021\/12\/1140-omicron-test-esp.imgcache.rev_.web_.900.513.jpg\",\"contentUrl\":\"https:\/\/conversesacatalunya.cat\/wp-content\/uploads\/2021\/12\/1140-omicron-test-esp.imgcache.rev_.web_.900.513.jpg\",\"width\":900,\"height\":513,\"caption\":\"covid\"},{\"@type\":\"BreadcrumbList\",\"@id\":\"https:\/\/conversesacatalunya.cat\/es\/covid-la-irresponsabilidad-del-presidente-del-gobierno\/#breadcrumb\",\"itemListElement\":[{\"@type\":\"ListItem\",\"position\":1,\"name\":\"Inici\",\"item\":\"https:\/\/conversesacatalunya.cat\/es\/\"},{\"@type\":\"ListItem\",\"position\":2,\"name\":\"La irresponsabilidad del presidente del gobierno\"}]},{\"@type\":\"WebSite\",\"@id\":\"https:\/\/conversesacatalunya.cat\/#website\",\"url\":\"https:\/\/conversesacatalunya.cat\/\",\"name\":\"Converses a Catalunya\",\"description\":\"\",\"potentialAction\":[{\"@type\":\"SearchAction\",\"target\":{\"@type\":\"EntryPoint\",\"urlTemplate\":\"https:\/\/conversesacatalunya.cat\/?s={search_term_string}\"},\"query-input\":{\"@type\":\"PropertyValueSpecification\",\"valueRequired\":true,\"valueName\":\"search_term_string\"}}],\"inLanguage\":\"es\"},{\"@type\":\"Person\",\"@id\":\"https:\/\/conversesacatalunya.cat\/#\/schema\/person\/7e24d1e54a2785373ddcb275eae5ed99\",\"name\":\"conversesacatalunya\",\"image\":{\"@type\":\"ImageObject\",\"inLanguage\":\"es\",\"@id\":\"https:\/\/conversesacatalunya.cat\/#\/schema\/person\/image\/\",\"url\":\"https:\/\/conversesacatalunya.cat\/wp-content\/litespeed\/avatar\/febdfeeec89d950f01c748045a981dd2.jpg?ver=1777314535\",\"contentUrl\":\"https:\/\/conversesacatalunya.cat\/wp-content\/litespeed\/avatar\/febdfeeec89d950f01c748045a981dd2.jpg?ver=1777314535\",\"caption\":\"conversesacatalunya\"},\"url\":\"https:\/\/conversesacatalunya.cat\/es\/author\/carme_catala\/\"}]}<\/script>\n<!-- \/ Yoast SEO plugin. -->","yoast_head_json":{"title":"La irresponsabilidad del presidente del gobierno - Converses a Catalunya","robots":{"index":"index","follow":"follow","max-snippet":"max-snippet:-1","max-image-preview":"max-image-preview:large","max-video-preview":"max-video-preview:-1"},"canonical":"https:\/\/conversesacatalunya.cat\/es\/covid-la-irresponsabilidad-del-presidente-del-gobierno\/","og_locale":"es_ES","og_type":"article","og_title":"La irresponsabilidad del presidente del gobierno - Converses a Catalunya","og_description":"En una extra\u00f1a comparecencia el domingo, que hab\u00eda levantado expectativas por ins\u00f3lita y tambi\u00e9n generado preocupaci\u00f3n por lo que podr\u00eda anunciar en tan poco habitual intervenci\u00f3n, S\u00e1nchez compareci\u00f3 en la pantalla para no decir casi nada y lo poco que dijo fue situarse en el \u00e1mbito del desprop\u00f3sito. Sac\u00f3 pecho una vez m\u00e1s por la\u00a0vacunaci\u00f3n, que en todo caso es m\u00e9rito de la gesti\u00f3n de las comunidades aut\u00f3nomas, porque lo \u00fanico que hace el gobierno es recibir en Madrid las vacunas y enviarlas a sus respectivas autonom\u00edas. Est\u00e1 bien, pero carece de un especial m\u00e9rito. Tambi\u00e9n pidi\u00f3 calma ante la situaci\u00f3n de la covid, que \u00e9l ya hab\u00eda alterado previamente con su ins\u00f3lita comparecencia y las expectativas que hab\u00eda despertado. Y por \u00faltimo, el desprop\u00f3sito: anunciar para el d\u00eda 22 la reuni\u00f3n con los presidentes de las comunidades aut\u00f3nomas\u00a0para tratar el problema y sin hacer p\u00fablico ning\u00fan contenido previo. Situamos la perspectiva. El mi\u00e9rcoles se habr\u00e1n celebrado ya pr\u00e1cticamente todas las comidas de empresa y amigos, y los contagios que deb\u00edan producirse ya se habr\u00e1n dado. Lo har\u00e1 48 horas antes de Nochebuena, cuando las familias en la mayor parte de Espa\u00f1a se re\u00fanen; en Catalu\u00f1a la celebraci\u00f3n fuerte es el mismo d\u00eda de Navidad. Dif\u00edcilmente anunciar\u00e1n algo que altere la perspectiva de estas 48 horas, y lo que puedan acordar para la semana siguiente ya\u00a0llegar\u00e1 muy tarde, como muy tarde llega la tercera dosis de la vacuna. Porque las evidencias son claras, se sab\u00eda que la eficacia de la actual vacuna era muy disminuida a partir del 5\u00ba y 6\u00ba mes. De ah\u00ed que los expertos pidieran la generalizaci\u00f3n de la 3\u00aa dosis. Pero el hecho es que esta llega muy tarde, por lo que los hospitales van ingresando a personas de la franja de 60 a 70 a\u00f1os que han sido vacunadas, pero que han perdido inmunidad y que todav\u00eda no han podido acceder a la 3\u00aa dosis. Ahora ya se ha anunciado, pero sin previsiones de fechas, que tambi\u00e9n se vacunar\u00e1 a partir de los 40 a\u00f1os, pero claro, primero tendr\u00e1n que resolver esta franja de riesgo de los 60 que est\u00e1 todav\u00eda muy lejos de haber completado la pauta que le garantice una mayor inmunidad. Todo esto lo abordamos en el marco de la sexta ola sin\u00a0ley especial sobre la pandemia\u00a0que permita una acci\u00f3n eficaz. Tambi\u00e9n lo hacemos sin haber desarrollado la\u00a0Agencia de Salud P\u00fablica potente y aut\u00f3noma del poder pol\u00edtico con capacidad para establecer medidas, una necesidad que se puso de manifiesto a partir de la primera ola. Se ha perdido toda capacidad de rastreo porque no ha tenido continuidad y esto hace que la variante \u00d3micron cabalgue desaforadamente y multiplique los contagios. De esta forma el riesgo potencial se multiplica. La Delta, la que hasta ahora es dominante, se demuestra como la m\u00e1s eficaz para afectar a los no vacunados, mientras que la nueva, \u00d3micron, manifiesta su eficacia infectante a los ya vacunados. Podr\u00eda ser, y esto complicar\u00eda a\u00fan m\u00e1s el panorama, que estas dos variaciones de la Covid-19 convivieran un tiempo sin desaparecer, una en funci\u00f3n de la otra, debido a sus especificidades atacando p\u00fablicos objetivos distintos. Una vez m\u00e1s, como ya ocurri\u00f3 con la primera ola con Italia, hemos ido viendo c\u00f3mo las alarmas y las restricciones se multiplicaban en Europa, mientras que aqu\u00ed se afirmaba que aqu\u00ed no pasaba nada y que era suficiente con la vacuna. Lo que ahora debe contestar el gobierno es por qu\u00e9 los casos se est\u00e1n multiplicando. Espa\u00f1a ha superado ya los 500 casos por 100.000 habitantes en los \u00faltimos 14 d\u00edas, y hay CCAA que est\u00e1n cerca o superan el millar, como en los peores lugares de Europa. La cuesti\u00f3n es \u00bfPor qu\u00e9 todo esto ocurre si la vacunaci\u00f3n era una barrera tan segura? Todo esto el gobierno de S\u00e1nchez, la ministra de Sanidad, la \u201csonrisa del r\u00e9gimen\u201d, el mismo S\u00e1nchez \u00bfno lo ve\u00edan venir? Que un diario tan cercano al gobierno publique un editorial en los t\u00e9rminos de \u00abLa tercera dosis llega tarde\u00bb ya dice mucho del rechazo generalizado que genera la indolencia del gobierno espa\u00f1ol a la hora de afrontar la nueva ola. Despu\u00e9s no nos quejemos si es necesario imponer serias restricciones a la movilidad y la econom\u00eda se resiente\u00a0porque todas las previsiones que no se han hecho antes, m\u00e1s tarde o m\u00e1s temprano, se pagan. Mientras, las personas siguen muriendo, ciertamente en un n\u00famero inferior al de las anteriores olas, pero a\u00fan as\u00ed son much\u00edsimas y el sistema de asistencia primaria est\u00e1 colapsado con los da\u00f1os colaterales que conlleva. Y de seguir as\u00ed, en enero los hospitales tendr\u00e1n que empezar a posponer actividades relacionadas con otras patolog\u00edas.","og_url":"https:\/\/conversesacatalunya.cat\/es\/covid-la-irresponsabilidad-del-presidente-del-gobierno\/","og_site_name":"Converses a Catalunya","article_published_time":"2021-12-20T10:51:05+00:00","article_modified_time":"2021-12-20T14:15:39+00:00","og_image":[{"width":900,"height":513,"url":"https:\/\/conversesacatalunya.cat\/wp-content\/uploads\/2021\/12\/1140-omicron-test-esp.imgcache.rev_.web_.900.513.jpg","type":"image\/jpeg"}],"author":"conversesacatalunya","twitter_card":"summary_large_image","twitter_misc":{"Escrito por":"conversesacatalunya","Tiempo de lectura":"5 minutos"},"schema":{"@context":"https:\/\/schema.org","@graph":[{"@type":"Article","@id":"https:\/\/conversesacatalunya.cat\/es\/covid-la-irresponsabilidad-del-presidente-del-gobierno\/#article","isPartOf":{"@id":"https:\/\/conversesacatalunya.cat\/es\/covid-la-irresponsabilidad-del-presidente-del-gobierno\/"},"author":{"name":"conversesacatalunya","@id":"https:\/\/conversesacatalunya.cat\/#\/schema\/person\/7e24d1e54a2785373ddcb275eae5ed99"},"headline":"La irresponsabilidad del presidente del gobierno","datePublished":"2021-12-20T10:51:05+00:00","dateModified":"2021-12-20T14:15:39+00:00","mainEntityOfPage":{"@id":"https:\/\/conversesacatalunya.cat\/es\/covid-la-irresponsabilidad-del-presidente-del-gobierno\/"},"wordCount":860,"commentCount":0,"image":{"@id":"https:\/\/conversesacatalunya.cat\/es\/covid-la-irresponsabilidad-del-presidente-del-gobierno\/#primaryimage"},"thumbnailUrl":"https:\/\/conversesacatalunya.cat\/wp-content\/uploads\/2021\/12\/1140-omicron-test-esp.imgcache.rev_.web_.900.513.jpg","keywords":["coronavirus","\u00f3micron","sexta ola","sisena onada"],"articleSection":["Especial Coronavirus (ES)","Punts clau del dia (ES)"],"inLanguage":"es","potentialAction":[{"@type":"CommentAction","name":"Comment","target":["https:\/\/conversesacatalunya.cat\/es\/covid-la-irresponsabilidad-del-presidente-del-gobierno\/#respond"]}]},{"@type":"WebPage","@id":"https:\/\/conversesacatalunya.cat\/es\/covid-la-irresponsabilidad-del-presidente-del-gobierno\/","url":"https:\/\/conversesacatalunya.cat\/es\/covid-la-irresponsabilidad-del-presidente-del-gobierno\/","name":"La irresponsabilidad del presidente del gobierno - Converses a Catalunya","isPartOf":{"@id":"https:\/\/conversesacatalunya.cat\/#website"},"primaryImageOfPage":{"@id":"https:\/\/conversesacatalunya.cat\/es\/covid-la-irresponsabilidad-del-presidente-del-gobierno\/#primaryimage"},"image":{"@id":"https:\/\/conversesacatalunya.cat\/es\/covid-la-irresponsabilidad-del-presidente-del-gobierno\/#primaryimage"},"thumbnailUrl":"https:\/\/conversesacatalunya.cat\/wp-content\/uploads\/2021\/12\/1140-omicron-test-esp.imgcache.rev_.web_.900.513.jpg","datePublished":"2021-12-20T10:51:05+00:00","dateModified":"2021-12-20T14:15:39+00:00","author":{"@id":"https:\/\/conversesacatalunya.cat\/#\/schema\/person\/7e24d1e54a2785373ddcb275eae5ed99"},"breadcrumb":{"@id":"https:\/\/conversesacatalunya.cat\/es\/covid-la-irresponsabilidad-del-presidente-del-gobierno\/#breadcrumb"},"inLanguage":"es","potentialAction":[{"@type":"ReadAction","target":["https:\/\/conversesacatalunya.cat\/es\/covid-la-irresponsabilidad-del-presidente-del-gobierno\/"]}]},{"@type":"ImageObject","inLanguage":"es","@id":"https:\/\/conversesacatalunya.cat\/es\/covid-la-irresponsabilidad-del-presidente-del-gobierno\/#primaryimage","url":"https:\/\/conversesacatalunya.cat\/wp-content\/uploads\/2021\/12\/1140-omicron-test-esp.imgcache.rev_.web_.900.513.jpg","contentUrl":"https:\/\/conversesacatalunya.cat\/wp-content\/uploads\/2021\/12\/1140-omicron-test-esp.imgcache.rev_.web_.900.513.jpg","width":900,"height":513,"caption":"covid"},{"@type":"BreadcrumbList","@id":"https:\/\/conversesacatalunya.cat\/es\/covid-la-irresponsabilidad-del-presidente-del-gobierno\/#breadcrumb","itemListElement":[{"@type":"ListItem","position":1,"name":"Inici","item":"https:\/\/conversesacatalunya.cat\/es\/"},{"@type":"ListItem","position":2,"name":"La irresponsabilidad del presidente del gobierno"}]},{"@type":"WebSite","@id":"https:\/\/conversesacatalunya.cat\/#website","url":"https:\/\/conversesacatalunya.cat\/","name":"Converses a Catalunya","description":"","potentialAction":[{"@type":"SearchAction","target":{"@type":"EntryPoint","urlTemplate":"https:\/\/conversesacatalunya.cat\/?s={search_term_string}"},"query-input":{"@type":"PropertyValueSpecification","valueRequired":true,"valueName":"search_term_string"}}],"inLanguage":"es"},{"@type":"Person","@id":"https:\/\/conversesacatalunya.cat\/#\/schema\/person\/7e24d1e54a2785373ddcb275eae5ed99","name":"conversesacatalunya","image":{"@type":"ImageObject","inLanguage":"es","@id":"https:\/\/conversesacatalunya.cat\/#\/schema\/person\/image\/","url":"https:\/\/conversesacatalunya.cat\/wp-content\/litespeed\/avatar\/febdfeeec89d950f01c748045a981dd2.jpg?ver=1777314535","contentUrl":"https:\/\/conversesacatalunya.cat\/wp-content\/litespeed\/avatar\/febdfeeec89d950f01c748045a981dd2.jpg?ver=1777314535","caption":"conversesacatalunya"},"url":"https:\/\/conversesacatalunya.cat\/es\/author\/carme_catala\/"}]}},"wps_subtitle":"","_links":{"self":[{"href":"https:\/\/conversesacatalunya.cat\/es\/wp-json\/wp\/v2\/posts\/53231","targetHints":{"allow":["GET"]}}],"collection":[{"href":"https:\/\/conversesacatalunya.cat\/es\/wp-json\/wp\/v2\/posts"}],"about":[{"href":"https:\/\/conversesacatalunya.cat\/es\/wp-json\/wp\/v2\/types\/post"}],"author":[{"embeddable":true,"href":"https:\/\/conversesacatalunya.cat\/es\/wp-json\/wp\/v2\/users\/2"}],"replies":[{"embeddable":true,"href":"https:\/\/conversesacatalunya.cat\/es\/wp-json\/wp\/v2\/comments?post=53231"}],"version-history":[{"count":2,"href":"https:\/\/conversesacatalunya.cat\/es\/wp-json\/wp\/v2\/posts\/53231\/revisions"}],"predecessor-version":[{"id":53233,"href":"https:\/\/conversesacatalunya.cat\/es\/wp-json\/wp\/v2\/posts\/53231\/revisions\/53233"}],"wp:featuredmedia":[{"embeddable":true,"href":"https:\/\/conversesacatalunya.cat\/es\/wp-json\/wp\/v2\/media\/53220"}],"wp:attachment":[{"href":"https:\/\/conversesacatalunya.cat\/es\/wp-json\/wp\/v2\/media?parent=53231"}],"wp:term":[{"taxonomy":"category","embeddable":true,"href":"https:\/\/conversesacatalunya.cat\/es\/wp-json\/wp\/v2\/categories?post=53231"},{"taxonomy":"post_tag","embeddable":true,"href":"https:\/\/conversesacatalunya.cat\/es\/wp-json\/wp\/v2\/tags?post=53231"}],"curies":[{"name":"wp","href":"https:\/\/api.w.org\/{rel}","templated":true}]}}